{"id":15378,"date":"2022-07-13T08:00:16","date_gmt":"2022-07-13T06:00:16","guid":{"rendered":"https:\/\/www.welovecycling.com\/hu\/?p=15378"},"modified":"2022-07-11T15:58:41","modified_gmt":"2022-07-11T13:58:41","slug":"a-kerekparversenyek-tamogato-autoi-avagy-mi-kell-ahhoz-hogy-a-tour-de-france-megvalosulhasson","status":"publish","type":"post","link":"https:\/\/www.welovecycling.com\/hu\/orszaguti-kerekpar\/a-kerekparversenyek-tamogato-autoi-avagy-mi-kell-ahhoz-hogy-a-tour-de-france-megvalosulhasson\/","title":{"rendered":"A ker\u00e9kp\u00e1rversenyek t\u00e1mogat\u00f3 aut\u00f3i &#8211; avagy mi kell ahhoz, hogy a Tour de France megval\u00f3sulhasson?"},"content":{"rendered":"<p><strong>Ha csak az idei sz\u00e1mokat n\u00e9zz\u00fck, a Tour de France (j\u00falius 1. \u00e9s 24. k\u00f6z\u00f6tt) \u00e9s a Tour de France Femmes avec Zwift (j\u00falius 24. \u00e9s 31. k\u00f6z\u00f6tt) versenyz\u0151i \u00f6sszesen 4411 kilom\u00e9tert tesznek meg n\u00e9gy h\u00e9t alatt. Az ilyen gigantikus m\u00e9ret\u0171 esem\u00e9nyeknek megfelel\u0151 t\u00e1mogat\u00f3kra \u00e9s logisztikai strukt\u00far\u00e1ra van sz\u00fcks\u00e9g\u00fck. A megb\u00edzhat\u00f3nak, agilisnak \u00e9s strapab\u00edr\u00f3nak bizonyult \u0160koda aut\u00f3k az\u00f3ta k\u00e9pezik a Tour gerinc\u00e9t, hogy a \u0160koda 18 \u00e9vvel ezel\u0151tt a verseny hivatalos szponzora lett. De pontosan milyen szerepet t\u00f6ltenek be az aut\u00f3k?<\/strong><\/p>\n<p><!--more--><\/p>\n<p>Egy r\u00f6vid ismertet\u0151: A \u0160koda egy kis ker\u00e9kp\u00e1ros m\u0171helyk\u00e9nt indult, melyet Laurin \u00e9s Klement alap\u00edtott 1895-ben. Martin Jahn, a \u0160koda AUTO \u00e9rt\u00e9kes\u00edt\u00e9si \u00e9s marketing igazgat\u00f3tan\u00e1cs\u00e1nak tagja szerint: <em>&#8220;V\u00e1llalatunk hossz\u00fa t\u00f6rt\u00e9nelme elv\u00e1laszthatatlanul \u00f6sszefon\u00f3dik a ker\u00e9kp\u00e1roz\u00e1ssal. Ez\u00e9rt a \u0160koda AUTO elk\u00f6telezte mag\u00e1t amellett, hogy hossz\u00fa t\u00e1v\u00fa partnere legyen a nemzetk\u00f6zi \u00e9lvonalbeli \u00e9s amat\u0151r ker\u00e9kp\u00e1rsportnak. A Tour de France t\u00e1mogat\u00e1sa 2004 \u00f3ta sportpartners\u00e9gi tev\u00e9kenys\u00e9g\u00fcnk egyik sarokk\u00f6ve.&#8221;<\/em> Mindemellett 33 \u00e9v sz\u00fcnet ut\u00e1n id\u00e9n v\u00e9gre ism\u00e9t megrendez\u00e9sre ker\u00fcl a Tour de France Femmes, ahol term\u00e9szetesen a \u0160koda is a partnerek k\u00f6z\u00f6tt szerepel majd.<\/p>\n<p>\u00c9vente durv\u00e1n 210 aut\u00f3t \u2013 f\u0151k\u00e9nt \u0160koda OCTAVIA \u00e9s SUPERB modelleket \u2013 biztos\u00edtanak a szervez\u0151k, a csapat, valamint a menedzsment \u00e9s t\u00e1mogat\u00f3 szem\u00e9lyzet sz\u00e1m\u00e1ra. Vegy\u00fck v\u00e9gig ezek funkci\u00f3it.<\/p>\n<p><a href=\"https:\/\/d2p6e6u75xmxt8.cloudfront.net\/12\/2022\/07\/SUPERB-iV-Tour.jpg\"><img loading=\"lazy\" decoding=\"async\" class=\"alignnone size-full wp-image-15380\" src=\"https:\/\/d2p6e6u75xmxt8.cloudfront.net\/12\/2022\/07\/SUPERB-iV-Tour.jpg\" alt=\"\u0160koda SUPERB iV\" width=\"1000\" height=\"667\" srcset=\"https:\/\/d2p6e6u75xmxt8.cloudfront.net\/12\/2022\/07\/SUPERB-iV-Tour.jpg 1000w, https:\/\/d2p6e6u75xmxt8.cloudfront.net\/12\/2022\/07\/SUPERB-iV-Tour-300x200.jpg 300w, https:\/\/d2p6e6u75xmxt8.cloudfront.net\/12\/2022\/07\/SUPERB-iV-Tour-768x512.jpg 768w, https:\/\/d2p6e6u75xmxt8.cloudfront.net\/12\/2022\/07\/SUPERB-iV-Tour-272x182.jpg 272w\" sizes=\"auto, (max-width: 1000px) 100vw, 1000px\" \/><\/a><\/p>\n<div id='gallery-1' class='gallery galleryid-15378 gallery-columns-2 gallery-size-large'><figure class='gallery-item'>\n\t\t\t<div class='gallery-icon landscape'>\n\t\t\t\t<a href='https:\/\/d2p6e6u75xmxt8.cloudfront.net\/12\/2022\/07\/SKODA-OCTAVIA.jpg'><img loading=\"lazy\" decoding=\"async\" width=\"1022\" height=\"681\" src=\"https:\/\/d2p6e6u75xmxt8.cloudfront.net\/12\/2022\/07\/SKODA-OCTAVIA.jpg\" class=\"attachment-large size-large\" alt=\"&quot;It\u2019s important for the drivers to be former cyclists. Because it\u2019s difficult to anticipate the movements of a peloton of several hundred riders, which reacts differently in certain situations.&quot;\" srcset=\"https:\/\/d2p6e6u75xmxt8.cloudfront.net\/12\/2022\/07\/SKODA-OCTAVIA.jpg 1022w, https:\/\/d2p6e6u75xmxt8.cloudfront.net\/12\/2022\/07\/SKODA-OCTAVIA-300x200.jpg 300w, https:\/\/d2p6e6u75xmxt8.cloudfront.net\/12\/2022\/07\/SKODA-OCTAVIA-768x512.jpg 768w, https:\/\/d2p6e6u75xmxt8.cloudfront.net\/12\/2022\/07\/SKODA-OCTAVIA-272x182.jpg 272w\" sizes=\"auto, (max-width: 1022px) 100vw, 1022px\" \/><\/a>\n\t\t\t<\/div><\/figure><figure class='gallery-item'>\n\t\t\t<div class='gallery-icon landscape'>\n\t\t\t\t<a href='https:\/\/d2p6e6u75xmxt8.cloudfront.net\/12\/2022\/07\/Medium-Gent-Wevelgem-1.jpg'><img loading=\"lazy\" decoding=\"async\" width=\"800\" height=\"532\" src=\"https:\/\/d2p6e6u75xmxt8.cloudfront.net\/12\/2022\/07\/Medium-Gent-Wevelgem-1.jpg\" class=\"attachment-large size-large\" alt=\"Two cars per team follow the peloton. \u00a9 Bram Berkien\" srcset=\"https:\/\/d2p6e6u75xmxt8.cloudfront.net\/12\/2022\/07\/Medium-Gent-Wevelgem-1.jpg 800w, https:\/\/d2p6e6u75xmxt8.cloudfront.net\/12\/2022\/07\/Medium-Gent-Wevelgem-1-300x200.jpg 300w, https:\/\/d2p6e6u75xmxt8.cloudfront.net\/12\/2022\/07\/Medium-Gent-Wevelgem-1-768x511.jpg 768w, https:\/\/d2p6e6u75xmxt8.cloudfront.net\/12\/2022\/07\/Medium-Gent-Wevelgem-1-272x182.jpg 272w\" sizes=\"auto, (max-width: 800px) 100vw, 800px\" \/><\/a>\n\t\t\t<\/div><\/figure>\n\t\t<\/div>\n\n<h2><strong>Az igazgat\u00f3k \u00e9s m\u00e1s magas rang\u00fa tisztvisel\u0151k aut\u00f3i<\/strong><\/h2>\n<p>A mez\u0151ny vezet\u00e9s\u00e9nek megtisztel\u0151 feladata id\u00e9n is f\u0151k\u00e9nt az ig\u00e9nyek szerint \u00e1talak\u00edtott \u0160koda ENYAQ iV-re h\u00e1rul, amely a Tour de France igazgat\u00f3j\u00e1t, Christian Prudhomme-t \u00e9s a Tour de France Femmes igazgat\u00f3j\u00e1t, Marion Rousse-t sz\u00e1ll\u00edtja majd. A k\u00e9tir\u00e1ny\u00fa r\u00e1di\u00f3val \u00e9s hat antenn\u00e1val felszerelt felt\u0171n\u0151, j\u00f3l ismert &#8220;b\u00e1rsonyv\u00f6r\u00f6s&#8221; sz\u00edn\u0171 aut\u00f3t mobil parancsnoki k\u00f6zpontk\u00e9nt haszn\u00e1lj\u00e1k. Emellett az aut\u00f3 panor\u00e1ma napf\u00e9nytet\u0151vel, pezsg\u0151spoh\u00e1r-tart\u00f3kkal \u00e9s minden olyan maxim\u00e1lis k\u00e9nyelmet biztos\u00edt\u00f3 kieg\u00e9sz\u00edt\u0151vel el van l\u00e1tva, amikre a versenyigazgat\u00f3nak \u00e9s st\u00e1bj\u00e1nak csak sz\u00fcks\u00e9g\u00fck lehet a n\u00e9gy h\u00e9t alatt. A r\u00e1di\u00f3rendszert arra haszn\u00e1lj\u00e1k, hogy kommunik\u00e1ljanak a versenyb\u00edr\u00f3kkal \u00e9s a Tour m\u00e1s tisztvisel\u0151ivel, akik seg\u00edtik \u0151ket, \u00e9s a versenyz\u0151ket.<\/p>\n<p>A vezet\u0151 aut\u00f3t nem neh\u00e9z kisz\u00farni, k\u00f6sz\u00f6nhet\u0151en az egyedi matric\u00e1knak, a jellegzetes sz\u00edneknek \u00e9s annak, hogy az igazgat\u00f3k gyakran a napf\u00e9nytet\u0151n kib\u00fajva, \u00e1llva figyelik \u00e9s kommentelik az esem\u00e9nyeket- \u00e9s persze \u00edgy ind\u00edtj\u00e1k el a versenyt is a &#8220;nulladik kilom\u00e9tern\u00e9l&#8221; egy z\u00e1szl\u00f3t lengetve. Ha szeretn\u00e9l bepillant\u00e1st nyerni abba, hogyan szerelik \u00f6ssze, szabj\u00e1k testre \u00e9s k\u00e9sz\u00edtik fel a vezet\u0151 aut\u00f3t \u00e9s a szervez\u0151k egy\u00e9b j\u00e1rm\u0171veit a nagy napra, n\u00e9zd meg <a href=\"https:\/\/www.welovecycling.com\/hu\/tour-de-france\/a-piros-enyiaq-iv-atalakitasa-hogyan-keszul-a-tdf-versenyigazgatojanak-autoja\/\">kor\u00e1bbi cikk\u00fcnket<\/a>, melyben dokument\u00e1ltuk a &#8220;szigor\u00faan titkos&#8221; csehorsz\u00e1gi m\u0171helyben zajl\u00f3 k\u00fcl\u00f6nleges \u00e1talak\u00edt\u00e1si folyamatot.<\/p>\n<p>https:\/\/www.youtube.com\/watch?v=d4QPYT5SebI&#038;feature=emb_title&#038;ab_channel=WeLoveCycling<\/p>\n<h2><strong>A csapataut\u00f3k<\/strong><\/h2>\n<p>Nem lehet el\u00e9gg\u00e9 hangs\u00falyozni a Tour de France csapataut\u00f3inak fontoss\u00e1g\u00e1t, melyek \u00e1ltal\u00e1ban d\u00edzeles vagy hibrid \u0160koda SUPERB \u00e9s OCTAVIA modellek. Ezek az aut\u00f3k a verseny alatt t\u00f6bbek k\u00f6z\u00f6tt zs\u00fafolt jav\u00edt\u00f3m\u0171helyekk\u00e9nt, els\u0151seg\u00e9lyny\u00fajt\u00f3 \u00e1llom\u00e1sokk\u00e9nt, p\u00f3talkatr\u00e9sz-besz\u00e1ll\u00edt\u00f3kk\u00e9nt \u00e9s friss\u00edt\u0151 standokk\u00e9nt funkcion\u00e1lnak, \u00edgy elengedhetetlenek mind az egyes versenyz\u0151k, mind az eg\u00e9sz csapat siker\u00e9hez. Az aut\u00f3k sorrendje a csapat vezet\u0151 ker\u00e9kp\u00e1ros\u00e1nak rangsorol\u00e1s\u00e1t\u00f3l f\u00fcgg. Az egyenlet egyszer\u0171: min\u00e9l jobban teljes\u00edt a vezet\u0151 ker\u00e9kp\u00e1ros, ann\u00e1l k\u00f6zelebb haladhat a k\u00eds\u00e9r\u0151aut\u00f3 a csapathoz, ami azt jelenti, hogy az aut\u00f3 sokkal gyorsabban tud oda\u00e9rni egy bajba jutott versenyz\u0151h\u00f6z. Az egyetlen, aki fel\u00fcl\u00edrhatja ezt a szab\u00e1lyt, a versenyigazgat\u00f3, mivel pedig a csapataut\u00f3k k\u00f6zvetlen r\u00e1di\u00f3s \u00f6sszek\u00f6ttet\u00e9sben \u00e1llnak a vezet\u0151 aut\u00f3val, \u00edgy b\u00e1rmilyen v\u00e1ltoz\u00e1sr\u00f3l azonnal \u00e9rtes\u00fclnek.<\/p>\n<p>Ha egy probl\u00e9m\u00e1t t\u00fal k\u00e9s\u0151n kezelnek, az a csapat szakaszgy\u0151zelm\u00e9be ker\u00fclhet, vagy ak\u00e1r elvesz\u00edthetik a \u0160koda Z\u00f6ld Trik\u00f3t is. Ez\u00e9rt van k\u00e9pzett egy\u00e9nekre sz\u00fcks\u00e9g a vol\u00e1n m\u00f6g\u00f6tt, akik v\u00e9gig k\u00e9pesek koncentr\u00e1lni. Ahogy Ronny Lauke, a CANYON\/\/SRAM Racing t\u00e1rsalap\u00edt\u00f3ja \u00e9s csapatvezet\u0151je, valamint a Tour de France Femmes avec Zwift sportigazgat\u00f3ja egy interj\u00faban elmondta: <em>&#8220;V\u00e9lem\u00e9nyem szerint fontos, hogy a vezet\u0151k kor\u00e1bbi ker\u00e9kp\u00e1rosok legyenek, mert \u0151k k\u00e9pesek \u00e1tl\u00e1tni egy t\u00f6bb sz\u00e1z versenyz\u0151b\u0151l \u00e1ll\u00f3 mez\u0151ny mozg\u00e1s\u00e1t, amely k\u00fcl\u00f6nb\u00f6z\u0151 szitu\u00e1ci\u00f3kban m\u00e1sk\u00e9pp reag\u00e1lhat. [&#8230;] \u0150k felel\u0151sek a sportol\u00f3k eg\u00e9szs\u00e9g\u00e9\u00e9rt \u00e9s biztons\u00e1g\u00e1\u00e9rt &#8211; akik ennek a l\u00e1ncnak a legsebezhet\u0151bb elemei.\u201d<\/em><\/p>\n<h2><strong>A f\u00fcggetlen szerv\u00edzaut\u00f3k<\/strong><\/h2>\n<p><a href=\"https:\/\/d2p6e6u75xmxt8.cloudfront.net\/12\/2022\/07\/Shimano-neutral-vehicle-2.jpg\"><img loading=\"lazy\" decoding=\"async\" class=\"alignnone wp-image-15381 size-full\" src=\"https:\/\/d2p6e6u75xmxt8.cloudfront.net\/12\/2022\/07\/Shimano-neutral-vehicle-2.jpg\" alt=\"Many people watching cycling events such as the Tour de France often don\u2019t realize that the race organizers need the help of these cars.\" width=\"1063\" height=\"709\" srcset=\"https:\/\/d2p6e6u75xmxt8.cloudfront.net\/12\/2022\/07\/Shimano-neutral-vehicle-2.jpg 1063w, https:\/\/d2p6e6u75xmxt8.cloudfront.net\/12\/2022\/07\/Shimano-neutral-vehicle-2-300x200.jpg 300w, https:\/\/d2p6e6u75xmxt8.cloudfront.net\/12\/2022\/07\/Shimano-neutral-vehicle-2-1024x683.jpg 1024w, https:\/\/d2p6e6u75xmxt8.cloudfront.net\/12\/2022\/07\/Shimano-neutral-vehicle-2-768x512.jpg 768w, https:\/\/d2p6e6u75xmxt8.cloudfront.net\/12\/2022\/07\/Shimano-neutral-vehicle-2-272x182.jpg 272w\" sizes=\"auto, (max-width: 1063px) 100vw, 1063px\" \/><\/a><\/p>\n<p>A Tour-rajong\u00f3knak m\u00e9g mindig szokniuk kell az \u00faj \u00e1rnyalatot, hiszen ami\u00f3ta tavaly a jap\u00e1n alkatr\u00e9szgy\u00e1rt\u00f3 \u00f3ri\u00e1s, a Shimano \u00e1tvette a t\u00e1mogat\u00f3i csapatok ell\u00e1t\u00e1s\u00e1t, a f\u00fcggetlen szervizaut\u00f3kk\u00e9nt haszn\u00e1lt, 1977 \u00f3ta megszokott s\u00e1rgasz\u00edn\u0171 Mavic aut\u00f3kat felv\u00e1ltott\u00e1k a kir\u00e1lyk\u00e9k \u0160koda SUBERB iV modellek. Ezek a &#8220;n\u00e9gykerek\u0171 angyalok&#8221; k\u00e9szs\u00e9gesen seg\u00edtenek azoknak a bajba jutott versenyz\u0151knek, akiknek csapataut\u00f3i \u00e9ppen m\u00e1ssal vannak elfoglalva, vagy t\u00fals\u00e1gosan lemaradtak. Egy Shimano aut\u00f3 pedig h\u00e1rom ker\u00e9kp\u00e1rral egy\u00fctt a versenyigazgat\u00f3k aut\u00f3i k\u00f6zel\u00e9ben marad.<\/p>\n<p>A f\u00fcggetlen szervizaut\u00f3k \u00e1ltal\u00e1ban tartal\u00e9k gumiabroncsokkal, l\u00e1ncokkal, hajt\u00f3karokkal \u00e9s ak\u00e1r eg\u00e9sz ker\u00e9kp\u00e1rokkal \u00e1llnak a versenyz\u0151k rendelkez\u00e9s\u00e9re, de fel vannak szerelve olyan kieg\u00e9sz\u00edt\u0151kkel is, mint p\u00e9ld\u00e1ul az es\u0151kab\u00e1tok vagy energiaitalok. Thierry Gouvenou, az A.S.O. ker\u00e9kp\u00e1rverseny-szervez\u00e9si oszt\u00e1ly vezet\u0151je ezt nyilatkozta a szolg\u00e1ltat\u00f3v\u00e1lt\u00e1ssal kapcsolatban: <em>&#8220;Az, hogy a Shimano is a fed\u00e9lzeten van, nagyban hozz\u00e1j\u00e1rul a versenyek min\u0151s\u00e9g\u00e9hez. Teljes m\u00e9rt\u00e9kben megb\u00edzunk a Shimano csapat\u00e1ban, hogy professzion\u00e1lis szolg\u00e1ltat\u00e1st ny\u00fajtanak a csapatok \u00e9s a versenyz\u0151k sz\u00e1m\u00e1ra, ahogyan azt 100 \u00e9ves t\u00f6rt\u00e9nelm\u00fck nagy r\u00e9sz\u00e9ben tett\u00e9k.&#8221;<\/em><\/p>\n<h2><strong>A VIP Hospitality program aut\u00f3i<\/strong><\/h2>\n<p>V\u00e9g\u00fcl, de nem utols\u00f3sorban egy k\u00fcl\u00f6n \u0160koda aut\u00f3flotta k\u00eds\u00e9ret\u00e9ben, n\u00e9h\u00e1ny szerencs\u00e9s nyertes egy felejthetetlen \u00e9lm\u00e9nyben r\u00e9szes\u00fclhet. A rajong\u00f3k minden \u00e9vben r\u00e9szt vehetnek a VIP \u0160koda Hospitality programban, melynek nyertesei lehet\u0151s\u00e9get kapnak arra, hogy a lehet\u0151 legk\u00f6zelebbr\u0151l \u00e9lvezhess\u00e9k a Tour-t, mik\u00f6zben all-inclusive ell\u00e1t\u00e1sban r\u00e9szes\u00fclnek. A nyertesek h\u00e1rom napon \u00e1t \u00e9lvezhetik a \u0160koda ENYAQ iV vagy \u0160koda SUPERB iV sof\u0151rszolg\u00e1lat\u00e1t, utazhatnak a mez\u0151ny el\u0151tt, helikopterrel rep\u00fclhetnek a versenyz\u0151k \u00e9s a fest\u0151i t\u00e1j felett, valamint v\u00e9gigk\u00f3stolhatj\u00e1k a h\u00edres francia konyha legk\u00fcl\u00f6nlegesebb fog\u00e1sait. Cs\u00e1b\u00edt\u00f3an hangzik? Pr\u00f3b\u00e1lj szerencs\u00e9t te is, \u00e9s vegy\u00e9l r\u00e9szt a VIP Hospitality program nyerem\u00e9nyj\u00e1t\u00e9k\u00e1n. <a href=\"https:\/\/www.welovecycling.com\/hu\/tour-de-france-2022\/\">R\u00e9szletek itt<\/a>.<\/p>\n<p>Id\u00e9n k\u00eds\u00e9rd figyelemmel te is ezt a rendk\u00edv\u00fcl b\u00e1tor \u00e9s elk\u00f6telezett k\u00eds\u00e9r\u0151csapatot, akik n\u00e9lk\u00fcl a Tour de France nem val\u00f3sulhatna meg!<\/p>\n","protected":false},"excerpt":{"rendered":"<p>Ha csak az idei sz\u00e1mokat n\u00e9zz\u00fck, a Tour de France (j\u00falius 1. \u00e9s 24. k\u00f6z\u00f6tt) \u00e9s a Tour de France [&hellip;]<\/p>\n","protected":false},"author":71,"featured_media":15383,"comment_status":"open","ping_status":"open","sticky":false,"template":"","format":"standard","meta":{"footnotes":""},"categories":[8],"tags":[],"global-categories":[],"class_list":["post-15378","post","type-post","status-publish","format-standard","has-post-thumbnail","hentry","category-orszaguti-kerekpar"],"yoast_head":"<!-- This site is optimized with the Yoast SEO Premium plugin v25.3 (Yoast SEO v25.9) - https:\/\/yoast.com\/wordpress\/plugins\/seo\/ -->\n<title>A ker\u00e9kp\u00e1rversenyek t\u00e1mogat\u00f3 aut\u00f3i - avagy mi kell ahhoz, hogy a Tour de France megval\u00f3sulhasson?<\/title>\n<meta name=\"description\" content=\"Ha csak az idei sz\u00e1mokat n\u00e9zz\u00fck, a Tour de France (j\u00falius 1. \u00e9s 24. k\u00f6z\u00f6tt) \u00e9s a Tour de France Femmes avec Zwift (j\u00falius 24. \u00e9s 31. k\u00f6z\u00f6tt) versenyz\u0151i \u00f6sszesen 4411 kilom\u00e9tert tesznek meg n\u00e9gy h\u00e9t alatt. Az ilyen gigantikus m\u00e9ret\u0171 esem\u00e9nyeknek megfelel\u0151 t\u00e1mogat\u00f3kra \u00e9s logisztikai strukt\u00far\u00e1ra van sz\u00fcks\u00e9g\u00fck. A megb\u00edzhat\u00f3nak, agilisnak \u00e9s strapab\u00edr\u00f3nak bizonyult \u0160koda aut\u00f3k az\u00f3ta k\u00e9pezik a Tour gerinc\u00e9t, hogy a \u0160koda 18 \u00e9vvel ezel\u0151tt a verseny hivatalos szponzora lett. De pontosan milyen szerepet t\u00f6ltenek be az aut\u00f3k?\" \/>\n<meta name=\"robots\" content=\"index, follow, max-snippet:-1, max-image-preview:large, max-video-preview:-1\" \/>\n<link rel=\"canonical\" href=\"https:\/\/www.welovecycling.com\/hu\/orszaguti-kerekpar\/a-kerekparversenyek-tamogato-autoi-avagy-mi-kell-ahhoz-hogy-a-tour-de-france-megvalosulhasson\/\" \/>\n<meta property=\"og:locale\" content=\"hu_HU\" \/>\n<meta property=\"og:type\" content=\"article\" \/>\n<meta property=\"og:title\" content=\"A ker\u00e9kp\u00e1rversenyek t\u00e1mogat\u00f3 aut\u00f3i - avagy mi kell ahhoz, hogy a Tour de France megval\u00f3sulhasson?\" \/>\n<meta property=\"og:description\" content=\"Ha csak az idei sz\u00e1mokat n\u00e9zz\u00fck, a Tour de France (j\u00falius 1. \u00e9s 24. k\u00f6z\u00f6tt) \u00e9s a Tour de France Femmes avec Zwift (j\u00falius 24. \u00e9s 31. k\u00f6z\u00f6tt) versenyz\u0151i \u00f6sszesen 4411 kilom\u00e9tert tesznek meg n\u00e9gy h\u00e9t alatt. Az ilyen gigantikus m\u00e9ret\u0171 esem\u00e9nyeknek megfelel\u0151 t\u00e1mogat\u00f3kra \u00e9s logisztikai strukt\u00far\u00e1ra van sz\u00fcks\u00e9g\u00fck. A megb\u00edzhat\u00f3nak, agilisnak \u00e9s strapab\u00edr\u00f3nak bizonyult \u0160koda aut\u00f3k az\u00f3ta k\u00e9pezik a Tour gerinc\u00e9t, hogy a \u0160koda 18 \u00e9vvel ezel\u0151tt a verseny hivatalos szponzora lett. De pontosan milyen szerepet t\u00f6ltenek be az aut\u00f3k?\" \/>\n<meta property=\"og:url\" content=\"https:\/\/www.welovecycling.com\/hu\/orszaguti-kerekpar\/a-kerekparversenyek-tamogato-autoi-avagy-mi-kell-ahhoz-hogy-a-tour-de-france-megvalosulhasson\/\" \/>\n<meta property=\"og:site_name\" content=\"\u0160koda We Love Cycling - Magyarorsz\u00e1g\" \/>\n<meta property=\"article:publisher\" content=\"https:\/\/www.facebook.com\/WeLoveCyclingHungary\/\" \/>\n<meta property=\"article:published_time\" content=\"2022-07-13T06:00:16+00:00\" \/>\n<meta property=\"og:image\" content=\"https:\/\/d2p6e6u75xmxt8.cloudfront.net\/12\/2022\/07\/Tour-Peloton-profimedia-0620128044-CVR.jpg\" \/>\n\t<meta property=\"og:image:width\" content=\"990\" \/>\n\t<meta property=\"og:image:height\" content=\"660\" \/>\n\t<meta property=\"og:image:type\" content=\"image\/jpeg\" \/>\n<meta name=\"author\" content=\"hegyizs\" \/>\n<meta name=\"twitter:card\" content=\"summary_large_image\" \/>\n<meta name=\"twitter:label1\" content=\"Written by\" \/>\n\t<meta name=\"twitter:data1\" content=\"We Love Cycling\" \/>\n\t<meta name=\"twitter:label2\" content=\"Est. reading time\" \/>\n\t<meta name=\"twitter:data2\" content=\"5\" \/>\n<script type=\"application\/ld+json\" class=\"yoast-schema-graph\">{\"@context\":\"https:\/\/schema.org\",\"@graph\":[{\"@type\":\"WebPage\",\"@id\":\"https:\/\/www.welovecycling.com\/hu\/orszaguti-kerekpar\/a-kerekparversenyek-tamogato-autoi-avagy-mi-kell-ahhoz-hogy-a-tour-de-france-megvalosulhasson\/\",\"url\":\"https:\/\/www.welovecycling.com\/hu\/orszaguti-kerekpar\/a-kerekparversenyek-tamogato-autoi-avagy-mi-kell-ahhoz-hogy-a-tour-de-france-megvalosulhasson\/\",\"name\":\"A ker\u00e9kp\u00e1rversenyek t\u00e1mogat\u00f3 aut\u00f3i - avagy mi kell ahhoz, hogy a Tour de France megval\u00f3sulhasson?\",\"isPartOf\":{\"@id\":\"https:\/\/www.welovecycling.com\/hu\/#website\"},\"primaryImageOfPage\":{\"@id\":\"https:\/\/www.welovecycling.com\/hu\/orszaguti-kerekpar\/a-kerekparversenyek-tamogato-autoi-avagy-mi-kell-ahhoz-hogy-a-tour-de-france-megvalosulhasson\/#primaryimage\"},\"image\":{\"@id\":\"https:\/\/www.welovecycling.com\/hu\/orszaguti-kerekpar\/a-kerekparversenyek-tamogato-autoi-avagy-mi-kell-ahhoz-hogy-a-tour-de-france-megvalosulhasson\/#primaryimage\"},\"thumbnailUrl\":\"https:\/\/d2p6e6u75xmxt8.cloudfront.net\/12\/2022\/07\/Tour-Peloton-profimedia-0620128044-CVR.jpg\",\"datePublished\":\"2022-07-13T06:00:16+00:00\",\"author\":{\"@id\":\"https:\/\/www.welovecycling.com\/hu\/#\/schema\/person\/414a2aebf1801691a5320edb6468e194\"},\"description\":\"Ha csak az idei sz\u00e1mokat n\u00e9zz\u00fck, a Tour de France (j\u00falius 1. \u00e9s 24. k\u00f6z\u00f6tt) \u00e9s a Tour de France Femmes avec Zwift (j\u00falius 24. \u00e9s 31. k\u00f6z\u00f6tt) versenyz\u0151i \u00f6sszesen 4411 kilom\u00e9tert tesznek meg n\u00e9gy h\u00e9t alatt. Az ilyen gigantikus m\u00e9ret\u0171 esem\u00e9nyeknek megfelel\u0151 t\u00e1mogat\u00f3kra \u00e9s logisztikai strukt\u00far\u00e1ra van sz\u00fcks\u00e9g\u00fck. A megb\u00edzhat\u00f3nak, agilisnak \u00e9s strapab\u00edr\u00f3nak bizonyult \u0160koda aut\u00f3k az\u00f3ta k\u00e9pezik a Tour gerinc\u00e9t, hogy a \u0160koda 18 \u00e9vvel ezel\u0151tt a verseny hivatalos szponzora lett. De pontosan milyen szerepet t\u00f6ltenek be az aut\u00f3k?\",\"breadcrumb\":{\"@id\":\"https:\/\/www.welovecycling.com\/hu\/orszaguti-kerekpar\/a-kerekparversenyek-tamogato-autoi-avagy-mi-kell-ahhoz-hogy-a-tour-de-france-megvalosulhasson\/#breadcrumb\"},\"inLanguage\":\"hu\",\"potentialAction\":[{\"@type\":\"ReadAction\",\"target\":[\"https:\/\/www.welovecycling.com\/hu\/orszaguti-kerekpar\/a-kerekparversenyek-tamogato-autoi-avagy-mi-kell-ahhoz-hogy-a-tour-de-france-megvalosulhasson\/\"]}]},{\"@type\":\"ImageObject\",\"inLanguage\":\"hu\",\"@id\":\"https:\/\/www.welovecycling.com\/hu\/orszaguti-kerekpar\/a-kerekparversenyek-tamogato-autoi-avagy-mi-kell-ahhoz-hogy-a-tour-de-france-megvalosulhasson\/#primaryimage\",\"url\":\"https:\/\/d2p6e6u75xmxt8.cloudfront.net\/12\/2022\/07\/Tour-Peloton-profimedia-0620128044-CVR.jpg\",\"contentUrl\":\"https:\/\/d2p6e6u75xmxt8.cloudfront.net\/12\/2022\/07\/Tour-Peloton-profimedia-0620128044-CVR.jpg\",\"width\":990,\"height\":660,\"caption\":\"Tour de France\"},{\"@type\":\"BreadcrumbList\",\"@id\":\"https:\/\/www.welovecycling.com\/hu\/orszaguti-kerekpar\/a-kerekparversenyek-tamogato-autoi-avagy-mi-kell-ahhoz-hogy-a-tour-de-france-megvalosulhasson\/#breadcrumb\",\"itemListElement\":[{\"@type\":\"ListItem\",\"position\":1,\"name\":\"Home\",\"item\":\"https:\/\/www.welovecycling.com\/hu\/\"},{\"@type\":\"ListItem\",\"position\":2,\"name\":\"A ker\u00e9kp\u00e1rversenyek t\u00e1mogat\u00f3 aut\u00f3i &#8211; avagy mi kell ahhoz, hogy a Tour de France megval\u00f3sulhasson?\"}]},{\"@type\":\"WebSite\",\"@id\":\"https:\/\/www.welovecycling.com\/hu\/#website\",\"url\":\"https:\/\/www.welovecycling.com\/hu\/\",\"name\":\"\u0160koda We Love Cycling - Magyarorsz\u00e1g\",\"description\":\"\u0160koda WeLoveCycling\",\"potentialAction\":[{\"@type\":\"SearchAction\",\"target\":{\"@type\":\"EntryPoint\",\"urlTemplate\":\"https:\/\/www.welovecycling.com\/hu\/?s={search_term_string}\"},\"query-input\":{\"@type\":\"PropertyValueSpecification\",\"valueRequired\":true,\"valueName\":\"search_term_string\"}}],\"inLanguage\":\"hu\"},{\"@type\":\"Person\",\"@id\":\"https:\/\/www.welovecycling.com\/hu\/#\/schema\/person\/414a2aebf1801691a5320edb6468e194\",\"name\":\"hegyizs\",\"image\":{\"@type\":\"ImageObject\",\"inLanguage\":\"hu\",\"@id\":\"https:\/\/www.welovecycling.com\/hu\/#\/schema\/person\/image\/\",\"url\":\"https:\/\/secure.gravatar.com\/avatar\/02cf8a7906b8cf90cecb4679defac7cfd33a1c2e3b88e4903d947f3bb58eedd3?s=96&d=mm&r=g\",\"contentUrl\":\"https:\/\/secure.gravatar.com\/avatar\/02cf8a7906b8cf90cecb4679defac7cfd33a1c2e3b88e4903d947f3bb58eedd3?s=96&d=mm&r=g\",\"caption\":\"hegyizs\"},\"url\":\"https:\/\/www.welovecycling.com\/hu\/author\/hegyizs\/\"}]}<\/script>\n<!-- \/ Yoast SEO Premium plugin. -->","yoast_head_json":{"title":"A ker\u00e9kp\u00e1rversenyek t\u00e1mogat\u00f3 aut\u00f3i - avagy mi kell ahhoz, hogy a Tour de France megval\u00f3sulhasson?","description":"Ha csak az idei sz\u00e1mokat n\u00e9zz\u00fck, a Tour de France (j\u00falius 1. \u00e9s 24. k\u00f6z\u00f6tt) \u00e9s a Tour de France Femmes avec Zwift (j\u00falius 24. \u00e9s 31. k\u00f6z\u00f6tt) versenyz\u0151i \u00f6sszesen 4411 kilom\u00e9tert tesznek meg n\u00e9gy h\u00e9t alatt. Az ilyen gigantikus m\u00e9ret\u0171 esem\u00e9nyeknek megfelel\u0151 t\u00e1mogat\u00f3kra \u00e9s logisztikai strukt\u00far\u00e1ra van sz\u00fcks\u00e9g\u00fck. A megb\u00edzhat\u00f3nak, agilisnak \u00e9s strapab\u00edr\u00f3nak bizonyult \u0160koda aut\u00f3k az\u00f3ta k\u00e9pezik a Tour gerinc\u00e9t, hogy a \u0160koda 18 \u00e9vvel ezel\u0151tt a verseny hivatalos szponzora lett. De pontosan milyen szerepet t\u00f6ltenek be az aut\u00f3k?","robots":{"index":"index","follow":"follow","max-snippet":"max-snippet:-1","max-image-preview":"max-image-preview:large","max-video-preview":"max-video-preview:-1"},"canonical":"https:\/\/www.welovecycling.com\/hu\/orszaguti-kerekpar\/a-kerekparversenyek-tamogato-autoi-avagy-mi-kell-ahhoz-hogy-a-tour-de-france-megvalosulhasson\/","og_locale":"hu_HU","og_type":"article","og_title":"A ker\u00e9kp\u00e1rversenyek t\u00e1mogat\u00f3 aut\u00f3i - avagy mi kell ahhoz, hogy a Tour de France megval\u00f3sulhasson?","og_description":"Ha csak az idei sz\u00e1mokat n\u00e9zz\u00fck, a Tour de France (j\u00falius 1. \u00e9s 24. k\u00f6z\u00f6tt) \u00e9s a Tour de France Femmes avec Zwift (j\u00falius 24. \u00e9s 31. k\u00f6z\u00f6tt) versenyz\u0151i \u00f6sszesen 4411 kilom\u00e9tert tesznek meg n\u00e9gy h\u00e9t alatt. Az ilyen gigantikus m\u00e9ret\u0171 esem\u00e9nyeknek megfelel\u0151 t\u00e1mogat\u00f3kra \u00e9s logisztikai strukt\u00far\u00e1ra van sz\u00fcks\u00e9g\u00fck. A megb\u00edzhat\u00f3nak, agilisnak \u00e9s strapab\u00edr\u00f3nak bizonyult \u0160koda aut\u00f3k az\u00f3ta k\u00e9pezik a Tour gerinc\u00e9t, hogy a \u0160koda 18 \u00e9vvel ezel\u0151tt a verseny hivatalos szponzora lett. De pontosan milyen szerepet t\u00f6ltenek be az aut\u00f3k?","og_url":"https:\/\/www.welovecycling.com\/hu\/orszaguti-kerekpar\/a-kerekparversenyek-tamogato-autoi-avagy-mi-kell-ahhoz-hogy-a-tour-de-france-megvalosulhasson\/","og_site_name":"\u0160koda We Love Cycling - Magyarorsz\u00e1g","article_publisher":"https:\/\/www.facebook.com\/WeLoveCyclingHungary\/","article_published_time":"2022-07-13T06:00:16+00:00","og_image":[{"width":990,"height":660,"url":"https:\/\/d2p6e6u75xmxt8.cloudfront.net\/12\/2022\/07\/Tour-Peloton-profimedia-0620128044-CVR.jpg","type":"image\/jpeg"}],"author":"hegyizs","twitter_card":"summary_large_image","twitter_misc":{"Written by":"We Love Cycling","Est. reading time":"5"},"schema":{"@context":"https:\/\/schema.org","@graph":[{"@type":"WebPage","@id":"https:\/\/www.welovecycling.com\/hu\/orszaguti-kerekpar\/a-kerekparversenyek-tamogato-autoi-avagy-mi-kell-ahhoz-hogy-a-tour-de-france-megvalosulhasson\/","url":"https:\/\/www.welovecycling.com\/hu\/orszaguti-kerekpar\/a-kerekparversenyek-tamogato-autoi-avagy-mi-kell-ahhoz-hogy-a-tour-de-france-megvalosulhasson\/","name":"A ker\u00e9kp\u00e1rversenyek t\u00e1mogat\u00f3 aut\u00f3i - avagy mi kell ahhoz, hogy a Tour de France megval\u00f3sulhasson?","isPartOf":{"@id":"https:\/\/www.welovecycling.com\/hu\/#website"},"primaryImageOfPage":{"@id":"https:\/\/www.welovecycling.com\/hu\/orszaguti-kerekpar\/a-kerekparversenyek-tamogato-autoi-avagy-mi-kell-ahhoz-hogy-a-tour-de-france-megvalosulhasson\/#primaryimage"},"image":{"@id":"https:\/\/www.welovecycling.com\/hu\/orszaguti-kerekpar\/a-kerekparversenyek-tamogato-autoi-avagy-mi-kell-ahhoz-hogy-a-tour-de-france-megvalosulhasson\/#primaryimage"},"thumbnailUrl":"https:\/\/d2p6e6u75xmxt8.cloudfront.net\/12\/2022\/07\/Tour-Peloton-profimedia-0620128044-CVR.jpg","datePublished":"2022-07-13T06:00:16+00:00","author":{"@id":"https:\/\/www.welovecycling.com\/hu\/#\/schema\/person\/414a2aebf1801691a5320edb6468e194"},"description":"Ha csak az idei sz\u00e1mokat n\u00e9zz\u00fck, a Tour de France (j\u00falius 1. \u00e9s 24. k\u00f6z\u00f6tt) \u00e9s a Tour de France Femmes avec Zwift (j\u00falius 24. \u00e9s 31. k\u00f6z\u00f6tt) versenyz\u0151i \u00f6sszesen 4411 kilom\u00e9tert tesznek meg n\u00e9gy h\u00e9t alatt. Az ilyen gigantikus m\u00e9ret\u0171 esem\u00e9nyeknek megfelel\u0151 t\u00e1mogat\u00f3kra \u00e9s logisztikai strukt\u00far\u00e1ra van sz\u00fcks\u00e9g\u00fck. A megb\u00edzhat\u00f3nak, agilisnak \u00e9s strapab\u00edr\u00f3nak bizonyult \u0160koda aut\u00f3k az\u00f3ta k\u00e9pezik a Tour gerinc\u00e9t, hogy a \u0160koda 18 \u00e9vvel ezel\u0151tt a verseny hivatalos szponzora lett. De pontosan milyen szerepet t\u00f6ltenek be az aut\u00f3k?","breadcrumb":{"@id":"https:\/\/www.welovecycling.com\/hu\/orszaguti-kerekpar\/a-kerekparversenyek-tamogato-autoi-avagy-mi-kell-ahhoz-hogy-a-tour-de-france-megvalosulhasson\/#breadcrumb"},"inLanguage":"hu","potentialAction":[{"@type":"ReadAction","target":["https:\/\/www.welovecycling.com\/hu\/orszaguti-kerekpar\/a-kerekparversenyek-tamogato-autoi-avagy-mi-kell-ahhoz-hogy-a-tour-de-france-megvalosulhasson\/"]}]},{"@type":"ImageObject","inLanguage":"hu","@id":"https:\/\/www.welovecycling.com\/hu\/orszaguti-kerekpar\/a-kerekparversenyek-tamogato-autoi-avagy-mi-kell-ahhoz-hogy-a-tour-de-france-megvalosulhasson\/#primaryimage","url":"https:\/\/d2p6e6u75xmxt8.cloudfront.net\/12\/2022\/07\/Tour-Peloton-profimedia-0620128044-CVR.jpg","contentUrl":"https:\/\/d2p6e6u75xmxt8.cloudfront.net\/12\/2022\/07\/Tour-Peloton-profimedia-0620128044-CVR.jpg","width":990,"height":660,"caption":"Tour de France"},{"@type":"BreadcrumbList","@id":"https:\/\/www.welovecycling.com\/hu\/orszaguti-kerekpar\/a-kerekparversenyek-tamogato-autoi-avagy-mi-kell-ahhoz-hogy-a-tour-de-france-megvalosulhasson\/#breadcrumb","itemListElement":[{"@type":"ListItem","position":1,"name":"Home","item":"https:\/\/www.welovecycling.com\/hu\/"},{"@type":"ListItem","position":2,"name":"A ker\u00e9kp\u00e1rversenyek t\u00e1mogat\u00f3 aut\u00f3i &#8211; avagy mi kell ahhoz, hogy a Tour de France megval\u00f3sulhasson?"}]},{"@type":"WebSite","@id":"https:\/\/www.welovecycling.com\/hu\/#website","url":"https:\/\/www.welovecycling.com\/hu\/","name":"\u0160koda We Love Cycling - Magyarorsz\u00e1g","description":"\u0160koda WeLoveCycling","potentialAction":[{"@type":"SearchAction","target":{"@type":"EntryPoint","urlTemplate":"https:\/\/www.welovecycling.com\/hu\/?s={search_term_string}"},"query-input":{"@type":"PropertyValueSpecification","valueRequired":true,"valueName":"search_term_string"}}],"inLanguage":"hu"},{"@type":"Person","@id":"https:\/\/www.welovecycling.com\/hu\/#\/schema\/person\/414a2aebf1801691a5320edb6468e194","name":"hegyizs","image":{"@type":"ImageObject","inLanguage":"hu","@id":"https:\/\/www.welovecycling.com\/hu\/#\/schema\/person\/image\/","url":"https:\/\/secure.gravatar.com\/avatar\/02cf8a7906b8cf90cecb4679defac7cfd33a1c2e3b88e4903d947f3bb58eedd3?s=96&d=mm&r=g","contentUrl":"https:\/\/secure.gravatar.com\/avatar\/02cf8a7906b8cf90cecb4679defac7cfd33a1c2e3b88e4903d947f3bb58eedd3?s=96&d=mm&r=g","caption":"hegyizs"},"url":"https:\/\/www.welovecycling.com\/hu\/author\/hegyizs\/"}]}},"_links":{"self":[{"href":"https:\/\/www.welovecycling.com\/hu\/wp-json\/wp\/v2\/posts\/15378","targetHints":{"allow":["GET"]}}],"collection":[{"href":"https:\/\/www.welovecycling.com\/hu\/wp-json\/wp\/v2\/posts"}],"about":[{"href":"https:\/\/www.welovecycling.com\/hu\/wp-json\/wp\/v2\/types\/post"}],"author":[{"embeddable":true,"href":"https:\/\/www.welovecycling.com\/hu\/wp-json\/wp\/v2\/users\/71"}],"replies":[{"embeddable":true,"href":"https:\/\/www.welovecycling.com\/hu\/wp-json\/wp\/v2\/comments?post=15378"}],"version-history":[{"count":2,"href":"https:\/\/www.welovecycling.com\/hu\/wp-json\/wp\/v2\/posts\/15378\/revisions"}],"predecessor-version":[{"id":15395,"href":"https:\/\/www.welovecycling.com\/hu\/wp-json\/wp\/v2\/posts\/15378\/revisions\/15395"}],"wp:featuredmedia":[{"embeddable":true,"href":"https:\/\/www.welovecycling.com\/hu\/wp-json\/wp\/v2\/media\/15383"}],"wp:attachment":[{"href":"https:\/\/www.welovecycling.com\/hu\/wp-json\/wp\/v2\/media?parent=15378"}],"wp:term":[{"taxonomy":"category","embeddable":true,"href":"https:\/\/www.welovecycling.com\/hu\/wp-json\/wp\/v2\/categories?post=15378"},{"taxonomy":"post_tag","embeddable":true,"href":"https:\/\/www.welovecycling.com\/hu\/wp-json\/wp\/v2\/tags?post=15378"},{"taxonomy":"global-categories","embeddable":true,"href":"https:\/\/www.welovecycling.com\/hu\/wp-json\/wp\/v2\/global-categories?post=15378"}],"curies":[{"name":"wp","href":"https:\/\/api.w.org\/{rel}","templated":true}]}}