{"id":15368,"date":"2022-07-08T13:47:15","date_gmt":"2022-07-08T11:47:15","guid":{"rendered":"https:\/\/www.welovecycling.com\/hu\/?p=15368"},"modified":"2022-07-08T13:52:14","modified_gmt":"2022-07-08T11:52:14","slug":"az-ut-szelen-visszarakott-vall-vikingkent-kalapalo-uran-a-tour-elso-hetenek-emlekezetes-pillanatai","status":"publish","type":"post","link":"https:\/\/www.welovecycling.com\/hu\/orszaguti-kerekpar\/az-ut-szelen-visszarakott-vall-vikingkent-kalapalo-uran-a-tour-elso-hetenek-emlekezetes-pillanatai\/","title":{"rendered":"Az \u00fat sz\u00e9l\u00e9n visszarakott v\u00e1ll, vikingk\u00e9nt kalap\u00e1l\u00f3 Ur\u00e1n \u2013 a Tour els\u0151 het\u00e9nek eml\u00e9kezetes pillanatai"},"content":{"rendered":"<p><strong>Az idei Tour de France els\u0151 h\u00e1rom, d\u00e1niai szakasza val\u00f3s\u00e1gos \u00f6r\u00f6m\u00fcnnep volt csupa m\u00f3k\u00e1s \u00e9s meghat\u00f3 pillanattal, \u00e1m \u00c9szak-Franciaorsz\u00e1gba \u00e1t\u00e9rve meg\u00e9rkeztek a dr\u00e1m\u00e1k is\u2026<\/strong><!--more--><\/p>\n<p>Ez egy ilyen \u00e9v: a magyarok ut\u00e1n a d\u00e1nok is megmutatt\u00e1k, mi\u00e9rt \u00e9rdemes k\u00fclf\u00f6ldre vinni egy-egy nagy h\u00e1romhetes k\u00f6rverseny rajtj\u00e1t. Azok ut\u00e1n, hogy a mi Giro-rajtunkon \u00e1mult a vil\u00e1g, s csak \u00fagy \u00e1radoztak r\u00f3la a versenyz\u0151k, a Tour de France elej\u00e9n meg D\u00e1nia k\u00e1pr\u00e1ztatott el mindenkit.<\/p>\n<p>Az \u00e9szaki orsz\u00e1g eleve irigyelnival\u00f3 bring\u00e1s fellegv\u00e1r, a h\u00e9tk\u00f6znapi \u00e9letben ugyan\u00fagy, mint a versenysportban, \u00e9s a Tour els\u0151 h\u00e1rom etapj\u00e1n szemtan\u00fai is lehett\u00fcnk, ahogy a d\u00e1nok val\u00f3s\u00e1ggal meg\u0151r\u00fcltek a versenyz\u0151k\u00e9rt. Egyik nemzeti h\u0151s\u00fcket, a tavaly nagy meglepet\u00e9sre m\u00e1sodikk\u00e9nt v\u00e9gz\u0151 Jonas Vingegaard-t p\u00e9ld\u00e1ul a csapatbemutat\u00f3n szab\u00e1lyosan megr\u00edkatt\u00e1k a hazai szurkol\u00f3k sz\u0171nni nem akar\u00f3 ov\u00e1ci\u00f3jukkal, ezt k\u00f6vet\u0151en pedig az els\u0151 h\u00e1rom d\u00e1niai szakaszon akkora hangulatot \u00e9s n\u00e9p\u00fcnnep\u00e9lyt teremtettek, hogy a versenyz\u0151k csak \u00fagy lubickoltak a szeretetben.<\/p>\n<p>Az EF kolumbiai klasszisa, Rigoberto Ur\u00e1n p\u00e9ld\u00e1ul annyira \u00e9lvezte a d\u00e1niai napokat, hogy az utols\u00f3, harmadik ottani szakasz el\u0151tt egy tradicion\u00e1lis viking sisakban \u00e9s Thor kalap\u00e1cs\u00e1val a kez\u00e9ben par\u00e1d\u00e9zott az utc\u00e1n, \u00e9s a m\u00e9diainterj\u00fakat is \u00edgy adta \u2013 ezzel szeretett volna k\u00f6sz\u00f6netet mondani a d\u00e1noknak, akik term\u00e9szetesen roppant h\u00e1l\u00e1sak voltak a gesztus\u00e9rt.<\/p>\n<figure id=\"attachment_15370\" aria-describedby=\"caption-attachment-15370\" style=\"width: 1024px\" class=\"wp-caption alignnone\"><img loading=\"lazy\" decoding=\"async\" class=\"size-large wp-image-15370\" src=\"https:\/\/d2p6e6u75xmxt8.cloudfront.net\/12\/2022\/07\/Magnus-Cort-relishes-one-of-best-days-of-career-in-1024x683.jpg\" alt=\"\" width=\"1024\" height=\"683\" srcset=\"https:\/\/d2p6e6u75xmxt8.cloudfront.net\/12\/2022\/07\/Magnus-Cort-relishes-one-of-best-days-of-career-in-1024x683.jpg 1024w, https:\/\/d2p6e6u75xmxt8.cloudfront.net\/12\/2022\/07\/Magnus-Cort-relishes-one-of-best-days-of-career-in-300x200.jpg 300w, https:\/\/d2p6e6u75xmxt8.cloudfront.net\/12\/2022\/07\/Magnus-Cort-relishes-one-of-best-days-of-career-in-768x512.jpg 768w, https:\/\/d2p6e6u75xmxt8.cloudfront.net\/12\/2022\/07\/Magnus-Cort-relishes-one-of-best-days-of-career-in-1536x1024.jpg 1536w, https:\/\/d2p6e6u75xmxt8.cloudfront.net\/12\/2022\/07\/Magnus-Cort-relishes-one-of-best-days-of-career-in-272x182.jpg 272w, https:\/\/d2p6e6u75xmxt8.cloudfront.net\/12\/2022\/07\/Magnus-Cort-relishes-one-of-best-days-of-career-in.jpg 1600w\" sizes=\"auto, (max-width: 1024px) 100vw, 1024px\" \/><figcaption id=\"caption-attachment-15370\" class=\"wp-caption-text\">Rigoberto Ur\u00e1n igaz\u00e1n h\u00e1l\u00e1s volt a d\u00e1n szurkol\u00f3knak \u2013 \u00e9s vica versa (fot\u00f3: Getty Images)<\/figcaption><\/figure>\n<p>S ha volt valaki, aki m\u00e9g a t\u00f6bbiekn\u00e9l is jobban \u00e9lvezte a helyzetet, h\u00e1t az Ur\u00e1n csapatt\u00e1rsa, Magnus Cort. A bajszos d\u00e1nt annyira mag\u00e1val ragadta a hazai szurkol\u00f3k \u00e1ltal az utak ment\u00e9n teremtett atmoszf\u00e9ra, hogy val\u00f3s\u00e1ggal sz\u00e1rnyalt: mindk\u00e9t d\u00e1niai mez\u0151nyszakaszon sz\u00f6k\u00f6tt, amivel egyr\u00e9szt begy\u0171jt\u00f6tte az \u00f6sszes hegyi pontot, m\u00e1sr\u00e9szt a kamer\u00e1k keresztt\u00fcz\u00e9ben t\u00f6bbsz\u00f6r is f\u00fclig \u00e9r\u0151 sz\u00e1jjal, hitetlenkedve vigyorgott a k\u00f6z\u00f6ns\u00e9g biztat\u00e1sa k\u00f6zepette \u2013 \u0151 azt\u00e1n t\u00e9nyleg dupl\u00e1n ki\u00e9lvezte a k\u00fcl\u00f6nleges napok minden pillanat\u00e1t. S\u0151t, lend\u00fclete m\u00e9g a pihen\u0151nap ut\u00e1n is kitartott, az els\u0151 franciaorsz\u00e1gi etapon is bezsebelte a hegyi pontokat, ezzel pedig Tour-rekordot d\u00f6nt\u00f6tt, hiszen el\u0151tte m\u00e9g soha senkinek nem siker\u00fclt az els\u0151 kilenc hegyi r\u00e9szhajr\u00e1t kiv\u00e9tel n\u00e9lk\u00fcl elhoznia!<\/p>\n<p>Persze, ahogy az m\u00e1r csak lenni szokott, egy ilyen kem\u00e9ny h\u00e1romhetes verseny nem csup\u00e1n m\u00f3ka \u00e9s kacag\u00e1s, \u00e9s egy\u00e1ltal\u00e1n nem csak ilyen vid\u00e1m pillanatokban b\u0151velkedik.<\/p>\n<p>Err\u0151l szeg\u00e9ny Primoz Roglic is tudna mes\u00e9lni, akinek nagyon \u00fagy t\u0171nik, hogy tavaly ut\u00e1n az idei s\u00e1rga trik\u00f3r\u00f3l sz\u0151tt \u00e1lmai is egy korai buk\u00e1s miatt foszlanak szerte. Hogy az \u00f6t\u00f6dik, arenbergi szakasz a P\u00e1rizs\u2013Roubaix-r\u0151l ismert h\u00edrhedt kockak\u00f6ves, pav\u00e9s szektorok miatt d\u00f6nt\u0151 lehet, el\u0151re tudott volt, \u00e9s a Jumbo szlov\u00e9nja megint belekeveredett egy buk\u00e1sba (igaz, nem a macskak\u00f6veken, hanem egy k\u00f6rforgalomban). Roglicnak az es\u00e9s nyom\u00e1n ki is ment a v\u00e1lla, ut\u00f3lag vallotta meg mintegy cseveg\u0151 hangnemben, hogy adrenalint\u00f3l f\u0171t\u00f6tten ott helyben, egy n\u00e9z\u0151t\u0151l k\u00f6lcs\u00f6nk\u00e9rt szurkol\u00f3i sz\u00e9kbe cs\u00fccs\u00fclve r\u00e1ntotta helyre saj\u00e1t mag\u00e1nak az elmozdult v\u00e1ll\u00e1t \u2013 magad uram, ha szolg\u00e1d nincs\u2026<\/p>\n<figure style=\"width: 850px\" class=\"wp-caption alignnone\"><img loading=\"lazy\" decoding=\"async\" class=\"wp-image-15369 size-full\" src=\"https:\/\/d2p6e6u75xmxt8.cloudfront.net\/12\/2022\/07\/roglic.jpg\" alt=\"\" width=\"850\" height=\"478\" srcset=\"https:\/\/d2p6e6u75xmxt8.cloudfront.net\/12\/2022\/07\/roglic.jpg 850w, https:\/\/d2p6e6u75xmxt8.cloudfront.net\/12\/2022\/07\/roglic-300x169.jpg 300w, https:\/\/d2p6e6u75xmxt8.cloudfront.net\/12\/2022\/07\/roglic-768x432.jpg 768w\" sizes=\"auto, (max-width: 850px) 100vw, 850px\" \/><figcaption class=\"wp-caption-text\">Roglic a f\u00f6ld\u00f6n \u2013 az egy dolog, hogy a l\u00e1b\u00e1t meg\u00fct\u00f6tte, de tulajdon kificamodott v\u00e1ll\u00e1t is saj\u00e1t mag\u00e1nak r\u00e1ntotta helyre\u2026 (fot\u00f3: EPA\/Guillaume Horcajuelo)<\/figcaption><\/figure>\n<p>&nbsp;<\/p>\n<\/div>\n<p>N\u00e1la is rosszabbul j\u00e1rt azonban Peter Sagan egyik f\u0151 felvezet\u0151 embere, Daniel Oss, aki ugyanezen a poros t\u00fal\u00e9l\u0151etapon egy n\u00e9z\u0151vel \u00fctk\u00f6z\u00f6tt nagy er\u0151vel az \u00fat sz\u00e9l\u00e9n. Hatalmas buk\u00e1sa nyom\u00e1n nyakcsigoly\u00e1j\u00e1t t\u00f6rte, a rajta \u00e1tbucsk\u00e1z\u00f3 Michael Gogl pedig kulcscsontj\u00e1t \u00e9s medenc\u00e9j\u00e9t \u2013 mindkettej\u00fcket meg kellett oper\u00e1lni, Oss r\u00e1ad\u00e1sul ezt k\u00f6vet\u0151en hetekig egy\u00e1ltal\u00e1n nem is mozoghat majd\u2026<\/p>\n","protected":false},"excerpt":{"rendered":"<p>Az idei Tour de France els\u0151 h\u00e1rom, d\u00e1niai szakasza val\u00f3s\u00e1gos \u00f6r\u00f6m\u00fcnnep volt csupa m\u00f3k\u00e1s \u00e9s meghat\u00f3 pillanattal, \u00e1m \u00c9szak-Franciaorsz\u00e1gba \u00e1t\u00e9rve [&hellip;]<\/p>\n","protected":false},"author":71,"featured_media":15371,"comment_status":"open","ping_status":"open","sticky":false,"template":"","format":"standard","meta":{"footnotes":""},"categories":[8,96],"tags":[],"global-categories":[419],"class_list":["post-15368","post","type-post","status-publish","format-standard","has-post-thumbnail","hentry","category-orszaguti-kerekpar","category-tour-de-france","global-categories-cycling"],"yoast_head":"<!-- This site is optimized with the Yoast SEO Premium plugin v25.3 (Yoast SEO v25.9) - https:\/\/yoast.com\/wordpress\/plugins\/seo\/ -->\n<title>Az \u00fat sz\u00e9l\u00e9n visszarakott v\u00e1ll, vikingk\u00e9nt kalap\u00e1l\u00f3 Ur\u00e1n \u2013 a Tour els\u0151 het\u00e9nek eml\u00e9kezetes pillanatai<\/title>\n<meta name=\"description\" content=\"Az idei Tour de France els\u0151 h\u00e1rom, d\u00e1niai szakasza val\u00f3s\u00e1gos \u00f6r\u00f6m\u00fcnnep volt csupa m\u00f3k\u00e1s \u00e9s meghat\u00f3 pillanattal, \u00e1m \u00c9szak-Franciaorsz\u00e1gba \u00e1t\u00e9rve meg\u00e9rkeztek a dr\u00e1m\u00e1k is\u2026\" \/>\n<meta name=\"robots\" content=\"index, follow, max-snippet:-1, max-image-preview:large, max-video-preview:-1\" \/>\n<link rel=\"canonical\" href=\"https:\/\/www.welovecycling.com\/hu\/orszaguti-kerekpar\/az-ut-szelen-visszarakott-vall-vikingkent-kalapalo-uran-a-tour-elso-hetenek-emlekezetes-pillanatai\/\" \/>\n<meta property=\"og:locale\" content=\"hu_HU\" \/>\n<meta property=\"og:type\" content=\"article\" \/>\n<meta property=\"og:title\" content=\"Az \u00fat sz\u00e9l\u00e9n visszarakott v\u00e1ll, vikingk\u00e9nt kalap\u00e1l\u00f3 Ur\u00e1n \u2013 a Tour els\u0151 het\u00e9nek eml\u00e9kezetes pillanatai\" \/>\n<meta property=\"og:description\" content=\"Az idei Tour de France els\u0151 h\u00e1rom, d\u00e1niai szakasza val\u00f3s\u00e1gos \u00f6r\u00f6m\u00fcnnep volt csupa m\u00f3k\u00e1s \u00e9s meghat\u00f3 pillanattal, \u00e1m \u00c9szak-Franciaorsz\u00e1gba \u00e1t\u00e9rve meg\u00e9rkeztek a dr\u00e1m\u00e1k is\u2026\" \/>\n<meta property=\"og:url\" content=\"https:\/\/www.welovecycling.com\/hu\/orszaguti-kerekpar\/az-ut-szelen-visszarakott-vall-vikingkent-kalapalo-uran-a-tour-elso-hetenek-emlekezetes-pillanatai\/\" \/>\n<meta property=\"og:site_name\" content=\"\u0160koda We Love Cycling - Magyarorsz\u00e1g\" \/>\n<meta property=\"article:publisher\" content=\"https:\/\/www.facebook.com\/WeLoveCyclingHungary\/\" \/>\n<meta property=\"article:published_time\" content=\"2022-07-08T11:47:15+00:00\" \/>\n<meta property=\"article:modified_time\" content=\"2022-07-08T11:52:14+00:00\" \/>\n<meta property=\"og:image\" content=\"https:\/\/d2p6e6u75xmxt8.cloudfront.net\/12\/2022\/07\/uran.jpeg\" \/>\n\t<meta property=\"og:image:width\" content=\"2048\" \/>\n\t<meta property=\"og:image:height\" content=\"1364\" \/>\n\t<meta property=\"og:image:type\" content=\"image\/jpeg\" \/>\n<meta name=\"author\" content=\"hegyizs\" \/>\n<meta name=\"twitter:card\" content=\"summary_large_image\" \/>\n<meta name=\"twitter:label1\" content=\"Written by\" \/>\n\t<meta name=\"twitter:data1\" content=\"WLC\" \/>\n\t<meta name=\"twitter:label2\" content=\"Est. reading time\" \/>\n\t<meta name=\"twitter:data2\" content=\"4 minutes\" \/>\n<script type=\"application\/ld+json\" class=\"yoast-schema-graph\">{\"@context\":\"https:\/\/schema.org\",\"@graph\":[{\"@type\":\"WebPage\",\"@id\":\"https:\/\/www.welovecycling.com\/hu\/orszaguti-kerekpar\/az-ut-szelen-visszarakott-vall-vikingkent-kalapalo-uran-a-tour-elso-hetenek-emlekezetes-pillanatai\/\",\"url\":\"https:\/\/www.welovecycling.com\/hu\/orszaguti-kerekpar\/az-ut-szelen-visszarakott-vall-vikingkent-kalapalo-uran-a-tour-elso-hetenek-emlekezetes-pillanatai\/\",\"name\":\"Az \u00fat sz\u00e9l\u00e9n visszarakott v\u00e1ll, vikingk\u00e9nt kalap\u00e1l\u00f3 Ur\u00e1n \u2013 a Tour els\u0151 het\u00e9nek eml\u00e9kezetes pillanatai\",\"isPartOf\":{\"@id\":\"https:\/\/www.welovecycling.com\/hu\/#website\"},\"primaryImageOfPage\":{\"@id\":\"https:\/\/www.welovecycling.com\/hu\/orszaguti-kerekpar\/az-ut-szelen-visszarakott-vall-vikingkent-kalapalo-uran-a-tour-elso-hetenek-emlekezetes-pillanatai\/#primaryimage\"},\"image\":{\"@id\":\"https:\/\/www.welovecycling.com\/hu\/orszaguti-kerekpar\/az-ut-szelen-visszarakott-vall-vikingkent-kalapalo-uran-a-tour-elso-hetenek-emlekezetes-pillanatai\/#primaryimage\"},\"thumbnailUrl\":\"https:\/\/d2p6e6u75xmxt8.cloudfront.net\/12\/2022\/07\/uran.jpeg\",\"datePublished\":\"2022-07-08T11:47:15+00:00\",\"dateModified\":\"2022-07-08T11:52:14+00:00\",\"author\":{\"@id\":\"https:\/\/www.welovecycling.com\/hu\/#\/schema\/person\/414a2aebf1801691a5320edb6468e194\"},\"description\":\"Az idei Tour de France els\u0151 h\u00e1rom, d\u00e1niai szakasza val\u00f3s\u00e1gos \u00f6r\u00f6m\u00fcnnep volt csupa m\u00f3k\u00e1s \u00e9s meghat\u00f3 pillanattal, \u00e1m \u00c9szak-Franciaorsz\u00e1gba \u00e1t\u00e9rve meg\u00e9rkeztek a dr\u00e1m\u00e1k is\u2026\",\"breadcrumb\":{\"@id\":\"https:\/\/www.welovecycling.com\/hu\/orszaguti-kerekpar\/az-ut-szelen-visszarakott-vall-vikingkent-kalapalo-uran-a-tour-elso-hetenek-emlekezetes-pillanatai\/#breadcrumb\"},\"inLanguage\":\"hu\",\"potentialAction\":[{\"@type\":\"ReadAction\",\"target\":[\"https:\/\/www.welovecycling.com\/hu\/orszaguti-kerekpar\/az-ut-szelen-visszarakott-vall-vikingkent-kalapalo-uran-a-tour-elso-hetenek-emlekezetes-pillanatai\/\"]}]},{\"@type\":\"ImageObject\",\"inLanguage\":\"hu\",\"@id\":\"https:\/\/www.welovecycling.com\/hu\/orszaguti-kerekpar\/az-ut-szelen-visszarakott-vall-vikingkent-kalapalo-uran-a-tour-elso-hetenek-emlekezetes-pillanatai\/#primaryimage\",\"url\":\"https:\/\/d2p6e6u75xmxt8.cloudfront.net\/12\/2022\/07\/uran.jpeg\",\"contentUrl\":\"https:\/\/d2p6e6u75xmxt8.cloudfront.net\/12\/2022\/07\/uran.jpeg\",\"width\":2048,\"height\":1364},{\"@type\":\"BreadcrumbList\",\"@id\":\"https:\/\/www.welovecycling.com\/hu\/orszaguti-kerekpar\/az-ut-szelen-visszarakott-vall-vikingkent-kalapalo-uran-a-tour-elso-hetenek-emlekezetes-pillanatai\/#breadcrumb\",\"itemListElement\":[{\"@type\":\"ListItem\",\"position\":1,\"name\":\"Home\",\"item\":\"https:\/\/www.welovecycling.com\/hu\/\"},{\"@type\":\"ListItem\",\"position\":2,\"name\":\"Az \u00fat sz\u00e9l\u00e9n visszarakott v\u00e1ll, vikingk\u00e9nt kalap\u00e1l\u00f3 Ur\u00e1n \u2013 a Tour els\u0151 het\u00e9nek eml\u00e9kezetes pillanatai\"}]},{\"@type\":\"WebSite\",\"@id\":\"https:\/\/www.welovecycling.com\/hu\/#website\",\"url\":\"https:\/\/www.welovecycling.com\/hu\/\",\"name\":\"\u0160koda We Love Cycling - Magyarorsz\u00e1g\",\"description\":\"\u0160koda WeLoveCycling\",\"potentialAction\":[{\"@type\":\"SearchAction\",\"target\":{\"@type\":\"EntryPoint\",\"urlTemplate\":\"https:\/\/www.welovecycling.com\/hu\/?s={search_term_string}\"},\"query-input\":{\"@type\":\"PropertyValueSpecification\",\"valueRequired\":true,\"valueName\":\"search_term_string\"}}],\"inLanguage\":\"hu\"},{\"@type\":\"Person\",\"@id\":\"https:\/\/www.welovecycling.com\/hu\/#\/schema\/person\/414a2aebf1801691a5320edb6468e194\",\"name\":\"hegyizs\",\"image\":{\"@type\":\"ImageObject\",\"inLanguage\":\"hu\",\"@id\":\"https:\/\/www.welovecycling.com\/hu\/#\/schema\/person\/image\/\",\"url\":\"https:\/\/secure.gravatar.com\/avatar\/02cf8a7906b8cf90cecb4679defac7cfd33a1c2e3b88e4903d947f3bb58eedd3?s=96&d=mm&r=g\",\"contentUrl\":\"https:\/\/secure.gravatar.com\/avatar\/02cf8a7906b8cf90cecb4679defac7cfd33a1c2e3b88e4903d947f3bb58eedd3?s=96&d=mm&r=g\",\"caption\":\"hegyizs\"},\"url\":\"https:\/\/www.welovecycling.com\/hu\/author\/hegyizs\/\"}]}<\/script>\n<!-- \/ Yoast SEO Premium plugin. -->","yoast_head_json":{"title":"Az \u00fat sz\u00e9l\u00e9n visszarakott v\u00e1ll, vikingk\u00e9nt kalap\u00e1l\u00f3 Ur\u00e1n \u2013 a Tour els\u0151 het\u00e9nek eml\u00e9kezetes pillanatai","description":"Az idei Tour de France els\u0151 h\u00e1rom, d\u00e1niai szakasza val\u00f3s\u00e1gos \u00f6r\u00f6m\u00fcnnep volt csupa m\u00f3k\u00e1s \u00e9s meghat\u00f3 pillanattal, \u00e1m \u00c9szak-Franciaorsz\u00e1gba \u00e1t\u00e9rve meg\u00e9rkeztek a dr\u00e1m\u00e1k is\u2026","robots":{"index":"index","follow":"follow","max-snippet":"max-snippet:-1","max-image-preview":"max-image-preview:large","max-video-preview":"max-video-preview:-1"},"canonical":"https:\/\/www.welovecycling.com\/hu\/orszaguti-kerekpar\/az-ut-szelen-visszarakott-vall-vikingkent-kalapalo-uran-a-tour-elso-hetenek-emlekezetes-pillanatai\/","og_locale":"hu_HU","og_type":"article","og_title":"Az \u00fat sz\u00e9l\u00e9n visszarakott v\u00e1ll, vikingk\u00e9nt kalap\u00e1l\u00f3 Ur\u00e1n \u2013 a Tour els\u0151 het\u00e9nek eml\u00e9kezetes pillanatai","og_description":"Az idei Tour de France els\u0151 h\u00e1rom, d\u00e1niai szakasza val\u00f3s\u00e1gos \u00f6r\u00f6m\u00fcnnep volt csupa m\u00f3k\u00e1s \u00e9s meghat\u00f3 pillanattal, \u00e1m \u00c9szak-Franciaorsz\u00e1gba \u00e1t\u00e9rve meg\u00e9rkeztek a dr\u00e1m\u00e1k is\u2026","og_url":"https:\/\/www.welovecycling.com\/hu\/orszaguti-kerekpar\/az-ut-szelen-visszarakott-vall-vikingkent-kalapalo-uran-a-tour-elso-hetenek-emlekezetes-pillanatai\/","og_site_name":"\u0160koda We Love Cycling - Magyarorsz\u00e1g","article_publisher":"https:\/\/www.facebook.com\/WeLoveCyclingHungary\/","article_published_time":"2022-07-08T11:47:15+00:00","article_modified_time":"2022-07-08T11:52:14+00:00","og_image":[{"width":2048,"height":1364,"url":"https:\/\/d2p6e6u75xmxt8.cloudfront.net\/12\/2022\/07\/uran.jpeg","type":"image\/jpeg"}],"author":"hegyizs","twitter_card":"summary_large_image","twitter_misc":{"Written by":"WLC","Est. reading time":"4 minutes"},"schema":{"@context":"https:\/\/schema.org","@graph":[{"@type":"WebPage","@id":"https:\/\/www.welovecycling.com\/hu\/orszaguti-kerekpar\/az-ut-szelen-visszarakott-vall-vikingkent-kalapalo-uran-a-tour-elso-hetenek-emlekezetes-pillanatai\/","url":"https:\/\/www.welovecycling.com\/hu\/orszaguti-kerekpar\/az-ut-szelen-visszarakott-vall-vikingkent-kalapalo-uran-a-tour-elso-hetenek-emlekezetes-pillanatai\/","name":"Az \u00fat sz\u00e9l\u00e9n visszarakott v\u00e1ll, vikingk\u00e9nt kalap\u00e1l\u00f3 Ur\u00e1n \u2013 a Tour els\u0151 het\u00e9nek eml\u00e9kezetes pillanatai","isPartOf":{"@id":"https:\/\/www.welovecycling.com\/hu\/#website"},"primaryImageOfPage":{"@id":"https:\/\/www.welovecycling.com\/hu\/orszaguti-kerekpar\/az-ut-szelen-visszarakott-vall-vikingkent-kalapalo-uran-a-tour-elso-hetenek-emlekezetes-pillanatai\/#primaryimage"},"image":{"@id":"https:\/\/www.welovecycling.com\/hu\/orszaguti-kerekpar\/az-ut-szelen-visszarakott-vall-vikingkent-kalapalo-uran-a-tour-elso-hetenek-emlekezetes-pillanatai\/#primaryimage"},"thumbnailUrl":"https:\/\/d2p6e6u75xmxt8.cloudfront.net\/12\/2022\/07\/uran.jpeg","datePublished":"2022-07-08T11:47:15+00:00","dateModified":"2022-07-08T11:52:14+00:00","author":{"@id":"https:\/\/www.welovecycling.com\/hu\/#\/schema\/person\/414a2aebf1801691a5320edb6468e194"},"description":"Az idei Tour de France els\u0151 h\u00e1rom, d\u00e1niai szakasza val\u00f3s\u00e1gos \u00f6r\u00f6m\u00fcnnep volt csupa m\u00f3k\u00e1s \u00e9s meghat\u00f3 pillanattal, \u00e1m \u00c9szak-Franciaorsz\u00e1gba \u00e1t\u00e9rve meg\u00e9rkeztek a dr\u00e1m\u00e1k is\u2026","breadcrumb":{"@id":"https:\/\/www.welovecycling.com\/hu\/orszaguti-kerekpar\/az-ut-szelen-visszarakott-vall-vikingkent-kalapalo-uran-a-tour-elso-hetenek-emlekezetes-pillanatai\/#breadcrumb"},"inLanguage":"hu","potentialAction":[{"@type":"ReadAction","target":["https:\/\/www.welovecycling.com\/hu\/orszaguti-kerekpar\/az-ut-szelen-visszarakott-vall-vikingkent-kalapalo-uran-a-tour-elso-hetenek-emlekezetes-pillanatai\/"]}]},{"@type":"ImageObject","inLanguage":"hu","@id":"https:\/\/www.welovecycling.com\/hu\/orszaguti-kerekpar\/az-ut-szelen-visszarakott-vall-vikingkent-kalapalo-uran-a-tour-elso-hetenek-emlekezetes-pillanatai\/#primaryimage","url":"https:\/\/d2p6e6u75xmxt8.cloudfront.net\/12\/2022\/07\/uran.jpeg","contentUrl":"https:\/\/d2p6e6u75xmxt8.cloudfront.net\/12\/2022\/07\/uran.jpeg","width":2048,"height":1364},{"@type":"BreadcrumbList","@id":"https:\/\/www.welovecycling.com\/hu\/orszaguti-kerekpar\/az-ut-szelen-visszarakott-vall-vikingkent-kalapalo-uran-a-tour-elso-hetenek-emlekezetes-pillanatai\/#breadcrumb","itemListElement":[{"@type":"ListItem","position":1,"name":"Home","item":"https:\/\/www.welovecycling.com\/hu\/"},{"@type":"ListItem","position":2,"name":"Az \u00fat sz\u00e9l\u00e9n visszarakott v\u00e1ll, vikingk\u00e9nt kalap\u00e1l\u00f3 Ur\u00e1n \u2013 a Tour els\u0151 het\u00e9nek eml\u00e9kezetes pillanatai"}]},{"@type":"WebSite","@id":"https:\/\/www.welovecycling.com\/hu\/#website","url":"https:\/\/www.welovecycling.com\/hu\/","name":"\u0160koda We Love Cycling - Magyarorsz\u00e1g","description":"\u0160koda WeLoveCycling","potentialAction":[{"@type":"SearchAction","target":{"@type":"EntryPoint","urlTemplate":"https:\/\/www.welovecycling.com\/hu\/?s={search_term_string}"},"query-input":{"@type":"PropertyValueSpecification","valueRequired":true,"valueName":"search_term_string"}}],"inLanguage":"hu"},{"@type":"Person","@id":"https:\/\/www.welovecycling.com\/hu\/#\/schema\/person\/414a2aebf1801691a5320edb6468e194","name":"hegyizs","image":{"@type":"ImageObject","inLanguage":"hu","@id":"https:\/\/www.welovecycling.com\/hu\/#\/schema\/person\/image\/","url":"https:\/\/secure.gravatar.com\/avatar\/02cf8a7906b8cf90cecb4679defac7cfd33a1c2e3b88e4903d947f3bb58eedd3?s=96&d=mm&r=g","contentUrl":"https:\/\/secure.gravatar.com\/avatar\/02cf8a7906b8cf90cecb4679defac7cfd33a1c2e3b88e4903d947f3bb58eedd3?s=96&d=mm&r=g","caption":"hegyizs"},"url":"https:\/\/www.welovecycling.com\/hu\/author\/hegyizs\/"}]}},"_links":{"self":[{"href":"https:\/\/www.welovecycling.com\/hu\/wp-json\/wp\/v2\/posts\/15368","targetHints":{"allow":["GET"]}}],"collection":[{"href":"https:\/\/www.welovecycling.com\/hu\/wp-json\/wp\/v2\/posts"}],"about":[{"href":"https:\/\/www.welovecycling.com\/hu\/wp-json\/wp\/v2\/types\/post"}],"author":[{"embeddable":true,"href":"https:\/\/www.welovecycling.com\/hu\/wp-json\/wp\/v2\/users\/71"}],"replies":[{"embeddable":true,"href":"https:\/\/www.welovecycling.com\/hu\/wp-json\/wp\/v2\/comments?post=15368"}],"version-history":[{"count":2,"href":"https:\/\/www.welovecycling.com\/hu\/wp-json\/wp\/v2\/posts\/15368\/revisions"}],"predecessor-version":[{"id":15373,"href":"https:\/\/www.welovecycling.com\/hu\/wp-json\/wp\/v2\/posts\/15368\/revisions\/15373"}],"wp:featuredmedia":[{"embeddable":true,"href":"https:\/\/www.welovecycling.com\/hu\/wp-json\/wp\/v2\/media\/15371"}],"wp:attachment":[{"href":"https:\/\/www.welovecycling.com\/hu\/wp-json\/wp\/v2\/media?parent=15368"}],"wp:term":[{"taxonomy":"category","embeddable":true,"href":"https:\/\/www.welovecycling.com\/hu\/wp-json\/wp\/v2\/categories?post=15368"},{"taxonomy":"post_tag","embeddable":true,"href":"https:\/\/www.welovecycling.com\/hu\/wp-json\/wp\/v2\/tags?post=15368"},{"taxonomy":"global-categories","embeddable":true,"href":"https:\/\/www.welovecycling.com\/hu\/wp-json\/wp\/v2\/global-categories?post=15368"}],"curies":[{"name":"wp","href":"https:\/\/api.w.org\/{rel}","templated":true}]}}