{"id":15339,"date":"2022-07-04T12:47:53","date_gmt":"2022-07-04T10:47:53","guid":{"rendered":"https:\/\/www.welovecycling.com\/hu\/?p=15339"},"modified":"2022-07-04T16:11:14","modified_gmt":"2022-07-04T14:11:14","slug":"bringas-temakkal-tippekkel-es-nyeremenyjatekkal-varunk","status":"publish","type":"post","link":"https:\/\/www.welovecycling.com\/hu\/kozosseg-es-kultura\/bringas-temakkal-tippekkel-es-nyeremenyjatekkal-varunk\/","title":{"rendered":"Bring\u00e1s t\u00e9m\u00e1kkal, tippekkel \u00e9s nyerem\u00e9nyj\u00e1t\u00e9kkal v\u00e1runk!"},"content":{"rendered":"<p><strong>Te is \u00fagy \u00e9rzed, hogy egyszer\u0171en nem tudsz eleget foglalkozni a bicikliz\u00e9ssel? Minden szabad percedben tekersz, k\u00f6veted a Tour de France-t, arr\u00f3l \u00e1lmodsz, hogy ott ped\u00e1lozol a mez\u0151nyben, munka k\u00f6zben pedig tervezgeted a k\u00f6vetkez\u0151 t\u00far\u00e1dat, \u00e9s m\u00e9gsem el\u00e9g. Mit lehetne m\u00e9g tenni, hogy kiel\u00e9g\u00fclj\u00f6n a kiel\u00e9g\u00edthetetlen v\u00e1gy?<\/strong><!--more--><\/p>\n<p>Van egy tipp\u00fcnk, amire tal\u00e1n nem is gondolt\u00e1l eddig. Pedig minden er\u0151fesz\u00edt\u00e9st mell\u0151z, a bicikliz\u00e9s sz\u00e1mtalan aspektus\u00e1val foglalkozik, legyen az a sport szeretete, a j\u00e1rg\u00e1nyod karbantart\u00e1sa, a leg\u00fajabb \u00e9tkez\u00e9si trendek vagy \u00e9pp az aktu\u00e1lis versenyek.<\/p>\n<p>Ez egy olyan valami, ami\u00e9rt szinte semmit sem kell tenned. Ami j\u00e1r. Neked \u00e9s minden bring\u00e1snak.<\/p>\n<p>Ez a valami egy h\u00edrlev\u00e9l.<\/p>\n<p><strong>A mi h\u00edrlevel\u00fcnk.<\/strong><\/p>\n<p>Egy megb\u00edzhat\u00f3 forr\u00e1s, ami havonta egyszer csillap\u00edtja a szomjad \u00e9s mindig ad \u00fcr\u00fcgyet, hogy a bring\u00e1ddal foglalkozz: takar\u00edtsd le, olajozd meg, vidd fel a hegyekbe, n\u00e9zegesd szeretetteljesen. Tekerj \u00fagy, mint egy profi. A z\u00f6ld mezt mi adjuk hozz\u00e1!<\/p>\n<p>Ha most iratkozol fel h\u00edrlevel\u00fcnkre, nem csak inspir\u00e1ci\u00f3t, \u00fatvonal-\u00f6tleteket \u00e9s \u00faj ismereteket kaphatsz, de megnyerheted a \u0160koda z\u00f6ld mezt is, ami er\u0151t \u00e9s \u00f6nbizalmat ad majd k\u00f6vetkez\u0151 utadhoz!<\/p>\n<p><iframe loading=\"lazy\" src=\"https:\/\/media.pohu.hu\/skoda\/wlc\/\" width=\"100%\" height=\"720\"><\/iframe><\/p>\n<p>J\u00f3 olvas\u00e1st, j\u00f3 h\u00e1tszelet \u00e9s sok szerencs\u00e9t a mezhez! \ud83d\ude42<\/p>\n","protected":false},"excerpt":{"rendered":"<p>Te is \u00fagy \u00e9rzed, hogy egyszer\u0171en nem tudsz eleget foglalkozni a bicikliz\u00e9ssel? Minden szabad percedben tekersz, k\u00f6veted a Tour de [&hellip;]<\/p>\n","protected":false},"author":145,"featured_media":15340,"comment_status":"open","ping_status":"open","sticky":false,"template":"","format":"standard","meta":{"footnotes":""},"categories":[12],"tags":[],"global-categories":[419],"class_list":["post-15339","post","type-post","status-publish","format-standard","has-post-thumbnail","hentry","category-kozosseg-es-kultura","global-categories-cycling"],"yoast_head":"<!-- This site is optimized with the Yoast SEO Premium plugin v25.3 (Yoast SEO v25.9) - https:\/\/yoast.com\/wordpress\/plugins\/seo\/ -->\n<title>Bring\u00e1s t\u00e9m\u00e1kkal, tippekkel \u00e9s nyerem\u00e9nyj\u00e1t\u00e9kkal v\u00e1runk!<\/title>\n<meta name=\"description\" content=\"Te is \u00fagy \u00e9rzed, hogy egyszer\u0171en nem tudsz eleget foglalkozni a bicikliz\u00e9ssel? Minden szabad percedben tekersz, k\u00f6veted a Tour de France-t, arr\u00f3l \u00e1lmodsz, hogy ott ped\u00e1lozol a mez\u0151nyben, munka k\u00f6zben pedig tervezgeted a k\u00f6vetkez\u0151 t\u00far\u00e1dat, \u00e9s m\u00e9gsem el\u00e9g. Mit lehetne m\u00e9g tenni, hogy kiel\u00e9g\u00fclj\u00f6n a kiel\u00e9g\u00edthetetlen v\u00e1gy?\" \/>\n<meta name=\"robots\" content=\"index, follow, max-snippet:-1, max-image-preview:large, max-video-preview:-1\" \/>\n<link rel=\"canonical\" href=\"https:\/\/www.welovecycling.com\/hu\/kozosseg-es-kultura\/bringas-temakkal-tippekkel-es-nyeremenyjatekkal-varunk\/\" \/>\n<meta property=\"og:locale\" content=\"hu_HU\" \/>\n<meta property=\"og:type\" content=\"article\" \/>\n<meta property=\"og:title\" content=\"Bring\u00e1s t\u00e9m\u00e1kkal, tippekkel \u00e9s nyerem\u00e9nyj\u00e1t\u00e9kkal v\u00e1runk!\" \/>\n<meta property=\"og:description\" content=\"Te is \u00fagy \u00e9rzed, hogy egyszer\u0171en nem tudsz eleget foglalkozni a bicikliz\u00e9ssel? Minden szabad percedben tekersz, k\u00f6veted a Tour de France-t, arr\u00f3l \u00e1lmodsz, hogy ott ped\u00e1lozol a mez\u0151nyben, munka k\u00f6zben pedig tervezgeted a k\u00f6vetkez\u0151 t\u00far\u00e1dat, \u00e9s m\u00e9gsem el\u00e9g. Mit lehetne m\u00e9g tenni, hogy kiel\u00e9g\u00fclj\u00f6n a kiel\u00e9g\u00edthetetlen v\u00e1gy?\" \/>\n<meta property=\"og:url\" content=\"https:\/\/www.welovecycling.com\/hu\/kozosseg-es-kultura\/bringas-temakkal-tippekkel-es-nyeremenyjatekkal-varunk\/\" \/>\n<meta property=\"og:site_name\" content=\"\u0160koda We Love Cycling - Magyarorsz\u00e1g\" \/>\n<meta property=\"article:publisher\" content=\"https:\/\/www.facebook.com\/WeLoveCyclingHungary\/\" \/>\n<meta property=\"article:published_time\" content=\"2022-07-04T10:47:53+00:00\" \/>\n<meta property=\"article:modified_time\" content=\"2022-07-04T14:11:14+00:00\" \/>\n<meta property=\"og:image\" content=\"https:\/\/d2p6e6u75xmxt8.cloudfront.net\/12\/2022\/07\/WL010_TdF_IRATKOZZFEL_v2_wlccikk_990x660.png\" \/>\n\t<meta property=\"og:image:width\" content=\"990\" \/>\n\t<meta property=\"og:image:height\" content=\"660\" \/>\n\t<meta property=\"og:image:type\" content=\"image\/png\" \/>\n<meta name=\"author\" content=\"kitti\" \/>\n<meta name=\"twitter:card\" content=\"summary_large_image\" \/>\n<meta name=\"twitter:label1\" content=\"Written by\" \/>\n\t<meta name=\"twitter:data1\" content=\"WLC\" \/>\n\t<meta name=\"twitter:label2\" content=\"Est. reading time\" \/>\n\t<meta name=\"twitter:data2\" content=\"1 minute\" \/>\n<script type=\"application\/ld+json\" class=\"yoast-schema-graph\">{\"@context\":\"https:\/\/schema.org\",\"@graph\":[{\"@type\":\"WebPage\",\"@id\":\"https:\/\/www.welovecycling.com\/hu\/kozosseg-es-kultura\/bringas-temakkal-tippekkel-es-nyeremenyjatekkal-varunk\/\",\"url\":\"https:\/\/www.welovecycling.com\/hu\/kozosseg-es-kultura\/bringas-temakkal-tippekkel-es-nyeremenyjatekkal-varunk\/\",\"name\":\"Bring\u00e1s t\u00e9m\u00e1kkal, tippekkel \u00e9s nyerem\u00e9nyj\u00e1t\u00e9kkal v\u00e1runk!\",\"isPartOf\":{\"@id\":\"https:\/\/www.welovecycling.com\/hu\/#website\"},\"primaryImageOfPage\":{\"@id\":\"https:\/\/www.welovecycling.com\/hu\/kozosseg-es-kultura\/bringas-temakkal-tippekkel-es-nyeremenyjatekkal-varunk\/#primaryimage\"},\"image\":{\"@id\":\"https:\/\/www.welovecycling.com\/hu\/kozosseg-es-kultura\/bringas-temakkal-tippekkel-es-nyeremenyjatekkal-varunk\/#primaryimage\"},\"thumbnailUrl\":\"https:\/\/d2p6e6u75xmxt8.cloudfront.net\/12\/2022\/07\/WL010_TdF_IRATKOZZFEL_v2_wlccikk_990x660.png\",\"datePublished\":\"2022-07-04T10:47:53+00:00\",\"dateModified\":\"2022-07-04T14:11:14+00:00\",\"author\":{\"@id\":\"https:\/\/www.welovecycling.com\/hu\/#\/schema\/person\/bec7dcdbcc59f58489cf603e4040ced1\"},\"description\":\"Te is \u00fagy \u00e9rzed, hogy egyszer\u0171en nem tudsz eleget foglalkozni a bicikliz\u00e9ssel? Minden szabad percedben tekersz, k\u00f6veted a Tour de France-t, arr\u00f3l \u00e1lmodsz, hogy ott ped\u00e1lozol a mez\u0151nyben, munka k\u00f6zben pedig tervezgeted a k\u00f6vetkez\u0151 t\u00far\u00e1dat, \u00e9s m\u00e9gsem el\u00e9g. Mit lehetne m\u00e9g tenni, hogy kiel\u00e9g\u00fclj\u00f6n a kiel\u00e9g\u00edthetetlen v\u00e1gy?\",\"breadcrumb\":{\"@id\":\"https:\/\/www.welovecycling.com\/hu\/kozosseg-es-kultura\/bringas-temakkal-tippekkel-es-nyeremenyjatekkal-varunk\/#breadcrumb\"},\"inLanguage\":\"hu\",\"potentialAction\":[{\"@type\":\"ReadAction\",\"target\":[\"https:\/\/www.welovecycling.com\/hu\/kozosseg-es-kultura\/bringas-temakkal-tippekkel-es-nyeremenyjatekkal-varunk\/\"]}]},{\"@type\":\"ImageObject\",\"inLanguage\":\"hu\",\"@id\":\"https:\/\/www.welovecycling.com\/hu\/kozosseg-es-kultura\/bringas-temakkal-tippekkel-es-nyeremenyjatekkal-varunk\/#primaryimage\",\"url\":\"https:\/\/d2p6e6u75xmxt8.cloudfront.net\/12\/2022\/07\/WL010_TdF_IRATKOZZFEL_v2_wlccikk_990x660.png\",\"contentUrl\":\"https:\/\/d2p6e6u75xmxt8.cloudfront.net\/12\/2022\/07\/WL010_TdF_IRATKOZZFEL_v2_wlccikk_990x660.png\",\"width\":990,\"height\":660},{\"@type\":\"BreadcrumbList\",\"@id\":\"https:\/\/www.welovecycling.com\/hu\/kozosseg-es-kultura\/bringas-temakkal-tippekkel-es-nyeremenyjatekkal-varunk\/#breadcrumb\",\"itemListElement\":[{\"@type\":\"ListItem\",\"position\":1,\"name\":\"Home\",\"item\":\"https:\/\/www.welovecycling.com\/hu\/\"},{\"@type\":\"ListItem\",\"position\":2,\"name\":\"Bring\u00e1s t\u00e9m\u00e1kkal, tippekkel \u00e9s nyerem\u00e9nyj\u00e1t\u00e9kkal v\u00e1runk!\"}]},{\"@type\":\"WebSite\",\"@id\":\"https:\/\/www.welovecycling.com\/hu\/#website\",\"url\":\"https:\/\/www.welovecycling.com\/hu\/\",\"name\":\"\u0160koda We Love Cycling - Magyarorsz\u00e1g\",\"description\":\"\u0160koda WeLoveCycling\",\"potentialAction\":[{\"@type\":\"SearchAction\",\"target\":{\"@type\":\"EntryPoint\",\"urlTemplate\":\"https:\/\/www.welovecycling.com\/hu\/?s={search_term_string}\"},\"query-input\":{\"@type\":\"PropertyValueSpecification\",\"valueRequired\":true,\"valueName\":\"search_term_string\"}}],\"inLanguage\":\"hu\"},{\"@type\":\"Person\",\"@id\":\"https:\/\/www.welovecycling.com\/hu\/#\/schema\/person\/bec7dcdbcc59f58489cf603e4040ced1\",\"name\":\"kitti\",\"image\":{\"@type\":\"ImageObject\",\"inLanguage\":\"hu\",\"@id\":\"https:\/\/www.welovecycling.com\/hu\/#\/schema\/person\/image\/\",\"url\":\"https:\/\/secure.gravatar.com\/avatar\/e3196a110e1b57b96f56d92d10ce9bb4e9d7210076832a16243337e949410b52?s=96&d=mm&r=g\",\"contentUrl\":\"https:\/\/secure.gravatar.com\/avatar\/e3196a110e1b57b96f56d92d10ce9bb4e9d7210076832a16243337e949410b52?s=96&d=mm&r=g\",\"caption\":\"kitti\"},\"url\":\"https:\/\/www.welovecycling.com\/hu\/author\/kitti\/\"}]}<\/script>\n<!-- \/ Yoast SEO Premium plugin. -->","yoast_head_json":{"title":"Bring\u00e1s t\u00e9m\u00e1kkal, tippekkel \u00e9s nyerem\u00e9nyj\u00e1t\u00e9kkal v\u00e1runk!","description":"Te is \u00fagy \u00e9rzed, hogy egyszer\u0171en nem tudsz eleget foglalkozni a bicikliz\u00e9ssel? Minden szabad percedben tekersz, k\u00f6veted a Tour de France-t, arr\u00f3l \u00e1lmodsz, hogy ott ped\u00e1lozol a mez\u0151nyben, munka k\u00f6zben pedig tervezgeted a k\u00f6vetkez\u0151 t\u00far\u00e1dat, \u00e9s m\u00e9gsem el\u00e9g. Mit lehetne m\u00e9g tenni, hogy kiel\u00e9g\u00fclj\u00f6n a kiel\u00e9g\u00edthetetlen v\u00e1gy?","robots":{"index":"index","follow":"follow","max-snippet":"max-snippet:-1","max-image-preview":"max-image-preview:large","max-video-preview":"max-video-preview:-1"},"canonical":"https:\/\/www.welovecycling.com\/hu\/kozosseg-es-kultura\/bringas-temakkal-tippekkel-es-nyeremenyjatekkal-varunk\/","og_locale":"hu_HU","og_type":"article","og_title":"Bring\u00e1s t\u00e9m\u00e1kkal, tippekkel \u00e9s nyerem\u00e9nyj\u00e1t\u00e9kkal v\u00e1runk!","og_description":"Te is \u00fagy \u00e9rzed, hogy egyszer\u0171en nem tudsz eleget foglalkozni a bicikliz\u00e9ssel? Minden szabad percedben tekersz, k\u00f6veted a Tour de France-t, arr\u00f3l \u00e1lmodsz, hogy ott ped\u00e1lozol a mez\u0151nyben, munka k\u00f6zben pedig tervezgeted a k\u00f6vetkez\u0151 t\u00far\u00e1dat, \u00e9s m\u00e9gsem el\u00e9g. Mit lehetne m\u00e9g tenni, hogy kiel\u00e9g\u00fclj\u00f6n a kiel\u00e9g\u00edthetetlen v\u00e1gy?","og_url":"https:\/\/www.welovecycling.com\/hu\/kozosseg-es-kultura\/bringas-temakkal-tippekkel-es-nyeremenyjatekkal-varunk\/","og_site_name":"\u0160koda We Love Cycling - Magyarorsz\u00e1g","article_publisher":"https:\/\/www.facebook.com\/WeLoveCyclingHungary\/","article_published_time":"2022-07-04T10:47:53+00:00","article_modified_time":"2022-07-04T14:11:14+00:00","og_image":[{"width":990,"height":660,"url":"https:\/\/d2p6e6u75xmxt8.cloudfront.net\/12\/2022\/07\/WL010_TdF_IRATKOZZFEL_v2_wlccikk_990x660.png","type":"image\/png"}],"author":"kitti","twitter_card":"summary_large_image","twitter_misc":{"Written by":"WLC","Est. reading time":"1 minute"},"schema":{"@context":"https:\/\/schema.org","@graph":[{"@type":"WebPage","@id":"https:\/\/www.welovecycling.com\/hu\/kozosseg-es-kultura\/bringas-temakkal-tippekkel-es-nyeremenyjatekkal-varunk\/","url":"https:\/\/www.welovecycling.com\/hu\/kozosseg-es-kultura\/bringas-temakkal-tippekkel-es-nyeremenyjatekkal-varunk\/","name":"Bring\u00e1s t\u00e9m\u00e1kkal, tippekkel \u00e9s nyerem\u00e9nyj\u00e1t\u00e9kkal v\u00e1runk!","isPartOf":{"@id":"https:\/\/www.welovecycling.com\/hu\/#website"},"primaryImageOfPage":{"@id":"https:\/\/www.welovecycling.com\/hu\/kozosseg-es-kultura\/bringas-temakkal-tippekkel-es-nyeremenyjatekkal-varunk\/#primaryimage"},"image":{"@id":"https:\/\/www.welovecycling.com\/hu\/kozosseg-es-kultura\/bringas-temakkal-tippekkel-es-nyeremenyjatekkal-varunk\/#primaryimage"},"thumbnailUrl":"https:\/\/d2p6e6u75xmxt8.cloudfront.net\/12\/2022\/07\/WL010_TdF_IRATKOZZFEL_v2_wlccikk_990x660.png","datePublished":"2022-07-04T10:47:53+00:00","dateModified":"2022-07-04T14:11:14+00:00","author":{"@id":"https:\/\/www.welovecycling.com\/hu\/#\/schema\/person\/bec7dcdbcc59f58489cf603e4040ced1"},"description":"Te is \u00fagy \u00e9rzed, hogy egyszer\u0171en nem tudsz eleget foglalkozni a bicikliz\u00e9ssel? Minden szabad percedben tekersz, k\u00f6veted a Tour de France-t, arr\u00f3l \u00e1lmodsz, hogy ott ped\u00e1lozol a mez\u0151nyben, munka k\u00f6zben pedig tervezgeted a k\u00f6vetkez\u0151 t\u00far\u00e1dat, \u00e9s m\u00e9gsem el\u00e9g. Mit lehetne m\u00e9g tenni, hogy kiel\u00e9g\u00fclj\u00f6n a kiel\u00e9g\u00edthetetlen v\u00e1gy?","breadcrumb":{"@id":"https:\/\/www.welovecycling.com\/hu\/kozosseg-es-kultura\/bringas-temakkal-tippekkel-es-nyeremenyjatekkal-varunk\/#breadcrumb"},"inLanguage":"hu","potentialAction":[{"@type":"ReadAction","target":["https:\/\/www.welovecycling.com\/hu\/kozosseg-es-kultura\/bringas-temakkal-tippekkel-es-nyeremenyjatekkal-varunk\/"]}]},{"@type":"ImageObject","inLanguage":"hu","@id":"https:\/\/www.welovecycling.com\/hu\/kozosseg-es-kultura\/bringas-temakkal-tippekkel-es-nyeremenyjatekkal-varunk\/#primaryimage","url":"https:\/\/d2p6e6u75xmxt8.cloudfront.net\/12\/2022\/07\/WL010_TdF_IRATKOZZFEL_v2_wlccikk_990x660.png","contentUrl":"https:\/\/d2p6e6u75xmxt8.cloudfront.net\/12\/2022\/07\/WL010_TdF_IRATKOZZFEL_v2_wlccikk_990x660.png","width":990,"height":660},{"@type":"BreadcrumbList","@id":"https:\/\/www.welovecycling.com\/hu\/kozosseg-es-kultura\/bringas-temakkal-tippekkel-es-nyeremenyjatekkal-varunk\/#breadcrumb","itemListElement":[{"@type":"ListItem","position":1,"name":"Home","item":"https:\/\/www.welovecycling.com\/hu\/"},{"@type":"ListItem","position":2,"name":"Bring\u00e1s t\u00e9m\u00e1kkal, tippekkel \u00e9s nyerem\u00e9nyj\u00e1t\u00e9kkal v\u00e1runk!"}]},{"@type":"WebSite","@id":"https:\/\/www.welovecycling.com\/hu\/#website","url":"https:\/\/www.welovecycling.com\/hu\/","name":"\u0160koda We Love Cycling - Magyarorsz\u00e1g","description":"\u0160koda WeLoveCycling","potentialAction":[{"@type":"SearchAction","target":{"@type":"EntryPoint","urlTemplate":"https:\/\/www.welovecycling.com\/hu\/?s={search_term_string}"},"query-input":{"@type":"PropertyValueSpecification","valueRequired":true,"valueName":"search_term_string"}}],"inLanguage":"hu"},{"@type":"Person","@id":"https:\/\/www.welovecycling.com\/hu\/#\/schema\/person\/bec7dcdbcc59f58489cf603e4040ced1","name":"kitti","image":{"@type":"ImageObject","inLanguage":"hu","@id":"https:\/\/www.welovecycling.com\/hu\/#\/schema\/person\/image\/","url":"https:\/\/secure.gravatar.com\/avatar\/e3196a110e1b57b96f56d92d10ce9bb4e9d7210076832a16243337e949410b52?s=96&d=mm&r=g","contentUrl":"https:\/\/secure.gravatar.com\/avatar\/e3196a110e1b57b96f56d92d10ce9bb4e9d7210076832a16243337e949410b52?s=96&d=mm&r=g","caption":"kitti"},"url":"https:\/\/www.welovecycling.com\/hu\/author\/kitti\/"}]}},"_links":{"self":[{"href":"https:\/\/www.welovecycling.com\/hu\/wp-json\/wp\/v2\/posts\/15339","targetHints":{"allow":["GET"]}}],"collection":[{"href":"https:\/\/www.welovecycling.com\/hu\/wp-json\/wp\/v2\/posts"}],"about":[{"href":"https:\/\/www.welovecycling.com\/hu\/wp-json\/wp\/v2\/types\/post"}],"author":[{"embeddable":true,"href":"https:\/\/www.welovecycling.com\/hu\/wp-json\/wp\/v2\/users\/145"}],"replies":[{"embeddable":true,"href":"https:\/\/www.welovecycling.com\/hu\/wp-json\/wp\/v2\/comments?post=15339"}],"version-history":[{"count":2,"href":"https:\/\/www.welovecycling.com\/hu\/wp-json\/wp\/v2\/posts\/15339\/revisions"}],"predecessor-version":[{"id":15365,"href":"https:\/\/www.welovecycling.com\/hu\/wp-json\/wp\/v2\/posts\/15339\/revisions\/15365"}],"wp:featuredmedia":[{"embeddable":true,"href":"https:\/\/www.welovecycling.com\/hu\/wp-json\/wp\/v2\/media\/15340"}],"wp:attachment":[{"href":"https:\/\/www.welovecycling.com\/hu\/wp-json\/wp\/v2\/media?parent=15339"}],"wp:term":[{"taxonomy":"category","embeddable":true,"href":"https:\/\/www.welovecycling.com\/hu\/wp-json\/wp\/v2\/categories?post=15339"},{"taxonomy":"post_tag","embeddable":true,"href":"https:\/\/www.welovecycling.com\/hu\/wp-json\/wp\/v2\/tags?post=15339"},{"taxonomy":"global-categories","embeddable":true,"href":"https:\/\/www.welovecycling.com\/hu\/wp-json\/wp\/v2\/global-categories?post=15339"}],"curies":[{"name":"wp","href":"https:\/\/api.w.org\/{rel}","templated":true}]}}