{"id":15334,"date":"2022-07-06T08:00:56","date_gmt":"2022-07-06T06:00:56","guid":{"rendered":"https:\/\/www.welovecycling.com\/hu\/?p=15334"},"modified":"2022-07-04T14:48:40","modified_gmt":"2022-07-04T12:48:40","slug":"egynapos-csodak-a-legjobb-versenyzok-akik-csak-egyszer-viseltek-a-sarga-mezt","status":"publish","type":"post","link":"https:\/\/www.welovecycling.com\/hu\/orszaguti-kerekpar\/egynapos-csodak-a-legjobb-versenyzok-akik-csak-egyszer-viseltek-a-sarga-mezt\/","title":{"rendered":"Egynapos csod\u00e1k: A legjobb versenyz\u0151k, akik csak egyszer viselt\u00e9k a s\u00e1rga mezt"},"content":{"rendered":"<p><strong>Az ikonikus s\u00e1rga mez \u2013 melyet a Tour de France vezet\u0151 ker\u00e9kp\u00e1rosa viselhet \u2013 eredet\u00e9t gyakran vitatj\u00e1k. 1913-ban a Tour egyik versenyz\u0151je, Phillipe Thys a Champions et Vedettes-nek azt nyilatkozta, hogy Henri Desgrange, a Le Tour megalkot\u00f3ja k\u00e9rte meg, hogy viseljen s\u00e1rga mezt, hogy k\u00f6nnyen lehessen azonos\u00edtani. Phillipe eleinte visszautas\u00edtotta a k\u00e9r\u00e9st, melynek hat\u00e1s\u00e1ra \u2013 amint azt a csapata \u00e9s szponzorai megneszelt\u00e9k \u2013 Henri visszavonta a d\u00f6nt\u00e9s\u00e9t.<\/strong><\/p>\n<p><!--more--><\/p>\n<p>\u00cdgy, hivatalosan az els\u0151 mezt Eugene Christophe viselhette Grenoble-ban, 1919. j\u00falius 19-\u00e9n. Ezt a d\u00e1tumot 100 \u00e9vvel k\u00e9s\u0151bb is meg\u00fcnnepelt\u00e9k, amikor ugyanebben a v\u00e1rosban eml\u00e9kt\u00e1bl\u00e1t avattak a pillanat eml\u00e9k\u00e9re. Az\u00f3ta m\u00e1r rengeteg versenyz\u0151 viselte a mezt. A rekordot \u2013 nem meglep\u0151 m\u00f3don \u2013 Eddy Merckx tartja. \u0150 96 napon kereszt\u00fcl hordta a trik\u00f3t! A mostani versenyz\u0151k k\u00f6z\u00fcl pedig Chris Froome vezeti a list\u00e1t 59 nappal. A mez preszt\u00edzs\u00e9t azonban mindenki \u00e9rzi, ak\u00e1r egy, ak\u00e1r 96 napon kereszt\u00fcl tudhatja mag\u00e1\u00e9nak.<\/p>\n<p>Ma az egynapos csod\u00e1kra koncentr\u00e1lunk. A legjelent\u0151sebb versenyz\u0151k k\u00f6z\u00fcl mutatunk be n\u00e9h\u00e1nyat, akik csak egyszer viselt\u00e9k a legend\u00e1s maillot jaune-t.<\/p>\n<h2><strong>Mark Cavendish<\/strong><\/h2>\n<p>Mark Cavendish 33 szakaszgy\u0151zelm\u00e9vel a Tour de France eddigi egyik legsikeresebb versenyz\u0151je, \u00edgy t\u00f6k\u00e9letes v\u00e1laszt\u00e1s list\u00e1nk nyit\u00e1nyak\u00e9nt. Igaz, a Manx Rak\u00e9ta lehet\u0151s\u00e9gei a s\u00e1rga mez visel\u00e9s\u00e9re el\u00e9g korl\u00e1tozottak, hiszen az emelked\u0151ket \u00e9s id\u0151futamokat tekintve kor\u00e1ntsem \u0151 a legjobb, de a versenyen el\u00e9rt eredm\u00e9nyei alapj\u00e1n m\u00e9gis v\u00e1rhat\u00f3 lett volna, hogy az \u00e9vek sor\u00e1n egyn\u00e9l j\u00f3val t\u00f6bb gy\u0151zelmet fog szerezni.<\/p>\n<figure id=\"attachment_12360\" aria-describedby=\"caption-attachment-12360\" style=\"width: 1000px\" class=\"wp-caption alignnone\"><a href=\"https:\/\/d2p6e6u75xmxt8.cloudfront.net\/12\/2021\/08\/Mark-Cavendish-profimedia-0620584127.jpg\"><img loading=\"lazy\" decoding=\"async\" class=\"wp-image-12360 size-full\" src=\"https:\/\/d2p6e6u75xmxt8.cloudfront.net\/12\/2021\/08\/Mark-Cavendish-profimedia-0620584127.jpg\" alt=\"Mark Cavendish\" width=\"1000\" height=\"666\" srcset=\"https:\/\/d2p6e6u75xmxt8.cloudfront.net\/12\/2021\/08\/Mark-Cavendish-profimedia-0620584127.jpg 1000w, https:\/\/d2p6e6u75xmxt8.cloudfront.net\/12\/2021\/08\/Mark-Cavendish-profimedia-0620584127-300x200.jpg 300w, https:\/\/d2p6e6u75xmxt8.cloudfront.net\/12\/2021\/08\/Mark-Cavendish-profimedia-0620584127-768x511.jpg 768w, https:\/\/d2p6e6u75xmxt8.cloudfront.net\/12\/2021\/08\/Mark-Cavendish-profimedia-0620584127-272x182.jpg 272w\" sizes=\"auto, (max-width: 1000px) 100vw, 1000px\" \/><\/a><figcaption id=\"caption-attachment-12360\" class=\"wp-caption-text\"><em>Cavendish a \u0160koda z\u00f6ld mez\u00e9ben a 2021-es Touron.<\/em><\/figcaption><\/figure>\n<p>A legjobb es\u00e9lyei mindig az els\u0151 p\u00e1r napban, a s\u00edk szakaszokon voltak, amikor minden a gyorsas\u00e1gr\u00f3l sz\u00f3lt. A versenyen 2007-ben deb\u00fct\u00e1lt, de az els\u0151 igazi es\u00e9lye, hogy s\u00e1rg\u00e1t szerezzen 2013-ban volt, egy Porto Vecchio-i c\u00e9lba \u00e9rkez\u00e9skor. Egy baleset miatt azonban v\u00e9g\u00fcl Marcel Kittel szerezte meg a mezt.<\/p>\n<p>Kittel egy \u00e9vvel k\u00e9s\u0151bb Yorkshire-ben szint\u00e9n megnyerte a nyit\u00f3 szakaszt, miut\u00e1n Cavendish ism\u00e9t kiesett a v\u00e9gs\u0151 sprintben. Ahogy a s\u00e9ma alakult, \u00fagy t\u0171nt, hogy Cav soha nem szerzi meg a h\u0151n \u00e1h\u00edtott mezt. 2016-ban azonban egy \u00e1lom v\u00e1lt val\u00f3ra, amikor Utah Beachen v\u00e9g\u00fcl megel\u0151zte riv\u00e1lisait \u00e9s megnyerte a nyit\u00f3 szakaszt, ezzel egy\u00fctt pedig a maillot jaune-t.<\/p>\n<p>Az\u00f3ta t\u00f6bb szakaszt is nyert, de erre volt a legb\u00fcszk\u00e9bb, hiszen ennek eredm\u00e9nyek\u00e9nt viselhette a s\u00e1rga mezt. Gy\u0151zelme ut\u00e1n \u00edgy nyilatkozott a Cyclingnews-nak: &#8220;<em>Meg vagyok hat\u00f3dva. Ez az egyetlen mez a ker\u00e9kp\u00e1rsportban, amit eddig nem viselhettem. Megvolt m\u00e1r mindh\u00e1rom pontszerz\u0151 trik\u00f3, vil\u00e1gbajnoki mezek \u00e9s a vezet\u0151 mez a Giro-n \u00e9s a Vuelta-n, de v\u00e9gre ezt is megszereztem. Hatalmas megtiszteltet\u00e9s. Az eg\u00e9sz karrieremet erre a versenyre \u00e9p\u00edtettem.&#8221;<\/em><\/p>\n<h2><strong>Sean Kelly<\/strong><\/h2>\n<p>Cavendishhez hasonl\u00f3an Sean Kelly sz\u00e1m\u00e1ra sem voltak idegenek a Tour-gy\u0151zelmek. \u0150 is rengeteg vezet\u0151 mezt viselt m\u00e1r p\u00e1lyafut\u00e1sa sor\u00e1n. A &#8220;Mr. Paris-Nice&#8221; n\u00e9ven ismert versenyz\u0151 rekordot jelent\u0151 h\u00e9t alkalommal nyerte meg a &#8220;Race to the Sun&#8221; versenyt &#8211; ezt a hihetetlen teljes\u00edtm\u00e9nyt pedig csak tov\u00e1bb fokozza az a t\u00e9ny, hogy ezek egym\u00e1st k\u00f6vet\u0151 gy\u0151zelmek voltak. Azt se felejts\u00fck el megeml\u00edteni, hogy mindezek mellett m\u00e9g az 1988-as Vuelta a Espa\u00f1a nagy k\u00f6rversenyt is megnyerte.<\/p>\n<p>Mindezek tudat\u00e1ban hihetetlen belegondolni, hogy Kelly mind\u00f6ssze egyetlen napot t\u00f6lt\u00f6tt a s\u00e1rga mezben, 1983-ban. Miut\u00e1n az els\u0151 nyolc napban v\u00e9gig az \u00e9lmez\u0151nyben tartotta mag\u00e1t, Kelly a kilencedik szakaszon Pau-ban v\u00e9g\u00fcl a harmadik helyen \u00e9rt c\u00e9lba. Azonban mivel a versenynapot 25 m\u00e1sodperccel Kim Anderson m\u00f6g\u00f6tt kezdte, \u00e9s \u0151t egy m\u00e1sodperccel megel\u0151zve fejezte be, \u00edgy a verseny \u00e9l\u00e9re var\u00e1zsolta mag\u00e1t. Ahogy a cikk c\u00edme is jelzi, Kelly ezt a poz\u00edci\u00f3t csak 24 \u00f3r\u00e1n kereszt\u00fcl tudta megtartani, miut\u00e1n k\u00f6zel kilenc perc el\u0151nyt adott Pascal Simonnak, amikor a pireneusi &#8220;hal\u00e1l k\u00f6r\u00e9t&#8221; (Aubisque, Tourmalet, Aspin, Peyresaude) pr\u00f3b\u00e1lta bevenni. B\u00e1r 83-ban v\u00e9g\u00fcl Laurent Fignon gy\u0151z\u00f6tt, de ez a nap Kelly sz\u00e1m\u00e1ra is hozott n\u00e9mi sikert, mivel ekkor nyerte meg az els\u0151 z\u00f6ld mez\u00e9t a p\u00e1lyafut\u00e1sa sor\u00e1n szerzett n\u00e9gyb\u0151l.<\/p>\n<h2><strong>Jean-Francois Bernard<\/strong><\/h2>\n<figure id=\"attachment_15336\" aria-describedby=\"caption-attachment-15336\" style=\"width: 1000px\" class=\"wp-caption alignnone\"><a href=\"https:\/\/d2p6e6u75xmxt8.cloudfront.net\/12\/2022\/07\/Jean-Francois-Bernard-profimedia-0068376007.jpg\"><img loading=\"lazy\" decoding=\"async\" class=\"size-full wp-image-15336\" src=\"https:\/\/d2p6e6u75xmxt8.cloudfront.net\/12\/2022\/07\/Jean-Francois-Bernard-profimedia-0068376007.jpg\" alt=\"Jean-Francois Bernard\" width=\"1000\" height=\"666\" srcset=\"https:\/\/d2p6e6u75xmxt8.cloudfront.net\/12\/2022\/07\/Jean-Francois-Bernard-profimedia-0068376007.jpg 1000w, https:\/\/d2p6e6u75xmxt8.cloudfront.net\/12\/2022\/07\/Jean-Francois-Bernard-profimedia-0068376007-300x200.jpg 300w, https:\/\/d2p6e6u75xmxt8.cloudfront.net\/12\/2022\/07\/Jean-Francois-Bernard-profimedia-0068376007-768x511.jpg 768w, https:\/\/d2p6e6u75xmxt8.cloudfront.net\/12\/2022\/07\/Jean-Francois-Bernard-profimedia-0068376007-272x182.jpg 272w\" sizes=\"auto, (max-width: 1000px) 100vw, 1000px\" \/><\/a><figcaption id=\"caption-attachment-15336\" class=\"wp-caption-text\"><em>Bernard az 1987-es Touron. \u00a9 Profimedia<\/em><\/figcaption><\/figure>\n<p>A lista tal\u00e1n legsz\u00edvszor\u00edt\u00f3bb t\u00f6rt\u00e9nete Jean-Francois Bernard\u00e9, akit 1987-ben Bernard Hinault, a francia Tour-kir\u00e1ly koron\u00e1j\u00e1nak \u00f6r\u00f6k\u00f6sek\u00e9nt harangoztak be, miut\u00e1n Hinault 1986-ban, \u00f6t Tour-gy\u0151zelem ut\u00e1n visszavonult.<\/p>\n<p>Bernard m\u00e9g ugyanann\u00e1l a csapatn\u00e1l is versenyzett, mint Hinault (a La Vie Claire-n\u00e9l), \u00e9s kulcsszerepet j\u00e1tszott abban, hogy a 86-os verseny sor\u00e1n mind Hinault, mind pedig Greg LeMond es\u00e9lyes maradjon a gy\u0151zelemre. Egy \u00e9vvel k\u00e9s\u0151bb, amikor Bernard megnyerte az 1987-es Tour 18. szakasz\u00e1t, \u00fagy t\u0171nt, hogy most \u0151 ker\u00fclhet a k\u00f6z\u00e9ppontba. Ez egy egy\u00e9ni id\u0151futam volt a Mont Ventoux cs\u00facs\u00e1ra. Bernard felismerte a lehet\u0151s\u00e9get, felsz\u00e1guldott az emelked\u0151n, \u00e9s megnyerte a szakaszt, valamint a s\u00e1rga mezt is. Legk\u00f6zelebbi riv\u00e1lisa, Luis Herrera, egy perc 39 m\u00e1sodperccel maradt le, m\u00edg az \u00f6sszes\u00edt\u00e9sben k\u00e9t \u00e9s f\u00e9l perc el\u0151nye volt az \u00edr Stephen Roche-el szemben.<\/p>\n<p>Ilyen el\u0151nnyel valami drasztikusnak kellett volna t\u00f6rt\u00e9nnie ahhoz, hogy a verseny utols\u00f3 szakaszain elvesz\u00edtse a vezet\u00e9st &#8211; \u00e9s sajnos pontosan ez is t\u00f6rt\u00e9nt. El\u0151sz\u00f6r is, Bernard a 19. szakaszon jelent\u0151s h\u00e1tr\u00e1nyba ker\u00fclt, miut\u00e1n defektet kapott. Mindek\u00f6zben Stephen Roche kieszelt egy tervet, amivel megel\u0151zheti az \u00e9len halad\u00f3t. Extra \u00e9lelmet pakolt mag\u00e1nak, \u00edgy amikor a mez\u0151ny \u00e1thaladt egy \u00e9tkez\u00e9si z\u00f3n\u00e1n, lehagyta \u0151ket. Bernard sz\u00e1m\u00e1ra ez volt a v\u00e9gs\u0151 csap\u00e1s. Ezen a dr\u00e1mai versenynapon n\u00e9gy perc h\u00e1tr\u00e1nyba ker\u00fclt, \u00e9s \u00edgy elvesz\u00edtette a s\u00e1rga mezt.<\/p>\n<p>Bernard 1987-ben m\u00e9g egy szakaszt megnyert &#8211; egy m\u00e1sodik id\u0151futamot -, de ez v\u00e9g\u00fcl csak a dobog\u00f3s helyez\u00e9shez volt el\u00e9g. Ezut\u00e1n m\u00e1r nem tudta megism\u00e9telni a 87-es versenyen hozott form\u00e1j\u00e1t, \u00e9s soha t\u00f6bb\u00e9 nem ker\u00fclt be az els\u0151 10-be egyik nagy k\u00f6rversenyen sem. 1996-ban vonult vissza 52 futamgy\u0151zelemmel, \u00e9s csak egy napot t\u00f6lthetett s\u00e1rg\u00e1ban. A n\u00e9hai Richard Moore az Etape c\u00edm\u0171 k\u00f6nyv\u00e9ben egy \u00e9rdekes fejezetet szentelt a t\u00f6rt\u00e9netnek, amit \u00e9rdemes elolvasni.<\/p>\n<h2><strong>Tom Simpson<\/strong><\/h2>\n<p>Tom Simpson kor\u00e1nak \u00fatt\u00f6r\u0151je. \u0150 volt az egyik els\u0151 brit versenyz\u0151, aki sikeresen szerepelt a Touron, ez\u00e1ltal sokakat inspir\u00e1lva a versenyz\u00e9sre. A Tourhoz f\u0171z\u0151d\u0151 kapcsolata azonban tragikus. Az 1967-es versenyen, a Mont Ventoux lejt\u0151in hunyt el, sz\u00edvel\u00e9gtelens\u00e9gben.<\/p>\n<p>\u00d6t \u00e9vvel kor\u00e1bban azonban Simpson saj\u00e1t f\u00e9nykor\u00e1t \u00e9lte. 1962-ben a Gitane-Leroux-Dunlop-R. Feminiani sz\u00edneiben, csapata vezet\u0151jek\u00e9nt indult a versenyen. Az els\u0151 h\u00e9ten v\u00e9gig l\u0151t\u00e1vols\u00e1gon bel\u00fcl volt a s\u00e1rg\u00e1t\u00f3l, az \u00f6sszes\u00edtett eredm\u00e9nyek alapj\u00e1n pedig az els\u0151 10 k\u00f6z\u00f6tt \u00e1llt. A 11. szakaszon m\u00e1r a harmadik volt, amikor pedig a mez\u0151ny el\u00e9rte a &#8220;hal\u00e1l k\u00f6r\u00e9t&#8221;, el\u00e9rkezett a nagy es\u00e9ly.<\/p>\n<p>A f\u00e9lelmetes Col du Tourmalet-en t\u00f6bbekkel egy\u00fctt megel\u0151zte riv\u00e1lisait \u00e9s a 18. helyen fejezte be a szakaszt. Az \u00f6sszes\u00edtett eredm\u00e9nyek alapj\u00e1n azonban \u0151 v\u00e9gzett a legel\u0151kel\u0151bb helyen, \u00edgy \u00e1tvehette a s\u00e1rga trik\u00f3t Andre Darrigade-t\u00f3l. Ezzel t\u00f6rt\u00e9nelmet \u00edrt, \u00e9s \u0151 lett az els\u0151 brit, aki a vezet\u0151 mezt viselhette. Azonban csak egy napig: a k\u00f6vetkez\u0151 id\u0151futamban elvesz\u00edtette. Tom Simpson egyengette az utat olyan brit versenyz\u0151k el\u0151tt, mint Philippa York, David Millar, Bradley Wiggins \u00e9s Chris Froome, csak hogy n\u00e9h\u00e1nyat eml\u00edts\u00fcnk.<\/p>\n<h2><strong>Luc Leblanc<\/strong><\/h2>\n<p>A francia k\u00f6z\u00f6ns\u00e9g mindig beleszeret egy olyan hazai h\u0151sbe, aki a hegyi szakaszokon is k\u00e1pr\u00e1zatos tud lenni. A 2000-es \u00e9vekben p\u00e9ld\u00e1ul a vakmer\u0151 Thomas Voeckler volt az, aki dacolva az es\u00e9lyekkel, 2011-ben szembesz\u00e1llt a legnagyobbakkal, \u00e9s 10 napot t\u00f6lt\u00f6tt s\u00e1rg\u00e1ban. A 90-es \u00e9vekben pedig Luc Leblanc ny\u00fajtott csod\u00e1latos teljes\u00edtm\u00e9nyt, leny\u0171g\u00f6zve a rajong\u00f3t\u00e1bor\u00e1t.<\/p>\n<p>1994-ben vil\u00e1gbajnoki c\u00edmet nyert Olaszorsz\u00e1gban, de m\u00e1r h\u00e1rom \u00e9vvel kor\u00e1bban is szerepelt a Le Grande Boucle-on. A nagy es\u00e9ly a s\u00e1rg\u00e1ra a Pireneusokban, a 12. szakaszon j\u00f6tt el. Olyan versenyz\u0151kkel ker\u00fclt az \u00e9lmez\u0151nybe, mint Charly Mottet \u00e9s Pascal Richard, \u00edgy LeMond &#8211; az 1989-es \u00e9s 1990-es gy\u0151ztes &#8211; m\u00f6g\u00f6tt\u00fck loholva m\u00e1r nehezen tudta megoldani az el\u0151z\u00e9st. V\u00e9g\u00fcl Mottet nyerte meg a 192 km-es szakaszt, de Leblanc az \u00f6sszes\u00edtettben t\u00f6bb mint k\u00e9t perccel el\u0151tte v\u00e9gzett, \u00edgy megnyerte a s\u00e1rga mezt.<\/p>\n<p>Ekkor m\u00e1r hat \u00e9ve nem nyert francia versenyz\u0151 a Touron, ez j\u00f3 alkalomnak t\u0171nt. A 13. szakasz azonban m\u00e1r nem kedvezett Leblanc-nak. T\u00f6bb mint 12 perc h\u00e1tr\u00e1nyba ker\u00fclt, \u00edgy Claudio Chiappucci vette \u00e1t a hely\u00e9t. Az \u00f6sszes\u00edt\u00e9sben Leblanc v\u00e9g\u00fcl az \u00f6t\u00f6dik helyen v\u00e9gzett, \u00edgy a francia gy\u0151ztesre val\u00f3 v\u00e1rakoz\u00e1s mind a mai napig tart. Leblanc k\u00e9s\u0151bb beismerte, hogy EPO-t fogyasztott a versenyre val\u00f3 felk\u00e9sz\u00fcl\u00e9s sor\u00e1n, de azt az eml\u00e9ket, hogy egy napig viselhette a s\u00e1rg\u00e1t, m\u00e1r senki nem veheti el t\u0151le.<\/p>\n<h2><strong>Adrie van der Poel<\/strong><\/h2>\n<p>A tavalyi bretagne-i versenyen Mathieu &#8211; Adrie fia &#8211; a m\u00e1sodik szakaszon hihetetlen teker\u00e9ssel szerezte meg a s\u00e1rg\u00e1t.<\/p>\n<p>38 \u00e9vvel kor\u00e1bban pedig maga Adrie volt az, aki hordhatta a mezt, hab\u00e1r csak egy napig. Ak\u00e1rcsak fia, Adrie is sokoldal\u00fa versenyz\u0151 volt. T\u00f6bb d\u00edjat \u00e9s cyclocross vil\u00e1gbajnoki c\u00edmet is nyert. 1984-ben pedig megszerezte a s\u00e1rga mezt. A negyedik szakaszon a reggeli id\u0151futam ut\u00e1n csup\u00e1n egy m\u00e1sodperccel volt lemaradva az el\u0151z\u0151 \u00e9jszakai \u00e9lbring\u00e1s Jacques Hanegraaf m\u00f6g\u00f6tt. Aznap d\u00e9lut\u00e1n a mez\u0151ny egy 83 kilom\u00e9teres utat teljes\u00edtett az \u00e9szak-franciaorsz\u00e1gi Bethune-ba, melyet a belga Ferdi Van Den Haute nyert meg, van der Poel pedig harmadikk\u00e9nt \u00e9rt c\u00e9lba, ez azonban el\u00e9g volt ahhoz, hogy megel\u0151zze Hanegraaf-ot \u00e9s \u00e1tvehesse a mez\u00e9t.<\/p>\n<p>Az \u00f6t\u00f6dik szakaszon viszont 17 perc h\u00e1tr\u00e1nyba ker\u00fclt, \u00edgy nem meglep\u0151 m\u00f3don van der Poel elvesztette a s\u00e1rga mezt.<\/p>\n<p>A sors fintora, hogy Adrie feles\u00e9g\u00fcl vette Corrinne-t, az \u00f6r\u00f6k m\u00e1sodik, Raymond Poulidor l\u00e1ny\u00e1t. A Tour de France-versenyz\u0151k h\u00e1rom gener\u00e1ci\u00f3j\u00e1b\u00f3l t\u00f6bb dobog\u00f3s helyez\u00e9s\u00e9vel Poulidor \u00e1llt a legk\u00f6zelebb a gy\u0151zelemhez, de figyelemre m\u00e9lt\u00f3 m\u00f3don \u0151 az egyetlen, aki sosem viselhette a vezet\u0151 mezt. Amikor Adrie fia, Mathieu tavaly \u00e1thaladt a c\u00e9lvonalon, el\u00f6nt\u00f6tt\u00e9k az \u00e9rzelmek n\u00e9hai nagyapja miatt, \u00e9s mik\u00f6zben k\u00f6nnyek sz\u00f6ktek a szem\u00e9be, ezt mondta: <em>\u201eEzt \u00e9rted, Poupou\u201d.<\/em><\/p>\n<div class=\"embed-controller-wrapper\">\n<blockquote class=\"twitter-tweet\" data-width=\"500\" data-dnt=\"true\">\n<p lang=\"en\" dir=\"ltr\">A touching tribute from grandson to grandfather on Mathieu van der Poel&#39;s Instagram feed this week, too. Surely it&#39;s only a matter of time before MvdP dons the yellow jersey that eluded Poupou during his illustrious career. <a href=\"https:\/\/t.co\/zhpXSsOT3z\">pic.twitter.com\/zhpXSsOT3z<\/a><\/p>\n<p>&mdash; Felix Lowe (@saddleblaze) <a href=\"https:\/\/twitter.com\/saddleblaze\/status\/1195305490512830464?ref_src=twsrc%5Etfw\">November 15, 2019<\/a><\/p><\/blockquote>\n<p><script async data-src=\"https:\/\/platform.twitter.com\/widgets.js\" charset=\"utf-8\"><\/script><\/div>\n<h2><strong>Sean Yates<\/strong><\/h2>\n<p>Ha sz\u00edv\u00f3ss\u00e1gr\u00f3l \u00e9s elsz\u00e1nts\u00e1gr\u00f3l van sz\u00f3, Sean Yates-t nem igaz\u00e1n lehet t\u00falsz\u00e1rnyalni. A brit ker\u00e9kp\u00e1ros a kilencvenes \u00e9vekben a mez\u0151ny egyik meghat\u00e1roz\u00f3 versenyz\u0151jek\u00e9nt tartott\u00e1k sz\u00e1mon, tov\u00e1bb\u00e1 Tom Simpson mellett \u0151 volt a m\u00e1sik brit, aki tov\u00e1bb egyengette az utat a k\u00f6vetkez\u0151 gener\u00e1ci\u00f3k sz\u00e1m\u00e1ra. Nem a nagy lejt\u0151k kir\u00e1lyak\u00e9nt volt ismert, ink\u00e1bb a s\u00edk szakaszok mentek neki j\u00f3l, valamint legink\u00e1bb domestique posztban t\u00fcnd\u00f6k\u00f6lt, vagyis csapata t\u00e1mogat\u00e1sa volt a legfontosabb feladata, de 14 \u00e9ves p\u00e1lyafut\u00e1sa sor\u00e1n az\u00e9rt sok \u00f6r\u00f6mteli pillanata volt. 1992-ben orsz\u00e1gos bajnok lett, 1989-ben pedig megnyerte a Tour of Belgium-ot. Karrierje v\u00e9ge fel\u00e9 haladva azonban m\u00e9g egyszer sem adatott meg neki, hogy viselhesse a s\u00e1rga mezt a nagy k\u00f6rversenyen.<\/p>\n<p>Ez a pillanat 1994-ben j\u00f6tt el. Miut\u00e1n a verseny az Egyes\u00fclt Kir\u00e1lys\u00e1g partjan haladt, Brighton-ba \u00e9s Portsmouth-ba a Csatorna-alag\u00fat megnyit\u00e1s\u00e1nak alkalm\u00e1b\u00f3l, Yates a hatodik szakaszon bejutott a legjobbak k\u00f6z\u00e9, \u00e9s amikor a versenynap elkezd\u0151d\u00f6tt Cherbourg-ban, csup\u00e1n 38 m\u00e1sodperccel volt lemaradva a vezet\u0151 Flavio Vanzella m\u00f6g\u00f6tt. A 270,5 kilom\u00e9teres nap ut\u00e1n a szakaszt v\u00e9g\u00fcl Gianluca Bortolami nyerte, Yates pedig k\u00e9t m\u00e1sodperccel lemaradva \u00e9rt c\u00e9lba, azonban \u00edgy mind\u00f6ssze egyetlen m\u00e1sodperccel Flavio el\u00e9 ker\u00fclt, \u00edgy \u00e1tvehette t\u0151le a mezt. Ezt m\u00e1snap sajnos el is vesz\u00edtette, de \u00edgy is nagyon meg\u00e9rdemelt aj\u00e1nd\u00e9k volt egy olyan versenyz\u0151 sz\u00e1m\u00e1ra, aki ennyire kem\u00e9nyen dolgozott a csapat\u00e1\u00e9rt.<\/p>\n<p>Yates k\u00e9s\u0151bb neves sportigazgat\u00f3 lett, a Team Sky csapat\u00e1n\u00e1l is letette n\u00e9vjegy\u00e9t, 2012-ben pedig Wiggins-szel megnyerte a Tourt. Wiggins, aki maga is rendelkezik n\u00e9h\u00e1ny s\u00e1rga mezzel, elmondta a Cyclistnak, hogy jelent\u0151s ker\u00e9kp\u00e1ros gy\u0171jtem\u00e9nye k\u00f6z\u00fcl Yates mez\u00e9t tartja a legnagyobb becsben.<\/p>\n<p><em>&#8220;Ha valami\u00e9rt a teljes gy\u0171jtem\u00e9nyemt\u0151l meg kellene szabadulnom, Yates s\u00e1rga meze lenne az egyetlen dolog, amit megtartan\u00e9k. Tizenn\u00e9gy \u00e9ves voltam, amikor Yates s\u00e1rg\u00e1t szerzett. Ebben az \u00e9vben a Tour Yates sz\u00fcl\u0151v\u00e1ros\u00e1n, az Ashdown Forest-en kereszt\u00fcl vezetett, \u00e9s l\u00e1ttam a t\u00e9v\u00e9ben, ahogy ez a karik\u00e1s f\u00fclbeval\u00f3s, kem\u00e9ny ember h\u00edr\u00e9ben \u00e1ll\u00f3 brit versenyz\u0151 meg\u00e1llt, hogy meg\u00f6lelhesse a csal\u00e1dj\u00e1t. Egyszer\u0171en im\u00e1dtam \u0151t.&#8221;<\/em><\/p>\n<p>Yates ennek ellen\u00e9re nem vesz\u00edtett h\u00edrnev\u00e9b\u0151l \u00e9s tov\u00e1bbra is kem\u00e9ny ember maradt. Alaposan megdolgoztatta Wiggins-t, aki &#8211; miut\u00e1n 2012-ben megnyerte a Le Tourt \u2013 abban a kiv\u00e1lts\u00e1gban r\u00e9szes\u00fclt, hogy Yates egyetlen s\u00e1rga mez\u00e9t viselhette. Az, hogy Wiggins mekkora inspir\u00e1ci\u00f3t nyert Yates egyetlen napj\u00e1b\u00f3l a verseny \u00e9l\u00e9n, j\u00f3l mutatja, mennyire fontos \u00e9s szent a s\u00e1rga mez. Ak\u00e1r egy, ak\u00e1r 96 napig viselje egy versenyz\u0151, a teljes\u00edtm\u00e9nyre, amit ez\u00e9rt a mez\u00e9rt ny\u00fajtott, \u00f6r\u00f6kre eml\u00e9kezni fognak. B\u00e1rki is viseli 2022-ben, egy exkluz\u00edv klub tagja lesz, ahol igazi h\u0151s lehet, m\u00e9g ha csak egy napra is.<\/p>\n","protected":false},"excerpt":{"rendered":"<p>Az ikonikus s\u00e1rga mez \u2013 melyet a Tour de France vezet\u0151 ker\u00e9kp\u00e1rosa viselhet \u2013 eredet\u00e9t gyakran vitatj\u00e1k. 1913-ban a Tour [&hellip;]<\/p>\n","protected":false},"author":71,"featured_media":15338,"comment_status":"open","ping_status":"open","sticky":false,"template":"","format":"standard","meta":{"footnotes":""},"categories":[8],"tags":[],"global-categories":[],"class_list":["post-15334","post","type-post","status-publish","format-standard","has-post-thumbnail","hentry","category-orszaguti-kerekpar"],"yoast_head":"<!-- This site is optimized with the Yoast SEO Premium plugin v25.3 (Yoast SEO v25.9) - https:\/\/yoast.com\/wordpress\/plugins\/seo\/ -->\n<title>Egynapos csod\u00e1k: A legjobb versenyz\u0151k, akik csak egyszer viselt\u00e9k a s\u00e1rga mezt<\/title>\n<meta name=\"description\" content=\"Az ikonikus s\u00e1rga mez \u2013 melyet a Tour de France vezet\u0151 ker\u00e9kp\u00e1rosa viselhet \u2013 eredet\u00e9t gyakran vitatj\u00e1k. 1913-ban a Tour egyik versenyz\u0151je, Phillipe Thys a Champions et Vedettes-nek azt nyilatkozta, hogy Henri Desgrange, a Le Tour megalkot\u00f3ja k\u00e9rte meg, hogy viseljen s\u00e1rga mezt, hogy k\u00f6nnyen lehessen azonos\u00edtani. Phillipe eleinte visszautas\u00edtotta a k\u00e9r\u00e9st, melynek hat\u00e1s\u00e1ra \u2013 amint azt a csapata \u00e9s szponzorai megneszelt\u00e9k \u2013 Henri visszavonta a d\u00f6nt\u00e9s\u00e9t.\" \/>\n<meta name=\"robots\" content=\"index, follow, max-snippet:-1, max-image-preview:large, max-video-preview:-1\" \/>\n<link rel=\"canonical\" href=\"https:\/\/www.welovecycling.com\/hu\/orszaguti-kerekpar\/egynapos-csodak-a-legjobb-versenyzok-akik-csak-egyszer-viseltek-a-sarga-mezt\/\" \/>\n<meta property=\"og:locale\" content=\"hu_HU\" \/>\n<meta property=\"og:type\" content=\"article\" \/>\n<meta property=\"og:title\" content=\"Egynapos csod\u00e1k: A legjobb versenyz\u0151k, akik csak egyszer viselt\u00e9k a s\u00e1rga mezt\" \/>\n<meta property=\"og:description\" content=\"Az ikonikus s\u00e1rga mez \u2013 melyet a Tour de France vezet\u0151 ker\u00e9kp\u00e1rosa viselhet \u2013 eredet\u00e9t gyakran vitatj\u00e1k. 1913-ban a Tour egyik versenyz\u0151je, Phillipe Thys a Champions et Vedettes-nek azt nyilatkozta, hogy Henri Desgrange, a Le Tour megalkot\u00f3ja k\u00e9rte meg, hogy viseljen s\u00e1rga mezt, hogy k\u00f6nnyen lehessen azonos\u00edtani. Phillipe eleinte visszautas\u00edtotta a k\u00e9r\u00e9st, melynek hat\u00e1s\u00e1ra \u2013 amint azt a csapata \u00e9s szponzorai megneszelt\u00e9k \u2013 Henri visszavonta a d\u00f6nt\u00e9s\u00e9t.\" \/>\n<meta property=\"og:url\" content=\"https:\/\/www.welovecycling.com\/hu\/orszaguti-kerekpar\/egynapos-csodak-a-legjobb-versenyzok-akik-csak-egyszer-viseltek-a-sarga-mezt\/\" \/>\n<meta property=\"og:site_name\" content=\"\u0160koda We Love Cycling - Magyarorsz\u00e1g\" \/>\n<meta property=\"article:publisher\" content=\"https:\/\/www.facebook.com\/WeLoveCyclingHungary\/\" \/>\n<meta property=\"article:published_time\" content=\"2022-07-06T06:00:56+00:00\" \/>\n<meta property=\"og:image\" content=\"https:\/\/d2p6e6u75xmxt8.cloudfront.net\/12\/2022\/07\/Sean-Kelly-profimedia-0220950516-CVR.jpg\" \/>\n\t<meta property=\"og:image:width\" content=\"990\" \/>\n\t<meta property=\"og:image:height\" content=\"660\" \/>\n\t<meta property=\"og:image:type\" content=\"image\/jpeg\" \/>\n<meta name=\"author\" content=\"hegyizs\" \/>\n<meta name=\"twitter:card\" content=\"summary_large_image\" \/>\n<meta name=\"twitter:label1\" content=\"Written by\" \/>\n\t<meta name=\"twitter:data1\" content=\"Joshua Donaldson\" \/>\n\t<meta name=\"twitter:label2\" content=\"Est. reading time\" \/>\n\t<meta name=\"twitter:data2\" content=\"6\" \/>\n<script type=\"application\/ld+json\" class=\"yoast-schema-graph\">{\"@context\":\"https:\/\/schema.org\",\"@graph\":[{\"@type\":\"WebPage\",\"@id\":\"https:\/\/www.welovecycling.com\/hu\/orszaguti-kerekpar\/egynapos-csodak-a-legjobb-versenyzok-akik-csak-egyszer-viseltek-a-sarga-mezt\/\",\"url\":\"https:\/\/www.welovecycling.com\/hu\/orszaguti-kerekpar\/egynapos-csodak-a-legjobb-versenyzok-akik-csak-egyszer-viseltek-a-sarga-mezt\/\",\"name\":\"Egynapos csod\u00e1k: A legjobb versenyz\u0151k, akik csak egyszer viselt\u00e9k a s\u00e1rga mezt\",\"isPartOf\":{\"@id\":\"https:\/\/www.welovecycling.com\/hu\/#website\"},\"primaryImageOfPage\":{\"@id\":\"https:\/\/www.welovecycling.com\/hu\/orszaguti-kerekpar\/egynapos-csodak-a-legjobb-versenyzok-akik-csak-egyszer-viseltek-a-sarga-mezt\/#primaryimage\"},\"image\":{\"@id\":\"https:\/\/www.welovecycling.com\/hu\/orszaguti-kerekpar\/egynapos-csodak-a-legjobb-versenyzok-akik-csak-egyszer-viseltek-a-sarga-mezt\/#primaryimage\"},\"thumbnailUrl\":\"https:\/\/d2p6e6u75xmxt8.cloudfront.net\/12\/2022\/07\/Sean-Kelly-profimedia-0220950516-CVR.jpg\",\"datePublished\":\"2022-07-06T06:00:56+00:00\",\"author\":{\"@id\":\"https:\/\/www.welovecycling.com\/hu\/#\/schema\/person\/414a2aebf1801691a5320edb6468e194\"},\"description\":\"Az ikonikus s\u00e1rga mez \u2013 melyet a Tour de France vezet\u0151 ker\u00e9kp\u00e1rosa viselhet \u2013 eredet\u00e9t gyakran vitatj\u00e1k. 1913-ban a Tour egyik versenyz\u0151je, Phillipe Thys a Champions et Vedettes-nek azt nyilatkozta, hogy Henri Desgrange, a Le Tour megalkot\u00f3ja k\u00e9rte meg, hogy viseljen s\u00e1rga mezt, hogy k\u00f6nnyen lehessen azonos\u00edtani. Phillipe eleinte visszautas\u00edtotta a k\u00e9r\u00e9st, melynek hat\u00e1s\u00e1ra \u2013 amint azt a csapata \u00e9s szponzorai megneszelt\u00e9k \u2013 Henri visszavonta a d\u00f6nt\u00e9s\u00e9t.\",\"breadcrumb\":{\"@id\":\"https:\/\/www.welovecycling.com\/hu\/orszaguti-kerekpar\/egynapos-csodak-a-legjobb-versenyzok-akik-csak-egyszer-viseltek-a-sarga-mezt\/#breadcrumb\"},\"inLanguage\":\"hu\",\"potentialAction\":[{\"@type\":\"ReadAction\",\"target\":[\"https:\/\/www.welovecycling.com\/hu\/orszaguti-kerekpar\/egynapos-csodak-a-legjobb-versenyzok-akik-csak-egyszer-viseltek-a-sarga-mezt\/\"]}]},{\"@type\":\"ImageObject\",\"inLanguage\":\"hu\",\"@id\":\"https:\/\/www.welovecycling.com\/hu\/orszaguti-kerekpar\/egynapos-csodak-a-legjobb-versenyzok-akik-csak-egyszer-viseltek-a-sarga-mezt\/#primaryimage\",\"url\":\"https:\/\/d2p6e6u75xmxt8.cloudfront.net\/12\/2022\/07\/Sean-Kelly-profimedia-0220950516-CVR.jpg\",\"contentUrl\":\"https:\/\/d2p6e6u75xmxt8.cloudfront.net\/12\/2022\/07\/Sean-Kelly-profimedia-0220950516-CVR.jpg\",\"width\":990,\"height\":660,\"caption\":\"Bernard at the 1987 Tour.\"},{\"@type\":\"BreadcrumbList\",\"@id\":\"https:\/\/www.welovecycling.com\/hu\/orszaguti-kerekpar\/egynapos-csodak-a-legjobb-versenyzok-akik-csak-egyszer-viseltek-a-sarga-mezt\/#breadcrumb\",\"itemListElement\":[{\"@type\":\"ListItem\",\"position\":1,\"name\":\"Home\",\"item\":\"https:\/\/www.welovecycling.com\/hu\/\"},{\"@type\":\"ListItem\",\"position\":2,\"name\":\"Egynapos csod\u00e1k: A legjobb versenyz\u0151k, akik csak egyszer viselt\u00e9k a s\u00e1rga mezt\"}]},{\"@type\":\"WebSite\",\"@id\":\"https:\/\/www.welovecycling.com\/hu\/#website\",\"url\":\"https:\/\/www.welovecycling.com\/hu\/\",\"name\":\"\u0160koda We Love Cycling - Magyarorsz\u00e1g\",\"description\":\"\u0160koda WeLoveCycling\",\"potentialAction\":[{\"@type\":\"SearchAction\",\"target\":{\"@type\":\"EntryPoint\",\"urlTemplate\":\"https:\/\/www.welovecycling.com\/hu\/?s={search_term_string}\"},\"query-input\":{\"@type\":\"PropertyValueSpecification\",\"valueRequired\":true,\"valueName\":\"search_term_string\"}}],\"inLanguage\":\"hu\"},{\"@type\":\"Person\",\"@id\":\"https:\/\/www.welovecycling.com\/hu\/#\/schema\/person\/414a2aebf1801691a5320edb6468e194\",\"name\":\"hegyizs\",\"image\":{\"@type\":\"ImageObject\",\"inLanguage\":\"hu\",\"@id\":\"https:\/\/www.welovecycling.com\/hu\/#\/schema\/person\/image\/\",\"url\":\"https:\/\/secure.gravatar.com\/avatar\/02cf8a7906b8cf90cecb4679defac7cfd33a1c2e3b88e4903d947f3bb58eedd3?s=96&d=mm&r=g\",\"contentUrl\":\"https:\/\/secure.gravatar.com\/avatar\/02cf8a7906b8cf90cecb4679defac7cfd33a1c2e3b88e4903d947f3bb58eedd3?s=96&d=mm&r=g\",\"caption\":\"hegyizs\"},\"url\":\"https:\/\/www.welovecycling.com\/hu\/author\/hegyizs\/\"}]}<\/script>\n<!-- \/ Yoast SEO Premium plugin. -->","yoast_head_json":{"title":"Egynapos csod\u00e1k: A legjobb versenyz\u0151k, akik csak egyszer viselt\u00e9k a s\u00e1rga mezt","description":"Az ikonikus s\u00e1rga mez \u2013 melyet a Tour de France vezet\u0151 ker\u00e9kp\u00e1rosa viselhet \u2013 eredet\u00e9t gyakran vitatj\u00e1k. 1913-ban a Tour egyik versenyz\u0151je, Phillipe Thys a Champions et Vedettes-nek azt nyilatkozta, hogy Henri Desgrange, a Le Tour megalkot\u00f3ja k\u00e9rte meg, hogy viseljen s\u00e1rga mezt, hogy k\u00f6nnyen lehessen azonos\u00edtani. Phillipe eleinte visszautas\u00edtotta a k\u00e9r\u00e9st, melynek hat\u00e1s\u00e1ra \u2013 amint azt a csapata \u00e9s szponzorai megneszelt\u00e9k \u2013 Henri visszavonta a d\u00f6nt\u00e9s\u00e9t.","robots":{"index":"index","follow":"follow","max-snippet":"max-snippet:-1","max-image-preview":"max-image-preview:large","max-video-preview":"max-video-preview:-1"},"canonical":"https:\/\/www.welovecycling.com\/hu\/orszaguti-kerekpar\/egynapos-csodak-a-legjobb-versenyzok-akik-csak-egyszer-viseltek-a-sarga-mezt\/","og_locale":"hu_HU","og_type":"article","og_title":"Egynapos csod\u00e1k: A legjobb versenyz\u0151k, akik csak egyszer viselt\u00e9k a s\u00e1rga mezt","og_description":"Az ikonikus s\u00e1rga mez \u2013 melyet a Tour de France vezet\u0151 ker\u00e9kp\u00e1rosa viselhet \u2013 eredet\u00e9t gyakran vitatj\u00e1k. 1913-ban a Tour egyik versenyz\u0151je, Phillipe Thys a Champions et Vedettes-nek azt nyilatkozta, hogy Henri Desgrange, a Le Tour megalkot\u00f3ja k\u00e9rte meg, hogy viseljen s\u00e1rga mezt, hogy k\u00f6nnyen lehessen azonos\u00edtani. Phillipe eleinte visszautas\u00edtotta a k\u00e9r\u00e9st, melynek hat\u00e1s\u00e1ra \u2013 amint azt a csapata \u00e9s szponzorai megneszelt\u00e9k \u2013 Henri visszavonta a d\u00f6nt\u00e9s\u00e9t.","og_url":"https:\/\/www.welovecycling.com\/hu\/orszaguti-kerekpar\/egynapos-csodak-a-legjobb-versenyzok-akik-csak-egyszer-viseltek-a-sarga-mezt\/","og_site_name":"\u0160koda We Love Cycling - Magyarorsz\u00e1g","article_publisher":"https:\/\/www.facebook.com\/WeLoveCyclingHungary\/","article_published_time":"2022-07-06T06:00:56+00:00","og_image":[{"width":990,"height":660,"url":"https:\/\/d2p6e6u75xmxt8.cloudfront.net\/12\/2022\/07\/Sean-Kelly-profimedia-0220950516-CVR.jpg","type":"image\/jpeg"}],"author":"hegyizs","twitter_card":"summary_large_image","twitter_misc":{"Written by":"Joshua Donaldson","Est. reading time":"6"},"schema":{"@context":"https:\/\/schema.org","@graph":[{"@type":"WebPage","@id":"https:\/\/www.welovecycling.com\/hu\/orszaguti-kerekpar\/egynapos-csodak-a-legjobb-versenyzok-akik-csak-egyszer-viseltek-a-sarga-mezt\/","url":"https:\/\/www.welovecycling.com\/hu\/orszaguti-kerekpar\/egynapos-csodak-a-legjobb-versenyzok-akik-csak-egyszer-viseltek-a-sarga-mezt\/","name":"Egynapos csod\u00e1k: A legjobb versenyz\u0151k, akik csak egyszer viselt\u00e9k a s\u00e1rga mezt","isPartOf":{"@id":"https:\/\/www.welovecycling.com\/hu\/#website"},"primaryImageOfPage":{"@id":"https:\/\/www.welovecycling.com\/hu\/orszaguti-kerekpar\/egynapos-csodak-a-legjobb-versenyzok-akik-csak-egyszer-viseltek-a-sarga-mezt\/#primaryimage"},"image":{"@id":"https:\/\/www.welovecycling.com\/hu\/orszaguti-kerekpar\/egynapos-csodak-a-legjobb-versenyzok-akik-csak-egyszer-viseltek-a-sarga-mezt\/#primaryimage"},"thumbnailUrl":"https:\/\/d2p6e6u75xmxt8.cloudfront.net\/12\/2022\/07\/Sean-Kelly-profimedia-0220950516-CVR.jpg","datePublished":"2022-07-06T06:00:56+00:00","author":{"@id":"https:\/\/www.welovecycling.com\/hu\/#\/schema\/person\/414a2aebf1801691a5320edb6468e194"},"description":"Az ikonikus s\u00e1rga mez \u2013 melyet a Tour de France vezet\u0151 ker\u00e9kp\u00e1rosa viselhet \u2013 eredet\u00e9t gyakran vitatj\u00e1k. 1913-ban a Tour egyik versenyz\u0151je, Phillipe Thys a Champions et Vedettes-nek azt nyilatkozta, hogy Henri Desgrange, a Le Tour megalkot\u00f3ja k\u00e9rte meg, hogy viseljen s\u00e1rga mezt, hogy k\u00f6nnyen lehessen azonos\u00edtani. Phillipe eleinte visszautas\u00edtotta a k\u00e9r\u00e9st, melynek hat\u00e1s\u00e1ra \u2013 amint azt a csapata \u00e9s szponzorai megneszelt\u00e9k \u2013 Henri visszavonta a d\u00f6nt\u00e9s\u00e9t.","breadcrumb":{"@id":"https:\/\/www.welovecycling.com\/hu\/orszaguti-kerekpar\/egynapos-csodak-a-legjobb-versenyzok-akik-csak-egyszer-viseltek-a-sarga-mezt\/#breadcrumb"},"inLanguage":"hu","potentialAction":[{"@type":"ReadAction","target":["https:\/\/www.welovecycling.com\/hu\/orszaguti-kerekpar\/egynapos-csodak-a-legjobb-versenyzok-akik-csak-egyszer-viseltek-a-sarga-mezt\/"]}]},{"@type":"ImageObject","inLanguage":"hu","@id":"https:\/\/www.welovecycling.com\/hu\/orszaguti-kerekpar\/egynapos-csodak-a-legjobb-versenyzok-akik-csak-egyszer-viseltek-a-sarga-mezt\/#primaryimage","url":"https:\/\/d2p6e6u75xmxt8.cloudfront.net\/12\/2022\/07\/Sean-Kelly-profimedia-0220950516-CVR.jpg","contentUrl":"https:\/\/d2p6e6u75xmxt8.cloudfront.net\/12\/2022\/07\/Sean-Kelly-profimedia-0220950516-CVR.jpg","width":990,"height":660,"caption":"Bernard at the 1987 Tour."},{"@type":"BreadcrumbList","@id":"https:\/\/www.welovecycling.com\/hu\/orszaguti-kerekpar\/egynapos-csodak-a-legjobb-versenyzok-akik-csak-egyszer-viseltek-a-sarga-mezt\/#breadcrumb","itemListElement":[{"@type":"ListItem","position":1,"name":"Home","item":"https:\/\/www.welovecycling.com\/hu\/"},{"@type":"ListItem","position":2,"name":"Egynapos csod\u00e1k: A legjobb versenyz\u0151k, akik csak egyszer viselt\u00e9k a s\u00e1rga mezt"}]},{"@type":"WebSite","@id":"https:\/\/www.welovecycling.com\/hu\/#website","url":"https:\/\/www.welovecycling.com\/hu\/","name":"\u0160koda We Love Cycling - Magyarorsz\u00e1g","description":"\u0160koda WeLoveCycling","potentialAction":[{"@type":"SearchAction","target":{"@type":"EntryPoint","urlTemplate":"https:\/\/www.welovecycling.com\/hu\/?s={search_term_string}"},"query-input":{"@type":"PropertyValueSpecification","valueRequired":true,"valueName":"search_term_string"}}],"inLanguage":"hu"},{"@type":"Person","@id":"https:\/\/www.welovecycling.com\/hu\/#\/schema\/person\/414a2aebf1801691a5320edb6468e194","name":"hegyizs","image":{"@type":"ImageObject","inLanguage":"hu","@id":"https:\/\/www.welovecycling.com\/hu\/#\/schema\/person\/image\/","url":"https:\/\/secure.gravatar.com\/avatar\/02cf8a7906b8cf90cecb4679defac7cfd33a1c2e3b88e4903d947f3bb58eedd3?s=96&d=mm&r=g","contentUrl":"https:\/\/secure.gravatar.com\/avatar\/02cf8a7906b8cf90cecb4679defac7cfd33a1c2e3b88e4903d947f3bb58eedd3?s=96&d=mm&r=g","caption":"hegyizs"},"url":"https:\/\/www.welovecycling.com\/hu\/author\/hegyizs\/"}]}},"_links":{"self":[{"href":"https:\/\/www.welovecycling.com\/hu\/wp-json\/wp\/v2\/posts\/15334","targetHints":{"allow":["GET"]}}],"collection":[{"href":"https:\/\/www.welovecycling.com\/hu\/wp-json\/wp\/v2\/posts"}],"about":[{"href":"https:\/\/www.welovecycling.com\/hu\/wp-json\/wp\/v2\/types\/post"}],"author":[{"embeddable":true,"href":"https:\/\/www.welovecycling.com\/hu\/wp-json\/wp\/v2\/users\/71"}],"replies":[{"embeddable":true,"href":"https:\/\/www.welovecycling.com\/hu\/wp-json\/wp\/v2\/comments?post=15334"}],"version-history":[{"count":2,"href":"https:\/\/www.welovecycling.com\/hu\/wp-json\/wp\/v2\/posts\/15334\/revisions"}],"predecessor-version":[{"id":15347,"href":"https:\/\/www.welovecycling.com\/hu\/wp-json\/wp\/v2\/posts\/15334\/revisions\/15347"}],"wp:featuredmedia":[{"embeddable":true,"href":"https:\/\/www.welovecycling.com\/hu\/wp-json\/wp\/v2\/media\/15338"}],"wp:attachment":[{"href":"https:\/\/www.welovecycling.com\/hu\/wp-json\/wp\/v2\/media?parent=15334"}],"wp:term":[{"taxonomy":"category","embeddable":true,"href":"https:\/\/www.welovecycling.com\/hu\/wp-json\/wp\/v2\/categories?post=15334"},{"taxonomy":"post_tag","embeddable":true,"href":"https:\/\/www.welovecycling.com\/hu\/wp-json\/wp\/v2\/tags?post=15334"},{"taxonomy":"global-categories","embeddable":true,"href":"https:\/\/www.welovecycling.com\/hu\/wp-json\/wp\/v2\/global-categories?post=15334"}],"curies":[{"name":"wp","href":"https:\/\/api.w.org\/{rel}","templated":true}]}}