{"id":15324,"date":"2022-07-05T08:00:03","date_gmt":"2022-07-05T06:00:03","guid":{"rendered":"https:\/\/www.welovecycling.com\/hu\/?p=15324"},"modified":"2022-07-04T14:47:58","modified_gmt":"2022-07-04T12:47:58","slug":"az-ev-legizgalmasabb-mtb-esemenye-a-megavalanche","status":"publish","type":"post","link":"https:\/\/www.welovecycling.com\/hu\/trekking-mtb\/az-ev-legizgalmasabb-mtb-esemenye-a-megavalanche\/","title":{"rendered":"Az \u00e9v legizgalmasabb MTB esem\u00e9nye: a Megavalanche"},"content":{"rendered":"<p><strong>Lezajlott az \u00e9v legizgalmasabb MTB-esem\u00e9nye, a Megavalanche, az Alpe d&#8217;Huez ism\u00e9t vend\u00e9g\u00fcl l\u00e1tta a vil\u00e1g legjobb versenyz\u0151it, hogy lez\u00fazzanak a hegyoldalon, mik\u00f6zben az eg\u00e9sz MTB k\u00f6z\u00f6ss\u00e9g remegve b\u00e1mulja \u0151ket. A Megavalanche nem csak egy enduro verseny, hanem egy zar\u00e1ndok\u00fat is.<\/strong><\/p>\n<p><!--more--><\/p>\n<h2><strong>Mi is az a Megavalanche?<\/strong><\/h2>\n<p>Ha lelkes MTB-versenyz\u0151 vagy, akkor val\u00f3sz\u00edn\u0171leg mindent tudsz err\u0151l az esem\u00e9nyr\u0151l. 1995 \u00f3ta minden \u00e9vben (a 2020-as \u00e9vet kiv\u00e9ve, amelyr\u0151l \u00fagy tesz\u00fcnk, mintha soha nem is l\u00e9tezett volna) ezrek zar\u00e1ndokolnak el, hogy a 3330 m\u00e9ter magas Pic Blanc-r\u00f3l sz\u00e1guldjanak le. Az Allemond-ba vezet\u0151 20 km-es \u00fat sor\u00e1n a versenyz\u0151k megk\u00fczdenek h\u00f3val, s\u00e1rral, f\u00f6lddel, aszfalttal, erdei \u00f6sv\u00e9nyekkel, lejt\u0151kkel \u00e9s m\u00e9g sok m\u00e1ssal. A legjobb r\u00e9sz azonban egy\u00e9rtelm\u0171en a kil\u00e1t\u00e1s, ugyanis a teljes verseny 2600 m\u00e9teres szintet tesz ki, az indul\u00e1si pontt\u00f3l az Allemond-v\u00f6lgy legalj\u00e1ig.<\/p>\n<p>A Megavalanche egy olyan kaland, amit minden profi versenyz\u0151nek \u00e1t kell \u00e9lnie legal\u00e1bb egyszer az \u00e9let\u00e9ben. Ha azonban k\u00e9ts\u00e9geid vannak a k\u00e9pess\u00e9geiddel kapcsolatban, biztos lehetsz benne, hogy nem a Pic Blanc \u00e9s az azt k\u00f6vet\u0151 20 km a legjobb m\u00f3dja annak, hogy kider\u00edtsd, milyen l\u00e9tfontoss\u00e1g\u00fa technik\u00e1kat nem siker\u00fclt m\u00e9g elsaj\u00e1t\u00edtanod.<\/p>\n<p>https:\/\/www.instagram.com\/p\/CfEPGHnsg6r\/?hl=en<\/p>\n<h2><strong>A p\u00e1lya<\/strong><\/h2>\n<p>Szok\u00e1s szerint minden versenyz\u0151 a h\u00edres, \u00f6r\u00f6k feh\u00e9r (\u00e9s nem t\u00fal fant\u00e1ziad\u00fasan elnevezett) Pic Blanc d\u00e9li lejt\u0151j\u00e9n sz\u00e1guld lefel\u00e9. Sajnos a glob\u00e1lis felmeleged\u00e9s \u00e9s az elm\u00falt n\u00e9h\u00e1ny ny\u00e1ron Eur\u00f3pa-szerte tapasztalt s\u00falyos h\u0151hull\u00e1mok miatt a p\u00e1ly\u00e1n egyre t\u00f6bb a folt, ami az eg\u00e9sz lejtmenetet vesz\u00e9lyesebb\u00e9 teszi. B\u00e1r az idei t\u00e9l nagyon \u00edg\u00e9retes volt, jelenleg egy \u00fajabb h\u0151hull\u00e1m k\u00ednozza Eur\u00f3pa ezen r\u00e9szeit, \u00edgy val\u00f3sz\u00edn\u0171leg a h\u00f3 egyre csak kevesebb lesz.<\/p>\n<p>A kezd\u0151 lejt\u0151 m\u00e1r h\u00f3val is el\u00e9g vesz\u00e9lyes, de az eg\u00e9sz m\u00e9g extr\u00e9mebb\u00e9 v\u00e1lik, ha h\u00f3 helyett \u00e9les szikl\u00e1k vannak alattad. R\u00e1ad\u00e1sul ezen a szakaszon n\u00e9h\u00e1ny versenyz\u0151 meghaladja a 80 km\/\u00f3r\u00e1t, \u00edgy az els\u0151 kanyar mindig az es\u00e9sek meleg\u00e1gya. Azonban a h\u00f3 hi\u00e1nya miatt ahelyett, hogy a versenyz\u0151k \u201ecsup\u00e1n\u201d elcs\u00faszn\u00e1nak, a szikl\u00e1k miatt komolyan meg is s\u00e9r\u00fclhetnek. Ez a probl\u00e9ma t\u00f6bbnyire orvosolhat\u00f3 egy kis m\u0171h\u00f3 lesz\u00f3r\u00e1s\u00e1val, a p\u00e1lya t\u00f6bbi r\u00e9sze pedig t\u00falnyom\u00f3r\u00e9szt f\u00f6ldes, \u00edgy ezeken a szakaszokon a versenyz\u0151knek nem kell ilyen jelleg\u0171 vesz\u00e9lyekkel sz\u00e1molniuk.<\/p>\n<h2><strong>A verseny<\/strong><\/h2>\n<p>A Megavalanche t\u00f6bb mint egy verseny. Ez egy \u00f3ri\u00e1si \u00e9lm\u00e9ny, r\u00e1ad\u00e1sul maga a hely is leny\u0171g\u00f6z\u0151, ahov\u00e1 az eg\u00e9sz csal\u00e1dot el lehet vinni, f\u0151leg ha szeretik a hegyi ker\u00e9kp\u00e1roz\u00e1st. A 9 napos rendezv\u00e9nyen van n\u00e9h\u00e1ny fantasztikus gyerekbar\u00e1t program, egy k\u00fcl\u00f6n gyerekverseny, egy n\u0151i verseny \u00e9s egy e-bike start. A verseny mellett sz\u00e1mos lehet\u0151s\u00e9g ad\u00f3dik arra, hogy a ker\u00e9kp\u00e1rosok megmutass\u00e1k, mit tudnak, valamint az ide\u00e9rkez\u0151k n\u00e9h\u00e1ny \u00f6r\u00f6mt\u00far\u00e1t is tehetnek, melyekkel felfedezhetik az Alpe d&#8217;Huez feletti csod\u00e1latos lejt\u0151ket.<\/p>\n<p>https:\/\/www.instagram.com\/p\/Ce1MqhRoBSz\/?hl=en<\/p>\n<p>Az esem\u00e9ny a gyerekversennyel indul, majd ezt a k\u00f6nnyed bemeleg\u00edt\u00e9st k\u00f6vet\u0151en megkezd\u0151dik a feln\u0151tt selejtez\u0151. A rajt a D\u00f4me des Rousses-r\u00f3l (2810 m) indul, \u00e9s a versenyz\u0151knek egy kilom\u00e9terrel kell lejjebb ker\u00fclni\u00fck, hogy el\u00e9rj\u00e9k Alpe d&#8217;Huez-t. \u00d6sszesen 1950 versenyz\u0151 pr\u00f3b\u00e1l bejutni a d\u00f6nt\u0151be, de erre csak 350-nek van lehet\u0151s\u00e9ge.<\/p>\n<p>A selejtez\u0151ket t\u00edz, 150 f\u0151s csoportra osztj\u00e1k, amelyek mindegyik\u00e9b\u0151l csak az els\u0151 35 jut be a d\u00f6nt\u0151be. A napot a n\u0151i selejtez\u0151 z\u00e1rja, ahol 99 n\u0151 k\u00fczd meg egym\u00e1ssal, majd az e-bike kih\u00edv\u00e1s, ahol 160 r\u00e9sztvev\u0151 teker a tov\u00e1bbjut\u00e1s\u00e9rt.<\/p>\n<p>A d\u00f6nt\u0151t az e-biciklisek nyitj\u00e1k meg, akik a gleccseren sz\u00e1guldanak lefel\u00e9, \u0151ket pedig szorosan k\u00f6vetik a n\u0151k, akik 15 perccel k\u00e9s\u0151bb indulnak. Ezt k\u00f6vet\u0151en azok a f\u00e9rfi versenyz\u0151k, akik nem tudt\u00e1k kvalifik\u00e1lni magukat a d\u00f6nt\u0151be, lehet\u0151s\u00e9get kapnak arra, hogy megtapasztalj\u00e1k a gleccseren val\u00f3 sz\u00e1guld\u00e1s \u00f6r\u00f6m\u00e9t.<\/p>\n<p>Az utols\u00f3 napon v\u00e9g\u00fcl a f\u0151 verseny d\u00f6nt\u0151sei k\u00f6vetkeznek. Az izgalmas verseny 9 \u00f3rakor kezd\u0151dik, \u00e9s alig f\u00e9l \u00f3r\u00e1val k\u00e9s\u0151bb m\u00e1r fogadj\u00e1k is a gy\u0151ztest Allemond-ban, ahol kora d\u00e9lut\u00e1n megjutalmazz\u00e1k a bajnokot \u00e9s a legjobbak legjobbjait.<\/p>\n","protected":false},"excerpt":{"rendered":"<p>Lezajlott az \u00e9v legizgalmasabb MTB-esem\u00e9nye, a Megavalanche, az Alpe d&#8217;Huez ism\u00e9t vend\u00e9g\u00fcl l\u00e1tta a vil\u00e1g legjobb versenyz\u0151it, hogy lez\u00fazzanak a [&hellip;]<\/p>\n","protected":false},"author":71,"featured_media":15327,"comment_status":"open","ping_status":"open","sticky":false,"template":"","format":"standard","meta":{"footnotes":""},"categories":[7],"tags":[],"global-categories":[],"class_list":["post-15324","post","type-post","status-publish","format-standard","has-post-thumbnail","hentry","category-trekking-mtb"],"yoast_head":"<!-- This site is optimized with the Yoast SEO Premium plugin v25.3 (Yoast SEO v25.9) - https:\/\/yoast.com\/wordpress\/plugins\/seo\/ -->\n<title>Az \u00e9v legizgalmasabb MTB esem\u00e9nye: a Megavalanche<\/title>\n<meta name=\"description\" content=\"Lezajlott az \u00e9v legizgalmasabb MTB-esem\u00e9nye, a Megavalanche, az Alpe d&#039;Huez ism\u00e9t vend\u00e9g\u00fcl l\u00e1tta a vil\u00e1g legjobb versenyz\u0151it, hogy lez\u00fazzanak a hegyoldalon, mik\u00f6zben az eg\u00e9sz MTB k\u00f6z\u00f6ss\u00e9g remegve b\u00e1mulja \u0151ket. A Megavalanche nem csak egy enduro verseny, hanem egy zar\u00e1ndok\u00fat is.\" \/>\n<meta name=\"robots\" content=\"index, follow, max-snippet:-1, max-image-preview:large, max-video-preview:-1\" \/>\n<link rel=\"canonical\" href=\"https:\/\/www.welovecycling.com\/hu\/trekking-mtb\/az-ev-legizgalmasabb-mtb-esemenye-a-megavalanche\/\" \/>\n<meta property=\"og:locale\" content=\"hu_HU\" \/>\n<meta property=\"og:type\" content=\"article\" \/>\n<meta property=\"og:title\" content=\"Az \u00e9v legizgalmasabb MTB esem\u00e9nye: a Megavalanche\" \/>\n<meta property=\"og:description\" content=\"Lezajlott az \u00e9v legizgalmasabb MTB-esem\u00e9nye, a Megavalanche, az Alpe d&#039;Huez ism\u00e9t vend\u00e9g\u00fcl l\u00e1tta a vil\u00e1g legjobb versenyz\u0151it, hogy lez\u00fazzanak a hegyoldalon, mik\u00f6zben az eg\u00e9sz MTB k\u00f6z\u00f6ss\u00e9g remegve b\u00e1mulja \u0151ket. A Megavalanche nem csak egy enduro verseny, hanem egy zar\u00e1ndok\u00fat is.\" \/>\n<meta property=\"og:url\" content=\"https:\/\/www.welovecycling.com\/hu\/trekking-mtb\/az-ev-legizgalmasabb-mtb-esemenye-a-megavalanche\/\" \/>\n<meta property=\"og:site_name\" content=\"\u0160koda We Love Cycling - Magyarorsz\u00e1g\" \/>\n<meta property=\"article:publisher\" content=\"https:\/\/www.facebook.com\/WeLoveCyclingHungary\/\" \/>\n<meta property=\"article:published_time\" content=\"2022-07-05T06:00:03+00:00\" \/>\n<meta property=\"og:image\" content=\"https:\/\/d2p6e6u75xmxt8.cloudfront.net\/12\/2022\/07\/Megavalanche-profimedia-0132332140-CVR.jpg\" \/>\n\t<meta property=\"og:image:width\" content=\"990\" \/>\n\t<meta property=\"og:image:height\" content=\"660\" \/>\n\t<meta property=\"og:image:type\" content=\"image\/jpeg\" \/>\n<meta name=\"author\" content=\"hegyizs\" \/>\n<meta name=\"twitter:card\" content=\"summary_large_image\" \/>\n<meta name=\"twitter:label1\" content=\"Written by\" \/>\n\t<meta name=\"twitter:data1\" content=\"Martin Atanasov\" \/>\n\t<meta name=\"twitter:label2\" content=\"Est. reading time\" \/>\n\t<meta name=\"twitter:data2\" content=\"6\" \/>\n<script type=\"application\/ld+json\" class=\"yoast-schema-graph\">{\"@context\":\"https:\/\/schema.org\",\"@graph\":[{\"@type\":\"WebPage\",\"@id\":\"https:\/\/www.welovecycling.com\/hu\/trekking-mtb\/az-ev-legizgalmasabb-mtb-esemenye-a-megavalanche\/\",\"url\":\"https:\/\/www.welovecycling.com\/hu\/trekking-mtb\/az-ev-legizgalmasabb-mtb-esemenye-a-megavalanche\/\",\"name\":\"Az \u00e9v legizgalmasabb MTB esem\u00e9nye: a Megavalanche\",\"isPartOf\":{\"@id\":\"https:\/\/www.welovecycling.com\/hu\/#website\"},\"primaryImageOfPage\":{\"@id\":\"https:\/\/www.welovecycling.com\/hu\/trekking-mtb\/az-ev-legizgalmasabb-mtb-esemenye-a-megavalanche\/#primaryimage\"},\"image\":{\"@id\":\"https:\/\/www.welovecycling.com\/hu\/trekking-mtb\/az-ev-legizgalmasabb-mtb-esemenye-a-megavalanche\/#primaryimage\"},\"thumbnailUrl\":\"https:\/\/d2p6e6u75xmxt8.cloudfront.net\/12\/2022\/07\/Megavalanche-profimedia-0132332140-CVR.jpg\",\"datePublished\":\"2022-07-05T06:00:03+00:00\",\"author\":{\"@id\":\"https:\/\/www.welovecycling.com\/hu\/#\/schema\/person\/414a2aebf1801691a5320edb6468e194\"},\"description\":\"Lezajlott az \u00e9v legizgalmasabb MTB-esem\u00e9nye, a Megavalanche, az Alpe d'Huez ism\u00e9t vend\u00e9g\u00fcl l\u00e1tta a vil\u00e1g legjobb versenyz\u0151it, hogy lez\u00fazzanak a hegyoldalon, mik\u00f6zben az eg\u00e9sz MTB k\u00f6z\u00f6ss\u00e9g remegve b\u00e1mulja \u0151ket. A Megavalanche nem csak egy enduro verseny, hanem egy zar\u00e1ndok\u00fat is.\",\"breadcrumb\":{\"@id\":\"https:\/\/www.welovecycling.com\/hu\/trekking-mtb\/az-ev-legizgalmasabb-mtb-esemenye-a-megavalanche\/#breadcrumb\"},\"inLanguage\":\"hu\",\"potentialAction\":[{\"@type\":\"ReadAction\",\"target\":[\"https:\/\/www.welovecycling.com\/hu\/trekking-mtb\/az-ev-legizgalmasabb-mtb-esemenye-a-megavalanche\/\"]}]},{\"@type\":\"ImageObject\",\"inLanguage\":\"hu\",\"@id\":\"https:\/\/www.welovecycling.com\/hu\/trekking-mtb\/az-ev-legizgalmasabb-mtb-esemenye-a-megavalanche\/#primaryimage\",\"url\":\"https:\/\/d2p6e6u75xmxt8.cloudfront.net\/12\/2022\/07\/Megavalanche-profimedia-0132332140-CVR.jpg\",\"contentUrl\":\"https:\/\/d2p6e6u75xmxt8.cloudfront.net\/12\/2022\/07\/Megavalanche-profimedia-0132332140-CVR.jpg\",\"width\":990,\"height\":660,\"caption\":\"Megavalanche\"},{\"@type\":\"BreadcrumbList\",\"@id\":\"https:\/\/www.welovecycling.com\/hu\/trekking-mtb\/az-ev-legizgalmasabb-mtb-esemenye-a-megavalanche\/#breadcrumb\",\"itemListElement\":[{\"@type\":\"ListItem\",\"position\":1,\"name\":\"Home\",\"item\":\"https:\/\/www.welovecycling.com\/hu\/\"},{\"@type\":\"ListItem\",\"position\":2,\"name\":\"Az \u00e9v legizgalmasabb MTB esem\u00e9nye: a Megavalanche\"}]},{\"@type\":\"WebSite\",\"@id\":\"https:\/\/www.welovecycling.com\/hu\/#website\",\"url\":\"https:\/\/www.welovecycling.com\/hu\/\",\"name\":\"\u0160koda We Love Cycling - Magyarorsz\u00e1g\",\"description\":\"\u0160koda WeLoveCycling\",\"potentialAction\":[{\"@type\":\"SearchAction\",\"target\":{\"@type\":\"EntryPoint\",\"urlTemplate\":\"https:\/\/www.welovecycling.com\/hu\/?s={search_term_string}\"},\"query-input\":{\"@type\":\"PropertyValueSpecification\",\"valueRequired\":true,\"valueName\":\"search_term_string\"}}],\"inLanguage\":\"hu\"},{\"@type\":\"Person\",\"@id\":\"https:\/\/www.welovecycling.com\/hu\/#\/schema\/person\/414a2aebf1801691a5320edb6468e194\",\"name\":\"hegyizs\",\"image\":{\"@type\":\"ImageObject\",\"inLanguage\":\"hu\",\"@id\":\"https:\/\/www.welovecycling.com\/hu\/#\/schema\/person\/image\/\",\"url\":\"https:\/\/secure.gravatar.com\/avatar\/02cf8a7906b8cf90cecb4679defac7cfd33a1c2e3b88e4903d947f3bb58eedd3?s=96&d=mm&r=g\",\"contentUrl\":\"https:\/\/secure.gravatar.com\/avatar\/02cf8a7906b8cf90cecb4679defac7cfd33a1c2e3b88e4903d947f3bb58eedd3?s=96&d=mm&r=g\",\"caption\":\"hegyizs\"},\"url\":\"https:\/\/www.welovecycling.com\/hu\/author\/hegyizs\/\"}]}<\/script>\n<!-- \/ Yoast SEO Premium plugin. -->","yoast_head_json":{"title":"Az \u00e9v legizgalmasabb MTB esem\u00e9nye: a Megavalanche","description":"Lezajlott az \u00e9v legizgalmasabb MTB-esem\u00e9nye, a Megavalanche, az Alpe d'Huez ism\u00e9t vend\u00e9g\u00fcl l\u00e1tta a vil\u00e1g legjobb versenyz\u0151it, hogy lez\u00fazzanak a hegyoldalon, mik\u00f6zben az eg\u00e9sz MTB k\u00f6z\u00f6ss\u00e9g remegve b\u00e1mulja \u0151ket. A Megavalanche nem csak egy enduro verseny, hanem egy zar\u00e1ndok\u00fat is.","robots":{"index":"index","follow":"follow","max-snippet":"max-snippet:-1","max-image-preview":"max-image-preview:large","max-video-preview":"max-video-preview:-1"},"canonical":"https:\/\/www.welovecycling.com\/hu\/trekking-mtb\/az-ev-legizgalmasabb-mtb-esemenye-a-megavalanche\/","og_locale":"hu_HU","og_type":"article","og_title":"Az \u00e9v legizgalmasabb MTB esem\u00e9nye: a Megavalanche","og_description":"Lezajlott az \u00e9v legizgalmasabb MTB-esem\u00e9nye, a Megavalanche, az Alpe d'Huez ism\u00e9t vend\u00e9g\u00fcl l\u00e1tta a vil\u00e1g legjobb versenyz\u0151it, hogy lez\u00fazzanak a hegyoldalon, mik\u00f6zben az eg\u00e9sz MTB k\u00f6z\u00f6ss\u00e9g remegve b\u00e1mulja \u0151ket. A Megavalanche nem csak egy enduro verseny, hanem egy zar\u00e1ndok\u00fat is.","og_url":"https:\/\/www.welovecycling.com\/hu\/trekking-mtb\/az-ev-legizgalmasabb-mtb-esemenye-a-megavalanche\/","og_site_name":"\u0160koda We Love Cycling - Magyarorsz\u00e1g","article_publisher":"https:\/\/www.facebook.com\/WeLoveCyclingHungary\/","article_published_time":"2022-07-05T06:00:03+00:00","og_image":[{"width":990,"height":660,"url":"https:\/\/d2p6e6u75xmxt8.cloudfront.net\/12\/2022\/07\/Megavalanche-profimedia-0132332140-CVR.jpg","type":"image\/jpeg"}],"author":"hegyizs","twitter_card":"summary_large_image","twitter_misc":{"Written by":"Martin Atanasov","Est. reading time":"6"},"schema":{"@context":"https:\/\/schema.org","@graph":[{"@type":"WebPage","@id":"https:\/\/www.welovecycling.com\/hu\/trekking-mtb\/az-ev-legizgalmasabb-mtb-esemenye-a-megavalanche\/","url":"https:\/\/www.welovecycling.com\/hu\/trekking-mtb\/az-ev-legizgalmasabb-mtb-esemenye-a-megavalanche\/","name":"Az \u00e9v legizgalmasabb MTB esem\u00e9nye: a Megavalanche","isPartOf":{"@id":"https:\/\/www.welovecycling.com\/hu\/#website"},"primaryImageOfPage":{"@id":"https:\/\/www.welovecycling.com\/hu\/trekking-mtb\/az-ev-legizgalmasabb-mtb-esemenye-a-megavalanche\/#primaryimage"},"image":{"@id":"https:\/\/www.welovecycling.com\/hu\/trekking-mtb\/az-ev-legizgalmasabb-mtb-esemenye-a-megavalanche\/#primaryimage"},"thumbnailUrl":"https:\/\/d2p6e6u75xmxt8.cloudfront.net\/12\/2022\/07\/Megavalanche-profimedia-0132332140-CVR.jpg","datePublished":"2022-07-05T06:00:03+00:00","author":{"@id":"https:\/\/www.welovecycling.com\/hu\/#\/schema\/person\/414a2aebf1801691a5320edb6468e194"},"description":"Lezajlott az \u00e9v legizgalmasabb MTB-esem\u00e9nye, a Megavalanche, az Alpe d'Huez ism\u00e9t vend\u00e9g\u00fcl l\u00e1tta a vil\u00e1g legjobb versenyz\u0151it, hogy lez\u00fazzanak a hegyoldalon, mik\u00f6zben az eg\u00e9sz MTB k\u00f6z\u00f6ss\u00e9g remegve b\u00e1mulja \u0151ket. A Megavalanche nem csak egy enduro verseny, hanem egy zar\u00e1ndok\u00fat is.","breadcrumb":{"@id":"https:\/\/www.welovecycling.com\/hu\/trekking-mtb\/az-ev-legizgalmasabb-mtb-esemenye-a-megavalanche\/#breadcrumb"},"inLanguage":"hu","potentialAction":[{"@type":"ReadAction","target":["https:\/\/www.welovecycling.com\/hu\/trekking-mtb\/az-ev-legizgalmasabb-mtb-esemenye-a-megavalanche\/"]}]},{"@type":"ImageObject","inLanguage":"hu","@id":"https:\/\/www.welovecycling.com\/hu\/trekking-mtb\/az-ev-legizgalmasabb-mtb-esemenye-a-megavalanche\/#primaryimage","url":"https:\/\/d2p6e6u75xmxt8.cloudfront.net\/12\/2022\/07\/Megavalanche-profimedia-0132332140-CVR.jpg","contentUrl":"https:\/\/d2p6e6u75xmxt8.cloudfront.net\/12\/2022\/07\/Megavalanche-profimedia-0132332140-CVR.jpg","width":990,"height":660,"caption":"Megavalanche"},{"@type":"BreadcrumbList","@id":"https:\/\/www.welovecycling.com\/hu\/trekking-mtb\/az-ev-legizgalmasabb-mtb-esemenye-a-megavalanche\/#breadcrumb","itemListElement":[{"@type":"ListItem","position":1,"name":"Home","item":"https:\/\/www.welovecycling.com\/hu\/"},{"@type":"ListItem","position":2,"name":"Az \u00e9v legizgalmasabb MTB esem\u00e9nye: a Megavalanche"}]},{"@type":"WebSite","@id":"https:\/\/www.welovecycling.com\/hu\/#website","url":"https:\/\/www.welovecycling.com\/hu\/","name":"\u0160koda We Love Cycling - Magyarorsz\u00e1g","description":"\u0160koda WeLoveCycling","potentialAction":[{"@type":"SearchAction","target":{"@type":"EntryPoint","urlTemplate":"https:\/\/www.welovecycling.com\/hu\/?s={search_term_string}"},"query-input":{"@type":"PropertyValueSpecification","valueRequired":true,"valueName":"search_term_string"}}],"inLanguage":"hu"},{"@type":"Person","@id":"https:\/\/www.welovecycling.com\/hu\/#\/schema\/person\/414a2aebf1801691a5320edb6468e194","name":"hegyizs","image":{"@type":"ImageObject","inLanguage":"hu","@id":"https:\/\/www.welovecycling.com\/hu\/#\/schema\/person\/image\/","url":"https:\/\/secure.gravatar.com\/avatar\/02cf8a7906b8cf90cecb4679defac7cfd33a1c2e3b88e4903d947f3bb58eedd3?s=96&d=mm&r=g","contentUrl":"https:\/\/secure.gravatar.com\/avatar\/02cf8a7906b8cf90cecb4679defac7cfd33a1c2e3b88e4903d947f3bb58eedd3?s=96&d=mm&r=g","caption":"hegyizs"},"url":"https:\/\/www.welovecycling.com\/hu\/author\/hegyizs\/"}]}},"_links":{"self":[{"href":"https:\/\/www.welovecycling.com\/hu\/wp-json\/wp\/v2\/posts\/15324","targetHints":{"allow":["GET"]}}],"collection":[{"href":"https:\/\/www.welovecycling.com\/hu\/wp-json\/wp\/v2\/posts"}],"about":[{"href":"https:\/\/www.welovecycling.com\/hu\/wp-json\/wp\/v2\/types\/post"}],"author":[{"embeddable":true,"href":"https:\/\/www.welovecycling.com\/hu\/wp-json\/wp\/v2\/users\/71"}],"replies":[{"embeddable":true,"href":"https:\/\/www.welovecycling.com\/hu\/wp-json\/wp\/v2\/comments?post=15324"}],"version-history":[{"count":2,"href":"https:\/\/www.welovecycling.com\/hu\/wp-json\/wp\/v2\/posts\/15324\/revisions"}],"predecessor-version":[{"id":15363,"href":"https:\/\/www.welovecycling.com\/hu\/wp-json\/wp\/v2\/posts\/15324\/revisions\/15363"}],"wp:featuredmedia":[{"embeddable":true,"href":"https:\/\/www.welovecycling.com\/hu\/wp-json\/wp\/v2\/media\/15327"}],"wp:attachment":[{"href":"https:\/\/www.welovecycling.com\/hu\/wp-json\/wp\/v2\/media?parent=15324"}],"wp:term":[{"taxonomy":"category","embeddable":true,"href":"https:\/\/www.welovecycling.com\/hu\/wp-json\/wp\/v2\/categories?post=15324"},{"taxonomy":"post_tag","embeddable":true,"href":"https:\/\/www.welovecycling.com\/hu\/wp-json\/wp\/v2\/tags?post=15324"},{"taxonomy":"global-categories","embeddable":true,"href":"https:\/\/www.welovecycling.com\/hu\/wp-json\/wp\/v2\/global-categories?post=15324"}],"curies":[{"name":"wp","href":"https:\/\/api.w.org\/{rel}","templated":true}]}}