{"id":15320,"date":"2022-07-08T08:00:35","date_gmt":"2022-07-08T06:00:35","guid":{"rendered":"https:\/\/www.welovecycling.com\/hu\/?p=15320"},"modified":"2022-07-04T14:51:51","modified_gmt":"2022-07-04T12:51:51","slug":"7-tipp-a-nem-kerekparosokkal-valo-randizashoz","status":"publish","type":"post","link":"https:\/\/www.welovecycling.com\/hu\/kozosseg-es-kultura\/7-tipp-a-nem-kerekparosokkal-valo-randizashoz\/","title":{"rendered":"7 tipp a nem ker\u00e9kp\u00e1rosokkal val\u00f3 randiz\u00e1shoz"},"content":{"rendered":"<p><strong>A szerelem titokzatos egy dolog. Az egyik nap m\u00e9g a ker\u00e9kp\u00e1roddal sz\u00e1guldozol egy \u00f6sv\u00e9nyen, \u00e9s \u00e9leted legjobb pillanatait \u00e9led \u00e1t, a k\u00f6vetkez\u0151 percben pedig egy belv\u00e1rosi k\u00e1v\u00e9z\u00f3ban \u00fclsz a vil\u00e1g legcsod\u00e1latosabb ember\u00e9vel, akinek semmi k\u00f6ze a ker\u00e9kp\u00e1roz\u00e1shoz. Igen, a vil\u00e1gon nem mindenki annyira a bicikliz\u00e9s megsz\u00e1llottja, mint te, \u00e9s bizony sokak sz\u00e1m\u00e1ra a Tour de France nem t\u00f6bb, mint emberek egy csoportja, akik Franciaorsz\u00e1g utc\u00e1in tekernek, \u00e9s akik miatt \u00e9vente egyszer lez\u00e1rj\u00e1k a Champs-\u00c9lys\u00e9es-t. Azonban b\u00e1rmilyen elk\u00e9pzelhetetlennek is t\u0171nik, n\u00e9ha pont ezekbe az emberekbe szeret\u00fcnk bele.<\/strong><\/p>\n<p><!--more--><\/p>\n<p>Igen, nem k\u00f6nny\u0171 olyasvalakivel randizni, aki nincs oda a ker\u00e9kp\u00e1roz\u00e1s\u00e9rt, de hidd el, ha meg tudod h\u00f3d\u00edtani az Alpe d&#8217;Huez-t vagy le tudsz sz\u00e1guldani a pokol hegye p\u00e1ly\u00e1n, akkor a szerelem sem lehet akkora kih\u00edv\u00e1s sz\u00e1modra. K\u00fcl\u00f6n\u00f6sen ezzel a h\u00e9t tippel, melyek seg\u00edts\u00e9g\u00e9vel megtudhatod, hogyan randizz olyan emberekkel, akiknek nem l\u00e9telem\u00fck a ker\u00e9kp\u00e1roz\u00e1s.<\/p>\n<h2><strong>1. Ne pr\u00f3b\u00e1ld megt\u00e9r\u00edteni \u0151ket!<\/strong><\/h2>\n<p>Tudom, a szerelem arr\u00f3l is sz\u00f3l, hogy megosztjuk egym\u00e1ssal a szenved\u00e9ly\u00fcnket, de sokszor nem a legjobb megold\u00e1s, ha r\u00e1k\u00e9nyszer\u00edted valakire a hobbidat, f\u0151leg ha az illet\u0151 egy\u00e1ltal\u00e1n nem \u00e9rdekl\u0151dik az adott tev\u00e9kenys\u00e9g ir\u00e1nt. Ha m\u00e9gis siker\u00fcl meggy\u0151zn\u00f6d a jobbik feledet, hogy biciklizzen veled, el\u0151sz\u00f6r vedd laz\u00e1ra. Ez azt jelenti, hogy k\u00f6nnyebb p\u00e1ly\u00e1kat kell v\u00e1lasztanod, r\u00f6videbb t\u00e1vokat kell megtenned, \u00e9s ami m\u00e9g rosszabb, lehet, hogy eleinte egy parkban kell tekerned a gyalogosok, sikoltoz\u00f3 gyerekek \u00e9s ide-oda rohan\u00f3 kuty\u00e1k k\u00f6z\u00f6tt. Ezt egyik\u0151t\u00f6k sem igaz\u00e1n fogja \u00e9lvezni, ez\u00e9rt ha a p\u00e1rod nem hajland\u00f3 kipr\u00f3b\u00e1lni a te ker\u00e9kp\u00e1roz\u00e1si m\u00f3dszeredet, a legjobb, ha egyszer\u0171en b\u00e9k\u00e9n hagyod. N\u00e9ha jobb, ha ink\u00e1bb megvan a saj\u00e1t hobbitok, minthogy egy olyan k\u00f6z\u00f6s tev\u00e9kenys\u00e9get folytassatok, amit egyik\u0151t\u00f6k sem \u00e9lvez.<\/p>\n<h2><strong>2. \u00dcgyelj arra, hogy megtal\u00e1ld az egyens\u00falyt a bring\u00e1z\u00e1s \u00e9s az egy\u00fctt t\u00f6lt\u00f6tt id\u0151 k\u00f6z\u00f6tt!<\/strong><\/h2>\n<p>Minden kapcsolat neh\u00e9z \u00e9s er\u0151fesz\u00edt\u00e9st ig\u00e9nyel. Ez azt jelenti, hogy nem t\u00f6lthetsz minden \u00e9bren t\u00f6lt\u00f6tt \u00f3r\u00e1t a ker\u00e9kp\u00e1roddal. Ehelyett a szabadid\u0151d egy r\u00e9sz\u00e9t a szerelmednek kell szentelned. De ne agg\u00f3dj, nem olyan neh\u00e9z megtal\u00e1lni az egyens\u00falyt. Mind\u00f6ssze meg kell \u00e9rtened a m\u00e1sik felet. Havonta legal\u00e1bb egy h\u00e9tv\u00e9g\u00e9t sz\u00e1nj arra, hogy a p\u00e1roddal k\u00f6z\u00f6s tev\u00e9kenys\u00e9geket v\u00e9gezzetek (igen, val\u00f3ban lehet egy h\u00e9tv\u00e9g\u00e9t nem bicikliz\u00e9ssel t\u00f6lteni, ki gondolta volna). Azt is megteheted, hogy egy teljes h\u00e9tv\u00e9g\u00e9t szentelsz a ker\u00e9kp\u00e1roz\u00e1snak, a t\u00f6bbi h\u00e9tv\u00e9g\u00e9n pedig rugalmas leszel, \u00e9s ha kell, b\u00e1rmire k\u00e9szen \u00e1llsz majd. Ha \u00e9pp nincs tervetek a kedveseddel \u00e9s lehet\u0151s\u00e9ged ad\u00f3dik a ker\u00e9kp\u00e1roz\u00e1sra, menj \u00e9s \u00e9lvezd. Ha viszont veled akar t\u00f6lteni egy vid\u00e1m napot (aminek, hadd eml\u00e9keztesselek, az \u0151 fej\u00e9ben semmi k\u00f6ze a ker\u00e9kp\u00e1rokhoz), ne okozz neki csal\u00f3d\u00e1st!<\/p>\n<h2><strong>3. Ne vidd minden utaz\u00e1sra magaddal a ker\u00e9kp\u00e1rod!<\/strong><\/h2>\n<p>Ugyanezt az egyens\u00falyt kell figyelembe venned akkor is, amikor utaz\u00e1st terveztek. Tudom, hogy sz\u00e1modra ez \u00e9sszer\u0171tlennek t\u0171nhet, de nem szabad a nyaral\u00e1s minden napj\u00e1t a ker\u00e9kp\u00e1rodnak szentelned. A nyaral\u00e1s az az id\u0151, amit a szeretteiddel kell t\u00f6ltened, \u00edgy ha magaddal viszed a ker\u00e9kp\u00e1rodat, az biztosan rossz \u00fczenetet k\u00f6zvet\u00edt. Emellett az is fontos, hogy az utaz\u00e1s megtervez\u00e9sekor, ne az legyen a legnagyobb priorit\u00e1s, hogy mennyire ker\u00e9kp\u00e1rbar\u00e1t a helysz\u00edn. Jobb, ha arra koncentr\u00e1lsz, hogy olyasmiket csin\u00e1ljatok, amiket mindketten \u00e9lveztek majd.<\/p>\n<p>Ha azonban a kedvesed t\u00e9nyleg annyira j\u00f3fej, hogy nem b\u00e1nn\u00e1, ha egy napra kib\u00e9reln\u00e9l egy ker\u00e9kp\u00e1rt, \u00e9s csillap\u00edtan\u00e1d a k\u00e9tkerek\u0171 kalandok ir\u00e1nti szomjadat, akkor hajr\u00e1.<\/p>\n<h2><strong>4. Ne tartsd a ker\u00e9kp\u00e1rt a lak\u00e1s k\u00f6zponti helyein!<\/strong><\/h2>\n<p>Sz\u00e1modra a biciklid olyan \u00e9rt\u00e9kkel b\u00edr, mint ezer csod\u00e1latosan megrendezett sz\u00edndarab vagy modern m\u0171v\u00e9szeti festm\u00e9ny, melyek eset\u00e9ben mindenki \u00fagy tesz, mintha \u00e9rten\u00e9, de val\u00f3j\u00e1ban nem is kony\u00edtanak hozz\u00e1. \u00cdgy term\u00e9szetesen \u00e9rthet\u0151, hogy egy kiemelt helyet szeretn\u00e9l neki, ahol a figyelem k\u00f6z\u00e9ppontj\u00e1ban lehet. Sajnos azonban, ha egy nem ker\u00e9kp\u00e1rrajong\u00f3val \u00e9lsz p\u00e1rkapcsolatban, \u0151 val\u00f3sz\u00edn\u0171leg m\u00e1sk\u00e9pp k\u00e9pzeli a lak\u00e1s berendez\u00e9s\u00e9t. P\u00e9ld\u00e1ul nem lesz elragadtatva az \u00f6tlett\u0151l, hogy az \u00e9tkez\u0151asztal mellett tartsd a k\u00e9tkerek\u0171det, amit el\u0151z\u0151leg \u00f6sszes\u00e1rozt\u00e1l. De m\u00e9g ha tiszt\u00e1n is tartod a ker\u00e9kp\u00e1rod, akkor sem ide\u00e1lis, ha a lak\u00e1s egy k\u00f6zponti hely\u00e9n tartod, ha olyasvalakivel \u00e9lsz egy\u00fctt, aki nincs oda a bicikliz\u00e9s\u00e9rt.<\/p>\n<figure id=\"attachment_15321\" aria-describedby=\"caption-attachment-15321\" style=\"width: 1000px\" class=\"wp-caption alignnone\"><a href=\"https:\/\/d2p6e6u75xmxt8.cloudfront.net\/12\/2022\/07\/Men-with-a-bike-in-an-apartement-profimedia-0700862317.jpg\"><img loading=\"lazy\" decoding=\"async\" class=\"size-full wp-image-15321\" src=\"https:\/\/d2p6e6u75xmxt8.cloudfront.net\/12\/2022\/07\/Men-with-a-bike-in-an-apartement-profimedia-0700862317.jpg\" alt=\"Storing a bicycle\" width=\"1000\" height=\"666\" srcset=\"https:\/\/d2p6e6u75xmxt8.cloudfront.net\/12\/2022\/07\/Men-with-a-bike-in-an-apartement-profimedia-0700862317.jpg 1000w, https:\/\/d2p6e6u75xmxt8.cloudfront.net\/12\/2022\/07\/Men-with-a-bike-in-an-apartement-profimedia-0700862317-300x200.jpg 300w, https:\/\/d2p6e6u75xmxt8.cloudfront.net\/12\/2022\/07\/Men-with-a-bike-in-an-apartement-profimedia-0700862317-768x511.jpg 768w, https:\/\/d2p6e6u75xmxt8.cloudfront.net\/12\/2022\/07\/Men-with-a-bike-in-an-apartement-profimedia-0700862317-272x182.jpg 272w\" sizes=\"auto, (max-width: 1000px) 100vw, 1000px\" \/><\/a><figcaption id=\"caption-attachment-15321\" class=\"wp-caption-text\">Pr\u00f3b\u00e1lj olyan helyet tal\u00e1lni a biciklidnek, ami neked \u00e9s a p\u00e1rodnak is megfelel. \u00a9 Profimedia<\/figcaption><\/figure>\n<p>Ahelyett, hogy ragaszkodn\u00e1l a saj\u00e1t elk\u00e9pzel\u00e9seidhez, ink\u00e1bb tisztelettud\u00f3an besz\u00e9lj\u00e9tek meg, hol lenne a legjobb tartani a ker\u00e9kp\u00e1rt. Mindig van hely a kompromisszumoknak. Az \u00e9n biciklimet p\u00e9ld\u00e1ul a konyh\u00e1ban tartom.<\/p>\n<h2><strong>5. Ne legy\u00e9l frusztr\u00e1lt, ha agg\u00f3dnak \u00e9rted!<\/strong><\/h2>\n<p>\u00c9pp csak megszabadult\u00e1l anyuk\u00e1d v\u00e9gtelen sz\u00f3noklatait\u00f3l a biztons\u00e1gr\u00f3l \u00e9s arr\u00f3l, hogy minden mennyire vesz\u00e9lyes, m\u00e1ris hallgathatod valaki m\u00e1s aggodalmaskod\u00e1s\u00e1t \u00e9s magyar\u00e1zkodhatsz, hogy te mindent megteszel a biztons\u00e1god \u00e9rdek\u00e9ben. Ez frusztr\u00e1l\u00f3, tudom. F\u0151leg akkor, amikor \u00e9pp egy t\u00far\u00e1n vagy \u00e9s 7-8 alkalommal \u00edrnak neked, a v\u00e1laszt k\u00f6vetelve. Nem sz\u00e1m\u00edt, hogy \u00e9ppen egy 13 km-es, 10%-os emelked\u0151 k\u00f6zep\u00e9n vagy.<\/p>\n<p>Mindennek ellen\u00e9re pr\u00f3b\u00e1lj nyugodt maradni. A nem ker\u00e9kp\u00e1ros t\u00e1rsad szem\u00e9ben folyamatosan 10 m\u00e9ter magas szikl\u00e1kr\u00f3l zuhansz lefel\u00e9 egy keskeny sziklaszirtr\u0151l, amelynek egyik oldal\u00e1n egy feneketlen g\u00f6d\u00f6r, a m\u00e1sikon pedig egy alig\u00e1torokkal teli mocs\u00e1r van. Hi\u00e1ba nyugtatod meg \u0151ket milli\u00f3szor, mindig agg\u00f3dni fognak a biztons\u00e1god miatt. Teh\u00e1t ahelyett, hogy tehernek \u00e9rezn\u00e9d, jobb, ha ink\u00e1bb egy kedves gesztusk\u00e9nt tekintesz r\u00e1. R\u00e1ad\u00e1sul tudsz jobb \u00fcr\u00fcgyet arra, hogy k\u00e9sz\u00edts magadr\u00f3l egy szelfit a cs\u00facson? Nekem nem jut eszembe.<\/p>\n<h2><strong>6. Vedd figyelembe, hogy \u0151ket nem \u00e9rdekli annyira a ker\u00e9kp\u00e1roz\u00e1s, mint t\u00e9ged!<\/strong><\/h2>\n<p>Ha kapn\u00e9k egy fill\u00e9rt minden egyes alkalommal, amikor elkezdek fecsegni egy ker\u00e9kp\u00e1rversenyr\u0151l \u00e9s arr\u00f3l, hogy ki milyen taktik\u00e1val nyert, csak hogy l\u00e1ssam, ahogy a bar\u00e1tn\u0151m m\u00f3dszeresen azt v\u00e1laszolja, hogy &#8220;igen-igen&#8221;, mik\u00f6zben a telefonj\u00e1n b\u00f6ng\u00e9szik\u2026 \u00c9rtem \u00e9n. Ez pont olyan, mint amikor \u0151 a m\u0171v\u00e9szetr\u0151l kezd el besz\u00e9lni. Mindannyiunknak vannak olyan \u00e9rdekl\u0151d\u00e9si k\u00f6reink, amik csak minket \u00e9rdekelnek. A l\u00e9nyeg, hogy ne akarjunk minden\u00e1ron err\u0151l besz\u00e9lni, \u00e9s amikor \u00e9pp ez a t\u00e9ma, akkor meg ne v\u00e1rjunk val\u00f3di \u00e9rdekl\u0151d\u00e9st. Nem a vil\u00e1g v\u00e9ge, ha nem osztod meg a v\u00e9lem\u00e9nyedet a Tour de France aznapi szakasz\u00e1r\u00f3l a p\u00e1roddal. Ez\u00e9rt vannak a ker\u00e9kp\u00e1ros bar\u00e1taid. Rengeteg m\u00e1s dolog van, amir\u0151l besz\u00e9lgethetsz a kedveseddel.<\/p>\n<h2><strong>7. Legal\u00e1bb ugyanannyit k\u00f6lts a val\u00f3di p\u00e1rodra, mint a ker\u00e9kp\u00e1rodra!<\/strong><\/h2>\n<p>Ez az a r\u00e9sz, amit a legt\u00f6bb partner nem fog k\u00f6zvetlen\u00fcl a szemedbe mondani. Ennek ellen\u00e9re fontos odafigyelned, hiszen ha t\u00fal sok p\u00e9nzt k\u00f6ltesz a biciklidre, mik\u00f6zben egy 2000 forintos aj\u00e1nd\u00e9kk\u00e1rty\u00e1t adsz kedvesed sz\u00fclet\u00e9snapj\u00e1ra, akkor \u0151 el\u00e9gg\u00e9 alul\u00e9rt\u00e9keltnek fogja mag\u00e1t \u00e9rezni. \u00c9s jogosan. \u00dagy kell b\u00e1nnod vele, mintha a m\u00e1sodik biciklid lenne (ezt a hasonlatot viszont soha ne haszn\u00e1ld el\u0151tte, mert hidd el, nem fogja olyan viccesnek tal\u00e1lni, mint te, m\u00e1r pr\u00f3b\u00e1ltam\u2026). Ez persze nem jelenti azt, hogy kevesebbet kellene k\u00f6ltened a ker\u00e9kp\u00e1rodra. Csak arra \u00fcgyelj, hogy ha k\u00fcl\u00f6nleges alkalom ad\u00f3dik, ne fukarkodj az aj\u00e1nd\u00e9kv\u00e1s\u00e1rl\u00e1ssal, vagy azzal, hogy megh\u00edvd a p\u00e1rodat egy vacsor\u00e1ra, koncertre vagy moziba.<\/p>\n<p>Ha k\u00f6veted ezt a h\u00e9t tippet, sokkal k\u00f6nnyebb \u00e9s kevesebb dr\u00e1m\u00e1val j\u00e1r\u00f3 szerelmi \u00e9leted lehet egy nem ker\u00e9kp\u00e1rossal. \u00c9s ki tudja, id\u0151vel tal\u00e1n \u0151 is meg\u00e9rti majd a k\u00fcl\u00f6nbs\u00e9get egy sprinter \u00e9s egy domestique k\u00f6z\u00f6tt. \u00c9n nem sz\u00e1m\u00edtan\u00e9k r\u00e1, de t\u00f6rt\u00e9ntek m\u00e1r nagyobb csod\u00e1k is. Eml\u00e9kszel LeMond 89-es Tour gy\u0151zelm\u00e9re?<\/p>\n","protected":false},"excerpt":{"rendered":"<p>A szerelem titokzatos egy dolog. Az egyik nap m\u00e9g a ker\u00e9kp\u00e1roddal sz\u00e1guldozol egy \u00f6sv\u00e9nyen, \u00e9s \u00e9leted legjobb pillanatait \u00e9led \u00e1t, [&hellip;]<\/p>\n","protected":false},"author":71,"featured_media":15323,"comment_status":"open","ping_status":"open","sticky":false,"template":"","format":"standard","meta":{"footnotes":""},"categories":[12],"tags":[],"global-categories":[],"class_list":["post-15320","post","type-post","status-publish","format-standard","has-post-thumbnail","hentry","category-kozosseg-es-kultura"],"yoast_head":"<!-- This site is optimized with the Yoast SEO Premium plugin v25.3 (Yoast SEO v25.9) - https:\/\/yoast.com\/wordpress\/plugins\/seo\/ -->\n<title>7 tipp a nem ker\u00e9kp\u00e1rosokkal val\u00f3 randiz\u00e1shoz<\/title>\n<meta name=\"description\" content=\"A szerelem titokzatos egy dolog. Az egyik nap m\u00e9g a ker\u00e9kp\u00e1roddal sz\u00e1guldozol egy \u00f6sv\u00e9nyen, \u00e9s \u00e9leted legjobb pillanatait \u00e9led \u00e1t, a k\u00f6vetkez\u0151 percben pedig egy belv\u00e1rosi k\u00e1v\u00e9z\u00f3ban \u00fclsz a vil\u00e1g legcsod\u00e1latosabb ember\u00e9vel, akinek semmi k\u00f6ze a ker\u00e9kp\u00e1roz\u00e1shoz. Igen, a vil\u00e1gon nem mindenki annyira a bicikliz\u00e9s megsz\u00e1llottja, mint te, \u00e9s bizony sokak sz\u00e1m\u00e1ra a Tour de France nem t\u00f6bb, mint emberek egy csoportja, akik Franciaorsz\u00e1g utc\u00e1in tekernek, \u00e9s akik miatt \u00e9vente egyszer lez\u00e1rj\u00e1k a Champs-\u00c9lys\u00e9es-t. Azonban b\u00e1rmilyen elk\u00e9pzelhetetlennek is t\u0171nik, n\u00e9ha pont ezekbe az emberekbe szeret\u00fcnk bele.\" \/>\n<meta name=\"robots\" content=\"index, follow, max-snippet:-1, max-image-preview:large, max-video-preview:-1\" \/>\n<link rel=\"canonical\" href=\"https:\/\/www.welovecycling.com\/hu\/kozosseg-es-kultura\/7-tipp-a-nem-kerekparosokkal-valo-randizashoz\/\" \/>\n<meta property=\"og:locale\" content=\"hu_HU\" \/>\n<meta property=\"og:type\" content=\"article\" \/>\n<meta property=\"og:title\" content=\"7 tipp a nem ker\u00e9kp\u00e1rosokkal val\u00f3 randiz\u00e1shoz\" \/>\n<meta property=\"og:description\" content=\"A szerelem titokzatos egy dolog. Az egyik nap m\u00e9g a ker\u00e9kp\u00e1roddal sz\u00e1guldozol egy \u00f6sv\u00e9nyen, \u00e9s \u00e9leted legjobb pillanatait \u00e9led \u00e1t, a k\u00f6vetkez\u0151 percben pedig egy belv\u00e1rosi k\u00e1v\u00e9z\u00f3ban \u00fclsz a vil\u00e1g legcsod\u00e1latosabb ember\u00e9vel, akinek semmi k\u00f6ze a ker\u00e9kp\u00e1roz\u00e1shoz. Igen, a vil\u00e1gon nem mindenki annyira a bicikliz\u00e9s megsz\u00e1llottja, mint te, \u00e9s bizony sokak sz\u00e1m\u00e1ra a Tour de France nem t\u00f6bb, mint emberek egy csoportja, akik Franciaorsz\u00e1g utc\u00e1in tekernek, \u00e9s akik miatt \u00e9vente egyszer lez\u00e1rj\u00e1k a Champs-\u00c9lys\u00e9es-t. Azonban b\u00e1rmilyen elk\u00e9pzelhetetlennek is t\u0171nik, n\u00e9ha pont ezekbe az emberekbe szeret\u00fcnk bele.\" \/>\n<meta property=\"og:url\" content=\"https:\/\/www.welovecycling.com\/hu\/kozosseg-es-kultura\/7-tipp-a-nem-kerekparosokkal-valo-randizashoz\/\" \/>\n<meta property=\"og:site_name\" content=\"\u0160koda We Love Cycling - Magyarorsz\u00e1g\" \/>\n<meta property=\"article:publisher\" content=\"https:\/\/www.facebook.com\/WeLoveCyclingHungary\/\" \/>\n<meta property=\"article:published_time\" content=\"2022-07-08T06:00:35+00:00\" \/>\n<meta property=\"og:image\" content=\"https:\/\/d2p6e6u75xmxt8.cloudfront.net\/12\/2022\/07\/Solo-cyclist-profimedia-0694519671-CVR.jpg\" \/>\n\t<meta property=\"og:image:width\" content=\"990\" \/>\n\t<meta property=\"og:image:height\" content=\"660\" \/>\n\t<meta property=\"og:image:type\" content=\"image\/jpeg\" \/>\n<meta name=\"author\" content=\"hegyizs\" \/>\n<meta name=\"twitter:card\" content=\"summary_large_image\" \/>\n<meta name=\"twitter:label1\" content=\"Written by\" \/>\n\t<meta name=\"twitter:data1\" content=\"Martin Atanasov\" \/>\n\t<meta name=\"twitter:label2\" content=\"Est. reading time\" \/>\n\t<meta name=\"twitter:data2\" content=\"6\" \/>\n<script type=\"application\/ld+json\" class=\"yoast-schema-graph\">{\"@context\":\"https:\/\/schema.org\",\"@graph\":[{\"@type\":\"WebPage\",\"@id\":\"https:\/\/www.welovecycling.com\/hu\/kozosseg-es-kultura\/7-tipp-a-nem-kerekparosokkal-valo-randizashoz\/\",\"url\":\"https:\/\/www.welovecycling.com\/hu\/kozosseg-es-kultura\/7-tipp-a-nem-kerekparosokkal-valo-randizashoz\/\",\"name\":\"7 tipp a nem ker\u00e9kp\u00e1rosokkal val\u00f3 randiz\u00e1shoz\",\"isPartOf\":{\"@id\":\"https:\/\/www.welovecycling.com\/hu\/#website\"},\"primaryImageOfPage\":{\"@id\":\"https:\/\/www.welovecycling.com\/hu\/kozosseg-es-kultura\/7-tipp-a-nem-kerekparosokkal-valo-randizashoz\/#primaryimage\"},\"image\":{\"@id\":\"https:\/\/www.welovecycling.com\/hu\/kozosseg-es-kultura\/7-tipp-a-nem-kerekparosokkal-valo-randizashoz\/#primaryimage\"},\"thumbnailUrl\":\"https:\/\/d2p6e6u75xmxt8.cloudfront.net\/12\/2022\/07\/Solo-cyclist-profimedia-0694519671-CVR.jpg\",\"datePublished\":\"2022-07-08T06:00:35+00:00\",\"author\":{\"@id\":\"https:\/\/www.welovecycling.com\/hu\/#\/schema\/person\/414a2aebf1801691a5320edb6468e194\"},\"description\":\"A szerelem titokzatos egy dolog. Az egyik nap m\u00e9g a ker\u00e9kp\u00e1roddal sz\u00e1guldozol egy \u00f6sv\u00e9nyen, \u00e9s \u00e9leted legjobb pillanatait \u00e9led \u00e1t, a k\u00f6vetkez\u0151 percben pedig egy belv\u00e1rosi k\u00e1v\u00e9z\u00f3ban \u00fclsz a vil\u00e1g legcsod\u00e1latosabb ember\u00e9vel, akinek semmi k\u00f6ze a ker\u00e9kp\u00e1roz\u00e1shoz. Igen, a vil\u00e1gon nem mindenki annyira a bicikliz\u00e9s megsz\u00e1llottja, mint te, \u00e9s bizony sokak sz\u00e1m\u00e1ra a Tour de France nem t\u00f6bb, mint emberek egy csoportja, akik Franciaorsz\u00e1g utc\u00e1in tekernek, \u00e9s akik miatt \u00e9vente egyszer lez\u00e1rj\u00e1k a Champs-\u00c9lys\u00e9es-t. Azonban b\u00e1rmilyen elk\u00e9pzelhetetlennek is t\u0171nik, n\u00e9ha pont ezekbe az emberekbe szeret\u00fcnk bele.\",\"breadcrumb\":{\"@id\":\"https:\/\/www.welovecycling.com\/hu\/kozosseg-es-kultura\/7-tipp-a-nem-kerekparosokkal-valo-randizashoz\/#breadcrumb\"},\"inLanguage\":\"hu\",\"potentialAction\":[{\"@type\":\"ReadAction\",\"target\":[\"https:\/\/www.welovecycling.com\/hu\/kozosseg-es-kultura\/7-tipp-a-nem-kerekparosokkal-valo-randizashoz\/\"]}]},{\"@type\":\"ImageObject\",\"inLanguage\":\"hu\",\"@id\":\"https:\/\/www.welovecycling.com\/hu\/kozosseg-es-kultura\/7-tipp-a-nem-kerekparosokkal-valo-randizashoz\/#primaryimage\",\"url\":\"https:\/\/d2p6e6u75xmxt8.cloudfront.net\/12\/2022\/07\/Solo-cyclist-profimedia-0694519671-CVR.jpg\",\"contentUrl\":\"https:\/\/d2p6e6u75xmxt8.cloudfront.net\/12\/2022\/07\/Solo-cyclist-profimedia-0694519671-CVR.jpg\",\"width\":990,\"height\":660,\"caption\":\"Solo cyclist\"},{\"@type\":\"BreadcrumbList\",\"@id\":\"https:\/\/www.welovecycling.com\/hu\/kozosseg-es-kultura\/7-tipp-a-nem-kerekparosokkal-valo-randizashoz\/#breadcrumb\",\"itemListElement\":[{\"@type\":\"ListItem\",\"position\":1,\"name\":\"Home\",\"item\":\"https:\/\/www.welovecycling.com\/hu\/\"},{\"@type\":\"ListItem\",\"position\":2,\"name\":\"7 tipp a nem ker\u00e9kp\u00e1rosokkal val\u00f3 randiz\u00e1shoz\"}]},{\"@type\":\"WebSite\",\"@id\":\"https:\/\/www.welovecycling.com\/hu\/#website\",\"url\":\"https:\/\/www.welovecycling.com\/hu\/\",\"name\":\"\u0160koda We Love Cycling - Magyarorsz\u00e1g\",\"description\":\"\u0160koda WeLoveCycling\",\"potentialAction\":[{\"@type\":\"SearchAction\",\"target\":{\"@type\":\"EntryPoint\",\"urlTemplate\":\"https:\/\/www.welovecycling.com\/hu\/?s={search_term_string}\"},\"query-input\":{\"@type\":\"PropertyValueSpecification\",\"valueRequired\":true,\"valueName\":\"search_term_string\"}}],\"inLanguage\":\"hu\"},{\"@type\":\"Person\",\"@id\":\"https:\/\/www.welovecycling.com\/hu\/#\/schema\/person\/414a2aebf1801691a5320edb6468e194\",\"name\":\"hegyizs\",\"image\":{\"@type\":\"ImageObject\",\"inLanguage\":\"hu\",\"@id\":\"https:\/\/www.welovecycling.com\/hu\/#\/schema\/person\/image\/\",\"url\":\"https:\/\/secure.gravatar.com\/avatar\/02cf8a7906b8cf90cecb4679defac7cfd33a1c2e3b88e4903d947f3bb58eedd3?s=96&d=mm&r=g\",\"contentUrl\":\"https:\/\/secure.gravatar.com\/avatar\/02cf8a7906b8cf90cecb4679defac7cfd33a1c2e3b88e4903d947f3bb58eedd3?s=96&d=mm&r=g\",\"caption\":\"hegyizs\"},\"url\":\"https:\/\/www.welovecycling.com\/hu\/author\/hegyizs\/\"}]}<\/script>\n<!-- \/ Yoast SEO Premium plugin. -->","yoast_head_json":{"title":"7 tipp a nem ker\u00e9kp\u00e1rosokkal val\u00f3 randiz\u00e1shoz","description":"A szerelem titokzatos egy dolog. Az egyik nap m\u00e9g a ker\u00e9kp\u00e1roddal sz\u00e1guldozol egy \u00f6sv\u00e9nyen, \u00e9s \u00e9leted legjobb pillanatait \u00e9led \u00e1t, a k\u00f6vetkez\u0151 percben pedig egy belv\u00e1rosi k\u00e1v\u00e9z\u00f3ban \u00fclsz a vil\u00e1g legcsod\u00e1latosabb ember\u00e9vel, akinek semmi k\u00f6ze a ker\u00e9kp\u00e1roz\u00e1shoz. Igen, a vil\u00e1gon nem mindenki annyira a bicikliz\u00e9s megsz\u00e1llottja, mint te, \u00e9s bizony sokak sz\u00e1m\u00e1ra a Tour de France nem t\u00f6bb, mint emberek egy csoportja, akik Franciaorsz\u00e1g utc\u00e1in tekernek, \u00e9s akik miatt \u00e9vente egyszer lez\u00e1rj\u00e1k a Champs-\u00c9lys\u00e9es-t. Azonban b\u00e1rmilyen elk\u00e9pzelhetetlennek is t\u0171nik, n\u00e9ha pont ezekbe az emberekbe szeret\u00fcnk bele.","robots":{"index":"index","follow":"follow","max-snippet":"max-snippet:-1","max-image-preview":"max-image-preview:large","max-video-preview":"max-video-preview:-1"},"canonical":"https:\/\/www.welovecycling.com\/hu\/kozosseg-es-kultura\/7-tipp-a-nem-kerekparosokkal-valo-randizashoz\/","og_locale":"hu_HU","og_type":"article","og_title":"7 tipp a nem ker\u00e9kp\u00e1rosokkal val\u00f3 randiz\u00e1shoz","og_description":"A szerelem titokzatos egy dolog. Az egyik nap m\u00e9g a ker\u00e9kp\u00e1roddal sz\u00e1guldozol egy \u00f6sv\u00e9nyen, \u00e9s \u00e9leted legjobb pillanatait \u00e9led \u00e1t, a k\u00f6vetkez\u0151 percben pedig egy belv\u00e1rosi k\u00e1v\u00e9z\u00f3ban \u00fclsz a vil\u00e1g legcsod\u00e1latosabb ember\u00e9vel, akinek semmi k\u00f6ze a ker\u00e9kp\u00e1roz\u00e1shoz. Igen, a vil\u00e1gon nem mindenki annyira a bicikliz\u00e9s megsz\u00e1llottja, mint te, \u00e9s bizony sokak sz\u00e1m\u00e1ra a Tour de France nem t\u00f6bb, mint emberek egy csoportja, akik Franciaorsz\u00e1g utc\u00e1in tekernek, \u00e9s akik miatt \u00e9vente egyszer lez\u00e1rj\u00e1k a Champs-\u00c9lys\u00e9es-t. Azonban b\u00e1rmilyen elk\u00e9pzelhetetlennek is t\u0171nik, n\u00e9ha pont ezekbe az emberekbe szeret\u00fcnk bele.","og_url":"https:\/\/www.welovecycling.com\/hu\/kozosseg-es-kultura\/7-tipp-a-nem-kerekparosokkal-valo-randizashoz\/","og_site_name":"\u0160koda We Love Cycling - Magyarorsz\u00e1g","article_publisher":"https:\/\/www.facebook.com\/WeLoveCyclingHungary\/","article_published_time":"2022-07-08T06:00:35+00:00","og_image":[{"width":990,"height":660,"url":"https:\/\/d2p6e6u75xmxt8.cloudfront.net\/12\/2022\/07\/Solo-cyclist-profimedia-0694519671-CVR.jpg","type":"image\/jpeg"}],"author":"hegyizs","twitter_card":"summary_large_image","twitter_misc":{"Written by":"Martin Atanasov","Est. reading time":"6"},"schema":{"@context":"https:\/\/schema.org","@graph":[{"@type":"WebPage","@id":"https:\/\/www.welovecycling.com\/hu\/kozosseg-es-kultura\/7-tipp-a-nem-kerekparosokkal-valo-randizashoz\/","url":"https:\/\/www.welovecycling.com\/hu\/kozosseg-es-kultura\/7-tipp-a-nem-kerekparosokkal-valo-randizashoz\/","name":"7 tipp a nem ker\u00e9kp\u00e1rosokkal val\u00f3 randiz\u00e1shoz","isPartOf":{"@id":"https:\/\/www.welovecycling.com\/hu\/#website"},"primaryImageOfPage":{"@id":"https:\/\/www.welovecycling.com\/hu\/kozosseg-es-kultura\/7-tipp-a-nem-kerekparosokkal-valo-randizashoz\/#primaryimage"},"image":{"@id":"https:\/\/www.welovecycling.com\/hu\/kozosseg-es-kultura\/7-tipp-a-nem-kerekparosokkal-valo-randizashoz\/#primaryimage"},"thumbnailUrl":"https:\/\/d2p6e6u75xmxt8.cloudfront.net\/12\/2022\/07\/Solo-cyclist-profimedia-0694519671-CVR.jpg","datePublished":"2022-07-08T06:00:35+00:00","author":{"@id":"https:\/\/www.welovecycling.com\/hu\/#\/schema\/person\/414a2aebf1801691a5320edb6468e194"},"description":"A szerelem titokzatos egy dolog. Az egyik nap m\u00e9g a ker\u00e9kp\u00e1roddal sz\u00e1guldozol egy \u00f6sv\u00e9nyen, \u00e9s \u00e9leted legjobb pillanatait \u00e9led \u00e1t, a k\u00f6vetkez\u0151 percben pedig egy belv\u00e1rosi k\u00e1v\u00e9z\u00f3ban \u00fclsz a vil\u00e1g legcsod\u00e1latosabb ember\u00e9vel, akinek semmi k\u00f6ze a ker\u00e9kp\u00e1roz\u00e1shoz. Igen, a vil\u00e1gon nem mindenki annyira a bicikliz\u00e9s megsz\u00e1llottja, mint te, \u00e9s bizony sokak sz\u00e1m\u00e1ra a Tour de France nem t\u00f6bb, mint emberek egy csoportja, akik Franciaorsz\u00e1g utc\u00e1in tekernek, \u00e9s akik miatt \u00e9vente egyszer lez\u00e1rj\u00e1k a Champs-\u00c9lys\u00e9es-t. Azonban b\u00e1rmilyen elk\u00e9pzelhetetlennek is t\u0171nik, n\u00e9ha pont ezekbe az emberekbe szeret\u00fcnk bele.","breadcrumb":{"@id":"https:\/\/www.welovecycling.com\/hu\/kozosseg-es-kultura\/7-tipp-a-nem-kerekparosokkal-valo-randizashoz\/#breadcrumb"},"inLanguage":"hu","potentialAction":[{"@type":"ReadAction","target":["https:\/\/www.welovecycling.com\/hu\/kozosseg-es-kultura\/7-tipp-a-nem-kerekparosokkal-valo-randizashoz\/"]}]},{"@type":"ImageObject","inLanguage":"hu","@id":"https:\/\/www.welovecycling.com\/hu\/kozosseg-es-kultura\/7-tipp-a-nem-kerekparosokkal-valo-randizashoz\/#primaryimage","url":"https:\/\/d2p6e6u75xmxt8.cloudfront.net\/12\/2022\/07\/Solo-cyclist-profimedia-0694519671-CVR.jpg","contentUrl":"https:\/\/d2p6e6u75xmxt8.cloudfront.net\/12\/2022\/07\/Solo-cyclist-profimedia-0694519671-CVR.jpg","width":990,"height":660,"caption":"Solo cyclist"},{"@type":"BreadcrumbList","@id":"https:\/\/www.welovecycling.com\/hu\/kozosseg-es-kultura\/7-tipp-a-nem-kerekparosokkal-valo-randizashoz\/#breadcrumb","itemListElement":[{"@type":"ListItem","position":1,"name":"Home","item":"https:\/\/www.welovecycling.com\/hu\/"},{"@type":"ListItem","position":2,"name":"7 tipp a nem ker\u00e9kp\u00e1rosokkal val\u00f3 randiz\u00e1shoz"}]},{"@type":"WebSite","@id":"https:\/\/www.welovecycling.com\/hu\/#website","url":"https:\/\/www.welovecycling.com\/hu\/","name":"\u0160koda We Love Cycling - Magyarorsz\u00e1g","description":"\u0160koda WeLoveCycling","potentialAction":[{"@type":"SearchAction","target":{"@type":"EntryPoint","urlTemplate":"https:\/\/www.welovecycling.com\/hu\/?s={search_term_string}"},"query-input":{"@type":"PropertyValueSpecification","valueRequired":true,"valueName":"search_term_string"}}],"inLanguage":"hu"},{"@type":"Person","@id":"https:\/\/www.welovecycling.com\/hu\/#\/schema\/person\/414a2aebf1801691a5320edb6468e194","name":"hegyizs","image":{"@type":"ImageObject","inLanguage":"hu","@id":"https:\/\/www.welovecycling.com\/hu\/#\/schema\/person\/image\/","url":"https:\/\/secure.gravatar.com\/avatar\/02cf8a7906b8cf90cecb4679defac7cfd33a1c2e3b88e4903d947f3bb58eedd3?s=96&d=mm&r=g","contentUrl":"https:\/\/secure.gravatar.com\/avatar\/02cf8a7906b8cf90cecb4679defac7cfd33a1c2e3b88e4903d947f3bb58eedd3?s=96&d=mm&r=g","caption":"hegyizs"},"url":"https:\/\/www.welovecycling.com\/hu\/author\/hegyizs\/"}]}},"_links":{"self":[{"href":"https:\/\/www.welovecycling.com\/hu\/wp-json\/wp\/v2\/posts\/15320","targetHints":{"allow":["GET"]}}],"collection":[{"href":"https:\/\/www.welovecycling.com\/hu\/wp-json\/wp\/v2\/posts"}],"about":[{"href":"https:\/\/www.welovecycling.com\/hu\/wp-json\/wp\/v2\/types\/post"}],"author":[{"embeddable":true,"href":"https:\/\/www.welovecycling.com\/hu\/wp-json\/wp\/v2\/users\/71"}],"replies":[{"embeddable":true,"href":"https:\/\/www.welovecycling.com\/hu\/wp-json\/wp\/v2\/comments?post=15320"}],"version-history":[{"count":2,"href":"https:\/\/www.welovecycling.com\/hu\/wp-json\/wp\/v2\/posts\/15320\/revisions"}],"predecessor-version":[{"id":15348,"href":"https:\/\/www.welovecycling.com\/hu\/wp-json\/wp\/v2\/posts\/15320\/revisions\/15348"}],"wp:featuredmedia":[{"embeddable":true,"href":"https:\/\/www.welovecycling.com\/hu\/wp-json\/wp\/v2\/media\/15323"}],"wp:attachment":[{"href":"https:\/\/www.welovecycling.com\/hu\/wp-json\/wp\/v2\/media?parent=15320"}],"wp:term":[{"taxonomy":"category","embeddable":true,"href":"https:\/\/www.welovecycling.com\/hu\/wp-json\/wp\/v2\/categories?post=15320"},{"taxonomy":"post_tag","embeddable":true,"href":"https:\/\/www.welovecycling.com\/hu\/wp-json\/wp\/v2\/tags?post=15320"},{"taxonomy":"global-categories","embeddable":true,"href":"https:\/\/www.welovecycling.com\/hu\/wp-json\/wp\/v2\/global-categories?post=15320"}],"curies":[{"name":"wp","href":"https:\/\/api.w.org\/{rel}","templated":true}]}}