{"id":15312,"date":"2022-07-01T10:22:37","date_gmt":"2022-07-01T08:22:37","guid":{"rendered":"https:\/\/www.welovecycling.com\/hu\/?p=15312"},"modified":"2022-07-01T10:24:48","modified_gmt":"2022-07-01T08:24:48","slug":"rajtol-a-tour-ujabb-szloven-kuloncsata-vagy-valaki-belekophet-pogacar-es-roglic-levesebe","status":"publish","type":"post","link":"https:\/\/www.welovecycling.com\/hu\/tour-de-france\/rajtol-a-tour-ujabb-szloven-kuloncsata-vagy-valaki-belekophet-pogacar-es-roglic-levesebe\/","title":{"rendered":"Rajtol a Tour: \u00fajabb szlov\u00e9n k\u00fcl\u00f6ncsata, vagy valaki belek\u00f6phet Pogacar \u00e9s Roglic leves\u00e9be?"},"content":{"rendered":"<p><strong>\u00dagy l\u00e1tszik, 2022 a p\u00f3tl\u00e1sok \u00e9ve: a k\u00e9t \u00e9vvel eltolt magyarorsz\u00e1gi Giro-Nagy Rajt ut\u00e1n a szint\u00e9n Covid miatt tavalyr\u00f3l id\u00e9nre halasztott d\u00e1niai Tour de France-starttal p\u00e9nteken megkezd\u0151dik a vil\u00e1g legnagyobb ker\u00e9kp\u00e1ros k\u00f6rversenye.<\/strong><!--more--><\/p>\n<p><strong>\u00a0<\/strong>A k\u00e9rd\u00e9s minden jel szerint ez\u00fattal is az lesz, mint az elm\u00falt k\u00e9t \u00e9vben: hogy a k\u00e9t szlov\u00e9n szuperszt\u00e1r k\u00f6z\u00fcl a kisebb \u201eall-star csapattal\u201d megt\u00e1mogatott Primoz Roglicnak siker\u00fclhet-e v\u00e9gre megszerezni a s\u00e1rga trik\u00f3t, megakad\u00e1lyozva ezzel honfit\u00e1rsa, a c\u00edmv\u00e9d\u0151 Tadej Pogacar egym\u00e1s ut\u00e1n harmadik siker\u00e9t. Ez most sem \u00edg\u00e9rkezik egyszer\u0171nek. Az Emirates m\u00e9g mindig csak 23 \u00e9ves g\u00e9niusza csak\u00fagy, mint a m\u00f6g\u00f6tt\u00fcnk hagyott k\u00e9t \u00e9vben, ez\u00fattal is a sport\u00e1gi f\u0151versenyre igyekezett id\u0151z\u00edteni cs\u00facsform\u00e1j\u00e1t, az idei eredm\u00e9nyei alapj\u00e1n sikerrel: az \u00e9vnyit\u00f3 UAE Emirates-en \u00e9s a Strade Bianch\u00e9n aratott er\u0151demonstr\u00e1l\u00f3 sikere ut\u00e1n a k\u00e9t h\u00e9ttel ezel\u0151tti szlov\u00e9n k\u00f6rt is nyerte, vagyis az el\u0151jelek legal\u00e1bbis biztat\u00f3ak.<\/p>\n<figure id=\"attachment_15314\" aria-describedby=\"caption-attachment-15314\" style=\"width: 1024px\" class=\"wp-caption alignnone\"><img loading=\"lazy\" decoding=\"async\" class=\"size-large wp-image-15314\" src=\"https:\/\/d2p6e6u75xmxt8.cloudfront.net\/12\/2022\/07\/majka-pogi-1024x682.jpg\" alt=\"\" width=\"1024\" height=\"682\" srcset=\"https:\/\/d2p6e6u75xmxt8.cloudfront.net\/12\/2022\/07\/majka-pogi-1024x682.jpg 1024w, https:\/\/d2p6e6u75xmxt8.cloudfront.net\/12\/2022\/07\/majka-pogi-300x200.jpg 300w, https:\/\/d2p6e6u75xmxt8.cloudfront.net\/12\/2022\/07\/majka-pogi-768x512.jpg 768w, https:\/\/d2p6e6u75xmxt8.cloudfront.net\/12\/2022\/07\/majka-pogi-1536x1024.jpg 1536w, https:\/\/d2p6e6u75xmxt8.cloudfront.net\/12\/2022\/07\/majka-pogi-1920x1280.jpg 1920w, https:\/\/d2p6e6u75xmxt8.cloudfront.net\/12\/2022\/07\/majka-pogi-272x182.jpg 272w, https:\/\/d2p6e6u75xmxt8.cloudfront.net\/12\/2022\/07\/majka-pogi.jpg 2000w, https:\/\/d2p6e6u75xmxt8.cloudfront.net\/12\/2022\/07\/majka-pogi-1920x1280.jpg 1920w\" sizes=\"auto, (max-width: 1024px) 100vw, 1024px\" \/><figcaption id=\"caption-attachment-15314\" class=\"wp-caption-text\">Vari\u00e1ci\u00f3k egy t\u00e9m\u00e1ra: Emirates-er\u0151demonstr\u00e1ci\u00f3 a szlov\u00e9n k\u00f6r\u00f6n Rafal Majka \u00e9s Tadej Pogacar f\u0151szerepl\u00e9s\u00e9vel\u2026 (fot\u00f3: Tommaso Pelagalli\/SprintCyclingAgency)<\/figcaption><\/figure>\n<p>Viszont ugyanez elmondhat\u00f3 a Jumb\u00f3r\u00f3l is. Roglic \u00fcnnepelhetett a P\u00e1rizs\u2013Nizz\u00e1n, azt\u00e1n a m\u00e1sik franciaorsz\u00e1gi viadalon, a Tour-felvezet\u0151verseny Crit\u00e9rium du Dauphin\u00e9n is. Itt r\u00e1ad\u00e1sul m\u00e1sodikk\u00e9nt csapatt\u00e1rsa, Jonas Vingegaard v\u00e9gzett m\u00f6g\u00f6tte, aki a Tour cs\u00fct\u00f6rt\u00f6ki csapatbemutat\u00f3j\u00e1n akkora ov\u00e1ci\u00f3t kapott a d\u00e1n k\u00f6z\u00f6ns\u00e9gt\u0151l Koppenh\u00e1ga f\u0151ter\u00e9n, hogy szab\u00e1lyosan k\u00f6nnyekig hat\u00f3dott, alig b\u00edrt megsz\u00f3lalni az orra al\u00e1 dugott mikrofonba. A tavaly abszol\u00fat meglepet\u00e9semberk\u00e9nt Pogacar m\u00f6g\u00f6tt m\u00e1sodikk\u00e9nt v\u00e9gz\u0151 d\u00e1n k\u00f6z\u00f6ns\u00e9gkedvenc sokak szerint ism\u00e9t el\u0151l\u00e9phet els\u0151 emberr\u00e9, ha Roglicnak esetleg megint nem j\u00f6nne ki a l\u00e9p\u00e9s (tavaly ugye buk\u00e1s miatt v\u00e9g\u00fcl fel kellett adnia a viadalt). A Crit\u00e9riumon a gyorsas\u00e1gi pontversenyt megnyer\u0151 Wout Van Aert pedig form\u00e1j\u00e1t eln\u00e9zve a Touron is re\u00e1lis es\u00e9llyel mehet r\u00e1 a z\u00f6ld trik\u00f3ra \u2013 s ezt maga a h\u00e9tszeres gy\u0151ztes Peter Sagan is meger\u0151s\u00edtette. A Jumb\u00f3n\u00e1l ott van m\u00e9g a sorban a h\u00e1rom \u00e9ve a dobog\u00f3n \u00fcnnepl\u0151 Steven Kruijswijk, a hegyeken kiv\u00e1l\u00f3 Sepp Kuss, vagy \u00e9ppen Tiesj Benoot is, vagyis ez a csapat m\u00e9g Rohan Dennis kimarad\u00e1s\u00e1val egy\u00fctt is borzaszt\u00f3an er\u0151s.<\/p>\n<figure id=\"attachment_15313\" aria-describedby=\"caption-attachment-15313\" style=\"width: 1024px\" class=\"wp-caption alignnone\"><img loading=\"lazy\" decoding=\"async\" class=\"size-large wp-image-15313\" src=\"https:\/\/d2p6e6u75xmxt8.cloudfront.net\/12\/2022\/07\/GettyImages-1402491123-1024x682.jpg\" alt=\"\" width=\"1024\" height=\"682\" srcset=\"https:\/\/d2p6e6u75xmxt8.cloudfront.net\/12\/2022\/07\/GettyImages-1402491123-1024x682.jpg 1024w, https:\/\/d2p6e6u75xmxt8.cloudfront.net\/12\/2022\/07\/GettyImages-1402491123-300x200.jpg 300w, https:\/\/d2p6e6u75xmxt8.cloudfront.net\/12\/2022\/07\/GettyImages-1402491123-768x511.jpg 768w, https:\/\/d2p6e6u75xmxt8.cloudfront.net\/12\/2022\/07\/GettyImages-1402491123-1536x1023.jpg 1536w, https:\/\/d2p6e6u75xmxt8.cloudfront.net\/12\/2022\/07\/GettyImages-1402491123-1920x1279.jpg 1920w, https:\/\/d2p6e6u75xmxt8.cloudfront.net\/12\/2022\/07\/GettyImages-1402491123-272x182.jpg 272w, https:\/\/d2p6e6u75xmxt8.cloudfront.net\/12\/2022\/07\/GettyImages-1402491123.jpg 2000w, https:\/\/d2p6e6u75xmxt8.cloudfront.net\/12\/2022\/07\/GettyImages-1402491123-1920x1279.jpg 1920w\" sizes=\"auto, (max-width: 1024px) 100vw, 1024px\" \/><figcaption id=\"caption-attachment-15313\" class=\"wp-caption-text\">\u2026\u00e9s ugyanez Jumbo-el\u0151ad\u00e1sban Primoz Rogliccsal \u00e9s Jonas Vingegaard-al a Crit\u00e9riumon (fot\u00f3: Getty)<\/figcaption><\/figure>\n<p>A nagy es\u00e9lyesek mellett titkos favoritk\u00e9nt tal\u00e1n az AG2R ausztr\u00e1lja, Ben O\u2019Connor, \u00e9s egy nagy visszat\u00e9r\u0151, Geraint Thomas eml\u00edthet\u0151. El\u0151bbi a katal\u00e1n k\u00f6rt a 6., a romandiai k\u00f6rt az 5. helyen z\u00e1rta id\u00e9n, a Crit\u00e9riumon pedig ott \u00e1llt a dobog\u00f3n a k\u00e9t Jumb\u00f3s mellett. Thomas pedig az elm\u00falt \u00e9vek s\u00e9r\u00fcl\u00e9sekkel terhelt id\u0151szaka ut\u00e1n meglepet\u00e9sre nagyon meggy\u0151z\u0151 teljes\u00edtm\u00e9nnyel nyerte meg a j\u00faniusi sv\u00e1jci k\u00f6rt, 36 \u00e9vesen, els\u0151 britk\u00e9nt, \u00edgy a Gir\u00f3n m\u00e1sodikk\u00e9nt v\u00e9gz\u0151 Richard Carapaz \u00e9s az \u00e9letvesz\u00e9lyes edz\u00e9sbalesete ut\u00e1n l\u00e1badoz\u00f3 Egan Bernal hi\u00e1ny\u00e1ban ism\u00e9t els\u0151 emberk\u00e9nt vezetheti az Ineost a Touron, \u00e9s bizony\u00e1ra ism\u00e9t nagyon sz\u00edvesen elj\u00e1tszan\u00e1 a meglepet\u00e9sember h\u00e1l\u00e1s szerep\u00e9t, ugyan\u00fagy, mint n\u00e9gy \u00e9ve, amikor abszol\u00fat v\u00e1ratlanul nyerte meg a s\u00e1rga trik\u00f3t.<\/p>\n<figure id=\"attachment_15316\" aria-describedby=\"caption-attachment-15316\" style=\"width: 700px\" class=\"wp-caption alignnone\"><img loading=\"lazy\" decoding=\"async\" class=\"wp-image-15316 size-full\" src=\"https:\/\/d2p6e6u75xmxt8.cloudfront.net\/12\/2022\/07\/thomas.jpg\" alt=\"\" width=\"700\" height=\"420\" srcset=\"https:\/\/d2p6e6u75xmxt8.cloudfront.net\/12\/2022\/07\/thomas.jpg 700w, https:\/\/d2p6e6u75xmxt8.cloudfront.net\/12\/2022\/07\/thomas-300x180.jpg 300w\" sizes=\"auto, (max-width: 700px) 100vw, 700px\" \/><figcaption id=\"caption-attachment-15316\" class=\"wp-caption-text\">Geraint Thomas Sv\u00e1jcban 36 \u00e9vesen is f\u00e9nykori \u00f6nmag\u00e1t id\u00e9zte (fot\u00f3: Gian Ehrenzeller\/EPA)<\/figcaption><\/figure>\n<p>Ami a versenyt illeti: a h\u00e1rom h\u00e9t \u00e9s a 3328 km-es \u00f6sszt\u00e1v p\u00e9nteken koppenh\u00e1gai id\u0151futammal indul \u00fatnak, ha nem j\u00f6n k\u00f6zbe valami, ez Filippo Ganna pap\u00edrforma-siker\u00e9t vet\u00edtheti el\u0151re. R\u00e1ad\u00e1sul az olasz specialista k\u00f6nnyed\u00e9n \u00f6sszeszedhet akkora el\u0151nyt, hogy az els\u0151 n\u00e9h\u00e1ny napban v\u00e9gig \u00f6v\u00e9 legyen a s\u00e1rga trik\u00f3 \u2013 persze, az oldalszeles d\u00e1n szakaszok, valamint az \u00f6t\u00f6dik etapon a P\u00e1rizs\u2013Roubaix-r\u0151l m\u00e1r j\u00f3l ismert arenbergi kockak\u00f6vek bor\u00edthatj\u00e1k a pap\u00edrform\u00e1t\u2026<\/p>\n<p>Az els\u0151 h\u00e9t ily m\u00f3don m\u00e1ris d\u00f6nt\u0151 jelent\u0151s\u00e9g\u0171nek \u00edg\u00e9rkezik, a szak\u00e9rt\u0151k egyet\u00e9rtenek abban, hogy a v\u00e9gs\u0151 gy\u0151zelemre p\u00e1ly\u00e1z\u00f3knak els\u0151 k\u00f6rben ezt a hetet kell t\u00fal\u00e9lni\u00fck, lehet\u0151leg nem t\u00fal nagy h\u00e1tr\u00e1nnyal, minden tov\u00e1bbin csak ezek ut\u00e1n lehet elkezdeni agyalni\u2026<\/p>\n","protected":false},"excerpt":{"rendered":"<p>\u00dagy l\u00e1tszik, 2022 a p\u00f3tl\u00e1sok \u00e9ve: a k\u00e9t \u00e9vvel eltolt magyarorsz\u00e1gi Giro-Nagy Rajt ut\u00e1n a szint\u00e9n Covid miatt tavalyr\u00f3l id\u00e9nre [&hellip;]<\/p>\n","protected":false},"author":71,"featured_media":15315,"comment_status":"open","ping_status":"open","sticky":false,"template":"","format":"standard","meta":{"footnotes":""},"categories":[96],"tags":[],"global-categories":[419],"class_list":["post-15312","post","type-post","status-publish","format-standard","has-post-thumbnail","hentry","category-tour-de-france","global-categories-cycling"],"yoast_head":"<!-- This site is optimized with the Yoast SEO Premium plugin v25.3 (Yoast SEO v25.9) - https:\/\/yoast.com\/wordpress\/plugins\/seo\/ -->\n<title>Rajtol a Tour: \u00fajabb szlov\u00e9n k\u00fcl\u00f6ncsata, vagy valaki belek\u00f6phet Pogacar \u00e9s Roglic leves\u00e9be?<\/title>\n<meta name=\"description\" content=\"\u00dagy l\u00e1tszik, 2022 a p\u00f3tl\u00e1sok \u00e9ve: a k\u00e9t \u00e9vvel eltolt magyarorsz\u00e1gi Giro-Nagy Rajt ut\u00e1n a szint\u00e9n Covid miatt tavalyr\u00f3l id\u00e9nre halasztott d\u00e1niai Tour de France-starttal p\u00e9nteken megkezd\u0151dik a vil\u00e1g legnagyobb ker\u00e9kp\u00e1ros k\u00f6rversenye.\" \/>\n<meta name=\"robots\" content=\"index, follow, max-snippet:-1, max-image-preview:large, max-video-preview:-1\" \/>\n<link rel=\"canonical\" href=\"https:\/\/www.welovecycling.com\/hu\/tour-de-france\/rajtol-a-tour-ujabb-szloven-kuloncsata-vagy-valaki-belekophet-pogacar-es-roglic-levesebe\/\" \/>\n<meta property=\"og:locale\" content=\"hu_HU\" \/>\n<meta property=\"og:type\" content=\"article\" \/>\n<meta property=\"og:title\" content=\"Rajtol a Tour: \u00fajabb szlov\u00e9n k\u00fcl\u00f6ncsata, vagy valaki belek\u00f6phet Pogacar \u00e9s Roglic leves\u00e9be?\" \/>\n<meta property=\"og:description\" content=\"\u00dagy l\u00e1tszik, 2022 a p\u00f3tl\u00e1sok \u00e9ve: a k\u00e9t \u00e9vvel eltolt magyarorsz\u00e1gi Giro-Nagy Rajt ut\u00e1n a szint\u00e9n Covid miatt tavalyr\u00f3l id\u00e9nre halasztott d\u00e1niai Tour de France-starttal p\u00e9nteken megkezd\u0151dik a vil\u00e1g legnagyobb ker\u00e9kp\u00e1ros k\u00f6rversenye.\" \/>\n<meta property=\"og:url\" content=\"https:\/\/www.welovecycling.com\/hu\/tour-de-france\/rajtol-a-tour-ujabb-szloven-kuloncsata-vagy-valaki-belekophet-pogacar-es-roglic-levesebe\/\" \/>\n<meta property=\"og:site_name\" content=\"\u0160koda We Love Cycling - Magyarorsz\u00e1g\" \/>\n<meta property=\"article:publisher\" content=\"https:\/\/www.facebook.com\/WeLoveCyclingHungary\/\" \/>\n<meta property=\"article:published_time\" content=\"2022-07-01T08:22:37+00:00\" \/>\n<meta property=\"article:modified_time\" content=\"2022-07-01T08:24:48+00:00\" \/>\n<meta property=\"og:image\" content=\"https:\/\/d2p6e6u75xmxt8.cloudfront.net\/12\/2022\/07\/roglic-pogi-getty.jpg\" \/>\n\t<meta property=\"og:image:width\" content=\"2560\" \/>\n\t<meta property=\"og:image:height\" content=\"1440\" \/>\n\t<meta property=\"og:image:type\" content=\"image\/jpeg\" \/>\n<meta name=\"author\" content=\"hegyizs\" \/>\n<meta name=\"twitter:card\" content=\"summary_large_image\" \/>\n<meta name=\"twitter:label1\" content=\"Written by\" \/>\n\t<meta name=\"twitter:data1\" content=\"WLC\" \/>\n\t<meta name=\"twitter:label2\" content=\"Est. reading time\" \/>\n\t<meta name=\"twitter:data2\" content=\"4 minutes\" \/>\n<script type=\"application\/ld+json\" class=\"yoast-schema-graph\">{\"@context\":\"https:\/\/schema.org\",\"@graph\":[{\"@type\":\"WebPage\",\"@id\":\"https:\/\/www.welovecycling.com\/hu\/tour-de-france\/rajtol-a-tour-ujabb-szloven-kuloncsata-vagy-valaki-belekophet-pogacar-es-roglic-levesebe\/\",\"url\":\"https:\/\/www.welovecycling.com\/hu\/tour-de-france\/rajtol-a-tour-ujabb-szloven-kuloncsata-vagy-valaki-belekophet-pogacar-es-roglic-levesebe\/\",\"name\":\"Rajtol a Tour: \u00fajabb szlov\u00e9n k\u00fcl\u00f6ncsata, vagy valaki belek\u00f6phet Pogacar \u00e9s Roglic leves\u00e9be?\",\"isPartOf\":{\"@id\":\"https:\/\/www.welovecycling.com\/hu\/#website\"},\"primaryImageOfPage\":{\"@id\":\"https:\/\/www.welovecycling.com\/hu\/tour-de-france\/rajtol-a-tour-ujabb-szloven-kuloncsata-vagy-valaki-belekophet-pogacar-es-roglic-levesebe\/#primaryimage\"},\"image\":{\"@id\":\"https:\/\/www.welovecycling.com\/hu\/tour-de-france\/rajtol-a-tour-ujabb-szloven-kuloncsata-vagy-valaki-belekophet-pogacar-es-roglic-levesebe\/#primaryimage\"},\"thumbnailUrl\":\"https:\/\/d2p6e6u75xmxt8.cloudfront.net\/12\/2022\/07\/roglic-pogi-getty.jpg\",\"datePublished\":\"2022-07-01T08:22:37+00:00\",\"dateModified\":\"2022-07-01T08:24:48+00:00\",\"author\":{\"@id\":\"https:\/\/www.welovecycling.com\/hu\/#\/schema\/person\/414a2aebf1801691a5320edb6468e194\"},\"description\":\"\u00dagy l\u00e1tszik, 2022 a p\u00f3tl\u00e1sok \u00e9ve: a k\u00e9t \u00e9vvel eltolt magyarorsz\u00e1gi Giro-Nagy Rajt ut\u00e1n a szint\u00e9n Covid miatt tavalyr\u00f3l id\u00e9nre halasztott d\u00e1niai Tour de France-starttal p\u00e9nteken megkezd\u0151dik a vil\u00e1g legnagyobb ker\u00e9kp\u00e1ros k\u00f6rversenye.\",\"breadcrumb\":{\"@id\":\"https:\/\/www.welovecycling.com\/hu\/tour-de-france\/rajtol-a-tour-ujabb-szloven-kuloncsata-vagy-valaki-belekophet-pogacar-es-roglic-levesebe\/#breadcrumb\"},\"inLanguage\":\"hu\",\"potentialAction\":[{\"@type\":\"ReadAction\",\"target\":[\"https:\/\/www.welovecycling.com\/hu\/tour-de-france\/rajtol-a-tour-ujabb-szloven-kuloncsata-vagy-valaki-belekophet-pogacar-es-roglic-levesebe\/\"]}]},{\"@type\":\"ImageObject\",\"inLanguage\":\"hu\",\"@id\":\"https:\/\/www.welovecycling.com\/hu\/tour-de-france\/rajtol-a-tour-ujabb-szloven-kuloncsata-vagy-valaki-belekophet-pogacar-es-roglic-levesebe\/#primaryimage\",\"url\":\"https:\/\/d2p6e6u75xmxt8.cloudfront.net\/12\/2022\/07\/roglic-pogi-getty.jpg\",\"contentUrl\":\"https:\/\/d2p6e6u75xmxt8.cloudfront.net\/12\/2022\/07\/roglic-pogi-getty.jpg\",\"width\":2560,\"height\":1440},{\"@type\":\"BreadcrumbList\",\"@id\":\"https:\/\/www.welovecycling.com\/hu\/tour-de-france\/rajtol-a-tour-ujabb-szloven-kuloncsata-vagy-valaki-belekophet-pogacar-es-roglic-levesebe\/#breadcrumb\",\"itemListElement\":[{\"@type\":\"ListItem\",\"position\":1,\"name\":\"Home\",\"item\":\"https:\/\/www.welovecycling.com\/hu\/\"},{\"@type\":\"ListItem\",\"position\":2,\"name\":\"Rajtol a Tour: \u00fajabb szlov\u00e9n k\u00fcl\u00f6ncsata, vagy valaki belek\u00f6phet Pogacar \u00e9s Roglic leves\u00e9be?\"}]},{\"@type\":\"WebSite\",\"@id\":\"https:\/\/www.welovecycling.com\/hu\/#website\",\"url\":\"https:\/\/www.welovecycling.com\/hu\/\",\"name\":\"\u0160koda We Love Cycling - Magyarorsz\u00e1g\",\"description\":\"\u0160koda WeLoveCycling\",\"potentialAction\":[{\"@type\":\"SearchAction\",\"target\":{\"@type\":\"EntryPoint\",\"urlTemplate\":\"https:\/\/www.welovecycling.com\/hu\/?s={search_term_string}\"},\"query-input\":{\"@type\":\"PropertyValueSpecification\",\"valueRequired\":true,\"valueName\":\"search_term_string\"}}],\"inLanguage\":\"hu\"},{\"@type\":\"Person\",\"@id\":\"https:\/\/www.welovecycling.com\/hu\/#\/schema\/person\/414a2aebf1801691a5320edb6468e194\",\"name\":\"hegyizs\",\"image\":{\"@type\":\"ImageObject\",\"inLanguage\":\"hu\",\"@id\":\"https:\/\/www.welovecycling.com\/hu\/#\/schema\/person\/image\/\",\"url\":\"https:\/\/secure.gravatar.com\/avatar\/02cf8a7906b8cf90cecb4679defac7cfd33a1c2e3b88e4903d947f3bb58eedd3?s=96&d=mm&r=g\",\"contentUrl\":\"https:\/\/secure.gravatar.com\/avatar\/02cf8a7906b8cf90cecb4679defac7cfd33a1c2e3b88e4903d947f3bb58eedd3?s=96&d=mm&r=g\",\"caption\":\"hegyizs\"},\"url\":\"https:\/\/www.welovecycling.com\/hu\/author\/hegyizs\/\"}]}<\/script>\n<!-- \/ Yoast SEO Premium plugin. -->","yoast_head_json":{"title":"Rajtol a Tour: \u00fajabb szlov\u00e9n k\u00fcl\u00f6ncsata, vagy valaki belek\u00f6phet Pogacar \u00e9s Roglic leves\u00e9be?","description":"\u00dagy l\u00e1tszik, 2022 a p\u00f3tl\u00e1sok \u00e9ve: a k\u00e9t \u00e9vvel eltolt magyarorsz\u00e1gi Giro-Nagy Rajt ut\u00e1n a szint\u00e9n Covid miatt tavalyr\u00f3l id\u00e9nre halasztott d\u00e1niai Tour de France-starttal p\u00e9nteken megkezd\u0151dik a vil\u00e1g legnagyobb ker\u00e9kp\u00e1ros k\u00f6rversenye.","robots":{"index":"index","follow":"follow","max-snippet":"max-snippet:-1","max-image-preview":"max-image-preview:large","max-video-preview":"max-video-preview:-1"},"canonical":"https:\/\/www.welovecycling.com\/hu\/tour-de-france\/rajtol-a-tour-ujabb-szloven-kuloncsata-vagy-valaki-belekophet-pogacar-es-roglic-levesebe\/","og_locale":"hu_HU","og_type":"article","og_title":"Rajtol a Tour: \u00fajabb szlov\u00e9n k\u00fcl\u00f6ncsata, vagy valaki belek\u00f6phet Pogacar \u00e9s Roglic leves\u00e9be?","og_description":"\u00dagy l\u00e1tszik, 2022 a p\u00f3tl\u00e1sok \u00e9ve: a k\u00e9t \u00e9vvel eltolt magyarorsz\u00e1gi Giro-Nagy Rajt ut\u00e1n a szint\u00e9n Covid miatt tavalyr\u00f3l id\u00e9nre halasztott d\u00e1niai Tour de France-starttal p\u00e9nteken megkezd\u0151dik a vil\u00e1g legnagyobb ker\u00e9kp\u00e1ros k\u00f6rversenye.","og_url":"https:\/\/www.welovecycling.com\/hu\/tour-de-france\/rajtol-a-tour-ujabb-szloven-kuloncsata-vagy-valaki-belekophet-pogacar-es-roglic-levesebe\/","og_site_name":"\u0160koda We Love Cycling - Magyarorsz\u00e1g","article_publisher":"https:\/\/www.facebook.com\/WeLoveCyclingHungary\/","article_published_time":"2022-07-01T08:22:37+00:00","article_modified_time":"2022-07-01T08:24:48+00:00","og_image":[{"width":2560,"height":1440,"url":"https:\/\/d2p6e6u75xmxt8.cloudfront.net\/12\/2022\/07\/roglic-pogi-getty.jpg","type":"image\/jpeg"}],"author":"hegyizs","twitter_card":"summary_large_image","twitter_misc":{"Written by":"WLC","Est. reading time":"4 minutes"},"schema":{"@context":"https:\/\/schema.org","@graph":[{"@type":"WebPage","@id":"https:\/\/www.welovecycling.com\/hu\/tour-de-france\/rajtol-a-tour-ujabb-szloven-kuloncsata-vagy-valaki-belekophet-pogacar-es-roglic-levesebe\/","url":"https:\/\/www.welovecycling.com\/hu\/tour-de-france\/rajtol-a-tour-ujabb-szloven-kuloncsata-vagy-valaki-belekophet-pogacar-es-roglic-levesebe\/","name":"Rajtol a Tour: \u00fajabb szlov\u00e9n k\u00fcl\u00f6ncsata, vagy valaki belek\u00f6phet Pogacar \u00e9s Roglic leves\u00e9be?","isPartOf":{"@id":"https:\/\/www.welovecycling.com\/hu\/#website"},"primaryImageOfPage":{"@id":"https:\/\/www.welovecycling.com\/hu\/tour-de-france\/rajtol-a-tour-ujabb-szloven-kuloncsata-vagy-valaki-belekophet-pogacar-es-roglic-levesebe\/#primaryimage"},"image":{"@id":"https:\/\/www.welovecycling.com\/hu\/tour-de-france\/rajtol-a-tour-ujabb-szloven-kuloncsata-vagy-valaki-belekophet-pogacar-es-roglic-levesebe\/#primaryimage"},"thumbnailUrl":"https:\/\/d2p6e6u75xmxt8.cloudfront.net\/12\/2022\/07\/roglic-pogi-getty.jpg","datePublished":"2022-07-01T08:22:37+00:00","dateModified":"2022-07-01T08:24:48+00:00","author":{"@id":"https:\/\/www.welovecycling.com\/hu\/#\/schema\/person\/414a2aebf1801691a5320edb6468e194"},"description":"\u00dagy l\u00e1tszik, 2022 a p\u00f3tl\u00e1sok \u00e9ve: a k\u00e9t \u00e9vvel eltolt magyarorsz\u00e1gi Giro-Nagy Rajt ut\u00e1n a szint\u00e9n Covid miatt tavalyr\u00f3l id\u00e9nre halasztott d\u00e1niai Tour de France-starttal p\u00e9nteken megkezd\u0151dik a vil\u00e1g legnagyobb ker\u00e9kp\u00e1ros k\u00f6rversenye.","breadcrumb":{"@id":"https:\/\/www.welovecycling.com\/hu\/tour-de-france\/rajtol-a-tour-ujabb-szloven-kuloncsata-vagy-valaki-belekophet-pogacar-es-roglic-levesebe\/#breadcrumb"},"inLanguage":"hu","potentialAction":[{"@type":"ReadAction","target":["https:\/\/www.welovecycling.com\/hu\/tour-de-france\/rajtol-a-tour-ujabb-szloven-kuloncsata-vagy-valaki-belekophet-pogacar-es-roglic-levesebe\/"]}]},{"@type":"ImageObject","inLanguage":"hu","@id":"https:\/\/www.welovecycling.com\/hu\/tour-de-france\/rajtol-a-tour-ujabb-szloven-kuloncsata-vagy-valaki-belekophet-pogacar-es-roglic-levesebe\/#primaryimage","url":"https:\/\/d2p6e6u75xmxt8.cloudfront.net\/12\/2022\/07\/roglic-pogi-getty.jpg","contentUrl":"https:\/\/d2p6e6u75xmxt8.cloudfront.net\/12\/2022\/07\/roglic-pogi-getty.jpg","width":2560,"height":1440},{"@type":"BreadcrumbList","@id":"https:\/\/www.welovecycling.com\/hu\/tour-de-france\/rajtol-a-tour-ujabb-szloven-kuloncsata-vagy-valaki-belekophet-pogacar-es-roglic-levesebe\/#breadcrumb","itemListElement":[{"@type":"ListItem","position":1,"name":"Home","item":"https:\/\/www.welovecycling.com\/hu\/"},{"@type":"ListItem","position":2,"name":"Rajtol a Tour: \u00fajabb szlov\u00e9n k\u00fcl\u00f6ncsata, vagy valaki belek\u00f6phet Pogacar \u00e9s Roglic leves\u00e9be?"}]},{"@type":"WebSite","@id":"https:\/\/www.welovecycling.com\/hu\/#website","url":"https:\/\/www.welovecycling.com\/hu\/","name":"\u0160koda We Love Cycling - Magyarorsz\u00e1g","description":"\u0160koda WeLoveCycling","potentialAction":[{"@type":"SearchAction","target":{"@type":"EntryPoint","urlTemplate":"https:\/\/www.welovecycling.com\/hu\/?s={search_term_string}"},"query-input":{"@type":"PropertyValueSpecification","valueRequired":true,"valueName":"search_term_string"}}],"inLanguage":"hu"},{"@type":"Person","@id":"https:\/\/www.welovecycling.com\/hu\/#\/schema\/person\/414a2aebf1801691a5320edb6468e194","name":"hegyizs","image":{"@type":"ImageObject","inLanguage":"hu","@id":"https:\/\/www.welovecycling.com\/hu\/#\/schema\/person\/image\/","url":"https:\/\/secure.gravatar.com\/avatar\/02cf8a7906b8cf90cecb4679defac7cfd33a1c2e3b88e4903d947f3bb58eedd3?s=96&d=mm&r=g","contentUrl":"https:\/\/secure.gravatar.com\/avatar\/02cf8a7906b8cf90cecb4679defac7cfd33a1c2e3b88e4903d947f3bb58eedd3?s=96&d=mm&r=g","caption":"hegyizs"},"url":"https:\/\/www.welovecycling.com\/hu\/author\/hegyizs\/"}]}},"_links":{"self":[{"href":"https:\/\/www.welovecycling.com\/hu\/wp-json\/wp\/v2\/posts\/15312","targetHints":{"allow":["GET"]}}],"collection":[{"href":"https:\/\/www.welovecycling.com\/hu\/wp-json\/wp\/v2\/posts"}],"about":[{"href":"https:\/\/www.welovecycling.com\/hu\/wp-json\/wp\/v2\/types\/post"}],"author":[{"embeddable":true,"href":"https:\/\/www.welovecycling.com\/hu\/wp-json\/wp\/v2\/users\/71"}],"replies":[{"embeddable":true,"href":"https:\/\/www.welovecycling.com\/hu\/wp-json\/wp\/v2\/comments?post=15312"}],"version-history":[{"count":2,"href":"https:\/\/www.welovecycling.com\/hu\/wp-json\/wp\/v2\/posts\/15312\/revisions"}],"predecessor-version":[{"id":15318,"href":"https:\/\/www.welovecycling.com\/hu\/wp-json\/wp\/v2\/posts\/15312\/revisions\/15318"}],"wp:featuredmedia":[{"embeddable":true,"href":"https:\/\/www.welovecycling.com\/hu\/wp-json\/wp\/v2\/media\/15315"}],"wp:attachment":[{"href":"https:\/\/www.welovecycling.com\/hu\/wp-json\/wp\/v2\/media?parent=15312"}],"wp:term":[{"taxonomy":"category","embeddable":true,"href":"https:\/\/www.welovecycling.com\/hu\/wp-json\/wp\/v2\/categories?post=15312"},{"taxonomy":"post_tag","embeddable":true,"href":"https:\/\/www.welovecycling.com\/hu\/wp-json\/wp\/v2\/tags?post=15312"},{"taxonomy":"global-categories","embeddable":true,"href":"https:\/\/www.welovecycling.com\/hu\/wp-json\/wp\/v2\/global-categories?post=15312"}],"curies":[{"name":"wp","href":"https:\/\/api.w.org\/{rel}","templated":true}]}}