{"id":15285,"date":"2022-06-26T08:00:30","date_gmt":"2022-06-26T06:00:30","guid":{"rendered":"https:\/\/www.welovecycling.com\/hu\/?p=15285"},"modified":"2022-06-24T11:57:47","modified_gmt":"2022-06-24T09:57:47","slug":"az-ineosszal-karoltve-indit-kerekparos-akademiat-kenyaban-a-legendas-maratonfuto-eliud-kipchoge","status":"publish","type":"post","link":"https:\/\/www.welovecycling.com\/hu\/kozosseg-es-kultura\/az-ineosszal-karoltve-indit-kerekparos-akademiat-kenyaban-a-legendas-maratonfuto-eliud-kipchoge\/","title":{"rendered":"Az Ineosszal kar\u00f6ltve ind\u00edt ker\u00e9kp\u00e1ros akad\u00e9mi\u00e1t Keny\u00e1ban a legend\u00e1s maratonfut\u00f3, Eliud Kipchoge"},"content":{"rendered":"<p><strong>A sz\u00edv\u00f3s afrikaiakban rejl\u0151 potenci\u00e1lt akn\u00e1zn\u00e1 ki a brit gig\u00e1sz a nemzeti h\u0151s maratonfut\u00f3-ikon seg\u00edts\u00e9g\u00e9vel. K\u00f6zben kicsivel od\u00e9bb az eritreai szt\u00e1r, <\/strong><a href=\"https:\/\/www.welovecycling.com\/hu\/orszaguti-kerekpar\/biniam-girmay-az-afrikai-szupersztar\/\"><strong>Biniam Girmay<\/strong><\/a><strong> eml\u00e9kezetes Giro-balesete ut\u00e1n visszat\u00e9rhetett a versenyz\u00e9shez.<\/strong><!--more--><\/p>\n<p>Eml\u00e9kezetes Giro-produkci\u00f3juk nyom\u00e1n m\u00e1r <a href=\"https:\/\/www.welovecycling.com\/hu\/orszaguti-kerekpar\/elkepeszto-eritreaiak-a-koldusszegeny-afrikai-orszag-hosei-emlekezetesse-teszik-az-idei-girot\/\">ejtett\u00fcnk sz\u00f3t az eritreai bring\u00e1sokr\u00f3l,<\/a> \u00e9s arr\u00f3l, hogy az afrikai r\u00e9gi\u00f3b\u00f3l milyen tehets\u00e9ges bring\u00e1sok ker\u00fclnek ki az elm\u00falt \u00e9vekben.<\/p>\n<p>A folyamatnak \u00fajabb nagy lend\u00fcletet adhat egy nagyszab\u00e1s\u00fanak \u00edg\u00e9rkez\u0151 kezdem\u00e9nyez\u00e9s, melynek keret\u00e9n bel\u00fcl az orsz\u00e1g\u00fati ker\u00e9kp\u00e1rsport egyik legfontosabb \u00e9s leggazdagabb szerepl\u0151je, az Ineos a legend\u00e1s maratonfut\u00f3val, Eliud Kipchog\u00e9val \u00f6ssze\u00e1llva ind\u00edt akad\u00e9mi\u00e1t ut\u00f3bbi sz\u00fcl\u0151haz\u00e1j\u00e1ban, Keny\u00e1ban. A k\u00e9t f\u00e9l kooper\u00e1ci\u00f3ja nem \u00faj kelet\u0171. Minden id\u0151k legjobb maratonist\u00e1ja, a legut\u00f3bbi k\u00e9t olimpi\u00e1t megnyer\u0151 \u00e9s a vil\u00e1gcs\u00facsot is tart\u00f3 Kipchoge el\u0151sz\u00f6r 2019-ben l\u00e9pett partners\u00e9gre a brit Ineos gigav\u00e1llalattal: az \u201eIneos 1:59 Challenge\u201d nev\u0171 b\u00e9csi esem\u00e9nyen \u0151 lett az els\u0151 ember a f\u00f6ldkereks\u00e9gen, aki sikeresen \u00e1tt\u00f6rte az \u00e1lomhat\u00e1rt, \u00e9s k\u00e9t \u00f3r\u00e1n bel\u00fcl futotta le a maratoni t\u00e1vot (1:59:40.2).<\/p>\n<figure id=\"attachment_15287\" aria-describedby=\"caption-attachment-15287\" style=\"width: 1024px\" class=\"wp-caption alignnone\"><img loading=\"lazy\" decoding=\"async\" class=\"size-large wp-image-15287\" src=\"https:\/\/d2p6e6u75xmxt8.cloudfront.net\/12\/2022\/06\/210808193536-eliud-kipchoge-olympic-marathon-super-tease-1024x576.jpg\" alt=\"\" width=\"1024\" height=\"576\" srcset=\"https:\/\/d2p6e6u75xmxt8.cloudfront.net\/12\/2022\/06\/210808193536-eliud-kipchoge-olympic-marathon-super-tease-1024x576.jpg 1024w, https:\/\/d2p6e6u75xmxt8.cloudfront.net\/12\/2022\/06\/210808193536-eliud-kipchoge-olympic-marathon-super-tease-300x169.jpg 300w, https:\/\/d2p6e6u75xmxt8.cloudfront.net\/12\/2022\/06\/210808193536-eliud-kipchoge-olympic-marathon-super-tease-768x432.jpg 768w, https:\/\/d2p6e6u75xmxt8.cloudfront.net\/12\/2022\/06\/210808193536-eliud-kipchoge-olympic-marathon-super-tease.jpg 1100w\" sizes=\"auto, (max-width: 1024px) 100vw, 1024px\" \/><figcaption id=\"caption-attachment-15287\" class=\"wp-caption-text\">forr\u00e1s: CNN.com<\/figcaption><\/figure>\n<p>A kenyai ikon most a Kaptagat v\u00e1ros\u00e1ban tal\u00e1lhat\u00f3 edz\u0151k\u00f6zpontj\u00e1t b\u0151v\u00edti, t\u00f6bbek k\u00f6z\u00f6tt egy ker\u00e9kp\u00e1ros akad\u00e9mi\u00e1val az Ineos forr\u00e1sainak seg\u00edts\u00e9g\u00e9vel. Sir Dave Brailsford csapatigazgat\u00f3 szerint ez egy \u00f3ri\u00e1si l\u00e9p\u00e9s a vil\u00e1g ker\u00e9kp\u00e1rsportja sz\u00e1m\u00e1ra, melyet alapjaiban v\u00e1ltoztathat meg az afrikai versenyz\u0151k felkutat\u00e1sa \u00e9s fejleszt\u00e9se. P\u00e9ldak\u00e9nt \u00e9ppen az idei Gir\u00f3n t\u00f6rt\u00e9nelmi szakaszgy\u0151zelmet arat\u00f3, els\u0151 fekete ker\u00e9kp\u00e1rosk\u00e9nt World Tour-etapsikert \u00fcnnepl\u0151 eritreai Biniam Girmayt eml\u00edtette, hozz\u00e1t\u00e9ve, hogy az afrikai sportol\u00f3kra egy\u00e9bk\u00e9nt is jellemz\u0151 az a fajta szenved\u00e9ly, kitart\u00e1s, elhivatotts\u00e1g \u00e9s sportszeretet, amely t\u00f6k\u00e9letesen illeszkedik az Ineos szellemis\u00e9g\u00e9hez.<\/p>\n<figure id=\"attachment_15286\" aria-describedby=\"caption-attachment-15286\" style=\"width: 1024px\" class=\"wp-caption alignnone\"><img loading=\"lazy\" decoding=\"async\" class=\"size-large wp-image-15286\" src=\"https:\/\/d2p6e6u75xmxt8.cloudfront.net\/12\/2022\/06\/cyclingacademy-3-1024x683.jpeg\" alt=\"\" width=\"1024\" height=\"683\" srcset=\"https:\/\/d2p6e6u75xmxt8.cloudfront.net\/12\/2022\/06\/cyclingacademy-3-1024x683.jpeg 1024w, https:\/\/d2p6e6u75xmxt8.cloudfront.net\/12\/2022\/06\/cyclingacademy-3-300x200.jpeg 300w, https:\/\/d2p6e6u75xmxt8.cloudfront.net\/12\/2022\/06\/cyclingacademy-3-768x512.jpeg 768w, https:\/\/d2p6e6u75xmxt8.cloudfront.net\/12\/2022\/06\/cyclingacademy-3-1536x1025.jpeg 1536w, https:\/\/d2p6e6u75xmxt8.cloudfront.net\/12\/2022\/06\/cyclingacademy-3-272x182.jpeg 272w, https:\/\/d2p6e6u75xmxt8.cloudfront.net\/12\/2022\/06\/cyclingacademy-3.jpeg 1619w\" sizes=\"auto, (max-width: 1024px) 100vw, 1024px\" \/><figcaption id=\"caption-attachment-15286\" class=\"wp-caption-text\">A kaptagati ker\u00e9kp\u00e1ros akad\u00e9mia els\u0151 tagjai az Ineos vez\u00e9rkar\u00e1val \u00e9s Kipchog\u00e9val kieg\u00e9sz\u00fclve (fot\u00f3: INEOS\/CNG)<\/figcaption><\/figure>\n<p>A k\u00f6rnyez\u0151 orsz\u00e1gokkal (pl. Eti\u00f3pia, Eritrea) ellent\u00e9tben Keny\u00e1ban m\u00e9g gyerekcip\u0151ben j\u00e1r a bringasport \u2013 jelenleg nincs is a mai \u00e9rtelemben vett profi versenyz\u0151j\u00fck \u2013, \u00e1m a h\u00e9tszeres Grand Tour-gy\u0151ztes brit Chris Froome p\u00e9ld\u00e1ul itt sz\u00fcletett, majd D\u00e9l-Afrik\u00e1ba \u00e1llt tov\u00e1bb, miel\u0151tt Angli\u00e1ba k\u00f6lt\u00f6z\u00f6tt volna.<\/p>\n<p>S ha m\u00e1r Girmay: Pe\u00e1k Barnab\u00e1s wantys csapatt\u00e1rs\u00e1nak szerencs\u00e9re meggy\u00f3gyult a p\u00f3rul j\u00e1rt bal szeme, \u00edgy groteszk p\u00f3diumbalesete ut\u00e1n h\u00e9tv\u00e9g\u00e9n visszat\u00e9rhetett a versenyz\u00e9shez haz\u00e1ja orsz\u00e1gos bajnoks\u00e1g\u00e1n. <em>\u201eK\u00f6sz\u00f6n\u00f6m mindenkinek, aki t\u00e1mogatott \u00e9s seg\u00edtett \u2013 most m\u00e1r j\u00f3l vagyok. A pezsg\u0151s incidens ut\u00e1n kicsit szomor\u00fa voltam, de amikor vissza\u00e9rtem a hotelbe, mindenki szuperboldog volt \u2013 kicsit agg\u00f3dtak, de miut\u00e1n l\u00e1ttuk, hogy nem n\u00e9z ki olyan rosszul a szemem, ki\u00e9lveztem a sikert, nagyon boldog voltam\u201d<\/em> \u2013 mondta az eritreaiak \u00e9s az afrikaiak jelenlegi els\u0151 sz\u00e1m\u00fa h\u0151se.<\/p>\n<figure id=\"attachment_15288\" aria-describedby=\"caption-attachment-15288\" style=\"width: 1024px\" class=\"wp-caption alignnone\"><img loading=\"lazy\" decoding=\"async\" class=\"size-large wp-image-15288\" src=\"https:\/\/d2p6e6u75xmxt8.cloudfront.net\/12\/2022\/06\/AP22137575139018-scaled-1-1024x683.jpg\" alt=\"\" width=\"1024\" height=\"683\" srcset=\"https:\/\/d2p6e6u75xmxt8.cloudfront.net\/12\/2022\/06\/AP22137575139018-scaled-1-1024x683.jpg 1024w, https:\/\/d2p6e6u75xmxt8.cloudfront.net\/12\/2022\/06\/AP22137575139018-scaled-1-300x200.jpg 300w, https:\/\/d2p6e6u75xmxt8.cloudfront.net\/12\/2022\/06\/AP22137575139018-scaled-1-768x512.jpg 768w, https:\/\/d2p6e6u75xmxt8.cloudfront.net\/12\/2022\/06\/AP22137575139018-scaled-1-1536x1024.jpg 1536w, https:\/\/d2p6e6u75xmxt8.cloudfront.net\/12\/2022\/06\/AP22137575139018-scaled-1-2048x1366.jpg 2048w, https:\/\/d2p6e6u75xmxt8.cloudfront.net\/12\/2022\/06\/AP22137575139018-scaled-1-1920x1280.jpg 1920w, https:\/\/d2p6e6u75xmxt8.cloudfront.net\/12\/2022\/06\/AP22137575139018-scaled-1-272x182.jpg 272w, https:\/\/d2p6e6u75xmxt8.cloudfront.net\/12\/2022\/06\/AP22137575139018-scaled-1-1920x1280.jpg 1920w\" sizes=\"auto, (max-width: 1024px) 100vw, 1024px\" \/><figcaption id=\"caption-attachment-15288\" class=\"wp-caption-text\">Biniam Girmay ism\u00e9t pukkantgathatja a pezsg\u0151ket \u2013 ez\u00fattal m\u00e1r kicsit \u00f3vatosabban\u2026 (fot\u00f3: AP)<\/figcaption><\/figure>\n<p><em>Bor\u00edt\u00f3: <\/em><em>INEOS\/GSC<\/em><\/p>\n","protected":false},"excerpt":{"rendered":"<p>A sz\u00edv\u00f3s afrikaiakban rejl\u0151 potenci\u00e1lt akn\u00e1zn\u00e1 ki a brit gig\u00e1sz a nemzeti h\u0151s maratonfut\u00f3-ikon seg\u00edts\u00e9g\u00e9vel. K\u00f6zben kicsivel od\u00e9bb az eritreai [&hellip;]<\/p>\n","protected":false},"author":71,"featured_media":15289,"comment_status":"closed","ping_status":"closed","sticky":false,"template":"","format":"standard","meta":{"footnotes":""},"categories":[12],"tags":[],"global-categories":[],"class_list":["post-15285","post","type-post","status-publish","format-standard","has-post-thumbnail","hentry","category-kozosseg-es-kultura"],"yoast_head":"<!-- This site is optimized with the Yoast SEO Premium plugin v25.3 (Yoast SEO v25.9) - https:\/\/yoast.com\/wordpress\/plugins\/seo\/ -->\n<title>Az Ineosszal kar\u00f6ltve ind\u00edt ker\u00e9kp\u00e1ros akad\u00e9mi\u00e1t Keny\u00e1ban a legend\u00e1s maratonfut\u00f3, Eliud Kipchoge<\/title>\n<meta name=\"description\" content=\"A sz\u00edv\u00f3s afrikaiakban rejl\u0151 potenci\u00e1lt akn\u00e1zn\u00e1 ki a brit gig\u00e1sz a nemzeti h\u0151s maratonfut\u00f3-ikon seg\u00edts\u00e9g\u00e9vel. K\u00f6zben kicsivel od\u00e9bb az eritreai szt\u00e1r, Biniam Girmay eml\u00e9kezetes Giro-balesete ut\u00e1n visszat\u00e9rhetett a versenyz\u00e9shez.\" \/>\n<meta name=\"robots\" content=\"index, follow, max-snippet:-1, max-image-preview:large, max-video-preview:-1\" \/>\n<link rel=\"canonical\" href=\"https:\/\/www.welovecycling.com\/hu\/kozosseg-es-kultura\/az-ineosszal-karoltve-indit-kerekparos-akademiat-kenyaban-a-legendas-maratonfuto-eliud-kipchoge\/\" \/>\n<meta property=\"og:locale\" content=\"hu_HU\" \/>\n<meta property=\"og:type\" content=\"article\" \/>\n<meta property=\"og:title\" content=\"Az Ineosszal kar\u00f6ltve ind\u00edt ker\u00e9kp\u00e1ros akad\u00e9mi\u00e1t Keny\u00e1ban a legend\u00e1s maratonfut\u00f3, Eliud Kipchoge\" \/>\n<meta property=\"og:description\" content=\"A sz\u00edv\u00f3s afrikaiakban rejl\u0151 potenci\u00e1lt akn\u00e1zn\u00e1 ki a brit gig\u00e1sz a nemzeti h\u0151s maratonfut\u00f3-ikon seg\u00edts\u00e9g\u00e9vel. K\u00f6zben kicsivel od\u00e9bb az eritreai szt\u00e1r, Biniam Girmay eml\u00e9kezetes Giro-balesete ut\u00e1n visszat\u00e9rhetett a versenyz\u00e9shez.\" \/>\n<meta property=\"og:url\" content=\"https:\/\/www.welovecycling.com\/hu\/kozosseg-es-kultura\/az-ineosszal-karoltve-indit-kerekparos-akademiat-kenyaban-a-legendas-maratonfuto-eliud-kipchoge\/\" \/>\n<meta property=\"og:site_name\" content=\"\u0160koda We Love Cycling - Magyarorsz\u00e1g\" \/>\n<meta property=\"article:publisher\" content=\"https:\/\/www.facebook.com\/WeLoveCyclingHungary\/\" \/>\n<meta property=\"article:published_time\" content=\"2022-06-26T06:00:30+00:00\" \/>\n<meta property=\"og:image\" content=\"https:\/\/d2p6e6u75xmxt8.cloudfront.net\/12\/2022\/06\/ineos-kipchoge.jpg\" \/>\n\t<meta property=\"og:image:width\" content=\"1280\" \/>\n\t<meta property=\"og:image:height\" content=\"1023\" \/>\n\t<meta property=\"og:image:type\" content=\"image\/jpeg\" \/>\n<meta name=\"author\" content=\"hegyizs\" \/>\n<meta name=\"twitter:card\" content=\"summary_large_image\" \/>\n<meta name=\"twitter:label1\" content=\"Written by\" \/>\n\t<meta name=\"twitter:data1\" content=\"WLC\" \/>\n\t<meta name=\"twitter:label2\" content=\"Est. reading time\" \/>\n\t<meta name=\"twitter:data2\" content=\"3 minutes\" \/>\n<script type=\"application\/ld+json\" class=\"yoast-schema-graph\">{\"@context\":\"https:\/\/schema.org\",\"@graph\":[{\"@type\":\"WebPage\",\"@id\":\"https:\/\/www.welovecycling.com\/hu\/kozosseg-es-kultura\/az-ineosszal-karoltve-indit-kerekparos-akademiat-kenyaban-a-legendas-maratonfuto-eliud-kipchoge\/\",\"url\":\"https:\/\/www.welovecycling.com\/hu\/kozosseg-es-kultura\/az-ineosszal-karoltve-indit-kerekparos-akademiat-kenyaban-a-legendas-maratonfuto-eliud-kipchoge\/\",\"name\":\"Az Ineosszal kar\u00f6ltve ind\u00edt ker\u00e9kp\u00e1ros akad\u00e9mi\u00e1t Keny\u00e1ban a legend\u00e1s maratonfut\u00f3, Eliud Kipchoge\",\"isPartOf\":{\"@id\":\"https:\/\/www.welovecycling.com\/hu\/#website\"},\"primaryImageOfPage\":{\"@id\":\"https:\/\/www.welovecycling.com\/hu\/kozosseg-es-kultura\/az-ineosszal-karoltve-indit-kerekparos-akademiat-kenyaban-a-legendas-maratonfuto-eliud-kipchoge\/#primaryimage\"},\"image\":{\"@id\":\"https:\/\/www.welovecycling.com\/hu\/kozosseg-es-kultura\/az-ineosszal-karoltve-indit-kerekparos-akademiat-kenyaban-a-legendas-maratonfuto-eliud-kipchoge\/#primaryimage\"},\"thumbnailUrl\":\"https:\/\/d2p6e6u75xmxt8.cloudfront.net\/12\/2022\/06\/ineos-kipchoge.jpg\",\"datePublished\":\"2022-06-26T06:00:30+00:00\",\"author\":{\"@id\":\"https:\/\/www.welovecycling.com\/hu\/#\/schema\/person\/414a2aebf1801691a5320edb6468e194\"},\"description\":\"A sz\u00edv\u00f3s afrikaiakban rejl\u0151 potenci\u00e1lt akn\u00e1zn\u00e1 ki a brit gig\u00e1sz a nemzeti h\u0151s maratonfut\u00f3-ikon seg\u00edts\u00e9g\u00e9vel. K\u00f6zben kicsivel od\u00e9bb az eritreai szt\u00e1r, Biniam Girmay eml\u00e9kezetes Giro-balesete ut\u00e1n visszat\u00e9rhetett a versenyz\u00e9shez.\",\"breadcrumb\":{\"@id\":\"https:\/\/www.welovecycling.com\/hu\/kozosseg-es-kultura\/az-ineosszal-karoltve-indit-kerekparos-akademiat-kenyaban-a-legendas-maratonfuto-eliud-kipchoge\/#breadcrumb\"},\"inLanguage\":\"hu\",\"potentialAction\":[{\"@type\":\"ReadAction\",\"target\":[\"https:\/\/www.welovecycling.com\/hu\/kozosseg-es-kultura\/az-ineosszal-karoltve-indit-kerekparos-akademiat-kenyaban-a-legendas-maratonfuto-eliud-kipchoge\/\"]}]},{\"@type\":\"ImageObject\",\"inLanguage\":\"hu\",\"@id\":\"https:\/\/www.welovecycling.com\/hu\/kozosseg-es-kultura\/az-ineosszal-karoltve-indit-kerekparos-akademiat-kenyaban-a-legendas-maratonfuto-eliud-kipchoge\/#primaryimage\",\"url\":\"https:\/\/d2p6e6u75xmxt8.cloudfront.net\/12\/2022\/06\/ineos-kipchoge.jpg\",\"contentUrl\":\"https:\/\/d2p6e6u75xmxt8.cloudfront.net\/12\/2022\/06\/ineos-kipchoge.jpg\",\"width\":1280,\"height\":1023},{\"@type\":\"BreadcrumbList\",\"@id\":\"https:\/\/www.welovecycling.com\/hu\/kozosseg-es-kultura\/az-ineosszal-karoltve-indit-kerekparos-akademiat-kenyaban-a-legendas-maratonfuto-eliud-kipchoge\/#breadcrumb\",\"itemListElement\":[{\"@type\":\"ListItem\",\"position\":1,\"name\":\"Home\",\"item\":\"https:\/\/www.welovecycling.com\/hu\/\"},{\"@type\":\"ListItem\",\"position\":2,\"name\":\"Az Ineosszal kar\u00f6ltve ind\u00edt ker\u00e9kp\u00e1ros akad\u00e9mi\u00e1t Keny\u00e1ban a legend\u00e1s maratonfut\u00f3, Eliud Kipchoge\"}]},{\"@type\":\"WebSite\",\"@id\":\"https:\/\/www.welovecycling.com\/hu\/#website\",\"url\":\"https:\/\/www.welovecycling.com\/hu\/\",\"name\":\"\u0160koda We Love Cycling - Magyarorsz\u00e1g\",\"description\":\"\u0160koda WeLoveCycling\",\"potentialAction\":[{\"@type\":\"SearchAction\",\"target\":{\"@type\":\"EntryPoint\",\"urlTemplate\":\"https:\/\/www.welovecycling.com\/hu\/?s={search_term_string}\"},\"query-input\":{\"@type\":\"PropertyValueSpecification\",\"valueRequired\":true,\"valueName\":\"search_term_string\"}}],\"inLanguage\":\"hu\"},{\"@type\":\"Person\",\"@id\":\"https:\/\/www.welovecycling.com\/hu\/#\/schema\/person\/414a2aebf1801691a5320edb6468e194\",\"name\":\"hegyizs\",\"image\":{\"@type\":\"ImageObject\",\"inLanguage\":\"hu\",\"@id\":\"https:\/\/www.welovecycling.com\/hu\/#\/schema\/person\/image\/\",\"url\":\"https:\/\/secure.gravatar.com\/avatar\/02cf8a7906b8cf90cecb4679defac7cfd33a1c2e3b88e4903d947f3bb58eedd3?s=96&d=mm&r=g\",\"contentUrl\":\"https:\/\/secure.gravatar.com\/avatar\/02cf8a7906b8cf90cecb4679defac7cfd33a1c2e3b88e4903d947f3bb58eedd3?s=96&d=mm&r=g\",\"caption\":\"hegyizs\"},\"url\":\"https:\/\/www.welovecycling.com\/hu\/author\/hegyizs\/\"}]}<\/script>\n<!-- \/ Yoast SEO Premium plugin. -->","yoast_head_json":{"title":"Az Ineosszal kar\u00f6ltve ind\u00edt ker\u00e9kp\u00e1ros akad\u00e9mi\u00e1t Keny\u00e1ban a legend\u00e1s maratonfut\u00f3, Eliud Kipchoge","description":"A sz\u00edv\u00f3s afrikaiakban rejl\u0151 potenci\u00e1lt akn\u00e1zn\u00e1 ki a brit gig\u00e1sz a nemzeti h\u0151s maratonfut\u00f3-ikon seg\u00edts\u00e9g\u00e9vel. K\u00f6zben kicsivel od\u00e9bb az eritreai szt\u00e1r, Biniam Girmay eml\u00e9kezetes Giro-balesete ut\u00e1n visszat\u00e9rhetett a versenyz\u00e9shez.","robots":{"index":"index","follow":"follow","max-snippet":"max-snippet:-1","max-image-preview":"max-image-preview:large","max-video-preview":"max-video-preview:-1"},"canonical":"https:\/\/www.welovecycling.com\/hu\/kozosseg-es-kultura\/az-ineosszal-karoltve-indit-kerekparos-akademiat-kenyaban-a-legendas-maratonfuto-eliud-kipchoge\/","og_locale":"hu_HU","og_type":"article","og_title":"Az Ineosszal kar\u00f6ltve ind\u00edt ker\u00e9kp\u00e1ros akad\u00e9mi\u00e1t Keny\u00e1ban a legend\u00e1s maratonfut\u00f3, Eliud Kipchoge","og_description":"A sz\u00edv\u00f3s afrikaiakban rejl\u0151 potenci\u00e1lt akn\u00e1zn\u00e1 ki a brit gig\u00e1sz a nemzeti h\u0151s maratonfut\u00f3-ikon seg\u00edts\u00e9g\u00e9vel. K\u00f6zben kicsivel od\u00e9bb az eritreai szt\u00e1r, Biniam Girmay eml\u00e9kezetes Giro-balesete ut\u00e1n visszat\u00e9rhetett a versenyz\u00e9shez.","og_url":"https:\/\/www.welovecycling.com\/hu\/kozosseg-es-kultura\/az-ineosszal-karoltve-indit-kerekparos-akademiat-kenyaban-a-legendas-maratonfuto-eliud-kipchoge\/","og_site_name":"\u0160koda We Love Cycling - Magyarorsz\u00e1g","article_publisher":"https:\/\/www.facebook.com\/WeLoveCyclingHungary\/","article_published_time":"2022-06-26T06:00:30+00:00","og_image":[{"width":1280,"height":1023,"url":"https:\/\/d2p6e6u75xmxt8.cloudfront.net\/12\/2022\/06\/ineos-kipchoge.jpg","type":"image\/jpeg"}],"author":"hegyizs","twitter_card":"summary_large_image","twitter_misc":{"Written by":"WLC","Est. reading time":"3 minutes"},"schema":{"@context":"https:\/\/schema.org","@graph":[{"@type":"WebPage","@id":"https:\/\/www.welovecycling.com\/hu\/kozosseg-es-kultura\/az-ineosszal-karoltve-indit-kerekparos-akademiat-kenyaban-a-legendas-maratonfuto-eliud-kipchoge\/","url":"https:\/\/www.welovecycling.com\/hu\/kozosseg-es-kultura\/az-ineosszal-karoltve-indit-kerekparos-akademiat-kenyaban-a-legendas-maratonfuto-eliud-kipchoge\/","name":"Az Ineosszal kar\u00f6ltve ind\u00edt ker\u00e9kp\u00e1ros akad\u00e9mi\u00e1t Keny\u00e1ban a legend\u00e1s maratonfut\u00f3, Eliud Kipchoge","isPartOf":{"@id":"https:\/\/www.welovecycling.com\/hu\/#website"},"primaryImageOfPage":{"@id":"https:\/\/www.welovecycling.com\/hu\/kozosseg-es-kultura\/az-ineosszal-karoltve-indit-kerekparos-akademiat-kenyaban-a-legendas-maratonfuto-eliud-kipchoge\/#primaryimage"},"image":{"@id":"https:\/\/www.welovecycling.com\/hu\/kozosseg-es-kultura\/az-ineosszal-karoltve-indit-kerekparos-akademiat-kenyaban-a-legendas-maratonfuto-eliud-kipchoge\/#primaryimage"},"thumbnailUrl":"https:\/\/d2p6e6u75xmxt8.cloudfront.net\/12\/2022\/06\/ineos-kipchoge.jpg","datePublished":"2022-06-26T06:00:30+00:00","author":{"@id":"https:\/\/www.welovecycling.com\/hu\/#\/schema\/person\/414a2aebf1801691a5320edb6468e194"},"description":"A sz\u00edv\u00f3s afrikaiakban rejl\u0151 potenci\u00e1lt akn\u00e1zn\u00e1 ki a brit gig\u00e1sz a nemzeti h\u0151s maratonfut\u00f3-ikon seg\u00edts\u00e9g\u00e9vel. K\u00f6zben kicsivel od\u00e9bb az eritreai szt\u00e1r, Biniam Girmay eml\u00e9kezetes Giro-balesete ut\u00e1n visszat\u00e9rhetett a versenyz\u00e9shez.","breadcrumb":{"@id":"https:\/\/www.welovecycling.com\/hu\/kozosseg-es-kultura\/az-ineosszal-karoltve-indit-kerekparos-akademiat-kenyaban-a-legendas-maratonfuto-eliud-kipchoge\/#breadcrumb"},"inLanguage":"hu","potentialAction":[{"@type":"ReadAction","target":["https:\/\/www.welovecycling.com\/hu\/kozosseg-es-kultura\/az-ineosszal-karoltve-indit-kerekparos-akademiat-kenyaban-a-legendas-maratonfuto-eliud-kipchoge\/"]}]},{"@type":"ImageObject","inLanguage":"hu","@id":"https:\/\/www.welovecycling.com\/hu\/kozosseg-es-kultura\/az-ineosszal-karoltve-indit-kerekparos-akademiat-kenyaban-a-legendas-maratonfuto-eliud-kipchoge\/#primaryimage","url":"https:\/\/d2p6e6u75xmxt8.cloudfront.net\/12\/2022\/06\/ineos-kipchoge.jpg","contentUrl":"https:\/\/d2p6e6u75xmxt8.cloudfront.net\/12\/2022\/06\/ineos-kipchoge.jpg","width":1280,"height":1023},{"@type":"BreadcrumbList","@id":"https:\/\/www.welovecycling.com\/hu\/kozosseg-es-kultura\/az-ineosszal-karoltve-indit-kerekparos-akademiat-kenyaban-a-legendas-maratonfuto-eliud-kipchoge\/#breadcrumb","itemListElement":[{"@type":"ListItem","position":1,"name":"Home","item":"https:\/\/www.welovecycling.com\/hu\/"},{"@type":"ListItem","position":2,"name":"Az Ineosszal kar\u00f6ltve ind\u00edt ker\u00e9kp\u00e1ros akad\u00e9mi\u00e1t Keny\u00e1ban a legend\u00e1s maratonfut\u00f3, Eliud Kipchoge"}]},{"@type":"WebSite","@id":"https:\/\/www.welovecycling.com\/hu\/#website","url":"https:\/\/www.welovecycling.com\/hu\/","name":"\u0160koda We Love Cycling - Magyarorsz\u00e1g","description":"\u0160koda WeLoveCycling","potentialAction":[{"@type":"SearchAction","target":{"@type":"EntryPoint","urlTemplate":"https:\/\/www.welovecycling.com\/hu\/?s={search_term_string}"},"query-input":{"@type":"PropertyValueSpecification","valueRequired":true,"valueName":"search_term_string"}}],"inLanguage":"hu"},{"@type":"Person","@id":"https:\/\/www.welovecycling.com\/hu\/#\/schema\/person\/414a2aebf1801691a5320edb6468e194","name":"hegyizs","image":{"@type":"ImageObject","inLanguage":"hu","@id":"https:\/\/www.welovecycling.com\/hu\/#\/schema\/person\/image\/","url":"https:\/\/secure.gravatar.com\/avatar\/02cf8a7906b8cf90cecb4679defac7cfd33a1c2e3b88e4903d947f3bb58eedd3?s=96&d=mm&r=g","contentUrl":"https:\/\/secure.gravatar.com\/avatar\/02cf8a7906b8cf90cecb4679defac7cfd33a1c2e3b88e4903d947f3bb58eedd3?s=96&d=mm&r=g","caption":"hegyizs"},"url":"https:\/\/www.welovecycling.com\/hu\/author\/hegyizs\/"}]}},"_links":{"self":[{"href":"https:\/\/www.welovecycling.com\/hu\/wp-json\/wp\/v2\/posts\/15285","targetHints":{"allow":["GET"]}}],"collection":[{"href":"https:\/\/www.welovecycling.com\/hu\/wp-json\/wp\/v2\/posts"}],"about":[{"href":"https:\/\/www.welovecycling.com\/hu\/wp-json\/wp\/v2\/types\/post"}],"author":[{"embeddable":true,"href":"https:\/\/www.welovecycling.com\/hu\/wp-json\/wp\/v2\/users\/71"}],"replies":[{"embeddable":true,"href":"https:\/\/www.welovecycling.com\/hu\/wp-json\/wp\/v2\/comments?post=15285"}],"version-history":[{"count":1,"href":"https:\/\/www.welovecycling.com\/hu\/wp-json\/wp\/v2\/posts\/15285\/revisions"}],"predecessor-version":[{"id":15290,"href":"https:\/\/www.welovecycling.com\/hu\/wp-json\/wp\/v2\/posts\/15285\/revisions\/15290"}],"wp:featuredmedia":[{"embeddable":true,"href":"https:\/\/www.welovecycling.com\/hu\/wp-json\/wp\/v2\/media\/15289"}],"wp:attachment":[{"href":"https:\/\/www.welovecycling.com\/hu\/wp-json\/wp\/v2\/media?parent=15285"}],"wp:term":[{"taxonomy":"category","embeddable":true,"href":"https:\/\/www.welovecycling.com\/hu\/wp-json\/wp\/v2\/categories?post=15285"},{"taxonomy":"post_tag","embeddable":true,"href":"https:\/\/www.welovecycling.com\/hu\/wp-json\/wp\/v2\/tags?post=15285"},{"taxonomy":"global-categories","embeddable":true,"href":"https:\/\/www.welovecycling.com\/hu\/wp-json\/wp\/v2\/global-categories?post=15285"}],"curies":[{"name":"wp","href":"https:\/\/api.w.org\/{rel}","templated":true}]}}