{"id":15266,"date":"2022-06-30T08:00:42","date_gmt":"2022-06-30T06:00:42","guid":{"rendered":"https:\/\/www.welovecycling.com\/hu\/?p=15266"},"modified":"2022-06-24T12:01:21","modified_gmt":"2022-06-24T10:01:21","slug":"a-7-legjobb-sziget-biciklis-nyaralasokhoz","status":"publish","type":"post","link":"https:\/\/www.welovecycling.com\/hu\/kozosseg-es-kultura\/a-7-legjobb-sziget-biciklis-nyaralasokhoz\/","title":{"rendered":"A 7 legjobb sziget biciklis nyaral\u00e1sokhoz"},"content":{"rendered":"<p><strong>V\u00e9gre mehet\u00fcnk nyaralni! Belef\u00e9r otthon felejteni a napszem\u00fcveget, a f\u00fcrd\u0151ruh\u00e1t vagy a gyerekeket, de a biciklit semmik\u00e9pp! Szerencs\u00e9re rengeteg olyan sziget v\u00e1r, ahol k\u00e1pr\u00e1zatos strandokon pihenhet a csal\u00e1d t\u00f6bbi r\u00e9sze, ameddig te k\u00e9t ker\u00e9ken bej\u00e1rod a fest\u0151i sz\u00e9ps\u00e9g\u0171 hegyeket-v\u00f6lgyeket. H\u00e9t p\u00e9ld\u00e1t hoztunk.<\/strong><\/p>\n<p><!--more--><\/p>\n<h2><strong>Szard\u00ednia, Olaszorsz\u00e1g<\/strong><\/h2>\n<p>Csendes utak, finom \u00e9telek, l\u00e9legzetel\u00e1ll\u00edt\u00f3 kil\u00e1t\u00e1s \u00e9s n\u00e9h\u00e1ny igen kifizet\u0151d\u0151 m\u00e1sz\u00e1s. Kihagytunk valamit? \u00d3, igen, a Mald\u00edv-szigetekre eml\u00e9keztet\u0151 strandokat, r\u00f3zsasz\u00edn homokkal \u00e9s egzotikus tengeri n\u00f6v\u00e9ny- \u00e9s \u00e1llatvil\u00e1ggal! Szard\u00ednia val\u00f3ban az egyik legjobb hely a ny\u00e1ri vak\u00e1ci\u00f3 elt\u00f6lt\u00e9s\u00e9re. Legal\u00e1bb egy tucat f\u00e9lelmetesen j\u00f3 ker\u00e9kp\u00e1r\u00fat szeli \u00e1t, melyek k\u00f6z\u00f6tt mindenf\u00e9le szintnek \u00e9s preferenci\u00e1nak megfelel\u0151t tal\u00e1lsz. Mindegy, hogy egy laza k\u00f6rutat szeretn\u00e9l a strandokat \u00fatba ejtve, vagy kem\u00e9ny hegym\u00e1sz\u00e1sra v\u00e1gsz, hogy a magasb\u00f3l \u00e9lvezhesd a fest\u0151i kil\u00e1t\u00e1st, itt megteheted. Az egyetlen szab\u00e1ly, hogy ker\u00fcld el a f\u0151utakat! Ny\u00e1ron el\u00e9g nagy lehet a forgalom, \u00edgy jobban j\u00e1rsz, ha a csendes mell\u00e9kutakon haladsz.<\/p>\n<figure id=\"attachment_15268\" aria-describedby=\"caption-attachment-15268\" style=\"width: 1000px\" class=\"wp-caption alignnone\"><a href=\"https:\/\/d2p6e6u75xmxt8.cloudfront.net\/12\/2022\/06\/Sardinia-cycling-profimedia-0331567352.jpg\"><img loading=\"lazy\" decoding=\"async\" class=\"size-full wp-image-15268\" src=\"https:\/\/d2p6e6u75xmxt8.cloudfront.net\/12\/2022\/06\/Sardinia-cycling-profimedia-0331567352.jpg\" alt=\"Sardinia\" width=\"1000\" height=\"666\" srcset=\"https:\/\/d2p6e6u75xmxt8.cloudfront.net\/12\/2022\/06\/Sardinia-cycling-profimedia-0331567352.jpg 1000w, https:\/\/d2p6e6u75xmxt8.cloudfront.net\/12\/2022\/06\/Sardinia-cycling-profimedia-0331567352-300x200.jpg 300w, https:\/\/d2p6e6u75xmxt8.cloudfront.net\/12\/2022\/06\/Sardinia-cycling-profimedia-0331567352-768x511.jpg 768w, https:\/\/d2p6e6u75xmxt8.cloudfront.net\/12\/2022\/06\/Sardinia-cycling-profimedia-0331567352-272x182.jpg 272w\" sizes=\"auto, (max-width: 1000px) 100vw, 1000px\" \/><\/a><figcaption id=\"caption-attachment-15268\" class=\"wp-caption-text\"><em>Szard\u00ednia, Olaszorsz\u00e1g egyik korona\u00e9kszere. \u00a9 Profimedia<\/em><\/figcaption><\/figure>\n<p>R\u00e1ad\u00e1sul ezek az utc\u00e1k sokkal hangulatosabbak is. Ha k\u00f6veted kanyarg\u00e1sukat, kis k\u00f6z\u00e9pkori v\u00e1rosokat j\u00e1rhatsz be, melyek \u00fagy \u00e1llnak a hely\u00fck\u00f6n, mintha megfagytak volna az id\u0151ben, vagy megcsod\u00e1lhatod a nagy hegyi tavak term\u00e9szetes sz\u00e9ps\u00e9g\u00e9t, megvetheted a l\u00e1bad egy magas m\u00e9szk\u0151cs\u00facson, vagy erd\u0151k, sz\u0151l\u0151\u00fcltetv\u00e9nyek \u00e9s farmok k\u00f6z\u00f6tt tekereghetsz. Z\u00e1rd a napod egy hangulatos \u00e9tterem vagy pub terasz\u00e1n, melyek mindegyike els\u0151 oszt\u00e1ly\u00fa \u00e9teleket \u00e9s hideg s\u00f6rt k\u00edn\u00e1l. Sajnos olasz s\u00f6rt, de ennyi \u00e1ldozat belef\u00e9r.<\/p>\n<h2><strong>Szigetr\u0151l szigetre Horv\u00e1torsz\u00e1gban<\/strong><\/h2>\n<p>Gyakorlatilag mindenki j\u00e1rt m\u00e1r Horv\u00e1torsz\u00e1gban, ez az els\u0151 hely, ami esz\u00fcnkbe jut, ha k\u00fclf\u00f6ldi nyaral\u00e1sr\u00f3l van sz\u00f3. De volt\u00e1l m\u00e1r itt a bicikliddel? M\u00e9g ha egyed\u00fcl is indulsz \u00fatnak, nagy es\u00e9llyel csapatban v\u00e9gzed, annyian tekernek az orsz\u00e1gban. \u00c9s mindenkinek ugyanaz a terve: szigetr\u0151l szigetre ugr\u00e1lni \u00e1t Dalm\u00e1ci\u00e1n.<\/p>\n<p>Ak\u00e1rhogy is magasztaljuk a horv\u00e1t tengerpartot, sosem dics\u00e9rhetj\u00fck el\u00e9gg\u00e9. Ritk\u00e1n l\u00e1thatunk olyan leny\u0171g\u00f6z\u0151 naplement\u00e9ket, mint itt, ahol val\u00f3s\u00e1ggal a tengerbe bukik a nap. A horizontot pedig t\u00f6bb sz\u00e1z apr\u00f3 sziget tark\u00edtja. Egyszer\u0171en l\u00e9legzetel\u00e1ll\u00edt\u00f3.<\/p>\n<p>Ha van el\u00e9g id\u0151d, azt javasoljuk, indulj Rijek\u00e1b\u00f3l, \u00e9s ne hagyd ki Pul\u00e1t se! Mindk\u00e9t v\u00e1rosnak van egy nagyon egyedi hangulata, az \u00e9jszakai \u00e9let felt\u00f6lt, miel\u0151tt kompra sz\u00e1llsz. Krk, Cres, Brac, Hvar \u00e9s tucatnyi m\u00e1s sziget v\u00e1r, amiknek nincs a nev\u00fckben el\u00e9g mag\u00e1nhangz\u00f3, de ann\u00e1l t\u00f6bb rajtuk a l\u00e1tnival\u00f3 \u00e9s a felfedez\u00e9sre v\u00e1r\u00f3 r\u00e9szlet. Az \u00edzletes \u00e9telekr\u0151l nem is besz\u00e9lve!<\/p>\n<p>Ha teheted, l\u00e1togasd meg Split v\u00e1ros\u00e1t is, ami persze nem sziget, de mindenk\u00e9pp meg\u00e9rdemel egy-k\u00e9t napot. V\u00e9g\u00fcl \u00e9rkezz meg Dubrovnikba! Ez egy turisztikai g\u00f3cpont a Tr\u00f3nok harca \u00f3ta, itt forgatt\u00e1k ugyanis a King\u2019s Langin jeleneteit. Ennek ellen\u00e9re \u00e9lvezhet\u0151 a fest\u0151i v\u00e1ros, csak a t\u00f6meget kell elker\u00fclni.<\/p>\n<h2><strong>Korzika, Franciaorsz\u00e1g<\/strong><\/h2>\n<p>Korzika olyan, mint Szard\u00ednia, szteroidokon. \u00c9s nem is v\u00e1rhatunk enn\u00e9l kevesebbet a helyt\u0151l, ahonnan Nap\u00f3leon sz\u00e1rmazik. Ezer kilom\u00e9ternyi tengerpart, csod\u00e1latos strandok, melyek ugyanolyan sz\u00e9pek, mint Szard\u00edni\u00e1n, csak sokkal kevesebb a turista. 21 k\u00e9tezer m\u00e9ter f\u00f6l\u00f6tti hegycs\u00facs. Korzik\u00e1n minden van. T\u00f6k\u00e9letes outisoknak, fantasztikus montisoknak \u00e9s ami a legfontosabb, minden ker\u00e9kp\u00e1ros bar\u00e1tja. F\u00fcggetlen\u00fcl att\u00f3l, milyen c\u00e9llal \u00e9rkezel, biztosan im\u00e1dni fogod. A tengerparti utak csak t\u00e9ged v\u00e1rnak, ha a hoteledb\u0151l b\u00e1rmely strandra el szeretn\u00e9l jutni. Egyenes utak \u00e9s viszonylag alacsony forgalom jellemzi ezeket a r\u00e9szeket.<\/p>\n<p>Ha viszont igazi kih\u00edv\u00e1sra v\u00e1gysz, akkor a sziget bels\u0151 r\u00e9sz\u00e9nek 86%-\u00e1t elfoglal\u00f3 hegyekt\u0151l megkapod. N\u00e9melyiket nem olyan neh\u00e9z megm\u00e1szni, a jutalom viszont pof\u00e1tlanul sz\u00e9p kil\u00e1t\u00e1s. A sziget k\u00f6nnyen megk\u00f6zel\u00edthet\u0151 \u00e9s igen ker\u00e9kp\u00e1ros-bar\u00e1t, sz\u00f3val m\u00e9g akkor is aj\u00e1nljuk, ha nem vagy extr\u00e9m kalandv\u00e1gy\u00f3 t\u00edpus.<\/p>\n<h2><strong>Mallorca, Spanyolorsz\u00e1g<\/strong><\/h2>\n<figure id=\"attachment_9871\" aria-describedby=\"caption-attachment-9871\" style=\"width: 1250px\" class=\"wp-caption alignnone\"><a href=\"https:\/\/d2p6e6u75xmxt8.cloudfront.net\/12\/2021\/01\/Mallorca-profimedia-0573237671.jpg\"><img loading=\"lazy\" decoding=\"async\" class=\"size-full wp-image-9871\" src=\"https:\/\/d2p6e6u75xmxt8.cloudfront.net\/12\/2021\/01\/Mallorca-profimedia-0573237671.jpg\" alt=\"Mallorca\" width=\"1250\" height=\"833\" srcset=\"https:\/\/d2p6e6u75xmxt8.cloudfront.net\/12\/2021\/01\/Mallorca-profimedia-0573237671.jpg 1250w, https:\/\/d2p6e6u75xmxt8.cloudfront.net\/12\/2021\/01\/Mallorca-profimedia-0573237671-300x200.jpg 300w, https:\/\/d2p6e6u75xmxt8.cloudfront.net\/12\/2021\/01\/Mallorca-profimedia-0573237671-1024x682.jpg 1024w, https:\/\/d2p6e6u75xmxt8.cloudfront.net\/12\/2021\/01\/Mallorca-profimedia-0573237671-768x512.jpg 768w, https:\/\/d2p6e6u75xmxt8.cloudfront.net\/12\/2021\/01\/Mallorca-profimedia-0573237671-272x182.jpg 272w\" sizes=\"auto, (max-width: 1250px) 100vw, 1250px\" \/><\/a><figcaption id=\"caption-attachment-9871\" class=\"wp-caption-text\"><em>Cap de Formentor, egy csod\u00e1latos hegycs\u00facs, \u00e9s igazi bring\u00e1s-kih\u00edv\u00e1s. \u00a9 Profimedia<\/em><\/figcaption><\/figure>\n<p>Ha passz\u00edv pihen\u00e9st is szeretn\u00e9l be\u00e9p\u00edteni a sok aktivit\u00e1s k\u00f6z\u00e9, Mallorca t\u00f6k\u00e9letes hely lesz sz\u00e1modra. J\u00f3 min\u0151s\u00e9g\u0171 alkohol, k\u00e9s\u0151 esti bulik \u00e9s egy kicsit vadabb, vibr\u00e1l\u00f3 hangulat \u2013 ez mind ellentmond a bring\u00e1s vak\u00e1ci\u00f3z\u00e1s gondolat\u00e1nak. Ennek ellen\u00e9re, ha megtal\u00e1lod az egyens\u00falyt, Mallorca felejthetetlen \u00e9lm\u00e9ny.<\/p>\n<p>Mallorca szinte minden egyes\u00fclt kir\u00e1lys\u00e1gbeli ker\u00e9kp\u00e1ros kir\u00e1ndul\u00f3helye ny\u00e1ron, a list\u00e1n, melyen azok a dolgok szerepelnek, amikkel kapcsolatban megb\u00edzhatunk a britekben, a ker\u00e9kp\u00e1roz\u00e1s egy\u00e9rtelm\u0171en ott van. A terep, a kisz\u00e1m\u00edthat\u00f3 h\u0151m\u00e9rs\u00e9klet \u00e9s id\u0151j\u00e1r\u00e1s, valamint a leny\u0171g\u00f6z\u0151 kil\u00e1t\u00e1s val\u00f3s\u00e1gos mennyorsz\u00e1gg\u00e1 var\u00e1zsolj\u00e1k a szigetet. A forgalom nem jelent probl\u00e9m\u00e1t, hiszen Mallorc\u00e1n eg\u00e9sz \u00e9vben rengeteg a ker\u00e9kp\u00e1ros, az \u00e9tel pedig olyan, ami\u00e9rt ha kellene, az \u00e9let\u00fcnket adn\u00e1nk. Ez az egyetlen hely, ahol nem s\u00f6rrel fogsz felfriss\u00fclni. Itt sangri\u00e1t kell inni!<\/p>\n<p>Mallorca t\u00f6k\u00e9letes hely, ha m\u00e9g nem volt\u00e1l ker\u00e9kp\u00e1ros nyaral\u00e1son. Ez a kapu, ahol biztosan megtal\u00e1lod, amit keresel.<\/p>\n<h2><strong>Samothraki, G\u00f6r\u00f6gorsz\u00e1g<\/strong><\/h2>\n<p>Ez a kis sziget az \u00c9gei-tenger \u00e9szakkeleti perem\u00e9n gyakran k\u00edv\u00fcl marad a legt\u00f6bb ker\u00e9kp\u00e1r-rajong\u00f3 radarj\u00e1n. A hangulatos g\u00f6r\u00f6g szigetnek a kalandsziget a beceneve, nem v\u00e9letlen\u00fcl. Annak ellen\u00e9re, hogy rendk\u00edv\u00fcl p\u00e9nzt\u00e1rcabar\u00e1t, hat\u00e1rozottan teljes\u00edti mind a h\u00e1rom faktort, amit minden bring\u00e1s keres: csod\u00e1latos kil\u00e1t\u00e1s, ker\u00e9kp\u00e1ros-bar\u00e1t utak \u00e9s \u00f6sv\u00e9nyek, \u00e9s finom \u00e9telek. Musaka, Tzatziki, Stifado. Mindegyik j\u00f6het. B\u00e1rmikor.<\/p>\n<p>https:\/\/www.instagram.com\/p\/Ce5kQNysEBI\/?hl=en<\/p>\n<p>Az egyetlen h\u00e1tr\u00e1ny, hogy ha nem a Balk\u00e1nr\u00f3l \u00e9rkezel, akkor el\u00e9g neh\u00e9z az odajut\u00e1s. A legk\u00f6zelebbi rept\u00e9r Bulg\u00e1ri\u00e1ban tal\u00e1lhat\u00f3. Innen m\u00e9g h\u00e1rom \u00f3r\u00e1s aut\u00f3\u00fat vezet a kompig. A szigeten azonban nem csak ker\u00e9kp\u00e1rozhatsz, hanem kajakozhatsz, raftingolhatsz \u00e9s m\u00e1s extr\u00e9m sportokat is kipr\u00f3b\u00e1lhatsz. Ha p\u00e9nzt\u00e1rcabar\u00e1t ker\u00e9kp\u00e1ros \u00fatic\u00e9lt keresel, Samothrakinak felt\u00e9tlen\u00fcl els\u0151 helyen kell lennie a list\u00e1n.<\/p>\n<h2><strong>Szic\u00edlia, Olaszorsz\u00e1g<\/strong><\/h2>\n<p>K\u00e9szen \u00e1llsz egy igazi kih\u00edv\u00e1sra? Nem? Nem baj! Szic\u00edlia a kezd\u0151knek is rengeteg lehet\u0151s\u00e9get k\u00edn\u00e1l. De ha szeretn\u00e9d pr\u00f3b\u00e1ra tenni \u00e1ll\u00f3k\u00e9pess\u00e9gedet \u00e9s kitart\u00e1sodat, nem is tal\u00e1lhatsz ehhez jobb helyet. A F\u00f6ldk\u00f6zi-tenger legnagyobb szigete a vil\u00e1g egyik legkem\u00e9nyebb hegyi szakasz\u00e1nak ad otthont: ez a Catania-Etna. A puszt\u00edt\u00f3 \u00fatvonal csak a legjobbaknak sz\u00f3l. Szic\u00edlia azonban mindenki m\u00e1s sz\u00e1m\u00e1ra is k\u00edn\u00e1l lehet\u0151s\u00e9geket. Kezd\u0151knek \u00e9s a k\u00f6nnyebb t\u00far\u00e1k kedvel\u0151inek a sziget d\u00e9lkeleti r\u00e9sz\u00e9t aj\u00e1nljuk. Ha vegyes terepre v\u00e1gysz, a k\u00f6z\u00e9ps\u0151 \u00e9s a d\u00e9li r\u00e9gi\u00f3 v\u00e1r r\u00e1d. Az Etna k\u00f6rny\u00e9ke pedig azoknak val\u00f3, akik szeretnek kicsit meghalni a nyeregben.<\/p>\n<p>Olaszorsz\u00e1g mindig finom \u00e9teleket jelent, Szic\u00edli\u00e1ban azonban nem f\u00e9rnek bele ebbe a kateg\u00f3ri\u00e1ba a csod\u00e1k, amik az asztalra ker\u00fclnek. Nem tudjuk, hogy a vulk\u00e1ni hamu vagy valami m\u00e1s a titok, de olyan a paradicsom, amilyen sehol m\u00e1shol! A legjobb, hogy a sziget vas\u00fath\u00e1l\u00f3zata lehet\u0151v\u00e9 teszi, hogy t\u00f6bbf\u00e9le \u00e9lm\u00e9nyt is kipr\u00f3b\u00e1lj, \u00e9s l\u00e1tnival\u00f3t is megn\u00e9zz. Ami k\u00f6telez\u0151, az az Etna, Szirak\u00faza, Taormina, Agrigento \u00e9s term\u00e9szetesen Palermo \u00e9s Catania.<\/p>\n<h2><strong>J\u00f3n-szigetek<\/strong><\/h2>\n<p>Ha olyan helyet keresel, ahol t\u00f6bb sz\u00e1z kilom\u00e9tert tekerhetsz \u00e9s a v\u00e9g\u00e9re m\u00e9gis h\u00edzhatsz, akkor a g\u00f6r\u00f6gorsz\u00e1gi J\u00f3n-sziget a t\u00f6k\u00e9letes v\u00e1laszt\u00e1s. Az \u00e9telek le\u00edrhatatlanul finomak, az adagok pedig hatalmasak \u2013 m\u00e9g akkor sem tudod el\u00e9getni a bevitt kal\u00f3ri\u00e1kat, ha eg\u00e9sz nap tekersz.<\/p>\n<p>Eljutni a szigetekre v\u00e9gtelen\u00fcl egyszer\u0171. Rep\u00fclhetsz Kerkyra (Korfu) repter\u00e9re vagy Zakynthosra. Mi Korfut javasoljuk, hiszen itt is rengeteg a fest\u0151i l\u00e1tnival\u00f3. A f\u0151\u00fat meglehet\u0151sen forgalmas, jobb elker\u00fcli. A szigetet \u00e1tszel\u0151 kis utak viszont var\u00e1zslatosak. Leny\u0171g\u00f6z\u0151 kil\u00e1t\u00f3helyekhez \u00e9s strandokhoz vezetnek, ahol ak\u00e1r az eg\u00e9sz \u00e9vet, ha nem az eg\u00e9sz \u00e9let\u00e9t elt\u00f6lten\u00e9 az ember. Ez a sziget azoknak a felfedez\u0151knek val\u00f3, akik egy rejtett dr\u00e1gak\u00f6vet szeretn\u00e9nek megtal\u00e1lni \u00e9s a b\u00e1jos \u00e9s f\u00e9lrees\u0151 strandokon pihenni.<\/p>\n<p>A k\u00f6vetkez\u0151 \u00e1llom\u00e1s Lefkada. A kis sziget mintegy 100 km-re van Korfut\u00f3l, \u00e9s megk\u00f6zel\u00edthet\u0151 sz\u00e1razf\u00f6ld\u00f6n biciklivel, vagy komppal is. Elk\u00e9peszt\u0151 term\u00e9szeti csod\u00e1k v\u00e1rnak itt! A terep sokkal hegyesebb, \u00e9s valahogy mindig felfel\u00e9 visz az \u00fat.<\/p>\n<p>Kefalonia nagyon hasonl\u00edt Lefkad\u00e1ra, de sokkal t\u00f6bb itt a turistal\u00e1tv\u00e1nyoss\u00e1g. Argostol kihagyhatatlan! Itt tengeri tekn\u0151s\u00f6ket l\u00e1thatsz, akik \u00fagy viselkednek, mint a kuty\u00e1k. Addig k\u00f6vetnek, ameddig nem dobsz nekik egy kis \u00e9telt, \u00e9s \u0151szint\u00e9n k\u00edv\u00e1ncsiak a turist\u00e1kra!<\/p>\n<p>Az utaz\u00e1s Zakynthoson \u00e9r v\u00e9get, ahol vegyes a terep, de sokkal kevesebb a szint, mint Kefaloni\u00e1ban. A legjobb az eg\u00e9szben, hogy Zakynthos a J\u00f3n-szigetek bulif\u0151v\u00e1rosa, \u00edgy eml\u00e9kezetes lesz a nyaral\u00e1s z\u00e1r\u00e1sa!<\/p>\n<p>Az eg\u00e9sz utaz\u00e1s egy non-stop kaland, ahol \u00e9lvezheted a kil\u00e1t\u00e1st, a k\u00fcl\u00f6nb\u00f6z\u0151 terepeket, a kultur\u00e1lis \u00e9s term\u00e9szeti l\u00e1tnival\u00f3kat \u00e9s persze az \u00ednycsikland\u00f3 \u00e9teleket.<\/p>\n<p>Te megtervezted m\u00e1r az idei nyaral\u00e1st? A F\u00f6ldk\u00f6zi-tenger kiv\u00e1l\u00f3 lehet\u0151s\u00e9g mindenf\u00e9le bring\u00e1s c\u00e9lokhoz. Most m\u00e1r csak egy j\u00f3 okot kell tal\u00e1lnod, hogy felmondj a munkahelyeden \u00e9s az eg\u00e9sz nyarat itt t\u00f6ltsd!<\/p>\n","protected":false},"excerpt":{"rendered":"<p>V\u00e9gre mehet\u00fcnk nyaralni! Belef\u00e9r otthon felejteni a napszem\u00fcveget, a f\u00fcrd\u0151ruh\u00e1t vagy a gyerekeket, de a biciklit semmik\u00e9pp! Szerencs\u00e9re rengeteg olyan [&hellip;]<\/p>\n","protected":false},"author":71,"featured_media":15270,"comment_status":"closed","ping_status":"closed","sticky":false,"template":"","format":"standard","meta":{"footnotes":""},"categories":[12],"tags":[],"global-categories":[],"class_list":["post-15266","post","type-post","status-publish","format-standard","has-post-thumbnail","hentry","category-kozosseg-es-kultura"],"yoast_head":"<!-- This site is optimized with the Yoast SEO Premium plugin v25.3 (Yoast SEO v25.9) - https:\/\/yoast.com\/wordpress\/plugins\/seo\/ -->\n<title>A 7 legjobb sziget biciklis nyaral\u00e1sokhoz<\/title>\n<meta name=\"description\" content=\"V\u00e9gre mehet\u00fcnk nyaralni! Belef\u00e9r otthon felejteni a napszem\u00fcveget, a f\u00fcrd\u0151ruh\u00e1t vagy a gyerekeket, de a biciklit semmik\u00e9pp! Szerencs\u00e9re rengeteg olyan sziget v\u00e1r, ahol k\u00e1pr\u00e1zatos strandokon pihenhet a csal\u00e1d t\u00f6bbi r\u00e9sze, ameddig te k\u00e9t ker\u00e9ken bej\u00e1rod a fest\u0151i sz\u00e9ps\u00e9g\u0171 hegyeket-v\u00f6lgyeket. H\u00e9t p\u00e9ld\u00e1t hoztunk.\" \/>\n<meta name=\"robots\" content=\"index, follow, max-snippet:-1, max-image-preview:large, max-video-preview:-1\" \/>\n<link rel=\"canonical\" href=\"https:\/\/www.welovecycling.com\/hu\/kozosseg-es-kultura\/a-7-legjobb-sziget-biciklis-nyaralasokhoz\/\" \/>\n<meta property=\"og:locale\" content=\"hu_HU\" \/>\n<meta property=\"og:type\" content=\"article\" \/>\n<meta property=\"og:title\" content=\"A 7 legjobb sziget biciklis nyaral\u00e1sokhoz\" \/>\n<meta property=\"og:description\" content=\"V\u00e9gre mehet\u00fcnk nyaralni! Belef\u00e9r otthon felejteni a napszem\u00fcveget, a f\u00fcrd\u0151ruh\u00e1t vagy a gyerekeket, de a biciklit semmik\u00e9pp! Szerencs\u00e9re rengeteg olyan sziget v\u00e1r, ahol k\u00e1pr\u00e1zatos strandokon pihenhet a csal\u00e1d t\u00f6bbi r\u00e9sze, ameddig te k\u00e9t ker\u00e9ken bej\u00e1rod a fest\u0151i sz\u00e9ps\u00e9g\u0171 hegyeket-v\u00f6lgyeket. H\u00e9t p\u00e9ld\u00e1t hoztunk.\" \/>\n<meta property=\"og:url\" content=\"https:\/\/www.welovecycling.com\/hu\/kozosseg-es-kultura\/a-7-legjobb-sziget-biciklis-nyaralasokhoz\/\" \/>\n<meta property=\"og:site_name\" content=\"\u0160koda We Love Cycling - Magyarorsz\u00e1g\" \/>\n<meta property=\"article:publisher\" content=\"https:\/\/www.facebook.com\/WeLoveCyclingHungary\/\" \/>\n<meta property=\"article:published_time\" content=\"2022-06-30T06:00:42+00:00\" \/>\n<meta property=\"og:image\" content=\"https:\/\/d2p6e6u75xmxt8.cloudfront.net\/12\/2022\/06\/Corsica-Cycling-profimedia-0615450120-CVR.jpg\" \/>\n\t<meta property=\"og:image:width\" content=\"990\" \/>\n\t<meta property=\"og:image:height\" content=\"660\" \/>\n\t<meta property=\"og:image:type\" content=\"image\/jpeg\" \/>\n<meta name=\"author\" content=\"hegyizs\" \/>\n<meta name=\"twitter:card\" content=\"summary_large_image\" \/>\n<meta name=\"twitter:label1\" content=\"Written by\" \/>\n\t<meta name=\"twitter:data1\" content=\"Martin Atanasov\" \/>\n\t<meta name=\"twitter:label2\" content=\"Est. reading time\" \/>\n\t<meta name=\"twitter:data2\" content=\"7\" \/>\n<script type=\"application\/ld+json\" class=\"yoast-schema-graph\">{\"@context\":\"https:\/\/schema.org\",\"@graph\":[{\"@type\":\"WebPage\",\"@id\":\"https:\/\/www.welovecycling.com\/hu\/kozosseg-es-kultura\/a-7-legjobb-sziget-biciklis-nyaralasokhoz\/\",\"url\":\"https:\/\/www.welovecycling.com\/hu\/kozosseg-es-kultura\/a-7-legjobb-sziget-biciklis-nyaralasokhoz\/\",\"name\":\"A 7 legjobb sziget biciklis nyaral\u00e1sokhoz\",\"isPartOf\":{\"@id\":\"https:\/\/www.welovecycling.com\/hu\/#website\"},\"primaryImageOfPage\":{\"@id\":\"https:\/\/www.welovecycling.com\/hu\/kozosseg-es-kultura\/a-7-legjobb-sziget-biciklis-nyaralasokhoz\/#primaryimage\"},\"image\":{\"@id\":\"https:\/\/www.welovecycling.com\/hu\/kozosseg-es-kultura\/a-7-legjobb-sziget-biciklis-nyaralasokhoz\/#primaryimage\"},\"thumbnailUrl\":\"https:\/\/d2p6e6u75xmxt8.cloudfront.net\/12\/2022\/06\/Corsica-Cycling-profimedia-0615450120-CVR.jpg\",\"datePublished\":\"2022-06-30T06:00:42+00:00\",\"author\":{\"@id\":\"https:\/\/www.welovecycling.com\/hu\/#\/schema\/person\/414a2aebf1801691a5320edb6468e194\"},\"description\":\"V\u00e9gre mehet\u00fcnk nyaralni! Belef\u00e9r otthon felejteni a napszem\u00fcveget, a f\u00fcrd\u0151ruh\u00e1t vagy a gyerekeket, de a biciklit semmik\u00e9pp! Szerencs\u00e9re rengeteg olyan sziget v\u00e1r, ahol k\u00e1pr\u00e1zatos strandokon pihenhet a csal\u00e1d t\u00f6bbi r\u00e9sze, ameddig te k\u00e9t ker\u00e9ken bej\u00e1rod a fest\u0151i sz\u00e9ps\u00e9g\u0171 hegyeket-v\u00f6lgyeket. H\u00e9t p\u00e9ld\u00e1t hoztunk.\",\"breadcrumb\":{\"@id\":\"https:\/\/www.welovecycling.com\/hu\/kozosseg-es-kultura\/a-7-legjobb-sziget-biciklis-nyaralasokhoz\/#breadcrumb\"},\"inLanguage\":\"hu\",\"potentialAction\":[{\"@type\":\"ReadAction\",\"target\":[\"https:\/\/www.welovecycling.com\/hu\/kozosseg-es-kultura\/a-7-legjobb-sziget-biciklis-nyaralasokhoz\/\"]}]},{\"@type\":\"ImageObject\",\"inLanguage\":\"hu\",\"@id\":\"https:\/\/www.welovecycling.com\/hu\/kozosseg-es-kultura\/a-7-legjobb-sziget-biciklis-nyaralasokhoz\/#primaryimage\",\"url\":\"https:\/\/d2p6e6u75xmxt8.cloudfront.net\/12\/2022\/06\/Corsica-Cycling-profimedia-0615450120-CVR.jpg\",\"contentUrl\":\"https:\/\/d2p6e6u75xmxt8.cloudfront.net\/12\/2022\/06\/Corsica-Cycling-profimedia-0615450120-CVR.jpg\",\"width\":990,\"height\":660,\"caption\":\"Cycling in Corsica\"},{\"@type\":\"BreadcrumbList\",\"@id\":\"https:\/\/www.welovecycling.com\/hu\/kozosseg-es-kultura\/a-7-legjobb-sziget-biciklis-nyaralasokhoz\/#breadcrumb\",\"itemListElement\":[{\"@type\":\"ListItem\",\"position\":1,\"name\":\"Home\",\"item\":\"https:\/\/www.welovecycling.com\/hu\/\"},{\"@type\":\"ListItem\",\"position\":2,\"name\":\"A 7 legjobb sziget biciklis nyaral\u00e1sokhoz\"}]},{\"@type\":\"WebSite\",\"@id\":\"https:\/\/www.welovecycling.com\/hu\/#website\",\"url\":\"https:\/\/www.welovecycling.com\/hu\/\",\"name\":\"\u0160koda We Love Cycling - Magyarorsz\u00e1g\",\"description\":\"\u0160koda WeLoveCycling\",\"potentialAction\":[{\"@type\":\"SearchAction\",\"target\":{\"@type\":\"EntryPoint\",\"urlTemplate\":\"https:\/\/www.welovecycling.com\/hu\/?s={search_term_string}\"},\"query-input\":{\"@type\":\"PropertyValueSpecification\",\"valueRequired\":true,\"valueName\":\"search_term_string\"}}],\"inLanguage\":\"hu\"},{\"@type\":\"Person\",\"@id\":\"https:\/\/www.welovecycling.com\/hu\/#\/schema\/person\/414a2aebf1801691a5320edb6468e194\",\"name\":\"hegyizs\",\"image\":{\"@type\":\"ImageObject\",\"inLanguage\":\"hu\",\"@id\":\"https:\/\/www.welovecycling.com\/hu\/#\/schema\/person\/image\/\",\"url\":\"https:\/\/secure.gravatar.com\/avatar\/02cf8a7906b8cf90cecb4679defac7cfd33a1c2e3b88e4903d947f3bb58eedd3?s=96&d=mm&r=g\",\"contentUrl\":\"https:\/\/secure.gravatar.com\/avatar\/02cf8a7906b8cf90cecb4679defac7cfd33a1c2e3b88e4903d947f3bb58eedd3?s=96&d=mm&r=g\",\"caption\":\"hegyizs\"},\"url\":\"https:\/\/www.welovecycling.com\/hu\/author\/hegyizs\/\"}]}<\/script>\n<!-- \/ Yoast SEO Premium plugin. -->","yoast_head_json":{"title":"A 7 legjobb sziget biciklis nyaral\u00e1sokhoz","description":"V\u00e9gre mehet\u00fcnk nyaralni! Belef\u00e9r otthon felejteni a napszem\u00fcveget, a f\u00fcrd\u0151ruh\u00e1t vagy a gyerekeket, de a biciklit semmik\u00e9pp! Szerencs\u00e9re rengeteg olyan sziget v\u00e1r, ahol k\u00e1pr\u00e1zatos strandokon pihenhet a csal\u00e1d t\u00f6bbi r\u00e9sze, ameddig te k\u00e9t ker\u00e9ken bej\u00e1rod a fest\u0151i sz\u00e9ps\u00e9g\u0171 hegyeket-v\u00f6lgyeket. H\u00e9t p\u00e9ld\u00e1t hoztunk.","robots":{"index":"index","follow":"follow","max-snippet":"max-snippet:-1","max-image-preview":"max-image-preview:large","max-video-preview":"max-video-preview:-1"},"canonical":"https:\/\/www.welovecycling.com\/hu\/kozosseg-es-kultura\/a-7-legjobb-sziget-biciklis-nyaralasokhoz\/","og_locale":"hu_HU","og_type":"article","og_title":"A 7 legjobb sziget biciklis nyaral\u00e1sokhoz","og_description":"V\u00e9gre mehet\u00fcnk nyaralni! Belef\u00e9r otthon felejteni a napszem\u00fcveget, a f\u00fcrd\u0151ruh\u00e1t vagy a gyerekeket, de a biciklit semmik\u00e9pp! Szerencs\u00e9re rengeteg olyan sziget v\u00e1r, ahol k\u00e1pr\u00e1zatos strandokon pihenhet a csal\u00e1d t\u00f6bbi r\u00e9sze, ameddig te k\u00e9t ker\u00e9ken bej\u00e1rod a fest\u0151i sz\u00e9ps\u00e9g\u0171 hegyeket-v\u00f6lgyeket. H\u00e9t p\u00e9ld\u00e1t hoztunk.","og_url":"https:\/\/www.welovecycling.com\/hu\/kozosseg-es-kultura\/a-7-legjobb-sziget-biciklis-nyaralasokhoz\/","og_site_name":"\u0160koda We Love Cycling - Magyarorsz\u00e1g","article_publisher":"https:\/\/www.facebook.com\/WeLoveCyclingHungary\/","article_published_time":"2022-06-30T06:00:42+00:00","og_image":[{"width":990,"height":660,"url":"https:\/\/d2p6e6u75xmxt8.cloudfront.net\/12\/2022\/06\/Corsica-Cycling-profimedia-0615450120-CVR.jpg","type":"image\/jpeg"}],"author":"hegyizs","twitter_card":"summary_large_image","twitter_misc":{"Written by":"Martin Atanasov","Est. reading time":"7"},"schema":{"@context":"https:\/\/schema.org","@graph":[{"@type":"WebPage","@id":"https:\/\/www.welovecycling.com\/hu\/kozosseg-es-kultura\/a-7-legjobb-sziget-biciklis-nyaralasokhoz\/","url":"https:\/\/www.welovecycling.com\/hu\/kozosseg-es-kultura\/a-7-legjobb-sziget-biciklis-nyaralasokhoz\/","name":"A 7 legjobb sziget biciklis nyaral\u00e1sokhoz","isPartOf":{"@id":"https:\/\/www.welovecycling.com\/hu\/#website"},"primaryImageOfPage":{"@id":"https:\/\/www.welovecycling.com\/hu\/kozosseg-es-kultura\/a-7-legjobb-sziget-biciklis-nyaralasokhoz\/#primaryimage"},"image":{"@id":"https:\/\/www.welovecycling.com\/hu\/kozosseg-es-kultura\/a-7-legjobb-sziget-biciklis-nyaralasokhoz\/#primaryimage"},"thumbnailUrl":"https:\/\/d2p6e6u75xmxt8.cloudfront.net\/12\/2022\/06\/Corsica-Cycling-profimedia-0615450120-CVR.jpg","datePublished":"2022-06-30T06:00:42+00:00","author":{"@id":"https:\/\/www.welovecycling.com\/hu\/#\/schema\/person\/414a2aebf1801691a5320edb6468e194"},"description":"V\u00e9gre mehet\u00fcnk nyaralni! Belef\u00e9r otthon felejteni a napszem\u00fcveget, a f\u00fcrd\u0151ruh\u00e1t vagy a gyerekeket, de a biciklit semmik\u00e9pp! Szerencs\u00e9re rengeteg olyan sziget v\u00e1r, ahol k\u00e1pr\u00e1zatos strandokon pihenhet a csal\u00e1d t\u00f6bbi r\u00e9sze, ameddig te k\u00e9t ker\u00e9ken bej\u00e1rod a fest\u0151i sz\u00e9ps\u00e9g\u0171 hegyeket-v\u00f6lgyeket. H\u00e9t p\u00e9ld\u00e1t hoztunk.","breadcrumb":{"@id":"https:\/\/www.welovecycling.com\/hu\/kozosseg-es-kultura\/a-7-legjobb-sziget-biciklis-nyaralasokhoz\/#breadcrumb"},"inLanguage":"hu","potentialAction":[{"@type":"ReadAction","target":["https:\/\/www.welovecycling.com\/hu\/kozosseg-es-kultura\/a-7-legjobb-sziget-biciklis-nyaralasokhoz\/"]}]},{"@type":"ImageObject","inLanguage":"hu","@id":"https:\/\/www.welovecycling.com\/hu\/kozosseg-es-kultura\/a-7-legjobb-sziget-biciklis-nyaralasokhoz\/#primaryimage","url":"https:\/\/d2p6e6u75xmxt8.cloudfront.net\/12\/2022\/06\/Corsica-Cycling-profimedia-0615450120-CVR.jpg","contentUrl":"https:\/\/d2p6e6u75xmxt8.cloudfront.net\/12\/2022\/06\/Corsica-Cycling-profimedia-0615450120-CVR.jpg","width":990,"height":660,"caption":"Cycling in Corsica"},{"@type":"BreadcrumbList","@id":"https:\/\/www.welovecycling.com\/hu\/kozosseg-es-kultura\/a-7-legjobb-sziget-biciklis-nyaralasokhoz\/#breadcrumb","itemListElement":[{"@type":"ListItem","position":1,"name":"Home","item":"https:\/\/www.welovecycling.com\/hu\/"},{"@type":"ListItem","position":2,"name":"A 7 legjobb sziget biciklis nyaral\u00e1sokhoz"}]},{"@type":"WebSite","@id":"https:\/\/www.welovecycling.com\/hu\/#website","url":"https:\/\/www.welovecycling.com\/hu\/","name":"\u0160koda We Love Cycling - Magyarorsz\u00e1g","description":"\u0160koda WeLoveCycling","potentialAction":[{"@type":"SearchAction","target":{"@type":"EntryPoint","urlTemplate":"https:\/\/www.welovecycling.com\/hu\/?s={search_term_string}"},"query-input":{"@type":"PropertyValueSpecification","valueRequired":true,"valueName":"search_term_string"}}],"inLanguage":"hu"},{"@type":"Person","@id":"https:\/\/www.welovecycling.com\/hu\/#\/schema\/person\/414a2aebf1801691a5320edb6468e194","name":"hegyizs","image":{"@type":"ImageObject","inLanguage":"hu","@id":"https:\/\/www.welovecycling.com\/hu\/#\/schema\/person\/image\/","url":"https:\/\/secure.gravatar.com\/avatar\/02cf8a7906b8cf90cecb4679defac7cfd33a1c2e3b88e4903d947f3bb58eedd3?s=96&d=mm&r=g","contentUrl":"https:\/\/secure.gravatar.com\/avatar\/02cf8a7906b8cf90cecb4679defac7cfd33a1c2e3b88e4903d947f3bb58eedd3?s=96&d=mm&r=g","caption":"hegyizs"},"url":"https:\/\/www.welovecycling.com\/hu\/author\/hegyizs\/"}]}},"_links":{"self":[{"href":"https:\/\/www.welovecycling.com\/hu\/wp-json\/wp\/v2\/posts\/15266","targetHints":{"allow":["GET"]}}],"collection":[{"href":"https:\/\/www.welovecycling.com\/hu\/wp-json\/wp\/v2\/posts"}],"about":[{"href":"https:\/\/www.welovecycling.com\/hu\/wp-json\/wp\/v2\/types\/post"}],"author":[{"embeddable":true,"href":"https:\/\/www.welovecycling.com\/hu\/wp-json\/wp\/v2\/users\/71"}],"replies":[{"embeddable":true,"href":"https:\/\/www.welovecycling.com\/hu\/wp-json\/wp\/v2\/comments?post=15266"}],"version-history":[{"count":2,"href":"https:\/\/www.welovecycling.com\/hu\/wp-json\/wp\/v2\/posts\/15266\/revisions"}],"predecessor-version":[{"id":15278,"href":"https:\/\/www.welovecycling.com\/hu\/wp-json\/wp\/v2\/posts\/15266\/revisions\/15278"}],"wp:featuredmedia":[{"embeddable":true,"href":"https:\/\/www.welovecycling.com\/hu\/wp-json\/wp\/v2\/media\/15270"}],"wp:attachment":[{"href":"https:\/\/www.welovecycling.com\/hu\/wp-json\/wp\/v2\/media?parent=15266"}],"wp:term":[{"taxonomy":"category","embeddable":true,"href":"https:\/\/www.welovecycling.com\/hu\/wp-json\/wp\/v2\/categories?post=15266"},{"taxonomy":"post_tag","embeddable":true,"href":"https:\/\/www.welovecycling.com\/hu\/wp-json\/wp\/v2\/tags?post=15266"},{"taxonomy":"global-categories","embeddable":true,"href":"https:\/\/www.welovecycling.com\/hu\/wp-json\/wp\/v2\/global-categories?post=15266"}],"curies":[{"name":"wp","href":"https:\/\/api.w.org\/{rel}","templated":true}]}}