{"id":15262,"date":"2022-06-29T08:00:09","date_gmt":"2022-06-29T06:00:09","guid":{"rendered":"https:\/\/www.welovecycling.com\/hu\/?p=15262"},"modified":"2022-06-24T12:00:38","modified_gmt":"2022-06-24T10:00:38","slug":"mirol-mesel-egy-profi-montis-turavezeto-taskaja","status":"publish","type":"post","link":"https:\/\/www.welovecycling.com\/hu\/trekking-mtb\/mirol-mesel-egy-profi-montis-turavezeto-taskaja\/","title":{"rendered":"Mir\u0151l mes\u00e9l egy profi montis t\u00faravezet\u0151 t\u00e1sk\u00e1ja?"},"content":{"rendered":"<p><strong>Egy profi idegenvezet\u0151 soha nem csak \u00f6nmag\u00e1ra gondol. Legyen sz\u00f3 barnamedve t\u00e1mad\u00e1sr\u00f3l, ny\u00edlt combcsontt\u00f6r\u00e9sr\u0151l, v\u00e1ratlan viharr\u00f3l a hegytet\u0151n vagy egy felszakadt \u00e1ll \u00f6sszevarr\u00e1s\u00e1r\u00f3l egy helyen, ami h\u00e1rom napra van a legk\u00f6zelebbi orvost\u00f3l, minden lehets\u00e9ges helyzetre fel kell k\u00e9sz\u00fclnie. Richard Gasperotti, a hivat\u00e1sos MTB-t\u00faravezet\u0151 el\u00e1rulta, mi mindent zs\u00fafol a h\u00e1tizs\u00e1kj\u00e1ba, hogy megbirk\u00f3zzon a lehets\u00e9ges vesz\u00e9lyekkel.<\/strong><\/p>\n<p><!--more--><\/p>\n<p>Richard egy 6 f\u0151s csoportos t\u00far\u00e1t id\u00e9zett fel els\u0151k\u00e9nt. Egy hidropl\u00e1n vitte \u0151ket Spruce Lake-ig, mely Kanada vad r\u00e9sz\u00e9n tal\u00e1lhat\u00f3. A terv az volt, hogy 100 kilom\u00e9tert tekernek vissza, a civiliz\u00e1ci\u00f3ba. \u00c1ltal\u00e1ban k\u00e9t napba telik megtenni ezt a t\u00e1vols\u00e1got, az \u00e9jszak\u00e1t pedig egy m\u00e1sik t\u00f3 mellett szokt\u00e1k elt\u00f6lteni. Alkonyat el\u0151tt biztons\u00e1gi okokb\u00f3l minden h\u00e1tizs\u00e1kot fel kell tenni egy f\u00e1ra.<\/p>\n<p>A csapat egyik tagja elmulasztotta ezt megtenni, \u00e9s az \u00e9jszaka k\u00f6zep\u00e9n furcsa hangokra \u00e9bredt. Amikor felkapcsolta a l\u00e1mp\u00e1j\u00e1t, egy medv\u00e9vel n\u00e9zett farkasszemet, aki \u00e9pp a h\u00e1tizs\u00e1kj\u00e1t t\u00e9pte sz\u00e9t. Amikor a medve r\u00e1j\u00f6tt, hogy rajtakapt\u00e1k, elt\u0171nt az erd\u0151ben. A h\u00e1tizs\u00e1kkal egy\u00fctt. <em>\u201eSzinte minden\u00e9t elvitte a medve\u201d<\/em> \u2013 mes\u00e9lte Gasperotti. \u201e<em>Szerencs\u00e9re mindig van n\u00e1lam n\u00e9h\u00e1ny extra felszerel\u00e9s, amiket kev\u00e9sb\u00e9 dr\u00e1mai esetekre k\u00e9sz\u00edtek be, \u00e9s ez most is j\u00f3l j\u00f6tt \u2013 \u00e9tel, ital \u00e9s tartal\u00e9k ruha is kellett.\u201d<\/em><\/p>\n<figure id=\"attachment_15263\" aria-describedby=\"caption-attachment-15263\" style=\"width: 1008px\" class=\"wp-caption alignnone\"><a href=\"https:\/\/d2p6e6u75xmxt8.cloudfront.net\/12\/2022\/06\/MTB-Backpack-Gaspi.jpg\"><img loading=\"lazy\" decoding=\"async\" class=\"wp-image-15263 size-full\" src=\"https:\/\/d2p6e6u75xmxt8.cloudfront.net\/12\/2022\/06\/MTB-Backpack-Gaspi.jpg\" alt=\"MTB Backpack\" width=\"1008\" height=\"802\" srcset=\"https:\/\/d2p6e6u75xmxt8.cloudfront.net\/12\/2022\/06\/MTB-Backpack-Gaspi.jpg 1008w, https:\/\/d2p6e6u75xmxt8.cloudfront.net\/12\/2022\/06\/MTB-Backpack-Gaspi-300x239.jpg 300w, https:\/\/d2p6e6u75xmxt8.cloudfront.net\/12\/2022\/06\/MTB-Backpack-Gaspi-768x611.jpg 768w\" sizes=\"auto, (max-width: 1008px) 100vw, 1008px\" \/><\/a><figcaption id=\"caption-attachment-15263\" class=\"wp-caption-text\"><em>Gondoltad volna, hogy ilyesmik t\u00f6ltik meg a t\u00e1sk\u00e1t?<\/em><\/figcaption><\/figure>\n<p>Annak \u00e9rdek\u00e9ben, hogy ne t\u00e9vedjenek el, Richard nem hagyatkozik az online navig\u00e1ci\u00f3ra. Legt\u00f6bb\u00fcnkkel ellent\u00e9tben \u0151 el\u0151re let\u00f6lt egy offline t\u00e9rk\u00e9pet. R\u00e1ad\u00e1sul van n\u00e1la egy pap\u00edr t\u00e9rk\u00e9p is, melyre fel\u00edrta a seg\u00e9lyh\u00edv\u00f3 sz\u00e1mokat.<\/p>\n<p>A megk\u00f6zel\u00edthetetlen ter\u00fcleteken vagy a nagy hegyl\u00e1ncokban, mint Kanad\u00e1ban, Azerbajdzs\u00e1nban vagy Mong\u00f3li\u00e1ban, m\u0171holdas telefont is hord mag\u00e1val. Egy nagy teljes\u00edtm\u00e9ny\u0171 power bank pedig ak\u00e1r h\u00e9t telefont is fel tud t\u00f6lteni.<\/p>\n<p>Egy m\u00e1sik \u00fat sor\u00e1n, Ausztri\u00e1ban, az egyik biciklis egy baleset sor\u00e1n elt\u00f6rte a combcsontj\u00e1t. Hogy elker\u00fclje a sokk okozta hipotermi\u00e1t, Richard \u00fagy tartotta melegen, hogy egy h\u0151szigetel\u0151 f\u00f3li\u00e1ba csomagolta. \u201e<em>Az aranysz\u00edn\u0171 h\u0151szigetel\u0151 f\u00f3lia sokszorosan kifizet\u0151d\u0151, hiszen igaz\u00e1n sokoldal\u00fa felhaszn\u00e1l\u00e1si lehet\u0151s\u00e9get k\u00edn\u00e1l\u201d<\/em> \u2013 mondta. Amikor az id\u0151j\u00e1r\u00e1s hirtelen megv\u00e1ltozik \u00e9s a h\u0151m\u00e9rs\u00e9klet dr\u00e1maian lecs\u00f6kken, a f\u00f3lia j\u00f3l j\u00f6n plusz r\u00e9tegk\u00e9nt. <em>\u201e\u00c9let-hal\u00e1l k\u00e9rd\u00e9se lehet a hipotermia egy s\u00e9r\u00fcl\u00e9s eset\u00e9n, vagy ha valahol v\u00e1ratlanul ottragadunk \u00e9jszak\u00e1ra. A f\u00f3lia olyan, mint egy r\u00f6gt\u00f6nz\u00f6tt h\u00e1l\u00f3zs\u00e1k.\u201d <\/em>Igen kicsire \u00f6sszehajthat\u00f3, ter\u00fclete azonban el\u00e9g nagy, \u00edgy ak\u00e1r steril al\u00e1t\u00e9tk\u00e9nt is szolg\u00e1lhat egy s\u00e9r\u00fclt bring\u00e1s kezel\u00e9sekor.<\/p>\n<p>Richard mindig mag\u00e1n\u00e1l tart egy els\u0151seg\u00e9ly-k\u00e9szletet az alapvet\u0151 kell\u00e9kekkel. A k\u00f6tszerek, ragtapaszok \u00e9s s\u00ednek mellett kineziol\u00f3giai szalagokat is rejt a t\u00e1sk\u00e1ja, melyek a probl\u00e9m\u00e1s izmok \u00e9s \u00edz\u00fcletek kezel\u00e9s\u00e9re szolg\u00e1lnak. Seb\u00e9szi varratokkal is k\u00e9sz\u00fcl, olyan esetekre, amikor a sebeket nem el\u00e9g ragasztani. <em>\u201eEgyszer Marokk\u00f3ban \u00f6ssze kellett varrnom a saj\u00e1t \u00e1llamat egy baleset ut\u00e1n\u201d<\/em> \u2013 mes\u00e9lte Gaspi. A legk\u00f6zelebbi orvos ugyanis 3 napnyi \u00fatra volt.<\/p>\n<p>A szersz\u00e1mok sem hi\u00e1nyozhatnak term\u00e9szetesen a t\u00e1sk\u00e1b\u00f3l. N\u00e9h\u00e1ny alapelemmel egy f\u00e9lig tapasztalt szerel\u0151 kijav\u00edtja a legt\u00f6bb hib\u00e1t. A csavarkulcsokon k\u00edv\u00fcl Richard egy j\u00f3 fog\u00f3ra \u00e9s egy bitk\u00e9szletre esk\u00fcszik. Sok mindent meg lehet oldani szalagokkal vagy ragaszt\u00f3szalaggal. A klasszikus szigszalag helyett Richard a villanyszerel\u0151k \u00e1ltal haszn\u00e1lt verzi\u00f3t viszi mag\u00e1val, mert az sokkal k\u00f6nnyebb. A szersz\u00e1mokon k\u00edv\u00fcl p\u00f3talkatr\u00e9szeket is pakol.<\/p>\n<p>\u00c9s hogy mekkora t\u00e1sk\u00e1ba f\u00e9r el mindez? Az optim\u00e1lis m\u00e9ret 15 \u00e9s 20 liter k\u00f6z\u00f6tt van. Richard t\u00e1sk\u00e1ja akkora, hogy nem csak a saj\u00e1t felszerel\u00e9se f\u00e9r bele, de a csapat\u00e1nak sz\u00e1nt extra dolgok is. Minden t\u00faravezet\u0151 m\u00e1s-m\u00e1s diz\u00e1jnt kedvel, \u00e9s m\u00e1sok a priorit\u00e1sai. <em>\u201eMegszoktam, hogy egy \u00e1ltalam tervezett \u00e9s a cseh Acepac c\u00e9g \u00e1ltal gy\u00e1rtott h\u00e1tizs\u00e1kot hordok. El\u0151nye, hogy v\u00e1ltoztathat\u00f3 a m\u00e9rete, k\u00e9t egyszer\u0171 heveder seg\u00edts\u00e9g\u00e9vel 15-r\u0151l 20 literre b\u0151v\u00edthet\u0151\u201d<\/em> \u2013 mondta Richard.<\/p>\n<p>Extra tipp b\u00facs\u00faz\u00f3ul: a visszaz\u00e1rhat\u00f3 m\u0171anyag zacsk\u00f3 egyszer\u0171, k\u00f6nny\u0171, \u00e9s igen praktikus eszk\u00f6z. Szinte semmi s\u00falya nincs, \u00e9s felh\u0151szakad\u00e1s eset\u00e9n k\u00e9nyes elektronikai eszk\u00f6z\u00f6ket, p\u00e9ld\u00e1ul mobiltelefonokat t\u00e1rolhatsz benne.<\/p>\n","protected":false},"excerpt":{"rendered":"<p>Egy profi idegenvezet\u0151 soha nem csak \u00f6nmag\u00e1ra gondol. Legyen sz\u00f3 barnamedve t\u00e1mad\u00e1sr\u00f3l, ny\u00edlt combcsontt\u00f6r\u00e9sr\u0151l, v\u00e1ratlan viharr\u00f3l a hegytet\u0151n vagy egy [&hellip;]<\/p>\n","protected":false},"author":71,"featured_media":15265,"comment_status":"closed","ping_status":"closed","sticky":false,"template":"","format":"standard","meta":{"footnotes":""},"categories":[7],"tags":[],"global-categories":[],"class_list":["post-15262","post","type-post","status-publish","format-standard","has-post-thumbnail","hentry","category-trekking-mtb"],"yoast_head":"<!-- This site is optimized with the Yoast SEO Premium plugin v25.3 (Yoast SEO v25.9) - https:\/\/yoast.com\/wordpress\/plugins\/seo\/ -->\n<title>Mir\u0151l mes\u00e9l egy profi montis t\u00faravezet\u0151 t\u00e1sk\u00e1ja?<\/title>\n<meta name=\"description\" content=\"Egy profi idegenvezet\u0151 soha nem csak \u00f6nmag\u00e1ra gondol. Legyen sz\u00f3 barnamedve t\u00e1mad\u00e1sr\u00f3l, ny\u00edlt combcsontt\u00f6r\u00e9sr\u0151l, v\u00e1ratlan viharr\u00f3l a hegytet\u0151n vagy egy felszakadt \u00e1ll \u00f6sszevarr\u00e1s\u00e1r\u00f3l egy helyen, ami h\u00e1rom napra van a legk\u00f6zelebbi orvost\u00f3l, minden lehets\u00e9ges helyzetre fel kell k\u00e9sz\u00fclnie. Richard Gasperotti, a hivat\u00e1sos MTB-t\u00faravezet\u0151 el\u00e1rulta, mi mindent zs\u00fafol a h\u00e1tizs\u00e1kj\u00e1ba, hogy megbirk\u00f3zzon a lehets\u00e9ges vesz\u00e9lyekkel.\" \/>\n<meta name=\"robots\" content=\"index, follow, max-snippet:-1, max-image-preview:large, max-video-preview:-1\" \/>\n<link rel=\"canonical\" href=\"https:\/\/www.welovecycling.com\/hu\/trekking-mtb\/mirol-mesel-egy-profi-montis-turavezeto-taskaja\/\" \/>\n<meta property=\"og:locale\" content=\"hu_HU\" \/>\n<meta property=\"og:type\" content=\"article\" \/>\n<meta property=\"og:title\" content=\"Mir\u0151l mes\u00e9l egy profi montis t\u00faravezet\u0151 t\u00e1sk\u00e1ja?\" \/>\n<meta property=\"og:description\" content=\"Egy profi idegenvezet\u0151 soha nem csak \u00f6nmag\u00e1ra gondol. Legyen sz\u00f3 barnamedve t\u00e1mad\u00e1sr\u00f3l, ny\u00edlt combcsontt\u00f6r\u00e9sr\u0151l, v\u00e1ratlan viharr\u00f3l a hegytet\u0151n vagy egy felszakadt \u00e1ll \u00f6sszevarr\u00e1s\u00e1r\u00f3l egy helyen, ami h\u00e1rom napra van a legk\u00f6zelebbi orvost\u00f3l, minden lehets\u00e9ges helyzetre fel kell k\u00e9sz\u00fclnie. Richard Gasperotti, a hivat\u00e1sos MTB-t\u00faravezet\u0151 el\u00e1rulta, mi mindent zs\u00fafol a h\u00e1tizs\u00e1kj\u00e1ba, hogy megbirk\u00f3zzon a lehets\u00e9ges vesz\u00e9lyekkel.\" \/>\n<meta property=\"og:url\" content=\"https:\/\/www.welovecycling.com\/hu\/trekking-mtb\/mirol-mesel-egy-profi-montis-turavezeto-taskaja\/\" \/>\n<meta property=\"og:site_name\" content=\"\u0160koda We Love Cycling - Magyarorsz\u00e1g\" \/>\n<meta property=\"article:publisher\" content=\"https:\/\/www.facebook.com\/WeLoveCyclingHungary\/\" \/>\n<meta property=\"article:published_time\" content=\"2022-06-29T06:00:09+00:00\" \/>\n<meta property=\"og:image\" content=\"https:\/\/d2p6e6u75xmxt8.cloudfront.net\/12\/2022\/06\/Gaspi-MTB-Backpack-CVR.jpg\" \/>\n\t<meta property=\"og:image:width\" content=\"990\" \/>\n\t<meta property=\"og:image:height\" content=\"660\" \/>\n\t<meta property=\"og:image:type\" content=\"image\/jpeg\" \/>\n<meta name=\"author\" content=\"hegyizs\" \/>\n<meta name=\"twitter:card\" content=\"summary_large_image\" \/>\n<meta name=\"twitter:label1\" content=\"Written by\" \/>\n\t<meta name=\"twitter:data1\" content=\"Adam Marsal\" \/>\n\t<meta name=\"twitter:label2\" content=\"Est. reading time\" \/>\n\t<meta name=\"twitter:data2\" content=\"5\" \/>\n<script type=\"application\/ld+json\" class=\"yoast-schema-graph\">{\"@context\":\"https:\/\/schema.org\",\"@graph\":[{\"@type\":\"WebPage\",\"@id\":\"https:\/\/www.welovecycling.com\/hu\/trekking-mtb\/mirol-mesel-egy-profi-montis-turavezeto-taskaja\/\",\"url\":\"https:\/\/www.welovecycling.com\/hu\/trekking-mtb\/mirol-mesel-egy-profi-montis-turavezeto-taskaja\/\",\"name\":\"Mir\u0151l mes\u00e9l egy profi montis t\u00faravezet\u0151 t\u00e1sk\u00e1ja?\",\"isPartOf\":{\"@id\":\"https:\/\/www.welovecycling.com\/hu\/#website\"},\"primaryImageOfPage\":{\"@id\":\"https:\/\/www.welovecycling.com\/hu\/trekking-mtb\/mirol-mesel-egy-profi-montis-turavezeto-taskaja\/#primaryimage\"},\"image\":{\"@id\":\"https:\/\/www.welovecycling.com\/hu\/trekking-mtb\/mirol-mesel-egy-profi-montis-turavezeto-taskaja\/#primaryimage\"},\"thumbnailUrl\":\"https:\/\/d2p6e6u75xmxt8.cloudfront.net\/12\/2022\/06\/Gaspi-MTB-Backpack-CVR.jpg\",\"datePublished\":\"2022-06-29T06:00:09+00:00\",\"author\":{\"@id\":\"https:\/\/www.welovecycling.com\/hu\/#\/schema\/person\/414a2aebf1801691a5320edb6468e194\"},\"description\":\"Egy profi idegenvezet\u0151 soha nem csak \u00f6nmag\u00e1ra gondol. Legyen sz\u00f3 barnamedve t\u00e1mad\u00e1sr\u00f3l, ny\u00edlt combcsontt\u00f6r\u00e9sr\u0151l, v\u00e1ratlan viharr\u00f3l a hegytet\u0151n vagy egy felszakadt \u00e1ll \u00f6sszevarr\u00e1s\u00e1r\u00f3l egy helyen, ami h\u00e1rom napra van a legk\u00f6zelebbi orvost\u00f3l, minden lehets\u00e9ges helyzetre fel kell k\u00e9sz\u00fclnie. Richard Gasperotti, a hivat\u00e1sos MTB-t\u00faravezet\u0151 el\u00e1rulta, mi mindent zs\u00fafol a h\u00e1tizs\u00e1kj\u00e1ba, hogy megbirk\u00f3zzon a lehets\u00e9ges vesz\u00e9lyekkel.\",\"breadcrumb\":{\"@id\":\"https:\/\/www.welovecycling.com\/hu\/trekking-mtb\/mirol-mesel-egy-profi-montis-turavezeto-taskaja\/#breadcrumb\"},\"inLanguage\":\"hu\",\"potentialAction\":[{\"@type\":\"ReadAction\",\"target\":[\"https:\/\/www.welovecycling.com\/hu\/trekking-mtb\/mirol-mesel-egy-profi-montis-turavezeto-taskaja\/\"]}]},{\"@type\":\"ImageObject\",\"inLanguage\":\"hu\",\"@id\":\"https:\/\/www.welovecycling.com\/hu\/trekking-mtb\/mirol-mesel-egy-profi-montis-turavezeto-taskaja\/#primaryimage\",\"url\":\"https:\/\/d2p6e6u75xmxt8.cloudfront.net\/12\/2022\/06\/Gaspi-MTB-Backpack-CVR.jpg\",\"contentUrl\":\"https:\/\/d2p6e6u75xmxt8.cloudfront.net\/12\/2022\/06\/Gaspi-MTB-Backpack-CVR.jpg\",\"width\":990,\"height\":660,\"caption\":\"MTB\"},{\"@type\":\"BreadcrumbList\",\"@id\":\"https:\/\/www.welovecycling.com\/hu\/trekking-mtb\/mirol-mesel-egy-profi-montis-turavezeto-taskaja\/#breadcrumb\",\"itemListElement\":[{\"@type\":\"ListItem\",\"position\":1,\"name\":\"Home\",\"item\":\"https:\/\/www.welovecycling.com\/hu\/\"},{\"@type\":\"ListItem\",\"position\":2,\"name\":\"Mir\u0151l mes\u00e9l egy profi montis t\u00faravezet\u0151 t\u00e1sk\u00e1ja?\"}]},{\"@type\":\"WebSite\",\"@id\":\"https:\/\/www.welovecycling.com\/hu\/#website\",\"url\":\"https:\/\/www.welovecycling.com\/hu\/\",\"name\":\"\u0160koda We Love Cycling - Magyarorsz\u00e1g\",\"description\":\"\u0160koda WeLoveCycling\",\"potentialAction\":[{\"@type\":\"SearchAction\",\"target\":{\"@type\":\"EntryPoint\",\"urlTemplate\":\"https:\/\/www.welovecycling.com\/hu\/?s={search_term_string}\"},\"query-input\":{\"@type\":\"PropertyValueSpecification\",\"valueRequired\":true,\"valueName\":\"search_term_string\"}}],\"inLanguage\":\"hu\"},{\"@type\":\"Person\",\"@id\":\"https:\/\/www.welovecycling.com\/hu\/#\/schema\/person\/414a2aebf1801691a5320edb6468e194\",\"name\":\"hegyizs\",\"image\":{\"@type\":\"ImageObject\",\"inLanguage\":\"hu\",\"@id\":\"https:\/\/www.welovecycling.com\/hu\/#\/schema\/person\/image\/\",\"url\":\"https:\/\/secure.gravatar.com\/avatar\/02cf8a7906b8cf90cecb4679defac7cfd33a1c2e3b88e4903d947f3bb58eedd3?s=96&d=mm&r=g\",\"contentUrl\":\"https:\/\/secure.gravatar.com\/avatar\/02cf8a7906b8cf90cecb4679defac7cfd33a1c2e3b88e4903d947f3bb58eedd3?s=96&d=mm&r=g\",\"caption\":\"hegyizs\"},\"url\":\"https:\/\/www.welovecycling.com\/hu\/author\/hegyizs\/\"}]}<\/script>\n<!-- \/ Yoast SEO Premium plugin. -->","yoast_head_json":{"title":"Mir\u0151l mes\u00e9l egy profi montis t\u00faravezet\u0151 t\u00e1sk\u00e1ja?","description":"Egy profi idegenvezet\u0151 soha nem csak \u00f6nmag\u00e1ra gondol. Legyen sz\u00f3 barnamedve t\u00e1mad\u00e1sr\u00f3l, ny\u00edlt combcsontt\u00f6r\u00e9sr\u0151l, v\u00e1ratlan viharr\u00f3l a hegytet\u0151n vagy egy felszakadt \u00e1ll \u00f6sszevarr\u00e1s\u00e1r\u00f3l egy helyen, ami h\u00e1rom napra van a legk\u00f6zelebbi orvost\u00f3l, minden lehets\u00e9ges helyzetre fel kell k\u00e9sz\u00fclnie. Richard Gasperotti, a hivat\u00e1sos MTB-t\u00faravezet\u0151 el\u00e1rulta, mi mindent zs\u00fafol a h\u00e1tizs\u00e1kj\u00e1ba, hogy megbirk\u00f3zzon a lehets\u00e9ges vesz\u00e9lyekkel.","robots":{"index":"index","follow":"follow","max-snippet":"max-snippet:-1","max-image-preview":"max-image-preview:large","max-video-preview":"max-video-preview:-1"},"canonical":"https:\/\/www.welovecycling.com\/hu\/trekking-mtb\/mirol-mesel-egy-profi-montis-turavezeto-taskaja\/","og_locale":"hu_HU","og_type":"article","og_title":"Mir\u0151l mes\u00e9l egy profi montis t\u00faravezet\u0151 t\u00e1sk\u00e1ja?","og_description":"Egy profi idegenvezet\u0151 soha nem csak \u00f6nmag\u00e1ra gondol. Legyen sz\u00f3 barnamedve t\u00e1mad\u00e1sr\u00f3l, ny\u00edlt combcsontt\u00f6r\u00e9sr\u0151l, v\u00e1ratlan viharr\u00f3l a hegytet\u0151n vagy egy felszakadt \u00e1ll \u00f6sszevarr\u00e1s\u00e1r\u00f3l egy helyen, ami h\u00e1rom napra van a legk\u00f6zelebbi orvost\u00f3l, minden lehets\u00e9ges helyzetre fel kell k\u00e9sz\u00fclnie. Richard Gasperotti, a hivat\u00e1sos MTB-t\u00faravezet\u0151 el\u00e1rulta, mi mindent zs\u00fafol a h\u00e1tizs\u00e1kj\u00e1ba, hogy megbirk\u00f3zzon a lehets\u00e9ges vesz\u00e9lyekkel.","og_url":"https:\/\/www.welovecycling.com\/hu\/trekking-mtb\/mirol-mesel-egy-profi-montis-turavezeto-taskaja\/","og_site_name":"\u0160koda We Love Cycling - Magyarorsz\u00e1g","article_publisher":"https:\/\/www.facebook.com\/WeLoveCyclingHungary\/","article_published_time":"2022-06-29T06:00:09+00:00","og_image":[{"width":990,"height":660,"url":"https:\/\/d2p6e6u75xmxt8.cloudfront.net\/12\/2022\/06\/Gaspi-MTB-Backpack-CVR.jpg","type":"image\/jpeg"}],"author":"hegyizs","twitter_card":"summary_large_image","twitter_misc":{"Written by":"Adam Marsal","Est. reading time":"5"},"schema":{"@context":"https:\/\/schema.org","@graph":[{"@type":"WebPage","@id":"https:\/\/www.welovecycling.com\/hu\/trekking-mtb\/mirol-mesel-egy-profi-montis-turavezeto-taskaja\/","url":"https:\/\/www.welovecycling.com\/hu\/trekking-mtb\/mirol-mesel-egy-profi-montis-turavezeto-taskaja\/","name":"Mir\u0151l mes\u00e9l egy profi montis t\u00faravezet\u0151 t\u00e1sk\u00e1ja?","isPartOf":{"@id":"https:\/\/www.welovecycling.com\/hu\/#website"},"primaryImageOfPage":{"@id":"https:\/\/www.welovecycling.com\/hu\/trekking-mtb\/mirol-mesel-egy-profi-montis-turavezeto-taskaja\/#primaryimage"},"image":{"@id":"https:\/\/www.welovecycling.com\/hu\/trekking-mtb\/mirol-mesel-egy-profi-montis-turavezeto-taskaja\/#primaryimage"},"thumbnailUrl":"https:\/\/d2p6e6u75xmxt8.cloudfront.net\/12\/2022\/06\/Gaspi-MTB-Backpack-CVR.jpg","datePublished":"2022-06-29T06:00:09+00:00","author":{"@id":"https:\/\/www.welovecycling.com\/hu\/#\/schema\/person\/414a2aebf1801691a5320edb6468e194"},"description":"Egy profi idegenvezet\u0151 soha nem csak \u00f6nmag\u00e1ra gondol. Legyen sz\u00f3 barnamedve t\u00e1mad\u00e1sr\u00f3l, ny\u00edlt combcsontt\u00f6r\u00e9sr\u0151l, v\u00e1ratlan viharr\u00f3l a hegytet\u0151n vagy egy felszakadt \u00e1ll \u00f6sszevarr\u00e1s\u00e1r\u00f3l egy helyen, ami h\u00e1rom napra van a legk\u00f6zelebbi orvost\u00f3l, minden lehets\u00e9ges helyzetre fel kell k\u00e9sz\u00fclnie. Richard Gasperotti, a hivat\u00e1sos MTB-t\u00faravezet\u0151 el\u00e1rulta, mi mindent zs\u00fafol a h\u00e1tizs\u00e1kj\u00e1ba, hogy megbirk\u00f3zzon a lehets\u00e9ges vesz\u00e9lyekkel.","breadcrumb":{"@id":"https:\/\/www.welovecycling.com\/hu\/trekking-mtb\/mirol-mesel-egy-profi-montis-turavezeto-taskaja\/#breadcrumb"},"inLanguage":"hu","potentialAction":[{"@type":"ReadAction","target":["https:\/\/www.welovecycling.com\/hu\/trekking-mtb\/mirol-mesel-egy-profi-montis-turavezeto-taskaja\/"]}]},{"@type":"ImageObject","inLanguage":"hu","@id":"https:\/\/www.welovecycling.com\/hu\/trekking-mtb\/mirol-mesel-egy-profi-montis-turavezeto-taskaja\/#primaryimage","url":"https:\/\/d2p6e6u75xmxt8.cloudfront.net\/12\/2022\/06\/Gaspi-MTB-Backpack-CVR.jpg","contentUrl":"https:\/\/d2p6e6u75xmxt8.cloudfront.net\/12\/2022\/06\/Gaspi-MTB-Backpack-CVR.jpg","width":990,"height":660,"caption":"MTB"},{"@type":"BreadcrumbList","@id":"https:\/\/www.welovecycling.com\/hu\/trekking-mtb\/mirol-mesel-egy-profi-montis-turavezeto-taskaja\/#breadcrumb","itemListElement":[{"@type":"ListItem","position":1,"name":"Home","item":"https:\/\/www.welovecycling.com\/hu\/"},{"@type":"ListItem","position":2,"name":"Mir\u0151l mes\u00e9l egy profi montis t\u00faravezet\u0151 t\u00e1sk\u00e1ja?"}]},{"@type":"WebSite","@id":"https:\/\/www.welovecycling.com\/hu\/#website","url":"https:\/\/www.welovecycling.com\/hu\/","name":"\u0160koda We Love Cycling - Magyarorsz\u00e1g","description":"\u0160koda WeLoveCycling","potentialAction":[{"@type":"SearchAction","target":{"@type":"EntryPoint","urlTemplate":"https:\/\/www.welovecycling.com\/hu\/?s={search_term_string}"},"query-input":{"@type":"PropertyValueSpecification","valueRequired":true,"valueName":"search_term_string"}}],"inLanguage":"hu"},{"@type":"Person","@id":"https:\/\/www.welovecycling.com\/hu\/#\/schema\/person\/414a2aebf1801691a5320edb6468e194","name":"hegyizs","image":{"@type":"ImageObject","inLanguage":"hu","@id":"https:\/\/www.welovecycling.com\/hu\/#\/schema\/person\/image\/","url":"https:\/\/secure.gravatar.com\/avatar\/02cf8a7906b8cf90cecb4679defac7cfd33a1c2e3b88e4903d947f3bb58eedd3?s=96&d=mm&r=g","contentUrl":"https:\/\/secure.gravatar.com\/avatar\/02cf8a7906b8cf90cecb4679defac7cfd33a1c2e3b88e4903d947f3bb58eedd3?s=96&d=mm&r=g","caption":"hegyizs"},"url":"https:\/\/www.welovecycling.com\/hu\/author\/hegyizs\/"}]}},"_links":{"self":[{"href":"https:\/\/www.welovecycling.com\/hu\/wp-json\/wp\/v2\/posts\/15262","targetHints":{"allow":["GET"]}}],"collection":[{"href":"https:\/\/www.welovecycling.com\/hu\/wp-json\/wp\/v2\/posts"}],"about":[{"href":"https:\/\/www.welovecycling.com\/hu\/wp-json\/wp\/v2\/types\/post"}],"author":[{"embeddable":true,"href":"https:\/\/www.welovecycling.com\/hu\/wp-json\/wp\/v2\/users\/71"}],"replies":[{"embeddable":true,"href":"https:\/\/www.welovecycling.com\/hu\/wp-json\/wp\/v2\/comments?post=15262"}],"version-history":[{"count":2,"href":"https:\/\/www.welovecycling.com\/hu\/wp-json\/wp\/v2\/posts\/15262\/revisions"}],"predecessor-version":[{"id":15277,"href":"https:\/\/www.welovecycling.com\/hu\/wp-json\/wp\/v2\/posts\/15262\/revisions\/15277"}],"wp:featuredmedia":[{"embeddable":true,"href":"https:\/\/www.welovecycling.com\/hu\/wp-json\/wp\/v2\/media\/15265"}],"wp:attachment":[{"href":"https:\/\/www.welovecycling.com\/hu\/wp-json\/wp\/v2\/media?parent=15262"}],"wp:term":[{"taxonomy":"category","embeddable":true,"href":"https:\/\/www.welovecycling.com\/hu\/wp-json\/wp\/v2\/categories?post=15262"},{"taxonomy":"post_tag","embeddable":true,"href":"https:\/\/www.welovecycling.com\/hu\/wp-json\/wp\/v2\/tags?post=15262"},{"taxonomy":"global-categories","embeddable":true,"href":"https:\/\/www.welovecycling.com\/hu\/wp-json\/wp\/v2\/global-categories?post=15262"}],"curies":[{"name":"wp","href":"https:\/\/api.w.org\/{rel}","templated":true}]}}