{"id":15256,"date":"2022-06-27T08:00:06","date_gmt":"2022-06-27T06:00:06","guid":{"rendered":"https:\/\/www.welovecycling.com\/hu\/?p=15256"},"modified":"2022-06-24T11:58:33","modified_gmt":"2022-06-24T09:58:33","slug":"bringas-merfoldkovek-nyarra-amik-nem-a-sebessegrol-es-kilometerekrol-szolnak","status":"publish","type":"post","link":"https:\/\/www.welovecycling.com\/hu\/kozosseg-es-kultura\/bringas-merfoldkovek-nyarra-amik-nem-a-sebessegrol-es-kilometerekrol-szolnak\/","title":{"rendered":"Bring\u00e1s m\u00e9rf\u00f6ldk\u00f6vek ny\u00e1rra (amik NEM a sebess\u00e9gr\u0151l \u00e9s kilom\u00e9terekr\u0151l sz\u00f3lnak)"},"content":{"rendered":"<p><strong>Ahhoz, hogy a legt\u00f6bbet hozhasd ki a ny\u00e1rb\u00f3l \u00e9s kiakn\u00e1zd a lehet\u0151s\u00e9geket, \u00e9rdemes c\u00e9lokat kit\u0171zni, melyek seg\u00edtenek motiv\u00e1lni \u00e9s ir\u00e1nyt mutatni. Hajlamosak vagyunk arra koncentr\u00e1lni, hogy mennyire vagyunk gyorsak vagy milyen messzire jutunk el bring\u00e1nkkal, \u00edgy azonban szem el\u0151l t\u00e9veszthetj\u00fck az \u00f6sszes t\u00f6bbi dolgot, amit a sport ad.<\/strong><\/p>\n<p><!--more--><\/p>\n<p>Ha szeretn\u00e9l ezen a ny\u00e1ron \u00faj m\u00e9rf\u00f6ldk\u00f6veket el\u00e9rni, j\u00f3 helyen j\u00e1rsz egy kis inspir\u00e1ci\u00f3\u00e9rt! Nem mindig a hagyom\u00e1nyos megk\u00f6zel\u00edt\u00e9s a j\u00f3 \u2013 a ker\u00e9kp\u00e1roz\u00e1st m\u00e1shogy is lehet szeretni, mint a sz\u00e1mok \u00e9rt\u00e9kel\u00e9s\u00e9vel! \u00d6sszegy\u0171jt\u00f6tt\u00fcnk n\u00e9h\u00e1ny \u00f6tletet, melyek seg\u00edtenek m\u00e9g ink\u00e1bb \u00f6sszhangba ker\u00fclni bring\u00e1ddal \u00e9s saj\u00e1t magaddal, s\u0151t, a ker\u00e9kp\u00e1ros k\u00f6z\u00f6ss\u00e9geddel is.<\/p>\n<figure id=\"attachment_8292\" aria-describedby=\"caption-attachment-8292\" style=\"width: 1000px\" class=\"wp-caption alignnone\"><a href=\"https:\/\/d2p6e6u75xmxt8.cloudfront.net\/12\/2020\/08\/summer-riding-profimedia-0406371725.jpg\"><img loading=\"lazy\" decoding=\"async\" class=\"wp-image-8292 size-full\" src=\"https:\/\/d2p6e6u75xmxt8.cloudfront.net\/12\/2020\/08\/summer-riding-profimedia-0406371725.jpg\" alt=\"Summer Cycling\" width=\"1000\" height=\"667\" srcset=\"https:\/\/d2p6e6u75xmxt8.cloudfront.net\/12\/2020\/08\/summer-riding-profimedia-0406371725.jpg 1000w, https:\/\/d2p6e6u75xmxt8.cloudfront.net\/12\/2020\/08\/summer-riding-profimedia-0406371725-300x200.jpg 300w, https:\/\/d2p6e6u75xmxt8.cloudfront.net\/12\/2020\/08\/summer-riding-profimedia-0406371725-768x512.jpg 768w, https:\/\/d2p6e6u75xmxt8.cloudfront.net\/12\/2020\/08\/summer-riding-profimedia-0406371725-272x182.jpg 272w\" sizes=\"auto, (max-width: 1000px) 100vw, 1000px\" \/><\/a><figcaption id=\"caption-attachment-8292\" class=\"wp-caption-text\"><em>K\u00e9szen \u00e1llsz k\u00fczdeni a c\u00e9ljaid\u00e9rt? \u00a9 Profimedia, DPphoto<\/em><\/figcaption><\/figure>\n<h2><strong>N\u00e9h\u00e1ny kulcsfontoss\u00e1g\u00fa szempont<\/strong><\/h2>\n<p>Nincs \u00e9rtelme \u00f6sszehangolni m\u00e1sokkal a c\u00e9ljaidat, hiszen mindenkinek m\u00e1shol van a komfortz\u00f3n\u00e1ja \u00e9s m\u00e1s dolgok jelentenek kih\u00edv\u00e1st.<\/p>\n<p>S\u0151t, nincs is sok \u00e9rtelme puszt\u00e1n a c\u00e9l \u00e9rdek\u00e9ben kit\u0171zni a c\u00e9lt. K\u00e9rdezd meg magadt\u00f3l, mi\u00e9rt tekersz val\u00f3j\u00e1ban \u00e9s mit szeretn\u00e9l el\u00e9rni! Lehet ez az \u00f6ngondoskod\u00e1s, az edzetts\u00e9gi szint n\u00f6vel\u00e9se vagy ak\u00e1r az is, hogy \u00f6sszeszedd a b\u00e1tors\u00e1god \u00e9s kipr\u00f3b\u00e1lj valami \u00fajat. B\u00e1rmi is a helyzet, az els\u0151 l\u00e9p\u00e9s megtal\u00e1lni a mi\u00e9rtet!<\/p>\n<h2><strong>T\u00f6ltsd az \u00e9jszak\u00e1t kettesben a bring\u00e1ddal!<\/strong><\/h2>\n<p>Ha m\u00e9g soha nem pr\u00f3b\u00e1ltad, itt az ideje! Nagyon sz\u00f3rakoztat\u00f3 \u00e9s rendk\u00edv\u00fcl hasznos m\u00f3dja egy ny\u00e1ri h\u00e9tv\u00e9ge elt\u00f6lt\u00e9s\u00e9nek! V\u00e1lassz egy \u00fatic\u00e9lt az otthonodt\u00f3l k\u00e9nyelmes t\u00e1vols\u00e1gon bel\u00fcl, pakolj be \u00e9s k\u00e9sz\u00fclj fel egy kis adag min\u0151s\u00e9gi id\u0151re \u00f6nmagaddal! A legjobb, ha kempingezel, de egy k\u00f6zeli v\u00e1ros panzi\u00f3ja is megfelel a c\u00e9lra. K\u00f6nnyebb, ha el\u0151re sz\u00e1ll\u00e1st foglalsz, de kev\u00e9sb\u00e9 izgalmas!<\/p>\n<h2><strong>K\u00e9nyeztesd magad egy profi edz\u0151vel!<\/strong><\/h2>\n<p>\u00daj k\u00e9szs\u00e9gek elsaj\u00e1t\u00edt\u00e1s\u00e1val vagy a r\u00e9giek fejleszt\u00e9s\u00e9vel er\u0151s\u00edtheted a ker\u00e9kp\u00e1roz\u00e1ssal val\u00f3 kapcsolatod. M\u00e9g akkor is sokat seg\u00edt egy edz\u0151, ha m\u00e1r r\u00e9g\u00f3ta biciklizel. Mindig van mit tanulni, \u00e9s egy szak\u00e9rt\u0151vel magabiztosabbnak \u00e9rezheted magad, mik\u00f6zben rengeteg izgalmas lehet\u0151s\u00e9get pr\u00f3b\u00e1lhatsz ki, biztons\u00e1gosan. Ha szeretn\u00e9d \u00fcgyesebben kezelni a biciklidet, meg\u00e9rteni, hogyan tudod a leghat\u00e9konyabban felhaszn\u00e1lni az energi\u00e1id, vagy csak egy kis extra \u00f6nbizalomra van sz\u00fcks\u00e9ged a technik\u00e1sabb szakaszokra, jelentkezz be n\u00e9h\u00e1ny alkalomra egy profi edz\u0151h\u00f6z!<\/p>\n<h2><strong>Szervezz egy mini bring\u00e1s esem\u00e9nyt!<\/strong><\/h2>\n<p>Nem kell, hogy t\u00f6bbnapos t\u00e1bor vagy ezer f\u0151s verseny legyen \u2013 b\u00e1r, ha erre v\u00e1gysz, akkor hajr\u00e1! A ker\u00e9k\u00e1ros esem\u00e9nyek a r\u00e9sztvev\u0151k sz\u00e1m\u00e1t\u00f3l f\u00fcggetlen\u00fcl remek kih\u00edv\u00e1st jelenthetnek, f\u0151leg a szervez\u0151nek! Csod\u00e1latos dolog egy\u00fctt kir\u00e1ndulni, \u00f6sszehozni az embereket, kiv\u00e1lasztani egy k\u00f6z\u00f6s \u00fati c\u00e9lt! Gy\u0171jtsd \u00f6ssze a szervez\u0151biztoss\u00e1got, tal\u00e1lj\u00e1tok ki a feladatokat, k\u00e9sz\u00edtsetek uzsonn\u00e1t \u00e9s hajr\u00e1!<\/p>\n<h2><strong>Toborozz \u00faj bring\u00e1sokat!<\/strong><\/h2>\n<p>Ha m\u00e1r arr\u00f3l az \u00f6r\u00f6mr\u0151l van sz\u00f3, amit az emberek \u00f6sszekapcsol\u00e1sa k\u00edn\u00e1l \u2013 ez egy m\u00e1sik igen kifizet\u0151d\u0151 \u00e9s altruista c\u00e9l, amit hozz\u00e1 kell adnunk a list\u00e1hoz. Amellett, hogy te j\u00f3l \u00e9rzed magad \u00e9s ezt megoszthatod egy bar\u00e1toddal, valakinek megtan\u00edtani az alapokat remek m\u00f3dja, hogy te is \u00fajra megtanuld azokat. A kezd\u0151k elm\u00e9je egy vitathatatlanul hasznos eszk\u00f6z, hogy friss szemmel l\u00e1sd a r\u00e9gi sport\u00e1gadat. \u00dajra felfedezheted, hogy mi\u00e9rt szerett\u00e9l bele a bicikliz\u00e9sbe!<\/p>\n<h2><strong>Hagyd otthon a k\u00fcty\u00fcket!<\/strong><\/h2>\n<p>N\u00e9h\u00e1nyatoknak ez nagyon furcsa lehet, de az igazs\u00e1g az, hogy n\u00e9ha kell egy kis pihen\u0151 az adatok elemz\u00e9s\u00e9ben. \u00a0Meg\u00e9rtj\u00fck, ha Garmin \u00f3r\u00e1d az egyik legjobb bar\u00e1todnak sz\u00e1m\u00edt, de a legjobbaknak is sz\u00fcks\u00e9g\u00fck van egy kis sz\u00fcnetre. Sokunknak t\u00f6bb lehet\u0151s\u00e9ge van ny\u00e1ron tekerni, ami azt jelenti, hogy belef\u00e9r, ha n\u00e9ha nem ind\u00edtod el a Strav\u00e1t! \u00cdgy jobban tudsz majd magadra, a testedre \u00e9s a t\u00e1jra figyelni.<\/p>\n<p>Tudjuk, hogy ez nagy kih\u00edv\u00e1s lehet, de meg\u00e9ri! Sok sportol\u00f3 vallja, hogy b\u00e1r hasznosak a sz\u00e1mok, az igazi fejl\u0151d\u00e9st a saj\u00e1t tested meg\u00e9rt\u00e9s\u00e9vel \u00e9rheted el. Sz\u00e1nj id\u0151t r\u00e1, hogy meghallgasd a tested \u00e9s egy\u00fctt dolgozz vele! R\u00e1ad\u00e1sul az \u00fatvonal is eml\u00e9kezetesebb lesz, ha \u00e9l\u0151ben tervezed meg, mint ha sz\u00e1m\u00edt\u00f3g\u00e9pen.<\/p>\n<p>Ak\u00e1rhogy is d\u00f6ntesz, pr\u00f3b\u00e1ld meg kihaszn\u00e1lni a ny\u00e1r el\u0151nyeit \u00e9s azokra a dolgokra koncentr\u00e1lni, melyek er\u0151s\u00edtik a bring\u00e1z\u00e1s ir\u00e1nt \u00e9rzett szereteted! \u00c9ljenek a felh\u0151tlen ny\u00e1ri t\u00far\u00e1k!<\/p>\n","protected":false},"excerpt":{"rendered":"<p>Ahhoz, hogy a legt\u00f6bbet hozhasd ki a ny\u00e1rb\u00f3l \u00e9s kiakn\u00e1zd a lehet\u0151s\u00e9geket, \u00e9rdemes c\u00e9lokat kit\u0171zni, melyek seg\u00edtenek motiv\u00e1lni \u00e9s ir\u00e1nyt [&hellip;]<\/p>\n","protected":false},"author":71,"featured_media":15258,"comment_status":"closed","ping_status":"closed","sticky":false,"template":"","format":"standard","meta":{"footnotes":""},"categories":[12],"tags":[],"global-categories":[],"class_list":["post-15256","post","type-post","status-publish","format-standard","has-post-thumbnail","hentry","category-kozosseg-es-kultura"],"yoast_head":"<!-- This site is optimized with the Yoast SEO Premium plugin v25.3 (Yoast SEO v25.9) - https:\/\/yoast.com\/wordpress\/plugins\/seo\/ -->\n<title>Bring\u00e1s m\u00e9rf\u00f6ldk\u00f6vek ny\u00e1rra (amik NEM a sebess\u00e9gr\u0151l \u00e9s kilom\u00e9terekr\u0151l sz\u00f3lnak)<\/title>\n<meta name=\"description\" content=\"Ahhoz, hogy a legt\u00f6bbet hozhasd ki a ny\u00e1rb\u00f3l \u00e9s kiakn\u00e1zd a lehet\u0151s\u00e9geket, \u00e9rdemes c\u00e9lokat kit\u0171zni, melyek seg\u00edtenek motiv\u00e1lni \u00e9s ir\u00e1nyt mutatni. Hajlamosak vagyunk arra koncentr\u00e1lni, hogy mennyire vagyunk gyorsak vagy milyen messzire jutunk el bring\u00e1nkkal, \u00edgy azonban szem el\u0151l t\u00e9veszthetj\u00fck az \u00f6sszes t\u00f6bbi dolgot, amit a sport ad.\" \/>\n<meta name=\"robots\" content=\"index, follow, max-snippet:-1, max-image-preview:large, max-video-preview:-1\" \/>\n<link rel=\"canonical\" href=\"https:\/\/www.welovecycling.com\/hu\/kozosseg-es-kultura\/bringas-merfoldkovek-nyarra-amik-nem-a-sebessegrol-es-kilometerekrol-szolnak\/\" \/>\n<meta property=\"og:locale\" content=\"hu_HU\" \/>\n<meta property=\"og:type\" content=\"article\" \/>\n<meta property=\"og:title\" content=\"Bring\u00e1s m\u00e9rf\u00f6ldk\u00f6vek ny\u00e1rra (amik NEM a sebess\u00e9gr\u0151l \u00e9s kilom\u00e9terekr\u0151l sz\u00f3lnak)\" \/>\n<meta property=\"og:description\" content=\"Ahhoz, hogy a legt\u00f6bbet hozhasd ki a ny\u00e1rb\u00f3l \u00e9s kiakn\u00e1zd a lehet\u0151s\u00e9geket, \u00e9rdemes c\u00e9lokat kit\u0171zni, melyek seg\u00edtenek motiv\u00e1lni \u00e9s ir\u00e1nyt mutatni. Hajlamosak vagyunk arra koncentr\u00e1lni, hogy mennyire vagyunk gyorsak vagy milyen messzire jutunk el bring\u00e1nkkal, \u00edgy azonban szem el\u0151l t\u00e9veszthetj\u00fck az \u00f6sszes t\u00f6bbi dolgot, amit a sport ad.\" \/>\n<meta property=\"og:url\" content=\"https:\/\/www.welovecycling.com\/hu\/kozosseg-es-kultura\/bringas-merfoldkovek-nyarra-amik-nem-a-sebessegrol-es-kilometerekrol-szolnak\/\" \/>\n<meta property=\"og:site_name\" content=\"\u0160koda We Love Cycling - Magyarorsz\u00e1g\" \/>\n<meta property=\"article:publisher\" content=\"https:\/\/www.facebook.com\/WeLoveCyclingHungary\/\" \/>\n<meta property=\"article:published_time\" content=\"2022-06-27T06:00:06+00:00\" \/>\n<meta property=\"og:image\" content=\"https:\/\/d2p6e6u75xmxt8.cloudfront.net\/12\/2022\/06\/Summer-Cycling-profimedia-0700418050-CVR.jpg\" \/>\n\t<meta property=\"og:image:width\" content=\"990\" \/>\n\t<meta property=\"og:image:height\" content=\"660\" \/>\n\t<meta property=\"og:image:type\" content=\"image\/jpeg\" \/>\n<meta name=\"author\" content=\"hegyizs\" \/>\n<meta name=\"twitter:card\" content=\"summary_large_image\" \/>\n<meta name=\"twitter:label1\" content=\"Written by\" \/>\n\t<meta name=\"twitter:data1\" content=\"Megan Flottorp\" \/>\n\t<meta name=\"twitter:label2\" content=\"Est. reading time\" \/>\n\t<meta name=\"twitter:data2\" content=\"6\" \/>\n<script type=\"application\/ld+json\" class=\"yoast-schema-graph\">{\"@context\":\"https:\/\/schema.org\",\"@graph\":[{\"@type\":\"WebPage\",\"@id\":\"https:\/\/www.welovecycling.com\/hu\/kozosseg-es-kultura\/bringas-merfoldkovek-nyarra-amik-nem-a-sebessegrol-es-kilometerekrol-szolnak\/\",\"url\":\"https:\/\/www.welovecycling.com\/hu\/kozosseg-es-kultura\/bringas-merfoldkovek-nyarra-amik-nem-a-sebessegrol-es-kilometerekrol-szolnak\/\",\"name\":\"Bring\u00e1s m\u00e9rf\u00f6ldk\u00f6vek ny\u00e1rra (amik NEM a sebess\u00e9gr\u0151l \u00e9s kilom\u00e9terekr\u0151l sz\u00f3lnak)\",\"isPartOf\":{\"@id\":\"https:\/\/www.welovecycling.com\/hu\/#website\"},\"primaryImageOfPage\":{\"@id\":\"https:\/\/www.welovecycling.com\/hu\/kozosseg-es-kultura\/bringas-merfoldkovek-nyarra-amik-nem-a-sebessegrol-es-kilometerekrol-szolnak\/#primaryimage\"},\"image\":{\"@id\":\"https:\/\/www.welovecycling.com\/hu\/kozosseg-es-kultura\/bringas-merfoldkovek-nyarra-amik-nem-a-sebessegrol-es-kilometerekrol-szolnak\/#primaryimage\"},\"thumbnailUrl\":\"https:\/\/d2p6e6u75xmxt8.cloudfront.net\/12\/2022\/06\/Summer-Cycling-profimedia-0700418050-CVR.jpg\",\"datePublished\":\"2022-06-27T06:00:06+00:00\",\"author\":{\"@id\":\"https:\/\/www.welovecycling.com\/hu\/#\/schema\/person\/414a2aebf1801691a5320edb6468e194\"},\"description\":\"Ahhoz, hogy a legt\u00f6bbet hozhasd ki a ny\u00e1rb\u00f3l \u00e9s kiakn\u00e1zd a lehet\u0151s\u00e9geket, \u00e9rdemes c\u00e9lokat kit\u0171zni, melyek seg\u00edtenek motiv\u00e1lni \u00e9s ir\u00e1nyt mutatni. Hajlamosak vagyunk arra koncentr\u00e1lni, hogy mennyire vagyunk gyorsak vagy milyen messzire jutunk el bring\u00e1nkkal, \u00edgy azonban szem el\u0151l t\u00e9veszthetj\u00fck az \u00f6sszes t\u00f6bbi dolgot, amit a sport ad.\",\"breadcrumb\":{\"@id\":\"https:\/\/www.welovecycling.com\/hu\/kozosseg-es-kultura\/bringas-merfoldkovek-nyarra-amik-nem-a-sebessegrol-es-kilometerekrol-szolnak\/#breadcrumb\"},\"inLanguage\":\"hu\",\"potentialAction\":[{\"@type\":\"ReadAction\",\"target\":[\"https:\/\/www.welovecycling.com\/hu\/kozosseg-es-kultura\/bringas-merfoldkovek-nyarra-amik-nem-a-sebessegrol-es-kilometerekrol-szolnak\/\"]}]},{\"@type\":\"ImageObject\",\"inLanguage\":\"hu\",\"@id\":\"https:\/\/www.welovecycling.com\/hu\/kozosseg-es-kultura\/bringas-merfoldkovek-nyarra-amik-nem-a-sebessegrol-es-kilometerekrol-szolnak\/#primaryimage\",\"url\":\"https:\/\/d2p6e6u75xmxt8.cloudfront.net\/12\/2022\/06\/Summer-Cycling-profimedia-0700418050-CVR.jpg\",\"contentUrl\":\"https:\/\/d2p6e6u75xmxt8.cloudfront.net\/12\/2022\/06\/Summer-Cycling-profimedia-0700418050-CVR.jpg\",\"width\":990,\"height\":660,\"caption\":\"Summer cycling\"},{\"@type\":\"BreadcrumbList\",\"@id\":\"https:\/\/www.welovecycling.com\/hu\/kozosseg-es-kultura\/bringas-merfoldkovek-nyarra-amik-nem-a-sebessegrol-es-kilometerekrol-szolnak\/#breadcrumb\",\"itemListElement\":[{\"@type\":\"ListItem\",\"position\":1,\"name\":\"Home\",\"item\":\"https:\/\/www.welovecycling.com\/hu\/\"},{\"@type\":\"ListItem\",\"position\":2,\"name\":\"Bring\u00e1s m\u00e9rf\u00f6ldk\u00f6vek ny\u00e1rra (amik NEM a sebess\u00e9gr\u0151l \u00e9s kilom\u00e9terekr\u0151l sz\u00f3lnak)\"}]},{\"@type\":\"WebSite\",\"@id\":\"https:\/\/www.welovecycling.com\/hu\/#website\",\"url\":\"https:\/\/www.welovecycling.com\/hu\/\",\"name\":\"\u0160koda We Love Cycling - Magyarorsz\u00e1g\",\"description\":\"\u0160koda WeLoveCycling\",\"potentialAction\":[{\"@type\":\"SearchAction\",\"target\":{\"@type\":\"EntryPoint\",\"urlTemplate\":\"https:\/\/www.welovecycling.com\/hu\/?s={search_term_string}\"},\"query-input\":{\"@type\":\"PropertyValueSpecification\",\"valueRequired\":true,\"valueName\":\"search_term_string\"}}],\"inLanguage\":\"hu\"},{\"@type\":\"Person\",\"@id\":\"https:\/\/www.welovecycling.com\/hu\/#\/schema\/person\/414a2aebf1801691a5320edb6468e194\",\"name\":\"hegyizs\",\"image\":{\"@type\":\"ImageObject\",\"inLanguage\":\"hu\",\"@id\":\"https:\/\/www.welovecycling.com\/hu\/#\/schema\/person\/image\/\",\"url\":\"https:\/\/secure.gravatar.com\/avatar\/02cf8a7906b8cf90cecb4679defac7cfd33a1c2e3b88e4903d947f3bb58eedd3?s=96&d=mm&r=g\",\"contentUrl\":\"https:\/\/secure.gravatar.com\/avatar\/02cf8a7906b8cf90cecb4679defac7cfd33a1c2e3b88e4903d947f3bb58eedd3?s=96&d=mm&r=g\",\"caption\":\"hegyizs\"},\"url\":\"https:\/\/www.welovecycling.com\/hu\/author\/hegyizs\/\"}]}<\/script>\n<!-- \/ Yoast SEO Premium plugin. -->","yoast_head_json":{"title":"Bring\u00e1s m\u00e9rf\u00f6ldk\u00f6vek ny\u00e1rra (amik NEM a sebess\u00e9gr\u0151l \u00e9s kilom\u00e9terekr\u0151l sz\u00f3lnak)","description":"Ahhoz, hogy a legt\u00f6bbet hozhasd ki a ny\u00e1rb\u00f3l \u00e9s kiakn\u00e1zd a lehet\u0151s\u00e9geket, \u00e9rdemes c\u00e9lokat kit\u0171zni, melyek seg\u00edtenek motiv\u00e1lni \u00e9s ir\u00e1nyt mutatni. Hajlamosak vagyunk arra koncentr\u00e1lni, hogy mennyire vagyunk gyorsak vagy milyen messzire jutunk el bring\u00e1nkkal, \u00edgy azonban szem el\u0151l t\u00e9veszthetj\u00fck az \u00f6sszes t\u00f6bbi dolgot, amit a sport ad.","robots":{"index":"index","follow":"follow","max-snippet":"max-snippet:-1","max-image-preview":"max-image-preview:large","max-video-preview":"max-video-preview:-1"},"canonical":"https:\/\/www.welovecycling.com\/hu\/kozosseg-es-kultura\/bringas-merfoldkovek-nyarra-amik-nem-a-sebessegrol-es-kilometerekrol-szolnak\/","og_locale":"hu_HU","og_type":"article","og_title":"Bring\u00e1s m\u00e9rf\u00f6ldk\u00f6vek ny\u00e1rra (amik NEM a sebess\u00e9gr\u0151l \u00e9s kilom\u00e9terekr\u0151l sz\u00f3lnak)","og_description":"Ahhoz, hogy a legt\u00f6bbet hozhasd ki a ny\u00e1rb\u00f3l \u00e9s kiakn\u00e1zd a lehet\u0151s\u00e9geket, \u00e9rdemes c\u00e9lokat kit\u0171zni, melyek seg\u00edtenek motiv\u00e1lni \u00e9s ir\u00e1nyt mutatni. Hajlamosak vagyunk arra koncentr\u00e1lni, hogy mennyire vagyunk gyorsak vagy milyen messzire jutunk el bring\u00e1nkkal, \u00edgy azonban szem el\u0151l t\u00e9veszthetj\u00fck az \u00f6sszes t\u00f6bbi dolgot, amit a sport ad.","og_url":"https:\/\/www.welovecycling.com\/hu\/kozosseg-es-kultura\/bringas-merfoldkovek-nyarra-amik-nem-a-sebessegrol-es-kilometerekrol-szolnak\/","og_site_name":"\u0160koda We Love Cycling - Magyarorsz\u00e1g","article_publisher":"https:\/\/www.facebook.com\/WeLoveCyclingHungary\/","article_published_time":"2022-06-27T06:00:06+00:00","og_image":[{"width":990,"height":660,"url":"https:\/\/d2p6e6u75xmxt8.cloudfront.net\/12\/2022\/06\/Summer-Cycling-profimedia-0700418050-CVR.jpg","type":"image\/jpeg"}],"author":"hegyizs","twitter_card":"summary_large_image","twitter_misc":{"Written by":"Megan Flottorp","Est. reading time":"6"},"schema":{"@context":"https:\/\/schema.org","@graph":[{"@type":"WebPage","@id":"https:\/\/www.welovecycling.com\/hu\/kozosseg-es-kultura\/bringas-merfoldkovek-nyarra-amik-nem-a-sebessegrol-es-kilometerekrol-szolnak\/","url":"https:\/\/www.welovecycling.com\/hu\/kozosseg-es-kultura\/bringas-merfoldkovek-nyarra-amik-nem-a-sebessegrol-es-kilometerekrol-szolnak\/","name":"Bring\u00e1s m\u00e9rf\u00f6ldk\u00f6vek ny\u00e1rra (amik NEM a sebess\u00e9gr\u0151l \u00e9s kilom\u00e9terekr\u0151l sz\u00f3lnak)","isPartOf":{"@id":"https:\/\/www.welovecycling.com\/hu\/#website"},"primaryImageOfPage":{"@id":"https:\/\/www.welovecycling.com\/hu\/kozosseg-es-kultura\/bringas-merfoldkovek-nyarra-amik-nem-a-sebessegrol-es-kilometerekrol-szolnak\/#primaryimage"},"image":{"@id":"https:\/\/www.welovecycling.com\/hu\/kozosseg-es-kultura\/bringas-merfoldkovek-nyarra-amik-nem-a-sebessegrol-es-kilometerekrol-szolnak\/#primaryimage"},"thumbnailUrl":"https:\/\/d2p6e6u75xmxt8.cloudfront.net\/12\/2022\/06\/Summer-Cycling-profimedia-0700418050-CVR.jpg","datePublished":"2022-06-27T06:00:06+00:00","author":{"@id":"https:\/\/www.welovecycling.com\/hu\/#\/schema\/person\/414a2aebf1801691a5320edb6468e194"},"description":"Ahhoz, hogy a legt\u00f6bbet hozhasd ki a ny\u00e1rb\u00f3l \u00e9s kiakn\u00e1zd a lehet\u0151s\u00e9geket, \u00e9rdemes c\u00e9lokat kit\u0171zni, melyek seg\u00edtenek motiv\u00e1lni \u00e9s ir\u00e1nyt mutatni. Hajlamosak vagyunk arra koncentr\u00e1lni, hogy mennyire vagyunk gyorsak vagy milyen messzire jutunk el bring\u00e1nkkal, \u00edgy azonban szem el\u0151l t\u00e9veszthetj\u00fck az \u00f6sszes t\u00f6bbi dolgot, amit a sport ad.","breadcrumb":{"@id":"https:\/\/www.welovecycling.com\/hu\/kozosseg-es-kultura\/bringas-merfoldkovek-nyarra-amik-nem-a-sebessegrol-es-kilometerekrol-szolnak\/#breadcrumb"},"inLanguage":"hu","potentialAction":[{"@type":"ReadAction","target":["https:\/\/www.welovecycling.com\/hu\/kozosseg-es-kultura\/bringas-merfoldkovek-nyarra-amik-nem-a-sebessegrol-es-kilometerekrol-szolnak\/"]}]},{"@type":"ImageObject","inLanguage":"hu","@id":"https:\/\/www.welovecycling.com\/hu\/kozosseg-es-kultura\/bringas-merfoldkovek-nyarra-amik-nem-a-sebessegrol-es-kilometerekrol-szolnak\/#primaryimage","url":"https:\/\/d2p6e6u75xmxt8.cloudfront.net\/12\/2022\/06\/Summer-Cycling-profimedia-0700418050-CVR.jpg","contentUrl":"https:\/\/d2p6e6u75xmxt8.cloudfront.net\/12\/2022\/06\/Summer-Cycling-profimedia-0700418050-CVR.jpg","width":990,"height":660,"caption":"Summer cycling"},{"@type":"BreadcrumbList","@id":"https:\/\/www.welovecycling.com\/hu\/kozosseg-es-kultura\/bringas-merfoldkovek-nyarra-amik-nem-a-sebessegrol-es-kilometerekrol-szolnak\/#breadcrumb","itemListElement":[{"@type":"ListItem","position":1,"name":"Home","item":"https:\/\/www.welovecycling.com\/hu\/"},{"@type":"ListItem","position":2,"name":"Bring\u00e1s m\u00e9rf\u00f6ldk\u00f6vek ny\u00e1rra (amik NEM a sebess\u00e9gr\u0151l \u00e9s kilom\u00e9terekr\u0151l sz\u00f3lnak)"}]},{"@type":"WebSite","@id":"https:\/\/www.welovecycling.com\/hu\/#website","url":"https:\/\/www.welovecycling.com\/hu\/","name":"\u0160koda We Love Cycling - Magyarorsz\u00e1g","description":"\u0160koda WeLoveCycling","potentialAction":[{"@type":"SearchAction","target":{"@type":"EntryPoint","urlTemplate":"https:\/\/www.welovecycling.com\/hu\/?s={search_term_string}"},"query-input":{"@type":"PropertyValueSpecification","valueRequired":true,"valueName":"search_term_string"}}],"inLanguage":"hu"},{"@type":"Person","@id":"https:\/\/www.welovecycling.com\/hu\/#\/schema\/person\/414a2aebf1801691a5320edb6468e194","name":"hegyizs","image":{"@type":"ImageObject","inLanguage":"hu","@id":"https:\/\/www.welovecycling.com\/hu\/#\/schema\/person\/image\/","url":"https:\/\/secure.gravatar.com\/avatar\/02cf8a7906b8cf90cecb4679defac7cfd33a1c2e3b88e4903d947f3bb58eedd3?s=96&d=mm&r=g","contentUrl":"https:\/\/secure.gravatar.com\/avatar\/02cf8a7906b8cf90cecb4679defac7cfd33a1c2e3b88e4903d947f3bb58eedd3?s=96&d=mm&r=g","caption":"hegyizs"},"url":"https:\/\/www.welovecycling.com\/hu\/author\/hegyizs\/"}]}},"_links":{"self":[{"href":"https:\/\/www.welovecycling.com\/hu\/wp-json\/wp\/v2\/posts\/15256","targetHints":{"allow":["GET"]}}],"collection":[{"href":"https:\/\/www.welovecycling.com\/hu\/wp-json\/wp\/v2\/posts"}],"about":[{"href":"https:\/\/www.welovecycling.com\/hu\/wp-json\/wp\/v2\/types\/post"}],"author":[{"embeddable":true,"href":"https:\/\/www.welovecycling.com\/hu\/wp-json\/wp\/v2\/users\/71"}],"replies":[{"embeddable":true,"href":"https:\/\/www.welovecycling.com\/hu\/wp-json\/wp\/v2\/comments?post=15256"}],"version-history":[{"count":2,"href":"https:\/\/www.welovecycling.com\/hu\/wp-json\/wp\/v2\/posts\/15256\/revisions"}],"predecessor-version":[{"id":15275,"href":"https:\/\/www.welovecycling.com\/hu\/wp-json\/wp\/v2\/posts\/15256\/revisions\/15275"}],"wp:featuredmedia":[{"embeddable":true,"href":"https:\/\/www.welovecycling.com\/hu\/wp-json\/wp\/v2\/media\/15258"}],"wp:attachment":[{"href":"https:\/\/www.welovecycling.com\/hu\/wp-json\/wp\/v2\/media?parent=15256"}],"wp:term":[{"taxonomy":"category","embeddable":true,"href":"https:\/\/www.welovecycling.com\/hu\/wp-json\/wp\/v2\/categories?post=15256"},{"taxonomy":"post_tag","embeddable":true,"href":"https:\/\/www.welovecycling.com\/hu\/wp-json\/wp\/v2\/tags?post=15256"},{"taxonomy":"global-categories","embeddable":true,"href":"https:\/\/www.welovecycling.com\/hu\/wp-json\/wp\/v2\/global-categories?post=15256"}],"curies":[{"name":"wp","href":"https:\/\/api.w.org\/{rel}","templated":true}]}}