{"id":15240,"date":"2022-06-19T08:00:10","date_gmt":"2022-06-19T06:00:10","guid":{"rendered":"https:\/\/www.welovecycling.com\/hu\/?p=15240"},"modified":"2022-06-17T13:10:59","modified_gmt":"2022-06-17T11:10:59","slug":"van-aert-a-touron-is-megcelozza-a-zold-trikot-de-sagan-is-visszatert-es-sajnos-a-virus-is","status":"publish","type":"post","link":"https:\/\/www.welovecycling.com\/hu\/orszaguti-kerekpar\/van-aert-a-touron-is-megcelozza-a-zold-trikot-de-sagan-is-visszatert-es-sajnos-a-virus-is\/","title":{"rendered":"Van Aert a Touron is megc\u00e9lozza a z\u00f6ld trik\u00f3t, de Sagan is visszat\u00e9rt \u2013 \u00e9s sajnos a v\u00edrus is\u2026"},"content":{"rendered":"<p><strong>Nyakunkon a Tour de France, a felvezet\u0151versenyekb\u0151l m\u00e1r lehet j\u00f3solgatni, azzal egy\u00fctt, hogy sajnos ism\u00e9t berobbanni l\u00e1tszik a Covid-j\u00e1rv\u00e1ny, nagyj\u00e1b\u00f3l a lehet\u0151 legrosszabbkor.<\/strong><!--more--><\/p>\n<p>J\u00falius els\u0151 napj\u00e1n elrajtol az orsz\u00e1g\u00fati ker\u00e9kp\u00e1rsport legfontosabb esem\u00e9nye, a Tour de France, amelyre g\u0151zer\u0151vel k\u00e9sz\u00fclnek a csapatok legjobbjai. A hagyom\u00e1nyosan a francia k\u00f6r el\u0151verseny\u00e9nek\u00a0 sz\u00e1m\u00edt\u00f3 Crit\u00e9rium du Dauphin\u00e9-n tot\u00e1lis Jumbo-er\u0151demonstr\u00e1ci\u00f3t l\u00e1thattunk: a holland szt\u00e1rcsapat dupl\u00e1zni tudott, elvitte az \u00f6sszetett els\u0151 k\u00e9t hely\u00e9t Primoz Rogli\u010d \u00e9s Jonas Vingegaard r\u00e9v\u00e9n. A Tour-gy\u0151zelemre \u00e9vek \u00f3ta hi\u00e1ba \u00e1h\u00edtoz\u00f3, helyette h\u00e1rom Vuelta-sikerrel vigasztal\u00f3d\u00f3 szlov\u00e9n szt\u00e1r &#8211; komoly \u00f6nir\u00f3ni\u00e1val &#8211; viccesen meg is jegyezte, v\u00e9gre nyert versenyt Franciaorsz\u00e1gban, \u00e9s nagyon v\u00e1rja m\u00e1r a Tourt, amely kiv\u00e1l\u00f3 felk\u00e9sz\u00fcl\u00e9s lesz a Vuelt\u00e1ra.<\/p>\n<figure id=\"attachment_15242\" aria-describedby=\"caption-attachment-15242\" style=\"width: 1024px\" class=\"wp-caption alignnone\"><img loading=\"lazy\" decoding=\"async\" class=\"size-large wp-image-15242\" src=\"https:\/\/d2p6e6u75xmxt8.cloudfront.net\/12\/2022\/06\/roglic-vingegaard-corvos-1024x558.jpg\" alt=\"\" width=\"1024\" height=\"558\" srcset=\"https:\/\/d2p6e6u75xmxt8.cloudfront.net\/12\/2022\/06\/roglic-vingegaard-corvos-1024x558.jpg 1024w, https:\/\/d2p6e6u75xmxt8.cloudfront.net\/12\/2022\/06\/roglic-vingegaard-corvos-300x163.jpg 300w, https:\/\/d2p6e6u75xmxt8.cloudfront.net\/12\/2022\/06\/roglic-vingegaard-corvos-768x418.jpg 768w, https:\/\/d2p6e6u75xmxt8.cloudfront.net\/12\/2022\/06\/roglic-vingegaard-corvos-1536x837.jpg 1536w, https:\/\/d2p6e6u75xmxt8.cloudfront.net\/12\/2022\/06\/roglic-vingegaard-corvos.jpg 1720w\" sizes=\"auto, (max-width: 1024px) 100vw, 1024px\" \/><figcaption id=\"caption-attachment-15242\" class=\"wp-caption-text\">Primoz Roglic \u00e9s Jonas Vingegaard k\u00e9z a k\u00e9zben \u00fcnnepelhetett a c\u00e9lban (forr\u00e1s: Team Jumbo-Visma\/Cor Vos<\/figcaption><\/figure>\n<p>A Jumbo a s\u00e1rga mellett a pontverseny gy\u0151ztes\u00e9t illet\u0151 z\u00f6ld trik\u00f3t is bezsebelte az \u00f6sszess\u00e9g\u00e9ben brill\u00edroz\u00f3, b\u00e1r egy \u00f3vod\u00e1s mal\u0151r miatt (t\u00fal kor\u00e1n kezdett el \u00fcnnepelni a c\u00e9lvonal el\u0151tt) h\u00e1rom szakasz helyett \u00edgy \u201ecsak\u201d kett\u0151t megnyer\u0151 Wout Van Aert r\u00e9v\u00e9n, aki \u00f6nbizalomt\u00f3l duzzadva ki is jelentette, \u0151 m\u00e1rpedig a Touron is r\u00e1megy a z\u00f6ld trik\u00f3ra (mi t\u00f6bb, n\u00e9h\u00e1ny napig a s\u00e1rg\u00e1t sem tartja kiz\u00e1rtnak). A sprinterversenyben persze komoly kih\u00edv\u00f3i akadnak majd. A sv\u00e1jci k\u00f6r nyit\u00f3 etapj\u00e1n p\u00e9ld\u00e1ul az ut\u00f3bbi id\u0151kben \u201epocs\u00e9k\u201d form\u00e1t ny\u00fajt\u00f3, \u00e1m ez\u00fattal r\u00e9gi \u00f6nmag\u00e1t \u00e9s legjobb napjait id\u00e9z\u0151 Peter Sagant l\u00e1thattuk nagy gy\u0151zelmet aratni (az els\u0151t id\u00e9n), akivel \u00edgy val\u00f3sz\u00edn\u0171leg \u00fajra sz\u00e1molni kell majd, de ott lesz m\u00e9g t\u00f6bbek mellett a Tour de Hongrie-n (is) fantasztikusan versenyz\u0151 Fabio Jakobsen \u00e9s nagy riv\u00e1lisa, Dylan Groenewegen is, aki meg a szlov\u00e9n k\u00f6r\u00f6n gy\u0171jti a szakaszgy\u0151zelmeket.<\/p>\n<figure id=\"attachment_15243\" aria-describedby=\"caption-attachment-15243\" style=\"width: 1024px\" class=\"wp-caption alignnone\"><img loading=\"lazy\" decoding=\"async\" class=\"size-large wp-image-15243\" src=\"https:\/\/d2p6e6u75xmxt8.cloudfront.net\/12\/2022\/06\/GettyImages-1266595222-1024x682.jpg\" alt=\"\" width=\"1024\" height=\"682\" srcset=\"https:\/\/d2p6e6u75xmxt8.cloudfront.net\/12\/2022\/06\/GettyImages-1266595222-1024x682.jpg 1024w, https:\/\/d2p6e6u75xmxt8.cloudfront.net\/12\/2022\/06\/GettyImages-1266595222-300x200.jpg 300w, https:\/\/d2p6e6u75xmxt8.cloudfront.net\/12\/2022\/06\/GettyImages-1266595222-768x511.jpg 768w, https:\/\/d2p6e6u75xmxt8.cloudfront.net\/12\/2022\/06\/GettyImages-1266595222-1536x1023.jpg 1536w, https:\/\/d2p6e6u75xmxt8.cloudfront.net\/12\/2022\/06\/GettyImages-1266595222-1920x1279.jpg 1920w, https:\/\/d2p6e6u75xmxt8.cloudfront.net\/12\/2022\/06\/GettyImages-1266595222-272x182.jpg 272w, https:\/\/d2p6e6u75xmxt8.cloudfront.net\/12\/2022\/06\/GettyImages-1266595222.jpg 2000w, https:\/\/d2p6e6u75xmxt8.cloudfront.net\/12\/2022\/06\/GettyImages-1266595222-1920x1279.jpg 1920w\" sizes=\"auto, (max-width: 1024px) 100vw, 1024px\" \/><figcaption id=\"caption-attachment-15243\" class=\"wp-caption-text\">Wout Van Aertnak megtetszett a z\u00f6ld sz\u00edn (fot\u00f3: Justin Setterfield\/Getty)<\/figcaption><\/figure>\n<p>\u00c9s ha m\u00e1r sz\u00e9p eredm\u00e9nyek, mindenk\u00e9ppen eml\u00e9kezz\u00fcnk meg a mi fiunkr\u00f3l, Valter Attil\u00e1r\u00f3l is, aki a Tour-on ugyan nem lesz ott, de a Giro \u00f3ta el\u0151sz\u00f6r versenyzett \u00fajra, m\u00e9ghozz\u00e1 kiv\u00e1l\u00f3an. Az ikonikus francia hegyen, a Mont Ventoux-n zajl\u00f3 egynaposon nagyszer\u0171 10. helyet szerzett neh\u00e9z versenyen, er\u0151s mez\u0151nyben, majd r\u00f6gt\u00f6n ezut\u00e1n az okcit\u00e1n k\u00f6r\u00f6n seg\u00edtette csapat\u00e1val, az FDJ-vel egy\u00fctt \u00fajabb szakaszsikerhez a Giro cikl\u00e1men trik\u00f3s\u00e1t, Arnaud D\u00e9mare-t.<\/p>\n","protected":false},"excerpt":{"rendered":"<p>Nyakunkon a Tour de France, a felvezet\u0151versenyekb\u0151l m\u00e1r lehet j\u00f3solgatni, azzal egy\u00fctt, hogy sajnos ism\u00e9t berobbanni l\u00e1tszik a Covid-j\u00e1rv\u00e1ny, nagyj\u00e1b\u00f3l [&hellip;]<\/p>\n","protected":false},"author":71,"featured_media":15241,"comment_status":"open","ping_status":"open","sticky":false,"template":"","format":"standard","meta":{"footnotes":""},"categories":[8],"tags":[],"global-categories":[],"class_list":["post-15240","post","type-post","status-publish","format-standard","has-post-thumbnail","hentry","category-orszaguti-kerekpar"],"yoast_head":"<!-- This site is optimized with the Yoast SEO Premium plugin v25.3 (Yoast SEO v25.9) - https:\/\/yoast.com\/wordpress\/plugins\/seo\/ -->\n<title>Van Aert a Touron is megc\u00e9lozza a z\u00f6ld trik\u00f3t, de Sagan is visszat\u00e9rt \u2013 \u00e9s sajnos a v\u00edrus is\u2026<\/title>\n<meta name=\"description\" content=\"Nyakunkon a Tour de France, a felvezet\u0151versenyekb\u0151l m\u00e1r lehet j\u00f3solgatni, azzal egy\u00fctt, hogy sajnos ism\u00e9t berobbanni l\u00e1tszik a Covid-j\u00e1rv\u00e1ny, nagyj\u00e1b\u00f3l a lehet\u0151 legrosszabbkor.\" \/>\n<meta name=\"robots\" content=\"index, follow, max-snippet:-1, max-image-preview:large, max-video-preview:-1\" \/>\n<link rel=\"canonical\" href=\"https:\/\/www.welovecycling.com\/hu\/orszaguti-kerekpar\/van-aert-a-touron-is-megcelozza-a-zold-trikot-de-sagan-is-visszatert-es-sajnos-a-virus-is\/\" \/>\n<meta property=\"og:locale\" content=\"hu_HU\" \/>\n<meta property=\"og:type\" content=\"article\" \/>\n<meta property=\"og:title\" content=\"Van Aert a Touron is megc\u00e9lozza a z\u00f6ld trik\u00f3t, de Sagan is visszat\u00e9rt \u2013 \u00e9s sajnos a v\u00edrus is\u2026\" \/>\n<meta property=\"og:description\" content=\"Nyakunkon a Tour de France, a felvezet\u0151versenyekb\u0151l m\u00e1r lehet j\u00f3solgatni, azzal egy\u00fctt, hogy sajnos ism\u00e9t berobbanni l\u00e1tszik a Covid-j\u00e1rv\u00e1ny, nagyj\u00e1b\u00f3l a lehet\u0151 legrosszabbkor.\" \/>\n<meta property=\"og:url\" content=\"https:\/\/www.welovecycling.com\/hu\/orszaguti-kerekpar\/van-aert-a-touron-is-megcelozza-a-zold-trikot-de-sagan-is-visszatert-es-sajnos-a-virus-is\/\" \/>\n<meta property=\"og:site_name\" content=\"\u0160koda We Love Cycling - Magyarorsz\u00e1g\" \/>\n<meta property=\"article:publisher\" content=\"https:\/\/www.facebook.com\/WeLoveCyclingHungary\/\" \/>\n<meta property=\"article:published_time\" content=\"2022-06-19T06:00:10+00:00\" \/>\n<meta property=\"og:image\" content=\"https:\/\/d2p6e6u75xmxt8.cloudfront.net\/12\/2022\/06\/sagan-Tim-de-Waele-Getty-Images.jpg\" \/>\n\t<meta property=\"og:image:width\" content=\"1281\" \/>\n\t<meta property=\"og:image:height\" content=\"849\" \/>\n\t<meta property=\"og:image:type\" content=\"image\/jpeg\" \/>\n<meta name=\"author\" content=\"hegyizs\" \/>\n<meta name=\"twitter:card\" content=\"summary_large_image\" \/>\n<meta name=\"twitter:label1\" content=\"Written by\" \/>\n\t<meta name=\"twitter:data1\" content=\"WLC\" \/>\n\t<meta name=\"twitter:label2\" content=\"Est. reading time\" \/>\n\t<meta name=\"twitter:data2\" content=\"3 minutes\" \/>\n<script type=\"application\/ld+json\" class=\"yoast-schema-graph\">{\"@context\":\"https:\/\/schema.org\",\"@graph\":[{\"@type\":\"WebPage\",\"@id\":\"https:\/\/www.welovecycling.com\/hu\/orszaguti-kerekpar\/van-aert-a-touron-is-megcelozza-a-zold-trikot-de-sagan-is-visszatert-es-sajnos-a-virus-is\/\",\"url\":\"https:\/\/www.welovecycling.com\/hu\/orszaguti-kerekpar\/van-aert-a-touron-is-megcelozza-a-zold-trikot-de-sagan-is-visszatert-es-sajnos-a-virus-is\/\",\"name\":\"Van Aert a Touron is megc\u00e9lozza a z\u00f6ld trik\u00f3t, de Sagan is visszat\u00e9rt \u2013 \u00e9s sajnos a v\u00edrus is\u2026\",\"isPartOf\":{\"@id\":\"https:\/\/www.welovecycling.com\/hu\/#website\"},\"primaryImageOfPage\":{\"@id\":\"https:\/\/www.welovecycling.com\/hu\/orszaguti-kerekpar\/van-aert-a-touron-is-megcelozza-a-zold-trikot-de-sagan-is-visszatert-es-sajnos-a-virus-is\/#primaryimage\"},\"image\":{\"@id\":\"https:\/\/www.welovecycling.com\/hu\/orszaguti-kerekpar\/van-aert-a-touron-is-megcelozza-a-zold-trikot-de-sagan-is-visszatert-es-sajnos-a-virus-is\/#primaryimage\"},\"thumbnailUrl\":\"https:\/\/d2p6e6u75xmxt8.cloudfront.net\/12\/2022\/06\/sagan-Tim-de-Waele-Getty-Images.jpg\",\"datePublished\":\"2022-06-19T06:00:10+00:00\",\"author\":{\"@id\":\"https:\/\/www.welovecycling.com\/hu\/#\/schema\/person\/414a2aebf1801691a5320edb6468e194\"},\"description\":\"Nyakunkon a Tour de France, a felvezet\u0151versenyekb\u0151l m\u00e1r lehet j\u00f3solgatni, azzal egy\u00fctt, hogy sajnos ism\u00e9t berobbanni l\u00e1tszik a Covid-j\u00e1rv\u00e1ny, nagyj\u00e1b\u00f3l a lehet\u0151 legrosszabbkor.\",\"breadcrumb\":{\"@id\":\"https:\/\/www.welovecycling.com\/hu\/orszaguti-kerekpar\/van-aert-a-touron-is-megcelozza-a-zold-trikot-de-sagan-is-visszatert-es-sajnos-a-virus-is\/#breadcrumb\"},\"inLanguage\":\"hu\",\"potentialAction\":[{\"@type\":\"ReadAction\",\"target\":[\"https:\/\/www.welovecycling.com\/hu\/orszaguti-kerekpar\/van-aert-a-touron-is-megcelozza-a-zold-trikot-de-sagan-is-visszatert-es-sajnos-a-virus-is\/\"]}]},{\"@type\":\"ImageObject\",\"inLanguage\":\"hu\",\"@id\":\"https:\/\/www.welovecycling.com\/hu\/orszaguti-kerekpar\/van-aert-a-touron-is-megcelozza-a-zold-trikot-de-sagan-is-visszatert-es-sajnos-a-virus-is\/#primaryimage\",\"url\":\"https:\/\/d2p6e6u75xmxt8.cloudfront.net\/12\/2022\/06\/sagan-Tim-de-Waele-Getty-Images.jpg\",\"contentUrl\":\"https:\/\/d2p6e6u75xmxt8.cloudfront.net\/12\/2022\/06\/sagan-Tim-de-Waele-Getty-Images.jpg\",\"width\":1281,\"height\":849},{\"@type\":\"BreadcrumbList\",\"@id\":\"https:\/\/www.welovecycling.com\/hu\/orszaguti-kerekpar\/van-aert-a-touron-is-megcelozza-a-zold-trikot-de-sagan-is-visszatert-es-sajnos-a-virus-is\/#breadcrumb\",\"itemListElement\":[{\"@type\":\"ListItem\",\"position\":1,\"name\":\"Home\",\"item\":\"https:\/\/www.welovecycling.com\/hu\/\"},{\"@type\":\"ListItem\",\"position\":2,\"name\":\"Van Aert a Touron is megc\u00e9lozza a z\u00f6ld trik\u00f3t, de Sagan is visszat\u00e9rt \u2013 \u00e9s sajnos a v\u00edrus is\u2026\"}]},{\"@type\":\"WebSite\",\"@id\":\"https:\/\/www.welovecycling.com\/hu\/#website\",\"url\":\"https:\/\/www.welovecycling.com\/hu\/\",\"name\":\"\u0160koda We Love Cycling - Magyarorsz\u00e1g\",\"description\":\"\u0160koda WeLoveCycling\",\"potentialAction\":[{\"@type\":\"SearchAction\",\"target\":{\"@type\":\"EntryPoint\",\"urlTemplate\":\"https:\/\/www.welovecycling.com\/hu\/?s={search_term_string}\"},\"query-input\":{\"@type\":\"PropertyValueSpecification\",\"valueRequired\":true,\"valueName\":\"search_term_string\"}}],\"inLanguage\":\"hu\"},{\"@type\":\"Person\",\"@id\":\"https:\/\/www.welovecycling.com\/hu\/#\/schema\/person\/414a2aebf1801691a5320edb6468e194\",\"name\":\"hegyizs\",\"image\":{\"@type\":\"ImageObject\",\"inLanguage\":\"hu\",\"@id\":\"https:\/\/www.welovecycling.com\/hu\/#\/schema\/person\/image\/\",\"url\":\"https:\/\/secure.gravatar.com\/avatar\/02cf8a7906b8cf90cecb4679defac7cfd33a1c2e3b88e4903d947f3bb58eedd3?s=96&d=mm&r=g\",\"contentUrl\":\"https:\/\/secure.gravatar.com\/avatar\/02cf8a7906b8cf90cecb4679defac7cfd33a1c2e3b88e4903d947f3bb58eedd3?s=96&d=mm&r=g\",\"caption\":\"hegyizs\"},\"url\":\"https:\/\/www.welovecycling.com\/hu\/author\/hegyizs\/\"}]}<\/script>\n<!-- \/ Yoast SEO Premium plugin. -->","yoast_head_json":{"title":"Van Aert a Touron is megc\u00e9lozza a z\u00f6ld trik\u00f3t, de Sagan is visszat\u00e9rt \u2013 \u00e9s sajnos a v\u00edrus is\u2026","description":"Nyakunkon a Tour de France, a felvezet\u0151versenyekb\u0151l m\u00e1r lehet j\u00f3solgatni, azzal egy\u00fctt, hogy sajnos ism\u00e9t berobbanni l\u00e1tszik a Covid-j\u00e1rv\u00e1ny, nagyj\u00e1b\u00f3l a lehet\u0151 legrosszabbkor.","robots":{"index":"index","follow":"follow","max-snippet":"max-snippet:-1","max-image-preview":"max-image-preview:large","max-video-preview":"max-video-preview:-1"},"canonical":"https:\/\/www.welovecycling.com\/hu\/orszaguti-kerekpar\/van-aert-a-touron-is-megcelozza-a-zold-trikot-de-sagan-is-visszatert-es-sajnos-a-virus-is\/","og_locale":"hu_HU","og_type":"article","og_title":"Van Aert a Touron is megc\u00e9lozza a z\u00f6ld trik\u00f3t, de Sagan is visszat\u00e9rt \u2013 \u00e9s sajnos a v\u00edrus is\u2026","og_description":"Nyakunkon a Tour de France, a felvezet\u0151versenyekb\u0151l m\u00e1r lehet j\u00f3solgatni, azzal egy\u00fctt, hogy sajnos ism\u00e9t berobbanni l\u00e1tszik a Covid-j\u00e1rv\u00e1ny, nagyj\u00e1b\u00f3l a lehet\u0151 legrosszabbkor.","og_url":"https:\/\/www.welovecycling.com\/hu\/orszaguti-kerekpar\/van-aert-a-touron-is-megcelozza-a-zold-trikot-de-sagan-is-visszatert-es-sajnos-a-virus-is\/","og_site_name":"\u0160koda We Love Cycling - Magyarorsz\u00e1g","article_publisher":"https:\/\/www.facebook.com\/WeLoveCyclingHungary\/","article_published_time":"2022-06-19T06:00:10+00:00","og_image":[{"width":1281,"height":849,"url":"https:\/\/d2p6e6u75xmxt8.cloudfront.net\/12\/2022\/06\/sagan-Tim-de-Waele-Getty-Images.jpg","type":"image\/jpeg"}],"author":"hegyizs","twitter_card":"summary_large_image","twitter_misc":{"Written by":"WLC","Est. reading time":"3 minutes"},"schema":{"@context":"https:\/\/schema.org","@graph":[{"@type":"WebPage","@id":"https:\/\/www.welovecycling.com\/hu\/orszaguti-kerekpar\/van-aert-a-touron-is-megcelozza-a-zold-trikot-de-sagan-is-visszatert-es-sajnos-a-virus-is\/","url":"https:\/\/www.welovecycling.com\/hu\/orszaguti-kerekpar\/van-aert-a-touron-is-megcelozza-a-zold-trikot-de-sagan-is-visszatert-es-sajnos-a-virus-is\/","name":"Van Aert a Touron is megc\u00e9lozza a z\u00f6ld trik\u00f3t, de Sagan is visszat\u00e9rt \u2013 \u00e9s sajnos a v\u00edrus is\u2026","isPartOf":{"@id":"https:\/\/www.welovecycling.com\/hu\/#website"},"primaryImageOfPage":{"@id":"https:\/\/www.welovecycling.com\/hu\/orszaguti-kerekpar\/van-aert-a-touron-is-megcelozza-a-zold-trikot-de-sagan-is-visszatert-es-sajnos-a-virus-is\/#primaryimage"},"image":{"@id":"https:\/\/www.welovecycling.com\/hu\/orszaguti-kerekpar\/van-aert-a-touron-is-megcelozza-a-zold-trikot-de-sagan-is-visszatert-es-sajnos-a-virus-is\/#primaryimage"},"thumbnailUrl":"https:\/\/d2p6e6u75xmxt8.cloudfront.net\/12\/2022\/06\/sagan-Tim-de-Waele-Getty-Images.jpg","datePublished":"2022-06-19T06:00:10+00:00","author":{"@id":"https:\/\/www.welovecycling.com\/hu\/#\/schema\/person\/414a2aebf1801691a5320edb6468e194"},"description":"Nyakunkon a Tour de France, a felvezet\u0151versenyekb\u0151l m\u00e1r lehet j\u00f3solgatni, azzal egy\u00fctt, hogy sajnos ism\u00e9t berobbanni l\u00e1tszik a Covid-j\u00e1rv\u00e1ny, nagyj\u00e1b\u00f3l a lehet\u0151 legrosszabbkor.","breadcrumb":{"@id":"https:\/\/www.welovecycling.com\/hu\/orszaguti-kerekpar\/van-aert-a-touron-is-megcelozza-a-zold-trikot-de-sagan-is-visszatert-es-sajnos-a-virus-is\/#breadcrumb"},"inLanguage":"hu","potentialAction":[{"@type":"ReadAction","target":["https:\/\/www.welovecycling.com\/hu\/orszaguti-kerekpar\/van-aert-a-touron-is-megcelozza-a-zold-trikot-de-sagan-is-visszatert-es-sajnos-a-virus-is\/"]}]},{"@type":"ImageObject","inLanguage":"hu","@id":"https:\/\/www.welovecycling.com\/hu\/orszaguti-kerekpar\/van-aert-a-touron-is-megcelozza-a-zold-trikot-de-sagan-is-visszatert-es-sajnos-a-virus-is\/#primaryimage","url":"https:\/\/d2p6e6u75xmxt8.cloudfront.net\/12\/2022\/06\/sagan-Tim-de-Waele-Getty-Images.jpg","contentUrl":"https:\/\/d2p6e6u75xmxt8.cloudfront.net\/12\/2022\/06\/sagan-Tim-de-Waele-Getty-Images.jpg","width":1281,"height":849},{"@type":"BreadcrumbList","@id":"https:\/\/www.welovecycling.com\/hu\/orszaguti-kerekpar\/van-aert-a-touron-is-megcelozza-a-zold-trikot-de-sagan-is-visszatert-es-sajnos-a-virus-is\/#breadcrumb","itemListElement":[{"@type":"ListItem","position":1,"name":"Home","item":"https:\/\/www.welovecycling.com\/hu\/"},{"@type":"ListItem","position":2,"name":"Van Aert a Touron is megc\u00e9lozza a z\u00f6ld trik\u00f3t, de Sagan is visszat\u00e9rt \u2013 \u00e9s sajnos a v\u00edrus is\u2026"}]},{"@type":"WebSite","@id":"https:\/\/www.welovecycling.com\/hu\/#website","url":"https:\/\/www.welovecycling.com\/hu\/","name":"\u0160koda We Love Cycling - Magyarorsz\u00e1g","description":"\u0160koda WeLoveCycling","potentialAction":[{"@type":"SearchAction","target":{"@type":"EntryPoint","urlTemplate":"https:\/\/www.welovecycling.com\/hu\/?s={search_term_string}"},"query-input":{"@type":"PropertyValueSpecification","valueRequired":true,"valueName":"search_term_string"}}],"inLanguage":"hu"},{"@type":"Person","@id":"https:\/\/www.welovecycling.com\/hu\/#\/schema\/person\/414a2aebf1801691a5320edb6468e194","name":"hegyizs","image":{"@type":"ImageObject","inLanguage":"hu","@id":"https:\/\/www.welovecycling.com\/hu\/#\/schema\/person\/image\/","url":"https:\/\/secure.gravatar.com\/avatar\/02cf8a7906b8cf90cecb4679defac7cfd33a1c2e3b88e4903d947f3bb58eedd3?s=96&d=mm&r=g","contentUrl":"https:\/\/secure.gravatar.com\/avatar\/02cf8a7906b8cf90cecb4679defac7cfd33a1c2e3b88e4903d947f3bb58eedd3?s=96&d=mm&r=g","caption":"hegyizs"},"url":"https:\/\/www.welovecycling.com\/hu\/author\/hegyizs\/"}]}},"_links":{"self":[{"href":"https:\/\/www.welovecycling.com\/hu\/wp-json\/wp\/v2\/posts\/15240","targetHints":{"allow":["GET"]}}],"collection":[{"href":"https:\/\/www.welovecycling.com\/hu\/wp-json\/wp\/v2\/posts"}],"about":[{"href":"https:\/\/www.welovecycling.com\/hu\/wp-json\/wp\/v2\/types\/post"}],"author":[{"embeddable":true,"href":"https:\/\/www.welovecycling.com\/hu\/wp-json\/wp\/v2\/users\/71"}],"replies":[{"embeddable":true,"href":"https:\/\/www.welovecycling.com\/hu\/wp-json\/wp\/v2\/comments?post=15240"}],"version-history":[{"count":1,"href":"https:\/\/www.welovecycling.com\/hu\/wp-json\/wp\/v2\/posts\/15240\/revisions"}],"predecessor-version":[{"id":15244,"href":"https:\/\/www.welovecycling.com\/hu\/wp-json\/wp\/v2\/posts\/15240\/revisions\/15244"}],"wp:featuredmedia":[{"embeddable":true,"href":"https:\/\/www.welovecycling.com\/hu\/wp-json\/wp\/v2\/media\/15241"}],"wp:attachment":[{"href":"https:\/\/www.welovecycling.com\/hu\/wp-json\/wp\/v2\/media?parent=15240"}],"wp:term":[{"taxonomy":"category","embeddable":true,"href":"https:\/\/www.welovecycling.com\/hu\/wp-json\/wp\/v2\/categories?post=15240"},{"taxonomy":"post_tag","embeddable":true,"href":"https:\/\/www.welovecycling.com\/hu\/wp-json\/wp\/v2\/tags?post=15240"},{"taxonomy":"global-categories","embeddable":true,"href":"https:\/\/www.welovecycling.com\/hu\/wp-json\/wp\/v2\/global-categories?post=15240"}],"curies":[{"name":"wp","href":"https:\/\/api.w.org\/{rel}","templated":true}]}}