{"id":15235,"date":"2022-06-25T08:00:39","date_gmt":"2022-06-25T06:00:39","guid":{"rendered":"https:\/\/www.welovecycling.com\/hu\/?p=15235"},"modified":"2022-06-17T13:15:50","modified_gmt":"2022-06-17T11:15:50","slug":"a-2024-es-tour-de-france-mas-lesz-mint-a-tobbi","status":"publish","type":"post","link":"https:\/\/www.welovecycling.com\/hu\/orszaguti-kerekpar\/a-2024-es-tour-de-france-mas-lesz-mint-a-tobbi\/","title":{"rendered":"A 2024-es Tour de France m\u00e1s lesz, mint a t\u00f6bbi"},"content":{"rendered":"<p><strong>T\u00f6rt\u00e9nelme sor\u00e1n el\u0151sz\u00f6r indul majd Olaszorsz\u00e1gb\u00f3l \u2013 r\u00e1ad\u00e1sul nem P\u00e1rizs lesz a v\u00e9gpontja.<\/strong><!--more--><\/p>\n<p>Az utols\u00f3 ikonikus szakasz mindig is P\u00e1rizsban \u00e9rt v\u00e9get: a versenyz\u0151k a zs\u00fafolt utc\u00e1kon sprintelnek \u00e9s diadalmasan \u00e9rnek c\u00e9lba a Champs-\u00c9lys\u00e9es sug\u00e1r\u00faton. 2024-ben azonban m\u00e1shogy fog festeni a Tour, az elej\u00e9t\u0151l a v\u00e9g\u00e9ig. A verseny Firenz\u00e9b\u0151l fog indulni \u00e9s Nizz\u00e1ban \u00e9r majd v\u00e9get, r\u00e1ad\u00e1sul a szok\u00e1sos versenynapt\u00e1rt\u00f3l elt\u00e9r\u0151en, \u00f6t nappal kor\u00e1bban rendezik meg az eg\u00e9szet.<\/p>\n<p>Ennek pedig egyszer\u0171 oka van: j\u00faliusban \u00e9s augusztusban P\u00e1rizs ad majd otthont a 2024-es olimpi\u00e1nak, a v\u00e1rost pedig hamar ostromolni kezdik majd a sportol\u00f3k. B\u00e1r a k\u00e9t verseny technikailag nem fedi egym\u00e1st, csak n\u00e9h\u00e1ny nap telik el a Tour utols\u00f3 szakasza \u00e9s az olimpia megnyit\u00f3ja k\u00f6z\u00f6tt. R\u00f6viden teh\u00e1t: nem f\u00e9r el mindk\u00e9t dud\u00e1s a cs\u00e1rd\u00e1ban.<\/p>\n<p>A State de France \u00e9s a Bajnokok Lig\u00e1ja d\u00f6nt\u0151je miatti k\u00e1osz ut\u00e1n pedig nem csoda, hogy P\u00e1rizs ink\u00e1bb nem ad otthont t\u00f6bb jelent\u0151s sportesem\u00e9nynek egyszerre.<\/p>\n<p>Annak ellen\u00e9re, hogy P\u00e1rizs 1903 \u00f3ta, tradicion\u00e1lisan a Tour de France befut\u00f3ja, j\u00f3 dolog lehet a v\u00e1ltoz\u00e1s. A tengerparti Nizza a francia Rivi\u00e9r\u00e1n nem is olyan rossz helysz\u00edn a verseny lez\u00e1r\u00e1s\u00e1hoz.<\/p>\n<figure id=\"attachment_15237\" aria-describedby=\"caption-attachment-15237\" style=\"width: 1024px\" class=\"wp-caption alignnone\"><img loading=\"lazy\" decoding=\"async\" class=\"size-large wp-image-15237\" src=\"https:\/\/d2p6e6u75xmxt8.cloudfront.net\/12\/2022\/06\/oscar-nord-UUOyS6WyKWs-unsplash-1024x685.jpeg\" alt=\"\" width=\"1024\" height=\"685\" srcset=\"https:\/\/d2p6e6u75xmxt8.cloudfront.net\/12\/2022\/06\/oscar-nord-UUOyS6WyKWs-unsplash-1024x685.jpeg 1024w, https:\/\/d2p6e6u75xmxt8.cloudfront.net\/12\/2022\/06\/oscar-nord-UUOyS6WyKWs-unsplash-300x201.jpeg 300w, https:\/\/d2p6e6u75xmxt8.cloudfront.net\/12\/2022\/06\/oscar-nord-UUOyS6WyKWs-unsplash-768x514.jpeg 768w, https:\/\/d2p6e6u75xmxt8.cloudfront.net\/12\/2022\/06\/oscar-nord-UUOyS6WyKWs-unsplash-1536x1028.jpeg 1536w, https:\/\/d2p6e6u75xmxt8.cloudfront.net\/12\/2022\/06\/oscar-nord-UUOyS6WyKWs-unsplash-272x182.jpeg 272w, https:\/\/d2p6e6u75xmxt8.cloudfront.net\/12\/2022\/06\/oscar-nord-UUOyS6WyKWs-unsplash.jpeg 1920w\" sizes=\"auto, (max-width: 1024px) 100vw, 1024px\" \/><figcaption id=\"caption-attachment-15237\" class=\"wp-caption-text\">Nizza nem is olyan rossz hely. Fot\u00f3: Oscar Nord I Unsplash<\/figcaption><\/figure>\n<p>Ahogy arr\u00f3l a La Gazzetta magazin besz\u00e1molt, a verseny Olaszorsz\u00e1gban kezd\u0151dik, \u00e9s Toszk\u00e1na, Emilia-Romagna \u00e9s Piemont r\u00e9gi\u00f3kon vezet \u00e1t. Nem ez az els\u0151 alkalom, hogy olasz etapok sz\u00ednes\u00edtik az \u00fatvonalat, \u00e9s a Grand D\u00e9part is volt m\u00e1r k\u00fclf\u00f6ld\u00f6n \u2013 id\u00e9n p\u00e9ld\u00e1ul Koppenh\u00e1g\u00e1b\u00f3l fog \u2013, de most el\u0151sz\u00f6r rajtol a mez\u0151ny Olaszorsz\u00e1gb\u00f3l.<\/p>\n<p>A Cycling News magazin szerint a h\u00e1rom olasz r\u00e9gi\u00f3 nagyj\u00e1b\u00f3l 10 milli\u00f3 eur\u00f3t fizetett az ASO-nak.<\/p>\n<p>A rajt a firenzei Piazzale Michelangelo t\u00e9ren lesz, 2024. j\u00fanius 29-\u00e9n. Az els\u0151 szakasz k\u00f6r\u00fclbel\u00fcl 180-190 kilom\u00e9ter hossz\u00fa, Firenz\u00e9t\u0151l Riminiig tart majd. Hogy a mez\u0151ny visszat\u00e9rjen Franciaorsz\u00e1gba, a 4. szakasz Pinerel\u00f3b\u00f3l az orsz\u00e1g fel\u00e9 viszi a versenyz\u0151ket.<\/p>\n<figure id=\"attachment_15238\" aria-describedby=\"caption-attachment-15238\" style=\"width: 1024px\" class=\"wp-caption alignnone\"><img loading=\"lazy\" decoding=\"async\" class=\"size-large wp-image-15238\" src=\"https:\/\/d2p6e6u75xmxt8.cloudfront.net\/12\/2022\/06\/arni-svanur-danielsson-oRAx32HeMIQ-unsplash-1024x916.jpeg\" alt=\"\" width=\"1024\" height=\"916\" srcset=\"https:\/\/d2p6e6u75xmxt8.cloudfront.net\/12\/2022\/06\/arni-svanur-danielsson-oRAx32HeMIQ-unsplash-1024x916.jpeg 1024w, https:\/\/d2p6e6u75xmxt8.cloudfront.net\/12\/2022\/06\/arni-svanur-danielsson-oRAx32HeMIQ-unsplash-300x268.jpeg 300w, https:\/\/d2p6e6u75xmxt8.cloudfront.net\/12\/2022\/06\/arni-svanur-danielsson-oRAx32HeMIQ-unsplash-768x687.jpeg 768w, https:\/\/d2p6e6u75xmxt8.cloudfront.net\/12\/2022\/06\/arni-svanur-danielsson-oRAx32HeMIQ-unsplash-1536x1374.jpeg 1536w, https:\/\/d2p6e6u75xmxt8.cloudfront.net\/12\/2022\/06\/arni-svanur-danielsson-oRAx32HeMIQ-unsplash.jpeg 1920w\" sizes=\"auto, (max-width: 1024px) 100vw, 1024px\" \/><figcaption id=\"caption-attachment-15238\" class=\"wp-caption-text\">Term\u00e9szetesen a verseny hamar visszakanyarodik otthon\u00e1ba. Fot\u00f3: \u00c1rni Svanur Dan\u00edelsson I Unsplash<\/figcaption><\/figure>\n<p>Minden olaszorsz\u00e1gi szakaszt olyan olasz ker\u00e9kp\u00e1rosok tisztelet\u00e9re terveztek meg, akik az elm\u00falt \u00e9vekben kiemelked\u0151en teljes\u00edtettek a Tour-on. <em>\u201eOttavio Bottecchia az els\u0151 olasz Tour-bajnok, 1924-b\u0151l, gy\u0151zelm\u00e9nek sz\u00e1zadik \u00e9vfordul\u00f3j\u00e1t \u00fcnnepelj\u00fck majd 2024-ben. Firenz\u00e9ben Gino Bartalit \u00e9s Gastone Nencini el\u0151tt tisztelg\u00fcnk, Cesenatic\u00f3ban a kal\u00f3z Marco Pantani, Pinerol\u00f3ban pedig Fausto Coppi el\u0151tt<\/em>\u201d \u2013 \u00edrta a La Gazzetta.<\/p>\n<p>Egyel\u0151re az ASO \u00e9s a Tour szervez\u0151i nem adtak ki tov\u00e1bbi inform\u00e1ci\u00f3kat. Term\u00e9szetesen, m\u00e9g el\u0151tt\u00fcnk \u00e1ll k\u00e9t verseny, \u00e9s m\u00e1r nem is kell sokat v\u00e1rni az idei Grand D\u00e9partra. J\u00falius elsej\u00e9n, Koppenh\u00e1g\u00e1ban indul a k\u00f6r, jellemz\u0151en szombati napon, de a t\u00e1voli rajt miatt az els\u0151 h\u00e1rom szakasz ut\u00e1n kell egy transzfer-nap, \u00edgy a verseny egy nappal kitol\u00f3dik majd.<\/p>\n<p><em>Forr\u00e1s: <\/em><a href=\"https:\/\/www.bicycling.com\/news\/a40240053\/tour-de-france-2024-italy-start\/\"><em>bicycling.com<\/em><\/a><\/p>\n","protected":false},"excerpt":{"rendered":"<p>T\u00f6rt\u00e9nelme sor\u00e1n el\u0151sz\u00f6r indul majd Olaszorsz\u00e1gb\u00f3l \u2013 r\u00e1ad\u00e1sul nem P\u00e1rizs lesz a v\u00e9gpontja.<\/p>\n","protected":false},"author":71,"featured_media":15236,"comment_status":"open","ping_status":"open","sticky":false,"template":"","format":"standard","meta":{"footnotes":""},"categories":[8],"tags":[],"global-categories":[],"class_list":["post-15235","post","type-post","status-publish","format-standard","has-post-thumbnail","hentry","category-orszaguti-kerekpar"],"yoast_head":"<!-- This site is optimized with the Yoast SEO Premium plugin v25.3 (Yoast SEO v25.9) - https:\/\/yoast.com\/wordpress\/plugins\/seo\/ -->\n<title>A 2024-es Tour de France m\u00e1s lesz, mint a t\u00f6bbi<\/title>\n<meta name=\"description\" content=\"T\u00f6rt\u00e9nelme sor\u00e1n el\u0151sz\u00f6r indul majd Olaszorsz\u00e1gb\u00f3l \u2013 r\u00e1ad\u00e1sul nem P\u00e1rizs lesz a v\u00e9gpontja.\" \/>\n<meta name=\"robots\" content=\"index, follow, max-snippet:-1, max-image-preview:large, max-video-preview:-1\" \/>\n<link rel=\"canonical\" href=\"https:\/\/www.welovecycling.com\/hu\/orszaguti-kerekpar\/a-2024-es-tour-de-france-mas-lesz-mint-a-tobbi\/\" \/>\n<meta property=\"og:locale\" content=\"hu_HU\" \/>\n<meta property=\"og:type\" content=\"article\" \/>\n<meta property=\"og:title\" content=\"A 2024-es Tour de France m\u00e1s lesz, mint a t\u00f6bbi\" \/>\n<meta property=\"og:description\" content=\"T\u00f6rt\u00e9nelme sor\u00e1n el\u0151sz\u00f6r indul majd Olaszorsz\u00e1gb\u00f3l \u2013 r\u00e1ad\u00e1sul nem P\u00e1rizs lesz a v\u00e9gpontja.\" \/>\n<meta property=\"og:url\" content=\"https:\/\/www.welovecycling.com\/hu\/orszaguti-kerekpar\/a-2024-es-tour-de-france-mas-lesz-mint-a-tobbi\/\" \/>\n<meta property=\"og:site_name\" content=\"\u0160koda We Love Cycling - Magyarorsz\u00e1g\" \/>\n<meta property=\"article:publisher\" content=\"https:\/\/www.facebook.com\/WeLoveCyclingHungary\/\" \/>\n<meta property=\"article:published_time\" content=\"2022-06-25T06:00:39+00:00\" \/>\n<meta property=\"og:image\" content=\"https:\/\/d2p6e6u75xmxt8.cloudfront.net\/12\/2022\/06\/rob-wingate-2Qf2_k0Q5T0-unsplash.jpeg\" \/>\n\t<meta property=\"og:image:width\" content=\"1920\" \/>\n\t<meta property=\"og:image:height\" content=\"1317\" \/>\n\t<meta property=\"og:image:type\" content=\"image\/jpeg\" \/>\n<meta name=\"author\" content=\"hegyizs\" \/>\n<meta name=\"twitter:card\" content=\"summary_large_image\" \/>\n<meta name=\"twitter:label1\" content=\"Written by\" \/>\n\t<meta name=\"twitter:data1\" content=\"WLC\" \/>\n\t<meta name=\"twitter:label2\" content=\"Est. reading time\" \/>\n\t<meta name=\"twitter:data2\" content=\"3 minutes\" \/>\n<script type=\"application\/ld+json\" class=\"yoast-schema-graph\">{\"@context\":\"https:\/\/schema.org\",\"@graph\":[{\"@type\":\"WebPage\",\"@id\":\"https:\/\/www.welovecycling.com\/hu\/orszaguti-kerekpar\/a-2024-es-tour-de-france-mas-lesz-mint-a-tobbi\/\",\"url\":\"https:\/\/www.welovecycling.com\/hu\/orszaguti-kerekpar\/a-2024-es-tour-de-france-mas-lesz-mint-a-tobbi\/\",\"name\":\"A 2024-es Tour de France m\u00e1s lesz, mint a t\u00f6bbi\",\"isPartOf\":{\"@id\":\"https:\/\/www.welovecycling.com\/hu\/#website\"},\"primaryImageOfPage\":{\"@id\":\"https:\/\/www.welovecycling.com\/hu\/orszaguti-kerekpar\/a-2024-es-tour-de-france-mas-lesz-mint-a-tobbi\/#primaryimage\"},\"image\":{\"@id\":\"https:\/\/www.welovecycling.com\/hu\/orszaguti-kerekpar\/a-2024-es-tour-de-france-mas-lesz-mint-a-tobbi\/#primaryimage\"},\"thumbnailUrl\":\"https:\/\/d2p6e6u75xmxt8.cloudfront.net\/12\/2022\/06\/rob-wingate-2Qf2_k0Q5T0-unsplash.jpeg\",\"datePublished\":\"2022-06-25T06:00:39+00:00\",\"author\":{\"@id\":\"https:\/\/www.welovecycling.com\/hu\/#\/schema\/person\/414a2aebf1801691a5320edb6468e194\"},\"description\":\"T\u00f6rt\u00e9nelme sor\u00e1n el\u0151sz\u00f6r indul majd Olaszorsz\u00e1gb\u00f3l \u2013 r\u00e1ad\u00e1sul nem P\u00e1rizs lesz a v\u00e9gpontja.\",\"breadcrumb\":{\"@id\":\"https:\/\/www.welovecycling.com\/hu\/orszaguti-kerekpar\/a-2024-es-tour-de-france-mas-lesz-mint-a-tobbi\/#breadcrumb\"},\"inLanguage\":\"hu\",\"potentialAction\":[{\"@type\":\"ReadAction\",\"target\":[\"https:\/\/www.welovecycling.com\/hu\/orszaguti-kerekpar\/a-2024-es-tour-de-france-mas-lesz-mint-a-tobbi\/\"]}]},{\"@type\":\"ImageObject\",\"inLanguage\":\"hu\",\"@id\":\"https:\/\/www.welovecycling.com\/hu\/orszaguti-kerekpar\/a-2024-es-tour-de-france-mas-lesz-mint-a-tobbi\/#primaryimage\",\"url\":\"https:\/\/d2p6e6u75xmxt8.cloudfront.net\/12\/2022\/06\/rob-wingate-2Qf2_k0Q5T0-unsplash.jpeg\",\"contentUrl\":\"https:\/\/d2p6e6u75xmxt8.cloudfront.net\/12\/2022\/06\/rob-wingate-2Qf2_k0Q5T0-unsplash.jpeg\",\"width\":1920,\"height\":1317},{\"@type\":\"BreadcrumbList\",\"@id\":\"https:\/\/www.welovecycling.com\/hu\/orszaguti-kerekpar\/a-2024-es-tour-de-france-mas-lesz-mint-a-tobbi\/#breadcrumb\",\"itemListElement\":[{\"@type\":\"ListItem\",\"position\":1,\"name\":\"Home\",\"item\":\"https:\/\/www.welovecycling.com\/hu\/\"},{\"@type\":\"ListItem\",\"position\":2,\"name\":\"A 2024-es Tour de France m\u00e1s lesz, mint a t\u00f6bbi\"}]},{\"@type\":\"WebSite\",\"@id\":\"https:\/\/www.welovecycling.com\/hu\/#website\",\"url\":\"https:\/\/www.welovecycling.com\/hu\/\",\"name\":\"\u0160koda We Love Cycling - Magyarorsz\u00e1g\",\"description\":\"\u0160koda WeLoveCycling\",\"potentialAction\":[{\"@type\":\"SearchAction\",\"target\":{\"@type\":\"EntryPoint\",\"urlTemplate\":\"https:\/\/www.welovecycling.com\/hu\/?s={search_term_string}\"},\"query-input\":{\"@type\":\"PropertyValueSpecification\",\"valueRequired\":true,\"valueName\":\"search_term_string\"}}],\"inLanguage\":\"hu\"},{\"@type\":\"Person\",\"@id\":\"https:\/\/www.welovecycling.com\/hu\/#\/schema\/person\/414a2aebf1801691a5320edb6468e194\",\"name\":\"hegyizs\",\"image\":{\"@type\":\"ImageObject\",\"inLanguage\":\"hu\",\"@id\":\"https:\/\/www.welovecycling.com\/hu\/#\/schema\/person\/image\/\",\"url\":\"https:\/\/secure.gravatar.com\/avatar\/02cf8a7906b8cf90cecb4679defac7cfd33a1c2e3b88e4903d947f3bb58eedd3?s=96&d=mm&r=g\",\"contentUrl\":\"https:\/\/secure.gravatar.com\/avatar\/02cf8a7906b8cf90cecb4679defac7cfd33a1c2e3b88e4903d947f3bb58eedd3?s=96&d=mm&r=g\",\"caption\":\"hegyizs\"},\"url\":\"https:\/\/www.welovecycling.com\/hu\/author\/hegyizs\/\"}]}<\/script>\n<!-- \/ Yoast SEO Premium plugin. -->","yoast_head_json":{"title":"A 2024-es Tour de France m\u00e1s lesz, mint a t\u00f6bbi","description":"T\u00f6rt\u00e9nelme sor\u00e1n el\u0151sz\u00f6r indul majd Olaszorsz\u00e1gb\u00f3l \u2013 r\u00e1ad\u00e1sul nem P\u00e1rizs lesz a v\u00e9gpontja.","robots":{"index":"index","follow":"follow","max-snippet":"max-snippet:-1","max-image-preview":"max-image-preview:large","max-video-preview":"max-video-preview:-1"},"canonical":"https:\/\/www.welovecycling.com\/hu\/orszaguti-kerekpar\/a-2024-es-tour-de-france-mas-lesz-mint-a-tobbi\/","og_locale":"hu_HU","og_type":"article","og_title":"A 2024-es Tour de France m\u00e1s lesz, mint a t\u00f6bbi","og_description":"T\u00f6rt\u00e9nelme sor\u00e1n el\u0151sz\u00f6r indul majd Olaszorsz\u00e1gb\u00f3l \u2013 r\u00e1ad\u00e1sul nem P\u00e1rizs lesz a v\u00e9gpontja.","og_url":"https:\/\/www.welovecycling.com\/hu\/orszaguti-kerekpar\/a-2024-es-tour-de-france-mas-lesz-mint-a-tobbi\/","og_site_name":"\u0160koda We Love Cycling - Magyarorsz\u00e1g","article_publisher":"https:\/\/www.facebook.com\/WeLoveCyclingHungary\/","article_published_time":"2022-06-25T06:00:39+00:00","og_image":[{"width":1920,"height":1317,"url":"https:\/\/d2p6e6u75xmxt8.cloudfront.net\/12\/2022\/06\/rob-wingate-2Qf2_k0Q5T0-unsplash.jpeg","type":"image\/jpeg"}],"author":"hegyizs","twitter_card":"summary_large_image","twitter_misc":{"Written by":"WLC","Est. reading time":"3 minutes"},"schema":{"@context":"https:\/\/schema.org","@graph":[{"@type":"WebPage","@id":"https:\/\/www.welovecycling.com\/hu\/orszaguti-kerekpar\/a-2024-es-tour-de-france-mas-lesz-mint-a-tobbi\/","url":"https:\/\/www.welovecycling.com\/hu\/orszaguti-kerekpar\/a-2024-es-tour-de-france-mas-lesz-mint-a-tobbi\/","name":"A 2024-es Tour de France m\u00e1s lesz, mint a t\u00f6bbi","isPartOf":{"@id":"https:\/\/www.welovecycling.com\/hu\/#website"},"primaryImageOfPage":{"@id":"https:\/\/www.welovecycling.com\/hu\/orszaguti-kerekpar\/a-2024-es-tour-de-france-mas-lesz-mint-a-tobbi\/#primaryimage"},"image":{"@id":"https:\/\/www.welovecycling.com\/hu\/orszaguti-kerekpar\/a-2024-es-tour-de-france-mas-lesz-mint-a-tobbi\/#primaryimage"},"thumbnailUrl":"https:\/\/d2p6e6u75xmxt8.cloudfront.net\/12\/2022\/06\/rob-wingate-2Qf2_k0Q5T0-unsplash.jpeg","datePublished":"2022-06-25T06:00:39+00:00","author":{"@id":"https:\/\/www.welovecycling.com\/hu\/#\/schema\/person\/414a2aebf1801691a5320edb6468e194"},"description":"T\u00f6rt\u00e9nelme sor\u00e1n el\u0151sz\u00f6r indul majd Olaszorsz\u00e1gb\u00f3l \u2013 r\u00e1ad\u00e1sul nem P\u00e1rizs lesz a v\u00e9gpontja.","breadcrumb":{"@id":"https:\/\/www.welovecycling.com\/hu\/orszaguti-kerekpar\/a-2024-es-tour-de-france-mas-lesz-mint-a-tobbi\/#breadcrumb"},"inLanguage":"hu","potentialAction":[{"@type":"ReadAction","target":["https:\/\/www.welovecycling.com\/hu\/orszaguti-kerekpar\/a-2024-es-tour-de-france-mas-lesz-mint-a-tobbi\/"]}]},{"@type":"ImageObject","inLanguage":"hu","@id":"https:\/\/www.welovecycling.com\/hu\/orszaguti-kerekpar\/a-2024-es-tour-de-france-mas-lesz-mint-a-tobbi\/#primaryimage","url":"https:\/\/d2p6e6u75xmxt8.cloudfront.net\/12\/2022\/06\/rob-wingate-2Qf2_k0Q5T0-unsplash.jpeg","contentUrl":"https:\/\/d2p6e6u75xmxt8.cloudfront.net\/12\/2022\/06\/rob-wingate-2Qf2_k0Q5T0-unsplash.jpeg","width":1920,"height":1317},{"@type":"BreadcrumbList","@id":"https:\/\/www.welovecycling.com\/hu\/orszaguti-kerekpar\/a-2024-es-tour-de-france-mas-lesz-mint-a-tobbi\/#breadcrumb","itemListElement":[{"@type":"ListItem","position":1,"name":"Home","item":"https:\/\/www.welovecycling.com\/hu\/"},{"@type":"ListItem","position":2,"name":"A 2024-es Tour de France m\u00e1s lesz, mint a t\u00f6bbi"}]},{"@type":"WebSite","@id":"https:\/\/www.welovecycling.com\/hu\/#website","url":"https:\/\/www.welovecycling.com\/hu\/","name":"\u0160koda We Love Cycling - Magyarorsz\u00e1g","description":"\u0160koda WeLoveCycling","potentialAction":[{"@type":"SearchAction","target":{"@type":"EntryPoint","urlTemplate":"https:\/\/www.welovecycling.com\/hu\/?s={search_term_string}"},"query-input":{"@type":"PropertyValueSpecification","valueRequired":true,"valueName":"search_term_string"}}],"inLanguage":"hu"},{"@type":"Person","@id":"https:\/\/www.welovecycling.com\/hu\/#\/schema\/person\/414a2aebf1801691a5320edb6468e194","name":"hegyizs","image":{"@type":"ImageObject","inLanguage":"hu","@id":"https:\/\/www.welovecycling.com\/hu\/#\/schema\/person\/image\/","url":"https:\/\/secure.gravatar.com\/avatar\/02cf8a7906b8cf90cecb4679defac7cfd33a1c2e3b88e4903d947f3bb58eedd3?s=96&d=mm&r=g","contentUrl":"https:\/\/secure.gravatar.com\/avatar\/02cf8a7906b8cf90cecb4679defac7cfd33a1c2e3b88e4903d947f3bb58eedd3?s=96&d=mm&r=g","caption":"hegyizs"},"url":"https:\/\/www.welovecycling.com\/hu\/author\/hegyizs\/"}]}},"_links":{"self":[{"href":"https:\/\/www.welovecycling.com\/hu\/wp-json\/wp\/v2\/posts\/15235","targetHints":{"allow":["GET"]}}],"collection":[{"href":"https:\/\/www.welovecycling.com\/hu\/wp-json\/wp\/v2\/posts"}],"about":[{"href":"https:\/\/www.welovecycling.com\/hu\/wp-json\/wp\/v2\/types\/post"}],"author":[{"embeddable":true,"href":"https:\/\/www.welovecycling.com\/hu\/wp-json\/wp\/v2\/users\/71"}],"replies":[{"embeddable":true,"href":"https:\/\/www.welovecycling.com\/hu\/wp-json\/wp\/v2\/comments?post=15235"}],"version-history":[{"count":1,"href":"https:\/\/www.welovecycling.com\/hu\/wp-json\/wp\/v2\/posts\/15235\/revisions"}],"predecessor-version":[{"id":15239,"href":"https:\/\/www.welovecycling.com\/hu\/wp-json\/wp\/v2\/posts\/15235\/revisions\/15239"}],"wp:featuredmedia":[{"embeddable":true,"href":"https:\/\/www.welovecycling.com\/hu\/wp-json\/wp\/v2\/media\/15236"}],"wp:attachment":[{"href":"https:\/\/www.welovecycling.com\/hu\/wp-json\/wp\/v2\/media?parent=15235"}],"wp:term":[{"taxonomy":"category","embeddable":true,"href":"https:\/\/www.welovecycling.com\/hu\/wp-json\/wp\/v2\/categories?post=15235"},{"taxonomy":"post_tag","embeddable":true,"href":"https:\/\/www.welovecycling.com\/hu\/wp-json\/wp\/v2\/tags?post=15235"},{"taxonomy":"global-categories","embeddable":true,"href":"https:\/\/www.welovecycling.com\/hu\/wp-json\/wp\/v2\/global-categories?post=15235"}],"curies":[{"name":"wp","href":"https:\/\/api.w.org\/{rel}","templated":true}]}}