{"id":15216,"date":"2022-06-20T08:00:16","date_gmt":"2022-06-20T06:00:16","guid":{"rendered":"https:\/\/www.welovecycling.com\/hu\/?p=15216"},"modified":"2022-06-17T13:11:42","modified_gmt":"2022-06-17T11:11:42","slug":"kasia-niewadoma-igy-talald-meg-egy-kudarc-utan-ujra-a-motivaciod","status":"publish","type":"post","link":"https:\/\/www.welovecycling.com\/hu\/kozosseg-es-kultura\/kasia-niewadoma-igy-talald-meg-egy-kudarc-utan-ujra-a-motivaciod\/","title":{"rendered":"Kasia Niewadoma: \u00edgy tal\u00e1ld meg egy kudarc ut\u00e1n \u00fajra a motiv\u00e1ci\u00f3d!"},"content":{"rendered":"<p><strong>A k\u00f6z\u00f6ss\u00e9gi m\u00e9di\u00e1b\u00f3l \u00e9s a h\u00edrad\u00e1sokb\u00f3l megszoktuk, hogy a sportol\u00f3kat teljes\u00edtm\u00e9ny\u00fck cs\u00facs\u00e1n l\u00e1tjuk. K\u00f6nny\u0171 boldognak lenni, amikor \u00e9pp nyersz, de mi a helyzet az \u00f6sszes t\u00f6bbi versenynappal, amikor nem \u00fagy siker\u00fclnek a dolgok, ahogy szeretn\u00e9d? A kudarc ut\u00e1ni motiv\u00e1ci\u00f3 l\u00e9tfontoss\u00e1g\u00fa minden sportol\u00f3 sz\u00e1m\u00e1ra, de a mindennapi \u00e9letben is. Ez\u00e9rt d\u00f6nt\u00f6tt \u00fagy Kasia, hogy megosztja tapasztalatait, abban a rem\u00e9nyben, hogy m\u00e1sokat is inspir\u00e1l, \u00e9s hozz\u00e1j\u00e1rul a kudarc szerep\u00e9nek jobb meg\u00e9rt\u00e9s\u00e9hez.<\/strong><\/p>\n<p><!--more--><\/p>\n<h2><strong>Mindenkivel megt\u00f6rt\u00e9nik!<\/strong><\/h2>\n<p>\u00dagy gondolom, hogy aki sikert \u00e9r el valamiben, az kudarcokkal is k\u00fczd. \u00c9n p\u00e9ld\u00e1ul hanyag, figyelmetlen \u00e9s bizonyos szempontb\u00f3l naiv voltam az els\u0151 nagy kudarcom el\u0151tt, \u00e9s ez a pillanat egy\u00e9rtelm\u0171en ker\u00e9kp\u00e1ros p\u00e1lyafut\u00e1som legnagyobb tanuls\u00e1ga lett.<\/p>\n<p>21 \u00e9vesen kijutottam az olimpi\u00e1ra, magamba sz\u00edvtam a jelenlev\u0151k pozit\u00edv energi\u00e1j\u00e1t \u00e9s b\u00e1tor\u00edt\u00e1s\u00e1t, \u00e9s azt hittem, legy\u0151zhetetlen vagyok. Ment\u00e1lisan er\u0151s \u00e9s magabiztos voltam, de nem vettem \u00e9szre, hogy ez csak a felsz\u00edn. P\u00e1r nappal a verseny el\u0151tt nyom\u00e1st \u00e9reztem a mellkasomon, ami el\u0151l el akartam menek\u00fclni. Most m\u00e1r \u00e9rtem, hogy ez az elv\u00e1r\u00e1sok fesz\u00fclts\u00e9g\u00e9nek megtestes\u00fcl\u00e9se volt.<\/p>\n<p>Senki nem k\u00e9sz\u00edtett fel erre. Nem voltak eszk\u00f6zeim, melyek seg\u00edtettek volna kil\u00e1balni ebb\u0151l a ment\u00e1lis \u00e1llapotb\u00f3l. M\u00e1r nem akartam ott lenni. Hatalmas b\u0171ntudatot \u00e9reztem, ami azzal a f\u00e9lelemmel j\u00e1rt, hogy cserben hagyom azokat, akik hisznek bennem. Elveszettnek \u00e9reztem magam: \u00e9letemben el\u0151sz\u00f6r szembes\u00fcltem valamivel, amit nem tudtam sem meg\u00e9rteni, sem megmagyar\u00e1zni.<\/p>\n<p>https:\/\/www.instagram.com\/p\/CebkHuVrcNU\/?hl=en<\/p>\n<h2><strong>L\u00e9gy t\u00fcrelmes \u00e9s keresd a saj\u00e1t kiutad!<\/strong><\/h2>\n<p>Id\u0151be telt, mire kijutottam ebb\u0151l a s\u00f6t\u00e9ts\u00e9gb\u0151l. A nyom\u00e1s \u00e9s a kudarc kezel\u00e9s\u00e9nek megtanul\u00e1sa egy\u00e9ni folyamat, amin mindenki a saj\u00e1t sebess\u00e9g\u00e9vel megy kereszt\u00fcl. \u00c9vekbe telt, mire megb\u00e9k\u00e9ltem vele, \u00e9s meg\u00e9rtettem, hogy a kudarcot motiv\u00e1ci\u00f3v\u00e1 is lehet tenni.<\/p>\n<p>Egyed\u00fcl \u00e9reztem magam, azt gondoltam, senki nem \u00e9rt meg, \u00e9s b\u0171ntudatom volt egy-egy kudarc ut\u00e1n. Akkoriban an\u00e9lk\u00fcl pr\u00f3b\u00e1ltam tov\u00e1bbl\u00e9pni, hogy felismertem volna az \u00e9rz\u00e9seimet. Egyszer\u0171en elnyomtam ezeket. V\u00e9g\u00fcl kiengedtem a g\u0151zt a k\u00f6zeli bar\u00e1taimnak, \u00e9s miut\u00e1n szavakba \u00f6nt\u00f6ttem, mit \u00e9rzek, minden k\u00f6nnyebb lett. R\u00e1j\u00f6ttem, hogy kaphatok m\u00e1sokt\u00f3l seg\u00edts\u00e9get, \u00e9s lehetek magammal eln\u00e9z\u0151bb. A tudat, hogy nem vagyok egyed\u00fcl, biztons\u00e1got ad.<\/p>\n<h2><strong>Ne menek\u00fclj el a kem\u00e9ny \u00e9rz\u00e9sek el\u0151l!<\/strong><\/h2>\n<p>\u0150szint\u00e9n hiszem, hogy ez a legfontosabb dolog egy kudarc ut\u00e1n: hogy \u0151szinte legy\u00e9l \u00f6nmagadhoz, \u00e9s pr\u00f3b\u00e1ld meg\u00e9rteni, honnan ered, \u00e9s hogyan kezelheted legk\u00f6zelebb. Gondold \u00e1t, min v\u00e1ltoztathatsz, \u00e9s milyen m\u00e1s perspekt\u00edv\u00e1kb\u00f3l k\u00f6zel\u00edtheted meg a probl\u00e9m\u00e1s ter\u00fcleteket!<\/p>\n<p>Nem baj, ha n\u00e9ha szomor\u00fa, d\u00fch\u00f6s vagy csal\u00f3dott vagy. Jobb, ha nem hagyod, hogy a negat\u00edv \u00e9rz\u00e9sek felhalmoz\u00f3djanak benned. Emberi l\u00e9nyk\u00e9nt norm\u00e1lis, ha megk\u00e9rd\u0151jelezz\u00fck magunkat \u00e9s azt, hogy mit csin\u00e1lunk az \u00e9let\u00fcnkkel. A legjobb, amit tehetsz, hogy sz\u00e1nsz egy kis id\u0151t az \u00e9rzelmek feldolgoz\u00e1s\u00e1ra. N\u00e9ha ez nagyon egyszer\u0171, n\u00e9ha pedig nehezebb.<\/p>\n<h2><strong>Ne felejts el \u00f6r\u00fclni m\u00e1sok siker\u00e9nek!<\/strong><\/h2>\n<p>Fontos, hogy ne csak a saj\u00e1t sikeredre koncentr\u00e1lj! Mindig inspir\u00e1lnak a k\u00f6r\u00fcl\u00f6ttem l\u00e9v\u0151k, akik arra t\u00f6rekednek, hogy a legjobbak legyenek. A siker az odaad\u00e1s, a kem\u00e9ny munka, a felk\u00e9sz\u00fcl\u00e9si folyamatba vetett bizalom, a hit \u00e9s a hatalmas mennyis\u00e9g\u0171 szerencse kombin\u00e1ci\u00f3ja. Ha minden t\u00e9nyez\u0151 \u00f6sszhangba ker\u00fcl, akkor t\u00f6rt\u00e9nik a var\u00e1zslat.<\/p>\n<h2><strong>Minden okkal t\u00f6rt\u00e9nik. Elj\u00f6n a te id\u0151d is.<\/strong><\/h2>\n<p>A kudarcokb\u00f3l el\u0151nyt kov\u00e1csolhatsz, ha mindig fel\u00e1llsz \u00e9s folytatod azt, amit szenved\u00e9lyesen szeretsz csin\u00e1lni. Ez a n\u00f6veked\u00e9si folyamat jelzi, hogy mennyire fontos ez neked. Ha minden k\u00f6nnyen menne, hamar unatkozni kezden\u00e9l!<\/p>\n<p>Elemezd, hogy mit rontott\u00e1l el, \u00e9s tanulj a hib\u00e1idb\u00f3l. \u00c9ld \u00e1t \u00fajra azokat a pillanatokat, amikor m\u00e1shogy is d\u00f6nthett\u00e9l volna! Ha tudsz \u00fagy kritik\u00e1t elfogadni, hogy nem veszed magadra, nagyon sokat tanulhatsz bel\u0151le.<\/p>\n<h2><strong>Ne f\u00e9lj a szeretteidre t\u00e1maszkodni!<\/strong><\/h2>\n<p>A t\u00e1mogat\u00f3 h\u00e1l\u00f3m n\u00e9lk\u00fcl nem tartan\u00e9k ott, ahol most vagyok. A csal\u00e1d, a bar\u00e1tok \u00e9s a partnerek \u00f3ri\u00e1si szerepet j\u00e1tszanak minden sportol\u00f3 j\u00f3l\u00e9t\u00e9ben! Senki sem \u00e9rt meg jobban, mint az, aki szeret \u00e9s t\u00f6r\u0151dik veled. Vannak dolgok, amikr\u0151l egyszer\u0171en nem besz\u00e9lhetsz csapaton bel\u00fcl, hiszen nagyon fontos, milyen energi\u00e1t k\u00f6zvet\u00edtesz. De ha van valaki, akinek elmondhatod, \u00e9s egy m\u00e1sik n\u00e9z\u0151pontb\u00f3l tud tekinteni az eg\u00e9szre, seg\u00edthet tiszt\u00e1bban l\u00e1tni a dolgokat.<\/p>\n","protected":false},"excerpt":{"rendered":"<p>A k\u00f6z\u00f6ss\u00e9gi m\u00e9di\u00e1b\u00f3l \u00e9s a h\u00edrad\u00e1sokb\u00f3l megszoktuk, hogy a sportol\u00f3kat teljes\u00edtm\u00e9ny\u00fck cs\u00facs\u00e1n l\u00e1tjuk. K\u00f6nny\u0171 boldognak lenni, amikor \u00e9pp nyersz, de [&hellip;]<\/p>\n","protected":false},"author":71,"featured_media":15218,"comment_status":"open","ping_status":"open","sticky":false,"template":"","format":"standard","meta":{"footnotes":""},"categories":[12],"tags":[],"global-categories":[],"class_list":["post-15216","post","type-post","status-publish","format-standard","has-post-thumbnail","hentry","category-kozosseg-es-kultura"],"yoast_head":"<!-- This site is optimized with the Yoast SEO Premium plugin v25.3 (Yoast SEO v25.9) - https:\/\/yoast.com\/wordpress\/plugins\/seo\/ -->\n<title>Kasia Niewadoma: \u00edgy tal\u00e1ld meg egy kudarc ut\u00e1n \u00fajra a motiv\u00e1ci\u00f3d!<\/title>\n<meta name=\"description\" content=\"A k\u00f6z\u00f6ss\u00e9gi m\u00e9di\u00e1b\u00f3l \u00e9s a h\u00edrad\u00e1sokb\u00f3l megszoktuk, hogy a sportol\u00f3kat teljes\u00edtm\u00e9ny\u00fck cs\u00facs\u00e1n l\u00e1tjuk. K\u00f6nny\u0171 boldognak lenni, amikor \u00e9pp nyersz, de mi a helyzet az \u00f6sszes t\u00f6bbi versenynappal, amikor nem \u00fagy siker\u00fclnek a dolgok, ahogy szeretn\u00e9d? A kudarc ut\u00e1ni motiv\u00e1ci\u00f3 l\u00e9tfontoss\u00e1g\u00fa minden sportol\u00f3 sz\u00e1m\u00e1ra, de a mindennapi \u00e9letben is. Ez\u00e9rt d\u00f6nt\u00f6tt \u00fagy Kasia, hogy megosztja tapasztalatait, abban a rem\u00e9nyben, hogy m\u00e1sokat is inspir\u00e1l, \u00e9s hozz\u00e1j\u00e1rul a kudarc szerep\u00e9nek jobb meg\u00e9rt\u00e9s\u00e9hez.\" \/>\n<meta name=\"robots\" content=\"index, follow, max-snippet:-1, max-image-preview:large, max-video-preview:-1\" \/>\n<link rel=\"canonical\" href=\"https:\/\/www.welovecycling.com\/hu\/kozosseg-es-kultura\/kasia-niewadoma-igy-talald-meg-egy-kudarc-utan-ujra-a-motivaciod\/\" \/>\n<meta property=\"og:locale\" content=\"hu_HU\" \/>\n<meta property=\"og:type\" content=\"article\" \/>\n<meta property=\"og:title\" content=\"Kasia Niewadoma: \u00edgy tal\u00e1ld meg egy kudarc ut\u00e1n \u00fajra a motiv\u00e1ci\u00f3d!\" \/>\n<meta property=\"og:description\" content=\"A k\u00f6z\u00f6ss\u00e9gi m\u00e9di\u00e1b\u00f3l \u00e9s a h\u00edrad\u00e1sokb\u00f3l megszoktuk, hogy a sportol\u00f3kat teljes\u00edtm\u00e9ny\u00fck cs\u00facs\u00e1n l\u00e1tjuk. K\u00f6nny\u0171 boldognak lenni, amikor \u00e9pp nyersz, de mi a helyzet az \u00f6sszes t\u00f6bbi versenynappal, amikor nem \u00fagy siker\u00fclnek a dolgok, ahogy szeretn\u00e9d? A kudarc ut\u00e1ni motiv\u00e1ci\u00f3 l\u00e9tfontoss\u00e1g\u00fa minden sportol\u00f3 sz\u00e1m\u00e1ra, de a mindennapi \u00e9letben is. Ez\u00e9rt d\u00f6nt\u00f6tt \u00fagy Kasia, hogy megosztja tapasztalatait, abban a rem\u00e9nyben, hogy m\u00e1sokat is inspir\u00e1l, \u00e9s hozz\u00e1j\u00e1rul a kudarc szerep\u00e9nek jobb meg\u00e9rt\u00e9s\u00e9hez.\" \/>\n<meta property=\"og:url\" content=\"https:\/\/www.welovecycling.com\/hu\/kozosseg-es-kultura\/kasia-niewadoma-igy-talald-meg-egy-kudarc-utan-ujra-a-motivaciod\/\" \/>\n<meta property=\"og:site_name\" content=\"\u0160koda We Love Cycling - Magyarorsz\u00e1g\" \/>\n<meta property=\"article:publisher\" content=\"https:\/\/www.facebook.com\/WeLoveCyclingHungary\/\" \/>\n<meta property=\"article:published_time\" content=\"2022-06-20T06:00:16+00:00\" \/>\n<meta property=\"og:image\" content=\"https:\/\/d2p6e6u75xmxt8.cloudfront.net\/12\/2022\/06\/Kasia-Niewiadoma-profimedia-0447866964-CVR.jpg\" \/>\n\t<meta property=\"og:image:width\" content=\"990\" \/>\n\t<meta property=\"og:image:height\" content=\"660\" \/>\n\t<meta property=\"og:image:type\" content=\"image\/jpeg\" \/>\n<meta name=\"author\" content=\"hegyizs\" \/>\n<meta name=\"twitter:card\" content=\"summary_large_image\" \/>\n<meta name=\"twitter:label1\" content=\"Written by\" \/>\n\t<meta name=\"twitter:data1\" content=\"Kasia Niewiadoma\" \/>\n\t<meta name=\"twitter:label2\" content=\"Est. reading time\" \/>\n\t<meta name=\"twitter:data2\" content=\"7\" \/>\n<script type=\"application\/ld+json\" class=\"yoast-schema-graph\">{\"@context\":\"https:\/\/schema.org\",\"@graph\":[{\"@type\":\"WebPage\",\"@id\":\"https:\/\/www.welovecycling.com\/hu\/kozosseg-es-kultura\/kasia-niewadoma-igy-talald-meg-egy-kudarc-utan-ujra-a-motivaciod\/\",\"url\":\"https:\/\/www.welovecycling.com\/hu\/kozosseg-es-kultura\/kasia-niewadoma-igy-talald-meg-egy-kudarc-utan-ujra-a-motivaciod\/\",\"name\":\"Kasia Niewadoma: \u00edgy tal\u00e1ld meg egy kudarc ut\u00e1n \u00fajra a motiv\u00e1ci\u00f3d!\",\"isPartOf\":{\"@id\":\"https:\/\/www.welovecycling.com\/hu\/#website\"},\"primaryImageOfPage\":{\"@id\":\"https:\/\/www.welovecycling.com\/hu\/kozosseg-es-kultura\/kasia-niewadoma-igy-talald-meg-egy-kudarc-utan-ujra-a-motivaciod\/#primaryimage\"},\"image\":{\"@id\":\"https:\/\/www.welovecycling.com\/hu\/kozosseg-es-kultura\/kasia-niewadoma-igy-talald-meg-egy-kudarc-utan-ujra-a-motivaciod\/#primaryimage\"},\"thumbnailUrl\":\"https:\/\/d2p6e6u75xmxt8.cloudfront.net\/12\/2022\/06\/Kasia-Niewiadoma-profimedia-0447866964-CVR.jpg\",\"datePublished\":\"2022-06-20T06:00:16+00:00\",\"author\":{\"@id\":\"https:\/\/www.welovecycling.com\/hu\/#\/schema\/person\/414a2aebf1801691a5320edb6468e194\"},\"description\":\"A k\u00f6z\u00f6ss\u00e9gi m\u00e9di\u00e1b\u00f3l \u00e9s a h\u00edrad\u00e1sokb\u00f3l megszoktuk, hogy a sportol\u00f3kat teljes\u00edtm\u00e9ny\u00fck cs\u00facs\u00e1n l\u00e1tjuk. K\u00f6nny\u0171 boldognak lenni, amikor \u00e9pp nyersz, de mi a helyzet az \u00f6sszes t\u00f6bbi versenynappal, amikor nem \u00fagy siker\u00fclnek a dolgok, ahogy szeretn\u00e9d? A kudarc ut\u00e1ni motiv\u00e1ci\u00f3 l\u00e9tfontoss\u00e1g\u00fa minden sportol\u00f3 sz\u00e1m\u00e1ra, de a mindennapi \u00e9letben is. Ez\u00e9rt d\u00f6nt\u00f6tt \u00fagy Kasia, hogy megosztja tapasztalatait, abban a rem\u00e9nyben, hogy m\u00e1sokat is inspir\u00e1l, \u00e9s hozz\u00e1j\u00e1rul a kudarc szerep\u00e9nek jobb meg\u00e9rt\u00e9s\u00e9hez.\",\"breadcrumb\":{\"@id\":\"https:\/\/www.welovecycling.com\/hu\/kozosseg-es-kultura\/kasia-niewadoma-igy-talald-meg-egy-kudarc-utan-ujra-a-motivaciod\/#breadcrumb\"},\"inLanguage\":\"hu\",\"potentialAction\":[{\"@type\":\"ReadAction\",\"target\":[\"https:\/\/www.welovecycling.com\/hu\/kozosseg-es-kultura\/kasia-niewadoma-igy-talald-meg-egy-kudarc-utan-ujra-a-motivaciod\/\"]}]},{\"@type\":\"ImageObject\",\"inLanguage\":\"hu\",\"@id\":\"https:\/\/www.welovecycling.com\/hu\/kozosseg-es-kultura\/kasia-niewadoma-igy-talald-meg-egy-kudarc-utan-ujra-a-motivaciod\/#primaryimage\",\"url\":\"https:\/\/d2p6e6u75xmxt8.cloudfront.net\/12\/2022\/06\/Kasia-Niewiadoma-profimedia-0447866964-CVR.jpg\",\"contentUrl\":\"https:\/\/d2p6e6u75xmxt8.cloudfront.net\/12\/2022\/06\/Kasia-Niewiadoma-profimedia-0447866964-CVR.jpg\",\"width\":990,\"height\":660,\"caption\":\"Kasia Niewiadoma\"},{\"@type\":\"BreadcrumbList\",\"@id\":\"https:\/\/www.welovecycling.com\/hu\/kozosseg-es-kultura\/kasia-niewadoma-igy-talald-meg-egy-kudarc-utan-ujra-a-motivaciod\/#breadcrumb\",\"itemListElement\":[{\"@type\":\"ListItem\",\"position\":1,\"name\":\"Home\",\"item\":\"https:\/\/www.welovecycling.com\/hu\/\"},{\"@type\":\"ListItem\",\"position\":2,\"name\":\"Kasia Niewadoma: \u00edgy tal\u00e1ld meg egy kudarc ut\u00e1n \u00fajra a motiv\u00e1ci\u00f3d!\"}]},{\"@type\":\"WebSite\",\"@id\":\"https:\/\/www.welovecycling.com\/hu\/#website\",\"url\":\"https:\/\/www.welovecycling.com\/hu\/\",\"name\":\"\u0160koda We Love Cycling - Magyarorsz\u00e1g\",\"description\":\"\u0160koda WeLoveCycling\",\"potentialAction\":[{\"@type\":\"SearchAction\",\"target\":{\"@type\":\"EntryPoint\",\"urlTemplate\":\"https:\/\/www.welovecycling.com\/hu\/?s={search_term_string}\"},\"query-input\":{\"@type\":\"PropertyValueSpecification\",\"valueRequired\":true,\"valueName\":\"search_term_string\"}}],\"inLanguage\":\"hu\"},{\"@type\":\"Person\",\"@id\":\"https:\/\/www.welovecycling.com\/hu\/#\/schema\/person\/414a2aebf1801691a5320edb6468e194\",\"name\":\"hegyizs\",\"image\":{\"@type\":\"ImageObject\",\"inLanguage\":\"hu\",\"@id\":\"https:\/\/www.welovecycling.com\/hu\/#\/schema\/person\/image\/\",\"url\":\"https:\/\/secure.gravatar.com\/avatar\/02cf8a7906b8cf90cecb4679defac7cfd33a1c2e3b88e4903d947f3bb58eedd3?s=96&d=mm&r=g\",\"contentUrl\":\"https:\/\/secure.gravatar.com\/avatar\/02cf8a7906b8cf90cecb4679defac7cfd33a1c2e3b88e4903d947f3bb58eedd3?s=96&d=mm&r=g\",\"caption\":\"hegyizs\"},\"url\":\"https:\/\/www.welovecycling.com\/hu\/author\/hegyizs\/\"}]}<\/script>\n<!-- \/ Yoast SEO Premium plugin. -->","yoast_head_json":{"title":"Kasia Niewadoma: \u00edgy tal\u00e1ld meg egy kudarc ut\u00e1n \u00fajra a motiv\u00e1ci\u00f3d!","description":"A k\u00f6z\u00f6ss\u00e9gi m\u00e9di\u00e1b\u00f3l \u00e9s a h\u00edrad\u00e1sokb\u00f3l megszoktuk, hogy a sportol\u00f3kat teljes\u00edtm\u00e9ny\u00fck cs\u00facs\u00e1n l\u00e1tjuk. K\u00f6nny\u0171 boldognak lenni, amikor \u00e9pp nyersz, de mi a helyzet az \u00f6sszes t\u00f6bbi versenynappal, amikor nem \u00fagy siker\u00fclnek a dolgok, ahogy szeretn\u00e9d? A kudarc ut\u00e1ni motiv\u00e1ci\u00f3 l\u00e9tfontoss\u00e1g\u00fa minden sportol\u00f3 sz\u00e1m\u00e1ra, de a mindennapi \u00e9letben is. Ez\u00e9rt d\u00f6nt\u00f6tt \u00fagy Kasia, hogy megosztja tapasztalatait, abban a rem\u00e9nyben, hogy m\u00e1sokat is inspir\u00e1l, \u00e9s hozz\u00e1j\u00e1rul a kudarc szerep\u00e9nek jobb meg\u00e9rt\u00e9s\u00e9hez.","robots":{"index":"index","follow":"follow","max-snippet":"max-snippet:-1","max-image-preview":"max-image-preview:large","max-video-preview":"max-video-preview:-1"},"canonical":"https:\/\/www.welovecycling.com\/hu\/kozosseg-es-kultura\/kasia-niewadoma-igy-talald-meg-egy-kudarc-utan-ujra-a-motivaciod\/","og_locale":"hu_HU","og_type":"article","og_title":"Kasia Niewadoma: \u00edgy tal\u00e1ld meg egy kudarc ut\u00e1n \u00fajra a motiv\u00e1ci\u00f3d!","og_description":"A k\u00f6z\u00f6ss\u00e9gi m\u00e9di\u00e1b\u00f3l \u00e9s a h\u00edrad\u00e1sokb\u00f3l megszoktuk, hogy a sportol\u00f3kat teljes\u00edtm\u00e9ny\u00fck cs\u00facs\u00e1n l\u00e1tjuk. K\u00f6nny\u0171 boldognak lenni, amikor \u00e9pp nyersz, de mi a helyzet az \u00f6sszes t\u00f6bbi versenynappal, amikor nem \u00fagy siker\u00fclnek a dolgok, ahogy szeretn\u00e9d? A kudarc ut\u00e1ni motiv\u00e1ci\u00f3 l\u00e9tfontoss\u00e1g\u00fa minden sportol\u00f3 sz\u00e1m\u00e1ra, de a mindennapi \u00e9letben is. Ez\u00e9rt d\u00f6nt\u00f6tt \u00fagy Kasia, hogy megosztja tapasztalatait, abban a rem\u00e9nyben, hogy m\u00e1sokat is inspir\u00e1l, \u00e9s hozz\u00e1j\u00e1rul a kudarc szerep\u00e9nek jobb meg\u00e9rt\u00e9s\u00e9hez.","og_url":"https:\/\/www.welovecycling.com\/hu\/kozosseg-es-kultura\/kasia-niewadoma-igy-talald-meg-egy-kudarc-utan-ujra-a-motivaciod\/","og_site_name":"\u0160koda We Love Cycling - Magyarorsz\u00e1g","article_publisher":"https:\/\/www.facebook.com\/WeLoveCyclingHungary\/","article_published_time":"2022-06-20T06:00:16+00:00","og_image":[{"width":990,"height":660,"url":"https:\/\/d2p6e6u75xmxt8.cloudfront.net\/12\/2022\/06\/Kasia-Niewiadoma-profimedia-0447866964-CVR.jpg","type":"image\/jpeg"}],"author":"hegyizs","twitter_card":"summary_large_image","twitter_misc":{"Written by":"Kasia Niewiadoma","Est. reading time":"7"},"schema":{"@context":"https:\/\/schema.org","@graph":[{"@type":"WebPage","@id":"https:\/\/www.welovecycling.com\/hu\/kozosseg-es-kultura\/kasia-niewadoma-igy-talald-meg-egy-kudarc-utan-ujra-a-motivaciod\/","url":"https:\/\/www.welovecycling.com\/hu\/kozosseg-es-kultura\/kasia-niewadoma-igy-talald-meg-egy-kudarc-utan-ujra-a-motivaciod\/","name":"Kasia Niewadoma: \u00edgy tal\u00e1ld meg egy kudarc ut\u00e1n \u00fajra a motiv\u00e1ci\u00f3d!","isPartOf":{"@id":"https:\/\/www.welovecycling.com\/hu\/#website"},"primaryImageOfPage":{"@id":"https:\/\/www.welovecycling.com\/hu\/kozosseg-es-kultura\/kasia-niewadoma-igy-talald-meg-egy-kudarc-utan-ujra-a-motivaciod\/#primaryimage"},"image":{"@id":"https:\/\/www.welovecycling.com\/hu\/kozosseg-es-kultura\/kasia-niewadoma-igy-talald-meg-egy-kudarc-utan-ujra-a-motivaciod\/#primaryimage"},"thumbnailUrl":"https:\/\/d2p6e6u75xmxt8.cloudfront.net\/12\/2022\/06\/Kasia-Niewiadoma-profimedia-0447866964-CVR.jpg","datePublished":"2022-06-20T06:00:16+00:00","author":{"@id":"https:\/\/www.welovecycling.com\/hu\/#\/schema\/person\/414a2aebf1801691a5320edb6468e194"},"description":"A k\u00f6z\u00f6ss\u00e9gi m\u00e9di\u00e1b\u00f3l \u00e9s a h\u00edrad\u00e1sokb\u00f3l megszoktuk, hogy a sportol\u00f3kat teljes\u00edtm\u00e9ny\u00fck cs\u00facs\u00e1n l\u00e1tjuk. K\u00f6nny\u0171 boldognak lenni, amikor \u00e9pp nyersz, de mi a helyzet az \u00f6sszes t\u00f6bbi versenynappal, amikor nem \u00fagy siker\u00fclnek a dolgok, ahogy szeretn\u00e9d? A kudarc ut\u00e1ni motiv\u00e1ci\u00f3 l\u00e9tfontoss\u00e1g\u00fa minden sportol\u00f3 sz\u00e1m\u00e1ra, de a mindennapi \u00e9letben is. Ez\u00e9rt d\u00f6nt\u00f6tt \u00fagy Kasia, hogy megosztja tapasztalatait, abban a rem\u00e9nyben, hogy m\u00e1sokat is inspir\u00e1l, \u00e9s hozz\u00e1j\u00e1rul a kudarc szerep\u00e9nek jobb meg\u00e9rt\u00e9s\u00e9hez.","breadcrumb":{"@id":"https:\/\/www.welovecycling.com\/hu\/kozosseg-es-kultura\/kasia-niewadoma-igy-talald-meg-egy-kudarc-utan-ujra-a-motivaciod\/#breadcrumb"},"inLanguage":"hu","potentialAction":[{"@type":"ReadAction","target":["https:\/\/www.welovecycling.com\/hu\/kozosseg-es-kultura\/kasia-niewadoma-igy-talald-meg-egy-kudarc-utan-ujra-a-motivaciod\/"]}]},{"@type":"ImageObject","inLanguage":"hu","@id":"https:\/\/www.welovecycling.com\/hu\/kozosseg-es-kultura\/kasia-niewadoma-igy-talald-meg-egy-kudarc-utan-ujra-a-motivaciod\/#primaryimage","url":"https:\/\/d2p6e6u75xmxt8.cloudfront.net\/12\/2022\/06\/Kasia-Niewiadoma-profimedia-0447866964-CVR.jpg","contentUrl":"https:\/\/d2p6e6u75xmxt8.cloudfront.net\/12\/2022\/06\/Kasia-Niewiadoma-profimedia-0447866964-CVR.jpg","width":990,"height":660,"caption":"Kasia Niewiadoma"},{"@type":"BreadcrumbList","@id":"https:\/\/www.welovecycling.com\/hu\/kozosseg-es-kultura\/kasia-niewadoma-igy-talald-meg-egy-kudarc-utan-ujra-a-motivaciod\/#breadcrumb","itemListElement":[{"@type":"ListItem","position":1,"name":"Home","item":"https:\/\/www.welovecycling.com\/hu\/"},{"@type":"ListItem","position":2,"name":"Kasia Niewadoma: \u00edgy tal\u00e1ld meg egy kudarc ut\u00e1n \u00fajra a motiv\u00e1ci\u00f3d!"}]},{"@type":"WebSite","@id":"https:\/\/www.welovecycling.com\/hu\/#website","url":"https:\/\/www.welovecycling.com\/hu\/","name":"\u0160koda We Love Cycling - Magyarorsz\u00e1g","description":"\u0160koda WeLoveCycling","potentialAction":[{"@type":"SearchAction","target":{"@type":"EntryPoint","urlTemplate":"https:\/\/www.welovecycling.com\/hu\/?s={search_term_string}"},"query-input":{"@type":"PropertyValueSpecification","valueRequired":true,"valueName":"search_term_string"}}],"inLanguage":"hu"},{"@type":"Person","@id":"https:\/\/www.welovecycling.com\/hu\/#\/schema\/person\/414a2aebf1801691a5320edb6468e194","name":"hegyizs","image":{"@type":"ImageObject","inLanguage":"hu","@id":"https:\/\/www.welovecycling.com\/hu\/#\/schema\/person\/image\/","url":"https:\/\/secure.gravatar.com\/avatar\/02cf8a7906b8cf90cecb4679defac7cfd33a1c2e3b88e4903d947f3bb58eedd3?s=96&d=mm&r=g","contentUrl":"https:\/\/secure.gravatar.com\/avatar\/02cf8a7906b8cf90cecb4679defac7cfd33a1c2e3b88e4903d947f3bb58eedd3?s=96&d=mm&r=g","caption":"hegyizs"},"url":"https:\/\/www.welovecycling.com\/hu\/author\/hegyizs\/"}]}},"_links":{"self":[{"href":"https:\/\/www.welovecycling.com\/hu\/wp-json\/wp\/v2\/posts\/15216","targetHints":{"allow":["GET"]}}],"collection":[{"href":"https:\/\/www.welovecycling.com\/hu\/wp-json\/wp\/v2\/posts"}],"about":[{"href":"https:\/\/www.welovecycling.com\/hu\/wp-json\/wp\/v2\/types\/post"}],"author":[{"embeddable":true,"href":"https:\/\/www.welovecycling.com\/hu\/wp-json\/wp\/v2\/users\/71"}],"replies":[{"embeddable":true,"href":"https:\/\/www.welovecycling.com\/hu\/wp-json\/wp\/v2\/comments?post=15216"}],"version-history":[{"count":2,"href":"https:\/\/www.welovecycling.com\/hu\/wp-json\/wp\/v2\/posts\/15216\/revisions"}],"predecessor-version":[{"id":15229,"href":"https:\/\/www.welovecycling.com\/hu\/wp-json\/wp\/v2\/posts\/15216\/revisions\/15229"}],"wp:featuredmedia":[{"embeddable":true,"href":"https:\/\/www.welovecycling.com\/hu\/wp-json\/wp\/v2\/media\/15218"}],"wp:attachment":[{"href":"https:\/\/www.welovecycling.com\/hu\/wp-json\/wp\/v2\/media?parent=15216"}],"wp:term":[{"taxonomy":"category","embeddable":true,"href":"https:\/\/www.welovecycling.com\/hu\/wp-json\/wp\/v2\/categories?post=15216"},{"taxonomy":"post_tag","embeddable":true,"href":"https:\/\/www.welovecycling.com\/hu\/wp-json\/wp\/v2\/tags?post=15216"},{"taxonomy":"global-categories","embeddable":true,"href":"https:\/\/www.welovecycling.com\/hu\/wp-json\/wp\/v2\/global-categories?post=15216"}],"curies":[{"name":"wp","href":"https:\/\/api.w.org\/{rel}","templated":true}]}}