{"id":15207,"date":"2022-06-15T08:00:41","date_gmt":"2022-06-15T06:00:41","guid":{"rendered":"https:\/\/www.welovecycling.com\/hu\/?p=15207"},"modified":"2022-06-10T14:28:49","modified_gmt":"2022-06-10T12:28:49","slug":"koppenhaga-hangjai-es-egy-e-cargo-bicikli","status":"publish","type":"post","link":"https:\/\/www.welovecycling.com\/hu\/kozosseg-es-kultura\/koppenhaga-hangjai-es-egy-e-cargo-bicikli\/","title":{"rendered":"Koppenh\u00e1ga hangjai \u00e9s egy E-Cargo bicikli"},"content":{"rendered":"<p><strong>Hallgasd! A tenger hull\u00e1mai a m\u00f3l\u00f3nak csap\u00f3dnak, a d\u0171n\u00e9ken szalmasz\u00e1lak zizegnek a sz\u00e9lben, az es\u0151cseppek pocsoly\u00e1kba ver\u0151dnek az \u00faton. Mindezek k\u00f6zep\u00e9n pedig Sofie Birch \u00e1ll sz\u0151rm\u00e9s mikrofonj\u00e1val. A koppenh\u00e1gai zenei producert \u00e9s DJ-t mindenekel\u0151tt egy dolog \u00e9rdekli: a k\u00f6r\u00fcl\u00f6tte l\u00e9v\u0151 hangok. A term\u00e9szet csendje \u00e9s sz\u00fcl\u0151v\u00e1ros\u00e1nak zaja k\u00f6z\u00f6tt minden hangot r\u00f6gz\u00edt \u00e9s m\u0171v\u00e9szi kompoz\u00edci\u00f3kk\u00e1 alak\u00edt \u00e1t. Az eredm\u00e9ny finom, dallamos \u00e9s egyedi.<\/strong><\/p>\n<p><!--more--><\/p>\n<p>Sofie Birch egy e-cargo bicajon \u00fclve fedezi fel a hangokat, ami a lehet\u0151 legfenntarthat\u00f3bb \u00e9s leggyorsabb k\u00f6zleked\u00e9si eszk\u00f6z, amire szert tehetett. Koppenh\u00e1ga 2005 \u00f3ta mintegy 135 milli\u00f3 eur\u00f3t fektetett be a biciklis infrastrukt\u00far\u00e1ba, \u00edgy a vil\u00e1g egyik legprogressz\u00edvebb \u00e9s biciklibar\u00e1tabb v\u00e1rosa lett.<\/p>\n<figure id=\"attachment_15208\" aria-describedby=\"caption-attachment-15208\" style=\"width: 1005px\" class=\"wp-caption alignnone\"><a href=\"https:\/\/d2p6e6u75xmxt8.cloudfront.net\/12\/2022\/06\/sofie_birch4-1.jpg\"><img loading=\"lazy\" decoding=\"async\" class=\"wp-image-15208 size-full\" src=\"https:\/\/d2p6e6u75xmxt8.cloudfront.net\/12\/2022\/06\/sofie_birch4-1.jpg\" alt=\"Sofie Birch\" width=\"1005\" height=\"670\" srcset=\"https:\/\/d2p6e6u75xmxt8.cloudfront.net\/12\/2022\/06\/sofie_birch4-1.jpg 1005w, https:\/\/d2p6e6u75xmxt8.cloudfront.net\/12\/2022\/06\/sofie_birch4-1-300x200.jpg 300w, https:\/\/d2p6e6u75xmxt8.cloudfront.net\/12\/2022\/06\/sofie_birch4-1-768x512.jpg 768w, https:\/\/d2p6e6u75xmxt8.cloudfront.net\/12\/2022\/06\/sofie_birch4-1-272x182.jpg 272w\" sizes=\"auto, (max-width: 1005px) 100vw, 1005px\" \/><\/a><figcaption id=\"caption-attachment-15208\" class=\"wp-caption-text\">\u00a9 Sofie Birch<\/figcaption><\/figure>\n<p>Az e-cargo ker\u00e9kp\u00e1rok ir\u00e1nt egyre nagyobb az \u00e9rdekl\u0151d\u00e9s Koppenh\u00e1g\u00e1n k\u00edv\u00fcl m\u00e1s v\u00e1rosokban is. A n\u00e9met piac p\u00e9ld\u00e1ul \u00faj rekordokat d\u00f6nt\u00f6get. A 2021-ben eladott k\u00e9tmilli\u00f3 elektromos ker\u00e9kp\u00e1rb\u00f3l 120 000 volt e-cargo, azaz elektromos meghajt\u00e1s\u00fa teherbringa.<\/p>\n<p>A Bosch eBike Systems hajt\u00e1ssal felszerelt Cargo Line bicikli Sofie sz\u00e1m\u00e1ra rengeteg apr\u00f3 \u00f6r\u00f6m\u00f6t k\u00edn\u00e1l. Amellett, hogy a teljes audiofelszerel\u00e9s elf\u00e9r rajta, a korm\u00e1nyon l\u00e9v\u0151 kijelz\u0151n l\u00e1that\u00f3, hogy milyen gyorsan halad, milyen messzire jutott, vagy mekkora a hat\u00f3t\u00e1vols\u00e1g az aktu\u00e1lis akkumul\u00e1tor kapacit\u00e1s\u00e1hoz k\u00e9pest, \u00edgy Sofie biztos lehet abban, hogy nem fogy ki az \u00e1ram a hossz\u00fa tengerparti utaz\u00e1sai sor\u00e1n.<\/p>\n<figure id=\"attachment_15209\" aria-describedby=\"caption-attachment-15209\" style=\"width: 1094px\" class=\"wp-caption alignnone\"><a href=\"https:\/\/d2p6e6u75xmxt8.cloudfront.net\/12\/2022\/06\/sofie_birch6-1.jpg\"><img loading=\"lazy\" decoding=\"async\" class=\"wp-image-15209 size-full\" src=\"https:\/\/d2p6e6u75xmxt8.cloudfront.net\/12\/2022\/06\/sofie_birch6-1.jpg\" alt=\"Sofie Birch\" width=\"1094\" height=\"616\" srcset=\"https:\/\/d2p6e6u75xmxt8.cloudfront.net\/12\/2022\/06\/sofie_birch6-1.jpg 1094w, https:\/\/d2p6e6u75xmxt8.cloudfront.net\/12\/2022\/06\/sofie_birch6-1-300x169.jpg 300w, https:\/\/d2p6e6u75xmxt8.cloudfront.net\/12\/2022\/06\/sofie_birch6-1-1024x577.jpg 1024w, https:\/\/d2p6e6u75xmxt8.cloudfront.net\/12\/2022\/06\/sofie_birch6-1-768x432.jpg 768w\" sizes=\"auto, (max-width: 1094px) 100vw, 1094px\" \/><\/a><figcaption id=\"caption-attachment-15209\" class=\"wp-caption-text\">\u00a9 Sofie Birch<\/figcaption><\/figure>\n<p>A digit\u00e1lis navig\u00e1ci\u00f3 m\u00e1r sokszor j\u00f6tt j\u00f3l neki az \u00faton. Sofie szereti az offline t\u00e9rk\u00e9peket haszn\u00e1lni, hogy k\u00f6nnyen \u00e9s biztons\u00e1gosan eljusson a c\u00e9l\u00e1llom\u00e1sra, m\u00e9g akkor is, ha elfogy a GSM-h\u00e1l\u00f3zat. A cargo elektromos ker\u00e9kp\u00e1r lehet\u0151v\u00e9 teszi sz\u00e1m\u00e1ra, hogy a v\u00e1ros hangjai k\u00f6z\u00f6tt cirk\u00e1ljon, mik\u00f6zben kreat\u00edv munk\u00e1t v\u00e9gez vagy a term\u00e9szet nyugalm\u00e1t \u00e9lvezi. Ugyanakkor minden napi feladat\u00e1t tiszt\u00e1n, k\u00f6rnyezetbar\u00e1t \u00e9s fenntarthat\u00f3 m\u00f3don v\u00e9gzi el. F\u00fcggetlen\u00fcl a cs\u00facsforgalomt\u00f3l vagy a buszmenetrendt\u0151l, Sofie felveszi a l\u00e1ny\u00e1t, vagy elmegy bev\u00e1s\u00e1rolni. A nap v\u00e9g\u00e9n a kijelz\u0151 mutatja neki, hogy mennyi p\u00e9nzt \u00e9s CO2-kibocs\u00e1t\u00e1st takar\u00edtott meg az elektromos bicikli haszn\u00e1lat\u00e1val.<\/p>\n<p><em>&#8220;A j\u00f6v\u0151re n\u00e9zve az a legnagyobb v\u00e1gyam, hogy z\u00f6ldebb v\u00e1rosokban \u00e9lj\u00fcnk. R\u00e1ad\u00e1sul az e-bike seg\u00edts\u00e9g\u00e9vel szinte minden m\u00e1sodik nap gy\u00f6ny\u00f6r\u0171 helyeket fedezhetek fel&#8221;<\/em> &#8211; mondta Sofie. Bevall\u00e1sa szerint m\u00e1r el sem tudja k\u00e9pzelni az \u00e9let\u00e9t az e-biciklije n\u00e9lk\u00fcl. &#8220;<em>Pontosan azt a szabads\u00e1got ny\u00fajtja nekem, amire sz\u00fcks\u00e9gem van a kreat\u00edv \u00e9letemhez.&#8221;<\/em><\/p>\n","protected":false},"excerpt":{"rendered":"<p>Hallgasd! A tenger hull\u00e1mai a m\u00f3l\u00f3nak csap\u00f3dnak, a d\u0171n\u00e9ken szalmasz\u00e1lak zizegnek a sz\u00e9lben, az es\u0151cseppek pocsoly\u00e1kba ver\u0151dnek az \u00faton. Mindezek [&hellip;]<\/p>\n","protected":false},"author":71,"featured_media":15211,"comment_status":"open","ping_status":"open","sticky":false,"template":"","format":"standard","meta":{"footnotes":""},"categories":[12],"tags":[],"global-categories":[],"class_list":["post-15207","post","type-post","status-publish","format-standard","has-post-thumbnail","hentry","category-kozosseg-es-kultura"],"yoast_head":"<!-- This site is optimized with the Yoast SEO Premium plugin v25.3 (Yoast SEO v25.9) - https:\/\/yoast.com\/wordpress\/plugins\/seo\/ -->\n<title>Koppenh\u00e1ga hangjai \u00e9s egy E-Cargo bicikli<\/title>\n<meta name=\"description\" content=\"Hallgasd! A tenger hull\u00e1mai a m\u00f3l\u00f3nak csap\u00f3dnak, a d\u0171n\u00e9ken szalmasz\u00e1lak zizegnek a sz\u00e9lben, az es\u0151cseppek pocsoly\u00e1kba ver\u0151dnek az \u00faton. Mindezek k\u00f6zep\u00e9n pedig Sofie Birch \u00e1ll sz\u0151rm\u00e9s mikrofonj\u00e1val. A koppenh\u00e1gai zenei producert \u00e9s DJ-t mindenekel\u0151tt egy dolog \u00e9rdekli: a k\u00f6r\u00fcl\u00f6tte l\u00e9v\u0151 hangok. A term\u00e9szet csendje \u00e9s sz\u00fcl\u0151v\u00e1ros\u00e1nak zaja k\u00f6z\u00f6tt minden hangot r\u00f6gz\u00edt \u00e9s m\u0171v\u00e9szi kompoz\u00edci\u00f3kk\u00e1 alak\u00edt \u00e1t. Az eredm\u00e9ny finom, dallamos \u00e9s egyedi.\" \/>\n<meta name=\"robots\" content=\"index, follow, max-snippet:-1, max-image-preview:large, max-video-preview:-1\" \/>\n<link rel=\"canonical\" href=\"https:\/\/www.welovecycling.com\/hu\/kozosseg-es-kultura\/koppenhaga-hangjai-es-egy-e-cargo-bicikli\/\" \/>\n<meta property=\"og:locale\" content=\"hu_HU\" \/>\n<meta property=\"og:type\" content=\"article\" \/>\n<meta property=\"og:title\" content=\"Koppenh\u00e1ga hangjai \u00e9s egy E-Cargo bicikli\" \/>\n<meta property=\"og:description\" content=\"Hallgasd! A tenger hull\u00e1mai a m\u00f3l\u00f3nak csap\u00f3dnak, a d\u0171n\u00e9ken szalmasz\u00e1lak zizegnek a sz\u00e9lben, az es\u0151cseppek pocsoly\u00e1kba ver\u0151dnek az \u00faton. Mindezek k\u00f6zep\u00e9n pedig Sofie Birch \u00e1ll sz\u0151rm\u00e9s mikrofonj\u00e1val. A koppenh\u00e1gai zenei producert \u00e9s DJ-t mindenekel\u0151tt egy dolog \u00e9rdekli: a k\u00f6r\u00fcl\u00f6tte l\u00e9v\u0151 hangok. A term\u00e9szet csendje \u00e9s sz\u00fcl\u0151v\u00e1ros\u00e1nak zaja k\u00f6z\u00f6tt minden hangot r\u00f6gz\u00edt \u00e9s m\u0171v\u00e9szi kompoz\u00edci\u00f3kk\u00e1 alak\u00edt \u00e1t. Az eredm\u00e9ny finom, dallamos \u00e9s egyedi.\" \/>\n<meta property=\"og:url\" content=\"https:\/\/www.welovecycling.com\/hu\/kozosseg-es-kultura\/koppenhaga-hangjai-es-egy-e-cargo-bicikli\/\" \/>\n<meta property=\"og:site_name\" content=\"\u0160koda We Love Cycling - Magyarorsz\u00e1g\" \/>\n<meta property=\"article:publisher\" content=\"https:\/\/www.facebook.com\/WeLoveCyclingHungary\/\" \/>\n<meta property=\"article:published_time\" content=\"2022-06-15T06:00:41+00:00\" \/>\n<meta property=\"og:image\" content=\"https:\/\/d2p6e6u75xmxt8.cloudfront.net\/12\/2022\/06\/Sofie-Birch_CVR.jpg\" \/>\n\t<meta property=\"og:image:width\" content=\"990\" \/>\n\t<meta property=\"og:image:height\" content=\"660\" \/>\n\t<meta property=\"og:image:type\" content=\"image\/jpeg\" \/>\n<meta name=\"author\" content=\"hegyizs\" \/>\n<meta name=\"twitter:card\" content=\"summary_large_image\" \/>\n<meta name=\"twitter:label1\" content=\"Written by\" \/>\n\t<meta name=\"twitter:data1\" content=\"Adam Marsal\" \/>\n\t<meta name=\"twitter:label2\" content=\"Est. reading time\" \/>\n\t<meta name=\"twitter:data2\" content=\"5\" \/>\n<script type=\"application\/ld+json\" class=\"yoast-schema-graph\">{\"@context\":\"https:\/\/schema.org\",\"@graph\":[{\"@type\":\"WebPage\",\"@id\":\"https:\/\/www.welovecycling.com\/hu\/kozosseg-es-kultura\/koppenhaga-hangjai-es-egy-e-cargo-bicikli\/\",\"url\":\"https:\/\/www.welovecycling.com\/hu\/kozosseg-es-kultura\/koppenhaga-hangjai-es-egy-e-cargo-bicikli\/\",\"name\":\"Koppenh\u00e1ga hangjai \u00e9s egy E-Cargo bicikli\",\"isPartOf\":{\"@id\":\"https:\/\/www.welovecycling.com\/hu\/#website\"},\"primaryImageOfPage\":{\"@id\":\"https:\/\/www.welovecycling.com\/hu\/kozosseg-es-kultura\/koppenhaga-hangjai-es-egy-e-cargo-bicikli\/#primaryimage\"},\"image\":{\"@id\":\"https:\/\/www.welovecycling.com\/hu\/kozosseg-es-kultura\/koppenhaga-hangjai-es-egy-e-cargo-bicikli\/#primaryimage\"},\"thumbnailUrl\":\"https:\/\/d2p6e6u75xmxt8.cloudfront.net\/12\/2022\/06\/Sofie-Birch_CVR.jpg\",\"datePublished\":\"2022-06-15T06:00:41+00:00\",\"author\":{\"@id\":\"https:\/\/www.welovecycling.com\/hu\/#\/schema\/person\/414a2aebf1801691a5320edb6468e194\"},\"description\":\"Hallgasd! A tenger hull\u00e1mai a m\u00f3l\u00f3nak csap\u00f3dnak, a d\u0171n\u00e9ken szalmasz\u00e1lak zizegnek a sz\u00e9lben, az es\u0151cseppek pocsoly\u00e1kba ver\u0151dnek az \u00faton. Mindezek k\u00f6zep\u00e9n pedig Sofie Birch \u00e1ll sz\u0151rm\u00e9s mikrofonj\u00e1val. A koppenh\u00e1gai zenei producert \u00e9s DJ-t mindenekel\u0151tt egy dolog \u00e9rdekli: a k\u00f6r\u00fcl\u00f6tte l\u00e9v\u0151 hangok. A term\u00e9szet csendje \u00e9s sz\u00fcl\u0151v\u00e1ros\u00e1nak zaja k\u00f6z\u00f6tt minden hangot r\u00f6gz\u00edt \u00e9s m\u0171v\u00e9szi kompoz\u00edci\u00f3kk\u00e1 alak\u00edt \u00e1t. Az eredm\u00e9ny finom, dallamos \u00e9s egyedi.\",\"breadcrumb\":{\"@id\":\"https:\/\/www.welovecycling.com\/hu\/kozosseg-es-kultura\/koppenhaga-hangjai-es-egy-e-cargo-bicikli\/#breadcrumb\"},\"inLanguage\":\"hu\",\"potentialAction\":[{\"@type\":\"ReadAction\",\"target\":[\"https:\/\/www.welovecycling.com\/hu\/kozosseg-es-kultura\/koppenhaga-hangjai-es-egy-e-cargo-bicikli\/\"]}]},{\"@type\":\"ImageObject\",\"inLanguage\":\"hu\",\"@id\":\"https:\/\/www.welovecycling.com\/hu\/kozosseg-es-kultura\/koppenhaga-hangjai-es-egy-e-cargo-bicikli\/#primaryimage\",\"url\":\"https:\/\/d2p6e6u75xmxt8.cloudfront.net\/12\/2022\/06\/Sofie-Birch_CVR.jpg\",\"contentUrl\":\"https:\/\/d2p6e6u75xmxt8.cloudfront.net\/12\/2022\/06\/Sofie-Birch_CVR.jpg\",\"width\":990,\"height\":660,\"caption\":\"Sofie Birch\"},{\"@type\":\"BreadcrumbList\",\"@id\":\"https:\/\/www.welovecycling.com\/hu\/kozosseg-es-kultura\/koppenhaga-hangjai-es-egy-e-cargo-bicikli\/#breadcrumb\",\"itemListElement\":[{\"@type\":\"ListItem\",\"position\":1,\"name\":\"Home\",\"item\":\"https:\/\/www.welovecycling.com\/hu\/\"},{\"@type\":\"ListItem\",\"position\":2,\"name\":\"Koppenh\u00e1ga hangjai \u00e9s egy E-Cargo bicikli\"}]},{\"@type\":\"WebSite\",\"@id\":\"https:\/\/www.welovecycling.com\/hu\/#website\",\"url\":\"https:\/\/www.welovecycling.com\/hu\/\",\"name\":\"\u0160koda We Love Cycling - Magyarorsz\u00e1g\",\"description\":\"\u0160koda WeLoveCycling\",\"potentialAction\":[{\"@type\":\"SearchAction\",\"target\":{\"@type\":\"EntryPoint\",\"urlTemplate\":\"https:\/\/www.welovecycling.com\/hu\/?s={search_term_string}\"},\"query-input\":{\"@type\":\"PropertyValueSpecification\",\"valueRequired\":true,\"valueName\":\"search_term_string\"}}],\"inLanguage\":\"hu\"},{\"@type\":\"Person\",\"@id\":\"https:\/\/www.welovecycling.com\/hu\/#\/schema\/person\/414a2aebf1801691a5320edb6468e194\",\"name\":\"hegyizs\",\"image\":{\"@type\":\"ImageObject\",\"inLanguage\":\"hu\",\"@id\":\"https:\/\/www.welovecycling.com\/hu\/#\/schema\/person\/image\/\",\"url\":\"https:\/\/secure.gravatar.com\/avatar\/02cf8a7906b8cf90cecb4679defac7cfd33a1c2e3b88e4903d947f3bb58eedd3?s=96&d=mm&r=g\",\"contentUrl\":\"https:\/\/secure.gravatar.com\/avatar\/02cf8a7906b8cf90cecb4679defac7cfd33a1c2e3b88e4903d947f3bb58eedd3?s=96&d=mm&r=g\",\"caption\":\"hegyizs\"},\"url\":\"https:\/\/www.welovecycling.com\/hu\/author\/hegyizs\/\"}]}<\/script>\n<!-- \/ Yoast SEO Premium plugin. -->","yoast_head_json":{"title":"Koppenh\u00e1ga hangjai \u00e9s egy E-Cargo bicikli","description":"Hallgasd! A tenger hull\u00e1mai a m\u00f3l\u00f3nak csap\u00f3dnak, a d\u0171n\u00e9ken szalmasz\u00e1lak zizegnek a sz\u00e9lben, az es\u0151cseppek pocsoly\u00e1kba ver\u0151dnek az \u00faton. Mindezek k\u00f6zep\u00e9n pedig Sofie Birch \u00e1ll sz\u0151rm\u00e9s mikrofonj\u00e1val. A koppenh\u00e1gai zenei producert \u00e9s DJ-t mindenekel\u0151tt egy dolog \u00e9rdekli: a k\u00f6r\u00fcl\u00f6tte l\u00e9v\u0151 hangok. A term\u00e9szet csendje \u00e9s sz\u00fcl\u0151v\u00e1ros\u00e1nak zaja k\u00f6z\u00f6tt minden hangot r\u00f6gz\u00edt \u00e9s m\u0171v\u00e9szi kompoz\u00edci\u00f3kk\u00e1 alak\u00edt \u00e1t. Az eredm\u00e9ny finom, dallamos \u00e9s egyedi.","robots":{"index":"index","follow":"follow","max-snippet":"max-snippet:-1","max-image-preview":"max-image-preview:large","max-video-preview":"max-video-preview:-1"},"canonical":"https:\/\/www.welovecycling.com\/hu\/kozosseg-es-kultura\/koppenhaga-hangjai-es-egy-e-cargo-bicikli\/","og_locale":"hu_HU","og_type":"article","og_title":"Koppenh\u00e1ga hangjai \u00e9s egy E-Cargo bicikli","og_description":"Hallgasd! A tenger hull\u00e1mai a m\u00f3l\u00f3nak csap\u00f3dnak, a d\u0171n\u00e9ken szalmasz\u00e1lak zizegnek a sz\u00e9lben, az es\u0151cseppek pocsoly\u00e1kba ver\u0151dnek az \u00faton. Mindezek k\u00f6zep\u00e9n pedig Sofie Birch \u00e1ll sz\u0151rm\u00e9s mikrofonj\u00e1val. A koppenh\u00e1gai zenei producert \u00e9s DJ-t mindenekel\u0151tt egy dolog \u00e9rdekli: a k\u00f6r\u00fcl\u00f6tte l\u00e9v\u0151 hangok. A term\u00e9szet csendje \u00e9s sz\u00fcl\u0151v\u00e1ros\u00e1nak zaja k\u00f6z\u00f6tt minden hangot r\u00f6gz\u00edt \u00e9s m\u0171v\u00e9szi kompoz\u00edci\u00f3kk\u00e1 alak\u00edt \u00e1t. Az eredm\u00e9ny finom, dallamos \u00e9s egyedi.","og_url":"https:\/\/www.welovecycling.com\/hu\/kozosseg-es-kultura\/koppenhaga-hangjai-es-egy-e-cargo-bicikli\/","og_site_name":"\u0160koda We Love Cycling - Magyarorsz\u00e1g","article_publisher":"https:\/\/www.facebook.com\/WeLoveCyclingHungary\/","article_published_time":"2022-06-15T06:00:41+00:00","og_image":[{"width":990,"height":660,"url":"https:\/\/d2p6e6u75xmxt8.cloudfront.net\/12\/2022\/06\/Sofie-Birch_CVR.jpg","type":"image\/jpeg"}],"author":"hegyizs","twitter_card":"summary_large_image","twitter_misc":{"Written by":"Adam Marsal","Est. reading time":"5"},"schema":{"@context":"https:\/\/schema.org","@graph":[{"@type":"WebPage","@id":"https:\/\/www.welovecycling.com\/hu\/kozosseg-es-kultura\/koppenhaga-hangjai-es-egy-e-cargo-bicikli\/","url":"https:\/\/www.welovecycling.com\/hu\/kozosseg-es-kultura\/koppenhaga-hangjai-es-egy-e-cargo-bicikli\/","name":"Koppenh\u00e1ga hangjai \u00e9s egy E-Cargo bicikli","isPartOf":{"@id":"https:\/\/www.welovecycling.com\/hu\/#website"},"primaryImageOfPage":{"@id":"https:\/\/www.welovecycling.com\/hu\/kozosseg-es-kultura\/koppenhaga-hangjai-es-egy-e-cargo-bicikli\/#primaryimage"},"image":{"@id":"https:\/\/www.welovecycling.com\/hu\/kozosseg-es-kultura\/koppenhaga-hangjai-es-egy-e-cargo-bicikli\/#primaryimage"},"thumbnailUrl":"https:\/\/d2p6e6u75xmxt8.cloudfront.net\/12\/2022\/06\/Sofie-Birch_CVR.jpg","datePublished":"2022-06-15T06:00:41+00:00","author":{"@id":"https:\/\/www.welovecycling.com\/hu\/#\/schema\/person\/414a2aebf1801691a5320edb6468e194"},"description":"Hallgasd! A tenger hull\u00e1mai a m\u00f3l\u00f3nak csap\u00f3dnak, a d\u0171n\u00e9ken szalmasz\u00e1lak zizegnek a sz\u00e9lben, az es\u0151cseppek pocsoly\u00e1kba ver\u0151dnek az \u00faton. Mindezek k\u00f6zep\u00e9n pedig Sofie Birch \u00e1ll sz\u0151rm\u00e9s mikrofonj\u00e1val. A koppenh\u00e1gai zenei producert \u00e9s DJ-t mindenekel\u0151tt egy dolog \u00e9rdekli: a k\u00f6r\u00fcl\u00f6tte l\u00e9v\u0151 hangok. A term\u00e9szet csendje \u00e9s sz\u00fcl\u0151v\u00e1ros\u00e1nak zaja k\u00f6z\u00f6tt minden hangot r\u00f6gz\u00edt \u00e9s m\u0171v\u00e9szi kompoz\u00edci\u00f3kk\u00e1 alak\u00edt \u00e1t. Az eredm\u00e9ny finom, dallamos \u00e9s egyedi.","breadcrumb":{"@id":"https:\/\/www.welovecycling.com\/hu\/kozosseg-es-kultura\/koppenhaga-hangjai-es-egy-e-cargo-bicikli\/#breadcrumb"},"inLanguage":"hu","potentialAction":[{"@type":"ReadAction","target":["https:\/\/www.welovecycling.com\/hu\/kozosseg-es-kultura\/koppenhaga-hangjai-es-egy-e-cargo-bicikli\/"]}]},{"@type":"ImageObject","inLanguage":"hu","@id":"https:\/\/www.welovecycling.com\/hu\/kozosseg-es-kultura\/koppenhaga-hangjai-es-egy-e-cargo-bicikli\/#primaryimage","url":"https:\/\/d2p6e6u75xmxt8.cloudfront.net\/12\/2022\/06\/Sofie-Birch_CVR.jpg","contentUrl":"https:\/\/d2p6e6u75xmxt8.cloudfront.net\/12\/2022\/06\/Sofie-Birch_CVR.jpg","width":990,"height":660,"caption":"Sofie Birch"},{"@type":"BreadcrumbList","@id":"https:\/\/www.welovecycling.com\/hu\/kozosseg-es-kultura\/koppenhaga-hangjai-es-egy-e-cargo-bicikli\/#breadcrumb","itemListElement":[{"@type":"ListItem","position":1,"name":"Home","item":"https:\/\/www.welovecycling.com\/hu\/"},{"@type":"ListItem","position":2,"name":"Koppenh\u00e1ga hangjai \u00e9s egy E-Cargo bicikli"}]},{"@type":"WebSite","@id":"https:\/\/www.welovecycling.com\/hu\/#website","url":"https:\/\/www.welovecycling.com\/hu\/","name":"\u0160koda We Love Cycling - Magyarorsz\u00e1g","description":"\u0160koda WeLoveCycling","potentialAction":[{"@type":"SearchAction","target":{"@type":"EntryPoint","urlTemplate":"https:\/\/www.welovecycling.com\/hu\/?s={search_term_string}"},"query-input":{"@type":"PropertyValueSpecification","valueRequired":true,"valueName":"search_term_string"}}],"inLanguage":"hu"},{"@type":"Person","@id":"https:\/\/www.welovecycling.com\/hu\/#\/schema\/person\/414a2aebf1801691a5320edb6468e194","name":"hegyizs","image":{"@type":"ImageObject","inLanguage":"hu","@id":"https:\/\/www.welovecycling.com\/hu\/#\/schema\/person\/image\/","url":"https:\/\/secure.gravatar.com\/avatar\/02cf8a7906b8cf90cecb4679defac7cfd33a1c2e3b88e4903d947f3bb58eedd3?s=96&d=mm&r=g","contentUrl":"https:\/\/secure.gravatar.com\/avatar\/02cf8a7906b8cf90cecb4679defac7cfd33a1c2e3b88e4903d947f3bb58eedd3?s=96&d=mm&r=g","caption":"hegyizs"},"url":"https:\/\/www.welovecycling.com\/hu\/author\/hegyizs\/"}]}},"_links":{"self":[{"href":"https:\/\/www.welovecycling.com\/hu\/wp-json\/wp\/v2\/posts\/15207","targetHints":{"allow":["GET"]}}],"collection":[{"href":"https:\/\/www.welovecycling.com\/hu\/wp-json\/wp\/v2\/posts"}],"about":[{"href":"https:\/\/www.welovecycling.com\/hu\/wp-json\/wp\/v2\/types\/post"}],"author":[{"embeddable":true,"href":"https:\/\/www.welovecycling.com\/hu\/wp-json\/wp\/v2\/users\/71"}],"replies":[{"embeddable":true,"href":"https:\/\/www.welovecycling.com\/hu\/wp-json\/wp\/v2\/comments?post=15207"}],"version-history":[{"count":2,"href":"https:\/\/www.welovecycling.com\/hu\/wp-json\/wp\/v2\/posts\/15207\/revisions"}],"predecessor-version":[{"id":15212,"href":"https:\/\/www.welovecycling.com\/hu\/wp-json\/wp\/v2\/posts\/15207\/revisions\/15212"}],"wp:featuredmedia":[{"embeddable":true,"href":"https:\/\/www.welovecycling.com\/hu\/wp-json\/wp\/v2\/media\/15211"}],"wp:attachment":[{"href":"https:\/\/www.welovecycling.com\/hu\/wp-json\/wp\/v2\/media?parent=15207"}],"wp:term":[{"taxonomy":"category","embeddable":true,"href":"https:\/\/www.welovecycling.com\/hu\/wp-json\/wp\/v2\/categories?post=15207"},{"taxonomy":"post_tag","embeddable":true,"href":"https:\/\/www.welovecycling.com\/hu\/wp-json\/wp\/v2\/tags?post=15207"},{"taxonomy":"global-categories","embeddable":true,"href":"https:\/\/www.welovecycling.com\/hu\/wp-json\/wp\/v2\/global-categories?post=15207"}],"curies":[{"name":"wp","href":"https:\/\/api.w.org\/{rel}","templated":true}]}}