{"id":15189,"date":"2022-06-14T08:00:23","date_gmt":"2022-06-14T06:00:23","guid":{"rendered":"https:\/\/www.welovecycling.com\/hu\/?p=15189"},"modified":"2022-06-13T10:08:59","modified_gmt":"2022-06-13T08:08:59","slug":"froome-az-elmult-harom-ev-legjobb-eredmenyerol-latom-a-fejlodest","status":"publish","type":"post","link":"https:\/\/www.welovecycling.com\/hu\/orszaguti-kerekpar\/froome-az-elmult-harom-ev-legjobb-eredmenyerol-latom-a-fejlodest\/","title":{"rendered":"Froome, az elm\u00falt h\u00e1rom \u00e9v legjobb eredm\u00e9ny\u00e9r\u0151l: \u201eL\u00e1tom a fejl\u0151d\u00e9st\u201d"},"content":{"rendered":"<p><strong>Volt oka az \u00fcnnepl\u00e9sre a Mercan\u2019Tour Classic Alpes-Maritimes ut\u00e1n az Israel-Premier Tech csapat\u00e1nak. Jakob Fuglsang \u00e9s Michael Woods csod\u00e1latos teljes\u00edtm\u00e9nye mellett Chris Froome a legjobb eredm\u00e9ny\u00e9t \u00e9rte el 2019 \u00f3ta, azzal, hogy 11. lett.<\/strong><\/p>\n<p><!--more--><\/p>\n<p>A n\u00e9gyszeres Tour de France-gy\u0151ztes h\u00e1rom \u00e9ve k\u00fczd a r\u00e9gi form\u00e1j\u00e1\u00e9rt. Most \u00e9ppen csak kimaradt a legjobb t\u00edzb\u0151l, 3 perccel \u00e9s 58 m\u00e1sodperccel maradt el Fuglsand m\u00f6g\u00f6tt.<\/p>\n<p><em>\u201eSzem\u00e9ly szerint nagy fejl\u0151d\u00e9st tapasztaltam az elm\u00falt n\u00e9h\u00e1ny h\u00f3napban\u201d<\/em> \u2013 mondta Froome a verseny ut\u00e1n a CyclingPro-nak adott interj\u00faj\u00e1ban. <em>\u201eA l\u00e1baim j\u00f3l \u00e9rzik magukat.\u201d<\/em><\/p>\n<lite-youtube videoid=2NLAXEt9lc0 params=\"enablejsapi=1\" style=\"background-image: url('https:\/\/i.ytimg.com\/vi_webp\/2NLAXEt9lc0\/maxresdefault.webp');\"><\/lite-youtube>\n<p><em>\u201eA k\u00f6vetkez\u0151 versenyem a Crit\u00e9rium du Dauphin\u00e9 lesz. Jelenleg h\u00e9tr\u0151l h\u00e9tre tervezek, pr\u00f3b\u00e1lok az \u00e9rz\u00e9sekre koncentr\u00e1lni \u00e9s lend\u00fcletesebb lenni, \u00e9s persze visszat\u00e9rni r\u00e9gi \u00f6nmagamhoz. M\u00e9g nem tartok itt, de hat\u00e1rozottan azt \u00e9rzem, hogy k\u00f6zelebb ker\u00fcltem egy l\u00e9p\u00e9ssel.\u201d<\/em><\/p>\n<p>\u00c1prilisban Froome \u201e\u00e1lomforgat\u00f3k\u00f6nyve\u201d volt, hogy id\u00e9n ny\u00e1ron \u00fajra rajthoz \u00e1ll a Tour de France-on. Rem\u00e9lhet\u0151leg t\u00e9nyleg j\u00f3 ir\u00e1nyban haladnak a dolgok. A 37 \u00e9ves kerekes a m\u00e1sodik szezonj\u00e1t t\u00f6lti az Israel-Premier Tech csapat\u00e1ban.<\/p>\n<p>Froome sajnos nem tudta befejezni az idei Dauphin\u00e9t, szint\u00e9n eg\u00e9szs\u00e9g\u00fcgyi okokb\u00f3l. Vajon \u00edgy is l\u00e1thatjuk majd a Tour-on? Rem\u00e9lj\u00fck igen!<\/p>\n","protected":false},"excerpt":{"rendered":"<p>Volt oka az \u00fcnnepl\u00e9sre a Mercan\u2019Tour Classic Alpes-Maritimes ut\u00e1n az Israel-Premier Tech csapat\u00e1nak. Jakob Fuglsang \u00e9s Michael Woods csod\u00e1latos teljes\u00edtm\u00e9nye [&hellip;]<\/p>\n","protected":false},"author":71,"featured_media":15191,"comment_status":"open","ping_status":"open","sticky":false,"template":"","format":"standard","meta":{"footnotes":""},"categories":[8],"tags":[],"global-categories":[],"class_list":["post-15189","post","type-post","status-publish","format-standard","has-post-thumbnail","hentry","category-orszaguti-kerekpar"],"yoast_head":"<!-- This site is optimized with the Yoast SEO Premium plugin v25.3 (Yoast SEO v25.9) - https:\/\/yoast.com\/wordpress\/plugins\/seo\/ -->\n<title>Froome, az elm\u00falt h\u00e1rom \u00e9v legjobb eredm\u00e9ny\u00e9r\u0151l: \u201eL\u00e1tom a fejl\u0151d\u00e9st\u201d<\/title>\n<meta name=\"description\" content=\"Volt oka az \u00fcnnepl\u00e9sre a Mercan\u2019Tour Classic Alpes-Maritimes ut\u00e1n az Israel-Premier Tech csapat\u00e1nak. Jakob Fuglsang \u00e9s Michael Woods csod\u00e1latos teljes\u00edtm\u00e9nye mellett Chris Froome a legjobb eredm\u00e9ny\u00e9t \u00e9rte el 2019 \u00f3ta, azzal, hogy 11. lett.\" \/>\n<meta name=\"robots\" content=\"index, follow, max-snippet:-1, max-image-preview:large, max-video-preview:-1\" \/>\n<link rel=\"canonical\" href=\"https:\/\/www.welovecycling.com\/hu\/orszaguti-kerekpar\/froome-az-elmult-harom-ev-legjobb-eredmenyerol-latom-a-fejlodest\/\" \/>\n<meta property=\"og:locale\" content=\"hu_HU\" \/>\n<meta property=\"og:type\" content=\"article\" \/>\n<meta property=\"og:title\" content=\"Froome, az elm\u00falt h\u00e1rom \u00e9v legjobb eredm\u00e9ny\u00e9r\u0151l: \u201eL\u00e1tom a fejl\u0151d\u00e9st\u201d\" \/>\n<meta property=\"og:description\" content=\"Volt oka az \u00fcnnepl\u00e9sre a Mercan\u2019Tour Classic Alpes-Maritimes ut\u00e1n az Israel-Premier Tech csapat\u00e1nak. Jakob Fuglsang \u00e9s Michael Woods csod\u00e1latos teljes\u00edtm\u00e9nye mellett Chris Froome a legjobb eredm\u00e9ny\u00e9t \u00e9rte el 2019 \u00f3ta, azzal, hogy 11. lett.\" \/>\n<meta property=\"og:url\" content=\"https:\/\/www.welovecycling.com\/hu\/orszaguti-kerekpar\/froome-az-elmult-harom-ev-legjobb-eredmenyerol-latom-a-fejlodest\/\" \/>\n<meta property=\"og:site_name\" content=\"\u0160koda We Love Cycling - Magyarorsz\u00e1g\" \/>\n<meta property=\"article:publisher\" content=\"https:\/\/www.facebook.com\/WeLoveCyclingHungary\/\" \/>\n<meta property=\"article:published_time\" content=\"2022-06-14T06:00:23+00:00\" \/>\n<meta property=\"og:image\" content=\"https:\/\/d2p6e6u75xmxt8.cloudfront.net\/12\/2022\/06\/Chris-Froome-profimedia-0686452193-CVR.jpg\" \/>\n\t<meta property=\"og:image:width\" content=\"990\" \/>\n\t<meta property=\"og:image:height\" content=\"660\" \/>\n\t<meta property=\"og:image:type\" content=\"image\/jpeg\" \/>\n<meta name=\"author\" content=\"hegyizs\" \/>\n<meta name=\"twitter:card\" content=\"summary_large_image\" \/>\n<meta name=\"twitter:label1\" content=\"Written by\" \/>\n\t<meta name=\"twitter:data1\" content=\"Monica Buck\" \/>\n\t<meta name=\"twitter:label2\" content=\"Est. reading time\" \/>\n\t<meta name=\"twitter:data2\" content=\"4\" \/>\n<script type=\"application\/ld+json\" class=\"yoast-schema-graph\">{\"@context\":\"https:\/\/schema.org\",\"@graph\":[{\"@type\":\"WebPage\",\"@id\":\"https:\/\/www.welovecycling.com\/hu\/orszaguti-kerekpar\/froome-az-elmult-harom-ev-legjobb-eredmenyerol-latom-a-fejlodest\/\",\"url\":\"https:\/\/www.welovecycling.com\/hu\/orszaguti-kerekpar\/froome-az-elmult-harom-ev-legjobb-eredmenyerol-latom-a-fejlodest\/\",\"name\":\"Froome, az elm\u00falt h\u00e1rom \u00e9v legjobb eredm\u00e9ny\u00e9r\u0151l: \u201eL\u00e1tom a fejl\u0151d\u00e9st\u201d\",\"isPartOf\":{\"@id\":\"https:\/\/www.welovecycling.com\/hu\/#website\"},\"primaryImageOfPage\":{\"@id\":\"https:\/\/www.welovecycling.com\/hu\/orszaguti-kerekpar\/froome-az-elmult-harom-ev-legjobb-eredmenyerol-latom-a-fejlodest\/#primaryimage\"},\"image\":{\"@id\":\"https:\/\/www.welovecycling.com\/hu\/orszaguti-kerekpar\/froome-az-elmult-harom-ev-legjobb-eredmenyerol-latom-a-fejlodest\/#primaryimage\"},\"thumbnailUrl\":\"https:\/\/d2p6e6u75xmxt8.cloudfront.net\/12\/2022\/06\/Chris-Froome-profimedia-0686452193-CVR.jpg\",\"datePublished\":\"2022-06-14T06:00:23+00:00\",\"author\":{\"@id\":\"https:\/\/www.welovecycling.com\/hu\/#\/schema\/person\/414a2aebf1801691a5320edb6468e194\"},\"description\":\"Volt oka az \u00fcnnepl\u00e9sre a Mercan\u2019Tour Classic Alpes-Maritimes ut\u00e1n az Israel-Premier Tech csapat\u00e1nak. Jakob Fuglsang \u00e9s Michael Woods csod\u00e1latos teljes\u00edtm\u00e9nye mellett Chris Froome a legjobb eredm\u00e9ny\u00e9t \u00e9rte el 2019 \u00f3ta, azzal, hogy 11. lett.\",\"breadcrumb\":{\"@id\":\"https:\/\/www.welovecycling.com\/hu\/orszaguti-kerekpar\/froome-az-elmult-harom-ev-legjobb-eredmenyerol-latom-a-fejlodest\/#breadcrumb\"},\"inLanguage\":\"hu\",\"potentialAction\":[{\"@type\":\"ReadAction\",\"target\":[\"https:\/\/www.welovecycling.com\/hu\/orszaguti-kerekpar\/froome-az-elmult-harom-ev-legjobb-eredmenyerol-latom-a-fejlodest\/\"]}]},{\"@type\":\"ImageObject\",\"inLanguage\":\"hu\",\"@id\":\"https:\/\/www.welovecycling.com\/hu\/orszaguti-kerekpar\/froome-az-elmult-harom-ev-legjobb-eredmenyerol-latom-a-fejlodest\/#primaryimage\",\"url\":\"https:\/\/d2p6e6u75xmxt8.cloudfront.net\/12\/2022\/06\/Chris-Froome-profimedia-0686452193-CVR.jpg\",\"contentUrl\":\"https:\/\/d2p6e6u75xmxt8.cloudfront.net\/12\/2022\/06\/Chris-Froome-profimedia-0686452193-CVR.jpg\",\"width\":990,\"height\":660,\"caption\":\"Chris Froome\"},{\"@type\":\"BreadcrumbList\",\"@id\":\"https:\/\/www.welovecycling.com\/hu\/orszaguti-kerekpar\/froome-az-elmult-harom-ev-legjobb-eredmenyerol-latom-a-fejlodest\/#breadcrumb\",\"itemListElement\":[{\"@type\":\"ListItem\",\"position\":1,\"name\":\"Home\",\"item\":\"https:\/\/www.welovecycling.com\/hu\/\"},{\"@type\":\"ListItem\",\"position\":2,\"name\":\"Froome, az elm\u00falt h\u00e1rom \u00e9v legjobb eredm\u00e9ny\u00e9r\u0151l: \u201eL\u00e1tom a fejl\u0151d\u00e9st\u201d\"}]},{\"@type\":\"WebSite\",\"@id\":\"https:\/\/www.welovecycling.com\/hu\/#website\",\"url\":\"https:\/\/www.welovecycling.com\/hu\/\",\"name\":\"\u0160koda We Love Cycling - Magyarorsz\u00e1g\",\"description\":\"\u0160koda WeLoveCycling\",\"potentialAction\":[{\"@type\":\"SearchAction\",\"target\":{\"@type\":\"EntryPoint\",\"urlTemplate\":\"https:\/\/www.welovecycling.com\/hu\/?s={search_term_string}\"},\"query-input\":{\"@type\":\"PropertyValueSpecification\",\"valueRequired\":true,\"valueName\":\"search_term_string\"}}],\"inLanguage\":\"hu\"},{\"@type\":\"Person\",\"@id\":\"https:\/\/www.welovecycling.com\/hu\/#\/schema\/person\/414a2aebf1801691a5320edb6468e194\",\"name\":\"hegyizs\",\"image\":{\"@type\":\"ImageObject\",\"inLanguage\":\"hu\",\"@id\":\"https:\/\/www.welovecycling.com\/hu\/#\/schema\/person\/image\/\",\"url\":\"https:\/\/secure.gravatar.com\/avatar\/02cf8a7906b8cf90cecb4679defac7cfd33a1c2e3b88e4903d947f3bb58eedd3?s=96&d=mm&r=g\",\"contentUrl\":\"https:\/\/secure.gravatar.com\/avatar\/02cf8a7906b8cf90cecb4679defac7cfd33a1c2e3b88e4903d947f3bb58eedd3?s=96&d=mm&r=g\",\"caption\":\"hegyizs\"},\"url\":\"https:\/\/www.welovecycling.com\/hu\/author\/hegyizs\/\"}]}<\/script>\n<!-- \/ Yoast SEO Premium plugin. -->","yoast_head_json":{"title":"Froome, az elm\u00falt h\u00e1rom \u00e9v legjobb eredm\u00e9ny\u00e9r\u0151l: \u201eL\u00e1tom a fejl\u0151d\u00e9st\u201d","description":"Volt oka az \u00fcnnepl\u00e9sre a Mercan\u2019Tour Classic Alpes-Maritimes ut\u00e1n az Israel-Premier Tech csapat\u00e1nak. Jakob Fuglsang \u00e9s Michael Woods csod\u00e1latos teljes\u00edtm\u00e9nye mellett Chris Froome a legjobb eredm\u00e9ny\u00e9t \u00e9rte el 2019 \u00f3ta, azzal, hogy 11. lett.","robots":{"index":"index","follow":"follow","max-snippet":"max-snippet:-1","max-image-preview":"max-image-preview:large","max-video-preview":"max-video-preview:-1"},"canonical":"https:\/\/www.welovecycling.com\/hu\/orszaguti-kerekpar\/froome-az-elmult-harom-ev-legjobb-eredmenyerol-latom-a-fejlodest\/","og_locale":"hu_HU","og_type":"article","og_title":"Froome, az elm\u00falt h\u00e1rom \u00e9v legjobb eredm\u00e9ny\u00e9r\u0151l: \u201eL\u00e1tom a fejl\u0151d\u00e9st\u201d","og_description":"Volt oka az \u00fcnnepl\u00e9sre a Mercan\u2019Tour Classic Alpes-Maritimes ut\u00e1n az Israel-Premier Tech csapat\u00e1nak. Jakob Fuglsang \u00e9s Michael Woods csod\u00e1latos teljes\u00edtm\u00e9nye mellett Chris Froome a legjobb eredm\u00e9ny\u00e9t \u00e9rte el 2019 \u00f3ta, azzal, hogy 11. lett.","og_url":"https:\/\/www.welovecycling.com\/hu\/orszaguti-kerekpar\/froome-az-elmult-harom-ev-legjobb-eredmenyerol-latom-a-fejlodest\/","og_site_name":"\u0160koda We Love Cycling - Magyarorsz\u00e1g","article_publisher":"https:\/\/www.facebook.com\/WeLoveCyclingHungary\/","article_published_time":"2022-06-14T06:00:23+00:00","og_image":[{"width":990,"height":660,"url":"https:\/\/d2p6e6u75xmxt8.cloudfront.net\/12\/2022\/06\/Chris-Froome-profimedia-0686452193-CVR.jpg","type":"image\/jpeg"}],"author":"hegyizs","twitter_card":"summary_large_image","twitter_misc":{"Written by":"Monica Buck","Est. reading time":"4"},"schema":{"@context":"https:\/\/schema.org","@graph":[{"@type":"WebPage","@id":"https:\/\/www.welovecycling.com\/hu\/orszaguti-kerekpar\/froome-az-elmult-harom-ev-legjobb-eredmenyerol-latom-a-fejlodest\/","url":"https:\/\/www.welovecycling.com\/hu\/orszaguti-kerekpar\/froome-az-elmult-harom-ev-legjobb-eredmenyerol-latom-a-fejlodest\/","name":"Froome, az elm\u00falt h\u00e1rom \u00e9v legjobb eredm\u00e9ny\u00e9r\u0151l: \u201eL\u00e1tom a fejl\u0151d\u00e9st\u201d","isPartOf":{"@id":"https:\/\/www.welovecycling.com\/hu\/#website"},"primaryImageOfPage":{"@id":"https:\/\/www.welovecycling.com\/hu\/orszaguti-kerekpar\/froome-az-elmult-harom-ev-legjobb-eredmenyerol-latom-a-fejlodest\/#primaryimage"},"image":{"@id":"https:\/\/www.welovecycling.com\/hu\/orszaguti-kerekpar\/froome-az-elmult-harom-ev-legjobb-eredmenyerol-latom-a-fejlodest\/#primaryimage"},"thumbnailUrl":"https:\/\/d2p6e6u75xmxt8.cloudfront.net\/12\/2022\/06\/Chris-Froome-profimedia-0686452193-CVR.jpg","datePublished":"2022-06-14T06:00:23+00:00","author":{"@id":"https:\/\/www.welovecycling.com\/hu\/#\/schema\/person\/414a2aebf1801691a5320edb6468e194"},"description":"Volt oka az \u00fcnnepl\u00e9sre a Mercan\u2019Tour Classic Alpes-Maritimes ut\u00e1n az Israel-Premier Tech csapat\u00e1nak. Jakob Fuglsang \u00e9s Michael Woods csod\u00e1latos teljes\u00edtm\u00e9nye mellett Chris Froome a legjobb eredm\u00e9ny\u00e9t \u00e9rte el 2019 \u00f3ta, azzal, hogy 11. lett.","breadcrumb":{"@id":"https:\/\/www.welovecycling.com\/hu\/orszaguti-kerekpar\/froome-az-elmult-harom-ev-legjobb-eredmenyerol-latom-a-fejlodest\/#breadcrumb"},"inLanguage":"hu","potentialAction":[{"@type":"ReadAction","target":["https:\/\/www.welovecycling.com\/hu\/orszaguti-kerekpar\/froome-az-elmult-harom-ev-legjobb-eredmenyerol-latom-a-fejlodest\/"]}]},{"@type":"ImageObject","inLanguage":"hu","@id":"https:\/\/www.welovecycling.com\/hu\/orszaguti-kerekpar\/froome-az-elmult-harom-ev-legjobb-eredmenyerol-latom-a-fejlodest\/#primaryimage","url":"https:\/\/d2p6e6u75xmxt8.cloudfront.net\/12\/2022\/06\/Chris-Froome-profimedia-0686452193-CVR.jpg","contentUrl":"https:\/\/d2p6e6u75xmxt8.cloudfront.net\/12\/2022\/06\/Chris-Froome-profimedia-0686452193-CVR.jpg","width":990,"height":660,"caption":"Chris Froome"},{"@type":"BreadcrumbList","@id":"https:\/\/www.welovecycling.com\/hu\/orszaguti-kerekpar\/froome-az-elmult-harom-ev-legjobb-eredmenyerol-latom-a-fejlodest\/#breadcrumb","itemListElement":[{"@type":"ListItem","position":1,"name":"Home","item":"https:\/\/www.welovecycling.com\/hu\/"},{"@type":"ListItem","position":2,"name":"Froome, az elm\u00falt h\u00e1rom \u00e9v legjobb eredm\u00e9ny\u00e9r\u0151l: \u201eL\u00e1tom a fejl\u0151d\u00e9st\u201d"}]},{"@type":"WebSite","@id":"https:\/\/www.welovecycling.com\/hu\/#website","url":"https:\/\/www.welovecycling.com\/hu\/","name":"\u0160koda We Love Cycling - Magyarorsz\u00e1g","description":"\u0160koda WeLoveCycling","potentialAction":[{"@type":"SearchAction","target":{"@type":"EntryPoint","urlTemplate":"https:\/\/www.welovecycling.com\/hu\/?s={search_term_string}"},"query-input":{"@type":"PropertyValueSpecification","valueRequired":true,"valueName":"search_term_string"}}],"inLanguage":"hu"},{"@type":"Person","@id":"https:\/\/www.welovecycling.com\/hu\/#\/schema\/person\/414a2aebf1801691a5320edb6468e194","name":"hegyizs","image":{"@type":"ImageObject","inLanguage":"hu","@id":"https:\/\/www.welovecycling.com\/hu\/#\/schema\/person\/image\/","url":"https:\/\/secure.gravatar.com\/avatar\/02cf8a7906b8cf90cecb4679defac7cfd33a1c2e3b88e4903d947f3bb58eedd3?s=96&d=mm&r=g","contentUrl":"https:\/\/secure.gravatar.com\/avatar\/02cf8a7906b8cf90cecb4679defac7cfd33a1c2e3b88e4903d947f3bb58eedd3?s=96&d=mm&r=g","caption":"hegyizs"},"url":"https:\/\/www.welovecycling.com\/hu\/author\/hegyizs\/"}]}},"_links":{"self":[{"href":"https:\/\/www.welovecycling.com\/hu\/wp-json\/wp\/v2\/posts\/15189","targetHints":{"allow":["GET"]}}],"collection":[{"href":"https:\/\/www.welovecycling.com\/hu\/wp-json\/wp\/v2\/posts"}],"about":[{"href":"https:\/\/www.welovecycling.com\/hu\/wp-json\/wp\/v2\/types\/post"}],"author":[{"embeddable":true,"href":"https:\/\/www.welovecycling.com\/hu\/wp-json\/wp\/v2\/users\/71"}],"replies":[{"embeddable":true,"href":"https:\/\/www.welovecycling.com\/hu\/wp-json\/wp\/v2\/comments?post=15189"}],"version-history":[{"count":2,"href":"https:\/\/www.welovecycling.com\/hu\/wp-json\/wp\/v2\/posts\/15189\/revisions"}],"predecessor-version":[{"id":15215,"href":"https:\/\/www.welovecycling.com\/hu\/wp-json\/wp\/v2\/posts\/15189\/revisions\/15215"}],"wp:featuredmedia":[{"embeddable":true,"href":"https:\/\/www.welovecycling.com\/hu\/wp-json\/wp\/v2\/media\/15191"}],"wp:attachment":[{"href":"https:\/\/www.welovecycling.com\/hu\/wp-json\/wp\/v2\/media?parent=15189"}],"wp:term":[{"taxonomy":"category","embeddable":true,"href":"https:\/\/www.welovecycling.com\/hu\/wp-json\/wp\/v2\/categories?post=15189"},{"taxonomy":"post_tag","embeddable":true,"href":"https:\/\/www.welovecycling.com\/hu\/wp-json\/wp\/v2\/tags?post=15189"},{"taxonomy":"global-categories","embeddable":true,"href":"https:\/\/www.welovecycling.com\/hu\/wp-json\/wp\/v2\/global-categories?post=15189"}],"curies":[{"name":"wp","href":"https:\/\/api.w.org\/{rel}","templated":true}]}}