{"id":15185,"date":"2022-06-13T08:00:33","date_gmt":"2022-06-13T06:00:33","guid":{"rendered":"https:\/\/www.welovecycling.com\/hu\/?p=15185"},"modified":"2022-06-10T14:27:21","modified_gmt":"2022-06-10T12:27:21","slug":"a-valaha-elt-3-legjobb-domestique","status":"publish","type":"post","link":"https:\/\/www.welovecycling.com\/hu\/orszaguti-kerekpar\/a-valaha-elt-3-legjobb-domestique\/","title":{"rendered":"A valaha \u00e9lt 3 legjobb domestique"},"content":{"rendered":"<p><strong>M\u00e1r felt\u0171nt a l\u00e1that\u00e1ron az idei Tour de France, mi azonban egy picit m\u00e9g visszafel\u00e9 n\u00e9z\u00fcnk: azokra a h\u0151s\u00f6kre, akik a legnagyobb ker\u00e9kp\u00e1ros l\u00e1tv\u00e1nyoss\u00e1gg\u00e1 var\u00e1zsolj\u00e1k az esem\u00e9nyt, \u00e9vtizedek \u00f3ta. A legt\u00f6bben azokra gondolnak, akik megszerzik a s\u00e1rga vagy a \u0160koda z\u00f6ld trik\u00f3j\u00e1t, a legjobb sprinterekre \u00e9s legjobb hegym\u00e1sz\u00f3kra, vannak azonban m\u00e1sok is, akikr\u0151l besz\u00e9ln\u00fcnk kell.<\/strong><\/p>\n<p><!--more--><\/p>\n<p>Az \u00e1rny\u00e9kban tekernek, mindig ott, a csapat vezet\u0151je mellett. \u00dcld\u00f6znek, vizet \u00e9s g\u00e9lt sz\u00e1ll\u00edtanak, \u00e9s gondoskodnak arr\u00f3l, hogy a vezet\u0151j\u00fck pihenhessen \u00e9s k\u00e9szen \u00e1lljon megnyerni a versenyt. Ezek a h\u0151s\u00f6k ritk\u00e1n szereznek szakaszgy\u0151zelmet, de n\u00e9lk\u00fcl\u00fck a TdF (\u00e9s minden m\u00e1s verseny is) teljesen kisz\u00e1m\u00edthatatlan lenne. Az igazi h\u0151s egy versenyen nem m\u00e1s, mint a domestique.<\/p>\n<h2><strong>T\u00f6rt\u00e9nelem<\/strong><\/h2>\n<p>Nem titok senki el\u0151tt, hogy a kisebb l\u00e9gellen\u00e1ll\u00e1s kisebb er\u0151fesz\u00edt\u00e9ssel el\u00e9rt magasabb sebess\u00e9get jelent. Term\u00e9szetesen ezt a profik id\u0151tlen id\u0151k \u00f3ta tudj\u00e1k, ami\u00f3ta csak l\u00e9teznek versenyek. A m\u00e1sok m\u00f6g\u00e9 b\u00faj\u00e1s hozta a mez\u0151ny\u00f6k \u00f6tlet\u00e9t, hiszen ezzel a taktik\u00e1val megoszthatja a csapat az er\u0151fesz\u00edt\u00e9seket. Az egy\u00fcttm\u0171k\u00f6d\u00e9s nem csak izgalmas, de a c\u00e9lbajut\u00e1s alapja is. Term\u00e9szetes, hogy ha van valaki, aki csak neked ny\u00fajt sz\u00e9l\u00e1rny\u00e9kot, az hatalmas el\u0151ny. Pontosan ez volt a c\u00e9lja Henri Pepinnek is, amikor felk\u00e9rte Jean Dargassies-t \u00e9s Henri Gaubant, hogy biztos\u00edts\u00e1k Tour-gy\u0151zelm\u00e9t 1907-ben. \u0150k voltak az els\u0151 domestiqe-ok, \u00e9s b\u00e1r Pepin terve rosszul s\u00fclt el, \u00e9s az \u00f6t\u00f6dik szakaszban kisz\u00e1llt a versenyb\u0151l, a szerep az\u00f3ta is megmaradt.<\/p>\n<h2><strong>Akikb\u0151l vezet\u0151k lettek<\/strong><\/h2>\n<p>Nem neh\u00e9z elk\u00e9pzelni, hogyan emelkednek ki az \u00e1rny\u00e9kb\u00f3l ezek az er\u0151s kerekesek. Minden id\u0151k legnagyobb gy\u0151ztesei szinte valamennyien domestique szerepben kezdt\u00e9k, miel\u0151tt es\u00e9ly\u00fck lett volna szakaszgy\u0151zelemre, vagy a legjobb hegyi men\u0151 vagy sprinter c\u00edm megszerz\u00e9s\u00e9re. N\u00e9h\u00e1nyan fel\u00fclm\u00falt\u00e1k azokat a bicikliseket, akiket annak idej\u00e9n szolg\u00e1ltak. Lucien Aimar p\u00e9ld\u00e1ul megnyerte a Tour-t 1966-ban, miut\u00e1n lehagyta Jacques Anquetilt. Greg LeMond mind\u00f6ssze egy \u00e9vvel azel\u0151tt lett el\u0151sz\u00f6r Tour-bajnok, hogy Bernard Hinault seg\u00edt\u0151je volt, \u00e9s a ker\u00e9kp\u00e1rsport egyik legnagyobb legend\u00e1ja lett. Ugyan\u00edgy Jan Ullrich \u00e9s Chris Froome 1997-ben, illetve 2013-ban.<\/p>\n<p>Az er\u0151s egy\u00e9nek soha nem maradnak m\u00e1sok \u00e1rny\u00e9k\u00e1ban. V\u00e9g\u00fcl senki nem domestique-\u00e9veikr\u0151l eml\u00e9kszik r\u00e1juk, hanem a k\u00e9s\u0151bb szerzett hatalmas dics\u0151s\u00e9g\u00fckr\u0151l. Most azonban nem vel\u00fck fogunk foglalkozni, hanem azokkal, akik rengeteg odaad\u00e1ssal t\u00e1mogatt\u00e1k t\u00e1rsaikat eg\u00e9sz karrierj\u00fck\u00f6n \u00e1t.<\/p>\n<h2><strong>3. Alain Vigneron<\/strong><\/h2>\n<p>Mini-ranglist\u00e1nk harmadik hely\u00e9t volt a legnehezebb kiv\u00e1lasztani. Annyira sok, nagy n\u00e9v k\u00f6z\u00f6tt kellett d\u00f6nten\u00fcnk. Olyan legend\u00e1kat is fel\u00edrhattunk volna ide, mint Pierre Everaert, Jean-Fran\u00e7ois Bernard, Marino Alonso, Frans Mintjens, Victor Van Schil \u00e9s Jozef Spruyt. Alain Vigneron azonban olyat tett, amit ezek k\u00f6z\u00fcl a ker\u00e9kp\u00e1rosok k\u00f6z\u00fcl m\u00e9g soha senki. Nemcsak \u00f6t alkalommal seg\u00edtette csapat\u00e1t \u00e9s csapatt\u00e1rs\u00e1t megnyerni a vil\u00e1g legnagyobb ker\u00e9kp\u00e1ros verseny\u00e9t, de ezt k\u00e9t k\u00fcl\u00f6nb\u00f6z\u0151 csapattal is megtette, \u00e9s h\u00e1rom k\u00fcl\u00f6nb\u00f6z\u0151 csapatvezet\u0151t seg\u00edtett az \u00f6sszetett els\u0151 hely\u00e9re.<\/p>\n<p>Alain 1980-ban \u00e1llt el\u0151sz\u00f6r rajthoz a Tour-on, \u00e9s 1981-ben juttatta Hinault-ot els\u0151k\u00e9nt a c\u00e9lba. Majd \u201982-ben \u00e9s \u201985-ben \u00fajra. Egy \u00e9vvel k\u00e9s\u0151bb Laurent Fignon neki k\u00f6sz\u00f6nhette, hogy s\u00e1rga mezben \u00e1llhatott a Tour dobog\u00f3j\u00e1ra. 1984-ben csapatot v\u00e1ltott Hinault-tal, \u00e9s csatlakozott a La Vie Claire-hez, ahol k\u00e9t gy\u0151zelemhez j\u00e1rult hozz\u00e1, egyszer Hinault szem\u00e9ly\u00e9ben (1985), egyszer pedig LeMond\u00e9ben (1986).<\/p>\n<p>P\u00e1lyafut\u00e1sa sor\u00e1n 4 szakaszt nyert meg, de ezek k\u00f6z\u00fcl csak egyet a Tour-on, 1985-ben. Vigneront p\u00e1lyafut\u00e1sa sor\u00e1n nagy tisztelet \u00f6vezte, \u00e9s nem meglep\u0151 m\u00f3don a 80-as \u00e9vek \u00f6sszes nagy ker\u00e9kp\u00e1rosa izgatottan v\u00e1rta, hogy vele versenyezzen. Alain az egyik leger\u0151sebb versenyz\u0151 valaha, b\u00e1r ritk\u00e1n ker\u00fclt reflektorf\u00e9nybe.<\/p>\n<h2><strong>2. Lucien Didier<\/strong><\/h2>\n<p>A luxemburgi versenyz\u0151 r\u00f6vid, de rendk\u00edv\u00fcl eml\u00e9kezetes karriert futott be. A 12 \u00e9v alatt, amit Didier ker\u00e9kp\u00e1rosk\u00e9nt t\u00f6lt\u00f6tt, k\u00e9t olimpi\u00e1n vett r\u00e9szt, 1972-ben \u00e9s 1986-ban, de egyiken sem szerzett nagy h\u00edrnevet. \u201978 \u00e9s \u201984 k\u00f6z\u00f6tt azonban, a legakt\u00edvabb \u00e9vei sor\u00e1n minden id\u0151k egyik legeml\u00e9kezetesebb domestique-ja lett. Hat Tour de France-versenyen vett r\u00e9szt, \u00e9s siker\u00fclt mind a hatszor gy\u0151zelemhez seg\u00edtenie csapat\u00e1t. Didier gondoskodott r\u00f3la, hogy Bernard Hinault n\u00e9gyszer, Laurent Fignon pedig k\u00e9tszer megnyerje az \u00f6sszes\u00edtett versenyt.<\/p>\n<p>B\u00e1r nem sok egy\u00e9ni gy\u0151zelmet aratott p\u00e1lyafut\u00e1sa sor\u00e1n, Didier megtestes\u00edtette mindazt, ami egy t\u00f6k\u00e9letes domestique \u2013 er\u0151s volt \u00e9s elk\u00f6telezett, \u00e9s mindig k\u00e9sz volt fel\u00e1ldozni a dics\u0151s\u00e9get a csapata gy\u0151zelm\u00e9\u00e9rt.<\/p>\n<h2><strong>1. Jean Stablinski<\/strong><\/h2>\n<figure id=\"attachment_15186\" aria-describedby=\"caption-attachment-15186\" style=\"width: 1000px\" class=\"wp-caption alignnone\"><a href=\"https:\/\/d2p6e6u75xmxt8.cloudfront.net\/12\/2022\/06\/Stablinski-Anquetil-profimedia-0330137266.jpg\"><img loading=\"lazy\" decoding=\"async\" class=\"wp-image-15186 size-full\" src=\"https:\/\/d2p6e6u75xmxt8.cloudfront.net\/12\/2022\/06\/Stablinski-Anquetil-profimedia-0330137266.jpg\" alt=\"Jean Stablinski\" width=\"1000\" height=\"665\" srcset=\"https:\/\/d2p6e6u75xmxt8.cloudfront.net\/12\/2022\/06\/Stablinski-Anquetil-profimedia-0330137266.jpg 1000w, https:\/\/d2p6e6u75xmxt8.cloudfront.net\/12\/2022\/06\/Stablinski-Anquetil-profimedia-0330137266-300x200.jpg 300w, https:\/\/d2p6e6u75xmxt8.cloudfront.net\/12\/2022\/06\/Stablinski-Anquetil-profimedia-0330137266-768x511.jpg 768w, https:\/\/d2p6e6u75xmxt8.cloudfront.net\/12\/2022\/06\/Stablinski-Anquetil-profimedia-0330137266-272x182.jpg 272w\" sizes=\"auto, (max-width: 1000px) 100vw, 1000px\" \/><\/a><figcaption id=\"caption-attachment-15186\" class=\"wp-caption-text\">Balr\u00f3l jobbra: Michel Grain, Jean Stablinski, Jacques Anquetil a Tour de France-on. \u00a9 Profimedia<\/figcaption><\/figure>\n<p>Ha igazi domestique-legend\u00e1t keresel, megtal\u00e1ltad. A lengyel sz\u00e1rmaz\u00e1s\u00fa francia kerekes az, amiv\u00e9 minden seg\u00edt\u0151 v\u00e1lni akar \u2013 megb\u00edzhat\u00f3, stabil \u00e9s elhivatott. 16 \u00e9ves p\u00e1lyafut\u00e1sa sor\u00e1n Jacques Anquetil mind az \u00f6t Tour-gy\u0151zelm\u00e9hez hozz\u00e1j\u00e1rult. Miut\u00e1n Anquetil abbahagyta a ker\u00e9kp\u00e1roz\u00e1st, Stablinski Lucien Aimarnak \u00e9s Roger Pingeonnak seg\u00edtett el\u00e9rni ugyanezt.<\/p>\n<p>Stablinskinek azonban jutott n\u00e9h\u00e1ny egy\u00e9ni siker is. Hat \u00e9v alatt 4 orsz\u00e1gos orsz\u00e1g\u00fati bajnoks\u00e1got nyert \u00e9s k\u00e9tszer lett m\u00e1sodik, ami a mai napig megd\u00f6ntetlen rekord. P\u00e1lyafut\u00e1sa sor\u00e1n t\u00f6bb mint 105 egy\u00e9ni gy\u0151zelmet aratott, k\u00f6zt\u00fck 5 szakaszgy\u0151zelmet a Tour de France-on, kett\u0151t a Giro d&#8217; Italia-n.<\/p>\n<p>Filmbe ill\u0151 t\u00f6rt\u00e9net\u00e9nek k\u00f6sz\u00f6nhet\u0151en ker\u00e9kp\u00e1rosok inspir\u00e1ci\u00f3j\u00e1v\u00e1 v\u00e1lt vil\u00e1gszerte. T\u00fal\u00e9lte a m\u00e1sodik vil\u00e1gh\u00e1bor\u00fa borzalmait, \u00e9desapj\u00e1t azonban elvesztette egy b\u00e1nyabalesetben, amikor 14 \u00e9ves volt. Neki kellett dolgoznia helyette, hogy el tudja tartani a csal\u00e1dj\u00e1t. Els\u0151 biciklij\u00e9t egy harmonikaversenyen nyerte, \u00e9desanyja azonban nem helyeselte az \u00faj hobbit, \u00edgy megpr\u00f3b\u00e1lta t\u00f6nkretenni a j\u00e1rg\u00e1nyt. A zavaros gyerekkor ellen\u00e9re 16 \u00e9vesen versenyezni kezdett, k\u00f6vetkez\u0151 k\u00e9t \u00e9vtizedben pedig minden id\u0151k egyik legeml\u00e9kezetesebb versenyz\u0151j\u00e9v\u00e9 \u00e9s a legnagyobb seg\u00edt\u0151j\u00e9v\u00e9 v\u00e1lt, aki valaha is megfordult a Tour-on (vagy b\u00e1rhol m\u00e1shol). 2007-ben Jean Stablinski hosszadalmas betegs\u00e9g, \u00e9s a ker\u00e9kp\u00e1roz\u00e1snak szentelt hossz\u00fa \u00e9s boldog \u00e9let ut\u00e1n elhunyt.<\/p>\n<h2><strong>Ritk\u00e1n l\u00e1tjuk a s\u00e1rga trik\u00f3t a legjobbakon<\/strong><\/h2>\n<p>Ez a h\u00e1rom kiv\u00e1l\u00f3 domestique p\u00e9ld\u00e1ja megmutatja, hogy a Tour de France-t nem a legjobb kerekesek nyerik, hanem azok, akiknek a legjobb a csapatuk. Persze, biztosan seg\u00edt az is, ha valaki meg tudja m\u00e1szni az Alpe d\u2019Huez-t f\u00e9l \u00f3ra alatt, de ez m\u00e1r egy m\u00e1sik k\u00e9rd\u00e9s.<\/p>\n","protected":false},"excerpt":{"rendered":"<p>M\u00e1r felt\u0171nt a l\u00e1that\u00e1ron az idei Tour de France, mi azonban egy picit m\u00e9g visszafel\u00e9 n\u00e9z\u00fcnk: azokra a h\u0151s\u00f6kre, akik [&hellip;]<\/p>\n","protected":false},"author":71,"featured_media":15188,"comment_status":"open","ping_status":"open","sticky":false,"template":"","format":"standard","meta":{"footnotes":""},"categories":[8],"tags":[],"global-categories":[],"class_list":["post-15185","post","type-post","status-publish","format-standard","has-post-thumbnail","hentry","category-orszaguti-kerekpar"],"yoast_head":"<!-- This site is optimized with the Yoast SEO Premium plugin v25.3 (Yoast SEO v25.9) - https:\/\/yoast.com\/wordpress\/plugins\/seo\/ -->\n<title>A valaha \u00e9lt 3 legjobb domestique<\/title>\n<meta name=\"description\" content=\"M\u00e1r felt\u0171nt a l\u00e1that\u00e1ron az idei Tour de France, mi azonban egy picit m\u00e9g visszafel\u00e9 n\u00e9z\u00fcnk: azokra a h\u0151s\u00f6kre, akik a legnagyobb ker\u00e9kp\u00e1ros l\u00e1tv\u00e1nyoss\u00e1gg\u00e1 var\u00e1zsolj\u00e1k az esem\u00e9nyt, \u00e9vtizedek \u00f3ta. A legt\u00f6bben azokra gondolnak, akik megszerzik a s\u00e1rga vagy a \u0160koda z\u00f6ld trik\u00f3j\u00e1t, a legjobb sprinterekre \u00e9s legjobb hegym\u00e1sz\u00f3kra, vannak azonban m\u00e1sok is, akikr\u0151l besz\u00e9ln\u00fcnk kell.\" \/>\n<meta name=\"robots\" content=\"index, follow, max-snippet:-1, max-image-preview:large, max-video-preview:-1\" \/>\n<link rel=\"canonical\" href=\"https:\/\/www.welovecycling.com\/hu\/orszaguti-kerekpar\/a-valaha-elt-3-legjobb-domestique\/\" \/>\n<meta property=\"og:locale\" content=\"hu_HU\" \/>\n<meta property=\"og:type\" content=\"article\" \/>\n<meta property=\"og:title\" content=\"A valaha \u00e9lt 3 legjobb domestique\" \/>\n<meta property=\"og:description\" content=\"M\u00e1r felt\u0171nt a l\u00e1that\u00e1ron az idei Tour de France, mi azonban egy picit m\u00e9g visszafel\u00e9 n\u00e9z\u00fcnk: azokra a h\u0151s\u00f6kre, akik a legnagyobb ker\u00e9kp\u00e1ros l\u00e1tv\u00e1nyoss\u00e1gg\u00e1 var\u00e1zsolj\u00e1k az esem\u00e9nyt, \u00e9vtizedek \u00f3ta. A legt\u00f6bben azokra gondolnak, akik megszerzik a s\u00e1rga vagy a \u0160koda z\u00f6ld trik\u00f3j\u00e1t, a legjobb sprinterekre \u00e9s legjobb hegym\u00e1sz\u00f3kra, vannak azonban m\u00e1sok is, akikr\u0151l besz\u00e9ln\u00fcnk kell.\" \/>\n<meta property=\"og:url\" content=\"https:\/\/www.welovecycling.com\/hu\/orszaguti-kerekpar\/a-valaha-elt-3-legjobb-domestique\/\" \/>\n<meta property=\"og:site_name\" content=\"\u0160koda We Love Cycling - Magyarorsz\u00e1g\" \/>\n<meta property=\"article:publisher\" content=\"https:\/\/www.facebook.com\/WeLoveCyclingHungary\/\" \/>\n<meta property=\"article:published_time\" content=\"2022-06-13T06:00:33+00:00\" \/>\n<meta property=\"og:image\" content=\"https:\/\/d2p6e6u75xmxt8.cloudfront.net\/12\/2022\/06\/Jean-Stablinski-profimedia-0068104119-CVR.jpg\" \/>\n\t<meta property=\"og:image:width\" content=\"990\" \/>\n\t<meta property=\"og:image:height\" content=\"660\" \/>\n\t<meta property=\"og:image:type\" content=\"image\/jpeg\" \/>\n<meta name=\"author\" content=\"hegyizs\" \/>\n<meta name=\"twitter:card\" content=\"summary_large_image\" \/>\n<meta name=\"twitter:label1\" content=\"Written by\" \/>\n\t<meta name=\"twitter:data1\" content=\"Martin Atanasov\" \/>\n\t<meta name=\"twitter:label2\" content=\"Est. reading time\" \/>\n\t<meta name=\"twitter:data2\" content=\"6\" \/>\n<script type=\"application\/ld+json\" class=\"yoast-schema-graph\">{\"@context\":\"https:\/\/schema.org\",\"@graph\":[{\"@type\":\"WebPage\",\"@id\":\"https:\/\/www.welovecycling.com\/hu\/orszaguti-kerekpar\/a-valaha-elt-3-legjobb-domestique\/\",\"url\":\"https:\/\/www.welovecycling.com\/hu\/orszaguti-kerekpar\/a-valaha-elt-3-legjobb-domestique\/\",\"name\":\"A valaha \u00e9lt 3 legjobb domestique\",\"isPartOf\":{\"@id\":\"https:\/\/www.welovecycling.com\/hu\/#website\"},\"primaryImageOfPage\":{\"@id\":\"https:\/\/www.welovecycling.com\/hu\/orszaguti-kerekpar\/a-valaha-elt-3-legjobb-domestique\/#primaryimage\"},\"image\":{\"@id\":\"https:\/\/www.welovecycling.com\/hu\/orszaguti-kerekpar\/a-valaha-elt-3-legjobb-domestique\/#primaryimage\"},\"thumbnailUrl\":\"https:\/\/d2p6e6u75xmxt8.cloudfront.net\/12\/2022\/06\/Jean-Stablinski-profimedia-0068104119-CVR.jpg\",\"datePublished\":\"2022-06-13T06:00:33+00:00\",\"author\":{\"@id\":\"https:\/\/www.welovecycling.com\/hu\/#\/schema\/person\/414a2aebf1801691a5320edb6468e194\"},\"description\":\"M\u00e1r felt\u0171nt a l\u00e1that\u00e1ron az idei Tour de France, mi azonban egy picit m\u00e9g visszafel\u00e9 n\u00e9z\u00fcnk: azokra a h\u0151s\u00f6kre, akik a legnagyobb ker\u00e9kp\u00e1ros l\u00e1tv\u00e1nyoss\u00e1gg\u00e1 var\u00e1zsolj\u00e1k az esem\u00e9nyt, \u00e9vtizedek \u00f3ta. A legt\u00f6bben azokra gondolnak, akik megszerzik a s\u00e1rga vagy a \u0160koda z\u00f6ld trik\u00f3j\u00e1t, a legjobb sprinterekre \u00e9s legjobb hegym\u00e1sz\u00f3kra, vannak azonban m\u00e1sok is, akikr\u0151l besz\u00e9ln\u00fcnk kell.\",\"breadcrumb\":{\"@id\":\"https:\/\/www.welovecycling.com\/hu\/orszaguti-kerekpar\/a-valaha-elt-3-legjobb-domestique\/#breadcrumb\"},\"inLanguage\":\"hu\",\"potentialAction\":[{\"@type\":\"ReadAction\",\"target\":[\"https:\/\/www.welovecycling.com\/hu\/orszaguti-kerekpar\/a-valaha-elt-3-legjobb-domestique\/\"]}]},{\"@type\":\"ImageObject\",\"inLanguage\":\"hu\",\"@id\":\"https:\/\/www.welovecycling.com\/hu\/orszaguti-kerekpar\/a-valaha-elt-3-legjobb-domestique\/#primaryimage\",\"url\":\"https:\/\/d2p6e6u75xmxt8.cloudfront.net\/12\/2022\/06\/Jean-Stablinski-profimedia-0068104119-CVR.jpg\",\"contentUrl\":\"https:\/\/d2p6e6u75xmxt8.cloudfront.net\/12\/2022\/06\/Jean-Stablinski-profimedia-0068104119-CVR.jpg\",\"width\":990,\"height\":660,\"caption\":\"Jean Stablinski\"},{\"@type\":\"BreadcrumbList\",\"@id\":\"https:\/\/www.welovecycling.com\/hu\/orszaguti-kerekpar\/a-valaha-elt-3-legjobb-domestique\/#breadcrumb\",\"itemListElement\":[{\"@type\":\"ListItem\",\"position\":1,\"name\":\"Home\",\"item\":\"https:\/\/www.welovecycling.com\/hu\/\"},{\"@type\":\"ListItem\",\"position\":2,\"name\":\"A valaha \u00e9lt 3 legjobb domestique\"}]},{\"@type\":\"WebSite\",\"@id\":\"https:\/\/www.welovecycling.com\/hu\/#website\",\"url\":\"https:\/\/www.welovecycling.com\/hu\/\",\"name\":\"\u0160koda We Love Cycling - Magyarorsz\u00e1g\",\"description\":\"\u0160koda WeLoveCycling\",\"potentialAction\":[{\"@type\":\"SearchAction\",\"target\":{\"@type\":\"EntryPoint\",\"urlTemplate\":\"https:\/\/www.welovecycling.com\/hu\/?s={search_term_string}\"},\"query-input\":{\"@type\":\"PropertyValueSpecification\",\"valueRequired\":true,\"valueName\":\"search_term_string\"}}],\"inLanguage\":\"hu\"},{\"@type\":\"Person\",\"@id\":\"https:\/\/www.welovecycling.com\/hu\/#\/schema\/person\/414a2aebf1801691a5320edb6468e194\",\"name\":\"hegyizs\",\"image\":{\"@type\":\"ImageObject\",\"inLanguage\":\"hu\",\"@id\":\"https:\/\/www.welovecycling.com\/hu\/#\/schema\/person\/image\/\",\"url\":\"https:\/\/secure.gravatar.com\/avatar\/02cf8a7906b8cf90cecb4679defac7cfd33a1c2e3b88e4903d947f3bb58eedd3?s=96&d=mm&r=g\",\"contentUrl\":\"https:\/\/secure.gravatar.com\/avatar\/02cf8a7906b8cf90cecb4679defac7cfd33a1c2e3b88e4903d947f3bb58eedd3?s=96&d=mm&r=g\",\"caption\":\"hegyizs\"},\"url\":\"https:\/\/www.welovecycling.com\/hu\/author\/hegyizs\/\"}]}<\/script>\n<!-- \/ Yoast SEO Premium plugin. -->","yoast_head_json":{"title":"A valaha \u00e9lt 3 legjobb domestique","description":"M\u00e1r felt\u0171nt a l\u00e1that\u00e1ron az idei Tour de France, mi azonban egy picit m\u00e9g visszafel\u00e9 n\u00e9z\u00fcnk: azokra a h\u0151s\u00f6kre, akik a legnagyobb ker\u00e9kp\u00e1ros l\u00e1tv\u00e1nyoss\u00e1gg\u00e1 var\u00e1zsolj\u00e1k az esem\u00e9nyt, \u00e9vtizedek \u00f3ta. A legt\u00f6bben azokra gondolnak, akik megszerzik a s\u00e1rga vagy a \u0160koda z\u00f6ld trik\u00f3j\u00e1t, a legjobb sprinterekre \u00e9s legjobb hegym\u00e1sz\u00f3kra, vannak azonban m\u00e1sok is, akikr\u0151l besz\u00e9ln\u00fcnk kell.","robots":{"index":"index","follow":"follow","max-snippet":"max-snippet:-1","max-image-preview":"max-image-preview:large","max-video-preview":"max-video-preview:-1"},"canonical":"https:\/\/www.welovecycling.com\/hu\/orszaguti-kerekpar\/a-valaha-elt-3-legjobb-domestique\/","og_locale":"hu_HU","og_type":"article","og_title":"A valaha \u00e9lt 3 legjobb domestique","og_description":"M\u00e1r felt\u0171nt a l\u00e1that\u00e1ron az idei Tour de France, mi azonban egy picit m\u00e9g visszafel\u00e9 n\u00e9z\u00fcnk: azokra a h\u0151s\u00f6kre, akik a legnagyobb ker\u00e9kp\u00e1ros l\u00e1tv\u00e1nyoss\u00e1gg\u00e1 var\u00e1zsolj\u00e1k az esem\u00e9nyt, \u00e9vtizedek \u00f3ta. A legt\u00f6bben azokra gondolnak, akik megszerzik a s\u00e1rga vagy a \u0160koda z\u00f6ld trik\u00f3j\u00e1t, a legjobb sprinterekre \u00e9s legjobb hegym\u00e1sz\u00f3kra, vannak azonban m\u00e1sok is, akikr\u0151l besz\u00e9ln\u00fcnk kell.","og_url":"https:\/\/www.welovecycling.com\/hu\/orszaguti-kerekpar\/a-valaha-elt-3-legjobb-domestique\/","og_site_name":"\u0160koda We Love Cycling - Magyarorsz\u00e1g","article_publisher":"https:\/\/www.facebook.com\/WeLoveCyclingHungary\/","article_published_time":"2022-06-13T06:00:33+00:00","og_image":[{"width":990,"height":660,"url":"https:\/\/d2p6e6u75xmxt8.cloudfront.net\/12\/2022\/06\/Jean-Stablinski-profimedia-0068104119-CVR.jpg","type":"image\/jpeg"}],"author":"hegyizs","twitter_card":"summary_large_image","twitter_misc":{"Written by":"Martin Atanasov","Est. reading time":"6"},"schema":{"@context":"https:\/\/schema.org","@graph":[{"@type":"WebPage","@id":"https:\/\/www.welovecycling.com\/hu\/orszaguti-kerekpar\/a-valaha-elt-3-legjobb-domestique\/","url":"https:\/\/www.welovecycling.com\/hu\/orszaguti-kerekpar\/a-valaha-elt-3-legjobb-domestique\/","name":"A valaha \u00e9lt 3 legjobb domestique","isPartOf":{"@id":"https:\/\/www.welovecycling.com\/hu\/#website"},"primaryImageOfPage":{"@id":"https:\/\/www.welovecycling.com\/hu\/orszaguti-kerekpar\/a-valaha-elt-3-legjobb-domestique\/#primaryimage"},"image":{"@id":"https:\/\/www.welovecycling.com\/hu\/orszaguti-kerekpar\/a-valaha-elt-3-legjobb-domestique\/#primaryimage"},"thumbnailUrl":"https:\/\/d2p6e6u75xmxt8.cloudfront.net\/12\/2022\/06\/Jean-Stablinski-profimedia-0068104119-CVR.jpg","datePublished":"2022-06-13T06:00:33+00:00","author":{"@id":"https:\/\/www.welovecycling.com\/hu\/#\/schema\/person\/414a2aebf1801691a5320edb6468e194"},"description":"M\u00e1r felt\u0171nt a l\u00e1that\u00e1ron az idei Tour de France, mi azonban egy picit m\u00e9g visszafel\u00e9 n\u00e9z\u00fcnk: azokra a h\u0151s\u00f6kre, akik a legnagyobb ker\u00e9kp\u00e1ros l\u00e1tv\u00e1nyoss\u00e1gg\u00e1 var\u00e1zsolj\u00e1k az esem\u00e9nyt, \u00e9vtizedek \u00f3ta. A legt\u00f6bben azokra gondolnak, akik megszerzik a s\u00e1rga vagy a \u0160koda z\u00f6ld trik\u00f3j\u00e1t, a legjobb sprinterekre \u00e9s legjobb hegym\u00e1sz\u00f3kra, vannak azonban m\u00e1sok is, akikr\u0151l besz\u00e9ln\u00fcnk kell.","breadcrumb":{"@id":"https:\/\/www.welovecycling.com\/hu\/orszaguti-kerekpar\/a-valaha-elt-3-legjobb-domestique\/#breadcrumb"},"inLanguage":"hu","potentialAction":[{"@type":"ReadAction","target":["https:\/\/www.welovecycling.com\/hu\/orszaguti-kerekpar\/a-valaha-elt-3-legjobb-domestique\/"]}]},{"@type":"ImageObject","inLanguage":"hu","@id":"https:\/\/www.welovecycling.com\/hu\/orszaguti-kerekpar\/a-valaha-elt-3-legjobb-domestique\/#primaryimage","url":"https:\/\/d2p6e6u75xmxt8.cloudfront.net\/12\/2022\/06\/Jean-Stablinski-profimedia-0068104119-CVR.jpg","contentUrl":"https:\/\/d2p6e6u75xmxt8.cloudfront.net\/12\/2022\/06\/Jean-Stablinski-profimedia-0068104119-CVR.jpg","width":990,"height":660,"caption":"Jean Stablinski"},{"@type":"BreadcrumbList","@id":"https:\/\/www.welovecycling.com\/hu\/orszaguti-kerekpar\/a-valaha-elt-3-legjobb-domestique\/#breadcrumb","itemListElement":[{"@type":"ListItem","position":1,"name":"Home","item":"https:\/\/www.welovecycling.com\/hu\/"},{"@type":"ListItem","position":2,"name":"A valaha \u00e9lt 3 legjobb domestique"}]},{"@type":"WebSite","@id":"https:\/\/www.welovecycling.com\/hu\/#website","url":"https:\/\/www.welovecycling.com\/hu\/","name":"\u0160koda We Love Cycling - Magyarorsz\u00e1g","description":"\u0160koda WeLoveCycling","potentialAction":[{"@type":"SearchAction","target":{"@type":"EntryPoint","urlTemplate":"https:\/\/www.welovecycling.com\/hu\/?s={search_term_string}"},"query-input":{"@type":"PropertyValueSpecification","valueRequired":true,"valueName":"search_term_string"}}],"inLanguage":"hu"},{"@type":"Person","@id":"https:\/\/www.welovecycling.com\/hu\/#\/schema\/person\/414a2aebf1801691a5320edb6468e194","name":"hegyizs","image":{"@type":"ImageObject","inLanguage":"hu","@id":"https:\/\/www.welovecycling.com\/hu\/#\/schema\/person\/image\/","url":"https:\/\/secure.gravatar.com\/avatar\/02cf8a7906b8cf90cecb4679defac7cfd33a1c2e3b88e4903d947f3bb58eedd3?s=96&d=mm&r=g","contentUrl":"https:\/\/secure.gravatar.com\/avatar\/02cf8a7906b8cf90cecb4679defac7cfd33a1c2e3b88e4903d947f3bb58eedd3?s=96&d=mm&r=g","caption":"hegyizs"},"url":"https:\/\/www.welovecycling.com\/hu\/author\/hegyizs\/"}]}},"_links":{"self":[{"href":"https:\/\/www.welovecycling.com\/hu\/wp-json\/wp\/v2\/posts\/15185","targetHints":{"allow":["GET"]}}],"collection":[{"href":"https:\/\/www.welovecycling.com\/hu\/wp-json\/wp\/v2\/posts"}],"about":[{"href":"https:\/\/www.welovecycling.com\/hu\/wp-json\/wp\/v2\/types\/post"}],"author":[{"embeddable":true,"href":"https:\/\/www.welovecycling.com\/hu\/wp-json\/wp\/v2\/users\/71"}],"replies":[{"embeddable":true,"href":"https:\/\/www.welovecycling.com\/hu\/wp-json\/wp\/v2\/comments?post=15185"}],"version-history":[{"count":2,"href":"https:\/\/www.welovecycling.com\/hu\/wp-json\/wp\/v2\/posts\/15185\/revisions"}],"predecessor-version":[{"id":15192,"href":"https:\/\/www.welovecycling.com\/hu\/wp-json\/wp\/v2\/posts\/15185\/revisions\/15192"}],"wp:featuredmedia":[{"embeddable":true,"href":"https:\/\/www.welovecycling.com\/hu\/wp-json\/wp\/v2\/media\/15188"}],"wp:attachment":[{"href":"https:\/\/www.welovecycling.com\/hu\/wp-json\/wp\/v2\/media?parent=15185"}],"wp:term":[{"taxonomy":"category","embeddable":true,"href":"https:\/\/www.welovecycling.com\/hu\/wp-json\/wp\/v2\/categories?post=15185"},{"taxonomy":"post_tag","embeddable":true,"href":"https:\/\/www.welovecycling.com\/hu\/wp-json\/wp\/v2\/tags?post=15185"},{"taxonomy":"global-categories","embeddable":true,"href":"https:\/\/www.welovecycling.com\/hu\/wp-json\/wp\/v2\/global-categories?post=15185"}],"curies":[{"name":"wp","href":"https:\/\/api.w.org\/{rel}","templated":true}]}}