{"id":15178,"date":"2022-06-12T08:00:04","date_gmt":"2022-06-12T06:00:04","guid":{"rendered":"https:\/\/www.welovecycling.com\/hu\/?p=15178"},"modified":"2022-06-10T14:26:45","modified_gmt":"2022-06-10T12:26:45","slug":"froome-es-az-israel-kemenyen-kuzd-pinot-es-martin-beszolt-rafael-nadalnak","status":"publish","type":"post","link":"https:\/\/www.welovecycling.com\/hu\/orszaguti-kerekpar\/froome-es-az-israel-kemenyen-kuzd-pinot-es-martin-beszolt-rafael-nadalnak\/","title":{"rendered":"Froome \u00e9s az Israel kem\u00e9nyen k\u00fczd, Pinot \u00e9s Martin \u201ebesz\u00f3lt\u201d Rafael Nadalnak"},"content":{"rendered":"<p><strong>Chris Froome \u00e9letvesz\u00e9lyes balesete ut\u00e1n el\u0151sz\u00f6r versenyez v\u00e9gre f\u00e1jdalmak n\u00e9lk\u00fcl, \u00e1m k\u00f6nnyen lehet, csapat\u00e1t ez sem menti meg a \u201ekies\u00e9st\u0151l\u201d. Guillaume Martin szerint a ker\u00e9kp\u00e1rsportban ma m\u00e1r rajthoz sem lehetne \u00e1llni \u00fagy, mint ahogy Nadal id\u00e9n megnyerte \u00fajabb Roland Garros-tr\u00f3fe\u00e1j\u00e1t.<\/strong><!--more--><\/p>\n<p>Az ut\u00f3bbi id\u0151ben kev\u00e9s sz\u00f3 esett Chris Froome-r\u00f3l \u00e9s csapat\u00e1r\u00f3l, az Israel-PremierTechr\u0151l \u2013 ez persze a visszafogott teljes\u00edtm\u00e9ny\u00fck miatt is lehetett. A brit klasszis azonban nemr\u00e9giben egy 11. hellyel v\u00e9tette mag\u00e1t \u00e9szre az Alpes-Maritimes egynapos klasszikuson, ami a legjobb helyez\u00e9se volt az\u00f3ta, hogy visszat\u00e9rt a balesete ut\u00e1n (majd a Crit\u00e9rium du Dauphin\u00e9-n is rajthoz \u00e1llt, ahol az \u00f6t\u00f6dik szakaszig a top 40-ben volt). \u00cdgy \u00fajra feler\u0151s\u00f6dtek azok a k\u00e9rd\u00e9sek, hogy vajon a h\u00e9tszeres Grand Tour-gy\u0151ztes visszajuthat-e m\u00e9g hasonl\u00f3 szintre, mint amelyen szinte napra pontosan h\u00e1rom \u00e9vvel ezel\u0151tti, \u00e9letvesz\u00e9lyes buk\u00e1sa el\u0151tt volt \u2013 az akkor m\u00e9g az Ineosban versenyz\u0151 Froome a Crit\u00e9rium id\u0151futam-p\u00e1lyabej\u00e1r\u00e1s\u00e1n csap\u00f3dott falnak 50 km\/\u00f3ra feletti sebess\u00e9ggel, t\u00f6bb mint k\u00e9t liter v\u00e9rt vesz\u00edtett, nyakcsigoly\u00e1ja, k\u00f6ny\u00f6ke, cs\u00edp\u0151je, medencecsontja, combcsontja \u00e9s t\u00f6bb bord\u00e1ja is elt\u00f6rt, de m\u00e9g t\u00fcdeje is s\u00e9r\u00fclt, ment\u0151helikopterrel kellett az intenz\u00edv oszt\u00e1lyra sz\u00e1ll\u00edtani.<\/p>\n<figure id=\"attachment_15180\" aria-describedby=\"caption-attachment-15180\" style=\"width: 991px\" class=\"wp-caption alignnone\"><img loading=\"lazy\" decoding=\"async\" class=\"size-full wp-image-15180\" src=\"https:\/\/d2p6e6u75xmxt8.cloudfront.net\/12\/2022\/06\/froome-insta.jpg\" alt=\"\" width=\"991\" height=\"1001\" srcset=\"https:\/\/d2p6e6u75xmxt8.cloudfront.net\/12\/2022\/06\/froome-insta.jpg 991w, https:\/\/d2p6e6u75xmxt8.cloudfront.net\/12\/2022\/06\/froome-insta-297x300.jpg 297w, https:\/\/d2p6e6u75xmxt8.cloudfront.net\/12\/2022\/06\/froome-insta-768x776.jpg 768w\" sizes=\"auto, (max-width: 991px) 100vw, 991px\" \/><figcaption id=\"caption-attachment-15180\" class=\"wp-caption-text\">Chris Froome h\u00e1rom \u00e9ve, balesete ut\u00e1n a k\u00f3rh\u00e1zban (fot\u00f3: Instagram)<\/figcaption><\/figure>\n<p>Froome a bizonyos 11. helye ut\u00e1n el\u00e1rulta, most volt az els\u0151 alkalom a baleset \u00f3ta, hogy nem \u00e9rzett f\u00e1jdalmat, \u00e9s hogy megvolt a kell\u0151 egyens\u00faly is a jobb \u00e9s bal l\u00e1b\u00e1ban, majd a \u201er\u00e9gi\u201d \u00e9s mostani form\u00e1j\u00e1t firtat\u00f3 \u00f6sszehasonl\u00edt\u00e1sokra v\u00e1laszul burkoltan eml\u00e9keztetett mindenkit, azok ut\u00e1n, amiken kereszt\u00fclment, az is csoda, hogy egy\u00e1ltal\u00e1n itt van 36 \u00e9vesen. <em>\u201eAzok ut\u00e1n, amiket el\u00e9rtem a karrierem sor\u00e1n, \u00e9rthet\u0151, hogy az embereknek nagyok az elv\u00e1r\u00e1sai, ugyanakkor arra szerintem mindenkinek eml\u00e9keznie kellene, honnan j\u00f6ttem vissza az elm\u00falt h\u00e1rom \u00e9vben. H\u00e1rom \u00e9ve konkr\u00e9tan majdnem az \u00e9letemet vesztettem (\u2026), \u00fajra kellett tanulnom j\u00e1rni, azt\u00e1n vissza\u00fclni a bring\u00e1ra \u00e9s \u00fajra megtanulni tekerni, majd versenyezni\u2026\u201d <\/em>\u2013 nyilatkozta a n\u00e9gyszeres Tour de France-gy\u0151ztes Froome az ITV-nek a Dauphin\u00e9n, hozz\u00e1t\u00e9ve, h\u00e1l\u00e1val tartozik csapat\u00e1nak, az Israelnek az ir\u00e1nta tan\u00fas\u00edtott rengeteg t\u00fcrelem\u00e9rt.<\/p>\n<p>M\u00e1s k\u00e9rd\u00e9s, hogy az ist\u00e1ll\u00f3nak nem megy valami j\u00f3l: mi\u00f3ta 2020-ban Sylvan Adams kanadai-izraeli milli\u00e1rdos nem kis befektet\u00e9s\u00e9vel a World Tourba l\u00e9ptek, a h\u00e1rom\u00e9ves id\u0151szak alatt \u0151k gy\u0171jt\u00f6tt\u00e9k a legkevesebb vil\u00e1granglistapontot. \u00cdgy a \u201ekies\u00e9s\u201d fenyegeti \u0151ket, vagyis az a vesz\u00e9ly, hogy az olyan, az elitbe t\u00f6rekv\u0151 (s\u0151t, oda szinte m\u00e1r biztosan felker\u00fcl\u0151) Pro-csapatok, mint az Alpecin vagy az Ark\u00e9a az \u0151 hely\u00fck\u00f6n indulhatnak majd a k\u00f6vetkez\u0151 \u00e9vt\u0151l, m\u00edg nekik marad az eggyel alacsonyabb Pro-szint. A ker\u00e9kp\u00e1rsportban sem minden a p\u00e9nz.<\/p>\n<figure id=\"attachment_15181\" aria-describedby=\"caption-attachment-15181\" style=\"width: 1024px\" class=\"wp-caption alignnone\"><img loading=\"lazy\" decoding=\"async\" class=\"size-large wp-image-15181\" src=\"https:\/\/d2p6e6u75xmxt8.cloudfront.net\/12\/2022\/06\/Kramon_220301_LeSamyn_00735-1-1340x893-1-1024x682.jpg\" alt=\"\" width=\"1024\" height=\"682\" srcset=\"https:\/\/d2p6e6u75xmxt8.cloudfront.net\/12\/2022\/06\/Kramon_220301_LeSamyn_00735-1-1340x893-1-1024x682.jpg 1024w, https:\/\/d2p6e6u75xmxt8.cloudfront.net\/12\/2022\/06\/Kramon_220301_LeSamyn_00735-1-1340x893-1-300x200.jpg 300w, https:\/\/d2p6e6u75xmxt8.cloudfront.net\/12\/2022\/06\/Kramon_220301_LeSamyn_00735-1-1340x893-1-768x512.jpg 768w, https:\/\/d2p6e6u75xmxt8.cloudfront.net\/12\/2022\/06\/Kramon_220301_LeSamyn_00735-1-1340x893-1-272x182.jpg 272w, https:\/\/d2p6e6u75xmxt8.cloudfront.net\/12\/2022\/06\/Kramon_220301_LeSamyn_00735-1-1340x893-1.jpg 1340w\" sizes=\"auto, (max-width: 1024px) 100vw, 1024px\" \/><figcaption id=\"caption-attachment-15181\" class=\"wp-caption-text\">Az izraeli bejegyz\u00e9s\u0171 csapatn\u00e1l mostan\u00e1ban ink\u00e1bb csak agg\u00f3d\u00f3 arcokat l\u00e1tni (forr\u00e1s: Cyclingtips\/Kristof Ramon)<\/figcaption><\/figure>\n<p>Mindenesetre a sport\u00e1g hat\u00e1rain t\u00fall\u00e9pve k\u00f6zben \u00e1ll a b\u00e1l k\u00e9t francia szt\u00e1r, Thibaut Pinot \u00e9s Guillaume Martin g\u00fanyos megjegyz\u00e9sei miatt, amelyeket Rafael Nadalra tettek nyilv\u00e1nosan. A 14. Roland Garros-gy\u0151zelm\u00e9vel \u00f6sszesen 22. Grand Slam-siker\u00e9t begy\u0171jt\u0151 spanyol teniszcsillagot nem el\u0151sz\u00f6r \u00e9rik k\u00fcl\u00f6nf\u00e9le burkolt \u00e9s kev\u00e9sb\u00e9 burkolt (dopping)v\u00e1dak \u00e9s gyan\u00fas\u00edtgat\u00e1sok, a k\u00e9t bring\u00e1sn\u00e1l most az verte ki a biztos\u00edt\u00e9kot, hogy Nadal id\u00e9n is bevallottan kortikoszteroidos injekci\u00f3k t\u00f6meges beadat\u00e1s\u00e1val j\u00e1tszotta v\u00e9gig a Garrost r\u00e9g\u00f3ta emlegetett h\u00e1tf\u00e1jdalmai miatt. Valter Attila FDJ-s csapatt\u00e1rsa, Pinot a Twitter\u00e9n tett ironikus megjegyz\u00e9st \u201eNapjaink h\u0151sei\u2026\u201d komment\u00e1rral Nadal azon nyilatkozat\u00e1ra, mely szerint jobb, ha nem tudjuk, h\u00e1ny injekci\u00f3t kapott a torna ideje alatt; m\u00edg a cofidises Martin a L\u2019\u00c9quipe-nek fejtette ki b\u0151vebben, a ker\u00e9kp\u00e1rsportban ma m\u00e1r lehetetlen lenne \u00edgy versenyezni \u2013 \u00e9s szerinte ez \u00edgy is van j\u00f3l.<\/p>\n<figure id=\"attachment_15182\" aria-describedby=\"caption-attachment-15182\" style=\"width: 1024px\" class=\"wp-caption alignnone\"><img loading=\"lazy\" decoding=\"async\" class=\"size-large wp-image-15182\" src=\"https:\/\/d2p6e6u75xmxt8.cloudfront.net\/12\/2022\/06\/giXJmTnBUXnXJ8VfTUgpWf-1024x681.jpg\" alt=\"\" width=\"1024\" height=\"681\" srcset=\"https:\/\/d2p6e6u75xmxt8.cloudfront.net\/12\/2022\/06\/giXJmTnBUXnXJ8VfTUgpWf-1024x681.jpg 1024w, https:\/\/d2p6e6u75xmxt8.cloudfront.net\/12\/2022\/06\/giXJmTnBUXnXJ8VfTUgpWf-300x200.jpg 300w, https:\/\/d2p6e6u75xmxt8.cloudfront.net\/12\/2022\/06\/giXJmTnBUXnXJ8VfTUgpWf-768x511.jpg 768w, https:\/\/d2p6e6u75xmxt8.cloudfront.net\/12\/2022\/06\/giXJmTnBUXnXJ8VfTUgpWf-1536x1022.jpg 1536w, https:\/\/d2p6e6u75xmxt8.cloudfront.net\/12\/2022\/06\/giXJmTnBUXnXJ8VfTUgpWf-1920x1278.jpg 1920w, https:\/\/d2p6e6u75xmxt8.cloudfront.net\/12\/2022\/06\/giXJmTnBUXnXJ8VfTUgpWf-272x182.jpg 272w, https:\/\/d2p6e6u75xmxt8.cloudfront.net\/12\/2022\/06\/giXJmTnBUXnXJ8VfTUgpWf.jpg 2000w, https:\/\/d2p6e6u75xmxt8.cloudfront.net\/12\/2022\/06\/giXJmTnBUXnXJ8VfTUgpWf-1920x1278.jpg 1920w\" sizes=\"auto, (max-width: 1024px) 100vw, 1024px\" \/><figcaption id=\"caption-attachment-15182\" class=\"wp-caption-text\">Valter Attila csapatt\u00e1rsa, Thibaut Pinot mark\u00e1ns v\u00e9lem\u00e9nnyel van Nadalr\u00f3l\u2026 (fot\u00f3: Luca Bettini)<\/figcaption><\/figure>\n<p><em>Bor\u00edt\u00f3k\u00e9p: Cyclingweekly\/B.Hodes<\/em><\/p>\n","protected":false},"excerpt":{"rendered":"<p>Chris Froome \u00e9letvesz\u00e9lyes balesete ut\u00e1n el\u0151sz\u00f6r versenyez v\u00e9gre f\u00e1jdalmak n\u00e9lk\u00fcl, \u00e1m k\u00f6nnyen lehet, csapat\u00e1t ez sem menti meg a \u201ekies\u00e9st\u0151l\u201d. [&hellip;]<\/p>\n","protected":false},"author":71,"featured_media":15179,"comment_status":"closed","ping_status":"closed","sticky":false,"template":"","format":"standard","meta":{"footnotes":""},"categories":[8],"tags":[],"global-categories":[],"class_list":["post-15178","post","type-post","status-publish","format-standard","has-post-thumbnail","hentry","category-orszaguti-kerekpar"],"yoast_head":"<!-- This site is optimized with the Yoast SEO Premium plugin v25.3 (Yoast SEO v25.9) - https:\/\/yoast.com\/wordpress\/plugins\/seo\/ -->\n<title>Froome \u00e9s az Israel kem\u00e9nyen k\u00fczd, Pinot \u00e9s Martin \u201ebesz\u00f3lt\u201d Rafael Nadalnak<\/title>\n<meta name=\"description\" content=\"Chris Froome \u00e9letvesz\u00e9lyes balesete ut\u00e1n el\u0151sz\u00f6r versenyez v\u00e9gre f\u00e1jdalmak n\u00e9lk\u00fcl, \u00e1m k\u00f6nnyen lehet, csapat\u00e1t ez sem menti meg a \u201ekies\u00e9st\u0151l\u201d. Guillaume Martin szerint a ker\u00e9kp\u00e1rsportban ma m\u00e1r rajthoz sem lehetne \u00e1llni \u00fagy, mint ahogy Nadal id\u00e9n megnyerte \u00fajabb Roland Garros-tr\u00f3fe\u00e1j\u00e1t.\" \/>\n<meta name=\"robots\" content=\"index, follow, max-snippet:-1, max-image-preview:large, max-video-preview:-1\" \/>\n<link rel=\"canonical\" href=\"https:\/\/www.welovecycling.com\/hu\/orszaguti-kerekpar\/froome-es-az-israel-kemenyen-kuzd-pinot-es-martin-beszolt-rafael-nadalnak\/\" \/>\n<meta property=\"og:locale\" content=\"hu_HU\" \/>\n<meta property=\"og:type\" content=\"article\" \/>\n<meta property=\"og:title\" content=\"Froome \u00e9s az Israel kem\u00e9nyen k\u00fczd, Pinot \u00e9s Martin \u201ebesz\u00f3lt\u201d Rafael Nadalnak\" \/>\n<meta property=\"og:description\" content=\"Chris Froome \u00e9letvesz\u00e9lyes balesete ut\u00e1n el\u0151sz\u00f6r versenyez v\u00e9gre f\u00e1jdalmak n\u00e9lk\u00fcl, \u00e1m k\u00f6nnyen lehet, csapat\u00e1t ez sem menti meg a \u201ekies\u00e9st\u0151l\u201d. Guillaume Martin szerint a ker\u00e9kp\u00e1rsportban ma m\u00e1r rajthoz sem lehetne \u00e1llni \u00fagy, mint ahogy Nadal id\u00e9n megnyerte \u00fajabb Roland Garros-tr\u00f3fe\u00e1j\u00e1t.\" \/>\n<meta property=\"og:url\" content=\"https:\/\/www.welovecycling.com\/hu\/orszaguti-kerekpar\/froome-es-az-israel-kemenyen-kuzd-pinot-es-martin-beszolt-rafael-nadalnak\/\" \/>\n<meta property=\"og:site_name\" content=\"\u0160koda We Love Cycling - Magyarorsz\u00e1g\" \/>\n<meta property=\"article:publisher\" content=\"https:\/\/www.facebook.com\/WeLoveCyclingHungary\/\" \/>\n<meta property=\"article:published_time\" content=\"2022-06-12T06:00:04+00:00\" \/>\n<meta property=\"og:image\" content=\"https:\/\/d2p6e6u75xmxt8.cloudfront.net\/12\/2022\/06\/froome.jpeg\" \/>\n\t<meta property=\"og:image:width\" content=\"1107\" \/>\n\t<meta property=\"og:image:height\" content=\"747\" \/>\n\t<meta property=\"og:image:type\" content=\"image\/jpeg\" \/>\n<meta name=\"author\" content=\"hegyizs\" \/>\n<meta name=\"twitter:card\" content=\"summary_large_image\" \/>\n<meta name=\"twitter:label1\" content=\"Written by\" \/>\n\t<meta name=\"twitter:data1\" content=\"WLC\" \/>\n\t<meta name=\"twitter:label2\" content=\"Est. reading time\" \/>\n\t<meta name=\"twitter:data2\" content=\"4 minutes\" \/>\n<script type=\"application\/ld+json\" class=\"yoast-schema-graph\">{\"@context\":\"https:\/\/schema.org\",\"@graph\":[{\"@type\":\"WebPage\",\"@id\":\"https:\/\/www.welovecycling.com\/hu\/orszaguti-kerekpar\/froome-es-az-israel-kemenyen-kuzd-pinot-es-martin-beszolt-rafael-nadalnak\/\",\"url\":\"https:\/\/www.welovecycling.com\/hu\/orszaguti-kerekpar\/froome-es-az-israel-kemenyen-kuzd-pinot-es-martin-beszolt-rafael-nadalnak\/\",\"name\":\"Froome \u00e9s az Israel kem\u00e9nyen k\u00fczd, Pinot \u00e9s Martin \u201ebesz\u00f3lt\u201d Rafael Nadalnak\",\"isPartOf\":{\"@id\":\"https:\/\/www.welovecycling.com\/hu\/#website\"},\"primaryImageOfPage\":{\"@id\":\"https:\/\/www.welovecycling.com\/hu\/orszaguti-kerekpar\/froome-es-az-israel-kemenyen-kuzd-pinot-es-martin-beszolt-rafael-nadalnak\/#primaryimage\"},\"image\":{\"@id\":\"https:\/\/www.welovecycling.com\/hu\/orszaguti-kerekpar\/froome-es-az-israel-kemenyen-kuzd-pinot-es-martin-beszolt-rafael-nadalnak\/#primaryimage\"},\"thumbnailUrl\":\"https:\/\/d2p6e6u75xmxt8.cloudfront.net\/12\/2022\/06\/froome.jpeg\",\"datePublished\":\"2022-06-12T06:00:04+00:00\",\"author\":{\"@id\":\"https:\/\/www.welovecycling.com\/hu\/#\/schema\/person\/414a2aebf1801691a5320edb6468e194\"},\"description\":\"Chris Froome \u00e9letvesz\u00e9lyes balesete ut\u00e1n el\u0151sz\u00f6r versenyez v\u00e9gre f\u00e1jdalmak n\u00e9lk\u00fcl, \u00e1m k\u00f6nnyen lehet, csapat\u00e1t ez sem menti meg a \u201ekies\u00e9st\u0151l\u201d. Guillaume Martin szerint a ker\u00e9kp\u00e1rsportban ma m\u00e1r rajthoz sem lehetne \u00e1llni \u00fagy, mint ahogy Nadal id\u00e9n megnyerte \u00fajabb Roland Garros-tr\u00f3fe\u00e1j\u00e1t.\",\"breadcrumb\":{\"@id\":\"https:\/\/www.welovecycling.com\/hu\/orszaguti-kerekpar\/froome-es-az-israel-kemenyen-kuzd-pinot-es-martin-beszolt-rafael-nadalnak\/#breadcrumb\"},\"inLanguage\":\"hu\",\"potentialAction\":[{\"@type\":\"ReadAction\",\"target\":[\"https:\/\/www.welovecycling.com\/hu\/orszaguti-kerekpar\/froome-es-az-israel-kemenyen-kuzd-pinot-es-martin-beszolt-rafael-nadalnak\/\"]}]},{\"@type\":\"ImageObject\",\"inLanguage\":\"hu\",\"@id\":\"https:\/\/www.welovecycling.com\/hu\/orszaguti-kerekpar\/froome-es-az-israel-kemenyen-kuzd-pinot-es-martin-beszolt-rafael-nadalnak\/#primaryimage\",\"url\":\"https:\/\/d2p6e6u75xmxt8.cloudfront.net\/12\/2022\/06\/froome.jpeg\",\"contentUrl\":\"https:\/\/d2p6e6u75xmxt8.cloudfront.net\/12\/2022\/06\/froome.jpeg\",\"width\":1107,\"height\":747},{\"@type\":\"BreadcrumbList\",\"@id\":\"https:\/\/www.welovecycling.com\/hu\/orszaguti-kerekpar\/froome-es-az-israel-kemenyen-kuzd-pinot-es-martin-beszolt-rafael-nadalnak\/#breadcrumb\",\"itemListElement\":[{\"@type\":\"ListItem\",\"position\":1,\"name\":\"Home\",\"item\":\"https:\/\/www.welovecycling.com\/hu\/\"},{\"@type\":\"ListItem\",\"position\":2,\"name\":\"Froome \u00e9s az Israel kem\u00e9nyen k\u00fczd, Pinot \u00e9s Martin \u201ebesz\u00f3lt\u201d Rafael Nadalnak\"}]},{\"@type\":\"WebSite\",\"@id\":\"https:\/\/www.welovecycling.com\/hu\/#website\",\"url\":\"https:\/\/www.welovecycling.com\/hu\/\",\"name\":\"\u0160koda We Love Cycling - Magyarorsz\u00e1g\",\"description\":\"\u0160koda WeLoveCycling\",\"potentialAction\":[{\"@type\":\"SearchAction\",\"target\":{\"@type\":\"EntryPoint\",\"urlTemplate\":\"https:\/\/www.welovecycling.com\/hu\/?s={search_term_string}\"},\"query-input\":{\"@type\":\"PropertyValueSpecification\",\"valueRequired\":true,\"valueName\":\"search_term_string\"}}],\"inLanguage\":\"hu\"},{\"@type\":\"Person\",\"@id\":\"https:\/\/www.welovecycling.com\/hu\/#\/schema\/person\/414a2aebf1801691a5320edb6468e194\",\"name\":\"hegyizs\",\"image\":{\"@type\":\"ImageObject\",\"inLanguage\":\"hu\",\"@id\":\"https:\/\/www.welovecycling.com\/hu\/#\/schema\/person\/image\/\",\"url\":\"https:\/\/secure.gravatar.com\/avatar\/02cf8a7906b8cf90cecb4679defac7cfd33a1c2e3b88e4903d947f3bb58eedd3?s=96&d=mm&r=g\",\"contentUrl\":\"https:\/\/secure.gravatar.com\/avatar\/02cf8a7906b8cf90cecb4679defac7cfd33a1c2e3b88e4903d947f3bb58eedd3?s=96&d=mm&r=g\",\"caption\":\"hegyizs\"},\"url\":\"https:\/\/www.welovecycling.com\/hu\/author\/hegyizs\/\"}]}<\/script>\n<!-- \/ Yoast SEO Premium plugin. -->","yoast_head_json":{"title":"Froome \u00e9s az Israel kem\u00e9nyen k\u00fczd, Pinot \u00e9s Martin \u201ebesz\u00f3lt\u201d Rafael Nadalnak","description":"Chris Froome \u00e9letvesz\u00e9lyes balesete ut\u00e1n el\u0151sz\u00f6r versenyez v\u00e9gre f\u00e1jdalmak n\u00e9lk\u00fcl, \u00e1m k\u00f6nnyen lehet, csapat\u00e1t ez sem menti meg a \u201ekies\u00e9st\u0151l\u201d. Guillaume Martin szerint a ker\u00e9kp\u00e1rsportban ma m\u00e1r rajthoz sem lehetne \u00e1llni \u00fagy, mint ahogy Nadal id\u00e9n megnyerte \u00fajabb Roland Garros-tr\u00f3fe\u00e1j\u00e1t.","robots":{"index":"index","follow":"follow","max-snippet":"max-snippet:-1","max-image-preview":"max-image-preview:large","max-video-preview":"max-video-preview:-1"},"canonical":"https:\/\/www.welovecycling.com\/hu\/orszaguti-kerekpar\/froome-es-az-israel-kemenyen-kuzd-pinot-es-martin-beszolt-rafael-nadalnak\/","og_locale":"hu_HU","og_type":"article","og_title":"Froome \u00e9s az Israel kem\u00e9nyen k\u00fczd, Pinot \u00e9s Martin \u201ebesz\u00f3lt\u201d Rafael Nadalnak","og_description":"Chris Froome \u00e9letvesz\u00e9lyes balesete ut\u00e1n el\u0151sz\u00f6r versenyez v\u00e9gre f\u00e1jdalmak n\u00e9lk\u00fcl, \u00e1m k\u00f6nnyen lehet, csapat\u00e1t ez sem menti meg a \u201ekies\u00e9st\u0151l\u201d. Guillaume Martin szerint a ker\u00e9kp\u00e1rsportban ma m\u00e1r rajthoz sem lehetne \u00e1llni \u00fagy, mint ahogy Nadal id\u00e9n megnyerte \u00fajabb Roland Garros-tr\u00f3fe\u00e1j\u00e1t.","og_url":"https:\/\/www.welovecycling.com\/hu\/orszaguti-kerekpar\/froome-es-az-israel-kemenyen-kuzd-pinot-es-martin-beszolt-rafael-nadalnak\/","og_site_name":"\u0160koda We Love Cycling - Magyarorsz\u00e1g","article_publisher":"https:\/\/www.facebook.com\/WeLoveCyclingHungary\/","article_published_time":"2022-06-12T06:00:04+00:00","og_image":[{"width":1107,"height":747,"url":"https:\/\/d2p6e6u75xmxt8.cloudfront.net\/12\/2022\/06\/froome.jpeg","type":"image\/jpeg"}],"author":"hegyizs","twitter_card":"summary_large_image","twitter_misc":{"Written by":"WLC","Est. reading time":"4 minutes"},"schema":{"@context":"https:\/\/schema.org","@graph":[{"@type":"WebPage","@id":"https:\/\/www.welovecycling.com\/hu\/orszaguti-kerekpar\/froome-es-az-israel-kemenyen-kuzd-pinot-es-martin-beszolt-rafael-nadalnak\/","url":"https:\/\/www.welovecycling.com\/hu\/orszaguti-kerekpar\/froome-es-az-israel-kemenyen-kuzd-pinot-es-martin-beszolt-rafael-nadalnak\/","name":"Froome \u00e9s az Israel kem\u00e9nyen k\u00fczd, Pinot \u00e9s Martin \u201ebesz\u00f3lt\u201d Rafael Nadalnak","isPartOf":{"@id":"https:\/\/www.welovecycling.com\/hu\/#website"},"primaryImageOfPage":{"@id":"https:\/\/www.welovecycling.com\/hu\/orszaguti-kerekpar\/froome-es-az-israel-kemenyen-kuzd-pinot-es-martin-beszolt-rafael-nadalnak\/#primaryimage"},"image":{"@id":"https:\/\/www.welovecycling.com\/hu\/orszaguti-kerekpar\/froome-es-az-israel-kemenyen-kuzd-pinot-es-martin-beszolt-rafael-nadalnak\/#primaryimage"},"thumbnailUrl":"https:\/\/d2p6e6u75xmxt8.cloudfront.net\/12\/2022\/06\/froome.jpeg","datePublished":"2022-06-12T06:00:04+00:00","author":{"@id":"https:\/\/www.welovecycling.com\/hu\/#\/schema\/person\/414a2aebf1801691a5320edb6468e194"},"description":"Chris Froome \u00e9letvesz\u00e9lyes balesete ut\u00e1n el\u0151sz\u00f6r versenyez v\u00e9gre f\u00e1jdalmak n\u00e9lk\u00fcl, \u00e1m k\u00f6nnyen lehet, csapat\u00e1t ez sem menti meg a \u201ekies\u00e9st\u0151l\u201d. Guillaume Martin szerint a ker\u00e9kp\u00e1rsportban ma m\u00e1r rajthoz sem lehetne \u00e1llni \u00fagy, mint ahogy Nadal id\u00e9n megnyerte \u00fajabb Roland Garros-tr\u00f3fe\u00e1j\u00e1t.","breadcrumb":{"@id":"https:\/\/www.welovecycling.com\/hu\/orszaguti-kerekpar\/froome-es-az-israel-kemenyen-kuzd-pinot-es-martin-beszolt-rafael-nadalnak\/#breadcrumb"},"inLanguage":"hu","potentialAction":[{"@type":"ReadAction","target":["https:\/\/www.welovecycling.com\/hu\/orszaguti-kerekpar\/froome-es-az-israel-kemenyen-kuzd-pinot-es-martin-beszolt-rafael-nadalnak\/"]}]},{"@type":"ImageObject","inLanguage":"hu","@id":"https:\/\/www.welovecycling.com\/hu\/orszaguti-kerekpar\/froome-es-az-israel-kemenyen-kuzd-pinot-es-martin-beszolt-rafael-nadalnak\/#primaryimage","url":"https:\/\/d2p6e6u75xmxt8.cloudfront.net\/12\/2022\/06\/froome.jpeg","contentUrl":"https:\/\/d2p6e6u75xmxt8.cloudfront.net\/12\/2022\/06\/froome.jpeg","width":1107,"height":747},{"@type":"BreadcrumbList","@id":"https:\/\/www.welovecycling.com\/hu\/orszaguti-kerekpar\/froome-es-az-israel-kemenyen-kuzd-pinot-es-martin-beszolt-rafael-nadalnak\/#breadcrumb","itemListElement":[{"@type":"ListItem","position":1,"name":"Home","item":"https:\/\/www.welovecycling.com\/hu\/"},{"@type":"ListItem","position":2,"name":"Froome \u00e9s az Israel kem\u00e9nyen k\u00fczd, Pinot \u00e9s Martin \u201ebesz\u00f3lt\u201d Rafael Nadalnak"}]},{"@type":"WebSite","@id":"https:\/\/www.welovecycling.com\/hu\/#website","url":"https:\/\/www.welovecycling.com\/hu\/","name":"\u0160koda We Love Cycling - Magyarorsz\u00e1g","description":"\u0160koda WeLoveCycling","potentialAction":[{"@type":"SearchAction","target":{"@type":"EntryPoint","urlTemplate":"https:\/\/www.welovecycling.com\/hu\/?s={search_term_string}"},"query-input":{"@type":"PropertyValueSpecification","valueRequired":true,"valueName":"search_term_string"}}],"inLanguage":"hu"},{"@type":"Person","@id":"https:\/\/www.welovecycling.com\/hu\/#\/schema\/person\/414a2aebf1801691a5320edb6468e194","name":"hegyizs","image":{"@type":"ImageObject","inLanguage":"hu","@id":"https:\/\/www.welovecycling.com\/hu\/#\/schema\/person\/image\/","url":"https:\/\/secure.gravatar.com\/avatar\/02cf8a7906b8cf90cecb4679defac7cfd33a1c2e3b88e4903d947f3bb58eedd3?s=96&d=mm&r=g","contentUrl":"https:\/\/secure.gravatar.com\/avatar\/02cf8a7906b8cf90cecb4679defac7cfd33a1c2e3b88e4903d947f3bb58eedd3?s=96&d=mm&r=g","caption":"hegyizs"},"url":"https:\/\/www.welovecycling.com\/hu\/author\/hegyizs\/"}]}},"_links":{"self":[{"href":"https:\/\/www.welovecycling.com\/hu\/wp-json\/wp\/v2\/posts\/15178","targetHints":{"allow":["GET"]}}],"collection":[{"href":"https:\/\/www.welovecycling.com\/hu\/wp-json\/wp\/v2\/posts"}],"about":[{"href":"https:\/\/www.welovecycling.com\/hu\/wp-json\/wp\/v2\/types\/post"}],"author":[{"embeddable":true,"href":"https:\/\/www.welovecycling.com\/hu\/wp-json\/wp\/v2\/users\/71"}],"replies":[{"embeddable":true,"href":"https:\/\/www.welovecycling.com\/hu\/wp-json\/wp\/v2\/comments?post=15178"}],"version-history":[{"count":2,"href":"https:\/\/www.welovecycling.com\/hu\/wp-json\/wp\/v2\/posts\/15178\/revisions"}],"predecessor-version":[{"id":15184,"href":"https:\/\/www.welovecycling.com\/hu\/wp-json\/wp\/v2\/posts\/15178\/revisions\/15184"}],"wp:featuredmedia":[{"embeddable":true,"href":"https:\/\/www.welovecycling.com\/hu\/wp-json\/wp\/v2\/media\/15179"}],"wp:attachment":[{"href":"https:\/\/www.welovecycling.com\/hu\/wp-json\/wp\/v2\/media?parent=15178"}],"wp:term":[{"taxonomy":"category","embeddable":true,"href":"https:\/\/www.welovecycling.com\/hu\/wp-json\/wp\/v2\/categories?post=15178"},{"taxonomy":"post_tag","embeddable":true,"href":"https:\/\/www.welovecycling.com\/hu\/wp-json\/wp\/v2\/tags?post=15178"},{"taxonomy":"global-categories","embeddable":true,"href":"https:\/\/www.welovecycling.com\/hu\/wp-json\/wp\/v2\/global-categories?post=15178"}],"curies":[{"name":"wp","href":"https:\/\/api.w.org\/{rel}","templated":true}]}}