{"id":15171,"date":"2022-06-08T08:00:42","date_gmt":"2022-06-08T06:00:42","guid":{"rendered":"https:\/\/www.welovecycling.com\/hu\/?p=15171"},"modified":"2022-06-03T15:21:49","modified_gmt":"2022-06-03T13:21:49","slug":"tippek-ha-biciklivel-jarnal-munkaba","status":"publish","type":"post","link":"https:\/\/www.welovecycling.com\/hu\/varosi-kerekparozas\/tippek-ha-biciklivel-jarnal-munkaba\/","title":{"rendered":"Tippek, ha biciklivel j\u00e1rn\u00e1l munk\u00e1ba"},"content":{"rendered":"<p><strong>A j\u00f3 id\u0151 el\u00e9rkezt\u00e9vel nem meglep\u0151, hogy sokan \u00fajra bring\u00e1val indulnak dolgozni. Ha esetleg te m\u00e9g nem, mi csak aj\u00e1nlani tudjuk, mert (1) fitten tart, (2) k\u00f6lts\u00e9ghat\u00e9kony, (3) j\u00f3t tesz a bolyg\u00f3nak \u00e9s (4) nagyon j\u00f3 m\u00f3ka &#8211; k\u00fcl\u00f6n\u00f6sen akkor, ha a k\u00f6rny\u00e9keden biztons\u00e1gos biciklis infrastrukt\u00far\u00e1t \u00e9p\u00edtettek ki.<\/strong><\/p>\n<p><!--more--><\/p>\n<p>Ha gondolkozol azon, hogy kipr\u00f3b\u00e1ld, esetleg azon t\u0171n\u0151dsz, van-e jobb m\u00f3dja az\u00a0 utaz\u00e1snak, \u00edme n\u00e9h\u00e1ny tipp, hogy biztons\u00e1gosabb\u00e1 \u00e9s \u00e9lvezetesebb\u00e9 tedd a munk\u00e1ba vezet\u0151 utat. Mag\u00e1t\u00f3l \u00e9rtet\u0151d\u0151, hogy a ker\u00e9kp\u00e1roz\u00e1s legfontosabb eleme a bicikli, k\u00fcl\u00f6n\u00f6sen abban az esetben, ha hosszabb \u00fatr\u00f3l van sz\u00f3. Meg kell gy\u0151z\u0151dn\u00f6d arr\u00f3l, hogy minden t\u00f6k\u00e9letesen m\u0171k\u00f6dik &#8211; a f\u00e9kek, a gumiabroncsok, a l\u00e1nc, a ped\u00e1lok, a l\u00e1mpa \u00e9s a v\u00e1lt\u00f3rendszer. Keress egy olyan jav\u00edt\u00f3 m\u0171helyt, amiben megb\u00edzol (k\u00e9rd meg ker\u00e9kp\u00e1ros tapasztalattal rendelkez\u0151 bar\u00e1taid, hogy aj\u00e1nljanak egyet), vizsg\u00e1ltasd \u00e1t, \u00e9s sz\u00fcks\u00e9g eset\u00e9n jav\u00edttasd meg a bicajt.<\/p>\n<figure id=\"attachment_15172\" aria-describedby=\"caption-attachment-15172\" style=\"width: 1000px\" class=\"wp-caption alignnone\"><a href=\"https:\/\/d2p6e6u75xmxt8.cloudfront.net\/12\/2022\/06\/Cykelslangen-profimedia-0635992191.jpg\"><img loading=\"lazy\" decoding=\"async\" class=\"size-full wp-image-15172\" src=\"https:\/\/d2p6e6u75xmxt8.cloudfront.net\/12\/2022\/06\/Cykelslangen-profimedia-0635992191.jpg\" alt=\"Cykelslangen\" width=\"1000\" height=\"666\" srcset=\"https:\/\/d2p6e6u75xmxt8.cloudfront.net\/12\/2022\/06\/Cykelslangen-profimedia-0635992191.jpg 1000w, https:\/\/d2p6e6u75xmxt8.cloudfront.net\/12\/2022\/06\/Cykelslangen-profimedia-0635992191-300x200.jpg 300w, https:\/\/d2p6e6u75xmxt8.cloudfront.net\/12\/2022\/06\/Cykelslangen-profimedia-0635992191-768x511.jpg 768w, https:\/\/d2p6e6u75xmxt8.cloudfront.net\/12\/2022\/06\/Cykelslangen-profimedia-0635992191-272x182.jpg 272w\" sizes=\"auto, (max-width: 1000px) 100vw, 1000px\" \/><\/a><figcaption id=\"caption-attachment-15172\" class=\"wp-caption-text\"><em>Biciklisek a koppenh\u00e1gai Cykelslangen ker\u00e9kp\u00e1ros \u00e9s gyalogos h\u00eddon.\u00a9 Profimedia<\/em><\/figcaption><\/figure>\n<p>Keresd meg a legjobb &#8211; azaz legbiztons\u00e1gosabb &#8211; \u00fatvonalat otthonr\u00f3l a munkahelyedre, \u00e9s tegy\u00e9l egy pr\u00f3bak\u00f6rt, lehet\u0151leg h\u00e9tv\u00e9g\u00e9n. Ne a leggyorsabb \u00fatvonalat v\u00e1laszd, ha az potenci\u00e1lisan vesz\u00e9lyes keresztez\u0151d\u00e9seket vagy hossz\u00fa, ker\u00e9kp\u00e1rs\u00e1v n\u00e9lk\u00fcli \u00fatszakaszokat foglal mag\u00e1ban. Sz\u00e1mos j\u00f3 biciklis alkalmaz\u00e1s \u00e9s \u00fatvonalt\u00e9rk\u00e9pez\u0151 eszk\u00f6z is l\u00e9tezik, p\u00e9ld\u00e1ul a Komoot vagy a Ride with GPS, de a Google Maps \u00e9s az ehhez hasonl\u00f3 ismert online t\u00e9rk\u00e9pek is megfelelnek a c\u00e9lnak. Amennyiben viszonylag hossz\u00fa \u00fatra k\u00e9sz\u00fclsz, \u00e9rdemes szem\u00e9lyesen is megn\u00e9zni az \u00fatvonalat, csup\u00e1n az\u00e9rt, hogy r\u00e1\u00e9rezz, \u00e9s megbizonyosodj arr\u00f3l, hogy a val\u00f3s \u00fatvonal ugyanolyan j\u00f3, mint a virtu\u00e1lis. Ne feledd: a kisebb forgalom sok szempontb\u00f3l jobb az id\u0151menedzsmentn\u00e9l. Hiszen minden jobb, mint stresszesen be\u00e9rni a munk\u00e1ba.<\/p>\n<p>Murphy t\u00f6rv\u00e9ny, hogy ha valami elromolhat, akkor el is fog. Ez k\u00fcl\u00f6n\u00f6sen igaz cs\u00facsforgalom idej\u00e9n. Ez\u00e9rt mindig tervezz be legal\u00e1bb \u00f6t perc le\u00e1ll\u00e1st arra az esetre, ha egy forgalmi dug\u00f3 vagy m\u00e1s vesz\u00e9ly miatt k\u00f6telez\u0151 lass\u00edtani vagy alternat\u00edv \u00fatvonalat keresni. Ha nem t\u00f6rt\u00e9nik semmi, a plusz id\u0151 lehet\u0151v\u00e9 teszi, hogy k\u00e9nyelmesen utazhass ahelyett, hogy rohanva, izzadtan \u00e9s f\u00e1radtan \u00e9rkezn\u00e9l meg a munkahelyedre. S\u0151t, a biztons\u00e1g kedv\u00e9\u00e9rt ak\u00e1r t\u00edz percet is sz\u00e1molj r\u00e1. (Ker\u00e9kp\u00e1rosk\u00e9nt mindig els\u0151 a biztons\u00e1g.)<\/p>\n<p>Vigy\u00e9l magaddal v\u00e1lt\u00f3ruh\u00e1t, \u00e9s egy plusz gumibels\u0151t, valamint a defekt jav\u00edt\u00e1shoz sz\u00fcks\u00e9ges eszk\u00f6z\u00f6ket. Ha nem tudod, hogyan kell csin\u00e1lni, <a href=\"https:\/\/www.welovecycling.com\/hu\/edzes-es-eletmod\/defekt-van-panik-nincs-igy-cserelj-gumit-sajat-kezuleg-nehany-perc-alatt\/\">tanuld meg<\/a>! Az is j\u00f3 \u00f6tlet, ha olyan biciklisekkel besz\u00e9lsz \u00f6ssze, akik nagyr\u00e9szt ugyanazon az \u00fatvonalon tekernek \u00e9vek \u00f3ta, \u00edgy sz\u00e1mos tapasztalatot tudnak megosztani veled. Ez sokkal sz\u00f3rakoztat\u00f3bb, mint egyed\u00fcl tekerni! \u00c9rdemes elgondolkodni a biciklis biztos\u00edt\u00e1son is\u2026 a biztons\u00e1g kedv\u00e9\u00e9rt. Ne feledd Murphy t\u00f6rv\u00e9ny\u00e9t (l\u00e1sd fentebb)!<\/p>\n<p>Az id\u0151j\u00e1r\u00e1s szesz\u00e9lyes, \u00e9s egy szempillant\u00e1s alatt megv\u00e1ltozhat. Term\u00e9szetesen t\u00e1j\u00e9koz\u00f3dj a ter\u00fcletedre vonatkoz\u00f3 legfrissebb el\u0151rejelz\u00e9sekr\u0151l, miel\u0151tt reggel elindulsz, de mindig legyen n\u00e1lad valami, ami melegen \u00e9s sz\u00e1razon tart. Ha valami elromolhat, az \u00e1ltal\u00e1ban az id\u0151j\u00e1r\u00e1s!<\/p>\n","protected":false},"excerpt":{"rendered":"<p>A j\u00f3 id\u0151 el\u00e9rkezt\u00e9vel nem meglep\u0151, hogy sokan \u00fajra bring\u00e1val indulnak dolgozni. Ha esetleg te m\u00e9g nem, mi csak aj\u00e1nlani [&hellip;]<\/p>\n","protected":false},"author":71,"featured_media":15174,"comment_status":"open","ping_status":"open","sticky":false,"template":"","format":"standard","meta":{"footnotes":""},"categories":[9],"tags":[],"global-categories":[],"class_list":["post-15171","post","type-post","status-publish","format-standard","has-post-thumbnail","hentry","category-varosi-kerekparozas"],"yoast_head":"<!-- This site is optimized with the Yoast SEO Premium plugin v25.3 (Yoast SEO v25.9) - https:\/\/yoast.com\/wordpress\/plugins\/seo\/ -->\n<title>Tippek, ha biciklivel j\u00e1rn\u00e1l munk\u00e1ba<\/title>\n<meta name=\"description\" content=\"A j\u00f3 id\u0151 el\u00e9rkezt\u00e9vel nem meglep\u0151, hogy sokan \u00fajra bring\u00e1val indulnak dolgozni. Ha esetleg te m\u00e9g nem, mi csak aj\u00e1nlani tudjuk, mert (1) fitten tart, (2) k\u00f6lts\u00e9ghat\u00e9kony, (3) j\u00f3t tesz a bolyg\u00f3nak \u00e9s (4) nagyon j\u00f3 m\u00f3ka - k\u00fcl\u00f6n\u00f6sen akkor, ha a k\u00f6rny\u00e9keden biztons\u00e1gos biciklis infrastrukt\u00far\u00e1t \u00e9p\u00edtettek ki.\" \/>\n<meta name=\"robots\" content=\"index, follow, max-snippet:-1, max-image-preview:large, max-video-preview:-1\" \/>\n<link rel=\"canonical\" href=\"https:\/\/www.welovecycling.com\/hu\/varosi-kerekparozas\/tippek-ha-biciklivel-jarnal-munkaba\/\" \/>\n<meta property=\"og:locale\" content=\"hu_HU\" \/>\n<meta property=\"og:type\" content=\"article\" \/>\n<meta property=\"og:title\" content=\"Tippek, ha biciklivel j\u00e1rn\u00e1l munk\u00e1ba\" \/>\n<meta property=\"og:description\" content=\"A j\u00f3 id\u0151 el\u00e9rkezt\u00e9vel nem meglep\u0151, hogy sokan \u00fajra bring\u00e1val indulnak dolgozni. Ha esetleg te m\u00e9g nem, mi csak aj\u00e1nlani tudjuk, mert (1) fitten tart, (2) k\u00f6lts\u00e9ghat\u00e9kony, (3) j\u00f3t tesz a bolyg\u00f3nak \u00e9s (4) nagyon j\u00f3 m\u00f3ka - k\u00fcl\u00f6n\u00f6sen akkor, ha a k\u00f6rny\u00e9keden biztons\u00e1gos biciklis infrastrukt\u00far\u00e1t \u00e9p\u00edtettek ki.\" \/>\n<meta property=\"og:url\" content=\"https:\/\/www.welovecycling.com\/hu\/varosi-kerekparozas\/tippek-ha-biciklivel-jarnal-munkaba\/\" \/>\n<meta property=\"og:site_name\" content=\"\u0160koda We Love Cycling - Magyarorsz\u00e1g\" \/>\n<meta property=\"article:publisher\" content=\"https:\/\/www.facebook.com\/WeLoveCyclingHungary\/\" \/>\n<meta property=\"article:published_time\" content=\"2022-06-08T06:00:42+00:00\" \/>\n<meta property=\"og:image\" content=\"https:\/\/d2p6e6u75xmxt8.cloudfront.net\/12\/2022\/06\/Bicycle-Commuters-profimedia-0693070763-CVR.jpg\" \/>\n\t<meta property=\"og:image:width\" content=\"990\" \/>\n\t<meta property=\"og:image:height\" content=\"660\" \/>\n\t<meta property=\"og:image:type\" content=\"image\/jpeg\" \/>\n<meta name=\"author\" content=\"hegyizs\" \/>\n<meta name=\"twitter:card\" content=\"summary_large_image\" \/>\n<meta name=\"twitter:label1\" content=\"Written by\" \/>\n\t<meta name=\"twitter:data1\" content=\"Siegfried Mortkowitz\" \/>\n\t<meta name=\"twitter:label2\" content=\"Est. reading time\" \/>\n\t<meta name=\"twitter:data2\" content=\"5\" \/>\n<script type=\"application\/ld+json\" class=\"yoast-schema-graph\">{\"@context\":\"https:\/\/schema.org\",\"@graph\":[{\"@type\":\"WebPage\",\"@id\":\"https:\/\/www.welovecycling.com\/hu\/varosi-kerekparozas\/tippek-ha-biciklivel-jarnal-munkaba\/\",\"url\":\"https:\/\/www.welovecycling.com\/hu\/varosi-kerekparozas\/tippek-ha-biciklivel-jarnal-munkaba\/\",\"name\":\"Tippek, ha biciklivel j\u00e1rn\u00e1l munk\u00e1ba\",\"isPartOf\":{\"@id\":\"https:\/\/www.welovecycling.com\/hu\/#website\"},\"primaryImageOfPage\":{\"@id\":\"https:\/\/www.welovecycling.com\/hu\/varosi-kerekparozas\/tippek-ha-biciklivel-jarnal-munkaba\/#primaryimage\"},\"image\":{\"@id\":\"https:\/\/www.welovecycling.com\/hu\/varosi-kerekparozas\/tippek-ha-biciklivel-jarnal-munkaba\/#primaryimage\"},\"thumbnailUrl\":\"https:\/\/d2p6e6u75xmxt8.cloudfront.net\/12\/2022\/06\/Bicycle-Commuters-profimedia-0693070763-CVR.jpg\",\"datePublished\":\"2022-06-08T06:00:42+00:00\",\"author\":{\"@id\":\"https:\/\/www.welovecycling.com\/hu\/#\/schema\/person\/414a2aebf1801691a5320edb6468e194\"},\"description\":\"A j\u00f3 id\u0151 el\u00e9rkezt\u00e9vel nem meglep\u0151, hogy sokan \u00fajra bring\u00e1val indulnak dolgozni. Ha esetleg te m\u00e9g nem, mi csak aj\u00e1nlani tudjuk, mert (1) fitten tart, (2) k\u00f6lts\u00e9ghat\u00e9kony, (3) j\u00f3t tesz a bolyg\u00f3nak \u00e9s (4) nagyon j\u00f3 m\u00f3ka - k\u00fcl\u00f6n\u00f6sen akkor, ha a k\u00f6rny\u00e9keden biztons\u00e1gos biciklis infrastrukt\u00far\u00e1t \u00e9p\u00edtettek ki.\",\"breadcrumb\":{\"@id\":\"https:\/\/www.welovecycling.com\/hu\/varosi-kerekparozas\/tippek-ha-biciklivel-jarnal-munkaba\/#breadcrumb\"},\"inLanguage\":\"hu\",\"potentialAction\":[{\"@type\":\"ReadAction\",\"target\":[\"https:\/\/www.welovecycling.com\/hu\/varosi-kerekparozas\/tippek-ha-biciklivel-jarnal-munkaba\/\"]}]},{\"@type\":\"ImageObject\",\"inLanguage\":\"hu\",\"@id\":\"https:\/\/www.welovecycling.com\/hu\/varosi-kerekparozas\/tippek-ha-biciklivel-jarnal-munkaba\/#primaryimage\",\"url\":\"https:\/\/d2p6e6u75xmxt8.cloudfront.net\/12\/2022\/06\/Bicycle-Commuters-profimedia-0693070763-CVR.jpg\",\"contentUrl\":\"https:\/\/d2p6e6u75xmxt8.cloudfront.net\/12\/2022\/06\/Bicycle-Commuters-profimedia-0693070763-CVR.jpg\",\"width\":990,\"height\":660,\"caption\":\"Bike commuters\"},{\"@type\":\"BreadcrumbList\",\"@id\":\"https:\/\/www.welovecycling.com\/hu\/varosi-kerekparozas\/tippek-ha-biciklivel-jarnal-munkaba\/#breadcrumb\",\"itemListElement\":[{\"@type\":\"ListItem\",\"position\":1,\"name\":\"Home\",\"item\":\"https:\/\/www.welovecycling.com\/hu\/\"},{\"@type\":\"ListItem\",\"position\":2,\"name\":\"Tippek, ha biciklivel j\u00e1rn\u00e1l munk\u00e1ba\"}]},{\"@type\":\"WebSite\",\"@id\":\"https:\/\/www.welovecycling.com\/hu\/#website\",\"url\":\"https:\/\/www.welovecycling.com\/hu\/\",\"name\":\"\u0160koda We Love Cycling - Magyarorsz\u00e1g\",\"description\":\"\u0160koda WeLoveCycling\",\"potentialAction\":[{\"@type\":\"SearchAction\",\"target\":{\"@type\":\"EntryPoint\",\"urlTemplate\":\"https:\/\/www.welovecycling.com\/hu\/?s={search_term_string}\"},\"query-input\":{\"@type\":\"PropertyValueSpecification\",\"valueRequired\":true,\"valueName\":\"search_term_string\"}}],\"inLanguage\":\"hu\"},{\"@type\":\"Person\",\"@id\":\"https:\/\/www.welovecycling.com\/hu\/#\/schema\/person\/414a2aebf1801691a5320edb6468e194\",\"name\":\"hegyizs\",\"image\":{\"@type\":\"ImageObject\",\"inLanguage\":\"hu\",\"@id\":\"https:\/\/www.welovecycling.com\/hu\/#\/schema\/person\/image\/\",\"url\":\"https:\/\/secure.gravatar.com\/avatar\/02cf8a7906b8cf90cecb4679defac7cfd33a1c2e3b88e4903d947f3bb58eedd3?s=96&d=mm&r=g\",\"contentUrl\":\"https:\/\/secure.gravatar.com\/avatar\/02cf8a7906b8cf90cecb4679defac7cfd33a1c2e3b88e4903d947f3bb58eedd3?s=96&d=mm&r=g\",\"caption\":\"hegyizs\"},\"url\":\"https:\/\/www.welovecycling.com\/hu\/author\/hegyizs\/\"}]}<\/script>\n<!-- \/ Yoast SEO Premium plugin. -->","yoast_head_json":{"title":"Tippek, ha biciklivel j\u00e1rn\u00e1l munk\u00e1ba","description":"A j\u00f3 id\u0151 el\u00e9rkezt\u00e9vel nem meglep\u0151, hogy sokan \u00fajra bring\u00e1val indulnak dolgozni. Ha esetleg te m\u00e9g nem, mi csak aj\u00e1nlani tudjuk, mert (1) fitten tart, (2) k\u00f6lts\u00e9ghat\u00e9kony, (3) j\u00f3t tesz a bolyg\u00f3nak \u00e9s (4) nagyon j\u00f3 m\u00f3ka - k\u00fcl\u00f6n\u00f6sen akkor, ha a k\u00f6rny\u00e9keden biztons\u00e1gos biciklis infrastrukt\u00far\u00e1t \u00e9p\u00edtettek ki.","robots":{"index":"index","follow":"follow","max-snippet":"max-snippet:-1","max-image-preview":"max-image-preview:large","max-video-preview":"max-video-preview:-1"},"canonical":"https:\/\/www.welovecycling.com\/hu\/varosi-kerekparozas\/tippek-ha-biciklivel-jarnal-munkaba\/","og_locale":"hu_HU","og_type":"article","og_title":"Tippek, ha biciklivel j\u00e1rn\u00e1l munk\u00e1ba","og_description":"A j\u00f3 id\u0151 el\u00e9rkezt\u00e9vel nem meglep\u0151, hogy sokan \u00fajra bring\u00e1val indulnak dolgozni. Ha esetleg te m\u00e9g nem, mi csak aj\u00e1nlani tudjuk, mert (1) fitten tart, (2) k\u00f6lts\u00e9ghat\u00e9kony, (3) j\u00f3t tesz a bolyg\u00f3nak \u00e9s (4) nagyon j\u00f3 m\u00f3ka - k\u00fcl\u00f6n\u00f6sen akkor, ha a k\u00f6rny\u00e9keden biztons\u00e1gos biciklis infrastrukt\u00far\u00e1t \u00e9p\u00edtettek ki.","og_url":"https:\/\/www.welovecycling.com\/hu\/varosi-kerekparozas\/tippek-ha-biciklivel-jarnal-munkaba\/","og_site_name":"\u0160koda We Love Cycling - Magyarorsz\u00e1g","article_publisher":"https:\/\/www.facebook.com\/WeLoveCyclingHungary\/","article_published_time":"2022-06-08T06:00:42+00:00","og_image":[{"width":990,"height":660,"url":"https:\/\/d2p6e6u75xmxt8.cloudfront.net\/12\/2022\/06\/Bicycle-Commuters-profimedia-0693070763-CVR.jpg","type":"image\/jpeg"}],"author":"hegyizs","twitter_card":"summary_large_image","twitter_misc":{"Written by":"Siegfried Mortkowitz","Est. reading time":"5"},"schema":{"@context":"https:\/\/schema.org","@graph":[{"@type":"WebPage","@id":"https:\/\/www.welovecycling.com\/hu\/varosi-kerekparozas\/tippek-ha-biciklivel-jarnal-munkaba\/","url":"https:\/\/www.welovecycling.com\/hu\/varosi-kerekparozas\/tippek-ha-biciklivel-jarnal-munkaba\/","name":"Tippek, ha biciklivel j\u00e1rn\u00e1l munk\u00e1ba","isPartOf":{"@id":"https:\/\/www.welovecycling.com\/hu\/#website"},"primaryImageOfPage":{"@id":"https:\/\/www.welovecycling.com\/hu\/varosi-kerekparozas\/tippek-ha-biciklivel-jarnal-munkaba\/#primaryimage"},"image":{"@id":"https:\/\/www.welovecycling.com\/hu\/varosi-kerekparozas\/tippek-ha-biciklivel-jarnal-munkaba\/#primaryimage"},"thumbnailUrl":"https:\/\/d2p6e6u75xmxt8.cloudfront.net\/12\/2022\/06\/Bicycle-Commuters-profimedia-0693070763-CVR.jpg","datePublished":"2022-06-08T06:00:42+00:00","author":{"@id":"https:\/\/www.welovecycling.com\/hu\/#\/schema\/person\/414a2aebf1801691a5320edb6468e194"},"description":"A j\u00f3 id\u0151 el\u00e9rkezt\u00e9vel nem meglep\u0151, hogy sokan \u00fajra bring\u00e1val indulnak dolgozni. Ha esetleg te m\u00e9g nem, mi csak aj\u00e1nlani tudjuk, mert (1) fitten tart, (2) k\u00f6lts\u00e9ghat\u00e9kony, (3) j\u00f3t tesz a bolyg\u00f3nak \u00e9s (4) nagyon j\u00f3 m\u00f3ka - k\u00fcl\u00f6n\u00f6sen akkor, ha a k\u00f6rny\u00e9keden biztons\u00e1gos biciklis infrastrukt\u00far\u00e1t \u00e9p\u00edtettek ki.","breadcrumb":{"@id":"https:\/\/www.welovecycling.com\/hu\/varosi-kerekparozas\/tippek-ha-biciklivel-jarnal-munkaba\/#breadcrumb"},"inLanguage":"hu","potentialAction":[{"@type":"ReadAction","target":["https:\/\/www.welovecycling.com\/hu\/varosi-kerekparozas\/tippek-ha-biciklivel-jarnal-munkaba\/"]}]},{"@type":"ImageObject","inLanguage":"hu","@id":"https:\/\/www.welovecycling.com\/hu\/varosi-kerekparozas\/tippek-ha-biciklivel-jarnal-munkaba\/#primaryimage","url":"https:\/\/d2p6e6u75xmxt8.cloudfront.net\/12\/2022\/06\/Bicycle-Commuters-profimedia-0693070763-CVR.jpg","contentUrl":"https:\/\/d2p6e6u75xmxt8.cloudfront.net\/12\/2022\/06\/Bicycle-Commuters-profimedia-0693070763-CVR.jpg","width":990,"height":660,"caption":"Bike commuters"},{"@type":"BreadcrumbList","@id":"https:\/\/www.welovecycling.com\/hu\/varosi-kerekparozas\/tippek-ha-biciklivel-jarnal-munkaba\/#breadcrumb","itemListElement":[{"@type":"ListItem","position":1,"name":"Home","item":"https:\/\/www.welovecycling.com\/hu\/"},{"@type":"ListItem","position":2,"name":"Tippek, ha biciklivel j\u00e1rn\u00e1l munk\u00e1ba"}]},{"@type":"WebSite","@id":"https:\/\/www.welovecycling.com\/hu\/#website","url":"https:\/\/www.welovecycling.com\/hu\/","name":"\u0160koda We Love Cycling - Magyarorsz\u00e1g","description":"\u0160koda WeLoveCycling","potentialAction":[{"@type":"SearchAction","target":{"@type":"EntryPoint","urlTemplate":"https:\/\/www.welovecycling.com\/hu\/?s={search_term_string}"},"query-input":{"@type":"PropertyValueSpecification","valueRequired":true,"valueName":"search_term_string"}}],"inLanguage":"hu"},{"@type":"Person","@id":"https:\/\/www.welovecycling.com\/hu\/#\/schema\/person\/414a2aebf1801691a5320edb6468e194","name":"hegyizs","image":{"@type":"ImageObject","inLanguage":"hu","@id":"https:\/\/www.welovecycling.com\/hu\/#\/schema\/person\/image\/","url":"https:\/\/secure.gravatar.com\/avatar\/02cf8a7906b8cf90cecb4679defac7cfd33a1c2e3b88e4903d947f3bb58eedd3?s=96&d=mm&r=g","contentUrl":"https:\/\/secure.gravatar.com\/avatar\/02cf8a7906b8cf90cecb4679defac7cfd33a1c2e3b88e4903d947f3bb58eedd3?s=96&d=mm&r=g","caption":"hegyizs"},"url":"https:\/\/www.welovecycling.com\/hu\/author\/hegyizs\/"}]}},"_links":{"self":[{"href":"https:\/\/www.welovecycling.com\/hu\/wp-json\/wp\/v2\/posts\/15171","targetHints":{"allow":["GET"]}}],"collection":[{"href":"https:\/\/www.welovecycling.com\/hu\/wp-json\/wp\/v2\/posts"}],"about":[{"href":"https:\/\/www.welovecycling.com\/hu\/wp-json\/wp\/v2\/types\/post"}],"author":[{"embeddable":true,"href":"https:\/\/www.welovecycling.com\/hu\/wp-json\/wp\/v2\/users\/71"}],"replies":[{"embeddable":true,"href":"https:\/\/www.welovecycling.com\/hu\/wp-json\/wp\/v2\/comments?post=15171"}],"version-history":[{"count":2,"href":"https:\/\/www.welovecycling.com\/hu\/wp-json\/wp\/v2\/posts\/15171\/revisions"}],"predecessor-version":[{"id":15175,"href":"https:\/\/www.welovecycling.com\/hu\/wp-json\/wp\/v2\/posts\/15171\/revisions\/15175"}],"wp:featuredmedia":[{"embeddable":true,"href":"https:\/\/www.welovecycling.com\/hu\/wp-json\/wp\/v2\/media\/15174"}],"wp:attachment":[{"href":"https:\/\/www.welovecycling.com\/hu\/wp-json\/wp\/v2\/media?parent=15171"}],"wp:term":[{"taxonomy":"category","embeddable":true,"href":"https:\/\/www.welovecycling.com\/hu\/wp-json\/wp\/v2\/categories?post=15171"},{"taxonomy":"post_tag","embeddable":true,"href":"https:\/\/www.welovecycling.com\/hu\/wp-json\/wp\/v2\/tags?post=15171"},{"taxonomy":"global-categories","embeddable":true,"href":"https:\/\/www.welovecycling.com\/hu\/wp-json\/wp\/v2\/global-categories?post=15171"}],"curies":[{"name":"wp","href":"https:\/\/api.w.org\/{rel}","templated":true}]}}