{"id":15164,"date":"2022-06-10T08:00:10","date_gmt":"2022-06-10T06:00:10","guid":{"rendered":"https:\/\/www.welovecycling.com\/hu\/?p=15164"},"modified":"2022-06-03T15:23:00","modified_gmt":"2022-06-03T13:23:00","slug":"szeretsz-biciklizni-probald-ki-a-jogat","status":"publish","type":"post","link":"https:\/\/www.welovecycling.com\/hu\/edzes-es-eletmod\/szeretsz-biciklizni-probald-ki-a-jogat\/","title":{"rendered":"Szeretsz biciklizni? Pr\u00f3b\u00e1ld ki a j\u00f3g\u00e1t!"},"content":{"rendered":"<p><strong>Ha szeretsz biciklizni, val\u00f3sz\u00edn\u0171leg sok id\u0151t t\u00f6ltesz azzal, hogy azon gondolkozol, hogyan n\u00f6velheted m\u00e9g az \u00e1ll\u00f3k\u00e9pess\u00e9ged, a sebess\u00e9ged \u00e9s az er\u0151d. Mobilit\u00e1s, l\u00e9gz\u00e9s, er\u0151? Nos, ezek nem biztos, hogy mag\u00e1t\u00f3l \u00e9rtet\u0151d\u0151ek. <\/strong><\/p>\n<p><!--more--><\/p>\n<p>El\u00e1rulunk egy titkot &#8211; ezek a k\u00e9pess\u00e9gek ugyan\u00fagy k\u00e9pesek seg\u00edteni a teljes\u00edtm\u00e9nyed jav\u00edt\u00e1s\u00e1ban. R\u00e1ad\u00e1sul tal\u00e1n m\u00e9g az \u00e1ltal\u00e1nos \u00e9letmin\u0151s\u00e9ged is jav\u00edthatj\u00e1k. \u00c9rdekesnek hangzik? Olvass tov\u00e1bb!<\/p>\n<p>Gyerekkorom \u00f3ta futok, biciklizek, t\u00e1ncolok, sportolok. A h\u00faszas \u00e9veim elej\u00e9n n\u00e9ha j\u00f3ga\u00f3r\u00e1kra is j\u00e1rtam. B\u00e1r \u00e9lveztem azokat az \u00f3r\u00e1kat, amikre siker\u00fclt eljutnom, csak amikor elkezdtem elgondolkodni azon, hogy n\u00e9h\u00e1ny m\u00e1s tev\u00e9kenys\u00e9g milyen k\u00e1rokat okozott a testemnek &#8211; amellett, hogy a fitts\u00e9g milyen szerepet j\u00e1tszik a ment\u00e1lis eg\u00e9szs\u00e9gben -, akkor kezdtem el komolyan venni a j\u00f3g\u00e1t.<\/p>\n<p>Miut\u00e1n nemr\u00e9giben elv\u00e9geztem egy \u00e1tfog\u00f3 Vinyasa j\u00f3gaoktat\u00f3i k\u00e9pz\u00e9st, minden eddigin\u00e9l jobban meg vagyok gy\u0151zve arr\u00f3l, hogy a j\u00f3ga rengeteget seg\u00edt, f\u0151leg a bicikliseknek. Tarts velem \u00e9s tudd meg, miben seg\u00edti a j\u00f3ga a ker\u00e9kp\u00e1roz\u00e1st \u00e9s tanulj meg n\u00e9h\u00e1ny j\u00f3gap\u00f3zt, amiket ak\u00e1r m\u00e1r ma kipr\u00f3b\u00e1lhatsz!<\/p>\n<h2><strong>T\u00f6bb k\u00f6z\u00f6s van a j\u00f3g\u00e1ban \u00e9s a bicikliz\u00e9sben, mint els\u0151re gondoln\u00e1d<\/strong><\/h2>\n<p>Ha \u00fagy gondolsz a j\u00f3g\u00e1ra, mint egy els\u0151sorban statikus gyakorlatra, az val\u00f3sz\u00edn\u0171leg az\u00e9rt van, mert m\u00e9g nem pr\u00f3b\u00e1ltad ki. A j\u00f3ga sz\u00e1mos fajt\u00e1ja mag\u00e1ban foglalja azt, amit mi &#8220;flow&#8221;-nak vagy mozg\u00e1sos medit\u00e1ci\u00f3nak nevez\u00fcnk. Z\u00f6kken\u0151mentesen l\u00e9psz \u00e1t egyik testtart\u00e1sb\u00f3l a m\u00e1sikba, a l\u00e9gz\u00e9sedet egyfajta h\u00eddk\u00e9nt haszn\u00e1lva, ami mindent \u00f6sszek\u00f6t, \u00e9s egy \u00f6sszef\u00fcgg\u0151 test-l\u00e9lek \u00e9lm\u00e9nyt hoz l\u00e9tre. A bicikliz\u00e9shez hasonl\u00f3an akkor profit\u00e1lsz a legt\u00f6bbet a gyakorlatb\u00f3l, ha k\u00e9pes vagy fenntartani a g\u00f6rd\u00fcl\u00e9keny l\u00e9gz\u00e9st \u00e9s az egyenletes pulzust, vagyis k\u00e9zben tartod, hogy mi t\u00f6rt\u00e9nik veled ment\u00e1lisan \u00e9s folyamatos egyens\u00falyban vagy.<\/p>\n<h2><strong>A j\u00f3ga enyh\u00edti a f\u00e1jdalmat \u00e9s n\u00f6veli a mozg\u00e9konys\u00e1got<\/strong><\/h2>\n<p>Be kell l\u00e1tnunk, hogy minden el\u0151nye mellett a bicikliz\u00e9s meghat\u00e1rozott s\u00edkon val\u00f3 mozg\u00e1sra korl\u00e1toz benn\u00fcnket. Ahogyan azt val\u00f3sz\u00edn\u0171leg te is tudod, ett\u0151l az ism\u00e9tl\u0151d\u0151 mozg\u00e1st\u00f3l fesz\u00fclnek a cs\u00edp\u0151hajlatok \u00e9s a v\u00e1dli is. Emellett adapt\u00edv izomr\u00f6vid\u00fcl\u00e9st is eredm\u00e9nyezhet, r\u00e1ad\u00e1sul a ker\u00e9kp\u00e1ron felvett testhelyzet hajlamos megfesz\u00edteni a h\u00e1tat \u00e9s a v\u00e1llakat.<\/p>\n<p>A j\u00f3ga t\u00f6k\u00e9letes ellenszer arra, hogy enyh\u00edts\u00fck a fesz\u00fclts\u00e9get, a f\u00e1jdalmat \u00e9s megel\u0151zz\u00fck a k\u00e9s\u0151bbi s\u00e9r\u00fcl\u00e9seket. Lehet, hogy bicikliz\u00e9s k\u00f6zben egy dologra koncentr\u00e1lunk, de a korl\u00e1tozott mozg\u00e1startom\u00e1ny egyben azt is jelenti, hogy kisebb izomcsoportra t\u00e1maszkodunk. Ez az adapt\u00edvan megr\u00f6vid\u00fclt izmokra val\u00f3 hajlam az, aminek a k\u00e9s\u0151bbi s\u00e9r\u00fcl\u00e9seket k\u00f6sz\u00f6nhetj\u00fck.<\/p>\n<h2><strong>A j\u00f3ga nem csak a ny\u00fajt\u00e1sr\u00f3l sz\u00f3l: k\u00e9sz\u00fclj fel, hogy komoly er\u0151re fogsz szert tenni!<\/strong><\/h2>\n<p>B\u00e1r a j\u00f3ga k\u00e9ts\u00e9gtelen\u00fcl kiv\u00e1l\u00f3 eszk\u00f6z a mobilit\u00e1s jav\u00edt\u00e1s\u00e1ra, nem csak a ny\u00fajt\u00e1sr\u00f3l \u00e9s a rugalmass\u00e1gr\u00f3l sz\u00f3l. Ha valaha is vett\u00e9l m\u00e1r r\u00e9szt vinyasa flow \u00f3r\u00e1n, akkor tudod, hogy a j\u00f3ga el\u00e9g dinamikus sport. Izometrikus \u00e9s tests\u00falyos gyakorlatokat haszn\u00e1l a funkcion\u00e1lis er\u0151 jav\u00edt\u00e1s\u00e1ra. Sz\u00e1mos j\u00f3ga \u00e1szana (testtart\u00e1s) egyens\u00falyt \u00e9s kontrollt ig\u00e9nyel. Ez azt jelenti, hogy egy csom\u00f3 ritk\u00e1n haszn\u00e1lt kisebb izom beindul, \u00e9s seg\u00edt fenntartani a stabil alapot. Mint ilyen, a j\u00f3ga az \u00e1ltal\u00e1nos stabilit\u00e1st is jav\u00edthatja a ker\u00e9kp\u00e1ron, mik\u00f6zben a nagyobb teljes\u00edtm\u00e9ny el\u0151\u00e1ll\u00edt\u00e1s\u00e1hoz sz\u00fcks\u00e9ges izmokat \u00e9p\u00edti.<\/p>\n<h2><strong>A l\u00e9gz\u00e9si \u00e9s koncentr\u00e1ci\u00f3s technik\u00e1k el\u0151nyt jelentenek bicikliz\u00e9s k\u00f6zben<\/strong><\/h2>\n<p>A legt\u00f6bb j\u00f3ga ir\u00e1nt \u00e9rdekl\u0151d\u0151 sportol\u00f3 azzal a gondolattal \u00e9rkezik az \u00f3r\u00e1ra, hogy j\u00f3t tesz az \u00edz\u00fcleteinek \u00e9s az izmainak. Azonban a tov\u00e1bbi el\u0151ny\u00f6k sokas\u00e1ga lassan, de biztosan jelenik meg a kitart\u00f3 j\u00f3g\u00e1z\u00f3k sz\u00e1m\u00e1ra. Mivel a l\u00e9gz\u00e9s annyira k\u00f6zponti szerepet j\u00e1tszik edz\u00e9s k\u00f6zben, hamarosan r\u00e1j\u00f6ssz, hogy a rendszeres testtart\u00e1s-gyakorl\u00e1s egyenletesebb l\u00e9gz\u00e9si ritmust eredm\u00e9nyez az \u00f6sszes sporttev\u00e9kenys\u00e9ged sor\u00e1n.<\/p>\n<p>Ha rendszeresen id\u0151t sz\u00e1nsz a j\u00f3g\u00e1hoz hasonl\u00f3 tudatos l\u00e9gz\u00e9stechnik\u00e1k gyakorl\u00e1s\u00e1ra, jelent\u0151sen jav\u00edthatod a k\u00f6rk\u00f6r\u00f6s l\u00e9gz\u00e9sedet, emellett a l\u00e9gz\u0151izmaidat arra edzed, hogy t\u00f6bb leveg\u0151t sz\u00edvjanak be. A gyakorl\u00e1s ezen aspektus\u00e1ra val\u00f3 \u00f6sszpontos\u00edt\u00e1s \u00e1ltal\u00e1nos nyugtat\u00f3 hat\u00e1ssal is b\u00edr, \u00e9s seg\u00edt ment\u00e1lisan is jelen lenni akkor, amikor a dolgok kih\u00edv\u00e1st jelentenek (a ker\u00e9kp\u00e1ron vagy azon k\u00edv\u00fcl).<\/p>\n<h2><strong>5 remek p\u00f3z bicikliseknek<\/strong><\/h2>\n<p>Amennyiben \u00faj vagy a j\u00f3g\u00e1ban, fontos, hogy lassan haladj, \u00e9s er\u0151s alapokat \u00e9p\u00edts a j\u00f6v\u0151beli edz\u00e9sekhez. Kezdetben a megfelel\u0151 tart\u00e1sra kell \u00f6sszpontos\u00edtanod, tudva, hogy min\u00e9l pontosabbak a p\u00f3zok, \u00fagy a l\u00e9gz\u00e9sed is megfelel\u0151bb lesz. Mik\u00f6zben v\u00e9gigm\u00e9sz a p\u00f3zokon, figyelj a l\u00e9gz\u00e9sed min\u0151s\u00e9g\u00e9re, a gerinc vonalvezet\u00e9s\u00e9re \u00e9s az izmok tudatoss\u00e1g\u00e1ra &#8211; ezek a tulajdons\u00e1gok mind pozit\u00edvan befoly\u00e1solj\u00e1k majd a biciklin t\u00f6lt\u00f6tt id\u0151det.<\/p>\n<h2><strong>Macska-teh\u00e9n p\u00f3z (Bitilasana Marjaryasana)<\/strong><\/h2>\n<p>A merevs\u00e9g \u00e9s a h\u00e1tf\u00e1j\u00e1s a legt\u00f6bb biciklis sz\u00e1m\u00e1ra ismer\u0151s lehet, de a j\u00f3ga k\u00e9pes seg\u00edteni ezen. A macska-teh\u00e9n p\u00f3z gyeng\u00e9den ny\u00fajtja \u00e9s laz\u00edtja a gerincet, megsz\u00fcntetve a v\u00e1llak \u00e9s a h\u00e1t als\u00f3 r\u00e9sz\u00e9n l\u00e9v\u0151 fesz\u00fclts\u00e9get. Mint a legt\u00f6bb j\u00f3gap\u00f3zban, a gerinc egyenes tart\u00e1s\u00e1hoz folyamatosan fenn kell tartanod a t\u00f6rzsed &#8211; ez el\u0151seg\u00edti a tested k\u00f6z\u00e9ppontj\u00e1t k\u00f6r\u00fclel\u0151 izmok feszes\u00edt\u00e9s\u00e9t.<\/p>\n<figure id=\"attachment_15165\" aria-describedby=\"caption-attachment-15165\" style=\"width: 1000px\" class=\"wp-caption alignnone\"><a href=\"https:\/\/d2p6e6u75xmxt8.cloudfront.net\/12\/2022\/06\/Cow-pose-profimedia-0681222301.jpg\"><img loading=\"lazy\" decoding=\"async\" class=\"size-full wp-image-15165\" src=\"https:\/\/d2p6e6u75xmxt8.cloudfront.net\/12\/2022\/06\/Cow-pose-profimedia-0681222301.jpg\" alt=\"Cow pose\" width=\"1000\" height=\"667\" srcset=\"https:\/\/d2p6e6u75xmxt8.cloudfront.net\/12\/2022\/06\/Cow-pose-profimedia-0681222301.jpg 1000w, https:\/\/d2p6e6u75xmxt8.cloudfront.net\/12\/2022\/06\/Cow-pose-profimedia-0681222301-300x200.jpg 300w, https:\/\/d2p6e6u75xmxt8.cloudfront.net\/12\/2022\/06\/Cow-pose-profimedia-0681222301-768x512.jpg 768w, https:\/\/d2p6e6u75xmxt8.cloudfront.net\/12\/2022\/06\/Cow-pose-profimedia-0681222301-272x182.jpg 272w\" sizes=\"auto, (max-width: 1000px) 100vw, 1000px\" \/><\/a><figcaption id=\"caption-attachment-15165\" class=\"wp-caption-text\"><em>Teh\u00e9n p\u00f3z. \u00a9 Profimedia<\/em><\/figcaption><\/figure>\n<h3><strong>\u00cdgy csin\u00e1ld:<\/strong><\/h3>\n<ul>\n<li>N\u00e9gyk\u00e9zl\u00e1b kezdj\u00fck, kez\u00fcnk szorosan a sz\u0151nyegen, v\u00e1llsz\u00e9les t\u00e1vols\u00e1gban egym\u00e1st\u00f3l. A t\u00e9rdeid legyenek k\u00f6zvetlen\u00fcl a cs\u00edp\u0151d alatt.<\/li>\n<li>Teh\u00e9np\u00f3zban a lapock\u00e1idat h\u00fazd a gerinced fel\u00e9, mik\u00f6zben a mellkasodat megnyitod, \u00e9s a fejed el\u0151re emeled.<\/li>\n<li>A macska p\u00f3z eset\u00e9ben ennek ellenkez\u0151j\u00e9t fogod tenni, a talajba nyomva elh\u00fazod a v\u00e1llaidat egym\u00e1st\u00f3l, mik\u00f6zben a fejed visszaengeded a l\u00e1bujjaid fel\u00e9, \u00e9s beg\u00f6rb\u00edted a v\u00e1llaidat.<\/li>\n<li>Amikor m\u00e1r mindk\u00e9t p\u00f3zban otthonosan mozogsz, elkezdhetsz be- \u00e9s kil\u00e9gz\u00e9ssel mozogni az egyes p\u00f3zok k\u00f6z\u00f6tt.<\/li>\n<\/ul>\n<h2><strong>Lefel\u00e9 n\u00e9z\u0151 kutya p\u00f3z (Adho Mukha Svanasana)<\/strong><\/h2>\n<figure id=\"attachment_7602\" aria-describedby=\"caption-attachment-7602\" style=\"width: 1500px\" class=\"wp-caption alignnone\"><a href=\"https:\/\/d2p6e6u75xmxt8.cloudfront.net\/12\/2020\/05\/Cycling-Yoga-WLC-1.jpg\"><img loading=\"lazy\" decoding=\"async\" class=\"size-full wp-image-7602\" src=\"https:\/\/d2p6e6u75xmxt8.cloudfront.net\/12\/2020\/05\/Cycling-Yoga-WLC-1.jpg\" alt=\"Downward facing dog\" width=\"1500\" height=\"1000\" srcset=\"https:\/\/d2p6e6u75xmxt8.cloudfront.net\/12\/2020\/05\/Cycling-Yoga-WLC-1.jpg 1500w, https:\/\/d2p6e6u75xmxt8.cloudfront.net\/12\/2020\/05\/Cycling-Yoga-WLC-1-300x200.jpg 300w, https:\/\/d2p6e6u75xmxt8.cloudfront.net\/12\/2020\/05\/Cycling-Yoga-WLC-1-768x512.jpg 768w, https:\/\/d2p6e6u75xmxt8.cloudfront.net\/12\/2020\/05\/Cycling-Yoga-WLC-1-1024x683.jpg 1024w, https:\/\/d2p6e6u75xmxt8.cloudfront.net\/12\/2020\/05\/Cycling-Yoga-WLC-1-272x182.jpg 272w\" sizes=\"auto, (max-width: 1500px) 100vw, 1500px\" \/><\/a><figcaption id=\"caption-attachment-7602\" class=\"wp-caption-text\"><em>Lefel\u00e9 n\u00e9z\u0151 kutya. \u00a9 Profimedia<\/em><\/figcaption><\/figure>\n<p>Nem v\u00e9letlen\u00fcl ez az egyik leggyakoribb testtart\u00e1s a j\u00f3g\u00e1ban, \u00e9s el\u0151nyei k\u00fcl\u00f6n\u00f6sen j\u00f3l j\u00f6nnek a ker\u00e9kp\u00e1rosoknak. Nemcsak a fels\u0151 h\u00e1tat \u00e9s a v\u00e1llakat er\u0151s\u00edti, hanem a combizmokat \u00e9s a v\u00e1dlit is megny\u00fajtja.<\/p>\n<h4>\u00cdgy csin\u00e1ld:<\/h4>\n<ul>\n<li>N\u00e9gyk\u00e9zl\u00e1b kezd\u00fcnk (mint a macska-teh\u00e9n p\u00f3zban), a kezeid, a t\u00e9rdeid \u00e9s a l\u00e1bfejed szil\u00e1rdan a sz\u0151nyegen.<\/li>\n<li>Miut\u00e1n szil\u00e1rd alapot teremtett\u00e9l, hajl\u00edtsd be a l\u00e1bujjaidat, majd lassan ny\u00fajtsd ki a cs\u00edp\u0151det \u00e9s a t\u00e9rdeidet felfel\u00e9, majd h\u00e1tra.<\/li>\n<li>A fejedet tartsd a kezeid k\u00f6z\u00f6tt, hogy a nyakad ellazulhasson, mik\u00f6zben a feneked az \u00e9g fel\u00e9 emeled, \u00e9s a gerinceden kereszt\u00fcl ny\u00fajt\u00f3zkodsz.<\/li>\n<\/ul>\n<h2><strong>Alacsony kit\u00f6r\u00e9s (Anjaneyasana)<\/strong><\/h2>\n<p>Engedd el a cs\u00edp\u0151d! Mivel ez egy el\u00e9g er\u0151s p\u00f3z, l\u00e9tfontoss\u00e1g\u00fa, hogy tudatosan csin\u00e1ld. Ha hagyod, hogy a tested fokozatosan ny\u00faljon, a cs\u00edp\u0151det \u00e9r\u0151 felszabad\u00edt\u00f3 \u00e9rz\u00e9s fantasztikus lesz. Emellett seg\u00edt kit\u00e1g\u00edtani a t\u00fcd\u0151t \u00e9s a mellkast, \u00e9s megnyitja a v\u00e1llakat. Az egyens\u00falyt \u00e9s a koncentr\u00e1ci\u00f3t is megdolgoztatja, mik\u00f6zben er\u0151s\u00edti a t\u00f6rzset, a farizmokat \u00e9s a n\u00e9gyfej\u0171 izmokat.<\/p>\n<figure id=\"attachment_15166\" aria-describedby=\"caption-attachment-15166\" style=\"width: 1000px\" class=\"wp-caption alignnone\"><a href=\"https:\/\/d2p6e6u75xmxt8.cloudfront.net\/12\/2022\/06\/Low-lunge-profimedia-0691126339.jpg\"><img loading=\"lazy\" decoding=\"async\" class=\"wp-image-15166 size-full\" src=\"https:\/\/d2p6e6u75xmxt8.cloudfront.net\/12\/2022\/06\/Low-lunge-profimedia-0691126339.jpg\" alt=\"Low lunge\" width=\"1000\" height=\"666\" srcset=\"https:\/\/d2p6e6u75xmxt8.cloudfront.net\/12\/2022\/06\/Low-lunge-profimedia-0691126339.jpg 1000w, https:\/\/d2p6e6u75xmxt8.cloudfront.net\/12\/2022\/06\/Low-lunge-profimedia-0691126339-300x200.jpg 300w, https:\/\/d2p6e6u75xmxt8.cloudfront.net\/12\/2022\/06\/Low-lunge-profimedia-0691126339-768x511.jpg 768w, https:\/\/d2p6e6u75xmxt8.cloudfront.net\/12\/2022\/06\/Low-lunge-profimedia-0691126339-272x182.jpg 272w\" sizes=\"auto, (max-width: 1000px) 100vw, 1000px\" \/><\/a><figcaption id=\"caption-attachment-15166\" class=\"wp-caption-text\"><em>Alacsony kit\u00f6r\u00e9s p\u00f3z. \u00a9 Profimedia<\/em><\/figcaption><\/figure>\n<h4>\u00cdgy csin\u00e1ld:<\/h4>\n<ul>\n<li>L\u00e9pj\u00fcnk ki \u00e9s l\u00e9pj\u00fcnk el\u0151re a jobb l\u00e1bunkkal a kez\u00fcnk k\u00f6z\u00e9, a jobb t\u00e9rdet a sarok f\u00f6l\u00e9 igaz\u00edtva.<\/li>\n<li>Ezut\u00e1n engedd le a bal t\u00e9rded a padl\u00f3ra, \u00e9s mik\u00f6zben a jobb t\u00e9rded egy helyben marad, cs\u00fasztasd h\u00e1tra a balt, am\u00edg k\u00e9nyelmes ny\u00fajt\u00e1st nem \u00e9rzel a bal el\u00fcls\u0151 combodban \u00e9s az \u00e1gy\u00e9kodban.<\/li>\n<li>Ford\u00edtsd a bal l\u00e1bfejed a padl\u00f3 fel\u00e9.<\/li>\n<li>L\u00e9legezz be, \u00e9s emeld fel a t\u00f6rzsed.<\/li>\n<li>Ek\u00f6zben lend\u00edtsd ki a karjaid oldalra \u00e9s a padl\u00f3ra mer\u0151legesen felfel\u00e9.<\/li>\n<li>H\u00fazd le a farokcsontod a padl\u00f3 fel\u00e9, \u00e9s emeld a szem\u00e9remcsontod a k\u00f6ld\u00f6k\u00f6d fel\u00e9.<\/li>\n<li>Emeld a mellkasod a szil\u00e1rd lapock\u00e1kt\u00f3l a h\u00e1ts\u00f3 t\u00f6rzsedhez.<\/li>\n<\/ul>\n<h2><strong>Gerinccsavar\u00e1s (Ardha Matsyendrasana)<\/strong><\/h2>\n<p>A gerinc\u00fcnk arra hivatott, hogy minden ir\u00e1nyba mozogjon, ez\u00e9rt a gerinccsavar\u00e1s ide\u00e1lis m\u00f3dszere annak, hogy oldjuk a felgy\u00fclemlett fesz\u00fclts\u00e9get. Ha megengeded magadnak, hogy belem\u00e9lyedj a testtart\u00e1sba, a v\u00e1llaidat, a nyakadat \u00e9s a cs\u00edp\u0151det is megnyitod.<\/p>\n<figure id=\"attachment_15167\" aria-describedby=\"caption-attachment-15167\" style=\"width: 1250px\" class=\"wp-caption alignnone\"><a href=\"https:\/\/d2p6e6u75xmxt8.cloudfront.net\/12\/2022\/06\/Side-twist-yoga-profimedia-0587929635.jpg\"><img loading=\"lazy\" decoding=\"async\" class=\"size-full wp-image-15167\" src=\"https:\/\/d2p6e6u75xmxt8.cloudfront.net\/12\/2022\/06\/Side-twist-yoga-profimedia-0587929635.jpg\" alt=\"Yoga twist\" width=\"1250\" height=\"833\" srcset=\"https:\/\/d2p6e6u75xmxt8.cloudfront.net\/12\/2022\/06\/Side-twist-yoga-profimedia-0587929635.jpg 1250w, https:\/\/d2p6e6u75xmxt8.cloudfront.net\/12\/2022\/06\/Side-twist-yoga-profimedia-0587929635-300x200.jpg 300w, https:\/\/d2p6e6u75xmxt8.cloudfront.net\/12\/2022\/06\/Side-twist-yoga-profimedia-0587929635-1024x682.jpg 1024w, https:\/\/d2p6e6u75xmxt8.cloudfront.net\/12\/2022\/06\/Side-twist-yoga-profimedia-0587929635-768x512.jpg 768w, https:\/\/d2p6e6u75xmxt8.cloudfront.net\/12\/2022\/06\/Side-twist-yoga-profimedia-0587929635-272x182.jpg 272w\" sizes=\"auto, (max-width: 1250px) 100vw, 1250px\" \/><\/a><figcaption id=\"caption-attachment-15167\" class=\"wp-caption-text\"><em>Oldals\u00f3 csavar. \u00a9 Profimedia<\/em><\/figcaption><\/figure>\n<h4>\u00cdgy csin\u00e1ld:<\/h4>\n<ul>\n<li>\u00dclj le el\u0151re ny\u00fajtott, egyenes l\u00e1bakkal.<\/li>\n<li>Hajl\u00edtsd be a t\u00e9rdeid, \u00e9s helyezd a l\u00e1bfejed a padl\u00f3ra.<\/li>\n<li>A bal l\u00e1badat helyezd a jobb cs\u00edp\u0151d k\u00fcls\u0151 oldal\u00e1ra, \u00e9s a bal t\u00e9rdedet hagyd a padl\u00f3n.<\/li>\n<li>A jobb l\u00e1badat vidd a bal combod k\u00fcls\u0151 oldal\u00e1hoz, a l\u00e1bad legyen laposan a padl\u00f3n, a jobb t\u00e9rded pedig mutasson a mennyezet fel\u00e9.<\/li>\n<li>A jobb kezed vagy ujjbegyeid t\u00e1maszd a padl\u00f3n magad m\u00f6g\u00f6tt, a bal kezed pedig a jobb t\u00e9rdeden. Bel\u00e9gz\u00e9s k\u00f6zben hosszabb\u00edtsd meg a gerinced azzal, hogy magasan \u00fclsz.<\/li>\n<li>Kil\u00e9gz\u00e9skor ford\u00edtsd a t\u00f6rzsed a jobb combod fel\u00e9.<\/li>\n<li>N\u00e9zz finoman h\u00e1tra a jobb v\u00e1llad f\u00f6l\u00f6tt.<\/li>\n<\/ul>\n<h2><strong>F\u00e9lgyertya\u00e1ll\u00e1s (Viparita Karani)<\/strong><\/h2>\n<p>T\u00f6k\u00e9letes m\u00f3dja annak, hogy ellazulj, \u00e9s a l\u00e1bad j\u00f3l meg\u00e9rdemelt pihen\u00e9st kapjon egy hossz\u00fa \u00fat ut\u00e1n. Ez a passz\u00edv p\u00f3z olyan, mint egy nyugtat\u00f3 balzsam a f\u00e1radt vagy g\u00f6rcs\u00f6s l\u00e1bakra, \u00e9s seg\u00edt megnyugtatni az elm\u00e9t \u00e9s lass\u00edtani a sz\u00edvver\u00e9st.<\/p>\n<h4>\u00cdgy csin\u00e1ld:<\/h4>\n<ul>\n<li>Fek\u00fcdj a h\u00e1tadra a f\u00f6ld\u00f6n a fal mellett! L\u00e1baiddal \u00f3vatosan s\u00e9t\u00e1lj fel a falon, am\u00edg a talpad a plafon fel\u00e9 nem n\u00e9z.<\/li>\n<li>Mozgasd a t\u00f6rzsed, am\u00edg a falra mer\u0151leges nem lesz, \u00e9s vidd a feneked a lehet\u0151 legk\u00f6zelebb a falhoz.<\/li>\n<li>Egyenes\u00edtsd ki a l\u00e1bad! Ha a combod feszes, a t\u00e9rdeid enyh\u00e9n behajl\u00edthatod.<\/li>\n<li>A kezeid t\u00e1maszd ki a cs\u00edp\u0151dn\u00e9l vagy a fejed mellett, k\u00f6ny\u00f6k\u00f6d legyen behajl\u00edtva.<\/li>\n<li>Az \u00e1gy\u00e9k ny\u00fajt\u00e1s\u00e1hoz v\u00e1laszd sz\u00e9t a l\u00e1bakat V alakban, amennyire csak k\u00e9nyelmes.<\/li>\n<li>Maradj ebben a p\u00f3zban 5-15 percig.<\/li>\n<li>A p\u00f3zb\u00f3l val\u00f3 kil\u00e9p\u00e9shez mozd\u00edtsd el a feneked messze a falt\u00f3l, hogy a l\u00e1bakat a padl\u00f3ra cs\u00fasztathasd. Gurulj az oldaladra, \u00e9s pihenj meg egy pillanatra, miel\u0151tt fel\u00fcln\u00e9l.<\/li>\n<\/ul>\n<h2><strong>Hogyan illesztheted be a j\u00f3g\u00e1t az edz\u00e9stervedbe \u00fagy, hogy az neked megfeleljen?<\/strong><\/h2>\n<p>A j\u00f3g\u00e1ban az egyik legszebb dolog, hogy pont olyan intenz\u00edv vagy laza, ahogy te szeretn\u00e9d. Att\u00f3l f\u00fcgg\u0151en, hogy mire van sz\u00fcks\u00e9ged az adott napon, v\u00e1laszthatsz olyan testtart\u00e1sokat, amik kih\u00edv\u00e1st jelentenek sz\u00e1modra, \u00e9s hosszabb ideig tarthatod \u0151ket, vagy v\u00e1laszthatsz egy passz\u00edvabb gyakorlatot. Ezek a nyugtat\u00f3 sorozatok regener\u00e1l\u00f3ak is lehetnek, m\u00edg egy nagyobb kih\u00edv\u00e1st jelent\u0151 j\u00f3ga\u00f3r\u00e1ra er\u0151nl\u00e9ti edz\u00e9sk\u00e9nt kell tekinteni. Lassan kezdd el be\u00e9p\u00edteni a megfelel\u0151 j\u00f3gagyakorlatot a ker\u00e9kp\u00e1roz\u00e1si rutinod mell\u00e9, fogadni merek, hogy a tapasztalt el\u0151ny\u00f6k miatt k\u00f6nny\u0171 lesz kitartanod mellette!<\/p>\n","protected":false},"excerpt":{"rendered":"<p>Ha szeretsz biciklizni, val\u00f3sz\u00edn\u0171leg sok id\u0151t t\u00f6ltesz azzal, hogy azon gondolkozol, hogyan n\u00f6velheted m\u00e9g az \u00e1ll\u00f3k\u00e9pess\u00e9ged, a sebess\u00e9ged \u00e9s az [&hellip;]<\/p>\n","protected":false},"author":71,"featured_media":15169,"comment_status":"open","ping_status":"open","sticky":false,"template":"","format":"standard","meta":{"footnotes":""},"categories":[6],"tags":[],"global-categories":[],"class_list":["post-15164","post","type-post","status-publish","format-standard","has-post-thumbnail","hentry","category-edzes-es-eletmod"],"yoast_head":"<!-- This site is optimized with the Yoast SEO Premium plugin v25.3 (Yoast SEO v25.9) - https:\/\/yoast.com\/wordpress\/plugins\/seo\/ -->\n<title>Szeretsz biciklizni? Pr\u00f3b\u00e1ld ki a j\u00f3g\u00e1t!<\/title>\n<meta name=\"description\" content=\"hogyan n\u00f6velheted m\u00e9g az \u00e1ll\u00f3k\u00e9pess\u00e9ged, a sebess\u00e9ged \u00e9s az er\u0151d. Mobilit\u00e1s, l\u00e9gz\u00e9s, er\u0151? Nos, ezek nem biztos, hogy mag\u00e1t\u00f3l \u00e9rtet\u0151d\u0151ek.\" \/>\n<meta name=\"robots\" content=\"index, follow, max-snippet:-1, max-image-preview:large, max-video-preview:-1\" \/>\n<link rel=\"canonical\" href=\"https:\/\/www.welovecycling.com\/hu\/edzes-es-eletmod\/szeretsz-biciklizni-probald-ki-a-jogat\/\" \/>\n<meta property=\"og:locale\" content=\"hu_HU\" \/>\n<meta property=\"og:type\" content=\"article\" \/>\n<meta property=\"og:title\" content=\"Szeretsz biciklizni? Pr\u00f3b\u00e1ld ki a j\u00f3g\u00e1t!\" \/>\n<meta property=\"og:description\" content=\"hogyan n\u00f6velheted m\u00e9g az \u00e1ll\u00f3k\u00e9pess\u00e9ged, a sebess\u00e9ged \u00e9s az er\u0151d. Mobilit\u00e1s, l\u00e9gz\u00e9s, er\u0151? Nos, ezek nem biztos, hogy mag\u00e1t\u00f3l \u00e9rtet\u0151d\u0151ek.\" \/>\n<meta property=\"og:url\" content=\"https:\/\/www.welovecycling.com\/hu\/edzes-es-eletmod\/szeretsz-biciklizni-probald-ki-a-jogat\/\" \/>\n<meta property=\"og:site_name\" content=\"\u0160koda We Love Cycling - Magyarorsz\u00e1g\" \/>\n<meta property=\"article:publisher\" content=\"https:\/\/www.facebook.com\/WeLoveCyclingHungary\/\" \/>\n<meta property=\"article:published_time\" content=\"2022-06-10T06:00:10+00:00\" \/>\n<meta property=\"og:image\" content=\"https:\/\/d2p6e6u75xmxt8.cloudfront.net\/12\/2022\/06\/Yoga-Pexels-4056723-CVR.jpg\" \/>\n\t<meta property=\"og:image:width\" content=\"990\" \/>\n\t<meta property=\"og:image:height\" content=\"660\" \/>\n\t<meta property=\"og:image:type\" content=\"image\/jpeg\" \/>\n<meta name=\"author\" content=\"hegyizs\" \/>\n<meta name=\"twitter:card\" content=\"summary_large_image\" \/>\n<meta name=\"twitter:label1\" content=\"Written by\" \/>\n\t<meta name=\"twitter:data1\" content=\"Megan Flottorp\" \/>\n\t<meta name=\"twitter:label2\" content=\"Est. reading time\" \/>\n\t<meta name=\"twitter:data2\" content=\"6\" \/>\n<script type=\"application\/ld+json\" class=\"yoast-schema-graph\">{\"@context\":\"https:\/\/schema.org\",\"@graph\":[{\"@type\":\"WebPage\",\"@id\":\"https:\/\/www.welovecycling.com\/hu\/edzes-es-eletmod\/szeretsz-biciklizni-probald-ki-a-jogat\/\",\"url\":\"https:\/\/www.welovecycling.com\/hu\/edzes-es-eletmod\/szeretsz-biciklizni-probald-ki-a-jogat\/\",\"name\":\"Szeretsz biciklizni? Pr\u00f3b\u00e1ld ki a j\u00f3g\u00e1t!\",\"isPartOf\":{\"@id\":\"https:\/\/www.welovecycling.com\/hu\/#website\"},\"primaryImageOfPage\":{\"@id\":\"https:\/\/www.welovecycling.com\/hu\/edzes-es-eletmod\/szeretsz-biciklizni-probald-ki-a-jogat\/#primaryimage\"},\"image\":{\"@id\":\"https:\/\/www.welovecycling.com\/hu\/edzes-es-eletmod\/szeretsz-biciklizni-probald-ki-a-jogat\/#primaryimage\"},\"thumbnailUrl\":\"https:\/\/d2p6e6u75xmxt8.cloudfront.net\/12\/2022\/06\/Yoga-Pexels-4056723-CVR.jpg\",\"datePublished\":\"2022-06-10T06:00:10+00:00\",\"author\":{\"@id\":\"https:\/\/www.welovecycling.com\/hu\/#\/schema\/person\/414a2aebf1801691a5320edb6468e194\"},\"description\":\"hogyan n\u00f6velheted m\u00e9g az \u00e1ll\u00f3k\u00e9pess\u00e9ged, a sebess\u00e9ged \u00e9s az er\u0151d. Mobilit\u00e1s, l\u00e9gz\u00e9s, er\u0151? Nos, ezek nem biztos, hogy mag\u00e1t\u00f3l \u00e9rtet\u0151d\u0151ek.\",\"breadcrumb\":{\"@id\":\"https:\/\/www.welovecycling.com\/hu\/edzes-es-eletmod\/szeretsz-biciklizni-probald-ki-a-jogat\/#breadcrumb\"},\"inLanguage\":\"hu\",\"potentialAction\":[{\"@type\":\"ReadAction\",\"target\":[\"https:\/\/www.welovecycling.com\/hu\/edzes-es-eletmod\/szeretsz-biciklizni-probald-ki-a-jogat\/\"]}]},{\"@type\":\"ImageObject\",\"inLanguage\":\"hu\",\"@id\":\"https:\/\/www.welovecycling.com\/hu\/edzes-es-eletmod\/szeretsz-biciklizni-probald-ki-a-jogat\/#primaryimage\",\"url\":\"https:\/\/d2p6e6u75xmxt8.cloudfront.net\/12\/2022\/06\/Yoga-Pexels-4056723-CVR.jpg\",\"contentUrl\":\"https:\/\/d2p6e6u75xmxt8.cloudfront.net\/12\/2022\/06\/Yoga-Pexels-4056723-CVR.jpg\",\"width\":990,\"height\":660,\"caption\":\"Yoga\"},{\"@type\":\"BreadcrumbList\",\"@id\":\"https:\/\/www.welovecycling.com\/hu\/edzes-es-eletmod\/szeretsz-biciklizni-probald-ki-a-jogat\/#breadcrumb\",\"itemListElement\":[{\"@type\":\"ListItem\",\"position\":1,\"name\":\"Home\",\"item\":\"https:\/\/www.welovecycling.com\/hu\/\"},{\"@type\":\"ListItem\",\"position\":2,\"name\":\"Szeretsz biciklizni? Pr\u00f3b\u00e1ld ki a j\u00f3g\u00e1t!\"}]},{\"@type\":\"WebSite\",\"@id\":\"https:\/\/www.welovecycling.com\/hu\/#website\",\"url\":\"https:\/\/www.welovecycling.com\/hu\/\",\"name\":\"\u0160koda We Love Cycling - Magyarorsz\u00e1g\",\"description\":\"\u0160koda WeLoveCycling\",\"potentialAction\":[{\"@type\":\"SearchAction\",\"target\":{\"@type\":\"EntryPoint\",\"urlTemplate\":\"https:\/\/www.welovecycling.com\/hu\/?s={search_term_string}\"},\"query-input\":{\"@type\":\"PropertyValueSpecification\",\"valueRequired\":true,\"valueName\":\"search_term_string\"}}],\"inLanguage\":\"hu\"},{\"@type\":\"Person\",\"@id\":\"https:\/\/www.welovecycling.com\/hu\/#\/schema\/person\/414a2aebf1801691a5320edb6468e194\",\"name\":\"hegyizs\",\"image\":{\"@type\":\"ImageObject\",\"inLanguage\":\"hu\",\"@id\":\"https:\/\/www.welovecycling.com\/hu\/#\/schema\/person\/image\/\",\"url\":\"https:\/\/secure.gravatar.com\/avatar\/02cf8a7906b8cf90cecb4679defac7cfd33a1c2e3b88e4903d947f3bb58eedd3?s=96&d=mm&r=g\",\"contentUrl\":\"https:\/\/secure.gravatar.com\/avatar\/02cf8a7906b8cf90cecb4679defac7cfd33a1c2e3b88e4903d947f3bb58eedd3?s=96&d=mm&r=g\",\"caption\":\"hegyizs\"},\"url\":\"https:\/\/www.welovecycling.com\/hu\/author\/hegyizs\/\"}]}<\/script>\n<!-- \/ Yoast SEO Premium plugin. -->","yoast_head_json":{"title":"Szeretsz biciklizni? Pr\u00f3b\u00e1ld ki a j\u00f3g\u00e1t!","description":"hogyan n\u00f6velheted m\u00e9g az \u00e1ll\u00f3k\u00e9pess\u00e9ged, a sebess\u00e9ged \u00e9s az er\u0151d. Mobilit\u00e1s, l\u00e9gz\u00e9s, er\u0151? Nos, ezek nem biztos, hogy mag\u00e1t\u00f3l \u00e9rtet\u0151d\u0151ek.","robots":{"index":"index","follow":"follow","max-snippet":"max-snippet:-1","max-image-preview":"max-image-preview:large","max-video-preview":"max-video-preview:-1"},"canonical":"https:\/\/www.welovecycling.com\/hu\/edzes-es-eletmod\/szeretsz-biciklizni-probald-ki-a-jogat\/","og_locale":"hu_HU","og_type":"article","og_title":"Szeretsz biciklizni? Pr\u00f3b\u00e1ld ki a j\u00f3g\u00e1t!","og_description":"hogyan n\u00f6velheted m\u00e9g az \u00e1ll\u00f3k\u00e9pess\u00e9ged, a sebess\u00e9ged \u00e9s az er\u0151d. Mobilit\u00e1s, l\u00e9gz\u00e9s, er\u0151? Nos, ezek nem biztos, hogy mag\u00e1t\u00f3l \u00e9rtet\u0151d\u0151ek.","og_url":"https:\/\/www.welovecycling.com\/hu\/edzes-es-eletmod\/szeretsz-biciklizni-probald-ki-a-jogat\/","og_site_name":"\u0160koda We Love Cycling - Magyarorsz\u00e1g","article_publisher":"https:\/\/www.facebook.com\/WeLoveCyclingHungary\/","article_published_time":"2022-06-10T06:00:10+00:00","og_image":[{"width":990,"height":660,"url":"https:\/\/d2p6e6u75xmxt8.cloudfront.net\/12\/2022\/06\/Yoga-Pexels-4056723-CVR.jpg","type":"image\/jpeg"}],"author":"hegyizs","twitter_card":"summary_large_image","twitter_misc":{"Written by":"Megan Flottorp","Est. reading time":"6"},"schema":{"@context":"https:\/\/schema.org","@graph":[{"@type":"WebPage","@id":"https:\/\/www.welovecycling.com\/hu\/edzes-es-eletmod\/szeretsz-biciklizni-probald-ki-a-jogat\/","url":"https:\/\/www.welovecycling.com\/hu\/edzes-es-eletmod\/szeretsz-biciklizni-probald-ki-a-jogat\/","name":"Szeretsz biciklizni? Pr\u00f3b\u00e1ld ki a j\u00f3g\u00e1t!","isPartOf":{"@id":"https:\/\/www.welovecycling.com\/hu\/#website"},"primaryImageOfPage":{"@id":"https:\/\/www.welovecycling.com\/hu\/edzes-es-eletmod\/szeretsz-biciklizni-probald-ki-a-jogat\/#primaryimage"},"image":{"@id":"https:\/\/www.welovecycling.com\/hu\/edzes-es-eletmod\/szeretsz-biciklizni-probald-ki-a-jogat\/#primaryimage"},"thumbnailUrl":"https:\/\/d2p6e6u75xmxt8.cloudfront.net\/12\/2022\/06\/Yoga-Pexels-4056723-CVR.jpg","datePublished":"2022-06-10T06:00:10+00:00","author":{"@id":"https:\/\/www.welovecycling.com\/hu\/#\/schema\/person\/414a2aebf1801691a5320edb6468e194"},"description":"hogyan n\u00f6velheted m\u00e9g az \u00e1ll\u00f3k\u00e9pess\u00e9ged, a sebess\u00e9ged \u00e9s az er\u0151d. Mobilit\u00e1s, l\u00e9gz\u00e9s, er\u0151? Nos, ezek nem biztos, hogy mag\u00e1t\u00f3l \u00e9rtet\u0151d\u0151ek.","breadcrumb":{"@id":"https:\/\/www.welovecycling.com\/hu\/edzes-es-eletmod\/szeretsz-biciklizni-probald-ki-a-jogat\/#breadcrumb"},"inLanguage":"hu","potentialAction":[{"@type":"ReadAction","target":["https:\/\/www.welovecycling.com\/hu\/edzes-es-eletmod\/szeretsz-biciklizni-probald-ki-a-jogat\/"]}]},{"@type":"ImageObject","inLanguage":"hu","@id":"https:\/\/www.welovecycling.com\/hu\/edzes-es-eletmod\/szeretsz-biciklizni-probald-ki-a-jogat\/#primaryimage","url":"https:\/\/d2p6e6u75xmxt8.cloudfront.net\/12\/2022\/06\/Yoga-Pexels-4056723-CVR.jpg","contentUrl":"https:\/\/d2p6e6u75xmxt8.cloudfront.net\/12\/2022\/06\/Yoga-Pexels-4056723-CVR.jpg","width":990,"height":660,"caption":"Yoga"},{"@type":"BreadcrumbList","@id":"https:\/\/www.welovecycling.com\/hu\/edzes-es-eletmod\/szeretsz-biciklizni-probald-ki-a-jogat\/#breadcrumb","itemListElement":[{"@type":"ListItem","position":1,"name":"Home","item":"https:\/\/www.welovecycling.com\/hu\/"},{"@type":"ListItem","position":2,"name":"Szeretsz biciklizni? Pr\u00f3b\u00e1ld ki a j\u00f3g\u00e1t!"}]},{"@type":"WebSite","@id":"https:\/\/www.welovecycling.com\/hu\/#website","url":"https:\/\/www.welovecycling.com\/hu\/","name":"\u0160koda We Love Cycling - Magyarorsz\u00e1g","description":"\u0160koda WeLoveCycling","potentialAction":[{"@type":"SearchAction","target":{"@type":"EntryPoint","urlTemplate":"https:\/\/www.welovecycling.com\/hu\/?s={search_term_string}"},"query-input":{"@type":"PropertyValueSpecification","valueRequired":true,"valueName":"search_term_string"}}],"inLanguage":"hu"},{"@type":"Person","@id":"https:\/\/www.welovecycling.com\/hu\/#\/schema\/person\/414a2aebf1801691a5320edb6468e194","name":"hegyizs","image":{"@type":"ImageObject","inLanguage":"hu","@id":"https:\/\/www.welovecycling.com\/hu\/#\/schema\/person\/image\/","url":"https:\/\/secure.gravatar.com\/avatar\/02cf8a7906b8cf90cecb4679defac7cfd33a1c2e3b88e4903d947f3bb58eedd3?s=96&d=mm&r=g","contentUrl":"https:\/\/secure.gravatar.com\/avatar\/02cf8a7906b8cf90cecb4679defac7cfd33a1c2e3b88e4903d947f3bb58eedd3?s=96&d=mm&r=g","caption":"hegyizs"},"url":"https:\/\/www.welovecycling.com\/hu\/author\/hegyizs\/"}]}},"_links":{"self":[{"href":"https:\/\/www.welovecycling.com\/hu\/wp-json\/wp\/v2\/posts\/15164","targetHints":{"allow":["GET"]}}],"collection":[{"href":"https:\/\/www.welovecycling.com\/hu\/wp-json\/wp\/v2\/posts"}],"about":[{"href":"https:\/\/www.welovecycling.com\/hu\/wp-json\/wp\/v2\/types\/post"}],"author":[{"embeddable":true,"href":"https:\/\/www.welovecycling.com\/hu\/wp-json\/wp\/v2\/users\/71"}],"replies":[{"embeddable":true,"href":"https:\/\/www.welovecycling.com\/hu\/wp-json\/wp\/v2\/comments?post=15164"}],"version-history":[{"count":2,"href":"https:\/\/www.welovecycling.com\/hu\/wp-json\/wp\/v2\/posts\/15164\/revisions"}],"predecessor-version":[{"id":15170,"href":"https:\/\/www.welovecycling.com\/hu\/wp-json\/wp\/v2\/posts\/15164\/revisions\/15170"}],"wp:featuredmedia":[{"embeddable":true,"href":"https:\/\/www.welovecycling.com\/hu\/wp-json\/wp\/v2\/media\/15169"}],"wp:attachment":[{"href":"https:\/\/www.welovecycling.com\/hu\/wp-json\/wp\/v2\/media?parent=15164"}],"wp:term":[{"taxonomy":"category","embeddable":true,"href":"https:\/\/www.welovecycling.com\/hu\/wp-json\/wp\/v2\/categories?post=15164"},{"taxonomy":"post_tag","embeddable":true,"href":"https:\/\/www.welovecycling.com\/hu\/wp-json\/wp\/v2\/tags?post=15164"},{"taxonomy":"global-categories","embeddable":true,"href":"https:\/\/www.welovecycling.com\/hu\/wp-json\/wp\/v2\/global-categories?post=15164"}],"curies":[{"name":"wp","href":"https:\/\/api.w.org\/{rel}","templated":true}]}}