{"id":15153,"date":"2022-06-05T08:00:58","date_gmt":"2022-06-05T06:00:58","guid":{"rendered":"https:\/\/www.welovecycling.com\/hu\/?p=15153"},"modified":"2022-06-03T15:19:32","modified_gmt":"2022-06-03T13:19:32","slug":"elegedetten-fujhat-harom-giro-hosunk-mindegyikuket-megdicserte-csapata","status":"publish","type":"post","link":"https:\/\/www.welovecycling.com\/hu\/orszaguti-kerekpar\/elegedetten-fujhat-harom-giro-hosunk-mindegyikuket-megdicserte-csapata\/","title":{"rendered":"El\u00e9gedetten f\u00fajhat h\u00e1rom Giro-h\u0151s\u00fcnk, mindegyik\u00fcket megdics\u00e9rte csapata"},"content":{"rendered":"<p><strong>A Magyar Ker\u00e9kp\u00e1ros Sz\u00f6vets\u00e9g \u00e1ltal szervezett virtu\u00e1lis kerekasztalbesz\u00e9lget\u00e9s keret\u00e9n bel\u00fcl \u00e9lm\u00e9nybesz\u00e1mol\u00f3zott a h\u00e9ten h\u00e1rom Giro-kedvenc\u00fcnk, Valter Attila, Fetter Erik \u00e9s Pe\u00e1k Barnab\u00e1s. A h\u00e1rom h\u0151snek b\u0151ven volt mir\u0151l mes\u00e9lnie, hiszen m\u00e1s \u00e9s m\u00e1s okokb\u00f3l, de mindannyiuknak eml\u00e9kezetesen alakult az olasz k\u00f6r neh\u00e9z h\u00e1rom hete, bele\u00e9rtve term\u00e9szetesen a nyit\u00f3 h\u00e1rom magyar etapot is.<\/strong><!--more--><\/p>\n<p>Az \u00f6sszett 35. \u00e9s a fiatalok verseny\u00e9nek 9. hely\u00e9n v\u00e9gz\u0151 Valter Attila elmondta, t\u00f6bb szempontb\u00f3l is vegyes \u00e9rz\u00e9sekkel gondol vissza p\u00e1lyafut\u00e1sa harmadik Gir\u00f3j\u00e1ra: noha csapata, a Groupama-FDJ maxim\u00e1lisan el\u00e9gedett volt vele, \u0151 szem\u00e9ly szerint t\u00f6bb t\u00e9ren is szeretett volna jobban teljes\u00edteni; illetve azon a bizonyos 19. szakaszon el\u00e9rt 4. helye ut\u00e1n is k\u00fczd m\u00e9g n\u00e9mi hi\u00e1ny\u00e9rzettel a mai napig. <em>\u201eAk\u00e1rhogyan n\u00e9zem \u00e9s ak\u00e1rh\u00e1nyszor n\u00e9zem \u00fajra, ez \u00f6r\u00f6kre egy negyedik hely marad, hi\u00e1ba agyalok rajta folyamatosan. Lassan el is kell elengednem, mert ezen m\u00e1r \u00fagysem tudok v\u00e1ltoztatni, csak rosszabb lesz, ha folyton ezen r\u00e1g\u00f3dom<\/em>. Csak amiatt vagyok bossz\u00fas, mert igenis meglehetett volna a szakaszsiker, nem csak azon az utols\u00f3 kanyaron m\u00falt. Mindenesetre igyekszem egy j\u00f3 leckek\u00e9nt felfogni, elv\u00e9gre \u00e9letem legjobb h\u00e1romhetes eredm\u00e9nye ez. A csapatom is v\u00e9gig nagyon el\u00e9gedett volt velem, a f\u0151 c\u00e9lunkb\u00f3l, a szakaszsikerekb\u0151l \u00e9s D\u00e9mare cikl\u00e1men trik\u00f3j\u00e1b\u00f3l abszol\u00fat kivettem a r\u00e9szem, ez egy\u00e9bk\u00e9nt engem is nagy \u00f6r\u00f6mmel t\u00f6lt el. A legfontosabb, hogy sokat tanultam magamr\u00f3l, \u00e9s arr\u00f3l, hogy b\u00e1r \u00fagy gondoltam, a harmadik Gir\u00f3mon m\u00e1r tudom, mire sz\u00e1m\u00edthatok, ezen a versenyen sosem tudhatja el\u0151re az ember, mire sz\u00e1m\u00edtson val\u00f3j\u00e1ban \u2013 legk\u00f6zelebb eg\u00e9szen m\u00e1s fejjel \u00e1llok majd oda!\u201d<\/p>\n<figure id=\"attachment_15155\" aria-describedby=\"caption-attachment-15155\" style=\"width: 1024px\" class=\"wp-caption alignnone\"><img loading=\"lazy\" decoding=\"async\" class=\"size-large wp-image-15155\" src=\"https:\/\/d2p6e6u75xmxt8.cloudfront.net\/12\/2022\/06\/3374090-68962068-2560-1440-1024x576.webp\" alt=\"\" width=\"1024\" height=\"576\" srcset=\"https:\/\/d2p6e6u75xmxt8.cloudfront.net\/12\/2022\/06\/3374090-68962068-2560-1440-1024x576.webp 1024w, https:\/\/d2p6e6u75xmxt8.cloudfront.net\/12\/2022\/06\/3374090-68962068-2560-1440-300x169.webp 300w, https:\/\/d2p6e6u75xmxt8.cloudfront.net\/12\/2022\/06\/3374090-68962068-2560-1440-768x432.webp 768w, https:\/\/d2p6e6u75xmxt8.cloudfront.net\/12\/2022\/06\/3374090-68962068-2560-1440.webp 1200w\" sizes=\"auto, (max-width: 1024px) 100vw, 1024px\" \/><figcaption id=\"caption-attachment-15155\" class=\"wp-caption-text\">Fot\u00f3: Groupama-FDJ\/Twitter<\/figcaption><\/figure>\n<p>Fetter Erik \u00e9s Pe\u00e1k Barna egyar\u00e1nt els\u0151 Grand Tour-verseny\u00fcket teljes\u00edtett\u00e9k, ehhez k\u00e9pest mindketten abszol\u00fat j\u00f3l. Az EOLO-Komet\u00e1ban versenyz\u0151 Erik \u00e9s a belga Wanty-t er\u0151s\u00edt\u0151 Barna is meg tudott felelni a fel\u00e9j\u00fck t\u00e1masztott csapatelv\u00e1r\u00e1soknak: kiv\u00e1l\u00f3an seg\u00edtett\u00e9k t\u00e1rsaikat, s m\u00edg Fetter a sz\u00f6k\u00e9sekben is jeleskedett, addig Pe\u00e1k felvezet\u0151emberk\u00e9nt seg\u00edtette t\u00f6rt\u00e9nelmi szakaszsikerhez Biniam Girmayt (akinek azt\u00e1n szeg\u00e9nynek fel kellett adnia a versenyt az eml\u00e9kezetes pezsg\u0151dug\u00f3s esete ut\u00e1n), valamint Pozzoviv\u00f3t \u00e9s Hirtet top 10-es \u00f6sszetett helyez\u00e9shez.<\/p>\n<figure id=\"attachment_15156\" aria-describedby=\"caption-attachment-15156\" style=\"width: 1024px\" class=\"wp-caption alignnone\"><img loading=\"lazy\" decoding=\"async\" class=\"size-large wp-image-15156\" src=\"https:\/\/d2p6e6u75xmxt8.cloudfront.net\/12\/2022\/06\/283203673_353750163409059_3282634900033279413_n-1024x683.jpg\" alt=\"\" width=\"1024\" height=\"683\" srcset=\"https:\/\/d2p6e6u75xmxt8.cloudfront.net\/12\/2022\/06\/283203673_353750163409059_3282634900033279413_n-1024x683.jpg 1024w, https:\/\/d2p6e6u75xmxt8.cloudfront.net\/12\/2022\/06\/283203673_353750163409059_3282634900033279413_n-300x200.jpg 300w, https:\/\/d2p6e6u75xmxt8.cloudfront.net\/12\/2022\/06\/283203673_353750163409059_3282634900033279413_n-768x512.jpg 768w, https:\/\/d2p6e6u75xmxt8.cloudfront.net\/12\/2022\/06\/283203673_353750163409059_3282634900033279413_n-272x182.jpg 272w, https:\/\/d2p6e6u75xmxt8.cloudfront.net\/12\/2022\/06\/283203673_353750163409059_3282634900033279413_n.jpg 1440w\" sizes=\"auto, (max-width: 1024px) 100vw, 1024px\" \/><figcaption id=\"caption-attachment-15156\" class=\"wp-caption-text\">Fot\u00f3: Fetter Erik\/Facebook<\/figcaption><\/figure>\n<p><em>\u201eA csapatom el\u00e9gedett volt velem, \u00e9s b\u00e1r szerettem volna, ha valamelyik sz\u00f6k\u00e9ssel, amibe beleker\u00fcltem, \u00e9n is haza tudok \u00e9rni a t\u00f6bbiekkel egy\u00fctt, igaz\u00e1b\u00f3l nem biztos, hogy ez a c\u00e9l az els\u0151 h\u00e1romhetesemen kell, hogy re\u00e1lis c\u00e9l legyen\u201d<\/em> \u2013 morfond\u00edrozott az \u00f6sszetett 83. hely\u00e9n z\u00e1r\u00f3 Fetter Erik, hozz\u00e1t\u00e9ve, el\u0151zetes f\u00e9lelmeivel ellent\u00e9tben sokkal jobban reag\u00e1lt erre a k\u0151kem\u00e9ny h\u00e1rom h\u00e9tre, mint ahogy az elmond\u00e1sok alapj\u00e1n v\u00e1rta volna. Mint mondta, most, hogy a legnagyobb szt\u00e1rokon, mint p\u00e9ld\u00e1ul Hindley \u00e9s Carapaz, testk\u00f6zelb\u0151l l\u00e1tta, hogy t\u00e9nyleg lehets\u00e9ges h\u00e1rom h\u00e9ten \u00e1t egyenletesen j\u00f3 sz\u00ednvonalon teljes\u00edteni, az a c\u00e9lja, hogy m\u00e9g kem\u00e9nyebb munk\u00e1val id\u0151vel \u0151 is el\u00e9rjen erre a szintre.<\/p>\n<figure id=\"attachment_15157\" aria-describedby=\"caption-attachment-15157\" style=\"width: 1024px\" class=\"wp-caption alignnone\"><img loading=\"lazy\" decoding=\"async\" class=\"size-large wp-image-15157\" src=\"https:\/\/d2p6e6u75xmxt8.cloudfront.net\/12\/2022\/06\/biniam-girmay-peak-barnabas-1024x576.jpg\" alt=\"\" width=\"1024\" height=\"576\" srcset=\"https:\/\/d2p6e6u75xmxt8.cloudfront.net\/12\/2022\/06\/biniam-girmay-peak-barnabas-1024x576.jpg 1024w, https:\/\/d2p6e6u75xmxt8.cloudfront.net\/12\/2022\/06\/biniam-girmay-peak-barnabas-300x169.jpg 300w, https:\/\/d2p6e6u75xmxt8.cloudfront.net\/12\/2022\/06\/biniam-girmay-peak-barnabas-768x432.jpg 768w, https:\/\/d2p6e6u75xmxt8.cloudfront.net\/12\/2022\/06\/biniam-girmay-peak-barnabas.jpg 1400w\" sizes=\"auto, (max-width: 1024px) 100vw, 1024px\" \/><figcaption id=\"caption-attachment-15157\" class=\"wp-caption-text\">Fot\u00f3: Intermarch\u00e9-Wanty-Gobert<\/figcaption><\/figure>\n<p><em>\u201eNagyon j\u00f3 Gir\u00f3t ment\u00fcnk, \u00fagyhogy a csapatb\u00f3l n\u00e1lunk is mindenkit megdics\u00e9rtek\u201d<\/em> \u2013 vette \u00e1t a sz\u00f3t Pe\u00e1k Barna. \u201e<em>\u00c9n szerettem volna kicsit l\u00e1tv\u00e1nyosabban seg\u00edteni Biniam Girmayt, de az\u00e9rt \u00f6sszess\u00e9g\u00e9ben nem lehet okom, okunk a panaszra: v\u00e9gigmentem, ott voltam a veronai ar\u00e9n\u00e1ban, ez a p\u00e1lyafut\u00e1som k\u00f6vetkez\u0151 l\u00e9pcs\u0151foka szempontj\u00e1b\u00f3l kulcsfontoss\u00e1g\u00fa, emellett Binin k\u00edv\u00fcl Pozzoviv\u00f3nak is tudtam seg\u00edteni, a k\u00e9t-k\u00e9t szakaszgy\u0151zelem \u00e9s top t\u00edzes \u00f6sszetett helyez\u00e9s pedig \u00f6nmag\u00e1\u00e9rt besz\u00e9l!\u201d<\/em><\/p>\n<p>A mieink teh\u00e1t abszol\u00fat kitettek maguk\u00e9rt, r\u00f3zsasz\u00edn trik\u00f3 nem lehet minden \u00e9vben (\u00e9s ez most nem is lehetett re\u00e1lis c\u00e9l), rem\u00e9lj\u00fck, sokszor \u00e1t\u00e9lhetj\u00fck m\u00e9g, hogy legal\u00e1bb h\u00e1rom honfit\u00e1rsunknak szurkolhatunk a legnagyobb versenyeken!<\/p>\n<p><em>Bor\u00edt\u00f3k\u00e9p: AFP<\/em><\/p>\n","protected":false},"excerpt":{"rendered":"<p>A Magyar Ker\u00e9kp\u00e1ros Sz\u00f6vets\u00e9g \u00e1ltal szervezett virtu\u00e1lis kerekasztalbesz\u00e9lget\u00e9s keret\u00e9n bel\u00fcl \u00e9lm\u00e9nybesz\u00e1mol\u00f3zott a h\u00e9ten h\u00e1rom Giro-kedvenc\u00fcnk, Valter Attila, Fetter Erik \u00e9s [&hellip;]<\/p>\n","protected":false},"author":71,"featured_media":15154,"comment_status":"open","ping_status":"open","sticky":false,"template":"","format":"standard","meta":{"footnotes":""},"categories":[8],"tags":[],"global-categories":[],"class_list":["post-15153","post","type-post","status-publish","format-standard","has-post-thumbnail","hentry","category-orszaguti-kerekpar"],"yoast_head":"<!-- This site is optimized with the Yoast SEO Premium plugin v25.3 (Yoast SEO v25.9) - https:\/\/yoast.com\/wordpress\/plugins\/seo\/ -->\n<title>El\u00e9gedetten f\u00fajhat h\u00e1rom Giro-h\u0151s\u00fcnk, mindegyik\u00fcket megdics\u00e9rte csapata<\/title>\n<meta name=\"description\" content=\"A Magyar Ker\u00e9kp\u00e1ros Sz\u00f6vets\u00e9g \u00e1ltal szervezett virtu\u00e1lis kerekasztalbesz\u00e9lget\u00e9s keret\u00e9n bel\u00fcl \u00e9lm\u00e9nybesz\u00e1mol\u00f3zott a h\u00e9ten h\u00e1rom Giro-kedvenc\u00fcnk, Valter Attila, Fetter Erik \u00e9s Pe\u00e1k Barnab\u00e1s. A h\u00e1rom h\u0151snek b\u0151ven volt mir\u0151l mes\u00e9lnie, hiszen m\u00e1s \u00e9s m\u00e1s okokb\u00f3l, de mindannyiuknak eml\u00e9kezetesen alakult az olasz k\u00f6r neh\u00e9z h\u00e1rom hete, bele\u00e9rtve term\u00e9szetesen a nyit\u00f3 h\u00e1rom magyar etapot is.\" \/>\n<meta name=\"robots\" content=\"index, follow, max-snippet:-1, max-image-preview:large, max-video-preview:-1\" \/>\n<link rel=\"canonical\" href=\"https:\/\/www.welovecycling.com\/hu\/orszaguti-kerekpar\/elegedetten-fujhat-harom-giro-hosunk-mindegyikuket-megdicserte-csapata\/\" \/>\n<meta property=\"og:locale\" content=\"hu_HU\" \/>\n<meta property=\"og:type\" content=\"article\" \/>\n<meta property=\"og:title\" content=\"El\u00e9gedetten f\u00fajhat h\u00e1rom Giro-h\u0151s\u00fcnk, mindegyik\u00fcket megdics\u00e9rte csapata\" \/>\n<meta property=\"og:description\" content=\"A Magyar Ker\u00e9kp\u00e1ros Sz\u00f6vets\u00e9g \u00e1ltal szervezett virtu\u00e1lis kerekasztalbesz\u00e9lget\u00e9s keret\u00e9n bel\u00fcl \u00e9lm\u00e9nybesz\u00e1mol\u00f3zott a h\u00e9ten h\u00e1rom Giro-kedvenc\u00fcnk, Valter Attila, Fetter Erik \u00e9s Pe\u00e1k Barnab\u00e1s. A h\u00e1rom h\u0151snek b\u0151ven volt mir\u0151l mes\u00e9lnie, hiszen m\u00e1s \u00e9s m\u00e1s okokb\u00f3l, de mindannyiuknak eml\u00e9kezetesen alakult az olasz k\u00f6r neh\u00e9z h\u00e1rom hete, bele\u00e9rtve term\u00e9szetesen a nyit\u00f3 h\u00e1rom magyar etapot is.\" \/>\n<meta property=\"og:url\" content=\"https:\/\/www.welovecycling.com\/hu\/orszaguti-kerekpar\/elegedetten-fujhat-harom-giro-hosunk-mindegyikuket-megdicserte-csapata\/\" \/>\n<meta property=\"og:site_name\" content=\"\u0160koda We Love Cycling - Magyarorsz\u00e1g\" \/>\n<meta property=\"article:publisher\" content=\"https:\/\/www.facebook.com\/WeLoveCyclingHungary\/\" \/>\n<meta property=\"article:published_time\" content=\"2022-06-05T06:00:58+00:00\" \/>\n<meta property=\"og:image\" content=\"https:\/\/d2p6e6u75xmxt8.cloudfront.net\/12\/2022\/06\/1200fetter_valter_peak_960px.jpg\" \/>\n\t<meta property=\"og:image:width\" content=\"960\" \/>\n\t<meta property=\"og:image:height\" content=\"720\" \/>\n\t<meta property=\"og:image:type\" content=\"image\/jpeg\" \/>\n<meta name=\"author\" content=\"hegyizs\" \/>\n<meta name=\"twitter:card\" content=\"summary_large_image\" \/>\n<meta name=\"twitter:label1\" content=\"Written by\" \/>\n\t<meta name=\"twitter:data1\" content=\"WLC\" \/>\n\t<meta name=\"twitter:label2\" content=\"Est. reading time\" \/>\n\t<meta name=\"twitter:data2\" content=\"4 minutes\" \/>\n<script type=\"application\/ld+json\" class=\"yoast-schema-graph\">{\"@context\":\"https:\/\/schema.org\",\"@graph\":[{\"@type\":\"WebPage\",\"@id\":\"https:\/\/www.welovecycling.com\/hu\/orszaguti-kerekpar\/elegedetten-fujhat-harom-giro-hosunk-mindegyikuket-megdicserte-csapata\/\",\"url\":\"https:\/\/www.welovecycling.com\/hu\/orszaguti-kerekpar\/elegedetten-fujhat-harom-giro-hosunk-mindegyikuket-megdicserte-csapata\/\",\"name\":\"El\u00e9gedetten f\u00fajhat h\u00e1rom Giro-h\u0151s\u00fcnk, mindegyik\u00fcket megdics\u00e9rte csapata\",\"isPartOf\":{\"@id\":\"https:\/\/www.welovecycling.com\/hu\/#website\"},\"primaryImageOfPage\":{\"@id\":\"https:\/\/www.welovecycling.com\/hu\/orszaguti-kerekpar\/elegedetten-fujhat-harom-giro-hosunk-mindegyikuket-megdicserte-csapata\/#primaryimage\"},\"image\":{\"@id\":\"https:\/\/www.welovecycling.com\/hu\/orszaguti-kerekpar\/elegedetten-fujhat-harom-giro-hosunk-mindegyikuket-megdicserte-csapata\/#primaryimage\"},\"thumbnailUrl\":\"https:\/\/d2p6e6u75xmxt8.cloudfront.net\/12\/2022\/06\/1200fetter_valter_peak_960px.jpg\",\"datePublished\":\"2022-06-05T06:00:58+00:00\",\"author\":{\"@id\":\"https:\/\/www.welovecycling.com\/hu\/#\/schema\/person\/414a2aebf1801691a5320edb6468e194\"},\"description\":\"A Magyar Ker\u00e9kp\u00e1ros Sz\u00f6vets\u00e9g \u00e1ltal szervezett virtu\u00e1lis kerekasztalbesz\u00e9lget\u00e9s keret\u00e9n bel\u00fcl \u00e9lm\u00e9nybesz\u00e1mol\u00f3zott a h\u00e9ten h\u00e1rom Giro-kedvenc\u00fcnk, Valter Attila, Fetter Erik \u00e9s Pe\u00e1k Barnab\u00e1s. A h\u00e1rom h\u0151snek b\u0151ven volt mir\u0151l mes\u00e9lnie, hiszen m\u00e1s \u00e9s m\u00e1s okokb\u00f3l, de mindannyiuknak eml\u00e9kezetesen alakult az olasz k\u00f6r neh\u00e9z h\u00e1rom hete, bele\u00e9rtve term\u00e9szetesen a nyit\u00f3 h\u00e1rom magyar etapot is.\",\"breadcrumb\":{\"@id\":\"https:\/\/www.welovecycling.com\/hu\/orszaguti-kerekpar\/elegedetten-fujhat-harom-giro-hosunk-mindegyikuket-megdicserte-csapata\/#breadcrumb\"},\"inLanguage\":\"hu\",\"potentialAction\":[{\"@type\":\"ReadAction\",\"target\":[\"https:\/\/www.welovecycling.com\/hu\/orszaguti-kerekpar\/elegedetten-fujhat-harom-giro-hosunk-mindegyikuket-megdicserte-csapata\/\"]}]},{\"@type\":\"ImageObject\",\"inLanguage\":\"hu\",\"@id\":\"https:\/\/www.welovecycling.com\/hu\/orszaguti-kerekpar\/elegedetten-fujhat-harom-giro-hosunk-mindegyikuket-megdicserte-csapata\/#primaryimage\",\"url\":\"https:\/\/d2p6e6u75xmxt8.cloudfront.net\/12\/2022\/06\/1200fetter_valter_peak_960px.jpg\",\"contentUrl\":\"https:\/\/d2p6e6u75xmxt8.cloudfront.net\/12\/2022\/06\/1200fetter_valter_peak_960px.jpg\",\"width\":960,\"height\":720},{\"@type\":\"BreadcrumbList\",\"@id\":\"https:\/\/www.welovecycling.com\/hu\/orszaguti-kerekpar\/elegedetten-fujhat-harom-giro-hosunk-mindegyikuket-megdicserte-csapata\/#breadcrumb\",\"itemListElement\":[{\"@type\":\"ListItem\",\"position\":1,\"name\":\"Home\",\"item\":\"https:\/\/www.welovecycling.com\/hu\/\"},{\"@type\":\"ListItem\",\"position\":2,\"name\":\"El\u00e9gedetten f\u00fajhat h\u00e1rom Giro-h\u0151s\u00fcnk, mindegyik\u00fcket megdics\u00e9rte csapata\"}]},{\"@type\":\"WebSite\",\"@id\":\"https:\/\/www.welovecycling.com\/hu\/#website\",\"url\":\"https:\/\/www.welovecycling.com\/hu\/\",\"name\":\"\u0160koda We Love Cycling - Magyarorsz\u00e1g\",\"description\":\"\u0160koda WeLoveCycling\",\"potentialAction\":[{\"@type\":\"SearchAction\",\"target\":{\"@type\":\"EntryPoint\",\"urlTemplate\":\"https:\/\/www.welovecycling.com\/hu\/?s={search_term_string}\"},\"query-input\":{\"@type\":\"PropertyValueSpecification\",\"valueRequired\":true,\"valueName\":\"search_term_string\"}}],\"inLanguage\":\"hu\"},{\"@type\":\"Person\",\"@id\":\"https:\/\/www.welovecycling.com\/hu\/#\/schema\/person\/414a2aebf1801691a5320edb6468e194\",\"name\":\"hegyizs\",\"image\":{\"@type\":\"ImageObject\",\"inLanguage\":\"hu\",\"@id\":\"https:\/\/www.welovecycling.com\/hu\/#\/schema\/person\/image\/\",\"url\":\"https:\/\/secure.gravatar.com\/avatar\/02cf8a7906b8cf90cecb4679defac7cfd33a1c2e3b88e4903d947f3bb58eedd3?s=96&d=mm&r=g\",\"contentUrl\":\"https:\/\/secure.gravatar.com\/avatar\/02cf8a7906b8cf90cecb4679defac7cfd33a1c2e3b88e4903d947f3bb58eedd3?s=96&d=mm&r=g\",\"caption\":\"hegyizs\"},\"url\":\"https:\/\/www.welovecycling.com\/hu\/author\/hegyizs\/\"}]}<\/script>\n<!-- \/ Yoast SEO Premium plugin. -->","yoast_head_json":{"title":"El\u00e9gedetten f\u00fajhat h\u00e1rom Giro-h\u0151s\u00fcnk, mindegyik\u00fcket megdics\u00e9rte csapata","description":"A Magyar Ker\u00e9kp\u00e1ros Sz\u00f6vets\u00e9g \u00e1ltal szervezett virtu\u00e1lis kerekasztalbesz\u00e9lget\u00e9s keret\u00e9n bel\u00fcl \u00e9lm\u00e9nybesz\u00e1mol\u00f3zott a h\u00e9ten h\u00e1rom Giro-kedvenc\u00fcnk, Valter Attila, Fetter Erik \u00e9s Pe\u00e1k Barnab\u00e1s. A h\u00e1rom h\u0151snek b\u0151ven volt mir\u0151l mes\u00e9lnie, hiszen m\u00e1s \u00e9s m\u00e1s okokb\u00f3l, de mindannyiuknak eml\u00e9kezetesen alakult az olasz k\u00f6r neh\u00e9z h\u00e1rom hete, bele\u00e9rtve term\u00e9szetesen a nyit\u00f3 h\u00e1rom magyar etapot is.","robots":{"index":"index","follow":"follow","max-snippet":"max-snippet:-1","max-image-preview":"max-image-preview:large","max-video-preview":"max-video-preview:-1"},"canonical":"https:\/\/www.welovecycling.com\/hu\/orszaguti-kerekpar\/elegedetten-fujhat-harom-giro-hosunk-mindegyikuket-megdicserte-csapata\/","og_locale":"hu_HU","og_type":"article","og_title":"El\u00e9gedetten f\u00fajhat h\u00e1rom Giro-h\u0151s\u00fcnk, mindegyik\u00fcket megdics\u00e9rte csapata","og_description":"A Magyar Ker\u00e9kp\u00e1ros Sz\u00f6vets\u00e9g \u00e1ltal szervezett virtu\u00e1lis kerekasztalbesz\u00e9lget\u00e9s keret\u00e9n bel\u00fcl \u00e9lm\u00e9nybesz\u00e1mol\u00f3zott a h\u00e9ten h\u00e1rom Giro-kedvenc\u00fcnk, Valter Attila, Fetter Erik \u00e9s Pe\u00e1k Barnab\u00e1s. A h\u00e1rom h\u0151snek b\u0151ven volt mir\u0151l mes\u00e9lnie, hiszen m\u00e1s \u00e9s m\u00e1s okokb\u00f3l, de mindannyiuknak eml\u00e9kezetesen alakult az olasz k\u00f6r neh\u00e9z h\u00e1rom hete, bele\u00e9rtve term\u00e9szetesen a nyit\u00f3 h\u00e1rom magyar etapot is.","og_url":"https:\/\/www.welovecycling.com\/hu\/orszaguti-kerekpar\/elegedetten-fujhat-harom-giro-hosunk-mindegyikuket-megdicserte-csapata\/","og_site_name":"\u0160koda We Love Cycling - Magyarorsz\u00e1g","article_publisher":"https:\/\/www.facebook.com\/WeLoveCyclingHungary\/","article_published_time":"2022-06-05T06:00:58+00:00","og_image":[{"width":960,"height":720,"url":"https:\/\/d2p6e6u75xmxt8.cloudfront.net\/12\/2022\/06\/1200fetter_valter_peak_960px.jpg","type":"image\/jpeg"}],"author":"hegyizs","twitter_card":"summary_large_image","twitter_misc":{"Written by":"WLC","Est. reading time":"4 minutes"},"schema":{"@context":"https:\/\/schema.org","@graph":[{"@type":"WebPage","@id":"https:\/\/www.welovecycling.com\/hu\/orszaguti-kerekpar\/elegedetten-fujhat-harom-giro-hosunk-mindegyikuket-megdicserte-csapata\/","url":"https:\/\/www.welovecycling.com\/hu\/orszaguti-kerekpar\/elegedetten-fujhat-harom-giro-hosunk-mindegyikuket-megdicserte-csapata\/","name":"El\u00e9gedetten f\u00fajhat h\u00e1rom Giro-h\u0151s\u00fcnk, mindegyik\u00fcket megdics\u00e9rte csapata","isPartOf":{"@id":"https:\/\/www.welovecycling.com\/hu\/#website"},"primaryImageOfPage":{"@id":"https:\/\/www.welovecycling.com\/hu\/orszaguti-kerekpar\/elegedetten-fujhat-harom-giro-hosunk-mindegyikuket-megdicserte-csapata\/#primaryimage"},"image":{"@id":"https:\/\/www.welovecycling.com\/hu\/orszaguti-kerekpar\/elegedetten-fujhat-harom-giro-hosunk-mindegyikuket-megdicserte-csapata\/#primaryimage"},"thumbnailUrl":"https:\/\/d2p6e6u75xmxt8.cloudfront.net\/12\/2022\/06\/1200fetter_valter_peak_960px.jpg","datePublished":"2022-06-05T06:00:58+00:00","author":{"@id":"https:\/\/www.welovecycling.com\/hu\/#\/schema\/person\/414a2aebf1801691a5320edb6468e194"},"description":"A Magyar Ker\u00e9kp\u00e1ros Sz\u00f6vets\u00e9g \u00e1ltal szervezett virtu\u00e1lis kerekasztalbesz\u00e9lget\u00e9s keret\u00e9n bel\u00fcl \u00e9lm\u00e9nybesz\u00e1mol\u00f3zott a h\u00e9ten h\u00e1rom Giro-kedvenc\u00fcnk, Valter Attila, Fetter Erik \u00e9s Pe\u00e1k Barnab\u00e1s. A h\u00e1rom h\u0151snek b\u0151ven volt mir\u0151l mes\u00e9lnie, hiszen m\u00e1s \u00e9s m\u00e1s okokb\u00f3l, de mindannyiuknak eml\u00e9kezetesen alakult az olasz k\u00f6r neh\u00e9z h\u00e1rom hete, bele\u00e9rtve term\u00e9szetesen a nyit\u00f3 h\u00e1rom magyar etapot is.","breadcrumb":{"@id":"https:\/\/www.welovecycling.com\/hu\/orszaguti-kerekpar\/elegedetten-fujhat-harom-giro-hosunk-mindegyikuket-megdicserte-csapata\/#breadcrumb"},"inLanguage":"hu","potentialAction":[{"@type":"ReadAction","target":["https:\/\/www.welovecycling.com\/hu\/orszaguti-kerekpar\/elegedetten-fujhat-harom-giro-hosunk-mindegyikuket-megdicserte-csapata\/"]}]},{"@type":"ImageObject","inLanguage":"hu","@id":"https:\/\/www.welovecycling.com\/hu\/orszaguti-kerekpar\/elegedetten-fujhat-harom-giro-hosunk-mindegyikuket-megdicserte-csapata\/#primaryimage","url":"https:\/\/d2p6e6u75xmxt8.cloudfront.net\/12\/2022\/06\/1200fetter_valter_peak_960px.jpg","contentUrl":"https:\/\/d2p6e6u75xmxt8.cloudfront.net\/12\/2022\/06\/1200fetter_valter_peak_960px.jpg","width":960,"height":720},{"@type":"BreadcrumbList","@id":"https:\/\/www.welovecycling.com\/hu\/orszaguti-kerekpar\/elegedetten-fujhat-harom-giro-hosunk-mindegyikuket-megdicserte-csapata\/#breadcrumb","itemListElement":[{"@type":"ListItem","position":1,"name":"Home","item":"https:\/\/www.welovecycling.com\/hu\/"},{"@type":"ListItem","position":2,"name":"El\u00e9gedetten f\u00fajhat h\u00e1rom Giro-h\u0151s\u00fcnk, mindegyik\u00fcket megdics\u00e9rte csapata"}]},{"@type":"WebSite","@id":"https:\/\/www.welovecycling.com\/hu\/#website","url":"https:\/\/www.welovecycling.com\/hu\/","name":"\u0160koda We Love Cycling - Magyarorsz\u00e1g","description":"\u0160koda WeLoveCycling","potentialAction":[{"@type":"SearchAction","target":{"@type":"EntryPoint","urlTemplate":"https:\/\/www.welovecycling.com\/hu\/?s={search_term_string}"},"query-input":{"@type":"PropertyValueSpecification","valueRequired":true,"valueName":"search_term_string"}}],"inLanguage":"hu"},{"@type":"Person","@id":"https:\/\/www.welovecycling.com\/hu\/#\/schema\/person\/414a2aebf1801691a5320edb6468e194","name":"hegyizs","image":{"@type":"ImageObject","inLanguage":"hu","@id":"https:\/\/www.welovecycling.com\/hu\/#\/schema\/person\/image\/","url":"https:\/\/secure.gravatar.com\/avatar\/02cf8a7906b8cf90cecb4679defac7cfd33a1c2e3b88e4903d947f3bb58eedd3?s=96&d=mm&r=g","contentUrl":"https:\/\/secure.gravatar.com\/avatar\/02cf8a7906b8cf90cecb4679defac7cfd33a1c2e3b88e4903d947f3bb58eedd3?s=96&d=mm&r=g","caption":"hegyizs"},"url":"https:\/\/www.welovecycling.com\/hu\/author\/hegyizs\/"}]}},"_links":{"self":[{"href":"https:\/\/www.welovecycling.com\/hu\/wp-json\/wp\/v2\/posts\/15153","targetHints":{"allow":["GET"]}}],"collection":[{"href":"https:\/\/www.welovecycling.com\/hu\/wp-json\/wp\/v2\/posts"}],"about":[{"href":"https:\/\/www.welovecycling.com\/hu\/wp-json\/wp\/v2\/types\/post"}],"author":[{"embeddable":true,"href":"https:\/\/www.welovecycling.com\/hu\/wp-json\/wp\/v2\/users\/71"}],"replies":[{"embeddable":true,"href":"https:\/\/www.welovecycling.com\/hu\/wp-json\/wp\/v2\/comments?post=15153"}],"version-history":[{"count":1,"href":"https:\/\/www.welovecycling.com\/hu\/wp-json\/wp\/v2\/posts\/15153\/revisions"}],"predecessor-version":[{"id":15158,"href":"https:\/\/www.welovecycling.com\/hu\/wp-json\/wp\/v2\/posts\/15153\/revisions\/15158"}],"wp:featuredmedia":[{"embeddable":true,"href":"https:\/\/www.welovecycling.com\/hu\/wp-json\/wp\/v2\/media\/15154"}],"wp:attachment":[{"href":"https:\/\/www.welovecycling.com\/hu\/wp-json\/wp\/v2\/media?parent=15153"}],"wp:term":[{"taxonomy":"category","embeddable":true,"href":"https:\/\/www.welovecycling.com\/hu\/wp-json\/wp\/v2\/categories?post=15153"},{"taxonomy":"post_tag","embeddable":true,"href":"https:\/\/www.welovecycling.com\/hu\/wp-json\/wp\/v2\/tags?post=15153"},{"taxonomy":"global-categories","embeddable":true,"href":"https:\/\/www.welovecycling.com\/hu\/wp-json\/wp\/v2\/global-categories?post=15153"}],"curies":[{"name":"wp","href":"https:\/\/api.w.org\/{rel}","templated":true}]}}