{"id":15148,"date":"2022-06-09T08:00:28","date_gmt":"2022-06-09T06:00:28","guid":{"rendered":"https:\/\/www.welovecycling.com\/hu\/?p=15148"},"modified":"2022-06-03T15:22:24","modified_gmt":"2022-06-03T13:22:24","slug":"a-jovo-kerekparosainak-alapkovei-az-elso-biciklis-emlekek","status":"publish","type":"post","link":"https:\/\/www.welovecycling.com\/hu\/csalad\/a-jovo-kerekparosainak-alapkovei-az-elso-biciklis-emlekek\/","title":{"rendered":"A j\u00f6v\u0151 ker\u00e9kp\u00e1rosainak alapk\u00f6vei: Az els\u0151 biciklis eml\u00e9kek"},"content":{"rendered":"<p><strong>Amennyiben m\u00e9g nem vetted volna \u00e9szre, az orsz\u00e1g\u00fati ker\u00e9kp\u00e1rosok sz\u00e1m\u00e1ra megkezd\u0151d\u00f6tt a Grand Tour-szezon. A versenyeket persze szuper n\u00e9zni, de ki ne \u00e9lvezn\u00e9 a gy\u00f6ny\u00f6r\u0171 t\u00e1jakkal, sz\u0151l\u0151skertekkel \u00e9s t\u00f6rt\u00e9nelmi eml\u00e9km\u0171vekkel megf\u0171szerezett utakat? A k\u00e9peslapba ill\u0151 l\u00e1tv\u00e1ny legal\u00e1bb annyira szolg\u00e1lja a turizmust, mint amennyire a jelenlegi \u00e9s j\u00f6v\u0151beli bicikliseket inspir\u00e1lja. Ez elgondolkodtatott arr\u00f3l, mi is inspir\u00e1lt engem arra, hogy ker\u00e9kp\u00e1ros legyek: mik voltak az els\u0151 biciklis eml\u00e9keim?<\/strong><\/p>\n<p><!--more--><\/p>\n<h2><strong>Korai \u00e9vek<\/strong><\/h2>\n<p>Ha belegondolunk, tulajdonk\u00e9ppen kerekeken kezdj\u00fck az \u00e9letet, egy n\u00e9gykerek\u0171 kocsiban, tisztess\u00e9ges nev\u00e9n babakocsiban. \u00c9n szem\u00e9ly szerint nem eml\u00e9kszem r\u00e1. De azt tudom, hogy megt\u00f6rt\u00e9nt. K\u00e9pek bizony\u00edtj\u00e1k.<\/p>\n<p>Az els\u0151 tiszta eml\u00e9kem a kerekes k\u00f6zleked\u00e9sr\u0151l a piros triciklim. T\u0171zpiros volt, hozz\u00e1 ill\u0151 piros markolatokkal, csill\u00e1mokkal \u00e9s szalagokkal.<\/p>\n<p>Klasszikus h\u00e1romkerek\u0171 modell volt, ha nem volt kedved ped\u00e1lozni, az egyik pihentetni tudtad, a m\u00e1sikkal pedig tolhattad magad a korm\u00e1nyt fogva. Amikor \u00fclve ped\u00e1loztam, egy magass\u00e1gban voltam a doh\u00e1nyz\u00f3asztallal, ami egy nap nem j\u00f6tt t\u00fal j\u00f3l. M\u00e9g ma is megvan a sebhelyem.<\/p>\n<figure id=\"attachment_15149\" aria-describedby=\"caption-attachment-15149\" style=\"width: 1250px\" class=\"wp-caption alignnone\"><a href=\"https:\/\/d2p6e6u75xmxt8.cloudfront.net\/12\/2022\/06\/Kid-on-a-bike-profimedia-0254578371-1.jpg\"><img loading=\"lazy\" decoding=\"async\" class=\"wp-image-15149 size-full\" src=\"https:\/\/d2p6e6u75xmxt8.cloudfront.net\/12\/2022\/06\/Kid-on-a-bike-profimedia-0254578371-1.jpg\" alt=\"Kid on a bike\" width=\"1250\" height=\"834\" srcset=\"https:\/\/d2p6e6u75xmxt8.cloudfront.net\/12\/2022\/06\/Kid-on-a-bike-profimedia-0254578371-1.jpg 1250w, https:\/\/d2p6e6u75xmxt8.cloudfront.net\/12\/2022\/06\/Kid-on-a-bike-profimedia-0254578371-1-300x200.jpg 300w, https:\/\/d2p6e6u75xmxt8.cloudfront.net\/12\/2022\/06\/Kid-on-a-bike-profimedia-0254578371-1-1024x683.jpg 1024w, https:\/\/d2p6e6u75xmxt8.cloudfront.net\/12\/2022\/06\/Kid-on-a-bike-profimedia-0254578371-1-768x512.jpg 768w, https:\/\/d2p6e6u75xmxt8.cloudfront.net\/12\/2022\/06\/Kid-on-a-bike-profimedia-0254578371-1-272x182.jpg 272w\" sizes=\"auto, (max-width: 1250px) 100vw, 1250px\" \/><\/a><figcaption id=\"caption-attachment-15149\" class=\"wp-caption-text\"><em>Az els\u0151 biciklis eml\u00e9keink lelkes ker\u00e9kp\u00e1rosokk\u00e1 tesznek minket. Vagy nem. \u00a9 Profimedia<\/em><\/figcaption><\/figure>\n<h2><strong>Az egyens\u00faly megtal\u00e1l\u00e1sa<\/strong><\/h2>\n<p>H\u00e1romr\u00f3l n\u00e9gykerek\u0171re v\u00e1ltottam, hogy az utc\u00e1n apuk\u00e1m seg\u00edts\u00e9g\u00e9vel megtanuljak k\u00e9tkerek\u0171, p\u00f3tkerekes biciklire \u00fclni. Van egy id\u0151sebb n\u0151v\u00e9rem, \u00edgy nem az \u00e9n biciklim volt, hanem az \u00f6v\u00e9, de nem \u00e9rdekelt. K\u00e9ts\u00e9gbeesetten szerettem volna egy nagyobb biciklin tekerni, \u00e9s megszabadulni a p\u00f3tkerekekt\u0151l.<\/p>\n<p>A bicikli egy z\u00f6ld egysebess\u00e9ges volt, h\u00e1ts\u00f3 f\u00e9kkel. Hozz\u00e1 ill\u0151 z\u00f6ld ban\u00e1n \u00fcl\u00e9se volt, mint a r\u00e9gi Schwinn StingRay modelleknek. Az egykor feh\u00e9r markolatok sz\u00fcrk\u00e9re fakultak a piszkos kezekt\u0151l.<\/p>\n<p>Amint megtanultam k\u00e9t ker\u00e9kkel biciklizni \u00e9s megtal\u00e1ltam az egyens\u00falyomat, le sem sz\u00e1lltam a ker\u00e9kp\u00e1rr\u00f3l. Mint a legt\u00f6bb gyereknek, nekem sem volt szabad s\u00f6t\u00e9ted\u00e9s ut\u00e1n az utc\u00e1n tekerni. De a sz\u00fcleim megengedt\u00e9k, hogy est\u00e9nk\u00e9nt a gar\u00e1zsban ped\u00e1lozzak, ami azt jelentette, hogy a csal\u00e1di aut\u00f3 kint parkolt. Kis \u00e1r a boldogs\u00e1gom\u00e9rt!<\/p>\n<p>K\u00f6r\u00f6ztem a gar\u00e1zs sz\u0171k ter\u00e9ben a hordozhat\u00f3 r\u00e1di\u00f3 karcos hangjaira, am\u00edg el nem \u00e9rkezett a vacsora ideje. Jobban megkedveltem a ker\u00e9kp\u00e1roz\u00e1st, mint a n\u0151v\u00e9rem, \u00edgy ritk\u00e1n hadakoztunk azon, hogy ki \u00fclj\u00f6n fel r\u00e1. De a dolgok hamarosan megv\u00e1ltoztak.<\/p>\n<h2><strong>Az els\u0151 biciklim<\/strong><\/h2>\n<p>\u00c9desany\u00e1mnak sok tehets\u00e9ge van (nem minden any\u00e1nak?), ezek k\u00f6z\u00fcl az egyik, hogy tehets\u00e9ges illusztr\u00e1tor. K\u00f6zeledett a sz\u00fclet\u00e9snapom, \u00e9s a nagy napon kinyitottam a k\u00e1rty\u00e1mat, \u00e9s magamat l\u00e1ttam, amint a hajamba kap\u00f3 sz\u00e9lben hajtok egy s\u00e1rga, h\u00e1romsebess\u00e9ges Schwinn biciklit. Any\u00e1m maga rajzolta. M\u00e9g mindig a k\u00e1rty\u00e1ban gy\u00f6ny\u00f6rk\u00f6dtem, amikor ap\u00e1m a szemem el\u00e9 gur\u00edtotta a biciklit. Elakadt a szavam.<\/p>\n<p>Egy feln\u0151tt m\u00e9ret\u0171 ker\u00e9kp\u00e1r b\u00fcszke tulajdonosa voltam. Mixte v\u00e1za volt, \u00edgy k\u00f6nnyen fel- \u00e9s lesz\u00e1llhattam, ahogy belen\u0151ttem a m\u00e9retbe. A komfort nyereg illett a s\u00e1rga sz\u00ednhez, a nyeregbor\u00edt\u00e1son feh\u00e9r sz\u00edn\u0171 S bet\u0171s Schwinn felirat d\u00edszelgett, ami kontrasztot alkotott a s\u00e1rg\u00e1val. Gy\u00f6ny\u00f6r\u0171 volt.<\/p>\n<h2><strong>\u00datra kel\u00e9s<\/strong><\/h2>\n<p>A ker\u00e9kp\u00e1roz\u00e1s remek csal\u00e1di program. Ap\u00e1m \u00fagy d\u00f6nt\u00f6tt, hogy egy\u00fctt kellene csin\u00e1lnunk. Egy nap haza\u00e9rve n\u00e9gy 10 sebess\u00e9ges, buk\u00f3cs\u00f6ves orsz\u00e1g\u00fati ker\u00e9kp\u00e1rt tal\u00e1ltam a gar\u00e1zsban, mindannyiunk sz\u00e1m\u00e1ra egyet.<\/p>\n<p>Mindenhov\u00e1 magammal vittem az \u00faj biciklim, iskol\u00e1ba, uszod\u00e1ba, sportedz\u00e9sre, haverokhoz. Ez volt a f\u00fcggetlens\u00e9g \u00e9des \u00edze. Visszavezet egy let\u0171nt korszak \u00e1rtatlans\u00e1g\u00e1hoz, amikor a gyerekek m\u00e9g megtehettek ilyesmit. Rem\u00e9lem, hogy n\u00e9h\u00e1ny helyen m\u00e9g mindig v\u00e1ltozatlan a helyzet, mivel sokat tan\u00edt a gyerekeknek a felel\u0151ss\u00e9gr\u0151l \u00e9s a biztons\u00e1gr\u00f3l.<\/p>\n<p>A biztons\u00e1g egy laza kifejez\u00e9s volt. M\u00e9g buk\u00f3sisakom sem volt. De akkoriban ez nem volt a kult\u00fara r\u00e9sze. Ma m\u00e1r eszembe sem jutna an\u00e9lk\u00fcl biciklizni, \u00e9s neked sem kellene.<\/p>\n<p>Ap\u00e1m egy hossz\u00fa t\u00far\u00e1t tervezett A pontb\u00f3l B-be. A n\u0151v\u00e9rem \u00e9s any\u00e1m nem volt \u00e9rdekelt, \u00edgy csak ap\u00e1m \u00e9s \u00e9n voltunk ott. Most m\u00e1r tudom, hogy mennyire felk\u00e9sz\u00fcletlenek voltunk. Nem volt megfelel\u0151 ruh\u00e1zat, elegend\u0151 v\u00edz, pumpa vagy ak\u00e1r \u00e9tel \u00e9s jav\u00edt\u00f3k\u00e9szlet sem n\u00e1lunk. Ennek ellen\u00e9re vakon nekiv\u00e1gtunk a nagyvil\u00e1gnak, hogy n\u00e9h\u00e1ny \u00f3r\u00e1val k\u00e9s\u0151bb any\u00e1m megmentsen minket. K\u00f6szi, anya.<\/p>\n<h2><strong>Biciklis csodabog\u00e1r<\/strong><\/h2>\n<p>A sikertelen hossz\u00fa t\u00far\u00e1t\u00f3l el nem cs\u00fcggedve, elkezdtem a helyi ker\u00e9kp\u00e1rboltban l\u0151d\u00f6r\u00f6gni. Csod\u00e1lattal b\u00e1multam a kirakatban l\u00e9v\u0151 csillog\u00f3 \u00faj bicikliket. A tulajdonos v\u00e9g\u00fcl \u00e9szrevett \u00e9s beh\u00edvott. \u00dczletmuki lettem, a szerel\u0151k k\u00f6zel\u00e9ben l\u00f3gtam, \u00e9s lelkesen figyeltem az \u00fcgyes kezeket munka k\u00f6zben. Furcsa munk\u00e1kat is v\u00e9geztem, p\u00e9ld\u00e1ul kivittem a szemetet. Nem volt t\u00fal f\u00e9nyes mel\u00f3, de b\u00fcszke voltam arra, hogy a csapat r\u00e9sze lehettem.<\/p>\n<p>Volt egy bicikli, amit k\u00fcl\u00f6n\u00f6sen megcsod\u00e1ltam a m\u0171helyben: egy elektromos k\u00e9k Miyata 1000-es. Dr\u00e1ga volt, k\u00f6zel 800 doll\u00e1r. Ez k\u00e9sz vagyon volt egy tizen\u00e9ves gyerek sz\u00e1m\u00e1ra. Nem eml\u00e9kszem a hajt\u00e1sl\u00e1ncra, de a korm\u00e1nyt a szok\u00e1sos szalag helyett habszivacs bor\u00edtotta a nagyobb k\u00e9nyelem \u00e9rdek\u00e9ben. Ez volt a legkir\u00e1lyabb dolog a vil\u00e1gon.<\/p>\n<p>Folyamatosan arr\u00f3l a biciklir\u0151l besz\u00e9ltem. N\u00e9ha megk\u00e9rdeztem, hogy megkaphatn\u00e1m-e, de a v\u00e1lasz hat\u00e1rozott nem volt: t\u00fal dr\u00e1ga. Belet\u00f6r\u0151dtem, hogy csak t\u00e1volr\u00f3l csod\u00e1lhatom. Egy nap any\u00e1m megk\u00e9rt, hogy menjek ki a gar\u00e1zsba \u00e9s hozzak neki onnan valamit. Amikor kinyitottam az ajt\u00f3t, a bicikli a gar\u00e1zsban v\u00e1rt. El voltam ragadtatva. Nem tudtam elhinni.<\/p>\n<p>Ez volt az a ker\u00e9kp\u00e1r, ami elind\u00edtott az utamon. Volt egy k\u00f6zpark a h\u00e1zunk k\u00f6zel\u00e9ben, egy nagy aszfaltozott k\u00f6rp\u00e1ly\u00e1val. H\u00e9tv\u00e9genk\u00e9nt biciklisek lept\u00e9k el, \u00e9n pedig a p\u00e1lya sz\u00e9l\u00e9r\u0151l figyeltem. Az a Miyata adta meg a b\u00e1tors\u00e1got ahhoz, hogy belev\u00e1gjak. Nem tudtam, hogy mit csin\u00e1lok. Nem l\u00e1ttam az amb\u00edci\u00f3t\u00f3l.<\/p>\n<p>N\u00e9h\u00e1ny versenyz\u0151 a sz\u00e1rnyai al\u00e1 vett, \u00e9s velem tekert azon a n\u00e9h\u00e1ny k\u00f6r\u00f6n. V\u00e9g\u00fcl kiestem a k\u00f6rb\u0151l, de ez meger\u0151s\u00edtett abban, hogy hossz\u00fa t\u00e1v\u00fa c\u00e9lom van a sporttal.<\/p>\n<h2><strong>Inspir\u00e1lj m\u00e1sokat!<\/strong><\/h2>\n<p>Hiszem, hogy az \u00e9n t\u00f6rt\u00e9netem egyedi, de vajon egyed\u00fcl\u00e1ll\u00f3-e? Biztos vagyok benne, hogy a ker\u00e9kp\u00e1rosok k\u00f6z\u00fcl sokaknak van hasonl\u00f3 t\u00f6rt\u00e9nete. Ha tal\u00e1lkozol olyan emberekkel, akiket \u00e9rdekel a bicikliz\u00e9s, seg\u00edtsd \u0151ket, vond be \u0151ket a ker\u00e9kp\u00e1roz\u00e1sba! Valaki val\u00f3sz\u00edn\u0171leg \u00e9rted is megtette ezt.<\/p>\n<p>Mik\u00f6zben a Grand Tours-t n\u00e9zed, \u00e9lvezd a versenyz\u00e9st, de gondolj egy pillanatra a biciklis gy\u00f6kereidre, az els\u0151 ker\u00e9kp\u00e1ros eml\u00e9keidre. Azzal, hogy seg\u00edtesz \u00e9s b\u00e1tor\u00edtasz m\u00e1sokat, tal\u00e1n megadhatod nekik a sz\u00fcks\u00e9ges l\u00f6k\u00e9st, \u00e9s megteremtheted az els\u0151 eml\u00e9k\u00fcket is. Nem tudok enn\u00e9l nagyobb jutalmat elk\u00e9pzelni.<\/p>\n","protected":false},"excerpt":{"rendered":"<p>Amennyiben m\u00e9g nem vetted volna \u00e9szre, az orsz\u00e1g\u00fati ker\u00e9kp\u00e1rosok sz\u00e1m\u00e1ra megkezd\u0151d\u00f6tt a Grand Tour-szezon. A versenyeket persze szuper n\u00e9zni, de [&hellip;]<\/p>\n","protected":false},"author":71,"featured_media":15151,"comment_status":"open","ping_status":"open","sticky":false,"template":"","format":"standard","meta":{"footnotes":""},"categories":[11],"tags":[],"global-categories":[],"class_list":["post-15148","post","type-post","status-publish","format-standard","has-post-thumbnail","hentry","category-csalad"],"yoast_head":"<!-- This site is optimized with the Yoast SEO Premium plugin v25.3 (Yoast SEO v25.9) - https:\/\/yoast.com\/wordpress\/plugins\/seo\/ -->\n<title>A j\u00f6v\u0151 ker\u00e9kp\u00e1rosainak alapk\u00f6vei: Az els\u0151 biciklis eml\u00e9kek<\/title>\n<meta name=\"description\" content=\"Amennyiben m\u00e9g nem vetted volna \u00e9szre, az orsz\u00e1g\u00fati ker\u00e9kp\u00e1rosok sz\u00e1m\u00e1ra megkezd\u0151d\u00f6tt a Grand Tour-szezon. A versenyeket persze szuper n\u00e9zni, de ki ne \u00e9lvezn\u00e9 a gy\u00f6ny\u00f6r\u0171 t\u00e1jakkal, sz\u0151l\u0151skertekkel \u00e9s t\u00f6rt\u00e9nelmi eml\u00e9km\u0171vekkel megf\u0171szerezett utakat? A k\u00e9peslapba ill\u0151 l\u00e1tv\u00e1ny legal\u00e1bb annyira szolg\u00e1lja a turizmust, mint amennyire a jelenlegi \u00e9s j\u00f6v\u0151beli bicikliseket inspir\u00e1lja. Ez elgondolkodtatott arr\u00f3l, mi is inspir\u00e1lt engem arra, hogy ker\u00e9kp\u00e1ros legyek: mik voltak az els\u0151 biciklis eml\u00e9keim?\" \/>\n<meta name=\"robots\" content=\"index, follow, max-snippet:-1, max-image-preview:large, max-video-preview:-1\" \/>\n<link rel=\"canonical\" href=\"https:\/\/www.welovecycling.com\/hu\/csalad\/a-jovo-kerekparosainak-alapkovei-az-elso-biciklis-emlekek\/\" \/>\n<meta property=\"og:locale\" content=\"hu_HU\" \/>\n<meta property=\"og:type\" content=\"article\" \/>\n<meta property=\"og:title\" content=\"A j\u00f6v\u0151 ker\u00e9kp\u00e1rosainak alapk\u00f6vei: Az els\u0151 biciklis eml\u00e9kek\" \/>\n<meta property=\"og:description\" content=\"Amennyiben m\u00e9g nem vetted volna \u00e9szre, az orsz\u00e1g\u00fati ker\u00e9kp\u00e1rosok sz\u00e1m\u00e1ra megkezd\u0151d\u00f6tt a Grand Tour-szezon. A versenyeket persze szuper n\u00e9zni, de ki ne \u00e9lvezn\u00e9 a gy\u00f6ny\u00f6r\u0171 t\u00e1jakkal, sz\u0151l\u0151skertekkel \u00e9s t\u00f6rt\u00e9nelmi eml\u00e9km\u0171vekkel megf\u0171szerezett utakat? A k\u00e9peslapba ill\u0151 l\u00e1tv\u00e1ny legal\u00e1bb annyira szolg\u00e1lja a turizmust, mint amennyire a jelenlegi \u00e9s j\u00f6v\u0151beli bicikliseket inspir\u00e1lja. Ez elgondolkodtatott arr\u00f3l, mi is inspir\u00e1lt engem arra, hogy ker\u00e9kp\u00e1ros legyek: mik voltak az els\u0151 biciklis eml\u00e9keim?\" \/>\n<meta property=\"og:url\" content=\"https:\/\/www.welovecycling.com\/hu\/csalad\/a-jovo-kerekparosainak-alapkovei-az-elso-biciklis-emlekek\/\" \/>\n<meta property=\"og:site_name\" content=\"\u0160koda We Love Cycling - Magyarorsz\u00e1g\" \/>\n<meta property=\"article:publisher\" content=\"https:\/\/www.facebook.com\/WeLoveCyclingHungary\/\" \/>\n<meta property=\"article:published_time\" content=\"2022-06-09T06:00:28+00:00\" \/>\n<meta property=\"og:image\" content=\"https:\/\/d2p6e6u75xmxt8.cloudfront.net\/12\/2022\/06\/Father-and-daughter-cycling-profimedia-0691197116-CVR.jpg\" \/>\n\t<meta property=\"og:image:width\" content=\"990\" \/>\n\t<meta property=\"og:image:height\" content=\"660\" \/>\n\t<meta property=\"og:image:type\" content=\"image\/jpeg\" \/>\n<meta name=\"author\" content=\"hegyizs\" \/>\n<meta name=\"twitter:card\" content=\"summary_large_image\" \/>\n<meta name=\"twitter:label1\" content=\"Written by\" \/>\n\t<meta name=\"twitter:data1\" content=\"Andrea Champredonde\" \/>\n\t<meta name=\"twitter:label2\" content=\"Est. reading time\" \/>\n\t<meta name=\"twitter:data2\" content=\"5\" \/>\n<script type=\"application\/ld+json\" class=\"yoast-schema-graph\">{\"@context\":\"https:\/\/schema.org\",\"@graph\":[{\"@type\":\"WebPage\",\"@id\":\"https:\/\/www.welovecycling.com\/hu\/csalad\/a-jovo-kerekparosainak-alapkovei-az-elso-biciklis-emlekek\/\",\"url\":\"https:\/\/www.welovecycling.com\/hu\/csalad\/a-jovo-kerekparosainak-alapkovei-az-elso-biciklis-emlekek\/\",\"name\":\"A j\u00f6v\u0151 ker\u00e9kp\u00e1rosainak alapk\u00f6vei: Az els\u0151 biciklis eml\u00e9kek\",\"isPartOf\":{\"@id\":\"https:\/\/www.welovecycling.com\/hu\/#website\"},\"primaryImageOfPage\":{\"@id\":\"https:\/\/www.welovecycling.com\/hu\/csalad\/a-jovo-kerekparosainak-alapkovei-az-elso-biciklis-emlekek\/#primaryimage\"},\"image\":{\"@id\":\"https:\/\/www.welovecycling.com\/hu\/csalad\/a-jovo-kerekparosainak-alapkovei-az-elso-biciklis-emlekek\/#primaryimage\"},\"thumbnailUrl\":\"https:\/\/d2p6e6u75xmxt8.cloudfront.net\/12\/2022\/06\/Father-and-daughter-cycling-profimedia-0691197116-CVR.jpg\",\"datePublished\":\"2022-06-09T06:00:28+00:00\",\"author\":{\"@id\":\"https:\/\/www.welovecycling.com\/hu\/#\/schema\/person\/414a2aebf1801691a5320edb6468e194\"},\"description\":\"Amennyiben m\u00e9g nem vetted volna \u00e9szre, az orsz\u00e1g\u00fati ker\u00e9kp\u00e1rosok sz\u00e1m\u00e1ra megkezd\u0151d\u00f6tt a Grand Tour-szezon. A versenyeket persze szuper n\u00e9zni, de ki ne \u00e9lvezn\u00e9 a gy\u00f6ny\u00f6r\u0171 t\u00e1jakkal, sz\u0151l\u0151skertekkel \u00e9s t\u00f6rt\u00e9nelmi eml\u00e9km\u0171vekkel megf\u0171szerezett utakat? A k\u00e9peslapba ill\u0151 l\u00e1tv\u00e1ny legal\u00e1bb annyira szolg\u00e1lja a turizmust, mint amennyire a jelenlegi \u00e9s j\u00f6v\u0151beli bicikliseket inspir\u00e1lja. Ez elgondolkodtatott arr\u00f3l, mi is inspir\u00e1lt engem arra, hogy ker\u00e9kp\u00e1ros legyek: mik voltak az els\u0151 biciklis eml\u00e9keim?\",\"breadcrumb\":{\"@id\":\"https:\/\/www.welovecycling.com\/hu\/csalad\/a-jovo-kerekparosainak-alapkovei-az-elso-biciklis-emlekek\/#breadcrumb\"},\"inLanguage\":\"hu\",\"potentialAction\":[{\"@type\":\"ReadAction\",\"target\":[\"https:\/\/www.welovecycling.com\/hu\/csalad\/a-jovo-kerekparosainak-alapkovei-az-elso-biciklis-emlekek\/\"]}]},{\"@type\":\"ImageObject\",\"inLanguage\":\"hu\",\"@id\":\"https:\/\/www.welovecycling.com\/hu\/csalad\/a-jovo-kerekparosainak-alapkovei-az-elso-biciklis-emlekek\/#primaryimage\",\"url\":\"https:\/\/d2p6e6u75xmxt8.cloudfront.net\/12\/2022\/06\/Father-and-daughter-cycling-profimedia-0691197116-CVR.jpg\",\"contentUrl\":\"https:\/\/d2p6e6u75xmxt8.cloudfront.net\/12\/2022\/06\/Father-and-daughter-cycling-profimedia-0691197116-CVR.jpg\",\"width\":990,\"height\":660,\"caption\":\"Father and daugter cycling\"},{\"@type\":\"BreadcrumbList\",\"@id\":\"https:\/\/www.welovecycling.com\/hu\/csalad\/a-jovo-kerekparosainak-alapkovei-az-elso-biciklis-emlekek\/#breadcrumb\",\"itemListElement\":[{\"@type\":\"ListItem\",\"position\":1,\"name\":\"Home\",\"item\":\"https:\/\/www.welovecycling.com\/hu\/\"},{\"@type\":\"ListItem\",\"position\":2,\"name\":\"A j\u00f6v\u0151 ker\u00e9kp\u00e1rosainak alapk\u00f6vei: Az els\u0151 biciklis eml\u00e9kek\"}]},{\"@type\":\"WebSite\",\"@id\":\"https:\/\/www.welovecycling.com\/hu\/#website\",\"url\":\"https:\/\/www.welovecycling.com\/hu\/\",\"name\":\"\u0160koda We Love Cycling - Magyarorsz\u00e1g\",\"description\":\"\u0160koda WeLoveCycling\",\"potentialAction\":[{\"@type\":\"SearchAction\",\"target\":{\"@type\":\"EntryPoint\",\"urlTemplate\":\"https:\/\/www.welovecycling.com\/hu\/?s={search_term_string}\"},\"query-input\":{\"@type\":\"PropertyValueSpecification\",\"valueRequired\":true,\"valueName\":\"search_term_string\"}}],\"inLanguage\":\"hu\"},{\"@type\":\"Person\",\"@id\":\"https:\/\/www.welovecycling.com\/hu\/#\/schema\/person\/414a2aebf1801691a5320edb6468e194\",\"name\":\"hegyizs\",\"image\":{\"@type\":\"ImageObject\",\"inLanguage\":\"hu\",\"@id\":\"https:\/\/www.welovecycling.com\/hu\/#\/schema\/person\/image\/\",\"url\":\"https:\/\/secure.gravatar.com\/avatar\/02cf8a7906b8cf90cecb4679defac7cfd33a1c2e3b88e4903d947f3bb58eedd3?s=96&d=mm&r=g\",\"contentUrl\":\"https:\/\/secure.gravatar.com\/avatar\/02cf8a7906b8cf90cecb4679defac7cfd33a1c2e3b88e4903d947f3bb58eedd3?s=96&d=mm&r=g\",\"caption\":\"hegyizs\"},\"url\":\"https:\/\/www.welovecycling.com\/hu\/author\/hegyizs\/\"}]}<\/script>\n<!-- \/ Yoast SEO Premium plugin. -->","yoast_head_json":{"title":"A j\u00f6v\u0151 ker\u00e9kp\u00e1rosainak alapk\u00f6vei: Az els\u0151 biciklis eml\u00e9kek","description":"Amennyiben m\u00e9g nem vetted volna \u00e9szre, az orsz\u00e1g\u00fati ker\u00e9kp\u00e1rosok sz\u00e1m\u00e1ra megkezd\u0151d\u00f6tt a Grand Tour-szezon. A versenyeket persze szuper n\u00e9zni, de ki ne \u00e9lvezn\u00e9 a gy\u00f6ny\u00f6r\u0171 t\u00e1jakkal, sz\u0151l\u0151skertekkel \u00e9s t\u00f6rt\u00e9nelmi eml\u00e9km\u0171vekkel megf\u0171szerezett utakat? A k\u00e9peslapba ill\u0151 l\u00e1tv\u00e1ny legal\u00e1bb annyira szolg\u00e1lja a turizmust, mint amennyire a jelenlegi \u00e9s j\u00f6v\u0151beli bicikliseket inspir\u00e1lja. Ez elgondolkodtatott arr\u00f3l, mi is inspir\u00e1lt engem arra, hogy ker\u00e9kp\u00e1ros legyek: mik voltak az els\u0151 biciklis eml\u00e9keim?","robots":{"index":"index","follow":"follow","max-snippet":"max-snippet:-1","max-image-preview":"max-image-preview:large","max-video-preview":"max-video-preview:-1"},"canonical":"https:\/\/www.welovecycling.com\/hu\/csalad\/a-jovo-kerekparosainak-alapkovei-az-elso-biciklis-emlekek\/","og_locale":"hu_HU","og_type":"article","og_title":"A j\u00f6v\u0151 ker\u00e9kp\u00e1rosainak alapk\u00f6vei: Az els\u0151 biciklis eml\u00e9kek","og_description":"Amennyiben m\u00e9g nem vetted volna \u00e9szre, az orsz\u00e1g\u00fati ker\u00e9kp\u00e1rosok sz\u00e1m\u00e1ra megkezd\u0151d\u00f6tt a Grand Tour-szezon. A versenyeket persze szuper n\u00e9zni, de ki ne \u00e9lvezn\u00e9 a gy\u00f6ny\u00f6r\u0171 t\u00e1jakkal, sz\u0151l\u0151skertekkel \u00e9s t\u00f6rt\u00e9nelmi eml\u00e9km\u0171vekkel megf\u0171szerezett utakat? A k\u00e9peslapba ill\u0151 l\u00e1tv\u00e1ny legal\u00e1bb annyira szolg\u00e1lja a turizmust, mint amennyire a jelenlegi \u00e9s j\u00f6v\u0151beli bicikliseket inspir\u00e1lja. Ez elgondolkodtatott arr\u00f3l, mi is inspir\u00e1lt engem arra, hogy ker\u00e9kp\u00e1ros legyek: mik voltak az els\u0151 biciklis eml\u00e9keim?","og_url":"https:\/\/www.welovecycling.com\/hu\/csalad\/a-jovo-kerekparosainak-alapkovei-az-elso-biciklis-emlekek\/","og_site_name":"\u0160koda We Love Cycling - Magyarorsz\u00e1g","article_publisher":"https:\/\/www.facebook.com\/WeLoveCyclingHungary\/","article_published_time":"2022-06-09T06:00:28+00:00","og_image":[{"width":990,"height":660,"url":"https:\/\/d2p6e6u75xmxt8.cloudfront.net\/12\/2022\/06\/Father-and-daughter-cycling-profimedia-0691197116-CVR.jpg","type":"image\/jpeg"}],"author":"hegyizs","twitter_card":"summary_large_image","twitter_misc":{"Written by":"Andrea Champredonde","Est. reading time":"5"},"schema":{"@context":"https:\/\/schema.org","@graph":[{"@type":"WebPage","@id":"https:\/\/www.welovecycling.com\/hu\/csalad\/a-jovo-kerekparosainak-alapkovei-az-elso-biciklis-emlekek\/","url":"https:\/\/www.welovecycling.com\/hu\/csalad\/a-jovo-kerekparosainak-alapkovei-az-elso-biciklis-emlekek\/","name":"A j\u00f6v\u0151 ker\u00e9kp\u00e1rosainak alapk\u00f6vei: Az els\u0151 biciklis eml\u00e9kek","isPartOf":{"@id":"https:\/\/www.welovecycling.com\/hu\/#website"},"primaryImageOfPage":{"@id":"https:\/\/www.welovecycling.com\/hu\/csalad\/a-jovo-kerekparosainak-alapkovei-az-elso-biciklis-emlekek\/#primaryimage"},"image":{"@id":"https:\/\/www.welovecycling.com\/hu\/csalad\/a-jovo-kerekparosainak-alapkovei-az-elso-biciklis-emlekek\/#primaryimage"},"thumbnailUrl":"https:\/\/d2p6e6u75xmxt8.cloudfront.net\/12\/2022\/06\/Father-and-daughter-cycling-profimedia-0691197116-CVR.jpg","datePublished":"2022-06-09T06:00:28+00:00","author":{"@id":"https:\/\/www.welovecycling.com\/hu\/#\/schema\/person\/414a2aebf1801691a5320edb6468e194"},"description":"Amennyiben m\u00e9g nem vetted volna \u00e9szre, az orsz\u00e1g\u00fati ker\u00e9kp\u00e1rosok sz\u00e1m\u00e1ra megkezd\u0151d\u00f6tt a Grand Tour-szezon. A versenyeket persze szuper n\u00e9zni, de ki ne \u00e9lvezn\u00e9 a gy\u00f6ny\u00f6r\u0171 t\u00e1jakkal, sz\u0151l\u0151skertekkel \u00e9s t\u00f6rt\u00e9nelmi eml\u00e9km\u0171vekkel megf\u0171szerezett utakat? A k\u00e9peslapba ill\u0151 l\u00e1tv\u00e1ny legal\u00e1bb annyira szolg\u00e1lja a turizmust, mint amennyire a jelenlegi \u00e9s j\u00f6v\u0151beli bicikliseket inspir\u00e1lja. Ez elgondolkodtatott arr\u00f3l, mi is inspir\u00e1lt engem arra, hogy ker\u00e9kp\u00e1ros legyek: mik voltak az els\u0151 biciklis eml\u00e9keim?","breadcrumb":{"@id":"https:\/\/www.welovecycling.com\/hu\/csalad\/a-jovo-kerekparosainak-alapkovei-az-elso-biciklis-emlekek\/#breadcrumb"},"inLanguage":"hu","potentialAction":[{"@type":"ReadAction","target":["https:\/\/www.welovecycling.com\/hu\/csalad\/a-jovo-kerekparosainak-alapkovei-az-elso-biciklis-emlekek\/"]}]},{"@type":"ImageObject","inLanguage":"hu","@id":"https:\/\/www.welovecycling.com\/hu\/csalad\/a-jovo-kerekparosainak-alapkovei-az-elso-biciklis-emlekek\/#primaryimage","url":"https:\/\/d2p6e6u75xmxt8.cloudfront.net\/12\/2022\/06\/Father-and-daughter-cycling-profimedia-0691197116-CVR.jpg","contentUrl":"https:\/\/d2p6e6u75xmxt8.cloudfront.net\/12\/2022\/06\/Father-and-daughter-cycling-profimedia-0691197116-CVR.jpg","width":990,"height":660,"caption":"Father and daugter cycling"},{"@type":"BreadcrumbList","@id":"https:\/\/www.welovecycling.com\/hu\/csalad\/a-jovo-kerekparosainak-alapkovei-az-elso-biciklis-emlekek\/#breadcrumb","itemListElement":[{"@type":"ListItem","position":1,"name":"Home","item":"https:\/\/www.welovecycling.com\/hu\/"},{"@type":"ListItem","position":2,"name":"A j\u00f6v\u0151 ker\u00e9kp\u00e1rosainak alapk\u00f6vei: Az els\u0151 biciklis eml\u00e9kek"}]},{"@type":"WebSite","@id":"https:\/\/www.welovecycling.com\/hu\/#website","url":"https:\/\/www.welovecycling.com\/hu\/","name":"\u0160koda We Love Cycling - Magyarorsz\u00e1g","description":"\u0160koda WeLoveCycling","potentialAction":[{"@type":"SearchAction","target":{"@type":"EntryPoint","urlTemplate":"https:\/\/www.welovecycling.com\/hu\/?s={search_term_string}"},"query-input":{"@type":"PropertyValueSpecification","valueRequired":true,"valueName":"search_term_string"}}],"inLanguage":"hu"},{"@type":"Person","@id":"https:\/\/www.welovecycling.com\/hu\/#\/schema\/person\/414a2aebf1801691a5320edb6468e194","name":"hegyizs","image":{"@type":"ImageObject","inLanguage":"hu","@id":"https:\/\/www.welovecycling.com\/hu\/#\/schema\/person\/image\/","url":"https:\/\/secure.gravatar.com\/avatar\/02cf8a7906b8cf90cecb4679defac7cfd33a1c2e3b88e4903d947f3bb58eedd3?s=96&d=mm&r=g","contentUrl":"https:\/\/secure.gravatar.com\/avatar\/02cf8a7906b8cf90cecb4679defac7cfd33a1c2e3b88e4903d947f3bb58eedd3?s=96&d=mm&r=g","caption":"hegyizs"},"url":"https:\/\/www.welovecycling.com\/hu\/author\/hegyizs\/"}]}},"_links":{"self":[{"href":"https:\/\/www.welovecycling.com\/hu\/wp-json\/wp\/v2\/posts\/15148","targetHints":{"allow":["GET"]}}],"collection":[{"href":"https:\/\/www.welovecycling.com\/hu\/wp-json\/wp\/v2\/posts"}],"about":[{"href":"https:\/\/www.welovecycling.com\/hu\/wp-json\/wp\/v2\/types\/post"}],"author":[{"embeddable":true,"href":"https:\/\/www.welovecycling.com\/hu\/wp-json\/wp\/v2\/users\/71"}],"replies":[{"embeddable":true,"href":"https:\/\/www.welovecycling.com\/hu\/wp-json\/wp\/v2\/comments?post=15148"}],"version-history":[{"count":2,"href":"https:\/\/www.welovecycling.com\/hu\/wp-json\/wp\/v2\/posts\/15148\/revisions"}],"predecessor-version":[{"id":15152,"href":"https:\/\/www.welovecycling.com\/hu\/wp-json\/wp\/v2\/posts\/15148\/revisions\/15152"}],"wp:featuredmedia":[{"embeddable":true,"href":"https:\/\/www.welovecycling.com\/hu\/wp-json\/wp\/v2\/media\/15151"}],"wp:attachment":[{"href":"https:\/\/www.welovecycling.com\/hu\/wp-json\/wp\/v2\/media?parent=15148"}],"wp:term":[{"taxonomy":"category","embeddable":true,"href":"https:\/\/www.welovecycling.com\/hu\/wp-json\/wp\/v2\/categories?post=15148"},{"taxonomy":"post_tag","embeddable":true,"href":"https:\/\/www.welovecycling.com\/hu\/wp-json\/wp\/v2\/tags?post=15148"},{"taxonomy":"global-categories","embeddable":true,"href":"https:\/\/www.welovecycling.com\/hu\/wp-json\/wp\/v2\/global-categories?post=15148"}],"curies":[{"name":"wp","href":"https:\/\/api.w.org\/{rel}","templated":true}]}}