{"id":15143,"date":"2022-06-07T08:00:27","date_gmt":"2022-06-07T06:00:27","guid":{"rendered":"https:\/\/www.welovecycling.com\/hu\/?p=15143"},"modified":"2022-06-03T15:21:10","modified_gmt":"2022-06-03T13:21:10","slug":"kineveljuk-az-elso-brit-tour-de-france-bajnokot-ot-even-belul","status":"publish","type":"post","link":"https:\/\/www.welovecycling.com\/hu\/orszaguti-kerekpar\/kineveljuk-az-elso-brit-tour-de-france-bajnokot-ot-even-belul\/","title":{"rendered":"\u201eKinevelj\u00fck az els\u0151 brit Tour de France-bajnokot, \u00f6t \u00e9ven bel\u00fcl\u201d"},"content":{"rendered":"<p><strong>Amikor Sir Dave Brailsford \u00e9s a Team Sky ezt az \u00edg\u00e9retet tette 2009-ben, meglehet\u0151sen ambici\u00f3zusnak t\u0171nt. \u00c9s nem v\u00e9letlen\u00fcl. Egy ilyen magasztos c\u00e9lkit\u0171z\u00e9s egy ilyen hagyom\u00e1nyokkal teli sport\u00e1gban nem sok j\u00f3t \u00edg\u00e9r. De a Team Sky akkori f\u0151n\u00f6k\u00e9nek becs\u00fclet\u00e9re legyen mondva, nem sajn\u00e1lta a p\u00e9nzt. Mind\u00f6ssze h\u00e1rom \u00e9vvel k\u00e9s\u0151bb a csapat megnyerte a Tour-t Bradley Wiggins-szel, amit gyorsan k\u00f6vetett Chris Froome n\u00e9gy bajnoki c\u00edme, melyet \u00f6t \u00e9v alatt szerzett.<\/strong><br \/>\n<!--more--><br \/>\nA 2010-es \u00e9vekben a Team Sky volt maga a ker\u00e9kp\u00e1roz\u00e1s. \u0150k voltak a posztercsapat, egy olyan sportban, ami Lance Armstrong \u00f3ta el\u0151sz\u00f6r ker\u00fclt vissza a k\u00f6ztudatba. F\u0151leg az Egyes\u00fclt Kir\u00e1lys\u00e1gban, ahol olyan esem\u00e9nyek zajlanak, mint a Sky Ride. Mindenhol ott voltak. Alig tudtak le\u00e1llni a gy\u0151zelmekkel. Csak az olyan szerencs\u00e9tlens\u00e9gek \u00e1lltak \u00fatjukba, mint amilyen Chris Froome balesete volt 2014-ben, a Tour-on, amikor elt\u00f6rte a kez\u00e9t.<\/p>\n<p>Ezek az \u00e9vek jelentett\u00e9k a vir\u00e1gkor\u00e1t annak a csapatnak, mely \u2013 nem kev\u00e9s anyagi t\u00e1mogat\u00e1ssal \u2013, pillanatok alatt a cs\u00facsra jutott, \u00e9s \u00fagy t\u0171nt, ott is marad. A 2020-as \u00e9vek azonban mindent megv\u00e1ltoztattak. A Sir Jim Ratcliff \u00e1ltal t\u00e1mogatott Ineos Grenadiers csak \u00e1rny\u00e9ka egykori \u00f6nmag\u00e1nak. Nem nyertek Grand Tour-t Tao Geohegan Hart izgalmas, de m\u00e9gis meglep\u0151 Giro D&#8217;Italia 2020-as gy\u0151zelme \u00f3ta. Az egy \u00e9vtizeddel ezel\u0151tti teljes\u00edtm\u00e9ny\u00fckkel ellent\u00e9tben, most meg kell k\u00fczdeni\u00fck a hegyi szakaszok\u00e9rt.<\/p>\n<p>De mi v\u00e1ltozott, \u00e9s van-e \u00e9rtelme v\u00e1rni, hogy a csapat visszat\u00e9rjen r\u00e9gi form\u00e1j\u00e1hoz? A milli\u00e1rdos tulaj vajon el\u00e9ri a k\u00edv\u00e1nt eredm\u00e9nyeket? \u00c9s ami enn\u00e9l is fontosabb: t\u00e9nyleg sz\u00e1m\u00edt, hogy k\u00e9pesek-e kisz\u00e1m\u00edthatatlannak, s\u0151t, sz\u00f3rakoztat\u00f3nak lenni?<\/p>\n<p>Kezdj\u00fck azzal, hogy mi v\u00e1ltozott. A kor\u00e1bban nagyr\u00e9szt britekb\u0151l \u00e1ll\u00f3 csapat magja nemzetk\u00f6zibb\u00e9 v\u00e1lt. Elm\u00faltak azok az id\u0151k, amikor Wiggins, Froome \u00e9s Geraint Thomas vezette a sort. Most Bernal, Richard Carapaz \u00e9s Filippo Ganna a csapat lelke, t\u00f6bb nagy szt\u00e1rral egy\u00fctt. Ez nem jelenti azt, hogy a csapat nem figyel a brit versenyz\u0151kre. Tom Pidcock tal\u00e1n az egyik legnagyobb n\u00e9v jelenleg a ker\u00e9kp\u00e1rsportban, Adam Yates pedig a sport\u00e1g egyik legjobb hegym\u00e1sz\u00f3ja, az olyan nevek viszont, mint Thomas \u00e9s Luke Rowe, egyre er\u0151tlenebbek. M\u00e9g Geohegan Hart is k\u00fczd\u00f6tt, hogy hozza tavalyi Giro-form\u00e1j\u00e1t.<\/p>\n<p>\u00cdgy a csapat terv n\u00e9lk\u00fcl maradt. 10 \u00e9vvel ezel\u0151tt a Project Yellow Jersey szinte k\u00f6telez\u0151 volt Brailsforddal az \u00e9len, de most, 2022-ben elhanyagoltnak t\u0171nnek a tervek. Ennek pedig nem kis r\u00e9sze az a hihetetlen\u00fcl szerencs\u00e9tlen baleset, amit <a href=\"https:\/\/www.welovecycling.com\/hu\/orszaguti-kerekpar\/bernalert-aggodik-a-kerekparosvilag-borzalmas-edzesbalesete-utan\/\">Bernal az \u00e9v elej\u00e9n szenvedett el<\/a>. Szerencs\u00e9re a kolumbiai hegyi men\u0151 <a href=\"https:\/\/www.welovecycling.com\/hu\/orszaguti-kerekpar\/ez-tenyleg-csoda-bernal-nem-csak-hazamehetett-a-korhazbol-de-mar-elso-lepeseit-is-megtette\/\">sz\u00e9pen l\u00e1badozik<\/a>, \u00e9s a fel\u00e9p\u00fcl\u00e9se a legfontosabb, de t\u00e9ny, hogy bizonytalans\u00e1gban hagyta a csapatot a j\u00faliusi Grand D\u00e9part el\u0151tt.<\/p>\n<p>Ez a gyenges\u00e9g a Grand Tour versenyz\u00e9sben \u2013 ami sok\u00e1ig a kisujjukban volt \u2013 csak fokoz\u00f3dott. Hasonl\u00edtsuk \u00f6ssze Primo\u017e Rogli\u010d \u00e9s Tadej Poga\u010dar teljes\u00edtm\u00e9ny\u00e9t Carapaz\u00e9vel \u00e9s Yates-\u00e9vel. Csak egyszer v\u00e9gzett b\u00e1rmelyik Ineos versenyz\u0151 a k\u00e9t szlov\u00e9n el\u0151tt a h\u00e1romhetesen \u2013 amikor Carapaz megnyerte a Giro-t a Movistarral, 2018-ban. \u00c9s val\u00f3sz\u00edn\u0171leg ez id\u00e9n sem lesz m\u00e1sk\u00e9pp.<\/p>\n<p>De a ker\u00e9kp\u00e1roz\u00e1s nem csak a h\u00e1rom Grand Tour-r\u00f3l sz\u00f3l. Rengeteg m\u00e1s m\u00f3dja van a dics\u0151s\u00e9gnek. Az Ineos Grenadiers \u00f6r\u00f6kk\u00e9 jelenl\u00e9v\u0151 Achilles-sarka 2010-es indul\u00e1suk \u00f3ta az egynapos versenyek \u00e9s a monumentumok. Az idei klasszikus szezon el\u0151tt csak Wout Poels \u00e9s Michal Kwiatkowski nyert monumentumot \u2013 utolj\u00e1ra 2017-ben \u2013 ami nem t\u00fal sz\u00e9p eredm\u00e9ny egy ilyen befoly\u00e1sos csapatnak.<\/p>\n<div class=\"embed-controller-wrapper\">\n<blockquote class=\"twitter-tweet\" data-width=\"500\" data-dnt=\"true\">\n<p lang=\"en\" dir=\"ltr\"><a href=\"https:\/\/twitter.com\/hashtag\/Giro?src=hash&amp;ref_src=twsrc%5Etfw\">#Giro<\/a> 2022 \u2705<a href=\"https:\/\/twitter.com\/hashtag\/LeTour?src=hash&amp;ref_src=twsrc%5Etfw\">#LeTour<\/a> 2021 \u2705<a href=\"https:\/\/twitter.com\/hashtag\/LaVuelta?src=hash&amp;ref_src=twsrc%5Etfw\">#LaVuelta<\/a> 2020 \u2705<a href=\"https:\/\/twitter.com\/RichardCarapazM?ref_src=twsrc%5Etfw\">@RichardCarapazM<\/a> continues his consistent Grand Tour podium record for the Grenadiers \ud83d\udc4f\ud83d\udc4f\ud83d\udc4f <a href=\"https:\/\/t.co\/6Qeca8w0fw\">pic.twitter.com\/6Qeca8w0fw<\/a><\/p>\n<p>&mdash; INEOS Grenadiers (@INEOSGrenadiers) <a href=\"https:\/\/twitter.com\/INEOSGrenadiers\/status\/1530942418387869696?ref_src=twsrc%5Etfw\">May 29, 2022<\/a><\/p><\/blockquote>\n<p><script async data-src=\"https:\/\/platform.twitter.com\/widgets.js\" charset=\"utf-8\"><\/script><\/div>\n<p>2022-re az Ineos egy olyan csapatot \u00e9p\u00edtett fel, amely k\u00e9pes j\u00f3l sz\u00f3rakozni a klasszikusokon \u00e9s eredm\u00e9nyeket is el\u00e9rni. \u00c9s m\u00e9g hogyan! Az Amstel Gold Race-et Kwiatkowski nyerte meg, egy sprintben Benoit Cosnefroy-jal, majd egy h\u00e9ttel k\u00e9s\u0151bb elvitte a csapat a nagyd\u00edjat. Dylan van Baarle megnyerte a Paris-Roubaix \u0151r\u00fclt verseny\u00e9t, \u00e9s megszerezte a csapat els\u0151 gy\u0151zelm\u00e9t ezen a futamon, ezzel sikeres tavaszt z\u00e1rt.<\/p>\n<p>Az Ineos v\u00e9gre el\u00e9ri azokat az eredm\u00e9nyeket, amelyekre oly r\u00e9g\u00f3ta v\u00e1gyott, \u00e9s tagjai m\u00e9g j\u00f3l is \u00e9rzik magukat k\u00f6zben. Ahogy a n\u00e9z\u0151k is! A Sky-vonal m\u00e1r elavult. Van Baarle kiemelte, hogy a csapat eg\u00e9szen m\u00e1s, alkalmazkodnak a kialakult helyzetekhez, \u00e9s ha kell, nyomnak egy kis freestyle-t. Neh\u00e9z elk\u00e9pzelni, hogy egy \u00e9vtizeddel ezel\u0151tt ilyen t\u00f6rt\u00e9nik!<\/p>\n<p>Kifejtette, hogy <em>\u201er\u00f6gt\u00f6n az elej\u00e9n \u00f6sszpontos\u00edtanunk kell, mert k\u00f6nnyen lemaradsz az oldalsz\u00e9lben, mint ahogy van de Poel \u00e9s van Aert annak idej\u00e9n. Azt\u00e1n t\u00fal kell \u00e9ln\u00fcnk Arenbergig, megn\u00e9zz\u00fck, hogy ki lesz vel\u00fcnk. Balszerencs\u00e9s korszak ut\u00e1n j\u00f6tt\u00fcnk most vissza. Szuper\u0151sek vagyunk.\u201d<\/em><\/p>\n<p><em>\u201eSiker\u00fclt lesz\u0171k\u00edteni a csapat l\u00e9tsz\u00e1m\u00e1t. Azt\u00e1n tett\u00fck, amit \u00e9pp tenn\u00fcnk kellett. Mindenkinek van balszerencs\u00e9je. Meg kell valahogy oldani \u00e9s menni tov\u00e1bb.\u201d<\/em><\/p>\n<p>Lehet, hogy az Ineos m\u00e1r nincs \u00fagy agyonzs\u00fafolva szt\u00e1rnevekkel, mint p\u00e9ld\u00e1ul az UAE Team Emirates, a Team Jumbo-Visma, vagy ak\u00e1r a Quick-Step Alpha Vinyl, de van benn\u00fck el\u00e9g er\u0151 a puszt\u00edt\u00e1shoz, ak\u00e1r oldalsz\u00e9lben, ak\u00e1r macskak\u00f6veken. \u00c9s ezt izgalmas lesz n\u00e9zni, tal\u00e1n m\u00e9g Ratcliffnek is. \u00c9vekig arra t\u00f6rekedett a csapat, hogy f\u00f6l\u00e9nyesen vezessenek v\u00e9gig a versenyeket, majd az Ineos taktik\u00e1t v\u00e1ltott \u00e9s sokkal dinamikusabban j\u00e1tszik.<\/p>\n<p>K\u00e9ts\u00e9gtelen, hogy az elm\u00falt 10 \u00e9v \u201enegat\u00edv\u201d tapasztalatai \u00e9s az ellent\u00e9tek ellen\u00e9re nem sok rajong\u00f3t vesz\u00edtett a csapat. Itt az ideje, hogy id\u00e9n folytass\u00e1k, amit abbahagytak.<\/p>\n","protected":false},"excerpt":{"rendered":"<p>Amikor Sir Dave Brailsford \u00e9s a Team Sky ezt az \u00edg\u00e9retet tette 2009-ben, meglehet\u0151sen ambici\u00f3zusnak t\u0171nt. \u00c9s nem v\u00e9letlen\u00fcl. Egy [&hellip;]<\/p>\n","protected":false},"author":71,"featured_media":15145,"comment_status":"open","ping_status":"open","sticky":false,"template":"","format":"standard","meta":{"footnotes":""},"categories":[8],"tags":[],"global-categories":[],"class_list":["post-15143","post","type-post","status-publish","format-standard","has-post-thumbnail","hentry","category-orszaguti-kerekpar"],"yoast_head":"<!-- This site is optimized with the Yoast SEO Premium plugin v25.3 (Yoast SEO v25.9) - https:\/\/yoast.com\/wordpress\/plugins\/seo\/ -->\n<title>\u201eKinevelj\u00fck az els\u0151 brit Tour de France-bajnokot, \u00f6t \u00e9ven bel\u00fcl\u201d<\/title>\n<meta name=\"description\" content=\"Amikor Sir Dave Brailsford \u00e9s a Team Sky ezt az \u00edg\u00e9retet tette 2009-ben, meglehet\u0151sen ambici\u00f3zusnak t\u0171nt. \u00c9s nem v\u00e9letlen\u00fcl. Egy ilyen magasztos c\u00e9lkit\u0171z\u00e9s egy ilyen hagyom\u00e1nyokkal teli sport\u00e1gban nem sok j\u00f3t \u00edg\u00e9r. De a Team Sky akkori f\u0151n\u00f6k\u00e9nek becs\u00fclet\u00e9re legyen mondva, nem sajn\u00e1lta a p\u00e9nzt. Mind\u00f6ssze h\u00e1rom \u00e9vvel k\u00e9s\u0151bb a csapat megnyerte a Tour-t Bradley Wiggins-szel, amit gyorsan k\u00f6vetett Chris Froome n\u00e9gy bajnoki c\u00edme, melyet \u00f6t \u00e9v alatt szerzett.\" \/>\n<meta name=\"robots\" content=\"index, follow, max-snippet:-1, max-image-preview:large, max-video-preview:-1\" \/>\n<link rel=\"canonical\" href=\"https:\/\/www.welovecycling.com\/hu\/orszaguti-kerekpar\/kineveljuk-az-elso-brit-tour-de-france-bajnokot-ot-even-belul\/\" \/>\n<meta property=\"og:locale\" content=\"hu_HU\" \/>\n<meta property=\"og:type\" content=\"article\" \/>\n<meta property=\"og:title\" content=\"\u201eKinevelj\u00fck az els\u0151 brit Tour de France-bajnokot, \u00f6t \u00e9ven bel\u00fcl\u201d\" \/>\n<meta property=\"og:description\" content=\"Amikor Sir Dave Brailsford \u00e9s a Team Sky ezt az \u00edg\u00e9retet tette 2009-ben, meglehet\u0151sen ambici\u00f3zusnak t\u0171nt. \u00c9s nem v\u00e9letlen\u00fcl. Egy ilyen magasztos c\u00e9lkit\u0171z\u00e9s egy ilyen hagyom\u00e1nyokkal teli sport\u00e1gban nem sok j\u00f3t \u00edg\u00e9r. De a Team Sky akkori f\u0151n\u00f6k\u00e9nek becs\u00fclet\u00e9re legyen mondva, nem sajn\u00e1lta a p\u00e9nzt. Mind\u00f6ssze h\u00e1rom \u00e9vvel k\u00e9s\u0151bb a csapat megnyerte a Tour-t Bradley Wiggins-szel, amit gyorsan k\u00f6vetett Chris Froome n\u00e9gy bajnoki c\u00edme, melyet \u00f6t \u00e9v alatt szerzett.\" \/>\n<meta property=\"og:url\" content=\"https:\/\/www.welovecycling.com\/hu\/orszaguti-kerekpar\/kineveljuk-az-elso-brit-tour-de-france-bajnokot-ot-even-belul\/\" \/>\n<meta property=\"og:site_name\" content=\"\u0160koda We Love Cycling - Magyarorsz\u00e1g\" \/>\n<meta property=\"article:publisher\" content=\"https:\/\/www.facebook.com\/WeLoveCyclingHungary\/\" \/>\n<meta property=\"article:published_time\" content=\"2022-06-07T06:00:27+00:00\" \/>\n<meta property=\"og:image\" content=\"https:\/\/d2p6e6u75xmxt8.cloudfront.net\/12\/2022\/06\/Ineos-Grenadiers-profimedia-0667091671-CVR.jpg\" \/>\n\t<meta property=\"og:image:width\" content=\"990\" \/>\n\t<meta property=\"og:image:height\" content=\"660\" \/>\n\t<meta property=\"og:image:type\" content=\"image\/jpeg\" \/>\n<meta name=\"author\" content=\"hegyizs\" \/>\n<meta name=\"twitter:card\" content=\"summary_large_image\" \/>\n<meta name=\"twitter:label1\" content=\"Written by\" \/>\n\t<meta name=\"twitter:data1\" content=\"Joshua Donaldson\" \/>\n\t<meta name=\"twitter:label2\" content=\"Est. reading time\" \/>\n\t<meta name=\"twitter:data2\" content=\"5\" \/>\n<script type=\"application\/ld+json\" class=\"yoast-schema-graph\">{\"@context\":\"https:\/\/schema.org\",\"@graph\":[{\"@type\":\"WebPage\",\"@id\":\"https:\/\/www.welovecycling.com\/hu\/orszaguti-kerekpar\/kineveljuk-az-elso-brit-tour-de-france-bajnokot-ot-even-belul\/\",\"url\":\"https:\/\/www.welovecycling.com\/hu\/orszaguti-kerekpar\/kineveljuk-az-elso-brit-tour-de-france-bajnokot-ot-even-belul\/\",\"name\":\"\u201eKinevelj\u00fck az els\u0151 brit Tour de France-bajnokot, \u00f6t \u00e9ven bel\u00fcl\u201d\",\"isPartOf\":{\"@id\":\"https:\/\/www.welovecycling.com\/hu\/#website\"},\"primaryImageOfPage\":{\"@id\":\"https:\/\/www.welovecycling.com\/hu\/orszaguti-kerekpar\/kineveljuk-az-elso-brit-tour-de-france-bajnokot-ot-even-belul\/#primaryimage\"},\"image\":{\"@id\":\"https:\/\/www.welovecycling.com\/hu\/orszaguti-kerekpar\/kineveljuk-az-elso-brit-tour-de-france-bajnokot-ot-even-belul\/#primaryimage\"},\"thumbnailUrl\":\"https:\/\/d2p6e6u75xmxt8.cloudfront.net\/12\/2022\/06\/Ineos-Grenadiers-profimedia-0667091671-CVR.jpg\",\"datePublished\":\"2022-06-07T06:00:27+00:00\",\"author\":{\"@id\":\"https:\/\/www.welovecycling.com\/hu\/#\/schema\/person\/414a2aebf1801691a5320edb6468e194\"},\"description\":\"Amikor Sir Dave Brailsford \u00e9s a Team Sky ezt az \u00edg\u00e9retet tette 2009-ben, meglehet\u0151sen ambici\u00f3zusnak t\u0171nt. \u00c9s nem v\u00e9letlen\u00fcl. Egy ilyen magasztos c\u00e9lkit\u0171z\u00e9s egy ilyen hagyom\u00e1nyokkal teli sport\u00e1gban nem sok j\u00f3t \u00edg\u00e9r. De a Team Sky akkori f\u0151n\u00f6k\u00e9nek becs\u00fclet\u00e9re legyen mondva, nem sajn\u00e1lta a p\u00e9nzt. Mind\u00f6ssze h\u00e1rom \u00e9vvel k\u00e9s\u0151bb a csapat megnyerte a Tour-t Bradley Wiggins-szel, amit gyorsan k\u00f6vetett Chris Froome n\u00e9gy bajnoki c\u00edme, melyet \u00f6t \u00e9v alatt szerzett.\",\"breadcrumb\":{\"@id\":\"https:\/\/www.welovecycling.com\/hu\/orszaguti-kerekpar\/kineveljuk-az-elso-brit-tour-de-france-bajnokot-ot-even-belul\/#breadcrumb\"},\"inLanguage\":\"hu\",\"potentialAction\":[{\"@type\":\"ReadAction\",\"target\":[\"https:\/\/www.welovecycling.com\/hu\/orszaguti-kerekpar\/kineveljuk-az-elso-brit-tour-de-france-bajnokot-ot-even-belul\/\"]}]},{\"@type\":\"ImageObject\",\"inLanguage\":\"hu\",\"@id\":\"https:\/\/www.welovecycling.com\/hu\/orszaguti-kerekpar\/kineveljuk-az-elso-brit-tour-de-france-bajnokot-ot-even-belul\/#primaryimage\",\"url\":\"https:\/\/d2p6e6u75xmxt8.cloudfront.net\/12\/2022\/06\/Ineos-Grenadiers-profimedia-0667091671-CVR.jpg\",\"contentUrl\":\"https:\/\/d2p6e6u75xmxt8.cloudfront.net\/12\/2022\/06\/Ineos-Grenadiers-profimedia-0667091671-CVR.jpg\",\"width\":990,\"height\":660,\"caption\":\"Team Ineos Grenadiers\"},{\"@type\":\"BreadcrumbList\",\"@id\":\"https:\/\/www.welovecycling.com\/hu\/orszaguti-kerekpar\/kineveljuk-az-elso-brit-tour-de-france-bajnokot-ot-even-belul\/#breadcrumb\",\"itemListElement\":[{\"@type\":\"ListItem\",\"position\":1,\"name\":\"Home\",\"item\":\"https:\/\/www.welovecycling.com\/hu\/\"},{\"@type\":\"ListItem\",\"position\":2,\"name\":\"\u201eKinevelj\u00fck az els\u0151 brit Tour de France-bajnokot, \u00f6t \u00e9ven bel\u00fcl\u201d\"}]},{\"@type\":\"WebSite\",\"@id\":\"https:\/\/www.welovecycling.com\/hu\/#website\",\"url\":\"https:\/\/www.welovecycling.com\/hu\/\",\"name\":\"\u0160koda We Love Cycling - Magyarorsz\u00e1g\",\"description\":\"\u0160koda WeLoveCycling\",\"potentialAction\":[{\"@type\":\"SearchAction\",\"target\":{\"@type\":\"EntryPoint\",\"urlTemplate\":\"https:\/\/www.welovecycling.com\/hu\/?s={search_term_string}\"},\"query-input\":{\"@type\":\"PropertyValueSpecification\",\"valueRequired\":true,\"valueName\":\"search_term_string\"}}],\"inLanguage\":\"hu\"},{\"@type\":\"Person\",\"@id\":\"https:\/\/www.welovecycling.com\/hu\/#\/schema\/person\/414a2aebf1801691a5320edb6468e194\",\"name\":\"hegyizs\",\"image\":{\"@type\":\"ImageObject\",\"inLanguage\":\"hu\",\"@id\":\"https:\/\/www.welovecycling.com\/hu\/#\/schema\/person\/image\/\",\"url\":\"https:\/\/secure.gravatar.com\/avatar\/02cf8a7906b8cf90cecb4679defac7cfd33a1c2e3b88e4903d947f3bb58eedd3?s=96&d=mm&r=g\",\"contentUrl\":\"https:\/\/secure.gravatar.com\/avatar\/02cf8a7906b8cf90cecb4679defac7cfd33a1c2e3b88e4903d947f3bb58eedd3?s=96&d=mm&r=g\",\"caption\":\"hegyizs\"},\"url\":\"https:\/\/www.welovecycling.com\/hu\/author\/hegyizs\/\"}]}<\/script>\n<!-- \/ Yoast SEO Premium plugin. -->","yoast_head_json":{"title":"\u201eKinevelj\u00fck az els\u0151 brit Tour de France-bajnokot, \u00f6t \u00e9ven bel\u00fcl\u201d","description":"Amikor Sir Dave Brailsford \u00e9s a Team Sky ezt az \u00edg\u00e9retet tette 2009-ben, meglehet\u0151sen ambici\u00f3zusnak t\u0171nt. \u00c9s nem v\u00e9letlen\u00fcl. Egy ilyen magasztos c\u00e9lkit\u0171z\u00e9s egy ilyen hagyom\u00e1nyokkal teli sport\u00e1gban nem sok j\u00f3t \u00edg\u00e9r. De a Team Sky akkori f\u0151n\u00f6k\u00e9nek becs\u00fclet\u00e9re legyen mondva, nem sajn\u00e1lta a p\u00e9nzt. Mind\u00f6ssze h\u00e1rom \u00e9vvel k\u00e9s\u0151bb a csapat megnyerte a Tour-t Bradley Wiggins-szel, amit gyorsan k\u00f6vetett Chris Froome n\u00e9gy bajnoki c\u00edme, melyet \u00f6t \u00e9v alatt szerzett.","robots":{"index":"index","follow":"follow","max-snippet":"max-snippet:-1","max-image-preview":"max-image-preview:large","max-video-preview":"max-video-preview:-1"},"canonical":"https:\/\/www.welovecycling.com\/hu\/orszaguti-kerekpar\/kineveljuk-az-elso-brit-tour-de-france-bajnokot-ot-even-belul\/","og_locale":"hu_HU","og_type":"article","og_title":"\u201eKinevelj\u00fck az els\u0151 brit Tour de France-bajnokot, \u00f6t \u00e9ven bel\u00fcl\u201d","og_description":"Amikor Sir Dave Brailsford \u00e9s a Team Sky ezt az \u00edg\u00e9retet tette 2009-ben, meglehet\u0151sen ambici\u00f3zusnak t\u0171nt. \u00c9s nem v\u00e9letlen\u00fcl. Egy ilyen magasztos c\u00e9lkit\u0171z\u00e9s egy ilyen hagyom\u00e1nyokkal teli sport\u00e1gban nem sok j\u00f3t \u00edg\u00e9r. De a Team Sky akkori f\u0151n\u00f6k\u00e9nek becs\u00fclet\u00e9re legyen mondva, nem sajn\u00e1lta a p\u00e9nzt. Mind\u00f6ssze h\u00e1rom \u00e9vvel k\u00e9s\u0151bb a csapat megnyerte a Tour-t Bradley Wiggins-szel, amit gyorsan k\u00f6vetett Chris Froome n\u00e9gy bajnoki c\u00edme, melyet \u00f6t \u00e9v alatt szerzett.","og_url":"https:\/\/www.welovecycling.com\/hu\/orszaguti-kerekpar\/kineveljuk-az-elso-brit-tour-de-france-bajnokot-ot-even-belul\/","og_site_name":"\u0160koda We Love Cycling - Magyarorsz\u00e1g","article_publisher":"https:\/\/www.facebook.com\/WeLoveCyclingHungary\/","article_published_time":"2022-06-07T06:00:27+00:00","og_image":[{"width":990,"height":660,"url":"https:\/\/d2p6e6u75xmxt8.cloudfront.net\/12\/2022\/06\/Ineos-Grenadiers-profimedia-0667091671-CVR.jpg","type":"image\/jpeg"}],"author":"hegyizs","twitter_card":"summary_large_image","twitter_misc":{"Written by":"Joshua Donaldson","Est. reading time":"5"},"schema":{"@context":"https:\/\/schema.org","@graph":[{"@type":"WebPage","@id":"https:\/\/www.welovecycling.com\/hu\/orszaguti-kerekpar\/kineveljuk-az-elso-brit-tour-de-france-bajnokot-ot-even-belul\/","url":"https:\/\/www.welovecycling.com\/hu\/orszaguti-kerekpar\/kineveljuk-az-elso-brit-tour-de-france-bajnokot-ot-even-belul\/","name":"\u201eKinevelj\u00fck az els\u0151 brit Tour de France-bajnokot, \u00f6t \u00e9ven bel\u00fcl\u201d","isPartOf":{"@id":"https:\/\/www.welovecycling.com\/hu\/#website"},"primaryImageOfPage":{"@id":"https:\/\/www.welovecycling.com\/hu\/orszaguti-kerekpar\/kineveljuk-az-elso-brit-tour-de-france-bajnokot-ot-even-belul\/#primaryimage"},"image":{"@id":"https:\/\/www.welovecycling.com\/hu\/orszaguti-kerekpar\/kineveljuk-az-elso-brit-tour-de-france-bajnokot-ot-even-belul\/#primaryimage"},"thumbnailUrl":"https:\/\/d2p6e6u75xmxt8.cloudfront.net\/12\/2022\/06\/Ineos-Grenadiers-profimedia-0667091671-CVR.jpg","datePublished":"2022-06-07T06:00:27+00:00","author":{"@id":"https:\/\/www.welovecycling.com\/hu\/#\/schema\/person\/414a2aebf1801691a5320edb6468e194"},"description":"Amikor Sir Dave Brailsford \u00e9s a Team Sky ezt az \u00edg\u00e9retet tette 2009-ben, meglehet\u0151sen ambici\u00f3zusnak t\u0171nt. \u00c9s nem v\u00e9letlen\u00fcl. Egy ilyen magasztos c\u00e9lkit\u0171z\u00e9s egy ilyen hagyom\u00e1nyokkal teli sport\u00e1gban nem sok j\u00f3t \u00edg\u00e9r. De a Team Sky akkori f\u0151n\u00f6k\u00e9nek becs\u00fclet\u00e9re legyen mondva, nem sajn\u00e1lta a p\u00e9nzt. Mind\u00f6ssze h\u00e1rom \u00e9vvel k\u00e9s\u0151bb a csapat megnyerte a Tour-t Bradley Wiggins-szel, amit gyorsan k\u00f6vetett Chris Froome n\u00e9gy bajnoki c\u00edme, melyet \u00f6t \u00e9v alatt szerzett.","breadcrumb":{"@id":"https:\/\/www.welovecycling.com\/hu\/orszaguti-kerekpar\/kineveljuk-az-elso-brit-tour-de-france-bajnokot-ot-even-belul\/#breadcrumb"},"inLanguage":"hu","potentialAction":[{"@type":"ReadAction","target":["https:\/\/www.welovecycling.com\/hu\/orszaguti-kerekpar\/kineveljuk-az-elso-brit-tour-de-france-bajnokot-ot-even-belul\/"]}]},{"@type":"ImageObject","inLanguage":"hu","@id":"https:\/\/www.welovecycling.com\/hu\/orszaguti-kerekpar\/kineveljuk-az-elso-brit-tour-de-france-bajnokot-ot-even-belul\/#primaryimage","url":"https:\/\/d2p6e6u75xmxt8.cloudfront.net\/12\/2022\/06\/Ineos-Grenadiers-profimedia-0667091671-CVR.jpg","contentUrl":"https:\/\/d2p6e6u75xmxt8.cloudfront.net\/12\/2022\/06\/Ineos-Grenadiers-profimedia-0667091671-CVR.jpg","width":990,"height":660,"caption":"Team Ineos Grenadiers"},{"@type":"BreadcrumbList","@id":"https:\/\/www.welovecycling.com\/hu\/orszaguti-kerekpar\/kineveljuk-az-elso-brit-tour-de-france-bajnokot-ot-even-belul\/#breadcrumb","itemListElement":[{"@type":"ListItem","position":1,"name":"Home","item":"https:\/\/www.welovecycling.com\/hu\/"},{"@type":"ListItem","position":2,"name":"\u201eKinevelj\u00fck az els\u0151 brit Tour de France-bajnokot, \u00f6t \u00e9ven bel\u00fcl\u201d"}]},{"@type":"WebSite","@id":"https:\/\/www.welovecycling.com\/hu\/#website","url":"https:\/\/www.welovecycling.com\/hu\/","name":"\u0160koda We Love Cycling - Magyarorsz\u00e1g","description":"\u0160koda WeLoveCycling","potentialAction":[{"@type":"SearchAction","target":{"@type":"EntryPoint","urlTemplate":"https:\/\/www.welovecycling.com\/hu\/?s={search_term_string}"},"query-input":{"@type":"PropertyValueSpecification","valueRequired":true,"valueName":"search_term_string"}}],"inLanguage":"hu"},{"@type":"Person","@id":"https:\/\/www.welovecycling.com\/hu\/#\/schema\/person\/414a2aebf1801691a5320edb6468e194","name":"hegyizs","image":{"@type":"ImageObject","inLanguage":"hu","@id":"https:\/\/www.welovecycling.com\/hu\/#\/schema\/person\/image\/","url":"https:\/\/secure.gravatar.com\/avatar\/02cf8a7906b8cf90cecb4679defac7cfd33a1c2e3b88e4903d947f3bb58eedd3?s=96&d=mm&r=g","contentUrl":"https:\/\/secure.gravatar.com\/avatar\/02cf8a7906b8cf90cecb4679defac7cfd33a1c2e3b88e4903d947f3bb58eedd3?s=96&d=mm&r=g","caption":"hegyizs"},"url":"https:\/\/www.welovecycling.com\/hu\/author\/hegyizs\/"}]}},"_links":{"self":[{"href":"https:\/\/www.welovecycling.com\/hu\/wp-json\/wp\/v2\/posts\/15143","targetHints":{"allow":["GET"]}}],"collection":[{"href":"https:\/\/www.welovecycling.com\/hu\/wp-json\/wp\/v2\/posts"}],"about":[{"href":"https:\/\/www.welovecycling.com\/hu\/wp-json\/wp\/v2\/types\/post"}],"author":[{"embeddable":true,"href":"https:\/\/www.welovecycling.com\/hu\/wp-json\/wp\/v2\/users\/71"}],"replies":[{"embeddable":true,"href":"https:\/\/www.welovecycling.com\/hu\/wp-json\/wp\/v2\/comments?post=15143"}],"version-history":[{"count":1,"href":"https:\/\/www.welovecycling.com\/hu\/wp-json\/wp\/v2\/posts\/15143\/revisions"}],"predecessor-version":[{"id":15147,"href":"https:\/\/www.welovecycling.com\/hu\/wp-json\/wp\/v2\/posts\/15143\/revisions\/15147"}],"wp:featuredmedia":[{"embeddable":true,"href":"https:\/\/www.welovecycling.com\/hu\/wp-json\/wp\/v2\/media\/15145"}],"wp:attachment":[{"href":"https:\/\/www.welovecycling.com\/hu\/wp-json\/wp\/v2\/media?parent=15143"}],"wp:term":[{"taxonomy":"category","embeddable":true,"href":"https:\/\/www.welovecycling.com\/hu\/wp-json\/wp\/v2\/categories?post=15143"},{"taxonomy":"post_tag","embeddable":true,"href":"https:\/\/www.welovecycling.com\/hu\/wp-json\/wp\/v2\/tags?post=15143"},{"taxonomy":"global-categories","embeddable":true,"href":"https:\/\/www.welovecycling.com\/hu\/wp-json\/wp\/v2\/global-categories?post=15143"}],"curies":[{"name":"wp","href":"https:\/\/api.w.org\/{rel}","templated":true}]}}