{"id":15127,"date":"2022-05-27T17:21:27","date_gmt":"2022-05-27T15:21:27","guid":{"rendered":"https:\/\/www.welovecycling.com\/hu\/?p=15127"},"modified":"2022-05-27T17:21:27","modified_gmt":"2022-05-27T15:21:27","slug":"nem-minden-az-osszetett-valter-remek-4-helye-mellett-fetter-es-peak-segitokent-tundokol-a-giron","status":"publish","type":"post","link":"https:\/\/www.welovecycling.com\/hu\/orszaguti-kerekpar\/nem-minden-az-osszetett-valter-remek-4-helye-mellett-fetter-es-peak-segitokent-tundokol-a-giron\/","title":{"rendered":"Nem minden az \u00f6sszetett: Valter remek 4. helye mellett Fetter \u00e9s Pe\u00e1k seg\u00edt\u0151k\u00e9nt t\u00fcnd\u00f6k\u00f6l a Gir\u00f3n"},"content":{"rendered":"<p><strong>Mivel sporthagyom\u00e1nyainkb\u00f3l ad\u00f3d\u00f3an sokan mindent kiz\u00e1r\u00f3lag arany\u00e9rmekben hajlamosak m\u00e9rni, a laikusok r\u00e9sz\u00e9r\u0151l sajnos t\u00f6bb el\u00e9gedetlenked\u0151 hangot hallani a Gir\u00f3n teker\u0151 magyarok teljes\u00edtm\u00e9ny\u00e9vel kapcsolatban. \u00c1m a ker\u00e9kp\u00e1r sokkal \u00f6sszetettebb sport\u00e1g ann\u00e1l, mintsem kiz\u00e1r\u00f3lag a konkr\u00e9t helyez\u00e9sek alapj\u00e1n \u00e9rt\u00e9kelj\u00fcnk. <\/strong><\/p>\n<p>An\u00e9lk\u00fcl, hogy elvtelen\u00fcl v\u00e9deni akarn\u00e1nk a mund\u00e9r becs\u00fclet\u00e9t, vagy belemenn\u00e9nk abba, hogy h\u00e1rom h\u00e9ten \u00e1t naponta 180-200 kilom\u00e9tereket letekerni hegyen-v\u00f6lgy\u00f6n \u00e1t, es\u0151ben-h\u0151s\u00e9gben; ezzel egy\u00fctt egy olyan 3500 km-es \u00f6sszt\u00e1vot teljes\u00edteni, mint amilyen az idei Giro, m\u00e1r \u00f6nmag\u00e1ban v\u00e9ve mennyire felfoghatatlan teljes\u00edtm\u00e9ny, vizsg\u00e1ljuk meg kicsit a h\u00e1rom magyar versenyz\u0151 szerep\u00e9t!<\/p>\n<p>Valter Attila az elm\u00falt k\u00e9t \u00e9v\u00e9vel eleve borzaszt\u00f3an magasra rakta a l\u00e9cet, r\u00e1ad\u00e1sul sokakat megt\u00e9veszthetett Stephen Roche azon el\u0151zetes nyilatkozata, hogy id\u00e9n ak\u00e1r a top 10 is re\u00e1lis lehet a sz\u00e1m\u00e1ra. Akkor m\u00e9g val\u00f3sz\u00edn\u0171leg a magyarorsz\u00e1gi szakaszok szervez\u00e9s\u00e9ben is akt\u00edvan r\u00e9sztvev\u0151 \u00edr legenda sem tudta, hogy Ati csapata, a Groupama-FDJ gyakorlatilag egy az egyben a csapat francia szt\u00e1rsprinter\u00e9re, Arnaud D\u00e9mare-ra \u00e9p\u00fcl majd, a mi fiunk pedig egyed\u00fcl lesz hegyi men\u0151, seg\u00edts\u00e9g n\u00e9lk\u00fcl \u2013 \u00edgy teljesen irre\u00e1lis lett volna ilyesmit elv\u00e1rni. Cser\u00e9be viszont Attila seg\u00edt\u0151k\u00e9nt \u00f3ri\u00e1sit ment v\u00e9gig t\u00e1rs\u00e1\u00e9rt, akit h\u00e1rom nagyszer\u0171 szakaszsikerhez seg\u00edtett: volt olyan, hogy konkr\u00e9tan \u0151 \u201evitte \u00e1t\u201d D\u00e9mare-t az egyik kem\u00e9ny hegyen, megalapozva neki a k\u00e9s\u0151bbi sikert \u2013 sokatmond\u00f3, hogy a francia szt\u00e1r ut\u00e1na magyarul mondott k\u00f6sz\u00f6netet Valternek. Emellett t\u00f6bbsz\u00f6r is \u0151 h\u00fazta a komplett \u00fcld\u00f6z\u0151bolyt a sz\u00f6kev\u00e9nyek ut\u00e1n, s miut\u00e1n nagy munk\u00e1val maga is bele tudott ker\u00fclni elmen\u00e9sekbe, \u00e9s ott is tudott maradni, k\u00e9t remek top 15-\u00f6s szakaszeredm\u00e9nyt k\u00f6vet\u0151en p\u00e9ntek d\u00e9lut\u00e1n egy szenz\u00e1ci\u00f3s negyedik helyett is \u00f6sszehozott. Ami a feladata \u00e9s c\u00e9lja volt, marad\u00e9ktalanul teljes\u00edtette, m\u00e9g ha az els\u0151 k\u00e9t het\u00e9vel nem is volt megel\u00e9gedve.<\/p>\n<figure id=\"attachment_15129\" aria-describedby=\"caption-attachment-15129\" style=\"width: 1600px\" class=\"wp-caption alignnone\"><a href=\"https:\/\/d2p6e6u75xmxt8.cloudfront.net\/12\/2022\/05\/at-fdj.jpg\"><img loading=\"lazy\" decoding=\"async\" class=\"size-full wp-image-15129\" src=\"https:\/\/d2p6e6u75xmxt8.cloudfront.net\/12\/2022\/05\/at-fdj.jpg\" alt=\"\" width=\"1600\" height=\"1066\" srcset=\"https:\/\/d2p6e6u75xmxt8.cloudfront.net\/12\/2022\/05\/at-fdj.jpg 1600w, https:\/\/d2p6e6u75xmxt8.cloudfront.net\/12\/2022\/05\/at-fdj-300x200.jpg 300w, https:\/\/d2p6e6u75xmxt8.cloudfront.net\/12\/2022\/05\/at-fdj-1024x682.jpg 1024w, https:\/\/d2p6e6u75xmxt8.cloudfront.net\/12\/2022\/05\/at-fdj-768x512.jpg 768w, https:\/\/d2p6e6u75xmxt8.cloudfront.net\/12\/2022\/05\/at-fdj-1536x1023.jpg 1536w, https:\/\/d2p6e6u75xmxt8.cloudfront.net\/12\/2022\/05\/at-fdj-272x182.jpg 272w\" sizes=\"auto, (max-width: 1600px) 100vw, 1600px\" \/><\/a><figcaption id=\"caption-attachment-15129\" class=\"wp-caption-text\">fot\u00f3: Groupama-FDJ<\/figcaption><\/figure>\n<p>A k\u00e9t deb\u00fct\u00e1nsunkt\u00f3l, Fetter Erikt\u0151l \u00e9s Pe\u00e1k Barnab\u00e1st\u00f3l pedig \u00f6nmag\u00e1ban az is nagy sz\u00f3, hogy egy\u00e1ltal\u00e1n v\u00e9gigcsin\u00e1lt\u00e1k a kimer\u00edt\u0151 h\u00e1rom hetet, f\u0151leg ha megn\u00e9zz\u00fck, milyen nevek nem tudt\u00e1k befejezni a viadalt.<\/p>\n<p>Pe\u00e1knak seg\u00edt\u0151k\u00e9nt \u00f3ri\u00e1si szerepe volt csapata, a Wanty nagyszer\u0171 szerepl\u00e9s\u00e9ben, az eml\u00e9kezetes <a href=\"https:\/\/www.welovecycling.com\/hu\/orszaguti-kerekpar\/elkepeszto-eritreaiak-a-koldusszegeny-afrikai-orszag-hosei-emlekezetesse-teszik-az-idei-girot\/\">\u201eszemkil\u00f6v\u0151s\u201d balesettel mag\u00e1t a versenyr\u0151l ki\u00edr\u00f3 Biniam Girmay<\/a> remek eredm\u00e9nyeiben \u00e9s t\u00f6rt\u00e9nelmi szakaszgy\u0151zelm\u00e9ben, emellett oroszl\u00e1nr\u00e9szt v\u00e1llalt abban is, hogy az ist\u00e1ll\u00f3 veter\u00e1n klasszisa, Domenico Pozzovivo 39 \u00e9vesen Nibali m\u00f6g\u00f6tt a m\u00e1sodik legjobb olaszk\u00e9nt ott lehessen az \u00f6sszetett top t\u00edzben.<\/p>\n<figure id=\"attachment_15131\" aria-describedby=\"caption-attachment-15131\" style=\"width: 1024px\" class=\"wp-caption alignnone\"><a href=\"https:\/\/d2p6e6u75xmxt8.cloudfront.net\/12\/2022\/05\/peak.jpg\"><img loading=\"lazy\" decoding=\"async\" class=\"size-full wp-image-15131\" src=\"https:\/\/d2p6e6u75xmxt8.cloudfront.net\/12\/2022\/05\/peak.jpg\" alt=\"\" width=\"1024\" height=\"683\" srcset=\"https:\/\/d2p6e6u75xmxt8.cloudfront.net\/12\/2022\/05\/peak.jpg 1024w, https:\/\/d2p6e6u75xmxt8.cloudfront.net\/12\/2022\/05\/peak-300x200.jpg 300w, https:\/\/d2p6e6u75xmxt8.cloudfront.net\/12\/2022\/05\/peak-768x512.jpg 768w, https:\/\/d2p6e6u75xmxt8.cloudfront.net\/12\/2022\/05\/peak-272x182.jpg 272w\" sizes=\"auto, (max-width: 1024px) 100vw, 1024px\" \/><\/a><figcaption id=\"caption-attachment-15131\" class=\"wp-caption-text\">fot\u00f3: intermarche-wantygobert.eu<\/figcaption><\/figure>\n<p>Fetter is t\u00f6bbsz\u00f6r meg tudta mutatni mag\u00e1t sz\u00f6k\u00e9sben, \u0151 is rengeteget mel\u00f3zott els\u0151sorban a pontversenyekben \u00e9rdekelt t\u00e1rsai\u00e9rt, t\u00e1mad\u00e1sokat szerelt le \u00e9s \u00e9lete els\u0151 h\u00e1romhetes\u00e9n a top 100-ban v\u00e9gez!<\/p>\n<p>Nem minden az \u00f6sszetett helyez\u00e9s, a ker\u00e9kp\u00e1rsporttal kapcsolatban pedig nem v\u00e9letlen\u00fcl emelik ki mindig maguk a r\u00e9sztvev\u0151k is, hogy b\u00e1r egy\u00e9ni sport\u00e1gr\u00f3l besz\u00e9l\u00fcnk, val\u00f3j\u00e1ban ez nagyon is csapatmunka. \u00c9s persze az sem mell\u00e9kes, hogy a h\u00e1rom magyar versenyz\u0151 k\u00f6z\u00fcl Valter a legid\u0151sebb a maga \u00e9lemedett 23 (j\u00faniusban 24) \u00e9v\u00e9vel!<\/p>\n<figure id=\"attachment_15130\" aria-describedby=\"caption-attachment-15130\" style=\"width: 1440px\" class=\"wp-caption alignnone\"><a href=\"https:\/\/d2p6e6u75xmxt8.cloudfront.net\/12\/2022\/05\/fetter.jpg\"><img loading=\"lazy\" decoding=\"async\" class=\"size-full wp-image-15130\" src=\"https:\/\/d2p6e6u75xmxt8.cloudfront.net\/12\/2022\/05\/fetter.jpg\" alt=\"\" width=\"1440\" height=\"960\" srcset=\"https:\/\/d2p6e6u75xmxt8.cloudfront.net\/12\/2022\/05\/fetter.jpg 1440w, https:\/\/d2p6e6u75xmxt8.cloudfront.net\/12\/2022\/05\/fetter-300x200.jpg 300w, https:\/\/d2p6e6u75xmxt8.cloudfront.net\/12\/2022\/05\/fetter-1024x683.jpg 1024w, https:\/\/d2p6e6u75xmxt8.cloudfront.net\/12\/2022\/05\/fetter-768x512.jpg 768w, https:\/\/d2p6e6u75xmxt8.cloudfront.net\/12\/2022\/05\/fetter-272x182.jpg 272w\" sizes=\"auto, (max-width: 1440px) 100vw, 1440px\" \/><\/a><figcaption id=\"caption-attachment-15130\" class=\"wp-caption-text\">fot\u00f3: EOLO-Kometa<\/figcaption><\/figure>\n","protected":false},"excerpt":{"rendered":"<p>Mivel sporthagyom\u00e1nyainkb\u00f3l ad\u00f3d\u00f3an sokan mindent kiz\u00e1r\u00f3lag arany\u00e9rmekben hajlamosak m\u00e9rni, a laikusok r\u00e9sz\u00e9r\u0151l sajnos t\u00f6bb el\u00e9gedetlenked\u0151 hangot hallani a Gir\u00f3n teker\u0151 [&hellip;]<\/p>\n","protected":false},"author":145,"featured_media":15128,"comment_status":"open","ping_status":"open","sticky":false,"template":"","format":"standard","meta":{"footnotes":""},"categories":[8],"tags":[],"global-categories":[419],"class_list":["post-15127","post","type-post","status-publish","format-standard","has-post-thumbnail","hentry","category-orszaguti-kerekpar","global-categories-cycling"],"yoast_head":"<!-- This site is optimized with the Yoast SEO Premium plugin v25.3 (Yoast SEO v25.9) - https:\/\/yoast.com\/wordpress\/plugins\/seo\/ -->\n<title>Nem minden az \u00f6sszetett: Valter remek 4. helye mellett Fetter \u00e9s Pe\u00e1k seg\u00edt\u0151k\u00e9nt t\u00fcnd\u00f6k\u00f6l a Gir\u00f3n - \u0160koda We Love Cycling - Magyarorsz\u00e1g<\/title>\n<meta name=\"robots\" content=\"index, follow, max-snippet:-1, max-image-preview:large, max-video-preview:-1\" \/>\n<link rel=\"canonical\" href=\"https:\/\/www.welovecycling.com\/hu\/orszaguti-kerekpar\/nem-minden-az-osszetett-valter-remek-4-helye-mellett-fetter-es-peak-segitokent-tundokol-a-giron\/\" \/>\n<meta property=\"og:locale\" content=\"hu_HU\" \/>\n<meta property=\"og:type\" content=\"article\" \/>\n<meta property=\"og:title\" content=\"Nem minden az \u00f6sszetett: Valter remek 4. helye mellett Fetter \u00e9s Pe\u00e1k seg\u00edt\u0151k\u00e9nt t\u00fcnd\u00f6k\u00f6l a Gir\u00f3n\" \/>\n<meta property=\"og:description\" content=\"Mivel sporthagyom\u00e1nyainkb\u00f3l ad\u00f3d\u00f3an sokan mindent kiz\u00e1r\u00f3lag arany\u00e9rmekben hajlamosak m\u00e9rni, a laikusok r\u00e9sz\u00e9r\u0151l sajnos t\u00f6bb el\u00e9gedetlenked\u0151 hangot hallani a Gir\u00f3n teker\u0151 [&hellip;]\" \/>\n<meta property=\"og:url\" content=\"https:\/\/www.welovecycling.com\/hu\/orszaguti-kerekpar\/nem-minden-az-osszetett-valter-remek-4-helye-mellett-fetter-es-peak-segitokent-tundokol-a-giron\/\" \/>\n<meta property=\"og:site_name\" content=\"\u0160koda We Love Cycling - Magyarorsz\u00e1g\" \/>\n<meta property=\"article:publisher\" content=\"https:\/\/www.facebook.com\/WeLoveCyclingHungary\/\" \/>\n<meta property=\"article:published_time\" content=\"2022-05-27T15:21:27+00:00\" \/>\n<meta property=\"og:image\" content=\"https:\/\/d2p6e6u75xmxt8.cloudfront.net\/12\/2022\/05\/20220506-GettyImages-1395699951.jpg\" \/>\n\t<meta property=\"og:image:width\" content=\"780\" \/>\n\t<meta property=\"og:image:height\" content=\"470\" \/>\n\t<meta property=\"og:image:type\" content=\"image\/jpeg\" \/>\n<meta name=\"author\" content=\"kitti\" \/>\n<meta name=\"twitter:card\" content=\"summary_large_image\" \/>\n<meta name=\"twitter:label1\" content=\"Written by\" \/>\n\t<meta name=\"twitter:data1\" content=\"We Love Cycling\" \/>\n\t<meta name=\"twitter:label2\" content=\"Est. reading time\" \/>\n\t<meta name=\"twitter:data2\" content=\"3 minutes\" \/>\n<script type=\"application\/ld+json\" class=\"yoast-schema-graph\">{\"@context\":\"https:\/\/schema.org\",\"@graph\":[{\"@type\":\"WebPage\",\"@id\":\"https:\/\/www.welovecycling.com\/hu\/orszaguti-kerekpar\/nem-minden-az-osszetett-valter-remek-4-helye-mellett-fetter-es-peak-segitokent-tundokol-a-giron\/\",\"url\":\"https:\/\/www.welovecycling.com\/hu\/orszaguti-kerekpar\/nem-minden-az-osszetett-valter-remek-4-helye-mellett-fetter-es-peak-segitokent-tundokol-a-giron\/\",\"name\":\"Nem minden az \u00f6sszetett: Valter remek 4. helye mellett Fetter \u00e9s Pe\u00e1k seg\u00edt\u0151k\u00e9nt t\u00fcnd\u00f6k\u00f6l a Gir\u00f3n - \u0160koda We Love Cycling - Magyarorsz\u00e1g\",\"isPartOf\":{\"@id\":\"https:\/\/www.welovecycling.com\/hu\/#website\"},\"primaryImageOfPage\":{\"@id\":\"https:\/\/www.welovecycling.com\/hu\/orszaguti-kerekpar\/nem-minden-az-osszetett-valter-remek-4-helye-mellett-fetter-es-peak-segitokent-tundokol-a-giron\/#primaryimage\"},\"image\":{\"@id\":\"https:\/\/www.welovecycling.com\/hu\/orszaguti-kerekpar\/nem-minden-az-osszetett-valter-remek-4-helye-mellett-fetter-es-peak-segitokent-tundokol-a-giron\/#primaryimage\"},\"thumbnailUrl\":\"https:\/\/d2p6e6u75xmxt8.cloudfront.net\/12\/2022\/05\/20220506-GettyImages-1395699951.jpg\",\"datePublished\":\"2022-05-27T15:21:27+00:00\",\"author\":{\"@id\":\"https:\/\/www.welovecycling.com\/hu\/#\/schema\/person\/bec7dcdbcc59f58489cf603e4040ced1\"},\"breadcrumb\":{\"@id\":\"https:\/\/www.welovecycling.com\/hu\/orszaguti-kerekpar\/nem-minden-az-osszetett-valter-remek-4-helye-mellett-fetter-es-peak-segitokent-tundokol-a-giron\/#breadcrumb\"},\"inLanguage\":\"hu\",\"potentialAction\":[{\"@type\":\"ReadAction\",\"target\":[\"https:\/\/www.welovecycling.com\/hu\/orszaguti-kerekpar\/nem-minden-az-osszetett-valter-remek-4-helye-mellett-fetter-es-peak-segitokent-tundokol-a-giron\/\"]}]},{\"@type\":\"ImageObject\",\"inLanguage\":\"hu\",\"@id\":\"https:\/\/www.welovecycling.com\/hu\/orszaguti-kerekpar\/nem-minden-az-osszetett-valter-remek-4-helye-mellett-fetter-es-peak-segitokent-tundokol-a-giron\/#primaryimage\",\"url\":\"https:\/\/d2p6e6u75xmxt8.cloudfront.net\/12\/2022\/05\/20220506-GettyImages-1395699951.jpg\",\"contentUrl\":\"https:\/\/d2p6e6u75xmxt8.cloudfront.net\/12\/2022\/05\/20220506-GettyImages-1395699951.jpg\",\"width\":780,\"height\":470},{\"@type\":\"BreadcrumbList\",\"@id\":\"https:\/\/www.welovecycling.com\/hu\/orszaguti-kerekpar\/nem-minden-az-osszetett-valter-remek-4-helye-mellett-fetter-es-peak-segitokent-tundokol-a-giron\/#breadcrumb\",\"itemListElement\":[{\"@type\":\"ListItem\",\"position\":1,\"name\":\"Home\",\"item\":\"https:\/\/www.welovecycling.com\/hu\/\"},{\"@type\":\"ListItem\",\"position\":2,\"name\":\"Nem minden az \u00f6sszetett: Valter remek 4. helye mellett Fetter \u00e9s Pe\u00e1k seg\u00edt\u0151k\u00e9nt t\u00fcnd\u00f6k\u00f6l a Gir\u00f3n\"}]},{\"@type\":\"WebSite\",\"@id\":\"https:\/\/www.welovecycling.com\/hu\/#website\",\"url\":\"https:\/\/www.welovecycling.com\/hu\/\",\"name\":\"\u0160koda We Love Cycling - Magyarorsz\u00e1g\",\"description\":\"\u0160koda WeLoveCycling\",\"potentialAction\":[{\"@type\":\"SearchAction\",\"target\":{\"@type\":\"EntryPoint\",\"urlTemplate\":\"https:\/\/www.welovecycling.com\/hu\/?s={search_term_string}\"},\"query-input\":{\"@type\":\"PropertyValueSpecification\",\"valueRequired\":true,\"valueName\":\"search_term_string\"}}],\"inLanguage\":\"hu\"},{\"@type\":\"Person\",\"@id\":\"https:\/\/www.welovecycling.com\/hu\/#\/schema\/person\/bec7dcdbcc59f58489cf603e4040ced1\",\"name\":\"kitti\",\"image\":{\"@type\":\"ImageObject\",\"inLanguage\":\"hu\",\"@id\":\"https:\/\/www.welovecycling.com\/hu\/#\/schema\/person\/image\/\",\"url\":\"https:\/\/secure.gravatar.com\/avatar\/e3196a110e1b57b96f56d92d10ce9bb4e9d7210076832a16243337e949410b52?s=96&d=mm&r=g\",\"contentUrl\":\"https:\/\/secure.gravatar.com\/avatar\/e3196a110e1b57b96f56d92d10ce9bb4e9d7210076832a16243337e949410b52?s=96&d=mm&r=g\",\"caption\":\"kitti\"},\"url\":\"https:\/\/www.welovecycling.com\/hu\/author\/kitti\/\"}]}<\/script>\n<!-- \/ Yoast SEO Premium plugin. -->","yoast_head_json":{"title":"Nem minden az \u00f6sszetett: Valter remek 4. helye mellett Fetter \u00e9s Pe\u00e1k seg\u00edt\u0151k\u00e9nt t\u00fcnd\u00f6k\u00f6l a Gir\u00f3n - \u0160koda We Love Cycling - Magyarorsz\u00e1g","robots":{"index":"index","follow":"follow","max-snippet":"max-snippet:-1","max-image-preview":"max-image-preview:large","max-video-preview":"max-video-preview:-1"},"canonical":"https:\/\/www.welovecycling.com\/hu\/orszaguti-kerekpar\/nem-minden-az-osszetett-valter-remek-4-helye-mellett-fetter-es-peak-segitokent-tundokol-a-giron\/","og_locale":"hu_HU","og_type":"article","og_title":"Nem minden az \u00f6sszetett: Valter remek 4. helye mellett Fetter \u00e9s Pe\u00e1k seg\u00edt\u0151k\u00e9nt t\u00fcnd\u00f6k\u00f6l a Gir\u00f3n","og_description":"Mivel sporthagyom\u00e1nyainkb\u00f3l ad\u00f3d\u00f3an sokan mindent kiz\u00e1r\u00f3lag arany\u00e9rmekben hajlamosak m\u00e9rni, a laikusok r\u00e9sz\u00e9r\u0151l sajnos t\u00f6bb el\u00e9gedetlenked\u0151 hangot hallani a Gir\u00f3n teker\u0151 [&hellip;]","og_url":"https:\/\/www.welovecycling.com\/hu\/orszaguti-kerekpar\/nem-minden-az-osszetett-valter-remek-4-helye-mellett-fetter-es-peak-segitokent-tundokol-a-giron\/","og_site_name":"\u0160koda We Love Cycling - Magyarorsz\u00e1g","article_publisher":"https:\/\/www.facebook.com\/WeLoveCyclingHungary\/","article_published_time":"2022-05-27T15:21:27+00:00","og_image":[{"width":780,"height":470,"url":"https:\/\/d2p6e6u75xmxt8.cloudfront.net\/12\/2022\/05\/20220506-GettyImages-1395699951.jpg","type":"image\/jpeg"}],"author":"kitti","twitter_card":"summary_large_image","twitter_misc":{"Written by":"We Love Cycling","Est. reading time":"3 minutes"},"schema":{"@context":"https:\/\/schema.org","@graph":[{"@type":"WebPage","@id":"https:\/\/www.welovecycling.com\/hu\/orszaguti-kerekpar\/nem-minden-az-osszetett-valter-remek-4-helye-mellett-fetter-es-peak-segitokent-tundokol-a-giron\/","url":"https:\/\/www.welovecycling.com\/hu\/orszaguti-kerekpar\/nem-minden-az-osszetett-valter-remek-4-helye-mellett-fetter-es-peak-segitokent-tundokol-a-giron\/","name":"Nem minden az \u00f6sszetett: Valter remek 4. helye mellett Fetter \u00e9s Pe\u00e1k seg\u00edt\u0151k\u00e9nt t\u00fcnd\u00f6k\u00f6l a Gir\u00f3n - \u0160koda We Love Cycling - Magyarorsz\u00e1g","isPartOf":{"@id":"https:\/\/www.welovecycling.com\/hu\/#website"},"primaryImageOfPage":{"@id":"https:\/\/www.welovecycling.com\/hu\/orszaguti-kerekpar\/nem-minden-az-osszetett-valter-remek-4-helye-mellett-fetter-es-peak-segitokent-tundokol-a-giron\/#primaryimage"},"image":{"@id":"https:\/\/www.welovecycling.com\/hu\/orszaguti-kerekpar\/nem-minden-az-osszetett-valter-remek-4-helye-mellett-fetter-es-peak-segitokent-tundokol-a-giron\/#primaryimage"},"thumbnailUrl":"https:\/\/d2p6e6u75xmxt8.cloudfront.net\/12\/2022\/05\/20220506-GettyImages-1395699951.jpg","datePublished":"2022-05-27T15:21:27+00:00","author":{"@id":"https:\/\/www.welovecycling.com\/hu\/#\/schema\/person\/bec7dcdbcc59f58489cf603e4040ced1"},"breadcrumb":{"@id":"https:\/\/www.welovecycling.com\/hu\/orszaguti-kerekpar\/nem-minden-az-osszetett-valter-remek-4-helye-mellett-fetter-es-peak-segitokent-tundokol-a-giron\/#breadcrumb"},"inLanguage":"hu","potentialAction":[{"@type":"ReadAction","target":["https:\/\/www.welovecycling.com\/hu\/orszaguti-kerekpar\/nem-minden-az-osszetett-valter-remek-4-helye-mellett-fetter-es-peak-segitokent-tundokol-a-giron\/"]}]},{"@type":"ImageObject","inLanguage":"hu","@id":"https:\/\/www.welovecycling.com\/hu\/orszaguti-kerekpar\/nem-minden-az-osszetett-valter-remek-4-helye-mellett-fetter-es-peak-segitokent-tundokol-a-giron\/#primaryimage","url":"https:\/\/d2p6e6u75xmxt8.cloudfront.net\/12\/2022\/05\/20220506-GettyImages-1395699951.jpg","contentUrl":"https:\/\/d2p6e6u75xmxt8.cloudfront.net\/12\/2022\/05\/20220506-GettyImages-1395699951.jpg","width":780,"height":470},{"@type":"BreadcrumbList","@id":"https:\/\/www.welovecycling.com\/hu\/orszaguti-kerekpar\/nem-minden-az-osszetett-valter-remek-4-helye-mellett-fetter-es-peak-segitokent-tundokol-a-giron\/#breadcrumb","itemListElement":[{"@type":"ListItem","position":1,"name":"Home","item":"https:\/\/www.welovecycling.com\/hu\/"},{"@type":"ListItem","position":2,"name":"Nem minden az \u00f6sszetett: Valter remek 4. helye mellett Fetter \u00e9s Pe\u00e1k seg\u00edt\u0151k\u00e9nt t\u00fcnd\u00f6k\u00f6l a Gir\u00f3n"}]},{"@type":"WebSite","@id":"https:\/\/www.welovecycling.com\/hu\/#website","url":"https:\/\/www.welovecycling.com\/hu\/","name":"\u0160koda We Love Cycling - Magyarorsz\u00e1g","description":"\u0160koda WeLoveCycling","potentialAction":[{"@type":"SearchAction","target":{"@type":"EntryPoint","urlTemplate":"https:\/\/www.welovecycling.com\/hu\/?s={search_term_string}"},"query-input":{"@type":"PropertyValueSpecification","valueRequired":true,"valueName":"search_term_string"}}],"inLanguage":"hu"},{"@type":"Person","@id":"https:\/\/www.welovecycling.com\/hu\/#\/schema\/person\/bec7dcdbcc59f58489cf603e4040ced1","name":"kitti","image":{"@type":"ImageObject","inLanguage":"hu","@id":"https:\/\/www.welovecycling.com\/hu\/#\/schema\/person\/image\/","url":"https:\/\/secure.gravatar.com\/avatar\/e3196a110e1b57b96f56d92d10ce9bb4e9d7210076832a16243337e949410b52?s=96&d=mm&r=g","contentUrl":"https:\/\/secure.gravatar.com\/avatar\/e3196a110e1b57b96f56d92d10ce9bb4e9d7210076832a16243337e949410b52?s=96&d=mm&r=g","caption":"kitti"},"url":"https:\/\/www.welovecycling.com\/hu\/author\/kitti\/"}]}},"_links":{"self":[{"href":"https:\/\/www.welovecycling.com\/hu\/wp-json\/wp\/v2\/posts\/15127","targetHints":{"allow":["GET"]}}],"collection":[{"href":"https:\/\/www.welovecycling.com\/hu\/wp-json\/wp\/v2\/posts"}],"about":[{"href":"https:\/\/www.welovecycling.com\/hu\/wp-json\/wp\/v2\/types\/post"}],"author":[{"embeddable":true,"href":"https:\/\/www.welovecycling.com\/hu\/wp-json\/wp\/v2\/users\/145"}],"replies":[{"embeddable":true,"href":"https:\/\/www.welovecycling.com\/hu\/wp-json\/wp\/v2\/comments?post=15127"}],"version-history":[{"count":1,"href":"https:\/\/www.welovecycling.com\/hu\/wp-json\/wp\/v2\/posts\/15127\/revisions"}],"predecessor-version":[{"id":15132,"href":"https:\/\/www.welovecycling.com\/hu\/wp-json\/wp\/v2\/posts\/15127\/revisions\/15132"}],"wp:featuredmedia":[{"embeddable":true,"href":"https:\/\/www.welovecycling.com\/hu\/wp-json\/wp\/v2\/media\/15128"}],"wp:attachment":[{"href":"https:\/\/www.welovecycling.com\/hu\/wp-json\/wp\/v2\/media?parent=15127"}],"wp:term":[{"taxonomy":"category","embeddable":true,"href":"https:\/\/www.welovecycling.com\/hu\/wp-json\/wp\/v2\/categories?post=15127"},{"taxonomy":"post_tag","embeddable":true,"href":"https:\/\/www.welovecycling.com\/hu\/wp-json\/wp\/v2\/tags?post=15127"},{"taxonomy":"global-categories","embeddable":true,"href":"https:\/\/www.welovecycling.com\/hu\/wp-json\/wp\/v2\/global-categories?post=15127"}],"curies":[{"name":"wp","href":"https:\/\/api.w.org\/{rel}","templated":true}]}}