{"id":15110,"date":"2022-06-03T08:00:26","date_gmt":"2022-06-03T06:00:26","guid":{"rendered":"https:\/\/www.welovecycling.com\/hu\/?p=15110"},"modified":"2022-05-27T15:20:05","modified_gmt":"2022-05-27T13:20:05","slug":"10-tipp-hogy-a-gyerekek-is-izgatottan-varjak-a-bicikliturat","status":"publish","type":"post","link":"https:\/\/www.welovecycling.com\/hu\/csalad\/10-tipp-hogy-a-gyerekek-is-izgatottan-varjak-a-bicikliturat\/","title":{"rendered":"10 tipp, hogy a gyerekek is izgatottan v\u00e1rj\u00e1k a biciklit\u00far\u00e1t"},"content":{"rendered":"<p><strong>Ha gyermekeid ker\u00e9kp\u00e1ros vak\u00e1ci\u00f3ra viszed, megtan\u00edthatod nekik a sport szeretet\u00e9t, \u00e9s egy eg\u00e9sz \u00e9letre megalapozhatod a bicikliz\u00e9s ir\u00e1nti viszonyukat. Ha pozit\u00edv \u00e9lm\u00e9nyeket \u00e9ltek \u00e1t, val\u00f3sz\u00edn\u0171leg a j\u00f6v\u0151ben is sz\u00edvesen mennek majd hasonl\u00f3 utakra. \u00c9rdemes id\u0151t \u00e9s n\u00e9mi p\u00e9nzt is \u00e1ldozni arra, hogy j\u00f3l \u00e9rezz\u00e9k magukat, \u00e9s remek csal\u00e1di eml\u00e9kk\u00e9nt \u00e9ljen benn\u00fck tov\u00e1bb a nyaral\u00e1s. Ehhez hoztunk n\u00e9h\u00e1ny tippet \u00e9s tr\u00fckk\u00f6t.<\/strong><\/p>\n<p><!--more--><\/p>\n<h2><strong>1. Tervezz el\u0151re!<\/strong><\/h2>\n<p>Ez val\u00f3sz\u00edn\u0171leg mag\u00e1t\u00f3l \u00e9rtet\u0151d\u0151, de vannak, akik szeretik a spont\u00e1n nyaral\u00e1sokat. De nem a gyerekek. Nekik kell valamennyi stukt\u00fara \u00e9s terv, illetve n\u00e9h\u00e1ny alternat\u00edv lehet\u0151s\u00e9g, melyek seg\u00edthetnek benne, hogy nyugodtak \u00e9s \u00e9rdekl\u0151d\u0151ek legyenek. Tervezd meg, milyen messzire fogtok eljutni, \u00e9s legyen B terved minden napra, ha valami\u00e9rt nem menne a bicikliz\u00e9s.<\/p>\n<h2><strong>2. Vondd be \u0151ket is a tervez\u00e9sbe!<\/strong><\/h2>\n<p>L\u00e9pj eggyel tov\u00e1bb, \u00e9s engedd, hogy a kicsik veled tervezz\u00e9k meg a nyaral\u00e1st! Mutass nekik f\u00e9nyk\u00e9peket \u00e9s mondd el a k\u00fcl\u00f6nb\u00f6z\u0151 lehet\u0151s\u00e9geket, hogy kiv\u00e1laszthass\u00e1k, amit a legink\u00e1bb \u00e9lvezni fognak. Ha k\u00f6z\u00f6sen terveztek, val\u00f3sz\u00edn\u0171leg jobban szeretn\u00e9k majd megval\u00f3s\u00edtani, amit kital\u00e1ltatok.<\/p>\n<h2><strong>3. Vagy ink\u00e1bb legyen meglepet\u00e9s?<\/strong><\/h2>\n<p>Ha tudod, hogy nagyon szeretnek biciklizni, \u00e9s izgatottak lesznek majd a h\u00edr hallat\u00e1n, lehet, jobb, ha v\u00e1rsz a bejelent\u00e9ssel. Ha az aut\u00f3ban vagy az utaz\u00e1s reggel\u00e9n mondod el nekik a tervet, akkor a legizgatottabb \u00e1llapotban \u00e9rkeztek majd meg \u00e9s m\u00e1ris belev\u00e1ghattok az els\u0151 kih\u00edv\u00e1sba!<\/p>\n<figure id=\"attachment_15111\" aria-describedby=\"caption-attachment-15111\" style=\"width: 1000px\" class=\"wp-caption alignnone\"><a href=\"https:\/\/d2p6e6u75xmxt8.cloudfront.net\/12\/2022\/05\/Family-cycling-profimedia-0690984099.jpg\"><img loading=\"lazy\" decoding=\"async\" class=\"wp-image-15111 size-full\" src=\"https:\/\/d2p6e6u75xmxt8.cloudfront.net\/12\/2022\/05\/Family-cycling-profimedia-0690984099.jpg\" alt=\"Family cycling\" width=\"1000\" height=\"666\" srcset=\"https:\/\/d2p6e6u75xmxt8.cloudfront.net\/12\/2022\/05\/Family-cycling-profimedia-0690984099.jpg 1000w, https:\/\/d2p6e6u75xmxt8.cloudfront.net\/12\/2022\/05\/Family-cycling-profimedia-0690984099-300x200.jpg 300w, https:\/\/d2p6e6u75xmxt8.cloudfront.net\/12\/2022\/05\/Family-cycling-profimedia-0690984099-768x511.jpg 768w, https:\/\/d2p6e6u75xmxt8.cloudfront.net\/12\/2022\/05\/Family-cycling-profimedia-0690984099-272x182.jpg 272w\" sizes=\"auto, (max-width: 1000px) 100vw, 1000px\" \/><\/a><figcaption id=\"caption-attachment-15111\" class=\"wp-caption-text\">Besz\u00e9ld meg az \u00fatvonalat a gyerekekkel. Mondj el nekik mindent az \u00fatic\u00e9lr\u00f3l, gy\u0171jts \u00e9rdekess\u00e9geket a helysz\u00ednekr\u0151l! \u00a9 Profimedia<\/figcaption><\/figure>\n<h2><strong>4. Vidd el \u0151ket v\u00e1s\u00e1rolni!<\/strong><\/h2>\n<p>A t\u00f6k\u00e9letes alkalom arra, hogy izgatott\u00e1 tedd a gyerekeket, ha veszel nekik p\u00e1r \u00faj dolgot. Vagy mag\u00e1t a ker\u00e9kp\u00e1rt! Persze, ha \u00e9pp nincs sz\u00fcks\u00e9ge a kicsiknek \u00faj j\u00e1rg\u00e1nyra, akkor a kieg\u00e9sz\u00edt\u0151k \u00e9s j\u00e1t\u00e9kok is megteszik, amiket a nyaral\u00e1s alatt haszn\u00e1lhatnak majd.<\/p>\n<h2><strong>5. Fedezd fel a k\u00f6rny\u00e9ket!<\/strong><\/h2>\n<p>Kutasd fel, milyen l\u00e9tes\u00edtm\u00e9nyek esnek majd \u00fatba, \u00edgy megtudod, hol fogtok tudni \u00e9telt \u00e9s italt beszerezni! Ez nagyon fontos a gyerekek sz\u00e1m\u00e1ra! Ha tudod, hogy egy kilom\u00e9ter m\u00falva lesz egy fagyiz\u00f3, remek\u00fcl motiv\u00e1lhatod \u0151ket az \u00e9dess\u00e9ggel.<\/p>\n<p>Alternat\u00edv megold\u00e1sk\u00e9nt meg\u00e1llhattok egy j\u00e1tsz\u00f3t\u00e9ren, ahol egy kicsit m\u00e1ssal is foglalkozhatnak, mint a bicikliz\u00e9s. Ezzel n\u00f6velheted a t\u0171r\u0151k\u00e9pess\u00e9g\u00fcket a nyeregben, hiszen nem egyszerre kell kib\u00edrniuk a hossz\u00fa utat.<\/p>\n<p>A legfontosabb azonban az, hogy tudd, hol vannak a nyilv\u00e1nos illemhelyek. B\u00e1r a gyerekekkel a term\u00e9szetben is megoldhat\u00f3ak az apr\u00f3-csepr\u0151 \u00fcgyek, j\u00f3 tudni, hogy a forgalmasabb helyeken van-e WC. Rajzold r\u00e1 ezeket a t\u00e9rk\u00e9pre, hogy \u0151k is l\u00e1ss\u00e1k, mennyit kell m\u00e9g menni\u00fck a k\u00f6vetkez\u0151ig!<\/p>\n<h2><strong>6. Id\u00e9zz fel egy kor\u00e1bbi nyaral\u00e1st!<\/strong><\/h2>\n<p>Volt\u00e1l m\u00e1r kor\u00e1bban bringat\u00far\u00e1n a gyerekekkel? Keress r\u00f3la fot\u00f3kat \u00e9s id\u00e9zz\u00e9tek fel az \u00e9lm\u00e9nyeket, a finom \u00e9teleket, amiket ettetek, a strandokat, ahol f\u00fcr\u00f6dtetek \u00e9s a fagyiz\u00f3kat is!<\/p>\n<h2><strong>7. Menjetek bar\u00e1tokkal!<\/strong><\/h2>\n<p>K\u00f6zel sem annyira n\u00e9lk\u00fcl\u00f6zhetetlen, mint az el\u0151z\u0151 pontok, de seg\u00edthet a motiv\u00e1ci\u00f3 fenntart\u00e1s\u00e1n. Ha hasonl\u00f3 kor\u00fa gyerekek is r\u00e9szt vesznek a kir\u00e1ndul\u00e1son, akkor val\u00f3sz\u00edn\u0171leg le akarj\u00e1k majd egym\u00e1st ny\u0171g\u00f6zni, \u00e9s kialakul \u00e9s eg\u00e9szs\u00e9ges versenyhelyzet. \u00cdgy jobban b\u00edrj\u00e1k majd, mintha csak a csal\u00e1d lenne ott. \u00c9s ha megtanulj\u00e1k b\u00e1tor\u00edtani egym\u00e1st, az egy eg\u00e9sz \u00e9letre sz\u00f3l\u00f3 k\u00e9pess\u00e9g!<\/p>\n<h2><strong>8. Seg\u00edtsenek csomagolni!<\/strong><\/h2>\n<p>Lehet, hogy az a t\u00edpus vagy, aki mindent gondosan elpakol, lehet, hogy az, aki csak egy v\u00e1lt\u00f3p\u00f3l\u00f3t dob be. A gyerekeknek azonban sz\u00fcks\u00e9g\u00fck lesz p\u00e1r dologra, sz\u00f3val pakolni \u00edgy is, \u00fagy is kell. Ha a kicsik is seg\u00edtenek, felk\u00e9sz\u00fcltebbnek \u00e9rzik majd magukat, \u00e9s m\u00e9g j\u00f3 k\u00f6z\u00f6s program is.<\/p>\n<h2><strong>9. K\u00e9sz\u00edtsetek albumot!<\/strong><\/h2>\n<p>Dokument\u00e1ld a nyaral\u00e1st az els\u0151 perct\u0151l fogva, \u00e9s tartsd meg a jegyeket \u00e9s bel\u00e9p\u0151ket! Ragassz\u00e1tok be egy albumba a k\u00e9peket, hagyd, hogy a gyerekek sz\u00ednezzenek \u00e9s rajzoljanak a lapokra! A haza\u00faton, vagy k\u00e9t meg\u00e1ll\u00f3 k\u00f6z\u00f6tti aut\u00f3z\u00e1s k\u00f6zben remek\u00fcl lefoglalja majd \u0151ket a kreat\u00edvkod\u00e1s, \u00e9s seg\u00edt elrakt\u00e1rozni a j\u00f3 eml\u00e9keket, ha \u00fajra felid\u00e9zitek azokat.<\/p>\n<h2><strong>10. Ne agg\u00f3dj, ha nem siker\u00fcl!<\/strong><\/h2>\n<p>V\u00e9g\u00fcl pedig, ne sz\u00e1m\u00edts r\u00e1, hogy izgatottak lesznek egy bring\u00e1s nyaral\u00e1s miatt. Csak az\u00e9rt mert neked ez a szenved\u00e9lyed, m\u00e9g nem biztos, hogy az \u00f6v\u00e9k is. Term\u00e9szetesen j\u00f3 dolog megosztani a hobbinkat a kicsikkel, de nem szabad er\u0151ltetni! Figyelj r\u00e1juk, \u00e9s annyit tekerjetek, amennyit b\u00edrnak. Tal\u00e1n k\u00e9s\u0151bb nekik is a sz\u00edv\u00fckh\u00f6z n\u0151 a bring\u00e1juk!<\/p>\n","protected":false},"excerpt":{"rendered":"<p>Ha gyermekeid ker\u00e9kp\u00e1ros vak\u00e1ci\u00f3ra viszed, megtan\u00edthatod nekik a sport szeretet\u00e9t, \u00e9s egy eg\u00e9sz \u00e9letre megalapozhatod a bicikliz\u00e9s ir\u00e1nti viszonyukat. Ha [&hellip;]<\/p>\n","protected":false},"author":71,"featured_media":15113,"comment_status":"open","ping_status":"open","sticky":false,"template":"","format":"standard","meta":{"footnotes":""},"categories":[11],"tags":[],"global-categories":[],"class_list":["post-15110","post","type-post","status-publish","format-standard","has-post-thumbnail","hentry","category-csalad"],"yoast_head":"<!-- This site is optimized with the Yoast SEO Premium plugin v25.3 (Yoast SEO v25.9) - https:\/\/yoast.com\/wordpress\/plugins\/seo\/ -->\n<title>10 tipp, hogy a gyerekek is izgatottan v\u00e1rj\u00e1k a biciklit\u00far\u00e1t<\/title>\n<meta name=\"description\" content=\"Ha gyermekeid ker\u00e9kp\u00e1ros vak\u00e1ci\u00f3ra viszed, megtan\u00edthatod nekik a sport szeretet\u00e9t, \u00e9s egy eg\u00e9sz \u00e9letre megalapozhatod a bicikliz\u00e9s ir\u00e1nti viszonyukat. Ha pozit\u00edv \u00e9lm\u00e9nyeket \u00e9ltek \u00e1t, val\u00f3sz\u00edn\u0171leg a j\u00f6v\u0151ben is sz\u00edvesen mennek majd hasonl\u00f3 utakra. \u00c9rdemes id\u0151t \u00e9s n\u00e9mi p\u00e9nzt is \u00e1ldozni arra, hogy j\u00f3l \u00e9rezz\u00e9k magukat, \u00e9s remek csal\u00e1di eml\u00e9kk\u00e9nt \u00e9ljen benn\u00fck tov\u00e1bb a nyaral\u00e1s. Ehhez hoztunk n\u00e9h\u00e1ny tippet \u00e9s tr\u00fckk\u00f6t.\" \/>\n<meta name=\"robots\" content=\"index, follow, max-snippet:-1, max-image-preview:large, max-video-preview:-1\" \/>\n<link rel=\"canonical\" href=\"https:\/\/www.welovecycling.com\/hu\/csalad\/10-tipp-hogy-a-gyerekek-is-izgatottan-varjak-a-bicikliturat\/\" \/>\n<meta property=\"og:locale\" content=\"hu_HU\" \/>\n<meta property=\"og:type\" content=\"article\" \/>\n<meta property=\"og:title\" content=\"10 tipp, hogy a gyerekek is izgatottan v\u00e1rj\u00e1k a biciklit\u00far\u00e1t\" \/>\n<meta property=\"og:description\" content=\"Ha gyermekeid ker\u00e9kp\u00e1ros vak\u00e1ci\u00f3ra viszed, megtan\u00edthatod nekik a sport szeretet\u00e9t, \u00e9s egy eg\u00e9sz \u00e9letre megalapozhatod a bicikliz\u00e9s ir\u00e1nti viszonyukat. Ha pozit\u00edv \u00e9lm\u00e9nyeket \u00e9ltek \u00e1t, val\u00f3sz\u00edn\u0171leg a j\u00f6v\u0151ben is sz\u00edvesen mennek majd hasonl\u00f3 utakra. \u00c9rdemes id\u0151t \u00e9s n\u00e9mi p\u00e9nzt is \u00e1ldozni arra, hogy j\u00f3l \u00e9rezz\u00e9k magukat, \u00e9s remek csal\u00e1di eml\u00e9kk\u00e9nt \u00e9ljen benn\u00fck tov\u00e1bb a nyaral\u00e1s. Ehhez hoztunk n\u00e9h\u00e1ny tippet \u00e9s tr\u00fckk\u00f6t.\" \/>\n<meta property=\"og:url\" content=\"https:\/\/www.welovecycling.com\/hu\/csalad\/10-tipp-hogy-a-gyerekek-is-izgatottan-varjak-a-bicikliturat\/\" \/>\n<meta property=\"og:site_name\" content=\"\u0160koda We Love Cycling - Magyarorsz\u00e1g\" \/>\n<meta property=\"article:publisher\" content=\"https:\/\/www.facebook.com\/WeLoveCyclingHungary\/\" \/>\n<meta property=\"article:published_time\" content=\"2022-06-03T06:00:26+00:00\" \/>\n<meta property=\"og:image\" content=\"https:\/\/d2p6e6u75xmxt8.cloudfront.net\/12\/2022\/05\/Family-Cycling-Vacation-profimedia-0691197114-CVR.jpg\" \/>\n\t<meta property=\"og:image:width\" content=\"990\" \/>\n\t<meta property=\"og:image:height\" content=\"660\" \/>\n\t<meta property=\"og:image:type\" content=\"image\/jpeg\" \/>\n<meta name=\"author\" content=\"hegyizs\" \/>\n<meta name=\"twitter:card\" content=\"summary_large_image\" \/>\n<meta name=\"twitter:label1\" content=\"Written by\" \/>\n\t<meta name=\"twitter:data1\" content=\"Charlotte Murray\" \/>\n\t<meta name=\"twitter:label2\" content=\"Est. reading time\" \/>\n\t<meta name=\"twitter:data2\" content=\"6\" \/>\n<script type=\"application\/ld+json\" class=\"yoast-schema-graph\">{\"@context\":\"https:\/\/schema.org\",\"@graph\":[{\"@type\":\"WebPage\",\"@id\":\"https:\/\/www.welovecycling.com\/hu\/csalad\/10-tipp-hogy-a-gyerekek-is-izgatottan-varjak-a-bicikliturat\/\",\"url\":\"https:\/\/www.welovecycling.com\/hu\/csalad\/10-tipp-hogy-a-gyerekek-is-izgatottan-varjak-a-bicikliturat\/\",\"name\":\"10 tipp, hogy a gyerekek is izgatottan v\u00e1rj\u00e1k a biciklit\u00far\u00e1t\",\"isPartOf\":{\"@id\":\"https:\/\/www.welovecycling.com\/hu\/#website\"},\"primaryImageOfPage\":{\"@id\":\"https:\/\/www.welovecycling.com\/hu\/csalad\/10-tipp-hogy-a-gyerekek-is-izgatottan-varjak-a-bicikliturat\/#primaryimage\"},\"image\":{\"@id\":\"https:\/\/www.welovecycling.com\/hu\/csalad\/10-tipp-hogy-a-gyerekek-is-izgatottan-varjak-a-bicikliturat\/#primaryimage\"},\"thumbnailUrl\":\"https:\/\/d2p6e6u75xmxt8.cloudfront.net\/12\/2022\/05\/Family-Cycling-Vacation-profimedia-0691197114-CVR.jpg\",\"datePublished\":\"2022-06-03T06:00:26+00:00\",\"author\":{\"@id\":\"https:\/\/www.welovecycling.com\/hu\/#\/schema\/person\/414a2aebf1801691a5320edb6468e194\"},\"description\":\"Ha gyermekeid ker\u00e9kp\u00e1ros vak\u00e1ci\u00f3ra viszed, megtan\u00edthatod nekik a sport szeretet\u00e9t, \u00e9s egy eg\u00e9sz \u00e9letre megalapozhatod a bicikliz\u00e9s ir\u00e1nti viszonyukat. Ha pozit\u00edv \u00e9lm\u00e9nyeket \u00e9ltek \u00e1t, val\u00f3sz\u00edn\u0171leg a j\u00f6v\u0151ben is sz\u00edvesen mennek majd hasonl\u00f3 utakra. \u00c9rdemes id\u0151t \u00e9s n\u00e9mi p\u00e9nzt is \u00e1ldozni arra, hogy j\u00f3l \u00e9rezz\u00e9k magukat, \u00e9s remek csal\u00e1di eml\u00e9kk\u00e9nt \u00e9ljen benn\u00fck tov\u00e1bb a nyaral\u00e1s. Ehhez hoztunk n\u00e9h\u00e1ny tippet \u00e9s tr\u00fckk\u00f6t.\",\"breadcrumb\":{\"@id\":\"https:\/\/www.welovecycling.com\/hu\/csalad\/10-tipp-hogy-a-gyerekek-is-izgatottan-varjak-a-bicikliturat\/#breadcrumb\"},\"inLanguage\":\"hu\",\"potentialAction\":[{\"@type\":\"ReadAction\",\"target\":[\"https:\/\/www.welovecycling.com\/hu\/csalad\/10-tipp-hogy-a-gyerekek-is-izgatottan-varjak-a-bicikliturat\/\"]}]},{\"@type\":\"ImageObject\",\"inLanguage\":\"hu\",\"@id\":\"https:\/\/www.welovecycling.com\/hu\/csalad\/10-tipp-hogy-a-gyerekek-is-izgatottan-varjak-a-bicikliturat\/#primaryimage\",\"url\":\"https:\/\/d2p6e6u75xmxt8.cloudfront.net\/12\/2022\/05\/Family-Cycling-Vacation-profimedia-0691197114-CVR.jpg\",\"contentUrl\":\"https:\/\/d2p6e6u75xmxt8.cloudfront.net\/12\/2022\/05\/Family-Cycling-Vacation-profimedia-0691197114-CVR.jpg\",\"width\":990,\"height\":660,\"caption\":\"Family Cycling\"},{\"@type\":\"BreadcrumbList\",\"@id\":\"https:\/\/www.welovecycling.com\/hu\/csalad\/10-tipp-hogy-a-gyerekek-is-izgatottan-varjak-a-bicikliturat\/#breadcrumb\",\"itemListElement\":[{\"@type\":\"ListItem\",\"position\":1,\"name\":\"Home\",\"item\":\"https:\/\/www.welovecycling.com\/hu\/\"},{\"@type\":\"ListItem\",\"position\":2,\"name\":\"10 tipp, hogy a gyerekek is izgatottan v\u00e1rj\u00e1k a biciklit\u00far\u00e1t\"}]},{\"@type\":\"WebSite\",\"@id\":\"https:\/\/www.welovecycling.com\/hu\/#website\",\"url\":\"https:\/\/www.welovecycling.com\/hu\/\",\"name\":\"\u0160koda We Love Cycling - Magyarorsz\u00e1g\",\"description\":\"\u0160koda WeLoveCycling\",\"potentialAction\":[{\"@type\":\"SearchAction\",\"target\":{\"@type\":\"EntryPoint\",\"urlTemplate\":\"https:\/\/www.welovecycling.com\/hu\/?s={search_term_string}\"},\"query-input\":{\"@type\":\"PropertyValueSpecification\",\"valueRequired\":true,\"valueName\":\"search_term_string\"}}],\"inLanguage\":\"hu\"},{\"@type\":\"Person\",\"@id\":\"https:\/\/www.welovecycling.com\/hu\/#\/schema\/person\/414a2aebf1801691a5320edb6468e194\",\"name\":\"hegyizs\",\"image\":{\"@type\":\"ImageObject\",\"inLanguage\":\"hu\",\"@id\":\"https:\/\/www.welovecycling.com\/hu\/#\/schema\/person\/image\/\",\"url\":\"https:\/\/secure.gravatar.com\/avatar\/02cf8a7906b8cf90cecb4679defac7cfd33a1c2e3b88e4903d947f3bb58eedd3?s=96&d=mm&r=g\",\"contentUrl\":\"https:\/\/secure.gravatar.com\/avatar\/02cf8a7906b8cf90cecb4679defac7cfd33a1c2e3b88e4903d947f3bb58eedd3?s=96&d=mm&r=g\",\"caption\":\"hegyizs\"},\"url\":\"https:\/\/www.welovecycling.com\/hu\/author\/hegyizs\/\"}]}<\/script>\n<!-- \/ Yoast SEO Premium plugin. -->","yoast_head_json":{"title":"10 tipp, hogy a gyerekek is izgatottan v\u00e1rj\u00e1k a biciklit\u00far\u00e1t","description":"Ha gyermekeid ker\u00e9kp\u00e1ros vak\u00e1ci\u00f3ra viszed, megtan\u00edthatod nekik a sport szeretet\u00e9t, \u00e9s egy eg\u00e9sz \u00e9letre megalapozhatod a bicikliz\u00e9s ir\u00e1nti viszonyukat. Ha pozit\u00edv \u00e9lm\u00e9nyeket \u00e9ltek \u00e1t, val\u00f3sz\u00edn\u0171leg a j\u00f6v\u0151ben is sz\u00edvesen mennek majd hasonl\u00f3 utakra. \u00c9rdemes id\u0151t \u00e9s n\u00e9mi p\u00e9nzt is \u00e1ldozni arra, hogy j\u00f3l \u00e9rezz\u00e9k magukat, \u00e9s remek csal\u00e1di eml\u00e9kk\u00e9nt \u00e9ljen benn\u00fck tov\u00e1bb a nyaral\u00e1s. Ehhez hoztunk n\u00e9h\u00e1ny tippet \u00e9s tr\u00fckk\u00f6t.","robots":{"index":"index","follow":"follow","max-snippet":"max-snippet:-1","max-image-preview":"max-image-preview:large","max-video-preview":"max-video-preview:-1"},"canonical":"https:\/\/www.welovecycling.com\/hu\/csalad\/10-tipp-hogy-a-gyerekek-is-izgatottan-varjak-a-bicikliturat\/","og_locale":"hu_HU","og_type":"article","og_title":"10 tipp, hogy a gyerekek is izgatottan v\u00e1rj\u00e1k a biciklit\u00far\u00e1t","og_description":"Ha gyermekeid ker\u00e9kp\u00e1ros vak\u00e1ci\u00f3ra viszed, megtan\u00edthatod nekik a sport szeretet\u00e9t, \u00e9s egy eg\u00e9sz \u00e9letre megalapozhatod a bicikliz\u00e9s ir\u00e1nti viszonyukat. Ha pozit\u00edv \u00e9lm\u00e9nyeket \u00e9ltek \u00e1t, val\u00f3sz\u00edn\u0171leg a j\u00f6v\u0151ben is sz\u00edvesen mennek majd hasonl\u00f3 utakra. \u00c9rdemes id\u0151t \u00e9s n\u00e9mi p\u00e9nzt is \u00e1ldozni arra, hogy j\u00f3l \u00e9rezz\u00e9k magukat, \u00e9s remek csal\u00e1di eml\u00e9kk\u00e9nt \u00e9ljen benn\u00fck tov\u00e1bb a nyaral\u00e1s. Ehhez hoztunk n\u00e9h\u00e1ny tippet \u00e9s tr\u00fckk\u00f6t.","og_url":"https:\/\/www.welovecycling.com\/hu\/csalad\/10-tipp-hogy-a-gyerekek-is-izgatottan-varjak-a-bicikliturat\/","og_site_name":"\u0160koda We Love Cycling - Magyarorsz\u00e1g","article_publisher":"https:\/\/www.facebook.com\/WeLoveCyclingHungary\/","article_published_time":"2022-06-03T06:00:26+00:00","og_image":[{"width":990,"height":660,"url":"https:\/\/d2p6e6u75xmxt8.cloudfront.net\/12\/2022\/05\/Family-Cycling-Vacation-profimedia-0691197114-CVR.jpg","type":"image\/jpeg"}],"author":"hegyizs","twitter_card":"summary_large_image","twitter_misc":{"Written by":"Charlotte Murray","Est. reading time":"6"},"schema":{"@context":"https:\/\/schema.org","@graph":[{"@type":"WebPage","@id":"https:\/\/www.welovecycling.com\/hu\/csalad\/10-tipp-hogy-a-gyerekek-is-izgatottan-varjak-a-bicikliturat\/","url":"https:\/\/www.welovecycling.com\/hu\/csalad\/10-tipp-hogy-a-gyerekek-is-izgatottan-varjak-a-bicikliturat\/","name":"10 tipp, hogy a gyerekek is izgatottan v\u00e1rj\u00e1k a biciklit\u00far\u00e1t","isPartOf":{"@id":"https:\/\/www.welovecycling.com\/hu\/#website"},"primaryImageOfPage":{"@id":"https:\/\/www.welovecycling.com\/hu\/csalad\/10-tipp-hogy-a-gyerekek-is-izgatottan-varjak-a-bicikliturat\/#primaryimage"},"image":{"@id":"https:\/\/www.welovecycling.com\/hu\/csalad\/10-tipp-hogy-a-gyerekek-is-izgatottan-varjak-a-bicikliturat\/#primaryimage"},"thumbnailUrl":"https:\/\/d2p6e6u75xmxt8.cloudfront.net\/12\/2022\/05\/Family-Cycling-Vacation-profimedia-0691197114-CVR.jpg","datePublished":"2022-06-03T06:00:26+00:00","author":{"@id":"https:\/\/www.welovecycling.com\/hu\/#\/schema\/person\/414a2aebf1801691a5320edb6468e194"},"description":"Ha gyermekeid ker\u00e9kp\u00e1ros vak\u00e1ci\u00f3ra viszed, megtan\u00edthatod nekik a sport szeretet\u00e9t, \u00e9s egy eg\u00e9sz \u00e9letre megalapozhatod a bicikliz\u00e9s ir\u00e1nti viszonyukat. Ha pozit\u00edv \u00e9lm\u00e9nyeket \u00e9ltek \u00e1t, val\u00f3sz\u00edn\u0171leg a j\u00f6v\u0151ben is sz\u00edvesen mennek majd hasonl\u00f3 utakra. \u00c9rdemes id\u0151t \u00e9s n\u00e9mi p\u00e9nzt is \u00e1ldozni arra, hogy j\u00f3l \u00e9rezz\u00e9k magukat, \u00e9s remek csal\u00e1di eml\u00e9kk\u00e9nt \u00e9ljen benn\u00fck tov\u00e1bb a nyaral\u00e1s. Ehhez hoztunk n\u00e9h\u00e1ny tippet \u00e9s tr\u00fckk\u00f6t.","breadcrumb":{"@id":"https:\/\/www.welovecycling.com\/hu\/csalad\/10-tipp-hogy-a-gyerekek-is-izgatottan-varjak-a-bicikliturat\/#breadcrumb"},"inLanguage":"hu","potentialAction":[{"@type":"ReadAction","target":["https:\/\/www.welovecycling.com\/hu\/csalad\/10-tipp-hogy-a-gyerekek-is-izgatottan-varjak-a-bicikliturat\/"]}]},{"@type":"ImageObject","inLanguage":"hu","@id":"https:\/\/www.welovecycling.com\/hu\/csalad\/10-tipp-hogy-a-gyerekek-is-izgatottan-varjak-a-bicikliturat\/#primaryimage","url":"https:\/\/d2p6e6u75xmxt8.cloudfront.net\/12\/2022\/05\/Family-Cycling-Vacation-profimedia-0691197114-CVR.jpg","contentUrl":"https:\/\/d2p6e6u75xmxt8.cloudfront.net\/12\/2022\/05\/Family-Cycling-Vacation-profimedia-0691197114-CVR.jpg","width":990,"height":660,"caption":"Family Cycling"},{"@type":"BreadcrumbList","@id":"https:\/\/www.welovecycling.com\/hu\/csalad\/10-tipp-hogy-a-gyerekek-is-izgatottan-varjak-a-bicikliturat\/#breadcrumb","itemListElement":[{"@type":"ListItem","position":1,"name":"Home","item":"https:\/\/www.welovecycling.com\/hu\/"},{"@type":"ListItem","position":2,"name":"10 tipp, hogy a gyerekek is izgatottan v\u00e1rj\u00e1k a biciklit\u00far\u00e1t"}]},{"@type":"WebSite","@id":"https:\/\/www.welovecycling.com\/hu\/#website","url":"https:\/\/www.welovecycling.com\/hu\/","name":"\u0160koda We Love Cycling - Magyarorsz\u00e1g","description":"\u0160koda WeLoveCycling","potentialAction":[{"@type":"SearchAction","target":{"@type":"EntryPoint","urlTemplate":"https:\/\/www.welovecycling.com\/hu\/?s={search_term_string}"},"query-input":{"@type":"PropertyValueSpecification","valueRequired":true,"valueName":"search_term_string"}}],"inLanguage":"hu"},{"@type":"Person","@id":"https:\/\/www.welovecycling.com\/hu\/#\/schema\/person\/414a2aebf1801691a5320edb6468e194","name":"hegyizs","image":{"@type":"ImageObject","inLanguage":"hu","@id":"https:\/\/www.welovecycling.com\/hu\/#\/schema\/person\/image\/","url":"https:\/\/secure.gravatar.com\/avatar\/02cf8a7906b8cf90cecb4679defac7cfd33a1c2e3b88e4903d947f3bb58eedd3?s=96&d=mm&r=g","contentUrl":"https:\/\/secure.gravatar.com\/avatar\/02cf8a7906b8cf90cecb4679defac7cfd33a1c2e3b88e4903d947f3bb58eedd3?s=96&d=mm&r=g","caption":"hegyizs"},"url":"https:\/\/www.welovecycling.com\/hu\/author\/hegyizs\/"}]}},"_links":{"self":[{"href":"https:\/\/www.welovecycling.com\/hu\/wp-json\/wp\/v2\/posts\/15110","targetHints":{"allow":["GET"]}}],"collection":[{"href":"https:\/\/www.welovecycling.com\/hu\/wp-json\/wp\/v2\/posts"}],"about":[{"href":"https:\/\/www.welovecycling.com\/hu\/wp-json\/wp\/v2\/types\/post"}],"author":[{"embeddable":true,"href":"https:\/\/www.welovecycling.com\/hu\/wp-json\/wp\/v2\/users\/71"}],"replies":[{"embeddable":true,"href":"https:\/\/www.welovecycling.com\/hu\/wp-json\/wp\/v2\/comments?post=15110"}],"version-history":[{"count":2,"href":"https:\/\/www.welovecycling.com\/hu\/wp-json\/wp\/v2\/posts\/15110\/revisions"}],"predecessor-version":[{"id":15119,"href":"https:\/\/www.welovecycling.com\/hu\/wp-json\/wp\/v2\/posts\/15110\/revisions\/15119"}],"wp:featuredmedia":[{"embeddable":true,"href":"https:\/\/www.welovecycling.com\/hu\/wp-json\/wp\/v2\/media\/15113"}],"wp:attachment":[{"href":"https:\/\/www.welovecycling.com\/hu\/wp-json\/wp\/v2\/media?parent=15110"}],"wp:term":[{"taxonomy":"category","embeddable":true,"href":"https:\/\/www.welovecycling.com\/hu\/wp-json\/wp\/v2\/categories?post=15110"},{"taxonomy":"post_tag","embeddable":true,"href":"https:\/\/www.welovecycling.com\/hu\/wp-json\/wp\/v2\/tags?post=15110"},{"taxonomy":"global-categories","embeddable":true,"href":"https:\/\/www.welovecycling.com\/hu\/wp-json\/wp\/v2\/global-categories?post=15110"}],"curies":[{"name":"wp","href":"https:\/\/api.w.org\/{rel}","templated":true}]}}