{"id":15106,"date":"2022-06-02T08:00:38","date_gmt":"2022-06-02T06:00:38","guid":{"rendered":"https:\/\/www.welovecycling.com\/hu\/?p=15106"},"modified":"2022-05-27T15:19:20","modified_gmt":"2022-05-27T13:19:20","slug":"10-szabaly-a-biztonsagos-hatekony-stresszmentes-biciklisav-hasznalatert","status":"publish","type":"post","link":"https:\/\/www.welovecycling.com\/hu\/varosi-kerekparozas\/10-szabaly-a-biztonsagos-hatekony-stresszmentes-biciklisav-hasznalatert\/","title":{"rendered":"10 szab\u00e1ly a biztons\u00e1gos, hat\u00e9kony, stresszmentes biciklis\u00e1v haszn\u00e1lat\u00e9rt"},"content":{"rendered":"<p><strong>A pand\u00e9mia \u00e9s a n\u00f6vekv\u0151 k\u00f6rnyezetbar\u00e1t k\u00f6zleked\u00e9si alternat\u00edv\u00e1k ir\u00e1nti ig\u00e9ny hat\u00e1s\u00e1ra a v\u00e1rosok vil\u00e1gszerte jelent\u0151s er\u0151forr\u00e1sokat fektettek a ker\u00e9kp\u00e1ros infrastrukt\u00fara fejleszt\u00e9s\u00e9be. A d\u00f6nt\u00e9shoz\u00f3k egyre t\u00f6bb bicikliutat hagynak j\u00f3v\u00e1, hogy biztos\u00edts\u00e1k a megn\u00f6vekedett kerekesek biztons\u00e1gos k\u00f6zleked\u00e9s\u00e9t.<\/strong><\/p>\n<p><!--more--><\/p>\n<p>\u00cdgy teh\u00e1t egyre nagyobb es\u00e9llyel \u00e9lsz te is olyan helyen, ahol megoldott a biztons\u00e1gos \u00e9s eg\u00e9szs\u00e9ges k\u00f6zleked\u00e9s, ami fantasztikus h\u00edr! Ez viszont azt is jelenti, hogy meg kell ismerkedned a ker\u00e9kp\u00e1rs\u00e1vokkal \u00e9s \u2013utakkal. A helyes halad\u00e1st\u00f3l a megfelel\u0151 sebess\u00e9gen \u00e1t az \u00e1ltal\u00e1nos szab\u00e1lyokig, melyek seg\u00edtenek a legt\u00f6bbet kihozni a v\u00e1rosi k\u00f6zleked\u00e9sb\u0151l.<\/p>\n<figure id=\"attachment_15107\" aria-describedby=\"caption-attachment-15107\" style=\"width: 1250px\" class=\"wp-caption alignnone\"><a href=\"https:\/\/d2p6e6u75xmxt8.cloudfront.net\/12\/2022\/05\/Bike-lane-profimedia-0566829872.jpg\"><img loading=\"lazy\" decoding=\"async\" class=\"size-full wp-image-15107\" src=\"https:\/\/d2p6e6u75xmxt8.cloudfront.net\/12\/2022\/05\/Bike-lane-profimedia-0566829872.jpg\" alt=\"London Bike Lane\" width=\"1250\" height=\"833\" srcset=\"https:\/\/d2p6e6u75xmxt8.cloudfront.net\/12\/2022\/05\/Bike-lane-profimedia-0566829872.jpg 1250w, https:\/\/d2p6e6u75xmxt8.cloudfront.net\/12\/2022\/05\/Bike-lane-profimedia-0566829872-300x200.jpg 300w, https:\/\/d2p6e6u75xmxt8.cloudfront.net\/12\/2022\/05\/Bike-lane-profimedia-0566829872-1024x682.jpg 1024w, https:\/\/d2p6e6u75xmxt8.cloudfront.net\/12\/2022\/05\/Bike-lane-profimedia-0566829872-768x512.jpg 768w, https:\/\/d2p6e6u75xmxt8.cloudfront.net\/12\/2022\/05\/Bike-lane-profimedia-0566829872-272x182.jpg 272w\" sizes=\"auto, (max-width: 1250px) 100vw, 1250px\" \/><\/a><figcaption id=\"caption-attachment-15107\" class=\"wp-caption-text\"><em>Legyen sz\u00f3 aut\u00f3\u00faton kijel\u00f6lt ker\u00e9kp\u00e1rs\u00e1vokr\u00f3l, v\u00e9dett, elk\u00fcl\u00f6n\u00edtett utakr\u00f3l vagy m\u00e1s megold\u00e1sr\u00f3l, sz\u00e1mos \u00edrt \u00e9s \u00edratlan szab\u00e1lyt kell szem el\u0151tt tartanod, ha \u00e9lvezni akarod a v\u00e1rosi bicikliz\u00e9st. \u00a9 Profimedia<\/em><\/figcaption><\/figure>\n<h2><strong>1. Lankadatlan \u00e9bers\u00e9g<\/strong><\/h2>\n<p>Egy t\u00f6k\u00e9letes vil\u00e1gban mindenki elolvasta \u00e9s megjegyezte ezt a list\u00e1t, \u00e9s nincs mi\u00e9rt agg\u00f3dnunk. A vil\u00e1g azonban nem t\u00f6k\u00e9letes. Nem felt\u00e9telezheted, hogy minden m\u00e1s ker\u00e9kp\u00e1ros \u00e9s gyalogos betart minden szab\u00e1lyt, m\u00e9g v\u00e9dett ker\u00e9kp\u00e1rs\u00e1vban is potenci\u00e1lis vesz\u00e9lyforr\u00e1sk\u00e9nt kell tekintened az \u00fathaszn\u00e1l\u00f3kra. Mindig legy\u00e9l f\u00e9kk\u00e9szenl\u00e9tben, ha azt l\u00e1tod, egy gyerek vagy egy kutya k\u00f6zel futk\u00e1rozik a s\u00e1vodhoz!<\/p>\n<h2><strong>2. Egyenletes \u00e9s \u00e9sszer\u0171 temp\u00f3<\/strong><\/h2>\n<p>Hacsak nem te vagy az egyetlen ember az \u00faton, ne a v\u00e1rosban pr\u00f3b\u00e1lj sebess\u00e9grekordot d\u00f6nteni! Sokf\u00e9le ker\u00e9kp\u00e1ros teker a v\u00e1rosban, \u00e9s fontos, hogy mindenki biztons\u00e1gban \u00e9rezze mag\u00e1t. Nem ez a legjobb hely megmutatni, mit tudsz! Ha pedig kezdesz f\u00e1radni, vagy nem vagy biztos benne, hogy fel tudsz menni a k\u00f6vetkez\u0151 emelked\u0151re, \u00e1llj f\u00e9lre \u00e9s told a j\u00e1rd\u00e1n a bring\u00e1d! Pr\u00f3b\u00e1ld meg tartani a forgalom temp\u00f3j\u00e1t, \u00e9s nem lesz baj.<\/p>\n<h2><strong>3. Gy\u0151z\u0151dj meg r\u00f3la, hogy bring\u00e1d j\u00f3 \u00e1llapotban van!<\/strong><\/h2>\n<p>Ahogy nem vezetn\u00e9l olyan aut\u00f3t, aminek mechanikai probl\u00e9m\u00e1i vannak, \u00fagy a biciklidr\u0151l is k\u00f6teles vagy tudni, hogy alkalmas k\u00f6zleked\u00e9sre, miel\u0151tt r\u00e1\u00fclsz. Ha hib\u00e1s f\u00e9kkel, rossz \u00e1llapot\u00fa gumikkal vagy v\u00e1lt\u00f3karral indulsz \u00fatnak, azzal vesz\u00e9lybe sodrod magadat \u00e9s a k\u00f6r\u00fcl\u00f6tted l\u00e9v\u0151ket is.<\/p>\n<h2><strong>4. Buk\u00f3sisak mindenki boldogs\u00e1g\u00e1\u00e9rt<\/strong><\/h2>\n<p>Elmondjuk \u00fajra \u00e9s \u00fajra, ha kell sz\u00e1zszor is, hogy kell a buk\u00f3sisak! Statisztikailag biztons\u00e1gosabbak a ker\u00e9kp\u00e1rs\u00e1vok, mint a ny\u00edlt aut\u00f3utak, \u00e9pp ez\u00e9rt szeretj\u00fck \u0151ket, ennek ellen\u00e9re itt is t\u00f6rt\u00e9nhetnek balesetek. Fontos a biztons\u00e1g!<\/p>\n<h2><strong>5. Legy\u00e9l j\u00f3l l\u00e1that\u00f3!<\/strong><\/h2>\n<p>A biztons\u00e1gosan r\u00f6gz\u00edtett sisak mellett j\u00f3l l\u00e1that\u00f3 ruh\u00e1zatra is sz\u00fcks\u00e9ged lesz, a l\u00e1mp\u00e1kr\u00f3l nem is besz\u00e9lve. Ha hajnalban vagy sz\u00fcrk\u00fcletben k\u00f6zlekedsz, elengedhetetlen <a href=\"https:\/\/www.welovecycling.com\/hu\/biztonsag\/4-hasznos-kutyu-ami-vigyaz-rad-ha-sotetben-indulsz-utnak\/\">a j\u00f3 l\u00e1that\u00f3s\u00e1g<\/a>!<\/p>\n<h2><strong>6. Soha ne akad\u00e1lyozd a forgalmat!<\/strong><\/h2>\n<p>Ha hirtelen fel kell venned a telefont, k\u00e9sz\u00edteni akarsz egy fot\u00f3t vagy m\u00e1s okb\u00f3l kisz\u00e1llsz a nyeregb\u0151l \u2013 h\u00faz\u00f3dj le, sz\u00e1llj le \u00e9s menj fel a j\u00e1rd\u00e1ra! \u00cdgy lehet folyamatos a forgalom, \u00e9s biztons\u00e1gban mindenki, aki m\u00f6g\u00f6tted halad.<\/p>\n<h2><strong>7. El\u0151zz helyesen!<\/strong><\/h2>\n<p>Ha tudod, hogyan kell aut\u00f3val, akkor biciklivel is ezt a logik\u00e1t k\u00f6vesd. Ha lassabban haladsz, tarts jobbra. Ha m\u00e1sik ker\u00e9kp\u00e1rost el\u0151z\u00f6l, bal oldalr\u00f3l tedd. Miel\u0151tt azonban elinduln\u00e1l, ellen\u0151rizd, hogy senki nem j\u00f6n veled szemben, vagy szorosan m\u00f6g\u00f6tted. Miut\u00e1n megel\u0151zted, menj vissza a jobb sz\u00e9lre!<\/p>\n<h2><strong>8. K\u00f6vesd ugyanazokat a k\u00f6zleked\u00e9si szab\u00e1lyokat, mint m\u00e1skor<\/strong><\/h2>\n<p>Az el\u0151z\u00e9si protokoll mellett az \u00f6sszes t\u00f6bbi KRESZ-szab\u00e1ly is vonatkozik r\u00e1d! Ker\u00e9kp\u00e1r\u00faton is be kell tartanod a l\u00e1mp\u00e1kat, a k\u00f6zleked\u00e9si t\u00e1bl\u00e1kat \u00e9s a gyalogosok els\u0151bbs\u00e9g\u00e9t. Kanyarodni a szaggatott vonalakn\u00e1l tudsz, de figyelj r\u00e1, hogy nincs \u00fatban sem aut\u00f3, sem gyalogos, miel\u0151tt ir\u00e1nyt v\u00e1ltasz. Persze \u201eindexel\u00e9ssel!\u201d<\/p>\n<h2><strong>9. Ne okozz meglepet\u00e9st!<\/strong><\/h2>\n<p>Senki nem akar megijedni bicikliz\u00e9s k\u00f6zben. Vesz\u00e9lyes lehet figyelmeztet\u00e9s n\u00e9lk\u00fcl elsuhanni valaki mellett. Ide\u00e1lis esetben van n\u00e1lad cseng\u0151, ha nincs, akkor kiab\u00e1lhatsz: j\u00f6v\u00f6k balr\u00f3l!<\/p>\n<h2><strong>10. Ne felejts el kedvesnek lenni!<\/strong><\/h2>\n<p>Min\u00e9l t\u00f6bben bicikliznek, ann\u00e1l jobb! Ugyanakkor mindannyiunknak vannak rosszabb napjai, amikor hib\u00e1zunk. Pr\u00f3b\u00e1ld meg b\u00e1tor\u00edtani a k\u00f6r\u00fcl\u00f6tted l\u00e9v\u0151ket, legy\u00e9l seg\u00edt\u0151k\u00e9sz \u00e9s informat\u00edv, az agresszi\u00f3 \u00e9s az elutas\u00edt\u00e1s helyett! Ha tudsz seg\u00edteni egy technikai probl\u00e9m\u00e1val, tedd meg! Ezek az er\u0151fesz\u00edt\u00e9sek nagyban hozz\u00e1j\u00e1rulnak ahhoz, hogy a ker\u00e9kp\u00e1rutak mindenki sz\u00e1m\u00e1ra el\u00e9rhet\u0151 \u00e9s kedvelt k\u00f6zleked\u00e9si lehet\u0151s\u00e9gg\u00e9 v\u00e1ljanak.<\/p>\n","protected":false},"excerpt":{"rendered":"<p>A pand\u00e9mia \u00e9s a n\u00f6vekv\u0151 k\u00f6rnyezetbar\u00e1t k\u00f6zleked\u00e9si alternat\u00edv\u00e1k ir\u00e1nti ig\u00e9ny hat\u00e1s\u00e1ra a v\u00e1rosok vil\u00e1gszerte jelent\u0151s er\u0151forr\u00e1sokat fektettek a ker\u00e9kp\u00e1ros infrastrukt\u00fara [&hellip;]<\/p>\n","protected":false},"author":71,"featured_media":15109,"comment_status":"open","ping_status":"open","sticky":false,"template":"","format":"standard","meta":{"footnotes":""},"categories":[9],"tags":[],"global-categories":[],"class_list":["post-15106","post","type-post","status-publish","format-standard","has-post-thumbnail","hentry","category-varosi-kerekparozas"],"yoast_head":"<!-- This site is optimized with the Yoast SEO Premium plugin v25.3 (Yoast SEO v25.9) - https:\/\/yoast.com\/wordpress\/plugins\/seo\/ -->\n<title>10 szab\u00e1ly a biztons\u00e1gos, hat\u00e9kony, stresszmentes biciklis\u00e1v haszn\u00e1lat\u00e9rt<\/title>\n<meta name=\"description\" content=\"A pand\u00e9mia \u00e9s a n\u00f6vekv\u0151 k\u00f6rnyezetbar\u00e1t k\u00f6zleked\u00e9si alternat\u00edv\u00e1k ir\u00e1nti ig\u00e9ny hat\u00e1s\u00e1ra a v\u00e1rosok vil\u00e1gszerte jelent\u0151s er\u0151forr\u00e1sokat fektettek a ker\u00e9kp\u00e1ros infrastrukt\u00fara fejleszt\u00e9s\u00e9be. A d\u00f6nt\u00e9shoz\u00f3k egyre t\u00f6bb bicikliutat hagynak j\u00f3v\u00e1, hogy biztos\u00edts\u00e1k a megn\u00f6vekedett kerekesek biztons\u00e1gos k\u00f6zleked\u00e9s\u00e9t.\" \/>\n<meta name=\"robots\" content=\"index, follow, max-snippet:-1, max-image-preview:large, max-video-preview:-1\" \/>\n<link rel=\"canonical\" href=\"https:\/\/www.welovecycling.com\/hu\/varosi-kerekparozas\/10-szabaly-a-biztonsagos-hatekony-stresszmentes-biciklisav-hasznalatert\/\" \/>\n<meta property=\"og:locale\" content=\"hu_HU\" \/>\n<meta property=\"og:type\" content=\"article\" \/>\n<meta property=\"og:title\" content=\"10 szab\u00e1ly a biztons\u00e1gos, hat\u00e9kony, stresszmentes biciklis\u00e1v haszn\u00e1lat\u00e9rt\" \/>\n<meta property=\"og:description\" content=\"A pand\u00e9mia \u00e9s a n\u00f6vekv\u0151 k\u00f6rnyezetbar\u00e1t k\u00f6zleked\u00e9si alternat\u00edv\u00e1k ir\u00e1nti ig\u00e9ny hat\u00e1s\u00e1ra a v\u00e1rosok vil\u00e1gszerte jelent\u0151s er\u0151forr\u00e1sokat fektettek a ker\u00e9kp\u00e1ros infrastrukt\u00fara fejleszt\u00e9s\u00e9be. A d\u00f6nt\u00e9shoz\u00f3k egyre t\u00f6bb bicikliutat hagynak j\u00f3v\u00e1, hogy biztos\u00edts\u00e1k a megn\u00f6vekedett kerekesek biztons\u00e1gos k\u00f6zleked\u00e9s\u00e9t.\" \/>\n<meta property=\"og:url\" content=\"https:\/\/www.welovecycling.com\/hu\/varosi-kerekparozas\/10-szabaly-a-biztonsagos-hatekony-stresszmentes-biciklisav-hasznalatert\/\" \/>\n<meta property=\"og:site_name\" content=\"\u0160koda We Love Cycling - Magyarorsz\u00e1g\" \/>\n<meta property=\"article:publisher\" content=\"https:\/\/www.facebook.com\/WeLoveCyclingHungary\/\" \/>\n<meta property=\"article:published_time\" content=\"2022-06-02T06:00:38+00:00\" \/>\n<meta property=\"og:image\" content=\"https:\/\/d2p6e6u75xmxt8.cloudfront.net\/12\/2022\/05\/Cycle-lane-profimedia-0690779439-CVR.jpg\" \/>\n\t<meta property=\"og:image:width\" content=\"990\" \/>\n\t<meta property=\"og:image:height\" content=\"660\" \/>\n\t<meta property=\"og:image:type\" content=\"image\/jpeg\" \/>\n<meta name=\"author\" content=\"hegyizs\" \/>\n<meta name=\"twitter:card\" content=\"summary_large_image\" \/>\n<meta name=\"twitter:label1\" content=\"Written by\" \/>\n\t<meta name=\"twitter:data1\" content=\"Megan Flottorp\" \/>\n\t<meta name=\"twitter:label2\" content=\"Est. reading time\" \/>\n\t<meta name=\"twitter:data2\" content=\"6\" \/>\n<script type=\"application\/ld+json\" class=\"yoast-schema-graph\">{\"@context\":\"https:\/\/schema.org\",\"@graph\":[{\"@type\":\"WebPage\",\"@id\":\"https:\/\/www.welovecycling.com\/hu\/varosi-kerekparozas\/10-szabaly-a-biztonsagos-hatekony-stresszmentes-biciklisav-hasznalatert\/\",\"url\":\"https:\/\/www.welovecycling.com\/hu\/varosi-kerekparozas\/10-szabaly-a-biztonsagos-hatekony-stresszmentes-biciklisav-hasznalatert\/\",\"name\":\"10 szab\u00e1ly a biztons\u00e1gos, hat\u00e9kony, stresszmentes biciklis\u00e1v haszn\u00e1lat\u00e9rt\",\"isPartOf\":{\"@id\":\"https:\/\/www.welovecycling.com\/hu\/#website\"},\"primaryImageOfPage\":{\"@id\":\"https:\/\/www.welovecycling.com\/hu\/varosi-kerekparozas\/10-szabaly-a-biztonsagos-hatekony-stresszmentes-biciklisav-hasznalatert\/#primaryimage\"},\"image\":{\"@id\":\"https:\/\/www.welovecycling.com\/hu\/varosi-kerekparozas\/10-szabaly-a-biztonsagos-hatekony-stresszmentes-biciklisav-hasznalatert\/#primaryimage\"},\"thumbnailUrl\":\"https:\/\/d2p6e6u75xmxt8.cloudfront.net\/12\/2022\/05\/Cycle-lane-profimedia-0690779439-CVR.jpg\",\"datePublished\":\"2022-06-02T06:00:38+00:00\",\"author\":{\"@id\":\"https:\/\/www.welovecycling.com\/hu\/#\/schema\/person\/414a2aebf1801691a5320edb6468e194\"},\"description\":\"A pand\u00e9mia \u00e9s a n\u00f6vekv\u0151 k\u00f6rnyezetbar\u00e1t k\u00f6zleked\u00e9si alternat\u00edv\u00e1k ir\u00e1nti ig\u00e9ny hat\u00e1s\u00e1ra a v\u00e1rosok vil\u00e1gszerte jelent\u0151s er\u0151forr\u00e1sokat fektettek a ker\u00e9kp\u00e1ros infrastrukt\u00fara fejleszt\u00e9s\u00e9be. A d\u00f6nt\u00e9shoz\u00f3k egyre t\u00f6bb bicikliutat hagynak j\u00f3v\u00e1, hogy biztos\u00edts\u00e1k a megn\u00f6vekedett kerekesek biztons\u00e1gos k\u00f6zleked\u00e9s\u00e9t.\",\"breadcrumb\":{\"@id\":\"https:\/\/www.welovecycling.com\/hu\/varosi-kerekparozas\/10-szabaly-a-biztonsagos-hatekony-stresszmentes-biciklisav-hasznalatert\/#breadcrumb\"},\"inLanguage\":\"hu\",\"potentialAction\":[{\"@type\":\"ReadAction\",\"target\":[\"https:\/\/www.welovecycling.com\/hu\/varosi-kerekparozas\/10-szabaly-a-biztonsagos-hatekony-stresszmentes-biciklisav-hasznalatert\/\"]}]},{\"@type\":\"ImageObject\",\"inLanguage\":\"hu\",\"@id\":\"https:\/\/www.welovecycling.com\/hu\/varosi-kerekparozas\/10-szabaly-a-biztonsagos-hatekony-stresszmentes-biciklisav-hasznalatert\/#primaryimage\",\"url\":\"https:\/\/d2p6e6u75xmxt8.cloudfront.net\/12\/2022\/05\/Cycle-lane-profimedia-0690779439-CVR.jpg\",\"contentUrl\":\"https:\/\/d2p6e6u75xmxt8.cloudfront.net\/12\/2022\/05\/Cycle-lane-profimedia-0690779439-CVR.jpg\",\"width\":990,\"height\":660,\"caption\":\"Bicycle lane\"},{\"@type\":\"BreadcrumbList\",\"@id\":\"https:\/\/www.welovecycling.com\/hu\/varosi-kerekparozas\/10-szabaly-a-biztonsagos-hatekony-stresszmentes-biciklisav-hasznalatert\/#breadcrumb\",\"itemListElement\":[{\"@type\":\"ListItem\",\"position\":1,\"name\":\"Home\",\"item\":\"https:\/\/www.welovecycling.com\/hu\/\"},{\"@type\":\"ListItem\",\"position\":2,\"name\":\"10 szab\u00e1ly a biztons\u00e1gos, hat\u00e9kony, stresszmentes biciklis\u00e1v haszn\u00e1lat\u00e9rt\"}]},{\"@type\":\"WebSite\",\"@id\":\"https:\/\/www.welovecycling.com\/hu\/#website\",\"url\":\"https:\/\/www.welovecycling.com\/hu\/\",\"name\":\"\u0160koda We Love Cycling - Magyarorsz\u00e1g\",\"description\":\"\u0160koda WeLoveCycling\",\"potentialAction\":[{\"@type\":\"SearchAction\",\"target\":{\"@type\":\"EntryPoint\",\"urlTemplate\":\"https:\/\/www.welovecycling.com\/hu\/?s={search_term_string}\"},\"query-input\":{\"@type\":\"PropertyValueSpecification\",\"valueRequired\":true,\"valueName\":\"search_term_string\"}}],\"inLanguage\":\"hu\"},{\"@type\":\"Person\",\"@id\":\"https:\/\/www.welovecycling.com\/hu\/#\/schema\/person\/414a2aebf1801691a5320edb6468e194\",\"name\":\"hegyizs\",\"image\":{\"@type\":\"ImageObject\",\"inLanguage\":\"hu\",\"@id\":\"https:\/\/www.welovecycling.com\/hu\/#\/schema\/person\/image\/\",\"url\":\"https:\/\/secure.gravatar.com\/avatar\/02cf8a7906b8cf90cecb4679defac7cfd33a1c2e3b88e4903d947f3bb58eedd3?s=96&d=mm&r=g\",\"contentUrl\":\"https:\/\/secure.gravatar.com\/avatar\/02cf8a7906b8cf90cecb4679defac7cfd33a1c2e3b88e4903d947f3bb58eedd3?s=96&d=mm&r=g\",\"caption\":\"hegyizs\"},\"url\":\"https:\/\/www.welovecycling.com\/hu\/author\/hegyizs\/\"}]}<\/script>\n<!-- \/ Yoast SEO Premium plugin. -->","yoast_head_json":{"title":"10 szab\u00e1ly a biztons\u00e1gos, hat\u00e9kony, stresszmentes biciklis\u00e1v haszn\u00e1lat\u00e9rt","description":"A pand\u00e9mia \u00e9s a n\u00f6vekv\u0151 k\u00f6rnyezetbar\u00e1t k\u00f6zleked\u00e9si alternat\u00edv\u00e1k ir\u00e1nti ig\u00e9ny hat\u00e1s\u00e1ra a v\u00e1rosok vil\u00e1gszerte jelent\u0151s er\u0151forr\u00e1sokat fektettek a ker\u00e9kp\u00e1ros infrastrukt\u00fara fejleszt\u00e9s\u00e9be. A d\u00f6nt\u00e9shoz\u00f3k egyre t\u00f6bb bicikliutat hagynak j\u00f3v\u00e1, hogy biztos\u00edts\u00e1k a megn\u00f6vekedett kerekesek biztons\u00e1gos k\u00f6zleked\u00e9s\u00e9t.","robots":{"index":"index","follow":"follow","max-snippet":"max-snippet:-1","max-image-preview":"max-image-preview:large","max-video-preview":"max-video-preview:-1"},"canonical":"https:\/\/www.welovecycling.com\/hu\/varosi-kerekparozas\/10-szabaly-a-biztonsagos-hatekony-stresszmentes-biciklisav-hasznalatert\/","og_locale":"hu_HU","og_type":"article","og_title":"10 szab\u00e1ly a biztons\u00e1gos, hat\u00e9kony, stresszmentes biciklis\u00e1v haszn\u00e1lat\u00e9rt","og_description":"A pand\u00e9mia \u00e9s a n\u00f6vekv\u0151 k\u00f6rnyezetbar\u00e1t k\u00f6zleked\u00e9si alternat\u00edv\u00e1k ir\u00e1nti ig\u00e9ny hat\u00e1s\u00e1ra a v\u00e1rosok vil\u00e1gszerte jelent\u0151s er\u0151forr\u00e1sokat fektettek a ker\u00e9kp\u00e1ros infrastrukt\u00fara fejleszt\u00e9s\u00e9be. A d\u00f6nt\u00e9shoz\u00f3k egyre t\u00f6bb bicikliutat hagynak j\u00f3v\u00e1, hogy biztos\u00edts\u00e1k a megn\u00f6vekedett kerekesek biztons\u00e1gos k\u00f6zleked\u00e9s\u00e9t.","og_url":"https:\/\/www.welovecycling.com\/hu\/varosi-kerekparozas\/10-szabaly-a-biztonsagos-hatekony-stresszmentes-biciklisav-hasznalatert\/","og_site_name":"\u0160koda We Love Cycling - Magyarorsz\u00e1g","article_publisher":"https:\/\/www.facebook.com\/WeLoveCyclingHungary\/","article_published_time":"2022-06-02T06:00:38+00:00","og_image":[{"width":990,"height":660,"url":"https:\/\/d2p6e6u75xmxt8.cloudfront.net\/12\/2022\/05\/Cycle-lane-profimedia-0690779439-CVR.jpg","type":"image\/jpeg"}],"author":"hegyizs","twitter_card":"summary_large_image","twitter_misc":{"Written by":"Megan Flottorp","Est. reading time":"6"},"schema":{"@context":"https:\/\/schema.org","@graph":[{"@type":"WebPage","@id":"https:\/\/www.welovecycling.com\/hu\/varosi-kerekparozas\/10-szabaly-a-biztonsagos-hatekony-stresszmentes-biciklisav-hasznalatert\/","url":"https:\/\/www.welovecycling.com\/hu\/varosi-kerekparozas\/10-szabaly-a-biztonsagos-hatekony-stresszmentes-biciklisav-hasznalatert\/","name":"10 szab\u00e1ly a biztons\u00e1gos, hat\u00e9kony, stresszmentes biciklis\u00e1v haszn\u00e1lat\u00e9rt","isPartOf":{"@id":"https:\/\/www.welovecycling.com\/hu\/#website"},"primaryImageOfPage":{"@id":"https:\/\/www.welovecycling.com\/hu\/varosi-kerekparozas\/10-szabaly-a-biztonsagos-hatekony-stresszmentes-biciklisav-hasznalatert\/#primaryimage"},"image":{"@id":"https:\/\/www.welovecycling.com\/hu\/varosi-kerekparozas\/10-szabaly-a-biztonsagos-hatekony-stresszmentes-biciklisav-hasznalatert\/#primaryimage"},"thumbnailUrl":"https:\/\/d2p6e6u75xmxt8.cloudfront.net\/12\/2022\/05\/Cycle-lane-profimedia-0690779439-CVR.jpg","datePublished":"2022-06-02T06:00:38+00:00","author":{"@id":"https:\/\/www.welovecycling.com\/hu\/#\/schema\/person\/414a2aebf1801691a5320edb6468e194"},"description":"A pand\u00e9mia \u00e9s a n\u00f6vekv\u0151 k\u00f6rnyezetbar\u00e1t k\u00f6zleked\u00e9si alternat\u00edv\u00e1k ir\u00e1nti ig\u00e9ny hat\u00e1s\u00e1ra a v\u00e1rosok vil\u00e1gszerte jelent\u0151s er\u0151forr\u00e1sokat fektettek a ker\u00e9kp\u00e1ros infrastrukt\u00fara fejleszt\u00e9s\u00e9be. A d\u00f6nt\u00e9shoz\u00f3k egyre t\u00f6bb bicikliutat hagynak j\u00f3v\u00e1, hogy biztos\u00edts\u00e1k a megn\u00f6vekedett kerekesek biztons\u00e1gos k\u00f6zleked\u00e9s\u00e9t.","breadcrumb":{"@id":"https:\/\/www.welovecycling.com\/hu\/varosi-kerekparozas\/10-szabaly-a-biztonsagos-hatekony-stresszmentes-biciklisav-hasznalatert\/#breadcrumb"},"inLanguage":"hu","potentialAction":[{"@type":"ReadAction","target":["https:\/\/www.welovecycling.com\/hu\/varosi-kerekparozas\/10-szabaly-a-biztonsagos-hatekony-stresszmentes-biciklisav-hasznalatert\/"]}]},{"@type":"ImageObject","inLanguage":"hu","@id":"https:\/\/www.welovecycling.com\/hu\/varosi-kerekparozas\/10-szabaly-a-biztonsagos-hatekony-stresszmentes-biciklisav-hasznalatert\/#primaryimage","url":"https:\/\/d2p6e6u75xmxt8.cloudfront.net\/12\/2022\/05\/Cycle-lane-profimedia-0690779439-CVR.jpg","contentUrl":"https:\/\/d2p6e6u75xmxt8.cloudfront.net\/12\/2022\/05\/Cycle-lane-profimedia-0690779439-CVR.jpg","width":990,"height":660,"caption":"Bicycle lane"},{"@type":"BreadcrumbList","@id":"https:\/\/www.welovecycling.com\/hu\/varosi-kerekparozas\/10-szabaly-a-biztonsagos-hatekony-stresszmentes-biciklisav-hasznalatert\/#breadcrumb","itemListElement":[{"@type":"ListItem","position":1,"name":"Home","item":"https:\/\/www.welovecycling.com\/hu\/"},{"@type":"ListItem","position":2,"name":"10 szab\u00e1ly a biztons\u00e1gos, hat\u00e9kony, stresszmentes biciklis\u00e1v haszn\u00e1lat\u00e9rt"}]},{"@type":"WebSite","@id":"https:\/\/www.welovecycling.com\/hu\/#website","url":"https:\/\/www.welovecycling.com\/hu\/","name":"\u0160koda We Love Cycling - Magyarorsz\u00e1g","description":"\u0160koda WeLoveCycling","potentialAction":[{"@type":"SearchAction","target":{"@type":"EntryPoint","urlTemplate":"https:\/\/www.welovecycling.com\/hu\/?s={search_term_string}"},"query-input":{"@type":"PropertyValueSpecification","valueRequired":true,"valueName":"search_term_string"}}],"inLanguage":"hu"},{"@type":"Person","@id":"https:\/\/www.welovecycling.com\/hu\/#\/schema\/person\/414a2aebf1801691a5320edb6468e194","name":"hegyizs","image":{"@type":"ImageObject","inLanguage":"hu","@id":"https:\/\/www.welovecycling.com\/hu\/#\/schema\/person\/image\/","url":"https:\/\/secure.gravatar.com\/avatar\/02cf8a7906b8cf90cecb4679defac7cfd33a1c2e3b88e4903d947f3bb58eedd3?s=96&d=mm&r=g","contentUrl":"https:\/\/secure.gravatar.com\/avatar\/02cf8a7906b8cf90cecb4679defac7cfd33a1c2e3b88e4903d947f3bb58eedd3?s=96&d=mm&r=g","caption":"hegyizs"},"url":"https:\/\/www.welovecycling.com\/hu\/author\/hegyizs\/"}]}},"_links":{"self":[{"href":"https:\/\/www.welovecycling.com\/hu\/wp-json\/wp\/v2\/posts\/15106","targetHints":{"allow":["GET"]}}],"collection":[{"href":"https:\/\/www.welovecycling.com\/hu\/wp-json\/wp\/v2\/posts"}],"about":[{"href":"https:\/\/www.welovecycling.com\/hu\/wp-json\/wp\/v2\/types\/post"}],"author":[{"embeddable":true,"href":"https:\/\/www.welovecycling.com\/hu\/wp-json\/wp\/v2\/users\/71"}],"replies":[{"embeddable":true,"href":"https:\/\/www.welovecycling.com\/hu\/wp-json\/wp\/v2\/comments?post=15106"}],"version-history":[{"count":2,"href":"https:\/\/www.welovecycling.com\/hu\/wp-json\/wp\/v2\/posts\/15106\/revisions"}],"predecessor-version":[{"id":15117,"href":"https:\/\/www.welovecycling.com\/hu\/wp-json\/wp\/v2\/posts\/15106\/revisions\/15117"}],"wp:featuredmedia":[{"embeddable":true,"href":"https:\/\/www.welovecycling.com\/hu\/wp-json\/wp\/v2\/media\/15109"}],"wp:attachment":[{"href":"https:\/\/www.welovecycling.com\/hu\/wp-json\/wp\/v2\/media?parent=15106"}],"wp:term":[{"taxonomy":"category","embeddable":true,"href":"https:\/\/www.welovecycling.com\/hu\/wp-json\/wp\/v2\/categories?post=15106"},{"taxonomy":"post_tag","embeddable":true,"href":"https:\/\/www.welovecycling.com\/hu\/wp-json\/wp\/v2\/tags?post=15106"},{"taxonomy":"global-categories","embeddable":true,"href":"https:\/\/www.welovecycling.com\/hu\/wp-json\/wp\/v2\/global-categories?post=15106"}],"curies":[{"name":"wp","href":"https:\/\/api.w.org\/{rel}","templated":true}]}}