{"id":15098,"date":"2022-05-31T08:00:06","date_gmt":"2022-05-31T06:00:06","guid":{"rendered":"https:\/\/www.welovecycling.com\/hu\/?p=15098"},"modified":"2022-05-27T15:17:48","modified_gmt":"2022-05-27T13:17:48","slug":"tavaszi-montis-hibak-amiket-mindenki-elkovet","status":"publish","type":"post","link":"https:\/\/www.welovecycling.com\/hu\/trekking-mtb\/tavaszi-montis-hibak-amiket-mindenki-elkovet\/","title":{"rendered":"Tavaszi montis hib\u00e1k, amiket mindenki elk\u00f6vet"},"content":{"rendered":"<p><strong>M\u00e1r alaposan benne j\u00e1runk a tavaszban \u00e9s a monti-szezonban, azonban m\u00e9g sokan nem szoktunk vissza a nyereghez. Semmi sem foghat\u00f3 az \u00e9rz\u00e9sre, amikor a vibr\u00e1l\u00f3 naps\u00fct\u00e9sben \u00fajra beveheted kedvenc dombjaidat, ugye?<\/strong><\/p>\n<p><!--more--><\/p>\n<p>Annak ellen\u00e9re, hogy m\u00e1r hivatalosan is megkezd\u0151d\u00f6tt a szezon, a tavasz nem kifejezetten MTB-bar\u00e1t, legal\u00e1bbis az eleje biztosan nem. A t\u00e9l m\u00e9g nem vontul vissza teljesen a hegyekb\u0151l, \u00e9s ha igaz\u00e1n magasra m\u00e9sz, el\u0151fordulhat, hogy m\u00e9g h\u00f3val is tal\u00e1lkozol, mik\u00f6zben a nappalok egyre melegebbek, az \u00e9jszak\u00e1k pedig h\u0171v\u00f6sek maradnak. Mindez extra kih\u00edv\u00e1st jelent a montisok sz\u00e1m\u00e1ra, \u00e9s szinte mindannyian hajlamosok vagyunk beleesni n\u00e9h\u00e1ny tipikus hib\u00e1ba. Besz\u00e9lj\u00fck \u00e1t azt a 6 hib\u00e1t, amit te is elk\u00f6vethetn\u00e9l, ha nem figyelmeztetn\u00e9k r\u00e1juk!<\/p>\n<h2><strong>Marad a t\u00e9li felszerel\u00e9s<\/strong><\/h2>\n<p>Tudjuk, hogy ez durva \u00e1ll\u00edt\u00e1s lesz, de a tavasz az nem t\u00e9l. M\u00e9g a hegyekben is gyorsan v\u00e1ltoznak a k\u00f6r\u00fclm\u00e9nyek, amikor az els\u0151 meleg napsugarak el\u00e9rik a talajt. A f\u00f6ld felpuhul, vagyis s\u00e1rr\u00e1 alakul \u00e1t, az id\u0151 pedig kicsit melegebb lesz. Ez azt jelenti, hogy a k\u00f6rnyezethez hasonl\u00f3an a felszerel\u00e9sednek is v\u00e1ltoznia kell. A t\u00e9li be\u00e1ll\u00edt\u00e1sok \u00e9s gumik nem t\u00fal ide\u00e1lisak tavaszra, \u00e9s b\u00e1r biztosan teszik a dolgukat, elronthatj\u00e1k az \u00e9lm\u00e9nyt. A ker\u00e9kp\u00e1rt alaposan <a href=\"https:\/\/www.welovecycling.com\/hu\/uncategorized\/tel-utani-takaritas\/\">meg kell tiszt\u00edtani<\/a>, <a href=\"https:\/\/www.welovecycling.com\/hu\/edzes-es-eletmod\/tavaszi-karbantartas-keszitsd-fel-a-bringad-a-szezonra\/\">\u00fajra kell olajozni<\/a> \u00e9s ellen\u0151rizni az alkatr\u00e9szeket, ha sz\u00fcks\u00e9ges, cser\u00e9lni is \u0151ket!<\/p>\n<figure id=\"attachment_15099\" aria-describedby=\"caption-attachment-15099\" style=\"width: 1000px\" class=\"wp-caption alignnone\"><a href=\"https:\/\/d2p6e6u75xmxt8.cloudfront.net\/12\/2022\/05\/MTB-trail-profimedia-0393504536.jpg\"><img loading=\"lazy\" decoding=\"async\" class=\"wp-image-15099 size-full\" src=\"https:\/\/d2p6e6u75xmxt8.cloudfront.net\/12\/2022\/05\/MTB-trail-profimedia-0393504536.jpg\" alt=\"MTB\" width=\"1000\" height=\"667\" srcset=\"https:\/\/d2p6e6u75xmxt8.cloudfront.net\/12\/2022\/05\/MTB-trail-profimedia-0393504536.jpg 1000w, https:\/\/d2p6e6u75xmxt8.cloudfront.net\/12\/2022\/05\/MTB-trail-profimedia-0393504536-300x200.jpg 300w, https:\/\/d2p6e6u75xmxt8.cloudfront.net\/12\/2022\/05\/MTB-trail-profimedia-0393504536-768x512.jpg 768w, https:\/\/d2p6e6u75xmxt8.cloudfront.net\/12\/2022\/05\/MTB-trail-profimedia-0393504536-272x182.jpg 272w\" sizes=\"auto, (max-width: 1000px) 100vw, 1000px\" \/><\/a><figcaption id=\"caption-attachment-15099\" class=\"wp-caption-text\"><em>V\u00e9gre, \u00fajra a hegyekben! \u00a9 Profimedia<\/em><\/figcaption><\/figure>\n<p>Ford\u00edts k\u00fcl\u00f6n\u00f6s figyelmet a vill\u00e1ra \u00e9s a f\u00e9kekre! A legjobb kicser\u00e9lni a f\u00e9kbet\u00e9teket, \u00fagy, ahogy vannak. Ha nem k\u00e9sz\u00edted fel a bring\u00e1d a tavaszra, hamarabb t\u00f6nkremennek az alkatr\u00e9szek.<\/p>\n<h2><strong>J\u00f6n a ny\u00e1ri gumi<\/strong><\/h2>\n<p>Ha m\u00e1r evidenci\u00e1kr\u00f3l van sz\u00f3, ki kell emeln\u00fcnk, hogy amennyire a tavasz nem t\u00e9l, annyira nem is ny\u00e1r. Idejekor\u00e1n ny\u00e1ri gumira v\u00e1ltani vesz\u00e9lyes lehet. Ameddig tal\u00e1lkozhatsz h\u00f3foltokkal az \u00e9szaki hegyekben, addig nem el\u00e9g sz\u00e1raz a talaj a ny\u00e1ri gumihoz. A tavaszi id\u0151szak nem \u00e9ppen a nagy asz\u00e1lyokr\u00f3l h\u00edres, sok a s\u00e1r, nem csak a magas hegyekben!<\/p>\n<p>A hatalmas t\u00fcsk\u00e9k tal\u00e1n nem sz\u00fcks\u00e9gesek, de egy j\u00f3 s\u00e1rgumi igen, m\u00e9g akkor is, ha napok \u00f3ta s\u00fct a nap. Lehet, hogy kicsit csorbul a sebess\u00e9ged, de legal\u00e1bb nyeregben maradsz! Ha csak t\u00e9li \u00e9s ny\u00e1ri gumid van, akkor jobb, ha a tavasz els\u0151 h\u00e1romnegyed\u00e9ben fent hagyod a t\u00e9lit.<\/p>\n<h2><strong>T\u00fals\u00e1gosan megb\u00edzol az id\u0151j\u00e1r\u00e1s-el\u0151rejelz\u00e9sben<\/strong><\/h2>\n<p>B\u00edzni az id\u0151j\u00e1r\u00e1s-el\u0151rejelz\u00e9sben a tavaszi h\u00f3napokban olyan, mintha a csillagok \u00e1ll\u00e1s\u00e1b\u00f3l \u00e1llap\u00edtan\u00e1nk meg, \u00e9rdemes-e minden megtakar\u00edtott p\u00e9nz\u00fcnket feltenni a piros 38-asra rulettben (ahol egy\u00e9bk\u00e9nt csak 37 mez\u0151 van). Ezen a ponton az is jobb, ha mi magunk n\u00e9z\u00fcnk a felh\u0151kre, \u00e9s pr\u00f3b\u00e1ljuk kital\u00e1lni, leszakadnak-e, mire haza\u00e9r\u00fcnk. A tavasz szesz\u00e9lyes \u2013 n\u00e9h\u00e1ny \u00f3ra alatt kiford\u00edtja a sark\u00e1b\u00f3l a vil\u00e1got. A reggel h\u0171v\u00f6s, a d\u00e9l forr\u00f3, azt\u00e1n elkezd f\u00fajni a viharos erej\u0171 sz\u00e9l. \u0150 az \u00e9vszakok elk\u00e9nyeztetett testv\u00e9re, akivel k\u00e9nytelenek vagyunk megbirk\u00f3zni valahogy.<\/p>\n<p>Ez azt jelenti, hogy minden id\u0151j\u00e1r\u00e1sra fel kell k\u00e9sz\u00fclni. Ne indulj t\u00fal hossz\u00fa hegyi t\u00far\u00e1kra ilyenkor, k\u00fcl\u00f6n\u00f6sen kezd\u0151k\u00e9nt ne! Ha a v\u00e1rosban meleg is van, a hegyekben akkor sem biztos. \u00d6lt\u00f6zz r\u00e9tegesen \u00e9s k\u00e9sz\u00fclj fel r\u00e1, hogy a lehet\u0151 leggyorsabban el tudj menek\u00fclni egy zivatar el\u0151l!<\/p>\n<h2><strong>T\u00fal kev\u00e9s ruh\u00e1t veszel<\/strong><\/h2>\n<p>\u00c9s ha m\u00e1r az \u00f6lt\u00f6zk\u00f6d\u00e9sn\u00e9l tartunk: gyakori hiba a montisok k\u00f6r\u00e9ben, hogy alul\u00f6lt\u00f6znek, amikor s\u00fct a nap. Ahogy eml\u00edtett\u00fck, a tavaszi id\u0151j\u00e1r\u00e1s nagyon kisz\u00e1m\u00edthatatlan a hegyekben, percek alatt v\u00e1ltozhat. Ne vedd m\u00e9g el\u0151 kedvenc r\u00f6vidnadr\u00e1god! C\u00e9lszer\u0171bb egy v\u00edz\u00e1ll\u00f3 kab\u00e1t, egy k\u00f6nny\u0171 mez \u00e9s egy adag v\u00e1lt\u00f3ruha, amit az aut\u00f3ban hagysz. Ha nem is \u00e1zol el, val\u00f3sz\u00edn\u0171leg s\u00e1ros leszel, sz\u00f3val ez mindig j\u00f3l j\u00f6n. S\u00falyos eg\u00e9szs\u00e9g\u00fcgyi probl\u00e9m\u00e1kkal j\u00e1rhat, ha nem fogadod meg ezt a tan\u00e1csot, ne legy\u00e9l makacs!<\/p>\n<h2><strong>Vakon b\u00edzol egy ismert \u00f6sv\u00e9nyben<\/strong><\/h2>\n<p>M\u00e9g ha \u00fagy ismered, mint a tenyered, akkor sem rohanhatsz v\u00e9gig rajta els\u0151 alkalommal! A t\u00e9l folyam\u00e1n az \u00f6sv\u00e9nyek megv\u00e1ltozhatnak. Persze, ha fizet\u0151s bringaparkr\u00f3l van sz\u00f3, azt val\u00f3sz\u00edn\u0171leg karbantartj\u00e1k, ennek ellen\u00e9re itt is figyelned kell a v\u00e1ltoz\u00e1sokra! A term\u00e9szetes \u00f6sv\u00e9nyek pedig m\u00e1st sem csin\u00e1lnak, csak \u00e1talakulnak. Kid\u0151lt f\u00e1k, f\u00f6ldcsuszaml\u00e1sok, v\u00edzmos\u00e1sok, \u00e9s m\u00e9g sorolhatn\u00e1nk.<\/p>\n<p>Miel\u0151tt a t\u00e9li id\u0151szak ut\u00e1n v\u00e9gigsz\u00e1guldan\u00e1l b\u00e1rmelyik \u00f6sv\u00e9nyen, ereszkedj le rajta lassan, hogy meggy\u0151z\u0151dj r\u00f3la, minden rendben. Sok fejf\u00e1j\u00e1st\u00f3l k\u00edm\u00e9lheted meg \u00edgy magad \u2013 sz\u00f3 szerint \u00e9s \u00e1tvitt \u00e9rtelemben is.<\/p>\n<h2><strong>R\u00f6gt\u00f6n mindent akarsz<\/strong><\/h2>\n<p>Ezt a hib\u00e1t m\u00e9g a tapasztalt versenyz\u0151k is gyakran elk\u00f6vetik. Azt gondolni, hogy semmit sem vesztett\u00e9l az \u00e1ll\u00f3k\u00e9pess\u00e9gedb\u0151l, holott eg\u00e9sz t\u00e9len lust\u00e1lkodt\u00e1l, nevets\u00e9ges! \u00c9s m\u00e9g akkor is, ha nem avanzs\u00e1lt\u00e1l \u00e1t kanap\u00e9sz\u00f6rf\u00f6ss\u00e9, hanem r\u00f3ttad az utakat, val\u00f3sz\u00edn\u0171leg nem vagy fizikumod cs\u00facs\u00e1n, \u00e9s nincs is ezzel baj. Nem j\u00f3 \u00f6tlet azonban r\u00f6gt\u00f6n egy bonyolult, emelked\u0151kkel tark\u00edtott szakaszon kezdeni. Legyen az els\u0151 n\u00e9h\u00e1ny utad pihentet\u0151, \u00e9lvezetes! Lesz r\u00e1 id\u0151d, hogy felrobbantad a Strav\u00e1t!<\/p>\n<p>A legfontosabb, hogy \u00e9rezd j\u00f3l magad a t\u00far\u00e1kon! Sokat v\u00e1rtunk a j\u00f3 id\u0151re, \u00e9s ha odafigyelsz, hossz\u00fa \u00e9s izgalmas szezon el\u00e9 n\u00e9zel. Tal\u00e1lkozunk a hegyekben!<\/p>\n","protected":false},"excerpt":{"rendered":"<p>M\u00e1r alaposan benne j\u00e1runk a tavaszban \u00e9s a monti-szezonban, azonban m\u00e9g sokan nem szoktunk vissza a nyereghez. Semmi sem foghat\u00f3 [&hellip;]<\/p>\n","protected":false},"author":71,"featured_media":15101,"comment_status":"open","ping_status":"open","sticky":false,"template":"","format":"standard","meta":{"footnotes":""},"categories":[7],"tags":[],"global-categories":[],"class_list":["post-15098","post","type-post","status-publish","format-standard","has-post-thumbnail","hentry","category-trekking-mtb"],"yoast_head":"<!-- This site is optimized with the Yoast SEO Premium plugin v25.3 (Yoast SEO v25.9) - https:\/\/yoast.com\/wordpress\/plugins\/seo\/ -->\n<title>Tavaszi montis hib\u00e1k, amiket mindenki elk\u00f6vet<\/title>\n<meta name=\"description\" content=\"M\u00e1r alaposan benne j\u00e1runk a tavaszban \u00e9s a monti-szezonban, azonban m\u00e9g sokan nem szoktunk vissza a nyereghez. Semmi sem foghat\u00f3 az \u00e9rz\u00e9sre, amikor a vibr\u00e1l\u00f3 naps\u00fct\u00e9sben \u00fajra beveheted kedvenc dombjaidat, ugye?\" \/>\n<meta name=\"robots\" content=\"index, follow, max-snippet:-1, max-image-preview:large, max-video-preview:-1\" \/>\n<link rel=\"canonical\" href=\"https:\/\/www.welovecycling.com\/hu\/trekking-mtb\/tavaszi-montis-hibak-amiket-mindenki-elkovet\/\" \/>\n<meta property=\"og:locale\" content=\"hu_HU\" \/>\n<meta property=\"og:type\" content=\"article\" \/>\n<meta property=\"og:title\" content=\"Tavaszi montis hib\u00e1k, amiket mindenki elk\u00f6vet\" \/>\n<meta property=\"og:description\" content=\"M\u00e1r alaposan benne j\u00e1runk a tavaszban \u00e9s a monti-szezonban, azonban m\u00e9g sokan nem szoktunk vissza a nyereghez. Semmi sem foghat\u00f3 az \u00e9rz\u00e9sre, amikor a vibr\u00e1l\u00f3 naps\u00fct\u00e9sben \u00fajra beveheted kedvenc dombjaidat, ugye?\" \/>\n<meta property=\"og:url\" content=\"https:\/\/www.welovecycling.com\/hu\/trekking-mtb\/tavaszi-montis-hibak-amiket-mindenki-elkovet\/\" \/>\n<meta property=\"og:site_name\" content=\"\u0160koda We Love Cycling - Magyarorsz\u00e1g\" \/>\n<meta property=\"article:publisher\" content=\"https:\/\/www.facebook.com\/WeLoveCyclingHungary\/\" \/>\n<meta property=\"article:published_time\" content=\"2022-05-31T06:00:06+00:00\" \/>\n<meta property=\"og:image\" content=\"https:\/\/d2p6e6u75xmxt8.cloudfront.net\/12\/2022\/05\/Spring-MTB-profimedia-0690850056-CVR.jpg\" \/>\n\t<meta property=\"og:image:width\" content=\"990\" \/>\n\t<meta property=\"og:image:height\" content=\"660\" \/>\n\t<meta property=\"og:image:type\" content=\"image\/jpeg\" \/>\n<meta name=\"author\" content=\"hegyizs\" \/>\n<meta name=\"twitter:card\" content=\"summary_large_image\" \/>\n<meta name=\"twitter:label1\" content=\"Written by\" \/>\n\t<meta name=\"twitter:data1\" content=\"Martin Atanasov\" \/>\n\t<meta name=\"twitter:label2\" content=\"Est. reading time\" \/>\n\t<meta name=\"twitter:data2\" content=\"6\" \/>\n<script type=\"application\/ld+json\" class=\"yoast-schema-graph\">{\"@context\":\"https:\/\/schema.org\",\"@graph\":[{\"@type\":\"WebPage\",\"@id\":\"https:\/\/www.welovecycling.com\/hu\/trekking-mtb\/tavaszi-montis-hibak-amiket-mindenki-elkovet\/\",\"url\":\"https:\/\/www.welovecycling.com\/hu\/trekking-mtb\/tavaszi-montis-hibak-amiket-mindenki-elkovet\/\",\"name\":\"Tavaszi montis hib\u00e1k, amiket mindenki elk\u00f6vet\",\"isPartOf\":{\"@id\":\"https:\/\/www.welovecycling.com\/hu\/#website\"},\"primaryImageOfPage\":{\"@id\":\"https:\/\/www.welovecycling.com\/hu\/trekking-mtb\/tavaszi-montis-hibak-amiket-mindenki-elkovet\/#primaryimage\"},\"image\":{\"@id\":\"https:\/\/www.welovecycling.com\/hu\/trekking-mtb\/tavaszi-montis-hibak-amiket-mindenki-elkovet\/#primaryimage\"},\"thumbnailUrl\":\"https:\/\/d2p6e6u75xmxt8.cloudfront.net\/12\/2022\/05\/Spring-MTB-profimedia-0690850056-CVR.jpg\",\"datePublished\":\"2022-05-31T06:00:06+00:00\",\"author\":{\"@id\":\"https:\/\/www.welovecycling.com\/hu\/#\/schema\/person\/414a2aebf1801691a5320edb6468e194\"},\"description\":\"M\u00e1r alaposan benne j\u00e1runk a tavaszban \u00e9s a monti-szezonban, azonban m\u00e9g sokan nem szoktunk vissza a nyereghez. Semmi sem foghat\u00f3 az \u00e9rz\u00e9sre, amikor a vibr\u00e1l\u00f3 naps\u00fct\u00e9sben \u00fajra beveheted kedvenc dombjaidat, ugye?\",\"breadcrumb\":{\"@id\":\"https:\/\/www.welovecycling.com\/hu\/trekking-mtb\/tavaszi-montis-hibak-amiket-mindenki-elkovet\/#breadcrumb\"},\"inLanguage\":\"hu\",\"potentialAction\":[{\"@type\":\"ReadAction\",\"target\":[\"https:\/\/www.welovecycling.com\/hu\/trekking-mtb\/tavaszi-montis-hibak-amiket-mindenki-elkovet\/\"]}]},{\"@type\":\"ImageObject\",\"inLanguage\":\"hu\",\"@id\":\"https:\/\/www.welovecycling.com\/hu\/trekking-mtb\/tavaszi-montis-hibak-amiket-mindenki-elkovet\/#primaryimage\",\"url\":\"https:\/\/d2p6e6u75xmxt8.cloudfront.net\/12\/2022\/05\/Spring-MTB-profimedia-0690850056-CVR.jpg\",\"contentUrl\":\"https:\/\/d2p6e6u75xmxt8.cloudfront.net\/12\/2022\/05\/Spring-MTB-profimedia-0690850056-CVR.jpg\",\"width\":990,\"height\":660,\"caption\":\"Spring MTB\"},{\"@type\":\"BreadcrumbList\",\"@id\":\"https:\/\/www.welovecycling.com\/hu\/trekking-mtb\/tavaszi-montis-hibak-amiket-mindenki-elkovet\/#breadcrumb\",\"itemListElement\":[{\"@type\":\"ListItem\",\"position\":1,\"name\":\"Home\",\"item\":\"https:\/\/www.welovecycling.com\/hu\/\"},{\"@type\":\"ListItem\",\"position\":2,\"name\":\"Tavaszi montis hib\u00e1k, amiket mindenki elk\u00f6vet\"}]},{\"@type\":\"WebSite\",\"@id\":\"https:\/\/www.welovecycling.com\/hu\/#website\",\"url\":\"https:\/\/www.welovecycling.com\/hu\/\",\"name\":\"\u0160koda We Love Cycling - Magyarorsz\u00e1g\",\"description\":\"\u0160koda WeLoveCycling\",\"potentialAction\":[{\"@type\":\"SearchAction\",\"target\":{\"@type\":\"EntryPoint\",\"urlTemplate\":\"https:\/\/www.welovecycling.com\/hu\/?s={search_term_string}\"},\"query-input\":{\"@type\":\"PropertyValueSpecification\",\"valueRequired\":true,\"valueName\":\"search_term_string\"}}],\"inLanguage\":\"hu\"},{\"@type\":\"Person\",\"@id\":\"https:\/\/www.welovecycling.com\/hu\/#\/schema\/person\/414a2aebf1801691a5320edb6468e194\",\"name\":\"hegyizs\",\"image\":{\"@type\":\"ImageObject\",\"inLanguage\":\"hu\",\"@id\":\"https:\/\/www.welovecycling.com\/hu\/#\/schema\/person\/image\/\",\"url\":\"https:\/\/secure.gravatar.com\/avatar\/02cf8a7906b8cf90cecb4679defac7cfd33a1c2e3b88e4903d947f3bb58eedd3?s=96&d=mm&r=g\",\"contentUrl\":\"https:\/\/secure.gravatar.com\/avatar\/02cf8a7906b8cf90cecb4679defac7cfd33a1c2e3b88e4903d947f3bb58eedd3?s=96&d=mm&r=g\",\"caption\":\"hegyizs\"},\"url\":\"https:\/\/www.welovecycling.com\/hu\/author\/hegyizs\/\"}]}<\/script>\n<!-- \/ Yoast SEO Premium plugin. -->","yoast_head_json":{"title":"Tavaszi montis hib\u00e1k, amiket mindenki elk\u00f6vet","description":"M\u00e1r alaposan benne j\u00e1runk a tavaszban \u00e9s a monti-szezonban, azonban m\u00e9g sokan nem szoktunk vissza a nyereghez. Semmi sem foghat\u00f3 az \u00e9rz\u00e9sre, amikor a vibr\u00e1l\u00f3 naps\u00fct\u00e9sben \u00fajra beveheted kedvenc dombjaidat, ugye?","robots":{"index":"index","follow":"follow","max-snippet":"max-snippet:-1","max-image-preview":"max-image-preview:large","max-video-preview":"max-video-preview:-1"},"canonical":"https:\/\/www.welovecycling.com\/hu\/trekking-mtb\/tavaszi-montis-hibak-amiket-mindenki-elkovet\/","og_locale":"hu_HU","og_type":"article","og_title":"Tavaszi montis hib\u00e1k, amiket mindenki elk\u00f6vet","og_description":"M\u00e1r alaposan benne j\u00e1runk a tavaszban \u00e9s a monti-szezonban, azonban m\u00e9g sokan nem szoktunk vissza a nyereghez. Semmi sem foghat\u00f3 az \u00e9rz\u00e9sre, amikor a vibr\u00e1l\u00f3 naps\u00fct\u00e9sben \u00fajra beveheted kedvenc dombjaidat, ugye?","og_url":"https:\/\/www.welovecycling.com\/hu\/trekking-mtb\/tavaszi-montis-hibak-amiket-mindenki-elkovet\/","og_site_name":"\u0160koda We Love Cycling - Magyarorsz\u00e1g","article_publisher":"https:\/\/www.facebook.com\/WeLoveCyclingHungary\/","article_published_time":"2022-05-31T06:00:06+00:00","og_image":[{"width":990,"height":660,"url":"https:\/\/d2p6e6u75xmxt8.cloudfront.net\/12\/2022\/05\/Spring-MTB-profimedia-0690850056-CVR.jpg","type":"image\/jpeg"}],"author":"hegyizs","twitter_card":"summary_large_image","twitter_misc":{"Written by":"Martin Atanasov","Est. reading time":"6"},"schema":{"@context":"https:\/\/schema.org","@graph":[{"@type":"WebPage","@id":"https:\/\/www.welovecycling.com\/hu\/trekking-mtb\/tavaszi-montis-hibak-amiket-mindenki-elkovet\/","url":"https:\/\/www.welovecycling.com\/hu\/trekking-mtb\/tavaszi-montis-hibak-amiket-mindenki-elkovet\/","name":"Tavaszi montis hib\u00e1k, amiket mindenki elk\u00f6vet","isPartOf":{"@id":"https:\/\/www.welovecycling.com\/hu\/#website"},"primaryImageOfPage":{"@id":"https:\/\/www.welovecycling.com\/hu\/trekking-mtb\/tavaszi-montis-hibak-amiket-mindenki-elkovet\/#primaryimage"},"image":{"@id":"https:\/\/www.welovecycling.com\/hu\/trekking-mtb\/tavaszi-montis-hibak-amiket-mindenki-elkovet\/#primaryimage"},"thumbnailUrl":"https:\/\/d2p6e6u75xmxt8.cloudfront.net\/12\/2022\/05\/Spring-MTB-profimedia-0690850056-CVR.jpg","datePublished":"2022-05-31T06:00:06+00:00","author":{"@id":"https:\/\/www.welovecycling.com\/hu\/#\/schema\/person\/414a2aebf1801691a5320edb6468e194"},"description":"M\u00e1r alaposan benne j\u00e1runk a tavaszban \u00e9s a monti-szezonban, azonban m\u00e9g sokan nem szoktunk vissza a nyereghez. Semmi sem foghat\u00f3 az \u00e9rz\u00e9sre, amikor a vibr\u00e1l\u00f3 naps\u00fct\u00e9sben \u00fajra beveheted kedvenc dombjaidat, ugye?","breadcrumb":{"@id":"https:\/\/www.welovecycling.com\/hu\/trekking-mtb\/tavaszi-montis-hibak-amiket-mindenki-elkovet\/#breadcrumb"},"inLanguage":"hu","potentialAction":[{"@type":"ReadAction","target":["https:\/\/www.welovecycling.com\/hu\/trekking-mtb\/tavaszi-montis-hibak-amiket-mindenki-elkovet\/"]}]},{"@type":"ImageObject","inLanguage":"hu","@id":"https:\/\/www.welovecycling.com\/hu\/trekking-mtb\/tavaszi-montis-hibak-amiket-mindenki-elkovet\/#primaryimage","url":"https:\/\/d2p6e6u75xmxt8.cloudfront.net\/12\/2022\/05\/Spring-MTB-profimedia-0690850056-CVR.jpg","contentUrl":"https:\/\/d2p6e6u75xmxt8.cloudfront.net\/12\/2022\/05\/Spring-MTB-profimedia-0690850056-CVR.jpg","width":990,"height":660,"caption":"Spring MTB"},{"@type":"BreadcrumbList","@id":"https:\/\/www.welovecycling.com\/hu\/trekking-mtb\/tavaszi-montis-hibak-amiket-mindenki-elkovet\/#breadcrumb","itemListElement":[{"@type":"ListItem","position":1,"name":"Home","item":"https:\/\/www.welovecycling.com\/hu\/"},{"@type":"ListItem","position":2,"name":"Tavaszi montis hib\u00e1k, amiket mindenki elk\u00f6vet"}]},{"@type":"WebSite","@id":"https:\/\/www.welovecycling.com\/hu\/#website","url":"https:\/\/www.welovecycling.com\/hu\/","name":"\u0160koda We Love Cycling - Magyarorsz\u00e1g","description":"\u0160koda WeLoveCycling","potentialAction":[{"@type":"SearchAction","target":{"@type":"EntryPoint","urlTemplate":"https:\/\/www.welovecycling.com\/hu\/?s={search_term_string}"},"query-input":{"@type":"PropertyValueSpecification","valueRequired":true,"valueName":"search_term_string"}}],"inLanguage":"hu"},{"@type":"Person","@id":"https:\/\/www.welovecycling.com\/hu\/#\/schema\/person\/414a2aebf1801691a5320edb6468e194","name":"hegyizs","image":{"@type":"ImageObject","inLanguage":"hu","@id":"https:\/\/www.welovecycling.com\/hu\/#\/schema\/person\/image\/","url":"https:\/\/secure.gravatar.com\/avatar\/02cf8a7906b8cf90cecb4679defac7cfd33a1c2e3b88e4903d947f3bb58eedd3?s=96&d=mm&r=g","contentUrl":"https:\/\/secure.gravatar.com\/avatar\/02cf8a7906b8cf90cecb4679defac7cfd33a1c2e3b88e4903d947f3bb58eedd3?s=96&d=mm&r=g","caption":"hegyizs"},"url":"https:\/\/www.welovecycling.com\/hu\/author\/hegyizs\/"}]}},"_links":{"self":[{"href":"https:\/\/www.welovecycling.com\/hu\/wp-json\/wp\/v2\/posts\/15098","targetHints":{"allow":["GET"]}}],"collection":[{"href":"https:\/\/www.welovecycling.com\/hu\/wp-json\/wp\/v2\/posts"}],"about":[{"href":"https:\/\/www.welovecycling.com\/hu\/wp-json\/wp\/v2\/types\/post"}],"author":[{"embeddable":true,"href":"https:\/\/www.welovecycling.com\/hu\/wp-json\/wp\/v2\/users\/71"}],"replies":[{"embeddable":true,"href":"https:\/\/www.welovecycling.com\/hu\/wp-json\/wp\/v2\/comments?post=15098"}],"version-history":[{"count":2,"href":"https:\/\/www.welovecycling.com\/hu\/wp-json\/wp\/v2\/posts\/15098\/revisions"}],"predecessor-version":[{"id":15115,"href":"https:\/\/www.welovecycling.com\/hu\/wp-json\/wp\/v2\/posts\/15098\/revisions\/15115"}],"wp:featuredmedia":[{"embeddable":true,"href":"https:\/\/www.welovecycling.com\/hu\/wp-json\/wp\/v2\/media\/15101"}],"wp:attachment":[{"href":"https:\/\/www.welovecycling.com\/hu\/wp-json\/wp\/v2\/media?parent=15098"}],"wp:term":[{"taxonomy":"category","embeddable":true,"href":"https:\/\/www.welovecycling.com\/hu\/wp-json\/wp\/v2\/categories?post=15098"},{"taxonomy":"post_tag","embeddable":true,"href":"https:\/\/www.welovecycling.com\/hu\/wp-json\/wp\/v2\/tags?post=15098"},{"taxonomy":"global-categories","embeddable":true,"href":"https:\/\/www.welovecycling.com\/hu\/wp-json\/wp\/v2\/global-categories?post=15098"}],"curies":[{"name":"wp","href":"https:\/\/api.w.org\/{rel}","templated":true}]}}