{"id":15091,"date":"2022-05-26T09:42:04","date_gmt":"2022-05-26T07:42:04","guid":{"rendered":"https:\/\/www.welovecycling.com\/hu\/?p=15091"},"modified":"2022-05-26T17:38:51","modified_gmt":"2022-05-26T15:38:51","slug":"tour-de-hongrie-2022-igy-zajlott-veletek","status":"publish","type":"post","link":"https:\/\/www.welovecycling.com\/hu\/tdh2022\/tour-de-hongrie-2022-igy-zajlott-veletek\/","title":{"rendered":"Tour de Hongrie 2022 \u2013 \u00cdgy zajlott, veletek"},"content":{"rendered":"<p><strong>M\u00e9g soha nem teljes\u00edtett\u00e9k annyian a TdH-szakaszokat mint az idei verseny alatt, amikor nem csak a mez\u0151ny \u00e1llt rajthoz, hanem ti is, hogy bebizony\u00edts\u00e1tok: kitart\u00e1sban vagytok olyan j\u00f3k, mint \u0151k.<\/strong><\/p>\n<p>K\u00e9t VIP-bel\u00e9p\u0151t \u00e9s egy bring\u00e1s aj\u00e1nd\u00e9kcsomagot osztottunk ki, a \u0160koda felaj\u00e1nl\u00e1s\u00e1val. A m\u00e1rka r\u00e9g\u00f3ta partnere a Magyar K\u00f6rversenynek, k\u00eds\u00e9r\u0151aut\u00f3kat, a z\u00f6ld trik\u00f3 d\u00edj\u00e1t \u00e9s a versenyigazgat\u00f3, Szilasi L\u00e1szl\u00f3 irod\u00e1jak\u00e9nt is funkcion\u00e1l\u00f3 aut\u00f3j\u00e1t is a \u0160koda biztos\u00edtja. Id\u00e9n ism\u00e9t az elektromos ENYAQ iV modell vezette a vil\u00e1gmez\u0151nyt, \u00edgy nem kellett felesleg k\u00e1rosanyagot besz\u00edvniuk a sportol\u00f3knak. A k\u00f6rnyezetv\u00e9delem mellett rengeteg m\u00e1s el\u0151nye is van a modellnek, <a href=\"https:\/\/www.welovecycling.com\/hu\/skoda\/10-dolog-amit-imadunk-benne-az-elektromos-skoda-enyaq-iv-a-bringasok-legjobb-baratja\/\">ami megk\u00f6nny\u00edti a bring\u00e1sok \u00e9let\u00e9t<\/a>. Igen, az amat\u0151r\u00f6k\u00e9t is.<\/p>\n<p>M\u00e9g a verseny el\u0151tt siker\u00fclt elkapnunk h\u00e1rom fontos karaktert, akik mind k\u00fcl\u00f6nb\u00f6z\u0151 szemsz\u00f6gb\u0151l mutatt\u00e1k meg, milyen is egy nemzetk\u00f6zi k\u00f6r: <a href=\"https:\/\/www.welovecycling.com\/hu\/tdh2022\/szilasi-laszlo-a-tdh-versenyigazgatoja-vilagsztarok-es-az-elvakito-adrenalin-wlc-x-skoda-podcast\/\">Szilasi L\u00e1szl\u00f3<\/a>, aki a fent eml\u00edtett piros \u0160koda ENYAQ iV modellb\u0151l kihajolva lengeti a z\u00e1szl\u00f3t, az\u00e9rt felel, hogy a versenyen minden rendben menjen. \u00c9s az\u00e9rt is, hogy legyenek versenyz\u0151k, m\u00e9ghozz\u00e1 olyan csapatokb\u00f3l, mint amilyen az INEOS, a Quick-Step, de a 11 megjelent World Team b\u00e1rmelyik\u00e9t a list\u00e1hoz \u00edrhatn\u00e1nk. <a href=\"https:\/\/www.welovecycling.com\/hu\/tdh2022\/eisenkrammer-karoly-a-tdh-foszervezoje-oromkonnyek-es-a-verseny-jovoje-wlc-x-skoda-podcast\/\">Eisenkrammer K\u00e1roly, a f\u0151szervez\u0151<\/a> az idei munk\u00e1r\u00f3l, a verseny fejl\u0151d\u00e9s\u00e9r\u0151l \u00e9s a j\u00f6v\u0151 terveir\u0151l besz\u00e9lt a podcast sor\u00e1n, <a href=\"https:\/\/www.welovecycling.com\/hu\/tdh2022\/filutas-viktor-a-tdh-versenyzoje-egy-traumatikus-mult-es-egy-izgalmas-jelen-wlc-x-skoda-podcast\/\">Filut\u00e1s Viktor<\/a> pedig egy\u00e9ni t\u00f6rekv\u00e9seir\u0151l, kor\u00e1bbi csapat\u00e1r\u00f3l, bringalop\u00e1sr\u00f3l \u00e9s egy rossz id\u0151szakot k\u00f6vet\u0151 rem\u00e9nyr\u0151l mes\u00e9lt. <a href=\"https:\/\/www.welovecycling.com\/hu\/tdh2022\/sztarparade-es-magyar-szokevenyek-a-tour-de-hongrie-elso-napjan\/\">Filu sajnos a verseny elej\u00e9n bukott<\/a>, \u00e9s b\u00e1r az orvosi tan\u00e1csok ellen\u00e9re vissza\u00e1llt a mez\u0151nybe, nem tudott \u00fagy teljes\u00edteni, ahogy szeretett volna.<\/p>\n<p>Rengeteg izgalom t\u00f6rt\u00e9nt a verseny minden szakasz\u00e1n, ha valamir\u0151l lemaradtatok, <a href=\"https:\/\/www.welovecycling.com\/hu\/category\/tdh2022\/napi-osszefoglalo-tdh2022\/\">napi tud\u00f3s\u00edt\u00e1sainkat itt olvashatj\u00e1tok vissza<\/a>. H\u00edrlevel\u00fcnkben is besz\u00e1moltunk az aktualit\u00e1sokr\u00f3l, mind a h\u00edreket, mind a nyerem\u00e9nyj\u00e1t\u00e9kunkat illet\u0151en \u2013 ha esetleg lemaradt\u00e1l a feliratkoz\u00e1sr\u00f3l, <a href=\"https:\/\/www.welovecycling.com\/hu\/hirlevel\/\">itt tudod ezt p\u00f3tolni,<\/a> hogy a k\u00f6vetkez\u0151 alkalommal m\u00e1r te is naprak\u00e9sz legy\u00e9l!<\/p>\n<p>\u00c9s ha m\u00e1r a nyerem\u00e9nyj\u00e1t\u00e9kr\u00f3l van sz\u00f3: csod\u00e1latosak voltatok most is! Gazd\u00e1ra tal\u00e1lt a k\u00e9t VIP-bel\u00e9p\u0151jegy \u00e9s a bring\u00e1s aj\u00e1nd\u00e9kcsomag is. A kir\u00e1lyetapot Zsolt \u00e9s fia n\u00e9zhette \u00e9l\u0151ben, a VIP-szektorb\u00f3l, amir\u0151l <a href=\"https:\/\/www.welovecycling.com\/hu\/kozosseg-es-kultura\/tour-de-hongrie-vip-szemmel-a-nyertes-beszamoloja\/\">be is sz\u00e1moltak nek\u00fcnk<\/a>, az aj\u00e1nd\u00e9kcsomagot pedig Bettina vihette haza. Gratul\u00e1lunk a nyerteseknek, \u00e9s mindenkinek, aki etapot teljes\u00edtett!<\/p>\n<p>J\u00f6v\u0151re \u00fajra megtapasztalhatj\u00e1tok, milyen profi bring\u00e1snak lenni, rem\u00e9lj\u00fck, ism\u00e9t vel\u00fcnk szurkoltok majd a legnagyobb szt\u00e1roknak \u00e9s persze a magyar csapatnak! Addig is k\u00e9sz\u00fcljetek saj\u00e1t kih\u00edv\u00e1saitokra, tekerjetek sokat \u00e9s kellemes h\u00e1tsz\u00e9l k\u00eds\u00e9rjen titeket utatokon!<\/p>\n","protected":false},"excerpt":{"rendered":"<p>M\u00e9g soha nem teljes\u00edtett\u00e9k annyian a TdH-szakaszokat mint az idei verseny alatt, amikor nem csak a mez\u0151ny \u00e1llt rajthoz, hanem [&hellip;]<\/p>\n","protected":false},"author":145,"featured_media":15092,"comment_status":"open","ping_status":"open","sticky":false,"template":"","format":"standard","meta":{"footnotes":""},"categories":[471],"tags":[],"global-categories":[419],"class_list":["post-15091","post","type-post","status-publish","format-standard","has-post-thumbnail","hentry","category-tdh2022","global-categories-cycling"],"yoast_head":"<!-- This site is optimized with the Yoast SEO Premium plugin v25.3 (Yoast SEO v25.9) - https:\/\/yoast.com\/wordpress\/plugins\/seo\/ -->\n<title>Tour de Hongrie 2022 \u2013 \u00cdgy zajlott, veletek - \u0160koda We Love Cycling - Magyarorsz\u00e1g<\/title>\n<meta name=\"robots\" content=\"index, follow, max-snippet:-1, max-image-preview:large, max-video-preview:-1\" \/>\n<link rel=\"canonical\" href=\"https:\/\/www.welovecycling.com\/hu\/tdh2022\/tour-de-hongrie-2022-igy-zajlott-veletek\/\" \/>\n<meta property=\"og:locale\" content=\"hu_HU\" \/>\n<meta property=\"og:type\" content=\"article\" \/>\n<meta property=\"og:title\" content=\"Tour de Hongrie 2022 \u2013 \u00cdgy zajlott, veletek\" \/>\n<meta property=\"og:description\" content=\"M\u00e9g soha nem teljes\u00edtett\u00e9k annyian a TdH-szakaszokat mint az idei verseny alatt, amikor nem csak a mez\u0151ny \u00e1llt rajthoz, hanem [&hellip;]\" \/>\n<meta property=\"og:url\" content=\"https:\/\/www.welovecycling.com\/hu\/tdh2022\/tour-de-hongrie-2022-igy-zajlott-veletek\/\" \/>\n<meta property=\"og:site_name\" content=\"\u0160koda We Love Cycling - Magyarorsz\u00e1g\" \/>\n<meta property=\"article:publisher\" content=\"https:\/\/www.facebook.com\/WeLoveCyclingHungary\/\" \/>\n<meta property=\"article:published_time\" content=\"2022-05-26T07:42:04+00:00\" \/>\n<meta property=\"article:modified_time\" content=\"2022-05-26T15:38:51+00:00\" \/>\n<meta property=\"og:image\" content=\"https:\/\/d2p6e6u75xmxt8.cloudfront.net\/12\/2022\/05\/vip_NYEREMENY_PNG-min.png\" \/>\n\t<meta property=\"og:image:width\" content=\"879\" \/>\n\t<meta property=\"og:image:height\" content=\"436\" \/>\n\t<meta property=\"og:image:type\" content=\"image\/png\" \/>\n<meta name=\"author\" content=\"kitti\" \/>\n<meta name=\"twitter:card\" content=\"summary_large_image\" \/>\n<meta name=\"twitter:label1\" content=\"Written by\" \/>\n\t<meta name=\"twitter:data1\" content=\"We Love Cycling\" \/>\n\t<meta name=\"twitter:label2\" content=\"Est. reading time\" \/>\n\t<meta name=\"twitter:data2\" content=\"3 minutes\" \/>\n<script type=\"application\/ld+json\" class=\"yoast-schema-graph\">{\"@context\":\"https:\/\/schema.org\",\"@graph\":[{\"@type\":\"WebPage\",\"@id\":\"https:\/\/www.welovecycling.com\/hu\/tdh2022\/tour-de-hongrie-2022-igy-zajlott-veletek\/\",\"url\":\"https:\/\/www.welovecycling.com\/hu\/tdh2022\/tour-de-hongrie-2022-igy-zajlott-veletek\/\",\"name\":\"Tour de Hongrie 2022 \u2013 \u00cdgy zajlott, veletek - \u0160koda We Love Cycling - Magyarorsz\u00e1g\",\"isPartOf\":{\"@id\":\"https:\/\/www.welovecycling.com\/hu\/#website\"},\"primaryImageOfPage\":{\"@id\":\"https:\/\/www.welovecycling.com\/hu\/tdh2022\/tour-de-hongrie-2022-igy-zajlott-veletek\/#primaryimage\"},\"image\":{\"@id\":\"https:\/\/www.welovecycling.com\/hu\/tdh2022\/tour-de-hongrie-2022-igy-zajlott-veletek\/#primaryimage\"},\"thumbnailUrl\":\"https:\/\/d2p6e6u75xmxt8.cloudfront.net\/12\/2022\/05\/vip_NYEREMENY_PNG-min.png\",\"datePublished\":\"2022-05-26T07:42:04+00:00\",\"dateModified\":\"2022-05-26T15:38:51+00:00\",\"author\":{\"@id\":\"https:\/\/www.welovecycling.com\/hu\/#\/schema\/person\/bec7dcdbcc59f58489cf603e4040ced1\"},\"breadcrumb\":{\"@id\":\"https:\/\/www.welovecycling.com\/hu\/tdh2022\/tour-de-hongrie-2022-igy-zajlott-veletek\/#breadcrumb\"},\"inLanguage\":\"hu\",\"potentialAction\":[{\"@type\":\"ReadAction\",\"target\":[\"https:\/\/www.welovecycling.com\/hu\/tdh2022\/tour-de-hongrie-2022-igy-zajlott-veletek\/\"]}]},{\"@type\":\"ImageObject\",\"inLanguage\":\"hu\",\"@id\":\"https:\/\/www.welovecycling.com\/hu\/tdh2022\/tour-de-hongrie-2022-igy-zajlott-veletek\/#primaryimage\",\"url\":\"https:\/\/d2p6e6u75xmxt8.cloudfront.net\/12\/2022\/05\/vip_NYEREMENY_PNG-min.png\",\"contentUrl\":\"https:\/\/d2p6e6u75xmxt8.cloudfront.net\/12\/2022\/05\/vip_NYEREMENY_PNG-min.png\",\"width\":879,\"height\":436},{\"@type\":\"BreadcrumbList\",\"@id\":\"https:\/\/www.welovecycling.com\/hu\/tdh2022\/tour-de-hongrie-2022-igy-zajlott-veletek\/#breadcrumb\",\"itemListElement\":[{\"@type\":\"ListItem\",\"position\":1,\"name\":\"Home\",\"item\":\"https:\/\/www.welovecycling.com\/hu\/\"},{\"@type\":\"ListItem\",\"position\":2,\"name\":\"Tour de Hongrie 2022 \u2013 \u00cdgy zajlott, veletek\"}]},{\"@type\":\"WebSite\",\"@id\":\"https:\/\/www.welovecycling.com\/hu\/#website\",\"url\":\"https:\/\/www.welovecycling.com\/hu\/\",\"name\":\"\u0160koda We Love Cycling - Magyarorsz\u00e1g\",\"description\":\"\u0160koda WeLoveCycling\",\"potentialAction\":[{\"@type\":\"SearchAction\",\"target\":{\"@type\":\"EntryPoint\",\"urlTemplate\":\"https:\/\/www.welovecycling.com\/hu\/?s={search_term_string}\"},\"query-input\":{\"@type\":\"PropertyValueSpecification\",\"valueRequired\":true,\"valueName\":\"search_term_string\"}}],\"inLanguage\":\"hu\"},{\"@type\":\"Person\",\"@id\":\"https:\/\/www.welovecycling.com\/hu\/#\/schema\/person\/bec7dcdbcc59f58489cf603e4040ced1\",\"name\":\"kitti\",\"image\":{\"@type\":\"ImageObject\",\"inLanguage\":\"hu\",\"@id\":\"https:\/\/www.welovecycling.com\/hu\/#\/schema\/person\/image\/\",\"url\":\"https:\/\/secure.gravatar.com\/avatar\/e3196a110e1b57b96f56d92d10ce9bb4e9d7210076832a16243337e949410b52?s=96&d=mm&r=g\",\"contentUrl\":\"https:\/\/secure.gravatar.com\/avatar\/e3196a110e1b57b96f56d92d10ce9bb4e9d7210076832a16243337e949410b52?s=96&d=mm&r=g\",\"caption\":\"kitti\"},\"url\":\"https:\/\/www.welovecycling.com\/hu\/author\/kitti\/\"}]}<\/script>\n<!-- \/ Yoast SEO Premium plugin. -->","yoast_head_json":{"title":"Tour de Hongrie 2022 \u2013 \u00cdgy zajlott, veletek - \u0160koda We Love Cycling - Magyarorsz\u00e1g","robots":{"index":"index","follow":"follow","max-snippet":"max-snippet:-1","max-image-preview":"max-image-preview:large","max-video-preview":"max-video-preview:-1"},"canonical":"https:\/\/www.welovecycling.com\/hu\/tdh2022\/tour-de-hongrie-2022-igy-zajlott-veletek\/","og_locale":"hu_HU","og_type":"article","og_title":"Tour de Hongrie 2022 \u2013 \u00cdgy zajlott, veletek","og_description":"M\u00e9g soha nem teljes\u00edtett\u00e9k annyian a TdH-szakaszokat mint az idei verseny alatt, amikor nem csak a mez\u0151ny \u00e1llt rajthoz, hanem [&hellip;]","og_url":"https:\/\/www.welovecycling.com\/hu\/tdh2022\/tour-de-hongrie-2022-igy-zajlott-veletek\/","og_site_name":"\u0160koda We Love Cycling - Magyarorsz\u00e1g","article_publisher":"https:\/\/www.facebook.com\/WeLoveCyclingHungary\/","article_published_time":"2022-05-26T07:42:04+00:00","article_modified_time":"2022-05-26T15:38:51+00:00","og_image":[{"width":879,"height":436,"url":"https:\/\/d2p6e6u75xmxt8.cloudfront.net\/12\/2022\/05\/vip_NYEREMENY_PNG-min.png","type":"image\/png"}],"author":"kitti","twitter_card":"summary_large_image","twitter_misc":{"Written by":"We Love Cycling","Est. reading time":"3 minutes"},"schema":{"@context":"https:\/\/schema.org","@graph":[{"@type":"WebPage","@id":"https:\/\/www.welovecycling.com\/hu\/tdh2022\/tour-de-hongrie-2022-igy-zajlott-veletek\/","url":"https:\/\/www.welovecycling.com\/hu\/tdh2022\/tour-de-hongrie-2022-igy-zajlott-veletek\/","name":"Tour de Hongrie 2022 \u2013 \u00cdgy zajlott, veletek - \u0160koda We Love Cycling - Magyarorsz\u00e1g","isPartOf":{"@id":"https:\/\/www.welovecycling.com\/hu\/#website"},"primaryImageOfPage":{"@id":"https:\/\/www.welovecycling.com\/hu\/tdh2022\/tour-de-hongrie-2022-igy-zajlott-veletek\/#primaryimage"},"image":{"@id":"https:\/\/www.welovecycling.com\/hu\/tdh2022\/tour-de-hongrie-2022-igy-zajlott-veletek\/#primaryimage"},"thumbnailUrl":"https:\/\/d2p6e6u75xmxt8.cloudfront.net\/12\/2022\/05\/vip_NYEREMENY_PNG-min.png","datePublished":"2022-05-26T07:42:04+00:00","dateModified":"2022-05-26T15:38:51+00:00","author":{"@id":"https:\/\/www.welovecycling.com\/hu\/#\/schema\/person\/bec7dcdbcc59f58489cf603e4040ced1"},"breadcrumb":{"@id":"https:\/\/www.welovecycling.com\/hu\/tdh2022\/tour-de-hongrie-2022-igy-zajlott-veletek\/#breadcrumb"},"inLanguage":"hu","potentialAction":[{"@type":"ReadAction","target":["https:\/\/www.welovecycling.com\/hu\/tdh2022\/tour-de-hongrie-2022-igy-zajlott-veletek\/"]}]},{"@type":"ImageObject","inLanguage":"hu","@id":"https:\/\/www.welovecycling.com\/hu\/tdh2022\/tour-de-hongrie-2022-igy-zajlott-veletek\/#primaryimage","url":"https:\/\/d2p6e6u75xmxt8.cloudfront.net\/12\/2022\/05\/vip_NYEREMENY_PNG-min.png","contentUrl":"https:\/\/d2p6e6u75xmxt8.cloudfront.net\/12\/2022\/05\/vip_NYEREMENY_PNG-min.png","width":879,"height":436},{"@type":"BreadcrumbList","@id":"https:\/\/www.welovecycling.com\/hu\/tdh2022\/tour-de-hongrie-2022-igy-zajlott-veletek\/#breadcrumb","itemListElement":[{"@type":"ListItem","position":1,"name":"Home","item":"https:\/\/www.welovecycling.com\/hu\/"},{"@type":"ListItem","position":2,"name":"Tour de Hongrie 2022 \u2013 \u00cdgy zajlott, veletek"}]},{"@type":"WebSite","@id":"https:\/\/www.welovecycling.com\/hu\/#website","url":"https:\/\/www.welovecycling.com\/hu\/","name":"\u0160koda We Love Cycling - Magyarorsz\u00e1g","description":"\u0160koda WeLoveCycling","potentialAction":[{"@type":"SearchAction","target":{"@type":"EntryPoint","urlTemplate":"https:\/\/www.welovecycling.com\/hu\/?s={search_term_string}"},"query-input":{"@type":"PropertyValueSpecification","valueRequired":true,"valueName":"search_term_string"}}],"inLanguage":"hu"},{"@type":"Person","@id":"https:\/\/www.welovecycling.com\/hu\/#\/schema\/person\/bec7dcdbcc59f58489cf603e4040ced1","name":"kitti","image":{"@type":"ImageObject","inLanguage":"hu","@id":"https:\/\/www.welovecycling.com\/hu\/#\/schema\/person\/image\/","url":"https:\/\/secure.gravatar.com\/avatar\/e3196a110e1b57b96f56d92d10ce9bb4e9d7210076832a16243337e949410b52?s=96&d=mm&r=g","contentUrl":"https:\/\/secure.gravatar.com\/avatar\/e3196a110e1b57b96f56d92d10ce9bb4e9d7210076832a16243337e949410b52?s=96&d=mm&r=g","caption":"kitti"},"url":"https:\/\/www.welovecycling.com\/hu\/author\/kitti\/"}]}},"_links":{"self":[{"href":"https:\/\/www.welovecycling.com\/hu\/wp-json\/wp\/v2\/posts\/15091","targetHints":{"allow":["GET"]}}],"collection":[{"href":"https:\/\/www.welovecycling.com\/hu\/wp-json\/wp\/v2\/posts"}],"about":[{"href":"https:\/\/www.welovecycling.com\/hu\/wp-json\/wp\/v2\/types\/post"}],"author":[{"embeddable":true,"href":"https:\/\/www.welovecycling.com\/hu\/wp-json\/wp\/v2\/users\/145"}],"replies":[{"embeddable":true,"href":"https:\/\/www.welovecycling.com\/hu\/wp-json\/wp\/v2\/comments?post=15091"}],"version-history":[{"count":1,"href":"https:\/\/www.welovecycling.com\/hu\/wp-json\/wp\/v2\/posts\/15091\/revisions"}],"predecessor-version":[{"id":15093,"href":"https:\/\/www.welovecycling.com\/hu\/wp-json\/wp\/v2\/posts\/15091\/revisions\/15093"}],"wp:featuredmedia":[{"embeddable":true,"href":"https:\/\/www.welovecycling.com\/hu\/wp-json\/wp\/v2\/media\/15092"}],"wp:attachment":[{"href":"https:\/\/www.welovecycling.com\/hu\/wp-json\/wp\/v2\/media?parent=15091"}],"wp:term":[{"taxonomy":"category","embeddable":true,"href":"https:\/\/www.welovecycling.com\/hu\/wp-json\/wp\/v2\/categories?post=15091"},{"taxonomy":"post_tag","embeddable":true,"href":"https:\/\/www.welovecycling.com\/hu\/wp-json\/wp\/v2\/tags?post=15091"},{"taxonomy":"global-categories","embeddable":true,"href":"https:\/\/www.welovecycling.com\/hu\/wp-json\/wp\/v2\/global-categories?post=15091"}],"curies":[{"name":"wp","href":"https:\/\/api.w.org\/{rel}","templated":true}]}}