{"id":15079,"date":"2022-05-20T08:00:32","date_gmt":"2022-05-20T06:00:32","guid":{"rendered":"https:\/\/www.welovecycling.com\/hu\/?p=15079"},"modified":"2022-05-20T15:40:48","modified_gmt":"2022-05-20T13:40:48","slug":"tour-de-hongrie-vip-szemmel-a-nyertes-beszamoloja","status":"publish","type":"post","link":"https:\/\/www.welovecycling.com\/hu\/kozosseg-es-kultura\/tour-de-hongrie-vip-szemmel-a-nyertes-beszamoloja\/","title":{"rendered":"Tour de Hongrie VIP szemmel \u2013 a nyertes besz\u00e1mol\u00f3ja"},"content":{"rendered":"<p><strong>Zsolt volt az a szerencs\u00e9s \u2013 \u00e9s kitart\u00f3 \u2013 nyertes, aki azzal, hogy letekerte a Tour de Hongrie, nem egy, hanem k\u00e9t teljes szakasz\u00e1t, dupl\u00e1n ker\u00fclt be a kalapba, \u00e9s Fortuna az \u0151 oldal\u00e1ra \u00e1llt. \u00cdgy elvihette fi\u00e1t \u00e9l\u0151ben, VIP-k\u00e9nt megn\u00e9zni a vil\u00e1g legnagyobb bring\u00e1s szt\u00e1rjainak befut\u00f3j\u00e1t a K\u00e9kestet\u0151n. Az itt gy\u0171jt\u00f6tt \u00e9lm\u00e9nyeikr\u0151l besz\u00e9lgett\u00fcnk.<\/strong><!--more--><\/p>\n<p>Zsolt a m\u00e1sodik (198 km, 1651 m szint) \u00e9s a harmadik (192 km, 185 m szint) szakaszt tekerte le, \u00edgy \u00f6sszesen t\u00f6bb mint 390 km-t \u00e9s 1836 m\u00e9ter szintet ment. A versenyre fi\u00e1t, M\u00e1rkot vitte mag\u00e1val, aki apj\u00e1hoz hasonl\u00f3an szint\u00e9n nagy ker\u00e9kp\u00e1r-rajong\u00f3.<\/p>\n<figure id=\"attachment_15081\" aria-describedby=\"caption-attachment-15081\" style=\"width: 1024px\" class=\"wp-caption alignnone\"><img loading=\"lazy\" decoding=\"async\" class=\"size-large wp-image-15081\" src=\"https:\/\/d2p6e6u75xmxt8.cloudfront.net\/12\/2022\/05\/IMG_20220515_130111-1024x766.jpg\" alt=\"\" width=\"1024\" height=\"766\" srcset=\"https:\/\/d2p6e6u75xmxt8.cloudfront.net\/12\/2022\/05\/IMG_20220515_130111-1024x766.jpg 1024w, https:\/\/d2p6e6u75xmxt8.cloudfront.net\/12\/2022\/05\/IMG_20220515_130111-300x224.jpg 300w, https:\/\/d2p6e6u75xmxt8.cloudfront.net\/12\/2022\/05\/IMG_20220515_130111-768x574.jpg 768w, https:\/\/d2p6e6u75xmxt8.cloudfront.net\/12\/2022\/05\/IMG_20220515_130111-1536x1149.jpg 1536w, https:\/\/d2p6e6u75xmxt8.cloudfront.net\/12\/2022\/05\/IMG_20220515_130111-2048x1532.jpg 2048w, https:\/\/d2p6e6u75xmxt8.cloudfront.net\/12\/2022\/05\/IMG_20220515_130111-1920x1436.jpg 1920w, https:\/\/d2p6e6u75xmxt8.cloudfront.net\/12\/2022\/05\/IMG_20220515_130111-1920x1436.jpg 1920w\" sizes=\"auto, (max-width: 1024px) 100vw, 1024px\" \/><figcaption id=\"caption-attachment-15081\" class=\"wp-caption-text\">M\u00e1rk apj\u00e1hoz hasonl\u00f3an nagy ker\u00e9kp\u00e1r-rajong\u00f3.<\/figcaption><\/figure>\n<p><strong><em>Mennyire volt neh\u00e9z teljes\u00edteni a t\u00e1vot \u00e9s a szintet? H\u00e1ny r\u00e9szletben siker\u00fclt?<\/em><\/strong><\/p>\n<p>Els\u0151k\u00e9nt a 3. szakaszt tekertem le k\u00e9t r\u00e9szletben, azut\u00e1n l\u00e1ttam, hogy van m\u00e9g id\u0151m, \u00edgy a 2. etapot v\u00e1lasztottam, amit szint\u00e9n k\u00e9t r\u00e9szletben terveztem letekerni. Sajnos elt\u00f6rt egy k\u00fcll\u0151m, \u00edgy v\u00e9g\u00fcl kellet egy harmadik teker\u00e9s is, hogy meglegyen a t\u00e1v. A t\u00f6bbi etapn\u00e1l sajnos a szintgy\u0171jt\u00e9s nehezebb lett volna, mert errefel\u00e9 nincsenek magas hegyek, \u00edgy ezeket a szakaszokat id\u0151 hi\u00e1ny\u00e1ban el kellett vetnem.<\/p>\n<p><strong><em>Mennyire k\u00f6veted k\u00f6zelr\u0151l az \u00e9lsportot? A kor\u00e1bbi \u00e9vekben is figyelemmel k\u00eds\u00e9rted a Tour de Hongrie-t?<\/em><\/strong><\/p>\n<p>A ker\u00e9kp\u00e1rversenyeket n\u00e9h\u00e1ny \u00e9ve kezdtem el komolyabban k\u00f6vetni, b\u00e1r valamilyen szinten kor\u00e1bban is figyelemmel k\u00eds\u00e9rtem \u0151ket. A nagy kedvenc a Giro d&#8217;Italia, \u00edgy amikor 2019-ben megtudtam, hogy a k\u00f6vetkez\u0151 \u00e9vben Magyarorsz\u00e1gon lesz a Grande Partenza, nagyon meg\u00f6r\u00fcltem. Sajnos a pand\u00e9mia miatt ebb\u0151l semmi nem lett, de id\u00e9n beteljes\u00fclt a v\u00e1gyam \u00e9s m\u00e9giscsak \u00e9l\u0151ben n\u00e9zhettem k\u00e9t szakaszon a Giro versenyz\u0151it, az pedig csak hab a tort\u00e1n, hogy a mez\u0151nyben h\u00e1rom magyar is ott lehetett. A Tour de Hongrie-n is mindig \u00e9l\u0151ben szurkoltam, valah\u00e1nyszor Sz\u00e9kesfeh\u00e9rv\u00e1ron kereszt\u00fcl haladtak, vagy \u00e9ppen itt volt a befut\u00f3. Most is rohantam munka ut\u00e1n, hogy le ne k\u00e9ssem az els\u0151 szakasz v\u00e9g\u00e9t!<\/p>\n<p><strong><em>Milyen \u00e9rz\u00e9s volt megnyerni a VIP bel\u00e9p\u0151ket?<\/em><\/strong><\/p>\n<p>Nem gondoltam volna, hogy \u00e9n leszek a szerencs\u00e9s, aki v\u00e9g\u00fcl a K\u00e9kestet\u0151n szurkolhat. Els\u0151re nem is fogtam fel, \u00e9pp egy \u00fcgyf\u00e9l volt n\u00e1lam, amikor r\u00e1pillantottam a lev\u00e9lre, eb\u00e9dsz\u00fcnet el\u0151tt v\u00e9g\u00fcl elolvastam figyelmesen \u00e9s r\u00f6gt\u00f6n \u00edrtam is a fiamnak, hogy vas\u00e1rnapra nehogy programot csin\u00e1ljon. A koll\u00e9g\u00e1k csak n\u00e9ztek, mi ez a hatalmas vigyor, amikor el\u00fajs\u00e1goltam nekik a h\u00edrt! Van k\u00f6zt\u00fck is j\u00f3 p\u00e1r bring\u00e1s.<\/p>\n<p><strong><em>Mes\u00e9ld el a kir\u00e1lyetap napj\u00e1t!<\/em><\/strong><\/p>\n<p>M\u00e1r M\u00e1traf\u00fcredre \u00e9rkez\u00e9skor l\u00e1tszott, hogy nagy t\u00f6meg lesz, sokakat \u00e9rdekelt a kir\u00e1lyetap, biztosak voltunk benne, hogy fantasztikus lesz a hangulat. Rengetegen \u00e9rkeztek bring\u00e1val, a m\u00e1trah\u00e1zi hegyi hajr\u00e1t k\u00f6vet\u0151en \u0151k is felj\u00f6ttek a K\u00e9kestet\u0151re, ahol a versenyz\u0151knek j\u00e1r\u00f3 ov\u00e1ci\u00f3 fogadta mindannyiukat. Ahogy n\u0151tt a t\u00f6meg \u00e9s fogyott a t\u00e1v a versenyz\u0151k el\u0151tt, \u00fagy emelkedett a hangulat is, a rekl\u00e1m karav\u00e1n \u00e9rkez\u00e9s\u00e9t k\u00f6vet\u0151en pedig m\u00e1r nagy volt a hangork\u00e1n. Amikor a mez\u0151ny M\u00e1trah\u00e1z\u00e1n bevette a jobbost, \u00e9rezhet\u0151en n\u0151tt a fesz\u00fclts\u00e9g, hogy azt\u00e1n egy hihetetlen izgalmas befut\u00f3 legyen a v\u00e9g\u00e9re.<\/p>\n<figure id=\"attachment_15082\" aria-describedby=\"caption-attachment-15082\" style=\"width: 1024px\" class=\"wp-caption alignnone\"><img loading=\"lazy\" decoding=\"async\" class=\"size-large wp-image-15082\" src=\"https:\/\/d2p6e6u75xmxt8.cloudfront.net\/12\/2022\/05\/IMG_20220515_140219-1024x766.jpg\" alt=\"\" width=\"1024\" height=\"766\" srcset=\"https:\/\/d2p6e6u75xmxt8.cloudfront.net\/12\/2022\/05\/IMG_20220515_140219-1024x766.jpg 1024w, https:\/\/d2p6e6u75xmxt8.cloudfront.net\/12\/2022\/05\/IMG_20220515_140219-300x224.jpg 300w, https:\/\/d2p6e6u75xmxt8.cloudfront.net\/12\/2022\/05\/IMG_20220515_140219-768x574.jpg 768w, https:\/\/d2p6e6u75xmxt8.cloudfront.net\/12\/2022\/05\/IMG_20220515_140219-1536x1149.jpg 1536w, https:\/\/d2p6e6u75xmxt8.cloudfront.net\/12\/2022\/05\/IMG_20220515_140219-2048x1532.jpg 2048w, https:\/\/d2p6e6u75xmxt8.cloudfront.net\/12\/2022\/05\/IMG_20220515_140219-1920x1436.jpg 1920w, https:\/\/d2p6e6u75xmxt8.cloudfront.net\/12\/2022\/05\/IMG_20220515_140219-1920x1436.jpg 1920w\" sizes=\"auto, (max-width: 1024px) 100vw, 1024px\" \/><figcaption id=\"caption-attachment-15082\" class=\"wp-caption-text\">Zsolt a kir\u00e1lyetap befut\u00f3j\u00e1n\u00e1l.<\/figcaption><\/figure>\n<p>A kedvenc pillanat egy\u00e9rtelm\u0171en az volt, amikor Dunbart alig 30 m\u00e9terrel a c\u00e9l el\u0151tt el\u0151zte Tiberi, aki elk\u00e9peszt\u0151 temp\u00f3val \u00e9rkezett \u00e9s 200 m\u00e9terrel a c\u00e9l el\u0151tt is m\u00e9g j\u00f3csk\u00e1n a versenyt\u00e1rsa m\u00f6g\u00f6tt volt.<\/p>\n<p>Fantasztikus volt \u00e9l\u0151ben l\u00e1tni olyan versenyz\u0151ket, mint Viviani, Groenewegen, Lutsenko, Rosskopf, Jakobsen, vagy \u00e9pp Dina Marci. Ut\u00f3bbi kett\u0151t\u0151l siker\u00fclt autogramot is szereznem a mezemre. Ezek a nevek jelzik, hogy a Tour de Hongrie-t m\u00e1r m\u00e1s orsz\u00e1gok versenyz\u0151i is magasan jegyzik.<\/p>\n<p><strong><em>Kiknek szurkolt\u00e1l?<\/em><\/strong><\/p>\n<p>Dina M\u00e1rtonnak \u00e9s Filut\u00e1s Viktornak nagyon szurkoltam, Sajnos Filu m\u00e1r az els\u0151 szakasz v\u00e9g\u00e9n nagyot esett, \u00edgy ezzel elsz\u00e1lltak az es\u00e9lyei, ugyanakkor hatalmasat k\u00fczd\u00f6tt \u00e9s v\u00e9gigcsin\u00e1lta a versenyt. Nagyon nagy reszpekt neki. Marcinak pedig gratul\u00e1ltam az eredm\u00e9ny\u00e9hez, hiszen a legjobb magyar versenyz\u0151 lett. B\u00e1r ez a tavalyi Giro szerepl\u00e9se ut\u00e1n sz\u00e1momra nem is volt k\u00e9rd\u00e9s.<\/p>\n<p>\u00d6r\u00fcl\u00f6k, hogy szurkol\u00f3k\u00e9nt r\u00e9szese lehettem id\u00e9n is a TdH-nak, \u00e9s b\u00edzom, hogy j\u00f6v\u0151re is hasonl\u00f3 izgalmas versenynek n\u00e9z\u00fcnk el\u00e9be!<\/p>\n","protected":false},"excerpt":{"rendered":"<p>Zsolt volt az a szerencs\u00e9s \u2013 \u00e9s kitart\u00f3 \u2013 nyertes, aki azzal, hogy letekerte a Tour de Hongrie, nem egy, [&hellip;]<\/p>\n","protected":false},"author":71,"featured_media":15080,"comment_status":"open","ping_status":"open","sticky":false,"template":"","format":"standard","meta":{"footnotes":""},"categories":[12],"tags":[],"global-categories":[419],"class_list":["post-15079","post","type-post","status-publish","format-standard","has-post-thumbnail","hentry","category-kozosseg-es-kultura","global-categories-cycling"],"yoast_head":"<!-- This site is optimized with the Yoast SEO Premium plugin v25.3 (Yoast SEO v25.9) - https:\/\/yoast.com\/wordpress\/plugins\/seo\/ -->\n<title>Tour de Hongrie VIP szemmel \u2013 a nyertes besz\u00e1mol\u00f3ja<\/title>\n<meta name=\"description\" content=\"Zsolt volt az a szerencs\u00e9s \u2013 \u00e9s kitart\u00f3 \u2013 nyertes, aki azzal, hogy letekerte a Tour de Hongrie, nem egy, hanem k\u00e9t teljes szakasz\u00e1t, dupl\u00e1n ker\u00fclt be a kalapba, \u00e9s Fortuna az \u0151 oldal\u00e1ra \u00e1llt. \u00cdgy elvihette fi\u00e1t \u00e9l\u0151ben, VIP-k\u00e9nt megn\u00e9zni a vil\u00e1g legnagyobb bring\u00e1s szt\u00e1rjainak befut\u00f3j\u00e1t a K\u00e9kestet\u0151n. Az itt gy\u0171jt\u00f6tt \u00e9lm\u00e9nyeikr\u0151l besz\u00e9lgett\u00fcnk.\" \/>\n<meta name=\"robots\" content=\"index, follow, max-snippet:-1, max-image-preview:large, max-video-preview:-1\" \/>\n<link rel=\"canonical\" href=\"https:\/\/www.welovecycling.com\/hu\/kozosseg-es-kultura\/tour-de-hongrie-vip-szemmel-a-nyertes-beszamoloja\/\" \/>\n<meta property=\"og:locale\" content=\"hu_HU\" \/>\n<meta property=\"og:type\" content=\"article\" \/>\n<meta property=\"og:title\" content=\"Tour de Hongrie VIP szemmel \u2013 a nyertes besz\u00e1mol\u00f3ja\" \/>\n<meta property=\"og:description\" content=\"Zsolt volt az a szerencs\u00e9s \u2013 \u00e9s kitart\u00f3 \u2013 nyertes, aki azzal, hogy letekerte a Tour de Hongrie, nem egy, hanem k\u00e9t teljes szakasz\u00e1t, dupl\u00e1n ker\u00fclt be a kalapba, \u00e9s Fortuna az \u0151 oldal\u00e1ra \u00e1llt. \u00cdgy elvihette fi\u00e1t \u00e9l\u0151ben, VIP-k\u00e9nt megn\u00e9zni a vil\u00e1g legnagyobb bring\u00e1s szt\u00e1rjainak befut\u00f3j\u00e1t a K\u00e9kestet\u0151n. Az itt gy\u0171jt\u00f6tt \u00e9lm\u00e9nyeikr\u0151l besz\u00e9lgett\u00fcnk.\" \/>\n<meta property=\"og:url\" content=\"https:\/\/www.welovecycling.com\/hu\/kozosseg-es-kultura\/tour-de-hongrie-vip-szemmel-a-nyertes-beszamoloja\/\" \/>\n<meta property=\"og:site_name\" content=\"\u0160koda We Love Cycling - Magyarorsz\u00e1g\" \/>\n<meta property=\"article:publisher\" content=\"https:\/\/www.facebook.com\/WeLoveCyclingHungary\/\" \/>\n<meta property=\"article:published_time\" content=\"2022-05-20T06:00:32+00:00\" \/>\n<meta property=\"article:modified_time\" content=\"2022-05-20T13:40:48+00:00\" \/>\n<meta property=\"og:image\" content=\"https:\/\/d2p6e6u75xmxt8.cloudfront.net\/12\/2022\/05\/2022_TDH5sz_115.jpg\" \/>\n\t<meta property=\"og:image:width\" content=\"2048\" \/>\n\t<meta property=\"og:image:height\" content=\"1366\" \/>\n\t<meta property=\"og:image:type\" content=\"image\/jpeg\" \/>\n<meta name=\"author\" content=\"hegyizs\" \/>\n<meta name=\"twitter:card\" content=\"summary_large_image\" \/>\n<meta name=\"twitter:label1\" content=\"Written by\" \/>\n\t<meta name=\"twitter:data1\" content=\"WLC\" \/>\n\t<meta name=\"twitter:label2\" content=\"Est. reading time\" \/>\n\t<meta name=\"twitter:data2\" content=\"4 minutes\" \/>\n<script type=\"application\/ld+json\" class=\"yoast-schema-graph\">{\"@context\":\"https:\/\/schema.org\",\"@graph\":[{\"@type\":\"WebPage\",\"@id\":\"https:\/\/www.welovecycling.com\/hu\/kozosseg-es-kultura\/tour-de-hongrie-vip-szemmel-a-nyertes-beszamoloja\/\",\"url\":\"https:\/\/www.welovecycling.com\/hu\/kozosseg-es-kultura\/tour-de-hongrie-vip-szemmel-a-nyertes-beszamoloja\/\",\"name\":\"Tour de Hongrie VIP szemmel \u2013 a nyertes besz\u00e1mol\u00f3ja\",\"isPartOf\":{\"@id\":\"https:\/\/www.welovecycling.com\/hu\/#website\"},\"primaryImageOfPage\":{\"@id\":\"https:\/\/www.welovecycling.com\/hu\/kozosseg-es-kultura\/tour-de-hongrie-vip-szemmel-a-nyertes-beszamoloja\/#primaryimage\"},\"image\":{\"@id\":\"https:\/\/www.welovecycling.com\/hu\/kozosseg-es-kultura\/tour-de-hongrie-vip-szemmel-a-nyertes-beszamoloja\/#primaryimage\"},\"thumbnailUrl\":\"https:\/\/d2p6e6u75xmxt8.cloudfront.net\/12\/2022\/05\/2022_TDH5sz_115.jpg\",\"datePublished\":\"2022-05-20T06:00:32+00:00\",\"dateModified\":\"2022-05-20T13:40:48+00:00\",\"author\":{\"@id\":\"https:\/\/www.welovecycling.com\/hu\/#\/schema\/person\/414a2aebf1801691a5320edb6468e194\"},\"description\":\"Zsolt volt az a szerencs\u00e9s \u2013 \u00e9s kitart\u00f3 \u2013 nyertes, aki azzal, hogy letekerte a Tour de Hongrie, nem egy, hanem k\u00e9t teljes szakasz\u00e1t, dupl\u00e1n ker\u00fclt be a kalapba, \u00e9s Fortuna az \u0151 oldal\u00e1ra \u00e1llt. \u00cdgy elvihette fi\u00e1t \u00e9l\u0151ben, VIP-k\u00e9nt megn\u00e9zni a vil\u00e1g legnagyobb bring\u00e1s szt\u00e1rjainak befut\u00f3j\u00e1t a K\u00e9kestet\u0151n. Az itt gy\u0171jt\u00f6tt \u00e9lm\u00e9nyeikr\u0151l besz\u00e9lgett\u00fcnk.\",\"breadcrumb\":{\"@id\":\"https:\/\/www.welovecycling.com\/hu\/kozosseg-es-kultura\/tour-de-hongrie-vip-szemmel-a-nyertes-beszamoloja\/#breadcrumb\"},\"inLanguage\":\"hu\",\"potentialAction\":[{\"@type\":\"ReadAction\",\"target\":[\"https:\/\/www.welovecycling.com\/hu\/kozosseg-es-kultura\/tour-de-hongrie-vip-szemmel-a-nyertes-beszamoloja\/\"]}]},{\"@type\":\"ImageObject\",\"inLanguage\":\"hu\",\"@id\":\"https:\/\/www.welovecycling.com\/hu\/kozosseg-es-kultura\/tour-de-hongrie-vip-szemmel-a-nyertes-beszamoloja\/#primaryimage\",\"url\":\"https:\/\/d2p6e6u75xmxt8.cloudfront.net\/12\/2022\/05\/2022_TDH5sz_115.jpg\",\"contentUrl\":\"https:\/\/d2p6e6u75xmxt8.cloudfront.net\/12\/2022\/05\/2022_TDH5sz_115.jpg\",\"width\":2048,\"height\":1366},{\"@type\":\"BreadcrumbList\",\"@id\":\"https:\/\/www.welovecycling.com\/hu\/kozosseg-es-kultura\/tour-de-hongrie-vip-szemmel-a-nyertes-beszamoloja\/#breadcrumb\",\"itemListElement\":[{\"@type\":\"ListItem\",\"position\":1,\"name\":\"Home\",\"item\":\"https:\/\/www.welovecycling.com\/hu\/\"},{\"@type\":\"ListItem\",\"position\":2,\"name\":\"Tour de Hongrie VIP szemmel \u2013 a nyertes besz\u00e1mol\u00f3ja\"}]},{\"@type\":\"WebSite\",\"@id\":\"https:\/\/www.welovecycling.com\/hu\/#website\",\"url\":\"https:\/\/www.welovecycling.com\/hu\/\",\"name\":\"\u0160koda We Love Cycling - Magyarorsz\u00e1g\",\"description\":\"\u0160koda WeLoveCycling\",\"potentialAction\":[{\"@type\":\"SearchAction\",\"target\":{\"@type\":\"EntryPoint\",\"urlTemplate\":\"https:\/\/www.welovecycling.com\/hu\/?s={search_term_string}\"},\"query-input\":{\"@type\":\"PropertyValueSpecification\",\"valueRequired\":true,\"valueName\":\"search_term_string\"}}],\"inLanguage\":\"hu\"},{\"@type\":\"Person\",\"@id\":\"https:\/\/www.welovecycling.com\/hu\/#\/schema\/person\/414a2aebf1801691a5320edb6468e194\",\"name\":\"hegyizs\",\"image\":{\"@type\":\"ImageObject\",\"inLanguage\":\"hu\",\"@id\":\"https:\/\/www.welovecycling.com\/hu\/#\/schema\/person\/image\/\",\"url\":\"https:\/\/secure.gravatar.com\/avatar\/02cf8a7906b8cf90cecb4679defac7cfd33a1c2e3b88e4903d947f3bb58eedd3?s=96&d=mm&r=g\",\"contentUrl\":\"https:\/\/secure.gravatar.com\/avatar\/02cf8a7906b8cf90cecb4679defac7cfd33a1c2e3b88e4903d947f3bb58eedd3?s=96&d=mm&r=g\",\"caption\":\"hegyizs\"},\"url\":\"https:\/\/www.welovecycling.com\/hu\/author\/hegyizs\/\"}]}<\/script>\n<!-- \/ Yoast SEO Premium plugin. -->","yoast_head_json":{"title":"Tour de Hongrie VIP szemmel \u2013 a nyertes besz\u00e1mol\u00f3ja","description":"Zsolt volt az a szerencs\u00e9s \u2013 \u00e9s kitart\u00f3 \u2013 nyertes, aki azzal, hogy letekerte a Tour de Hongrie, nem egy, hanem k\u00e9t teljes szakasz\u00e1t, dupl\u00e1n ker\u00fclt be a kalapba, \u00e9s Fortuna az \u0151 oldal\u00e1ra \u00e1llt. \u00cdgy elvihette fi\u00e1t \u00e9l\u0151ben, VIP-k\u00e9nt megn\u00e9zni a vil\u00e1g legnagyobb bring\u00e1s szt\u00e1rjainak befut\u00f3j\u00e1t a K\u00e9kestet\u0151n. Az itt gy\u0171jt\u00f6tt \u00e9lm\u00e9nyeikr\u0151l besz\u00e9lgett\u00fcnk.","robots":{"index":"index","follow":"follow","max-snippet":"max-snippet:-1","max-image-preview":"max-image-preview:large","max-video-preview":"max-video-preview:-1"},"canonical":"https:\/\/www.welovecycling.com\/hu\/kozosseg-es-kultura\/tour-de-hongrie-vip-szemmel-a-nyertes-beszamoloja\/","og_locale":"hu_HU","og_type":"article","og_title":"Tour de Hongrie VIP szemmel \u2013 a nyertes besz\u00e1mol\u00f3ja","og_description":"Zsolt volt az a szerencs\u00e9s \u2013 \u00e9s kitart\u00f3 \u2013 nyertes, aki azzal, hogy letekerte a Tour de Hongrie, nem egy, hanem k\u00e9t teljes szakasz\u00e1t, dupl\u00e1n ker\u00fclt be a kalapba, \u00e9s Fortuna az \u0151 oldal\u00e1ra \u00e1llt. \u00cdgy elvihette fi\u00e1t \u00e9l\u0151ben, VIP-k\u00e9nt megn\u00e9zni a vil\u00e1g legnagyobb bring\u00e1s szt\u00e1rjainak befut\u00f3j\u00e1t a K\u00e9kestet\u0151n. Az itt gy\u0171jt\u00f6tt \u00e9lm\u00e9nyeikr\u0151l besz\u00e9lgett\u00fcnk.","og_url":"https:\/\/www.welovecycling.com\/hu\/kozosseg-es-kultura\/tour-de-hongrie-vip-szemmel-a-nyertes-beszamoloja\/","og_site_name":"\u0160koda We Love Cycling - Magyarorsz\u00e1g","article_publisher":"https:\/\/www.facebook.com\/WeLoveCyclingHungary\/","article_published_time":"2022-05-20T06:00:32+00:00","article_modified_time":"2022-05-20T13:40:48+00:00","og_image":[{"width":2048,"height":1366,"url":"https:\/\/d2p6e6u75xmxt8.cloudfront.net\/12\/2022\/05\/2022_TDH5sz_115.jpg","type":"image\/jpeg"}],"author":"hegyizs","twitter_card":"summary_large_image","twitter_misc":{"Written by":"WLC","Est. reading time":"4 minutes"},"schema":{"@context":"https:\/\/schema.org","@graph":[{"@type":"WebPage","@id":"https:\/\/www.welovecycling.com\/hu\/kozosseg-es-kultura\/tour-de-hongrie-vip-szemmel-a-nyertes-beszamoloja\/","url":"https:\/\/www.welovecycling.com\/hu\/kozosseg-es-kultura\/tour-de-hongrie-vip-szemmel-a-nyertes-beszamoloja\/","name":"Tour de Hongrie VIP szemmel \u2013 a nyertes besz\u00e1mol\u00f3ja","isPartOf":{"@id":"https:\/\/www.welovecycling.com\/hu\/#website"},"primaryImageOfPage":{"@id":"https:\/\/www.welovecycling.com\/hu\/kozosseg-es-kultura\/tour-de-hongrie-vip-szemmel-a-nyertes-beszamoloja\/#primaryimage"},"image":{"@id":"https:\/\/www.welovecycling.com\/hu\/kozosseg-es-kultura\/tour-de-hongrie-vip-szemmel-a-nyertes-beszamoloja\/#primaryimage"},"thumbnailUrl":"https:\/\/d2p6e6u75xmxt8.cloudfront.net\/12\/2022\/05\/2022_TDH5sz_115.jpg","datePublished":"2022-05-20T06:00:32+00:00","dateModified":"2022-05-20T13:40:48+00:00","author":{"@id":"https:\/\/www.welovecycling.com\/hu\/#\/schema\/person\/414a2aebf1801691a5320edb6468e194"},"description":"Zsolt volt az a szerencs\u00e9s \u2013 \u00e9s kitart\u00f3 \u2013 nyertes, aki azzal, hogy letekerte a Tour de Hongrie, nem egy, hanem k\u00e9t teljes szakasz\u00e1t, dupl\u00e1n ker\u00fclt be a kalapba, \u00e9s Fortuna az \u0151 oldal\u00e1ra \u00e1llt. \u00cdgy elvihette fi\u00e1t \u00e9l\u0151ben, VIP-k\u00e9nt megn\u00e9zni a vil\u00e1g legnagyobb bring\u00e1s szt\u00e1rjainak befut\u00f3j\u00e1t a K\u00e9kestet\u0151n. Az itt gy\u0171jt\u00f6tt \u00e9lm\u00e9nyeikr\u0151l besz\u00e9lgett\u00fcnk.","breadcrumb":{"@id":"https:\/\/www.welovecycling.com\/hu\/kozosseg-es-kultura\/tour-de-hongrie-vip-szemmel-a-nyertes-beszamoloja\/#breadcrumb"},"inLanguage":"hu","potentialAction":[{"@type":"ReadAction","target":["https:\/\/www.welovecycling.com\/hu\/kozosseg-es-kultura\/tour-de-hongrie-vip-szemmel-a-nyertes-beszamoloja\/"]}]},{"@type":"ImageObject","inLanguage":"hu","@id":"https:\/\/www.welovecycling.com\/hu\/kozosseg-es-kultura\/tour-de-hongrie-vip-szemmel-a-nyertes-beszamoloja\/#primaryimage","url":"https:\/\/d2p6e6u75xmxt8.cloudfront.net\/12\/2022\/05\/2022_TDH5sz_115.jpg","contentUrl":"https:\/\/d2p6e6u75xmxt8.cloudfront.net\/12\/2022\/05\/2022_TDH5sz_115.jpg","width":2048,"height":1366},{"@type":"BreadcrumbList","@id":"https:\/\/www.welovecycling.com\/hu\/kozosseg-es-kultura\/tour-de-hongrie-vip-szemmel-a-nyertes-beszamoloja\/#breadcrumb","itemListElement":[{"@type":"ListItem","position":1,"name":"Home","item":"https:\/\/www.welovecycling.com\/hu\/"},{"@type":"ListItem","position":2,"name":"Tour de Hongrie VIP szemmel \u2013 a nyertes besz\u00e1mol\u00f3ja"}]},{"@type":"WebSite","@id":"https:\/\/www.welovecycling.com\/hu\/#website","url":"https:\/\/www.welovecycling.com\/hu\/","name":"\u0160koda We Love Cycling - Magyarorsz\u00e1g","description":"\u0160koda WeLoveCycling","potentialAction":[{"@type":"SearchAction","target":{"@type":"EntryPoint","urlTemplate":"https:\/\/www.welovecycling.com\/hu\/?s={search_term_string}"},"query-input":{"@type":"PropertyValueSpecification","valueRequired":true,"valueName":"search_term_string"}}],"inLanguage":"hu"},{"@type":"Person","@id":"https:\/\/www.welovecycling.com\/hu\/#\/schema\/person\/414a2aebf1801691a5320edb6468e194","name":"hegyizs","image":{"@type":"ImageObject","inLanguage":"hu","@id":"https:\/\/www.welovecycling.com\/hu\/#\/schema\/person\/image\/","url":"https:\/\/secure.gravatar.com\/avatar\/02cf8a7906b8cf90cecb4679defac7cfd33a1c2e3b88e4903d947f3bb58eedd3?s=96&d=mm&r=g","contentUrl":"https:\/\/secure.gravatar.com\/avatar\/02cf8a7906b8cf90cecb4679defac7cfd33a1c2e3b88e4903d947f3bb58eedd3?s=96&d=mm&r=g","caption":"hegyizs"},"url":"https:\/\/www.welovecycling.com\/hu\/author\/hegyizs\/"}]}},"_links":{"self":[{"href":"https:\/\/www.welovecycling.com\/hu\/wp-json\/wp\/v2\/posts\/15079","targetHints":{"allow":["GET"]}}],"collection":[{"href":"https:\/\/www.welovecycling.com\/hu\/wp-json\/wp\/v2\/posts"}],"about":[{"href":"https:\/\/www.welovecycling.com\/hu\/wp-json\/wp\/v2\/types\/post"}],"author":[{"embeddable":true,"href":"https:\/\/www.welovecycling.com\/hu\/wp-json\/wp\/v2\/users\/71"}],"replies":[{"embeddable":true,"href":"https:\/\/www.welovecycling.com\/hu\/wp-json\/wp\/v2\/comments?post=15079"}],"version-history":[{"count":1,"href":"https:\/\/www.welovecycling.com\/hu\/wp-json\/wp\/v2\/posts\/15079\/revisions"}],"predecessor-version":[{"id":15083,"href":"https:\/\/www.welovecycling.com\/hu\/wp-json\/wp\/v2\/posts\/15079\/revisions\/15083"}],"wp:featuredmedia":[{"embeddable":true,"href":"https:\/\/www.welovecycling.com\/hu\/wp-json\/wp\/v2\/media\/15080"}],"wp:attachment":[{"href":"https:\/\/www.welovecycling.com\/hu\/wp-json\/wp\/v2\/media?parent=15079"}],"wp:term":[{"taxonomy":"category","embeddable":true,"href":"https:\/\/www.welovecycling.com\/hu\/wp-json\/wp\/v2\/categories?post=15079"},{"taxonomy":"post_tag","embeddable":true,"href":"https:\/\/www.welovecycling.com\/hu\/wp-json\/wp\/v2\/tags?post=15079"},{"taxonomy":"global-categories","embeddable":true,"href":"https:\/\/www.welovecycling.com\/hu\/wp-json\/wp\/v2\/global-categories?post=15079"}],"curies":[{"name":"wp","href":"https:\/\/api.w.org\/{rel}","templated":true}]}}