{"id":15063,"date":"2022-05-22T08:00:53","date_gmt":"2022-05-22T06:00:53","guid":{"rendered":"https:\/\/www.welovecycling.com\/hu\/?p=15063"},"modified":"2022-05-22T10:05:20","modified_gmt":"2022-05-22T08:05:20","slug":"elkepeszto-eritreaiak-a-koldusszegeny-afrikai-orszag-hosei-emlekezetesse-teszik-az-idei-girot","status":"publish","type":"post","link":"https:\/\/www.welovecycling.com\/hu\/orszaguti-kerekpar\/elkepeszto-eritreaiak-a-koldusszegeny-afrikai-orszag-hosei-emlekezetesse-teszik-az-idei-girot\/","title":{"rendered":"Elk\u00e9peszt\u0151 eritreaiak: a koldusszeg\u00e9ny afrikai orsz\u00e1g h\u0151sei eml\u00e9kezetess\u00e9 teszik az idei Gir\u00f3t"},"content":{"rendered":"<p><strong>M\u00e9ghozz\u00e1 minden \u00e9rtelemben: sz\u00fcrre\u00e1lis sztorik Biniam Girmay t\u00f6rt\u00e9nelmi szakaszsiker\u00e9t\u0151l \u00e9s abszurd \u201epezsg\u0151baleset\u00e9t\u0151l\u201d kezdve Natnael Tesfatsion ijeszt\u0151 bukfencez\u00e9s\u00e9ig.<\/strong><!--more--><\/p>\n<p>Noha a verseny m\u00e9g jav\u00e1ban tart, az m\u00e1r most val\u00f3sz\u00edn\u0171nek t\u0171nik, hogy az idei Giro d\u2019Italia legeml\u00e9kezetesebb figur\u00e1ja Biniam Girmay marad.<\/p>\n<p>Az eritreai bring\u00e1s tragikomikus t\u00f6rt\u00e9nete bej\u00e1rta a vil\u00e1got: azok ut\u00e1n, hogy a 10. szakaszon sportt\u00f6rt\u00e9nelmi sikert aratott, \u00e9s \u0151 lett a Giro els\u0151 fekete szakaszgy\u0151ztese, a p\u00f3diumcerem\u00f3nia sor\u00e1n az odak\u00e9sz\u00edtett pezsg\u0151vel \u00fagy szemenl\u0151tte mag\u00e1t, hogy el\u0151bb k\u00f3rh\u00e1zba kellett vinni, majd m\u00e1snap fel is adta a viadalt. A ban\u00e1lis sports\u00e9r\u00fcl\u00e9sek eddig sem v\u00e9kony k\u00f6nyve \u00faj, eg\u00e9szen sz\u00fcrre\u00e1lis fejezettel gazdagodott teh\u00e1t, \u00e9s noha az els\u0151 pillanatokban sokan m\u00e9g Girmayjal egy\u00fctt csak nevettek a mal\u0151r\u00f6n, miut\u00e1n kider\u00fclt, hogy az eleinte m\u00f3k\u00e1snak t\u0171n\u0151 eset val\u00f3j\u00e1ban annyira komoly, hogy a Wanty bring\u00e1s\u00e1nak verseny\u00e9be ker\u00fclt, mindenki hitetlenked\u0151 fejcs\u00f3v\u00e1l\u00e1ssal fejezte ki sajn\u00e1lat\u00e1t.<\/p>\n<figure id=\"attachment_15065\" aria-describedby=\"caption-attachment-15065\" style=\"width: 1024px\" class=\"wp-caption alignnone\"><img loading=\"lazy\" decoding=\"async\" class=\"size-large wp-image-15065\" src=\"https:\/\/d2p6e6u75xmxt8.cloudfront.net\/12\/2022\/05\/FS-yLq4WIAEG4Ny-1024x473.jpg\" alt=\"\" width=\"1024\" height=\"473\" srcset=\"https:\/\/d2p6e6u75xmxt8.cloudfront.net\/12\/2022\/05\/FS-yLq4WIAEG4Ny-1024x473.jpg 1024w, https:\/\/d2p6e6u75xmxt8.cloudfront.net\/12\/2022\/05\/FS-yLq4WIAEG4Ny-300x139.jpg 300w, https:\/\/d2p6e6u75xmxt8.cloudfront.net\/12\/2022\/05\/FS-yLq4WIAEG4Ny-768x355.jpg 768w, https:\/\/d2p6e6u75xmxt8.cloudfront.net\/12\/2022\/05\/FS-yLq4WIAEG4Ny-1536x710.jpg 1536w, https:\/\/d2p6e6u75xmxt8.cloudfront.net\/12\/2022\/05\/FS-yLq4WIAEG4Ny-1920x887.jpg 1920w, https:\/\/d2p6e6u75xmxt8.cloudfront.net\/12\/2022\/05\/FS-yLq4WIAEG4Ny.jpg 2048w, https:\/\/d2p6e6u75xmxt8.cloudfront.net\/12\/2022\/05\/FS-yLq4WIAEG4Ny-1920x887.jpg 1920w\" sizes=\"auto, (max-width: 1024px) 100vw, 1024px\" \/><figcaption id=\"caption-attachment-15065\" class=\"wp-caption-text\">forr\u00e1s: Twitter<\/figcaption><\/figure>\n<p>M\u00e1r csak az\u00e9rt is, mert Biniam Girmay a h\u00edrek szerint nemcsak a ker\u00e9kp\u00e1rsportkedvel\u0151k k\u00f6r\u00e9ben \u00f6rvend egyre nagyobb n\u00e9pszer\u0171s\u00e9gnek, hanem a mez\u0151nyben is nagyon kedvelt figura kedvess\u00e9ge \u00e9s szer\u00e9nys\u00e9ge miatt. Csapatt\u00e1rsa, a Gir\u00f3n is els\u0151sorban \u00e9rte dolgoz\u00f3 \u00e9s neki rengeteget felvezet\u0151 Pe\u00e1k Barnab\u00e1s k\u00f6zelr\u0151l ismeri Girmayt, \u00e9s \u0151 jellemezte \u00fagy m\u00e9g a Giro rajtja el\u0151tt, hogy \u201ev\u00e9gtelen\u00fcl j\u00f3 sr\u00e1c\u201d, egy\u00fattal azt is el\u00e1rulta, t\u00e1rsaival egy\u00fctt testk\u00f6zelb\u0151l tapasztalhatt\u00e1k, hogy Afrik\u00e1ban m\u00e1r most hatalmas szt\u00e1r, haz\u00e1j\u00e1ban egyenesen nemzeti h\u0151s, akkora rajong\u00f3t\u00e1borral, hogy azt el sem hinn\u00e9nk \u2013 pedig a karrierje tulajdonk\u00e9ppen m\u00e9g csak most kezd igaz\u00e1n beindulni\u2026<\/p>\n<figure id=\"attachment_15066\" aria-describedby=\"caption-attachment-15066\" style=\"width: 1024px\" class=\"wp-caption alignnone\"><img loading=\"lazy\" decoding=\"async\" class=\"size-large wp-image-15066\" src=\"https:\/\/d2p6e6u75xmxt8.cloudfront.net\/12\/2022\/05\/CORVOS_00033866-038-1340x893-1-1024x682.jpg\" alt=\"\" width=\"1024\" height=\"682\" srcset=\"https:\/\/d2p6e6u75xmxt8.cloudfront.net\/12\/2022\/05\/CORVOS_00033866-038-1340x893-1-1024x682.jpg 1024w, https:\/\/d2p6e6u75xmxt8.cloudfront.net\/12\/2022\/05\/CORVOS_00033866-038-1340x893-1-300x200.jpg 300w, https:\/\/d2p6e6u75xmxt8.cloudfront.net\/12\/2022\/05\/CORVOS_00033866-038-1340x893-1-768x512.jpg 768w, https:\/\/d2p6e6u75xmxt8.cloudfront.net\/12\/2022\/05\/CORVOS_00033866-038-1340x893-1-272x182.jpg 272w, https:\/\/d2p6e6u75xmxt8.cloudfront.net\/12\/2022\/05\/CORVOS_00033866-038-1340x893-1.jpg 1340w\" sizes=\"auto, (max-width: 1024px) 100vw, 1024px\" \/><figcaption id=\"caption-attachment-15066\" class=\"wp-caption-text\">fot\u00f3: Cor Vos<\/figcaption><\/figure>\n<p>Ez persze nem annyira meglep\u0151, ha kicsit jobban megn\u00e9zz\u00fck Eritrea viszonyait. Az Afrika keleti szarv\u00e1n\u00e1l fekv\u0151 koldusszeg\u00e9ny orsz\u00e1g a mai napig a vil\u00e1g egyik legelz\u00e1rtabb \u00e9s legmostoh\u00e1bb k\u00f6r\u00fclm\u00e9nyekkel b\u00edr\u00f3 orsz\u00e1ga, a Wikip\u00e9dia szerint sok tekintetben csak \u00c9szak-Kore\u00e1val eml\u00edthet\u0151 egy lapon, a lakoss\u00e1g t\u00f6bb mint fele a szeg\u00e9nys\u00e9gi k\u00fcsz\u00f6b alatt \u00e9l \u2013 a ker\u00e9kp\u00e1r azon nagyon kev\u00e9s dolog k\u00f6z\u00f6tt szerepel, amely kit\u00f6r\u00e9si pontot jelenthet a rem\u00e9nytelens\u00e9gb\u0151l. Ez az ut\u00f3bbi \u00e9vek tendenci\u00e1in is megl\u00e1tszik, egyre t\u00f6bb \u00fcgyes eritreai bring\u00e1s ker\u00fcl ki a nemzetk\u00f6zi mez\u0151nybe, hiszen alkatuk \u00e9s sz\u00edv\u00f3ss\u00e1guk alapvet\u0151en t\u00f6k\u00e9letesen alkalmass\u00e1 teszi \u0151ket erre a neh\u00e9z sportra. Az els\u0151 fecske Daniel Teklehaimanot volt, aki 2015-ben els\u0151 afrikaik\u00e9nt a Tour de France p\u00f6tty\u00f6s trik\u00f3j\u00e1t is viselhette, majd a Gir\u00f3n is volt rajta a hegyi mez, de \u00e9rdemes m\u00e9g megeml\u00edteni Henok Mulubrhant vagy a mostani Gir\u00f3n szint\u00e9n jelenl\u00e9v\u0151 Natnael Tesfatsiont, aki ugyancsak eml\u00e9kezeteset alkotott: a blockhausos hegyi szakaszon eln\u00e9zett egy kanyart, \u00e9s <a href=\"https:\/\/www.youtube.com\/watch?v=5X0jcGLyhJk\">nagy sebess\u00e9ggel lebukfencezett az \u00fatr\u00f3l a f\u00e1k k\u00f6z\u00e9\u2026<\/a><\/p>\n<figure id=\"attachment_15067\" aria-describedby=\"caption-attachment-15067\" style=\"width: 680px\" class=\"wp-caption alignnone\"><img loading=\"lazy\" decoding=\"async\" class=\"size-full wp-image-15067\" src=\"https:\/\/d2p6e6u75xmxt8.cloudfront.net\/12\/2022\/05\/shabait549769450876.jpg\" alt=\"\" width=\"680\" height=\"454\" srcset=\"https:\/\/d2p6e6u75xmxt8.cloudfront.net\/12\/2022\/05\/shabait549769450876.jpg 680w, https:\/\/d2p6e6u75xmxt8.cloudfront.net\/12\/2022\/05\/shabait549769450876-300x200.jpg 300w, https:\/\/d2p6e6u75xmxt8.cloudfront.net\/12\/2022\/05\/shabait549769450876-272x182.jpg 272w\" sizes=\"auto, (max-width: 680px) 100vw, 680px\" \/><figcaption id=\"caption-attachment-15067\" class=\"wp-caption-text\">Natnael Tesfatsion (fot\u00f3: Tour du Rwanda)<\/figcaption><\/figure>\n<p>A legnagyobb szt\u00e1r azonban az abszurd pezsg\u0151dug\u00f3s baleset\u00e9vel egy\u00fctt is Girmay, aki id\u00e9n a Gent\u2013Wevelgem nagy belga egynapos klasszikust is megnyerte, a Gir\u00f3n pedig a budapest\u2013visegr\u00e1di nyit\u00f3szakaszon a m\u00e1sodik helyen v\u00e9gzett Mathieu van der Poel m\u00f6g\u00f6tt, Balatonf\u00fcreden negyedikk\u00e9nt sz\u00e1guldott a c\u00e9lba, \u00e9s ezek ut\u00e1n is szerzett m\u00e9g egy negyedik \u00e9s k\u00e9t \u00f6t\u00f6dik helyet, miel\u0151tt j\u00f6tt a t\u00f6rt\u00e9nelmi siker \u00e9s a balul els\u00fclt \u00fcnnepl\u00e9s. Sz\u00f3val ez most \u00edgy alakult, de a l\u00e9nyeg, hogy Girmaynak minden es\u00e9lye megvan arra, hogy az elk\u00f6vetkez\u0151 \u00e9vekben olyan eredm\u00e9nyeket produk\u00e1ljon, hogy v\u00e9g\u00fcl ne ez a szerencs\u00e9tlen baleset jusson esz\u00e9be mindenkinek a neve hallat\u00e1n.<\/p>\n<p><em>fot\u00f3k:<\/em> Luca Bettini\/AFP<\/p>\n","protected":false},"excerpt":{"rendered":"<p>M\u00e9ghozz\u00e1 minden \u00e9rtelemben: sz\u00fcrre\u00e1lis sztorik Biniam Girmay t\u00f6rt\u00e9nelmi szakaszsiker\u00e9t\u0151l \u00e9s abszurd \u201epezsg\u0151baleset\u00e9t\u0151l\u201d kezdve Natnael Tesfatsion ijeszt\u0151 bukfencez\u00e9s\u00e9ig.<\/p>\n","protected":false},"author":71,"featured_media":15064,"comment_status":"open","ping_status":"open","sticky":false,"template":"","format":"standard","meta":{"footnotes":""},"categories":[8],"tags":[],"global-categories":[],"class_list":["post-15063","post","type-post","status-publish","format-standard","has-post-thumbnail","hentry","category-orszaguti-kerekpar"],"yoast_head":"<!-- This site is optimized with the Yoast SEO Premium plugin v25.3 (Yoast SEO v25.9) - https:\/\/yoast.com\/wordpress\/plugins\/seo\/ -->\n<title>Elk\u00e9peszt\u0151 eritreaiak: a koldusszeg\u00e9ny afrikai orsz\u00e1g h\u0151sei eml\u00e9kezetess\u00e9 teszik az idei Gir\u00f3t<\/title>\n<meta name=\"description\" content=\"M\u00e9ghozz\u00e1 minden \u00e9rtelemben: sz\u00fcrre\u00e1lis sztorik Biniam Girmay t\u00f6rt\u00e9nelmi szakaszsiker\u00e9t\u0151l \u00e9s abszurd \u201epezsg\u0151baleset\u00e9t\u0151l\u201d kezdve Natnael Tesfatsion ijeszt\u0151 bukfencez\u00e9s\u00e9ig.\" \/>\n<meta name=\"robots\" content=\"index, follow, max-snippet:-1, max-image-preview:large, max-video-preview:-1\" \/>\n<link rel=\"canonical\" href=\"https:\/\/www.welovecycling.com\/hu\/orszaguti-kerekpar\/elkepeszto-eritreaiak-a-koldusszegeny-afrikai-orszag-hosei-emlekezetesse-teszik-az-idei-girot\/\" \/>\n<meta property=\"og:locale\" content=\"hu_HU\" \/>\n<meta property=\"og:type\" content=\"article\" \/>\n<meta property=\"og:title\" content=\"Elk\u00e9peszt\u0151 eritreaiak: a koldusszeg\u00e9ny afrikai orsz\u00e1g h\u0151sei eml\u00e9kezetess\u00e9 teszik az idei Gir\u00f3t\" \/>\n<meta property=\"og:description\" content=\"M\u00e9ghozz\u00e1 minden \u00e9rtelemben: sz\u00fcrre\u00e1lis sztorik Biniam Girmay t\u00f6rt\u00e9nelmi szakaszsiker\u00e9t\u0151l \u00e9s abszurd \u201epezsg\u0151baleset\u00e9t\u0151l\u201d kezdve Natnael Tesfatsion ijeszt\u0151 bukfencez\u00e9s\u00e9ig.\" \/>\n<meta property=\"og:url\" content=\"https:\/\/www.welovecycling.com\/hu\/orszaguti-kerekpar\/elkepeszto-eritreaiak-a-koldusszegeny-afrikai-orszag-hosei-emlekezetesse-teszik-az-idei-girot\/\" \/>\n<meta property=\"og:site_name\" content=\"\u0160koda We Love Cycling - Magyarorsz\u00e1g\" \/>\n<meta property=\"article:publisher\" content=\"https:\/\/www.facebook.com\/WeLoveCyclingHungary\/\" \/>\n<meta property=\"article:published_time\" content=\"2022-05-22T06:00:53+00:00\" \/>\n<meta property=\"article:modified_time\" content=\"2022-05-22T08:05:20+00:00\" \/>\n<meta property=\"og:image\" content=\"https:\/\/d2p6e6u75xmxt8.cloudfront.net\/12\/2022\/05\/giro-ditalia-2022-biniam-girmay-LUCA-BETTINI-AFP.jpg\" \/>\n\t<meta property=\"og:image:width\" content=\"1920\" \/>\n\t<meta property=\"og:image:height\" content=\"1080\" \/>\n\t<meta property=\"og:image:type\" content=\"image\/jpeg\" \/>\n<meta name=\"author\" content=\"hegyizs\" \/>\n<meta name=\"twitter:card\" content=\"summary_large_image\" \/>\n<meta name=\"twitter:label1\" content=\"Written by\" \/>\n\t<meta name=\"twitter:data1\" content=\"WLC\" \/>\n\t<meta name=\"twitter:label2\" content=\"Est. reading time\" \/>\n\t<meta name=\"twitter:data2\" content=\"4 minutes\" \/>\n<script type=\"application\/ld+json\" class=\"yoast-schema-graph\">{\"@context\":\"https:\/\/schema.org\",\"@graph\":[{\"@type\":\"WebPage\",\"@id\":\"https:\/\/www.welovecycling.com\/hu\/orszaguti-kerekpar\/elkepeszto-eritreaiak-a-koldusszegeny-afrikai-orszag-hosei-emlekezetesse-teszik-az-idei-girot\/\",\"url\":\"https:\/\/www.welovecycling.com\/hu\/orszaguti-kerekpar\/elkepeszto-eritreaiak-a-koldusszegeny-afrikai-orszag-hosei-emlekezetesse-teszik-az-idei-girot\/\",\"name\":\"Elk\u00e9peszt\u0151 eritreaiak: a koldusszeg\u00e9ny afrikai orsz\u00e1g h\u0151sei eml\u00e9kezetess\u00e9 teszik az idei Gir\u00f3t\",\"isPartOf\":{\"@id\":\"https:\/\/www.welovecycling.com\/hu\/#website\"},\"primaryImageOfPage\":{\"@id\":\"https:\/\/www.welovecycling.com\/hu\/orszaguti-kerekpar\/elkepeszto-eritreaiak-a-koldusszegeny-afrikai-orszag-hosei-emlekezetesse-teszik-az-idei-girot\/#primaryimage\"},\"image\":{\"@id\":\"https:\/\/www.welovecycling.com\/hu\/orszaguti-kerekpar\/elkepeszto-eritreaiak-a-koldusszegeny-afrikai-orszag-hosei-emlekezetesse-teszik-az-idei-girot\/#primaryimage\"},\"thumbnailUrl\":\"https:\/\/d2p6e6u75xmxt8.cloudfront.net\/12\/2022\/05\/giro-ditalia-2022-biniam-girmay-LUCA-BETTINI-AFP.jpg\",\"datePublished\":\"2022-05-22T06:00:53+00:00\",\"dateModified\":\"2022-05-22T08:05:20+00:00\",\"author\":{\"@id\":\"https:\/\/www.welovecycling.com\/hu\/#\/schema\/person\/414a2aebf1801691a5320edb6468e194\"},\"description\":\"M\u00e9ghozz\u00e1 minden \u00e9rtelemben: sz\u00fcrre\u00e1lis sztorik Biniam Girmay t\u00f6rt\u00e9nelmi szakaszsiker\u00e9t\u0151l \u00e9s abszurd \u201epezsg\u0151baleset\u00e9t\u0151l\u201d kezdve Natnael Tesfatsion ijeszt\u0151 bukfencez\u00e9s\u00e9ig.\",\"breadcrumb\":{\"@id\":\"https:\/\/www.welovecycling.com\/hu\/orszaguti-kerekpar\/elkepeszto-eritreaiak-a-koldusszegeny-afrikai-orszag-hosei-emlekezetesse-teszik-az-idei-girot\/#breadcrumb\"},\"inLanguage\":\"hu\",\"potentialAction\":[{\"@type\":\"ReadAction\",\"target\":[\"https:\/\/www.welovecycling.com\/hu\/orszaguti-kerekpar\/elkepeszto-eritreaiak-a-koldusszegeny-afrikai-orszag-hosei-emlekezetesse-teszik-az-idei-girot\/\"]}]},{\"@type\":\"ImageObject\",\"inLanguage\":\"hu\",\"@id\":\"https:\/\/www.welovecycling.com\/hu\/orszaguti-kerekpar\/elkepeszto-eritreaiak-a-koldusszegeny-afrikai-orszag-hosei-emlekezetesse-teszik-az-idei-girot\/#primaryimage\",\"url\":\"https:\/\/d2p6e6u75xmxt8.cloudfront.net\/12\/2022\/05\/giro-ditalia-2022-biniam-girmay-LUCA-BETTINI-AFP.jpg\",\"contentUrl\":\"https:\/\/d2p6e6u75xmxt8.cloudfront.net\/12\/2022\/05\/giro-ditalia-2022-biniam-girmay-LUCA-BETTINI-AFP.jpg\",\"width\":1920,\"height\":1080},{\"@type\":\"BreadcrumbList\",\"@id\":\"https:\/\/www.welovecycling.com\/hu\/orszaguti-kerekpar\/elkepeszto-eritreaiak-a-koldusszegeny-afrikai-orszag-hosei-emlekezetesse-teszik-az-idei-girot\/#breadcrumb\",\"itemListElement\":[{\"@type\":\"ListItem\",\"position\":1,\"name\":\"Home\",\"item\":\"https:\/\/www.welovecycling.com\/hu\/\"},{\"@type\":\"ListItem\",\"position\":2,\"name\":\"Elk\u00e9peszt\u0151 eritreaiak: a koldusszeg\u00e9ny afrikai orsz\u00e1g h\u0151sei eml\u00e9kezetess\u00e9 teszik az idei Gir\u00f3t\"}]},{\"@type\":\"WebSite\",\"@id\":\"https:\/\/www.welovecycling.com\/hu\/#website\",\"url\":\"https:\/\/www.welovecycling.com\/hu\/\",\"name\":\"\u0160koda We Love Cycling - Magyarorsz\u00e1g\",\"description\":\"\u0160koda WeLoveCycling\",\"potentialAction\":[{\"@type\":\"SearchAction\",\"target\":{\"@type\":\"EntryPoint\",\"urlTemplate\":\"https:\/\/www.welovecycling.com\/hu\/?s={search_term_string}\"},\"query-input\":{\"@type\":\"PropertyValueSpecification\",\"valueRequired\":true,\"valueName\":\"search_term_string\"}}],\"inLanguage\":\"hu\"},{\"@type\":\"Person\",\"@id\":\"https:\/\/www.welovecycling.com\/hu\/#\/schema\/person\/414a2aebf1801691a5320edb6468e194\",\"name\":\"hegyizs\",\"image\":{\"@type\":\"ImageObject\",\"inLanguage\":\"hu\",\"@id\":\"https:\/\/www.welovecycling.com\/hu\/#\/schema\/person\/image\/\",\"url\":\"https:\/\/secure.gravatar.com\/avatar\/02cf8a7906b8cf90cecb4679defac7cfd33a1c2e3b88e4903d947f3bb58eedd3?s=96&d=mm&r=g\",\"contentUrl\":\"https:\/\/secure.gravatar.com\/avatar\/02cf8a7906b8cf90cecb4679defac7cfd33a1c2e3b88e4903d947f3bb58eedd3?s=96&d=mm&r=g\",\"caption\":\"hegyizs\"},\"url\":\"https:\/\/www.welovecycling.com\/hu\/author\/hegyizs\/\"}]}<\/script>\n<!-- \/ Yoast SEO Premium plugin. -->","yoast_head_json":{"title":"Elk\u00e9peszt\u0151 eritreaiak: a koldusszeg\u00e9ny afrikai orsz\u00e1g h\u0151sei eml\u00e9kezetess\u00e9 teszik az idei Gir\u00f3t","description":"M\u00e9ghozz\u00e1 minden \u00e9rtelemben: sz\u00fcrre\u00e1lis sztorik Biniam Girmay t\u00f6rt\u00e9nelmi szakaszsiker\u00e9t\u0151l \u00e9s abszurd \u201epezsg\u0151baleset\u00e9t\u0151l\u201d kezdve Natnael Tesfatsion ijeszt\u0151 bukfencez\u00e9s\u00e9ig.","robots":{"index":"index","follow":"follow","max-snippet":"max-snippet:-1","max-image-preview":"max-image-preview:large","max-video-preview":"max-video-preview:-1"},"canonical":"https:\/\/www.welovecycling.com\/hu\/orszaguti-kerekpar\/elkepeszto-eritreaiak-a-koldusszegeny-afrikai-orszag-hosei-emlekezetesse-teszik-az-idei-girot\/","og_locale":"hu_HU","og_type":"article","og_title":"Elk\u00e9peszt\u0151 eritreaiak: a koldusszeg\u00e9ny afrikai orsz\u00e1g h\u0151sei eml\u00e9kezetess\u00e9 teszik az idei Gir\u00f3t","og_description":"M\u00e9ghozz\u00e1 minden \u00e9rtelemben: sz\u00fcrre\u00e1lis sztorik Biniam Girmay t\u00f6rt\u00e9nelmi szakaszsiker\u00e9t\u0151l \u00e9s abszurd \u201epezsg\u0151baleset\u00e9t\u0151l\u201d kezdve Natnael Tesfatsion ijeszt\u0151 bukfencez\u00e9s\u00e9ig.","og_url":"https:\/\/www.welovecycling.com\/hu\/orszaguti-kerekpar\/elkepeszto-eritreaiak-a-koldusszegeny-afrikai-orszag-hosei-emlekezetesse-teszik-az-idei-girot\/","og_site_name":"\u0160koda We Love Cycling - Magyarorsz\u00e1g","article_publisher":"https:\/\/www.facebook.com\/WeLoveCyclingHungary\/","article_published_time":"2022-05-22T06:00:53+00:00","article_modified_time":"2022-05-22T08:05:20+00:00","og_image":[{"width":1920,"height":1080,"url":"https:\/\/d2p6e6u75xmxt8.cloudfront.net\/12\/2022\/05\/giro-ditalia-2022-biniam-girmay-LUCA-BETTINI-AFP.jpg","type":"image\/jpeg"}],"author":"hegyizs","twitter_card":"summary_large_image","twitter_misc":{"Written by":"WLC","Est. reading time":"4 minutes"},"schema":{"@context":"https:\/\/schema.org","@graph":[{"@type":"WebPage","@id":"https:\/\/www.welovecycling.com\/hu\/orszaguti-kerekpar\/elkepeszto-eritreaiak-a-koldusszegeny-afrikai-orszag-hosei-emlekezetesse-teszik-az-idei-girot\/","url":"https:\/\/www.welovecycling.com\/hu\/orszaguti-kerekpar\/elkepeszto-eritreaiak-a-koldusszegeny-afrikai-orszag-hosei-emlekezetesse-teszik-az-idei-girot\/","name":"Elk\u00e9peszt\u0151 eritreaiak: a koldusszeg\u00e9ny afrikai orsz\u00e1g h\u0151sei eml\u00e9kezetess\u00e9 teszik az idei Gir\u00f3t","isPartOf":{"@id":"https:\/\/www.welovecycling.com\/hu\/#website"},"primaryImageOfPage":{"@id":"https:\/\/www.welovecycling.com\/hu\/orszaguti-kerekpar\/elkepeszto-eritreaiak-a-koldusszegeny-afrikai-orszag-hosei-emlekezetesse-teszik-az-idei-girot\/#primaryimage"},"image":{"@id":"https:\/\/www.welovecycling.com\/hu\/orszaguti-kerekpar\/elkepeszto-eritreaiak-a-koldusszegeny-afrikai-orszag-hosei-emlekezetesse-teszik-az-idei-girot\/#primaryimage"},"thumbnailUrl":"https:\/\/d2p6e6u75xmxt8.cloudfront.net\/12\/2022\/05\/giro-ditalia-2022-biniam-girmay-LUCA-BETTINI-AFP.jpg","datePublished":"2022-05-22T06:00:53+00:00","dateModified":"2022-05-22T08:05:20+00:00","author":{"@id":"https:\/\/www.welovecycling.com\/hu\/#\/schema\/person\/414a2aebf1801691a5320edb6468e194"},"description":"M\u00e9ghozz\u00e1 minden \u00e9rtelemben: sz\u00fcrre\u00e1lis sztorik Biniam Girmay t\u00f6rt\u00e9nelmi szakaszsiker\u00e9t\u0151l \u00e9s abszurd \u201epezsg\u0151baleset\u00e9t\u0151l\u201d kezdve Natnael Tesfatsion ijeszt\u0151 bukfencez\u00e9s\u00e9ig.","breadcrumb":{"@id":"https:\/\/www.welovecycling.com\/hu\/orszaguti-kerekpar\/elkepeszto-eritreaiak-a-koldusszegeny-afrikai-orszag-hosei-emlekezetesse-teszik-az-idei-girot\/#breadcrumb"},"inLanguage":"hu","potentialAction":[{"@type":"ReadAction","target":["https:\/\/www.welovecycling.com\/hu\/orszaguti-kerekpar\/elkepeszto-eritreaiak-a-koldusszegeny-afrikai-orszag-hosei-emlekezetesse-teszik-az-idei-girot\/"]}]},{"@type":"ImageObject","inLanguage":"hu","@id":"https:\/\/www.welovecycling.com\/hu\/orszaguti-kerekpar\/elkepeszto-eritreaiak-a-koldusszegeny-afrikai-orszag-hosei-emlekezetesse-teszik-az-idei-girot\/#primaryimage","url":"https:\/\/d2p6e6u75xmxt8.cloudfront.net\/12\/2022\/05\/giro-ditalia-2022-biniam-girmay-LUCA-BETTINI-AFP.jpg","contentUrl":"https:\/\/d2p6e6u75xmxt8.cloudfront.net\/12\/2022\/05\/giro-ditalia-2022-biniam-girmay-LUCA-BETTINI-AFP.jpg","width":1920,"height":1080},{"@type":"BreadcrumbList","@id":"https:\/\/www.welovecycling.com\/hu\/orszaguti-kerekpar\/elkepeszto-eritreaiak-a-koldusszegeny-afrikai-orszag-hosei-emlekezetesse-teszik-az-idei-girot\/#breadcrumb","itemListElement":[{"@type":"ListItem","position":1,"name":"Home","item":"https:\/\/www.welovecycling.com\/hu\/"},{"@type":"ListItem","position":2,"name":"Elk\u00e9peszt\u0151 eritreaiak: a koldusszeg\u00e9ny afrikai orsz\u00e1g h\u0151sei eml\u00e9kezetess\u00e9 teszik az idei Gir\u00f3t"}]},{"@type":"WebSite","@id":"https:\/\/www.welovecycling.com\/hu\/#website","url":"https:\/\/www.welovecycling.com\/hu\/","name":"\u0160koda We Love Cycling - Magyarorsz\u00e1g","description":"\u0160koda WeLoveCycling","potentialAction":[{"@type":"SearchAction","target":{"@type":"EntryPoint","urlTemplate":"https:\/\/www.welovecycling.com\/hu\/?s={search_term_string}"},"query-input":{"@type":"PropertyValueSpecification","valueRequired":true,"valueName":"search_term_string"}}],"inLanguage":"hu"},{"@type":"Person","@id":"https:\/\/www.welovecycling.com\/hu\/#\/schema\/person\/414a2aebf1801691a5320edb6468e194","name":"hegyizs","image":{"@type":"ImageObject","inLanguage":"hu","@id":"https:\/\/www.welovecycling.com\/hu\/#\/schema\/person\/image\/","url":"https:\/\/secure.gravatar.com\/avatar\/02cf8a7906b8cf90cecb4679defac7cfd33a1c2e3b88e4903d947f3bb58eedd3?s=96&d=mm&r=g","contentUrl":"https:\/\/secure.gravatar.com\/avatar\/02cf8a7906b8cf90cecb4679defac7cfd33a1c2e3b88e4903d947f3bb58eedd3?s=96&d=mm&r=g","caption":"hegyizs"},"url":"https:\/\/www.welovecycling.com\/hu\/author\/hegyizs\/"}]}},"_links":{"self":[{"href":"https:\/\/www.welovecycling.com\/hu\/wp-json\/wp\/v2\/posts\/15063","targetHints":{"allow":["GET"]}}],"collection":[{"href":"https:\/\/www.welovecycling.com\/hu\/wp-json\/wp\/v2\/posts"}],"about":[{"href":"https:\/\/www.welovecycling.com\/hu\/wp-json\/wp\/v2\/types\/post"}],"author":[{"embeddable":true,"href":"https:\/\/www.welovecycling.com\/hu\/wp-json\/wp\/v2\/users\/71"}],"replies":[{"embeddable":true,"href":"https:\/\/www.welovecycling.com\/hu\/wp-json\/wp\/v2\/comments?post=15063"}],"version-history":[{"count":1,"href":"https:\/\/www.welovecycling.com\/hu\/wp-json\/wp\/v2\/posts\/15063\/revisions"}],"predecessor-version":[{"id":15068,"href":"https:\/\/www.welovecycling.com\/hu\/wp-json\/wp\/v2\/posts\/15063\/revisions\/15068"}],"wp:featuredmedia":[{"embeddable":true,"href":"https:\/\/www.welovecycling.com\/hu\/wp-json\/wp\/v2\/media\/15064"}],"wp:attachment":[{"href":"https:\/\/www.welovecycling.com\/hu\/wp-json\/wp\/v2\/media?parent=15063"}],"wp:term":[{"taxonomy":"category","embeddable":true,"href":"https:\/\/www.welovecycling.com\/hu\/wp-json\/wp\/v2\/categories?post=15063"},{"taxonomy":"post_tag","embeddable":true,"href":"https:\/\/www.welovecycling.com\/hu\/wp-json\/wp\/v2\/tags?post=15063"},{"taxonomy":"global-categories","embeddable":true,"href":"https:\/\/www.welovecycling.com\/hu\/wp-json\/wp\/v2\/global-categories?post=15063"}],"curies":[{"name":"wp","href":"https:\/\/api.w.org\/{rel}","templated":true}]}}