{"id":15046,"date":"2022-05-26T08:00:27","date_gmt":"2022-05-26T06:00:27","guid":{"rendered":"https:\/\/www.welovecycling.com\/hu\/?p=15046"},"modified":"2022-05-20T16:44:15","modified_gmt":"2022-05-20T14:44:15","slug":"biniam-girmay-az-afrikai-szupersztar","status":"publish","type":"post","link":"https:\/\/www.welovecycling.com\/hu\/orszaguti-kerekpar\/biniam-girmay-az-afrikai-szupersztar\/","title":{"rendered":"Biniam Girmay: az afrikai szuperszt\u00e1r"},"content":{"rendered":"<p><strong>Ha m\u00e9g nem hallott\u00e1l Biniam Girmayr\u00f3l, itt az ideje. F\u0151leg, ha te is az outi versenyek nagy rajong\u00f3ja vagy. Gent-Wevelgem gy\u0151zelm\u00e9t k\u00f6vet\u0151en minden c\u00edmlapon ott szerepelt, azt a benyom\u00e1st keltve, hogy a semmib\u0151l bukkant fel. De ez egy\u00e1ltal\u00e1n nem igaz.<\/strong><\/p>\n<p><!--more--><\/p>\n<p>Vess\u00fcnk egy pillant\u00e1st a fiatal eritreai ker\u00e9kp\u00e1ros karrier\u00fatj\u00e1rta, aki jelentleg az Intermarch\u00e9-Wanty-Gobertben teker. Egy dolog biztos: belev\u00e9ste a nev\u00e9t a bring\u00e1s t\u00f6rt\u00e9nelem k\u00f6nyv\u00e9be, hiszen \u0151 lett az els\u0151 afrikai, aki World Tour versenyt nyert, m\u00e1r 21 \u00e9vesen.<\/p>\n<figure id=\"attachment_15048\" aria-describedby=\"caption-attachment-15048\" style=\"width: 1250px\" class=\"wp-caption alignnone\"><a href=\"https:\/\/d2p6e6u75xmxt8.cloudfront.net\/12\/2022\/05\/Biniam-Girmay-profimedia-0673601907.jpg\"><img loading=\"lazy\" decoding=\"async\" class=\"size-full wp-image-15048\" src=\"https:\/\/d2p6e6u75xmxt8.cloudfront.net\/12\/2022\/05\/Biniam-Girmay-profimedia-0673601907.jpg\" alt=\"\" width=\"1250\" height=\"833\" srcset=\"https:\/\/d2p6e6u75xmxt8.cloudfront.net\/12\/2022\/05\/Biniam-Girmay-profimedia-0673601907.jpg 1250w, https:\/\/d2p6e6u75xmxt8.cloudfront.net\/12\/2022\/05\/Biniam-Girmay-profimedia-0673601907-300x200.jpg 300w, https:\/\/d2p6e6u75xmxt8.cloudfront.net\/12\/2022\/05\/Biniam-Girmay-profimedia-0673601907-1024x682.jpg 1024w, https:\/\/d2p6e6u75xmxt8.cloudfront.net\/12\/2022\/05\/Biniam-Girmay-profimedia-0673601907-768x512.jpg 768w, https:\/\/d2p6e6u75xmxt8.cloudfront.net\/12\/2022\/05\/Biniam-Girmay-profimedia-0673601907-272x182.jpg 272w\" sizes=\"auto, (max-width: 1250px) 100vw, 1250px\" \/><\/a><figcaption id=\"caption-attachment-15048\" class=\"wp-caption-text\"><em>Az eritreai Biniam Girmay egy sajt\u00f3t\u00e1j\u00e9koztat\u00f3n.<\/em><\/figcaption><\/figure>\n<h2><strong>Ker\u00e9kp\u00e1r-l\u00e1z<\/strong><\/h2>\n<p>Biniam 10 \u00e9vesen m\u00e9g jobban szerette a focit, azonban b\u00e1tyja, akit \u00e9rdekelt a bring\u00e1z\u00e1s, r\u00e1besz\u00e9lte a sportra, majd arra is, hogy versenyezni kezdjen. \u00c9desapja vett neki egy dr\u00e1ga biciklit, ugyanolyat, mint amilyennel \u0151 tett meg a munkahely\u00e9re vezet\u0151 10 kilom\u00e9teres utat. Ez volt a ker\u00e9k\u00e1ros l\u00e1z \u00e9s karrier kezdete.<\/p>\n<p>Akkor figyeltek fel r\u00e1, amikor 2018-ban megszerezte harmadik junior bajnoki c\u00edm\u00e9t, megnyerte az orsz\u00e1g\u00fati versenyt, az id\u0151m\u00e9r\u0151t \u00e9s a csapatversenyt is. Ugyanebben az \u00e9vben karolta fel a World Cycling Centre (WCC). A WCC-t az UCI alap\u00edtotta, hogy seg\u00edtse a kev\u00e9sb\u00e9 kedvez\u0151 gazdas\u00e1gi helyzet\u0171 \u00e9s korl\u00e1tozott ker\u00e9kp\u00e1ros infrastrukt\u00far\u00e1val rendelkez\u0151 orsz\u00e1gok kerekeseit. Az UCI f\u0151hadisz\u00e1ll\u00e1sa mellett tal\u00e1lhat\u00f3 k\u00f6zpont seg\u00edts\u00e9g\u00e9vel juniorok \u00e9s elit versenyz\u0151k kapnak nemzetk\u00f6zi versenylehet\u0151s\u00e9geket.<\/p>\n<p>Juniork\u00e9nt a WCC-ben Biniam felkeltette a ker\u00e9kp\u00e1ros k\u00f6z\u00f6ss\u00e9g \u00e9s t\u00e1rsai figyelm\u00e9t azzal, hogy m\u00e1sod\u00e9ves juniork\u00e9nt egyike lett azon kev\u00e9s versenyz\u0151knek (a m\u00e1sik Robbie Hunter), aki legy\u0151zte Remco Evenpoelt, amikor 20 futamos gy\u0151zelmi sorozatot futott (30 versenyb\u0151l). Ez t\u00e9nyleg el\u00e9g leny\u0171g\u00f6z\u0151!<\/p>\n<p>2019-ben az eritreai v\u00e1logatott sz\u00edneiben megel\u0151zte Niccol\u00f3 Bonifazio-t \u00e9s Andr\u00e9 Greipelt, \u00edgy szakaszgy\u0151zelmet szerzett a Gabon UCI Africa Tour verseny\u00e9n, a La Tropica Amissa Bongon. Ezut\u00e1n elvitt egy \u00fajabb etapot a Tour de Rwand\u00e1n. Sikerei ellen\u00e9re az egyetlen csapat, aki \u00e9rdekl\u0151d\u00e9st mutatott ir\u00e1ny\u00e1ba, a kis francia ist\u00e1ll\u00f3, a ProTeam besorol\u00e1s\u00fa Delko-Provence volt.<\/p>\n<h2><strong>Egy ajt\u00f3 bez\u00e1rul, egy m\u00e1sik kiny\u00edlik<\/strong><\/h2>\n<p>Biniam 2020-ban otthagyta a sv\u00e1jci WCC program biztons\u00e1g\u00e1t, \u00e9s \u00f6t\u00e9ves szerz\u0151d\u00e9st k\u00f6t\u00f6tt a Team Delko-Provence csapat\u00e1val. Ez a t\u00f6bb\u00e9ves meg\u00e1llapod\u00e1s \u00e9s a kis csapat p\u00e9nz\u00fcgyi elk\u00f6telezetts\u00e9ge arr\u00f3l tan\u00faskodott, hogy val\u00f3ban megvan a versenyz\u0151ben a tehets\u00e9g \u00e9s potenci\u00e1l. Azt\u00e1n be\u00fct\u00f6tt a pand\u00e9mia 2020-ban, \u00e9s a Delko rossz p\u00e9nz\u00fcgyi helyzetbe ker\u00fclt, \u00edgy fel kellett adniuk terveiket. A csapat becs\u0151d\u00f6lt.<\/p>\n<p>Egy belga ist\u00e1ll\u00f3, az Intermarch\u00e9-Wanty-Gobert Mat\u00e9riaux csapott le Biniamra, akit nem zavart meg a csapatv\u00e1lt\u00e1s, nagy lend\u00fclettel z\u00e1rta a 2021-es szezont: a m\u00e1sodik helyen v\u00e9gzett a belgiumi U23-as vil\u00e1gbajnoks\u00e1g sprintj\u00e9ben. Ezzel pedig \u00fajabb els\u0151 lett: az els\u0151 eritreai versenyz\u0151 \u00e9s az els\u0151 sz\u00ednes b\u0151r\u0171 afrikai, aki fel\u00e1llhatott az UCI World dobog\u00f3ra.<\/p>\n<h2><strong>A 2022-es szezon, eddig<\/strong><\/h2>\n<p>Nem ker\u00fclte el a siker 2022 elej\u00e9n sem a bring\u00e1st. Megnyerte a Mallorca Challenge m\u00e1sodik szakasz\u00e1t, a Trofei d\u2019Alc\u00fadi\u00e1t, egy sprinttel negyedik lett a P\u00e1rizs-Nizza hatodik szakasz\u00e1n, tizedik a Milano-Torin\u00f3n, tizenkettedik a Milano-Sanrem\u00f3n \u00e9s \u00f6t\u00f6dik az E3 Saxo Bank Classico-n. Nem is besz\u00e9lve eddigi legnagyobb eredm\u00e9ny\u00e9r\u0151l, a Gent-Wevelgemr\u0151l. \u00c9s m\u00e9g csak 22 \u00e9ves!<\/p>\n<p>A gy\u0151zelme ezen a verseny bebiztos\u00edtotta a nev\u00e9t a ker\u00e9kp\u00e1ros rekorderek k\u00f6z\u00f6tt: nem csak \u0151 lett az els\u0151 afrikai gy\u0151ztes az illusztris egynapos klasszikuson, de minden id\u0151k nyolcadik legfiatalabb nyertese is! Teljes\u00edtm\u00e9ny\u00e9vel megjelent Eritrea a bring\u00e1s t\u00e9rk\u00e9pen, \u00e9s megmutatta, hogy az afrikai ker\u00e9kp\u00e1roz\u00e1snak is van helye a profi mez\u0151nyben.<\/p>\n<p>https:\/\/www.instagram.com\/p\/CdY15gcM7uD\/<\/p>\n<h2><strong>Szerz\u0151d\u00e9shosszabb\u00edt\u00e1s \u00e9s UCI vil\u00e1granglista-pontok<\/strong><\/h2>\n<p>Vitathatatlanul az egyik legszer\u00e9nyebb UCI profi csapat, a Team IWG, 2022-ben UCI-pontok\u00e9rt harcol, hogy elker\u00fclje a kies\u00e9st 2023-ban. T\u00f6bbek k\u00f6z\u00f6tt Alexander Kristoff, Jans Bakelants \u00e9s Taco Van Der Hoorn is vel\u00fck teker, \u00edgy igen \u00edg\u00e9retes \u00f6ssze\u00e1ll\u00edt\u00e1ssal v\u00e1gtak bele a Grand Tour-szezonba. A cikk \u00edr\u00e1s\u00e1nak pillanat\u00e1ban Biniam fej-fej mellett halad Mathie van der Poel-el a Giro-n!<\/p>\n<p>A csapat m\u00e1r most h\u00edrnevet szerzett mag\u00e1nak, r\u00e1ad\u00e1sul az egyik legkisebb k\u00f6lts\u00e9gvet\u00e9ssel, amivel ker\u00e9kp\u00e1rsportban elindulhat az ember. A Giro ut\u00e1n minden bizonnyal t\u00f6bb szponzor t\u00e1mogatja majd \u0151ket. Biniam otthon \u00e9rzi mag\u00e1t a csapatban, \u00e9s tov\u00e1bbi k\u00e9t \u00e9vvel meghosszabb\u00edtotta vel\u00fck a szerz\u0151d\u00e9s\u00e9t, \u00edgy 2026-ig biztosan vel\u00fck lesz.<\/p>\n<p>A pletyk\u00e1k szerint a nagyobb csapatok, mint az Ineos Grenadiers is \u00e9rdekl\u0151dnek Biriam ir\u00e1nt, \u0151 azonban \u00f6r\u00fcl, hogy olyan csapattal folytathatja, aki m\u00e1r a kezdetekt\u0151l t\u00e1mogatta \u0151t. A sport\u00e1g egyik leg\u00edg\u00e9retesebb szt\u00e1rja \u00e9s m\u00e9gis al\u00e1zatos \u00e9s h\u0171s\u00e9ges. Egyre jobban kedvelj\u00fck!<\/p>\n<h2><strong>A j\u00f6v\u0151 vil\u00e1gbajnoka?<\/strong><\/h2>\n<p>Biniam nem az els\u0151 sz\u00ednes b\u0151r\u0171 profi ker\u00e9kp\u00e1ros, t\u00f6bbek k\u00f6z\u00f6tt Daniel Teklahaimanot \u00e9s Merhawi Kudus is v\u00e1ltoz\u00f3 sikereket arattak m\u00e1r el\u0151tte. Biniam azonban egy nap alatt t\u00f6bbet tett Afrik\u00e1\u00e9rt, a helyi ker\u00e9kp\u00e1roz\u00e1s\u00e9rt \u00e9s a sport diverzifik\u00e1ci\u00f3j\u00e1\u00e9rt, mint b\u00e1rmelyik el\u0151dje.<\/p>\n<p>Biniam \u00e1prilis 2-\u00e1n t\u00f6lt\u00f6tte be a 22. \u00e9let\u00e9v\u00e9t. Folyamatos jelenl\u00e9te \u00e9s sikerei kib\u0151v\u00edtett\u00e9k az afrikai versenyz\u0151k \u00e9s a sz\u00ednes b\u0151r\u0171 ker\u00e9kp\u00e1rosok lehet\u0151s\u00e9geit, World Tour szinten is. A 2025-\u00f6s vil\u00e1gbajnoks\u00e1gnak Ruanda ad majd helysz\u00ednt \u2013 vajon l\u00e1thatjuk Biniam-t a dobog\u00f3n?<\/p>\n<p>Az idei Giro-n csod\u00e1latos szakaszgy\u0151zelme ut\u00e1n sajnos <a href=\"https:\/\/telex.hu\/sport\/2022\/05\/18\/feladta-a-girot-a-keddi-szakaszgyoztes-aki-pezsgosdugoval-lotte-ki-a-szemet\">fel kellett adnia a versenyt szems\u00e9r\u00fcl\u00e9se miatt<\/a>. Nagyon v\u00e1rjuk a fel\u00e9p\u00fcl\u00e9s\u00e9t!<\/p>\n","protected":false},"excerpt":{"rendered":"<p>Ha m\u00e9g nem hallott\u00e1l Biniam Girmayr\u00f3l, itt az ideje. F\u0151leg, ha te is az outi versenyek nagy rajong\u00f3ja vagy. Gent-Wevelgem [&hellip;]<\/p>\n","protected":false},"author":71,"featured_media":15050,"comment_status":"open","ping_status":"open","sticky":false,"template":"","format":"standard","meta":{"footnotes":""},"categories":[8],"tags":[],"global-categories":[],"class_list":["post-15046","post","type-post","status-publish","format-standard","has-post-thumbnail","hentry","category-orszaguti-kerekpar"],"yoast_head":"<!-- This site is optimized with the Yoast SEO Premium plugin v25.3 (Yoast SEO v25.9) - https:\/\/yoast.com\/wordpress\/plugins\/seo\/ -->\n<title>Biniam Girmay: az afrikai szuperszt\u00e1r<\/title>\n<meta name=\"description\" content=\"Ha m\u00e9g nem hallott\u00e1l Biniam Girmayr\u00f3l, itt az ideje. F\u0151leg, ha te is az outi versenyek nagy rajong\u00f3ja vagy. Gent-Wevelgem gy\u0151zelm\u00e9t k\u00f6vet\u0151en minden c\u00edmlapon ott szerepelt, azt a benyom\u00e1st keltve, hogy a semmib\u0151l bukkant fel. De ez egy\u00e1ltal\u00e1n nem igaz.\" \/>\n<meta name=\"robots\" content=\"index, follow, max-snippet:-1, max-image-preview:large, max-video-preview:-1\" \/>\n<link rel=\"canonical\" href=\"https:\/\/www.welovecycling.com\/hu\/orszaguti-kerekpar\/biniam-girmay-az-afrikai-szupersztar\/\" \/>\n<meta property=\"og:locale\" content=\"hu_HU\" \/>\n<meta property=\"og:type\" content=\"article\" \/>\n<meta property=\"og:title\" content=\"Biniam Girmay: az afrikai szuperszt\u00e1r\" \/>\n<meta property=\"og:description\" content=\"Ha m\u00e9g nem hallott\u00e1l Biniam Girmayr\u00f3l, itt az ideje. F\u0151leg, ha te is az outi versenyek nagy rajong\u00f3ja vagy. Gent-Wevelgem gy\u0151zelm\u00e9t k\u00f6vet\u0151en minden c\u00edmlapon ott szerepelt, azt a benyom\u00e1st keltve, hogy a semmib\u0151l bukkant fel. De ez egy\u00e1ltal\u00e1n nem igaz.\" \/>\n<meta property=\"og:url\" content=\"https:\/\/www.welovecycling.com\/hu\/orszaguti-kerekpar\/biniam-girmay-az-afrikai-szupersztar\/\" \/>\n<meta property=\"og:site_name\" content=\"\u0160koda We Love Cycling - Magyarorsz\u00e1g\" \/>\n<meta property=\"article:publisher\" content=\"https:\/\/www.facebook.com\/WeLoveCyclingHungary\/\" \/>\n<meta property=\"article:published_time\" content=\"2022-05-26T06:00:27+00:00\" \/>\n<meta property=\"og:image\" content=\"https:\/\/d2p6e6u75xmxt8.cloudfront.net\/12\/2022\/05\/Biniam-Girmay-profimedia-0690067345-CVR.jpg\" \/>\n\t<meta property=\"og:image:width\" content=\"990\" \/>\n\t<meta property=\"og:image:height\" content=\"660\" \/>\n\t<meta property=\"og:image:type\" content=\"image\/jpeg\" \/>\n<meta name=\"author\" content=\"hegyizs\" \/>\n<meta name=\"twitter:card\" content=\"summary_large_image\" \/>\n<meta name=\"twitter:label1\" content=\"Written by\" \/>\n\t<meta name=\"twitter:data1\" content=\"Andrea Champredonde\" \/>\n\t<meta name=\"twitter:label2\" content=\"Est. reading time\" \/>\n\t<meta name=\"twitter:data2\" content=\"6\" \/>\n<script type=\"application\/ld+json\" class=\"yoast-schema-graph\">{\"@context\":\"https:\/\/schema.org\",\"@graph\":[{\"@type\":\"WebPage\",\"@id\":\"https:\/\/www.welovecycling.com\/hu\/orszaguti-kerekpar\/biniam-girmay-az-afrikai-szupersztar\/\",\"url\":\"https:\/\/www.welovecycling.com\/hu\/orszaguti-kerekpar\/biniam-girmay-az-afrikai-szupersztar\/\",\"name\":\"Biniam Girmay: az afrikai szuperszt\u00e1r\",\"isPartOf\":{\"@id\":\"https:\/\/www.welovecycling.com\/hu\/#website\"},\"primaryImageOfPage\":{\"@id\":\"https:\/\/www.welovecycling.com\/hu\/orszaguti-kerekpar\/biniam-girmay-az-afrikai-szupersztar\/#primaryimage\"},\"image\":{\"@id\":\"https:\/\/www.welovecycling.com\/hu\/orszaguti-kerekpar\/biniam-girmay-az-afrikai-szupersztar\/#primaryimage\"},\"thumbnailUrl\":\"https:\/\/d2p6e6u75xmxt8.cloudfront.net\/12\/2022\/05\/Biniam-Girmay-profimedia-0690067345-CVR.jpg\",\"datePublished\":\"2022-05-26T06:00:27+00:00\",\"author\":{\"@id\":\"https:\/\/www.welovecycling.com\/hu\/#\/schema\/person\/414a2aebf1801691a5320edb6468e194\"},\"description\":\"Ha m\u00e9g nem hallott\u00e1l Biniam Girmayr\u00f3l, itt az ideje. F\u0151leg, ha te is az outi versenyek nagy rajong\u00f3ja vagy. Gent-Wevelgem gy\u0151zelm\u00e9t k\u00f6vet\u0151en minden c\u00edmlapon ott szerepelt, azt a benyom\u00e1st keltve, hogy a semmib\u0151l bukkant fel. De ez egy\u00e1ltal\u00e1n nem igaz.\",\"breadcrumb\":{\"@id\":\"https:\/\/www.welovecycling.com\/hu\/orszaguti-kerekpar\/biniam-girmay-az-afrikai-szupersztar\/#breadcrumb\"},\"inLanguage\":\"hu\",\"potentialAction\":[{\"@type\":\"ReadAction\",\"target\":[\"https:\/\/www.welovecycling.com\/hu\/orszaguti-kerekpar\/biniam-girmay-az-afrikai-szupersztar\/\"]}]},{\"@type\":\"ImageObject\",\"inLanguage\":\"hu\",\"@id\":\"https:\/\/www.welovecycling.com\/hu\/orszaguti-kerekpar\/biniam-girmay-az-afrikai-szupersztar\/#primaryimage\",\"url\":\"https:\/\/d2p6e6u75xmxt8.cloudfront.net\/12\/2022\/05\/Biniam-Girmay-profimedia-0690067345-CVR.jpg\",\"contentUrl\":\"https:\/\/d2p6e6u75xmxt8.cloudfront.net\/12\/2022\/05\/Biniam-Girmay-profimedia-0690067345-CVR.jpg\",\"width\":990,\"height\":660,\"caption\":\"Biniam Girmay\"},{\"@type\":\"BreadcrumbList\",\"@id\":\"https:\/\/www.welovecycling.com\/hu\/orszaguti-kerekpar\/biniam-girmay-az-afrikai-szupersztar\/#breadcrumb\",\"itemListElement\":[{\"@type\":\"ListItem\",\"position\":1,\"name\":\"Home\",\"item\":\"https:\/\/www.welovecycling.com\/hu\/\"},{\"@type\":\"ListItem\",\"position\":2,\"name\":\"Biniam Girmay: az afrikai szuperszt\u00e1r\"}]},{\"@type\":\"WebSite\",\"@id\":\"https:\/\/www.welovecycling.com\/hu\/#website\",\"url\":\"https:\/\/www.welovecycling.com\/hu\/\",\"name\":\"\u0160koda We Love Cycling - Magyarorsz\u00e1g\",\"description\":\"\u0160koda WeLoveCycling\",\"potentialAction\":[{\"@type\":\"SearchAction\",\"target\":{\"@type\":\"EntryPoint\",\"urlTemplate\":\"https:\/\/www.welovecycling.com\/hu\/?s={search_term_string}\"},\"query-input\":{\"@type\":\"PropertyValueSpecification\",\"valueRequired\":true,\"valueName\":\"search_term_string\"}}],\"inLanguage\":\"hu\"},{\"@type\":\"Person\",\"@id\":\"https:\/\/www.welovecycling.com\/hu\/#\/schema\/person\/414a2aebf1801691a5320edb6468e194\",\"name\":\"hegyizs\",\"image\":{\"@type\":\"ImageObject\",\"inLanguage\":\"hu\",\"@id\":\"https:\/\/www.welovecycling.com\/hu\/#\/schema\/person\/image\/\",\"url\":\"https:\/\/secure.gravatar.com\/avatar\/02cf8a7906b8cf90cecb4679defac7cfd33a1c2e3b88e4903d947f3bb58eedd3?s=96&d=mm&r=g\",\"contentUrl\":\"https:\/\/secure.gravatar.com\/avatar\/02cf8a7906b8cf90cecb4679defac7cfd33a1c2e3b88e4903d947f3bb58eedd3?s=96&d=mm&r=g\",\"caption\":\"hegyizs\"},\"url\":\"https:\/\/www.welovecycling.com\/hu\/author\/hegyizs\/\"}]}<\/script>\n<!-- \/ Yoast SEO Premium plugin. -->","yoast_head_json":{"title":"Biniam Girmay: az afrikai szuperszt\u00e1r","description":"Ha m\u00e9g nem hallott\u00e1l Biniam Girmayr\u00f3l, itt az ideje. F\u0151leg, ha te is az outi versenyek nagy rajong\u00f3ja vagy. Gent-Wevelgem gy\u0151zelm\u00e9t k\u00f6vet\u0151en minden c\u00edmlapon ott szerepelt, azt a benyom\u00e1st keltve, hogy a semmib\u0151l bukkant fel. De ez egy\u00e1ltal\u00e1n nem igaz.","robots":{"index":"index","follow":"follow","max-snippet":"max-snippet:-1","max-image-preview":"max-image-preview:large","max-video-preview":"max-video-preview:-1"},"canonical":"https:\/\/www.welovecycling.com\/hu\/orszaguti-kerekpar\/biniam-girmay-az-afrikai-szupersztar\/","og_locale":"hu_HU","og_type":"article","og_title":"Biniam Girmay: az afrikai szuperszt\u00e1r","og_description":"Ha m\u00e9g nem hallott\u00e1l Biniam Girmayr\u00f3l, itt az ideje. F\u0151leg, ha te is az outi versenyek nagy rajong\u00f3ja vagy. Gent-Wevelgem gy\u0151zelm\u00e9t k\u00f6vet\u0151en minden c\u00edmlapon ott szerepelt, azt a benyom\u00e1st keltve, hogy a semmib\u0151l bukkant fel. De ez egy\u00e1ltal\u00e1n nem igaz.","og_url":"https:\/\/www.welovecycling.com\/hu\/orszaguti-kerekpar\/biniam-girmay-az-afrikai-szupersztar\/","og_site_name":"\u0160koda We Love Cycling - Magyarorsz\u00e1g","article_publisher":"https:\/\/www.facebook.com\/WeLoveCyclingHungary\/","article_published_time":"2022-05-26T06:00:27+00:00","og_image":[{"width":990,"height":660,"url":"https:\/\/d2p6e6u75xmxt8.cloudfront.net\/12\/2022\/05\/Biniam-Girmay-profimedia-0690067345-CVR.jpg","type":"image\/jpeg"}],"author":"hegyizs","twitter_card":"summary_large_image","twitter_misc":{"Written by":"Andrea Champredonde","Est. reading time":"6"},"schema":{"@context":"https:\/\/schema.org","@graph":[{"@type":"WebPage","@id":"https:\/\/www.welovecycling.com\/hu\/orszaguti-kerekpar\/biniam-girmay-az-afrikai-szupersztar\/","url":"https:\/\/www.welovecycling.com\/hu\/orszaguti-kerekpar\/biniam-girmay-az-afrikai-szupersztar\/","name":"Biniam Girmay: az afrikai szuperszt\u00e1r","isPartOf":{"@id":"https:\/\/www.welovecycling.com\/hu\/#website"},"primaryImageOfPage":{"@id":"https:\/\/www.welovecycling.com\/hu\/orszaguti-kerekpar\/biniam-girmay-az-afrikai-szupersztar\/#primaryimage"},"image":{"@id":"https:\/\/www.welovecycling.com\/hu\/orszaguti-kerekpar\/biniam-girmay-az-afrikai-szupersztar\/#primaryimage"},"thumbnailUrl":"https:\/\/d2p6e6u75xmxt8.cloudfront.net\/12\/2022\/05\/Biniam-Girmay-profimedia-0690067345-CVR.jpg","datePublished":"2022-05-26T06:00:27+00:00","author":{"@id":"https:\/\/www.welovecycling.com\/hu\/#\/schema\/person\/414a2aebf1801691a5320edb6468e194"},"description":"Ha m\u00e9g nem hallott\u00e1l Biniam Girmayr\u00f3l, itt az ideje. F\u0151leg, ha te is az outi versenyek nagy rajong\u00f3ja vagy. Gent-Wevelgem gy\u0151zelm\u00e9t k\u00f6vet\u0151en minden c\u00edmlapon ott szerepelt, azt a benyom\u00e1st keltve, hogy a semmib\u0151l bukkant fel. De ez egy\u00e1ltal\u00e1n nem igaz.","breadcrumb":{"@id":"https:\/\/www.welovecycling.com\/hu\/orszaguti-kerekpar\/biniam-girmay-az-afrikai-szupersztar\/#breadcrumb"},"inLanguage":"hu","potentialAction":[{"@type":"ReadAction","target":["https:\/\/www.welovecycling.com\/hu\/orszaguti-kerekpar\/biniam-girmay-az-afrikai-szupersztar\/"]}]},{"@type":"ImageObject","inLanguage":"hu","@id":"https:\/\/www.welovecycling.com\/hu\/orszaguti-kerekpar\/biniam-girmay-az-afrikai-szupersztar\/#primaryimage","url":"https:\/\/d2p6e6u75xmxt8.cloudfront.net\/12\/2022\/05\/Biniam-Girmay-profimedia-0690067345-CVR.jpg","contentUrl":"https:\/\/d2p6e6u75xmxt8.cloudfront.net\/12\/2022\/05\/Biniam-Girmay-profimedia-0690067345-CVR.jpg","width":990,"height":660,"caption":"Biniam Girmay"},{"@type":"BreadcrumbList","@id":"https:\/\/www.welovecycling.com\/hu\/orszaguti-kerekpar\/biniam-girmay-az-afrikai-szupersztar\/#breadcrumb","itemListElement":[{"@type":"ListItem","position":1,"name":"Home","item":"https:\/\/www.welovecycling.com\/hu\/"},{"@type":"ListItem","position":2,"name":"Biniam Girmay: az afrikai szuperszt\u00e1r"}]},{"@type":"WebSite","@id":"https:\/\/www.welovecycling.com\/hu\/#website","url":"https:\/\/www.welovecycling.com\/hu\/","name":"\u0160koda We Love Cycling - Magyarorsz\u00e1g","description":"\u0160koda WeLoveCycling","potentialAction":[{"@type":"SearchAction","target":{"@type":"EntryPoint","urlTemplate":"https:\/\/www.welovecycling.com\/hu\/?s={search_term_string}"},"query-input":{"@type":"PropertyValueSpecification","valueRequired":true,"valueName":"search_term_string"}}],"inLanguage":"hu"},{"@type":"Person","@id":"https:\/\/www.welovecycling.com\/hu\/#\/schema\/person\/414a2aebf1801691a5320edb6468e194","name":"hegyizs","image":{"@type":"ImageObject","inLanguage":"hu","@id":"https:\/\/www.welovecycling.com\/hu\/#\/schema\/person\/image\/","url":"https:\/\/secure.gravatar.com\/avatar\/02cf8a7906b8cf90cecb4679defac7cfd33a1c2e3b88e4903d947f3bb58eedd3?s=96&d=mm&r=g","contentUrl":"https:\/\/secure.gravatar.com\/avatar\/02cf8a7906b8cf90cecb4679defac7cfd33a1c2e3b88e4903d947f3bb58eedd3?s=96&d=mm&r=g","caption":"hegyizs"},"url":"https:\/\/www.welovecycling.com\/hu\/author\/hegyizs\/"}]}},"_links":{"self":[{"href":"https:\/\/www.welovecycling.com\/hu\/wp-json\/wp\/v2\/posts\/15046","targetHints":{"allow":["GET"]}}],"collection":[{"href":"https:\/\/www.welovecycling.com\/hu\/wp-json\/wp\/v2\/posts"}],"about":[{"href":"https:\/\/www.welovecycling.com\/hu\/wp-json\/wp\/v2\/types\/post"}],"author":[{"embeddable":true,"href":"https:\/\/www.welovecycling.com\/hu\/wp-json\/wp\/v2\/users\/71"}],"replies":[{"embeddable":true,"href":"https:\/\/www.welovecycling.com\/hu\/wp-json\/wp\/v2\/comments?post=15046"}],"version-history":[{"count":2,"href":"https:\/\/www.welovecycling.com\/hu\/wp-json\/wp\/v2\/posts\/15046\/revisions"}],"predecessor-version":[{"id":15060,"href":"https:\/\/www.welovecycling.com\/hu\/wp-json\/wp\/v2\/posts\/15046\/revisions\/15060"}],"wp:featuredmedia":[{"embeddable":true,"href":"https:\/\/www.welovecycling.com\/hu\/wp-json\/wp\/v2\/media\/15050"}],"wp:attachment":[{"href":"https:\/\/www.welovecycling.com\/hu\/wp-json\/wp\/v2\/media?parent=15046"}],"wp:term":[{"taxonomy":"category","embeddable":true,"href":"https:\/\/www.welovecycling.com\/hu\/wp-json\/wp\/v2\/categories?post=15046"},{"taxonomy":"post_tag","embeddable":true,"href":"https:\/\/www.welovecycling.com\/hu\/wp-json\/wp\/v2\/tags?post=15046"},{"taxonomy":"global-categories","embeddable":true,"href":"https:\/\/www.welovecycling.com\/hu\/wp-json\/wp\/v2\/global-categories?post=15046"}],"curies":[{"name":"wp","href":"https:\/\/api.w.org\/{rel}","templated":true}]}}