{"id":15044,"date":"2022-05-25T08:00:51","date_gmt":"2022-05-25T06:00:51","guid":{"rendered":"https:\/\/www.welovecycling.com\/hu\/?p=15044"},"modified":"2022-05-20T16:43:19","modified_gmt":"2022-05-20T14:43:19","slug":"novelik-a-rakos-megbetegedesek-kockazatat-az-edesitoszerek","status":"publish","type":"post","link":"https:\/\/www.welovecycling.com\/hu\/edzes-es-eletmod\/novelik-a-rakos-megbetegedesek-kockazatat-az-edesitoszerek\/","title":{"rendered":"N\u00f6velik a r\u00e1kos megbeteged\u00e9sek kock\u00e1zat\u00e1t az \u00e9des\u00edt\u0151szerek?"},"content":{"rendered":"<p><strong>Ker\u00e9k\u00e1rosk\u00e9nt sokszor sz\u00e1nd\u00e9kosan fogyasztunk t\u00f6bb cukrot, hogy jobb legyen a teljes\u00edtm\u00e9ny\u00fcnk, vagy hogy megjutalmazzuk magunkat egy kem\u00e9ny \u00fat ut\u00e1n. Tudjuk, hogy a t\u00fal sok cukor eg\u00e9szs\u00e9gtelen, legal\u00e1bbis a fogainknak biztosan k\u00e1ros. \u00c9rdemes egy r\u00e9sz\u00e9t \u00e9des\u00edt\u0151szerekkel helyettes\u00edteni? Biztons\u00e1gosabb ez a megold\u00e1s?<\/strong><\/p>\n<p><!--more--><\/p>\n<h2><strong>Mesters\u00e9ges \u00e9des\u00edt\u0151szerek biztons\u00e1gos min\u0151s\u00edt\u00e9ssel<\/strong><\/h2>\n<p>A kor\u00e1bbi kutat\u00e1sok nem fedeztek fel kapcsolatot az \u00e9des\u00edt\u0151szerek \u00e9s a r\u00e1k kialakul\u00e1s\u00e1nak kock\u00e1zata k\u00f6z\u00f6tt. Egy 2007-es tanulm\u00e1ny, mely 9000 r\u00e9sztvev\u0151 \u00e9letvitel\u00e9t k\u00f6vette 13 \u00e9ven \u00e1t, nem tal\u00e1lt \u00f6sszef\u00fcgg\u00e9st, ahogy a 2015-ben, k\u00f6zel 600000 ember bevon\u00e1s\u00e1val k\u00e9sz\u00fclt \u00e1ttekint\u00e9s sem.<\/p>\n<p>A felel\u0151s int\u00e9zm\u00e9nyek, mint amilyen az Eur\u00f3pai \u00c9lelmiszerbiztons\u00e1gi Hat\u00f3s\u00e1g, szint\u00e9n biztons\u00e1gosnak \u00edt\u00e9lt\u00e9k ezeket az adal\u00e9kanyagokat. Az EFSA 2013-ban m\u00e9g az ellentmond\u00e1sos aszpart\u00e1mot is biztons\u00e1gosnak nyilv\u00e1n\u00edtotta a teljes lakoss\u00e1g sz\u00e1m\u00e1ra, bele\u00e9rtve a csecsem\u0151ket, a gyermekeket \u00e9s a terhes n\u0151ket is.<\/p>\n<h2><strong>Egy \u00faj kutat\u00e1s megk\u00e9rd\u0151jelezi a kor\u00e1bbiakat<\/strong><\/h2>\n<p>A PLOS Medicine foly\u00f3iratban 2022 m\u00e1rcius\u00e1ban megjelent \u00faj tanulm\u00e1ny \u00fajra el\u0151t\u00e9rbe helyezte a mesters\u00e9ges \u00e9des\u00edt\u0151szerekkel kapcsolatos vit\u00e1t. A Francia Nemzeti Eg\u00e9szs\u00e9g\u00fcgyi \u00e9s Orvosi Kutat\u00f3int\u00e9zet kutat\u00f3i \u00fagy d\u00f6nt\u00f6ttek, hogy a NutriNet-Sant\u00e9 tanulm\u00e1nyban r\u00e9szt vev\u0151 t\u00f6bb mint 100 000 francia feln\u0151tt adatainak elemz\u00e9s\u00e9vel \u00fajra\u00e9rt\u00e9kelik a mesters\u00e9ges \u00e9des\u00edt\u0151szerek lehets\u00e9ges r\u00e1kkelt\u0151 hat\u00e1sait.<\/p>\n<p>Az eredm\u00e9nyeik szerint azok a r\u00e9sztvev\u0151k, akik nagyobb mennyis\u00e9g\u0171 mesters\u00e9ges \u00e9des\u00edt\u0151t fogyasztottak, k\u00fcl\u00f6n\u00f6sen ha aszpart\u00e1mot \u00e9s acelszulf\u00e1m-K-t, 13%-kal nagyobb volt a r\u00e1k \u00e1ltal\u00e1nos kock\u00e1zata, mint azokn\u00e1l, akik egy\u00e1ltal\u00e1n nem fogyasztottak \u00e9des\u00edt\u0151szert. Megfigyelt\u00e9k a mellr\u00e1k \u00e9s az elh\u00edz\u00e1ssal \u00f6sszef\u00fcgg\u00e9sben \u00e1ll\u00f3 r\u00e1k kialakul\u00e1s\u00e1nak val\u00f3sz\u00edn\u0171s\u00e9g\u00e9t. A szerz\u0151k az eredm\u00e9nyeket l\u00e1tva felsz\u00f3l\u00edtott\u00e1k a nagyobb int\u00e9zm\u00e9nyeket, hogy \u00e9rt\u00e9kelj\u00e9k \u00fajra az \u00e1ll\u00e1spontjukat az adal\u00e9kanyagok biztons\u00e1goss\u00e1g\u00e1val kapcsolatban.<\/p>\n<p><em>\u201eEredm\u00e9nyeink nem t\u00e1masztj\u00e1k al\u00e1, hogy a mesters\u00e9ges \u00e9dest\u0151szereket biztons\u00e1gosan haszn\u00e1lhatjuk a cukor alternat\u00edv\u00e1jak\u00e9nt \u00e9lelmiszerekben \u00e9s italokban, illetve fontos \u00faj inform\u00e1ci\u00f3kkal szolg\u00e1lnak ezek lehets\u00e9ges k\u00e1ros hat\u00e1saival kapcsolatban. B\u00e1r ezeket az eredm\u00e9nyeket tov\u00e1bbi nagyszab\u00e1s\u00fa kutat\u00e1sok sor\u00e1n meg kell er\u0151s\u00edten\u00fcnk, jelenleg is betekint\u00e9st ny\u00fajtanak abba, mi\u00e9rt kell \u00fajra\u00e9rt\u00e9kelni az Eur\u00f3pai \u00c9lelmiszerbiztons\u00e1gi Hat\u00f3s\u00e1g \u00e9s m\u00e1s int\u00e9zm\u00e9nyek \u00e1ll\u00e1spontj\u00e1t\u201d<\/em> \u2013 mondta a tanulm\u00e1ny vezet\u0151 szerz\u0151je, Charlotte Debras.<\/p>\n<h2><strong>Jobb, ha elker\u00fcl\u00f6d?<\/strong><\/h2>\n<p>Nem szabad elvesz\u00edteni a fej\u00fcnket egy \u00faj tanulm\u00e1ny miatt. Ritk\u00e1n fordul el\u0151, hogy egyetlen kutat\u00e1s mindent megv\u00e1ltoztat. Ha azonban szeretn\u00e9l \u00f3vint\u00e9zked\u00e9seket tenni, miel\u0151tt tov\u00e1bbi eredm\u00e9nyek sz\u00fcletnek a t\u00e9m\u00e1ban, akkor olvasd el az \u00e9lemiszerek c\u00edmk\u00e9it, \u00e9s pr\u00f3b\u00e1ld meg elker\u00fclni az aszpart\u00e1mot \u00e9s az aceszulf\u00e1m-K adal\u00e9kanyagot (ez Sunett, Sweet One \u00e9s E590-k\u00e9nt is fut). Ez a k\u00e9t \u00e9des\u00edt\u0151 t\u0171nik a legprobl\u00e9m\u00e1sabbnak az \u00faj tanulm\u00e1ny szerint. Ha ezeket elker\u00fcl\u00f6d, m\u00e9g akkor is sz\u00e1mos lehet\u0151s\u00e9get marad a cukor helyettes\u00edt\u00e9s\u00e9re, p\u00e9ld\u00e1ul a stevia \u00e9s az eritrit.<\/p>\n","protected":false},"excerpt":{"rendered":"<p>Ker\u00e9k\u00e1rosk\u00e9nt sokszor sz\u00e1nd\u00e9kosan fogyasztunk t\u00f6bb cukrot, hogy jobb legyen a teljes\u00edtm\u00e9ny\u00fcnk, vagy hogy megjutalmazzuk magunkat egy kem\u00e9ny \u00fat ut\u00e1n. Tudjuk, [&hellip;]<\/p>\n","protected":false},"author":71,"featured_media":15045,"comment_status":"open","ping_status":"open","sticky":false,"template":"","format":"standard","meta":{"footnotes":""},"categories":[6],"tags":[],"global-categories":[],"class_list":["post-15044","post","type-post","status-publish","format-standard","has-post-thumbnail","hentry","category-edzes-es-eletmod"],"yoast_head":"<!-- This site is optimized with the Yoast SEO Premium plugin v25.3 (Yoast SEO v25.9) - https:\/\/yoast.com\/wordpress\/plugins\/seo\/ -->\n<title>N\u00f6velik a r\u00e1kos megbeteged\u00e9sek kock\u00e1zat\u00e1t az \u00e9des\u00edt\u0151szerek?<\/title>\n<meta name=\"description\" content=\"Ker\u00e9k\u00e1rosk\u00e9nt sokszor sz\u00e1nd\u00e9kosan fogyasztunk t\u00f6bb cukrot, hogy jobb legyen a teljes\u00edtm\u00e9ny\u00fcnk, vagy hogy megjutalmazzuk magunkat egy kem\u00e9ny \u00fat ut\u00e1n. Tudjuk, hogy a t\u00fal sok cukor eg\u00e9szs\u00e9gtelen, legal\u00e1bbis a fogainknak biztosan k\u00e1ros. \u00c9rdemes egy r\u00e9sz\u00e9t \u00e9des\u00edt\u0151szerekkel helyettes\u00edteni? Biztons\u00e1gosabb ez a megold\u00e1s?\" \/>\n<meta name=\"robots\" content=\"index, follow, max-snippet:-1, max-image-preview:large, max-video-preview:-1\" \/>\n<link rel=\"canonical\" href=\"https:\/\/www.welovecycling.com\/hu\/edzes-es-eletmod\/novelik-a-rakos-megbetegedesek-kockazatat-az-edesitoszerek\/\" \/>\n<meta property=\"og:locale\" content=\"hu_HU\" \/>\n<meta property=\"og:type\" content=\"article\" \/>\n<meta property=\"og:title\" content=\"N\u00f6velik a r\u00e1kos megbeteged\u00e9sek kock\u00e1zat\u00e1t az \u00e9des\u00edt\u0151szerek?\" \/>\n<meta property=\"og:description\" content=\"Ker\u00e9k\u00e1rosk\u00e9nt sokszor sz\u00e1nd\u00e9kosan fogyasztunk t\u00f6bb cukrot, hogy jobb legyen a teljes\u00edtm\u00e9ny\u00fcnk, vagy hogy megjutalmazzuk magunkat egy kem\u00e9ny \u00fat ut\u00e1n. Tudjuk, hogy a t\u00fal sok cukor eg\u00e9szs\u00e9gtelen, legal\u00e1bbis a fogainknak biztosan k\u00e1ros. \u00c9rdemes egy r\u00e9sz\u00e9t \u00e9des\u00edt\u0151szerekkel helyettes\u00edteni? Biztons\u00e1gosabb ez a megold\u00e1s?\" \/>\n<meta property=\"og:url\" content=\"https:\/\/www.welovecycling.com\/hu\/edzes-es-eletmod\/novelik-a-rakos-megbetegedesek-kockazatat-az-edesitoszerek\/\" \/>\n<meta property=\"og:site_name\" content=\"\u0160koda We Love Cycling - Magyarorsz\u00e1g\" \/>\n<meta property=\"article:publisher\" content=\"https:\/\/www.facebook.com\/WeLoveCyclingHungary\/\" \/>\n<meta property=\"article:published_time\" content=\"2022-05-25T06:00:51+00:00\" \/>\n<meta property=\"og:image\" content=\"https:\/\/d2p6e6u75xmxt8.cloudfront.net\/12\/2022\/05\/Artificial-Sweetener-profimedia-0570960575-CVR.jpg\" \/>\n\t<meta property=\"og:image:width\" content=\"990\" \/>\n\t<meta property=\"og:image:height\" content=\"660\" \/>\n\t<meta property=\"og:image:type\" content=\"image\/jpeg\" \/>\n<meta name=\"author\" content=\"hegyizs\" \/>\n<meta name=\"twitter:card\" content=\"summary_large_image\" \/>\n<meta name=\"twitter:label1\" content=\"Written by\" \/>\n\t<meta name=\"twitter:data1\" content=\"Jiri Kaloc\" \/>\n\t<meta name=\"twitter:label2\" content=\"Est. reading time\" \/>\n\t<meta name=\"twitter:data2\" content=\"5\" \/>\n<script type=\"application\/ld+json\" class=\"yoast-schema-graph\">{\"@context\":\"https:\/\/schema.org\",\"@graph\":[{\"@type\":\"WebPage\",\"@id\":\"https:\/\/www.welovecycling.com\/hu\/edzes-es-eletmod\/novelik-a-rakos-megbetegedesek-kockazatat-az-edesitoszerek\/\",\"url\":\"https:\/\/www.welovecycling.com\/hu\/edzes-es-eletmod\/novelik-a-rakos-megbetegedesek-kockazatat-az-edesitoszerek\/\",\"name\":\"N\u00f6velik a r\u00e1kos megbeteged\u00e9sek kock\u00e1zat\u00e1t az \u00e9des\u00edt\u0151szerek?\",\"isPartOf\":{\"@id\":\"https:\/\/www.welovecycling.com\/hu\/#website\"},\"primaryImageOfPage\":{\"@id\":\"https:\/\/www.welovecycling.com\/hu\/edzes-es-eletmod\/novelik-a-rakos-megbetegedesek-kockazatat-az-edesitoszerek\/#primaryimage\"},\"image\":{\"@id\":\"https:\/\/www.welovecycling.com\/hu\/edzes-es-eletmod\/novelik-a-rakos-megbetegedesek-kockazatat-az-edesitoszerek\/#primaryimage\"},\"thumbnailUrl\":\"https:\/\/d2p6e6u75xmxt8.cloudfront.net\/12\/2022\/05\/Artificial-Sweetener-profimedia-0570960575-CVR.jpg\",\"datePublished\":\"2022-05-25T06:00:51+00:00\",\"author\":{\"@id\":\"https:\/\/www.welovecycling.com\/hu\/#\/schema\/person\/414a2aebf1801691a5320edb6468e194\"},\"description\":\"Ker\u00e9k\u00e1rosk\u00e9nt sokszor sz\u00e1nd\u00e9kosan fogyasztunk t\u00f6bb cukrot, hogy jobb legyen a teljes\u00edtm\u00e9ny\u00fcnk, vagy hogy megjutalmazzuk magunkat egy kem\u00e9ny \u00fat ut\u00e1n. Tudjuk, hogy a t\u00fal sok cukor eg\u00e9szs\u00e9gtelen, legal\u00e1bbis a fogainknak biztosan k\u00e1ros. \u00c9rdemes egy r\u00e9sz\u00e9t \u00e9des\u00edt\u0151szerekkel helyettes\u00edteni? Biztons\u00e1gosabb ez a megold\u00e1s?\",\"breadcrumb\":{\"@id\":\"https:\/\/www.welovecycling.com\/hu\/edzes-es-eletmod\/novelik-a-rakos-megbetegedesek-kockazatat-az-edesitoszerek\/#breadcrumb\"},\"inLanguage\":\"hu\",\"potentialAction\":[{\"@type\":\"ReadAction\",\"target\":[\"https:\/\/www.welovecycling.com\/hu\/edzes-es-eletmod\/novelik-a-rakos-megbetegedesek-kockazatat-az-edesitoszerek\/\"]}]},{\"@type\":\"ImageObject\",\"inLanguage\":\"hu\",\"@id\":\"https:\/\/www.welovecycling.com\/hu\/edzes-es-eletmod\/novelik-a-rakos-megbetegedesek-kockazatat-az-edesitoszerek\/#primaryimage\",\"url\":\"https:\/\/d2p6e6u75xmxt8.cloudfront.net\/12\/2022\/05\/Artificial-Sweetener-profimedia-0570960575-CVR.jpg\",\"contentUrl\":\"https:\/\/d2p6e6u75xmxt8.cloudfront.net\/12\/2022\/05\/Artificial-Sweetener-profimedia-0570960575-CVR.jpg\",\"width\":990,\"height\":660,\"caption\":\"Artificial sweetener\"},{\"@type\":\"BreadcrumbList\",\"@id\":\"https:\/\/www.welovecycling.com\/hu\/edzes-es-eletmod\/novelik-a-rakos-megbetegedesek-kockazatat-az-edesitoszerek\/#breadcrumb\",\"itemListElement\":[{\"@type\":\"ListItem\",\"position\":1,\"name\":\"Home\",\"item\":\"https:\/\/www.welovecycling.com\/hu\/\"},{\"@type\":\"ListItem\",\"position\":2,\"name\":\"N\u00f6velik a r\u00e1kos megbeteged\u00e9sek kock\u00e1zat\u00e1t az \u00e9des\u00edt\u0151szerek?\"}]},{\"@type\":\"WebSite\",\"@id\":\"https:\/\/www.welovecycling.com\/hu\/#website\",\"url\":\"https:\/\/www.welovecycling.com\/hu\/\",\"name\":\"\u0160koda We Love Cycling - Magyarorsz\u00e1g\",\"description\":\"\u0160koda WeLoveCycling\",\"potentialAction\":[{\"@type\":\"SearchAction\",\"target\":{\"@type\":\"EntryPoint\",\"urlTemplate\":\"https:\/\/www.welovecycling.com\/hu\/?s={search_term_string}\"},\"query-input\":{\"@type\":\"PropertyValueSpecification\",\"valueRequired\":true,\"valueName\":\"search_term_string\"}}],\"inLanguage\":\"hu\"},{\"@type\":\"Person\",\"@id\":\"https:\/\/www.welovecycling.com\/hu\/#\/schema\/person\/414a2aebf1801691a5320edb6468e194\",\"name\":\"hegyizs\",\"image\":{\"@type\":\"ImageObject\",\"inLanguage\":\"hu\",\"@id\":\"https:\/\/www.welovecycling.com\/hu\/#\/schema\/person\/image\/\",\"url\":\"https:\/\/secure.gravatar.com\/avatar\/02cf8a7906b8cf90cecb4679defac7cfd33a1c2e3b88e4903d947f3bb58eedd3?s=96&d=mm&r=g\",\"contentUrl\":\"https:\/\/secure.gravatar.com\/avatar\/02cf8a7906b8cf90cecb4679defac7cfd33a1c2e3b88e4903d947f3bb58eedd3?s=96&d=mm&r=g\",\"caption\":\"hegyizs\"},\"url\":\"https:\/\/www.welovecycling.com\/hu\/author\/hegyizs\/\"}]}<\/script>\n<!-- \/ Yoast SEO Premium plugin. -->","yoast_head_json":{"title":"N\u00f6velik a r\u00e1kos megbeteged\u00e9sek kock\u00e1zat\u00e1t az \u00e9des\u00edt\u0151szerek?","description":"Ker\u00e9k\u00e1rosk\u00e9nt sokszor sz\u00e1nd\u00e9kosan fogyasztunk t\u00f6bb cukrot, hogy jobb legyen a teljes\u00edtm\u00e9ny\u00fcnk, vagy hogy megjutalmazzuk magunkat egy kem\u00e9ny \u00fat ut\u00e1n. Tudjuk, hogy a t\u00fal sok cukor eg\u00e9szs\u00e9gtelen, legal\u00e1bbis a fogainknak biztosan k\u00e1ros. \u00c9rdemes egy r\u00e9sz\u00e9t \u00e9des\u00edt\u0151szerekkel helyettes\u00edteni? Biztons\u00e1gosabb ez a megold\u00e1s?","robots":{"index":"index","follow":"follow","max-snippet":"max-snippet:-1","max-image-preview":"max-image-preview:large","max-video-preview":"max-video-preview:-1"},"canonical":"https:\/\/www.welovecycling.com\/hu\/edzes-es-eletmod\/novelik-a-rakos-megbetegedesek-kockazatat-az-edesitoszerek\/","og_locale":"hu_HU","og_type":"article","og_title":"N\u00f6velik a r\u00e1kos megbeteged\u00e9sek kock\u00e1zat\u00e1t az \u00e9des\u00edt\u0151szerek?","og_description":"Ker\u00e9k\u00e1rosk\u00e9nt sokszor sz\u00e1nd\u00e9kosan fogyasztunk t\u00f6bb cukrot, hogy jobb legyen a teljes\u00edtm\u00e9ny\u00fcnk, vagy hogy megjutalmazzuk magunkat egy kem\u00e9ny \u00fat ut\u00e1n. Tudjuk, hogy a t\u00fal sok cukor eg\u00e9szs\u00e9gtelen, legal\u00e1bbis a fogainknak biztosan k\u00e1ros. \u00c9rdemes egy r\u00e9sz\u00e9t \u00e9des\u00edt\u0151szerekkel helyettes\u00edteni? Biztons\u00e1gosabb ez a megold\u00e1s?","og_url":"https:\/\/www.welovecycling.com\/hu\/edzes-es-eletmod\/novelik-a-rakos-megbetegedesek-kockazatat-az-edesitoszerek\/","og_site_name":"\u0160koda We Love Cycling - Magyarorsz\u00e1g","article_publisher":"https:\/\/www.facebook.com\/WeLoveCyclingHungary\/","article_published_time":"2022-05-25T06:00:51+00:00","og_image":[{"width":990,"height":660,"url":"https:\/\/d2p6e6u75xmxt8.cloudfront.net\/12\/2022\/05\/Artificial-Sweetener-profimedia-0570960575-CVR.jpg","type":"image\/jpeg"}],"author":"hegyizs","twitter_card":"summary_large_image","twitter_misc":{"Written by":"Jiri Kaloc","Est. reading time":"5"},"schema":{"@context":"https:\/\/schema.org","@graph":[{"@type":"WebPage","@id":"https:\/\/www.welovecycling.com\/hu\/edzes-es-eletmod\/novelik-a-rakos-megbetegedesek-kockazatat-az-edesitoszerek\/","url":"https:\/\/www.welovecycling.com\/hu\/edzes-es-eletmod\/novelik-a-rakos-megbetegedesek-kockazatat-az-edesitoszerek\/","name":"N\u00f6velik a r\u00e1kos megbeteged\u00e9sek kock\u00e1zat\u00e1t az \u00e9des\u00edt\u0151szerek?","isPartOf":{"@id":"https:\/\/www.welovecycling.com\/hu\/#website"},"primaryImageOfPage":{"@id":"https:\/\/www.welovecycling.com\/hu\/edzes-es-eletmod\/novelik-a-rakos-megbetegedesek-kockazatat-az-edesitoszerek\/#primaryimage"},"image":{"@id":"https:\/\/www.welovecycling.com\/hu\/edzes-es-eletmod\/novelik-a-rakos-megbetegedesek-kockazatat-az-edesitoszerek\/#primaryimage"},"thumbnailUrl":"https:\/\/d2p6e6u75xmxt8.cloudfront.net\/12\/2022\/05\/Artificial-Sweetener-profimedia-0570960575-CVR.jpg","datePublished":"2022-05-25T06:00:51+00:00","author":{"@id":"https:\/\/www.welovecycling.com\/hu\/#\/schema\/person\/414a2aebf1801691a5320edb6468e194"},"description":"Ker\u00e9k\u00e1rosk\u00e9nt sokszor sz\u00e1nd\u00e9kosan fogyasztunk t\u00f6bb cukrot, hogy jobb legyen a teljes\u00edtm\u00e9ny\u00fcnk, vagy hogy megjutalmazzuk magunkat egy kem\u00e9ny \u00fat ut\u00e1n. Tudjuk, hogy a t\u00fal sok cukor eg\u00e9szs\u00e9gtelen, legal\u00e1bbis a fogainknak biztosan k\u00e1ros. \u00c9rdemes egy r\u00e9sz\u00e9t \u00e9des\u00edt\u0151szerekkel helyettes\u00edteni? Biztons\u00e1gosabb ez a megold\u00e1s?","breadcrumb":{"@id":"https:\/\/www.welovecycling.com\/hu\/edzes-es-eletmod\/novelik-a-rakos-megbetegedesek-kockazatat-az-edesitoszerek\/#breadcrumb"},"inLanguage":"hu","potentialAction":[{"@type":"ReadAction","target":["https:\/\/www.welovecycling.com\/hu\/edzes-es-eletmod\/novelik-a-rakos-megbetegedesek-kockazatat-az-edesitoszerek\/"]}]},{"@type":"ImageObject","inLanguage":"hu","@id":"https:\/\/www.welovecycling.com\/hu\/edzes-es-eletmod\/novelik-a-rakos-megbetegedesek-kockazatat-az-edesitoszerek\/#primaryimage","url":"https:\/\/d2p6e6u75xmxt8.cloudfront.net\/12\/2022\/05\/Artificial-Sweetener-profimedia-0570960575-CVR.jpg","contentUrl":"https:\/\/d2p6e6u75xmxt8.cloudfront.net\/12\/2022\/05\/Artificial-Sweetener-profimedia-0570960575-CVR.jpg","width":990,"height":660,"caption":"Artificial sweetener"},{"@type":"BreadcrumbList","@id":"https:\/\/www.welovecycling.com\/hu\/edzes-es-eletmod\/novelik-a-rakos-megbetegedesek-kockazatat-az-edesitoszerek\/#breadcrumb","itemListElement":[{"@type":"ListItem","position":1,"name":"Home","item":"https:\/\/www.welovecycling.com\/hu\/"},{"@type":"ListItem","position":2,"name":"N\u00f6velik a r\u00e1kos megbeteged\u00e9sek kock\u00e1zat\u00e1t az \u00e9des\u00edt\u0151szerek?"}]},{"@type":"WebSite","@id":"https:\/\/www.welovecycling.com\/hu\/#website","url":"https:\/\/www.welovecycling.com\/hu\/","name":"\u0160koda We Love Cycling - Magyarorsz\u00e1g","description":"\u0160koda WeLoveCycling","potentialAction":[{"@type":"SearchAction","target":{"@type":"EntryPoint","urlTemplate":"https:\/\/www.welovecycling.com\/hu\/?s={search_term_string}"},"query-input":{"@type":"PropertyValueSpecification","valueRequired":true,"valueName":"search_term_string"}}],"inLanguage":"hu"},{"@type":"Person","@id":"https:\/\/www.welovecycling.com\/hu\/#\/schema\/person\/414a2aebf1801691a5320edb6468e194","name":"hegyizs","image":{"@type":"ImageObject","inLanguage":"hu","@id":"https:\/\/www.welovecycling.com\/hu\/#\/schema\/person\/image\/","url":"https:\/\/secure.gravatar.com\/avatar\/02cf8a7906b8cf90cecb4679defac7cfd33a1c2e3b88e4903d947f3bb58eedd3?s=96&d=mm&r=g","contentUrl":"https:\/\/secure.gravatar.com\/avatar\/02cf8a7906b8cf90cecb4679defac7cfd33a1c2e3b88e4903d947f3bb58eedd3?s=96&d=mm&r=g","caption":"hegyizs"},"url":"https:\/\/www.welovecycling.com\/hu\/author\/hegyizs\/"}]}},"_links":{"self":[{"href":"https:\/\/www.welovecycling.com\/hu\/wp-json\/wp\/v2\/posts\/15044","targetHints":{"allow":["GET"]}}],"collection":[{"href":"https:\/\/www.welovecycling.com\/hu\/wp-json\/wp\/v2\/posts"}],"about":[{"href":"https:\/\/www.welovecycling.com\/hu\/wp-json\/wp\/v2\/types\/post"}],"author":[{"embeddable":true,"href":"https:\/\/www.welovecycling.com\/hu\/wp-json\/wp\/v2\/users\/71"}],"replies":[{"embeddable":true,"href":"https:\/\/www.welovecycling.com\/hu\/wp-json\/wp\/v2\/comments?post=15044"}],"version-history":[{"count":1,"href":"https:\/\/www.welovecycling.com\/hu\/wp-json\/wp\/v2\/posts\/15044\/revisions"}],"predecessor-version":[{"id":15059,"href":"https:\/\/www.welovecycling.com\/hu\/wp-json\/wp\/v2\/posts\/15044\/revisions\/15059"}],"wp:featuredmedia":[{"embeddable":true,"href":"https:\/\/www.welovecycling.com\/hu\/wp-json\/wp\/v2\/media\/15045"}],"wp:attachment":[{"href":"https:\/\/www.welovecycling.com\/hu\/wp-json\/wp\/v2\/media?parent=15044"}],"wp:term":[{"taxonomy":"category","embeddable":true,"href":"https:\/\/www.welovecycling.com\/hu\/wp-json\/wp\/v2\/categories?post=15044"},{"taxonomy":"post_tag","embeddable":true,"href":"https:\/\/www.welovecycling.com\/hu\/wp-json\/wp\/v2\/tags?post=15044"},{"taxonomy":"global-categories","embeddable":true,"href":"https:\/\/www.welovecycling.com\/hu\/wp-json\/wp\/v2\/global-categories?post=15044"}],"curies":[{"name":"wp","href":"https:\/\/api.w.org\/{rel}","templated":true}]}}