{"id":15040,"date":"2022-05-23T08:00:20","date_gmt":"2022-05-23T06:00:20","guid":{"rendered":"https:\/\/www.welovecycling.com\/hu\/?p=15040"},"modified":"2022-05-20T16:41:24","modified_gmt":"2022-05-20T14:41:24","slug":"looser-es-ramirez-a-2022-es-skoda-titan-desert-gyoztesei","status":"publish","type":"post","link":"https:\/\/www.welovecycling.com\/hu\/trekking-mtb\/looser-es-ramirez-a-2022-es-skoda-titan-desert-gyoztesei\/","title":{"rendered":"Looser \u00e9s Ram\u00edrez, a 2022-es \u0160koda Titan Desert gy\u0151ztesei"},"content":{"rendered":"<p><strong>Konny Looser mindent egy lapra tett fel \u00e9s kipr\u00f3b\u00e1lt egy teljesen m\u00e1s \u00fatvonalat, abban rem\u00e9nykedve, hogy Herrero nem fogja k\u00f6veti. \u00c9s be is j\u00f6tt neki: a verseny t\u00f6rt\u00e9net\u00e9nek legkisebb k\u00fcl\u00f6nbs\u00e9g\u00e9vel nyert! Anna Ram\u00edrez viszont nem okozott meglepet\u00e9st: mind a n\u00e9gy \u00e9vben gy\u0151z\u00f6tt, amikor indult: 2015-ben, 2017-ben, 2019-ben \u00e9s 2022-ben is. Az els\u0151 n\u0151i versenyz\u0151, aki n\u00e9gyszeres \u0160koda Titan Desert-bajnok! Le a kalappal minden tit\u00e1n el\u0151tt, \u00e9s a k\u00e9t nyertes el\u0151tt f\u0151leg.<\/strong><!--more--><\/p>\n<h2><strong>Looser: \u201eMindig meg kell pr\u00f3b\u00e1lni\u201d<\/strong><\/h2>\n<p>Ez a sport\u00e1g legkem\u00e9nyebb r\u00e9sze: egy 626 kilom\u00e9teres versenyen, hi\u00e1ba vezetsz 624 kilom\u00e9teren kereszt\u00fcl, az utols\u00f3 kett\u0151n mindent elvesz\u00edthetsz. De ett\u0151l olyan izgalmas is. Konny Looser \u00e9s Francisco Herrero, k\u00e9t n\u00e9v, akik a verseny ideje alatt folyton ker\u00fclgett\u00e9k egym\u00e1st, a 623. kilom\u00e9teres h\u00e1rom m\u00e1sodperces k\u00fcl\u00f6nbs\u00e9ggel \u00e1lltak a tabell\u00e1n. Ekkor a sv\u00e1jci megpr\u00f3b\u00e1lta.<\/p>\n<p>M\u00e1r ismerte ez \u00fatvonalat a tavalyi versenyr\u0151l, azonban \u00fagy d\u00f6nt\u00f6tt, m\u00e9gsem a j\u00e1rt \u00f6sv\u00e9nyt v\u00e1lasztja. Abban b\u00edzott, hogy Herrero nem k\u00f6veti majd, \u00e9s akkor b\u00e1rmi t\u00f6rt\u00e9nhet. <em>\u201e50-50 es\u00e9lyem volt\u201d<\/em> \u2013 magyar\u00e1zta Looser a c\u00e9lba\u00e9r\u00e9s ut\u00e1n. \u00c9s bej\u00f6tt a strat\u00e9gia.<\/p>\n<div class=\"embed-controller-wrapper\">\n<blockquote class=\"twitter-tweet\" data-width=\"500\" data-dnt=\"true\">\n<p lang=\"en\" dir=\"ltr\">\u00a1Los titanes parten rumbo a Maadid!<br \/>Al acabar esta etapa se convertir\u00e1n en FINISHERS<br \/>&#8211;<br \/>The Titans are off to Maadid!<br \/>At the end of this stage they will become FINISHERS!<a href=\"https:\/\/twitter.com\/hashtag\/%C5%A0kodaTitanDesertMorocco22?src=hash&amp;ref_src=twsrc%5Etfw\">#\u0160kodaTitanDesertMorocco22<\/a><a href=\"https:\/\/twitter.com\/hashtag\/rideyourdream?src=hash&amp;ref_src=twsrc%5Etfw\">#rideyourdream<\/a><a href=\"https:\/\/twitter.com\/hashtag\/mtbstagerace?src=hash&amp;ref_src=twsrc%5Etfw\">#mtbstagerace<\/a> <a href=\"https:\/\/t.co\/rHwdn9FNCZ\">pic.twitter.com\/rHwdn9FNCZ<\/a><\/p>\n<p>&mdash; \u0160koda Titan Desert Morocco (@TitanDesert) <a href=\"https:\/\/twitter.com\/TitanDesert\/status\/1525071376075350018?ref_src=twsrc%5Etfw\">May 13, 2022<\/a><\/p><\/blockquote>\n<p><script async data-src=\"https:\/\/platform.twitter.com\/widgets.js\" charset=\"utf-8\"><\/script><\/div>\n<p>15 m\u00e1sodperc el\u00e9g volt ahhoz, hogy a Tamayo Team versenyz\u0151je megel\u0151zze azt a f\u00e9rfit, aki az eg\u00e9sz futam alatt a piros mezt viselte. V\u00e9g\u00fcl a verseny t\u00f6rt\u00e9nelm\u00e9nek legkisebb k\u00fcl\u00f6nbs\u00e9g\u00e9vel z\u00e1rtak: mind\u00f6ssze 12 m\u00e1sodperccel.<\/p>\n<p>A szakaszgy\u0151ztes Pablo Guerrero, Herrero csapatt\u00e1rsa lett, aki hat etapb\u00f3l n\u00e9gyet hozott csapat\u00e1nak, a Cannondale TB-nek.<\/p>\n<p>Looser: \u201eHa valamit tanultam a Titan Desertb\u0151l, az az, hogy mindig meg kell pr\u00f3b\u00e1lni. Volt, hogy majdnem feladtam, de tudtam, hogy nem szabad.\u201d<\/p>\n<h4><strong>A f\u00e9rfi \u00f6sszetett verseny eredm\u00e9nyei<\/strong><\/h4>\n<p>1. KONNY LOOSER (TAMAYO TEAM) \u2013 21:37:49<br \/>\n2. FRANCISCO HERRERO (CANNONDALE TB) \u2013 21:38:01<br \/>\n3. JULEN ZUBERO (KRYPTEIA) \u2013 21:45:17<br \/>\n4. PAU MARZA (THE WHITE ANGEL BY SANTIVERI) \u2013 21:54:52<br \/>\n5. GUILLEM MU\u00d1OZ (EDIBIKES) \u2013 21:56:57<br \/>\n6. ORIOL COLOME \u2013 22:03:28<br \/>\n7. LUIS ENRIQUE LOPEZ (KH7) \u2013 22:18:27<br \/>\n8. PABLO GARRIDO (GOBIK FACTORY TEAM) \u2013 22:23:26<br \/>\n9. TOMAS MISSER (SKODA WE LOVE CYCLING MONDRAKER) \u2013 22:27:13<br \/>\n10. PAU SALV\u00c0 (FACTOR8 CYCLING PROJECT) \u2013 22:46:14<\/p>\n<h2><strong>Ram\u00edrez: \u201e\u00dajra itt vagyok\u201d<\/strong><\/h2>\n<p>B\u00e1r a n\u0151kn\u00e9l kev\u00e9sb\u00e9 volt ki\u00e9lezett a k\u00fczdelem, m\u00e9gis elmondhatjuk, hogy Anna Ram\u00edrez t\u00f6rt\u00e9nelmet \u00edrt. Abszol\u00fat uralta a versenyt, f\u00f6l\u00e9nyesen nyert riv\u00e1lisai felett, \u00edgy a KH7 versenyz\u0151je lett az els\u0151 n\u0151, aki n\u00e9gyszeres marokk\u00f3i Titan-bajnok!<\/p>\n<p>Ram\u00edrez zsarnokk\u00e9nt uralkodott a mez\u0151ny felett, minden \u00e9vben, amikor rajthoz \u00e1llt: 2015-ben, 2017-ben, 2019-ben \u00e9s 2022-ben is. Id\u00e9n is k\u00f6nnyed\u00e9n \u00e9s okosan gy\u0151z\u00f6tt.<\/p>\n<div class=\"embed-controller-wrapper\">\n<blockquote class=\"twitter-tweet\" data-width=\"500\" data-dnt=\"true\">\n<p lang=\"es\" dir=\"ltr\">\ud83e\udd47La etapa 6 es para Amanda Bohlin y Pablo Guerrero.<br \/>&#8211;<br \/>\ud83e\udd47Stage 6 goes to Amanda Bohlin and Pablo Guerrero.<a href=\"https:\/\/twitter.com\/hashtag\/%C5%A0kodaTitanDesertMorocco22?src=hash&amp;ref_src=twsrc%5Etfw\">#\u0160kodaTitanDesertMorocco22<\/a><a href=\"https:\/\/twitter.com\/hashtag\/rideyourdream?src=hash&amp;ref_src=twsrc%5Etfw\">#rideyourdream<\/a><a href=\"https:\/\/twitter.com\/hashtag\/mtbstagerace?src=hash&amp;ref_src=twsrc%5Etfw\">#mtbstagerace<\/a> <a href=\"https:\/\/t.co\/dTM92QMOsK\">pic.twitter.com\/dTM92QMOsK<\/a><\/p>\n<p>&mdash; \u0160koda Titan Desert Morocco (@TitanDesert) <a href=\"https:\/\/twitter.com\/TitanDesert\/status\/1525080101657923584?ref_src=twsrc%5Etfw\">May 13, 2022<\/a><\/p><\/blockquote>\n<p><script async data-src=\"https:\/\/platform.twitter.com\/widgets.js\" charset=\"utf-8\"><\/script><\/div>\n<p>A katal\u00e1n egyed\u00fcl t\u00e1madott az els\u0151 szakaszban, \u00edgy el\u00e9g nagy el\u0151nyt szerzett ahhoz, hogy k\u00e9s\u0151bb riv\u00e1lisai nyom\u00e1ban maradhasson, eg\u00e9szen Maadidig. Ram\u00edrez semmit nem b\u00edzott a v\u00e9letlenre. \u0150 ir\u00e1ny\u00edtotta a k\u00f6r\u00fcl\u00f6tte zajl\u00f3 esem\u00e9nyeket, \u00e9s h\u00e1rom szakaszgy\u0151zelemmel t\u00e1vozott.<\/p>\n<p>Nem igaz\u00e1n hib\u00e1ztathatjuk a m\u00e1sodik helyezettet, Vera Loosert, aki minden nap pr\u00f3b\u00e1lkozott, de nem tudott mit tenni a \u0160koda Titan Desert marokk\u00f3i kiad\u00e1s\u00e1nak legsikeresebb versenyz\u0151j\u00e9vel szemben.<\/p>\n<p>Ram\u00edrez: \u201eNagyon fontos volt a csapatmunka, de az is igaz, hogy er\u0151s voltam. Ism\u00e9t itt vagyok, \u00e9s nagyon boldog vagyok, hogy negyedik alkalommal is teljes\u00edtettem ezt a hatalmas kih\u00edv\u00e1st.\u201d<\/p>\n<h4><strong>A n\u0151i \u00f6sszetett verseny eredm\u00e9nyei<\/strong><\/h4>\n<p>1. ANNA RAM\u00cdREZ (KH7) \u2013 24:42:36<br \/>\n2. VERA LOOSER (TAMAYO TEAM) \u2013 24:48:33<br \/>\n3. RAMONA GABRIEL (GARMIN-LAPIERRE) \u2013 25:36:43<br \/>\n4. MARTA TORA (CANNONDALE TB) \u2013 27:36:51<br \/>\n5. ARIADNA RODENAS (AZONA) \u2013 27:39:52<br \/>\n6. ZUZANA BOHACOVA (\u0160koda AUTO WE LOVE CYCLING TEAM) \u2013 28:06:11<br \/>\n7. ALBA SOLES (EDIBIKES) \u2013 28:38:23<br \/>\n8. CRISTINA PUJOL (GHOST) \u2013 28:47:38<br \/>\n9. MARIA LUISA CUENCO (QUIRONPREVENCION) \u2013 30:21:51<br \/>\n10. MISHA SEKULOVA (\u0160koda AUTO WE LOVE CYCLING TEAM) \u2013 30:36:34<\/p>\n<h2><strong>Mi lesz j\u00f6v\u0151re?<\/strong><\/h2>\n<p>A kaland nem \u00e9rt v\u00e9get. A 2023-as \u0160koda Titan Desert-nek m\u00e1ris megvan a kezd\u0151d\u00e1tum: \u00e1prilis 29. Hat szakasz \u00e9s h\u00e9t nap v\u00e1rja a t\u00f6bbsz\u00e1z kalandv\u00e1gy\u00f3 tit\u00e1nt Marokk\u00f3ban. Sz\u00f3lunk, ha m\u00e1r lehet regisztr\u00e1lni!<\/p>\n","protected":false},"excerpt":{"rendered":"<p>Konny Looser mindent egy lapra tett fel \u00e9s kipr\u00f3b\u00e1lt egy teljesen m\u00e1s \u00fatvonalat, abban rem\u00e9nykedve, hogy Herrero nem fogja k\u00f6veti. [&hellip;]<\/p>\n","protected":false},"author":71,"featured_media":15043,"comment_status":"open","ping_status":"open","sticky":false,"template":"","format":"standard","meta":{"footnotes":""},"categories":[7],"tags":[],"global-categories":[],"class_list":["post-15040","post","type-post","status-publish","format-standard","has-post-thumbnail","hentry","category-trekking-mtb"],"yoast_head":"<!-- This site is optimized with the Yoast SEO Premium plugin v25.3 (Yoast SEO v25.9) - https:\/\/yoast.com\/wordpress\/plugins\/seo\/ -->\n<title>Looser \u00e9s Ram\u00edrez, a 2022-es \u0160koda Titan Desert gy\u0151ztesei<\/title>\n<meta name=\"description\" content=\"Konny Looser mindent egy lapra tett fel \u00e9s kipr\u00f3b\u00e1lt egy teljesen m\u00e1s \u00fatvonalat, abban rem\u00e9nykedve, hogy Herrero nem fogja k\u00f6veti. \u00c9s be is j\u00f6tt neki: a verseny t\u00f6rt\u00e9net\u00e9nek legkisebb k\u00fcl\u00f6nbs\u00e9g\u00e9vel nyert!\" \/>\n<meta name=\"robots\" content=\"index, follow, max-snippet:-1, max-image-preview:large, max-video-preview:-1\" \/>\n<link rel=\"canonical\" href=\"https:\/\/www.welovecycling.com\/hu\/trekking-mtb\/looser-es-ramirez-a-2022-es-skoda-titan-desert-gyoztesei\/\" \/>\n<meta property=\"og:locale\" content=\"hu_HU\" \/>\n<meta property=\"og:type\" content=\"article\" \/>\n<meta property=\"og:title\" content=\"Looser \u00e9s Ram\u00edrez, a 2022-es \u0160koda Titan Desert gy\u0151ztesei\" \/>\n<meta property=\"og:description\" content=\"Konny Looser mindent egy lapra tett fel \u00e9s kipr\u00f3b\u00e1lt egy teljesen m\u00e1s \u00fatvonalat, abban rem\u00e9nykedve, hogy Herrero nem fogja k\u00f6veti. \u00c9s be is j\u00f6tt neki: a verseny t\u00f6rt\u00e9net\u00e9nek legkisebb k\u00fcl\u00f6nbs\u00e9g\u00e9vel nyert!\" \/>\n<meta property=\"og:url\" content=\"https:\/\/www.welovecycling.com\/hu\/trekking-mtb\/looser-es-ramirez-a-2022-es-skoda-titan-desert-gyoztesei\/\" \/>\n<meta property=\"og:site_name\" content=\"\u0160koda We Love Cycling - Magyarorsz\u00e1g\" \/>\n<meta property=\"article:publisher\" content=\"https:\/\/www.facebook.com\/WeLoveCyclingHungary\/\" \/>\n<meta property=\"article:published_time\" content=\"2022-05-23T06:00:20+00:00\" \/>\n<meta property=\"og:image\" content=\"https:\/\/d2p6e6u75xmxt8.cloudfront.net\/12\/2022\/05\/Titan-Desert-CVR-1.jpg\" \/>\n\t<meta property=\"og:image:width\" content=\"990\" \/>\n\t<meta property=\"og:image:height\" content=\"660\" \/>\n\t<meta property=\"og:image:type\" content=\"image\/jpeg\" \/>\n<meta name=\"author\" content=\"hegyizs\" \/>\n<meta name=\"twitter:card\" content=\"summary_large_image\" \/>\n<meta name=\"twitter:label1\" content=\"Written by\" \/>\n\t<meta name=\"twitter:data1\" content=\"Monica Buck\" \/>\n\t<meta name=\"twitter:label2\" content=\"Est. reading time\" \/>\n\t<meta name=\"twitter:data2\" content=\"5\" \/>\n<script type=\"application\/ld+json\" class=\"yoast-schema-graph\">{\"@context\":\"https:\/\/schema.org\",\"@graph\":[{\"@type\":\"WebPage\",\"@id\":\"https:\/\/www.welovecycling.com\/hu\/trekking-mtb\/looser-es-ramirez-a-2022-es-skoda-titan-desert-gyoztesei\/\",\"url\":\"https:\/\/www.welovecycling.com\/hu\/trekking-mtb\/looser-es-ramirez-a-2022-es-skoda-titan-desert-gyoztesei\/\",\"name\":\"Looser \u00e9s Ram\u00edrez, a 2022-es \u0160koda Titan Desert gy\u0151ztesei\",\"isPartOf\":{\"@id\":\"https:\/\/www.welovecycling.com\/hu\/#website\"},\"primaryImageOfPage\":{\"@id\":\"https:\/\/www.welovecycling.com\/hu\/trekking-mtb\/looser-es-ramirez-a-2022-es-skoda-titan-desert-gyoztesei\/#primaryimage\"},\"image\":{\"@id\":\"https:\/\/www.welovecycling.com\/hu\/trekking-mtb\/looser-es-ramirez-a-2022-es-skoda-titan-desert-gyoztesei\/#primaryimage\"},\"thumbnailUrl\":\"https:\/\/d2p6e6u75xmxt8.cloudfront.net\/12\/2022\/05\/Titan-Desert-CVR-1.jpg\",\"datePublished\":\"2022-05-23T06:00:20+00:00\",\"author\":{\"@id\":\"https:\/\/www.welovecycling.com\/hu\/#\/schema\/person\/414a2aebf1801691a5320edb6468e194\"},\"description\":\"Konny Looser mindent egy lapra tett fel \u00e9s kipr\u00f3b\u00e1lt egy teljesen m\u00e1s \u00fatvonalat, abban rem\u00e9nykedve, hogy Herrero nem fogja k\u00f6veti. \u00c9s be is j\u00f6tt neki: a verseny t\u00f6rt\u00e9net\u00e9nek legkisebb k\u00fcl\u00f6nbs\u00e9g\u00e9vel nyert!\",\"breadcrumb\":{\"@id\":\"https:\/\/www.welovecycling.com\/hu\/trekking-mtb\/looser-es-ramirez-a-2022-es-skoda-titan-desert-gyoztesei\/#breadcrumb\"},\"inLanguage\":\"hu\",\"potentialAction\":[{\"@type\":\"ReadAction\",\"target\":[\"https:\/\/www.welovecycling.com\/hu\/trekking-mtb\/looser-es-ramirez-a-2022-es-skoda-titan-desert-gyoztesei\/\"]}]},{\"@type\":\"ImageObject\",\"inLanguage\":\"hu\",\"@id\":\"https:\/\/www.welovecycling.com\/hu\/trekking-mtb\/looser-es-ramirez-a-2022-es-skoda-titan-desert-gyoztesei\/#primaryimage\",\"url\":\"https:\/\/d2p6e6u75xmxt8.cloudfront.net\/12\/2022\/05\/Titan-Desert-CVR-1.jpg\",\"contentUrl\":\"https:\/\/d2p6e6u75xmxt8.cloudfront.net\/12\/2022\/05\/Titan-Desert-CVR-1.jpg\",\"width\":990,\"height\":660},{\"@type\":\"BreadcrumbList\",\"@id\":\"https:\/\/www.welovecycling.com\/hu\/trekking-mtb\/looser-es-ramirez-a-2022-es-skoda-titan-desert-gyoztesei\/#breadcrumb\",\"itemListElement\":[{\"@type\":\"ListItem\",\"position\":1,\"name\":\"Home\",\"item\":\"https:\/\/www.welovecycling.com\/hu\/\"},{\"@type\":\"ListItem\",\"position\":2,\"name\":\"Looser \u00e9s Ram\u00edrez, a 2022-es \u0160koda Titan Desert gy\u0151ztesei\"}]},{\"@type\":\"WebSite\",\"@id\":\"https:\/\/www.welovecycling.com\/hu\/#website\",\"url\":\"https:\/\/www.welovecycling.com\/hu\/\",\"name\":\"\u0160koda We Love Cycling - Magyarorsz\u00e1g\",\"description\":\"\u0160koda WeLoveCycling\",\"potentialAction\":[{\"@type\":\"SearchAction\",\"target\":{\"@type\":\"EntryPoint\",\"urlTemplate\":\"https:\/\/www.welovecycling.com\/hu\/?s={search_term_string}\"},\"query-input\":{\"@type\":\"PropertyValueSpecification\",\"valueRequired\":true,\"valueName\":\"search_term_string\"}}],\"inLanguage\":\"hu\"},{\"@type\":\"Person\",\"@id\":\"https:\/\/www.welovecycling.com\/hu\/#\/schema\/person\/414a2aebf1801691a5320edb6468e194\",\"name\":\"hegyizs\",\"image\":{\"@type\":\"ImageObject\",\"inLanguage\":\"hu\",\"@id\":\"https:\/\/www.welovecycling.com\/hu\/#\/schema\/person\/image\/\",\"url\":\"https:\/\/secure.gravatar.com\/avatar\/02cf8a7906b8cf90cecb4679defac7cfd33a1c2e3b88e4903d947f3bb58eedd3?s=96&d=mm&r=g\",\"contentUrl\":\"https:\/\/secure.gravatar.com\/avatar\/02cf8a7906b8cf90cecb4679defac7cfd33a1c2e3b88e4903d947f3bb58eedd3?s=96&d=mm&r=g\",\"caption\":\"hegyizs\"},\"url\":\"https:\/\/www.welovecycling.com\/hu\/author\/hegyizs\/\"}]}<\/script>\n<!-- \/ Yoast SEO Premium plugin. -->","yoast_head_json":{"title":"Looser \u00e9s Ram\u00edrez, a 2022-es \u0160koda Titan Desert gy\u0151ztesei","description":"Konny Looser mindent egy lapra tett fel \u00e9s kipr\u00f3b\u00e1lt egy teljesen m\u00e1s \u00fatvonalat, abban rem\u00e9nykedve, hogy Herrero nem fogja k\u00f6veti. \u00c9s be is j\u00f6tt neki: a verseny t\u00f6rt\u00e9net\u00e9nek legkisebb k\u00fcl\u00f6nbs\u00e9g\u00e9vel nyert!","robots":{"index":"index","follow":"follow","max-snippet":"max-snippet:-1","max-image-preview":"max-image-preview:large","max-video-preview":"max-video-preview:-1"},"canonical":"https:\/\/www.welovecycling.com\/hu\/trekking-mtb\/looser-es-ramirez-a-2022-es-skoda-titan-desert-gyoztesei\/","og_locale":"hu_HU","og_type":"article","og_title":"Looser \u00e9s Ram\u00edrez, a 2022-es \u0160koda Titan Desert gy\u0151ztesei","og_description":"Konny Looser mindent egy lapra tett fel \u00e9s kipr\u00f3b\u00e1lt egy teljesen m\u00e1s \u00fatvonalat, abban rem\u00e9nykedve, hogy Herrero nem fogja k\u00f6veti. \u00c9s be is j\u00f6tt neki: a verseny t\u00f6rt\u00e9net\u00e9nek legkisebb k\u00fcl\u00f6nbs\u00e9g\u00e9vel nyert!","og_url":"https:\/\/www.welovecycling.com\/hu\/trekking-mtb\/looser-es-ramirez-a-2022-es-skoda-titan-desert-gyoztesei\/","og_site_name":"\u0160koda We Love Cycling - Magyarorsz\u00e1g","article_publisher":"https:\/\/www.facebook.com\/WeLoveCyclingHungary\/","article_published_time":"2022-05-23T06:00:20+00:00","og_image":[{"width":990,"height":660,"url":"https:\/\/d2p6e6u75xmxt8.cloudfront.net\/12\/2022\/05\/Titan-Desert-CVR-1.jpg","type":"image\/jpeg"}],"author":"hegyizs","twitter_card":"summary_large_image","twitter_misc":{"Written by":"Monica Buck","Est. reading time":"5"},"schema":{"@context":"https:\/\/schema.org","@graph":[{"@type":"WebPage","@id":"https:\/\/www.welovecycling.com\/hu\/trekking-mtb\/looser-es-ramirez-a-2022-es-skoda-titan-desert-gyoztesei\/","url":"https:\/\/www.welovecycling.com\/hu\/trekking-mtb\/looser-es-ramirez-a-2022-es-skoda-titan-desert-gyoztesei\/","name":"Looser \u00e9s Ram\u00edrez, a 2022-es \u0160koda Titan Desert gy\u0151ztesei","isPartOf":{"@id":"https:\/\/www.welovecycling.com\/hu\/#website"},"primaryImageOfPage":{"@id":"https:\/\/www.welovecycling.com\/hu\/trekking-mtb\/looser-es-ramirez-a-2022-es-skoda-titan-desert-gyoztesei\/#primaryimage"},"image":{"@id":"https:\/\/www.welovecycling.com\/hu\/trekking-mtb\/looser-es-ramirez-a-2022-es-skoda-titan-desert-gyoztesei\/#primaryimage"},"thumbnailUrl":"https:\/\/d2p6e6u75xmxt8.cloudfront.net\/12\/2022\/05\/Titan-Desert-CVR-1.jpg","datePublished":"2022-05-23T06:00:20+00:00","author":{"@id":"https:\/\/www.welovecycling.com\/hu\/#\/schema\/person\/414a2aebf1801691a5320edb6468e194"},"description":"Konny Looser mindent egy lapra tett fel \u00e9s kipr\u00f3b\u00e1lt egy teljesen m\u00e1s \u00fatvonalat, abban rem\u00e9nykedve, hogy Herrero nem fogja k\u00f6veti. \u00c9s be is j\u00f6tt neki: a verseny t\u00f6rt\u00e9net\u00e9nek legkisebb k\u00fcl\u00f6nbs\u00e9g\u00e9vel nyert!","breadcrumb":{"@id":"https:\/\/www.welovecycling.com\/hu\/trekking-mtb\/looser-es-ramirez-a-2022-es-skoda-titan-desert-gyoztesei\/#breadcrumb"},"inLanguage":"hu","potentialAction":[{"@type":"ReadAction","target":["https:\/\/www.welovecycling.com\/hu\/trekking-mtb\/looser-es-ramirez-a-2022-es-skoda-titan-desert-gyoztesei\/"]}]},{"@type":"ImageObject","inLanguage":"hu","@id":"https:\/\/www.welovecycling.com\/hu\/trekking-mtb\/looser-es-ramirez-a-2022-es-skoda-titan-desert-gyoztesei\/#primaryimage","url":"https:\/\/d2p6e6u75xmxt8.cloudfront.net\/12\/2022\/05\/Titan-Desert-CVR-1.jpg","contentUrl":"https:\/\/d2p6e6u75xmxt8.cloudfront.net\/12\/2022\/05\/Titan-Desert-CVR-1.jpg","width":990,"height":660},{"@type":"BreadcrumbList","@id":"https:\/\/www.welovecycling.com\/hu\/trekking-mtb\/looser-es-ramirez-a-2022-es-skoda-titan-desert-gyoztesei\/#breadcrumb","itemListElement":[{"@type":"ListItem","position":1,"name":"Home","item":"https:\/\/www.welovecycling.com\/hu\/"},{"@type":"ListItem","position":2,"name":"Looser \u00e9s Ram\u00edrez, a 2022-es \u0160koda Titan Desert gy\u0151ztesei"}]},{"@type":"WebSite","@id":"https:\/\/www.welovecycling.com\/hu\/#website","url":"https:\/\/www.welovecycling.com\/hu\/","name":"\u0160koda We Love Cycling - Magyarorsz\u00e1g","description":"\u0160koda WeLoveCycling","potentialAction":[{"@type":"SearchAction","target":{"@type":"EntryPoint","urlTemplate":"https:\/\/www.welovecycling.com\/hu\/?s={search_term_string}"},"query-input":{"@type":"PropertyValueSpecification","valueRequired":true,"valueName":"search_term_string"}}],"inLanguage":"hu"},{"@type":"Person","@id":"https:\/\/www.welovecycling.com\/hu\/#\/schema\/person\/414a2aebf1801691a5320edb6468e194","name":"hegyizs","image":{"@type":"ImageObject","inLanguage":"hu","@id":"https:\/\/www.welovecycling.com\/hu\/#\/schema\/person\/image\/","url":"https:\/\/secure.gravatar.com\/avatar\/02cf8a7906b8cf90cecb4679defac7cfd33a1c2e3b88e4903d947f3bb58eedd3?s=96&d=mm&r=g","contentUrl":"https:\/\/secure.gravatar.com\/avatar\/02cf8a7906b8cf90cecb4679defac7cfd33a1c2e3b88e4903d947f3bb58eedd3?s=96&d=mm&r=g","caption":"hegyizs"},"url":"https:\/\/www.welovecycling.com\/hu\/author\/hegyizs\/"}]}},"_links":{"self":[{"href":"https:\/\/www.welovecycling.com\/hu\/wp-json\/wp\/v2\/posts\/15040","targetHints":{"allow":["GET"]}}],"collection":[{"href":"https:\/\/www.welovecycling.com\/hu\/wp-json\/wp\/v2\/posts"}],"about":[{"href":"https:\/\/www.welovecycling.com\/hu\/wp-json\/wp\/v2\/types\/post"}],"author":[{"embeddable":true,"href":"https:\/\/www.welovecycling.com\/hu\/wp-json\/wp\/v2\/users\/71"}],"replies":[{"embeddable":true,"href":"https:\/\/www.welovecycling.com\/hu\/wp-json\/wp\/v2\/comments?post=15040"}],"version-history":[{"count":1,"href":"https:\/\/www.welovecycling.com\/hu\/wp-json\/wp\/v2\/posts\/15040\/revisions"}],"predecessor-version":[{"id":15058,"href":"https:\/\/www.welovecycling.com\/hu\/wp-json\/wp\/v2\/posts\/15040\/revisions\/15058"}],"wp:featuredmedia":[{"embeddable":true,"href":"https:\/\/www.welovecycling.com\/hu\/wp-json\/wp\/v2\/media\/15043"}],"wp:attachment":[{"href":"https:\/\/www.welovecycling.com\/hu\/wp-json\/wp\/v2\/media?parent=15040"}],"wp:term":[{"taxonomy":"category","embeddable":true,"href":"https:\/\/www.welovecycling.com\/hu\/wp-json\/wp\/v2\/categories?post=15040"},{"taxonomy":"post_tag","embeddable":true,"href":"https:\/\/www.welovecycling.com\/hu\/wp-json\/wp\/v2\/tags?post=15040"},{"taxonomy":"global-categories","embeddable":true,"href":"https:\/\/www.welovecycling.com\/hu\/wp-json\/wp\/v2\/global-categories?post=15040"}],"curies":[{"name":"wp","href":"https:\/\/api.w.org\/{rel}","templated":true}]}}