{"id":15021,"date":"2022-05-16T09:33:19","date_gmt":"2022-05-16T07:33:19","guid":{"rendered":"https:\/\/www.welovecycling.com\/hu\/?p=15021"},"modified":"2022-05-16T09:33:39","modified_gmt":"2022-05-16T07:33:39","slug":"fantasztikus-finis-a-kekesen-tiberi-ellopta-a-kiralyetapot-dunbartol-de-a-sarga-triko-az-ire","status":"publish","type":"post","link":"https:\/\/www.welovecycling.com\/hu\/uncategorized\/fantasztikus-finis-a-kekesen-tiberi-ellopta-a-kiralyetapot-dunbartol-de-a-sarga-triko-az-ire\/","title":{"rendered":"Fantasztikus finis a K\u00e9kesen: Tiberi ellopta a kir\u00e1lyetapot Dunbart\u00f3l, de a s\u00e1rga trik\u00f3 az \u00edr\u00e9"},"content":{"rendered":"<p><strong>Elk\u00e9peszt\u0151 befejez\u00e9st hozott a 2022-es magyar k\u00f6r z\u00e1r\u00f3szakasza, melyen a tavalyi harmadik Antonio Tiberi az utols\u00f3 m\u00e9tereken hajr\u00e1zta le az Ineos-szt\u00e1r Eddie Dunbart \u2013 mindezt a bring\u00e1s n\u00e9p\u00fcnnep\u00e9lybe \u00e1tcsap\u00f3 k\u00e9kestet\u0151i \u201efesztiv\u00e1lkatlanban\u201d. <\/strong><\/p>\n<p>Egyik napra sem lehetett panasz az idei magyar k\u00f6rversenyen \u2013 m\u00e9g az esem\u00e9nytelenebb, szombati szakaszt is fel lehetett fogni \u00fagy, hogy az els\u0151 h\u00e1rom etap rohan\u00e1sa \u00e9s k\u00e1osza ut\u00e1n v\u00e9gre lehetett egy kicsit gy\u00f6ny\u00f6rk\u00f6dni a t\u00e1jban \u2013, de a pontot az i-re a vas\u00e1rnapi z\u00e1r\u00f3akkord tette fel. A TdH szervez\u0151i, \u00e9s persze a versenyz\u0151k, alaposan elh\u00fazt\u00e1k a m\u00e9zesmadzagot az els\u0151 n\u00e9gy napon, de szerencs\u00e9re az utols\u00f3n st\u00edlusosan meg is koron\u00e1zt\u00e1k a versenyt!<\/p>\n<p>Haz\u00e1nk f\u00f6ldrajzi \u00e9s domborzati adotts\u00e1gait ismerve mi a K\u00e9kestet\u0151n tudunk igazi kir\u00e1lyetapot rendezni, ez most is \u00edgy volt, r\u00e1ad\u00e1sul ez\u00fattal a M\u00e1tra \u00e9s az orsz\u00e1g legmagasabb cs\u00facsa el\u0151tt a B\u00fckk\u00f6t is megm\u00e1szatt\u00e1k a r\u00e9sztvev\u0151kkel, a rajtv\u00e1ros Miskolc ut\u00e1n Lillaf\u00fcreden \u00e1t a holl\u00f3stet\u0151i els\u0151 kateg\u00f3ri\u00e1s emelked\u0151ig \u00e9s ut\u00e1na \u00e1t R\u00e9p\u00e1shuta, Fels\u0151t\u00e1rk\u00e1ny fel\u00e9, miel\u0151tt be\u00e9rtek volna az egri sprintre. \u00c9s csak egy z\u00e1r\u00f3jeles megjegyz\u00e9s: az \u00edgy \u00f6sszegy\u0171l\u0151 2751 m\u00e9ternyi szint is kis t\u00falz\u00e1ssal csak a fele volt a Giro vas\u00e1rnapi, blockhausos etapj\u00e1nak, ahol 5000 m felett volt a szintemelked\u00e9s.<\/p>\n<p>De ett\u0151l m\u00e9g a K\u00e9kes mindig tud kiv\u00e1l\u00f3 v\u00e9gj\u00e1t\u00e9kokat hozni, \u00e9s Valter Attila k\u00e9t \u00e9vvel ezel\u0151tti ext\u00e1zisa ut\u00e1n most egy \u00fajabb eml\u00e9kezetes befut\u00f3t l\u00e1thattunk itt.<\/p>\n<p>De el\u0151tte a verseny szt\u00e1rja, Fabio Jakobsen a m\u00e1sodik m\u00e1traf\u00fcredi sprintet elvitte, gyakorlatilag ellenf\u00e9l n\u00e9lk\u00fcl, hiszen Rudy Barbier nem sokkal el\u0151tte elsz\u00e1llt, \u00edgy a Quick-Step holland k\u00f6z\u00f6ns\u00e9gkedvence bebiztos\u00edtotta mag\u00e1nak a z\u00f6ld sprintertrik\u00f3t.<\/p>\n<p><a href=\"https:\/\/d2p6e6u75xmxt8.cloudfront.net\/12\/2022\/05\/2022_TDH5sz_197.jpg\"><img loading=\"lazy\" decoding=\"async\" class=\"alignnone size-extra-large wp-image-15022\" src=\"https:\/\/d2p6e6u75xmxt8.cloudfront.net\/12\/2022\/05\/2022_TDH5sz_197-1920x1280.jpg\" alt=\"\" width=\"1920\" height=\"1280\" srcset=\"https:\/\/d2p6e6u75xmxt8.cloudfront.net\/12\/2022\/05\/2022_TDH5sz_197-1920x1280.jpg 1920w, https:\/\/d2p6e6u75xmxt8.cloudfront.net\/12\/2022\/05\/2022_TDH5sz_197-300x200.jpg 300w, https:\/\/d2p6e6u75xmxt8.cloudfront.net\/12\/2022\/05\/2022_TDH5sz_197-1024x683.jpg 1024w, https:\/\/d2p6e6u75xmxt8.cloudfront.net\/12\/2022\/05\/2022_TDH5sz_197-768x512.jpg 768w, https:\/\/d2p6e6u75xmxt8.cloudfront.net\/12\/2022\/05\/2022_TDH5sz_197-1536x1024.jpg 1536w, https:\/\/d2p6e6u75xmxt8.cloudfront.net\/12\/2022\/05\/2022_TDH5sz_197-272x182.jpg 272w, https:\/\/d2p6e6u75xmxt8.cloudfront.net\/12\/2022\/05\/2022_TDH5sz_197.jpg 2048w, https:\/\/d2p6e6u75xmxt8.cloudfront.net\/12\/2022\/05\/2022_TDH5sz_197-1920x1280.jpg 1920w\" sizes=\"auto, (max-width: 1920px) 100vw, 1920px\" \/><\/a><\/p>\n<p>No de vissza a K\u00e9kesre, ahol elk\u00e9peszt\u0151 fesztiv\u00e1lhangulatot teremtettek a fantasztikus magyar szurkol\u00f3k, rengetegen bring\u00e1val tekertek fel, de egy\u00e9bk\u00e9nt nemcsak az utols\u00f3 kilom\u00e9tereken, hanem v\u00e9gig az \u00fatvonalon t\u00f6bb ezren buzd\u00edtott\u00e1k a mez\u0151nyt Miskolct\u00f3l Egeren \u00e1t Gy\u00f6ngy\u00f6sig. Sz\u00f3val aki ismeri ezt a hegyet, az pontosan tudja, nagyj\u00e1b\u00f3l az utols\u00f3 m\u00e1sf\u00e9l kilom\u00e9tere a kritikus, ez a d\u00f6nt\u0151 r\u00e9sze \u2013 Valter Ati is pontosan tudta 2020-ban.<\/p>\n<p>Nos, Eddie Dunbar szeg\u00e9ny nem tudta: az Ineos \u00edr bring\u00e1sa az eg\u00e9sz verseny alatt erre a szakaszra v\u00e1rt, hogy v\u00e9g\u00fcl 2 km-rel a c\u00e9l el\u0151tt meginduljon, \u00e9s r\u00e1f\u00e1zzon \u2013 m\u00e1r ami a szakaszt illeti\u2026 A tavaly a TdH \u201ebronz\u00e9rmesek\u00e9nt\u201d v\u00e9gz\u0151 Antonio Tiberi ugyanis a favoritok k\u00f6z\u00fcl egyed\u00fclik\u00e9nt tudta vele tartani a l\u00e9p\u00e9st, csak mivel \u0151 m\u00e1r ismerte a hegyet, a v\u00e9g\u00e9re pont annyival maradt t\u00f6bb ereje, hogy az utols\u00f3 t\u00edz m\u00e9teren le tudta ker\u00fclni az elk\u00e9sz\u00fcl\u0151 Dunbart, aki ha harminc m\u00e9terrel r\u00f6videbb hajr\u00e1t nyit, megnyeri a kir\u00e1lyetapot \u2013 \u00edgy viszont a nevet\u0151 olasz\u00e9 lett a K\u00e9kes\u2026<\/p>\n<p><a href=\"https:\/\/d2p6e6u75xmxt8.cloudfront.net\/12\/2022\/05\/2022_TDH5sz_203.jpg\"><img loading=\"lazy\" decoding=\"async\" class=\"alignnone size-extra-large wp-image-15023\" src=\"https:\/\/d2p6e6u75xmxt8.cloudfront.net\/12\/2022\/05\/2022_TDH5sz_203-1920x1280.jpg\" alt=\"\" width=\"1920\" height=\"1280\" srcset=\"https:\/\/d2p6e6u75xmxt8.cloudfront.net\/12\/2022\/05\/2022_TDH5sz_203-1920x1280.jpg 1920w, https:\/\/d2p6e6u75xmxt8.cloudfront.net\/12\/2022\/05\/2022_TDH5sz_203-300x200.jpg 300w, https:\/\/d2p6e6u75xmxt8.cloudfront.net\/12\/2022\/05\/2022_TDH5sz_203-1024x683.jpg 1024w, https:\/\/d2p6e6u75xmxt8.cloudfront.net\/12\/2022\/05\/2022_TDH5sz_203-768x512.jpg 768w, https:\/\/d2p6e6u75xmxt8.cloudfront.net\/12\/2022\/05\/2022_TDH5sz_203-1536x1024.jpg 1536w, https:\/\/d2p6e6u75xmxt8.cloudfront.net\/12\/2022\/05\/2022_TDH5sz_203-272x182.jpg 272w, https:\/\/d2p6e6u75xmxt8.cloudfront.net\/12\/2022\/05\/2022_TDH5sz_203.jpg 2048w, https:\/\/d2p6e6u75xmxt8.cloudfront.net\/12\/2022\/05\/2022_TDH5sz_203-1920x1280.jpg 1920w\" sizes=\"auto, (max-width: 1920px) 100vw, 1920px\" \/><\/a><\/p>\n<p>Persze Dunbarnak sem kellett szomorkodnia, nem is tette, hiszen az \u00f6sszetett versenyt \u00edgy is megnyerte, vagyis a s\u00e1rga trik\u00f3t \u0151 \u00e9s az Ineos vihette haza, a brit szt\u00e1rist\u00e1ll\u00f3 pedig pont ez\u00e9rt j\u00f6tt Magyarorsz\u00e1gra. Az \u00f6sszetett m\u00e1sodik hely\u00e9n a K\u00e9kesen harmadiknak be\u00e9r\u0151 spanyol Movistar-klasszis, Oscar Rodriguez z\u00e1rt, m\u00edg a dobog\u00f3 harmadik fok\u00e1ra Lucenko helyett astan\u00e1s csapatt\u00e1rsa, Samuele Battistella \u00e1llhatott fel (\u00e9rdekess\u00e9g, a kir\u00e1lyszakasz megnyer\u0151 Tiberi csak a 65. lett, miut\u00e1n az eml\u00e9kezetes m\u00e1sodik, oldalszeles szakaszon a leszakad\u00f3k k\u00f6z\u00f6tt volt \u00e9s rengeteget kapott az \u00f6sszetettben).<\/p>\n<p><strong>A 2022-es Tour de Hongrie s\u00e1rga trik\u00f3j\u00e1t teh\u00e1t Eddie Dunbar vihette haza, a z\u00f6ldet Fabio Jakobsen, a hegyi men\u0151nek j\u00e1r\u00f3 pirosat Aaron Van Poucke, a feh\u00e9ret pedig Dina M\u00e1rton<\/strong>, aki a K\u00e9kesen v\u00e9g\u00fcl nem b\u00edrta a temp\u00f3t a legnagyobb nevekkel, de \u00edgy is a legjobb magyark\u00e9nt v\u00e9gzett a szakasz 47. \u00e9s az \u00f6sszetett 38. hely\u00e9n.<\/p>\n<p>Nem okoztak teh\u00e1t csal\u00f3d\u00e1st a TdH szt\u00e1rjai \u00e9s vil\u00e1gsz\u00ednvonal\u00fa mez\u0151nye: soha rosszabb versenyt, rem\u00e9lj\u00fck, j\u00f6v\u0151re meglehet a ProSeries, \u00e9s akkor \u00e1lland\u00f3sulhatnak a Jakobsenhez, Groenewegenhez, Vivianihoz hasonl\u00f3 nevek Magyarorsz\u00e1gon!<\/p>\n<p><em>Fot\u00f3k: TdH<\/em><\/p>\n","protected":false},"excerpt":{"rendered":"<p>Elk\u00e9peszt\u0151 befejez\u00e9st hozott a 2022-es magyar k\u00f6r z\u00e1r\u00f3szakasza, melyen a tavalyi harmadik Antonio Tiberi az utols\u00f3 m\u00e9tereken hajr\u00e1zta le az [&hellip;]<\/p>\n","protected":false},"author":145,"featured_media":15025,"comment_status":"open","ping_status":"open","sticky":false,"template":"","format":"standard","meta":{"footnotes":""},"categories":[463,462,1],"tags":[],"global-categories":[419],"class_list":["post-15021","post","type-post","status-publish","format-standard","has-post-thumbnail","hentry","category-napi-osszefoglalo","category-tour-de-hongrie","category-uncategorized","global-categories-cycling"],"yoast_head":"<!-- This site is optimized with the Yoast SEO Premium plugin v25.3 (Yoast SEO v25.9) - https:\/\/yoast.com\/wordpress\/plugins\/seo\/ -->\n<title>Fantasztikus finis a K\u00e9kesen: Tiberi ellopta a kir\u00e1lyetapot Dunbart\u00f3l, de a s\u00e1rga trik\u00f3 az \u00edr\u00e9 - \u0160koda We Love Cycling - Magyarorsz\u00e1g<\/title>\n<meta name=\"robots\" content=\"index, follow, max-snippet:-1, max-image-preview:large, max-video-preview:-1\" \/>\n<link rel=\"canonical\" href=\"https:\/\/www.welovecycling.com\/hu\/uncategorized\/fantasztikus-finis-a-kekesen-tiberi-ellopta-a-kiralyetapot-dunbartol-de-a-sarga-triko-az-ire\/\" \/>\n<meta property=\"og:locale\" content=\"hu_HU\" \/>\n<meta property=\"og:type\" content=\"article\" \/>\n<meta property=\"og:title\" content=\"Fantasztikus finis a K\u00e9kesen: Tiberi ellopta a kir\u00e1lyetapot Dunbart\u00f3l, de a s\u00e1rga trik\u00f3 az \u00edr\u00e9\" \/>\n<meta property=\"og:description\" content=\"Elk\u00e9peszt\u0151 befejez\u00e9st hozott a 2022-es magyar k\u00f6r z\u00e1r\u00f3szakasza, melyen a tavalyi harmadik Antonio Tiberi az utols\u00f3 m\u00e9tereken hajr\u00e1zta le az [&hellip;]\" \/>\n<meta property=\"og:url\" content=\"https:\/\/www.welovecycling.com\/hu\/uncategorized\/fantasztikus-finis-a-kekesen-tiberi-ellopta-a-kiralyetapot-dunbartol-de-a-sarga-triko-az-ire\/\" \/>\n<meta property=\"og:site_name\" content=\"\u0160koda We Love Cycling - Magyarorsz\u00e1g\" \/>\n<meta property=\"article:publisher\" content=\"https:\/\/www.facebook.com\/WeLoveCyclingHungary\/\" \/>\n<meta property=\"article:published_time\" content=\"2022-05-16T07:33:19+00:00\" \/>\n<meta property=\"article:modified_time\" content=\"2022-05-16T07:33:39+00:00\" \/>\n<meta property=\"og:image\" content=\"https:\/\/d2p6e6u75xmxt8.cloudfront.net\/12\/2022\/05\/unnamed.jpg\" \/>\n\t<meta property=\"og:image:width\" content=\"1200\" \/>\n\t<meta property=\"og:image:height\" content=\"800\" \/>\n\t<meta property=\"og:image:type\" content=\"image\/jpeg\" \/>\n<meta name=\"author\" content=\"kitti\" \/>\n<meta name=\"twitter:card\" content=\"summary_large_image\" \/>\n<meta name=\"twitter:label1\" content=\"Written by\" \/>\n\t<meta name=\"twitter:data1\" content=\"We Love Cycling\" \/>\n\t<meta name=\"twitter:label2\" content=\"Est. reading time\" \/>\n\t<meta name=\"twitter:data2\" content=\"4 minutes\" \/>\n<script type=\"application\/ld+json\" class=\"yoast-schema-graph\">{\"@context\":\"https:\/\/schema.org\",\"@graph\":[{\"@type\":\"WebPage\",\"@id\":\"https:\/\/www.welovecycling.com\/hu\/uncategorized\/fantasztikus-finis-a-kekesen-tiberi-ellopta-a-kiralyetapot-dunbartol-de-a-sarga-triko-az-ire\/\",\"url\":\"https:\/\/www.welovecycling.com\/hu\/uncategorized\/fantasztikus-finis-a-kekesen-tiberi-ellopta-a-kiralyetapot-dunbartol-de-a-sarga-triko-az-ire\/\",\"name\":\"Fantasztikus finis a K\u00e9kesen: Tiberi ellopta a kir\u00e1lyetapot Dunbart\u00f3l, de a s\u00e1rga trik\u00f3 az \u00edr\u00e9 - \u0160koda We Love Cycling - Magyarorsz\u00e1g\",\"isPartOf\":{\"@id\":\"https:\/\/www.welovecycling.com\/hu\/#website\"},\"primaryImageOfPage\":{\"@id\":\"https:\/\/www.welovecycling.com\/hu\/uncategorized\/fantasztikus-finis-a-kekesen-tiberi-ellopta-a-kiralyetapot-dunbartol-de-a-sarga-triko-az-ire\/#primaryimage\"},\"image\":{\"@id\":\"https:\/\/www.welovecycling.com\/hu\/uncategorized\/fantasztikus-finis-a-kekesen-tiberi-ellopta-a-kiralyetapot-dunbartol-de-a-sarga-triko-az-ire\/#primaryimage\"},\"thumbnailUrl\":\"https:\/\/d2p6e6u75xmxt8.cloudfront.net\/12\/2022\/05\/unnamed.jpg\",\"datePublished\":\"2022-05-16T07:33:19+00:00\",\"dateModified\":\"2022-05-16T07:33:39+00:00\",\"author\":{\"@id\":\"https:\/\/www.welovecycling.com\/hu\/#\/schema\/person\/bec7dcdbcc59f58489cf603e4040ced1\"},\"breadcrumb\":{\"@id\":\"https:\/\/www.welovecycling.com\/hu\/uncategorized\/fantasztikus-finis-a-kekesen-tiberi-ellopta-a-kiralyetapot-dunbartol-de-a-sarga-triko-az-ire\/#breadcrumb\"},\"inLanguage\":\"hu\",\"potentialAction\":[{\"@type\":\"ReadAction\",\"target\":[\"https:\/\/www.welovecycling.com\/hu\/uncategorized\/fantasztikus-finis-a-kekesen-tiberi-ellopta-a-kiralyetapot-dunbartol-de-a-sarga-triko-az-ire\/\"]}]},{\"@type\":\"ImageObject\",\"inLanguage\":\"hu\",\"@id\":\"https:\/\/www.welovecycling.com\/hu\/uncategorized\/fantasztikus-finis-a-kekesen-tiberi-ellopta-a-kiralyetapot-dunbartol-de-a-sarga-triko-az-ire\/#primaryimage\",\"url\":\"https:\/\/d2p6e6u75xmxt8.cloudfront.net\/12\/2022\/05\/unnamed.jpg\",\"contentUrl\":\"https:\/\/d2p6e6u75xmxt8.cloudfront.net\/12\/2022\/05\/unnamed.jpg\",\"width\":1200,\"height\":800},{\"@type\":\"BreadcrumbList\",\"@id\":\"https:\/\/www.welovecycling.com\/hu\/uncategorized\/fantasztikus-finis-a-kekesen-tiberi-ellopta-a-kiralyetapot-dunbartol-de-a-sarga-triko-az-ire\/#breadcrumb\",\"itemListElement\":[{\"@type\":\"ListItem\",\"position\":1,\"name\":\"Home\",\"item\":\"https:\/\/www.welovecycling.com\/hu\/\"},{\"@type\":\"ListItem\",\"position\":2,\"name\":\"Fantasztikus finis a K\u00e9kesen: Tiberi ellopta a kir\u00e1lyetapot Dunbart\u00f3l, de a s\u00e1rga trik\u00f3 az \u00edr\u00e9\"}]},{\"@type\":\"WebSite\",\"@id\":\"https:\/\/www.welovecycling.com\/hu\/#website\",\"url\":\"https:\/\/www.welovecycling.com\/hu\/\",\"name\":\"\u0160koda We Love Cycling - Magyarorsz\u00e1g\",\"description\":\"\u0160koda WeLoveCycling\",\"potentialAction\":[{\"@type\":\"SearchAction\",\"target\":{\"@type\":\"EntryPoint\",\"urlTemplate\":\"https:\/\/www.welovecycling.com\/hu\/?s={search_term_string}\"},\"query-input\":{\"@type\":\"PropertyValueSpecification\",\"valueRequired\":true,\"valueName\":\"search_term_string\"}}],\"inLanguage\":\"hu\"},{\"@type\":\"Person\",\"@id\":\"https:\/\/www.welovecycling.com\/hu\/#\/schema\/person\/bec7dcdbcc59f58489cf603e4040ced1\",\"name\":\"kitti\",\"image\":{\"@type\":\"ImageObject\",\"inLanguage\":\"hu\",\"@id\":\"https:\/\/www.welovecycling.com\/hu\/#\/schema\/person\/image\/\",\"url\":\"https:\/\/secure.gravatar.com\/avatar\/e3196a110e1b57b96f56d92d10ce9bb4e9d7210076832a16243337e949410b52?s=96&d=mm&r=g\",\"contentUrl\":\"https:\/\/secure.gravatar.com\/avatar\/e3196a110e1b57b96f56d92d10ce9bb4e9d7210076832a16243337e949410b52?s=96&d=mm&r=g\",\"caption\":\"kitti\"},\"url\":\"https:\/\/www.welovecycling.com\/hu\/author\/kitti\/\"}]}<\/script>\n<!-- \/ Yoast SEO Premium plugin. -->","yoast_head_json":{"title":"Fantasztikus finis a K\u00e9kesen: Tiberi ellopta a kir\u00e1lyetapot Dunbart\u00f3l, de a s\u00e1rga trik\u00f3 az \u00edr\u00e9 - \u0160koda We Love Cycling - Magyarorsz\u00e1g","robots":{"index":"index","follow":"follow","max-snippet":"max-snippet:-1","max-image-preview":"max-image-preview:large","max-video-preview":"max-video-preview:-1"},"canonical":"https:\/\/www.welovecycling.com\/hu\/uncategorized\/fantasztikus-finis-a-kekesen-tiberi-ellopta-a-kiralyetapot-dunbartol-de-a-sarga-triko-az-ire\/","og_locale":"hu_HU","og_type":"article","og_title":"Fantasztikus finis a K\u00e9kesen: Tiberi ellopta a kir\u00e1lyetapot Dunbart\u00f3l, de a s\u00e1rga trik\u00f3 az \u00edr\u00e9","og_description":"Elk\u00e9peszt\u0151 befejez\u00e9st hozott a 2022-es magyar k\u00f6r z\u00e1r\u00f3szakasza, melyen a tavalyi harmadik Antonio Tiberi az utols\u00f3 m\u00e9tereken hajr\u00e1zta le az [&hellip;]","og_url":"https:\/\/www.welovecycling.com\/hu\/uncategorized\/fantasztikus-finis-a-kekesen-tiberi-ellopta-a-kiralyetapot-dunbartol-de-a-sarga-triko-az-ire\/","og_site_name":"\u0160koda We Love Cycling - Magyarorsz\u00e1g","article_publisher":"https:\/\/www.facebook.com\/WeLoveCyclingHungary\/","article_published_time":"2022-05-16T07:33:19+00:00","article_modified_time":"2022-05-16T07:33:39+00:00","og_image":[{"width":1200,"height":800,"url":"https:\/\/d2p6e6u75xmxt8.cloudfront.net\/12\/2022\/05\/unnamed.jpg","type":"image\/jpeg"}],"author":"kitti","twitter_card":"summary_large_image","twitter_misc":{"Written by":"We Love Cycling","Est. reading time":"4 minutes"},"schema":{"@context":"https:\/\/schema.org","@graph":[{"@type":"WebPage","@id":"https:\/\/www.welovecycling.com\/hu\/uncategorized\/fantasztikus-finis-a-kekesen-tiberi-ellopta-a-kiralyetapot-dunbartol-de-a-sarga-triko-az-ire\/","url":"https:\/\/www.welovecycling.com\/hu\/uncategorized\/fantasztikus-finis-a-kekesen-tiberi-ellopta-a-kiralyetapot-dunbartol-de-a-sarga-triko-az-ire\/","name":"Fantasztikus finis a K\u00e9kesen: Tiberi ellopta a kir\u00e1lyetapot Dunbart\u00f3l, de a s\u00e1rga trik\u00f3 az \u00edr\u00e9 - \u0160koda We Love Cycling - Magyarorsz\u00e1g","isPartOf":{"@id":"https:\/\/www.welovecycling.com\/hu\/#website"},"primaryImageOfPage":{"@id":"https:\/\/www.welovecycling.com\/hu\/uncategorized\/fantasztikus-finis-a-kekesen-tiberi-ellopta-a-kiralyetapot-dunbartol-de-a-sarga-triko-az-ire\/#primaryimage"},"image":{"@id":"https:\/\/www.welovecycling.com\/hu\/uncategorized\/fantasztikus-finis-a-kekesen-tiberi-ellopta-a-kiralyetapot-dunbartol-de-a-sarga-triko-az-ire\/#primaryimage"},"thumbnailUrl":"https:\/\/d2p6e6u75xmxt8.cloudfront.net\/12\/2022\/05\/unnamed.jpg","datePublished":"2022-05-16T07:33:19+00:00","dateModified":"2022-05-16T07:33:39+00:00","author":{"@id":"https:\/\/www.welovecycling.com\/hu\/#\/schema\/person\/bec7dcdbcc59f58489cf603e4040ced1"},"breadcrumb":{"@id":"https:\/\/www.welovecycling.com\/hu\/uncategorized\/fantasztikus-finis-a-kekesen-tiberi-ellopta-a-kiralyetapot-dunbartol-de-a-sarga-triko-az-ire\/#breadcrumb"},"inLanguage":"hu","potentialAction":[{"@type":"ReadAction","target":["https:\/\/www.welovecycling.com\/hu\/uncategorized\/fantasztikus-finis-a-kekesen-tiberi-ellopta-a-kiralyetapot-dunbartol-de-a-sarga-triko-az-ire\/"]}]},{"@type":"ImageObject","inLanguage":"hu","@id":"https:\/\/www.welovecycling.com\/hu\/uncategorized\/fantasztikus-finis-a-kekesen-tiberi-ellopta-a-kiralyetapot-dunbartol-de-a-sarga-triko-az-ire\/#primaryimage","url":"https:\/\/d2p6e6u75xmxt8.cloudfront.net\/12\/2022\/05\/unnamed.jpg","contentUrl":"https:\/\/d2p6e6u75xmxt8.cloudfront.net\/12\/2022\/05\/unnamed.jpg","width":1200,"height":800},{"@type":"BreadcrumbList","@id":"https:\/\/www.welovecycling.com\/hu\/uncategorized\/fantasztikus-finis-a-kekesen-tiberi-ellopta-a-kiralyetapot-dunbartol-de-a-sarga-triko-az-ire\/#breadcrumb","itemListElement":[{"@type":"ListItem","position":1,"name":"Home","item":"https:\/\/www.welovecycling.com\/hu\/"},{"@type":"ListItem","position":2,"name":"Fantasztikus finis a K\u00e9kesen: Tiberi ellopta a kir\u00e1lyetapot Dunbart\u00f3l, de a s\u00e1rga trik\u00f3 az \u00edr\u00e9"}]},{"@type":"WebSite","@id":"https:\/\/www.welovecycling.com\/hu\/#website","url":"https:\/\/www.welovecycling.com\/hu\/","name":"\u0160koda We Love Cycling - Magyarorsz\u00e1g","description":"\u0160koda WeLoveCycling","potentialAction":[{"@type":"SearchAction","target":{"@type":"EntryPoint","urlTemplate":"https:\/\/www.welovecycling.com\/hu\/?s={search_term_string}"},"query-input":{"@type":"PropertyValueSpecification","valueRequired":true,"valueName":"search_term_string"}}],"inLanguage":"hu"},{"@type":"Person","@id":"https:\/\/www.welovecycling.com\/hu\/#\/schema\/person\/bec7dcdbcc59f58489cf603e4040ced1","name":"kitti","image":{"@type":"ImageObject","inLanguage":"hu","@id":"https:\/\/www.welovecycling.com\/hu\/#\/schema\/person\/image\/","url":"https:\/\/secure.gravatar.com\/avatar\/e3196a110e1b57b96f56d92d10ce9bb4e9d7210076832a16243337e949410b52?s=96&d=mm&r=g","contentUrl":"https:\/\/secure.gravatar.com\/avatar\/e3196a110e1b57b96f56d92d10ce9bb4e9d7210076832a16243337e949410b52?s=96&d=mm&r=g","caption":"kitti"},"url":"https:\/\/www.welovecycling.com\/hu\/author\/kitti\/"}]}},"_links":{"self":[{"href":"https:\/\/www.welovecycling.com\/hu\/wp-json\/wp\/v2\/posts\/15021","targetHints":{"allow":["GET"]}}],"collection":[{"href":"https:\/\/www.welovecycling.com\/hu\/wp-json\/wp\/v2\/posts"}],"about":[{"href":"https:\/\/www.welovecycling.com\/hu\/wp-json\/wp\/v2\/types\/post"}],"author":[{"embeddable":true,"href":"https:\/\/www.welovecycling.com\/hu\/wp-json\/wp\/v2\/users\/145"}],"replies":[{"embeddable":true,"href":"https:\/\/www.welovecycling.com\/hu\/wp-json\/wp\/v2\/comments?post=15021"}],"version-history":[{"count":1,"href":"https:\/\/www.welovecycling.com\/hu\/wp-json\/wp\/v2\/posts\/15021\/revisions"}],"predecessor-version":[{"id":15026,"href":"https:\/\/www.welovecycling.com\/hu\/wp-json\/wp\/v2\/posts\/15021\/revisions\/15026"}],"wp:featuredmedia":[{"embeddable":true,"href":"https:\/\/www.welovecycling.com\/hu\/wp-json\/wp\/v2\/media\/15025"}],"wp:attachment":[{"href":"https:\/\/www.welovecycling.com\/hu\/wp-json\/wp\/v2\/media?parent=15021"}],"wp:term":[{"taxonomy":"category","embeddable":true,"href":"https:\/\/www.welovecycling.com\/hu\/wp-json\/wp\/v2\/categories?post=15021"},{"taxonomy":"post_tag","embeddable":true,"href":"https:\/\/www.welovecycling.com\/hu\/wp-json\/wp\/v2\/tags?post=15021"},{"taxonomy":"global-categories","embeddable":true,"href":"https:\/\/www.welovecycling.com\/hu\/wp-json\/wp\/v2\/global-categories?post=15021"}],"curies":[{"name":"wp","href":"https:\/\/api.w.org\/{rel}","templated":true}]}}