{"id":15015,"date":"2022-05-15T10:35:27","date_gmt":"2022-05-15T08:35:27","guid":{"rendered":"https:\/\/www.welovecycling.com\/hu\/?p=15015"},"modified":"2022-05-15T10:35:27","modified_gmt":"2022-05-15T08:35:27","slug":"pikans-sprintben-groenewegen-legyozte-jakobsent-a-szines-kazincbarcikai-tdh-szakaszon","status":"publish","type":"post","link":"https:\/\/www.welovecycling.com\/hu\/tdh2022\/pikans-sprintben-groenewegen-legyozte-jakobsent-a-szines-kazincbarcikai-tdh-szakaszon\/","title":{"rendered":"Pik\u00e1ns sprintben Groenewegen legy\u0151zte Jakobsent a sz\u00ednes kazincbarcikai TdH-szakaszon"},"content":{"rendered":"<p><strong>A k\u00e9t nagy riv\u00e1lis k\u00fcl\u00f6ncsat\u00e1ja ez\u00fattal a BikeExchange hollandj\u00e1nak siker\u00e9t hozta a magyar k\u00f6r negyedik, szombati szakasz\u00e1n.<\/strong><\/p>\n<p>Sokan nem is gondoln\u00e1k, mennyire sz\u00e9p r\u00e9sze az orsz\u00e1gnak Borsod megye \u00e9szaki r\u00e9sze, pedig \u00e9rdemes ell\u00e1togatni erre, ak\u00e1r ker\u00e9kp\u00e1rral is: z\u00f6ldell\u0151 dombok-v\u00f6lgyek minden\u00fctt (nem v\u00e9letlen\u00fcl nevezik p\u00e9ld\u00e1ul \u00d3zdot a h\u00e9t v\u00f6lgy v\u00e1ros\u00e1nak), az \u00e9v ezen szak\u00e1ban fel\u00fcd\u00fcl\u00e9s errefel\u00e9 tekerni \u2013 igaz, az \u00c9szaki-k\u00f6z\u00e9phegys\u00e9g l\u00e9v\u00e9n az\u00e9rt akad egy-k\u00e9t h\u00faz\u00f3s emelked\u0151 is.<\/p>\n<p><a href=\"https:\/\/d2p6e6u75xmxt8.cloudfront.net\/12\/2022\/05\/2022_TDH4sz_074.jpg\"><img loading=\"lazy\" decoding=\"async\" class=\"alignnone size-extra-large wp-image-15018\" src=\"https:\/\/d2p6e6u75xmxt8.cloudfront.net\/12\/2022\/05\/2022_TDH4sz_074-1920x1280.jpg\" alt=\"\" width=\"1920\" height=\"1280\" srcset=\"https:\/\/d2p6e6u75xmxt8.cloudfront.net\/12\/2022\/05\/2022_TDH4sz_074-1920x1280.jpg 1920w, https:\/\/d2p6e6u75xmxt8.cloudfront.net\/12\/2022\/05\/2022_TDH4sz_074-300x200.jpg 300w, https:\/\/d2p6e6u75xmxt8.cloudfront.net\/12\/2022\/05\/2022_TDH4sz_074-1024x683.jpg 1024w, https:\/\/d2p6e6u75xmxt8.cloudfront.net\/12\/2022\/05\/2022_TDH4sz_074-768x512.jpg 768w, https:\/\/d2p6e6u75xmxt8.cloudfront.net\/12\/2022\/05\/2022_TDH4sz_074-1536x1024.jpg 1536w, https:\/\/d2p6e6u75xmxt8.cloudfront.net\/12\/2022\/05\/2022_TDH4sz_074-272x182.jpg 272w, https:\/\/d2p6e6u75xmxt8.cloudfront.net\/12\/2022\/05\/2022_TDH4sz_074.jpg 2048w, https:\/\/d2p6e6u75xmxt8.cloudfront.net\/12\/2022\/05\/2022_TDH4sz_074-1920x1280.jpg 1920w\" sizes=\"auto, (max-width: 1920px) 100vw, 1920px\" \/><\/a><\/p>\n<p>A Tour de Hongrie utols\u00f3 el\u0151tti, szombati etapja Kazincbarcika k\u00f6rny\u00e9k\u00e9n p\u00e9ld\u00e1ul a 177 km alatt 1325 m\u00e9ternyi szintet tartalmazott, benne a m\u00e1sodik kateg\u00f3ri\u00e1s farkaslyuki \u00e9s a harmadik kateg\u00f3ri\u00e1s tardonai kaptat\u00f3val, ut\u00f3bbit k\u00e9tszer kellett megtennie a mez\u0151nynek. A hegyi pontversenyben vezet\u0151 Aaron Van Poucke ki is forralta terv\u00e9t: r\u00e1menni az \u00f6sszes megszerezhet\u0151 hegyi pontra, hogy ak\u00e1r m\u00e1r a z\u00e1r\u00f3, kem\u00e9ny k\u00e9kestet\u0151i etap el\u0151tt bebiztos\u00edtsa a piros trik\u00f3j\u00e1t \u2013 ha matematikailag nem is, gyakorlatilag mindenk\u00e9pp. \u00c9s siker\u00fclt is a terv! A belga \u00fajfent tal\u00e1lt mag\u00e1nak t\u00e1rsakat egy sz\u00f6k\u00e9shez, \u00e9s v\u00e9g\u00fcl ki is b\u00edrta a m\u00e1sodik tardonani emelked\u0151ig, \u00fagy, hogy az \u00f6sszes hegyi r\u00e9szhajr\u00e1t megnyerte!<\/p>\n<p>Mellette honfit\u00e1rsa, Toon Vandenbosch sem akart lemaradni, \u0151 meg valamennyi gyorsas\u00e1git beh\u00fazta, az els\u0151t \u00d3zdn\u00e1l, a m\u00e1sik kett\u0151t pedig a k\u00e9t barcikai k\u00f6r\u00f6n. 15 kilom\u00e9terrel a c\u00e9l el\u0151tt azt\u00e1n befogta a mez\u0151ny a sz\u00f6kev\u00e9nyeket, akik megtett\u00e9k, ami\u00e9rt j\u00f6ttek, \u00fagyhogy k\u00f6vetkezhetett a sprintbefut\u00f3 a TdH-t hagyom\u00e1nyosan nagyon szeret\u0151 kazincbarcikai k\u00f6z\u00f6ns\u00e9g el\u0151tt, egy majdnem 90 fokos kanyar ut\u00e1n \u00e9s egy enyh\u00e9n emelked\u0151 c\u00e9legyenesben.<\/p>\n<p><a href=\"https:\/\/d2p6e6u75xmxt8.cloudfront.net\/12\/2022\/05\/2022_TDH4sz_003.jpg\"><img loading=\"lazy\" decoding=\"async\" class=\"alignnone size-extra-large wp-image-15016\" src=\"https:\/\/d2p6e6u75xmxt8.cloudfront.net\/12\/2022\/05\/2022_TDH4sz_003-1920x1279.jpg\" alt=\"\" width=\"1920\" height=\"1279\" srcset=\"https:\/\/d2p6e6u75xmxt8.cloudfront.net\/12\/2022\/05\/2022_TDH4sz_003-1920x1279.jpg 1920w, https:\/\/d2p6e6u75xmxt8.cloudfront.net\/12\/2022\/05\/2022_TDH4sz_003-300x200.jpg 300w, https:\/\/d2p6e6u75xmxt8.cloudfront.net\/12\/2022\/05\/2022_TDH4sz_003-1024x682.jpg 1024w, https:\/\/d2p6e6u75xmxt8.cloudfront.net\/12\/2022\/05\/2022_TDH4sz_003-768x512.jpg 768w, https:\/\/d2p6e6u75xmxt8.cloudfront.net\/12\/2022\/05\/2022_TDH4sz_003-1536x1023.jpg 1536w, https:\/\/d2p6e6u75xmxt8.cloudfront.net\/12\/2022\/05\/2022_TDH4sz_003-272x182.jpg 272w, https:\/\/d2p6e6u75xmxt8.cloudfront.net\/12\/2022\/05\/2022_TDH4sz_003.jpg 2048w, https:\/\/d2p6e6u75xmxt8.cloudfront.net\/12\/2022\/05\/2022_TDH4sz_003-1920x1279.jpg 1920w\" sizes=\"auto, (max-width: 1920px) 100vw, 1920px\" \/><\/a><\/p>\n<p>Azt m\u00e1r tudtuk-l\u00e1ttuk, hogy Fabio Jakobsennek fekszik az ilyesmi, most azonban nagy riv\u00e1lis\u00e1nak, Dylan Groenewegennek j\u00f6tt ki jobban a l\u00e9p\u00e9s. \u0150 volt a k\u00e9t \u00e9vvel ezel\u0151tti lengyel k\u00f6r\u00f6n t\u00f6rt\u00e9nt horrorbaleset okoz\u00f3ja, melyben Jakobsen kis h\u00edj\u00e1n \u00e9let\u00e9t vesztette \u2013 \u00fagyhogy roppant pik\u00e1ns sprint volt ez, f\u0151leg, hogy \u00e9ppen Jakobsen sz\u00e1guldott m\u00e1sodikk\u00e9nt a c\u00e9lba; nem v\u00e9letlen\u00fcl figyelt a vil\u00e1g ker\u00e9kp\u00e1rsportja f\u00e9l szemmel a Giro \u00e1rny\u00e9k\u00e1ban is Kazincbarcik\u00e1ra szombat este.<\/p>\n<p><a href=\"https:\/\/d2p6e6u75xmxt8.cloudfront.net\/12\/2022\/05\/2022_TDH4sz_146.jpg\"><img loading=\"lazy\" decoding=\"async\" class=\"alignnone size-extra-large wp-image-15019\" src=\"https:\/\/d2p6e6u75xmxt8.cloudfront.net\/12\/2022\/05\/2022_TDH4sz_146-1920x1281.jpg\" alt=\"\" width=\"1920\" height=\"1281\" srcset=\"https:\/\/d2p6e6u75xmxt8.cloudfront.net\/12\/2022\/05\/2022_TDH4sz_146-1920x1281.jpg 1920w, https:\/\/d2p6e6u75xmxt8.cloudfront.net\/12\/2022\/05\/2022_TDH4sz_146-300x200.jpg 300w, https:\/\/d2p6e6u75xmxt8.cloudfront.net\/12\/2022\/05\/2022_TDH4sz_146-1024x683.jpg 1024w, https:\/\/d2p6e6u75xmxt8.cloudfront.net\/12\/2022\/05\/2022_TDH4sz_146-768x512.jpg 768w, https:\/\/d2p6e6u75xmxt8.cloudfront.net\/12\/2022\/05\/2022_TDH4sz_146-1536x1025.jpg 1536w, https:\/\/d2p6e6u75xmxt8.cloudfront.net\/12\/2022\/05\/2022_TDH4sz_146-272x182.jpg 272w, https:\/\/d2p6e6u75xmxt8.cloudfront.net\/12\/2022\/05\/2022_TDH4sz_146.jpg 2048w, https:\/\/d2p6e6u75xmxt8.cloudfront.net\/12\/2022\/05\/2022_TDH4sz_146-1920x1281.jpg 1920w\" sizes=\"auto, (max-width: 1920px) 100vw, 1920px\" \/><\/a><\/p>\n<p>Jakobsen mindenesetre \u00edgy is megtartotta a s\u00e1rga trik\u00f3t, r\u00e1ad\u00e1sul a gyorsas\u00e1gi pontversenyben is az \u00e9lre l\u00e9pett; Van Poucke szinte behozhatatlanra n\u00f6velte el\u0151ny\u00e9t a hegyi kateg\u00f3ri\u00e1ban, m\u00edg Dina M\u00e1rton v\u00e1ltozatlanul \u0151rzi a feh\u00e9r trik\u00f3t, \u00fagy, hogy az \u00f6sszetett 10. hely\u00e9r\u0151l fut neki a mindent eld\u00f6nt\u0151 vas\u00e1rnapi hegyi z\u00e1r\u00f3etapnak.<\/p>\n<p>&nbsp;<\/p>\n","protected":false},"excerpt":{"rendered":"<p>A k\u00e9t nagy riv\u00e1lis k\u00fcl\u00f6ncsat\u00e1ja ez\u00fattal a BikeExchange hollandj\u00e1nak siker\u00e9t hozta a magyar k\u00f6r negyedik, szombati szakasz\u00e1n. Sokan nem is [&hellip;]<\/p>\n","protected":false},"author":145,"featured_media":15017,"comment_status":"open","ping_status":"open","sticky":false,"template":"","format":"standard","meta":{"footnotes":""},"categories":[472,471],"tags":[],"global-categories":[419],"class_list":["post-15015","post","type-post","status-publish","format-standard","has-post-thumbnail","hentry","category-napi-osszefoglalo-tdh2022","category-tdh2022","global-categories-cycling"],"yoast_head":"<!-- This site is optimized with the Yoast SEO Premium plugin v25.3 (Yoast SEO v25.9) - https:\/\/yoast.com\/wordpress\/plugins\/seo\/ -->\n<title>Pik\u00e1ns sprintben Groenewegen legy\u0151zte Jakobsent a sz\u00ednes kazincbarcikai TdH-szakaszon - \u0160koda We Love Cycling - Magyarorsz\u00e1g<\/title>\n<meta name=\"robots\" content=\"index, follow, max-snippet:-1, max-image-preview:large, max-video-preview:-1\" \/>\n<link rel=\"canonical\" href=\"https:\/\/www.welovecycling.com\/hu\/tdh2022\/pikans-sprintben-groenewegen-legyozte-jakobsent-a-szines-kazincbarcikai-tdh-szakaszon\/\" \/>\n<meta property=\"og:locale\" content=\"hu_HU\" \/>\n<meta property=\"og:type\" content=\"article\" \/>\n<meta property=\"og:title\" content=\"Pik\u00e1ns sprintben Groenewegen legy\u0151zte Jakobsent a sz\u00ednes kazincbarcikai TdH-szakaszon\" \/>\n<meta property=\"og:description\" content=\"A k\u00e9t nagy riv\u00e1lis k\u00fcl\u00f6ncsat\u00e1ja ez\u00fattal a BikeExchange hollandj\u00e1nak siker\u00e9t hozta a magyar k\u00f6r negyedik, szombati szakasz\u00e1n. Sokan nem is [&hellip;]\" \/>\n<meta property=\"og:url\" content=\"https:\/\/www.welovecycling.com\/hu\/tdh2022\/pikans-sprintben-groenewegen-legyozte-jakobsent-a-szines-kazincbarcikai-tdh-szakaszon\/\" \/>\n<meta property=\"og:site_name\" content=\"\u0160koda We Love Cycling - Magyarorsz\u00e1g\" \/>\n<meta property=\"article:publisher\" content=\"https:\/\/www.facebook.com\/WeLoveCyclingHungary\/\" \/>\n<meta property=\"article:published_time\" content=\"2022-05-15T08:35:27+00:00\" \/>\n<meta property=\"og:image\" content=\"https:\/\/d2p6e6u75xmxt8.cloudfront.net\/12\/2022\/05\/2022_TDH4sz_051.jpg\" \/>\n\t<meta property=\"og:image:width\" content=\"2048\" \/>\n\t<meta property=\"og:image:height\" content=\"1364\" \/>\n\t<meta property=\"og:image:type\" content=\"image\/jpeg\" \/>\n<meta name=\"author\" content=\"kitti\" \/>\n<meta name=\"twitter:card\" content=\"summary_large_image\" \/>\n<meta name=\"twitter:label1\" content=\"Written by\" \/>\n\t<meta name=\"twitter:data1\" content=\"We Love Cycling\" \/>\n\t<meta name=\"twitter:label2\" content=\"Est. reading time\" \/>\n\t<meta name=\"twitter:data2\" content=\"3 minutes\" \/>\n<script type=\"application\/ld+json\" class=\"yoast-schema-graph\">{\"@context\":\"https:\/\/schema.org\",\"@graph\":[{\"@type\":\"WebPage\",\"@id\":\"https:\/\/www.welovecycling.com\/hu\/tdh2022\/pikans-sprintben-groenewegen-legyozte-jakobsent-a-szines-kazincbarcikai-tdh-szakaszon\/\",\"url\":\"https:\/\/www.welovecycling.com\/hu\/tdh2022\/pikans-sprintben-groenewegen-legyozte-jakobsent-a-szines-kazincbarcikai-tdh-szakaszon\/\",\"name\":\"Pik\u00e1ns sprintben Groenewegen legy\u0151zte Jakobsent a sz\u00ednes kazincbarcikai TdH-szakaszon - \u0160koda We Love Cycling - Magyarorsz\u00e1g\",\"isPartOf\":{\"@id\":\"https:\/\/www.welovecycling.com\/hu\/#website\"},\"primaryImageOfPage\":{\"@id\":\"https:\/\/www.welovecycling.com\/hu\/tdh2022\/pikans-sprintben-groenewegen-legyozte-jakobsent-a-szines-kazincbarcikai-tdh-szakaszon\/#primaryimage\"},\"image\":{\"@id\":\"https:\/\/www.welovecycling.com\/hu\/tdh2022\/pikans-sprintben-groenewegen-legyozte-jakobsent-a-szines-kazincbarcikai-tdh-szakaszon\/#primaryimage\"},\"thumbnailUrl\":\"https:\/\/d2p6e6u75xmxt8.cloudfront.net\/12\/2022\/05\/2022_TDH4sz_051.jpg\",\"datePublished\":\"2022-05-15T08:35:27+00:00\",\"author\":{\"@id\":\"https:\/\/www.welovecycling.com\/hu\/#\/schema\/person\/bec7dcdbcc59f58489cf603e4040ced1\"},\"breadcrumb\":{\"@id\":\"https:\/\/www.welovecycling.com\/hu\/tdh2022\/pikans-sprintben-groenewegen-legyozte-jakobsent-a-szines-kazincbarcikai-tdh-szakaszon\/#breadcrumb\"},\"inLanguage\":\"hu\",\"potentialAction\":[{\"@type\":\"ReadAction\",\"target\":[\"https:\/\/www.welovecycling.com\/hu\/tdh2022\/pikans-sprintben-groenewegen-legyozte-jakobsent-a-szines-kazincbarcikai-tdh-szakaszon\/\"]}]},{\"@type\":\"ImageObject\",\"inLanguage\":\"hu\",\"@id\":\"https:\/\/www.welovecycling.com\/hu\/tdh2022\/pikans-sprintben-groenewegen-legyozte-jakobsent-a-szines-kazincbarcikai-tdh-szakaszon\/#primaryimage\",\"url\":\"https:\/\/d2p6e6u75xmxt8.cloudfront.net\/12\/2022\/05\/2022_TDH4sz_051.jpg\",\"contentUrl\":\"https:\/\/d2p6e6u75xmxt8.cloudfront.net\/12\/2022\/05\/2022_TDH4sz_051.jpg\",\"width\":2048,\"height\":1364},{\"@type\":\"BreadcrumbList\",\"@id\":\"https:\/\/www.welovecycling.com\/hu\/tdh2022\/pikans-sprintben-groenewegen-legyozte-jakobsent-a-szines-kazincbarcikai-tdh-szakaszon\/#breadcrumb\",\"itemListElement\":[{\"@type\":\"ListItem\",\"position\":1,\"name\":\"Home\",\"item\":\"https:\/\/www.welovecycling.com\/hu\/\"},{\"@type\":\"ListItem\",\"position\":2,\"name\":\"Pik\u00e1ns sprintben Groenewegen legy\u0151zte Jakobsent a sz\u00ednes kazincbarcikai TdH-szakaszon\"}]},{\"@type\":\"WebSite\",\"@id\":\"https:\/\/www.welovecycling.com\/hu\/#website\",\"url\":\"https:\/\/www.welovecycling.com\/hu\/\",\"name\":\"\u0160koda We Love Cycling - Magyarorsz\u00e1g\",\"description\":\"\u0160koda WeLoveCycling\",\"potentialAction\":[{\"@type\":\"SearchAction\",\"target\":{\"@type\":\"EntryPoint\",\"urlTemplate\":\"https:\/\/www.welovecycling.com\/hu\/?s={search_term_string}\"},\"query-input\":{\"@type\":\"PropertyValueSpecification\",\"valueRequired\":true,\"valueName\":\"search_term_string\"}}],\"inLanguage\":\"hu\"},{\"@type\":\"Person\",\"@id\":\"https:\/\/www.welovecycling.com\/hu\/#\/schema\/person\/bec7dcdbcc59f58489cf603e4040ced1\",\"name\":\"kitti\",\"image\":{\"@type\":\"ImageObject\",\"inLanguage\":\"hu\",\"@id\":\"https:\/\/www.welovecycling.com\/hu\/#\/schema\/person\/image\/\",\"url\":\"https:\/\/secure.gravatar.com\/avatar\/e3196a110e1b57b96f56d92d10ce9bb4e9d7210076832a16243337e949410b52?s=96&d=mm&r=g\",\"contentUrl\":\"https:\/\/secure.gravatar.com\/avatar\/e3196a110e1b57b96f56d92d10ce9bb4e9d7210076832a16243337e949410b52?s=96&d=mm&r=g\",\"caption\":\"kitti\"},\"url\":\"https:\/\/www.welovecycling.com\/hu\/author\/kitti\/\"}]}<\/script>\n<!-- \/ Yoast SEO Premium plugin. -->","yoast_head_json":{"title":"Pik\u00e1ns sprintben Groenewegen legy\u0151zte Jakobsent a sz\u00ednes kazincbarcikai TdH-szakaszon - \u0160koda We Love Cycling - Magyarorsz\u00e1g","robots":{"index":"index","follow":"follow","max-snippet":"max-snippet:-1","max-image-preview":"max-image-preview:large","max-video-preview":"max-video-preview:-1"},"canonical":"https:\/\/www.welovecycling.com\/hu\/tdh2022\/pikans-sprintben-groenewegen-legyozte-jakobsent-a-szines-kazincbarcikai-tdh-szakaszon\/","og_locale":"hu_HU","og_type":"article","og_title":"Pik\u00e1ns sprintben Groenewegen legy\u0151zte Jakobsent a sz\u00ednes kazincbarcikai TdH-szakaszon","og_description":"A k\u00e9t nagy riv\u00e1lis k\u00fcl\u00f6ncsat\u00e1ja ez\u00fattal a BikeExchange hollandj\u00e1nak siker\u00e9t hozta a magyar k\u00f6r negyedik, szombati szakasz\u00e1n. Sokan nem is [&hellip;]","og_url":"https:\/\/www.welovecycling.com\/hu\/tdh2022\/pikans-sprintben-groenewegen-legyozte-jakobsent-a-szines-kazincbarcikai-tdh-szakaszon\/","og_site_name":"\u0160koda We Love Cycling - Magyarorsz\u00e1g","article_publisher":"https:\/\/www.facebook.com\/WeLoveCyclingHungary\/","article_published_time":"2022-05-15T08:35:27+00:00","og_image":[{"width":2048,"height":1364,"url":"https:\/\/d2p6e6u75xmxt8.cloudfront.net\/12\/2022\/05\/2022_TDH4sz_051.jpg","type":"image\/jpeg"}],"author":"kitti","twitter_card":"summary_large_image","twitter_misc":{"Written by":"We Love Cycling","Est. reading time":"3 minutes"},"schema":{"@context":"https:\/\/schema.org","@graph":[{"@type":"WebPage","@id":"https:\/\/www.welovecycling.com\/hu\/tdh2022\/pikans-sprintben-groenewegen-legyozte-jakobsent-a-szines-kazincbarcikai-tdh-szakaszon\/","url":"https:\/\/www.welovecycling.com\/hu\/tdh2022\/pikans-sprintben-groenewegen-legyozte-jakobsent-a-szines-kazincbarcikai-tdh-szakaszon\/","name":"Pik\u00e1ns sprintben Groenewegen legy\u0151zte Jakobsent a sz\u00ednes kazincbarcikai TdH-szakaszon - \u0160koda We Love Cycling - Magyarorsz\u00e1g","isPartOf":{"@id":"https:\/\/www.welovecycling.com\/hu\/#website"},"primaryImageOfPage":{"@id":"https:\/\/www.welovecycling.com\/hu\/tdh2022\/pikans-sprintben-groenewegen-legyozte-jakobsent-a-szines-kazincbarcikai-tdh-szakaszon\/#primaryimage"},"image":{"@id":"https:\/\/www.welovecycling.com\/hu\/tdh2022\/pikans-sprintben-groenewegen-legyozte-jakobsent-a-szines-kazincbarcikai-tdh-szakaszon\/#primaryimage"},"thumbnailUrl":"https:\/\/d2p6e6u75xmxt8.cloudfront.net\/12\/2022\/05\/2022_TDH4sz_051.jpg","datePublished":"2022-05-15T08:35:27+00:00","author":{"@id":"https:\/\/www.welovecycling.com\/hu\/#\/schema\/person\/bec7dcdbcc59f58489cf603e4040ced1"},"breadcrumb":{"@id":"https:\/\/www.welovecycling.com\/hu\/tdh2022\/pikans-sprintben-groenewegen-legyozte-jakobsent-a-szines-kazincbarcikai-tdh-szakaszon\/#breadcrumb"},"inLanguage":"hu","potentialAction":[{"@type":"ReadAction","target":["https:\/\/www.welovecycling.com\/hu\/tdh2022\/pikans-sprintben-groenewegen-legyozte-jakobsent-a-szines-kazincbarcikai-tdh-szakaszon\/"]}]},{"@type":"ImageObject","inLanguage":"hu","@id":"https:\/\/www.welovecycling.com\/hu\/tdh2022\/pikans-sprintben-groenewegen-legyozte-jakobsent-a-szines-kazincbarcikai-tdh-szakaszon\/#primaryimage","url":"https:\/\/d2p6e6u75xmxt8.cloudfront.net\/12\/2022\/05\/2022_TDH4sz_051.jpg","contentUrl":"https:\/\/d2p6e6u75xmxt8.cloudfront.net\/12\/2022\/05\/2022_TDH4sz_051.jpg","width":2048,"height":1364},{"@type":"BreadcrumbList","@id":"https:\/\/www.welovecycling.com\/hu\/tdh2022\/pikans-sprintben-groenewegen-legyozte-jakobsent-a-szines-kazincbarcikai-tdh-szakaszon\/#breadcrumb","itemListElement":[{"@type":"ListItem","position":1,"name":"Home","item":"https:\/\/www.welovecycling.com\/hu\/"},{"@type":"ListItem","position":2,"name":"Pik\u00e1ns sprintben Groenewegen legy\u0151zte Jakobsent a sz\u00ednes kazincbarcikai TdH-szakaszon"}]},{"@type":"WebSite","@id":"https:\/\/www.welovecycling.com\/hu\/#website","url":"https:\/\/www.welovecycling.com\/hu\/","name":"\u0160koda We Love Cycling - Magyarorsz\u00e1g","description":"\u0160koda WeLoveCycling","potentialAction":[{"@type":"SearchAction","target":{"@type":"EntryPoint","urlTemplate":"https:\/\/www.welovecycling.com\/hu\/?s={search_term_string}"},"query-input":{"@type":"PropertyValueSpecification","valueRequired":true,"valueName":"search_term_string"}}],"inLanguage":"hu"},{"@type":"Person","@id":"https:\/\/www.welovecycling.com\/hu\/#\/schema\/person\/bec7dcdbcc59f58489cf603e4040ced1","name":"kitti","image":{"@type":"ImageObject","inLanguage":"hu","@id":"https:\/\/www.welovecycling.com\/hu\/#\/schema\/person\/image\/","url":"https:\/\/secure.gravatar.com\/avatar\/e3196a110e1b57b96f56d92d10ce9bb4e9d7210076832a16243337e949410b52?s=96&d=mm&r=g","contentUrl":"https:\/\/secure.gravatar.com\/avatar\/e3196a110e1b57b96f56d92d10ce9bb4e9d7210076832a16243337e949410b52?s=96&d=mm&r=g","caption":"kitti"},"url":"https:\/\/www.welovecycling.com\/hu\/author\/kitti\/"}]}},"_links":{"self":[{"href":"https:\/\/www.welovecycling.com\/hu\/wp-json\/wp\/v2\/posts\/15015","targetHints":{"allow":["GET"]}}],"collection":[{"href":"https:\/\/www.welovecycling.com\/hu\/wp-json\/wp\/v2\/posts"}],"about":[{"href":"https:\/\/www.welovecycling.com\/hu\/wp-json\/wp\/v2\/types\/post"}],"author":[{"embeddable":true,"href":"https:\/\/www.welovecycling.com\/hu\/wp-json\/wp\/v2\/users\/145"}],"replies":[{"embeddable":true,"href":"https:\/\/www.welovecycling.com\/hu\/wp-json\/wp\/v2\/comments?post=15015"}],"version-history":[{"count":1,"href":"https:\/\/www.welovecycling.com\/hu\/wp-json\/wp\/v2\/posts\/15015\/revisions"}],"predecessor-version":[{"id":15020,"href":"https:\/\/www.welovecycling.com\/hu\/wp-json\/wp\/v2\/posts\/15015\/revisions\/15020"}],"wp:featuredmedia":[{"embeddable":true,"href":"https:\/\/www.welovecycling.com\/hu\/wp-json\/wp\/v2\/media\/15017"}],"wp:attachment":[{"href":"https:\/\/www.welovecycling.com\/hu\/wp-json\/wp\/v2\/media?parent=15015"}],"wp:term":[{"taxonomy":"category","embeddable":true,"href":"https:\/\/www.welovecycling.com\/hu\/wp-json\/wp\/v2\/categories?post=15015"},{"taxonomy":"post_tag","embeddable":true,"href":"https:\/\/www.welovecycling.com\/hu\/wp-json\/wp\/v2\/tags?post=15015"},{"taxonomy":"global-categories","embeddable":true,"href":"https:\/\/www.welovecycling.com\/hu\/wp-json\/wp\/v2\/global-categories?post=15015"}],"curies":[{"name":"wp","href":"https:\/\/api.w.org\/{rel}","templated":true}]}}