{"id":15010,"date":"2022-05-14T10:49:28","date_gmt":"2022-05-14T08:49:28","guid":{"rendered":"https:\/\/www.welovecycling.com\/hu\/?p=15010"},"modified":"2022-05-14T10:49:28","modified_gmt":"2022-05-14T08:49:28","slug":"jakobsen-kesz-csoda-a-harmadik-tdh-szakaszon-is-varazsolt-karl-es-dina-is-remekel","status":"publish","type":"post","link":"https:\/\/www.welovecycling.com\/hu\/tdh2022\/jakobsen-kesz-csoda-a-harmadik-tdh-szakaszon-is-varazsolt-karl-es-dina-is-remekel\/","title":{"rendered":"Jakobsen k\u00e9sz csoda, a harmadik TdH-szakaszon is var\u00e1zsolt, Karl \u00e9s Dina is remekel"},"content":{"rendered":"<p><strong>A Quick-Step szt\u00e1rja fantasztikus teljes\u00edtm\u00e9nye mellett k\u00f6zvetlens\u00e9g\u00e9vel is leny\u0171g\u00f6zi a Tour de Hongrie r\u00e9sztvev\u0151it \u00e9s szurkol\u00f3it. <\/strong><\/p>\n<p>Sokan m\u00e9g mindig az el\u0151z\u0151 napi, c\u00e9legyenesbeli buk\u00e1s hat\u00e1sa alatt voltak a Tour de Hongrie harmadik napj\u00e1n, f\u0151leg, hogy az \u00f6sszetettben vezet\u0151, s\u00e1rga trik\u00f3s Olav Kooijnak fel is kellett adnia a versenyt reggelre, hiszen az es\u00e9sben valamilyen ismeretlen alkatr\u00e9sz \u00fagy \u00e1tv\u00e1gta a v\u00e1dlij\u00e1t, hogy azt 12 \u00f6lt\u00e9ssel kellett \u00f6sszevarrni (rajta k\u00edv\u00fcl m\u00e9g h\u00e1rom versenyz\u0151 nem tudott rajthoz \u00e1llni p\u00e9nteken S\u00e1rospatakn\u00e1l).<\/p>\n<p>Sejthet\u0151 volt, hogy k\u00e9t ilyen hektikus, nagy temp\u00f3j\u00fa etap ut\u00e1n a mez\u0151ny kicsit megnyugszik majd, ez \u00edgy is t\u00f6rt\u00e9nt. Persze, ez\u00fattal az es\u0151 kavart be kicsit, illetve a k\u00fcl\u00f6nb\u00f6z\u0151 kateg\u00f3ri\u00e1kban \u00e9rdekeltek tett\u00e9k sz\u00e9pen a dolgukat, \u00edgy a nap egyetlen emelked\u0151j\u00e9t, a harmadik kateg\u00f3ri\u00e1s erd\u0151b\u00e9nyei kaptat\u00f3t a hegyi pontversenyben vezet\u0151 Aaron Van Houcke vitte el sz\u00f6k\u00e9sb\u0151l, \u00edgy meg\u0151rizte a piros trik\u00f3t.<\/p>\n<p>Ezut\u00e1n vissza\u00e1llt a mez\u0151nybe, a k\u00e9t szakaszk\u00f6zi gyorsas\u00e1git \u00edgy a rom\u00e1n Emil Dima h\u00fazta be Tokajn\u00e1l, illetve Kemecs\u00e9n\u00e9l a mez\u0151ny 15 km-rel a v\u00e9ge el\u0151tt be\u00e9rte a sz\u00f6kev\u00e9nyeket.<\/p>\n<p><a href=\"https:\/\/d2p6e6u75xmxt8.cloudfront.net\/12\/2022\/05\/220513_TDH3sz_073.jpg\"><img loading=\"lazy\" decoding=\"async\" class=\"alignnone size-extra-large wp-image-15011\" src=\"https:\/\/d2p6e6u75xmxt8.cloudfront.net\/12\/2022\/05\/220513_TDH3sz_073-1920x1280.jpg\" alt=\"\" width=\"1920\" height=\"1280\" srcset=\"https:\/\/d2p6e6u75xmxt8.cloudfront.net\/12\/2022\/05\/220513_TDH3sz_073-1920x1280.jpg 1920w, https:\/\/d2p6e6u75xmxt8.cloudfront.net\/12\/2022\/05\/220513_TDH3sz_073-300x200.jpg 300w, https:\/\/d2p6e6u75xmxt8.cloudfront.net\/12\/2022\/05\/220513_TDH3sz_073-1024x683.jpg 1024w, https:\/\/d2p6e6u75xmxt8.cloudfront.net\/12\/2022\/05\/220513_TDH3sz_073-768x512.jpg 768w, https:\/\/d2p6e6u75xmxt8.cloudfront.net\/12\/2022\/05\/220513_TDH3sz_073-1536x1024.jpg 1536w, https:\/\/d2p6e6u75xmxt8.cloudfront.net\/12\/2022\/05\/220513_TDH3sz_073-272x182.jpg 272w, https:\/\/d2p6e6u75xmxt8.cloudfront.net\/12\/2022\/05\/220513_TDH3sz_073.jpg 2048w, https:\/\/d2p6e6u75xmxt8.cloudfront.net\/12\/2022\/05\/220513_TDH3sz_073-1920x1280.jpg 1920w\" sizes=\"auto, (max-width: 1920px) 100vw, 1920px\" \/><\/a><\/p>\n<p>A gy\u00f6ny\u00f6r\u0171, \u00e9s ker\u00e9kp\u00e1rral is k\u00f6nnyed\u00e9n bej\u00e1rhat\u00f3 \u2013 ak\u00e1r bring\u00e1z\u00e1ssal egybek\u00f6t\u00f6tt bort\u00far\u00e1khoz is t\u00f6k\u00e9letes \u2013 Tokaj-hegyaljai sz\u0151l\u0151vid\u00e9k ut\u00e1n a mez\u0151ny a Ny\u00edregyh\u00e1z\u00e1n kijel\u00f6lt c\u00e9lba \u00e9rkezett meg, a v\u00e1rtnak megfelel\u0151 sprintbefut\u00f3ra.<\/p>\n<p>Ez\u00fattal sokkal rendezettebbek voltak a nagycsapatok felvezet\u0151vonatai, mint ak\u00e1r az els\u0151, ak\u00e1r a m\u00e1sodik szakaszon, a nagy es\u00e9lyes Fabio Jakobsen azonban az utols\u00f3 sz\u00e1z m\u00e9terekre \u00edgy is egyed\u00fcl maradt. Csakhogy \u0151t ez sem zavarta: ism\u00e9t megvillantotta, mi\u00e9rt a jelenlegi nemzetk\u00f6zi elitmez\u0151ny egyik legjobb sprintere. Noha eleinte \u00fagy t\u0171nhetett, bez\u00e1rt\u00e1k picit, a v\u00e9g\u00e9n a lehet\u0151 legjobb \u00fctemben bor\u00edtott ki jobbra a sz\u00e9l\u00e1rny\u00e9kb\u00f3l, a kordonok fel\u00e9 (pedig ha valakinek, szeg\u00e9nynek nincsenek j\u00f3 eml\u00e9kei a kordonokr\u00f3l sprintbefut\u00f3n\u00e1l\u2026), elk\u00e9peszt\u0151 ritmusv\u00e1lt\u00e1ssal l\u0151tt ki \u00e9s hagyta fak\u00e9pn\u00e9l megh\u00f6kkent riv\u00e1lisait, \u00edgy nemcsak dupl\u00e1zott, \u00e9s nyerte meg a hajd\u00faszoboszl\u00f3i ut\u00e1n a ny\u00edregyi etapot is, de ezzel az \u00f6sszetett \u00e9llovasnak j\u00e1r\u00f3 s\u00e1rga trik\u00f3t is \u00e1tvette!<\/p>\n<p><a href=\"https:\/\/d2p6e6u75xmxt8.cloudfront.net\/12\/2022\/05\/220513_TDH3sz_134.jpg\"><img loading=\"lazy\" decoding=\"async\" class=\"alignnone size-extra-large wp-image-15012\" src=\"https:\/\/d2p6e6u75xmxt8.cloudfront.net\/12\/2022\/05\/220513_TDH3sz_134-1920x1280.jpg\" alt=\"\" width=\"1920\" height=\"1280\" srcset=\"https:\/\/d2p6e6u75xmxt8.cloudfront.net\/12\/2022\/05\/220513_TDH3sz_134-1920x1280.jpg 1920w, https:\/\/d2p6e6u75xmxt8.cloudfront.net\/12\/2022\/05\/220513_TDH3sz_134-300x200.jpg 300w, https:\/\/d2p6e6u75xmxt8.cloudfront.net\/12\/2022\/05\/220513_TDH3sz_134-1024x683.jpg 1024w, https:\/\/d2p6e6u75xmxt8.cloudfront.net\/12\/2022\/05\/220513_TDH3sz_134-768x512.jpg 768w, https:\/\/d2p6e6u75xmxt8.cloudfront.net\/12\/2022\/05\/220513_TDH3sz_134-1536x1024.jpg 1536w, https:\/\/d2p6e6u75xmxt8.cloudfront.net\/12\/2022\/05\/220513_TDH3sz_134-272x182.jpg 272w, https:\/\/d2p6e6u75xmxt8.cloudfront.net\/12\/2022\/05\/220513_TDH3sz_134.jpg 2048w, https:\/\/d2p6e6u75xmxt8.cloudfront.net\/12\/2022\/05\/220513_TDH3sz_134-1920x1280.jpg 1920w\" sizes=\"auto, (max-width: 1920px) 100vw, 1920px\" \/><\/a><\/p>\n<p>Az egy\u00e9bk\u00e9nt v\u00e9gtelen\u00fcl k\u00f6zvetlen \u00e9s szer\u00e9ny holland sr\u00e1c a c\u00e9lba \u00e9r\u00e9st k\u00f6vet\u0151en megjegyezte, nagyon tetszett neki az enyh\u00e9n emelked\u0151 ny\u00edregyh\u00e1zi sprintbefut\u00f3, majd nevetve hozz\u00e1tette, n\u00e1luk, Hollandi\u00e1ban ez m\u00e1r szinte hegyi befut\u00f3nak sz\u00e1m\u00edtana. Az idei TdH-n mindenesetre t\u00falz\u00e1s n\u00e9lk\u00fcl mindenki Jakobsen hat\u00e1sa ker\u00fclt: t\u00e9nyleg csoda ez a fi\u00fa, azok ut\u00e1n, amiken kereszt\u00fclment, nagyon nagy dolog, hogy itt lehet most \u2013 neki \u00e9s nek\u00fcnk is \u2013, jobb rekl\u00e1marcot egyszer\u0171en keresve sem tal\u00e1lhatott volna az idei Tour de Hongrie!<\/p>\n<p>A hazai versenyz\u0151k k\u00f6z\u00fcl pedig emelj\u00fck ki Karl \u00c1d\u00e1mot, aki h\u00e1romb\u00f3l harmadszor is a legjobb magyark\u00e9nt z\u00e1rt (12.), mindh\u00e1rom alkalommal a legjobb 16-ban v\u00e9gzett, a legnagyobb szt\u00e1rokkal \u00e9s csapatokkal tartva a l\u00e9p\u00e9st a v\u00e1logatott tagjak\u00e9nt; illetve Dina M\u00e1rtont, aki egyr\u00e9szt \u0151rzi a feh\u00e9r trik\u00f3t, m\u00e1sr\u00e9szt az \u00f6sszetett nyolcadik hely\u00e9n \u00e1ll, \u00edgy minden es\u00e9lye megvan arra, hogy egy j\u00f3 K\u00e9kestet\u0151vel a v\u00e9gelsz\u00e1mol\u00e1sn\u00e1l is a top t\u00edzben z\u00e1rjon!<\/p>\n","protected":false},"excerpt":{"rendered":"<p>A Quick-Step szt\u00e1rja fantasztikus teljes\u00edtm\u00e9nye mellett k\u00f6zvetlens\u00e9g\u00e9vel is leny\u0171g\u00f6zi a Tour de Hongrie r\u00e9sztvev\u0151it \u00e9s szurkol\u00f3it. Sokan m\u00e9g mindig az [&hellip;]<\/p>\n","protected":false},"author":145,"featured_media":15013,"comment_status":"open","ping_status":"open","sticky":false,"template":"","format":"standard","meta":{"footnotes":""},"categories":[472,471],"tags":[],"global-categories":[419],"class_list":["post-15010","post","type-post","status-publish","format-standard","has-post-thumbnail","hentry","category-napi-osszefoglalo-tdh2022","category-tdh2022","global-categories-cycling"],"yoast_head":"<!-- This site is optimized with the Yoast SEO Premium plugin v25.3 (Yoast SEO v25.9) - https:\/\/yoast.com\/wordpress\/plugins\/seo\/ -->\n<title>Jakobsen k\u00e9sz csoda, a harmadik TdH-szakaszon is var\u00e1zsolt, Karl \u00e9s Dina is remekel - \u0160koda We Love Cycling - Magyarorsz\u00e1g<\/title>\n<meta name=\"robots\" content=\"index, follow, max-snippet:-1, max-image-preview:large, max-video-preview:-1\" \/>\n<link rel=\"canonical\" href=\"https:\/\/www.welovecycling.com\/hu\/tdh2022\/jakobsen-kesz-csoda-a-harmadik-tdh-szakaszon-is-varazsolt-karl-es-dina-is-remekel\/\" \/>\n<meta property=\"og:locale\" content=\"hu_HU\" \/>\n<meta property=\"og:type\" content=\"article\" \/>\n<meta property=\"og:title\" content=\"Jakobsen k\u00e9sz csoda, a harmadik TdH-szakaszon is var\u00e1zsolt, Karl \u00e9s Dina is remekel\" \/>\n<meta property=\"og:description\" content=\"A Quick-Step szt\u00e1rja fantasztikus teljes\u00edtm\u00e9nye mellett k\u00f6zvetlens\u00e9g\u00e9vel is leny\u0171g\u00f6zi a Tour de Hongrie r\u00e9sztvev\u0151it \u00e9s szurkol\u00f3it. Sokan m\u00e9g mindig az [&hellip;]\" \/>\n<meta property=\"og:url\" content=\"https:\/\/www.welovecycling.com\/hu\/tdh2022\/jakobsen-kesz-csoda-a-harmadik-tdh-szakaszon-is-varazsolt-karl-es-dina-is-remekel\/\" \/>\n<meta property=\"og:site_name\" content=\"\u0160koda We Love Cycling - Magyarorsz\u00e1g\" \/>\n<meta property=\"article:publisher\" content=\"https:\/\/www.facebook.com\/WeLoveCyclingHungary\/\" \/>\n<meta property=\"article:published_time\" content=\"2022-05-14T08:49:28+00:00\" \/>\n<meta property=\"og:image\" content=\"https:\/\/d2p6e6u75xmxt8.cloudfront.net\/12\/2022\/05\/220513_TDH3sz_174.jpg\" \/>\n\t<meta property=\"og:image:width\" content=\"2048\" \/>\n\t<meta property=\"og:image:height\" content=\"1365\" \/>\n\t<meta property=\"og:image:type\" content=\"image\/jpeg\" \/>\n<meta name=\"author\" content=\"kitti\" \/>\n<meta name=\"twitter:card\" content=\"summary_large_image\" \/>\n<meta name=\"twitter:label1\" content=\"Written by\" \/>\n\t<meta name=\"twitter:data1\" content=\"We Love Cycling\" \/>\n\t<meta name=\"twitter:label2\" content=\"Est. reading time\" \/>\n\t<meta name=\"twitter:data2\" content=\"3 minutes\" \/>\n<script type=\"application\/ld+json\" class=\"yoast-schema-graph\">{\"@context\":\"https:\/\/schema.org\",\"@graph\":[{\"@type\":\"WebPage\",\"@id\":\"https:\/\/www.welovecycling.com\/hu\/tdh2022\/jakobsen-kesz-csoda-a-harmadik-tdh-szakaszon-is-varazsolt-karl-es-dina-is-remekel\/\",\"url\":\"https:\/\/www.welovecycling.com\/hu\/tdh2022\/jakobsen-kesz-csoda-a-harmadik-tdh-szakaszon-is-varazsolt-karl-es-dina-is-remekel\/\",\"name\":\"Jakobsen k\u00e9sz csoda, a harmadik TdH-szakaszon is var\u00e1zsolt, Karl \u00e9s Dina is remekel - \u0160koda We Love Cycling - Magyarorsz\u00e1g\",\"isPartOf\":{\"@id\":\"https:\/\/www.welovecycling.com\/hu\/#website\"},\"primaryImageOfPage\":{\"@id\":\"https:\/\/www.welovecycling.com\/hu\/tdh2022\/jakobsen-kesz-csoda-a-harmadik-tdh-szakaszon-is-varazsolt-karl-es-dina-is-remekel\/#primaryimage\"},\"image\":{\"@id\":\"https:\/\/www.welovecycling.com\/hu\/tdh2022\/jakobsen-kesz-csoda-a-harmadik-tdh-szakaszon-is-varazsolt-karl-es-dina-is-remekel\/#primaryimage\"},\"thumbnailUrl\":\"https:\/\/d2p6e6u75xmxt8.cloudfront.net\/12\/2022\/05\/220513_TDH3sz_174.jpg\",\"datePublished\":\"2022-05-14T08:49:28+00:00\",\"author\":{\"@id\":\"https:\/\/www.welovecycling.com\/hu\/#\/schema\/person\/bec7dcdbcc59f58489cf603e4040ced1\"},\"breadcrumb\":{\"@id\":\"https:\/\/www.welovecycling.com\/hu\/tdh2022\/jakobsen-kesz-csoda-a-harmadik-tdh-szakaszon-is-varazsolt-karl-es-dina-is-remekel\/#breadcrumb\"},\"inLanguage\":\"hu\",\"potentialAction\":[{\"@type\":\"ReadAction\",\"target\":[\"https:\/\/www.welovecycling.com\/hu\/tdh2022\/jakobsen-kesz-csoda-a-harmadik-tdh-szakaszon-is-varazsolt-karl-es-dina-is-remekel\/\"]}]},{\"@type\":\"ImageObject\",\"inLanguage\":\"hu\",\"@id\":\"https:\/\/www.welovecycling.com\/hu\/tdh2022\/jakobsen-kesz-csoda-a-harmadik-tdh-szakaszon-is-varazsolt-karl-es-dina-is-remekel\/#primaryimage\",\"url\":\"https:\/\/d2p6e6u75xmxt8.cloudfront.net\/12\/2022\/05\/220513_TDH3sz_174.jpg\",\"contentUrl\":\"https:\/\/d2p6e6u75xmxt8.cloudfront.net\/12\/2022\/05\/220513_TDH3sz_174.jpg\",\"width\":2048,\"height\":1365},{\"@type\":\"BreadcrumbList\",\"@id\":\"https:\/\/www.welovecycling.com\/hu\/tdh2022\/jakobsen-kesz-csoda-a-harmadik-tdh-szakaszon-is-varazsolt-karl-es-dina-is-remekel\/#breadcrumb\",\"itemListElement\":[{\"@type\":\"ListItem\",\"position\":1,\"name\":\"Home\",\"item\":\"https:\/\/www.welovecycling.com\/hu\/\"},{\"@type\":\"ListItem\",\"position\":2,\"name\":\"Jakobsen k\u00e9sz csoda, a harmadik TdH-szakaszon is var\u00e1zsolt, Karl \u00e9s Dina is remekel\"}]},{\"@type\":\"WebSite\",\"@id\":\"https:\/\/www.welovecycling.com\/hu\/#website\",\"url\":\"https:\/\/www.welovecycling.com\/hu\/\",\"name\":\"\u0160koda We Love Cycling - Magyarorsz\u00e1g\",\"description\":\"\u0160koda WeLoveCycling\",\"potentialAction\":[{\"@type\":\"SearchAction\",\"target\":{\"@type\":\"EntryPoint\",\"urlTemplate\":\"https:\/\/www.welovecycling.com\/hu\/?s={search_term_string}\"},\"query-input\":{\"@type\":\"PropertyValueSpecification\",\"valueRequired\":true,\"valueName\":\"search_term_string\"}}],\"inLanguage\":\"hu\"},{\"@type\":\"Person\",\"@id\":\"https:\/\/www.welovecycling.com\/hu\/#\/schema\/person\/bec7dcdbcc59f58489cf603e4040ced1\",\"name\":\"kitti\",\"image\":{\"@type\":\"ImageObject\",\"inLanguage\":\"hu\",\"@id\":\"https:\/\/www.welovecycling.com\/hu\/#\/schema\/person\/image\/\",\"url\":\"https:\/\/secure.gravatar.com\/avatar\/e3196a110e1b57b96f56d92d10ce9bb4e9d7210076832a16243337e949410b52?s=96&d=mm&r=g\",\"contentUrl\":\"https:\/\/secure.gravatar.com\/avatar\/e3196a110e1b57b96f56d92d10ce9bb4e9d7210076832a16243337e949410b52?s=96&d=mm&r=g\",\"caption\":\"kitti\"},\"url\":\"https:\/\/www.welovecycling.com\/hu\/author\/kitti\/\"}]}<\/script>\n<!-- \/ Yoast SEO Premium plugin. -->","yoast_head_json":{"title":"Jakobsen k\u00e9sz csoda, a harmadik TdH-szakaszon is var\u00e1zsolt, Karl \u00e9s Dina is remekel - \u0160koda We Love Cycling - Magyarorsz\u00e1g","robots":{"index":"index","follow":"follow","max-snippet":"max-snippet:-1","max-image-preview":"max-image-preview:large","max-video-preview":"max-video-preview:-1"},"canonical":"https:\/\/www.welovecycling.com\/hu\/tdh2022\/jakobsen-kesz-csoda-a-harmadik-tdh-szakaszon-is-varazsolt-karl-es-dina-is-remekel\/","og_locale":"hu_HU","og_type":"article","og_title":"Jakobsen k\u00e9sz csoda, a harmadik TdH-szakaszon is var\u00e1zsolt, Karl \u00e9s Dina is remekel","og_description":"A Quick-Step szt\u00e1rja fantasztikus teljes\u00edtm\u00e9nye mellett k\u00f6zvetlens\u00e9g\u00e9vel is leny\u0171g\u00f6zi a Tour de Hongrie r\u00e9sztvev\u0151it \u00e9s szurkol\u00f3it. Sokan m\u00e9g mindig az [&hellip;]","og_url":"https:\/\/www.welovecycling.com\/hu\/tdh2022\/jakobsen-kesz-csoda-a-harmadik-tdh-szakaszon-is-varazsolt-karl-es-dina-is-remekel\/","og_site_name":"\u0160koda We Love Cycling - Magyarorsz\u00e1g","article_publisher":"https:\/\/www.facebook.com\/WeLoveCyclingHungary\/","article_published_time":"2022-05-14T08:49:28+00:00","og_image":[{"width":2048,"height":1365,"url":"https:\/\/d2p6e6u75xmxt8.cloudfront.net\/12\/2022\/05\/220513_TDH3sz_174.jpg","type":"image\/jpeg"}],"author":"kitti","twitter_card":"summary_large_image","twitter_misc":{"Written by":"We Love Cycling","Est. reading time":"3 minutes"},"schema":{"@context":"https:\/\/schema.org","@graph":[{"@type":"WebPage","@id":"https:\/\/www.welovecycling.com\/hu\/tdh2022\/jakobsen-kesz-csoda-a-harmadik-tdh-szakaszon-is-varazsolt-karl-es-dina-is-remekel\/","url":"https:\/\/www.welovecycling.com\/hu\/tdh2022\/jakobsen-kesz-csoda-a-harmadik-tdh-szakaszon-is-varazsolt-karl-es-dina-is-remekel\/","name":"Jakobsen k\u00e9sz csoda, a harmadik TdH-szakaszon is var\u00e1zsolt, Karl \u00e9s Dina is remekel - \u0160koda We Love Cycling - Magyarorsz\u00e1g","isPartOf":{"@id":"https:\/\/www.welovecycling.com\/hu\/#website"},"primaryImageOfPage":{"@id":"https:\/\/www.welovecycling.com\/hu\/tdh2022\/jakobsen-kesz-csoda-a-harmadik-tdh-szakaszon-is-varazsolt-karl-es-dina-is-remekel\/#primaryimage"},"image":{"@id":"https:\/\/www.welovecycling.com\/hu\/tdh2022\/jakobsen-kesz-csoda-a-harmadik-tdh-szakaszon-is-varazsolt-karl-es-dina-is-remekel\/#primaryimage"},"thumbnailUrl":"https:\/\/d2p6e6u75xmxt8.cloudfront.net\/12\/2022\/05\/220513_TDH3sz_174.jpg","datePublished":"2022-05-14T08:49:28+00:00","author":{"@id":"https:\/\/www.welovecycling.com\/hu\/#\/schema\/person\/bec7dcdbcc59f58489cf603e4040ced1"},"breadcrumb":{"@id":"https:\/\/www.welovecycling.com\/hu\/tdh2022\/jakobsen-kesz-csoda-a-harmadik-tdh-szakaszon-is-varazsolt-karl-es-dina-is-remekel\/#breadcrumb"},"inLanguage":"hu","potentialAction":[{"@type":"ReadAction","target":["https:\/\/www.welovecycling.com\/hu\/tdh2022\/jakobsen-kesz-csoda-a-harmadik-tdh-szakaszon-is-varazsolt-karl-es-dina-is-remekel\/"]}]},{"@type":"ImageObject","inLanguage":"hu","@id":"https:\/\/www.welovecycling.com\/hu\/tdh2022\/jakobsen-kesz-csoda-a-harmadik-tdh-szakaszon-is-varazsolt-karl-es-dina-is-remekel\/#primaryimage","url":"https:\/\/d2p6e6u75xmxt8.cloudfront.net\/12\/2022\/05\/220513_TDH3sz_174.jpg","contentUrl":"https:\/\/d2p6e6u75xmxt8.cloudfront.net\/12\/2022\/05\/220513_TDH3sz_174.jpg","width":2048,"height":1365},{"@type":"BreadcrumbList","@id":"https:\/\/www.welovecycling.com\/hu\/tdh2022\/jakobsen-kesz-csoda-a-harmadik-tdh-szakaszon-is-varazsolt-karl-es-dina-is-remekel\/#breadcrumb","itemListElement":[{"@type":"ListItem","position":1,"name":"Home","item":"https:\/\/www.welovecycling.com\/hu\/"},{"@type":"ListItem","position":2,"name":"Jakobsen k\u00e9sz csoda, a harmadik TdH-szakaszon is var\u00e1zsolt, Karl \u00e9s Dina is remekel"}]},{"@type":"WebSite","@id":"https:\/\/www.welovecycling.com\/hu\/#website","url":"https:\/\/www.welovecycling.com\/hu\/","name":"\u0160koda We Love Cycling - Magyarorsz\u00e1g","description":"\u0160koda WeLoveCycling","potentialAction":[{"@type":"SearchAction","target":{"@type":"EntryPoint","urlTemplate":"https:\/\/www.welovecycling.com\/hu\/?s={search_term_string}"},"query-input":{"@type":"PropertyValueSpecification","valueRequired":true,"valueName":"search_term_string"}}],"inLanguage":"hu"},{"@type":"Person","@id":"https:\/\/www.welovecycling.com\/hu\/#\/schema\/person\/bec7dcdbcc59f58489cf603e4040ced1","name":"kitti","image":{"@type":"ImageObject","inLanguage":"hu","@id":"https:\/\/www.welovecycling.com\/hu\/#\/schema\/person\/image\/","url":"https:\/\/secure.gravatar.com\/avatar\/e3196a110e1b57b96f56d92d10ce9bb4e9d7210076832a16243337e949410b52?s=96&d=mm&r=g","contentUrl":"https:\/\/secure.gravatar.com\/avatar\/e3196a110e1b57b96f56d92d10ce9bb4e9d7210076832a16243337e949410b52?s=96&d=mm&r=g","caption":"kitti"},"url":"https:\/\/www.welovecycling.com\/hu\/author\/kitti\/"}]}},"_links":{"self":[{"href":"https:\/\/www.welovecycling.com\/hu\/wp-json\/wp\/v2\/posts\/15010","targetHints":{"allow":["GET"]}}],"collection":[{"href":"https:\/\/www.welovecycling.com\/hu\/wp-json\/wp\/v2\/posts"}],"about":[{"href":"https:\/\/www.welovecycling.com\/hu\/wp-json\/wp\/v2\/types\/post"}],"author":[{"embeddable":true,"href":"https:\/\/www.welovecycling.com\/hu\/wp-json\/wp\/v2\/users\/145"}],"replies":[{"embeddable":true,"href":"https:\/\/www.welovecycling.com\/hu\/wp-json\/wp\/v2\/comments?post=15010"}],"version-history":[{"count":1,"href":"https:\/\/www.welovecycling.com\/hu\/wp-json\/wp\/v2\/posts\/15010\/revisions"}],"predecessor-version":[{"id":15014,"href":"https:\/\/www.welovecycling.com\/hu\/wp-json\/wp\/v2\/posts\/15010\/revisions\/15014"}],"wp:featuredmedia":[{"embeddable":true,"href":"https:\/\/www.welovecycling.com\/hu\/wp-json\/wp\/v2\/media\/15013"}],"wp:attachment":[{"href":"https:\/\/www.welovecycling.com\/hu\/wp-json\/wp\/v2\/media?parent=15010"}],"wp:term":[{"taxonomy":"category","embeddable":true,"href":"https:\/\/www.welovecycling.com\/hu\/wp-json\/wp\/v2\/categories?post=15010"},{"taxonomy":"post_tag","embeddable":true,"href":"https:\/\/www.welovecycling.com\/hu\/wp-json\/wp\/v2\/tags?post=15010"},{"taxonomy":"global-categories","embeddable":true,"href":"https:\/\/www.welovecycling.com\/hu\/wp-json\/wp\/v2\/global-categories?post=15010"}],"curies":[{"name":"wp","href":"https:\/\/api.w.org\/{rel}","templated":true}]}}