{"id":14986,"date":"2022-05-19T08:00:46","date_gmt":"2022-05-19T06:00:46","guid":{"rendered":"https:\/\/www.welovecycling.com\/hu\/?p=14986"},"modified":"2022-05-13T14:57:14","modified_gmt":"2022-05-13T12:57:14","slug":"a-skoda-titan-desert-tortenete-interju-a-versenyigazgatoval","status":"publish","type":"post","link":"https:\/\/www.welovecycling.com\/hu\/trekking-mtb\/a-skoda-titan-desert-tortenete-interju-a-versenyigazgatoval\/","title":{"rendered":"A \u0160koda Titan Desert t\u00f6rt\u00e9nete: Interj\u00fa a versenyigazgat\u00f3val"},"content":{"rendered":"<p><strong>A Titan Desert sz\u00e1mos r\u00e9sztvev\u0151je sz\u00e1m\u00e1ra a verseny hat napos homokban bicikliz\u00e9st \u00edg\u00e9r Marokk\u00f3 k\u00e1nikul\u00e1j\u00e1ban. A verseny akkor kezd\u0151dik, amikor jelez a z\u00e1szl\u00f3 \u00e9s akkor \u00e9r v\u00e9get, amikor a kerekesek \u00e1thajtanak a c\u00e9lvonalon \u2013 ha eljutnak od\u00e1ig. Manuel Tajada sz\u00e1m\u00e1ra azonban minden sokkal kor\u00e1bban indul \u00e9s a sivatag d\u0171n\u00e9in \u00e1tkel\u0151, megt\u00e9p\u00e1zott versenyz\u0151k c\u00e9lba\u00e9r\u00e9se ut\u00e1n fog csak v\u00e9get \u00e9rni a kaland. \u0150 ugyanis a verseny igazgat\u00f3ja \u2013 az ember, aki mindent fel\u00fcgyel, imm\u00e1r 2005 \u00f3ta.<\/strong><\/p>\n<p><!--more--><\/p>\n<p>Nincs teh\u00e1t jobb ember, akit megk\u00e9rdezhetn\u00e9nk, ha szeretn\u00e9nk t\u00f6bbet megtudni err\u0151l a leny\u0171g\u00f6z\u0151 versenyr\u0151l, ami az elm\u00falt 9 \u00e9vben vil\u00e1gszerte megragadta a ker\u00e9kp\u00e1rosok figyelm\u00e9t. Tajada elmes\u00e9lte magazinunknak a verseny r\u00f6vid, de ann\u00e1l nagyszer\u0171bb t\u00f6rt\u00e9net\u00e9t.<\/p>\n<p>A verseny eredete \u00f6sszefon\u00f3dik a Dakar Rally-val. Dakar egy f\u00e9lelmetes verseny, amelyen a legk\u00fcl\u00f6nf\u00e9l\u00e9bb k\u00e9pess\u00e9g\u0171 rally-versenyz\u0151k vehetnek r\u00e9szt, k\u0151kem\u00e9ny terepen, r\u00f6vid t\u00e1vokon \u00e9s hossz\u00fa, 900 kilom\u00e9teres epikus szakaszokon, melyek pr\u00f3b\u00e1ra teszik a j\u00e1rm\u0171veket \u00e9s a vezet\u0151iket is. A versenyre el\u0151sz\u00f6r 1978-ban ker\u00fclt sor, az Amaury Sports Organization (ASO) szervez\u00e9s\u00e9ben, \u00e9s a franciaorsz\u00e1gi P\u00e1rizst\u00f3l a szeneg\u00e1li Dakarig tartott a t\u00e1v. Egy ideig ez \u00edgy is maradt, de 2009-ben biztons\u00e1gi okokb\u00f3l D\u00e9l-Amerik\u00e1ba k\u00f6lt\u00f6ztett\u00e9k az esem\u00e9nyt. Imm\u00e1r harmadik iter\u00e1ci\u00f3ja a K\u00f6zel-Keleten zajlik, ahol a legt\u00f6bb szakasz sivatagokon fut \u00e1t. \u00c9s itt j\u00f6n be a k\u00e9pbe Manuel.<\/p>\n<p><em>\u201eA verseny els\u0151 napj\u00e1n m\u00e1r r\u00e9szt vettem a szervez\u00e9s\u00e9ben. Eml\u00e9kszem, 2005 v\u00e9g\u00e9n Juan Porcar felk\u00e9rte Felix Dotot \u00e9s engem, hogy dolgozzunk az MTB Dakaron. Egy verseny a marokk\u00f3i sivatagban, ami olyan, mint a Dakar, csak \u00e9ppen hegyi ker\u00e9kp\u00e1rokkal. Az els\u0151 \u00e9v \u00f3ta \u00e9n ir\u00e1ny\u00edtom a versenyt\u201d <\/em>\u2013 avatott be minket.<\/p>\n<p>https:\/\/www.instagram.com\/p\/CdJewpjMjoj\/<\/p>\n<p>Az\u00f3ta t\u00f6bb mint 5000 versenyz\u0151 csatlakozott a versenyhez, k\u00f6zt\u00fck minden id\u0151k legjobb spanyol ker\u00e9kp\u00e1rosa, Miguel Indur\u00e1in is. A n\u00e9z\u0151k olyan legend\u00e1kat is l\u00e1thattak a sivatagban k\u00fczdeni, mint Roberto Heras, Melchor Mauri vagy Sylvain Chavanel. Az Atlasz-hegys\u00e9g \u00e9s a Szahara-sivatag k\u00f6z\u00f6tt zajl\u00f3 verseny brut\u00e1lis, de sok versenyz\u0151 t\u00e9r vissza \u00e9vr\u0151l \u00e9vre \u2013 ez pedig annak a szervezetnek k\u00f6sz\u00f6nhet\u0151, melynek Manuel is tagja.<\/p>\n<p>A Titan Desert verseny kih\u00edv\u00e1sair\u00f3l sz\u00f3lva kifejtette, hogy <em>\u201ea logisztika nem egyszer\u0171, nagy embercsoportot mozgatunk (kerekesek, sajt\u00f3, asszisztensek, szem\u00e9lyzet stb.), \u00e9s egy v\u00e1rost \u00e9p\u00edt\u00fcnk a semmi k\u00f6zep\u00e9n. Szeretem megmutatni az orsz\u00e1g sz\u00e9ps\u00e9g\u00e9t, \u00e9s minden \u00e9vben v\u00e1ltoztatok az \u00fatvonalakon. Kem\u00e9nyen dolgozunk a versenyz\u0151k biztons\u00e1g\u00e1n is. De a f\u0151 kih\u00edv\u00e1s az, hogy minden versenyz\u0151t boldogg\u00e1 tegy\u00fcnk.\u201d<\/em><\/p>\n<p>A r\u00e9sztvev\u0151knek nincs sok idej\u00fck felk\u00e9sz\u00fclni a versenyre, az egyetlen, amit kontroll\u00e1lni tudnak a rajt el\u0151tt, az az edz\u00e9s, amit az elm\u00falt h\u00f3napokban v\u00e9geztek, \u00e9s az er\u0151nl\u00e9t\u00fck \u00e9s \u00e1ll\u00f3k\u00e9pess\u00e9g\u00fck, amit ez alatt az id\u0151 alatt szereztek. \u201e<em>Az idei \u00e9v volt az egyik legnagyobb kih\u00edv\u00e1s. Hegyi szakaszok nem voltak az \u00fatvonalon, de k\u00e9t d\u0171ne igen, emellett hossz\u00fa etapok \u00e9s sok-sok navig\u00e1ci\u00f3.\u201d<\/em><\/p>\n<p>Az elm\u00falt 16 \u00e9v sor\u00e1n, a 2006-os bemutatkoz\u00e1s \u00f3ta, a verseny m\u00e1s orsz\u00e1gokban is futott. Spanyolorsz\u00e1g, Sza\u00fad-Ar\u00e1bia \u00e9s Mexik\u00f3 is adott m\u00e1r otthont a Titan Desert versenynek, s\u0151t volt egy Titan Tropic verseny is, melyre 2016-ban \u00e9s 2017-ben Kub\u00e1ban ker\u00fclt sor. A siker nagy r\u00e9sze Manuelnek, valamint Juan Porcarnak, az egyik alap\u00edt\u00f3t\u00e1rsnak k\u00f6sz\u00f6nhet\u0151 \u2013 ut\u00f3bbi egyben az els\u0151 ker\u00e9kp\u00e1ros is, aki teljes\u00edtette a Dakar MTB-t.<\/p>\n<p>https:\/\/www.instagram.com\/p\/CTZWi7lsG7n\/<\/p>\n<p>B\u00e1r a verseny az \u00e9vek sor\u00e1n b\u0151v\u00fclt, a Titan Desert h\u0171 maradt a gy\u00f6kereihez \u2013 erre pedig m\u00e9lt\u00e1n b\u00fcszke Manuel. <em>\u201eB\u00e1r sok minden megv\u00e1ltozott, megtartjuk azt a szellemet, amit [Porcar] elk\u00e9pzelt. Im\u00e1dok mindent, ami a mountain bike-okkal kapcsolatos, ahogy a kalandokat \u00e9s az utaz\u00e1sokat is, Marokk\u00f3 pedig k\u00fcl\u00f6nleges hely sz\u00e1momra. Szeretem, hogy a munk\u00e1m a hobbim.\u201d<\/em><\/p>\n<p>Az \u00e9vek sor\u00e1n rengeteg szt\u00e1r v\u00e1llalta m\u00e1r a kih\u00edv\u00e1st. Ez a t\u00f6rt\u00e9nelmi verseny nyilv\u00e1nval\u00f3an k\u00fcl\u00f6nleges helyet foglal el az igazgat\u00f3 sz\u00edv\u00e9ben, de kedvenc eml\u00e9ke sokkal szem\u00e9lyesebb. <em>\u201eMinden \u00e9vben csod\u00e1s eml\u00e9kekkel t\u00e9rek haza, de a legjobb az volt, amikor a kisfiam \u00e9s a feles\u00e9gem megjelent a t\u00e1borban 2015-ben. Hatalmas meglepet\u00e9s volt!\u201d<\/em> \u2013 eml\u00e9kezett vissza.<\/p>\n<p>A verseny 2006 \u00f3ta \u00e9breszt r\u00e9m\u00e1lmokat a versenyz\u0151kben, de minden \u00e9vben kialakul egy k\u00f6z\u00f6ss\u00e9gi \u00e9rz\u00e9s is. Mi az\u00e9rt \u00e9rtj\u00fck, mi\u00e9rt cs\u00e1b\u00edtja vissza a r\u00e9sztvev\u0151ket \u00fajra \u00e9s \u00fajra!<\/p>\n","protected":false},"excerpt":{"rendered":"<p>A Titan Desert sz\u00e1mos r\u00e9sztvev\u0151je sz\u00e1m\u00e1ra a verseny hat napos homokban bicikliz\u00e9st \u00edg\u00e9r Marokk\u00f3 k\u00e1nikul\u00e1j\u00e1ban. A verseny akkor kezd\u0151dik, amikor [&hellip;]<\/p>\n","protected":false},"author":71,"featured_media":14989,"comment_status":"open","ping_status":"open","sticky":false,"template":"","format":"standard","meta":{"footnotes":""},"categories":[7],"tags":[],"global-categories":[],"class_list":["post-14986","post","type-post","status-publish","format-standard","has-post-thumbnail","hentry","category-trekking-mtb"],"yoast_head":"<!-- This site is optimized with the Yoast SEO Premium plugin v25.3 (Yoast SEO v25.9) - https:\/\/yoast.com\/wordpress\/plugins\/seo\/ -->\n<title>A \u0160koda Titan Desert t\u00f6rt\u00e9nete: Interj\u00fa a versenyigazgat\u00f3val<\/title>\n<meta name=\"description\" content=\"A Titan Desert sz\u00e1mos r\u00e9sztvev\u0151je sz\u00e1m\u00e1ra a verseny hat napos homokban bicikliz\u00e9st \u00edg\u00e9r Marokk\u00f3 k\u00e1nikul\u00e1j\u00e1ban. A verseny akkor kezd\u0151dik, amikor jelez a z\u00e1szl\u00f3 \u00e9s akkor \u00e9r v\u00e9get, amikor a kerekesek \u00e1thajtanak a c\u00e9lvonalon \u2013 ha eljutnak od\u00e1ig. Manuel Tajada sz\u00e1m\u00e1ra azonban minden sokkal kor\u00e1bban indul \u00e9s a sivatag d\u0171n\u00e9in \u00e1tkel\u0151, megt\u00e9p\u00e1zott versenyz\u0151k c\u00e9lba\u00e9r\u00e9se ut\u00e1n fog csak v\u00e9get \u00e9rni a kaland. \u0150 ugyanis a verseny igazgat\u00f3ja \u2013 az ember, aki mindent fel\u00fcgyel, imm\u00e1r 2005 \u00f3ta.\" \/>\n<meta name=\"robots\" content=\"index, follow, max-snippet:-1, max-image-preview:large, max-video-preview:-1\" \/>\n<link rel=\"canonical\" href=\"https:\/\/www.welovecycling.com\/hu\/trekking-mtb\/a-skoda-titan-desert-tortenete-interju-a-versenyigazgatoval\/\" \/>\n<meta property=\"og:locale\" content=\"hu_HU\" \/>\n<meta property=\"og:type\" content=\"article\" \/>\n<meta property=\"og:title\" content=\"A \u0160koda Titan Desert t\u00f6rt\u00e9nete: Interj\u00fa a versenyigazgat\u00f3val\" \/>\n<meta property=\"og:description\" content=\"A Titan Desert sz\u00e1mos r\u00e9sztvev\u0151je sz\u00e1m\u00e1ra a verseny hat napos homokban bicikliz\u00e9st \u00edg\u00e9r Marokk\u00f3 k\u00e1nikul\u00e1j\u00e1ban. A verseny akkor kezd\u0151dik, amikor jelez a z\u00e1szl\u00f3 \u00e9s akkor \u00e9r v\u00e9get, amikor a kerekesek \u00e1thajtanak a c\u00e9lvonalon \u2013 ha eljutnak od\u00e1ig. Manuel Tajada sz\u00e1m\u00e1ra azonban minden sokkal kor\u00e1bban indul \u00e9s a sivatag d\u0171n\u00e9in \u00e1tkel\u0151, megt\u00e9p\u00e1zott versenyz\u0151k c\u00e9lba\u00e9r\u00e9se ut\u00e1n fog csak v\u00e9get \u00e9rni a kaland. \u0150 ugyanis a verseny igazgat\u00f3ja \u2013 az ember, aki mindent fel\u00fcgyel, imm\u00e1r 2005 \u00f3ta.\" \/>\n<meta property=\"og:url\" content=\"https:\/\/www.welovecycling.com\/hu\/trekking-mtb\/a-skoda-titan-desert-tortenete-interju-a-versenyigazgatoval\/\" \/>\n<meta property=\"og:site_name\" content=\"\u0160koda We Love Cycling - Magyarorsz\u00e1g\" \/>\n<meta property=\"article:publisher\" content=\"https:\/\/www.facebook.com\/WeLoveCyclingHungary\/\" \/>\n<meta property=\"article:published_time\" content=\"2022-05-19T06:00:46+00:00\" \/>\n<meta property=\"og:image\" content=\"https:\/\/d2p6e6u75xmxt8.cloudfront.net\/12\/2022\/05\/SKODA-Titan-Desert-profimedia-0430643156-CVR.jpg\" \/>\n\t<meta property=\"og:image:width\" content=\"990\" \/>\n\t<meta property=\"og:image:height\" content=\"660\" \/>\n\t<meta property=\"og:image:type\" content=\"image\/jpeg\" \/>\n<meta name=\"author\" content=\"hegyizs\" \/>\n<meta name=\"twitter:card\" content=\"summary_large_image\" \/>\n<meta name=\"twitter:label1\" content=\"Written by\" \/>\n\t<meta name=\"twitter:data1\" content=\"Joshua Donaldson\" \/>\n\t<meta name=\"twitter:label2\" content=\"Est. reading time\" \/>\n\t<meta name=\"twitter:data2\" content=\"5\" \/>\n<script type=\"application\/ld+json\" class=\"yoast-schema-graph\">{\"@context\":\"https:\/\/schema.org\",\"@graph\":[{\"@type\":\"WebPage\",\"@id\":\"https:\/\/www.welovecycling.com\/hu\/trekking-mtb\/a-skoda-titan-desert-tortenete-interju-a-versenyigazgatoval\/\",\"url\":\"https:\/\/www.welovecycling.com\/hu\/trekking-mtb\/a-skoda-titan-desert-tortenete-interju-a-versenyigazgatoval\/\",\"name\":\"A \u0160koda Titan Desert t\u00f6rt\u00e9nete: Interj\u00fa a versenyigazgat\u00f3val\",\"isPartOf\":{\"@id\":\"https:\/\/www.welovecycling.com\/hu\/#website\"},\"primaryImageOfPage\":{\"@id\":\"https:\/\/www.welovecycling.com\/hu\/trekking-mtb\/a-skoda-titan-desert-tortenete-interju-a-versenyigazgatoval\/#primaryimage\"},\"image\":{\"@id\":\"https:\/\/www.welovecycling.com\/hu\/trekking-mtb\/a-skoda-titan-desert-tortenete-interju-a-versenyigazgatoval\/#primaryimage\"},\"thumbnailUrl\":\"https:\/\/d2p6e6u75xmxt8.cloudfront.net\/12\/2022\/05\/SKODA-Titan-Desert-profimedia-0430643156-CVR.jpg\",\"datePublished\":\"2022-05-19T06:00:46+00:00\",\"author\":{\"@id\":\"https:\/\/www.welovecycling.com\/hu\/#\/schema\/person\/414a2aebf1801691a5320edb6468e194\"},\"description\":\"A Titan Desert sz\u00e1mos r\u00e9sztvev\u0151je sz\u00e1m\u00e1ra a verseny hat napos homokban bicikliz\u00e9st \u00edg\u00e9r Marokk\u00f3 k\u00e1nikul\u00e1j\u00e1ban. A verseny akkor kezd\u0151dik, amikor jelez a z\u00e1szl\u00f3 \u00e9s akkor \u00e9r v\u00e9get, amikor a kerekesek \u00e1thajtanak a c\u00e9lvonalon \u2013 ha eljutnak od\u00e1ig. Manuel Tajada sz\u00e1m\u00e1ra azonban minden sokkal kor\u00e1bban indul \u00e9s a sivatag d\u0171n\u00e9in \u00e1tkel\u0151, megt\u00e9p\u00e1zott versenyz\u0151k c\u00e9lba\u00e9r\u00e9se ut\u00e1n fog csak v\u00e9get \u00e9rni a kaland. \u0150 ugyanis a verseny igazgat\u00f3ja \u2013 az ember, aki mindent fel\u00fcgyel, imm\u00e1r 2005 \u00f3ta.\",\"breadcrumb\":{\"@id\":\"https:\/\/www.welovecycling.com\/hu\/trekking-mtb\/a-skoda-titan-desert-tortenete-interju-a-versenyigazgatoval\/#breadcrumb\"},\"inLanguage\":\"hu\",\"potentialAction\":[{\"@type\":\"ReadAction\",\"target\":[\"https:\/\/www.welovecycling.com\/hu\/trekking-mtb\/a-skoda-titan-desert-tortenete-interju-a-versenyigazgatoval\/\"]}]},{\"@type\":\"ImageObject\",\"inLanguage\":\"hu\",\"@id\":\"https:\/\/www.welovecycling.com\/hu\/trekking-mtb\/a-skoda-titan-desert-tortenete-interju-a-versenyigazgatoval\/#primaryimage\",\"url\":\"https:\/\/d2p6e6u75xmxt8.cloudfront.net\/12\/2022\/05\/SKODA-Titan-Desert-profimedia-0430643156-CVR.jpg\",\"contentUrl\":\"https:\/\/d2p6e6u75xmxt8.cloudfront.net\/12\/2022\/05\/SKODA-Titan-Desert-profimedia-0430643156-CVR.jpg\",\"width\":990,\"height\":660,\"caption\":\"\u0160koda Titan Desert\"},{\"@type\":\"BreadcrumbList\",\"@id\":\"https:\/\/www.welovecycling.com\/hu\/trekking-mtb\/a-skoda-titan-desert-tortenete-interju-a-versenyigazgatoval\/#breadcrumb\",\"itemListElement\":[{\"@type\":\"ListItem\",\"position\":1,\"name\":\"Home\",\"item\":\"https:\/\/www.welovecycling.com\/hu\/\"},{\"@type\":\"ListItem\",\"position\":2,\"name\":\"A \u0160koda Titan Desert t\u00f6rt\u00e9nete: Interj\u00fa a versenyigazgat\u00f3val\"}]},{\"@type\":\"WebSite\",\"@id\":\"https:\/\/www.welovecycling.com\/hu\/#website\",\"url\":\"https:\/\/www.welovecycling.com\/hu\/\",\"name\":\"\u0160koda We Love Cycling - Magyarorsz\u00e1g\",\"description\":\"\u0160koda WeLoveCycling\",\"potentialAction\":[{\"@type\":\"SearchAction\",\"target\":{\"@type\":\"EntryPoint\",\"urlTemplate\":\"https:\/\/www.welovecycling.com\/hu\/?s={search_term_string}\"},\"query-input\":{\"@type\":\"PropertyValueSpecification\",\"valueRequired\":true,\"valueName\":\"search_term_string\"}}],\"inLanguage\":\"hu\"},{\"@type\":\"Person\",\"@id\":\"https:\/\/www.welovecycling.com\/hu\/#\/schema\/person\/414a2aebf1801691a5320edb6468e194\",\"name\":\"hegyizs\",\"image\":{\"@type\":\"ImageObject\",\"inLanguage\":\"hu\",\"@id\":\"https:\/\/www.welovecycling.com\/hu\/#\/schema\/person\/image\/\",\"url\":\"https:\/\/secure.gravatar.com\/avatar\/02cf8a7906b8cf90cecb4679defac7cfd33a1c2e3b88e4903d947f3bb58eedd3?s=96&d=mm&r=g\",\"contentUrl\":\"https:\/\/secure.gravatar.com\/avatar\/02cf8a7906b8cf90cecb4679defac7cfd33a1c2e3b88e4903d947f3bb58eedd3?s=96&d=mm&r=g\",\"caption\":\"hegyizs\"},\"url\":\"https:\/\/www.welovecycling.com\/hu\/author\/hegyizs\/\"}]}<\/script>\n<!-- \/ Yoast SEO Premium plugin. -->","yoast_head_json":{"title":"A \u0160koda Titan Desert t\u00f6rt\u00e9nete: Interj\u00fa a versenyigazgat\u00f3val","description":"A Titan Desert sz\u00e1mos r\u00e9sztvev\u0151je sz\u00e1m\u00e1ra a verseny hat napos homokban bicikliz\u00e9st \u00edg\u00e9r Marokk\u00f3 k\u00e1nikul\u00e1j\u00e1ban. A verseny akkor kezd\u0151dik, amikor jelez a z\u00e1szl\u00f3 \u00e9s akkor \u00e9r v\u00e9get, amikor a kerekesek \u00e1thajtanak a c\u00e9lvonalon \u2013 ha eljutnak od\u00e1ig. Manuel Tajada sz\u00e1m\u00e1ra azonban minden sokkal kor\u00e1bban indul \u00e9s a sivatag d\u0171n\u00e9in \u00e1tkel\u0151, megt\u00e9p\u00e1zott versenyz\u0151k c\u00e9lba\u00e9r\u00e9se ut\u00e1n fog csak v\u00e9get \u00e9rni a kaland. \u0150 ugyanis a verseny igazgat\u00f3ja \u2013 az ember, aki mindent fel\u00fcgyel, imm\u00e1r 2005 \u00f3ta.","robots":{"index":"index","follow":"follow","max-snippet":"max-snippet:-1","max-image-preview":"max-image-preview:large","max-video-preview":"max-video-preview:-1"},"canonical":"https:\/\/www.welovecycling.com\/hu\/trekking-mtb\/a-skoda-titan-desert-tortenete-interju-a-versenyigazgatoval\/","og_locale":"hu_HU","og_type":"article","og_title":"A \u0160koda Titan Desert t\u00f6rt\u00e9nete: Interj\u00fa a versenyigazgat\u00f3val","og_description":"A Titan Desert sz\u00e1mos r\u00e9sztvev\u0151je sz\u00e1m\u00e1ra a verseny hat napos homokban bicikliz\u00e9st \u00edg\u00e9r Marokk\u00f3 k\u00e1nikul\u00e1j\u00e1ban. A verseny akkor kezd\u0151dik, amikor jelez a z\u00e1szl\u00f3 \u00e9s akkor \u00e9r v\u00e9get, amikor a kerekesek \u00e1thajtanak a c\u00e9lvonalon \u2013 ha eljutnak od\u00e1ig. Manuel Tajada sz\u00e1m\u00e1ra azonban minden sokkal kor\u00e1bban indul \u00e9s a sivatag d\u0171n\u00e9in \u00e1tkel\u0151, megt\u00e9p\u00e1zott versenyz\u0151k c\u00e9lba\u00e9r\u00e9se ut\u00e1n fog csak v\u00e9get \u00e9rni a kaland. \u0150 ugyanis a verseny igazgat\u00f3ja \u2013 az ember, aki mindent fel\u00fcgyel, imm\u00e1r 2005 \u00f3ta.","og_url":"https:\/\/www.welovecycling.com\/hu\/trekking-mtb\/a-skoda-titan-desert-tortenete-interju-a-versenyigazgatoval\/","og_site_name":"\u0160koda We Love Cycling - Magyarorsz\u00e1g","article_publisher":"https:\/\/www.facebook.com\/WeLoveCyclingHungary\/","article_published_time":"2022-05-19T06:00:46+00:00","og_image":[{"width":990,"height":660,"url":"https:\/\/d2p6e6u75xmxt8.cloudfront.net\/12\/2022\/05\/SKODA-Titan-Desert-profimedia-0430643156-CVR.jpg","type":"image\/jpeg"}],"author":"hegyizs","twitter_card":"summary_large_image","twitter_misc":{"Written by":"Joshua Donaldson","Est. reading time":"5"},"schema":{"@context":"https:\/\/schema.org","@graph":[{"@type":"WebPage","@id":"https:\/\/www.welovecycling.com\/hu\/trekking-mtb\/a-skoda-titan-desert-tortenete-interju-a-versenyigazgatoval\/","url":"https:\/\/www.welovecycling.com\/hu\/trekking-mtb\/a-skoda-titan-desert-tortenete-interju-a-versenyigazgatoval\/","name":"A \u0160koda Titan Desert t\u00f6rt\u00e9nete: Interj\u00fa a versenyigazgat\u00f3val","isPartOf":{"@id":"https:\/\/www.welovecycling.com\/hu\/#website"},"primaryImageOfPage":{"@id":"https:\/\/www.welovecycling.com\/hu\/trekking-mtb\/a-skoda-titan-desert-tortenete-interju-a-versenyigazgatoval\/#primaryimage"},"image":{"@id":"https:\/\/www.welovecycling.com\/hu\/trekking-mtb\/a-skoda-titan-desert-tortenete-interju-a-versenyigazgatoval\/#primaryimage"},"thumbnailUrl":"https:\/\/d2p6e6u75xmxt8.cloudfront.net\/12\/2022\/05\/SKODA-Titan-Desert-profimedia-0430643156-CVR.jpg","datePublished":"2022-05-19T06:00:46+00:00","author":{"@id":"https:\/\/www.welovecycling.com\/hu\/#\/schema\/person\/414a2aebf1801691a5320edb6468e194"},"description":"A Titan Desert sz\u00e1mos r\u00e9sztvev\u0151je sz\u00e1m\u00e1ra a verseny hat napos homokban bicikliz\u00e9st \u00edg\u00e9r Marokk\u00f3 k\u00e1nikul\u00e1j\u00e1ban. A verseny akkor kezd\u0151dik, amikor jelez a z\u00e1szl\u00f3 \u00e9s akkor \u00e9r v\u00e9get, amikor a kerekesek \u00e1thajtanak a c\u00e9lvonalon \u2013 ha eljutnak od\u00e1ig. Manuel Tajada sz\u00e1m\u00e1ra azonban minden sokkal kor\u00e1bban indul \u00e9s a sivatag d\u0171n\u00e9in \u00e1tkel\u0151, megt\u00e9p\u00e1zott versenyz\u0151k c\u00e9lba\u00e9r\u00e9se ut\u00e1n fog csak v\u00e9get \u00e9rni a kaland. \u0150 ugyanis a verseny igazgat\u00f3ja \u2013 az ember, aki mindent fel\u00fcgyel, imm\u00e1r 2005 \u00f3ta.","breadcrumb":{"@id":"https:\/\/www.welovecycling.com\/hu\/trekking-mtb\/a-skoda-titan-desert-tortenete-interju-a-versenyigazgatoval\/#breadcrumb"},"inLanguage":"hu","potentialAction":[{"@type":"ReadAction","target":["https:\/\/www.welovecycling.com\/hu\/trekking-mtb\/a-skoda-titan-desert-tortenete-interju-a-versenyigazgatoval\/"]}]},{"@type":"ImageObject","inLanguage":"hu","@id":"https:\/\/www.welovecycling.com\/hu\/trekking-mtb\/a-skoda-titan-desert-tortenete-interju-a-versenyigazgatoval\/#primaryimage","url":"https:\/\/d2p6e6u75xmxt8.cloudfront.net\/12\/2022\/05\/SKODA-Titan-Desert-profimedia-0430643156-CVR.jpg","contentUrl":"https:\/\/d2p6e6u75xmxt8.cloudfront.net\/12\/2022\/05\/SKODA-Titan-Desert-profimedia-0430643156-CVR.jpg","width":990,"height":660,"caption":"\u0160koda Titan Desert"},{"@type":"BreadcrumbList","@id":"https:\/\/www.welovecycling.com\/hu\/trekking-mtb\/a-skoda-titan-desert-tortenete-interju-a-versenyigazgatoval\/#breadcrumb","itemListElement":[{"@type":"ListItem","position":1,"name":"Home","item":"https:\/\/www.welovecycling.com\/hu\/"},{"@type":"ListItem","position":2,"name":"A \u0160koda Titan Desert t\u00f6rt\u00e9nete: Interj\u00fa a versenyigazgat\u00f3val"}]},{"@type":"WebSite","@id":"https:\/\/www.welovecycling.com\/hu\/#website","url":"https:\/\/www.welovecycling.com\/hu\/","name":"\u0160koda We Love Cycling - Magyarorsz\u00e1g","description":"\u0160koda WeLoveCycling","potentialAction":[{"@type":"SearchAction","target":{"@type":"EntryPoint","urlTemplate":"https:\/\/www.welovecycling.com\/hu\/?s={search_term_string}"},"query-input":{"@type":"PropertyValueSpecification","valueRequired":true,"valueName":"search_term_string"}}],"inLanguage":"hu"},{"@type":"Person","@id":"https:\/\/www.welovecycling.com\/hu\/#\/schema\/person\/414a2aebf1801691a5320edb6468e194","name":"hegyizs","image":{"@type":"ImageObject","inLanguage":"hu","@id":"https:\/\/www.welovecycling.com\/hu\/#\/schema\/person\/image\/","url":"https:\/\/secure.gravatar.com\/avatar\/02cf8a7906b8cf90cecb4679defac7cfd33a1c2e3b88e4903d947f3bb58eedd3?s=96&d=mm&r=g","contentUrl":"https:\/\/secure.gravatar.com\/avatar\/02cf8a7906b8cf90cecb4679defac7cfd33a1c2e3b88e4903d947f3bb58eedd3?s=96&d=mm&r=g","caption":"hegyizs"},"url":"https:\/\/www.welovecycling.com\/hu\/author\/hegyizs\/"}]}},"_links":{"self":[{"href":"https:\/\/www.welovecycling.com\/hu\/wp-json\/wp\/v2\/posts\/14986","targetHints":{"allow":["GET"]}}],"collection":[{"href":"https:\/\/www.welovecycling.com\/hu\/wp-json\/wp\/v2\/posts"}],"about":[{"href":"https:\/\/www.welovecycling.com\/hu\/wp-json\/wp\/v2\/types\/post"}],"author":[{"embeddable":true,"href":"https:\/\/www.welovecycling.com\/hu\/wp-json\/wp\/v2\/users\/71"}],"replies":[{"embeddable":true,"href":"https:\/\/www.welovecycling.com\/hu\/wp-json\/wp\/v2\/comments?post=14986"}],"version-history":[{"count":1,"href":"https:\/\/www.welovecycling.com\/hu\/wp-json\/wp\/v2\/posts\/14986\/revisions"}],"predecessor-version":[{"id":15000,"href":"https:\/\/www.welovecycling.com\/hu\/wp-json\/wp\/v2\/posts\/14986\/revisions\/15000"}],"wp:featuredmedia":[{"embeddable":true,"href":"https:\/\/www.welovecycling.com\/hu\/wp-json\/wp\/v2\/media\/14989"}],"wp:attachment":[{"href":"https:\/\/www.welovecycling.com\/hu\/wp-json\/wp\/v2\/media?parent=14986"}],"wp:term":[{"taxonomy":"category","embeddable":true,"href":"https:\/\/www.welovecycling.com\/hu\/wp-json\/wp\/v2\/categories?post=14986"},{"taxonomy":"post_tag","embeddable":true,"href":"https:\/\/www.welovecycling.com\/hu\/wp-json\/wp\/v2\/tags?post=14986"},{"taxonomy":"global-categories","embeddable":true,"href":"https:\/\/www.welovecycling.com\/hu\/wp-json\/wp\/v2\/global-categories?post=14986"}],"curies":[{"name":"wp","href":"https:\/\/api.w.org\/{rel}","templated":true}]}}