{"id":14979,"date":"2022-05-18T08:00:39","date_gmt":"2022-05-18T06:00:39","guid":{"rendered":"https:\/\/www.welovecycling.com\/hu\/?p=14979"},"modified":"2022-05-13T14:55:51","modified_gmt":"2022-05-13T12:55:51","slug":"7-tipp-hogy-arra-koltsd-a-bringas-budzsed-amire-megeri","status":"publish","type":"post","link":"https:\/\/www.welovecycling.com\/hu\/kozosseg-es-kultura\/7-tipp-hogy-arra-koltsd-a-bringas-budzsed-amire-megeri\/","title":{"rendered":"7 tipp, hogy arra k\u00f6ltsd a bring\u00e1s b\u00fcdzs\u00e9d, amire meg\u00e9ri"},"content":{"rendered":"<p><strong>Val\u00f3s\u00e1gos k\u00fczdelem kij\u00f6nni a megadott ker\u00e9kp\u00e1ros k\u00f6lts\u00e9gvet\u00e9s\u00fcnkb\u0151l, nem igaz? Sok m\u00e9m \u00e9s vicc utal arra, hogy a bring\u00e1k szerelmesei eltitkolj\u00e1k \u00e9lett\u00e1rsuk el\u0151l, val\u00f3j\u00e1ban mennyit k\u00f6ltenek a hobbijukra, \u00e9s ezek al\u00e1t\u00e1masztj\u00e1k a t\u00e9nyt, hogy bizony, gyorsan \u00f6ssze tudnak ad\u00f3dni a kiad\u00e1sok. N\u00e9ha \u00fagy \u00e9rezz\u00fck, hogy a t\u00f6k\u00e9letes t\u00far\u00e1hoz t\u00f6k\u00e9lete felszerel\u00e9s is kell, ez pedig ugye p\u00e9nzk\u00e9rd\u00e9s. Vagy nem?<\/strong><\/p>\n<p><!--more--><\/p>\n<p>Szerencs\u00e9re ennek nem kell \u00edgy lennie, \u00e9s a megfelel\u0151 megk\u00f6zel\u00edt\u00e9ssel rengeteg okos m\u00f3dot tal\u00e1lhatsz a sp\u00f3rol\u00e1sra, mik\u00f6zben maxim\u00e1lis k\u00e9nyelmet \u00e9s teljes\u00edtm\u00e9nyt \u00e9rsz el. Szil\u00e1rd meggy\u0151z\u0151d\u00e9s\u00fcnk, hogy a ker\u00e9kp\u00e1roz\u00e1snak mindenki sz\u00e1m\u00e1ra el\u00e9rhet\u0151nek kell lennie, f\u00fcggetlen\u00fcl att\u00f3l, hogy mennyit tud sz\u00e1nni a sportra. Addig is teh\u00e1t, ameddig meg nem nyered a lott\u00f3t, hoztunk n\u00e9h\u00e1ny javaslatot, ami seg\u00edthet eld\u00f6nteni, melyik alkatr\u00e9szekre \u00e9s felszerel\u00e9sekre \u00e9rdemes t\u00f6bbet k\u00f6lteni, \u00e9s melyekre nem, mert nem hoznak val\u00f3di v\u00e1ltoz\u00e1st.<\/p>\n<h2><strong>Kell a j\u00f3 v\u00e1z, j\u00f3 m\u00e9retben<\/strong><\/h2>\n<p>Ha a null\u00e1r\u00f3l kezded, \u00e9s jelenleg els\u0151 ker\u00e9kp\u00e1rodat veszed meg, vagy rakod \u00f6ssze, a tan\u00e1csunk az, hogy csak a v\u00e1zra koncentr\u00e1lj. Minden m\u00e1st k\u00e9s\u0151bb tudsz cser\u00e9lni, \u00edgy nem kell mindent azonnal kifizetned, a v\u00e1z viszont nagyon fontos. Keresd meg azt, ami a legjobb a sportst\u00edlusodhoz \u00e9s m\u00e9g \u00e9ppen belef\u00e9r a keretedbe! A legjobb, ha megk\u00e9rsz valakit, aki j\u00e1rtas a t\u00e9m\u00e1ban, hogy seg\u00edtsen megbizonyosodni r\u00f3la, hogy a v\u00e1z t\u00f6k\u00e9letesen illik tested jellemz\u0151ihez.<\/p>\n<figure id=\"attachment_9867\" aria-describedby=\"caption-attachment-9867\" style=\"width: 1280px\" class=\"wp-caption alignnone\"><a href=\"https:\/\/d2p6e6u75xmxt8.cloudfront.net\/12\/2021\/01\/Cyclists-group-pexels-pavel-danilyuk-5807676.jpg\"><img loading=\"lazy\" decoding=\"async\" class=\"size-full wp-image-9867\" src=\"https:\/\/d2p6e6u75xmxt8.cloudfront.net\/12\/2021\/01\/Cyclists-group-pexels-pavel-danilyuk-5807676.jpg\" alt=\"Group of cyclists\" width=\"1280\" height=\"854\" srcset=\"https:\/\/d2p6e6u75xmxt8.cloudfront.net\/12\/2021\/01\/Cyclists-group-pexels-pavel-danilyuk-5807676.jpg 1280w, https:\/\/d2p6e6u75xmxt8.cloudfront.net\/12\/2021\/01\/Cyclists-group-pexels-pavel-danilyuk-5807676-300x200.jpg 300w, https:\/\/d2p6e6u75xmxt8.cloudfront.net\/12\/2021\/01\/Cyclists-group-pexels-pavel-danilyuk-5807676-1024x683.jpg 1024w, https:\/\/d2p6e6u75xmxt8.cloudfront.net\/12\/2021\/01\/Cyclists-group-pexels-pavel-danilyuk-5807676-768x512.jpg 768w, https:\/\/d2p6e6u75xmxt8.cloudfront.net\/12\/2021\/01\/Cyclists-group-pexels-pavel-danilyuk-5807676-272x182.jpg 272w\" sizes=\"auto, (max-width: 1280px) 100vw, 1280px\" \/><\/a><figcaption id=\"caption-attachment-9867\" class=\"wp-caption-text\"><em>Keresd meg azt a v\u00e1zat, ami a legjobb a sportst\u00edlusodhoz.<\/em><\/figcaption><\/figure>\n<h2><strong>Sz\u00f3rd a p\u00e9nzt!<\/strong><\/h2>\n<p>Van n\u00e9h\u00e1ny kulcsfontoss\u00e1g\u00fa felszerel\u00e9s, ami t\u00e9nyleg jelent\u0151s v\u00e1ltoz\u00e1st hozhat az \u00e9letedbe, ha eleget k\u00f6ltesz r\u00e1. Term\u00e9szetesen az, hogy ezek k\u00f6z\u00fcl mikre lesz sz\u00fcks\u00e9ged, att\u00f3l f\u00fcgg, hogy a ker\u00e9kp\u00e1roz\u00e1s mely \u00e1gazat\u00e1t v\u00e9gzed. Hoztunk n\u00e9h\u00e1ny javaslatot, hogy mikor mire \u00e9rdemes k\u00f6lteni.<\/p>\n<p><strong>\u2022 <\/strong><strong>Kerekek: <\/strong>ak\u00e1r az orsz\u00e1g\u00fati, ak\u00e1r a hegyi ker\u00e9kp\u00e1roz\u00e1s szerelmese vagy, a kerekekkel igaz\u00e1n j\u00f3 teljes\u00edtm\u00e9nyn\u00f6veked\u00e9st \u00e9rhetsz el. A k\u00f6nny\u0171, aerodinamikus karbon kerekekkel egy k\u00f6z\u00e9pszint\u0171 orsz\u00e1g\u00fati ker\u00e9kp\u00e1rt magasabb szintre emelhetsz. Hasonl\u00f3k\u00e9ppen, a hegyi \u00f6sv\u00e9nyeken is k\u00f6nnyebben kezelhet\u0151 lesz a montid egy j\u00f3 min\u0151s\u00e9g\u0171 ker\u00e9kszettel.<\/p>\n<p><strong>\u2022 Kant\u00e1ros r\u00f6vidnadr\u00e1g: <\/strong>ha t\u00f6bb id\u0151t tervezel a nyeregben t\u00f6lteni, \u00e9rdemes venni egy kant\u00e1ros r\u00f6vidnadr\u00e1got, m\u00e9ghozz\u00e1 j\u00f3t. Fontos a k\u00e9nyelem, csak \u00edgy tudod a legt\u00f6bbet kihozni magadb\u00f3l! A min\u0151s\u00e9gi sz\u00f6vetek megakad\u00e1lyozz\u00e1k, hogy t\u00falmelegedj, a t\u00f6k\u00e9letes illeszked\u00e9s pedig a kid\u00f6rzs\u00f6l\u0151d\u00e9st.<\/p>\n<p><strong>\u2022 Ker\u00e9kp\u00e1ros cip\u0151<\/strong>: ha falni szeretn\u00e9d a kilom\u00e9tereket, a k\u00e9nyelmes cip\u0151 elengedhetetlen. Kritikus \u00e9rintkez\u00e9si pont, \u00e9s az eg\u00e9sz \u00fat alatt zavar, ha nem illeszkedik j\u00f3l, vagy nem biztos\u00edtja a jobb ped\u00e1loz\u00e1shoz sz\u00fcks\u00e9ges t\u00e1maszt\u00e9kot.<\/p>\n<h2><strong>Ne gaty\u00e1sodj le egy sisak\u00e9rt!<\/strong><\/h2>\n<p>Micsoda, h\u00e1t nem akarjuk megv\u00e9deni a l\u00e9tfontoss\u00e1g\u00fa kopony\u00e1t? Dehogynem! A j\u00f3 h\u00edr az, hogy ma m\u00e1r a sisakgy\u00e1rt\u00f3k fantasztikus, k\u00f6z\u00e9pszint\u0171 sisakokat k\u00edn\u00e1lnak, melyek kiv\u00e1l\u00f3 biztons\u00e1gi funkci\u00f3kkal rendelkeznek, \u00e9s nem kell bankot rabolnod ahhoz, hogy meg tudd \u0151ket venni. Egy bizonyos ponton nem kapsz nagyobb v\u00e9delmet, ha t\u00f6bbet fizetsz, a sisakod pedig k\u00f6nnyen \u00f6sszekarcol\u00f3dva, behorpadva \u00e9s \u00e1tizzadva v\u00e9gezheti \u2013 ink\u00e1bb cser\u00e9ld gyakrabban, alacsonyabb \u00e1ron.<\/p>\n<h2><strong>Sebess\u00e9gre v\u00e1gysz? Szerezz be gyorsabb gumikat!<\/strong><\/h2>\n<p>Ha kezded megtal\u00e1lni a helyed a sportban, \u00e9s megfizethet\u0151 fejleszt\u00e9st keresel, amivel jav\u00edthatod a teljes\u00edtm\u00e9nyed, fontold meg \u00faj gumik beszerz\u00e9s\u00e9t! A ker\u00e9kp\u00e1ralkatr\u00e9szekhez k\u00e9pest a gumik viszonylag olcs\u00f3k \u00e9s nagy v\u00e1ltoz\u00e1st jelenthetnek. A strapab\u00edr\u00f3, defekt\u00e1ll\u00f3 edz\u0151abroncsok \u00e9s a versenyz\u00e9sre tervezett v\u00e9kony, rugalmas abroncsok g\u00f6rd\u00fcl\u00e9si ellen\u00e1ll\u00e1sa nagyon elt\u00e9r\u0151! Term\u00e9szetesen mindenk\u00e9pp gondoskodnod kell a defekt-v\u00e9delemr\u0151l, de ha olyan abroncsot v\u00e1s\u00e1rolsz, ami a sebess\u00e9g, a k\u00e9nyelem, a s\u00faly \u00e9s a defekt\u00e1ll\u00f3s\u00e1g megfelel\u0151 egyens\u00faly\u00e1val rendelkezik, \u00e9s illik a st\u00edlusodhoz, komoly teljes\u00edtm\u00e9nyn\u00f6veked\u00e9st \u00e9rhetsz el.<\/p>\n<h2><strong>Gondolkodj n\u00e9h\u00e1ny \u00e9vvel el\u0151re!<\/strong><\/h2>\n<p>Minden m\u00e1s alkatr\u00e9sszel kapcsolatban azt tan\u00e1csoljuk, hogy ne hozz elhamarkodott d\u00f6nt\u00e9seket. A ker\u00e9kp\u00e1ros technol\u00f3gia gyorsan fejl\u0151dik, ahogy a marketingesek is egyre \u00fcgyesebbek. Att\u00f3l f\u00fcgg\u0151en, hogy milyen felszerel\u00e9ssel rendelkezel most, mennyit k\u00f6lthetsz el az elk\u00f6vetkez\u0151 2-3 \u00e9vben, \u00e9s milyen \u00e9rz\u00e9seid vannak az \u00faj ker\u00e9kp\u00e1ros technol\u00f3gi\u00e1kkal kapcsolatban, mindenkinek m\u00e1s \u00e9s m\u00e1s a v\u00e1s\u00e1rl\u00e1si \u00fatja.<\/p>\n<h2><strong>Fontold meg az \u00f6sszes lehet\u0151s\u00e9get \u2013 v\u00e1s\u00e1rl\u00e1skor \u00e9s elad\u00e1skor is!<\/strong><\/h2>\n<p>Term\u00e9szetesen szeretn\u00e9nk t\u00e1mogatni a helyi ker\u00e9kp\u00e1rboltokat. Ezek az int\u00e9zm\u00e9nyek kritikus szerepet j\u00e1tszanak a k\u00f6z\u00f6ss\u00e9g fel\u00e9p\u00edt\u00e9s\u00e9ben \u00e9s a term\u00e9k-\u00e9s szolg\u00e1ltat\u00e1sig\u00e9nyek kiel\u00e9g\u00edt\u00e9s\u00e9ben. Ennek ellen\u00e9re van, hogy id\u0151t \u00e9s p\u00e9nzt takar\u00edthatsz meg, ha online v\u00e1s\u00e1rolsz, r\u00e1ad\u00e1sul nagyobb a v\u00e1laszt\u00e9k is.<\/p>\n<p>\u00c9s ne f\u00e9lj haszn\u00e1lt dolgokat venni! Haszn\u00e1lt ker\u00e9kp\u00e1rt, ker\u00e9kt\u00e1rcs\u00e1t vagy egy\u00e9b felszerel\u00e9st venni egy ismer\u0151st\u0151l, vagy online, mindig kiseg\u00edt, ha sz\u0171k\u00f6s a k\u00f6lts\u00e9gkeret. Nem kell \u00fajnak \u00e9s csillog\u00f3nak lennie, ahhoz, hogy j\u00f3l m\u0171k\u00f6dj\u00f6n!<\/p>\n<h2><strong>Fektess be egy online tr\u00e9ning platformba!<\/strong><\/h2>\n<p>Ezzel is jav\u00edthatod a teljes\u00edtm\u00e9nyed. Egy online edz\u00e9sprogram nagy v\u00e1ltoz\u00e1st hozhat, ha fejl\u0151dni szeretn\u00e9l, de nincs t\u00fal sok p\u00e9nzed \u00faj felszerel\u00e9sre \u00e9s alkatr\u00e9szekre. Ha a c\u00e9ljaidnak megfelel\u0151 opci\u00f3kat v\u00e1lasztasz, \u00e9s kitartasz mellett\u00fck, hamarosan \u00e9rezni fogod a v\u00e1ltoz\u00e1st. Sufferfest, a TrainerRoad, a Zwift, a Strava, a FasCat Coaching \u00e9s a Peaks Coaching Group is k\u00fcl\u00f6nb\u00f6z\u0151 csomagokat k\u00edn\u00e1l, melyek k\u00f6z\u00f6tt biztosan megtal\u00e1lod a neked val\u00f3t. Ezenk\u00edv\u00fcl a Zwift, a Sufferfest \u00e9s a TrainerRoad interakt\u00edv \u00e9s sz\u00f3rakoztat\u00f3 elemekkel is rendelkezik, melyek seg\u00edtenek fenntartani a lelkesed\u00e9st.<\/p>\n<p>V\u00e9gt\u00e9re is az a legfontosabb, hogy milyen \u00e9rz\u00e9seket kelt benned a bicikliz\u00e9s, nem pedig az, hogy mennyire men\u0151 a bring\u00e1d. Min\u00e9l t\u00f6bb id\u0151t t\u00f6ltesz a nyeregben, ann\u00e1l hat\u00e1rozottabban fogod tudni, mire van sz\u00fcks\u00e9ged a fejl\u0151d\u00e9shez!<\/p>\n","protected":false},"excerpt":{"rendered":"<p>Val\u00f3s\u00e1gos k\u00fczdelem kij\u00f6nni a megadott ker\u00e9kp\u00e1ros k\u00f6lts\u00e9gvet\u00e9s\u00fcnkb\u0151l, nem igaz? Sok m\u00e9m \u00e9s vicc utal arra, hogy a bring\u00e1k szerelmesei eltitkolj\u00e1k [&hellip;]<\/p>\n","protected":false},"author":71,"featured_media":14981,"comment_status":"open","ping_status":"open","sticky":false,"template":"","format":"standard","meta":{"footnotes":""},"categories":[12],"tags":[],"global-categories":[],"class_list":["post-14979","post","type-post","status-publish","format-standard","has-post-thumbnail","hentry","category-kozosseg-es-kultura"],"yoast_head":"<!-- This site is optimized with the Yoast SEO Premium plugin v25.3 (Yoast SEO v25.9) - https:\/\/yoast.com\/wordpress\/plugins\/seo\/ -->\n<title>7 tipp, hogy arra k\u00f6ltsd a bring\u00e1s b\u00fcdzs\u00e9d, amire meg\u00e9ri<\/title>\n<meta name=\"description\" content=\"Val\u00f3s\u00e1gos k\u00fczdelem kij\u00f6nni a megadott ker\u00e9kp\u00e1ros k\u00f6lts\u00e9gvet\u00e9s\u00fcnkb\u0151l, nem igaz? Sok m\u00e9m \u00e9s vicc utal arra, hogy a bring\u00e1k szerelmesei eltitkolj\u00e1k \u00e9lett\u00e1rsuk el\u0151l, val\u00f3j\u00e1ban mennyit k\u00f6ltenek a hobbijukra, \u00e9s ezek al\u00e1t\u00e1masztj\u00e1k a t\u00e9nyt, hogy bizony, gyorsan \u00f6ssze tudnak ad\u00f3dni a kiad\u00e1sok. N\u00e9ha \u00fagy \u00e9rezz\u00fck, hogy a t\u00f6k\u00e9letes t\u00far\u00e1hoz t\u00f6k\u00e9lete felszerel\u00e9s is kell, ez pedig ugye p\u00e9nzk\u00e9rd\u00e9s. Vagy nem?\" \/>\n<meta name=\"robots\" content=\"index, follow, max-snippet:-1, max-image-preview:large, max-video-preview:-1\" \/>\n<link rel=\"canonical\" href=\"https:\/\/www.welovecycling.com\/hu\/kozosseg-es-kultura\/7-tipp-hogy-arra-koltsd-a-bringas-budzsed-amire-megeri\/\" \/>\n<meta property=\"og:locale\" content=\"hu_HU\" \/>\n<meta property=\"og:type\" content=\"article\" \/>\n<meta property=\"og:title\" content=\"7 tipp, hogy arra k\u00f6ltsd a bring\u00e1s b\u00fcdzs\u00e9d, amire meg\u00e9ri\" \/>\n<meta property=\"og:description\" content=\"Val\u00f3s\u00e1gos k\u00fczdelem kij\u00f6nni a megadott ker\u00e9kp\u00e1ros k\u00f6lts\u00e9gvet\u00e9s\u00fcnkb\u0151l, nem igaz? Sok m\u00e9m \u00e9s vicc utal arra, hogy a bring\u00e1k szerelmesei eltitkolj\u00e1k \u00e9lett\u00e1rsuk el\u0151l, val\u00f3j\u00e1ban mennyit k\u00f6ltenek a hobbijukra, \u00e9s ezek al\u00e1t\u00e1masztj\u00e1k a t\u00e9nyt, hogy bizony, gyorsan \u00f6ssze tudnak ad\u00f3dni a kiad\u00e1sok. N\u00e9ha \u00fagy \u00e9rezz\u00fck, hogy a t\u00f6k\u00e9letes t\u00far\u00e1hoz t\u00f6k\u00e9lete felszerel\u00e9s is kell, ez pedig ugye p\u00e9nzk\u00e9rd\u00e9s. Vagy nem?\" \/>\n<meta property=\"og:url\" content=\"https:\/\/www.welovecycling.com\/hu\/kozosseg-es-kultura\/7-tipp-hogy-arra-koltsd-a-bringas-budzsed-amire-megeri\/\" \/>\n<meta property=\"og:site_name\" content=\"\u0160koda We Love Cycling - Magyarorsz\u00e1g\" \/>\n<meta property=\"article:publisher\" content=\"https:\/\/www.facebook.com\/WeLoveCyclingHungary\/\" \/>\n<meta property=\"article:published_time\" content=\"2022-05-18T06:00:39+00:00\" \/>\n<meta property=\"og:image\" content=\"https:\/\/d2p6e6u75xmxt8.cloudfront.net\/12\/2022\/05\/Cycling-handlebars-profimedia-0688807342-CVR.jpg\" \/>\n\t<meta property=\"og:image:width\" content=\"990\" \/>\n\t<meta property=\"og:image:height\" content=\"660\" \/>\n\t<meta property=\"og:image:type\" content=\"image\/jpeg\" \/>\n<meta name=\"author\" content=\"hegyizs\" \/>\n<meta name=\"twitter:card\" content=\"summary_large_image\" \/>\n<meta name=\"twitter:label1\" content=\"Written by\" \/>\n\t<meta name=\"twitter:data1\" content=\"Megan Flottorp\" \/>\n\t<meta name=\"twitter:label2\" content=\"Est. reading time\" \/>\n\t<meta name=\"twitter:data2\" content=\"6\" \/>\n<script type=\"application\/ld+json\" class=\"yoast-schema-graph\">{\"@context\":\"https:\/\/schema.org\",\"@graph\":[{\"@type\":\"WebPage\",\"@id\":\"https:\/\/www.welovecycling.com\/hu\/kozosseg-es-kultura\/7-tipp-hogy-arra-koltsd-a-bringas-budzsed-amire-megeri\/\",\"url\":\"https:\/\/www.welovecycling.com\/hu\/kozosseg-es-kultura\/7-tipp-hogy-arra-koltsd-a-bringas-budzsed-amire-megeri\/\",\"name\":\"7 tipp, hogy arra k\u00f6ltsd a bring\u00e1s b\u00fcdzs\u00e9d, amire meg\u00e9ri\",\"isPartOf\":{\"@id\":\"https:\/\/www.welovecycling.com\/hu\/#website\"},\"primaryImageOfPage\":{\"@id\":\"https:\/\/www.welovecycling.com\/hu\/kozosseg-es-kultura\/7-tipp-hogy-arra-koltsd-a-bringas-budzsed-amire-megeri\/#primaryimage\"},\"image\":{\"@id\":\"https:\/\/www.welovecycling.com\/hu\/kozosseg-es-kultura\/7-tipp-hogy-arra-koltsd-a-bringas-budzsed-amire-megeri\/#primaryimage\"},\"thumbnailUrl\":\"https:\/\/d2p6e6u75xmxt8.cloudfront.net\/12\/2022\/05\/Cycling-handlebars-profimedia-0688807342-CVR.jpg\",\"datePublished\":\"2022-05-18T06:00:39+00:00\",\"author\":{\"@id\":\"https:\/\/www.welovecycling.com\/hu\/#\/schema\/person\/414a2aebf1801691a5320edb6468e194\"},\"description\":\"Val\u00f3s\u00e1gos k\u00fczdelem kij\u00f6nni a megadott ker\u00e9kp\u00e1ros k\u00f6lts\u00e9gvet\u00e9s\u00fcnkb\u0151l, nem igaz? Sok m\u00e9m \u00e9s vicc utal arra, hogy a bring\u00e1k szerelmesei eltitkolj\u00e1k \u00e9lett\u00e1rsuk el\u0151l, val\u00f3j\u00e1ban mennyit k\u00f6ltenek a hobbijukra, \u00e9s ezek al\u00e1t\u00e1masztj\u00e1k a t\u00e9nyt, hogy bizony, gyorsan \u00f6ssze tudnak ad\u00f3dni a kiad\u00e1sok. N\u00e9ha \u00fagy \u00e9rezz\u00fck, hogy a t\u00f6k\u00e9letes t\u00far\u00e1hoz t\u00f6k\u00e9lete felszerel\u00e9s is kell, ez pedig ugye p\u00e9nzk\u00e9rd\u00e9s. Vagy nem?\",\"breadcrumb\":{\"@id\":\"https:\/\/www.welovecycling.com\/hu\/kozosseg-es-kultura\/7-tipp-hogy-arra-koltsd-a-bringas-budzsed-amire-megeri\/#breadcrumb\"},\"inLanguage\":\"hu\",\"potentialAction\":[{\"@type\":\"ReadAction\",\"target\":[\"https:\/\/www.welovecycling.com\/hu\/kozosseg-es-kultura\/7-tipp-hogy-arra-koltsd-a-bringas-budzsed-amire-megeri\/\"]}]},{\"@type\":\"ImageObject\",\"inLanguage\":\"hu\",\"@id\":\"https:\/\/www.welovecycling.com\/hu\/kozosseg-es-kultura\/7-tipp-hogy-arra-koltsd-a-bringas-budzsed-amire-megeri\/#primaryimage\",\"url\":\"https:\/\/d2p6e6u75xmxt8.cloudfront.net\/12\/2022\/05\/Cycling-handlebars-profimedia-0688807342-CVR.jpg\",\"contentUrl\":\"https:\/\/d2p6e6u75xmxt8.cloudfront.net\/12\/2022\/05\/Cycling-handlebars-profimedia-0688807342-CVR.jpg\",\"width\":990,\"height\":660,\"caption\":\"Handlebars\"},{\"@type\":\"BreadcrumbList\",\"@id\":\"https:\/\/www.welovecycling.com\/hu\/kozosseg-es-kultura\/7-tipp-hogy-arra-koltsd-a-bringas-budzsed-amire-megeri\/#breadcrumb\",\"itemListElement\":[{\"@type\":\"ListItem\",\"position\":1,\"name\":\"Home\",\"item\":\"https:\/\/www.welovecycling.com\/hu\/\"},{\"@type\":\"ListItem\",\"position\":2,\"name\":\"7 tipp, hogy arra k\u00f6ltsd a bring\u00e1s b\u00fcdzs\u00e9d, amire meg\u00e9ri\"}]},{\"@type\":\"WebSite\",\"@id\":\"https:\/\/www.welovecycling.com\/hu\/#website\",\"url\":\"https:\/\/www.welovecycling.com\/hu\/\",\"name\":\"\u0160koda We Love Cycling - Magyarorsz\u00e1g\",\"description\":\"\u0160koda WeLoveCycling\",\"potentialAction\":[{\"@type\":\"SearchAction\",\"target\":{\"@type\":\"EntryPoint\",\"urlTemplate\":\"https:\/\/www.welovecycling.com\/hu\/?s={search_term_string}\"},\"query-input\":{\"@type\":\"PropertyValueSpecification\",\"valueRequired\":true,\"valueName\":\"search_term_string\"}}],\"inLanguage\":\"hu\"},{\"@type\":\"Person\",\"@id\":\"https:\/\/www.welovecycling.com\/hu\/#\/schema\/person\/414a2aebf1801691a5320edb6468e194\",\"name\":\"hegyizs\",\"image\":{\"@type\":\"ImageObject\",\"inLanguage\":\"hu\",\"@id\":\"https:\/\/www.welovecycling.com\/hu\/#\/schema\/person\/image\/\",\"url\":\"https:\/\/secure.gravatar.com\/avatar\/02cf8a7906b8cf90cecb4679defac7cfd33a1c2e3b88e4903d947f3bb58eedd3?s=96&d=mm&r=g\",\"contentUrl\":\"https:\/\/secure.gravatar.com\/avatar\/02cf8a7906b8cf90cecb4679defac7cfd33a1c2e3b88e4903d947f3bb58eedd3?s=96&d=mm&r=g\",\"caption\":\"hegyizs\"},\"url\":\"https:\/\/www.welovecycling.com\/hu\/author\/hegyizs\/\"}]}<\/script>\n<!-- \/ Yoast SEO Premium plugin. -->","yoast_head_json":{"title":"7 tipp, hogy arra k\u00f6ltsd a bring\u00e1s b\u00fcdzs\u00e9d, amire meg\u00e9ri","description":"Val\u00f3s\u00e1gos k\u00fczdelem kij\u00f6nni a megadott ker\u00e9kp\u00e1ros k\u00f6lts\u00e9gvet\u00e9s\u00fcnkb\u0151l, nem igaz? Sok m\u00e9m \u00e9s vicc utal arra, hogy a bring\u00e1k szerelmesei eltitkolj\u00e1k \u00e9lett\u00e1rsuk el\u0151l, val\u00f3j\u00e1ban mennyit k\u00f6ltenek a hobbijukra, \u00e9s ezek al\u00e1t\u00e1masztj\u00e1k a t\u00e9nyt, hogy bizony, gyorsan \u00f6ssze tudnak ad\u00f3dni a kiad\u00e1sok. N\u00e9ha \u00fagy \u00e9rezz\u00fck, hogy a t\u00f6k\u00e9letes t\u00far\u00e1hoz t\u00f6k\u00e9lete felszerel\u00e9s is kell, ez pedig ugye p\u00e9nzk\u00e9rd\u00e9s. Vagy nem?","robots":{"index":"index","follow":"follow","max-snippet":"max-snippet:-1","max-image-preview":"max-image-preview:large","max-video-preview":"max-video-preview:-1"},"canonical":"https:\/\/www.welovecycling.com\/hu\/kozosseg-es-kultura\/7-tipp-hogy-arra-koltsd-a-bringas-budzsed-amire-megeri\/","og_locale":"hu_HU","og_type":"article","og_title":"7 tipp, hogy arra k\u00f6ltsd a bring\u00e1s b\u00fcdzs\u00e9d, amire meg\u00e9ri","og_description":"Val\u00f3s\u00e1gos k\u00fczdelem kij\u00f6nni a megadott ker\u00e9kp\u00e1ros k\u00f6lts\u00e9gvet\u00e9s\u00fcnkb\u0151l, nem igaz? Sok m\u00e9m \u00e9s vicc utal arra, hogy a bring\u00e1k szerelmesei eltitkolj\u00e1k \u00e9lett\u00e1rsuk el\u0151l, val\u00f3j\u00e1ban mennyit k\u00f6ltenek a hobbijukra, \u00e9s ezek al\u00e1t\u00e1masztj\u00e1k a t\u00e9nyt, hogy bizony, gyorsan \u00f6ssze tudnak ad\u00f3dni a kiad\u00e1sok. N\u00e9ha \u00fagy \u00e9rezz\u00fck, hogy a t\u00f6k\u00e9letes t\u00far\u00e1hoz t\u00f6k\u00e9lete felszerel\u00e9s is kell, ez pedig ugye p\u00e9nzk\u00e9rd\u00e9s. Vagy nem?","og_url":"https:\/\/www.welovecycling.com\/hu\/kozosseg-es-kultura\/7-tipp-hogy-arra-koltsd-a-bringas-budzsed-amire-megeri\/","og_site_name":"\u0160koda We Love Cycling - Magyarorsz\u00e1g","article_publisher":"https:\/\/www.facebook.com\/WeLoveCyclingHungary\/","article_published_time":"2022-05-18T06:00:39+00:00","og_image":[{"width":990,"height":660,"url":"https:\/\/d2p6e6u75xmxt8.cloudfront.net\/12\/2022\/05\/Cycling-handlebars-profimedia-0688807342-CVR.jpg","type":"image\/jpeg"}],"author":"hegyizs","twitter_card":"summary_large_image","twitter_misc":{"Written by":"Megan Flottorp","Est. reading time":"6"},"schema":{"@context":"https:\/\/schema.org","@graph":[{"@type":"WebPage","@id":"https:\/\/www.welovecycling.com\/hu\/kozosseg-es-kultura\/7-tipp-hogy-arra-koltsd-a-bringas-budzsed-amire-megeri\/","url":"https:\/\/www.welovecycling.com\/hu\/kozosseg-es-kultura\/7-tipp-hogy-arra-koltsd-a-bringas-budzsed-amire-megeri\/","name":"7 tipp, hogy arra k\u00f6ltsd a bring\u00e1s b\u00fcdzs\u00e9d, amire meg\u00e9ri","isPartOf":{"@id":"https:\/\/www.welovecycling.com\/hu\/#website"},"primaryImageOfPage":{"@id":"https:\/\/www.welovecycling.com\/hu\/kozosseg-es-kultura\/7-tipp-hogy-arra-koltsd-a-bringas-budzsed-amire-megeri\/#primaryimage"},"image":{"@id":"https:\/\/www.welovecycling.com\/hu\/kozosseg-es-kultura\/7-tipp-hogy-arra-koltsd-a-bringas-budzsed-amire-megeri\/#primaryimage"},"thumbnailUrl":"https:\/\/d2p6e6u75xmxt8.cloudfront.net\/12\/2022\/05\/Cycling-handlebars-profimedia-0688807342-CVR.jpg","datePublished":"2022-05-18T06:00:39+00:00","author":{"@id":"https:\/\/www.welovecycling.com\/hu\/#\/schema\/person\/414a2aebf1801691a5320edb6468e194"},"description":"Val\u00f3s\u00e1gos k\u00fczdelem kij\u00f6nni a megadott ker\u00e9kp\u00e1ros k\u00f6lts\u00e9gvet\u00e9s\u00fcnkb\u0151l, nem igaz? Sok m\u00e9m \u00e9s vicc utal arra, hogy a bring\u00e1k szerelmesei eltitkolj\u00e1k \u00e9lett\u00e1rsuk el\u0151l, val\u00f3j\u00e1ban mennyit k\u00f6ltenek a hobbijukra, \u00e9s ezek al\u00e1t\u00e1masztj\u00e1k a t\u00e9nyt, hogy bizony, gyorsan \u00f6ssze tudnak ad\u00f3dni a kiad\u00e1sok. N\u00e9ha \u00fagy \u00e9rezz\u00fck, hogy a t\u00f6k\u00e9letes t\u00far\u00e1hoz t\u00f6k\u00e9lete felszerel\u00e9s is kell, ez pedig ugye p\u00e9nzk\u00e9rd\u00e9s. Vagy nem?","breadcrumb":{"@id":"https:\/\/www.welovecycling.com\/hu\/kozosseg-es-kultura\/7-tipp-hogy-arra-koltsd-a-bringas-budzsed-amire-megeri\/#breadcrumb"},"inLanguage":"hu","potentialAction":[{"@type":"ReadAction","target":["https:\/\/www.welovecycling.com\/hu\/kozosseg-es-kultura\/7-tipp-hogy-arra-koltsd-a-bringas-budzsed-amire-megeri\/"]}]},{"@type":"ImageObject","inLanguage":"hu","@id":"https:\/\/www.welovecycling.com\/hu\/kozosseg-es-kultura\/7-tipp-hogy-arra-koltsd-a-bringas-budzsed-amire-megeri\/#primaryimage","url":"https:\/\/d2p6e6u75xmxt8.cloudfront.net\/12\/2022\/05\/Cycling-handlebars-profimedia-0688807342-CVR.jpg","contentUrl":"https:\/\/d2p6e6u75xmxt8.cloudfront.net\/12\/2022\/05\/Cycling-handlebars-profimedia-0688807342-CVR.jpg","width":990,"height":660,"caption":"Handlebars"},{"@type":"BreadcrumbList","@id":"https:\/\/www.welovecycling.com\/hu\/kozosseg-es-kultura\/7-tipp-hogy-arra-koltsd-a-bringas-budzsed-amire-megeri\/#breadcrumb","itemListElement":[{"@type":"ListItem","position":1,"name":"Home","item":"https:\/\/www.welovecycling.com\/hu\/"},{"@type":"ListItem","position":2,"name":"7 tipp, hogy arra k\u00f6ltsd a bring\u00e1s b\u00fcdzs\u00e9d, amire meg\u00e9ri"}]},{"@type":"WebSite","@id":"https:\/\/www.welovecycling.com\/hu\/#website","url":"https:\/\/www.welovecycling.com\/hu\/","name":"\u0160koda We Love Cycling - Magyarorsz\u00e1g","description":"\u0160koda WeLoveCycling","potentialAction":[{"@type":"SearchAction","target":{"@type":"EntryPoint","urlTemplate":"https:\/\/www.welovecycling.com\/hu\/?s={search_term_string}"},"query-input":{"@type":"PropertyValueSpecification","valueRequired":true,"valueName":"search_term_string"}}],"inLanguage":"hu"},{"@type":"Person","@id":"https:\/\/www.welovecycling.com\/hu\/#\/schema\/person\/414a2aebf1801691a5320edb6468e194","name":"hegyizs","image":{"@type":"ImageObject","inLanguage":"hu","@id":"https:\/\/www.welovecycling.com\/hu\/#\/schema\/person\/image\/","url":"https:\/\/secure.gravatar.com\/avatar\/02cf8a7906b8cf90cecb4679defac7cfd33a1c2e3b88e4903d947f3bb58eedd3?s=96&d=mm&r=g","contentUrl":"https:\/\/secure.gravatar.com\/avatar\/02cf8a7906b8cf90cecb4679defac7cfd33a1c2e3b88e4903d947f3bb58eedd3?s=96&d=mm&r=g","caption":"hegyizs"},"url":"https:\/\/www.welovecycling.com\/hu\/author\/hegyizs\/"}]}},"_links":{"self":[{"href":"https:\/\/www.welovecycling.com\/hu\/wp-json\/wp\/v2\/posts\/14979","targetHints":{"allow":["GET"]}}],"collection":[{"href":"https:\/\/www.welovecycling.com\/hu\/wp-json\/wp\/v2\/posts"}],"about":[{"href":"https:\/\/www.welovecycling.com\/hu\/wp-json\/wp\/v2\/types\/post"}],"author":[{"embeddable":true,"href":"https:\/\/www.welovecycling.com\/hu\/wp-json\/wp\/v2\/users\/71"}],"replies":[{"embeddable":true,"href":"https:\/\/www.welovecycling.com\/hu\/wp-json\/wp\/v2\/comments?post=14979"}],"version-history":[{"count":2,"href":"https:\/\/www.welovecycling.com\/hu\/wp-json\/wp\/v2\/posts\/14979\/revisions"}],"predecessor-version":[{"id":14998,"href":"https:\/\/www.welovecycling.com\/hu\/wp-json\/wp\/v2\/posts\/14979\/revisions\/14998"}],"wp:featuredmedia":[{"embeddable":true,"href":"https:\/\/www.welovecycling.com\/hu\/wp-json\/wp\/v2\/media\/14981"}],"wp:attachment":[{"href":"https:\/\/www.welovecycling.com\/hu\/wp-json\/wp\/v2\/media?parent=14979"}],"wp:term":[{"taxonomy":"category","embeddable":true,"href":"https:\/\/www.welovecycling.com\/hu\/wp-json\/wp\/v2\/categories?post=14979"},{"taxonomy":"post_tag","embeddable":true,"href":"https:\/\/www.welovecycling.com\/hu\/wp-json\/wp\/v2\/tags?post=14979"},{"taxonomy":"global-categories","embeddable":true,"href":"https:\/\/www.welovecycling.com\/hu\/wp-json\/wp\/v2\/global-categories?post=14979"}],"curies":[{"name":"wp","href":"https:\/\/api.w.org\/{rel}","templated":true}]}}