{"id":14969,"date":"2022-05-13T10:13:58","date_gmt":"2022-05-13T08:13:58","guid":{"rendered":"https:\/\/www.welovecycling.com\/hu\/?p=14969"},"modified":"2022-05-13T10:27:53","modified_gmt":"2022-05-13T08:27:53","slug":"sztarsiker-a-tdh-2-napjan-jakobsen-most-meguszta-a-horrorbukast-a-szoboszloi-celban","status":"publish","type":"post","link":"https:\/\/www.welovecycling.com\/hu\/uncategorized\/sztarsiker-a-tdh-2-napjan-jakobsen-most-meguszta-a-horrorbukast-a-szoboszloi-celban\/","title":{"rendered":"Szt\u00e1rsiker a TdH 2. napj\u00e1n: Jakobsen most meg\u00faszta a horrorbuk\u00e1st a szoboszl\u00f3i c\u00e9lban"},"content":{"rendered":"<p><strong>Az els\u0151 szakasz majd\u2019 200 kilom\u00e9ternyi fel-le \u201ehull\u00e1mvasutaz\u00e1sa\u201d, az er\u0151s sz\u00f6kev\u00e9nycsoport ut\u00e1n lohol\u00e1s, majd a kaotikus mez\u0151nyhajr\u00e1 ut\u00e1n sokan azt gondolt\u00e1k, a Tour de Hongrie m\u00e1sodik etapja unalmas csordog\u00e1l\u00e1st hoz majd az alf\u00f6ldi h\u0151s\u00e9gben. H\u00e1t nagyobbat nem is t\u00e9vedhettek volna.<\/strong><!--more--><\/p>\n<p>A mez\u0151nynek l\u00e1that\u00f3an nem \u00edzlett, hogy megint kialakult egy elmen\u00e9s, amely nagyon is komolyan gondolta a dolg\u00e1t, de nem volt m\u00e1s v\u00e1laszt\u00e1suk, tartaniuk kellett a temp\u00f3t a nyolcf\u0151s kiscsoporttal \u2013 melynek tagja volt a kiz\u00e1r\u00f3lag cukorbetegeket foglalkoztat\u00f3 nagy amerikai multisportklub, a Team Novo Nordisk sz\u00edneiben versenyz\u0151 Kusztor P\u00e9ter is. K\u00f6zben az el\u0151z\u0151 napi gy\u0151ztesnek, Olav Kooijnak ker\u00e9kp\u00e1rt kellett cser\u00e9lnie m\u0171szaki okokb\u00f3l, majd egy figyelmetlens\u00e9g nyom\u00e1n t\u00f6bben is a f\u00f6ldre ker\u00fcltek, vel\u00fck egy\u00fctt az \u00fat sz\u00e9l\u00e9n halad\u00f3 k\u00eds\u00e9r\u0151motoros is beborult az \u00e1rokba.<\/p>\n<p>Sz\u00f3val minden volt a szakasz, csak esem\u00e9nytelen nem \u2013 \u00e9s a java m\u00e9g h\u00e1tra volt.<\/p>\n<p>A fest\u0151i k\u00f6rny\u00e9ken, az Alf\u00f6ld \u00e9szaki r\u00e9sz\u00e9n \u00e9s a Tisza t\u00f3n\u00e1l elhalad\u00f3 etapon Jens Reynders volt nagyon akt\u00edv a sz\u00f6kev\u00e9nyek k\u00f6z\u00fcl, el\u0151bb a tiszaf\u00fcredi, majd a tisza\u00fajv\u00e1rosi r\u00e9szhajr\u00e1t is elvitte, aminek k\u00e9s\u0151bb, a szakasz legv\u00e9g\u00e9n lett igaz\u00e1n jelent\u0151s\u00e9ge.<\/p>\n<p>A nagy meleg, az oldalsz\u00e9l, no meg a f\u0151k\u00e9nt ezen \u00fcgyk\u00f6d\u0151 Quick-Step is folyamatosan szak\u00edtotta a mez\u0151nyt, \u00edgy miut\u00e1n a sz\u00f6kev\u00e9nyeket be\u00e9rt\u00e9k kb. 55 km-rel a v\u00e9ge el\u0151tt, egy, a nagycsapatokb\u00f3l \u00e1ll\u00f3 csoport el is tudott szakadni a bolyt\u00f3l.<\/p>\n<p>Nagy munk\u00e1val azonban vissza\u00e9rt r\u00e1juk a mez\u0151ny n\u00e9h\u00e1ny kilom\u00e9terrel a v\u00e9ge el\u0151tt, \u00edgy j\u00f6hetett az \u00fajabb mez\u0151nyhajr\u00e1 Hajd\u00faszoboszl\u00f3n. Itt m\u00e1r kor\u00e1bban is l\u00e1ttunk buk\u00e1st, rem\u00e9nykedt\u00fcnk, hogy ez\u00fattal meg\u00fassz\u00e1k a r\u00e9sztvev\u0151k, \u00e1m sajnos nem \u00edgy t\u00f6rt\u00e9nt.<\/p>\n<p>Pedig a kritikus pontokat, a c\u00e9legyenes el\u0151tti kanyarokat \u00fcgyesen megoldott\u00e1k a versenyz\u0151k, a baj az egyenesben t\u00f6rt\u00e9nt, alig n\u00e9h\u00e1ny sz\u00e1z m\u00e9terrel a c\u00e9l el\u0151tt. A mez\u0151ny k\u00f6zep\u00e9n ker\u00fclt a f\u00f6ldre valaki, val\u00f3sz\u00edn\u0171leg egy jumb\u00f3s versenyz\u0151, rajta kereszt\u00fcl bucsk\u00e1ztak \u00e1t azt\u00e1n csapatt\u00e1rsai \u2013 ijeszt\u0151 jelenetek voltak, ahogy k\u00f6z\u00fcl\u00fck t\u00f6bben az \u00fatmenti ter\u00fcletekre rep\u00fcltek ki, ahol f\u00e1k, beton villanyoszlopok, minden volt; hatalmas szerencse, hogy nem ezek k\u00f6z\u00fcl valamelyiknek csap\u00f3dtak neki kb. 70 km\/\u00f3r\u00e1s sebess\u00e9gn\u00e9l.<\/p>\n<lite-youtube videoid=7Ww2EqaRUeg params=\"enablejsapi=1\" style=\"background-image: url('https:\/\/i.ytimg.com\/vi_webp\/7Ww2EqaRUeg\/maxresdefault.webp');\"><\/lite-youtube>\n<p>Fontos kihangs\u00falyozni, hogy abszol\u00fat versenybaleset t\u00f6rt\u00e9nt, k\u00fcls\u0151 k\u00f6r\u00fclm\u00e9nyek nem j\u00e1tszottak bele, viszont a felv\u00e9teleket visszan\u00e9zve, az es\u00e9s \u00e9s a kock\u00e1zatok nagys\u00e1g\u00e1t l\u00e1tva kimondhat\u00f3, hogy viszonylag olcs\u00f3n meg\u00faszt\u00e1k az \u00e9rintettek: \u201ecsak\u201d k\u00e9t Jumbo-versenyz\u0151t kellett k\u00f3rh\u00e1zba sz\u00e1ll\u00edtani, az els\u0151 \u00e9rtes\u00fcl\u00e9sek alapj\u00e1n egyik\u00fck s\u00e9r\u00fcl\u00e9sei sem t\u00fal komolyak. M\u00e1s k\u00e9rd\u00e9s, hogy k\u00f6zt\u00fck van az \u00f6sszetett \u00e9llovas Kooij is, aki \u00edgy fel is adta a viadalt, az \u00faj s\u00e1rga trik\u00f3s a m\u00e1r eml\u00edtett Reynders lett, aki ezzel egy\u00fctt a gyorsas\u00e1gi pontversenyben is vezet.<\/p>\n<p>A szakaszt v\u00e9g\u00fcl egy olyan nagy n\u00e9v nyerte, aki el\u0151t\u00f6rt\u00e9nete \u00e9s a mostani a k\u00f6r\u00fclm\u00e9nyek ismeret\u00e9ben k\u00fcl\u00f6n is pik\u00e1ns. Fabio Jakobsenr\u0151l van sz\u00f3, aki sikerrel koron\u00e1zta meg a szakaszt az eg\u00e9sz nap nagyot dolgoz\u00f3 Quick-Stepnek. A holland szt\u00e1rsprinter ez\u00fattal szerencs\u00e9sen kimaradt a buk\u00e1sb\u00f3l, aminek alighanem mindenki egy emberk\u00e9nt \u00f6r\u00fcl. Val\u00f3sz\u00edn\u0171leg senkit sem kell eml\u00e9keztetni, hogy \u0151 volt az a versenyz\u0151, akit a k\u00e9t \u00e9vvel ezel\u0151tti lengyel k\u00f6rversenyen honfit\u00e1rsa, Dylan Groenewegen \u2013 aki szint\u00e9n itt van a TdH-n! \u2013 egy sprintbefut\u00f3n\u00e1l \u00f3ri\u00e1si sebess\u00e9gn\u00e9l f\u00f6lkent a kordonra, Jakobsen azt\u00e1n napokig \u00e9let-hal\u00e1l k\u00f6z\u00f6tt lebegett, az arca annyira \u00f6sszet\u00f6rt \u00e9s t\u00f6bbek k\u00f6z\u00f6tt a t\u00fcdeje is olyan s\u00falyosan s\u00e9r\u00fclt, hogy sok\u00e1ig az volt a k\u00e9rd\u00e9s, egy\u00e1ltal\u00e1n megmarad-e, ut\u00e1na pedig az, hogy \u00e9lhet-e teljes \u00e9letet \u2013 ezek ut\u00e1n az is csoda, hogy egy\u00e1ltal\u00e1n itt lehet Magyarorsz\u00e1gon, nem m\u00e9g az, hogy ilyen form\u00e1ban versenyez, \u00e9s a sport\u00e1gi f\u0151versenyre, a Tour de France-ra is komoly sprinteres\u00e9lyesk\u00e9nt utazhat majd.<\/p>\n<p><a href=\"https:\/\/d2p6e6u75xmxt8.cloudfront.net\/12\/2022\/05\/220512_TDH2sz_097.jpg\"><img loading=\"lazy\" decoding=\"async\" class=\"alignnone size-extra-large wp-image-14972\" src=\"https:\/\/d2p6e6u75xmxt8.cloudfront.net\/12\/2022\/05\/220512_TDH2sz_097-1920x1280.jpg\" alt=\"\" width=\"1920\" height=\"1280\" srcset=\"https:\/\/d2p6e6u75xmxt8.cloudfront.net\/12\/2022\/05\/220512_TDH2sz_097-1920x1280.jpg 1920w, https:\/\/d2p6e6u75xmxt8.cloudfront.net\/12\/2022\/05\/220512_TDH2sz_097-300x200.jpg 300w, https:\/\/d2p6e6u75xmxt8.cloudfront.net\/12\/2022\/05\/220512_TDH2sz_097-1024x683.jpg 1024w, https:\/\/d2p6e6u75xmxt8.cloudfront.net\/12\/2022\/05\/220512_TDH2sz_097-768x512.jpg 768w, https:\/\/d2p6e6u75xmxt8.cloudfront.net\/12\/2022\/05\/220512_TDH2sz_097-1536x1024.jpg 1536w, https:\/\/d2p6e6u75xmxt8.cloudfront.net\/12\/2022\/05\/220512_TDH2sz_097-272x182.jpg 272w, https:\/\/d2p6e6u75xmxt8.cloudfront.net\/12\/2022\/05\/220512_TDH2sz_097.jpg 2048w, https:\/\/d2p6e6u75xmxt8.cloudfront.net\/12\/2022\/05\/220512_TDH2sz_097-1920x1280.jpg 1920w\" sizes=\"auto, (max-width: 1920px) 100vw, 1920px\" \/><\/a><\/p>\n<p>Ami a magyarokat illeti: a feh\u00e9r trik\u00f3 maradt Dina M\u00e1rtonon, az egy nappal kor\u00e1bban buk\u00f3 Filut\u00e1s Viktor term\u00e9szetesen az orvosi javaslat dac\u00e1ra v\u00e9gigk\u00fczd\u00f6tte a m\u00e1sodik etapot is, m\u00edg Karl \u00c1d\u00e1m megint remek\u00fcl teljes\u00edtve \u00e9rt be legjobb magyark\u00e9nt, a 13. helyen, egyebek mellett Elia Vivianit is megel\u0151zve \u2013 pedig a szakasz k\u00f6zben a bor\u00e1sok l\u00e1tv\u00e1nyosan \u201eki akart\u00e1k k\u00f6z\u00f6s\u00edteni\u201d az elitsorukb\u00f3l.<\/p>\n<p><em>fot\u00f3k: TDH<\/em><\/p>\n<p>&nbsp;<\/p>\n","protected":false},"excerpt":{"rendered":"<p>Az els\u0151 szakasz majd\u2019 200 kilom\u00e9ternyi fel-le \u201ehull\u00e1mvasutaz\u00e1sa\u201d, az er\u0151s sz\u00f6kev\u00e9nycsoport ut\u00e1n lohol\u00e1s, majd a kaotikus mez\u0151nyhajr\u00e1 ut\u00e1n sokan azt [&hellip;]<\/p>\n","protected":false},"author":145,"featured_media":14971,"comment_status":"open","ping_status":"open","sticky":false,"template":"","format":"standard","meta":{"footnotes":""},"categories":[472,471,1],"tags":[],"global-categories":[419],"class_list":["post-14969","post","type-post","status-publish","format-standard","has-post-thumbnail","hentry","category-napi-osszefoglalo-tdh2022","category-tdh2022","category-uncategorized","global-categories-cycling"],"yoast_head":"<!-- This site is optimized with the Yoast SEO Premium plugin v25.3 (Yoast SEO v25.9) - https:\/\/yoast.com\/wordpress\/plugins\/seo\/ -->\n<title>Szt\u00e1rsiker a TdH 2. napj\u00e1n: Jakobsen most meg\u00faszta a horrorbuk\u00e1st a szoboszl\u00f3i c\u00e9lban - \u0160koda We Love Cycling - Magyarorsz\u00e1g<\/title>\n<meta name=\"robots\" content=\"index, follow, max-snippet:-1, max-image-preview:large, max-video-preview:-1\" \/>\n<link rel=\"canonical\" href=\"https:\/\/www.welovecycling.com\/hu\/uncategorized\/sztarsiker-a-tdh-2-napjan-jakobsen-most-meguszta-a-horrorbukast-a-szoboszloi-celban\/\" \/>\n<meta property=\"og:locale\" content=\"hu_HU\" \/>\n<meta property=\"og:type\" content=\"article\" \/>\n<meta property=\"og:title\" content=\"Szt\u00e1rsiker a TdH 2. napj\u00e1n: Jakobsen most meg\u00faszta a horrorbuk\u00e1st a szoboszl\u00f3i c\u00e9lban\" \/>\n<meta property=\"og:description\" content=\"Az els\u0151 szakasz majd\u2019 200 kilom\u00e9ternyi fel-le \u201ehull\u00e1mvasutaz\u00e1sa\u201d, az er\u0151s sz\u00f6kev\u00e9nycsoport ut\u00e1n lohol\u00e1s, majd a kaotikus mez\u0151nyhajr\u00e1 ut\u00e1n sokan azt [&hellip;]\" \/>\n<meta property=\"og:url\" content=\"https:\/\/www.welovecycling.com\/hu\/uncategorized\/sztarsiker-a-tdh-2-napjan-jakobsen-most-meguszta-a-horrorbukast-a-szoboszloi-celban\/\" \/>\n<meta property=\"og:site_name\" content=\"\u0160koda We Love Cycling - Magyarorsz\u00e1g\" \/>\n<meta property=\"article:publisher\" content=\"https:\/\/www.facebook.com\/WeLoveCyclingHungary\/\" \/>\n<meta property=\"article:published_time\" content=\"2022-05-13T08:13:58+00:00\" \/>\n<meta property=\"article:modified_time\" content=\"2022-05-13T08:27:53+00:00\" \/>\n<meta property=\"og:image\" content=\"https:\/\/d2p6e6u75xmxt8.cloudfront.net\/12\/2022\/05\/220512_TDH2sz_089.jpg\" \/>\n\t<meta property=\"og:image:width\" content=\"2048\" \/>\n\t<meta property=\"og:image:height\" content=\"1365\" \/>\n\t<meta property=\"og:image:type\" content=\"image\/jpeg\" \/>\n<meta name=\"author\" content=\"kitti\" \/>\n<meta name=\"twitter:card\" content=\"summary_large_image\" \/>\n<meta name=\"twitter:label1\" content=\"Written by\" \/>\n\t<meta name=\"twitter:data1\" content=\"We Love Cycling\" \/>\n\t<meta name=\"twitter:label2\" content=\"Est. reading time\" \/>\n\t<meta name=\"twitter:data2\" content=\"5 minutes\" \/>\n<script type=\"application\/ld+json\" class=\"yoast-schema-graph\">{\"@context\":\"https:\/\/schema.org\",\"@graph\":[{\"@type\":\"WebPage\",\"@id\":\"https:\/\/www.welovecycling.com\/hu\/uncategorized\/sztarsiker-a-tdh-2-napjan-jakobsen-most-meguszta-a-horrorbukast-a-szoboszloi-celban\/\",\"url\":\"https:\/\/www.welovecycling.com\/hu\/uncategorized\/sztarsiker-a-tdh-2-napjan-jakobsen-most-meguszta-a-horrorbukast-a-szoboszloi-celban\/\",\"name\":\"Szt\u00e1rsiker a TdH 2. napj\u00e1n: Jakobsen most meg\u00faszta a horrorbuk\u00e1st a szoboszl\u00f3i c\u00e9lban - \u0160koda We Love Cycling - Magyarorsz\u00e1g\",\"isPartOf\":{\"@id\":\"https:\/\/www.welovecycling.com\/hu\/#website\"},\"primaryImageOfPage\":{\"@id\":\"https:\/\/www.welovecycling.com\/hu\/uncategorized\/sztarsiker-a-tdh-2-napjan-jakobsen-most-meguszta-a-horrorbukast-a-szoboszloi-celban\/#primaryimage\"},\"image\":{\"@id\":\"https:\/\/www.welovecycling.com\/hu\/uncategorized\/sztarsiker-a-tdh-2-napjan-jakobsen-most-meguszta-a-horrorbukast-a-szoboszloi-celban\/#primaryimage\"},\"thumbnailUrl\":\"https:\/\/d2p6e6u75xmxt8.cloudfront.net\/12\/2022\/05\/220512_TDH2sz_089.jpg\",\"datePublished\":\"2022-05-13T08:13:58+00:00\",\"dateModified\":\"2022-05-13T08:27:53+00:00\",\"author\":{\"@id\":\"https:\/\/www.welovecycling.com\/hu\/#\/schema\/person\/bec7dcdbcc59f58489cf603e4040ced1\"},\"breadcrumb\":{\"@id\":\"https:\/\/www.welovecycling.com\/hu\/uncategorized\/sztarsiker-a-tdh-2-napjan-jakobsen-most-meguszta-a-horrorbukast-a-szoboszloi-celban\/#breadcrumb\"},\"inLanguage\":\"hu\",\"potentialAction\":[{\"@type\":\"ReadAction\",\"target\":[\"https:\/\/www.welovecycling.com\/hu\/uncategorized\/sztarsiker-a-tdh-2-napjan-jakobsen-most-meguszta-a-horrorbukast-a-szoboszloi-celban\/\"]}]},{\"@type\":\"ImageObject\",\"inLanguage\":\"hu\",\"@id\":\"https:\/\/www.welovecycling.com\/hu\/uncategorized\/sztarsiker-a-tdh-2-napjan-jakobsen-most-meguszta-a-horrorbukast-a-szoboszloi-celban\/#primaryimage\",\"url\":\"https:\/\/d2p6e6u75xmxt8.cloudfront.net\/12\/2022\/05\/220512_TDH2sz_089.jpg\",\"contentUrl\":\"https:\/\/d2p6e6u75xmxt8.cloudfront.net\/12\/2022\/05\/220512_TDH2sz_089.jpg\",\"width\":2048,\"height\":1365},{\"@type\":\"BreadcrumbList\",\"@id\":\"https:\/\/www.welovecycling.com\/hu\/uncategorized\/sztarsiker-a-tdh-2-napjan-jakobsen-most-meguszta-a-horrorbukast-a-szoboszloi-celban\/#breadcrumb\",\"itemListElement\":[{\"@type\":\"ListItem\",\"position\":1,\"name\":\"Home\",\"item\":\"https:\/\/www.welovecycling.com\/hu\/\"},{\"@type\":\"ListItem\",\"position\":2,\"name\":\"Szt\u00e1rsiker a TdH 2. napj\u00e1n: Jakobsen most meg\u00faszta a horrorbuk\u00e1st a szoboszl\u00f3i c\u00e9lban\"}]},{\"@type\":\"WebSite\",\"@id\":\"https:\/\/www.welovecycling.com\/hu\/#website\",\"url\":\"https:\/\/www.welovecycling.com\/hu\/\",\"name\":\"\u0160koda We Love Cycling - Magyarorsz\u00e1g\",\"description\":\"\u0160koda WeLoveCycling\",\"potentialAction\":[{\"@type\":\"SearchAction\",\"target\":{\"@type\":\"EntryPoint\",\"urlTemplate\":\"https:\/\/www.welovecycling.com\/hu\/?s={search_term_string}\"},\"query-input\":{\"@type\":\"PropertyValueSpecification\",\"valueRequired\":true,\"valueName\":\"search_term_string\"}}],\"inLanguage\":\"hu\"},{\"@type\":\"Person\",\"@id\":\"https:\/\/www.welovecycling.com\/hu\/#\/schema\/person\/bec7dcdbcc59f58489cf603e4040ced1\",\"name\":\"kitti\",\"image\":{\"@type\":\"ImageObject\",\"inLanguage\":\"hu\",\"@id\":\"https:\/\/www.welovecycling.com\/hu\/#\/schema\/person\/image\/\",\"url\":\"https:\/\/secure.gravatar.com\/avatar\/e3196a110e1b57b96f56d92d10ce9bb4e9d7210076832a16243337e949410b52?s=96&d=mm&r=g\",\"contentUrl\":\"https:\/\/secure.gravatar.com\/avatar\/e3196a110e1b57b96f56d92d10ce9bb4e9d7210076832a16243337e949410b52?s=96&d=mm&r=g\",\"caption\":\"kitti\"},\"url\":\"https:\/\/www.welovecycling.com\/hu\/author\/kitti\/\"}]}<\/script>\n<!-- \/ Yoast SEO Premium plugin. -->","yoast_head_json":{"title":"Szt\u00e1rsiker a TdH 2. napj\u00e1n: Jakobsen most meg\u00faszta a horrorbuk\u00e1st a szoboszl\u00f3i c\u00e9lban - \u0160koda We Love Cycling - Magyarorsz\u00e1g","robots":{"index":"index","follow":"follow","max-snippet":"max-snippet:-1","max-image-preview":"max-image-preview:large","max-video-preview":"max-video-preview:-1"},"canonical":"https:\/\/www.welovecycling.com\/hu\/uncategorized\/sztarsiker-a-tdh-2-napjan-jakobsen-most-meguszta-a-horrorbukast-a-szoboszloi-celban\/","og_locale":"hu_HU","og_type":"article","og_title":"Szt\u00e1rsiker a TdH 2. napj\u00e1n: Jakobsen most meg\u00faszta a horrorbuk\u00e1st a szoboszl\u00f3i c\u00e9lban","og_description":"Az els\u0151 szakasz majd\u2019 200 kilom\u00e9ternyi fel-le \u201ehull\u00e1mvasutaz\u00e1sa\u201d, az er\u0151s sz\u00f6kev\u00e9nycsoport ut\u00e1n lohol\u00e1s, majd a kaotikus mez\u0151nyhajr\u00e1 ut\u00e1n sokan azt [&hellip;]","og_url":"https:\/\/www.welovecycling.com\/hu\/uncategorized\/sztarsiker-a-tdh-2-napjan-jakobsen-most-meguszta-a-horrorbukast-a-szoboszloi-celban\/","og_site_name":"\u0160koda We Love Cycling - Magyarorsz\u00e1g","article_publisher":"https:\/\/www.facebook.com\/WeLoveCyclingHungary\/","article_published_time":"2022-05-13T08:13:58+00:00","article_modified_time":"2022-05-13T08:27:53+00:00","og_image":[{"width":2048,"height":1365,"url":"https:\/\/d2p6e6u75xmxt8.cloudfront.net\/12\/2022\/05\/220512_TDH2sz_089.jpg","type":"image\/jpeg"}],"author":"kitti","twitter_card":"summary_large_image","twitter_misc":{"Written by":"We Love Cycling","Est. reading time":"5 minutes"},"schema":{"@context":"https:\/\/schema.org","@graph":[{"@type":"WebPage","@id":"https:\/\/www.welovecycling.com\/hu\/uncategorized\/sztarsiker-a-tdh-2-napjan-jakobsen-most-meguszta-a-horrorbukast-a-szoboszloi-celban\/","url":"https:\/\/www.welovecycling.com\/hu\/uncategorized\/sztarsiker-a-tdh-2-napjan-jakobsen-most-meguszta-a-horrorbukast-a-szoboszloi-celban\/","name":"Szt\u00e1rsiker a TdH 2. napj\u00e1n: Jakobsen most meg\u00faszta a horrorbuk\u00e1st a szoboszl\u00f3i c\u00e9lban - \u0160koda We Love Cycling - Magyarorsz\u00e1g","isPartOf":{"@id":"https:\/\/www.welovecycling.com\/hu\/#website"},"primaryImageOfPage":{"@id":"https:\/\/www.welovecycling.com\/hu\/uncategorized\/sztarsiker-a-tdh-2-napjan-jakobsen-most-meguszta-a-horrorbukast-a-szoboszloi-celban\/#primaryimage"},"image":{"@id":"https:\/\/www.welovecycling.com\/hu\/uncategorized\/sztarsiker-a-tdh-2-napjan-jakobsen-most-meguszta-a-horrorbukast-a-szoboszloi-celban\/#primaryimage"},"thumbnailUrl":"https:\/\/d2p6e6u75xmxt8.cloudfront.net\/12\/2022\/05\/220512_TDH2sz_089.jpg","datePublished":"2022-05-13T08:13:58+00:00","dateModified":"2022-05-13T08:27:53+00:00","author":{"@id":"https:\/\/www.welovecycling.com\/hu\/#\/schema\/person\/bec7dcdbcc59f58489cf603e4040ced1"},"breadcrumb":{"@id":"https:\/\/www.welovecycling.com\/hu\/uncategorized\/sztarsiker-a-tdh-2-napjan-jakobsen-most-meguszta-a-horrorbukast-a-szoboszloi-celban\/#breadcrumb"},"inLanguage":"hu","potentialAction":[{"@type":"ReadAction","target":["https:\/\/www.welovecycling.com\/hu\/uncategorized\/sztarsiker-a-tdh-2-napjan-jakobsen-most-meguszta-a-horrorbukast-a-szoboszloi-celban\/"]}]},{"@type":"ImageObject","inLanguage":"hu","@id":"https:\/\/www.welovecycling.com\/hu\/uncategorized\/sztarsiker-a-tdh-2-napjan-jakobsen-most-meguszta-a-horrorbukast-a-szoboszloi-celban\/#primaryimage","url":"https:\/\/d2p6e6u75xmxt8.cloudfront.net\/12\/2022\/05\/220512_TDH2sz_089.jpg","contentUrl":"https:\/\/d2p6e6u75xmxt8.cloudfront.net\/12\/2022\/05\/220512_TDH2sz_089.jpg","width":2048,"height":1365},{"@type":"BreadcrumbList","@id":"https:\/\/www.welovecycling.com\/hu\/uncategorized\/sztarsiker-a-tdh-2-napjan-jakobsen-most-meguszta-a-horrorbukast-a-szoboszloi-celban\/#breadcrumb","itemListElement":[{"@type":"ListItem","position":1,"name":"Home","item":"https:\/\/www.welovecycling.com\/hu\/"},{"@type":"ListItem","position":2,"name":"Szt\u00e1rsiker a TdH 2. napj\u00e1n: Jakobsen most meg\u00faszta a horrorbuk\u00e1st a szoboszl\u00f3i c\u00e9lban"}]},{"@type":"WebSite","@id":"https:\/\/www.welovecycling.com\/hu\/#website","url":"https:\/\/www.welovecycling.com\/hu\/","name":"\u0160koda We Love Cycling - Magyarorsz\u00e1g","description":"\u0160koda WeLoveCycling","potentialAction":[{"@type":"SearchAction","target":{"@type":"EntryPoint","urlTemplate":"https:\/\/www.welovecycling.com\/hu\/?s={search_term_string}"},"query-input":{"@type":"PropertyValueSpecification","valueRequired":true,"valueName":"search_term_string"}}],"inLanguage":"hu"},{"@type":"Person","@id":"https:\/\/www.welovecycling.com\/hu\/#\/schema\/person\/bec7dcdbcc59f58489cf603e4040ced1","name":"kitti","image":{"@type":"ImageObject","inLanguage":"hu","@id":"https:\/\/www.welovecycling.com\/hu\/#\/schema\/person\/image\/","url":"https:\/\/secure.gravatar.com\/avatar\/e3196a110e1b57b96f56d92d10ce9bb4e9d7210076832a16243337e949410b52?s=96&d=mm&r=g","contentUrl":"https:\/\/secure.gravatar.com\/avatar\/e3196a110e1b57b96f56d92d10ce9bb4e9d7210076832a16243337e949410b52?s=96&d=mm&r=g","caption":"kitti"},"url":"https:\/\/www.welovecycling.com\/hu\/author\/kitti\/"}]}},"_links":{"self":[{"href":"https:\/\/www.welovecycling.com\/hu\/wp-json\/wp\/v2\/posts\/14969","targetHints":{"allow":["GET"]}}],"collection":[{"href":"https:\/\/www.welovecycling.com\/hu\/wp-json\/wp\/v2\/posts"}],"about":[{"href":"https:\/\/www.welovecycling.com\/hu\/wp-json\/wp\/v2\/types\/post"}],"author":[{"embeddable":true,"href":"https:\/\/www.welovecycling.com\/hu\/wp-json\/wp\/v2\/users\/145"}],"replies":[{"embeddable":true,"href":"https:\/\/www.welovecycling.com\/hu\/wp-json\/wp\/v2\/comments?post=14969"}],"version-history":[{"count":2,"href":"https:\/\/www.welovecycling.com\/hu\/wp-json\/wp\/v2\/posts\/14969\/revisions"}],"predecessor-version":[{"id":14978,"href":"https:\/\/www.welovecycling.com\/hu\/wp-json\/wp\/v2\/posts\/14969\/revisions\/14978"}],"wp:featuredmedia":[{"embeddable":true,"href":"https:\/\/www.welovecycling.com\/hu\/wp-json\/wp\/v2\/media\/14971"}],"wp:attachment":[{"href":"https:\/\/www.welovecycling.com\/hu\/wp-json\/wp\/v2\/media?parent=14969"}],"wp:term":[{"taxonomy":"category","embeddable":true,"href":"https:\/\/www.welovecycling.com\/hu\/wp-json\/wp\/v2\/categories?post=14969"},{"taxonomy":"post_tag","embeddable":true,"href":"https:\/\/www.welovecycling.com\/hu\/wp-json\/wp\/v2\/tags?post=14969"},{"taxonomy":"global-categories","embeddable":true,"href":"https:\/\/www.welovecycling.com\/hu\/wp-json\/wp\/v2\/global-categories?post=14969"}],"curies":[{"name":"wp","href":"https:\/\/api.w.org\/{rel}","templated":true}]}}