{"id":14956,"date":"2022-05-12T09:39:53","date_gmt":"2022-05-12T07:39:53","guid":{"rendered":"https:\/\/www.welovecycling.com\/hu\/?p=14956"},"modified":"2022-05-12T09:39:53","modified_gmt":"2022-05-12T07:39:53","slug":"sztarparade-es-magyar-szokevenyek-a-tour-de-hongrie-elso-napjan","status":"publish","type":"post","link":"https:\/\/www.welovecycling.com\/hu\/tdh2022\/sztarparade-es-magyar-szokevenyek-a-tour-de-hongrie-elso-napjan\/","title":{"rendered":"Szt\u00e1rpar\u00e1d\u00e9 \u00e9s magyar sz\u00f6kev\u00e9nyek a Tour de Hongrie els\u0151 napj\u00e1n"},"content":{"rendered":"<p><strong>Az Elia Vivianit is megel\u0151z\u0151 jumb\u00f3s holland Olav Kooij meglepet\u00e9sgy\u0151zelm\u00e9vel rajtolt el a magyar k\u00f6rverseny szerd\u00e1n, Dina M\u00e1rton \u00e9s Filut\u00e1s Viktor nagyot sz\u00f6ktek, ut\u00f3bbi azonban sajnos a v\u00e9g\u00e9n belekeveredett egy cs\u00fanya buk\u00e1sba.<\/strong><\/p>\n<p>\u00d3ri\u00e1si szt\u00e1rpar\u00e1d\u00e9 v\u00e1rta a szurkol\u00f3kat cs\u00fct\u00f6rt\u00f6k\u00f6n a Tour de Hongrie cs\u00e1kv\u00e1ri csapatbemutat\u00f3j\u00e1n: az apr\u00f3cska sz\u00ednpadon olyan nagy csapatok sorakoztak fel egym\u00e1s ut\u00e1n, mint az Ineos, a Quick-Step, a Jumbo, a Bora, az Astana vagy a Trek, \u00e9s az igazat megvallva, Fabio Jakobsen, Elia Viviani, Dylan Groenewegen, vagy \u00e9ppen Patrick Konrad \u00e9s Alekszej Lucenko jelenl\u00e9t\u00e9t is szokni kell m\u00e9g a magyar utakon.<\/p>\n<figure id=\"attachment_14958\" aria-describedby=\"caption-attachment-14958\" style=\"width: 1920px\" class=\"wp-caption alignnone\"><a href=\"https:\/\/d2p6e6u75xmxt8.cloudfront.net\/12\/2022\/05\/VZB7669-1.JPG-scaled.jpg\"><img loading=\"lazy\" decoding=\"async\" class=\"size-extra-large wp-image-14958\" src=\"https:\/\/d2p6e6u75xmxt8.cloudfront.net\/12\/2022\/05\/VZB7669-1.JPG-1920x1280.jpg\" alt=\"\" width=\"1920\" height=\"1280\" srcset=\"https:\/\/d2p6e6u75xmxt8.cloudfront.net\/12\/2022\/05\/VZB7669-1.JPG-1920x1280.jpg 1920w, https:\/\/d2p6e6u75xmxt8.cloudfront.net\/12\/2022\/05\/VZB7669-1.JPG-300x200.jpg 300w, https:\/\/d2p6e6u75xmxt8.cloudfront.net\/12\/2022\/05\/VZB7669-1.JPG-1024x683.jpg 1024w, https:\/\/d2p6e6u75xmxt8.cloudfront.net\/12\/2022\/05\/VZB7669-1.JPG-768x512.jpg 768w, https:\/\/d2p6e6u75xmxt8.cloudfront.net\/12\/2022\/05\/VZB7669-1.JPG-1536x1024.jpg 1536w, https:\/\/d2p6e6u75xmxt8.cloudfront.net\/12\/2022\/05\/VZB7669-1.JPG-2048x1365.jpg 2048w, https:\/\/d2p6e6u75xmxt8.cloudfront.net\/12\/2022\/05\/VZB7669-1.JPG-272x182.jpg 272w, https:\/\/d2p6e6u75xmxt8.cloudfront.net\/12\/2022\/05\/VZB7669-1.JPG-1920x1280.jpg 1920w\" sizes=\"auto, (max-width: 1920px) 100vw, 1920px\" \/><\/a><figcaption id=\"caption-attachment-14958\" class=\"wp-caption-text\">Az Ineos sprinterkir\u00e1lya, Elia Viviani az idei Tour de Hongrie egyik legnagyobb szt\u00e1rja<\/figcaption><\/figure>\n<p>\u00c9ppen ez\u00e9rt k\u00fcl\u00f6n \u00f6r\u00f6m volt, hogy a hossz\u00fa, t\u00f6bb mint 197 kilom\u00e9teres Cs\u00e1kv\u00e1r\u2013Sz\u00e9kesfeh\u00e9rv\u00e1r nyit\u00f3 szakasz korai elmen\u00e9s\u00e9be egy ilyen er\u0151s mez\u0151nyb\u0151l k\u00e9t magyar fi\u00fa tudott odaker\u00fclni Dina M\u00e1rton \u00e9s Filut\u00e1s Viktor szem\u00e9ly\u00e9ben. <a href=\"https:\/\/www.welovecycling.com\/hu\/tdh2022\/filutas-viktor-a-tdh-versenyzoje-egy-traumatikus-mult-es-egy-izgalmas-jelen-wlc-x-skoda-podcast\/\">A magyar bajnok Filut\u00e1s, idei podcast-vend\u00e9g\u00fcnk<\/a> r\u00e1ad\u00e1sul j\u00f3l taktik\u00e1zott, \u00edgy az els\u0151 hegyi \u00e9s gyorsas\u00e1gi r\u00e9szhajr\u00e1t is el tudta vinni sz\u00f6kev\u00e9nyt\u00e1rsai el\u0151l, ut\u00f3bbi\u00e9rt m\u00e9g id\u0151j\u00f3v\u00e1\u00edr\u00e1s is j\u00e1rt \u2013 ami igencsak j\u00f3l j\u00f6tt neki a v\u00e9g\u00e9n. A szlov\u00e9n Adria Mobilban teker\u0151 \u201eFilu\u201d ugyanis a szakasz v\u00e9gefel\u00e9 belekeveredett egy szerencs\u00e9tlen buk\u00e1sba, de a nap k\u00f6zben mutatott akt\u00edv versenyz\u00e9s\u00e9nek k\u00f6sz\u00f6nhet\u0151en v\u00e9g\u00fcl \u00edgy is hatodik lett \u00f6sszetettben az els\u0151 etapot k\u00f6vet\u0151en. M\u00e9ghozz\u00e1 honfit\u00e1rsa, az EOLO-komet\u00e1s Dina Marci m\u00f6g\u00f6tt, aki h\u00e1rom t\u00e1rs\u00e1val \u2013 k\u00f6zt\u00fck az amerikai bajnoki trik\u00f3ban teker\u0151 Joey Rosskopffal \u2013 az oldal\u00e1n elk\u00e9peszt\u0151 mel\u00f3t rakott a sz\u00f6k\u00e9sbe. Noha el\u0151ny\u00fck v\u00e9gig csup\u00e1n 2-3 perc k\u00f6r\u00fcl mozgott, teh\u00e1t a mez\u0151ny nem engedte el \u0151ket messzire, az er\u0151s n\u00e9gyes \u00edgy is megtr\u00e9f\u00e1lta az \u00fcld\u00f6z\u0151ket, akik elkalkul\u00e1lt\u00e1k magukat, \u00e9s csak az utols\u00f3 kilom\u00e9teren bel\u00fcl, n\u00e9h\u00e1ny sz\u00e1z m\u00e9terre a c\u00e9lt\u00f3l tudt\u00e1k befogni Din\u00e1\u00e9kat. \u00cdgy nem is igen volt es\u00e9lye egyik nagycsapatnak sem fel\u00e9p\u00edteni a maga kis sprintfelvezet\u0151 vonat\u00e1t, \u00fagyhogy a szervezetlen, n\u00e9mileg kaotikus mez\u0151nybefut\u00f3 sor\u00e1n v\u00e9g\u00fcl nem valamelyik topfavorit diadalmaskodott, hanem a szenz\u00e1ci\u00f3sat hajr\u00e1z\u00f3 jumb\u00f3s Olav Kooij. \u00c9s hogy t\u00e9nyleg milyen mez\u0151ny j\u00f6tt el az idei Tour de Hongrie-ra, azt j\u00f3l p\u00e9ld\u00e1zza, hogy m\u00f6g\u00f6tte k\u00e9t, p\u00e1ly\u00e1n olimpiai bajnok vil\u00e1gklasszis, az utols\u00f3 m\u00e9tereken a 7-8. helyr\u0151l el\u0151resz\u00e1guld\u00f3 Elia Viviani, valamint Matthew Walls \u00e9rt be hajsz\u00e1lnyi k\u00fcl\u00f6nbs\u00e9ggel.<\/p>\n<figure id=\"attachment_14959\" aria-describedby=\"caption-attachment-14959\" style=\"width: 1920px\" class=\"wp-caption alignnone\"><a href=\"https:\/\/d2p6e6u75xmxt8.cloudfront.net\/12\/2022\/05\/22MP6285.JPG.jpg\"><img loading=\"lazy\" decoding=\"async\" class=\"size-extra-large wp-image-14959\" src=\"https:\/\/d2p6e6u75xmxt8.cloudfront.net\/12\/2022\/05\/22MP6285.JPG-1920x1280.jpg\" alt=\"\" width=\"1920\" height=\"1280\" srcset=\"https:\/\/d2p6e6u75xmxt8.cloudfront.net\/12\/2022\/05\/22MP6285.JPG-1920x1280.jpg 1920w, https:\/\/d2p6e6u75xmxt8.cloudfront.net\/12\/2022\/05\/22MP6285.JPG-300x200.jpg 300w, https:\/\/d2p6e6u75xmxt8.cloudfront.net\/12\/2022\/05\/22MP6285.JPG-1024x683.jpg 1024w, https:\/\/d2p6e6u75xmxt8.cloudfront.net\/12\/2022\/05\/22MP6285.JPG-768x512.jpg 768w, https:\/\/d2p6e6u75xmxt8.cloudfront.net\/12\/2022\/05\/22MP6285.JPG-1536x1024.jpg 1536w, https:\/\/d2p6e6u75xmxt8.cloudfront.net\/12\/2022\/05\/22MP6285.JPG-2048x1365.jpg 2048w, https:\/\/d2p6e6u75xmxt8.cloudfront.net\/12\/2022\/05\/22MP6285.JPG-272x182.jpg 272w, https:\/\/d2p6e6u75xmxt8.cloudfront.net\/12\/2022\/05\/22MP6285.JPG-1920x1280.jpg 1920w\" sizes=\"auto, (max-width: 1920px) 100vw, 1920px\" \/><\/a><figcaption id=\"caption-attachment-14959\" class=\"wp-caption-text\">A meglepet\u00e9s pillanatai: Olav Kooij mindenkit megel\u0151zve sz\u00e1guldott a sz\u00e9kesfeh\u00e9rv\u00e1ri c\u00e9lba<\/figcaption><\/figure>\n<p>Legjobb magyark\u00e9nt v\u00e1logatottunk versenyz\u0151je, a tavaly is remek TdH-t z\u00e1r\u00f3 Karl \u00c1d\u00e1m tekert be a 16. poz\u00edci\u00f3ban, a sz\u00f6k\u00e9sben elt\u00f6lt\u00f6tt napja ut\u00e1n az \u00f6sszetettben vezet\u0151 magyart illet\u0151 feh\u00e9r trik\u00f3t azonban Dina Marci h\u00fazhatta mag\u00e1ra a szerdai, sz\u00e9kesfeh\u00e9rv\u00e1ri eredm\u00e9nyhirdet\u00e9s sor\u00e1n. Filut\u00e1s Viktort a szakasz \u00e9s a buk\u00e1s ut\u00e1n sajnos k\u00f3rh\u00e1zba kellett sz\u00e1ll\u00edtani, ahol t\u00f6r\u00e9st ugyan nem mutattak ki n\u00e1la, de az orvosok nem javasolt\u00e1k neki a folytat\u00e1st.<\/p>\n<p>A mez\u0151ny egy hosszabb transzferszakasszal Karcagra \u00e9rkezett meg, a m\u00e1sodik szakasz innen rajtolt, a c\u00e9l Hajd\u00faszoboszl\u00f3 az alf\u00f6ldi h\u0151s\u00e9gben.<\/p>\n<p><a href=\"https:\/\/d2p6e6u75xmxt8.cloudfront.net\/12\/2022\/05\/TZR50681.JPG-scaled.jpg\"><img loading=\"lazy\" decoding=\"async\" class=\"alignnone size-extra-large wp-image-14960\" src=\"https:\/\/d2p6e6u75xmxt8.cloudfront.net\/12\/2022\/05\/TZR50681.JPG-1920x1280.jpg\" alt=\"\" width=\"1920\" height=\"1280\" srcset=\"https:\/\/d2p6e6u75xmxt8.cloudfront.net\/12\/2022\/05\/TZR50681.JPG-1920x1280.jpg 1920w, https:\/\/d2p6e6u75xmxt8.cloudfront.net\/12\/2022\/05\/TZR50681.JPG-300x200.jpg 300w, https:\/\/d2p6e6u75xmxt8.cloudfront.net\/12\/2022\/05\/TZR50681.JPG-1024x683.jpg 1024w, https:\/\/d2p6e6u75xmxt8.cloudfront.net\/12\/2022\/05\/TZR50681.JPG-768x512.jpg 768w, https:\/\/d2p6e6u75xmxt8.cloudfront.net\/12\/2022\/05\/TZR50681.JPG-1536x1024.jpg 1536w, https:\/\/d2p6e6u75xmxt8.cloudfront.net\/12\/2022\/05\/TZR50681.JPG-2048x1365.jpg 2048w, https:\/\/d2p6e6u75xmxt8.cloudfront.net\/12\/2022\/05\/TZR50681.JPG-272x182.jpg 272w, https:\/\/d2p6e6u75xmxt8.cloudfront.net\/12\/2022\/05\/TZR50681.JPG-1920x1280.jpg 1920w\" sizes=\"auto, (max-width: 1920px) 100vw, 1920px\" \/><\/a><\/p>\n","protected":false},"excerpt":{"rendered":"<p>Az Elia Vivianit is megel\u0151z\u0151 jumb\u00f3s holland Olav Kooij meglepet\u00e9sgy\u0151zelm\u00e9vel rajtolt el a magyar k\u00f6rverseny szerd\u00e1n, Dina M\u00e1rton \u00e9s Filut\u00e1s [&hellip;]<\/p>\n","protected":false},"author":145,"featured_media":14957,"comment_status":"open","ping_status":"open","sticky":false,"template":"","format":"standard","meta":{"footnotes":""},"categories":[472,471],"tags":[],"global-categories":[419],"class_list":["post-14956","post","type-post","status-publish","format-standard","has-post-thumbnail","hentry","category-napi-osszefoglalo-tdh2022","category-tdh2022","global-categories-cycling"],"yoast_head":"<!-- This site is optimized with the Yoast SEO Premium plugin v25.3 (Yoast SEO v25.9) - https:\/\/yoast.com\/wordpress\/plugins\/seo\/ -->\n<title>Szt\u00e1rpar\u00e1d\u00e9 \u00e9s magyar sz\u00f6kev\u00e9nyek a Tour de Hongrie els\u0151 napj\u00e1n - \u0160koda We Love Cycling - Magyarorsz\u00e1g<\/title>\n<meta name=\"robots\" content=\"index, follow, max-snippet:-1, max-image-preview:large, max-video-preview:-1\" \/>\n<link rel=\"canonical\" href=\"https:\/\/www.welovecycling.com\/hu\/tdh2022\/sztarparade-es-magyar-szokevenyek-a-tour-de-hongrie-elso-napjan\/\" \/>\n<meta property=\"og:locale\" content=\"hu_HU\" \/>\n<meta property=\"og:type\" content=\"article\" \/>\n<meta property=\"og:title\" content=\"Szt\u00e1rpar\u00e1d\u00e9 \u00e9s magyar sz\u00f6kev\u00e9nyek a Tour de Hongrie els\u0151 napj\u00e1n\" \/>\n<meta property=\"og:description\" content=\"Az Elia Vivianit is megel\u0151z\u0151 jumb\u00f3s holland Olav Kooij meglepet\u00e9sgy\u0151zelm\u00e9vel rajtolt el a magyar k\u00f6rverseny szerd\u00e1n, Dina M\u00e1rton \u00e9s Filut\u00e1s [&hellip;]\" \/>\n<meta property=\"og:url\" content=\"https:\/\/www.welovecycling.com\/hu\/tdh2022\/sztarparade-es-magyar-szokevenyek-a-tour-de-hongrie-elso-napjan\/\" \/>\n<meta property=\"og:site_name\" content=\"\u0160koda We Love Cycling - Magyarorsz\u00e1g\" \/>\n<meta property=\"article:publisher\" content=\"https:\/\/www.facebook.com\/WeLoveCyclingHungary\/\" \/>\n<meta property=\"article:published_time\" content=\"2022-05-12T07:39:53+00:00\" \/>\n<meta property=\"og:image\" content=\"https:\/\/d2p6e6u75xmxt8.cloudfront.net\/12\/2022\/05\/VZA1531.JPG-scaled.jpg\" \/>\n\t<meta property=\"og:image:width\" content=\"2560\" \/>\n\t<meta property=\"og:image:height\" content=\"1707\" \/>\n\t<meta property=\"og:image:type\" content=\"image\/jpeg\" \/>\n<meta name=\"author\" content=\"kitti\" \/>\n<meta name=\"twitter:card\" content=\"summary_large_image\" \/>\n<meta name=\"twitter:label1\" content=\"Written by\" \/>\n\t<meta name=\"twitter:data1\" content=\"We Love Cycling\" \/>\n\t<meta name=\"twitter:label2\" content=\"Est. reading time\" \/>\n\t<meta name=\"twitter:data2\" content=\"3 minutes\" \/>\n<script type=\"application\/ld+json\" class=\"yoast-schema-graph\">{\"@context\":\"https:\/\/schema.org\",\"@graph\":[{\"@type\":\"WebPage\",\"@id\":\"https:\/\/www.welovecycling.com\/hu\/tdh2022\/sztarparade-es-magyar-szokevenyek-a-tour-de-hongrie-elso-napjan\/\",\"url\":\"https:\/\/www.welovecycling.com\/hu\/tdh2022\/sztarparade-es-magyar-szokevenyek-a-tour-de-hongrie-elso-napjan\/\",\"name\":\"Szt\u00e1rpar\u00e1d\u00e9 \u00e9s magyar sz\u00f6kev\u00e9nyek a Tour de Hongrie els\u0151 napj\u00e1n - \u0160koda We Love Cycling - Magyarorsz\u00e1g\",\"isPartOf\":{\"@id\":\"https:\/\/www.welovecycling.com\/hu\/#website\"},\"primaryImageOfPage\":{\"@id\":\"https:\/\/www.welovecycling.com\/hu\/tdh2022\/sztarparade-es-magyar-szokevenyek-a-tour-de-hongrie-elso-napjan\/#primaryimage\"},\"image\":{\"@id\":\"https:\/\/www.welovecycling.com\/hu\/tdh2022\/sztarparade-es-magyar-szokevenyek-a-tour-de-hongrie-elso-napjan\/#primaryimage\"},\"thumbnailUrl\":\"https:\/\/d2p6e6u75xmxt8.cloudfront.net\/12\/2022\/05\/VZA1531.JPG-scaled.jpg\",\"datePublished\":\"2022-05-12T07:39:53+00:00\",\"author\":{\"@id\":\"https:\/\/www.welovecycling.com\/hu\/#\/schema\/person\/bec7dcdbcc59f58489cf603e4040ced1\"},\"breadcrumb\":{\"@id\":\"https:\/\/www.welovecycling.com\/hu\/tdh2022\/sztarparade-es-magyar-szokevenyek-a-tour-de-hongrie-elso-napjan\/#breadcrumb\"},\"inLanguage\":\"hu\",\"potentialAction\":[{\"@type\":\"ReadAction\",\"target\":[\"https:\/\/www.welovecycling.com\/hu\/tdh2022\/sztarparade-es-magyar-szokevenyek-a-tour-de-hongrie-elso-napjan\/\"]}]},{\"@type\":\"ImageObject\",\"inLanguage\":\"hu\",\"@id\":\"https:\/\/www.welovecycling.com\/hu\/tdh2022\/sztarparade-es-magyar-szokevenyek-a-tour-de-hongrie-elso-napjan\/#primaryimage\",\"url\":\"https:\/\/d2p6e6u75xmxt8.cloudfront.net\/12\/2022\/05\/VZA1531.JPG-scaled.jpg\",\"contentUrl\":\"https:\/\/d2p6e6u75xmxt8.cloudfront.net\/12\/2022\/05\/VZA1531.JPG-scaled.jpg\",\"width\":2560,\"height\":1707},{\"@type\":\"BreadcrumbList\",\"@id\":\"https:\/\/www.welovecycling.com\/hu\/tdh2022\/sztarparade-es-magyar-szokevenyek-a-tour-de-hongrie-elso-napjan\/#breadcrumb\",\"itemListElement\":[{\"@type\":\"ListItem\",\"position\":1,\"name\":\"Home\",\"item\":\"https:\/\/www.welovecycling.com\/hu\/\"},{\"@type\":\"ListItem\",\"position\":2,\"name\":\"Szt\u00e1rpar\u00e1d\u00e9 \u00e9s magyar sz\u00f6kev\u00e9nyek a Tour de Hongrie els\u0151 napj\u00e1n\"}]},{\"@type\":\"WebSite\",\"@id\":\"https:\/\/www.welovecycling.com\/hu\/#website\",\"url\":\"https:\/\/www.welovecycling.com\/hu\/\",\"name\":\"\u0160koda We Love Cycling - Magyarorsz\u00e1g\",\"description\":\"\u0160koda WeLoveCycling\",\"potentialAction\":[{\"@type\":\"SearchAction\",\"target\":{\"@type\":\"EntryPoint\",\"urlTemplate\":\"https:\/\/www.welovecycling.com\/hu\/?s={search_term_string}\"},\"query-input\":{\"@type\":\"PropertyValueSpecification\",\"valueRequired\":true,\"valueName\":\"search_term_string\"}}],\"inLanguage\":\"hu\"},{\"@type\":\"Person\",\"@id\":\"https:\/\/www.welovecycling.com\/hu\/#\/schema\/person\/bec7dcdbcc59f58489cf603e4040ced1\",\"name\":\"kitti\",\"image\":{\"@type\":\"ImageObject\",\"inLanguage\":\"hu\",\"@id\":\"https:\/\/www.welovecycling.com\/hu\/#\/schema\/person\/image\/\",\"url\":\"https:\/\/secure.gravatar.com\/avatar\/e3196a110e1b57b96f56d92d10ce9bb4e9d7210076832a16243337e949410b52?s=96&d=mm&r=g\",\"contentUrl\":\"https:\/\/secure.gravatar.com\/avatar\/e3196a110e1b57b96f56d92d10ce9bb4e9d7210076832a16243337e949410b52?s=96&d=mm&r=g\",\"caption\":\"kitti\"},\"url\":\"https:\/\/www.welovecycling.com\/hu\/author\/kitti\/\"}]}<\/script>\n<!-- \/ Yoast SEO Premium plugin. -->","yoast_head_json":{"title":"Szt\u00e1rpar\u00e1d\u00e9 \u00e9s magyar sz\u00f6kev\u00e9nyek a Tour de Hongrie els\u0151 napj\u00e1n - \u0160koda We Love Cycling - Magyarorsz\u00e1g","robots":{"index":"index","follow":"follow","max-snippet":"max-snippet:-1","max-image-preview":"max-image-preview:large","max-video-preview":"max-video-preview:-1"},"canonical":"https:\/\/www.welovecycling.com\/hu\/tdh2022\/sztarparade-es-magyar-szokevenyek-a-tour-de-hongrie-elso-napjan\/","og_locale":"hu_HU","og_type":"article","og_title":"Szt\u00e1rpar\u00e1d\u00e9 \u00e9s magyar sz\u00f6kev\u00e9nyek a Tour de Hongrie els\u0151 napj\u00e1n","og_description":"Az Elia Vivianit is megel\u0151z\u0151 jumb\u00f3s holland Olav Kooij meglepet\u00e9sgy\u0151zelm\u00e9vel rajtolt el a magyar k\u00f6rverseny szerd\u00e1n, Dina M\u00e1rton \u00e9s Filut\u00e1s [&hellip;]","og_url":"https:\/\/www.welovecycling.com\/hu\/tdh2022\/sztarparade-es-magyar-szokevenyek-a-tour-de-hongrie-elso-napjan\/","og_site_name":"\u0160koda We Love Cycling - Magyarorsz\u00e1g","article_publisher":"https:\/\/www.facebook.com\/WeLoveCyclingHungary\/","article_published_time":"2022-05-12T07:39:53+00:00","og_image":[{"width":2560,"height":1707,"url":"https:\/\/d2p6e6u75xmxt8.cloudfront.net\/12\/2022\/05\/VZA1531.JPG-scaled.jpg","type":"image\/jpeg"}],"author":"kitti","twitter_card":"summary_large_image","twitter_misc":{"Written by":"We Love Cycling","Est. reading time":"3 minutes"},"schema":{"@context":"https:\/\/schema.org","@graph":[{"@type":"WebPage","@id":"https:\/\/www.welovecycling.com\/hu\/tdh2022\/sztarparade-es-magyar-szokevenyek-a-tour-de-hongrie-elso-napjan\/","url":"https:\/\/www.welovecycling.com\/hu\/tdh2022\/sztarparade-es-magyar-szokevenyek-a-tour-de-hongrie-elso-napjan\/","name":"Szt\u00e1rpar\u00e1d\u00e9 \u00e9s magyar sz\u00f6kev\u00e9nyek a Tour de Hongrie els\u0151 napj\u00e1n - \u0160koda We Love Cycling - Magyarorsz\u00e1g","isPartOf":{"@id":"https:\/\/www.welovecycling.com\/hu\/#website"},"primaryImageOfPage":{"@id":"https:\/\/www.welovecycling.com\/hu\/tdh2022\/sztarparade-es-magyar-szokevenyek-a-tour-de-hongrie-elso-napjan\/#primaryimage"},"image":{"@id":"https:\/\/www.welovecycling.com\/hu\/tdh2022\/sztarparade-es-magyar-szokevenyek-a-tour-de-hongrie-elso-napjan\/#primaryimage"},"thumbnailUrl":"https:\/\/d2p6e6u75xmxt8.cloudfront.net\/12\/2022\/05\/VZA1531.JPG-scaled.jpg","datePublished":"2022-05-12T07:39:53+00:00","author":{"@id":"https:\/\/www.welovecycling.com\/hu\/#\/schema\/person\/bec7dcdbcc59f58489cf603e4040ced1"},"breadcrumb":{"@id":"https:\/\/www.welovecycling.com\/hu\/tdh2022\/sztarparade-es-magyar-szokevenyek-a-tour-de-hongrie-elso-napjan\/#breadcrumb"},"inLanguage":"hu","potentialAction":[{"@type":"ReadAction","target":["https:\/\/www.welovecycling.com\/hu\/tdh2022\/sztarparade-es-magyar-szokevenyek-a-tour-de-hongrie-elso-napjan\/"]}]},{"@type":"ImageObject","inLanguage":"hu","@id":"https:\/\/www.welovecycling.com\/hu\/tdh2022\/sztarparade-es-magyar-szokevenyek-a-tour-de-hongrie-elso-napjan\/#primaryimage","url":"https:\/\/d2p6e6u75xmxt8.cloudfront.net\/12\/2022\/05\/VZA1531.JPG-scaled.jpg","contentUrl":"https:\/\/d2p6e6u75xmxt8.cloudfront.net\/12\/2022\/05\/VZA1531.JPG-scaled.jpg","width":2560,"height":1707},{"@type":"BreadcrumbList","@id":"https:\/\/www.welovecycling.com\/hu\/tdh2022\/sztarparade-es-magyar-szokevenyek-a-tour-de-hongrie-elso-napjan\/#breadcrumb","itemListElement":[{"@type":"ListItem","position":1,"name":"Home","item":"https:\/\/www.welovecycling.com\/hu\/"},{"@type":"ListItem","position":2,"name":"Szt\u00e1rpar\u00e1d\u00e9 \u00e9s magyar sz\u00f6kev\u00e9nyek a Tour de Hongrie els\u0151 napj\u00e1n"}]},{"@type":"WebSite","@id":"https:\/\/www.welovecycling.com\/hu\/#website","url":"https:\/\/www.welovecycling.com\/hu\/","name":"\u0160koda We Love Cycling - Magyarorsz\u00e1g","description":"\u0160koda WeLoveCycling","potentialAction":[{"@type":"SearchAction","target":{"@type":"EntryPoint","urlTemplate":"https:\/\/www.welovecycling.com\/hu\/?s={search_term_string}"},"query-input":{"@type":"PropertyValueSpecification","valueRequired":true,"valueName":"search_term_string"}}],"inLanguage":"hu"},{"@type":"Person","@id":"https:\/\/www.welovecycling.com\/hu\/#\/schema\/person\/bec7dcdbcc59f58489cf603e4040ced1","name":"kitti","image":{"@type":"ImageObject","inLanguage":"hu","@id":"https:\/\/www.welovecycling.com\/hu\/#\/schema\/person\/image\/","url":"https:\/\/secure.gravatar.com\/avatar\/e3196a110e1b57b96f56d92d10ce9bb4e9d7210076832a16243337e949410b52?s=96&d=mm&r=g","contentUrl":"https:\/\/secure.gravatar.com\/avatar\/e3196a110e1b57b96f56d92d10ce9bb4e9d7210076832a16243337e949410b52?s=96&d=mm&r=g","caption":"kitti"},"url":"https:\/\/www.welovecycling.com\/hu\/author\/kitti\/"}]}},"_links":{"self":[{"href":"https:\/\/www.welovecycling.com\/hu\/wp-json\/wp\/v2\/posts\/14956","targetHints":{"allow":["GET"]}}],"collection":[{"href":"https:\/\/www.welovecycling.com\/hu\/wp-json\/wp\/v2\/posts"}],"about":[{"href":"https:\/\/www.welovecycling.com\/hu\/wp-json\/wp\/v2\/types\/post"}],"author":[{"embeddable":true,"href":"https:\/\/www.welovecycling.com\/hu\/wp-json\/wp\/v2\/users\/145"}],"replies":[{"embeddable":true,"href":"https:\/\/www.welovecycling.com\/hu\/wp-json\/wp\/v2\/comments?post=14956"}],"version-history":[{"count":1,"href":"https:\/\/www.welovecycling.com\/hu\/wp-json\/wp\/v2\/posts\/14956\/revisions"}],"predecessor-version":[{"id":14961,"href":"https:\/\/www.welovecycling.com\/hu\/wp-json\/wp\/v2\/posts\/14956\/revisions\/14961"}],"wp:featuredmedia":[{"embeddable":true,"href":"https:\/\/www.welovecycling.com\/hu\/wp-json\/wp\/v2\/media\/14957"}],"wp:attachment":[{"href":"https:\/\/www.welovecycling.com\/hu\/wp-json\/wp\/v2\/media?parent=14956"}],"wp:term":[{"taxonomy":"category","embeddable":true,"href":"https:\/\/www.welovecycling.com\/hu\/wp-json\/wp\/v2\/categories?post=14956"},{"taxonomy":"post_tag","embeddable":true,"href":"https:\/\/www.welovecycling.com\/hu\/wp-json\/wp\/v2\/tags?post=14956"},{"taxonomy":"global-categories","embeddable":true,"href":"https:\/\/www.welovecycling.com\/hu\/wp-json\/wp\/v2\/global-categories?post=14956"}],"curies":[{"name":"wp","href":"https:\/\/api.w.org\/{rel}","templated":true}]}}