{"id":14945,"date":"2022-05-09T15:54:16","date_gmt":"2022-05-09T13:54:16","guid":{"rendered":"https:\/\/www.welovecycling.com\/hu\/?p=14945"},"modified":"2022-05-09T15:54:16","modified_gmt":"2022-05-09T13:54:16","slug":"szilasi-laszlo-a-tdh-versenyigazgatoja-vilagsztarok-es-az-elvakito-adrenalin-wlc-x-skoda-podcast","status":"publish","type":"post","link":"https:\/\/www.welovecycling.com\/hu\/tdh2022\/szilasi-laszlo-a-tdh-versenyigazgatoja-vilagsztarok-es-az-elvakito-adrenalin-wlc-x-skoda-podcast\/","title":{"rendered":"Szilasi L\u00e1szl\u00f3, a TdH versenyigazgat\u00f3ja, vil\u00e1gszt\u00e1rok, \u00e9s az elvak\u00edt\u00f3 adrenalin &#8211; WLC x \u0160koda podcast"},"content":{"rendered":"<p><strong>Hamarosan rajtol az orsz\u00e1g legnagyobb ker\u00e9kp\u00e1ros k\u00f6rversenye, a Tour de Hongrie. Less be vel\u00fcnk a kulissz\u00e1k m\u00f6g\u00e9! Podcast-sorozatunk m\u00e1sodik epiz\u00f3dj\u00e1ban Szilasi L\u00e1szl\u00f3val, a TdH versenyigazgat\u00f3j\u00e1val besz\u00e9lgett\u00fcnk, aki egy\u00e1ltal\u00e1n nem azokkal a dolgokkal foglalkozik, amiket p\u00e9ld\u00e1ul egy c\u00e9g igazgat\u00f3j\u00e1t\u00f3l v\u00e1rn\u00e1nk. P\u00e9nz\u00fcgyek helyett vil\u00e1gszt\u00e1r versenyz\u0151k, elemz\u00e9sek helyett k\u00fczdelem az adrenalinnal, de az azonnal d\u00f6nt\u00e9sek, a holisztikus szeml\u00e9let \u00e9s a t\u00e1rgyal\u00e1sok lebonyol\u00edt\u00e1sa ugyanaz a felel\u0151ss\u00e9g.<\/strong><!--more--><\/p>\n<p><a href=\"https:\/\/www.welovecycling.com\/hu\/tour-de-hongrie\/szilasi-laszlo-a-fontos-dontesek-felelose\/\">Szilasi L\u00e1szl\u00f3val tavaly is besz\u00e9lgett\u00fcnk<\/a>, \u00e9s minden bizonnyal a k\u00f6vetkez\u0151 \u00e9vekben is \u0151 lesz a verseny sz\u00edve, lelke \u00e9s agya is: n\u00e9lk\u00fcle nem val\u00f3sulhatna meg a Tour de Hongrie, \u00e9s ha m\u00e9gis, akkor sem \u00e1lln\u00e1nak olyan csapatok a rajthoz, mint amilyen az INEOS vagy a Quick-Step.<\/p>\n<p>A csapatok felkeres\u00e9s\u00e9t\u0151l kezdve az \u00fatvonal kiv\u00e1laszt\u00e1s\u00e1n \u00e1t a m\u00e9diamegkeres\u00e9sekig, rengeteg ter\u00fcleten kell L\u00e1szl\u00f3nak meg\u00e1llnia a hely\u00e9t, ennek ellen\u00e9re \u2013 vagy tal\u00e1n pont ez\u00e9rt \u2013 nagyon nyugodtan \u00e9s \u00f6sszeszedetten \u00e9rkezett a felv\u00e9telre. Persze sz\u00fcks\u00e9ge is van erre a nyugalomra, hiszen a verseny alatt neki kell mindent \u00e1tl\u00e1tnia, kapcsolatot tartania a b\u00edr\u00f3kkal \u00e9s a szem\u00e9lyzet t\u00f6bbi r\u00e9sz\u00e9vel az \u00e1talak\u00edtott \u0160koda ENYAQ iV-irod\u00e1j\u00e1ban, \u00e9s neki kell \u00e1tt\u00f6rnie a kerekeseket \u00f6vez\u0151 adrenalink\u00f6d\u00f6t, amikor meg kell \u00e1ll\u00edtani a mez\u0151nyt \u2013 err\u0151l a podcastben r\u00e9szletesebben is mes\u00e9l. Neh\u00e9z d\u00f6nt\u00e9sek sorozata v\u00e1r r\u00e1 minden \u00e9vben, \u0151 azonban mindig a sportol\u00f3k jav\u00e1ra d\u00f6nt: <em>\u201elehet, hogy a n\u00e9z\u0151k szomor\u00faak lesznek, ha meg\u00e1ll\u00edtjuk a versenyt, viszont 60 ember nem t\u00f6rte \u00f6ssze mag\u00e1t aznap.\u201d<\/em><\/p>\n<p>A Tour de Hongrie egy\u00e9bk\u00e9nt is nagyon komolyan veszi a versenyz\u0151k biztons\u00e1g\u00e1t \u00e9s k\u00e9nyelm\u00e9t: \u00e9ppen ez\u00e9rt siker\u00fclt kateg\u00f3ri\u00e1t is l\u00e9pnie, ez\u00e9rt \u00e1llnak rajthoz a legnagyobb sprinterek. De persze a Budapestr\u0151l rajtol\u00f3 Giro, \u00e9s a szuper id\u0151pont is seg\u00edtett abban, hogy a verseny id\u00e9n ilyen n\u00e9pszer\u0171s\u00e9gre tett szert.<\/p>\n<p><em>\u201eEzzel az id\u0151ponttal el\u00e9rt\u00fck, hogy azok j\u00f6nnek hozz\u00e1nk, akik a Tour de France-ra k\u00e9sz\u00fclnek, hiszen \u0151k nem mennek Giro d\u2019Itali\u00e1t, \u00e9s t\u00f6k\u00e9letes felk\u00e9sz\u00fcl\u00e9si verseny nekik ez a mi s\u00edk szakaszainkkal.\u201d<\/em><\/p>\n<p>Hallgasd meg a besz\u00e9lget\u00e9st \u00e9s k\u00f6vesd a Magyar K\u00f6rversenyt m\u00e1jus 11 \u00e9s 15 k\u00f6z\u00f6tt! Ha pedig szeretn\u00e9d megtapasztalni, milyen \u00e9rz\u00e9s a TdH-n tekerni, <a href=\"https:\/\/www.welovecycling.com\/hu\/tourdehongrie-vip\/\">j\u00e1tssz nyerem\u00e9nyj\u00e1t\u00e9kunkkal<\/a> \u00e9s nyerj bring\u00e1s aj\u00e1nd\u00e9kcsomagot vagy k\u00e9t darab VIP bel\u00e9p\u0151t a kir\u00e1lyetapra!<\/p>\n","protected":false},"excerpt":{"rendered":"<p>Hamarosan rajtol az orsz\u00e1g legnagyobb ker\u00e9kp\u00e1ros k\u00f6rversenye, a Tour de Hongrie. Less be vel\u00fcnk a kulissz\u00e1k m\u00f6g\u00e9! Podcast-sorozatunk m\u00e1sodik epiz\u00f3dj\u00e1ban [&hellip;]<\/p>\n","protected":false},"author":71,"featured_media":14936,"comment_status":"open","ping_status":"open","sticky":false,"template":"","format":"video","meta":{"footnotes":""},"categories":[471],"tags":[],"global-categories":[419],"class_list":["post-14945","post","type-post","status-publish","format-video","has-post-thumbnail","hentry","category-tdh2022","post_format-post-format-video","global-categories-cycling"],"yoast_head":"<!-- This site is optimized with the Yoast SEO Premium plugin v25.3 (Yoast SEO v25.9) - https:\/\/yoast.com\/wordpress\/plugins\/seo\/ -->\n<title>Szilasi L\u00e1szl\u00f3, a TdH versenyigazgat\u00f3ja, vil\u00e1gszt\u00e1rok, \u00e9s az elvak\u00edt\u00f3 adrenalin - WLC x \u0160koda podcast<\/title>\n<meta name=\"description\" content=\"Hamarosan rajtol az orsz\u00e1g legnagyobb ker\u00e9kp\u00e1ros k\u00f6rversenye, a Tour de Hongrie. Less be vel\u00fcnk a kulissz\u00e1k m\u00f6g\u00e9! Podcast-sorozatunk m\u00e1sodik epiz\u00f3dj\u00e1ban Szilasi L\u00e1szl\u00f3val, a TdH versenyigazgat\u00f3j\u00e1val besz\u00e9lgett\u00fcnk, aki egy\u00e1ltal\u00e1n nem azokkal a dolgokkal foglalkozik, amiket p\u00e9ld\u00e1ul egy c\u00e9g igazgat\u00f3j\u00e1t\u00f3l v\u00e1rn\u00e1nk. P\u00e9nz\u00fcgyek helyett vil\u00e1gszt\u00e1r versenyz\u0151k, elemz\u00e9sek helyett k\u00fczdelem az adrenalinnal, de az azonnal d\u00f6nt\u00e9sek, a holisztikus szeml\u00e9let \u00e9s a t\u00e1rgyal\u00e1sok lebonyol\u00edt\u00e1sa ugyanaz a felel\u0151ss\u00e9g.\" \/>\n<meta name=\"robots\" content=\"index, follow, max-snippet:-1, max-image-preview:large, max-video-preview:-1\" \/>\n<link rel=\"canonical\" href=\"https:\/\/www.welovecycling.com\/hu\/tdh2022\/szilasi-laszlo-a-tdh-versenyigazgatoja-vilagsztarok-es-az-elvakito-adrenalin-wlc-x-skoda-podcast\/\" \/>\n<meta property=\"og:locale\" content=\"hu_HU\" \/>\n<meta property=\"og:type\" content=\"article\" \/>\n<meta property=\"og:title\" content=\"Szilasi L\u00e1szl\u00f3, a TdH versenyigazgat\u00f3ja, vil\u00e1gszt\u00e1rok, \u00e9s az elvak\u00edt\u00f3 adrenalin - WLC x \u0160koda podcast\" \/>\n<meta property=\"og:description\" content=\"Hamarosan rajtol az orsz\u00e1g legnagyobb ker\u00e9kp\u00e1ros k\u00f6rversenye, a Tour de Hongrie. Less be vel\u00fcnk a kulissz\u00e1k m\u00f6g\u00e9! Podcast-sorozatunk m\u00e1sodik epiz\u00f3dj\u00e1ban Szilasi L\u00e1szl\u00f3val, a TdH versenyigazgat\u00f3j\u00e1val besz\u00e9lgett\u00fcnk, aki egy\u00e1ltal\u00e1n nem azokkal a dolgokkal foglalkozik, amiket p\u00e9ld\u00e1ul egy c\u00e9g igazgat\u00f3j\u00e1t\u00f3l v\u00e1rn\u00e1nk. P\u00e9nz\u00fcgyek helyett vil\u00e1gszt\u00e1r versenyz\u0151k, elemz\u00e9sek helyett k\u00fczdelem az adrenalinnal, de az azonnal d\u00f6nt\u00e9sek, a holisztikus szeml\u00e9let \u00e9s a t\u00e1rgyal\u00e1sok lebonyol\u00edt\u00e1sa ugyanaz a felel\u0151ss\u00e9g.\" \/>\n<meta property=\"og:url\" content=\"https:\/\/www.welovecycling.com\/hu\/tdh2022\/szilasi-laszlo-a-tdh-versenyigazgatoja-vilagsztarok-es-az-elvakito-adrenalin-wlc-x-skoda-podcast\/\" \/>\n<meta property=\"og:site_name\" content=\"\u0160koda We Love Cycling - Magyarorsz\u00e1g\" \/>\n<meta property=\"article:publisher\" content=\"https:\/\/www.facebook.com\/WeLoveCyclingHungary\/\" \/>\n<meta property=\"article:published_time\" content=\"2022-05-09T13:54:16+00:00\" \/>\n<meta property=\"og:image\" content=\"https:\/\/d2p6e6u75xmxt8.cloudfront.net\/12\/2022\/05\/TDH_INTER_SZILASI_LASZLO_990x660.jpeg\" \/>\n\t<meta property=\"og:image:width\" content=\"990\" \/>\n\t<meta property=\"og:image:height\" content=\"660\" \/>\n\t<meta property=\"og:image:type\" content=\"image\/jpeg\" \/>\n<meta name=\"author\" content=\"hegyizs\" \/>\n<meta name=\"twitter:card\" content=\"summary_large_image\" \/>\n<meta name=\"twitter:label1\" content=\"Written by\" \/>\n\t<meta name=\"twitter:data1\" content=\"WLC\" \/>\n\t<meta name=\"twitter:label2\" content=\"Est. reading time\" \/>\n\t<meta name=\"twitter:data2\" content=\"2 minutes\" \/>\n<script type=\"application\/ld+json\" class=\"yoast-schema-graph\">{\"@context\":\"https:\/\/schema.org\",\"@graph\":[{\"@type\":\"WebPage\",\"@id\":\"https:\/\/www.welovecycling.com\/hu\/tdh2022\/szilasi-laszlo-a-tdh-versenyigazgatoja-vilagsztarok-es-az-elvakito-adrenalin-wlc-x-skoda-podcast\/\",\"url\":\"https:\/\/www.welovecycling.com\/hu\/tdh2022\/szilasi-laszlo-a-tdh-versenyigazgatoja-vilagsztarok-es-az-elvakito-adrenalin-wlc-x-skoda-podcast\/\",\"name\":\"Szilasi L\u00e1szl\u00f3, a TdH versenyigazgat\u00f3ja, vil\u00e1gszt\u00e1rok, \u00e9s az elvak\u00edt\u00f3 adrenalin - WLC x \u0160koda podcast\",\"isPartOf\":{\"@id\":\"https:\/\/www.welovecycling.com\/hu\/#website\"},\"primaryImageOfPage\":{\"@id\":\"https:\/\/www.welovecycling.com\/hu\/tdh2022\/szilasi-laszlo-a-tdh-versenyigazgatoja-vilagsztarok-es-az-elvakito-adrenalin-wlc-x-skoda-podcast\/#primaryimage\"},\"image\":{\"@id\":\"https:\/\/www.welovecycling.com\/hu\/tdh2022\/szilasi-laszlo-a-tdh-versenyigazgatoja-vilagsztarok-es-az-elvakito-adrenalin-wlc-x-skoda-podcast\/#primaryimage\"},\"thumbnailUrl\":\"https:\/\/d2p6e6u75xmxt8.cloudfront.net\/12\/2022\/05\/TDH_INTER_SZILASI_LASZLO_990x660.jpeg\",\"datePublished\":\"2022-05-09T13:54:16+00:00\",\"author\":{\"@id\":\"https:\/\/www.welovecycling.com\/hu\/#\/schema\/person\/414a2aebf1801691a5320edb6468e194\"},\"description\":\"Hamarosan rajtol az orsz\u00e1g legnagyobb ker\u00e9kp\u00e1ros k\u00f6rversenye, a Tour de Hongrie. Less be vel\u00fcnk a kulissz\u00e1k m\u00f6g\u00e9! Podcast-sorozatunk m\u00e1sodik epiz\u00f3dj\u00e1ban Szilasi L\u00e1szl\u00f3val, a TdH versenyigazgat\u00f3j\u00e1val besz\u00e9lgett\u00fcnk, aki egy\u00e1ltal\u00e1n nem azokkal a dolgokkal foglalkozik, amiket p\u00e9ld\u00e1ul egy c\u00e9g igazgat\u00f3j\u00e1t\u00f3l v\u00e1rn\u00e1nk. P\u00e9nz\u00fcgyek helyett vil\u00e1gszt\u00e1r versenyz\u0151k, elemz\u00e9sek helyett k\u00fczdelem az adrenalinnal, de az azonnal d\u00f6nt\u00e9sek, a holisztikus szeml\u00e9let \u00e9s a t\u00e1rgyal\u00e1sok lebonyol\u00edt\u00e1sa ugyanaz a felel\u0151ss\u00e9g.\",\"breadcrumb\":{\"@id\":\"https:\/\/www.welovecycling.com\/hu\/tdh2022\/szilasi-laszlo-a-tdh-versenyigazgatoja-vilagsztarok-es-az-elvakito-adrenalin-wlc-x-skoda-podcast\/#breadcrumb\"},\"inLanguage\":\"hu\",\"potentialAction\":[{\"@type\":\"ReadAction\",\"target\":[\"https:\/\/www.welovecycling.com\/hu\/tdh2022\/szilasi-laszlo-a-tdh-versenyigazgatoja-vilagsztarok-es-az-elvakito-adrenalin-wlc-x-skoda-podcast\/\"]}]},{\"@type\":\"ImageObject\",\"inLanguage\":\"hu\",\"@id\":\"https:\/\/www.welovecycling.com\/hu\/tdh2022\/szilasi-laszlo-a-tdh-versenyigazgatoja-vilagsztarok-es-az-elvakito-adrenalin-wlc-x-skoda-podcast\/#primaryimage\",\"url\":\"https:\/\/d2p6e6u75xmxt8.cloudfront.net\/12\/2022\/05\/TDH_INTER_SZILASI_LASZLO_990x660.jpeg\",\"contentUrl\":\"https:\/\/d2p6e6u75xmxt8.cloudfront.net\/12\/2022\/05\/TDH_INTER_SZILASI_LASZLO_990x660.jpeg\",\"width\":990,\"height\":660},{\"@type\":\"BreadcrumbList\",\"@id\":\"https:\/\/www.welovecycling.com\/hu\/tdh2022\/szilasi-laszlo-a-tdh-versenyigazgatoja-vilagsztarok-es-az-elvakito-adrenalin-wlc-x-skoda-podcast\/#breadcrumb\",\"itemListElement\":[{\"@type\":\"ListItem\",\"position\":1,\"name\":\"Home\",\"item\":\"https:\/\/www.welovecycling.com\/hu\/\"},{\"@type\":\"ListItem\",\"position\":2,\"name\":\"Szilasi L\u00e1szl\u00f3, a TdH versenyigazgat\u00f3ja, vil\u00e1gszt\u00e1rok, \u00e9s az elvak\u00edt\u00f3 adrenalin &#8211; WLC x \u0160koda podcast\"}]},{\"@type\":\"WebSite\",\"@id\":\"https:\/\/www.welovecycling.com\/hu\/#website\",\"url\":\"https:\/\/www.welovecycling.com\/hu\/\",\"name\":\"\u0160koda We Love Cycling - Magyarorsz\u00e1g\",\"description\":\"\u0160koda WeLoveCycling\",\"potentialAction\":[{\"@type\":\"SearchAction\",\"target\":{\"@type\":\"EntryPoint\",\"urlTemplate\":\"https:\/\/www.welovecycling.com\/hu\/?s={search_term_string}\"},\"query-input\":{\"@type\":\"PropertyValueSpecification\",\"valueRequired\":true,\"valueName\":\"search_term_string\"}}],\"inLanguage\":\"hu\"},{\"@type\":\"Person\",\"@id\":\"https:\/\/www.welovecycling.com\/hu\/#\/schema\/person\/414a2aebf1801691a5320edb6468e194\",\"name\":\"hegyizs\",\"image\":{\"@type\":\"ImageObject\",\"inLanguage\":\"hu\",\"@id\":\"https:\/\/www.welovecycling.com\/hu\/#\/schema\/person\/image\/\",\"url\":\"https:\/\/secure.gravatar.com\/avatar\/02cf8a7906b8cf90cecb4679defac7cfd33a1c2e3b88e4903d947f3bb58eedd3?s=96&d=mm&r=g\",\"contentUrl\":\"https:\/\/secure.gravatar.com\/avatar\/02cf8a7906b8cf90cecb4679defac7cfd33a1c2e3b88e4903d947f3bb58eedd3?s=96&d=mm&r=g\",\"caption\":\"hegyizs\"},\"url\":\"https:\/\/www.welovecycling.com\/hu\/author\/hegyizs\/\"}]}<\/script>\n<!-- \/ Yoast SEO Premium plugin. -->","yoast_head_json":{"title":"Szilasi L\u00e1szl\u00f3, a TdH versenyigazgat\u00f3ja, vil\u00e1gszt\u00e1rok, \u00e9s az elvak\u00edt\u00f3 adrenalin - WLC x \u0160koda podcast","description":"Hamarosan rajtol az orsz\u00e1g legnagyobb ker\u00e9kp\u00e1ros k\u00f6rversenye, a Tour de Hongrie. Less be vel\u00fcnk a kulissz\u00e1k m\u00f6g\u00e9! Podcast-sorozatunk m\u00e1sodik epiz\u00f3dj\u00e1ban Szilasi L\u00e1szl\u00f3val, a TdH versenyigazgat\u00f3j\u00e1val besz\u00e9lgett\u00fcnk, aki egy\u00e1ltal\u00e1n nem azokkal a dolgokkal foglalkozik, amiket p\u00e9ld\u00e1ul egy c\u00e9g igazgat\u00f3j\u00e1t\u00f3l v\u00e1rn\u00e1nk. P\u00e9nz\u00fcgyek helyett vil\u00e1gszt\u00e1r versenyz\u0151k, elemz\u00e9sek helyett k\u00fczdelem az adrenalinnal, de az azonnal d\u00f6nt\u00e9sek, a holisztikus szeml\u00e9let \u00e9s a t\u00e1rgyal\u00e1sok lebonyol\u00edt\u00e1sa ugyanaz a felel\u0151ss\u00e9g.","robots":{"index":"index","follow":"follow","max-snippet":"max-snippet:-1","max-image-preview":"max-image-preview:large","max-video-preview":"max-video-preview:-1"},"canonical":"https:\/\/www.welovecycling.com\/hu\/tdh2022\/szilasi-laszlo-a-tdh-versenyigazgatoja-vilagsztarok-es-az-elvakito-adrenalin-wlc-x-skoda-podcast\/","og_locale":"hu_HU","og_type":"article","og_title":"Szilasi L\u00e1szl\u00f3, a TdH versenyigazgat\u00f3ja, vil\u00e1gszt\u00e1rok, \u00e9s az elvak\u00edt\u00f3 adrenalin - WLC x \u0160koda podcast","og_description":"Hamarosan rajtol az orsz\u00e1g legnagyobb ker\u00e9kp\u00e1ros k\u00f6rversenye, a Tour de Hongrie. Less be vel\u00fcnk a kulissz\u00e1k m\u00f6g\u00e9! Podcast-sorozatunk m\u00e1sodik epiz\u00f3dj\u00e1ban Szilasi L\u00e1szl\u00f3val, a TdH versenyigazgat\u00f3j\u00e1val besz\u00e9lgett\u00fcnk, aki egy\u00e1ltal\u00e1n nem azokkal a dolgokkal foglalkozik, amiket p\u00e9ld\u00e1ul egy c\u00e9g igazgat\u00f3j\u00e1t\u00f3l v\u00e1rn\u00e1nk. P\u00e9nz\u00fcgyek helyett vil\u00e1gszt\u00e1r versenyz\u0151k, elemz\u00e9sek helyett k\u00fczdelem az adrenalinnal, de az azonnal d\u00f6nt\u00e9sek, a holisztikus szeml\u00e9let \u00e9s a t\u00e1rgyal\u00e1sok lebonyol\u00edt\u00e1sa ugyanaz a felel\u0151ss\u00e9g.","og_url":"https:\/\/www.welovecycling.com\/hu\/tdh2022\/szilasi-laszlo-a-tdh-versenyigazgatoja-vilagsztarok-es-az-elvakito-adrenalin-wlc-x-skoda-podcast\/","og_site_name":"\u0160koda We Love Cycling - Magyarorsz\u00e1g","article_publisher":"https:\/\/www.facebook.com\/WeLoveCyclingHungary\/","article_published_time":"2022-05-09T13:54:16+00:00","og_image":[{"width":990,"height":660,"url":"https:\/\/d2p6e6u75xmxt8.cloudfront.net\/12\/2022\/05\/TDH_INTER_SZILASI_LASZLO_990x660.jpeg","type":"image\/jpeg"}],"author":"hegyizs","twitter_card":"summary_large_image","twitter_misc":{"Written by":"WLC","Est. reading time":"2 minutes"},"schema":{"@context":"https:\/\/schema.org","@graph":[{"@type":"WebPage","@id":"https:\/\/www.welovecycling.com\/hu\/tdh2022\/szilasi-laszlo-a-tdh-versenyigazgatoja-vilagsztarok-es-az-elvakito-adrenalin-wlc-x-skoda-podcast\/","url":"https:\/\/www.welovecycling.com\/hu\/tdh2022\/szilasi-laszlo-a-tdh-versenyigazgatoja-vilagsztarok-es-az-elvakito-adrenalin-wlc-x-skoda-podcast\/","name":"Szilasi L\u00e1szl\u00f3, a TdH versenyigazgat\u00f3ja, vil\u00e1gszt\u00e1rok, \u00e9s az elvak\u00edt\u00f3 adrenalin - WLC x \u0160koda podcast","isPartOf":{"@id":"https:\/\/www.welovecycling.com\/hu\/#website"},"primaryImageOfPage":{"@id":"https:\/\/www.welovecycling.com\/hu\/tdh2022\/szilasi-laszlo-a-tdh-versenyigazgatoja-vilagsztarok-es-az-elvakito-adrenalin-wlc-x-skoda-podcast\/#primaryimage"},"image":{"@id":"https:\/\/www.welovecycling.com\/hu\/tdh2022\/szilasi-laszlo-a-tdh-versenyigazgatoja-vilagsztarok-es-az-elvakito-adrenalin-wlc-x-skoda-podcast\/#primaryimage"},"thumbnailUrl":"https:\/\/d2p6e6u75xmxt8.cloudfront.net\/12\/2022\/05\/TDH_INTER_SZILASI_LASZLO_990x660.jpeg","datePublished":"2022-05-09T13:54:16+00:00","author":{"@id":"https:\/\/www.welovecycling.com\/hu\/#\/schema\/person\/414a2aebf1801691a5320edb6468e194"},"description":"Hamarosan rajtol az orsz\u00e1g legnagyobb ker\u00e9kp\u00e1ros k\u00f6rversenye, a Tour de Hongrie. Less be vel\u00fcnk a kulissz\u00e1k m\u00f6g\u00e9! Podcast-sorozatunk m\u00e1sodik epiz\u00f3dj\u00e1ban Szilasi L\u00e1szl\u00f3val, a TdH versenyigazgat\u00f3j\u00e1val besz\u00e9lgett\u00fcnk, aki egy\u00e1ltal\u00e1n nem azokkal a dolgokkal foglalkozik, amiket p\u00e9ld\u00e1ul egy c\u00e9g igazgat\u00f3j\u00e1t\u00f3l v\u00e1rn\u00e1nk. P\u00e9nz\u00fcgyek helyett vil\u00e1gszt\u00e1r versenyz\u0151k, elemz\u00e9sek helyett k\u00fczdelem az adrenalinnal, de az azonnal d\u00f6nt\u00e9sek, a holisztikus szeml\u00e9let \u00e9s a t\u00e1rgyal\u00e1sok lebonyol\u00edt\u00e1sa ugyanaz a felel\u0151ss\u00e9g.","breadcrumb":{"@id":"https:\/\/www.welovecycling.com\/hu\/tdh2022\/szilasi-laszlo-a-tdh-versenyigazgatoja-vilagsztarok-es-az-elvakito-adrenalin-wlc-x-skoda-podcast\/#breadcrumb"},"inLanguage":"hu","potentialAction":[{"@type":"ReadAction","target":["https:\/\/www.welovecycling.com\/hu\/tdh2022\/szilasi-laszlo-a-tdh-versenyigazgatoja-vilagsztarok-es-az-elvakito-adrenalin-wlc-x-skoda-podcast\/"]}]},{"@type":"ImageObject","inLanguage":"hu","@id":"https:\/\/www.welovecycling.com\/hu\/tdh2022\/szilasi-laszlo-a-tdh-versenyigazgatoja-vilagsztarok-es-az-elvakito-adrenalin-wlc-x-skoda-podcast\/#primaryimage","url":"https:\/\/d2p6e6u75xmxt8.cloudfront.net\/12\/2022\/05\/TDH_INTER_SZILASI_LASZLO_990x660.jpeg","contentUrl":"https:\/\/d2p6e6u75xmxt8.cloudfront.net\/12\/2022\/05\/TDH_INTER_SZILASI_LASZLO_990x660.jpeg","width":990,"height":660},{"@type":"BreadcrumbList","@id":"https:\/\/www.welovecycling.com\/hu\/tdh2022\/szilasi-laszlo-a-tdh-versenyigazgatoja-vilagsztarok-es-az-elvakito-adrenalin-wlc-x-skoda-podcast\/#breadcrumb","itemListElement":[{"@type":"ListItem","position":1,"name":"Home","item":"https:\/\/www.welovecycling.com\/hu\/"},{"@type":"ListItem","position":2,"name":"Szilasi L\u00e1szl\u00f3, a TdH versenyigazgat\u00f3ja, vil\u00e1gszt\u00e1rok, \u00e9s az elvak\u00edt\u00f3 adrenalin &#8211; WLC x \u0160koda podcast"}]},{"@type":"WebSite","@id":"https:\/\/www.welovecycling.com\/hu\/#website","url":"https:\/\/www.welovecycling.com\/hu\/","name":"\u0160koda We Love Cycling - Magyarorsz\u00e1g","description":"\u0160koda WeLoveCycling","potentialAction":[{"@type":"SearchAction","target":{"@type":"EntryPoint","urlTemplate":"https:\/\/www.welovecycling.com\/hu\/?s={search_term_string}"},"query-input":{"@type":"PropertyValueSpecification","valueRequired":true,"valueName":"search_term_string"}}],"inLanguage":"hu"},{"@type":"Person","@id":"https:\/\/www.welovecycling.com\/hu\/#\/schema\/person\/414a2aebf1801691a5320edb6468e194","name":"hegyizs","image":{"@type":"ImageObject","inLanguage":"hu","@id":"https:\/\/www.welovecycling.com\/hu\/#\/schema\/person\/image\/","url":"https:\/\/secure.gravatar.com\/avatar\/02cf8a7906b8cf90cecb4679defac7cfd33a1c2e3b88e4903d947f3bb58eedd3?s=96&d=mm&r=g","contentUrl":"https:\/\/secure.gravatar.com\/avatar\/02cf8a7906b8cf90cecb4679defac7cfd33a1c2e3b88e4903d947f3bb58eedd3?s=96&d=mm&r=g","caption":"hegyizs"},"url":"https:\/\/www.welovecycling.com\/hu\/author\/hegyizs\/"}]}},"_links":{"self":[{"href":"https:\/\/www.welovecycling.com\/hu\/wp-json\/wp\/v2\/posts\/14945","targetHints":{"allow":["GET"]}}],"collection":[{"href":"https:\/\/www.welovecycling.com\/hu\/wp-json\/wp\/v2\/posts"}],"about":[{"href":"https:\/\/www.welovecycling.com\/hu\/wp-json\/wp\/v2\/types\/post"}],"author":[{"embeddable":true,"href":"https:\/\/www.welovecycling.com\/hu\/wp-json\/wp\/v2\/users\/71"}],"replies":[{"embeddable":true,"href":"https:\/\/www.welovecycling.com\/hu\/wp-json\/wp\/v2\/comments?post=14945"}],"version-history":[{"count":1,"href":"https:\/\/www.welovecycling.com\/hu\/wp-json\/wp\/v2\/posts\/14945\/revisions"}],"predecessor-version":[{"id":14946,"href":"https:\/\/www.welovecycling.com\/hu\/wp-json\/wp\/v2\/posts\/14945\/revisions\/14946"}],"wp:featuredmedia":[{"embeddable":true,"href":"https:\/\/www.welovecycling.com\/hu\/wp-json\/wp\/v2\/media\/14936"}],"wp:attachment":[{"href":"https:\/\/www.welovecycling.com\/hu\/wp-json\/wp\/v2\/media?parent=14945"}],"wp:term":[{"taxonomy":"category","embeddable":true,"href":"https:\/\/www.welovecycling.com\/hu\/wp-json\/wp\/v2\/categories?post=14945"},{"taxonomy":"post_tag","embeddable":true,"href":"https:\/\/www.welovecycling.com\/hu\/wp-json\/wp\/v2\/tags?post=14945"},{"taxonomy":"global-categories","embeddable":true,"href":"https:\/\/www.welovecycling.com\/hu\/wp-json\/wp\/v2\/global-categories?post=14945"}],"curies":[{"name":"wp","href":"https:\/\/api.w.org\/{rel}","templated":true}]}}