{"id":14943,"date":"2022-05-09T15:50:41","date_gmt":"2022-05-09T13:50:41","guid":{"rendered":"https:\/\/www.welovecycling.com\/hu\/?p=14943"},"modified":"2022-05-09T15:55:24","modified_gmt":"2022-05-09T13:55:24","slug":"filutas-viktor-a-tdh-versenyzoje-egy-traumatikus-mult-es-egy-izgalmas-jelen-wlc-x-skoda-podcast","status":"publish","type":"post","link":"https:\/\/www.welovecycling.com\/hu\/tdh2022\/filutas-viktor-a-tdh-versenyzoje-egy-traumatikus-mult-es-egy-izgalmas-jelen-wlc-x-skoda-podcast\/","title":{"rendered":"Filut\u00e1s Viktor, a TdH versenyz\u0151je, egy traumatikus m\u00falt \u00e9s egy izgalmas jelen &#8211; WLC x \u0160koda podcast"},"content":{"rendered":"<p><strong>Hamarosan rajtol az orsz\u00e1g legnagyobb ker\u00e9kp\u00e1ros k\u00f6rversenye, a Tour de Hongrie. Less be vel\u00fcnk a kulissz\u00e1k m\u00f6g\u00e9! Podcast-sorozatunk harmadik r\u00e9sz\u00e9ben Filut\u00e1s Viktorral besz\u00e9lgett\u00fcnk, aki egy nagyon neh\u00e9z id\u0151szak ut\u00e1n, \u00faj csapattal a h\u00e1ta m\u00f6g\u00f6tt \u00e1ll rajthoz a versenyen.<\/strong><!--more--><\/p>\n<p>Sokan emlegetik a profi sport \u00e1rnyoldalait, \u00e9s m\u00e9g t\u00f6bben az izgalmait \u2013 Filu mind a kett\u0151r\u0151l sokat tud mes\u00e9lni.<\/p>\n<p>Viktor magyar bajnoki mez\u00e9ben jelent meg a st\u00fadi\u00f3ban, miut\u00e1n telefonon sz\u00f3lt nek\u00fcnk, hogy kicsit k\u00e9sik \u2013 hat kilom\u00e9terre van, de 10 perc m\u00falva itt lesz! Term\u00e9szetes, hogy a profi bring\u00e1soknak eg\u00e9szen m\u00e1s a t\u00e1vols\u00e1g-fogalmuk, Viktor azonban nem csak gyorsan teker, de nagyon kitart\u00f3 \u00e9s al\u00e1zatos is \u2013 a rengeteg edz\u00e9s mellett ezek azok a tulajdons\u00e1gok, melyek seg\u00edtettek neki megv\u00e9deni bajnoki c\u00edm\u00e9t 2021-ben.<\/p>\n<p>B\u00e1r Filu rengeteg eredm\u00e9nyt, rekordot \u00e9s helyez\u00e9st \u00e9rt el a p\u00e1lyaker\u00e9kp\u00e1roz\u00e1sban, \u00fagy \u00e9rezte, hogy nem adta neki vissza ez a sport\u00e1g, azt, amit \u0151 beletett. \u00cdgy mostm\u00e1r csak az orsz\u00e1g\u00fatra koncentr\u00e1l \u2013 ezt pedig a Tour de Hongrie-n is l\u00e1thatjuk majd.<\/p>\n<p>Az Adria Mobil egy teljesen szlov\u00e9n csapat, Viktor az egyetlen k\u00fclf\u00f6ldi a sorban, ennek ellen\u00e9re \u00fagy \u00e9rzi, jobban ide tartozik, mint kor\u00e1bbi csapat\u00e1hoz, ahol rengeteg negat\u00edv \u00e9lm\u00e9ny \u00e9rte \u2013 m\u00e9g azon is elgondolkodott, hogy abbahagyja a ker\u00e9kp\u00e1roz\u00e1st. Szinte egy v\u00e9letlen kapcs\u00e1n tal\u00e1lt r\u00e1 az \u00faj csapatra, akikkel a TdH rajt\u00e1hoz \u00e1ll, \u00e9s akikkel vil\u00e1gszt\u00e1rok ellen fognak versenyezni.<\/p>\n<p><em>\u201eSosem \u00fagy \u00e1llok a versenyhez, hogy azon gondolkozom, hogy kik \u00e1llnak velem rajthoz, az \u00e9rdekel, hogy mi hogy megy\u00fcnk\u201d<\/em> \u2013 mondta Viktor, aki hozz\u00e1tette, hogy neki nagyon j\u00f3l \u00e1ll a mozdony-szerep, saj\u00e1t fizikai hat\u00e1rait feszegetve seg\u00edti a csapatt\u00e1rsait. Val\u00f3sz\u00edn\u0171leg a Tour de Hongrie-n is hasonl\u00f3 szerepk\u00f6rben fogjuk l\u00e1tni, b\u00e1r egyel\u0151re m\u00e9g nem osztotta ki a csapatvezet\u0151 a feladatokat.<\/p>\n<p>Hallgasd meg a besz\u00e9lget\u00e9st \u00e9s szurkolj Viktornak \u00e9s csapat\u00e1nak a m\u00e1jus 11 \u00e9s 15 k\u00f6z\u00f6tt zajl\u00f3 Magyar K\u00f6rversenyen! Ha pedig szeretn\u00e9d megtapasztalni, milyen \u00e9rz\u00e9s a TdH-n tekerni, <a href=\"https:\/\/www.welovecycling.com\/hu\/tourdehongrie-vip\/\">j\u00e1tssz nyerem\u00e9nyj\u00e1t\u00e9kunkkal<\/a> \u00e9s nyerj bring\u00e1s aj\u00e1nd\u00e9kcsomagot vagy k\u00e9t darab VIP bel\u00e9p\u0151t a kir\u00e1lyetapra!<\/p>\n","protected":false},"excerpt":{"rendered":"<p>Hamarosan rajtol az orsz\u00e1g legnagyobb ker\u00e9kp\u00e1ros k\u00f6rversenye, a Tour de Hongrie. Less be vel\u00fcnk a kulissz\u00e1k m\u00f6g\u00e9! Podcast-sorozatunk harmadik r\u00e9sz\u00e9ben [&hellip;]<\/p>\n","protected":false},"author":71,"featured_media":14937,"comment_status":"open","ping_status":"open","sticky":false,"template":"","format":"video","meta":{"footnotes":""},"categories":[471],"tags":[],"global-categories":[419],"class_list":["post-14943","post","type-post","status-publish","format-video","has-post-thumbnail","hentry","category-tdh2022","post_format-post-format-video","global-categories-cycling"],"yoast_head":"<!-- This site is optimized with the Yoast SEO Premium plugin v25.3 (Yoast SEO v25.9) - https:\/\/yoast.com\/wordpress\/plugins\/seo\/ -->\n<title>Filut\u00e1s Viktor, a TdH versenyz\u0151je, egy traumatikus m\u00falt \u00e9s egy izgalmas jelen - WLC x \u0160koda podcast<\/title>\n<meta name=\"description\" content=\"Hamarosan rajtol az orsz\u00e1g legnagyobb ker\u00e9kp\u00e1ros k\u00f6rversenye, a Tour de Hongrie. Less be vel\u00fcnk a kulissz\u00e1k m\u00f6g\u00e9! Podcast-sorozatunk harmadik r\u00e9sz\u00e9ben Filut\u00e1s Viktorral besz\u00e9lgett\u00fcnk, aki egy nagyon neh\u00e9z id\u0151szak ut\u00e1n, \u00faj csapattal a h\u00e1ta m\u00f6g\u00f6tt \u00e1ll rajthoz a versenyen.\" \/>\n<meta name=\"robots\" content=\"index, follow, max-snippet:-1, max-image-preview:large, max-video-preview:-1\" \/>\n<link rel=\"canonical\" href=\"https:\/\/www.welovecycling.com\/hu\/tdh2022\/filutas-viktor-a-tdh-versenyzoje-egy-traumatikus-mult-es-egy-izgalmas-jelen-wlc-x-skoda-podcast\/\" \/>\n<meta property=\"og:locale\" content=\"hu_HU\" \/>\n<meta property=\"og:type\" content=\"article\" \/>\n<meta property=\"og:title\" content=\"Filut\u00e1s Viktor, a TdH versenyz\u0151je, egy traumatikus m\u00falt \u00e9s egy izgalmas jelen - WLC x \u0160koda podcast\" \/>\n<meta property=\"og:description\" content=\"Hamarosan rajtol az orsz\u00e1g legnagyobb ker\u00e9kp\u00e1ros k\u00f6rversenye, a Tour de Hongrie. Less be vel\u00fcnk a kulissz\u00e1k m\u00f6g\u00e9! Podcast-sorozatunk harmadik r\u00e9sz\u00e9ben Filut\u00e1s Viktorral besz\u00e9lgett\u00fcnk, aki egy nagyon neh\u00e9z id\u0151szak ut\u00e1n, \u00faj csapattal a h\u00e1ta m\u00f6g\u00f6tt \u00e1ll rajthoz a versenyen.\" \/>\n<meta property=\"og:url\" content=\"https:\/\/www.welovecycling.com\/hu\/tdh2022\/filutas-viktor-a-tdh-versenyzoje-egy-traumatikus-mult-es-egy-izgalmas-jelen-wlc-x-skoda-podcast\/\" \/>\n<meta property=\"og:site_name\" content=\"\u0160koda We Love Cycling - Magyarorsz\u00e1g\" \/>\n<meta property=\"article:publisher\" content=\"https:\/\/www.facebook.com\/WeLoveCyclingHungary\/\" \/>\n<meta property=\"article:published_time\" content=\"2022-05-09T13:50:41+00:00\" \/>\n<meta property=\"article:modified_time\" content=\"2022-05-09T13:55:24+00:00\" \/>\n<meta property=\"og:image\" content=\"https:\/\/d2p6e6u75xmxt8.cloudfront.net\/12\/2022\/05\/TDH_INTER_FILUTAS_VIKTOR_990x660.jpeg\" \/>\n\t<meta property=\"og:image:width\" content=\"990\" \/>\n\t<meta property=\"og:image:height\" content=\"660\" \/>\n\t<meta property=\"og:image:type\" content=\"image\/jpeg\" \/>\n<meta name=\"author\" content=\"hegyizs\" \/>\n<meta name=\"twitter:card\" content=\"summary_large_image\" \/>\n<meta name=\"twitter:label1\" content=\"Written by\" \/>\n\t<meta name=\"twitter:data1\" content=\"WLC\" \/>\n\t<meta name=\"twitter:label2\" content=\"Est. reading time\" \/>\n\t<meta name=\"twitter:data2\" content=\"2 minutes\" \/>\n<script type=\"application\/ld+json\" class=\"yoast-schema-graph\">{\"@context\":\"https:\/\/schema.org\",\"@graph\":[{\"@type\":\"WebPage\",\"@id\":\"https:\/\/www.welovecycling.com\/hu\/tdh2022\/filutas-viktor-a-tdh-versenyzoje-egy-traumatikus-mult-es-egy-izgalmas-jelen-wlc-x-skoda-podcast\/\",\"url\":\"https:\/\/www.welovecycling.com\/hu\/tdh2022\/filutas-viktor-a-tdh-versenyzoje-egy-traumatikus-mult-es-egy-izgalmas-jelen-wlc-x-skoda-podcast\/\",\"name\":\"Filut\u00e1s Viktor, a TdH versenyz\u0151je, egy traumatikus m\u00falt \u00e9s egy izgalmas jelen - WLC x \u0160koda podcast\",\"isPartOf\":{\"@id\":\"https:\/\/www.welovecycling.com\/hu\/#website\"},\"primaryImageOfPage\":{\"@id\":\"https:\/\/www.welovecycling.com\/hu\/tdh2022\/filutas-viktor-a-tdh-versenyzoje-egy-traumatikus-mult-es-egy-izgalmas-jelen-wlc-x-skoda-podcast\/#primaryimage\"},\"image\":{\"@id\":\"https:\/\/www.welovecycling.com\/hu\/tdh2022\/filutas-viktor-a-tdh-versenyzoje-egy-traumatikus-mult-es-egy-izgalmas-jelen-wlc-x-skoda-podcast\/#primaryimage\"},\"thumbnailUrl\":\"https:\/\/d2p6e6u75xmxt8.cloudfront.net\/12\/2022\/05\/TDH_INTER_FILUTAS_VIKTOR_990x660.jpeg\",\"datePublished\":\"2022-05-09T13:50:41+00:00\",\"dateModified\":\"2022-05-09T13:55:24+00:00\",\"author\":{\"@id\":\"https:\/\/www.welovecycling.com\/hu\/#\/schema\/person\/414a2aebf1801691a5320edb6468e194\"},\"description\":\"Hamarosan rajtol az orsz\u00e1g legnagyobb ker\u00e9kp\u00e1ros k\u00f6rversenye, a Tour de Hongrie. Less be vel\u00fcnk a kulissz\u00e1k m\u00f6g\u00e9! Podcast-sorozatunk harmadik r\u00e9sz\u00e9ben Filut\u00e1s Viktorral besz\u00e9lgett\u00fcnk, aki egy nagyon neh\u00e9z id\u0151szak ut\u00e1n, \u00faj csapattal a h\u00e1ta m\u00f6g\u00f6tt \u00e1ll rajthoz a versenyen.\",\"breadcrumb\":{\"@id\":\"https:\/\/www.welovecycling.com\/hu\/tdh2022\/filutas-viktor-a-tdh-versenyzoje-egy-traumatikus-mult-es-egy-izgalmas-jelen-wlc-x-skoda-podcast\/#breadcrumb\"},\"inLanguage\":\"hu\",\"potentialAction\":[{\"@type\":\"ReadAction\",\"target\":[\"https:\/\/www.welovecycling.com\/hu\/tdh2022\/filutas-viktor-a-tdh-versenyzoje-egy-traumatikus-mult-es-egy-izgalmas-jelen-wlc-x-skoda-podcast\/\"]}]},{\"@type\":\"ImageObject\",\"inLanguage\":\"hu\",\"@id\":\"https:\/\/www.welovecycling.com\/hu\/tdh2022\/filutas-viktor-a-tdh-versenyzoje-egy-traumatikus-mult-es-egy-izgalmas-jelen-wlc-x-skoda-podcast\/#primaryimage\",\"url\":\"https:\/\/d2p6e6u75xmxt8.cloudfront.net\/12\/2022\/05\/TDH_INTER_FILUTAS_VIKTOR_990x660.jpeg\",\"contentUrl\":\"https:\/\/d2p6e6u75xmxt8.cloudfront.net\/12\/2022\/05\/TDH_INTER_FILUTAS_VIKTOR_990x660.jpeg\",\"width\":990,\"height\":660},{\"@type\":\"BreadcrumbList\",\"@id\":\"https:\/\/www.welovecycling.com\/hu\/tdh2022\/filutas-viktor-a-tdh-versenyzoje-egy-traumatikus-mult-es-egy-izgalmas-jelen-wlc-x-skoda-podcast\/#breadcrumb\",\"itemListElement\":[{\"@type\":\"ListItem\",\"position\":1,\"name\":\"Home\",\"item\":\"https:\/\/www.welovecycling.com\/hu\/\"},{\"@type\":\"ListItem\",\"position\":2,\"name\":\"Filut\u00e1s Viktor, a TdH versenyz\u0151je, egy traumatikus m\u00falt \u00e9s egy izgalmas jelen &#8211; WLC x \u0160koda podcast\"}]},{\"@type\":\"WebSite\",\"@id\":\"https:\/\/www.welovecycling.com\/hu\/#website\",\"url\":\"https:\/\/www.welovecycling.com\/hu\/\",\"name\":\"\u0160koda We Love Cycling - Magyarorsz\u00e1g\",\"description\":\"\u0160koda WeLoveCycling\",\"potentialAction\":[{\"@type\":\"SearchAction\",\"target\":{\"@type\":\"EntryPoint\",\"urlTemplate\":\"https:\/\/www.welovecycling.com\/hu\/?s={search_term_string}\"},\"query-input\":{\"@type\":\"PropertyValueSpecification\",\"valueRequired\":true,\"valueName\":\"search_term_string\"}}],\"inLanguage\":\"hu\"},{\"@type\":\"Person\",\"@id\":\"https:\/\/www.welovecycling.com\/hu\/#\/schema\/person\/414a2aebf1801691a5320edb6468e194\",\"name\":\"hegyizs\",\"image\":{\"@type\":\"ImageObject\",\"inLanguage\":\"hu\",\"@id\":\"https:\/\/www.welovecycling.com\/hu\/#\/schema\/person\/image\/\",\"url\":\"https:\/\/secure.gravatar.com\/avatar\/02cf8a7906b8cf90cecb4679defac7cfd33a1c2e3b88e4903d947f3bb58eedd3?s=96&d=mm&r=g\",\"contentUrl\":\"https:\/\/secure.gravatar.com\/avatar\/02cf8a7906b8cf90cecb4679defac7cfd33a1c2e3b88e4903d947f3bb58eedd3?s=96&d=mm&r=g\",\"caption\":\"hegyizs\"},\"url\":\"https:\/\/www.welovecycling.com\/hu\/author\/hegyizs\/\"}]}<\/script>\n<!-- \/ Yoast SEO Premium plugin. -->","yoast_head_json":{"title":"Filut\u00e1s Viktor, a TdH versenyz\u0151je, egy traumatikus m\u00falt \u00e9s egy izgalmas jelen - WLC x \u0160koda podcast","description":"Hamarosan rajtol az orsz\u00e1g legnagyobb ker\u00e9kp\u00e1ros k\u00f6rversenye, a Tour de Hongrie. Less be vel\u00fcnk a kulissz\u00e1k m\u00f6g\u00e9! Podcast-sorozatunk harmadik r\u00e9sz\u00e9ben Filut\u00e1s Viktorral besz\u00e9lgett\u00fcnk, aki egy nagyon neh\u00e9z id\u0151szak ut\u00e1n, \u00faj csapattal a h\u00e1ta m\u00f6g\u00f6tt \u00e1ll rajthoz a versenyen.","robots":{"index":"index","follow":"follow","max-snippet":"max-snippet:-1","max-image-preview":"max-image-preview:large","max-video-preview":"max-video-preview:-1"},"canonical":"https:\/\/www.welovecycling.com\/hu\/tdh2022\/filutas-viktor-a-tdh-versenyzoje-egy-traumatikus-mult-es-egy-izgalmas-jelen-wlc-x-skoda-podcast\/","og_locale":"hu_HU","og_type":"article","og_title":"Filut\u00e1s Viktor, a TdH versenyz\u0151je, egy traumatikus m\u00falt \u00e9s egy izgalmas jelen - WLC x \u0160koda podcast","og_description":"Hamarosan rajtol az orsz\u00e1g legnagyobb ker\u00e9kp\u00e1ros k\u00f6rversenye, a Tour de Hongrie. Less be vel\u00fcnk a kulissz\u00e1k m\u00f6g\u00e9! Podcast-sorozatunk harmadik r\u00e9sz\u00e9ben Filut\u00e1s Viktorral besz\u00e9lgett\u00fcnk, aki egy nagyon neh\u00e9z id\u0151szak ut\u00e1n, \u00faj csapattal a h\u00e1ta m\u00f6g\u00f6tt \u00e1ll rajthoz a versenyen.","og_url":"https:\/\/www.welovecycling.com\/hu\/tdh2022\/filutas-viktor-a-tdh-versenyzoje-egy-traumatikus-mult-es-egy-izgalmas-jelen-wlc-x-skoda-podcast\/","og_site_name":"\u0160koda We Love Cycling - Magyarorsz\u00e1g","article_publisher":"https:\/\/www.facebook.com\/WeLoveCyclingHungary\/","article_published_time":"2022-05-09T13:50:41+00:00","article_modified_time":"2022-05-09T13:55:24+00:00","og_image":[{"width":990,"height":660,"url":"https:\/\/d2p6e6u75xmxt8.cloudfront.net\/12\/2022\/05\/TDH_INTER_FILUTAS_VIKTOR_990x660.jpeg","type":"image\/jpeg"}],"author":"hegyizs","twitter_card":"summary_large_image","twitter_misc":{"Written by":"WLC","Est. reading time":"2 minutes"},"schema":{"@context":"https:\/\/schema.org","@graph":[{"@type":"WebPage","@id":"https:\/\/www.welovecycling.com\/hu\/tdh2022\/filutas-viktor-a-tdh-versenyzoje-egy-traumatikus-mult-es-egy-izgalmas-jelen-wlc-x-skoda-podcast\/","url":"https:\/\/www.welovecycling.com\/hu\/tdh2022\/filutas-viktor-a-tdh-versenyzoje-egy-traumatikus-mult-es-egy-izgalmas-jelen-wlc-x-skoda-podcast\/","name":"Filut\u00e1s Viktor, a TdH versenyz\u0151je, egy traumatikus m\u00falt \u00e9s egy izgalmas jelen - WLC x \u0160koda podcast","isPartOf":{"@id":"https:\/\/www.welovecycling.com\/hu\/#website"},"primaryImageOfPage":{"@id":"https:\/\/www.welovecycling.com\/hu\/tdh2022\/filutas-viktor-a-tdh-versenyzoje-egy-traumatikus-mult-es-egy-izgalmas-jelen-wlc-x-skoda-podcast\/#primaryimage"},"image":{"@id":"https:\/\/www.welovecycling.com\/hu\/tdh2022\/filutas-viktor-a-tdh-versenyzoje-egy-traumatikus-mult-es-egy-izgalmas-jelen-wlc-x-skoda-podcast\/#primaryimage"},"thumbnailUrl":"https:\/\/d2p6e6u75xmxt8.cloudfront.net\/12\/2022\/05\/TDH_INTER_FILUTAS_VIKTOR_990x660.jpeg","datePublished":"2022-05-09T13:50:41+00:00","dateModified":"2022-05-09T13:55:24+00:00","author":{"@id":"https:\/\/www.welovecycling.com\/hu\/#\/schema\/person\/414a2aebf1801691a5320edb6468e194"},"description":"Hamarosan rajtol az orsz\u00e1g legnagyobb ker\u00e9kp\u00e1ros k\u00f6rversenye, a Tour de Hongrie. Less be vel\u00fcnk a kulissz\u00e1k m\u00f6g\u00e9! Podcast-sorozatunk harmadik r\u00e9sz\u00e9ben Filut\u00e1s Viktorral besz\u00e9lgett\u00fcnk, aki egy nagyon neh\u00e9z id\u0151szak ut\u00e1n, \u00faj csapattal a h\u00e1ta m\u00f6g\u00f6tt \u00e1ll rajthoz a versenyen.","breadcrumb":{"@id":"https:\/\/www.welovecycling.com\/hu\/tdh2022\/filutas-viktor-a-tdh-versenyzoje-egy-traumatikus-mult-es-egy-izgalmas-jelen-wlc-x-skoda-podcast\/#breadcrumb"},"inLanguage":"hu","potentialAction":[{"@type":"ReadAction","target":["https:\/\/www.welovecycling.com\/hu\/tdh2022\/filutas-viktor-a-tdh-versenyzoje-egy-traumatikus-mult-es-egy-izgalmas-jelen-wlc-x-skoda-podcast\/"]}]},{"@type":"ImageObject","inLanguage":"hu","@id":"https:\/\/www.welovecycling.com\/hu\/tdh2022\/filutas-viktor-a-tdh-versenyzoje-egy-traumatikus-mult-es-egy-izgalmas-jelen-wlc-x-skoda-podcast\/#primaryimage","url":"https:\/\/d2p6e6u75xmxt8.cloudfront.net\/12\/2022\/05\/TDH_INTER_FILUTAS_VIKTOR_990x660.jpeg","contentUrl":"https:\/\/d2p6e6u75xmxt8.cloudfront.net\/12\/2022\/05\/TDH_INTER_FILUTAS_VIKTOR_990x660.jpeg","width":990,"height":660},{"@type":"BreadcrumbList","@id":"https:\/\/www.welovecycling.com\/hu\/tdh2022\/filutas-viktor-a-tdh-versenyzoje-egy-traumatikus-mult-es-egy-izgalmas-jelen-wlc-x-skoda-podcast\/#breadcrumb","itemListElement":[{"@type":"ListItem","position":1,"name":"Home","item":"https:\/\/www.welovecycling.com\/hu\/"},{"@type":"ListItem","position":2,"name":"Filut\u00e1s Viktor, a TdH versenyz\u0151je, egy traumatikus m\u00falt \u00e9s egy izgalmas jelen &#8211; WLC x \u0160koda podcast"}]},{"@type":"WebSite","@id":"https:\/\/www.welovecycling.com\/hu\/#website","url":"https:\/\/www.welovecycling.com\/hu\/","name":"\u0160koda We Love Cycling - Magyarorsz\u00e1g","description":"\u0160koda WeLoveCycling","potentialAction":[{"@type":"SearchAction","target":{"@type":"EntryPoint","urlTemplate":"https:\/\/www.welovecycling.com\/hu\/?s={search_term_string}"},"query-input":{"@type":"PropertyValueSpecification","valueRequired":true,"valueName":"search_term_string"}}],"inLanguage":"hu"},{"@type":"Person","@id":"https:\/\/www.welovecycling.com\/hu\/#\/schema\/person\/414a2aebf1801691a5320edb6468e194","name":"hegyizs","image":{"@type":"ImageObject","inLanguage":"hu","@id":"https:\/\/www.welovecycling.com\/hu\/#\/schema\/person\/image\/","url":"https:\/\/secure.gravatar.com\/avatar\/02cf8a7906b8cf90cecb4679defac7cfd33a1c2e3b88e4903d947f3bb58eedd3?s=96&d=mm&r=g","contentUrl":"https:\/\/secure.gravatar.com\/avatar\/02cf8a7906b8cf90cecb4679defac7cfd33a1c2e3b88e4903d947f3bb58eedd3?s=96&d=mm&r=g","caption":"hegyizs"},"url":"https:\/\/www.welovecycling.com\/hu\/author\/hegyizs\/"}]}},"_links":{"self":[{"href":"https:\/\/www.welovecycling.com\/hu\/wp-json\/wp\/v2\/posts\/14943","targetHints":{"allow":["GET"]}}],"collection":[{"href":"https:\/\/www.welovecycling.com\/hu\/wp-json\/wp\/v2\/posts"}],"about":[{"href":"https:\/\/www.welovecycling.com\/hu\/wp-json\/wp\/v2\/types\/post"}],"author":[{"embeddable":true,"href":"https:\/\/www.welovecycling.com\/hu\/wp-json\/wp\/v2\/users\/71"}],"replies":[{"embeddable":true,"href":"https:\/\/www.welovecycling.com\/hu\/wp-json\/wp\/v2\/comments?post=14943"}],"version-history":[{"count":1,"href":"https:\/\/www.welovecycling.com\/hu\/wp-json\/wp\/v2\/posts\/14943\/revisions"}],"predecessor-version":[{"id":14944,"href":"https:\/\/www.welovecycling.com\/hu\/wp-json\/wp\/v2\/posts\/14943\/revisions\/14944"}],"wp:featuredmedia":[{"embeddable":true,"href":"https:\/\/www.welovecycling.com\/hu\/wp-json\/wp\/v2\/media\/14937"}],"wp:attachment":[{"href":"https:\/\/www.welovecycling.com\/hu\/wp-json\/wp\/v2\/media?parent=14943"}],"wp:term":[{"taxonomy":"category","embeddable":true,"href":"https:\/\/www.welovecycling.com\/hu\/wp-json\/wp\/v2\/categories?post=14943"},{"taxonomy":"post_tag","embeddable":true,"href":"https:\/\/www.welovecycling.com\/hu\/wp-json\/wp\/v2\/tags?post=14943"},{"taxonomy":"global-categories","embeddable":true,"href":"https:\/\/www.welovecycling.com\/hu\/wp-json\/wp\/v2\/global-categories?post=14943"}],"curies":[{"name":"wp","href":"https:\/\/api.w.org\/{rel}","templated":true}]}}