{"id":14941,"date":"2022-05-09T15:54:43","date_gmt":"2022-05-09T13:54:43","guid":{"rendered":"https:\/\/www.welovecycling.com\/hu\/?p=14941"},"modified":"2022-05-09T15:54:43","modified_gmt":"2022-05-09T13:54:43","slug":"eisenkrammer-karoly-a-tdh-foszervezoje-oromkonnyek-es-a-verseny-jovoje-wlc-x-skoda-podcast","status":"publish","type":"post","link":"https:\/\/www.welovecycling.com\/hu\/tdh2022\/eisenkrammer-karoly-a-tdh-foszervezoje-oromkonnyek-es-a-verseny-jovoje-wlc-x-skoda-podcast\/","title":{"rendered":"Eisenkrammer K\u00e1roly, a TdH f\u0151szervez\u0151je, \u00f6r\u00f6mk\u00f6nnyek, \u00e9s a verseny j\u00f6v\u0151je \u2013 WLC x \u0160koda podcast"},"content":{"rendered":"<p><strong>Hamarosan rajtol az orsz\u00e1g legnagyobb ker\u00e9kp\u00e1ros k\u00f6rversenye, a Tour de Hongrie. Less be vel\u00fcnk a kulissz\u00e1k m\u00f6g\u00e9! Podcast-sorozatunk els\u0151 epiz\u00f3dj\u00e1ban Eisenkrammer K\u00e1rollyal, a verseny f\u0151szervez\u0151j\u00e9vel besz\u00e9lgett\u00fcnk.<\/strong><!--more--><\/p>\n<p>K\u00e1roly \u00e9pp egy ki\u00e1ll\u00edt\u00e1smegnyit\u00f3r\u00f3l rohant \u00e1t hozz\u00e1nk, \u00e9s a felv\u00e9tel ut\u00e1n m\u00e1ris v\u00e1rta k\u00f6vetkez\u0151 programja \u2013 az biztos, hogy nem unatkozik, de a nagy p\u00f6rg\u00e9sben m\u00e9g arra is van energi\u00e1ja, hogy \u0151szint\u00e9n \u00f6r\u00fclj\u00f6n a sikereknek. A Tour de Hongrie feje ugyanis megk\u00f6nnyezte az INEOS jelentkez\u00e9s\u00e9t.<\/p>\n<p><em>\u201eTudtuk, hogy \u0151k az a csapat, akik akkor j\u00f6nnek, ha \u0151k \u00edgy d\u00f6ntenek, felesleges ezen g\u00f6rcs\u00f6lni. Azt\u00e1n janu\u00e1rban, j\u00f6tt egy e-mail, hogy j\u00f6hetnek-e a versenyre.\u201d<\/em><\/p>\n<p>Term\u00e9szetesen nem mondtak r\u00e1 K\u00e1roly\u00e9k nemet. \uf04a<\/p>\n<p>A Giro-bajnok Carapaz, a sprintkir\u00e1ly Jakobsen \u00e9s a 11 WorldTeam vil\u00e1gszerte ismert nevei azt jelzik, hogy a TdH id\u00e9nre el\u00e9rte a j\u00f3 p\u00e1r \u00e9ve kit\u0171z\u00f6tt c\u00e9lokat. Kateg\u00f3ri\u00e1j\u00e1ban m\u00e1r nem fogadhat enn\u00e9l t\u00f6bb WorldTeam-et, \u00e9s a legjobb sprinterek megszerz\u00e9s\u00e9n k\u00edv\u00fcl nem maradt mozg\u00e1stere enn\u00e9l er\u0151sebb mez\u0151ny \u00f6ssze\u00e1ll\u00edt\u00e1s\u00e1ra. De akkor hogyan tov\u00e1bb?<\/p>\n<p><em>\u201eA sprintermez\u0151nyben el\u00e9rt\u00fck, amit el lehetett \u00e9rni, a hegyi men\u0151k k\u00f6z\u00fcl a legjobbak nem fognak j\u00f6nni, mert itt nincs hegy. Az a feladatunk, hogy ezt a poz\u00edci\u00f3t megtartsuk \u00e9s kommunik\u00e1ci\u00f3ban \u00e9p\u00edts\u00fck a versenyt tov\u00e1bb.\u201d<\/em><\/p>\n<p>K\u00e1roly k\u00f6vetkez\u0151 c\u00e9lja, hogy a verseny beker\u00fclj\u00f6n a nemzetk\u00f6zi sz\u00f6vets\u00e9g m\u00e1sodik legrangosabb sorozat\u00e1ba, a ProSeries-be, azonban ennek megval\u00f3sul\u00e1s\u00e1t egy komoly szakmai vit\u00e1nak \u00e9s d\u00f6nt\u00e9seknek kell majd megel\u0151zni\u00fck. Ami viszont eg\u00e9szen biztos, <em>hogy \u201eami most t\u00f6rt\u00e9nik itt, az sportt\u00f6rt\u00e9nelem.\u201d<\/em><\/p>\n<p>Hallgasd meg a besz\u00e9lget\u00e9st \u00e9s k\u00f6vesd a Magyar K\u00f6rversenyt m\u00e1jus 11 \u00e9s 15 k\u00f6z\u00f6tt! Ha pedig szeretn\u00e9d megtapasztalni, milyen \u00e9rz\u00e9s a TdH-n tekerni, <a href=\"https:\/\/www.welovecycling.com\/hu\/tourdehongrie-vip\/\">j\u00e1tssz nyerem\u00e9nyj\u00e1t\u00e9kunkkal<\/a> \u00e9s nyerj bring\u00e1s aj\u00e1nd\u00e9kcsomagot vagy k\u00e9t darab VIP bel\u00e9p\u0151t a kir\u00e1lyetapra!<\/p>\n","protected":false},"excerpt":{"rendered":"<p>Hamarosan rajtol az orsz\u00e1g legnagyobb ker\u00e9kp\u00e1ros k\u00f6rversenye, a Tour de Hongrie. Less be vel\u00fcnk a kulissz\u00e1k m\u00f6g\u00e9! Podcast-sorozatunk els\u0151 epiz\u00f3dj\u00e1ban [&hellip;]<\/p>\n","protected":false},"author":71,"featured_media":14940,"comment_status":"open","ping_status":"open","sticky":false,"template":"","format":"video","meta":{"footnotes":""},"categories":[471],"tags":[],"global-categories":[419],"class_list":["post-14941","post","type-post","status-publish","format-video","has-post-thumbnail","hentry","category-tdh2022","post_format-post-format-video","global-categories-cycling"],"yoast_head":"<!-- This site is optimized with the Yoast SEO Premium plugin v25.3 (Yoast SEO v25.9) - https:\/\/yoast.com\/wordpress\/plugins\/seo\/ -->\n<title>Eisenkrammer K\u00e1roly, a TdH f\u0151szervez\u0151je, \u00f6r\u00f6mk\u00f6nnyek, \u00e9s a verseny j\u00f6v\u0151je \u2013 WLC x \u0160koda podcast<\/title>\n<meta name=\"description\" content=\"Hamarosan rajtol az orsz\u00e1g legnagyobb ker\u00e9kp\u00e1ros k\u00f6rversenye, a Tour de Hongrie. Less be vel\u00fcnk a kulissz\u00e1k m\u00f6g\u00e9! Podcast-sorozatunk els\u0151 epiz\u00f3dj\u00e1ban Eisenkrammer K\u00e1rollyal, a verseny f\u0151szervez\u0151j\u00e9vel besz\u00e9lgett\u00fcnk.\" \/>\n<meta name=\"robots\" content=\"index, follow, max-snippet:-1, max-image-preview:large, max-video-preview:-1\" \/>\n<link rel=\"canonical\" href=\"https:\/\/www.welovecycling.com\/hu\/tdh2022\/eisenkrammer-karoly-a-tdh-foszervezoje-oromkonnyek-es-a-verseny-jovoje-wlc-x-skoda-podcast\/\" \/>\n<meta property=\"og:locale\" content=\"hu_HU\" \/>\n<meta property=\"og:type\" content=\"article\" \/>\n<meta property=\"og:title\" content=\"Eisenkrammer K\u00e1roly, a TdH f\u0151szervez\u0151je, \u00f6r\u00f6mk\u00f6nnyek, \u00e9s a verseny j\u00f6v\u0151je \u2013 WLC x \u0160koda podcast\" \/>\n<meta property=\"og:description\" content=\"Hamarosan rajtol az orsz\u00e1g legnagyobb ker\u00e9kp\u00e1ros k\u00f6rversenye, a Tour de Hongrie. Less be vel\u00fcnk a kulissz\u00e1k m\u00f6g\u00e9! Podcast-sorozatunk els\u0151 epiz\u00f3dj\u00e1ban Eisenkrammer K\u00e1rollyal, a verseny f\u0151szervez\u0151j\u00e9vel besz\u00e9lgett\u00fcnk.\" \/>\n<meta property=\"og:url\" content=\"https:\/\/www.welovecycling.com\/hu\/tdh2022\/eisenkrammer-karoly-a-tdh-foszervezoje-oromkonnyek-es-a-verseny-jovoje-wlc-x-skoda-podcast\/\" \/>\n<meta property=\"og:site_name\" content=\"\u0160koda We Love Cycling - Magyarorsz\u00e1g\" \/>\n<meta property=\"article:publisher\" content=\"https:\/\/www.facebook.com\/WeLoveCyclingHungary\/\" \/>\n<meta property=\"article:published_time\" content=\"2022-05-09T13:54:43+00:00\" \/>\n<meta property=\"og:image\" content=\"https:\/\/d2p6e6u75xmxt8.cloudfront.net\/12\/2022\/05\/TDH_INTER_EISENKRAMMER_KAROLY_990x660.jpeg\" \/>\n\t<meta property=\"og:image:width\" content=\"990\" \/>\n\t<meta property=\"og:image:height\" content=\"660\" \/>\n\t<meta property=\"og:image:type\" content=\"image\/jpeg\" \/>\n<meta name=\"author\" content=\"hegyizs\" \/>\n<meta name=\"twitter:card\" content=\"summary_large_image\" \/>\n<meta name=\"twitter:label1\" content=\"Written by\" \/>\n\t<meta name=\"twitter:data1\" content=\"WLC\" \/>\n\t<meta name=\"twitter:label2\" content=\"Est. reading time\" \/>\n\t<meta name=\"twitter:data2\" content=\"2 minutes\" \/>\n<script type=\"application\/ld+json\" class=\"yoast-schema-graph\">{\"@context\":\"https:\/\/schema.org\",\"@graph\":[{\"@type\":\"WebPage\",\"@id\":\"https:\/\/www.welovecycling.com\/hu\/tdh2022\/eisenkrammer-karoly-a-tdh-foszervezoje-oromkonnyek-es-a-verseny-jovoje-wlc-x-skoda-podcast\/\",\"url\":\"https:\/\/www.welovecycling.com\/hu\/tdh2022\/eisenkrammer-karoly-a-tdh-foszervezoje-oromkonnyek-es-a-verseny-jovoje-wlc-x-skoda-podcast\/\",\"name\":\"Eisenkrammer K\u00e1roly, a TdH f\u0151szervez\u0151je, \u00f6r\u00f6mk\u00f6nnyek, \u00e9s a verseny j\u00f6v\u0151je \u2013 WLC x \u0160koda podcast\",\"isPartOf\":{\"@id\":\"https:\/\/www.welovecycling.com\/hu\/#website\"},\"primaryImageOfPage\":{\"@id\":\"https:\/\/www.welovecycling.com\/hu\/tdh2022\/eisenkrammer-karoly-a-tdh-foszervezoje-oromkonnyek-es-a-verseny-jovoje-wlc-x-skoda-podcast\/#primaryimage\"},\"image\":{\"@id\":\"https:\/\/www.welovecycling.com\/hu\/tdh2022\/eisenkrammer-karoly-a-tdh-foszervezoje-oromkonnyek-es-a-verseny-jovoje-wlc-x-skoda-podcast\/#primaryimage\"},\"thumbnailUrl\":\"https:\/\/d2p6e6u75xmxt8.cloudfront.net\/12\/2022\/05\/TDH_INTER_EISENKRAMMER_KAROLY_990x660.jpeg\",\"datePublished\":\"2022-05-09T13:54:43+00:00\",\"author\":{\"@id\":\"https:\/\/www.welovecycling.com\/hu\/#\/schema\/person\/414a2aebf1801691a5320edb6468e194\"},\"description\":\"Hamarosan rajtol az orsz\u00e1g legnagyobb ker\u00e9kp\u00e1ros k\u00f6rversenye, a Tour de Hongrie. Less be vel\u00fcnk a kulissz\u00e1k m\u00f6g\u00e9! Podcast-sorozatunk els\u0151 epiz\u00f3dj\u00e1ban Eisenkrammer K\u00e1rollyal, a verseny f\u0151szervez\u0151j\u00e9vel besz\u00e9lgett\u00fcnk.\",\"breadcrumb\":{\"@id\":\"https:\/\/www.welovecycling.com\/hu\/tdh2022\/eisenkrammer-karoly-a-tdh-foszervezoje-oromkonnyek-es-a-verseny-jovoje-wlc-x-skoda-podcast\/#breadcrumb\"},\"inLanguage\":\"hu\",\"potentialAction\":[{\"@type\":\"ReadAction\",\"target\":[\"https:\/\/www.welovecycling.com\/hu\/tdh2022\/eisenkrammer-karoly-a-tdh-foszervezoje-oromkonnyek-es-a-verseny-jovoje-wlc-x-skoda-podcast\/\"]}]},{\"@type\":\"ImageObject\",\"inLanguage\":\"hu\",\"@id\":\"https:\/\/www.welovecycling.com\/hu\/tdh2022\/eisenkrammer-karoly-a-tdh-foszervezoje-oromkonnyek-es-a-verseny-jovoje-wlc-x-skoda-podcast\/#primaryimage\",\"url\":\"https:\/\/d2p6e6u75xmxt8.cloudfront.net\/12\/2022\/05\/TDH_INTER_EISENKRAMMER_KAROLY_990x660.jpeg\",\"contentUrl\":\"https:\/\/d2p6e6u75xmxt8.cloudfront.net\/12\/2022\/05\/TDH_INTER_EISENKRAMMER_KAROLY_990x660.jpeg\",\"width\":990,\"height\":660},{\"@type\":\"BreadcrumbList\",\"@id\":\"https:\/\/www.welovecycling.com\/hu\/tdh2022\/eisenkrammer-karoly-a-tdh-foszervezoje-oromkonnyek-es-a-verseny-jovoje-wlc-x-skoda-podcast\/#breadcrumb\",\"itemListElement\":[{\"@type\":\"ListItem\",\"position\":1,\"name\":\"Home\",\"item\":\"https:\/\/www.welovecycling.com\/hu\/\"},{\"@type\":\"ListItem\",\"position\":2,\"name\":\"Eisenkrammer K\u00e1roly, a TdH f\u0151szervez\u0151je, \u00f6r\u00f6mk\u00f6nnyek, \u00e9s a verseny j\u00f6v\u0151je \u2013 WLC x \u0160koda podcast\"}]},{\"@type\":\"WebSite\",\"@id\":\"https:\/\/www.welovecycling.com\/hu\/#website\",\"url\":\"https:\/\/www.welovecycling.com\/hu\/\",\"name\":\"\u0160koda We Love Cycling - Magyarorsz\u00e1g\",\"description\":\"\u0160koda WeLoveCycling\",\"potentialAction\":[{\"@type\":\"SearchAction\",\"target\":{\"@type\":\"EntryPoint\",\"urlTemplate\":\"https:\/\/www.welovecycling.com\/hu\/?s={search_term_string}\"},\"query-input\":{\"@type\":\"PropertyValueSpecification\",\"valueRequired\":true,\"valueName\":\"search_term_string\"}}],\"inLanguage\":\"hu\"},{\"@type\":\"Person\",\"@id\":\"https:\/\/www.welovecycling.com\/hu\/#\/schema\/person\/414a2aebf1801691a5320edb6468e194\",\"name\":\"hegyizs\",\"image\":{\"@type\":\"ImageObject\",\"inLanguage\":\"hu\",\"@id\":\"https:\/\/www.welovecycling.com\/hu\/#\/schema\/person\/image\/\",\"url\":\"https:\/\/secure.gravatar.com\/avatar\/02cf8a7906b8cf90cecb4679defac7cfd33a1c2e3b88e4903d947f3bb58eedd3?s=96&d=mm&r=g\",\"contentUrl\":\"https:\/\/secure.gravatar.com\/avatar\/02cf8a7906b8cf90cecb4679defac7cfd33a1c2e3b88e4903d947f3bb58eedd3?s=96&d=mm&r=g\",\"caption\":\"hegyizs\"},\"url\":\"https:\/\/www.welovecycling.com\/hu\/author\/hegyizs\/\"}]}<\/script>\n<!-- \/ Yoast SEO Premium plugin. -->","yoast_head_json":{"title":"Eisenkrammer K\u00e1roly, a TdH f\u0151szervez\u0151je, \u00f6r\u00f6mk\u00f6nnyek, \u00e9s a verseny j\u00f6v\u0151je \u2013 WLC x \u0160koda podcast","description":"Hamarosan rajtol az orsz\u00e1g legnagyobb ker\u00e9kp\u00e1ros k\u00f6rversenye, a Tour de Hongrie. Less be vel\u00fcnk a kulissz\u00e1k m\u00f6g\u00e9! Podcast-sorozatunk els\u0151 epiz\u00f3dj\u00e1ban Eisenkrammer K\u00e1rollyal, a verseny f\u0151szervez\u0151j\u00e9vel besz\u00e9lgett\u00fcnk.","robots":{"index":"index","follow":"follow","max-snippet":"max-snippet:-1","max-image-preview":"max-image-preview:large","max-video-preview":"max-video-preview:-1"},"canonical":"https:\/\/www.welovecycling.com\/hu\/tdh2022\/eisenkrammer-karoly-a-tdh-foszervezoje-oromkonnyek-es-a-verseny-jovoje-wlc-x-skoda-podcast\/","og_locale":"hu_HU","og_type":"article","og_title":"Eisenkrammer K\u00e1roly, a TdH f\u0151szervez\u0151je, \u00f6r\u00f6mk\u00f6nnyek, \u00e9s a verseny j\u00f6v\u0151je \u2013 WLC x \u0160koda podcast","og_description":"Hamarosan rajtol az orsz\u00e1g legnagyobb ker\u00e9kp\u00e1ros k\u00f6rversenye, a Tour de Hongrie. Less be vel\u00fcnk a kulissz\u00e1k m\u00f6g\u00e9! Podcast-sorozatunk els\u0151 epiz\u00f3dj\u00e1ban Eisenkrammer K\u00e1rollyal, a verseny f\u0151szervez\u0151j\u00e9vel besz\u00e9lgett\u00fcnk.","og_url":"https:\/\/www.welovecycling.com\/hu\/tdh2022\/eisenkrammer-karoly-a-tdh-foszervezoje-oromkonnyek-es-a-verseny-jovoje-wlc-x-skoda-podcast\/","og_site_name":"\u0160koda We Love Cycling - Magyarorsz\u00e1g","article_publisher":"https:\/\/www.facebook.com\/WeLoveCyclingHungary\/","article_published_time":"2022-05-09T13:54:43+00:00","og_image":[{"width":990,"height":660,"url":"https:\/\/d2p6e6u75xmxt8.cloudfront.net\/12\/2022\/05\/TDH_INTER_EISENKRAMMER_KAROLY_990x660.jpeg","type":"image\/jpeg"}],"author":"hegyizs","twitter_card":"summary_large_image","twitter_misc":{"Written by":"WLC","Est. reading time":"2 minutes"},"schema":{"@context":"https:\/\/schema.org","@graph":[{"@type":"WebPage","@id":"https:\/\/www.welovecycling.com\/hu\/tdh2022\/eisenkrammer-karoly-a-tdh-foszervezoje-oromkonnyek-es-a-verseny-jovoje-wlc-x-skoda-podcast\/","url":"https:\/\/www.welovecycling.com\/hu\/tdh2022\/eisenkrammer-karoly-a-tdh-foszervezoje-oromkonnyek-es-a-verseny-jovoje-wlc-x-skoda-podcast\/","name":"Eisenkrammer K\u00e1roly, a TdH f\u0151szervez\u0151je, \u00f6r\u00f6mk\u00f6nnyek, \u00e9s a verseny j\u00f6v\u0151je \u2013 WLC x \u0160koda podcast","isPartOf":{"@id":"https:\/\/www.welovecycling.com\/hu\/#website"},"primaryImageOfPage":{"@id":"https:\/\/www.welovecycling.com\/hu\/tdh2022\/eisenkrammer-karoly-a-tdh-foszervezoje-oromkonnyek-es-a-verseny-jovoje-wlc-x-skoda-podcast\/#primaryimage"},"image":{"@id":"https:\/\/www.welovecycling.com\/hu\/tdh2022\/eisenkrammer-karoly-a-tdh-foszervezoje-oromkonnyek-es-a-verseny-jovoje-wlc-x-skoda-podcast\/#primaryimage"},"thumbnailUrl":"https:\/\/d2p6e6u75xmxt8.cloudfront.net\/12\/2022\/05\/TDH_INTER_EISENKRAMMER_KAROLY_990x660.jpeg","datePublished":"2022-05-09T13:54:43+00:00","author":{"@id":"https:\/\/www.welovecycling.com\/hu\/#\/schema\/person\/414a2aebf1801691a5320edb6468e194"},"description":"Hamarosan rajtol az orsz\u00e1g legnagyobb ker\u00e9kp\u00e1ros k\u00f6rversenye, a Tour de Hongrie. Less be vel\u00fcnk a kulissz\u00e1k m\u00f6g\u00e9! Podcast-sorozatunk els\u0151 epiz\u00f3dj\u00e1ban Eisenkrammer K\u00e1rollyal, a verseny f\u0151szervez\u0151j\u00e9vel besz\u00e9lgett\u00fcnk.","breadcrumb":{"@id":"https:\/\/www.welovecycling.com\/hu\/tdh2022\/eisenkrammer-karoly-a-tdh-foszervezoje-oromkonnyek-es-a-verseny-jovoje-wlc-x-skoda-podcast\/#breadcrumb"},"inLanguage":"hu","potentialAction":[{"@type":"ReadAction","target":["https:\/\/www.welovecycling.com\/hu\/tdh2022\/eisenkrammer-karoly-a-tdh-foszervezoje-oromkonnyek-es-a-verseny-jovoje-wlc-x-skoda-podcast\/"]}]},{"@type":"ImageObject","inLanguage":"hu","@id":"https:\/\/www.welovecycling.com\/hu\/tdh2022\/eisenkrammer-karoly-a-tdh-foszervezoje-oromkonnyek-es-a-verseny-jovoje-wlc-x-skoda-podcast\/#primaryimage","url":"https:\/\/d2p6e6u75xmxt8.cloudfront.net\/12\/2022\/05\/TDH_INTER_EISENKRAMMER_KAROLY_990x660.jpeg","contentUrl":"https:\/\/d2p6e6u75xmxt8.cloudfront.net\/12\/2022\/05\/TDH_INTER_EISENKRAMMER_KAROLY_990x660.jpeg","width":990,"height":660},{"@type":"BreadcrumbList","@id":"https:\/\/www.welovecycling.com\/hu\/tdh2022\/eisenkrammer-karoly-a-tdh-foszervezoje-oromkonnyek-es-a-verseny-jovoje-wlc-x-skoda-podcast\/#breadcrumb","itemListElement":[{"@type":"ListItem","position":1,"name":"Home","item":"https:\/\/www.welovecycling.com\/hu\/"},{"@type":"ListItem","position":2,"name":"Eisenkrammer K\u00e1roly, a TdH f\u0151szervez\u0151je, \u00f6r\u00f6mk\u00f6nnyek, \u00e9s a verseny j\u00f6v\u0151je \u2013 WLC x \u0160koda podcast"}]},{"@type":"WebSite","@id":"https:\/\/www.welovecycling.com\/hu\/#website","url":"https:\/\/www.welovecycling.com\/hu\/","name":"\u0160koda We Love Cycling - Magyarorsz\u00e1g","description":"\u0160koda WeLoveCycling","potentialAction":[{"@type":"SearchAction","target":{"@type":"EntryPoint","urlTemplate":"https:\/\/www.welovecycling.com\/hu\/?s={search_term_string}"},"query-input":{"@type":"PropertyValueSpecification","valueRequired":true,"valueName":"search_term_string"}}],"inLanguage":"hu"},{"@type":"Person","@id":"https:\/\/www.welovecycling.com\/hu\/#\/schema\/person\/414a2aebf1801691a5320edb6468e194","name":"hegyizs","image":{"@type":"ImageObject","inLanguage":"hu","@id":"https:\/\/www.welovecycling.com\/hu\/#\/schema\/person\/image\/","url":"https:\/\/secure.gravatar.com\/avatar\/02cf8a7906b8cf90cecb4679defac7cfd33a1c2e3b88e4903d947f3bb58eedd3?s=96&d=mm&r=g","contentUrl":"https:\/\/secure.gravatar.com\/avatar\/02cf8a7906b8cf90cecb4679defac7cfd33a1c2e3b88e4903d947f3bb58eedd3?s=96&d=mm&r=g","caption":"hegyizs"},"url":"https:\/\/www.welovecycling.com\/hu\/author\/hegyizs\/"}]}},"_links":{"self":[{"href":"https:\/\/www.welovecycling.com\/hu\/wp-json\/wp\/v2\/posts\/14941","targetHints":{"allow":["GET"]}}],"collection":[{"href":"https:\/\/www.welovecycling.com\/hu\/wp-json\/wp\/v2\/posts"}],"about":[{"href":"https:\/\/www.welovecycling.com\/hu\/wp-json\/wp\/v2\/types\/post"}],"author":[{"embeddable":true,"href":"https:\/\/www.welovecycling.com\/hu\/wp-json\/wp\/v2\/users\/71"}],"replies":[{"embeddable":true,"href":"https:\/\/www.welovecycling.com\/hu\/wp-json\/wp\/v2\/comments?post=14941"}],"version-history":[{"count":1,"href":"https:\/\/www.welovecycling.com\/hu\/wp-json\/wp\/v2\/posts\/14941\/revisions"}],"predecessor-version":[{"id":14942,"href":"https:\/\/www.welovecycling.com\/hu\/wp-json\/wp\/v2\/posts\/14941\/revisions\/14942"}],"wp:featuredmedia":[{"embeddable":true,"href":"https:\/\/www.welovecycling.com\/hu\/wp-json\/wp\/v2\/media\/14940"}],"wp:attachment":[{"href":"https:\/\/www.welovecycling.com\/hu\/wp-json\/wp\/v2\/media?parent=14941"}],"wp:term":[{"taxonomy":"category","embeddable":true,"href":"https:\/\/www.welovecycling.com\/hu\/wp-json\/wp\/v2\/categories?post=14941"},{"taxonomy":"post_tag","embeddable":true,"href":"https:\/\/www.welovecycling.com\/hu\/wp-json\/wp\/v2\/tags?post=14941"},{"taxonomy":"global-categories","embeddable":true,"href":"https:\/\/www.welovecycling.com\/hu\/wp-json\/wp\/v2\/global-categories?post=14941"}],"curies":[{"name":"wp","href":"https:\/\/api.w.org\/{rel}","templated":true}]}}