{"id":14929,"date":"2022-05-12T08:00:39","date_gmt":"2022-05-12T06:00:39","guid":{"rendered":"https:\/\/www.welovecycling.com\/hu\/?p=14929"},"modified":"2022-05-06T14:12:24","modified_gmt":"2022-05-06T12:12:24","slug":"nils-van-der-poel-a-korcsolyatol-a-bicikliig","status":"publish","type":"post","link":"https:\/\/www.welovecycling.com\/hu\/orszaguti-kerekpar\/nils-van-der-poel-a-korcsolyatol-a-bicikliig\/","title":{"rendered":"Nils van der Poel: A korcsoly\u00e1t\u00f3l a bicikliig?"},"content":{"rendered":"<p><strong>A van der Poel n\u00e9v j\u00f3l ismert a ker\u00e9kp\u00e1roz\u00e1s szerelmeseinek k\u00f6r\u00e9ben, hiszen az Alpecin-Fenix rendk\u00edv\u00fcl tehets\u00e9ges versenyz\u0151je, Mathieu rangos versenyeket nyert orsz\u00e1g\u00fati, MTB \u00e9s cyclo-cross versenyeken, legut\u00f3bb pedig nem m\u00e1st, mint a k\u00e9tszeres Tour de France-gy\u0151ztes Tadej Poga\u010dart el\u0151zte meg, \u00e9s m\u00e1sodszor is megnyerte a Flandria k\u00f6rversenyt.<\/strong><\/p>\n<p><!--more--><\/p>\n<p>\u00c9s ha minden a tervek szerint halad, egy m\u00e1sik van der Poel, akinek keresztneve Nils, csatlakozhat Mathieu mell\u00e9 a mez\u0151nyben. Sz\u00f6gezz\u00fck le m\u00e9g az elej\u00e9n: nincs k\u00f6z\u00f6tt\u00fck rokoni kapcsolat. Azok sz\u00e1m\u00e1ra, akik m\u00e9g nem hallottak Nils van der Poelr\u0151l: k\u00e9t arany\u00e9rmet nyert a pekingi t\u00e9li olimpi\u00e1n &#8211; gyorskorcsoly\u00e1ban, 5000 \u00e9s 10 000 m\u00e9teres t\u00e1von is gy\u0151z\u00f6tt. Emellett megnyerte a 2022-es \u00f6sszt\u00e1v\u00fa gyorskorcsolya vil\u00e1gbajnoks\u00e1got \u00e9s a 2021-es egy\u00e9ni vil\u00e1gbajnoks\u00e1got 5000 m-en \u00e9s 10 000 m-en. Id\u00e9n m\u00e1rciusban pedig els\u0151 lett 5000 m-en a gyorskorcsolya vil\u00e1gkupa d\u00f6nt\u0151j\u00e9ben.<\/p>\n<div class=\"embed-controller-wrapper\">\n<blockquote class=\"twitter-tweet\" data-width=\"500\" data-dnt=\"true\">\n<p lang=\"en\" dir=\"ltr\">Might be late to the party on this, but I highly recommend reading this paper from Nils van der Poel about his training leading into the Beijing Olympic games. Thanks to <a href=\"https:\/\/twitter.com\/Scienceofsport?ref_src=twsrc%5Etfw\">@Scienceofsport<\/a> for pointing this out on the latest <a href=\"https:\/\/twitter.com\/sportsscipod?ref_src=twsrc%5Etfw\">@sportsscipod<\/a> podcast.<a href=\"https:\/\/t.co\/teRs7etxvW\">https:\/\/t.co\/teRs7etxvW<\/a><\/p>\n<p>&mdash; Justin Daerr (@justindaerr) <a href=\"https:\/\/twitter.com\/justindaerr\/status\/1518371295766884352?ref_src=twsrc%5Etfw\">April 24, 2022<\/a><\/p><\/blockquote>\n<p><script async data-src=\"https:\/\/platform.twitter.com\/widgets.js\" charset=\"utf-8\"><\/script><\/div>\n<p>A 25 \u00e9ves, sv\u00e9d Nilsnek teh\u00e1t nyilv\u00e1nval\u00f3an megvannak a l\u00e1bai \u00e9s az \u00e1ll\u00f3k\u00e9pess\u00e9ge ahhoz, hogy sikeres biciklis legyen. Nem is csoda, hiszen edz\u00e9sprogramj\u00e1hoz rengeteg ker\u00e9kp\u00e1roz\u00e1s tartozik, ahogy azt r\u00e9szletesen le\u00edrja egy tanulm\u00e1nyban. A t\u00e9li olimpi\u00e1ra val\u00f3 felk\u00e9sz\u00fcl\u00e9si programj\u00e1nak els\u0151 r\u00e9sz\u00e9ben p\u00e9ld\u00e1ul, ami az aerob er\u0151fejleszt\u00e9sr\u0151l sz\u00f3lt, heti 33 \u00f3r\u00e1t tekert, \u00f6t nap alatt, mert h\u00e9tv\u00e9g\u00e9n pihent. Egy tipikus aerob edz\u00e9sh\u00e9t \u00edgy n\u00e9zett ki:<\/p>\n<ol>\n<li><strong>H\u00e9tf\u0151:<\/strong> 7 \u00f3ra bicikliz\u00e9s, 260W<\/li>\n<li><strong>Kedd:<\/strong> 6 \u00f3ra bicikliz\u00e9s, 250W<\/li>\n<li><strong>Szerda:<\/strong> 2 \u00f3ra s\u00edfut\u00e1s + 4 \u00f3ra bicikliz\u00e9s, 250W<\/li>\n<li><strong>Cs\u00fct\u00f6rt\u00f6k:<\/strong> 7 \u00f3ra bicikliz\u00e9s, 265W<\/li>\n<li><strong>P\u00e9ntek:<\/strong> 6 \u00f3ra bicikliz\u00e9s, 240W<\/li>\n<\/ol>\n<p>A van der Poel (Nils) \u00e1ltal k\u00fcsz\u00f6bedz\u00e9snek nevezett r\u00e9sz az aerob edz\u00e9st k\u00f6vette, \u00e9s 10 h\u00e9tig tartott. Ism\u00e9t rengeteg mennyis\u00e9g\u0171 ker\u00e9kp\u00e1roz\u00e1st tartalmazott:<\/p>\n<ol>\n<li><strong>H\u00e9tf\u0151:<\/strong> H\u00e9tf\u0151: 5 \u00f3ra ker\u00e9kp\u00e1roz\u00e1s (5 perc 200W, 6 perc 260W, 4&#215;30 perc 401W 5 perc pihen\u0151vel, 2,5 \u00f3ra 220W).<\/li>\n<li><strong>Kedd:<\/strong> 5 \u00f3ra ker\u00e9kp\u00e1roz\u00e1s (5 perc 200W, 6 perc 260W, 5&#215;20 perc 405W 4 perc pihen\u0151vel, 3 \u00f3ra 220W).<\/li>\n<li><strong>Szerda:<\/strong> 5 \u00f3ra ker\u00e9kp\u00e1roz\u00e1s (5 perc 200W, 6 perc 260W, 6&#215;15 perc 408W 4 perc pihen\u0151vel, 3 \u00f3ra 220W)<\/li>\n<li><strong>Cs\u00fct\u00f6rt\u00f6k:<\/strong> 5 \u00f3ra ker\u00e9kp\u00e1roz\u00e1s (5 perc 200W, 6 perc 260W, 4&#215;20 perc 405W 4 perc pihen\u0151vel, 3 \u00f3ra 220W)<\/li>\n<li><strong>P\u00e9ntek:<\/strong> (5 perc 200W, 6 perc 260W, 9&#215;10 perc 406W 3 perc pihen\u0151vel, 2,5 \u00f3ra 220W)<\/li>\n<\/ol>\n<p>Edz\u00e9sprogramj\u00e1nak harmadik r\u00e9sz\u00e9ben, van der Poel a ker\u00e9kp\u00e1roz\u00e1st haszn\u00e1lta bemeleg\u00edt\u00e9sre \u00e9s intenz\u00edv gyorskorcsolya edz\u00e9seinek kieg\u00e9sz\u00edt\u00e9sek\u00e9nt (az al\u00e1bbi 10 km-es edz\u00e9sek a korcsoly\u00e1z\u00e1sra vonatkoznak):<\/p>\n<ol>\n<li><strong>H\u00e9tf\u0151:<\/strong> 10 km-es edz\u00e9s + 2,5 \u00f3ra ker\u00e9kp\u00e1roz\u00e1s, 210W<\/li>\n<li><strong>Kedd:<\/strong> 10 km-es edz\u00e9s + 2,5 \u00f3ra ker\u00e9kp\u00e1roz\u00e1s, 210W<\/li>\n<li><strong>Szerda:<\/strong> 10 km-es edz\u00e9s + 2,5 \u00f3ra ker\u00e9kp\u00e1roz\u00e1s, 210W<\/li>\n<li><strong>Cs\u00fct\u00f6rt\u00f6k:<\/strong> 10 km + 3 \u00f3ra ker\u00e9kp\u00e1roz\u00e1s, 210W<\/li>\n<li><strong>P\u00e9ntek:<\/strong> 10 km-es edz\u00e9s + 3 \u00f3ra ker\u00e9kp\u00e1roz\u00e1s, 210W<\/li>\n<\/ol>\n<p>Nem csoda, hogy a WorldTour csapatok izgatottan v\u00e1rj\u00e1k, hogy Nils &#8211; aki visszavonult a versenykorcsoly\u00e1z\u00e1st\u00f3l &#8211; n\u00e1luk tekerjen. A holland Wielerflits \u00fajs\u00e1g szerint a Jumbo-Visma \u00e9s az EF Education-EasyPost is megk\u00e9rdezte van der Poelt, hogy tesztelhetn\u00e9k-e \u0151t, de m\u00e9g nem v\u00e1laszolt. A csapatok nem er\u0151s\u00edtett\u00e9k meg a h\u00edreket.<\/p>\n<p>Ha Nils van der Poel val\u00f3ban a Jumbo-Vism\u00e1hoz csatlakozna, \u0151 lenne a harmadik versenyz\u0151, akit m\u00e1s sport\u00e1gakb\u00f3l szerz\u0151dtetnek. Primo\u017e Rogli\u010d s\u00edugr\u00f3 karrierje ut\u00e1n kezdett biciklizni, Amber Kraak pedig a holland evez\u0151s v\u00e1logatottb\u00f3l \u00e9rkezett a Jumbo-Visma n\u0151i csapat\u00e1hoz.<\/p>\n","protected":false},"excerpt":{"rendered":"<p>A van der Poel n\u00e9v j\u00f3l ismert a ker\u00e9kp\u00e1roz\u00e1s szerelmeseinek k\u00f6r\u00e9ben, hiszen az Alpecin-Fenix rendk\u00edv\u00fcl tehets\u00e9ges versenyz\u0151je, Mathieu rangos versenyeket [&hellip;]<\/p>\n","protected":false},"author":71,"featured_media":14931,"comment_status":"open","ping_status":"open","sticky":false,"template":"","format":"standard","meta":{"footnotes":""},"categories":[8],"tags":[],"global-categories":[],"class_list":["post-14929","post","type-post","status-publish","format-standard","has-post-thumbnail","hentry","category-orszaguti-kerekpar"],"yoast_head":"<!-- This site is optimized with the Yoast SEO Premium plugin v25.3 (Yoast SEO v25.9) - https:\/\/yoast.com\/wordpress\/plugins\/seo\/ -->\n<title>Nils van der Poel: A korcsoly\u00e1t\u00f3l a bicikliig?<\/title>\n<meta name=\"description\" content=\"A van der Poel n\u00e9v j\u00f3l ismert a ker\u00e9kp\u00e1roz\u00e1s szerelmeseinek k\u00f6r\u00e9ben, hiszen az Alpecin-Fenix rendk\u00edv\u00fcl tehets\u00e9ges versenyz\u0151je, Mathieu rangos versenyeket nyert orsz\u00e1g\u00fati, MTB \u00e9s cyclo-cross versenyeken, legut\u00f3bb pedig nem m\u00e1st, mint a k\u00e9tszeres Tour de France-gy\u0151ztes Tadej Poga\u010dart el\u0151zte meg, \u00e9s m\u00e1sodszor is megnyerte a Flandria k\u00f6rversenyt.\" \/>\n<meta name=\"robots\" content=\"index, follow, max-snippet:-1, max-image-preview:large, max-video-preview:-1\" \/>\n<link rel=\"canonical\" href=\"https:\/\/www.welovecycling.com\/hu\/orszaguti-kerekpar\/nils-van-der-poel-a-korcsolyatol-a-bicikliig\/\" \/>\n<meta property=\"og:locale\" content=\"hu_HU\" \/>\n<meta property=\"og:type\" content=\"article\" \/>\n<meta property=\"og:title\" content=\"Nils van der Poel: A korcsoly\u00e1t\u00f3l a bicikliig?\" \/>\n<meta property=\"og:description\" content=\"A van der Poel n\u00e9v j\u00f3l ismert a ker\u00e9kp\u00e1roz\u00e1s szerelmeseinek k\u00f6r\u00e9ben, hiszen az Alpecin-Fenix rendk\u00edv\u00fcl tehets\u00e9ges versenyz\u0151je, Mathieu rangos versenyeket nyert orsz\u00e1g\u00fati, MTB \u00e9s cyclo-cross versenyeken, legut\u00f3bb pedig nem m\u00e1st, mint a k\u00e9tszeres Tour de France-gy\u0151ztes Tadej Poga\u010dart el\u0151zte meg, \u00e9s m\u00e1sodszor is megnyerte a Flandria k\u00f6rversenyt.\" \/>\n<meta property=\"og:url\" content=\"https:\/\/www.welovecycling.com\/hu\/orszaguti-kerekpar\/nils-van-der-poel-a-korcsolyatol-a-bicikliig\/\" \/>\n<meta property=\"og:site_name\" content=\"\u0160koda We Love Cycling - Magyarorsz\u00e1g\" \/>\n<meta property=\"article:publisher\" content=\"https:\/\/www.facebook.com\/WeLoveCyclingHungary\/\" \/>\n<meta property=\"article:published_time\" content=\"2022-05-12T06:00:39+00:00\" \/>\n<meta property=\"og:image\" content=\"https:\/\/d2p6e6u75xmxt8.cloudfront.net\/12\/2022\/05\/Nils-van-der-Poel-profimedia-0666733309-CVR.jpg\" \/>\n\t<meta property=\"og:image:width\" content=\"1366\" \/>\n\t<meta property=\"og:image:height\" content=\"600\" \/>\n\t<meta property=\"og:image:type\" content=\"image\/jpeg\" \/>\n<meta name=\"author\" content=\"hegyizs\" \/>\n<meta name=\"twitter:card\" content=\"summary_large_image\" \/>\n<meta name=\"twitter:label1\" content=\"Written by\" \/>\n\t<meta name=\"twitter:data1\" content=\"Siegfried Mortkowitz\" \/>\n\t<meta name=\"twitter:label2\" content=\"Est. reading time\" \/>\n\t<meta name=\"twitter:data2\" content=\"5\" \/>\n<script type=\"application\/ld+json\" class=\"yoast-schema-graph\">{\"@context\":\"https:\/\/schema.org\",\"@graph\":[{\"@type\":\"WebPage\",\"@id\":\"https:\/\/www.welovecycling.com\/hu\/orszaguti-kerekpar\/nils-van-der-poel-a-korcsolyatol-a-bicikliig\/\",\"url\":\"https:\/\/www.welovecycling.com\/hu\/orszaguti-kerekpar\/nils-van-der-poel-a-korcsolyatol-a-bicikliig\/\",\"name\":\"Nils van der Poel: A korcsoly\u00e1t\u00f3l a bicikliig?\",\"isPartOf\":{\"@id\":\"https:\/\/www.welovecycling.com\/hu\/#website\"},\"primaryImageOfPage\":{\"@id\":\"https:\/\/www.welovecycling.com\/hu\/orszaguti-kerekpar\/nils-van-der-poel-a-korcsolyatol-a-bicikliig\/#primaryimage\"},\"image\":{\"@id\":\"https:\/\/www.welovecycling.com\/hu\/orszaguti-kerekpar\/nils-van-der-poel-a-korcsolyatol-a-bicikliig\/#primaryimage\"},\"thumbnailUrl\":\"https:\/\/d2p6e6u75xmxt8.cloudfront.net\/12\/2022\/05\/Nils-van-der-Poel-profimedia-0666733309-CVR.jpg\",\"datePublished\":\"2022-05-12T06:00:39+00:00\",\"author\":{\"@id\":\"https:\/\/www.welovecycling.com\/hu\/#\/schema\/person\/414a2aebf1801691a5320edb6468e194\"},\"description\":\"A van der Poel n\u00e9v j\u00f3l ismert a ker\u00e9kp\u00e1roz\u00e1s szerelmeseinek k\u00f6r\u00e9ben, hiszen az Alpecin-Fenix rendk\u00edv\u00fcl tehets\u00e9ges versenyz\u0151je, Mathieu rangos versenyeket nyert orsz\u00e1g\u00fati, MTB \u00e9s cyclo-cross versenyeken, legut\u00f3bb pedig nem m\u00e1st, mint a k\u00e9tszeres Tour de France-gy\u0151ztes Tadej Poga\u010dart el\u0151zte meg, \u00e9s m\u00e1sodszor is megnyerte a Flandria k\u00f6rversenyt.\",\"breadcrumb\":{\"@id\":\"https:\/\/www.welovecycling.com\/hu\/orszaguti-kerekpar\/nils-van-der-poel-a-korcsolyatol-a-bicikliig\/#breadcrumb\"},\"inLanguage\":\"hu\",\"potentialAction\":[{\"@type\":\"ReadAction\",\"target\":[\"https:\/\/www.welovecycling.com\/hu\/orszaguti-kerekpar\/nils-van-der-poel-a-korcsolyatol-a-bicikliig\/\"]}]},{\"@type\":\"ImageObject\",\"inLanguage\":\"hu\",\"@id\":\"https:\/\/www.welovecycling.com\/hu\/orszaguti-kerekpar\/nils-van-der-poel-a-korcsolyatol-a-bicikliig\/#primaryimage\",\"url\":\"https:\/\/d2p6e6u75xmxt8.cloudfront.net\/12\/2022\/05\/Nils-van-der-Poel-profimedia-0666733309-CVR.jpg\",\"contentUrl\":\"https:\/\/d2p6e6u75xmxt8.cloudfront.net\/12\/2022\/05\/Nils-van-der-Poel-profimedia-0666733309-CVR.jpg\",\"width\":1366,\"height\":600,\"caption\":\"Nils van der Poel\"},{\"@type\":\"BreadcrumbList\",\"@id\":\"https:\/\/www.welovecycling.com\/hu\/orszaguti-kerekpar\/nils-van-der-poel-a-korcsolyatol-a-bicikliig\/#breadcrumb\",\"itemListElement\":[{\"@type\":\"ListItem\",\"position\":1,\"name\":\"Home\",\"item\":\"https:\/\/www.welovecycling.com\/hu\/\"},{\"@type\":\"ListItem\",\"position\":2,\"name\":\"Nils van der Poel: A korcsoly\u00e1t\u00f3l a bicikliig?\"}]},{\"@type\":\"WebSite\",\"@id\":\"https:\/\/www.welovecycling.com\/hu\/#website\",\"url\":\"https:\/\/www.welovecycling.com\/hu\/\",\"name\":\"\u0160koda We Love Cycling - Magyarorsz\u00e1g\",\"description\":\"\u0160koda WeLoveCycling\",\"potentialAction\":[{\"@type\":\"SearchAction\",\"target\":{\"@type\":\"EntryPoint\",\"urlTemplate\":\"https:\/\/www.welovecycling.com\/hu\/?s={search_term_string}\"},\"query-input\":{\"@type\":\"PropertyValueSpecification\",\"valueRequired\":true,\"valueName\":\"search_term_string\"}}],\"inLanguage\":\"hu\"},{\"@type\":\"Person\",\"@id\":\"https:\/\/www.welovecycling.com\/hu\/#\/schema\/person\/414a2aebf1801691a5320edb6468e194\",\"name\":\"hegyizs\",\"image\":{\"@type\":\"ImageObject\",\"inLanguage\":\"hu\",\"@id\":\"https:\/\/www.welovecycling.com\/hu\/#\/schema\/person\/image\/\",\"url\":\"https:\/\/secure.gravatar.com\/avatar\/02cf8a7906b8cf90cecb4679defac7cfd33a1c2e3b88e4903d947f3bb58eedd3?s=96&d=mm&r=g\",\"contentUrl\":\"https:\/\/secure.gravatar.com\/avatar\/02cf8a7906b8cf90cecb4679defac7cfd33a1c2e3b88e4903d947f3bb58eedd3?s=96&d=mm&r=g\",\"caption\":\"hegyizs\"},\"url\":\"https:\/\/www.welovecycling.com\/hu\/author\/hegyizs\/\"}]}<\/script>\n<!-- \/ Yoast SEO Premium plugin. -->","yoast_head_json":{"title":"Nils van der Poel: A korcsoly\u00e1t\u00f3l a bicikliig?","description":"A van der Poel n\u00e9v j\u00f3l ismert a ker\u00e9kp\u00e1roz\u00e1s szerelmeseinek k\u00f6r\u00e9ben, hiszen az Alpecin-Fenix rendk\u00edv\u00fcl tehets\u00e9ges versenyz\u0151je, Mathieu rangos versenyeket nyert orsz\u00e1g\u00fati, MTB \u00e9s cyclo-cross versenyeken, legut\u00f3bb pedig nem m\u00e1st, mint a k\u00e9tszeres Tour de France-gy\u0151ztes Tadej Poga\u010dart el\u0151zte meg, \u00e9s m\u00e1sodszor is megnyerte a Flandria k\u00f6rversenyt.","robots":{"index":"index","follow":"follow","max-snippet":"max-snippet:-1","max-image-preview":"max-image-preview:large","max-video-preview":"max-video-preview:-1"},"canonical":"https:\/\/www.welovecycling.com\/hu\/orszaguti-kerekpar\/nils-van-der-poel-a-korcsolyatol-a-bicikliig\/","og_locale":"hu_HU","og_type":"article","og_title":"Nils van der Poel: A korcsoly\u00e1t\u00f3l a bicikliig?","og_description":"A van der Poel n\u00e9v j\u00f3l ismert a ker\u00e9kp\u00e1roz\u00e1s szerelmeseinek k\u00f6r\u00e9ben, hiszen az Alpecin-Fenix rendk\u00edv\u00fcl tehets\u00e9ges versenyz\u0151je, Mathieu rangos versenyeket nyert orsz\u00e1g\u00fati, MTB \u00e9s cyclo-cross versenyeken, legut\u00f3bb pedig nem m\u00e1st, mint a k\u00e9tszeres Tour de France-gy\u0151ztes Tadej Poga\u010dart el\u0151zte meg, \u00e9s m\u00e1sodszor is megnyerte a Flandria k\u00f6rversenyt.","og_url":"https:\/\/www.welovecycling.com\/hu\/orszaguti-kerekpar\/nils-van-der-poel-a-korcsolyatol-a-bicikliig\/","og_site_name":"\u0160koda We Love Cycling - Magyarorsz\u00e1g","article_publisher":"https:\/\/www.facebook.com\/WeLoveCyclingHungary\/","article_published_time":"2022-05-12T06:00:39+00:00","og_image":[{"width":1366,"height":600,"url":"https:\/\/d2p6e6u75xmxt8.cloudfront.net\/12\/2022\/05\/Nils-van-der-Poel-profimedia-0666733309-CVR.jpg","type":"image\/jpeg"}],"author":"hegyizs","twitter_card":"summary_large_image","twitter_misc":{"Written by":"Siegfried Mortkowitz","Est. reading time":"5"},"schema":{"@context":"https:\/\/schema.org","@graph":[{"@type":"WebPage","@id":"https:\/\/www.welovecycling.com\/hu\/orszaguti-kerekpar\/nils-van-der-poel-a-korcsolyatol-a-bicikliig\/","url":"https:\/\/www.welovecycling.com\/hu\/orszaguti-kerekpar\/nils-van-der-poel-a-korcsolyatol-a-bicikliig\/","name":"Nils van der Poel: A korcsoly\u00e1t\u00f3l a bicikliig?","isPartOf":{"@id":"https:\/\/www.welovecycling.com\/hu\/#website"},"primaryImageOfPage":{"@id":"https:\/\/www.welovecycling.com\/hu\/orszaguti-kerekpar\/nils-van-der-poel-a-korcsolyatol-a-bicikliig\/#primaryimage"},"image":{"@id":"https:\/\/www.welovecycling.com\/hu\/orszaguti-kerekpar\/nils-van-der-poel-a-korcsolyatol-a-bicikliig\/#primaryimage"},"thumbnailUrl":"https:\/\/d2p6e6u75xmxt8.cloudfront.net\/12\/2022\/05\/Nils-van-der-Poel-profimedia-0666733309-CVR.jpg","datePublished":"2022-05-12T06:00:39+00:00","author":{"@id":"https:\/\/www.welovecycling.com\/hu\/#\/schema\/person\/414a2aebf1801691a5320edb6468e194"},"description":"A van der Poel n\u00e9v j\u00f3l ismert a ker\u00e9kp\u00e1roz\u00e1s szerelmeseinek k\u00f6r\u00e9ben, hiszen az Alpecin-Fenix rendk\u00edv\u00fcl tehets\u00e9ges versenyz\u0151je, Mathieu rangos versenyeket nyert orsz\u00e1g\u00fati, MTB \u00e9s cyclo-cross versenyeken, legut\u00f3bb pedig nem m\u00e1st, mint a k\u00e9tszeres Tour de France-gy\u0151ztes Tadej Poga\u010dart el\u0151zte meg, \u00e9s m\u00e1sodszor is megnyerte a Flandria k\u00f6rversenyt.","breadcrumb":{"@id":"https:\/\/www.welovecycling.com\/hu\/orszaguti-kerekpar\/nils-van-der-poel-a-korcsolyatol-a-bicikliig\/#breadcrumb"},"inLanguage":"hu","potentialAction":[{"@type":"ReadAction","target":["https:\/\/www.welovecycling.com\/hu\/orszaguti-kerekpar\/nils-van-der-poel-a-korcsolyatol-a-bicikliig\/"]}]},{"@type":"ImageObject","inLanguage":"hu","@id":"https:\/\/www.welovecycling.com\/hu\/orszaguti-kerekpar\/nils-van-der-poel-a-korcsolyatol-a-bicikliig\/#primaryimage","url":"https:\/\/d2p6e6u75xmxt8.cloudfront.net\/12\/2022\/05\/Nils-van-der-Poel-profimedia-0666733309-CVR.jpg","contentUrl":"https:\/\/d2p6e6u75xmxt8.cloudfront.net\/12\/2022\/05\/Nils-van-der-Poel-profimedia-0666733309-CVR.jpg","width":1366,"height":600,"caption":"Nils van der Poel"},{"@type":"BreadcrumbList","@id":"https:\/\/www.welovecycling.com\/hu\/orszaguti-kerekpar\/nils-van-der-poel-a-korcsolyatol-a-bicikliig\/#breadcrumb","itemListElement":[{"@type":"ListItem","position":1,"name":"Home","item":"https:\/\/www.welovecycling.com\/hu\/"},{"@type":"ListItem","position":2,"name":"Nils van der Poel: A korcsoly\u00e1t\u00f3l a bicikliig?"}]},{"@type":"WebSite","@id":"https:\/\/www.welovecycling.com\/hu\/#website","url":"https:\/\/www.welovecycling.com\/hu\/","name":"\u0160koda We Love Cycling - Magyarorsz\u00e1g","description":"\u0160koda WeLoveCycling","potentialAction":[{"@type":"SearchAction","target":{"@type":"EntryPoint","urlTemplate":"https:\/\/www.welovecycling.com\/hu\/?s={search_term_string}"},"query-input":{"@type":"PropertyValueSpecification","valueRequired":true,"valueName":"search_term_string"}}],"inLanguage":"hu"},{"@type":"Person","@id":"https:\/\/www.welovecycling.com\/hu\/#\/schema\/person\/414a2aebf1801691a5320edb6468e194","name":"hegyizs","image":{"@type":"ImageObject","inLanguage":"hu","@id":"https:\/\/www.welovecycling.com\/hu\/#\/schema\/person\/image\/","url":"https:\/\/secure.gravatar.com\/avatar\/02cf8a7906b8cf90cecb4679defac7cfd33a1c2e3b88e4903d947f3bb58eedd3?s=96&d=mm&r=g","contentUrl":"https:\/\/secure.gravatar.com\/avatar\/02cf8a7906b8cf90cecb4679defac7cfd33a1c2e3b88e4903d947f3bb58eedd3?s=96&d=mm&r=g","caption":"hegyizs"},"url":"https:\/\/www.welovecycling.com\/hu\/author\/hegyizs\/"}]}},"_links":{"self":[{"href":"https:\/\/www.welovecycling.com\/hu\/wp-json\/wp\/v2\/posts\/14929","targetHints":{"allow":["GET"]}}],"collection":[{"href":"https:\/\/www.welovecycling.com\/hu\/wp-json\/wp\/v2\/posts"}],"about":[{"href":"https:\/\/www.welovecycling.com\/hu\/wp-json\/wp\/v2\/types\/post"}],"author":[{"embeddable":true,"href":"https:\/\/www.welovecycling.com\/hu\/wp-json\/wp\/v2\/users\/71"}],"replies":[{"embeddable":true,"href":"https:\/\/www.welovecycling.com\/hu\/wp-json\/wp\/v2\/comments?post=14929"}],"version-history":[{"count":1,"href":"https:\/\/www.welovecycling.com\/hu\/wp-json\/wp\/v2\/posts\/14929\/revisions"}],"predecessor-version":[{"id":14932,"href":"https:\/\/www.welovecycling.com\/hu\/wp-json\/wp\/v2\/posts\/14929\/revisions\/14932"}],"wp:featuredmedia":[{"embeddable":true,"href":"https:\/\/www.welovecycling.com\/hu\/wp-json\/wp\/v2\/media\/14931"}],"wp:attachment":[{"href":"https:\/\/www.welovecycling.com\/hu\/wp-json\/wp\/v2\/media?parent=14929"}],"wp:term":[{"taxonomy":"category","embeddable":true,"href":"https:\/\/www.welovecycling.com\/hu\/wp-json\/wp\/v2\/categories?post=14929"},{"taxonomy":"post_tag","embeddable":true,"href":"https:\/\/www.welovecycling.com\/hu\/wp-json\/wp\/v2\/tags?post=14929"},{"taxonomy":"global-categories","embeddable":true,"href":"https:\/\/www.welovecycling.com\/hu\/wp-json\/wp\/v2\/global-categories?post=14929"}],"curies":[{"name":"wp","href":"https:\/\/api.w.org\/{rel}","templated":true}]}}