{"id":14922,"date":"2022-05-08T08:00:25","date_gmt":"2022-05-08T06:00:25","guid":{"rendered":"https:\/\/www.welovecycling.com\/hu\/?p=14922"},"modified":"2022-05-06T14:10:07","modified_gmt":"2022-05-06T12:10:07","slug":"girora-deru-itt-az-ujabb-sztarparade-a-tour-de-hongrie-is-elkepeszto-nevekkel-rajtol","status":"publish","type":"post","link":"https:\/\/www.welovecycling.com\/hu\/tour-de-hongrie\/girora-deru-itt-az-ujabb-sztarparade-a-tour-de-hongrie-is-elkepeszto-nevekkel-rajtol\/","title":{"rendered":"Gir\u00f3ra der\u0171: itt az \u00fajabb szt\u00e1rpar\u00e1d\u00e9, a Tour de Hongrie is elk\u00e9peszt\u0151 nevekkel rajtol!"},"content":{"rendered":"<p><strong>T\u00falz\u00e1s n\u00e9lk\u00fcl \u00e1ll\u00edthatjuk, hogy t\u00f6rt\u00e9nelmi napokat \u00e9l\u00fcnk: id\u00e9n m\u00e1jusban haz\u00e1nk ker\u00fclt a vil\u00e1g ker\u00e9kp\u00e1rsportj\u00e1nak k\u00f6z\u00e9ppontj\u00e1ba. A fantasztikus magyarorsz\u00e1gi Giro-rajt \u00e9s a verseny h\u00e1rom itteni szakasza ut\u00e1n h\u00e1rom nappal elstartol ugyanis a Tour de Hongrie is, amely, \u00fagy t\u0171nik, v\u00e9gleg meg\u00e9rkezett a vil\u00e1gsz\u00ednpadra. <\/strong><!--more--><\/p>\n<p>Ahhoz m\u00e1r az elm\u00falt \u00e9vekben is hozz\u00e1szokhattunk, hogy World Tour-csapatokkal \u00e9s kiv\u00e1l\u00f3 versenyz\u0151kkel vagyunk elk\u00e9nyeztetve sz\u0171k egy h\u00e9ten \u00e1t, 2022-ben azonban megj\u00f6tt az az \u00e1h\u00edtott \u00e1tt\u00f6r\u00e9si pont, amelyet Eisenkrammer K\u00e1roly f\u0151szervez\u0151 annyit emlegetett az ut\u00f3bbi id\u0151ben: imm\u00e1r a legnagyobb nevek \u00e9s sport\u00e1gi szt\u00e1rok k\u00f6z\u00fcl is t\u00f6bben a magyar k\u00f6rt v\u00e1lasztott\u00e1k a Tour de France-ra val\u00f3 felk\u00e9sz\u00fcl\u00e9s jegy\u00e9ben. F\u00e9lre\u00e9rt\u00e9s ne ess\u00e9k, a m\u00f6g\u00f6tt\u00fcnk hagyott \u00e9vekben is remek, \u00e9s egyre jobb bring\u00e1sok j\u00f6ttek el hozz\u00e1nk, de az, hogy az elitcsapatok k\u00f6z\u00fcl most itt lesz p\u00e9ld\u00e1ul a brit gig\u00e1sz Ineos, vagy a belga Quick-Step, a versenyz\u0151k k\u00f6z\u00fcl pedig a 2020-as Giro-gy\u0151ztes brit Tao Gheogegan Hart, illetve a vil\u00e1g legjobb szt\u00e1rsprinterei k\u00f6z\u00fcl mindj\u00e1rt h\u00e1rom is \u2013 Elia Viviani, Fabio Jakobsen, Dylan Groenewegen \u2013, t\u00e9nyleg egy eg\u00e9szen m\u00e1s polcra emeli nemzeti k\u00f6rverseny\u00fcnket. Ezek a nevek m\u00e1r az elit elitjei \u2013 Jakobsen \u00e9s Groenewegen csat\u00e1ja pedig k\u00fcl\u00f6n pik\u00e1nsnak \u00edg\u00e9rkezik azok ut\u00e1n, hogy anno a lengyel k\u00f6r\u00f6n t\u00f6rt\u00e9nt eml\u00e9kezetes aff\u00e9rjuk hajsz\u00e1l h\u00edj\u00e1n el\u0151bbi \u00e9let\u00e9be ker\u00fclt k\u00e9t \u00e9ve.<\/p>\n<figure id=\"attachment_14924\" aria-describedby=\"caption-attachment-14924\" style=\"width: 1024px\" class=\"wp-caption alignnone\"><img loading=\"lazy\" decoding=\"async\" class=\"size-large wp-image-14924\" src=\"https:\/\/d2p6e6u75xmxt8.cloudfront.net\/12\/2022\/05\/elia-viviani-wins-220211g1050-1024x566.jpg\" alt=\"\" width=\"1024\" height=\"566\" srcset=\"https:\/\/d2p6e6u75xmxt8.cloudfront.net\/12\/2022\/05\/elia-viviani-wins-220211g1050-1024x566.jpg 1024w, https:\/\/d2p6e6u75xmxt8.cloudfront.net\/12\/2022\/05\/elia-viviani-wins-220211g1050-300x166.jpg 300w, https:\/\/d2p6e6u75xmxt8.cloudfront.net\/12\/2022\/05\/elia-viviani-wins-220211g1050-768x424.jpg 768w, https:\/\/d2p6e6u75xmxt8.cloudfront.net\/12\/2022\/05\/elia-viviani-wins-220211g1050.jpg 1050w\" sizes=\"auto, (max-width: 1024px) 100vw, 1024px\" \/><figcaption id=\"caption-attachment-14924\" class=\"wp-caption-text\">Az olaszok szt\u00e1rsprintere, az olimpiai \u00e9s vil\u00e1gbajnok, Tour de France-szakaszgy\u0151ztes, Giro-pontversenygy\u0151ztes Elia Viviani is n\u00e1lunk (fot\u00f3: Luc Claessen\/Getty Images)<\/figcaption><\/figure>\n<p><em>\u201eM\u00e1r csak haz\u00e1nk f\u00f6ldrajzi adotts\u00e1gait figyelembe v\u00e9ve is kimondottan arra ment\u00fck r\u00e1, \u00e9s \u00e9vek \u00f3ta azon dolgozunk kem\u00e9nyen, hogy egy olyan sprinterversenyt csin\u00e1ljunk a TdH-b\u00f3l, amelyre a m\u0171faj val\u00f3ban legnagyobb szt\u00e1rjai is elj\u00f6nnek. \u00dagy l\u00e1tszik, mostanra siker\u00fclt eljutnunk erre a szintre\u201d<\/em> \u2013 magyar\u00e1zta Szilasi L\u00e1szl\u00f3 versenyigazgat\u00f3, hozz\u00e1t\u00e9ve, az\u00e9rt szeretnek hozz\u00e1nk j\u00e1rni a World Tour-ist\u00e1ll\u00f3k, mert a k\u00f6r\u00fclm\u00e9nyek j\u00f3k, a verseny j\u00f3, a szervez\u00e9s j\u00f3, \u00e9s ami az \u0151 szempontjukb\u00f3l a legfontosabb: biztons\u00e1gban \u00e9rzik magukat a viadal k\u00f6zben.<\/p>\n<p>Szilasi L\u00e1szl\u00f3nak egy\u00e9bk\u00e9nt r\u00e9g\u00f3ta d\u00e9delgetett \u00e1lma volt Magyarorsz\u00e1gra cs\u00e1b\u00edtani az \u00e9vezred egyik legn\u00e9pszer\u0171bb \u00e9s legeredm\u00e9nyesebb csapat\u00e1t, a Quick-Stepet, ez most siker\u00fclt is. Eisenkrammer K\u00e1roly el\u00e1rulta: <em>\u201eM\u00e1r amikor a Quick-Stepet siker\u00fclt megszerezni, akkor is madarat lehetett volna velem fogatni, de amikor az utols\u00f3 ut\u00e1ni pillanatban v\u00e1ratlanul be\u00e9rkezett az Ineos nevez\u00e9se, azt bevallom f\u00e9rfiasan, megk\u00f6nnyeztem!\u201d<\/em><\/p>\n<p>Mivel a magyarorsz\u00e1gi Giro-szakaszok els\u0151sorban f\u0151v\u00e1rosi, illetve Dun\u00e1nt\u00fal-k\u00f6zpont\u00faak, a Tour de Hongrie ism\u00e9t keleti-\u00e9szaki f\u00f3kuszpont\u00fa lesz \u2013 ez az ut\u00f3bbi \u00e9vekben is j\u00f3l bev\u00e1lt m\u00e1r. Az els\u0151 n\u00e9gy szakaszon v\u00e1rhat\u00f3an az eddigin\u00e9l is l\u00e1tv\u00e1nyosabb, adrenalind\u00fasabb sprintbefut\u00f3 fog d\u00f6nteni a Magyarorsz\u00e1gon eddig soha nem l\u00e1tott preszt\u00edzs\u0171 sprinterkir\u00e1lyok k\u00f6z\u00f6tt, a feketelevest, a k\u00e9kestet\u0151i szakaszt viszont ez\u00fattal sz\u00e1nd\u00e9kosan a legv\u00e9g\u00e9re, az utols\u00f3 etapra hagyt\u00e1k a szervez\u0151k \u2013 val\u00f3sz\u00edn\u0171leg az \u00f6sszetett sorsa is itt d\u0151l majd el v\u00e9glegesen.<\/p>\n<figure id=\"attachment_14925\" aria-describedby=\"caption-attachment-14925\" style=\"width: 1024px\" class=\"wp-caption alignnone\"><img loading=\"lazy\" decoding=\"async\" class=\"size-large wp-image-14925\" src=\"https:\/\/d2p6e6u75xmxt8.cloudfront.net\/12\/2022\/05\/terkep2022nagy-1024x660.jpg\" alt=\"\" width=\"1024\" height=\"660\" srcset=\"https:\/\/d2p6e6u75xmxt8.cloudfront.net\/12\/2022\/05\/terkep2022nagy-1024x660.jpg 1024w, https:\/\/d2p6e6u75xmxt8.cloudfront.net\/12\/2022\/05\/terkep2022nagy-300x193.jpg 300w, https:\/\/d2p6e6u75xmxt8.cloudfront.net\/12\/2022\/05\/terkep2022nagy-768x495.jpg 768w, https:\/\/d2p6e6u75xmxt8.cloudfront.net\/12\/2022\/05\/terkep2022nagy.jpg 1402w\" sizes=\"auto, (max-width: 1024px) 100vw, 1024px\" \/><figcaption id=\"caption-attachment-14925\" class=\"wp-caption-text\">Az idei TdH-\u00fatvonal (forr\u00e1s: Tour de Hongrie)<\/figcaption><\/figure>\n<p>Term\u00e9szetesen a legjobb magyar versenyz\u0151k \u2013 a k\u00e9tszeres bajnoki c\u00edmv\u00e9d\u0151 Filut\u00e1s Viktor (Adria Mobil), a kor\u00e1bbi m\u00e1sodik Dina M\u00e1rton (EOLO-Kometa), a TdH-n rendre remek\u00fcl men\u0151 Karl \u00c1d\u00e1m (v\u00e1logatott), vagy a szint\u00e9n magyar bajnok Szarka Gergely (Giotti Victoria) \u2013 sz\u00e1m\u00e1ra is \u00f3ri\u00e1si pluszmotiv\u00e1ci\u00f3, hogy ilyen mez\u0151nyben bizony\u00edthatnak, \u00e9rdemes lesz r\u00e1juk is figyelni, \u00e9s szurkolni nekik, hogy egy ilyen sz\u00ednvonalas versenyen \u00e9rjenek el valamilyen j\u00f3 eredm\u00e9nyt.<\/p>\n<p><em>\u201eMindenkit b\u00e1tran biztatok, hogy j\u00f6jj\u00f6n ki \u00e9s szem\u00e9lyesen n\u00e9zze meg a versenyt, f\u0151leg az emelked\u0151s, hegyes r\u00e9szekn\u00e9l, illetve azokon a helyeken, ahol t\u00f6bbsz\u00f6r is \u00e1thalad a mez\u0151ny\u201d<\/em> \u2013 mondta Eisenkrammer K\u00e1roly. <em>\u201eNem mindennap adatik meg, hogy ilyen versenyz\u0151k k\u00fczdjenek egym\u00e1ssal a magyar utakon \u2013 t\u00e9nyleg \u00f3ri\u00e1si \u00e9lm\u00e9ny lesz!\u201d<\/em><\/p>\n<figure id=\"attachment_14926\" aria-describedby=\"caption-attachment-14926\" style=\"width: 807px\" class=\"wp-caption alignnone\"><img loading=\"lazy\" decoding=\"async\" class=\"size-full wp-image-14926\" src=\"https:\/\/d2p6e6u75xmxt8.cloudfront.net\/12\/2022\/05\/20220324filutas-viktor-kerekpar.jpg\" alt=\"\" width=\"807\" height=\"539\" srcset=\"https:\/\/d2p6e6u75xmxt8.cloudfront.net\/12\/2022\/05\/20220324filutas-viktor-kerekpar.jpg 807w, https:\/\/d2p6e6u75xmxt8.cloudfront.net\/12\/2022\/05\/20220324filutas-viktor-kerekpar-300x200.jpg 300w, https:\/\/d2p6e6u75xmxt8.cloudfront.net\/12\/2022\/05\/20220324filutas-viktor-kerekpar-768x513.jpg 768w, https:\/\/d2p6e6u75xmxt8.cloudfront.net\/12\/2022\/05\/20220324filutas-viktor-kerekpar-272x182.jpg 272w\" sizes=\"auto, (max-width: 807px) 100vw, 807px\" \/><figcaption id=\"caption-attachment-14926\" class=\"wp-caption-text\">A magyar bajnoki c\u00edmv\u00e9d\u0151 Filut\u00e1s Viktornak is drukkolhatunk majd (fot\u00f3: Halm\u00e1gyi Zsolt\/TDH)<\/figcaption><\/figure>\n<p><em>Bor\u00edt\u00f3k\u00e9p: Bettini Photo<\/em><\/p>\n","protected":false},"excerpt":{"rendered":"<p>T\u00falz\u00e1s n\u00e9lk\u00fcl \u00e1ll\u00edthatjuk, hogy t\u00f6rt\u00e9nelmi napokat \u00e9l\u00fcnk: id\u00e9n m\u00e1jusban haz\u00e1nk ker\u00fclt a vil\u00e1g ker\u00e9kp\u00e1rsportj\u00e1nak k\u00f6z\u00e9ppontj\u00e1ba. A fantasztikus magyarorsz\u00e1gi Giro-rajt \u00e9s [&hellip;]<\/p>\n","protected":false},"author":71,"featured_media":14923,"comment_status":"open","ping_status":"open","sticky":false,"template":"","format":"standard","meta":{"footnotes":""},"categories":[462],"tags":[],"global-categories":[],"class_list":["post-14922","post","type-post","status-publish","format-standard","has-post-thumbnail","hentry","category-tour-de-hongrie"],"yoast_head":"<!-- This site is optimized with the Yoast SEO Premium plugin v25.3 (Yoast SEO v25.9) - https:\/\/yoast.com\/wordpress\/plugins\/seo\/ -->\n<title>Gir\u00f3ra der\u0171: itt az \u00fajabb szt\u00e1rpar\u00e1d\u00e9, a Tour de Hongrie is elk\u00e9peszt\u0151 nevekkel rajtol!<\/title>\n<meta name=\"description\" content=\"T\u00falz\u00e1s n\u00e9lk\u00fcl \u00e1ll\u00edthatjuk, hogy t\u00f6rt\u00e9nelmi napokat \u00e9l\u00fcnk: id\u00e9n m\u00e1jusban haz\u00e1nk ker\u00fclt a vil\u00e1g ker\u00e9kp\u00e1rsportj\u00e1nak k\u00f6z\u00e9ppontj\u00e1ba. A fantasztikus magyarorsz\u00e1gi Giro-rajt \u00e9s a verseny h\u00e1rom itteni szakasza ut\u00e1n h\u00e1rom nappal elstartol ugyanis a Tour de Hongrie is, amely, \u00fagy t\u0171nik, v\u00e9gleg meg\u00e9rkezett a vil\u00e1gsz\u00ednpadra.\" \/>\n<meta name=\"robots\" content=\"index, follow, max-snippet:-1, max-image-preview:large, max-video-preview:-1\" \/>\n<link rel=\"canonical\" href=\"https:\/\/www.welovecycling.com\/hu\/tour-de-hongrie\/girora-deru-itt-az-ujabb-sztarparade-a-tour-de-hongrie-is-elkepeszto-nevekkel-rajtol\/\" \/>\n<meta property=\"og:locale\" content=\"hu_HU\" \/>\n<meta property=\"og:type\" content=\"article\" \/>\n<meta property=\"og:title\" content=\"Gir\u00f3ra der\u0171: itt az \u00fajabb szt\u00e1rpar\u00e1d\u00e9, a Tour de Hongrie is elk\u00e9peszt\u0151 nevekkel rajtol!\" \/>\n<meta property=\"og:description\" content=\"T\u00falz\u00e1s n\u00e9lk\u00fcl \u00e1ll\u00edthatjuk, hogy t\u00f6rt\u00e9nelmi napokat \u00e9l\u00fcnk: id\u00e9n m\u00e1jusban haz\u00e1nk ker\u00fclt a vil\u00e1g ker\u00e9kp\u00e1rsportj\u00e1nak k\u00f6z\u00e9ppontj\u00e1ba. A fantasztikus magyarorsz\u00e1gi Giro-rajt \u00e9s a verseny h\u00e1rom itteni szakasza ut\u00e1n h\u00e1rom nappal elstartol ugyanis a Tour de Hongrie is, amely, \u00fagy t\u0171nik, v\u00e9gleg meg\u00e9rkezett a vil\u00e1gsz\u00ednpadra.\" \/>\n<meta property=\"og:url\" content=\"https:\/\/www.welovecycling.com\/hu\/tour-de-hongrie\/girora-deru-itt-az-ujabb-sztarparade-a-tour-de-hongrie-is-elkepeszto-nevekkel-rajtol\/\" \/>\n<meta property=\"og:site_name\" content=\"\u0160koda We Love Cycling - Magyarorsz\u00e1g\" \/>\n<meta property=\"article:publisher\" content=\"https:\/\/www.facebook.com\/WeLoveCyclingHungary\/\" \/>\n<meta property=\"article:published_time\" content=\"2022-05-08T06:00:25+00:00\" \/>\n<meta property=\"og:image\" content=\"https:\/\/d2p6e6u75xmxt8.cloudfront.net\/12\/2022\/05\/M8Sc34cECWnJEuGYqbq2Ab-1200-80.jpg\" \/>\n\t<meta property=\"og:image:width\" content=\"1200\" \/>\n\t<meta property=\"og:image:height\" content=\"800\" \/>\n\t<meta property=\"og:image:type\" content=\"image\/jpeg\" \/>\n<meta name=\"author\" content=\"hegyizs\" \/>\n<meta name=\"twitter:card\" content=\"summary_large_image\" \/>\n<meta name=\"twitter:label1\" content=\"Written by\" \/>\n\t<meta name=\"twitter:data1\" content=\"WLC\" \/>\n\t<meta name=\"twitter:label2\" content=\"Est. reading time\" \/>\n\t<meta name=\"twitter:data2\" content=\"4 minutes\" \/>\n<script type=\"application\/ld+json\" class=\"yoast-schema-graph\">{\"@context\":\"https:\/\/schema.org\",\"@graph\":[{\"@type\":\"WebPage\",\"@id\":\"https:\/\/www.welovecycling.com\/hu\/tour-de-hongrie\/girora-deru-itt-az-ujabb-sztarparade-a-tour-de-hongrie-is-elkepeszto-nevekkel-rajtol\/\",\"url\":\"https:\/\/www.welovecycling.com\/hu\/tour-de-hongrie\/girora-deru-itt-az-ujabb-sztarparade-a-tour-de-hongrie-is-elkepeszto-nevekkel-rajtol\/\",\"name\":\"Gir\u00f3ra der\u0171: itt az \u00fajabb szt\u00e1rpar\u00e1d\u00e9, a Tour de Hongrie is elk\u00e9peszt\u0151 nevekkel rajtol!\",\"isPartOf\":{\"@id\":\"https:\/\/www.welovecycling.com\/hu\/#website\"},\"primaryImageOfPage\":{\"@id\":\"https:\/\/www.welovecycling.com\/hu\/tour-de-hongrie\/girora-deru-itt-az-ujabb-sztarparade-a-tour-de-hongrie-is-elkepeszto-nevekkel-rajtol\/#primaryimage\"},\"image\":{\"@id\":\"https:\/\/www.welovecycling.com\/hu\/tour-de-hongrie\/girora-deru-itt-az-ujabb-sztarparade-a-tour-de-hongrie-is-elkepeszto-nevekkel-rajtol\/#primaryimage\"},\"thumbnailUrl\":\"https:\/\/d2p6e6u75xmxt8.cloudfront.net\/12\/2022\/05\/M8Sc34cECWnJEuGYqbq2Ab-1200-80.jpg\",\"datePublished\":\"2022-05-08T06:00:25+00:00\",\"author\":{\"@id\":\"https:\/\/www.welovecycling.com\/hu\/#\/schema\/person\/414a2aebf1801691a5320edb6468e194\"},\"description\":\"T\u00falz\u00e1s n\u00e9lk\u00fcl \u00e1ll\u00edthatjuk, hogy t\u00f6rt\u00e9nelmi napokat \u00e9l\u00fcnk: id\u00e9n m\u00e1jusban haz\u00e1nk ker\u00fclt a vil\u00e1g ker\u00e9kp\u00e1rsportj\u00e1nak k\u00f6z\u00e9ppontj\u00e1ba. A fantasztikus magyarorsz\u00e1gi Giro-rajt \u00e9s a verseny h\u00e1rom itteni szakasza ut\u00e1n h\u00e1rom nappal elstartol ugyanis a Tour de Hongrie is, amely, \u00fagy t\u0171nik, v\u00e9gleg meg\u00e9rkezett a vil\u00e1gsz\u00ednpadra.\",\"breadcrumb\":{\"@id\":\"https:\/\/www.welovecycling.com\/hu\/tour-de-hongrie\/girora-deru-itt-az-ujabb-sztarparade-a-tour-de-hongrie-is-elkepeszto-nevekkel-rajtol\/#breadcrumb\"},\"inLanguage\":\"hu\",\"potentialAction\":[{\"@type\":\"ReadAction\",\"target\":[\"https:\/\/www.welovecycling.com\/hu\/tour-de-hongrie\/girora-deru-itt-az-ujabb-sztarparade-a-tour-de-hongrie-is-elkepeszto-nevekkel-rajtol\/\"]}]},{\"@type\":\"ImageObject\",\"inLanguage\":\"hu\",\"@id\":\"https:\/\/www.welovecycling.com\/hu\/tour-de-hongrie\/girora-deru-itt-az-ujabb-sztarparade-a-tour-de-hongrie-is-elkepeszto-nevekkel-rajtol\/#primaryimage\",\"url\":\"https:\/\/d2p6e6u75xmxt8.cloudfront.net\/12\/2022\/05\/M8Sc34cECWnJEuGYqbq2Ab-1200-80.jpg\",\"contentUrl\":\"https:\/\/d2p6e6u75xmxt8.cloudfront.net\/12\/2022\/05\/M8Sc34cECWnJEuGYqbq2Ab-1200-80.jpg\",\"width\":1200,\"height\":800},{\"@type\":\"BreadcrumbList\",\"@id\":\"https:\/\/www.welovecycling.com\/hu\/tour-de-hongrie\/girora-deru-itt-az-ujabb-sztarparade-a-tour-de-hongrie-is-elkepeszto-nevekkel-rajtol\/#breadcrumb\",\"itemListElement\":[{\"@type\":\"ListItem\",\"position\":1,\"name\":\"Home\",\"item\":\"https:\/\/www.welovecycling.com\/hu\/\"},{\"@type\":\"ListItem\",\"position\":2,\"name\":\"Gir\u00f3ra der\u0171: itt az \u00fajabb szt\u00e1rpar\u00e1d\u00e9, a Tour de Hongrie is elk\u00e9peszt\u0151 nevekkel rajtol!\"}]},{\"@type\":\"WebSite\",\"@id\":\"https:\/\/www.welovecycling.com\/hu\/#website\",\"url\":\"https:\/\/www.welovecycling.com\/hu\/\",\"name\":\"\u0160koda We Love Cycling - Magyarorsz\u00e1g\",\"description\":\"\u0160koda WeLoveCycling\",\"potentialAction\":[{\"@type\":\"SearchAction\",\"target\":{\"@type\":\"EntryPoint\",\"urlTemplate\":\"https:\/\/www.welovecycling.com\/hu\/?s={search_term_string}\"},\"query-input\":{\"@type\":\"PropertyValueSpecification\",\"valueRequired\":true,\"valueName\":\"search_term_string\"}}],\"inLanguage\":\"hu\"},{\"@type\":\"Person\",\"@id\":\"https:\/\/www.welovecycling.com\/hu\/#\/schema\/person\/414a2aebf1801691a5320edb6468e194\",\"name\":\"hegyizs\",\"image\":{\"@type\":\"ImageObject\",\"inLanguage\":\"hu\",\"@id\":\"https:\/\/www.welovecycling.com\/hu\/#\/schema\/person\/image\/\",\"url\":\"https:\/\/secure.gravatar.com\/avatar\/02cf8a7906b8cf90cecb4679defac7cfd33a1c2e3b88e4903d947f3bb58eedd3?s=96&d=mm&r=g\",\"contentUrl\":\"https:\/\/secure.gravatar.com\/avatar\/02cf8a7906b8cf90cecb4679defac7cfd33a1c2e3b88e4903d947f3bb58eedd3?s=96&d=mm&r=g\",\"caption\":\"hegyizs\"},\"url\":\"https:\/\/www.welovecycling.com\/hu\/author\/hegyizs\/\"}]}<\/script>\n<!-- \/ Yoast SEO Premium plugin. -->","yoast_head_json":{"title":"Gir\u00f3ra der\u0171: itt az \u00fajabb szt\u00e1rpar\u00e1d\u00e9, a Tour de Hongrie is elk\u00e9peszt\u0151 nevekkel rajtol!","description":"T\u00falz\u00e1s n\u00e9lk\u00fcl \u00e1ll\u00edthatjuk, hogy t\u00f6rt\u00e9nelmi napokat \u00e9l\u00fcnk: id\u00e9n m\u00e1jusban haz\u00e1nk ker\u00fclt a vil\u00e1g ker\u00e9kp\u00e1rsportj\u00e1nak k\u00f6z\u00e9ppontj\u00e1ba. A fantasztikus magyarorsz\u00e1gi Giro-rajt \u00e9s a verseny h\u00e1rom itteni szakasza ut\u00e1n h\u00e1rom nappal elstartol ugyanis a Tour de Hongrie is, amely, \u00fagy t\u0171nik, v\u00e9gleg meg\u00e9rkezett a vil\u00e1gsz\u00ednpadra.","robots":{"index":"index","follow":"follow","max-snippet":"max-snippet:-1","max-image-preview":"max-image-preview:large","max-video-preview":"max-video-preview:-1"},"canonical":"https:\/\/www.welovecycling.com\/hu\/tour-de-hongrie\/girora-deru-itt-az-ujabb-sztarparade-a-tour-de-hongrie-is-elkepeszto-nevekkel-rajtol\/","og_locale":"hu_HU","og_type":"article","og_title":"Gir\u00f3ra der\u0171: itt az \u00fajabb szt\u00e1rpar\u00e1d\u00e9, a Tour de Hongrie is elk\u00e9peszt\u0151 nevekkel rajtol!","og_description":"T\u00falz\u00e1s n\u00e9lk\u00fcl \u00e1ll\u00edthatjuk, hogy t\u00f6rt\u00e9nelmi napokat \u00e9l\u00fcnk: id\u00e9n m\u00e1jusban haz\u00e1nk ker\u00fclt a vil\u00e1g ker\u00e9kp\u00e1rsportj\u00e1nak k\u00f6z\u00e9ppontj\u00e1ba. A fantasztikus magyarorsz\u00e1gi Giro-rajt \u00e9s a verseny h\u00e1rom itteni szakasza ut\u00e1n h\u00e1rom nappal elstartol ugyanis a Tour de Hongrie is, amely, \u00fagy t\u0171nik, v\u00e9gleg meg\u00e9rkezett a vil\u00e1gsz\u00ednpadra.","og_url":"https:\/\/www.welovecycling.com\/hu\/tour-de-hongrie\/girora-deru-itt-az-ujabb-sztarparade-a-tour-de-hongrie-is-elkepeszto-nevekkel-rajtol\/","og_site_name":"\u0160koda We Love Cycling - Magyarorsz\u00e1g","article_publisher":"https:\/\/www.facebook.com\/WeLoveCyclingHungary\/","article_published_time":"2022-05-08T06:00:25+00:00","og_image":[{"width":1200,"height":800,"url":"https:\/\/d2p6e6u75xmxt8.cloudfront.net\/12\/2022\/05\/M8Sc34cECWnJEuGYqbq2Ab-1200-80.jpg","type":"image\/jpeg"}],"author":"hegyizs","twitter_card":"summary_large_image","twitter_misc":{"Written by":"WLC","Est. reading time":"4 minutes"},"schema":{"@context":"https:\/\/schema.org","@graph":[{"@type":"WebPage","@id":"https:\/\/www.welovecycling.com\/hu\/tour-de-hongrie\/girora-deru-itt-az-ujabb-sztarparade-a-tour-de-hongrie-is-elkepeszto-nevekkel-rajtol\/","url":"https:\/\/www.welovecycling.com\/hu\/tour-de-hongrie\/girora-deru-itt-az-ujabb-sztarparade-a-tour-de-hongrie-is-elkepeszto-nevekkel-rajtol\/","name":"Gir\u00f3ra der\u0171: itt az \u00fajabb szt\u00e1rpar\u00e1d\u00e9, a Tour de Hongrie is elk\u00e9peszt\u0151 nevekkel rajtol!","isPartOf":{"@id":"https:\/\/www.welovecycling.com\/hu\/#website"},"primaryImageOfPage":{"@id":"https:\/\/www.welovecycling.com\/hu\/tour-de-hongrie\/girora-deru-itt-az-ujabb-sztarparade-a-tour-de-hongrie-is-elkepeszto-nevekkel-rajtol\/#primaryimage"},"image":{"@id":"https:\/\/www.welovecycling.com\/hu\/tour-de-hongrie\/girora-deru-itt-az-ujabb-sztarparade-a-tour-de-hongrie-is-elkepeszto-nevekkel-rajtol\/#primaryimage"},"thumbnailUrl":"https:\/\/d2p6e6u75xmxt8.cloudfront.net\/12\/2022\/05\/M8Sc34cECWnJEuGYqbq2Ab-1200-80.jpg","datePublished":"2022-05-08T06:00:25+00:00","author":{"@id":"https:\/\/www.welovecycling.com\/hu\/#\/schema\/person\/414a2aebf1801691a5320edb6468e194"},"description":"T\u00falz\u00e1s n\u00e9lk\u00fcl \u00e1ll\u00edthatjuk, hogy t\u00f6rt\u00e9nelmi napokat \u00e9l\u00fcnk: id\u00e9n m\u00e1jusban haz\u00e1nk ker\u00fclt a vil\u00e1g ker\u00e9kp\u00e1rsportj\u00e1nak k\u00f6z\u00e9ppontj\u00e1ba. A fantasztikus magyarorsz\u00e1gi Giro-rajt \u00e9s a verseny h\u00e1rom itteni szakasza ut\u00e1n h\u00e1rom nappal elstartol ugyanis a Tour de Hongrie is, amely, \u00fagy t\u0171nik, v\u00e9gleg meg\u00e9rkezett a vil\u00e1gsz\u00ednpadra.","breadcrumb":{"@id":"https:\/\/www.welovecycling.com\/hu\/tour-de-hongrie\/girora-deru-itt-az-ujabb-sztarparade-a-tour-de-hongrie-is-elkepeszto-nevekkel-rajtol\/#breadcrumb"},"inLanguage":"hu","potentialAction":[{"@type":"ReadAction","target":["https:\/\/www.welovecycling.com\/hu\/tour-de-hongrie\/girora-deru-itt-az-ujabb-sztarparade-a-tour-de-hongrie-is-elkepeszto-nevekkel-rajtol\/"]}]},{"@type":"ImageObject","inLanguage":"hu","@id":"https:\/\/www.welovecycling.com\/hu\/tour-de-hongrie\/girora-deru-itt-az-ujabb-sztarparade-a-tour-de-hongrie-is-elkepeszto-nevekkel-rajtol\/#primaryimage","url":"https:\/\/d2p6e6u75xmxt8.cloudfront.net\/12\/2022\/05\/M8Sc34cECWnJEuGYqbq2Ab-1200-80.jpg","contentUrl":"https:\/\/d2p6e6u75xmxt8.cloudfront.net\/12\/2022\/05\/M8Sc34cECWnJEuGYqbq2Ab-1200-80.jpg","width":1200,"height":800},{"@type":"BreadcrumbList","@id":"https:\/\/www.welovecycling.com\/hu\/tour-de-hongrie\/girora-deru-itt-az-ujabb-sztarparade-a-tour-de-hongrie-is-elkepeszto-nevekkel-rajtol\/#breadcrumb","itemListElement":[{"@type":"ListItem","position":1,"name":"Home","item":"https:\/\/www.welovecycling.com\/hu\/"},{"@type":"ListItem","position":2,"name":"Gir\u00f3ra der\u0171: itt az \u00fajabb szt\u00e1rpar\u00e1d\u00e9, a Tour de Hongrie is elk\u00e9peszt\u0151 nevekkel rajtol!"}]},{"@type":"WebSite","@id":"https:\/\/www.welovecycling.com\/hu\/#website","url":"https:\/\/www.welovecycling.com\/hu\/","name":"\u0160koda We Love Cycling - Magyarorsz\u00e1g","description":"\u0160koda WeLoveCycling","potentialAction":[{"@type":"SearchAction","target":{"@type":"EntryPoint","urlTemplate":"https:\/\/www.welovecycling.com\/hu\/?s={search_term_string}"},"query-input":{"@type":"PropertyValueSpecification","valueRequired":true,"valueName":"search_term_string"}}],"inLanguage":"hu"},{"@type":"Person","@id":"https:\/\/www.welovecycling.com\/hu\/#\/schema\/person\/414a2aebf1801691a5320edb6468e194","name":"hegyizs","image":{"@type":"ImageObject","inLanguage":"hu","@id":"https:\/\/www.welovecycling.com\/hu\/#\/schema\/person\/image\/","url":"https:\/\/secure.gravatar.com\/avatar\/02cf8a7906b8cf90cecb4679defac7cfd33a1c2e3b88e4903d947f3bb58eedd3?s=96&d=mm&r=g","contentUrl":"https:\/\/secure.gravatar.com\/avatar\/02cf8a7906b8cf90cecb4679defac7cfd33a1c2e3b88e4903d947f3bb58eedd3?s=96&d=mm&r=g","caption":"hegyizs"},"url":"https:\/\/www.welovecycling.com\/hu\/author\/hegyizs\/"}]}},"_links":{"self":[{"href":"https:\/\/www.welovecycling.com\/hu\/wp-json\/wp\/v2\/posts\/14922","targetHints":{"allow":["GET"]}}],"collection":[{"href":"https:\/\/www.welovecycling.com\/hu\/wp-json\/wp\/v2\/posts"}],"about":[{"href":"https:\/\/www.welovecycling.com\/hu\/wp-json\/wp\/v2\/types\/post"}],"author":[{"embeddable":true,"href":"https:\/\/www.welovecycling.com\/hu\/wp-json\/wp\/v2\/users\/71"}],"replies":[{"embeddable":true,"href":"https:\/\/www.welovecycling.com\/hu\/wp-json\/wp\/v2\/comments?post=14922"}],"version-history":[{"count":2,"href":"https:\/\/www.welovecycling.com\/hu\/wp-json\/wp\/v2\/posts\/14922\/revisions"}],"predecessor-version":[{"id":14928,"href":"https:\/\/www.welovecycling.com\/hu\/wp-json\/wp\/v2\/posts\/14922\/revisions\/14928"}],"wp:featuredmedia":[{"embeddable":true,"href":"https:\/\/www.welovecycling.com\/hu\/wp-json\/wp\/v2\/media\/14923"}],"wp:attachment":[{"href":"https:\/\/www.welovecycling.com\/hu\/wp-json\/wp\/v2\/media?parent=14922"}],"wp:term":[{"taxonomy":"category","embeddable":true,"href":"https:\/\/www.welovecycling.com\/hu\/wp-json\/wp\/v2\/categories?post=14922"},{"taxonomy":"post_tag","embeddable":true,"href":"https:\/\/www.welovecycling.com\/hu\/wp-json\/wp\/v2\/tags?post=14922"},{"taxonomy":"global-categories","embeddable":true,"href":"https:\/\/www.welovecycling.com\/hu\/wp-json\/wp\/v2\/global-categories?post=14922"}],"curies":[{"name":"wp","href":"https:\/\/api.w.org\/{rel}","templated":true}]}}