{"id":14912,"date":"2022-05-13T08:00:14","date_gmt":"2022-05-13T06:00:14","guid":{"rendered":"https:\/\/www.welovecycling.com\/hu\/?p=14912"},"modified":"2022-05-06T14:12:55","modified_gmt":"2022-05-06T12:12:55","slug":"fabian-cancellara-uj-svajci-proteamet-indit-a-2023-as-szezonban","status":"publish","type":"post","link":"https:\/\/www.welovecycling.com\/hu\/orszaguti-kerekpar\/fabian-cancellara-uj-svajci-proteamet-indit-a-2023-as-szezonban\/","title":{"rendered":"Fabian Cancellara \u00faj sv\u00e1jci ProTeamet ind\u00edt a 2023-as szezonban"},"content":{"rendered":"<p><strong>A 41 \u00e9ves, egykori vil\u00e1gbajnok elind\u00edtja a Tudor Pro Cycling Teamet, miut\u00e1n \u00e1tvette a kontinent\u00e1lis szint\u0171 Swiss Racing Academy csapat tulajdonjog\u00e1t. Cancellara a k\u00f6vetkez\u0151 szezonban ProTeamk\u00e9nt k\u00edv\u00e1nja bejegyeztetni \u0151ket. Ezzel a Tudor Pro Cycling Team lenne az els\u0151 profi sv\u00e1jci ker\u00e9kp\u00e1ros csapat 2016 \u00f3ta, mi\u00f3ta az UCI WorldTeam IAM Cycling \u00f6sszeomlott.<\/strong><\/p>\n<p><!--more--><\/p>\n<p><em>&#8220;Nagyon boldog vagyok, hogy bejelenthetem a Tudor Pro Cycling Team \u00faj kalandj\u00e1nak kezdet\u00e9t&#8221;<\/em> &#8211; nyilatkozta Cancellara a Tour de Romandie rajtja el\u0151tti sajt\u00f3t\u00e1j\u00e9koztat\u00f3n. <em>&#8220;A Swiss Racing Academyb\u0151l indulunk, ami m\u00e1r eddig is sok versenyen szerepelt, de a mai napt\u00f3l kezdve minden megv\u00e1ltozik. A mai nap nagyszer\u0171 nap, nagyszer\u0171 motiv\u00e1ci\u00f3val a j\u00f6v\u0151re n\u00e9zve. Ez egy olyan projekt, ami a sv\u00e1jci biciklisportra \u00f6sszpontos\u00edt, m\u00e9g annak ellen\u00e9re is, hogy nem csak sv\u00e1jci versenyz\u0151ink lesznek&#8221;.<\/em><\/p>\n<div class=\"embed-controller-wrapper\">\n<blockquote class=\"twitter-tweet\" data-width=\"500\" data-dnt=\"true\">\n<p lang=\"en\" dir=\"ltr\">It\u2019s time to dare. It\u2019s time to lead. It\u2019s time to win.<a href=\"https:\/\/twitter.com\/hashtag\/TudorProCycling?src=hash&amp;ref_src=twsrc%5Etfw\">#TudorProCycling<\/a> <a href=\"https:\/\/twitter.com\/hashtag\/BornToDare?src=hash&amp;ref_src=twsrc%5Etfw\">#BornToDare<\/a> <a href=\"https:\/\/twitter.com\/hashtag\/TudorWatch?src=hash&amp;ref_src=twsrc%5Etfw\">#TudorWatch<\/a> <a href=\"https:\/\/t.co\/EPFTLvcrZA\">pic.twitter.com\/EPFTLvcrZA<\/a><\/p>\n<p>&mdash; Tudor Pro Cycling Team (@TudorProCycling) <a href=\"https:\/\/twitter.com\/TudorProCycling\/status\/1518913648571432961?ref_src=twsrc%5Etfw\">April 26, 2022<\/a><\/p><\/blockquote>\n<p><script async data-src=\"https:\/\/platform.twitter.com\/widgets.js\" charset=\"utf-8\"><\/script><\/div>\n<p>Cancellara \u00e9vek \u00f3ta mentork\u00e9nt t\u00e1mogatja a Swiss Racing Academy-t, most pedig a tulajdonosk\u00e9nt l\u00e9p sz\u00ednre. Felt\u00e9telezhetn\u00e9nk, hogy menedzserk\u00e9nt is akt\u00edv szerepet v\u00e1llal majd. Ez azonban nem \u00edgy lesz.<\/p>\n<p><em>&#8220;Nem \u00e9n vagyok az edz\u0151 \u00e9s hat\u00e1rozottan nem \u00e9n vagyok a sportigazgat\u00f3. Az \u00e9n szerepem a tulajdonos szerepe. \u00dagy gondolom, hogy a c\u00e9gemmel \u00e9s a Swiss Racing Academy-vel val\u00f3 mentor\u00e1l\u00e1ssal kapcsolatos tapasztalataim azt mutatj\u00e1k, hogy ez egy olyan szerep, ami nekem val\u00f3&#8221;<\/em> &#8211; mondta.<\/p>\n","protected":false},"excerpt":{"rendered":"<p>A 41 \u00e9ves, egykori vil\u00e1gbajnok elind\u00edtja a Tudor Pro Cycling Teamet, miut\u00e1n \u00e1tvette a kontinent\u00e1lis szint\u0171 Swiss Racing Academy csapat [&hellip;]<\/p>\n","protected":false},"author":71,"featured_media":14914,"comment_status":"open","ping_status":"open","sticky":false,"template":"","format":"standard","meta":{"footnotes":""},"categories":[8],"tags":[],"global-categories":[],"class_list":["post-14912","post","type-post","status-publish","format-standard","has-post-thumbnail","hentry","category-orszaguti-kerekpar"],"yoast_head":"<!-- This site is optimized with the Yoast SEO Premium plugin v25.3 (Yoast SEO v25.9) - https:\/\/yoast.com\/wordpress\/plugins\/seo\/ -->\n<title>Fabian Cancellara \u00faj sv\u00e1jci ProTeamet ind\u00edt a 2023-as szezonban<\/title>\n<meta name=\"description\" content=\"A 41 \u00e9ves, egykori vil\u00e1gbajnok elind\u00edtja a Tudor Pro Cycling Teamet, miut\u00e1n \u00e1tvette a kontinent\u00e1lis szint\u0171 Swiss Racing Academy csapat tulajdonjog\u00e1t. Cancellara a k\u00f6vetkez\u0151 szezonban ProTeamk\u00e9nt k\u00edv\u00e1nja bejegyeztetni \u0151ket.\" \/>\n<meta name=\"robots\" content=\"index, follow, max-snippet:-1, max-image-preview:large, max-video-preview:-1\" \/>\n<link rel=\"canonical\" href=\"https:\/\/www.welovecycling.com\/hu\/orszaguti-kerekpar\/fabian-cancellara-uj-svajci-proteamet-indit-a-2023-as-szezonban\/\" \/>\n<meta property=\"og:locale\" content=\"hu_HU\" \/>\n<meta property=\"og:type\" content=\"article\" \/>\n<meta property=\"og:title\" content=\"Fabian Cancellara \u00faj sv\u00e1jci ProTeamet ind\u00edt a 2023-as szezonban\" \/>\n<meta property=\"og:description\" content=\"A 41 \u00e9ves, egykori vil\u00e1gbajnok elind\u00edtja a Tudor Pro Cycling Teamet, miut\u00e1n \u00e1tvette a kontinent\u00e1lis szint\u0171 Swiss Racing Academy csapat tulajdonjog\u00e1t. Cancellara a k\u00f6vetkez\u0151 szezonban ProTeamk\u00e9nt k\u00edv\u00e1nja bejegyeztetni \u0151ket.\" \/>\n<meta property=\"og:url\" content=\"https:\/\/www.welovecycling.com\/hu\/orszaguti-kerekpar\/fabian-cancellara-uj-svajci-proteamet-indit-a-2023-as-szezonban\/\" \/>\n<meta property=\"og:site_name\" content=\"\u0160koda We Love Cycling - Magyarorsz\u00e1g\" \/>\n<meta property=\"article:publisher\" content=\"https:\/\/www.facebook.com\/WeLoveCyclingHungary\/\" \/>\n<meta property=\"article:published_time\" content=\"2022-05-13T06:00:14+00:00\" \/>\n<meta property=\"og:image\" content=\"https:\/\/d2p6e6u75xmxt8.cloudfront.net\/12\/2022\/05\/Fabian-Cancellara-profimedia-0686171484-CVR.jpg\" \/>\n\t<meta property=\"og:image:width\" content=\"1366\" \/>\n\t<meta property=\"og:image:height\" content=\"600\" \/>\n\t<meta property=\"og:image:type\" content=\"image\/jpeg\" \/>\n<meta name=\"author\" content=\"hegyizs\" \/>\n<meta name=\"twitter:card\" content=\"summary_large_image\" \/>\n<meta name=\"twitter:label1\" content=\"Written by\" \/>\n\t<meta name=\"twitter:data1\" content=\"Monica Buck\" \/>\n\t<meta name=\"twitter:label2\" content=\"Est. reading time\" \/>\n\t<meta name=\"twitter:data2\" content=\"4\" \/>\n<script type=\"application\/ld+json\" class=\"yoast-schema-graph\">{\"@context\":\"https:\/\/schema.org\",\"@graph\":[{\"@type\":\"WebPage\",\"@id\":\"https:\/\/www.welovecycling.com\/hu\/orszaguti-kerekpar\/fabian-cancellara-uj-svajci-proteamet-indit-a-2023-as-szezonban\/\",\"url\":\"https:\/\/www.welovecycling.com\/hu\/orszaguti-kerekpar\/fabian-cancellara-uj-svajci-proteamet-indit-a-2023-as-szezonban\/\",\"name\":\"Fabian Cancellara \u00faj sv\u00e1jci ProTeamet ind\u00edt a 2023-as szezonban\",\"isPartOf\":{\"@id\":\"https:\/\/www.welovecycling.com\/hu\/#website\"},\"primaryImageOfPage\":{\"@id\":\"https:\/\/www.welovecycling.com\/hu\/orszaguti-kerekpar\/fabian-cancellara-uj-svajci-proteamet-indit-a-2023-as-szezonban\/#primaryimage\"},\"image\":{\"@id\":\"https:\/\/www.welovecycling.com\/hu\/orszaguti-kerekpar\/fabian-cancellara-uj-svajci-proteamet-indit-a-2023-as-szezonban\/#primaryimage\"},\"thumbnailUrl\":\"https:\/\/d2p6e6u75xmxt8.cloudfront.net\/12\/2022\/05\/Fabian-Cancellara-profimedia-0686171484-CVR.jpg\",\"datePublished\":\"2022-05-13T06:00:14+00:00\",\"author\":{\"@id\":\"https:\/\/www.welovecycling.com\/hu\/#\/schema\/person\/414a2aebf1801691a5320edb6468e194\"},\"description\":\"A 41 \u00e9ves, egykori vil\u00e1gbajnok elind\u00edtja a Tudor Pro Cycling Teamet, miut\u00e1n \u00e1tvette a kontinent\u00e1lis szint\u0171 Swiss Racing Academy csapat tulajdonjog\u00e1t. Cancellara a k\u00f6vetkez\u0151 szezonban ProTeamk\u00e9nt k\u00edv\u00e1nja bejegyeztetni \u0151ket.\",\"breadcrumb\":{\"@id\":\"https:\/\/www.welovecycling.com\/hu\/orszaguti-kerekpar\/fabian-cancellara-uj-svajci-proteamet-indit-a-2023-as-szezonban\/#breadcrumb\"},\"inLanguage\":\"hu\",\"potentialAction\":[{\"@type\":\"ReadAction\",\"target\":[\"https:\/\/www.welovecycling.com\/hu\/orszaguti-kerekpar\/fabian-cancellara-uj-svajci-proteamet-indit-a-2023-as-szezonban\/\"]}]},{\"@type\":\"ImageObject\",\"inLanguage\":\"hu\",\"@id\":\"https:\/\/www.welovecycling.com\/hu\/orszaguti-kerekpar\/fabian-cancellara-uj-svajci-proteamet-indit-a-2023-as-szezonban\/#primaryimage\",\"url\":\"https:\/\/d2p6e6u75xmxt8.cloudfront.net\/12\/2022\/05\/Fabian-Cancellara-profimedia-0686171484-CVR.jpg\",\"contentUrl\":\"https:\/\/d2p6e6u75xmxt8.cloudfront.net\/12\/2022\/05\/Fabian-Cancellara-profimedia-0686171484-CVR.jpg\",\"width\":1366,\"height\":600,\"caption\":\"Fabian Cancellara\"},{\"@type\":\"BreadcrumbList\",\"@id\":\"https:\/\/www.welovecycling.com\/hu\/orszaguti-kerekpar\/fabian-cancellara-uj-svajci-proteamet-indit-a-2023-as-szezonban\/#breadcrumb\",\"itemListElement\":[{\"@type\":\"ListItem\",\"position\":1,\"name\":\"Home\",\"item\":\"https:\/\/www.welovecycling.com\/hu\/\"},{\"@type\":\"ListItem\",\"position\":2,\"name\":\"Fabian Cancellara \u00faj sv\u00e1jci ProTeamet ind\u00edt a 2023-as szezonban\"}]},{\"@type\":\"WebSite\",\"@id\":\"https:\/\/www.welovecycling.com\/hu\/#website\",\"url\":\"https:\/\/www.welovecycling.com\/hu\/\",\"name\":\"\u0160koda We Love Cycling - Magyarorsz\u00e1g\",\"description\":\"\u0160koda WeLoveCycling\",\"potentialAction\":[{\"@type\":\"SearchAction\",\"target\":{\"@type\":\"EntryPoint\",\"urlTemplate\":\"https:\/\/www.welovecycling.com\/hu\/?s={search_term_string}\"},\"query-input\":{\"@type\":\"PropertyValueSpecification\",\"valueRequired\":true,\"valueName\":\"search_term_string\"}}],\"inLanguage\":\"hu\"},{\"@type\":\"Person\",\"@id\":\"https:\/\/www.welovecycling.com\/hu\/#\/schema\/person\/414a2aebf1801691a5320edb6468e194\",\"name\":\"hegyizs\",\"image\":{\"@type\":\"ImageObject\",\"inLanguage\":\"hu\",\"@id\":\"https:\/\/www.welovecycling.com\/hu\/#\/schema\/person\/image\/\",\"url\":\"https:\/\/secure.gravatar.com\/avatar\/02cf8a7906b8cf90cecb4679defac7cfd33a1c2e3b88e4903d947f3bb58eedd3?s=96&d=mm&r=g\",\"contentUrl\":\"https:\/\/secure.gravatar.com\/avatar\/02cf8a7906b8cf90cecb4679defac7cfd33a1c2e3b88e4903d947f3bb58eedd3?s=96&d=mm&r=g\",\"caption\":\"hegyizs\"},\"url\":\"https:\/\/www.welovecycling.com\/hu\/author\/hegyizs\/\"}]}<\/script>\n<!-- \/ Yoast SEO Premium plugin. -->","yoast_head_json":{"title":"Fabian Cancellara \u00faj sv\u00e1jci ProTeamet ind\u00edt a 2023-as szezonban","description":"A 41 \u00e9ves, egykori vil\u00e1gbajnok elind\u00edtja a Tudor Pro Cycling Teamet, miut\u00e1n \u00e1tvette a kontinent\u00e1lis szint\u0171 Swiss Racing Academy csapat tulajdonjog\u00e1t. Cancellara a k\u00f6vetkez\u0151 szezonban ProTeamk\u00e9nt k\u00edv\u00e1nja bejegyeztetni \u0151ket.","robots":{"index":"index","follow":"follow","max-snippet":"max-snippet:-1","max-image-preview":"max-image-preview:large","max-video-preview":"max-video-preview:-1"},"canonical":"https:\/\/www.welovecycling.com\/hu\/orszaguti-kerekpar\/fabian-cancellara-uj-svajci-proteamet-indit-a-2023-as-szezonban\/","og_locale":"hu_HU","og_type":"article","og_title":"Fabian Cancellara \u00faj sv\u00e1jci ProTeamet ind\u00edt a 2023-as szezonban","og_description":"A 41 \u00e9ves, egykori vil\u00e1gbajnok elind\u00edtja a Tudor Pro Cycling Teamet, miut\u00e1n \u00e1tvette a kontinent\u00e1lis szint\u0171 Swiss Racing Academy csapat tulajdonjog\u00e1t. Cancellara a k\u00f6vetkez\u0151 szezonban ProTeamk\u00e9nt k\u00edv\u00e1nja bejegyeztetni \u0151ket.","og_url":"https:\/\/www.welovecycling.com\/hu\/orszaguti-kerekpar\/fabian-cancellara-uj-svajci-proteamet-indit-a-2023-as-szezonban\/","og_site_name":"\u0160koda We Love Cycling - Magyarorsz\u00e1g","article_publisher":"https:\/\/www.facebook.com\/WeLoveCyclingHungary\/","article_published_time":"2022-05-13T06:00:14+00:00","og_image":[{"width":1366,"height":600,"url":"https:\/\/d2p6e6u75xmxt8.cloudfront.net\/12\/2022\/05\/Fabian-Cancellara-profimedia-0686171484-CVR.jpg","type":"image\/jpeg"}],"author":"hegyizs","twitter_card":"summary_large_image","twitter_misc":{"Written by":"Monica Buck","Est. reading time":"4"},"schema":{"@context":"https:\/\/schema.org","@graph":[{"@type":"WebPage","@id":"https:\/\/www.welovecycling.com\/hu\/orszaguti-kerekpar\/fabian-cancellara-uj-svajci-proteamet-indit-a-2023-as-szezonban\/","url":"https:\/\/www.welovecycling.com\/hu\/orszaguti-kerekpar\/fabian-cancellara-uj-svajci-proteamet-indit-a-2023-as-szezonban\/","name":"Fabian Cancellara \u00faj sv\u00e1jci ProTeamet ind\u00edt a 2023-as szezonban","isPartOf":{"@id":"https:\/\/www.welovecycling.com\/hu\/#website"},"primaryImageOfPage":{"@id":"https:\/\/www.welovecycling.com\/hu\/orszaguti-kerekpar\/fabian-cancellara-uj-svajci-proteamet-indit-a-2023-as-szezonban\/#primaryimage"},"image":{"@id":"https:\/\/www.welovecycling.com\/hu\/orszaguti-kerekpar\/fabian-cancellara-uj-svajci-proteamet-indit-a-2023-as-szezonban\/#primaryimage"},"thumbnailUrl":"https:\/\/d2p6e6u75xmxt8.cloudfront.net\/12\/2022\/05\/Fabian-Cancellara-profimedia-0686171484-CVR.jpg","datePublished":"2022-05-13T06:00:14+00:00","author":{"@id":"https:\/\/www.welovecycling.com\/hu\/#\/schema\/person\/414a2aebf1801691a5320edb6468e194"},"description":"A 41 \u00e9ves, egykori vil\u00e1gbajnok elind\u00edtja a Tudor Pro Cycling Teamet, miut\u00e1n \u00e1tvette a kontinent\u00e1lis szint\u0171 Swiss Racing Academy csapat tulajdonjog\u00e1t. Cancellara a k\u00f6vetkez\u0151 szezonban ProTeamk\u00e9nt k\u00edv\u00e1nja bejegyeztetni \u0151ket.","breadcrumb":{"@id":"https:\/\/www.welovecycling.com\/hu\/orszaguti-kerekpar\/fabian-cancellara-uj-svajci-proteamet-indit-a-2023-as-szezonban\/#breadcrumb"},"inLanguage":"hu","potentialAction":[{"@type":"ReadAction","target":["https:\/\/www.welovecycling.com\/hu\/orszaguti-kerekpar\/fabian-cancellara-uj-svajci-proteamet-indit-a-2023-as-szezonban\/"]}]},{"@type":"ImageObject","inLanguage":"hu","@id":"https:\/\/www.welovecycling.com\/hu\/orszaguti-kerekpar\/fabian-cancellara-uj-svajci-proteamet-indit-a-2023-as-szezonban\/#primaryimage","url":"https:\/\/d2p6e6u75xmxt8.cloudfront.net\/12\/2022\/05\/Fabian-Cancellara-profimedia-0686171484-CVR.jpg","contentUrl":"https:\/\/d2p6e6u75xmxt8.cloudfront.net\/12\/2022\/05\/Fabian-Cancellara-profimedia-0686171484-CVR.jpg","width":1366,"height":600,"caption":"Fabian Cancellara"},{"@type":"BreadcrumbList","@id":"https:\/\/www.welovecycling.com\/hu\/orszaguti-kerekpar\/fabian-cancellara-uj-svajci-proteamet-indit-a-2023-as-szezonban\/#breadcrumb","itemListElement":[{"@type":"ListItem","position":1,"name":"Home","item":"https:\/\/www.welovecycling.com\/hu\/"},{"@type":"ListItem","position":2,"name":"Fabian Cancellara \u00faj sv\u00e1jci ProTeamet ind\u00edt a 2023-as szezonban"}]},{"@type":"WebSite","@id":"https:\/\/www.welovecycling.com\/hu\/#website","url":"https:\/\/www.welovecycling.com\/hu\/","name":"\u0160koda We Love Cycling - Magyarorsz\u00e1g","description":"\u0160koda WeLoveCycling","potentialAction":[{"@type":"SearchAction","target":{"@type":"EntryPoint","urlTemplate":"https:\/\/www.welovecycling.com\/hu\/?s={search_term_string}"},"query-input":{"@type":"PropertyValueSpecification","valueRequired":true,"valueName":"search_term_string"}}],"inLanguage":"hu"},{"@type":"Person","@id":"https:\/\/www.welovecycling.com\/hu\/#\/schema\/person\/414a2aebf1801691a5320edb6468e194","name":"hegyizs","image":{"@type":"ImageObject","inLanguage":"hu","@id":"https:\/\/www.welovecycling.com\/hu\/#\/schema\/person\/image\/","url":"https:\/\/secure.gravatar.com\/avatar\/02cf8a7906b8cf90cecb4679defac7cfd33a1c2e3b88e4903d947f3bb58eedd3?s=96&d=mm&r=g","contentUrl":"https:\/\/secure.gravatar.com\/avatar\/02cf8a7906b8cf90cecb4679defac7cfd33a1c2e3b88e4903d947f3bb58eedd3?s=96&d=mm&r=g","caption":"hegyizs"},"url":"https:\/\/www.welovecycling.com\/hu\/author\/hegyizs\/"}]}},"_links":{"self":[{"href":"https:\/\/www.welovecycling.com\/hu\/wp-json\/wp\/v2\/posts\/14912","targetHints":{"allow":["GET"]}}],"collection":[{"href":"https:\/\/www.welovecycling.com\/hu\/wp-json\/wp\/v2\/posts"}],"about":[{"href":"https:\/\/www.welovecycling.com\/hu\/wp-json\/wp\/v2\/types\/post"}],"author":[{"embeddable":true,"href":"https:\/\/www.welovecycling.com\/hu\/wp-json\/wp\/v2\/users\/71"}],"replies":[{"embeddable":true,"href":"https:\/\/www.welovecycling.com\/hu\/wp-json\/wp\/v2\/comments?post=14912"}],"version-history":[{"count":2,"href":"https:\/\/www.welovecycling.com\/hu\/wp-json\/wp\/v2\/posts\/14912\/revisions"}],"predecessor-version":[{"id":14916,"href":"https:\/\/www.welovecycling.com\/hu\/wp-json\/wp\/v2\/posts\/14912\/revisions\/14916"}],"wp:featuredmedia":[{"embeddable":true,"href":"https:\/\/www.welovecycling.com\/hu\/wp-json\/wp\/v2\/media\/14914"}],"wp:attachment":[{"href":"https:\/\/www.welovecycling.com\/hu\/wp-json\/wp\/v2\/media?parent=14912"}],"wp:term":[{"taxonomy":"category","embeddable":true,"href":"https:\/\/www.welovecycling.com\/hu\/wp-json\/wp\/v2\/categories?post=14912"},{"taxonomy":"post_tag","embeddable":true,"href":"https:\/\/www.welovecycling.com\/hu\/wp-json\/wp\/v2\/tags?post=14912"},{"taxonomy":"global-categories","embeddable":true,"href":"https:\/\/www.welovecycling.com\/hu\/wp-json\/wp\/v2\/global-categories?post=14912"}],"curies":[{"name":"wp","href":"https:\/\/api.w.org\/{rel}","templated":true}]}}