{"id":14906,"date":"2022-05-14T08:00:28","date_gmt":"2022-05-14T06:00:28","guid":{"rendered":"https:\/\/www.welovecycling.com\/hu\/?p=14906"},"modified":"2022-05-06T14:13:32","modified_gmt":"2022-05-06T12:13:32","slug":"honnan-tudod-hogy-kipihent-vagy","status":"publish","type":"post","link":"https:\/\/www.welovecycling.com\/hu\/edzes-es-eletmod\/honnan-tudod-hogy-kipihent-vagy\/","title":{"rendered":"Honnan tudod, hogy kipihent vagy?"},"content":{"rendered":"<p><strong>Az okoseszk\u00f6z\u00f6k \u00e9s fitnesz karp\u00e1ntok vil\u00e1g\u00e1ban ma m\u00e1r k\u00f6nny\u0171 megmondani, mikor lehet tov\u00e1bb hajtani, \u00e9s mikor \u00e9rdemes pihenni. Azonban ezek az adatok csak a t\u00f6rt\u00e9net fel\u00e9t mes\u00e9lik el. El\u0151fordulhat, hogy hi\u00e1ba k\u00f6veted a k\u00fcty\u00fck regener\u00e1ci\u00f3s utas\u00edt\u00e1sait, m\u00e9gis t\u00faledzed magad. Az adatokat mindig \u00f6ssze kell hangolnod a saj\u00e1t \u00e9szlelt er\u0151fesz\u00edt\u00e9seiddel, \u00e9s azzal, hogy hogyan \u00e9rzed magad a ker\u00e9kp\u00e1ron, \u00e9s azon k\u00edv\u00fcl. N\u00e9zz\u00fcnk n\u00e9h\u00e1ny tippet, hogyan tudod megmondani, hogy eleget pihent\u00e9l-e!<\/strong><\/p>\n<p><!--more--><\/p>\n<h2><strong>Hogyan reag\u00e1l a pulzussz\u00e1mod az er\u0151fesz\u00edt\u00e9s v\u00e1ltoz\u00e1saira?<\/strong><\/h2>\n<p>Ha kipihent vagy, a pulzussz\u00e1mod gyorsan emelkedik \u00e9s cs\u00f6kken az er\u0151fesz\u00edt\u00e9s szintj\u00e9nek v\u00e1ltoz\u00e1s\u00e1val egy\u00fctt. Nincsenek univerz\u00e1lis sz\u00e1mok, amelyekre figyelni kell. Meg kell tanulnod, mi sz\u00e1m\u00edt sz\u00e1modra norm\u00e1lisnak, ahhoz, hogy \u00e9szrevedd, ha valami nem az. A f\u00e1radts\u00e1g jele lehet az alacsony pulzussz\u00e1m \u2013 ha p\u00e9ld\u00e1ul azt veszed \u00e9szre, hogy ugyanazt az edz\u00e9st le tudod nyomni ugyanolyan teljes\u00edtm\u00e9nnyel, mint legut\u00f3bb, a pulzussz\u00e1mod viszont alacsonyabb, lehet, hogy t\u00f6bb pihen\u00e9sre van sz\u00fcks\u00e9ged!<\/p>\n<figure id=\"attachment_11746\" aria-describedby=\"caption-attachment-11746\" style=\"width: 1000px\" class=\"wp-caption alignnone\"><a href=\"https:\/\/d2p6e6u75xmxt8.cloudfront.net\/12\/2021\/06\/Cyclist-training-profimedia-0614192494.jpg\"><img loading=\"lazy\" decoding=\"async\" class=\"wp-image-11746 size-full\" src=\"https:\/\/d2p6e6u75xmxt8.cloudfront.net\/12\/2021\/06\/Cyclist-training-profimedia-0614192494.jpg\" alt=\"Cyclist training\" width=\"1000\" height=\"666\" srcset=\"https:\/\/d2p6e6u75xmxt8.cloudfront.net\/12\/2021\/06\/Cyclist-training-profimedia-0614192494.jpg 1000w, https:\/\/d2p6e6u75xmxt8.cloudfront.net\/12\/2021\/06\/Cyclist-training-profimedia-0614192494-300x200.jpg 300w, https:\/\/d2p6e6u75xmxt8.cloudfront.net\/12\/2021\/06\/Cyclist-training-profimedia-0614192494-768x511.jpg 768w, https:\/\/d2p6e6u75xmxt8.cloudfront.net\/12\/2021\/06\/Cyclist-training-profimedia-0614192494-272x182.jpg 272w\" sizes=\"auto, (max-width: 1000px) 100vw, 1000px\" \/><\/a><figcaption id=\"caption-attachment-11746\" class=\"wp-caption-text\"><em>El\u0151fordulhat, hogy hi\u00e1ba k\u00f6veted a k\u00fcty\u00fck regener\u00e1ci\u00f3s utas\u00edt\u00e1sait, m\u00e9gis t\u00faledzed magad. \u00a9 Profimedia<\/em><\/figcaption><\/figure>\n<h2><strong>Mennyire b\u00edrod a gyorsul\u00e1st?<\/strong><\/h2>\n<p>Ha f\u00e1radt vagy, nagy mel\u00f3nak \u00e9rzed a gyors\u00edt\u00e1sokat. Meg tudod csin\u00e1lni, de kellemetlen \u00e9s sok\u00e1ig tart. Ha kipihent vagy, k\u00f6nnyen n\u00f6veled a sebess\u00e9get \u2013 olyannyira, hogy \u00e9szre sem veszed. Ha p\u00e9ld\u00e1ul nehezen gyorsulsz vissza egy piros l\u00e1mp\u00e1n\u00e1l, vagy alig tudsz csak felz\u00e1rk\u00f3zni a csapatodhoz, \u00e9s m\u00e1r az \u00fat elej\u00e9n \u00e9rzed, hogy nem b\u00edrj\u00e1k a l\u00e1baid a megszokott temp\u00f3t, menj haza pihenni!<\/p>\n<h2><strong>Van kedved gyorsan tekerni?<\/strong><\/h2>\n<p>Ha m\u00e1r a gondolat is f\u00e1raszt\u00f3nak t\u0171nik, hogy feltekerj egy emelked\u0151n, vagy megel\u0151zd az el\u0151tted halad\u00f3 biciklist, akkor lehet, hogy kell egy kis pihen\u0151. Ha sok ment\u00e1lis energi\u00e1ra van sz\u00fcks\u00e9g ahhoz, hogy elk\u00f6telezd magad az edz\u00e9sterved \u00e1ltal megk\u00edv\u00e1nt intenzit\u00e1si intervallumok mellett, szint\u00e9n. Egy\u00e9rtelm\u0171en arr\u00f3l \u00e1rulkodik, hogy kipihent vagy, ha alig v\u00e1rod, hogy sz\u00e1guldhass!<\/p>\n<h2><strong>Izgatottan indulsz bring\u00e1zni?<\/strong><\/h2>\n<p>Minden amat\u0151r az\u00e9rt teker, mert \u00fagy d\u00f6nt, hogy szeretne, nem az\u00e9rt, mert k\u00f6telez\u0151. Az edz\u00e9sek pedig nem mindig kellemesek, \u00e9s el\u0151fordul, hogy ink\u00e1bb csin\u00e1ln\u00e1nk helyett\u00fck valami m\u00e1st. Teljesen norm\u00e1lis, ha n\u00e9ha \u00edgy \u00e9rzel! De ha rendeszeresen k\u00e9nyszer\u00edtened kell magad, hogy elmenj biciklizni, akkor itt az ideje tartani egy hosszabb sz\u00fcnetet!<\/p>\n","protected":false},"excerpt":{"rendered":"<p>Az okoseszk\u00f6z\u00f6k \u00e9s fitnesz karp\u00e1ntok vil\u00e1g\u00e1ban ma m\u00e1r k\u00f6nny\u0171 megmondani, mikor lehet tov\u00e1bb hajtani, \u00e9s mikor \u00e9rdemes pihenni. Azonban ezek [&hellip;]<\/p>\n","protected":false},"author":71,"featured_media":14908,"comment_status":"open","ping_status":"open","sticky":false,"template":"","format":"standard","meta":{"footnotes":""},"categories":[6],"tags":[],"global-categories":[],"class_list":["post-14906","post","type-post","status-publish","format-standard","has-post-thumbnail","hentry","category-edzes-es-eletmod"],"yoast_head":"<!-- This site is optimized with the Yoast SEO Premium plugin v25.3 (Yoast SEO v25.9) - https:\/\/yoast.com\/wordpress\/plugins\/seo\/ -->\n<title>Honnan tudod, hogy kipihent vagy?<\/title>\n<meta name=\"description\" content=\"Az okoseszk\u00f6z\u00f6k \u00e9s fitnesz karp\u00e1ntok vil\u00e1g\u00e1ban ma m\u00e1r k\u00f6nny\u0171 megmondani, mikor lehet tov\u00e1bb hajtani, \u00e9s mikor \u00e9rdemes pihenni. Azonban ezek az adatok csak a t\u00f6rt\u00e9net fel\u00e9t mes\u00e9lik el. El\u0151fordulhat, hogy hi\u00e1ba k\u00f6veted a k\u00fcty\u00fck regener\u00e1ci\u00f3s utas\u00edt\u00e1sait, m\u00e9gis t\u00faledzed magad.\" \/>\n<meta name=\"robots\" content=\"index, follow, max-snippet:-1, max-image-preview:large, max-video-preview:-1\" \/>\n<link rel=\"canonical\" href=\"https:\/\/www.welovecycling.com\/hu\/edzes-es-eletmod\/honnan-tudod-hogy-kipihent-vagy\/\" \/>\n<meta property=\"og:locale\" content=\"hu_HU\" \/>\n<meta property=\"og:type\" content=\"article\" \/>\n<meta property=\"og:title\" content=\"Honnan tudod, hogy kipihent vagy?\" \/>\n<meta property=\"og:description\" content=\"Az okoseszk\u00f6z\u00f6k \u00e9s fitnesz karp\u00e1ntok vil\u00e1g\u00e1ban ma m\u00e1r k\u00f6nny\u0171 megmondani, mikor lehet tov\u00e1bb hajtani, \u00e9s mikor \u00e9rdemes pihenni. Azonban ezek az adatok csak a t\u00f6rt\u00e9net fel\u00e9t mes\u00e9lik el. El\u0151fordulhat, hogy hi\u00e1ba k\u00f6veted a k\u00fcty\u00fck regener\u00e1ci\u00f3s utas\u00edt\u00e1sait, m\u00e9gis t\u00faledzed magad.\" \/>\n<meta property=\"og:url\" content=\"https:\/\/www.welovecycling.com\/hu\/edzes-es-eletmod\/honnan-tudod-hogy-kipihent-vagy\/\" \/>\n<meta property=\"og:site_name\" content=\"\u0160koda We Love Cycling - Magyarorsz\u00e1g\" \/>\n<meta property=\"article:publisher\" content=\"https:\/\/www.facebook.com\/WeLoveCyclingHungary\/\" \/>\n<meta property=\"article:published_time\" content=\"2022-05-14T06:00:28+00:00\" \/>\n<meta property=\"og:image\" content=\"https:\/\/d2p6e6u75xmxt8.cloudfront.net\/12\/2022\/05\/Cyclist-resting-profimedia-0657804963-CVR.jpg\" \/>\n\t<meta property=\"og:image:width\" content=\"1366\" \/>\n\t<meta property=\"og:image:height\" content=\"600\" \/>\n\t<meta property=\"og:image:type\" content=\"image\/jpeg\" \/>\n<meta name=\"author\" content=\"hegyizs\" \/>\n<meta name=\"twitter:card\" content=\"summary_large_image\" \/>\n<meta name=\"twitter:label1\" content=\"Written by\" \/>\n\t<meta name=\"twitter:data1\" content=\"Jiri Kaloc\" \/>\n\t<meta name=\"twitter:label2\" content=\"Est. reading time\" \/>\n\t<meta name=\"twitter:data2\" content=\"5\" \/>\n<script type=\"application\/ld+json\" class=\"yoast-schema-graph\">{\"@context\":\"https:\/\/schema.org\",\"@graph\":[{\"@type\":\"WebPage\",\"@id\":\"https:\/\/www.welovecycling.com\/hu\/edzes-es-eletmod\/honnan-tudod-hogy-kipihent-vagy\/\",\"url\":\"https:\/\/www.welovecycling.com\/hu\/edzes-es-eletmod\/honnan-tudod-hogy-kipihent-vagy\/\",\"name\":\"Honnan tudod, hogy kipihent vagy?\",\"isPartOf\":{\"@id\":\"https:\/\/www.welovecycling.com\/hu\/#website\"},\"primaryImageOfPage\":{\"@id\":\"https:\/\/www.welovecycling.com\/hu\/edzes-es-eletmod\/honnan-tudod-hogy-kipihent-vagy\/#primaryimage\"},\"image\":{\"@id\":\"https:\/\/www.welovecycling.com\/hu\/edzes-es-eletmod\/honnan-tudod-hogy-kipihent-vagy\/#primaryimage\"},\"thumbnailUrl\":\"https:\/\/d2p6e6u75xmxt8.cloudfront.net\/12\/2022\/05\/Cyclist-resting-profimedia-0657804963-CVR.jpg\",\"datePublished\":\"2022-05-14T06:00:28+00:00\",\"author\":{\"@id\":\"https:\/\/www.welovecycling.com\/hu\/#\/schema\/person\/414a2aebf1801691a5320edb6468e194\"},\"description\":\"Az okoseszk\u00f6z\u00f6k \u00e9s fitnesz karp\u00e1ntok vil\u00e1g\u00e1ban ma m\u00e1r k\u00f6nny\u0171 megmondani, mikor lehet tov\u00e1bb hajtani, \u00e9s mikor \u00e9rdemes pihenni. Azonban ezek az adatok csak a t\u00f6rt\u00e9net fel\u00e9t mes\u00e9lik el. El\u0151fordulhat, hogy hi\u00e1ba k\u00f6veted a k\u00fcty\u00fck regener\u00e1ci\u00f3s utas\u00edt\u00e1sait, m\u00e9gis t\u00faledzed magad.\",\"breadcrumb\":{\"@id\":\"https:\/\/www.welovecycling.com\/hu\/edzes-es-eletmod\/honnan-tudod-hogy-kipihent-vagy\/#breadcrumb\"},\"inLanguage\":\"hu\",\"potentialAction\":[{\"@type\":\"ReadAction\",\"target\":[\"https:\/\/www.welovecycling.com\/hu\/edzes-es-eletmod\/honnan-tudod-hogy-kipihent-vagy\/\"]}]},{\"@type\":\"ImageObject\",\"inLanguage\":\"hu\",\"@id\":\"https:\/\/www.welovecycling.com\/hu\/edzes-es-eletmod\/honnan-tudod-hogy-kipihent-vagy\/#primaryimage\",\"url\":\"https:\/\/d2p6e6u75xmxt8.cloudfront.net\/12\/2022\/05\/Cyclist-resting-profimedia-0657804963-CVR.jpg\",\"contentUrl\":\"https:\/\/d2p6e6u75xmxt8.cloudfront.net\/12\/2022\/05\/Cyclist-resting-profimedia-0657804963-CVR.jpg\",\"width\":1366,\"height\":600},{\"@type\":\"BreadcrumbList\",\"@id\":\"https:\/\/www.welovecycling.com\/hu\/edzes-es-eletmod\/honnan-tudod-hogy-kipihent-vagy\/#breadcrumb\",\"itemListElement\":[{\"@type\":\"ListItem\",\"position\":1,\"name\":\"Home\",\"item\":\"https:\/\/www.welovecycling.com\/hu\/\"},{\"@type\":\"ListItem\",\"position\":2,\"name\":\"Honnan tudod, hogy kipihent vagy?\"}]},{\"@type\":\"WebSite\",\"@id\":\"https:\/\/www.welovecycling.com\/hu\/#website\",\"url\":\"https:\/\/www.welovecycling.com\/hu\/\",\"name\":\"\u0160koda We Love Cycling - Magyarorsz\u00e1g\",\"description\":\"\u0160koda WeLoveCycling\",\"potentialAction\":[{\"@type\":\"SearchAction\",\"target\":{\"@type\":\"EntryPoint\",\"urlTemplate\":\"https:\/\/www.welovecycling.com\/hu\/?s={search_term_string}\"},\"query-input\":{\"@type\":\"PropertyValueSpecification\",\"valueRequired\":true,\"valueName\":\"search_term_string\"}}],\"inLanguage\":\"hu\"},{\"@type\":\"Person\",\"@id\":\"https:\/\/www.welovecycling.com\/hu\/#\/schema\/person\/414a2aebf1801691a5320edb6468e194\",\"name\":\"hegyizs\",\"image\":{\"@type\":\"ImageObject\",\"inLanguage\":\"hu\",\"@id\":\"https:\/\/www.welovecycling.com\/hu\/#\/schema\/person\/image\/\",\"url\":\"https:\/\/secure.gravatar.com\/avatar\/02cf8a7906b8cf90cecb4679defac7cfd33a1c2e3b88e4903d947f3bb58eedd3?s=96&d=mm&r=g\",\"contentUrl\":\"https:\/\/secure.gravatar.com\/avatar\/02cf8a7906b8cf90cecb4679defac7cfd33a1c2e3b88e4903d947f3bb58eedd3?s=96&d=mm&r=g\",\"caption\":\"hegyizs\"},\"url\":\"https:\/\/www.welovecycling.com\/hu\/author\/hegyizs\/\"}]}<\/script>\n<!-- \/ Yoast SEO Premium plugin. -->","yoast_head_json":{"title":"Honnan tudod, hogy kipihent vagy?","description":"Az okoseszk\u00f6z\u00f6k \u00e9s fitnesz karp\u00e1ntok vil\u00e1g\u00e1ban ma m\u00e1r k\u00f6nny\u0171 megmondani, mikor lehet tov\u00e1bb hajtani, \u00e9s mikor \u00e9rdemes pihenni. Azonban ezek az adatok csak a t\u00f6rt\u00e9net fel\u00e9t mes\u00e9lik el. El\u0151fordulhat, hogy hi\u00e1ba k\u00f6veted a k\u00fcty\u00fck regener\u00e1ci\u00f3s utas\u00edt\u00e1sait, m\u00e9gis t\u00faledzed magad.","robots":{"index":"index","follow":"follow","max-snippet":"max-snippet:-1","max-image-preview":"max-image-preview:large","max-video-preview":"max-video-preview:-1"},"canonical":"https:\/\/www.welovecycling.com\/hu\/edzes-es-eletmod\/honnan-tudod-hogy-kipihent-vagy\/","og_locale":"hu_HU","og_type":"article","og_title":"Honnan tudod, hogy kipihent vagy?","og_description":"Az okoseszk\u00f6z\u00f6k \u00e9s fitnesz karp\u00e1ntok vil\u00e1g\u00e1ban ma m\u00e1r k\u00f6nny\u0171 megmondani, mikor lehet tov\u00e1bb hajtani, \u00e9s mikor \u00e9rdemes pihenni. Azonban ezek az adatok csak a t\u00f6rt\u00e9net fel\u00e9t mes\u00e9lik el. El\u0151fordulhat, hogy hi\u00e1ba k\u00f6veted a k\u00fcty\u00fck regener\u00e1ci\u00f3s utas\u00edt\u00e1sait, m\u00e9gis t\u00faledzed magad.","og_url":"https:\/\/www.welovecycling.com\/hu\/edzes-es-eletmod\/honnan-tudod-hogy-kipihent-vagy\/","og_site_name":"\u0160koda We Love Cycling - Magyarorsz\u00e1g","article_publisher":"https:\/\/www.facebook.com\/WeLoveCyclingHungary\/","article_published_time":"2022-05-14T06:00:28+00:00","og_image":[{"width":1366,"height":600,"url":"https:\/\/d2p6e6u75xmxt8.cloudfront.net\/12\/2022\/05\/Cyclist-resting-profimedia-0657804963-CVR.jpg","type":"image\/jpeg"}],"author":"hegyizs","twitter_card":"summary_large_image","twitter_misc":{"Written by":"Jiri Kaloc","Est. reading time":"5"},"schema":{"@context":"https:\/\/schema.org","@graph":[{"@type":"WebPage","@id":"https:\/\/www.welovecycling.com\/hu\/edzes-es-eletmod\/honnan-tudod-hogy-kipihent-vagy\/","url":"https:\/\/www.welovecycling.com\/hu\/edzes-es-eletmod\/honnan-tudod-hogy-kipihent-vagy\/","name":"Honnan tudod, hogy kipihent vagy?","isPartOf":{"@id":"https:\/\/www.welovecycling.com\/hu\/#website"},"primaryImageOfPage":{"@id":"https:\/\/www.welovecycling.com\/hu\/edzes-es-eletmod\/honnan-tudod-hogy-kipihent-vagy\/#primaryimage"},"image":{"@id":"https:\/\/www.welovecycling.com\/hu\/edzes-es-eletmod\/honnan-tudod-hogy-kipihent-vagy\/#primaryimage"},"thumbnailUrl":"https:\/\/d2p6e6u75xmxt8.cloudfront.net\/12\/2022\/05\/Cyclist-resting-profimedia-0657804963-CVR.jpg","datePublished":"2022-05-14T06:00:28+00:00","author":{"@id":"https:\/\/www.welovecycling.com\/hu\/#\/schema\/person\/414a2aebf1801691a5320edb6468e194"},"description":"Az okoseszk\u00f6z\u00f6k \u00e9s fitnesz karp\u00e1ntok vil\u00e1g\u00e1ban ma m\u00e1r k\u00f6nny\u0171 megmondani, mikor lehet tov\u00e1bb hajtani, \u00e9s mikor \u00e9rdemes pihenni. Azonban ezek az adatok csak a t\u00f6rt\u00e9net fel\u00e9t mes\u00e9lik el. El\u0151fordulhat, hogy hi\u00e1ba k\u00f6veted a k\u00fcty\u00fck regener\u00e1ci\u00f3s utas\u00edt\u00e1sait, m\u00e9gis t\u00faledzed magad.","breadcrumb":{"@id":"https:\/\/www.welovecycling.com\/hu\/edzes-es-eletmod\/honnan-tudod-hogy-kipihent-vagy\/#breadcrumb"},"inLanguage":"hu","potentialAction":[{"@type":"ReadAction","target":["https:\/\/www.welovecycling.com\/hu\/edzes-es-eletmod\/honnan-tudod-hogy-kipihent-vagy\/"]}]},{"@type":"ImageObject","inLanguage":"hu","@id":"https:\/\/www.welovecycling.com\/hu\/edzes-es-eletmod\/honnan-tudod-hogy-kipihent-vagy\/#primaryimage","url":"https:\/\/d2p6e6u75xmxt8.cloudfront.net\/12\/2022\/05\/Cyclist-resting-profimedia-0657804963-CVR.jpg","contentUrl":"https:\/\/d2p6e6u75xmxt8.cloudfront.net\/12\/2022\/05\/Cyclist-resting-profimedia-0657804963-CVR.jpg","width":1366,"height":600},{"@type":"BreadcrumbList","@id":"https:\/\/www.welovecycling.com\/hu\/edzes-es-eletmod\/honnan-tudod-hogy-kipihent-vagy\/#breadcrumb","itemListElement":[{"@type":"ListItem","position":1,"name":"Home","item":"https:\/\/www.welovecycling.com\/hu\/"},{"@type":"ListItem","position":2,"name":"Honnan tudod, hogy kipihent vagy?"}]},{"@type":"WebSite","@id":"https:\/\/www.welovecycling.com\/hu\/#website","url":"https:\/\/www.welovecycling.com\/hu\/","name":"\u0160koda We Love Cycling - Magyarorsz\u00e1g","description":"\u0160koda WeLoveCycling","potentialAction":[{"@type":"SearchAction","target":{"@type":"EntryPoint","urlTemplate":"https:\/\/www.welovecycling.com\/hu\/?s={search_term_string}"},"query-input":{"@type":"PropertyValueSpecification","valueRequired":true,"valueName":"search_term_string"}}],"inLanguage":"hu"},{"@type":"Person","@id":"https:\/\/www.welovecycling.com\/hu\/#\/schema\/person\/414a2aebf1801691a5320edb6468e194","name":"hegyizs","image":{"@type":"ImageObject","inLanguage":"hu","@id":"https:\/\/www.welovecycling.com\/hu\/#\/schema\/person\/image\/","url":"https:\/\/secure.gravatar.com\/avatar\/02cf8a7906b8cf90cecb4679defac7cfd33a1c2e3b88e4903d947f3bb58eedd3?s=96&d=mm&r=g","contentUrl":"https:\/\/secure.gravatar.com\/avatar\/02cf8a7906b8cf90cecb4679defac7cfd33a1c2e3b88e4903d947f3bb58eedd3?s=96&d=mm&r=g","caption":"hegyizs"},"url":"https:\/\/www.welovecycling.com\/hu\/author\/hegyizs\/"}]}},"_links":{"self":[{"href":"https:\/\/www.welovecycling.com\/hu\/wp-json\/wp\/v2\/posts\/14906","targetHints":{"allow":["GET"]}}],"collection":[{"href":"https:\/\/www.welovecycling.com\/hu\/wp-json\/wp\/v2\/posts"}],"about":[{"href":"https:\/\/www.welovecycling.com\/hu\/wp-json\/wp\/v2\/types\/post"}],"author":[{"embeddable":true,"href":"https:\/\/www.welovecycling.com\/hu\/wp-json\/wp\/v2\/users\/71"}],"replies":[{"embeddable":true,"href":"https:\/\/www.welovecycling.com\/hu\/wp-json\/wp\/v2\/comments?post=14906"}],"version-history":[{"count":2,"href":"https:\/\/www.welovecycling.com\/hu\/wp-json\/wp\/v2\/posts\/14906\/revisions"}],"predecessor-version":[{"id":14911,"href":"https:\/\/www.welovecycling.com\/hu\/wp-json\/wp\/v2\/posts\/14906\/revisions\/14911"}],"wp:featuredmedia":[{"embeddable":true,"href":"https:\/\/www.welovecycling.com\/hu\/wp-json\/wp\/v2\/media\/14908"}],"wp:attachment":[{"href":"https:\/\/www.welovecycling.com\/hu\/wp-json\/wp\/v2\/media?parent=14906"}],"wp:term":[{"taxonomy":"category","embeddable":true,"href":"https:\/\/www.welovecycling.com\/hu\/wp-json\/wp\/v2\/categories?post=14906"},{"taxonomy":"post_tag","embeddable":true,"href":"https:\/\/www.welovecycling.com\/hu\/wp-json\/wp\/v2\/tags?post=14906"},{"taxonomy":"global-categories","embeddable":true,"href":"https:\/\/www.welovecycling.com\/hu\/wp-json\/wp\/v2\/global-categories?post=14906"}],"curies":[{"name":"wp","href":"https:\/\/api.w.org\/{rel}","templated":true}]}}