{"id":14903,"date":"2022-05-11T08:00:34","date_gmt":"2022-05-11T06:00:34","guid":{"rendered":"https:\/\/www.welovecycling.com\/hu\/?p=14903"},"modified":"2022-05-06T14:11:37","modified_gmt":"2022-05-06T12:11:37","slug":"igy-tudsz-tajekozodni-a-sivatagban","status":"publish","type":"post","link":"https:\/\/www.welovecycling.com\/hu\/trekking-mtb\/igy-tudsz-tajekozodni-a-sivatagban\/","title":{"rendered":"\u00cdgy tudsz t\u00e1j\u00e9koz\u00f3dni a sivatagban"},"content":{"rendered":"<p><strong>Az a n\u00e9h\u00e1ny \u00fat \u00e9s csap\u00e1s \u00e9s a v\u00e1ltozatlan t\u00e1j egy\u00e1ltal\u00e1n nem seg\u00edt t\u00e1j\u00e9koz\u00f3dni a Titan Desert verseny r\u00e9sztvev\u0151inek \u2013 tal\u00e1n ez a legnehezebb az eg\u00e9sz marokk\u00f3i megm\u00e9rettet\u00e9snek. \u0150ket azonban m\u00e9g az \u00e9szak-afrikai sivatagban val\u00f3 elt\u00e9ved\u00e9s lehet\u0151s\u00e9ge sem t\u00e1ntor\u00edtja el att\u00f3l, hogy kem\u00e9nyen k\u00fczdjenek \u00e9s \u00e9lvezz\u00e9k a zord k\u00f6r\u00fclm\u00e9nyeket.<\/strong><\/p>\n<p><!--more--><\/p>\n<p>K\u00f6zt\u00fck Adel Filip, a cseh hegyiker\u00e9kp\u00e1ros, aki m\u00e1r t\u00fal van els\u0151 Titan verseny\u00e9n, \u00e9s a ment\u00e1lis kih\u00edv\u00e1sok ellen\u00e9re sikerrel teljes\u00edtette a t\u00e1vot. Id\u00e9n is ott teker a mez\u0151nyben \u00e9s m\u00e9g magasabbra t\u00f6r! Adel m\u00e9g a verseny kezdete el\u0151tt elmondta nek\u00fcnk, hogy hogyan lehet t\u00e1j\u00e9koz\u00f3dni a sivatagban a technol\u00f3gia \u00e9s n\u00e9h\u00e1ny hagyom\u00e1nyos eszk\u00f6z seg\u00edts\u00e9g\u00e9vel.<\/p>\n<p>De el\u0151sz\u00f6r is n\u00e9zz\u00fck meg, hogyan zajlik a verseny! A versenyz\u0151k megkapj\u00e1k a kijel\u00f6lt pontokat, amelyeken a nap folyam\u00e1n \u00e1t kell haladniuk, de az, hogy hogyan jutnak el A-b\u00f3l B-be, csak rajtuk m\u00falik. Ez azt jelenti, hogy v\u00e1laszthatnak egy kock\u00e1zatosabb utat j\u00e1rhatatlan tereppel, ami l\u00e9gvonalban k\u00f6zelebb van a k\u00f6vetkez\u0151 helysz\u00ednhez, de lehet, hogy elakadnak a homokban, \u00e9s a riv\u00e1lisok egy ker\u00fcl\u0151\u00faton megel\u0151zik \u0151ket.<\/p>\n<p>https:\/\/www.instagram.com\/p\/Bw-VUiaHRgX\/<\/p>\n<p>Pontosan ez t\u00f6rt\u00e9n Filippel is legut\u00f3bb. <em>\u201eAz egyik szakaszon a spanyol versenyt\u00e1rsaimra b\u00edztam a navig\u00e1ci\u00f3t. Az ellen\u0151rz\u0151 pont n\u00e9h\u00e1ny homokd\u0171ne k\u00f6z\u00f6tt helyezkedett el, \u00e9s azt hittem, j\u00f3 \u00fatvonalat tal\u00e1ltak ki. Ennek azonban az ellenkez\u0151je bizonyult igaznak: az egy \u00f3r\u00e1s menet alatt a d\u0171n\u00e9k k\u00f6z\u00f6t, k\u00f6r\u00fclbel\u00fcl 200 helyez\u00e9st vesz\u00edtettem, \u00e9s ez nagyon \u00f6sszet\u00f6rt akkor. Ut\u00f3lag m\u00e1r szeretek visszagondolni erre a szakaszra!\u201d<\/em><\/p>\n<p>Ezek a pillanatok d\u00f6nt\u0151ek lehetnek egy ilyen versenyen. Nem sz\u00e1m\u00edt a felk\u00e9sz\u00fcl\u00e9s vagy az er\u0151nl\u00e9t, el\u00e9g egy rossz kanyar vagy d\u00f6nt\u00e9s az \u00fatvonalat illet\u0151en, \u00e9s m\u00e1ris elb\u00facs\u00fazhatsz minden sz\u00e9p helyez\u00e9st\u0151l. Hogyan k\u00e9sz\u00fclt fel id\u00e9n Filip erre, annak ellen\u00e9re, hogy a verseny el\u0151tt mind\u00f6ssze n\u00e9h\u00e1ny nappal tudta meg az ellen\u0151rz\u0151 pontok hely\u00e9t?<\/p>\n<p><em>\u201eAz egyes szakaszokra val\u00f3 felk\u00e9sz\u00fcl\u00e9s nagyon fontos. J\u00f3l fel kell t\u00e9rk\u00e9pezni az utat, amit k\u00f6vetni akarok. A Garminra felt\u00f6lt\u00f6tt t\u00e9rk\u00e9peket haszn\u00e1ltam, de csak mint alapvet\u0151 \u00fatmutat\u00f3, hiszen \u00fagysem induln\u00e9k el egyed\u00fcl egy \u00faton.\u201d<\/em><\/p>\n<p><em>\u201eMindenki felt\u00f6lti ezeket a saj\u00e1t eszk\u00f6z\u00e9re, \u00e9s biztosan lesz n\u00e9h\u00e1ny tapasztalt versenyz\u0151, akinek jobb t\u00e9rk\u00e9pe van \u00e9s az alapj\u00e1n v\u00e1laszt egy el\u0151ny\u00f6sebb utat.\u201d<\/em><\/p>\n<p>A navig\u00e1ci\u00f3t minden bizonnyal megk\u00f6nny\u00edtik a Garmin \u00e9s m\u00e1s eszk\u00f6z\u00f6k, amiket a legt\u00f6bb ker\u00e9kp\u00e1ros napi szinten haszn\u00e1l. De mint minden elektronika, ezek is b\u00e1rmikor bemondhatj\u00e1k az unalmast. Szerencs\u00e9re mindig k\u00f6zel van egy biztons\u00e1gi csapat. <em>\u201eHa valaki annyira elt\u00e9ved, hogy nem tudja, mit tegyen, a nyomk\u00f6vet\u0151j\u00e9vel seg\u00edts\u00e9get tud h\u00edvni. A verseny egy nagy kaland, azonban magas szinten biztos\u00edtott. A szervez\u0151k igyekeznek a r\u00e9sztvev\u0151ket a lehet\u0151 legnagyobb biztons\u00e1gban tartani.\u201d<\/em><\/p>\n<p>B\u00e1rmely ker\u00e9kp\u00e1ros sz\u00e1m\u00e1ra ijeszt\u0151 exped\u00edci\u00f3 lehet, ha olyan versenyen indul, mint a Titan Desert, de j\u00f3 felk\u00e9sz\u00fcl\u00e9ssel \u00e9s n\u00e9mi szerencs\u00e9vel \u00e9letre sz\u00f3l\u00f3 \u00e9lm\u00e9ny lehet bel\u0151le!<\/p>\n","protected":false},"excerpt":{"rendered":"<p>Az a n\u00e9h\u00e1ny \u00fat \u00e9s csap\u00e1s \u00e9s a v\u00e1ltozatlan t\u00e1j egy\u00e1ltal\u00e1n nem seg\u00edt t\u00e1j\u00e9koz\u00f3dni a Titan Desert verseny r\u00e9sztvev\u0151inek \u2013 [&hellip;]<\/p>\n","protected":false},"author":71,"featured_media":14905,"comment_status":"open","ping_status":"open","sticky":false,"template":"","format":"standard","meta":{"footnotes":""},"categories":[7],"tags":[],"global-categories":[],"class_list":["post-14903","post","type-post","status-publish","format-standard","has-post-thumbnail","hentry","category-trekking-mtb"],"yoast_head":"<!-- This site is optimized with the Yoast SEO Premium plugin v25.3 (Yoast SEO v25.9) - https:\/\/yoast.com\/wordpress\/plugins\/seo\/ -->\n<title>\u00cdgy tudsz t\u00e1j\u00e9koz\u00f3dni a sivatagban<\/title>\n<meta name=\"description\" content=\"Az a n\u00e9h\u00e1ny \u00fat \u00e9s csap\u00e1s \u00e9s a v\u00e1ltozatlan t\u00e1j egy\u00e1ltal\u00e1n nem seg\u00edt t\u00e1j\u00e9koz\u00f3dni a Titan Desert verseny r\u00e9sztvev\u0151inek \u2013 tal\u00e1n ez a legnehezebb az eg\u00e9sz marokk\u00f3i megm\u00e9rettet\u00e9snek. \u0150ket azonban m\u00e9g az \u00e9szak-afrikai sivatagban val\u00f3 elt\u00e9ved\u00e9s lehet\u0151s\u00e9ge sem t\u00e1ntor\u00edtja el att\u00f3l, hogy kem\u00e9nyen k\u00fczdjenek \u00e9s \u00e9lvezz\u00e9k a zord k\u00f6r\u00fclm\u00e9nyeket.\" \/>\n<meta name=\"robots\" content=\"index, follow, max-snippet:-1, max-image-preview:large, max-video-preview:-1\" \/>\n<link rel=\"canonical\" href=\"https:\/\/www.welovecycling.com\/hu\/trekking-mtb\/igy-tudsz-tajekozodni-a-sivatagban\/\" \/>\n<meta property=\"og:locale\" content=\"hu_HU\" \/>\n<meta property=\"og:type\" content=\"article\" \/>\n<meta property=\"og:title\" content=\"\u00cdgy tudsz t\u00e1j\u00e9koz\u00f3dni a sivatagban\" \/>\n<meta property=\"og:description\" content=\"Az a n\u00e9h\u00e1ny \u00fat \u00e9s csap\u00e1s \u00e9s a v\u00e1ltozatlan t\u00e1j egy\u00e1ltal\u00e1n nem seg\u00edt t\u00e1j\u00e9koz\u00f3dni a Titan Desert verseny r\u00e9sztvev\u0151inek \u2013 tal\u00e1n ez a legnehezebb az eg\u00e9sz marokk\u00f3i megm\u00e9rettet\u00e9snek. \u0150ket azonban m\u00e9g az \u00e9szak-afrikai sivatagban val\u00f3 elt\u00e9ved\u00e9s lehet\u0151s\u00e9ge sem t\u00e1ntor\u00edtja el att\u00f3l, hogy kem\u00e9nyen k\u00fczdjenek \u00e9s \u00e9lvezz\u00e9k a zord k\u00f6r\u00fclm\u00e9nyeket.\" \/>\n<meta property=\"og:url\" content=\"https:\/\/www.welovecycling.com\/hu\/trekking-mtb\/igy-tudsz-tajekozodni-a-sivatagban\/\" \/>\n<meta property=\"og:site_name\" content=\"\u0160koda We Love Cycling - Magyarorsz\u00e1g\" \/>\n<meta property=\"article:publisher\" content=\"https:\/\/www.facebook.com\/WeLoveCyclingHungary\/\" \/>\n<meta property=\"article:published_time\" content=\"2022-05-11T06:00:34+00:00\" \/>\n<meta property=\"og:image\" content=\"https:\/\/d2p6e6u75xmxt8.cloudfront.net\/12\/2022\/05\/Titan-Desert-profimedia-0430643164-CVR.jpg\" \/>\n\t<meta property=\"og:image:width\" content=\"1366\" \/>\n\t<meta property=\"og:image:height\" content=\"600\" \/>\n\t<meta property=\"og:image:type\" content=\"image\/jpeg\" \/>\n<meta name=\"author\" content=\"hegyizs\" \/>\n<meta name=\"twitter:card\" content=\"summary_large_image\" \/>\n<meta name=\"twitter:title\" content=\"%\" \/>\n<meta name=\"twitter:label1\" content=\"Written by\" \/>\n\t<meta name=\"twitter:data1\" content=\"Joshua Donaldson\" \/>\n\t<meta name=\"twitter:label2\" content=\"Est. reading time\" \/>\n\t<meta name=\"twitter:data2\" content=\"5\" \/>\n<script type=\"application\/ld+json\" class=\"yoast-schema-graph\">{\"@context\":\"https:\/\/schema.org\",\"@graph\":[{\"@type\":\"WebPage\",\"@id\":\"https:\/\/www.welovecycling.com\/hu\/trekking-mtb\/igy-tudsz-tajekozodni-a-sivatagban\/\",\"url\":\"https:\/\/www.welovecycling.com\/hu\/trekking-mtb\/igy-tudsz-tajekozodni-a-sivatagban\/\",\"name\":\"\u00cdgy tudsz t\u00e1j\u00e9koz\u00f3dni a sivatagban\",\"isPartOf\":{\"@id\":\"https:\/\/www.welovecycling.com\/hu\/#website\"},\"primaryImageOfPage\":{\"@id\":\"https:\/\/www.welovecycling.com\/hu\/trekking-mtb\/igy-tudsz-tajekozodni-a-sivatagban\/#primaryimage\"},\"image\":{\"@id\":\"https:\/\/www.welovecycling.com\/hu\/trekking-mtb\/igy-tudsz-tajekozodni-a-sivatagban\/#primaryimage\"},\"thumbnailUrl\":\"https:\/\/d2p6e6u75xmxt8.cloudfront.net\/12\/2022\/05\/Titan-Desert-profimedia-0430643164-CVR.jpg\",\"datePublished\":\"2022-05-11T06:00:34+00:00\",\"author\":{\"@id\":\"https:\/\/www.welovecycling.com\/hu\/#\/schema\/person\/414a2aebf1801691a5320edb6468e194\"},\"description\":\"Az a n\u00e9h\u00e1ny \u00fat \u00e9s csap\u00e1s \u00e9s a v\u00e1ltozatlan t\u00e1j egy\u00e1ltal\u00e1n nem seg\u00edt t\u00e1j\u00e9koz\u00f3dni a Titan Desert verseny r\u00e9sztvev\u0151inek \u2013 tal\u00e1n ez a legnehezebb az eg\u00e9sz marokk\u00f3i megm\u00e9rettet\u00e9snek. \u0150ket azonban m\u00e9g az \u00e9szak-afrikai sivatagban val\u00f3 elt\u00e9ved\u00e9s lehet\u0151s\u00e9ge sem t\u00e1ntor\u00edtja el att\u00f3l, hogy kem\u00e9nyen k\u00fczdjenek \u00e9s \u00e9lvezz\u00e9k a zord k\u00f6r\u00fclm\u00e9nyeket.\",\"breadcrumb\":{\"@id\":\"https:\/\/www.welovecycling.com\/hu\/trekking-mtb\/igy-tudsz-tajekozodni-a-sivatagban\/#breadcrumb\"},\"inLanguage\":\"hu\",\"potentialAction\":[{\"@type\":\"ReadAction\",\"target\":[\"https:\/\/www.welovecycling.com\/hu\/trekking-mtb\/igy-tudsz-tajekozodni-a-sivatagban\/\"]}]},{\"@type\":\"ImageObject\",\"inLanguage\":\"hu\",\"@id\":\"https:\/\/www.welovecycling.com\/hu\/trekking-mtb\/igy-tudsz-tajekozodni-a-sivatagban\/#primaryimage\",\"url\":\"https:\/\/d2p6e6u75xmxt8.cloudfront.net\/12\/2022\/05\/Titan-Desert-profimedia-0430643164-CVR.jpg\",\"contentUrl\":\"https:\/\/d2p6e6u75xmxt8.cloudfront.net\/12\/2022\/05\/Titan-Desert-profimedia-0430643164-CVR.jpg\",\"width\":1366,\"height\":600,\"caption\":\"Titan Desert\"},{\"@type\":\"BreadcrumbList\",\"@id\":\"https:\/\/www.welovecycling.com\/hu\/trekking-mtb\/igy-tudsz-tajekozodni-a-sivatagban\/#breadcrumb\",\"itemListElement\":[{\"@type\":\"ListItem\",\"position\":1,\"name\":\"Home\",\"item\":\"https:\/\/www.welovecycling.com\/hu\/\"},{\"@type\":\"ListItem\",\"position\":2,\"name\":\"\u00cdgy tudsz t\u00e1j\u00e9koz\u00f3dni a sivatagban\"}]},{\"@type\":\"WebSite\",\"@id\":\"https:\/\/www.welovecycling.com\/hu\/#website\",\"url\":\"https:\/\/www.welovecycling.com\/hu\/\",\"name\":\"\u0160koda We Love Cycling - Magyarorsz\u00e1g\",\"description\":\"\u0160koda WeLoveCycling\",\"potentialAction\":[{\"@type\":\"SearchAction\",\"target\":{\"@type\":\"EntryPoint\",\"urlTemplate\":\"https:\/\/www.welovecycling.com\/hu\/?s={search_term_string}\"},\"query-input\":{\"@type\":\"PropertyValueSpecification\",\"valueRequired\":true,\"valueName\":\"search_term_string\"}}],\"inLanguage\":\"hu\"},{\"@type\":\"Person\",\"@id\":\"https:\/\/www.welovecycling.com\/hu\/#\/schema\/person\/414a2aebf1801691a5320edb6468e194\",\"name\":\"hegyizs\",\"image\":{\"@type\":\"ImageObject\",\"inLanguage\":\"hu\",\"@id\":\"https:\/\/www.welovecycling.com\/hu\/#\/schema\/person\/image\/\",\"url\":\"https:\/\/secure.gravatar.com\/avatar\/02cf8a7906b8cf90cecb4679defac7cfd33a1c2e3b88e4903d947f3bb58eedd3?s=96&d=mm&r=g\",\"contentUrl\":\"https:\/\/secure.gravatar.com\/avatar\/02cf8a7906b8cf90cecb4679defac7cfd33a1c2e3b88e4903d947f3bb58eedd3?s=96&d=mm&r=g\",\"caption\":\"hegyizs\"},\"url\":\"https:\/\/www.welovecycling.com\/hu\/author\/hegyizs\/\"}]}<\/script>\n<!-- \/ Yoast SEO Premium plugin. -->","yoast_head_json":{"title":"\u00cdgy tudsz t\u00e1j\u00e9koz\u00f3dni a sivatagban","description":"Az a n\u00e9h\u00e1ny \u00fat \u00e9s csap\u00e1s \u00e9s a v\u00e1ltozatlan t\u00e1j egy\u00e1ltal\u00e1n nem seg\u00edt t\u00e1j\u00e9koz\u00f3dni a Titan Desert verseny r\u00e9sztvev\u0151inek \u2013 tal\u00e1n ez a legnehezebb az eg\u00e9sz marokk\u00f3i megm\u00e9rettet\u00e9snek. \u0150ket azonban m\u00e9g az \u00e9szak-afrikai sivatagban val\u00f3 elt\u00e9ved\u00e9s lehet\u0151s\u00e9ge sem t\u00e1ntor\u00edtja el att\u00f3l, hogy kem\u00e9nyen k\u00fczdjenek \u00e9s \u00e9lvezz\u00e9k a zord k\u00f6r\u00fclm\u00e9nyeket.","robots":{"index":"index","follow":"follow","max-snippet":"max-snippet:-1","max-image-preview":"max-image-preview:large","max-video-preview":"max-video-preview:-1"},"canonical":"https:\/\/www.welovecycling.com\/hu\/trekking-mtb\/igy-tudsz-tajekozodni-a-sivatagban\/","og_locale":"hu_HU","og_type":"article","og_title":"\u00cdgy tudsz t\u00e1j\u00e9koz\u00f3dni a sivatagban","og_description":"Az a n\u00e9h\u00e1ny \u00fat \u00e9s csap\u00e1s \u00e9s a v\u00e1ltozatlan t\u00e1j egy\u00e1ltal\u00e1n nem seg\u00edt t\u00e1j\u00e9koz\u00f3dni a Titan Desert verseny r\u00e9sztvev\u0151inek \u2013 tal\u00e1n ez a legnehezebb az eg\u00e9sz marokk\u00f3i megm\u00e9rettet\u00e9snek. \u0150ket azonban m\u00e9g az \u00e9szak-afrikai sivatagban val\u00f3 elt\u00e9ved\u00e9s lehet\u0151s\u00e9ge sem t\u00e1ntor\u00edtja el att\u00f3l, hogy kem\u00e9nyen k\u00fczdjenek \u00e9s \u00e9lvezz\u00e9k a zord k\u00f6r\u00fclm\u00e9nyeket.","og_url":"https:\/\/www.welovecycling.com\/hu\/trekking-mtb\/igy-tudsz-tajekozodni-a-sivatagban\/","og_site_name":"\u0160koda We Love Cycling - Magyarorsz\u00e1g","article_publisher":"https:\/\/www.facebook.com\/WeLoveCyclingHungary\/","article_published_time":"2022-05-11T06:00:34+00:00","og_image":[{"width":1366,"height":600,"url":"https:\/\/d2p6e6u75xmxt8.cloudfront.net\/12\/2022\/05\/Titan-Desert-profimedia-0430643164-CVR.jpg","type":"image\/jpeg"}],"author":"hegyizs","twitter_card":"summary_large_image","twitter_title":"%","twitter_misc":{"Written by":"Joshua Donaldson","Est. reading time":"5"},"schema":{"@context":"https:\/\/schema.org","@graph":[{"@type":"WebPage","@id":"https:\/\/www.welovecycling.com\/hu\/trekking-mtb\/igy-tudsz-tajekozodni-a-sivatagban\/","url":"https:\/\/www.welovecycling.com\/hu\/trekking-mtb\/igy-tudsz-tajekozodni-a-sivatagban\/","name":"\u00cdgy tudsz t\u00e1j\u00e9koz\u00f3dni a sivatagban","isPartOf":{"@id":"https:\/\/www.welovecycling.com\/hu\/#website"},"primaryImageOfPage":{"@id":"https:\/\/www.welovecycling.com\/hu\/trekking-mtb\/igy-tudsz-tajekozodni-a-sivatagban\/#primaryimage"},"image":{"@id":"https:\/\/www.welovecycling.com\/hu\/trekking-mtb\/igy-tudsz-tajekozodni-a-sivatagban\/#primaryimage"},"thumbnailUrl":"https:\/\/d2p6e6u75xmxt8.cloudfront.net\/12\/2022\/05\/Titan-Desert-profimedia-0430643164-CVR.jpg","datePublished":"2022-05-11T06:00:34+00:00","author":{"@id":"https:\/\/www.welovecycling.com\/hu\/#\/schema\/person\/414a2aebf1801691a5320edb6468e194"},"description":"Az a n\u00e9h\u00e1ny \u00fat \u00e9s csap\u00e1s \u00e9s a v\u00e1ltozatlan t\u00e1j egy\u00e1ltal\u00e1n nem seg\u00edt t\u00e1j\u00e9koz\u00f3dni a Titan Desert verseny r\u00e9sztvev\u0151inek \u2013 tal\u00e1n ez a legnehezebb az eg\u00e9sz marokk\u00f3i megm\u00e9rettet\u00e9snek. \u0150ket azonban m\u00e9g az \u00e9szak-afrikai sivatagban val\u00f3 elt\u00e9ved\u00e9s lehet\u0151s\u00e9ge sem t\u00e1ntor\u00edtja el att\u00f3l, hogy kem\u00e9nyen k\u00fczdjenek \u00e9s \u00e9lvezz\u00e9k a zord k\u00f6r\u00fclm\u00e9nyeket.","breadcrumb":{"@id":"https:\/\/www.welovecycling.com\/hu\/trekking-mtb\/igy-tudsz-tajekozodni-a-sivatagban\/#breadcrumb"},"inLanguage":"hu","potentialAction":[{"@type":"ReadAction","target":["https:\/\/www.welovecycling.com\/hu\/trekking-mtb\/igy-tudsz-tajekozodni-a-sivatagban\/"]}]},{"@type":"ImageObject","inLanguage":"hu","@id":"https:\/\/www.welovecycling.com\/hu\/trekking-mtb\/igy-tudsz-tajekozodni-a-sivatagban\/#primaryimage","url":"https:\/\/d2p6e6u75xmxt8.cloudfront.net\/12\/2022\/05\/Titan-Desert-profimedia-0430643164-CVR.jpg","contentUrl":"https:\/\/d2p6e6u75xmxt8.cloudfront.net\/12\/2022\/05\/Titan-Desert-profimedia-0430643164-CVR.jpg","width":1366,"height":600,"caption":"Titan Desert"},{"@type":"BreadcrumbList","@id":"https:\/\/www.welovecycling.com\/hu\/trekking-mtb\/igy-tudsz-tajekozodni-a-sivatagban\/#breadcrumb","itemListElement":[{"@type":"ListItem","position":1,"name":"Home","item":"https:\/\/www.welovecycling.com\/hu\/"},{"@type":"ListItem","position":2,"name":"\u00cdgy tudsz t\u00e1j\u00e9koz\u00f3dni a sivatagban"}]},{"@type":"WebSite","@id":"https:\/\/www.welovecycling.com\/hu\/#website","url":"https:\/\/www.welovecycling.com\/hu\/","name":"\u0160koda We Love Cycling - Magyarorsz\u00e1g","description":"\u0160koda WeLoveCycling","potentialAction":[{"@type":"SearchAction","target":{"@type":"EntryPoint","urlTemplate":"https:\/\/www.welovecycling.com\/hu\/?s={search_term_string}"},"query-input":{"@type":"PropertyValueSpecification","valueRequired":true,"valueName":"search_term_string"}}],"inLanguage":"hu"},{"@type":"Person","@id":"https:\/\/www.welovecycling.com\/hu\/#\/schema\/person\/414a2aebf1801691a5320edb6468e194","name":"hegyizs","image":{"@type":"ImageObject","inLanguage":"hu","@id":"https:\/\/www.welovecycling.com\/hu\/#\/schema\/person\/image\/","url":"https:\/\/secure.gravatar.com\/avatar\/02cf8a7906b8cf90cecb4679defac7cfd33a1c2e3b88e4903d947f3bb58eedd3?s=96&d=mm&r=g","contentUrl":"https:\/\/secure.gravatar.com\/avatar\/02cf8a7906b8cf90cecb4679defac7cfd33a1c2e3b88e4903d947f3bb58eedd3?s=96&d=mm&r=g","caption":"hegyizs"},"url":"https:\/\/www.welovecycling.com\/hu\/author\/hegyizs\/"}]}},"_links":{"self":[{"href":"https:\/\/www.welovecycling.com\/hu\/wp-json\/wp\/v2\/posts\/14903","targetHints":{"allow":["GET"]}}],"collection":[{"href":"https:\/\/www.welovecycling.com\/hu\/wp-json\/wp\/v2\/posts"}],"about":[{"href":"https:\/\/www.welovecycling.com\/hu\/wp-json\/wp\/v2\/types\/post"}],"author":[{"embeddable":true,"href":"https:\/\/www.welovecycling.com\/hu\/wp-json\/wp\/v2\/users\/71"}],"replies":[{"embeddable":true,"href":"https:\/\/www.welovecycling.com\/hu\/wp-json\/wp\/v2\/comments?post=14903"}],"version-history":[{"count":1,"href":"https:\/\/www.welovecycling.com\/hu\/wp-json\/wp\/v2\/posts\/14903\/revisions"}],"predecessor-version":[{"id":14910,"href":"https:\/\/www.welovecycling.com\/hu\/wp-json\/wp\/v2\/posts\/14903\/revisions\/14910"}],"wp:featuredmedia":[{"embeddable":true,"href":"https:\/\/www.welovecycling.com\/hu\/wp-json\/wp\/v2\/media\/14905"}],"wp:attachment":[{"href":"https:\/\/www.welovecycling.com\/hu\/wp-json\/wp\/v2\/media?parent=14903"}],"wp:term":[{"taxonomy":"category","embeddable":true,"href":"https:\/\/www.welovecycling.com\/hu\/wp-json\/wp\/v2\/categories?post=14903"},{"taxonomy":"post_tag","embeddable":true,"href":"https:\/\/www.welovecycling.com\/hu\/wp-json\/wp\/v2\/tags?post=14903"},{"taxonomy":"global-categories","embeddable":true,"href":"https:\/\/www.welovecycling.com\/hu\/wp-json\/wp\/v2\/global-categories?post=14903"}],"curies":[{"name":"wp","href":"https:\/\/api.w.org\/{rel}","templated":true}]}}