{"id":14900,"date":"2022-05-09T08:00:53","date_gmt":"2022-05-09T06:00:53","guid":{"rendered":"https:\/\/www.welovecycling.com\/hu\/?p=14900"},"modified":"2022-05-06T14:10:50","modified_gmt":"2022-05-06T12:10:50","slug":"kokemeny-verseny-a-sivatagon-at-fel-lehet-ra-keszulni","status":"publish","type":"post","link":"https:\/\/www.welovecycling.com\/hu\/trekking-mtb\/kokemeny-verseny-a-sivatagon-at-fel-lehet-ra-keszulni\/","title":{"rendered":"K\u0151kem\u00e9ny verseny a sivatagon \u00e1t: fel lehet r\u00e1 k\u00e9sz\u00fclni?"},"content":{"rendered":"<p><strong>600 kilom\u00e9tert megtenni 6 nap alatt a k\u00f6ny\u00f6rtelen marokk\u00f3i naps\u00fct\u00e9sben, a folyamatosan v\u00e1ltoz\u00f3 szaharai d\u0171n\u00e9k k\u00f6z\u00f6tt \u2013 ez a Titan Desert, mely id\u00e9n m\u00e1jus 8. \u00e9s 13. k\u00f6z\u00f6tt zajlik. Ha szeretn\u00e9d kipr\u00f3b\u00e1lni, mire vagy k\u00e9pes, \u00e9s kimer\u00edteni minden er\u0151tartal\u00e9kod, \u00e9rdemes megfontolni j\u00f6v\u0151re a nevez\u00e9st. Fontos azonban, hogy tudd: ez nem egy szokv\u00e1nyos sportesem\u00e9ny, hatalmas szak\u00e9rtelem sz\u00fcks\u00e9ges a teljes\u00edt\u00e9s\u00e9hez. Megk\u00e9rdezt\u00fck Filip Adelt, aki m\u00e1r r\u00e9szt vett a versenyen, \u0151 hogyan k\u00e9sz\u00fclt fel r\u00e1.<\/strong><\/p>\n<p><!--more--><\/p>\n<p>Adel Csehorsz\u00e1g 2021-es MTB-bajnoka, az MTB Maraton 2020-as gy\u0151ztese \u00e9s a cseh nemzeti MTB Marathon-tagja, jelenleg a Superior Team csapat\u00e1ban versenyez. A fent eml\u00edtett Titan Desert mellett az African Cape Epic versenyen is r\u00e9szt vett, \u00edgy tudja, milyen egy neh\u00e9z nap a nyeregben \u2013 \u00e9s mit nem szabad lebecs\u00fclni a felk\u00e9sz\u00fcl\u00e9s sor\u00e1n.<\/p>\n<p>https:\/\/www.instagram.com\/p\/CcdWx5ys88B\/<\/p>\n<p>Mivel Adel hozz\u00e1szokott az eg\u00e9sz \u00e9ves kem\u00e9ny edz\u00e9sekhez, a fizikai felk\u00e9sz\u00fclts\u00e9g\u00e9n nem kellett csiszolni, ann\u00e1l ink\u00e1bb fel kellett k\u00e9sz\u00fclnie a mindent \u00e1that\u00f3, sz\u00e1raz marokk\u00f3i h\u0151s\u00e9gre. Kihangs\u00falyozta, mennyire j\u00f3 \u00f6tlet a verseny el\u0151tt 1-2 nappal kor\u00e1bban \u00e9rkezni a helysz\u00ednre, hogy hozz\u00e1szokj a k\u00f6r\u00fclm\u00e9nyekhez. \u201eNem volt id\u0151m specikifus felk\u00e9sz\u00fcl\u00e9sre, \u00edgy \u00fagy mentem neki a versenynek, mint b\u00e1rmelyik m\u00e1siknak. Igyekszem eg\u00e9sz \u00e9vben j\u00f3 form\u00e1ban maradni\u201d \u2013 tette hozz\u00e1. A ment\u00e1lis felk\u00e9sz\u00fclts\u00e9ggel kapcsolatban Adel \u00e1ll\u00e1spontja egy\u00e9rtelm\u0171: <em>\u201e100%-ban fizikailag k\u00e9sz\u00fcltem. Nem az\u00e9rt, mert nem hatalmas ment\u00e1lis kih\u00edv\u00e1s ez a verseny, hanem az\u00e9rt, mert \u00fagysem tudsz r\u00e1 felk\u00e9sz\u00fclni, mekkora.\u201d<\/em><\/p>\n<p>Napi nagyj\u00e1b\u00f3l sz\u00e1z kilom\u00e9ter a sivatagban m\u00e9g a Titan Desert veter\u00e1njainak sem tr\u00e9fa. Szerencs\u00e9re a mintegy 700 versenyz\u0151b\u0151l \u00e1ll\u00f3 k\u00f6z\u00f6ss\u00e9g tagjai k\u00f6z\u00f6tt szoros a kapcsolat, \u00e9s nem f\u00e9lnek tan\u00e1csot k\u00e9rni egym\u00e1st\u00f3l. Mi volt a leg\u00e9rt\u00e9kesebb, amit Adel kapott? <em>\u201eVal\u00f3sz\u00edn\u0171leg az, hogy ne felejtsem otthon a naptejet \u00e9s a szemcseppet\u201d <\/em>\u2013 eml\u00e9kezett vissza. Hozz\u00e1tette, hogy m\u00edg a k\u00f6z\u00f6s sz\u00e1ll\u00e1sokon, \u00e9jszaka nagyon seg\u00edt\u0151k\u00e9sz a csapat, napk\u00f6zben, a sivatagban mindenki mag\u00e1ra van utalva<em>. \u201eSenkire sem sz\u00e1m\u00edthatsz a verseny sor\u00e1n. Ez egy egy\u00e9ni kih\u00edv\u00e1s. Ha nem megy, csak a szervez\u0151kt\u0151l v\u00e1rhatsz seg\u00edts\u00e9get.\u201d<\/em><\/p>\n<p>A We Love Cycling partnere, a \u0160koda t\u00e1mogatja a Titan Desert versenyt, \u00edgy a fontosabb r\u00e9szletekr\u0151l hamarosan mi is besz\u00e1molunk!<\/p>\n","protected":false},"excerpt":{"rendered":"<p>600 kilom\u00e9tert megtenni 6 nap alatt a k\u00f6ny\u00f6rtelen marokk\u00f3i naps\u00fct\u00e9sben, a folyamatosan v\u00e1ltoz\u00f3 szaharai d\u0171n\u00e9k k\u00f6z\u00f6tt \u2013 ez a Titan [&hellip;]<\/p>\n","protected":false},"author":71,"featured_media":14902,"comment_status":"open","ping_status":"open","sticky":false,"template":"","format":"standard","meta":{"footnotes":""},"categories":[7],"tags":[],"global-categories":[],"class_list":["post-14900","post","type-post","status-publish","format-standard","has-post-thumbnail","hentry","category-trekking-mtb"],"yoast_head":"<!-- This site is optimized with the Yoast SEO Premium plugin v25.3 (Yoast SEO v25.9) - https:\/\/yoast.com\/wordpress\/plugins\/seo\/ -->\n<title>K\u0151kem\u00e9ny verseny a sivatagon \u00e1t: fel lehet r\u00e1 k\u00e9sz\u00fclni?<\/title>\n<meta name=\"description\" content=\"600 kilom\u00e9tert megtenni 6 nap alatt a k\u00f6ny\u00f6rtelen marokk\u00f3i naps\u00fct\u00e9sben, a folyamatosan v\u00e1ltoz\u00f3 szaharai d\u0171n\u00e9k k\u00f6z\u00f6tt \u2013 ez a Titan Desert, mely id\u00e9n m\u00e1jus 8. \u00e9s 13. k\u00f6z\u00f6tt zajlik. Ha szeretn\u00e9d kipr\u00f3b\u00e1lni, mire vagy k\u00e9pes, \u00e9s kimer\u00edteni minden er\u0151tartal\u00e9kod, \u00e9rdemes megfontolni j\u00f6v\u0151re a nevez\u00e9st. Fontos azonban, hogy tudd: ez nem egy szokv\u00e1nyos sportesem\u00e9ny, hatalmas szak\u00e9rtelem sz\u00fcks\u00e9ges a teljes\u00edt\u00e9s\u00e9hez. Megk\u00e9rdezt\u00fck Filip Adelt, aki m\u00e1r r\u00e9szt vett a versenyen, \u0151 hogyan k\u00e9sz\u00fclt fel r\u00e1.\" \/>\n<meta name=\"robots\" content=\"index, follow, max-snippet:-1, max-image-preview:large, max-video-preview:-1\" \/>\n<link rel=\"canonical\" href=\"https:\/\/www.welovecycling.com\/hu\/trekking-mtb\/kokemeny-verseny-a-sivatagon-at-fel-lehet-ra-keszulni\/\" \/>\n<meta property=\"og:locale\" content=\"hu_HU\" \/>\n<meta property=\"og:type\" content=\"article\" \/>\n<meta property=\"og:title\" content=\"K\u0151kem\u00e9ny verseny a sivatagon \u00e1t: fel lehet r\u00e1 k\u00e9sz\u00fclni?\" \/>\n<meta property=\"og:description\" content=\"600 kilom\u00e9tert megtenni 6 nap alatt a k\u00f6ny\u00f6rtelen marokk\u00f3i naps\u00fct\u00e9sben, a folyamatosan v\u00e1ltoz\u00f3 szaharai d\u0171n\u00e9k k\u00f6z\u00f6tt \u2013 ez a Titan Desert, mely id\u00e9n m\u00e1jus 8. \u00e9s 13. k\u00f6z\u00f6tt zajlik. Ha szeretn\u00e9d kipr\u00f3b\u00e1lni, mire vagy k\u00e9pes, \u00e9s kimer\u00edteni minden er\u0151tartal\u00e9kod, \u00e9rdemes megfontolni j\u00f6v\u0151re a nevez\u00e9st. Fontos azonban, hogy tudd: ez nem egy szokv\u00e1nyos sportesem\u00e9ny, hatalmas szak\u00e9rtelem sz\u00fcks\u00e9ges a teljes\u00edt\u00e9s\u00e9hez. Megk\u00e9rdezt\u00fck Filip Adelt, aki m\u00e1r r\u00e9szt vett a versenyen, \u0151 hogyan k\u00e9sz\u00fclt fel r\u00e1.\" \/>\n<meta property=\"og:url\" content=\"https:\/\/www.welovecycling.com\/hu\/trekking-mtb\/kokemeny-verseny-a-sivatagon-at-fel-lehet-ra-keszulni\/\" \/>\n<meta property=\"og:site_name\" content=\"\u0160koda We Love Cycling - Magyarorsz\u00e1g\" \/>\n<meta property=\"article:publisher\" content=\"https:\/\/www.facebook.com\/WeLoveCyclingHungary\/\" \/>\n<meta property=\"article:published_time\" content=\"2022-05-09T06:00:53+00:00\" \/>\n<meta property=\"og:image\" content=\"https:\/\/d2p6e6u75xmxt8.cloudfront.net\/12\/2022\/05\/Titan-Desert-profimedia-0430643169-CVR.jpg\" \/>\n\t<meta property=\"og:image:width\" content=\"1366\" \/>\n\t<meta property=\"og:image:height\" content=\"600\" \/>\n\t<meta property=\"og:image:type\" content=\"image\/jpeg\" \/>\n<meta name=\"author\" content=\"hegyizs\" \/>\n<meta name=\"twitter:card\" content=\"summary_large_image\" \/>\n<meta name=\"twitter:label1\" content=\"Written by\" \/>\n\t<meta name=\"twitter:data1\" content=\"Frantiska Blazkova\" \/>\n\t<meta name=\"twitter:label2\" content=\"Est. reading time\" \/>\n\t<meta name=\"twitter:data2\" content=\"4\" \/>\n<script type=\"application\/ld+json\" class=\"yoast-schema-graph\">{\"@context\":\"https:\/\/schema.org\",\"@graph\":[{\"@type\":\"WebPage\",\"@id\":\"https:\/\/www.welovecycling.com\/hu\/trekking-mtb\/kokemeny-verseny-a-sivatagon-at-fel-lehet-ra-keszulni\/\",\"url\":\"https:\/\/www.welovecycling.com\/hu\/trekking-mtb\/kokemeny-verseny-a-sivatagon-at-fel-lehet-ra-keszulni\/\",\"name\":\"K\u0151kem\u00e9ny verseny a sivatagon \u00e1t: fel lehet r\u00e1 k\u00e9sz\u00fclni?\",\"isPartOf\":{\"@id\":\"https:\/\/www.welovecycling.com\/hu\/#website\"},\"primaryImageOfPage\":{\"@id\":\"https:\/\/www.welovecycling.com\/hu\/trekking-mtb\/kokemeny-verseny-a-sivatagon-at-fel-lehet-ra-keszulni\/#primaryimage\"},\"image\":{\"@id\":\"https:\/\/www.welovecycling.com\/hu\/trekking-mtb\/kokemeny-verseny-a-sivatagon-at-fel-lehet-ra-keszulni\/#primaryimage\"},\"thumbnailUrl\":\"https:\/\/d2p6e6u75xmxt8.cloudfront.net\/12\/2022\/05\/Titan-Desert-profimedia-0430643169-CVR.jpg\",\"datePublished\":\"2022-05-09T06:00:53+00:00\",\"author\":{\"@id\":\"https:\/\/www.welovecycling.com\/hu\/#\/schema\/person\/414a2aebf1801691a5320edb6468e194\"},\"description\":\"600 kilom\u00e9tert megtenni 6 nap alatt a k\u00f6ny\u00f6rtelen marokk\u00f3i naps\u00fct\u00e9sben, a folyamatosan v\u00e1ltoz\u00f3 szaharai d\u0171n\u00e9k k\u00f6z\u00f6tt \u2013 ez a Titan Desert, mely id\u00e9n m\u00e1jus 8. \u00e9s 13. k\u00f6z\u00f6tt zajlik. Ha szeretn\u00e9d kipr\u00f3b\u00e1lni, mire vagy k\u00e9pes, \u00e9s kimer\u00edteni minden er\u0151tartal\u00e9kod, \u00e9rdemes megfontolni j\u00f6v\u0151re a nevez\u00e9st. Fontos azonban, hogy tudd: ez nem egy szokv\u00e1nyos sportesem\u00e9ny, hatalmas szak\u00e9rtelem sz\u00fcks\u00e9ges a teljes\u00edt\u00e9s\u00e9hez. Megk\u00e9rdezt\u00fck Filip Adelt, aki m\u00e1r r\u00e9szt vett a versenyen, \u0151 hogyan k\u00e9sz\u00fclt fel r\u00e1.\",\"breadcrumb\":{\"@id\":\"https:\/\/www.welovecycling.com\/hu\/trekking-mtb\/kokemeny-verseny-a-sivatagon-at-fel-lehet-ra-keszulni\/#breadcrumb\"},\"inLanguage\":\"hu\",\"potentialAction\":[{\"@type\":\"ReadAction\",\"target\":[\"https:\/\/www.welovecycling.com\/hu\/trekking-mtb\/kokemeny-verseny-a-sivatagon-at-fel-lehet-ra-keszulni\/\"]}]},{\"@type\":\"ImageObject\",\"inLanguage\":\"hu\",\"@id\":\"https:\/\/www.welovecycling.com\/hu\/trekking-mtb\/kokemeny-verseny-a-sivatagon-at-fel-lehet-ra-keszulni\/#primaryimage\",\"url\":\"https:\/\/d2p6e6u75xmxt8.cloudfront.net\/12\/2022\/05\/Titan-Desert-profimedia-0430643169-CVR.jpg\",\"contentUrl\":\"https:\/\/d2p6e6u75xmxt8.cloudfront.net\/12\/2022\/05\/Titan-Desert-profimedia-0430643169-CVR.jpg\",\"width\":1366,\"height\":600,\"caption\":\"\u0160koda Titan Desert\"},{\"@type\":\"BreadcrumbList\",\"@id\":\"https:\/\/www.welovecycling.com\/hu\/trekking-mtb\/kokemeny-verseny-a-sivatagon-at-fel-lehet-ra-keszulni\/#breadcrumb\",\"itemListElement\":[{\"@type\":\"ListItem\",\"position\":1,\"name\":\"Home\",\"item\":\"https:\/\/www.welovecycling.com\/hu\/\"},{\"@type\":\"ListItem\",\"position\":2,\"name\":\"K\u0151kem\u00e9ny verseny a sivatagon \u00e1t: fel lehet r\u00e1 k\u00e9sz\u00fclni?\"}]},{\"@type\":\"WebSite\",\"@id\":\"https:\/\/www.welovecycling.com\/hu\/#website\",\"url\":\"https:\/\/www.welovecycling.com\/hu\/\",\"name\":\"\u0160koda We Love Cycling - Magyarorsz\u00e1g\",\"description\":\"\u0160koda WeLoveCycling\",\"potentialAction\":[{\"@type\":\"SearchAction\",\"target\":{\"@type\":\"EntryPoint\",\"urlTemplate\":\"https:\/\/www.welovecycling.com\/hu\/?s={search_term_string}\"},\"query-input\":{\"@type\":\"PropertyValueSpecification\",\"valueRequired\":true,\"valueName\":\"search_term_string\"}}],\"inLanguage\":\"hu\"},{\"@type\":\"Person\",\"@id\":\"https:\/\/www.welovecycling.com\/hu\/#\/schema\/person\/414a2aebf1801691a5320edb6468e194\",\"name\":\"hegyizs\",\"image\":{\"@type\":\"ImageObject\",\"inLanguage\":\"hu\",\"@id\":\"https:\/\/www.welovecycling.com\/hu\/#\/schema\/person\/image\/\",\"url\":\"https:\/\/secure.gravatar.com\/avatar\/02cf8a7906b8cf90cecb4679defac7cfd33a1c2e3b88e4903d947f3bb58eedd3?s=96&d=mm&r=g\",\"contentUrl\":\"https:\/\/secure.gravatar.com\/avatar\/02cf8a7906b8cf90cecb4679defac7cfd33a1c2e3b88e4903d947f3bb58eedd3?s=96&d=mm&r=g\",\"caption\":\"hegyizs\"},\"url\":\"https:\/\/www.welovecycling.com\/hu\/author\/hegyizs\/\"}]}<\/script>\n<!-- \/ Yoast SEO Premium plugin. -->","yoast_head_json":{"title":"K\u0151kem\u00e9ny verseny a sivatagon \u00e1t: fel lehet r\u00e1 k\u00e9sz\u00fclni?","description":"600 kilom\u00e9tert megtenni 6 nap alatt a k\u00f6ny\u00f6rtelen marokk\u00f3i naps\u00fct\u00e9sben, a folyamatosan v\u00e1ltoz\u00f3 szaharai d\u0171n\u00e9k k\u00f6z\u00f6tt \u2013 ez a Titan Desert, mely id\u00e9n m\u00e1jus 8. \u00e9s 13. k\u00f6z\u00f6tt zajlik. Ha szeretn\u00e9d kipr\u00f3b\u00e1lni, mire vagy k\u00e9pes, \u00e9s kimer\u00edteni minden er\u0151tartal\u00e9kod, \u00e9rdemes megfontolni j\u00f6v\u0151re a nevez\u00e9st. Fontos azonban, hogy tudd: ez nem egy szokv\u00e1nyos sportesem\u00e9ny, hatalmas szak\u00e9rtelem sz\u00fcks\u00e9ges a teljes\u00edt\u00e9s\u00e9hez. Megk\u00e9rdezt\u00fck Filip Adelt, aki m\u00e1r r\u00e9szt vett a versenyen, \u0151 hogyan k\u00e9sz\u00fclt fel r\u00e1.","robots":{"index":"index","follow":"follow","max-snippet":"max-snippet:-1","max-image-preview":"max-image-preview:large","max-video-preview":"max-video-preview:-1"},"canonical":"https:\/\/www.welovecycling.com\/hu\/trekking-mtb\/kokemeny-verseny-a-sivatagon-at-fel-lehet-ra-keszulni\/","og_locale":"hu_HU","og_type":"article","og_title":"K\u0151kem\u00e9ny verseny a sivatagon \u00e1t: fel lehet r\u00e1 k\u00e9sz\u00fclni?","og_description":"600 kilom\u00e9tert megtenni 6 nap alatt a k\u00f6ny\u00f6rtelen marokk\u00f3i naps\u00fct\u00e9sben, a folyamatosan v\u00e1ltoz\u00f3 szaharai d\u0171n\u00e9k k\u00f6z\u00f6tt \u2013 ez a Titan Desert, mely id\u00e9n m\u00e1jus 8. \u00e9s 13. k\u00f6z\u00f6tt zajlik. Ha szeretn\u00e9d kipr\u00f3b\u00e1lni, mire vagy k\u00e9pes, \u00e9s kimer\u00edteni minden er\u0151tartal\u00e9kod, \u00e9rdemes megfontolni j\u00f6v\u0151re a nevez\u00e9st. Fontos azonban, hogy tudd: ez nem egy szokv\u00e1nyos sportesem\u00e9ny, hatalmas szak\u00e9rtelem sz\u00fcks\u00e9ges a teljes\u00edt\u00e9s\u00e9hez. Megk\u00e9rdezt\u00fck Filip Adelt, aki m\u00e1r r\u00e9szt vett a versenyen, \u0151 hogyan k\u00e9sz\u00fclt fel r\u00e1.","og_url":"https:\/\/www.welovecycling.com\/hu\/trekking-mtb\/kokemeny-verseny-a-sivatagon-at-fel-lehet-ra-keszulni\/","og_site_name":"\u0160koda We Love Cycling - Magyarorsz\u00e1g","article_publisher":"https:\/\/www.facebook.com\/WeLoveCyclingHungary\/","article_published_time":"2022-05-09T06:00:53+00:00","og_image":[{"width":1366,"height":600,"url":"https:\/\/d2p6e6u75xmxt8.cloudfront.net\/12\/2022\/05\/Titan-Desert-profimedia-0430643169-CVR.jpg","type":"image\/jpeg"}],"author":"hegyizs","twitter_card":"summary_large_image","twitter_misc":{"Written by":"Frantiska Blazkova","Est. reading time":"4"},"schema":{"@context":"https:\/\/schema.org","@graph":[{"@type":"WebPage","@id":"https:\/\/www.welovecycling.com\/hu\/trekking-mtb\/kokemeny-verseny-a-sivatagon-at-fel-lehet-ra-keszulni\/","url":"https:\/\/www.welovecycling.com\/hu\/trekking-mtb\/kokemeny-verseny-a-sivatagon-at-fel-lehet-ra-keszulni\/","name":"K\u0151kem\u00e9ny verseny a sivatagon \u00e1t: fel lehet r\u00e1 k\u00e9sz\u00fclni?","isPartOf":{"@id":"https:\/\/www.welovecycling.com\/hu\/#website"},"primaryImageOfPage":{"@id":"https:\/\/www.welovecycling.com\/hu\/trekking-mtb\/kokemeny-verseny-a-sivatagon-at-fel-lehet-ra-keszulni\/#primaryimage"},"image":{"@id":"https:\/\/www.welovecycling.com\/hu\/trekking-mtb\/kokemeny-verseny-a-sivatagon-at-fel-lehet-ra-keszulni\/#primaryimage"},"thumbnailUrl":"https:\/\/d2p6e6u75xmxt8.cloudfront.net\/12\/2022\/05\/Titan-Desert-profimedia-0430643169-CVR.jpg","datePublished":"2022-05-09T06:00:53+00:00","author":{"@id":"https:\/\/www.welovecycling.com\/hu\/#\/schema\/person\/414a2aebf1801691a5320edb6468e194"},"description":"600 kilom\u00e9tert megtenni 6 nap alatt a k\u00f6ny\u00f6rtelen marokk\u00f3i naps\u00fct\u00e9sben, a folyamatosan v\u00e1ltoz\u00f3 szaharai d\u0171n\u00e9k k\u00f6z\u00f6tt \u2013 ez a Titan Desert, mely id\u00e9n m\u00e1jus 8. \u00e9s 13. k\u00f6z\u00f6tt zajlik. Ha szeretn\u00e9d kipr\u00f3b\u00e1lni, mire vagy k\u00e9pes, \u00e9s kimer\u00edteni minden er\u0151tartal\u00e9kod, \u00e9rdemes megfontolni j\u00f6v\u0151re a nevez\u00e9st. Fontos azonban, hogy tudd: ez nem egy szokv\u00e1nyos sportesem\u00e9ny, hatalmas szak\u00e9rtelem sz\u00fcks\u00e9ges a teljes\u00edt\u00e9s\u00e9hez. Megk\u00e9rdezt\u00fck Filip Adelt, aki m\u00e1r r\u00e9szt vett a versenyen, \u0151 hogyan k\u00e9sz\u00fclt fel r\u00e1.","breadcrumb":{"@id":"https:\/\/www.welovecycling.com\/hu\/trekking-mtb\/kokemeny-verseny-a-sivatagon-at-fel-lehet-ra-keszulni\/#breadcrumb"},"inLanguage":"hu","potentialAction":[{"@type":"ReadAction","target":["https:\/\/www.welovecycling.com\/hu\/trekking-mtb\/kokemeny-verseny-a-sivatagon-at-fel-lehet-ra-keszulni\/"]}]},{"@type":"ImageObject","inLanguage":"hu","@id":"https:\/\/www.welovecycling.com\/hu\/trekking-mtb\/kokemeny-verseny-a-sivatagon-at-fel-lehet-ra-keszulni\/#primaryimage","url":"https:\/\/d2p6e6u75xmxt8.cloudfront.net\/12\/2022\/05\/Titan-Desert-profimedia-0430643169-CVR.jpg","contentUrl":"https:\/\/d2p6e6u75xmxt8.cloudfront.net\/12\/2022\/05\/Titan-Desert-profimedia-0430643169-CVR.jpg","width":1366,"height":600,"caption":"\u0160koda Titan Desert"},{"@type":"BreadcrumbList","@id":"https:\/\/www.welovecycling.com\/hu\/trekking-mtb\/kokemeny-verseny-a-sivatagon-at-fel-lehet-ra-keszulni\/#breadcrumb","itemListElement":[{"@type":"ListItem","position":1,"name":"Home","item":"https:\/\/www.welovecycling.com\/hu\/"},{"@type":"ListItem","position":2,"name":"K\u0151kem\u00e9ny verseny a sivatagon \u00e1t: fel lehet r\u00e1 k\u00e9sz\u00fclni?"}]},{"@type":"WebSite","@id":"https:\/\/www.welovecycling.com\/hu\/#website","url":"https:\/\/www.welovecycling.com\/hu\/","name":"\u0160koda We Love Cycling - Magyarorsz\u00e1g","description":"\u0160koda WeLoveCycling","potentialAction":[{"@type":"SearchAction","target":{"@type":"EntryPoint","urlTemplate":"https:\/\/www.welovecycling.com\/hu\/?s={search_term_string}"},"query-input":{"@type":"PropertyValueSpecification","valueRequired":true,"valueName":"search_term_string"}}],"inLanguage":"hu"},{"@type":"Person","@id":"https:\/\/www.welovecycling.com\/hu\/#\/schema\/person\/414a2aebf1801691a5320edb6468e194","name":"hegyizs","image":{"@type":"ImageObject","inLanguage":"hu","@id":"https:\/\/www.welovecycling.com\/hu\/#\/schema\/person\/image\/","url":"https:\/\/secure.gravatar.com\/avatar\/02cf8a7906b8cf90cecb4679defac7cfd33a1c2e3b88e4903d947f3bb58eedd3?s=96&d=mm&r=g","contentUrl":"https:\/\/secure.gravatar.com\/avatar\/02cf8a7906b8cf90cecb4679defac7cfd33a1c2e3b88e4903d947f3bb58eedd3?s=96&d=mm&r=g","caption":"hegyizs"},"url":"https:\/\/www.welovecycling.com\/hu\/author\/hegyizs\/"}]}},"_links":{"self":[{"href":"https:\/\/www.welovecycling.com\/hu\/wp-json\/wp\/v2\/posts\/14900","targetHints":{"allow":["GET"]}}],"collection":[{"href":"https:\/\/www.welovecycling.com\/hu\/wp-json\/wp\/v2\/posts"}],"about":[{"href":"https:\/\/www.welovecycling.com\/hu\/wp-json\/wp\/v2\/types\/post"}],"author":[{"embeddable":true,"href":"https:\/\/www.welovecycling.com\/hu\/wp-json\/wp\/v2\/users\/71"}],"replies":[{"embeddable":true,"href":"https:\/\/www.welovecycling.com\/hu\/wp-json\/wp\/v2\/comments?post=14900"}],"version-history":[{"count":1,"href":"https:\/\/www.welovecycling.com\/hu\/wp-json\/wp\/v2\/posts\/14900\/revisions"}],"predecessor-version":[{"id":14909,"href":"https:\/\/www.welovecycling.com\/hu\/wp-json\/wp\/v2\/posts\/14900\/revisions\/14909"}],"wp:featuredmedia":[{"embeddable":true,"href":"https:\/\/www.welovecycling.com\/hu\/wp-json\/wp\/v2\/media\/14902"}],"wp:attachment":[{"href":"https:\/\/www.welovecycling.com\/hu\/wp-json\/wp\/v2\/media?parent=14900"}],"wp:term":[{"taxonomy":"category","embeddable":true,"href":"https:\/\/www.welovecycling.com\/hu\/wp-json\/wp\/v2\/categories?post=14900"},{"taxonomy":"post_tag","embeddable":true,"href":"https:\/\/www.welovecycling.com\/hu\/wp-json\/wp\/v2\/tags?post=14900"},{"taxonomy":"global-categories","embeddable":true,"href":"https:\/\/www.welovecycling.com\/hu\/wp-json\/wp\/v2\/global-categories?post=14900"}],"curies":[{"name":"wp","href":"https:\/\/api.w.org\/{rel}","templated":true}]}}