{"id":14888,"date":"2022-05-04T12:53:41","date_gmt":"2022-05-04T10:53:41","guid":{"rendered":"https:\/\/www.welovecycling.com\/hu\/?p=14888"},"modified":"2022-05-04T15:41:00","modified_gmt":"2022-05-04T13:41:00","slug":"ezt-tenyleg-latni-kell-penteken-kezdodik-a-haromnapos-fieszta-a-magyarorszagi-giro-nagy-rajt","status":"publish","type":"post","link":"https:\/\/www.welovecycling.com\/hu\/orszaguti-kerekpar\/ezt-tenyleg-latni-kell-penteken-kezdodik-a-haromnapos-fieszta-a-magyarorszagi-giro-nagy-rajt\/","title":{"rendered":"Ezt t\u00e9nyleg l\u00e1tni kell: p\u00e9nteken kezd\u0151dik a h\u00e1romnapos fieszta, a magyarorsz\u00e1gi Giro-Nagy Rajt!"},"content":{"rendered":"<p><strong>P\u00e9nteken k\u00e9t\u00e9ves cs\u00fasz\u00e1ssal megkezd\u0151dik v\u00e9gre Magyarorsz\u00e1g t\u00f6rt\u00e9net\u00e9nek legnagyobb ker\u00e9kp\u00e1resem\u00e9nye, a Giro d\u2019Italia budapesti Nagy Rajtja. Fantasztikus fesztiv\u00e1lhangulat, egyed\u00fcl\u00e1ll\u00f3 \u00e9lm\u00e9ny v\u00e1rhat\u00f3, olyan vissza nem t\u00e9r\u0151 alkalom ez, amelyet minden bringakedvel\u0151nek \u00e9rdemes szem\u00e9lyesen \u00e1t\u00e9lnie.<\/strong><\/p>\n<p>A patin\u00e1s olasz verseny a Tour de France ut\u00e1n a vil\u00e1g m\u00e1sodik legnagyobb ker\u00e9kp\u00e1ros k\u00f6rversenye, az olasz n\u00e9p egyik legnagyobb b\u00fcszkes\u00e9ge, \u00e9s a sportol\u00f3k szemsz\u00f6g\u00e9b\u0151l n\u00e9zve is a legkomolyabb preszt\u00edzs\u0171, legnehezebb megm\u00e9rettet\u00e9s. A Gir\u00f3t \u00e9vr\u0151l \u00e9vre t\u00f6bb sz\u00e1zmilli\u00f3 ember k\u00f6veti figyelemmel vil\u00e1gszerte Amerik\u00e1t\u00f3l Eur\u00f3p\u00e1n \u00e9s Afrik\u00e1n \u00e1t \u00c1zsi\u00e1ig, id\u00e9n p\u00e9ld\u00e1ul 200-n\u00e1l is t\u00f6bb telev\u00edzi\u00f3s st\u00e1b \u00e9rkezik majd haz\u00e1nkba, hogy az els\u0151 h\u00e1rom, itteni szakasz k\u00e9peit eljuttass\u00e1k a vil\u00e1g \u00f6sszes pontj\u00e1ra. Orsz\u00e1gim\u00e1zs szempontj\u00e1b\u00f3l ez felbecs\u00fclhetetlen, de ez a h\u00e1rom napnyi \u201e\u00f3ri\u00e1sdzsembori\u201d rem\u00e9lhet\u0151leg a ker\u00e9kp\u00e1ros kult\u00far\u00e1t \u00e9s egym\u00e1s elfogad\u00e1s\u00e1t is er\u0151s\u00edti majd.<\/p>\n<figure id=\"attachment_14891\" aria-describedby=\"caption-attachment-14891\" style=\"width: 1024px\" class=\"wp-caption alignnone\"><a href=\"https:\/\/d2p6e6u75xmxt8.cloudfront.net\/12\/2022\/05\/d775d7a3-bf26-4e17-8a1f-c1568129d046.jpg\"><img loading=\"lazy\" decoding=\"async\" class=\"size-full wp-image-14891\" src=\"https:\/\/d2p6e6u75xmxt8.cloudfront.net\/12\/2022\/05\/d775d7a3-bf26-4e17-8a1f-c1568129d046.jpg\" alt=\"\" width=\"1024\" height=\"684\" srcset=\"https:\/\/d2p6e6u75xmxt8.cloudfront.net\/12\/2022\/05\/d775d7a3-bf26-4e17-8a1f-c1568129d046.jpg 1024w, https:\/\/d2p6e6u75xmxt8.cloudfront.net\/12\/2022\/05\/d775d7a3-bf26-4e17-8a1f-c1568129d046-300x200.jpg 300w, https:\/\/d2p6e6u75xmxt8.cloudfront.net\/12\/2022\/05\/d775d7a3-bf26-4e17-8a1f-c1568129d046-768x513.jpg 768w, https:\/\/d2p6e6u75xmxt8.cloudfront.net\/12\/2022\/05\/d775d7a3-bf26-4e17-8a1f-c1568129d046-272x182.jpg 272w\" sizes=\"auto, (max-width: 1024px) 100vw, 1024px\" \/><\/a><figcaption id=\"caption-attachment-14891\" class=\"wp-caption-text\">A Hal\u00e1szb\u00e1sty\u00e1n\u00e1l is elhalad majd a mez\u0151ny \u2013 t\u00f6bb sz\u00e1z milli\u00f3an ismerhetik meg haz\u00e1nkat k\u00f6zelebbr\u0151l (fot\u00f3: Vanik Zolt\u00e1n\/Bringasport)<\/figcaption><\/figure>\n<p>Noha eleinte nagyon szomor\u00faak voltunk, amikor az eredeti, 2020-as magyar Giro-rajtot els\u00f6p\u00f6rte a pand\u00e9mia, az a furcsa helyzet \u00e1llt el\u0151, hogy ut\u00f3lag m\u00e1r tudjuk, bizonyos szempontb\u00f3l m\u00e9g jobb is, hogy \u00edgy alakult. A mostani startn\u00e1l ugyanis h\u00e1rom magyar versenyz\u0151 is ott lehet majd, ez k\u00e9t \u00e9ve gyakorlatilag elk\u00e9pzelhetetlen lett volna. R\u00e1ad\u00e1sul a Valter Attila (Groupama-FDJ), Fetter Erik (EOLO-Kometa), Pe\u00e1k Barnab\u00e1s (Intermarch\u00e9-Wanty-Gobert Mat\u00e9riaux) tri\u00f3b\u00f3l el\u0151bbi ez alatt a k\u00e9t \u00e9v a alatt is akkor\u00e1t fejl\u0151d\u00f6tt, hogy tavaly h\u00e1rom felejthetetlen nap erej\u00e9ig m\u00e1r a r\u00f3zsasz\u00edn trik\u00f3t is mag\u00e1ra \u00f6lthette, vagyis t\u00f6k\u00e9letes arca \u00e9s rekl\u00e1mja a magyarorsz\u00e1gi Grande Partenz\u00e1nak, itthon \u00e9s k\u00fclf\u00f6ld\u00f6n egyar\u00e1nt.<\/p>\n<p>Ati tavaly a fantasztikus 14. helyen v\u00e9gzett a Giro \u00f6sszetettj\u00e9ben, ez\u00e9rt sokan komoly elv\u00e1r\u00e1sokat raknak a v\u00e1ll\u00e1ra a mostani, hazai ind\u00edt\u00e1s\u00fa viadalra, \u00e9s szinte m\u00e1r k\u00f6vetelik t\u0151le a top 10-et \u2013 de az\u00e9rt ez nem \u00edgy m\u0171k\u00f6dik, f\u0151leg nem a ker\u00e9kp\u00e1rsportban egy h\u00e1romhetes versenyen. Ati csapata, a francia FDJ tudniillik ez\u00fattal szt\u00e1rsprinter\u00e9re, Arnaud D\u00e9mare-ra \u00e9p\u00edt majd, az \u0151 felvezet\u0151sor\u00e1val mennek a Gir\u00f3ra, a mi k\u00f6z\u00f6ns\u00e9gkedvenc fi\u00fank gyakorlatilag egyed\u00fcl lesz hegyi men\u0151 az egy\u00fcttesben, \u00edgy min\u00e9l jobb \u00f6sszetett eredm\u00e9ny helyett saj\u00e1t bevall\u00e1s szerint is ink\u00e1bb a szakaszsikerekre pr\u00f3b\u00e1l majd meg r\u00e1menni \u2013 el\u0151sz\u00f6r r\u00f6gt\u00f6n, a p\u00e9nteki nyit\u00f3 etapon Visegr\u00e1don.<\/p>\n<p>Erikt\u0151l \u00e9s Barn\u00e1t\u00f3l az is sz\u00e9p teljes\u00edtm\u00e9ny, ha v\u00e9gig tudj\u00e1k csin\u00e1lni a k\u0151kem\u00e9ny h\u00e1rom hetet, amelynek \u00e9ppen a z\u00e1r\u00f3 hete a legbrut\u00e1lisabb.<\/p>\n<figure id=\"attachment_14890\" aria-describedby=\"caption-attachment-14890\" style=\"width: 1920px\" class=\"wp-caption alignnone\"><a href=\"https:\/\/d2p6e6u75xmxt8.cloudfront.net\/12\/2022\/05\/20210514valter-attila_luca-zennaro-scaled.jpg\"><img loading=\"lazy\" decoding=\"async\" class=\"size-extra-large wp-image-14890\" src=\"https:\/\/d2p6e6u75xmxt8.cloudfront.net\/12\/2022\/05\/20210514valter-attila_luca-zennaro-1920x1280.jpg\" alt=\"\" width=\"1920\" height=\"1280\" srcset=\"https:\/\/d2p6e6u75xmxt8.cloudfront.net\/12\/2022\/05\/20210514valter-attila_luca-zennaro-1920x1280.jpg 1920w, https:\/\/d2p6e6u75xmxt8.cloudfront.net\/12\/2022\/05\/20210514valter-attila_luca-zennaro-300x200.jpg 300w, https:\/\/d2p6e6u75xmxt8.cloudfront.net\/12\/2022\/05\/20210514valter-attila_luca-zennaro-1024x683.jpg 1024w, https:\/\/d2p6e6u75xmxt8.cloudfront.net\/12\/2022\/05\/20210514valter-attila_luca-zennaro-768x512.jpg 768w, https:\/\/d2p6e6u75xmxt8.cloudfront.net\/12\/2022\/05\/20210514valter-attila_luca-zennaro-1536x1024.jpg 1536w, https:\/\/d2p6e6u75xmxt8.cloudfront.net\/12\/2022\/05\/20210514valter-attila_luca-zennaro-2048x1365.jpg 2048w, https:\/\/d2p6e6u75xmxt8.cloudfront.net\/12\/2022\/05\/20210514valter-attila_luca-zennaro-272x182.jpg 272w, https:\/\/d2p6e6u75xmxt8.cloudfront.net\/12\/2022\/05\/20210514valter-attila_luca-zennaro-1920x1280.jpg 1920w\" sizes=\"auto, (max-width: 1920px) 100vw, 1920px\" \/><\/a><figcaption id=\"caption-attachment-14890\" class=\"wp-caption-text\">Valter Attila tavaly h\u00e1rom \u00e1lomszer\u0171 napot t\u00f6lt\u00f6tt r\u00f3zsasz\u00ednben (fot\u00f3: Luca Zennaro)<\/figcaption><\/figure>\n<p>Ami a szt\u00e1rpar\u00e1d\u00e9t illeti, a Jumb\u00f3ban ott lesz a visszat\u00e9r\u0151 Tom Dumoulin, a 2017-es gy\u0151ztes; utolj\u00e1ra l\u00e1thatjuk az \u00e9v v\u00e9g\u00e9n visszavonul\u00f3 Alejandro Valverd\u00e9t, de itt lesz az Eddy Merckx Tour-rekordj\u00e1t tavaly be\u00e1ll\u00edt\u00f3 Mark Cavendish, valamint az olaszok nemzeti h\u0151se, a Tourt, a Gir\u00f3t \u00e9s a Vuelt\u00e1t is megnyer\u0151 Vincenzo Nibali is \u2013 hogy csak a legnagyobb neveket eml\u00edts\u00fck.<\/p>\n<p>\u00c9rdemes teh\u00e1t szem\u00e9lyesen elmenni szurkolni valamelyik szakaszra, hiszen ezt az egyed\u00fcl\u00e1ll\u00f3 hangulatot csak \u00edgy lehet \u00e1t\u00e9lni, \u00e9s j\u00f3 es\u00e9llyel vissza nem t\u00e9r\u0151 alkalom ez. A magyar szakaszok kialak\u00edt\u00e1sa remek\u00fcl siker\u00fclt, a nyit\u00f3, Budapest\u2013Visegr\u00e1d \u00e9s a harmadik Kaposv\u00e1r\u2013Balatonf\u00fcred is gy\u00f6ny\u00f6r\u0171 t\u00e1jakon vezet, a f\u0151v\u00e1rosi id\u0151futam pedig ugyancsak egyed\u00fcl\u00e1ll\u00f3 l\u00e1tv\u00e1nyt \u00edg\u00e9r majd. \u00c9s ha m\u00e1r ker\u00e9kp\u00e1rverseny: \u00e9rdemes az aut\u00f3t letenni, m\u00e1r csak a v\u00e1rhat\u00f3 \u00f3ri\u00e1si dug\u00f3k miatt is, \u00e9s vagy bring\u00e1ra pattanni, vagy a t\u00f6megk\u00f6zleked\u00e9st v\u00e1lasztani \u2013 a M\u00c1V p\u00e9ld\u00e1ul a p\u00e9nteki nyit\u00f3 etapra ingyenes j\u00e1ratokat is ind\u00edt a Nyugati p\u00e1lyaudvarr\u00f3l Nagymaros-Visegr\u00e1d \u00e1llom\u00e1sra \u00e9s este vissza Nagymarosr\u00f3l.<\/p>\n<p><a href=\"https:\/\/d2p6e6u75xmxt8.cloudfront.net\/12\/2022\/05\/67A9939-1536x1024-1.jpg\"><img loading=\"lazy\" decoding=\"async\" class=\"alignnone size-full wp-image-14889\" src=\"https:\/\/d2p6e6u75xmxt8.cloudfront.net\/12\/2022\/05\/67A9939-1536x1024-1.jpg\" alt=\"\" width=\"1536\" height=\"1024\" srcset=\"https:\/\/d2p6e6u75xmxt8.cloudfront.net\/12\/2022\/05\/67A9939-1536x1024-1.jpg 1536w, https:\/\/d2p6e6u75xmxt8.cloudfront.net\/12\/2022\/05\/67A9939-1536x1024-1-300x200.jpg 300w, https:\/\/d2p6e6u75xmxt8.cloudfront.net\/12\/2022\/05\/67A9939-1536x1024-1-1024x683.jpg 1024w, https:\/\/d2p6e6u75xmxt8.cloudfront.net\/12\/2022\/05\/67A9939-1536x1024-1-768x512.jpg 768w, https:\/\/d2p6e6u75xmxt8.cloudfront.net\/12\/2022\/05\/67A9939-1536x1024-1-272x182.jpg 272w\" sizes=\"auto, (max-width: 1536px) 100vw, 1536px\" \/><\/a><\/p>\n<p><span style=\"font-size: 10pt;\"><em>Bor\u00edt\u00f3k\u00e9p: Getty Images<\/em><\/span><\/p>\n<p>&nbsp;<\/p>\n","protected":false},"excerpt":{"rendered":"<p>P\u00e9nteken k\u00e9t\u00e9ves cs\u00fasz\u00e1ssal megkezd\u0151dik v\u00e9gre Magyarorsz\u00e1g t\u00f6rt\u00e9net\u00e9nek legnagyobb ker\u00e9kp\u00e1resem\u00e9nye, a Giro d\u2019Italia budapesti Nagy Rajtja. Fantasztikus fesztiv\u00e1lhangulat, egyed\u00fcl\u00e1ll\u00f3 \u00e9lm\u00e9ny v\u00e1rhat\u00f3, [&hellip;]<\/p>\n","protected":false},"author":145,"featured_media":14892,"comment_status":"open","ping_status":"open","sticky":false,"template":"","format":"standard","meta":{"footnotes":""},"categories":[8],"tags":[],"global-categories":[419],"class_list":["post-14888","post","type-post","status-publish","format-standard","has-post-thumbnail","hentry","category-orszaguti-kerekpar","global-categories-cycling"],"yoast_head":"<!-- This site is optimized with the Yoast SEO Premium plugin v25.3 (Yoast SEO v25.9) - https:\/\/yoast.com\/wordpress\/plugins\/seo\/ -->\n<title>Ezt t\u00e9nyleg l\u00e1tni kell: p\u00e9nteken kezd\u0151dik a h\u00e1romnapos fieszta, a magyarorsz\u00e1gi Giro-Nagy Rajt! - \u0160koda We Love Cycling - Magyarorsz\u00e1g<\/title>\n<meta name=\"robots\" content=\"index, follow, max-snippet:-1, max-image-preview:large, max-video-preview:-1\" \/>\n<link rel=\"canonical\" href=\"https:\/\/www.welovecycling.com\/hu\/orszaguti-kerekpar\/ezt-tenyleg-latni-kell-penteken-kezdodik-a-haromnapos-fieszta-a-magyarorszagi-giro-nagy-rajt\/\" \/>\n<meta property=\"og:locale\" content=\"hu_HU\" \/>\n<meta property=\"og:type\" content=\"article\" \/>\n<meta property=\"og:title\" content=\"Ezt t\u00e9nyleg l\u00e1tni kell: p\u00e9nteken kezd\u0151dik a h\u00e1romnapos fieszta, a magyarorsz\u00e1gi Giro-Nagy Rajt!\" \/>\n<meta property=\"og:description\" content=\"P\u00e9nteken k\u00e9t\u00e9ves cs\u00fasz\u00e1ssal megkezd\u0151dik v\u00e9gre Magyarorsz\u00e1g t\u00f6rt\u00e9net\u00e9nek legnagyobb ker\u00e9kp\u00e1resem\u00e9nye, a Giro d\u2019Italia budapesti Nagy Rajtja. Fantasztikus fesztiv\u00e1lhangulat, egyed\u00fcl\u00e1ll\u00f3 \u00e9lm\u00e9ny v\u00e1rhat\u00f3, [&hellip;]\" \/>\n<meta property=\"og:url\" content=\"https:\/\/www.welovecycling.com\/hu\/orszaguti-kerekpar\/ezt-tenyleg-latni-kell-penteken-kezdodik-a-haromnapos-fieszta-a-magyarorszagi-giro-nagy-rajt\/\" \/>\n<meta property=\"og:site_name\" content=\"\u0160koda We Love Cycling - Magyarorsz\u00e1g\" \/>\n<meta property=\"article:publisher\" content=\"https:\/\/www.facebook.com\/WeLoveCyclingHungary\/\" \/>\n<meta property=\"article:published_time\" content=\"2022-05-04T10:53:41+00:00\" \/>\n<meta property=\"article:modified_time\" content=\"2022-05-04T13:41:00+00:00\" \/>\n<meta property=\"og:image\" content=\"https:\/\/d2p6e6u75xmxt8.cloudfront.net\/12\/2022\/05\/GettyImages-1238037562-1-1024x683.jpg\" \/>\n\t<meta property=\"og:image:width\" content=\"1024\" \/>\n\t<meta property=\"og:image:height\" content=\"683\" \/>\n\t<meta property=\"og:image:type\" content=\"image\/jpeg\" \/>\n<meta name=\"author\" content=\"kitti\" \/>\n<meta name=\"twitter:card\" content=\"summary_large_image\" \/>\n<meta name=\"twitter:label1\" content=\"Written by\" \/>\n\t<meta name=\"twitter:data1\" content=\"We Love Cycling\" \/>\n\t<meta name=\"twitter:label2\" content=\"Est. reading time\" \/>\n\t<meta name=\"twitter:data2\" content=\"4 minutes\" \/>\n<script type=\"application\/ld+json\" class=\"yoast-schema-graph\">{\"@context\":\"https:\/\/schema.org\",\"@graph\":[{\"@type\":\"WebPage\",\"@id\":\"https:\/\/www.welovecycling.com\/hu\/orszaguti-kerekpar\/ezt-tenyleg-latni-kell-penteken-kezdodik-a-haromnapos-fieszta-a-magyarorszagi-giro-nagy-rajt\/\",\"url\":\"https:\/\/www.welovecycling.com\/hu\/orszaguti-kerekpar\/ezt-tenyleg-latni-kell-penteken-kezdodik-a-haromnapos-fieszta-a-magyarorszagi-giro-nagy-rajt\/\",\"name\":\"Ezt t\u00e9nyleg l\u00e1tni kell: p\u00e9nteken kezd\u0151dik a h\u00e1romnapos fieszta, a magyarorsz\u00e1gi Giro-Nagy Rajt! - \u0160koda We Love Cycling - Magyarorsz\u00e1g\",\"isPartOf\":{\"@id\":\"https:\/\/www.welovecycling.com\/hu\/#website\"},\"primaryImageOfPage\":{\"@id\":\"https:\/\/www.welovecycling.com\/hu\/orszaguti-kerekpar\/ezt-tenyleg-latni-kell-penteken-kezdodik-a-haromnapos-fieszta-a-magyarorszagi-giro-nagy-rajt\/#primaryimage\"},\"image\":{\"@id\":\"https:\/\/www.welovecycling.com\/hu\/orszaguti-kerekpar\/ezt-tenyleg-latni-kell-penteken-kezdodik-a-haromnapos-fieszta-a-magyarorszagi-giro-nagy-rajt\/#primaryimage\"},\"thumbnailUrl\":\"https:\/\/d2p6e6u75xmxt8.cloudfront.net\/12\/2022\/05\/GettyImages-1238037562-1.jpg\",\"datePublished\":\"2022-05-04T10:53:41+00:00\",\"dateModified\":\"2022-05-04T13:41:00+00:00\",\"author\":{\"@id\":\"https:\/\/www.welovecycling.com\/hu\/#\/schema\/person\/bec7dcdbcc59f58489cf603e4040ced1\"},\"breadcrumb\":{\"@id\":\"https:\/\/www.welovecycling.com\/hu\/orszaguti-kerekpar\/ezt-tenyleg-latni-kell-penteken-kezdodik-a-haromnapos-fieszta-a-magyarorszagi-giro-nagy-rajt\/#breadcrumb\"},\"inLanguage\":\"hu\",\"potentialAction\":[{\"@type\":\"ReadAction\",\"target\":[\"https:\/\/www.welovecycling.com\/hu\/orszaguti-kerekpar\/ezt-tenyleg-latni-kell-penteken-kezdodik-a-haromnapos-fieszta-a-magyarorszagi-giro-nagy-rajt\/\"]}]},{\"@type\":\"ImageObject\",\"inLanguage\":\"hu\",\"@id\":\"https:\/\/www.welovecycling.com\/hu\/orszaguti-kerekpar\/ezt-tenyleg-latni-kell-penteken-kezdodik-a-haromnapos-fieszta-a-magyarorszagi-giro-nagy-rajt\/#primaryimage\",\"url\":\"https:\/\/d2p6e6u75xmxt8.cloudfront.net\/12\/2022\/05\/GettyImages-1238037562-1.jpg\",\"contentUrl\":\"https:\/\/d2p6e6u75xmxt8.cloudfront.net\/12\/2022\/05\/GettyImages-1238037562-1.jpg\",\"width\":1920,\"height\":1280},{\"@type\":\"BreadcrumbList\",\"@id\":\"https:\/\/www.welovecycling.com\/hu\/orszaguti-kerekpar\/ezt-tenyleg-latni-kell-penteken-kezdodik-a-haromnapos-fieszta-a-magyarorszagi-giro-nagy-rajt\/#breadcrumb\",\"itemListElement\":[{\"@type\":\"ListItem\",\"position\":1,\"name\":\"Home\",\"item\":\"https:\/\/www.welovecycling.com\/hu\/\"},{\"@type\":\"ListItem\",\"position\":2,\"name\":\"Ezt t\u00e9nyleg l\u00e1tni kell: p\u00e9nteken kezd\u0151dik a h\u00e1romnapos fieszta, a magyarorsz\u00e1gi Giro-Nagy Rajt!\"}]},{\"@type\":\"WebSite\",\"@id\":\"https:\/\/www.welovecycling.com\/hu\/#website\",\"url\":\"https:\/\/www.welovecycling.com\/hu\/\",\"name\":\"\u0160koda We Love Cycling - Magyarorsz\u00e1g\",\"description\":\"\u0160koda WeLoveCycling\",\"potentialAction\":[{\"@type\":\"SearchAction\",\"target\":{\"@type\":\"EntryPoint\",\"urlTemplate\":\"https:\/\/www.welovecycling.com\/hu\/?s={search_term_string}\"},\"query-input\":{\"@type\":\"PropertyValueSpecification\",\"valueRequired\":true,\"valueName\":\"search_term_string\"}}],\"inLanguage\":\"hu\"},{\"@type\":\"Person\",\"@id\":\"https:\/\/www.welovecycling.com\/hu\/#\/schema\/person\/bec7dcdbcc59f58489cf603e4040ced1\",\"name\":\"kitti\",\"image\":{\"@type\":\"ImageObject\",\"inLanguage\":\"hu\",\"@id\":\"https:\/\/www.welovecycling.com\/hu\/#\/schema\/person\/image\/\",\"url\":\"https:\/\/secure.gravatar.com\/avatar\/e3196a110e1b57b96f56d92d10ce9bb4e9d7210076832a16243337e949410b52?s=96&d=mm&r=g\",\"contentUrl\":\"https:\/\/secure.gravatar.com\/avatar\/e3196a110e1b57b96f56d92d10ce9bb4e9d7210076832a16243337e949410b52?s=96&d=mm&r=g\",\"caption\":\"kitti\"},\"url\":\"https:\/\/www.welovecycling.com\/hu\/author\/kitti\/\"}]}<\/script>\n<!-- \/ Yoast SEO Premium plugin. -->","yoast_head_json":{"title":"Ezt t\u00e9nyleg l\u00e1tni kell: p\u00e9nteken kezd\u0151dik a h\u00e1romnapos fieszta, a magyarorsz\u00e1gi Giro-Nagy Rajt! - \u0160koda We Love Cycling - Magyarorsz\u00e1g","robots":{"index":"index","follow":"follow","max-snippet":"max-snippet:-1","max-image-preview":"max-image-preview:large","max-video-preview":"max-video-preview:-1"},"canonical":"https:\/\/www.welovecycling.com\/hu\/orszaguti-kerekpar\/ezt-tenyleg-latni-kell-penteken-kezdodik-a-haromnapos-fieszta-a-magyarorszagi-giro-nagy-rajt\/","og_locale":"hu_HU","og_type":"article","og_title":"Ezt t\u00e9nyleg l\u00e1tni kell: p\u00e9nteken kezd\u0151dik a h\u00e1romnapos fieszta, a magyarorsz\u00e1gi Giro-Nagy Rajt!","og_description":"P\u00e9nteken k\u00e9t\u00e9ves cs\u00fasz\u00e1ssal megkezd\u0151dik v\u00e9gre Magyarorsz\u00e1g t\u00f6rt\u00e9net\u00e9nek legnagyobb ker\u00e9kp\u00e1resem\u00e9nye, a Giro d\u2019Italia budapesti Nagy Rajtja. Fantasztikus fesztiv\u00e1lhangulat, egyed\u00fcl\u00e1ll\u00f3 \u00e9lm\u00e9ny v\u00e1rhat\u00f3, [&hellip;]","og_url":"https:\/\/www.welovecycling.com\/hu\/orszaguti-kerekpar\/ezt-tenyleg-latni-kell-penteken-kezdodik-a-haromnapos-fieszta-a-magyarorszagi-giro-nagy-rajt\/","og_site_name":"\u0160koda We Love Cycling - Magyarorsz\u00e1g","article_publisher":"https:\/\/www.facebook.com\/WeLoveCyclingHungary\/","article_published_time":"2022-05-04T10:53:41+00:00","article_modified_time":"2022-05-04T13:41:00+00:00","og_image":[{"width":1024,"height":683,"url":"https:\/\/d2p6e6u75xmxt8.cloudfront.net\/12\/2022\/05\/GettyImages-1238037562-1-1024x683.jpg","type":"image\/jpeg"}],"author":"kitti","twitter_card":"summary_large_image","twitter_misc":{"Written by":"We Love Cycling","Est. reading time":"4 minutes"},"schema":{"@context":"https:\/\/schema.org","@graph":[{"@type":"WebPage","@id":"https:\/\/www.welovecycling.com\/hu\/orszaguti-kerekpar\/ezt-tenyleg-latni-kell-penteken-kezdodik-a-haromnapos-fieszta-a-magyarorszagi-giro-nagy-rajt\/","url":"https:\/\/www.welovecycling.com\/hu\/orszaguti-kerekpar\/ezt-tenyleg-latni-kell-penteken-kezdodik-a-haromnapos-fieszta-a-magyarorszagi-giro-nagy-rajt\/","name":"Ezt t\u00e9nyleg l\u00e1tni kell: p\u00e9nteken kezd\u0151dik a h\u00e1romnapos fieszta, a magyarorsz\u00e1gi Giro-Nagy Rajt! - \u0160koda We Love Cycling - Magyarorsz\u00e1g","isPartOf":{"@id":"https:\/\/www.welovecycling.com\/hu\/#website"},"primaryImageOfPage":{"@id":"https:\/\/www.welovecycling.com\/hu\/orszaguti-kerekpar\/ezt-tenyleg-latni-kell-penteken-kezdodik-a-haromnapos-fieszta-a-magyarorszagi-giro-nagy-rajt\/#primaryimage"},"image":{"@id":"https:\/\/www.welovecycling.com\/hu\/orszaguti-kerekpar\/ezt-tenyleg-latni-kell-penteken-kezdodik-a-haromnapos-fieszta-a-magyarorszagi-giro-nagy-rajt\/#primaryimage"},"thumbnailUrl":"https:\/\/d2p6e6u75xmxt8.cloudfront.net\/12\/2022\/05\/GettyImages-1238037562-1.jpg","datePublished":"2022-05-04T10:53:41+00:00","dateModified":"2022-05-04T13:41:00+00:00","author":{"@id":"https:\/\/www.welovecycling.com\/hu\/#\/schema\/person\/bec7dcdbcc59f58489cf603e4040ced1"},"breadcrumb":{"@id":"https:\/\/www.welovecycling.com\/hu\/orszaguti-kerekpar\/ezt-tenyleg-latni-kell-penteken-kezdodik-a-haromnapos-fieszta-a-magyarorszagi-giro-nagy-rajt\/#breadcrumb"},"inLanguage":"hu","potentialAction":[{"@type":"ReadAction","target":["https:\/\/www.welovecycling.com\/hu\/orszaguti-kerekpar\/ezt-tenyleg-latni-kell-penteken-kezdodik-a-haromnapos-fieszta-a-magyarorszagi-giro-nagy-rajt\/"]}]},{"@type":"ImageObject","inLanguage":"hu","@id":"https:\/\/www.welovecycling.com\/hu\/orszaguti-kerekpar\/ezt-tenyleg-latni-kell-penteken-kezdodik-a-haromnapos-fieszta-a-magyarorszagi-giro-nagy-rajt\/#primaryimage","url":"https:\/\/d2p6e6u75xmxt8.cloudfront.net\/12\/2022\/05\/GettyImages-1238037562-1.jpg","contentUrl":"https:\/\/d2p6e6u75xmxt8.cloudfront.net\/12\/2022\/05\/GettyImages-1238037562-1.jpg","width":1920,"height":1280},{"@type":"BreadcrumbList","@id":"https:\/\/www.welovecycling.com\/hu\/orszaguti-kerekpar\/ezt-tenyleg-latni-kell-penteken-kezdodik-a-haromnapos-fieszta-a-magyarorszagi-giro-nagy-rajt\/#breadcrumb","itemListElement":[{"@type":"ListItem","position":1,"name":"Home","item":"https:\/\/www.welovecycling.com\/hu\/"},{"@type":"ListItem","position":2,"name":"Ezt t\u00e9nyleg l\u00e1tni kell: p\u00e9nteken kezd\u0151dik a h\u00e1romnapos fieszta, a magyarorsz\u00e1gi Giro-Nagy Rajt!"}]},{"@type":"WebSite","@id":"https:\/\/www.welovecycling.com\/hu\/#website","url":"https:\/\/www.welovecycling.com\/hu\/","name":"\u0160koda We Love Cycling - Magyarorsz\u00e1g","description":"\u0160koda WeLoveCycling","potentialAction":[{"@type":"SearchAction","target":{"@type":"EntryPoint","urlTemplate":"https:\/\/www.welovecycling.com\/hu\/?s={search_term_string}"},"query-input":{"@type":"PropertyValueSpecification","valueRequired":true,"valueName":"search_term_string"}}],"inLanguage":"hu"},{"@type":"Person","@id":"https:\/\/www.welovecycling.com\/hu\/#\/schema\/person\/bec7dcdbcc59f58489cf603e4040ced1","name":"kitti","image":{"@type":"ImageObject","inLanguage":"hu","@id":"https:\/\/www.welovecycling.com\/hu\/#\/schema\/person\/image\/","url":"https:\/\/secure.gravatar.com\/avatar\/e3196a110e1b57b96f56d92d10ce9bb4e9d7210076832a16243337e949410b52?s=96&d=mm&r=g","contentUrl":"https:\/\/secure.gravatar.com\/avatar\/e3196a110e1b57b96f56d92d10ce9bb4e9d7210076832a16243337e949410b52?s=96&d=mm&r=g","caption":"kitti"},"url":"https:\/\/www.welovecycling.com\/hu\/author\/kitti\/"}]}},"_links":{"self":[{"href":"https:\/\/www.welovecycling.com\/hu\/wp-json\/wp\/v2\/posts\/14888","targetHints":{"allow":["GET"]}}],"collection":[{"href":"https:\/\/www.welovecycling.com\/hu\/wp-json\/wp\/v2\/posts"}],"about":[{"href":"https:\/\/www.welovecycling.com\/hu\/wp-json\/wp\/v2\/types\/post"}],"author":[{"embeddable":true,"href":"https:\/\/www.welovecycling.com\/hu\/wp-json\/wp\/v2\/users\/145"}],"replies":[{"embeddable":true,"href":"https:\/\/www.welovecycling.com\/hu\/wp-json\/wp\/v2\/comments?post=14888"}],"version-history":[{"count":2,"href":"https:\/\/www.welovecycling.com\/hu\/wp-json\/wp\/v2\/posts\/14888\/revisions"}],"predecessor-version":[{"id":14895,"href":"https:\/\/www.welovecycling.com\/hu\/wp-json\/wp\/v2\/posts\/14888\/revisions\/14895"}],"wp:featuredmedia":[{"embeddable":true,"href":"https:\/\/www.welovecycling.com\/hu\/wp-json\/wp\/v2\/media\/14892"}],"wp:attachment":[{"href":"https:\/\/www.welovecycling.com\/hu\/wp-json\/wp\/v2\/media?parent=14888"}],"wp:term":[{"taxonomy":"category","embeddable":true,"href":"https:\/\/www.welovecycling.com\/hu\/wp-json\/wp\/v2\/categories?post=14888"},{"taxonomy":"post_tag","embeddable":true,"href":"https:\/\/www.welovecycling.com\/hu\/wp-json\/wp\/v2\/tags?post=14888"},{"taxonomy":"global-categories","embeddable":true,"href":"https:\/\/www.welovecycling.com\/hu\/wp-json\/wp\/v2\/global-categories?post=14888"}],"curies":[{"name":"wp","href":"https:\/\/api.w.org\/{rel}","templated":true}]}}